{"id":20301,"date":"2022-09-08T13:43:54","date_gmt":"2022-09-08T12:43:54","guid":{"rendered":"https:\/\/congovirtuel.com\/information\/?p=20301"},"modified":"2022-09-08T13:43:54","modified_gmt":"2022-09-08T12:43:54","slug":"rdc-george-arthur-forrest-eleve-au-rang-de-grand-cordon-dans-lordre-national-des-heros-nationaux-kabila-lumumba","status":"publish","type":"post","link":"https:\/\/congovirtuel.com\/information\/rdc-george-arthur-forrest-eleve-au-rang-de-grand-cordon-dans-lordre-national-des-heros-nationaux-kabila-lumumba\/","title":{"rendered":"RDC : George Arthur Forrest \u00e9lev\u00e9 au rang de \u00ab Grand Cordon \u00bb dans l\u2019ordre national des h\u00e9ros nationaux Kabila-Lumumba","gt_translate_keys":[{"key":"rendered","format":"text"}]},"content":{"rendered":"<div align=\"left\">\n<p dir=\"ltr\"><b>Le chancelier des ordres nationaux, a \u00e9lev\u00e9 mercredi 7 septembre 2022 au Salon Congo Pullman H\u00f4tel Kinshasa, sur ordre du Chef de l&rsquo;Etat F\u00e9lix Tshisekedi, George Arthur Forrest, pr\u00e9sident du Groupe Forrest International, au rang de \u00ab Grand Cordon \u00bb dans l\u2019ordre national des h\u00e9ros nationaux Kabila-Lumumba, et ce, \u00e0 l&rsquo;occasion du centenaire de l&rsquo;Entreprise G\u00e9n\u00e9rale Malta Forrest \u00ab EGMF \u00bb.<\/b><\/p>\n<\/div>\n<p dir=\"ltr\">\nSelon le chancelier des ordres nationaux, George Arthur forrest, a \u00e9t\u00e9 \u00e9lev\u00e9 \u00e0 ce rang pour \u00ab\u00a0ses \u00e9minents et loyaux services\u00a0\u00bb rendus \u00e0 la R\u00e9publique d\u00e9mocratique du Congo, entre autres la cr\u00e9ation de plusieurs emplois pour les Congolais.<\/p>\n<p dir=\"ltr\">Pour George Arthur Forrest, il s&rsquo;agit de labeur et du travail que lui et ses collaborateurs ont travers\u00e9.<\/p>\n<p dir=\"ltr\">\u00ab\u00a0Une r\u00e9compense du centenaire de labeur et du travail que nous avons travers\u00e9. Tous les travailleurs et mes collaborateurs ressentent ce m\u00e9rite. Nous avons aujourd&rsquo;hui plus de 60 milles t\u00eates des b\u00e9tails sur presqu&rsquo;un million d&rsquo;hectares. Nous avons 10 milles hectares de ma\u00efs, une minoterie et 1 500 hectares de soja. Nous avons une usine qui fabrique 36 milles tonnes de biscuits, la plus grande usine du Congo\u00a0\u00bb, a confi\u00e9, George forrest<\/p>\n<p dir=\"ltr\"><b>Groupe Forrest international<\/b><\/p>\n<p dir=\"ltr\">Entreprise g\u00e9n\u00e9rale cr\u00e9\u00e9e en 1922 \u00e0 Kolwezi, dans l&rsquo;actuelle province du Lualaba, compt\u00e9e parmi les grandes industries congolaises dans les secteurs des travaux publics, le g\u00e9nie civil, la construction, le concassage, la pr\u00e9fabrication de produits en b\u00e9ton, avec la cr\u00e9ation d&#8217;emplois locaux de pr\u00e8s de 2. 000 personne dont 98 % de son personnel de nationalit\u00e9 congolaise.<\/p>\n<p dir=\"ltr\"><b>Gis\u00e8le Tshijuka\/<\/b>Digital<\/p>\n","protected":false,"gt_translate_keys":[{"key":"rendered","format":"html"}]},"excerpt":{"rendered":"<p>Le chancelier des ordres nationaux, a \u00e9lev\u00e9 mercredi 7 septembre 2022 au Salon Congo Pullman H\u00f4tel Kinshasa, sur ordre du Chef de l&rsquo;Etat F\u00e9lix Tshisekedi, George Arthur Forrest, pr\u00e9sident du Groupe Forrest International, au rang de \u00ab Grand Cordon \u00bb dans l\u2019ordre national des h\u00e9ros nationaux Kabila-Lumumba, et ce, \u00e0 l&rsquo;occasion du centenaire de l&rsquo;Entreprise G\u00e9n\u00e9rale Malta Forrest \u00ab EGMF \u00bb. Selon le chancelier des ordres nationaux, George Arthur forrest, a \u00e9t\u00e9 \u00e9lev\u00e9 \u00e0 ce rang pour \u00ab\u00a0ses \u00e9minents et loyaux services\u00a0\u00bb rendus \u00e0 la R\u00e9publique d\u00e9mocratique du Congo, entre&hellip;<\/p>\n","protected":false,"gt_translate_keys":[{"key":"rendered","format":"html"}]},"author":1,"featured_media":20300,"comment_status":"open","ping_status":"open","sticky":false,"template":"","format":"standard","meta":{"_crdt_document":"","footnotes":""},"categories":[20],"tags":[],"class_list":["post-20301","post","type-post","status-publish","format-standard","has-post-thumbnail","hentry","category-divers"],"gutentor_comment":1,"yoast_head":"<!-- This site is optimized with the Yoast SEO plugin v27.5 - https:\/\/yoast.com\/product\/yoast-seo-wordpress\/ -->\n<title>RDC : George Arthur Forrest \u00e9lev\u00e9 au rang de \u00ab Grand Cordon \u00bb dans l\u2019ordre national des h\u00e9ros nationaux Kabila-Lumumba - Actualit\u00e9s congolaises et internationales<\/title>\n<meta name=\"robots\" content=\"index, follow, max-snippet:-1, max-image-preview:large, max-video-preview:-1\" \/>\n<link rel=\"canonical\" href=\"https:\/\/congovirtuel.com\/information\/rdc-george-arthur-forrest-eleve-au-rang-de-grand-cordon-dans-lordre-national-des-heros-nationaux-kabila-lumumba\/\" \/>\n<meta property=\"og:locale\" content=\"fr_FR\" \/>\n<meta property=\"og:type\" content=\"article\" \/>\n<meta property=\"og:title\" content=\"RDC : George Arthur Forrest \u00e9lev\u00e9 au rang de \u00ab Grand Cordon \u00bb dans l\u2019ordre national des h\u00e9ros nationaux Kabila-Lumumba - Actualit\u00e9s congolaises et internationales\" \/>\n<meta property=\"og:description\" content=\"Le chancelier des ordres nationaux, a \u00e9lev\u00e9 mercredi 7 septembre 2022 au Salon Congo Pullman H\u00f4tel Kinshasa, sur ordre du Chef de l&rsquo;Etat F\u00e9lix Tshisekedi, George Arthur Forrest, pr\u00e9sident du Groupe Forrest International, au rang de \u00ab Grand Cordon \u00bb dans l\u2019ordre national des h\u00e9ros nationaux Kabila-Lumumba, et ce, \u00e0 l&rsquo;occasion du centenaire de l&rsquo;Entreprise G\u00e9n\u00e9rale Malta Forrest \u00ab EGMF \u00bb. Selon le chancelier des ordres nationaux, George Arthur forrest, a \u00e9t\u00e9 \u00e9lev\u00e9 \u00e0 ce rang pour \u00ab\u00a0ses \u00e9minents et loyaux services\u00a0\u00bb rendus \u00e0 la R\u00e9publique d\u00e9mocratique du Congo, entre&hellip;\" \/>\n<meta property=\"og:url\" content=\"https:\/\/congovirtuel.com\/information\/rdc-george-arthur-forrest-eleve-au-rang-de-grand-cordon-dans-lordre-national-des-heros-nationaux-kabila-lumumba\/\" \/>\n<meta property=\"og:site_name\" content=\"Actualit\u00e9s congolaises et internationales\" \/>\n<meta property=\"article:publisher\" content=\"https:\/\/web.facebook.com\/Congovirtuel-763617960319601\/?ref=aymt_homepage_panel&amp;amp%3bamp%3bamp%3bamp%3bamp%3bamp%3bamp%3bamp%3bamp%3bamp%3bamp%3beid=ARCoxULa66767kIgF_KYav6VdjXTI4yk_LW4yoVO9s6NXpysgb7Cb65vpxcxgqzOAKvIbLQxaAETcqHT\" \/>\n<meta property=\"article:published_time\" content=\"2022-09-08T12:43:54+00:00\" \/>\n<meta property=\"og:image\" content=\"https:\/\/congovirtuel.com\/information\/wp-content\/uploads\/2022\/09\/1662639748.jpg\" \/>\n\t<meta property=\"og:image:width\" content=\"600\" \/>\n\t<meta property=\"og:image:height\" content=\"400\" \/>\n\t<meta property=\"og:image:type\" content=\"image\/jpeg\" \/>\n<meta name=\"author\" content=\"infocongovirtuel\" \/>\n<meta name=\"twitter:card\" content=\"summary_large_image\" \/>\n<meta name=\"twitter:creator\" content=\"@congovirtuel\" \/>\n<meta name=\"twitter:site\" content=\"@congovirtuel\" \/>\n<meta name=\"twitter:label1\" content=\"\u00c9crit par\" \/>\n\t<meta name=\"twitter:data1\" content=\"infocongovirtuel\" \/>\n\t<meta name=\"twitter:label2\" content=\"Dur\u00e9e de lecture estim\u00e9e\" \/>\n\t<meta name=\"twitter:data2\" content=\"2 minutes\" \/>\n<script type=\"application\/ld+json\" class=\"yoast-schema-graph\">{\"@context\":\"https:\\\/\\\/schema.org\",\"@graph\":[{\"@type\":\"Article\",\"@id\":\"https:\\\/\\\/congovirtuel.com\\\/information\\\/rdc-george-arthur-forrest-eleve-au-rang-de-grand-cordon-dans-lordre-national-des-heros-nationaux-kabila-lumumba\\\/#article\",\"isPartOf\":{\"@id\":\"https:\\\/\\\/congovirtuel.com\\\/information\\\/rdc-george-arthur-forrest-eleve-au-rang-de-grand-cordon-dans-lordre-national-des-heros-nationaux-kabila-lumumba\\\/\"},\"author\":{\"name\":\"infocongovirtuel\",\"@id\":\"https:\\\/\\\/congovirtuel.com\\\/information\\\/#\\\/schema\\\/person\\\/739a44bf7990966cb53d58d2fdeca0b6\"},\"headline\":\"RDC : George Arthur Forrest \u00e9lev\u00e9 au rang de \u00ab Grand Cordon \u00bb dans l\u2019ordre national des h\u00e9ros nationaux Kabila-Lumumba\",\"datePublished\":\"2022-09-08T12:43:54+00:00\",\"mainEntityOfPage\":{\"@id\":\"https:\\\/\\\/congovirtuel.com\\\/information\\\/rdc-george-arthur-forrest-eleve-au-rang-de-grand-cordon-dans-lordre-national-des-heros-nationaux-kabila-lumumba\\\/\"},\"wordCount\":285,\"commentCount\":0,\"publisher\":{\"@id\":\"https:\\\/\\\/congovirtuel.com\\\/information\\\/#organization\"},\"image\":{\"@id\":\"https:\\\/\\\/congovirtuel.com\\\/information\\\/rdc-george-arthur-forrest-eleve-au-rang-de-grand-cordon-dans-lordre-national-des-heros-nationaux-kabila-lumumba\\\/#primaryimage\"},\"thumbnailUrl\":\"https:\\\/\\\/congovirtuel.com\\\/information\\\/wp-content\\\/uploads\\\/2022\\\/09\\\/1662639748.jpg\",\"articleSection\":[\"Divers\"],\"inLanguage\":\"fr-FR\",\"potentialAction\":[{\"@type\":\"CommentAction\",\"name\":\"Comment\",\"target\":[\"https:\\\/\\\/congovirtuel.com\\\/information\\\/rdc-george-arthur-forrest-eleve-au-rang-de-grand-cordon-dans-lordre-national-des-heros-nationaux-kabila-lumumba\\\/#respond\"]}]},{\"@type\":\"WebPage\",\"@id\":\"https:\\\/\\\/congovirtuel.com\\\/information\\\/rdc-george-arthur-forrest-eleve-au-rang-de-grand-cordon-dans-lordre-national-des-heros-nationaux-kabila-lumumba\\\/\",\"url\":\"https:\\\/\\\/congovirtuel.com\\\/information\\\/rdc-george-arthur-forrest-eleve-au-rang-de-grand-cordon-dans-lordre-national-des-heros-nationaux-kabila-lumumba\\\/\",\"name\":\"RDC : George Arthur Forrest \u00e9lev\u00e9 au rang de \u00ab Grand Cordon \u00bb dans l\u2019ordre national des h\u00e9ros nationaux Kabila-Lumumba - Actualit\u00e9s congolaises et internationales\",\"isPartOf\":{\"@id\":\"https:\\\/\\\/congovirtuel.com\\\/information\\\/#website\"},\"primaryImageOfPage\":{\"@id\":\"https:\\\/\\\/congovirtuel.com\\\/information\\\/rdc-george-arthur-forrest-eleve-au-rang-de-grand-cordon-dans-lordre-national-des-heros-nationaux-kabila-lumumba\\\/#primaryimage\"},\"image\":{\"@id\":\"https:\\\/\\\/congovirtuel.com\\\/information\\\/rdc-george-arthur-forrest-eleve-au-rang-de-grand-cordon-dans-lordre-national-des-heros-nationaux-kabila-lumumba\\\/#primaryimage\"},\"thumbnailUrl\":\"https:\\\/\\\/congovirtuel.com\\\/information\\\/wp-content\\\/uploads\\\/2022\\\/09\\\/1662639748.jpg\",\"datePublished\":\"2022-09-08T12:43:54+00:00\",\"breadcrumb\":{\"@id\":\"https:\\\/\\\/congovirtuel.com\\\/information\\\/rdc-george-arthur-forrest-eleve-au-rang-de-grand-cordon-dans-lordre-national-des-heros-nationaux-kabila-lumumba\\\/#breadcrumb\"},\"inLanguage\":\"fr-FR\",\"potentialAction\":[{\"@type\":\"ReadAction\",\"target\":[\"https:\\\/\\\/congovirtuel.com\\\/information\\\/rdc-george-arthur-forrest-eleve-au-rang-de-grand-cordon-dans-lordre-national-des-heros-nationaux-kabila-lumumba\\\/\"]}]},{\"@type\":\"ImageObject\",\"inLanguage\":\"fr-FR\",\"@id\":\"https:\\\/\\\/congovirtuel.com\\\/information\\\/rdc-george-arthur-forrest-eleve-au-rang-de-grand-cordon-dans-lordre-national-des-heros-nationaux-kabila-lumumba\\\/#primaryimage\",\"url\":\"https:\\\/\\\/congovirtuel.com\\\/information\\\/wp-content\\\/uploads\\\/2022\\\/09\\\/1662639748.jpg\",\"contentUrl\":\"https:\\\/\\\/congovirtuel.com\\\/information\\\/wp-content\\\/uploads\\\/2022\\\/09\\\/1662639748.jpg\",\"width\":600,\"height\":400},{\"@type\":\"BreadcrumbList\",\"@id\":\"https:\\\/\\\/congovirtuel.com\\\/information\\\/rdc-george-arthur-forrest-eleve-au-rang-de-grand-cordon-dans-lordre-national-des-heros-nationaux-kabila-lumumba\\\/#breadcrumb\",\"itemListElement\":[{\"@type\":\"ListItem\",\"position\":1,\"name\":\"Accueil\",\"item\":\"https:\\\/\\\/congovirtuel.com\\\/information\\\/\"},{\"@type\":\"ListItem\",\"position\":2,\"name\":\"RDC : George Arthur Forrest \u00e9lev\u00e9 au rang de \u00ab Grand Cordon \u00bb dans l\u2019ordre national des h\u00e9ros nationaux Kabila-Lumumba\"}]},{\"@type\":\"WebSite\",\"@id\":\"https:\\\/\\\/congovirtuel.com\\\/information\\\/#website\",\"url\":\"https:\\\/\\\/congovirtuel.com\\\/information\\\/\",\"name\":\"Actualit\u00e9s congolaises et internationales\",\"description\":\"site d&#039;analyse et de traitement d&#039;information\",\"publisher\":{\"@id\":\"https:\\\/\\\/congovirtuel.com\\\/information\\\/#organization\"},\"potentialAction\":[{\"@type\":\"SearchAction\",\"target\":{\"@type\":\"EntryPoint\",\"urlTemplate\":\"https:\\\/\\\/congovirtuel.com\\\/information\\\/?s={search_term_string}\"},\"query-input\":{\"@type\":\"PropertyValueSpecification\",\"valueRequired\":true,\"valueName\":\"search_term_string\"}}],\"inLanguage\":\"fr-FR\"},{\"@type\":\"Organization\",\"@id\":\"https:\\\/\\\/congovirtuel.com\\\/information\\\/#organization\",\"name\":\"Biblioth\u00e8que Virtuelle de la RDC\",\"url\":\"https:\\\/\\\/congovirtuel.com\\\/information\\\/\",\"logo\":{\"@type\":\"ImageObject\",\"inLanguage\":\"fr-FR\",\"@id\":\"https:\\\/\\\/congovirtuel.com\\\/information\\\/#\\\/schema\\\/logo\\\/image\\\/\",\"url\":\"https:\\\/\\\/congovirtuel.com\\\/information\\\/wp-content\\\/uploads\\\/2018\\\/10\\\/header-info-congovirtuel-vraie.jpg\",\"contentUrl\":\"https:\\\/\\\/congovirtuel.com\\\/information\\\/wp-content\\\/uploads\\\/2018\\\/10\\\/header-info-congovirtuel-vraie.jpg\",\"width\":728,\"height\":90,\"caption\":\"Biblioth\u00e8que Virtuelle de la RDC\"},\"image\":{\"@id\":\"https:\\\/\\\/congovirtuel.com\\\/information\\\/#\\\/schema\\\/logo\\\/image\\\/\"},\"sameAs\":[\"https:\\\/\\\/web.facebook.com\\\/Congovirtuel-763617960319601\\\/?ref=aymt_homepage_panel&amp;amp;amp;amp;amp;amp;amp;amp;amp;amp;amp;eid=ARCoxULa66767kIgF_KYav6VdjXTI4yk_LW4yoVO9s6NXpysgb7Cb65vpxcxgqzOAKvIbLQxaAETcqHT\",\"https:\\\/\\\/x.com\\\/congovirtuel\",\"https:\\\/\\\/www.youtube.com\\\/channel\\\/UCkFfprYzGgS3EWNpeMXpToQ?view_as=subscriber\"]},{\"@type\":\"Person\",\"@id\":\"https:\\\/\\\/congovirtuel.com\\\/information\\\/#\\\/schema\\\/person\\\/739a44bf7990966cb53d58d2fdeca0b6\",\"name\":\"infocongovirtuel\",\"image\":{\"@type\":\"ImageObject\",\"inLanguage\":\"fr-FR\",\"@id\":\"https:\\\/\\\/secure.gravatar.com\\\/avatar\\\/4d76991aa72469f0eb22e772586c99113c6997f88da636a9db8f2ce3a2c05e69?s=96&d=mm&r=g\",\"url\":\"https:\\\/\\\/secure.gravatar.com\\\/avatar\\\/4d76991aa72469f0eb22e772586c99113c6997f88da636a9db8f2ce3a2c05e69?s=96&d=mm&r=g\",\"contentUrl\":\"https:\\\/\\\/secure.gravatar.com\\\/avatar\\\/4d76991aa72469f0eb22e772586c99113c6997f88da636a9db8f2ce3a2c05e69?s=96&d=mm&r=g\",\"caption\":\"infocongovirtuel\"},\"url\":\"https:\\\/\\\/congovirtuel.com\\\/information\\\/author\\\/infocongovirtuel\\\/\"}]}<\/script>\n<!-- \/ Yoast SEO plugin. -->","yoast_head_json":{"title":"RDC : George Arthur Forrest \u00e9lev\u00e9 au rang de \u00ab Grand Cordon \u00bb dans l\u2019ordre national des h\u00e9ros nationaux Kabila-Lumumba - Actualit\u00e9s congolaises et internationales","robots":{"index":"index","follow":"follow","max-snippet":"max-snippet:-1","max-image-preview":"max-image-preview:large","max-video-preview":"max-video-preview:-1"},"canonical":"https:\/\/congovirtuel.com\/information\/rdc-george-arthur-forrest-eleve-au-rang-de-grand-cordon-dans-lordre-national-des-heros-nationaux-kabila-lumumba\/","og_locale":"fr_FR","og_type":"article","og_title":"RDC : George Arthur Forrest \u00e9lev\u00e9 au rang de \u00ab Grand Cordon \u00bb dans l\u2019ordre national des h\u00e9ros nationaux Kabila-Lumumba - Actualit\u00e9s congolaises et internationales","og_description":"Le chancelier des ordres nationaux, a \u00e9lev\u00e9 mercredi 7 septembre 2022 au Salon Congo Pullman H\u00f4tel Kinshasa, sur ordre du Chef de l&rsquo;Etat F\u00e9lix Tshisekedi, George Arthur Forrest, pr\u00e9sident du Groupe Forrest International, au rang de \u00ab Grand Cordon \u00bb dans l\u2019ordre national des h\u00e9ros nationaux Kabila-Lumumba, et ce, \u00e0 l&rsquo;occasion du centenaire de l&rsquo;Entreprise G\u00e9n\u00e9rale Malta Forrest \u00ab EGMF \u00bb. Selon le chancelier des ordres nationaux, George Arthur forrest, a \u00e9t\u00e9 \u00e9lev\u00e9 \u00e0 ce rang pour \u00ab\u00a0ses \u00e9minents et loyaux services\u00a0\u00bb rendus \u00e0 la R\u00e9publique d\u00e9mocratique du Congo, entre&hellip;","og_url":"https:\/\/congovirtuel.com\/information\/rdc-george-arthur-forrest-eleve-au-rang-de-grand-cordon-dans-lordre-national-des-heros-nationaux-kabila-lumumba\/","og_site_name":"Actualit\u00e9s congolaises et internationales","article_publisher":"https:\/\/web.facebook.com\/Congovirtuel-763617960319601\/?ref=aymt_homepage_panel&amp%3bamp%3bamp%3bamp%3bamp%3bamp%3bamp%3bamp%3bamp%3bamp%3bamp%3beid=ARCoxULa66767kIgF_KYav6VdjXTI4yk_LW4yoVO9s6NXpysgb7Cb65vpxcxgqzOAKvIbLQxaAETcqHT","article_published_time":"2022-09-08T12:43:54+00:00","og_image":[{"width":600,"height":400,"url":"https:\/\/congovirtuel.com\/information\/wp-content\/uploads\/2022\/09\/1662639748.jpg","type":"image\/jpeg"}],"author":"infocongovirtuel","twitter_card":"summary_large_image","twitter_creator":"@congovirtuel","twitter_site":"@congovirtuel","twitter_misc":{"\u00c9crit par":"infocongovirtuel","Dur\u00e9e de lecture estim\u00e9e":"2 minutes"},"schema":{"@context":"https:\/\/schema.org","@graph":[{"@type":"Article","@id":"https:\/\/congovirtuel.com\/information\/rdc-george-arthur-forrest-eleve-au-rang-de-grand-cordon-dans-lordre-national-des-heros-nationaux-kabila-lumumba\/#article","isPartOf":{"@id":"https:\/\/congovirtuel.com\/information\/rdc-george-arthur-forrest-eleve-au-rang-de-grand-cordon-dans-lordre-national-des-heros-nationaux-kabila-lumumba\/"},"author":{"name":"infocongovirtuel","@id":"https:\/\/congovirtuel.com\/information\/#\/schema\/person\/739a44bf7990966cb53d58d2fdeca0b6"},"headline":"RDC : George Arthur Forrest \u00e9lev\u00e9 au rang de \u00ab Grand Cordon \u00bb dans l\u2019ordre national des h\u00e9ros nationaux Kabila-Lumumba","datePublished":"2022-09-08T12:43:54+00:00","mainEntityOfPage":{"@id":"https:\/\/congovirtuel.com\/information\/rdc-george-arthur-forrest-eleve-au-rang-de-grand-cordon-dans-lordre-national-des-heros-nationaux-kabila-lumumba\/"},"wordCount":285,"commentCount":0,"publisher":{"@id":"https:\/\/congovirtuel.com\/information\/#organization"},"image":{"@id":"https:\/\/congovirtuel.com\/information\/rdc-george-arthur-forrest-eleve-au-rang-de-grand-cordon-dans-lordre-national-des-heros-nationaux-kabila-lumumba\/#primaryimage"},"thumbnailUrl":"https:\/\/congovirtuel.com\/information\/wp-content\/uploads\/2022\/09\/1662639748.jpg","articleSection":["Divers"],"inLanguage":"fr-FR","potentialAction":[{"@type":"CommentAction","name":"Comment","target":["https:\/\/congovirtuel.com\/information\/rdc-george-arthur-forrest-eleve-au-rang-de-grand-cordon-dans-lordre-national-des-heros-nationaux-kabila-lumumba\/#respond"]}]},{"@type":"WebPage","@id":"https:\/\/congovirtuel.com\/information\/rdc-george-arthur-forrest-eleve-au-rang-de-grand-cordon-dans-lordre-national-des-heros-nationaux-kabila-lumumba\/","url":"https:\/\/congovirtuel.com\/information\/rdc-george-arthur-forrest-eleve-au-rang-de-grand-cordon-dans-lordre-national-des-heros-nationaux-kabila-lumumba\/","name":"RDC : George Arthur Forrest \u00e9lev\u00e9 au rang de \u00ab Grand Cordon \u00bb dans l\u2019ordre national des h\u00e9ros nationaux Kabila-Lumumba - Actualit\u00e9s congolaises et internationales","isPartOf":{"@id":"https:\/\/congovirtuel.com\/information\/#website"},"primaryImageOfPage":{"@id":"https:\/\/congovirtuel.com\/information\/rdc-george-arthur-forrest-eleve-au-rang-de-grand-cordon-dans-lordre-national-des-heros-nationaux-kabila-lumumba\/#primaryimage"},"image":{"@id":"https:\/\/congovirtuel.com\/information\/rdc-george-arthur-forrest-eleve-au-rang-de-grand-cordon-dans-lordre-national-des-heros-nationaux-kabila-lumumba\/#primaryimage"},"thumbnailUrl":"https:\/\/congovirtuel.com\/information\/wp-content\/uploads\/2022\/09\/1662639748.jpg","datePublished":"2022-09-08T12:43:54+00:00","breadcrumb":{"@id":"https:\/\/congovirtuel.com\/information\/rdc-george-arthur-forrest-eleve-au-rang-de-grand-cordon-dans-lordre-national-des-heros-nationaux-kabila-lumumba\/#breadcrumb"},"inLanguage":"fr-FR","potentialAction":[{"@type":"ReadAction","target":["https:\/\/congovirtuel.com\/information\/rdc-george-arthur-forrest-eleve-au-rang-de-grand-cordon-dans-lordre-national-des-heros-nationaux-kabila-lumumba\/"]}]},{"@type":"ImageObject","inLanguage":"fr-FR","@id":"https:\/\/congovirtuel.com\/information\/rdc-george-arthur-forrest-eleve-au-rang-de-grand-cordon-dans-lordre-national-des-heros-nationaux-kabila-lumumba\/#primaryimage","url":"https:\/\/congovirtuel.com\/information\/wp-content\/uploads\/2022\/09\/1662639748.jpg","contentUrl":"https:\/\/congovirtuel.com\/information\/wp-content\/uploads\/2022\/09\/1662639748.jpg","width":600,"height":400},{"@type":"BreadcrumbList","@id":"https:\/\/congovirtuel.com\/information\/rdc-george-arthur-forrest-eleve-au-rang-de-grand-cordon-dans-lordre-national-des-heros-nationaux-kabila-lumumba\/#breadcrumb","itemListElement":[{"@type":"ListItem","position":1,"name":"Accueil","item":"https:\/\/congovirtuel.com\/information\/"},{"@type":"ListItem","position":2,"name":"RDC : George Arthur Forrest \u00e9lev\u00e9 au rang de \u00ab Grand Cordon \u00bb dans l\u2019ordre national des h\u00e9ros nationaux Kabila-Lumumba"}]},{"@type":"WebSite","@id":"https:\/\/congovirtuel.com\/information\/#website","url":"https:\/\/congovirtuel.com\/information\/","name":"Actualit\u00e9s congolaises et internationales","description":"site d&#039;analyse et de traitement d&#039;information","publisher":{"@id":"https:\/\/congovirtuel.com\/information\/#organization"},"potentialAction":[{"@type":"SearchAction","target":{"@type":"EntryPoint","urlTemplate":"https:\/\/congovirtuel.com\/information\/?s={search_term_string}"},"query-input":{"@type":"PropertyValueSpecification","valueRequired":true,"valueName":"search_term_string"}}],"inLanguage":"fr-FR"},{"@type":"Organization","@id":"https:\/\/congovirtuel.com\/information\/#organization","name":"Biblioth\u00e8que Virtuelle de la RDC","url":"https:\/\/congovirtuel.com\/information\/","logo":{"@type":"ImageObject","inLanguage":"fr-FR","@id":"https:\/\/congovirtuel.com\/information\/#\/schema\/logo\/image\/","url":"https:\/\/congovirtuel.com\/information\/wp-content\/uploads\/2018\/10\/header-info-congovirtuel-vraie.jpg","contentUrl":"https:\/\/congovirtuel.com\/information\/wp-content\/uploads\/2018\/10\/header-info-congovirtuel-vraie.jpg","width":728,"height":90,"caption":"Biblioth\u00e8que Virtuelle de la RDC"},"image":{"@id":"https:\/\/congovirtuel.com\/information\/#\/schema\/logo\/image\/"},"sameAs":["https:\/\/web.facebook.com\/Congovirtuel-763617960319601\/?ref=aymt_homepage_panel&amp;amp;amp;amp;amp;amp;amp;amp;amp;amp;amp;eid=ARCoxULa66767kIgF_KYav6VdjXTI4yk_LW4yoVO9s6NXpysgb7Cb65vpxcxgqzOAKvIbLQxaAETcqHT","https:\/\/x.com\/congovirtuel","https:\/\/www.youtube.com\/channel\/UCkFfprYzGgS3EWNpeMXpToQ?view_as=subscriber"]},{"@type":"Person","@id":"https:\/\/congovirtuel.com\/information\/#\/schema\/person\/739a44bf7990966cb53d58d2fdeca0b6","name":"infocongovirtuel","image":{"@type":"ImageObject","inLanguage":"fr-FR","@id":"https:\/\/secure.gravatar.com\/avatar\/4d76991aa72469f0eb22e772586c99113c6997f88da636a9db8f2ce3a2c05e69?s=96&d=mm&r=g","url":"https:\/\/secure.gravatar.com\/avatar\/4d76991aa72469f0eb22e772586c99113c6997f88da636a9db8f2ce3a2c05e69?s=96&d=mm&r=g","contentUrl":"https:\/\/secure.gravatar.com\/avatar\/4d76991aa72469f0eb22e772586c99113c6997f88da636a9db8f2ce3a2c05e69?s=96&d=mm&r=g","caption":"infocongovirtuel"},"url":"https:\/\/congovirtuel.com\/information\/author\/infocongovirtuel\/"}]}},"gt_translate_keys":[{"key":"link","format":"url"}],"_links":{"self":[{"href":"https:\/\/congovirtuel.com\/information\/wp-json\/wp\/v2\/posts\/20301","targetHints":{"allow":["GET"]}}],"collection":[{"href":"https:\/\/congovirtuel.com\/information\/wp-json\/wp\/v2\/posts"}],"about":[{"href":"https:\/\/congovirtuel.com\/information\/wp-json\/wp\/v2\/types\/post"}],"author":[{"embeddable":true,"href":"https:\/\/congovirtuel.com\/information\/wp-json\/wp\/v2\/users\/1"}],"replies":[{"embeddable":true,"href":"https:\/\/congovirtuel.com\/information\/wp-json\/wp\/v2\/comments?post=20301"}],"version-history":[{"count":1,"href":"https:\/\/congovirtuel.com\/information\/wp-json\/wp\/v2\/posts\/20301\/revisions"}],"predecessor-version":[{"id":20302,"href":"https:\/\/congovirtuel.com\/information\/wp-json\/wp\/v2\/posts\/20301\/revisions\/20302"}],"wp:featuredmedia":[{"embeddable":true,"href":"https:\/\/congovirtuel.com\/information\/wp-json\/wp\/v2\/media\/20300"}],"wp:attachment":[{"href":"https:\/\/congovirtuel.com\/information\/wp-json\/wp\/v2\/media?parent=20301"}],"wp:term":[{"taxonomy":"category","embeddable":true,"href":"https:\/\/congovirtuel.com\/information\/wp-json\/wp\/v2\/categories?post=20301"},{"taxonomy":"post_tag","embeddable":true,"href":"https:\/\/congovirtuel.com\/information\/wp-json\/wp\/v2\/tags?post=20301"}],"curies":[{"name":"wp","href":"https:\/\/api.w.org\/{rel}","templated":true}]}}