{"id":20498,"date":"2022-09-29T16:58:36","date_gmt":"2022-09-29T15:58:36","guid":{"rendered":"https:\/\/congovirtuel.com\/information\/?p=20498"},"modified":"2022-09-29T16:58:36","modified_gmt":"2022-09-29T15:58:36","slug":"diplomatie-ou-est-passe-lambassadeur-de-la-rdc-a-bangui","status":"publish","type":"post","link":"https:\/\/congovirtuel.com\/information\/diplomatie-ou-est-passe-lambassadeur-de-la-rdc-a-bangui\/","title":{"rendered":"Diplomatie: O\u00f9 est pass\u00e9 l\u2019ambassadeur de la RDC \u00e0 Bangui?","gt_translate_keys":[{"key":"rendered","format":"text"}]},"content":{"rendered":"<p><strong>Esdras Kambale Bahekwa, ambassadeur du Congo-Kinshasa en Centrafrique serait introuvable dans la capitale centrafricaine. Selon une source locale, \u00ab\u00a0il aurait travers\u00e9 le fleuve Ubangi pour se mettre \u00e0 l\u2019abri sur le territoire congolais\u00a0\u00bb. Exp\u00e9diteur d\u2019une \u00ab\u00a0d\u00e9p\u00eache diplomatique\u00a0\u00bb destin\u00e9e au chef de l\u2019Etat congolais, le diplomate a \u00e9t\u00e9 sid\u00e9r\u00e9 de retrouver ce document \u2013 transmise par le canal d\u2019un conseiller \u00e0 la Pr\u00e9sidence \u2013 sur les r\u00e9seaux sociaux<\/strong>.<\/p>\n<p>Cette histoire pourrait se d\u00e9cliner comme une pi\u00e8ce de th\u00e9\u00e2tre. En trois actes.<\/p>\n<p><strong>Premier acte<\/strong>: Faustin Archange Touad\u00e9ra qui dirige l\u2019Etat centrafricain depuis le mois de mars 2016 est en qu\u00eate d\u2019un troisi\u00e8me mandat. Au grand dam de ses opposants politiques et arm\u00e9s. Le comit\u00e9 de r\u00e9daction d\u2019une nouvelle constitution mise en place a \u00e9t\u00e9 invalid\u00e9 par la Cour constitutionnelle en l\u2019absence du S\u00e9nat. Le recours a \u00e9t\u00e9 introduit par le Bloc r\u00e9publicain pour la d\u00e9fense de la Constitution (BRDC). Les groupes arm\u00e9s regroup\u00e9s au sein du CPC (Coalition des patriotes pour le changement), dirig\u00e9s par le nomm\u00e9 Ali Darassa, menacent de rentrer dans la capitale au cas o\u00f9 Touadera et ses \u00ab\u00a0ultras\u00a0\u00bb seraient tent\u00e9s de recourir \u00e0 un \u00ab\u00a0passage en force\u00a0\u00bb.<\/p>\n<p>D\u00e9cid\u00e9 \u00e0 r\u00e9aliser son \u00ab\u00a0r\u00eave\u00a0\u00bb, le pr\u00e9sident Toud\u00e9ra a trouv\u00e9 un alli\u00e9 de choc en la personne de son homologue rwandais Paul Kagame.\u00a0<em>\u00ab\u00a0Ceux qui se ressemblent, s\u2019assemblent\u00a0\u00bb<\/em>, dit-on. Les deux pays ont sign\u00e9 un accord de d\u00e9fense aux termes duquel des militaires rwandais sont affect\u00e9s non seulement \u00e0 Bangui mais aussi dans plusieurs villes frontali\u00e8res du Congo-Kinshasa. C\u2019est le cas notamment de: Mba\u00efki (Libenge\/Sud Ubangui), Damara (Zongo\/Sud Ubangui) et Bangassou (Bas U\u00e9l\u00e9).<\/p>\n<p><strong>Deuxi\u00e8me acte<\/strong>: Dans un article paru le 6 septembre, le m\u00e9dia en ligne \u00ab\u00a0Corbeaunews-centrafrique.org\u00a0\u00bb, \u00e9tiquet\u00e9 opposition, annonce l\u2019arriv\u00e9e \u00e0 Bangui de 150 combattants du M23, camoufl\u00e9s en troupes r\u00e9guli\u00e8res du Rwanda (RDF).\u00a0<em>\u00ab\u00a0Pour le pr\u00e9sident Touadera<\/em>, note cette publication,\u00a0<em>les mercenaires de Wagner et les militaires rwandais ne suffisent plus pour prot\u00e9ger son r\u00e9gime dictatorial. Il fait appel aux rebelles du M23, et ces derniers viennent d\u2019arriver en R\u00e9publique centrafricaine\u00a0\u00bb<\/em>.<\/p>\n<p>Dans son \u00e9dition dat\u00e9e du 22 septembre, le m\u00eame m\u00e9dia d\u2019enfoncer le clou en confirmant la pr\u00e9sence des \u00ab\u00a0rebelles\u00a0\u00bb du M23 au pays de Barth\u00e9l\u00e9my Bonganda.<\/p>\n<p><strong>Troisi\u00e8me acte<\/strong>: Co\u00efncidence ou pas, le 23 septembre, l\u2019ambassadeur congolais \u00e0 Bangui prend sa plus belle plume. Il \u00e9crit une note confidentielle qu\u2019il destine au Pr\u00e9sident de la R\u00e9publique par le canal d\u2019un des conseillers \u00e0 la Pr\u00e9sidence. Issu des \u00ab\u00a0services\u00a0\u00bb, Esdras Kambale Bahekwa a fait ce que tout Etat digne de ce nom attend de ses diplomates. A savoir notamment: observer et informer le pays d\u2019envoi.<\/p>\n<figure id=\"attachment_16707\" class=\"wp-caption alignleft\" aria-describedby=\"caption-attachment-16707\"><img loading=\"lazy\" decoding=\"async\" class=\"wp-image-16707 size-medium\" src=\"https:\/\/usercontent.one\/wp\/www.congoindependant.com\/wp-content\/uploads\/2022\/09\/lutundula_apala2-300x200.jpg?media=1664448804\" sizes=\"auto, (max-width: 300px) 100vw, 300px\" srcset=\"https:\/\/usercontent.one\/wp\/www.congoindependant.com\/wp-content\/uploads\/2022\/09\/lutundula_apala2-300x200.jpg?media=1664448804 300w, https:\/\/usercontent.one\/wp\/www.congoindependant.com\/wp-content\/uploads\/2022\/09\/lutundula_apala2-1024x683.jpg?media=1664448804 1024w, https:\/\/usercontent.one\/wp\/www.congoindependant.com\/wp-content\/uploads\/2022\/09\/lutundula_apala2-768x512.jpg?media=1664448804 768w, https:\/\/usercontent.one\/wp\/www.congoindependant.com\/wp-content\/uploads\/2022\/09\/lutundula_apala2-1536x1024.jpg?media=1664448804 1536w, https:\/\/usercontent.one\/wp\/www.congoindependant.com\/wp-content\/uploads\/2022\/09\/lutundula_apala2-2048x1366.jpg?media=1664448804 2048w\" alt=\"\" width=\"300\" height=\"200\" \/><figcaption id=\"caption-attachment-16707\" class=\"wp-caption-text\">Christophe Lutundula Apala, VP\/ministre congolais des Affaires \u00e9trang\u00e8res<\/figcaption><\/figure>\n<p>Dans sa d\u00e9p\u00eache diplomatique n\u00b049\/PR du 23 septembre 2022, le diplomate tire la sonnette d\u2019alarme au vu du d\u00e9ploiement des militaires rwandais \u00e0 Bangui et dans les villes frontali\u00e8res cit\u00e9es pr\u00e9c\u00e9demment. Selon l\u2019ambassadeur Kambale, l\u2019objectif avou\u00e9 serait de\u00a0<em>\u00ab\u00a0contrer les groupes arm\u00e9s qui forment la CPC\u00a0\u00bb<\/em>. Il note, par ailleurs, que\u00a0<em>\u00ab\u00a0lors de la rel\u00e8ve, des militaires rwandais rentr\u00e9s au pays reviennent en RCA en qualit\u00e9 d\u2019investisseurs dans l\u2019agriculture, le commerce g\u00e9n\u00e9ral et autres acteurs productifs\u00a0\u00bb<\/em>. Pour lui,\u00a0<em>\u00ab\u00a0en r\u00e9alit\u00e9, ils sont des r\u00e9servistes\u00a0\u00bb<\/em>.<\/p>\n<p>On imagine l\u2019embarras \u2013 le mot est faible \u2013 de l\u2019ambassadeur Kambale de d\u00e9couvrir sur la place publique la d\u00e9p\u00eache diplomatique destin\u00e9e au premier magistrat du pays. Croyant d\u00e9tenir un \u00ab\u00a0scoop\u00a0\u00bb, des m\u00e9dias congolais diffus\u00e9s sur YouTube n\u2019ont pas h\u00e9sit\u00e9 de publier ladite note en fac-simil\u00e9. D\u2019autres crient aux loups en parlant de \u00ab\u00a0l\u2019encerclement\u00a0\u00bb du Congo-Kinshasa par des \u00e9l\u00e9ments du RDF \u00ab\u00a0grillant\u00a0\u00bb ainsi ce diplomate qui roule sa bosse dans ce m\u00e9tier depuis une vingtaine d\u2019ann\u00e9es.<\/p>\n<p>Natif du Nord-Kivu, l\u2019ambassadeur \u00ab\u00a0Esdras\u00a0\u00bb fait partie des fondateurs du Rassemblement congolais pour la d\u00e9mocratie (RCD), cette \u00ab\u00a0r\u00e9bellion congolaise\u00a0\u00bb qui a vu le jour\u2026 \u00e0 Kigali en ao\u00fbt 1998. C\u2019\u00e9tait au lendemain de la rupture de la \u00ab\u00a0coop\u00e9ration militaire\u00a0\u00bb entre Mzee Kabila et ses ex-parrains ougandais et rwandais. En 1999, Kambale Bahekwa rejoint le RCD-Kisangani dirig\u00e9 par Wamba dia Wamba.<\/p>\n<p>Qui a \u00ab\u00a0fuit\u00e9\u00a0\u00bb la note confidentielle de l\u2019ambassadeur de la RDC en Centrafrique? Pourquoi? La fuite a-t-elle eu lieu \u00e0 la chancellerie \u00e0 Bangui o\u00f9 au Palais de la Nation? Qui est le conseiller qui \u00e9tait charg\u00e9 de transmettre cette d\u00e9p\u00eache au Pr\u00e9sident de la R\u00e9publique? Myst\u00e8re!<\/p>\n<p>Sans vouloir stigmatiser le repr\u00e9sentant de la RDC \u00e0 Bangui, force est constater que le Rwanda de Paul Kagame \u2013 et pourquoi pas l\u2019Ouganda de Yoweri Museveni? \u2013 a laiss\u00e9 de nombreux \u00ab\u00a0agents dormants\u00a0\u00bb dans certains grands corps de l\u2019Etat congolais. Les ann\u00e9es AFDL, l\u2019occupation de la partie orientale du pays et les dix-ann\u00e9es de r\u00e9gime de \u00ab\u00a0Joseph Kabila\u00a0\u00bb ont permis l\u2019implantation d\u2019une \u00ab\u00a0cinqui\u00e8me colonne\u00a0\u00bb \u00e0 d\u00e9manteler.<\/p>\n<p>Au moment de boucler ce \u00ab\u00a0papier\u00a0\u00bb, il se confirme que l\u2019ambassadeur congolais est toujours invisible \u00e0 Bangui. Serait-il au Sud Ubangi?\u00a0<em>\u00ab\u00a0L\u2019ambassadeur Kambale est le seul chef de mission diplomatique \u00e0 Bangui qui n\u2019a pas de moyen de locomotion\u00a0\u00bb<\/em>, confie une source locale bien inform\u00e9e. Une mani\u00e8re de dire que les diplomates congolais attendent toujours l\u2019embellie promise lors de la conf\u00e9rence diplomatique tenue en f\u00e9vrier 2022 \u00e0 Kinshasa.<\/p>\n<p>\u2013<br \/>\n<strong>BAW\/Congoindependant<\/strong><\/p>\n","protected":false,"gt_translate_keys":[{"key":"rendered","format":"html"}]},"excerpt":{"rendered":"<p>Esdras Kambale Bahekwa, ambassadeur du Congo-Kinshasa en Centrafrique serait introuvable dans la capitale centrafricaine. Selon une source locale, \u00ab\u00a0il aurait travers\u00e9 le fleuve Ubangi pour se mettre \u00e0 l\u2019abri sur le territoire congolais\u00a0\u00bb. Exp\u00e9diteur d\u2019une \u00ab\u00a0d\u00e9p\u00eache diplomatique\u00a0\u00bb destin\u00e9e au chef de l\u2019Etat congolais, le diplomate a \u00e9t\u00e9 sid\u00e9r\u00e9 de retrouver ce document \u2013 transmise par le canal d\u2019un conseiller \u00e0 la Pr\u00e9sidence \u2013 sur les r\u00e9seaux sociaux. Cette histoire pourrait se d\u00e9cliner comme une pi\u00e8ce de th\u00e9\u00e2tre. En trois actes. Premier acte: Faustin Archange Touad\u00e9ra qui dirige l\u2019Etat centrafricain depuis&hellip;<\/p>\n","protected":false,"gt_translate_keys":[{"key":"rendered","format":"html"}]},"author":1,"featured_media":20497,"comment_status":"open","ping_status":"open","sticky":false,"template":"","format":"standard","meta":{"_crdt_document":"","footnotes":""},"categories":[3155],"tags":[37320],"class_list":["post-20498","post","type-post","status-publish","format-standard","has-post-thumbnail","hentry","category-rca","tag-esdras-kambale"],"gutentor_comment":0,"yoast_head":"<!-- This site is optimized with the Yoast SEO plugin v27.5 - https:\/\/yoast.com\/product\/yoast-seo-wordpress\/ -->\n<title>Diplomatie: O\u00f9 est pass\u00e9 l\u2019ambassadeur de la RDC \u00e0 Bangui? - Actualit\u00e9s congolaises et internationales<\/title>\n<meta name=\"robots\" content=\"index, follow, max-snippet:-1, max-image-preview:large, max-video-preview:-1\" \/>\n<link rel=\"canonical\" href=\"https:\/\/congovirtuel.com\/information\/diplomatie-ou-est-passe-lambassadeur-de-la-rdc-a-bangui\/\" \/>\n<meta property=\"og:locale\" content=\"fr_FR\" \/>\n<meta property=\"og:type\" content=\"article\" \/>\n<meta property=\"og:title\" content=\"Diplomatie: O\u00f9 est pass\u00e9 l\u2019ambassadeur de la RDC \u00e0 Bangui? - Actualit\u00e9s congolaises et internationales\" \/>\n<meta property=\"og:description\" content=\"Esdras Kambale Bahekwa, ambassadeur du Congo-Kinshasa en Centrafrique serait introuvable dans la capitale centrafricaine. Selon une source locale, \u00ab\u00a0il aurait travers\u00e9 le fleuve Ubangi pour se mettre \u00e0 l\u2019abri sur le territoire congolais\u00a0\u00bb. Exp\u00e9diteur d\u2019une \u00ab\u00a0d\u00e9p\u00eache diplomatique\u00a0\u00bb destin\u00e9e au chef de l\u2019Etat congolais, le diplomate a \u00e9t\u00e9 sid\u00e9r\u00e9 de retrouver ce document \u2013 transmise par le canal d\u2019un conseiller \u00e0 la Pr\u00e9sidence \u2013 sur les r\u00e9seaux sociaux. Cette histoire pourrait se d\u00e9cliner comme une pi\u00e8ce de th\u00e9\u00e2tre. En trois actes. Premier acte: Faustin Archange Touad\u00e9ra qui dirige l\u2019Etat centrafricain depuis&hellip;\" \/>\n<meta property=\"og:url\" content=\"https:\/\/congovirtuel.com\/information\/diplomatie-ou-est-passe-lambassadeur-de-la-rdc-a-bangui\/\" \/>\n<meta property=\"og:site_name\" content=\"Actualit\u00e9s congolaises et internationales\" \/>\n<meta property=\"article:publisher\" content=\"https:\/\/web.facebook.com\/Congovirtuel-763617960319601\/?ref=aymt_homepage_panel&amp;amp%3bamp%3bamp%3bamp%3bamp%3bamp%3bamp%3bamp%3bamp%3bamp%3bamp%3beid=ARCoxULa66767kIgF_KYav6VdjXTI4yk_LW4yoVO9s6NXpysgb7Cb65vpxcxgqzOAKvIbLQxaAETcqHT\" \/>\n<meta property=\"article:published_time\" content=\"2022-09-29T15:58:36+00:00\" \/>\n<meta property=\"og:image\" content=\"https:\/\/congovirtuel.com\/information\/wp-content\/uploads\/2022\/09\/Esdras_Kambale.jpg\" \/>\n\t<meta property=\"og:image:width\" content=\"996\" \/>\n\t<meta property=\"og:image:height\" content=\"592\" \/>\n\t<meta property=\"og:image:type\" content=\"image\/jpeg\" \/>\n<meta name=\"author\" content=\"infocongovirtuel\" \/>\n<meta name=\"twitter:card\" content=\"summary_large_image\" \/>\n<meta name=\"twitter:creator\" content=\"@congovirtuel\" \/>\n<meta name=\"twitter:site\" content=\"@congovirtuel\" \/>\n<meta name=\"twitter:label1\" content=\"\u00c9crit par\" \/>\n\t<meta name=\"twitter:data1\" content=\"infocongovirtuel\" \/>\n\t<meta name=\"twitter:label2\" content=\"Dur\u00e9e de lecture estim\u00e9e\" \/>\n\t<meta name=\"twitter:data2\" content=\"5 minutes\" \/>\n<script type=\"application\/ld+json\" class=\"yoast-schema-graph\">{\"@context\":\"https:\\\/\\\/schema.org\",\"@graph\":[{\"@type\":\"Article\",\"@id\":\"https:\\\/\\\/congovirtuel.com\\\/information\\\/diplomatie-ou-est-passe-lambassadeur-de-la-rdc-a-bangui\\\/#article\",\"isPartOf\":{\"@id\":\"https:\\\/\\\/congovirtuel.com\\\/information\\\/diplomatie-ou-est-passe-lambassadeur-de-la-rdc-a-bangui\\\/\"},\"author\":{\"name\":\"infocongovirtuel\",\"@id\":\"https:\\\/\\\/congovirtuel.com\\\/information\\\/#\\\/schema\\\/person\\\/739a44bf7990966cb53d58d2fdeca0b6\"},\"headline\":\"Diplomatie: O\u00f9 est pass\u00e9 l\u2019ambassadeur de la RDC \u00e0 Bangui?\",\"datePublished\":\"2022-09-29T15:58:36+00:00\",\"mainEntityOfPage\":{\"@id\":\"https:\\\/\\\/congovirtuel.com\\\/information\\\/diplomatie-ou-est-passe-lambassadeur-de-la-rdc-a-bangui\\\/\"},\"wordCount\":957,\"commentCount\":0,\"publisher\":{\"@id\":\"https:\\\/\\\/congovirtuel.com\\\/information\\\/#organization\"},\"image\":{\"@id\":\"https:\\\/\\\/congovirtuel.com\\\/information\\\/diplomatie-ou-est-passe-lambassadeur-de-la-rdc-a-bangui\\\/#primaryimage\"},\"thumbnailUrl\":\"https:\\\/\\\/congovirtuel.com\\\/information\\\/wp-content\\\/uploads\\\/2022\\\/09\\\/Esdras_Kambale.jpg\",\"keywords\":[\"Esdras Kambale\"],\"articleSection\":[\"RCA\"],\"inLanguage\":\"fr-FR\",\"potentialAction\":[{\"@type\":\"CommentAction\",\"name\":\"Comment\",\"target\":[\"https:\\\/\\\/congovirtuel.com\\\/information\\\/diplomatie-ou-est-passe-lambassadeur-de-la-rdc-a-bangui\\\/#respond\"]}]},{\"@type\":\"WebPage\",\"@id\":\"https:\\\/\\\/congovirtuel.com\\\/information\\\/diplomatie-ou-est-passe-lambassadeur-de-la-rdc-a-bangui\\\/\",\"url\":\"https:\\\/\\\/congovirtuel.com\\\/information\\\/diplomatie-ou-est-passe-lambassadeur-de-la-rdc-a-bangui\\\/\",\"name\":\"Diplomatie: O\u00f9 est pass\u00e9 l\u2019ambassadeur de la RDC \u00e0 Bangui? - Actualit\u00e9s congolaises et internationales\",\"isPartOf\":{\"@id\":\"https:\\\/\\\/congovirtuel.com\\\/information\\\/#website\"},\"primaryImageOfPage\":{\"@id\":\"https:\\\/\\\/congovirtuel.com\\\/information\\\/diplomatie-ou-est-passe-lambassadeur-de-la-rdc-a-bangui\\\/#primaryimage\"},\"image\":{\"@id\":\"https:\\\/\\\/congovirtuel.com\\\/information\\\/diplomatie-ou-est-passe-lambassadeur-de-la-rdc-a-bangui\\\/#primaryimage\"},\"thumbnailUrl\":\"https:\\\/\\\/congovirtuel.com\\\/information\\\/wp-content\\\/uploads\\\/2022\\\/09\\\/Esdras_Kambale.jpg\",\"datePublished\":\"2022-09-29T15:58:36+00:00\",\"breadcrumb\":{\"@id\":\"https:\\\/\\\/congovirtuel.com\\\/information\\\/diplomatie-ou-est-passe-lambassadeur-de-la-rdc-a-bangui\\\/#breadcrumb\"},\"inLanguage\":\"fr-FR\",\"potentialAction\":[{\"@type\":\"ReadAction\",\"target\":[\"https:\\\/\\\/congovirtuel.com\\\/information\\\/diplomatie-ou-est-passe-lambassadeur-de-la-rdc-a-bangui\\\/\"]}]},{\"@type\":\"ImageObject\",\"inLanguage\":\"fr-FR\",\"@id\":\"https:\\\/\\\/congovirtuel.com\\\/information\\\/diplomatie-ou-est-passe-lambassadeur-de-la-rdc-a-bangui\\\/#primaryimage\",\"url\":\"https:\\\/\\\/congovirtuel.com\\\/information\\\/wp-content\\\/uploads\\\/2022\\\/09\\\/Esdras_Kambale.jpg\",\"contentUrl\":\"https:\\\/\\\/congovirtuel.com\\\/information\\\/wp-content\\\/uploads\\\/2022\\\/09\\\/Esdras_Kambale.jpg\",\"width\":996,\"height\":592,\"caption\":\"Esdras_Kambale\"},{\"@type\":\"BreadcrumbList\",\"@id\":\"https:\\\/\\\/congovirtuel.com\\\/information\\\/diplomatie-ou-est-passe-lambassadeur-de-la-rdc-a-bangui\\\/#breadcrumb\",\"itemListElement\":[{\"@type\":\"ListItem\",\"position\":1,\"name\":\"Accueil\",\"item\":\"https:\\\/\\\/congovirtuel.com\\\/information\\\/\"},{\"@type\":\"ListItem\",\"position\":2,\"name\":\"Diplomatie: O\u00f9 est pass\u00e9 l\u2019ambassadeur de la RDC \u00e0 Bangui?\"}]},{\"@type\":\"WebSite\",\"@id\":\"https:\\\/\\\/congovirtuel.com\\\/information\\\/#website\",\"url\":\"https:\\\/\\\/congovirtuel.com\\\/information\\\/\",\"name\":\"Actualit\u00e9s congolaises et internationales\",\"description\":\"site d&#039;analyse et de traitement d&#039;information\",\"publisher\":{\"@id\":\"https:\\\/\\\/congovirtuel.com\\\/information\\\/#organization\"},\"potentialAction\":[{\"@type\":\"SearchAction\",\"target\":{\"@type\":\"EntryPoint\",\"urlTemplate\":\"https:\\\/\\\/congovirtuel.com\\\/information\\\/?s={search_term_string}\"},\"query-input\":{\"@type\":\"PropertyValueSpecification\",\"valueRequired\":true,\"valueName\":\"search_term_string\"}}],\"inLanguage\":\"fr-FR\"},{\"@type\":\"Organization\",\"@id\":\"https:\\\/\\\/congovirtuel.com\\\/information\\\/#organization\",\"name\":\"Biblioth\u00e8que Virtuelle de la RDC\",\"url\":\"https:\\\/\\\/congovirtuel.com\\\/information\\\/\",\"logo\":{\"@type\":\"ImageObject\",\"inLanguage\":\"fr-FR\",\"@id\":\"https:\\\/\\\/congovirtuel.com\\\/information\\\/#\\\/schema\\\/logo\\\/image\\\/\",\"url\":\"https:\\\/\\\/congovirtuel.com\\\/information\\\/wp-content\\\/uploads\\\/2018\\\/10\\\/header-info-congovirtuel-vraie.jpg\",\"contentUrl\":\"https:\\\/\\\/congovirtuel.com\\\/information\\\/wp-content\\\/uploads\\\/2018\\\/10\\\/header-info-congovirtuel-vraie.jpg\",\"width\":728,\"height\":90,\"caption\":\"Biblioth\u00e8que Virtuelle de la RDC\"},\"image\":{\"@id\":\"https:\\\/\\\/congovirtuel.com\\\/information\\\/#\\\/schema\\\/logo\\\/image\\\/\"},\"sameAs\":[\"https:\\\/\\\/web.facebook.com\\\/Congovirtuel-763617960319601\\\/?ref=aymt_homepage_panel&amp;amp;amp;amp;amp;amp;amp;amp;amp;amp;amp;eid=ARCoxULa66767kIgF_KYav6VdjXTI4yk_LW4yoVO9s6NXpysgb7Cb65vpxcxgqzOAKvIbLQxaAETcqHT\",\"https:\\\/\\\/x.com\\\/congovirtuel\",\"https:\\\/\\\/www.youtube.com\\\/channel\\\/UCkFfprYzGgS3EWNpeMXpToQ?view_as=subscriber\"]},{\"@type\":\"Person\",\"@id\":\"https:\\\/\\\/congovirtuel.com\\\/information\\\/#\\\/schema\\\/person\\\/739a44bf7990966cb53d58d2fdeca0b6\",\"name\":\"infocongovirtuel\",\"image\":{\"@type\":\"ImageObject\",\"inLanguage\":\"fr-FR\",\"@id\":\"https:\\\/\\\/secure.gravatar.com\\\/avatar\\\/4d76991aa72469f0eb22e772586c99113c6997f88da636a9db8f2ce3a2c05e69?s=96&d=mm&r=g\",\"url\":\"https:\\\/\\\/secure.gravatar.com\\\/avatar\\\/4d76991aa72469f0eb22e772586c99113c6997f88da636a9db8f2ce3a2c05e69?s=96&d=mm&r=g\",\"contentUrl\":\"https:\\\/\\\/secure.gravatar.com\\\/avatar\\\/4d76991aa72469f0eb22e772586c99113c6997f88da636a9db8f2ce3a2c05e69?s=96&d=mm&r=g\",\"caption\":\"infocongovirtuel\"},\"url\":\"https:\\\/\\\/congovirtuel.com\\\/information\\\/author\\\/infocongovirtuel\\\/\"}]}<\/script>\n<!-- \/ Yoast SEO plugin. -->","yoast_head_json":{"title":"Diplomatie: O\u00f9 est pass\u00e9 l\u2019ambassadeur de la RDC \u00e0 Bangui? - Actualit\u00e9s congolaises et internationales","robots":{"index":"index","follow":"follow","max-snippet":"max-snippet:-1","max-image-preview":"max-image-preview:large","max-video-preview":"max-video-preview:-1"},"canonical":"https:\/\/congovirtuel.com\/information\/diplomatie-ou-est-passe-lambassadeur-de-la-rdc-a-bangui\/","og_locale":"fr_FR","og_type":"article","og_title":"Diplomatie: O\u00f9 est pass\u00e9 l\u2019ambassadeur de la RDC \u00e0 Bangui? - Actualit\u00e9s congolaises et internationales","og_description":"Esdras Kambale Bahekwa, ambassadeur du Congo-Kinshasa en Centrafrique serait introuvable dans la capitale centrafricaine. Selon une source locale, \u00ab\u00a0il aurait travers\u00e9 le fleuve Ubangi pour se mettre \u00e0 l\u2019abri sur le territoire congolais\u00a0\u00bb. Exp\u00e9diteur d\u2019une \u00ab\u00a0d\u00e9p\u00eache diplomatique\u00a0\u00bb destin\u00e9e au chef de l\u2019Etat congolais, le diplomate a \u00e9t\u00e9 sid\u00e9r\u00e9 de retrouver ce document \u2013 transmise par le canal d\u2019un conseiller \u00e0 la Pr\u00e9sidence \u2013 sur les r\u00e9seaux sociaux. Cette histoire pourrait se d\u00e9cliner comme une pi\u00e8ce de th\u00e9\u00e2tre. En trois actes. Premier acte: Faustin Archange Touad\u00e9ra qui dirige l\u2019Etat centrafricain depuis&hellip;","og_url":"https:\/\/congovirtuel.com\/information\/diplomatie-ou-est-passe-lambassadeur-de-la-rdc-a-bangui\/","og_site_name":"Actualit\u00e9s congolaises et internationales","article_publisher":"https:\/\/web.facebook.com\/Congovirtuel-763617960319601\/?ref=aymt_homepage_panel&amp%3bamp%3bamp%3bamp%3bamp%3bamp%3bamp%3bamp%3bamp%3bamp%3bamp%3beid=ARCoxULa66767kIgF_KYav6VdjXTI4yk_LW4yoVO9s6NXpysgb7Cb65vpxcxgqzOAKvIbLQxaAETcqHT","article_published_time":"2022-09-29T15:58:36+00:00","og_image":[{"width":996,"height":592,"url":"https:\/\/congovirtuel.com\/information\/wp-content\/uploads\/2022\/09\/Esdras_Kambale.jpg","type":"image\/jpeg"}],"author":"infocongovirtuel","twitter_card":"summary_large_image","twitter_creator":"@congovirtuel","twitter_site":"@congovirtuel","twitter_misc":{"\u00c9crit par":"infocongovirtuel","Dur\u00e9e de lecture estim\u00e9e":"5 minutes"},"schema":{"@context":"https:\/\/schema.org","@graph":[{"@type":"Article","@id":"https:\/\/congovirtuel.com\/information\/diplomatie-ou-est-passe-lambassadeur-de-la-rdc-a-bangui\/#article","isPartOf":{"@id":"https:\/\/congovirtuel.com\/information\/diplomatie-ou-est-passe-lambassadeur-de-la-rdc-a-bangui\/"},"author":{"name":"infocongovirtuel","@id":"https:\/\/congovirtuel.com\/information\/#\/schema\/person\/739a44bf7990966cb53d58d2fdeca0b6"},"headline":"Diplomatie: O\u00f9 est pass\u00e9 l\u2019ambassadeur de la RDC \u00e0 Bangui?","datePublished":"2022-09-29T15:58:36+00:00","mainEntityOfPage":{"@id":"https:\/\/congovirtuel.com\/information\/diplomatie-ou-est-passe-lambassadeur-de-la-rdc-a-bangui\/"},"wordCount":957,"commentCount":0,"publisher":{"@id":"https:\/\/congovirtuel.com\/information\/#organization"},"image":{"@id":"https:\/\/congovirtuel.com\/information\/diplomatie-ou-est-passe-lambassadeur-de-la-rdc-a-bangui\/#primaryimage"},"thumbnailUrl":"https:\/\/congovirtuel.com\/information\/wp-content\/uploads\/2022\/09\/Esdras_Kambale.jpg","keywords":["Esdras Kambale"],"articleSection":["RCA"],"inLanguage":"fr-FR","potentialAction":[{"@type":"CommentAction","name":"Comment","target":["https:\/\/congovirtuel.com\/information\/diplomatie-ou-est-passe-lambassadeur-de-la-rdc-a-bangui\/#respond"]}]},{"@type":"WebPage","@id":"https:\/\/congovirtuel.com\/information\/diplomatie-ou-est-passe-lambassadeur-de-la-rdc-a-bangui\/","url":"https:\/\/congovirtuel.com\/information\/diplomatie-ou-est-passe-lambassadeur-de-la-rdc-a-bangui\/","name":"Diplomatie: O\u00f9 est pass\u00e9 l\u2019ambassadeur de la RDC \u00e0 Bangui? - Actualit\u00e9s congolaises et internationales","isPartOf":{"@id":"https:\/\/congovirtuel.com\/information\/#website"},"primaryImageOfPage":{"@id":"https:\/\/congovirtuel.com\/information\/diplomatie-ou-est-passe-lambassadeur-de-la-rdc-a-bangui\/#primaryimage"},"image":{"@id":"https:\/\/congovirtuel.com\/information\/diplomatie-ou-est-passe-lambassadeur-de-la-rdc-a-bangui\/#primaryimage"},"thumbnailUrl":"https:\/\/congovirtuel.com\/information\/wp-content\/uploads\/2022\/09\/Esdras_Kambale.jpg","datePublished":"2022-09-29T15:58:36+00:00","breadcrumb":{"@id":"https:\/\/congovirtuel.com\/information\/diplomatie-ou-est-passe-lambassadeur-de-la-rdc-a-bangui\/#breadcrumb"},"inLanguage":"fr-FR","potentialAction":[{"@type":"ReadAction","target":["https:\/\/congovirtuel.com\/information\/diplomatie-ou-est-passe-lambassadeur-de-la-rdc-a-bangui\/"]}]},{"@type":"ImageObject","inLanguage":"fr-FR","@id":"https:\/\/congovirtuel.com\/information\/diplomatie-ou-est-passe-lambassadeur-de-la-rdc-a-bangui\/#primaryimage","url":"https:\/\/congovirtuel.com\/information\/wp-content\/uploads\/2022\/09\/Esdras_Kambale.jpg","contentUrl":"https:\/\/congovirtuel.com\/information\/wp-content\/uploads\/2022\/09\/Esdras_Kambale.jpg","width":996,"height":592,"caption":"Esdras_Kambale"},{"@type":"BreadcrumbList","@id":"https:\/\/congovirtuel.com\/information\/diplomatie-ou-est-passe-lambassadeur-de-la-rdc-a-bangui\/#breadcrumb","itemListElement":[{"@type":"ListItem","position":1,"name":"Accueil","item":"https:\/\/congovirtuel.com\/information\/"},{"@type":"ListItem","position":2,"name":"Diplomatie: O\u00f9 est pass\u00e9 l\u2019ambassadeur de la RDC \u00e0 Bangui?"}]},{"@type":"WebSite","@id":"https:\/\/congovirtuel.com\/information\/#website","url":"https:\/\/congovirtuel.com\/information\/","name":"Actualit\u00e9s congolaises et internationales","description":"site d&#039;analyse et de traitement d&#039;information","publisher":{"@id":"https:\/\/congovirtuel.com\/information\/#organization"},"potentialAction":[{"@type":"SearchAction","target":{"@type":"EntryPoint","urlTemplate":"https:\/\/congovirtuel.com\/information\/?s={search_term_string}"},"query-input":{"@type":"PropertyValueSpecification","valueRequired":true,"valueName":"search_term_string"}}],"inLanguage":"fr-FR"},{"@type":"Organization","@id":"https:\/\/congovirtuel.com\/information\/#organization","name":"Biblioth\u00e8que Virtuelle de la RDC","url":"https:\/\/congovirtuel.com\/information\/","logo":{"@type":"ImageObject","inLanguage":"fr-FR","@id":"https:\/\/congovirtuel.com\/information\/#\/schema\/logo\/image\/","url":"https:\/\/congovirtuel.com\/information\/wp-content\/uploads\/2018\/10\/header-info-congovirtuel-vraie.jpg","contentUrl":"https:\/\/congovirtuel.com\/information\/wp-content\/uploads\/2018\/10\/header-info-congovirtuel-vraie.jpg","width":728,"height":90,"caption":"Biblioth\u00e8que Virtuelle de la RDC"},"image":{"@id":"https:\/\/congovirtuel.com\/information\/#\/schema\/logo\/image\/"},"sameAs":["https:\/\/web.facebook.com\/Congovirtuel-763617960319601\/?ref=aymt_homepage_panel&amp;amp;amp;amp;amp;amp;amp;amp;amp;amp;amp;eid=ARCoxULa66767kIgF_KYav6VdjXTI4yk_LW4yoVO9s6NXpysgb7Cb65vpxcxgqzOAKvIbLQxaAETcqHT","https:\/\/x.com\/congovirtuel","https:\/\/www.youtube.com\/channel\/UCkFfprYzGgS3EWNpeMXpToQ?view_as=subscriber"]},{"@type":"Person","@id":"https:\/\/congovirtuel.com\/information\/#\/schema\/person\/739a44bf7990966cb53d58d2fdeca0b6","name":"infocongovirtuel","image":{"@type":"ImageObject","inLanguage":"fr-FR","@id":"https:\/\/secure.gravatar.com\/avatar\/4d76991aa72469f0eb22e772586c99113c6997f88da636a9db8f2ce3a2c05e69?s=96&d=mm&r=g","url":"https:\/\/secure.gravatar.com\/avatar\/4d76991aa72469f0eb22e772586c99113c6997f88da636a9db8f2ce3a2c05e69?s=96&d=mm&r=g","contentUrl":"https:\/\/secure.gravatar.com\/avatar\/4d76991aa72469f0eb22e772586c99113c6997f88da636a9db8f2ce3a2c05e69?s=96&d=mm&r=g","caption":"infocongovirtuel"},"url":"https:\/\/congovirtuel.com\/information\/author\/infocongovirtuel\/"}]}},"gt_translate_keys":[{"key":"link","format":"url"}],"_links":{"self":[{"href":"https:\/\/congovirtuel.com\/information\/wp-json\/wp\/v2\/posts\/20498","targetHints":{"allow":["GET"]}}],"collection":[{"href":"https:\/\/congovirtuel.com\/information\/wp-json\/wp\/v2\/posts"}],"about":[{"href":"https:\/\/congovirtuel.com\/information\/wp-json\/wp\/v2\/types\/post"}],"author":[{"embeddable":true,"href":"https:\/\/congovirtuel.com\/information\/wp-json\/wp\/v2\/users\/1"}],"replies":[{"embeddable":true,"href":"https:\/\/congovirtuel.com\/information\/wp-json\/wp\/v2\/comments?post=20498"}],"version-history":[{"count":1,"href":"https:\/\/congovirtuel.com\/information\/wp-json\/wp\/v2\/posts\/20498\/revisions"}],"predecessor-version":[{"id":20499,"href":"https:\/\/congovirtuel.com\/information\/wp-json\/wp\/v2\/posts\/20498\/revisions\/20499"}],"wp:featuredmedia":[{"embeddable":true,"href":"https:\/\/congovirtuel.com\/information\/wp-json\/wp\/v2\/media\/20497"}],"wp:attachment":[{"href":"https:\/\/congovirtuel.com\/information\/wp-json\/wp\/v2\/media?parent=20498"}],"wp:term":[{"taxonomy":"category","embeddable":true,"href":"https:\/\/congovirtuel.com\/information\/wp-json\/wp\/v2\/categories?post=20498"},{"taxonomy":"post_tag","embeddable":true,"href":"https:\/\/congovirtuel.com\/information\/wp-json\/wp\/v2\/tags?post=20498"}],"curies":[{"name":"wp","href":"https:\/\/api.w.org\/{rel}","templated":true}]}}