{"id":20516,"date":"2022-10-01T16:09:08","date_gmt":"2022-10-01T15:09:08","guid":{"rendered":"https:\/\/congovirtuel.com\/information\/?p=20516"},"modified":"2022-10-01T16:09:08","modified_gmt":"2022-10-01T15:09:08","slug":"rdc-john-kerry-envoye-special-de-joe-biden-pour-le-climat-en-visite-a-kinshasa-du-3-au-5-octobre","status":"publish","type":"post","link":"https:\/\/congovirtuel.com\/information\/rdc-john-kerry-envoye-special-de-joe-biden-pour-le-climat-en-visite-a-kinshasa-du-3-au-5-octobre\/","title":{"rendered":"RDC : John Kerry, envoy\u00e9 sp\u00e9cial de Joe Biden pour le climat, en visite \u00e0 Kinshasa du 3 au 5 octobre","gt_translate_keys":[{"key":"rendered","format":"text"}]},"content":{"rendered":"<p><strong>L\u2019envoy\u00e9 sp\u00e9cial du pr\u00e9sident am\u00e9ricain Joe Biden pour le Climat, John Kerry, s\u00e9journera \u00e0 Kinshasa, en R\u00e9publique d\u00e9mocratique du Congo, du 3 au 5 octobre 2022.<\/strong><\/p>\n<p>C\u2019est ce qu\u2019indique une d\u00e9p\u00eache de l\u2019ambassade des \u00c9tats-Unis d\u2019Am\u00e9rique ce samedi.<\/p>\n<p>D\u2019apr\u00e8s la m\u00eame source, John Kerry arrive au pays de F\u00e9lix Tshisekedi pour participer \u00e0 la Pr\u00e9-COP, une r\u00e9union pr\u00e9paratoire se tenant un mois avant la 27\u00e8me Conf\u00e9rence des Parties \u00e0 la CCNUCC qui aura lieu \u00e0 Charm el-Cheikh en \u00c9gypte du 6 au 18 novembre 2022.<\/p>\n<p>En outre, John Kerry se rendra aussi \u00e0 Abu Dhabi aux \u00c9mirats arabes unis le 5 octobre pour le Sommet des \u00ab Fonds Souverains One Planet \u00bb. Le voyage de John Kerry offrira, d\u2019apr\u00e8s l\u2019ambassade des USA, l\u2019occasion de dialoguer sur la coop\u00e9ration climatique avant la tenue de la COP27.<\/p>\n<p><strong>Jepht\u00e9 Kitsita\/7sur7<\/strong><\/p>\n","protected":false,"gt_translate_keys":[{"key":"rendered","format":"html"}]},"excerpt":{"rendered":"<p>L\u2019envoy\u00e9 sp\u00e9cial du pr\u00e9sident am\u00e9ricain Joe Biden pour le Climat, John Kerry, s\u00e9journera \u00e0 Kinshasa, en R\u00e9publique d\u00e9mocratique du Congo, du 3 au 5 octobre 2022. C\u2019est ce qu\u2019indique une d\u00e9p\u00eache de l\u2019ambassade des \u00c9tats-Unis d\u2019Am\u00e9rique ce samedi. D\u2019apr\u00e8s la m\u00eame source, John Kerry arrive au pays de F\u00e9lix Tshisekedi pour participer \u00e0 la Pr\u00e9-COP, une r\u00e9union pr\u00e9paratoire se tenant un mois avant la 27\u00e8me Conf\u00e9rence des Parties \u00e0 la CCNUCC qui aura lieu \u00e0 Charm el-Cheikh en \u00c9gypte du 6 au 18 novembre 2022. En outre, John Kerry se&hellip;<\/p>\n","protected":false,"gt_translate_keys":[{"key":"rendered","format":"html"}]},"author":1,"featured_media":20515,"comment_status":"open","ping_status":"open","sticky":false,"template":"","format":"standard","meta":{"_crdt_document":"","footnotes":""},"categories":[2539],"tags":[],"class_list":["post-20516","post","type-post","status-publish","format-standard","has-post-thumbnail","hentry","category-environnement"],"gutentor_comment":0,"yoast_head":"<!-- This site is optimized with the Yoast SEO plugin v27.5 - https:\/\/yoast.com\/product\/yoast-seo-wordpress\/ -->\n<title>RDC : John Kerry, envoy\u00e9 sp\u00e9cial de Joe Biden pour le climat, en visite \u00e0 Kinshasa du 3 au 5 octobre - Actualit\u00e9s congolaises et internationales<\/title>\n<meta name=\"robots\" content=\"index, follow, max-snippet:-1, max-image-preview:large, max-video-preview:-1\" \/>\n<link rel=\"canonical\" href=\"https:\/\/congovirtuel.com\/information\/rdc-john-kerry-envoye-special-de-joe-biden-pour-le-climat-en-visite-a-kinshasa-du-3-au-5-octobre\/\" \/>\n<meta property=\"og:locale\" content=\"fr_FR\" \/>\n<meta property=\"og:type\" content=\"article\" \/>\n<meta property=\"og:title\" content=\"RDC : John Kerry, envoy\u00e9 sp\u00e9cial de Joe Biden pour le climat, en visite \u00e0 Kinshasa du 3 au 5 octobre - Actualit\u00e9s congolaises et internationales\" \/>\n<meta property=\"og:description\" content=\"L\u2019envoy\u00e9 sp\u00e9cial du pr\u00e9sident am\u00e9ricain Joe Biden pour le Climat, John Kerry, s\u00e9journera \u00e0 Kinshasa, en R\u00e9publique d\u00e9mocratique du Congo, du 3 au 5 octobre 2022. C\u2019est ce qu\u2019indique une d\u00e9p\u00eache de l\u2019ambassade des \u00c9tats-Unis d\u2019Am\u00e9rique ce samedi. D\u2019apr\u00e8s la m\u00eame source, John Kerry arrive au pays de F\u00e9lix Tshisekedi pour participer \u00e0 la Pr\u00e9-COP, une r\u00e9union pr\u00e9paratoire se tenant un mois avant la 27\u00e8me Conf\u00e9rence des Parties \u00e0 la CCNUCC qui aura lieu \u00e0 Charm el-Cheikh en \u00c9gypte du 6 au 18 novembre 2022. En outre, John Kerry se&hellip;\" \/>\n<meta property=\"og:url\" content=\"https:\/\/congovirtuel.com\/information\/rdc-john-kerry-envoye-special-de-joe-biden-pour-le-climat-en-visite-a-kinshasa-du-3-au-5-octobre\/\" \/>\n<meta property=\"og:site_name\" content=\"Actualit\u00e9s congolaises et internationales\" \/>\n<meta property=\"article:publisher\" content=\"https:\/\/web.facebook.com\/Congovirtuel-763617960319601\/?ref=aymt_homepage_panel&amp;amp%3bamp%3bamp%3bamp%3bamp%3bamp%3bamp%3bamp%3bamp%3bamp%3bamp%3beid=ARCoxULa66767kIgF_KYav6VdjXTI4yk_LW4yoVO9s6NXpysgb7Cb65vpxcxgqzOAKvIbLQxaAETcqHT\" \/>\n<meta property=\"article:published_time\" content=\"2022-10-01T15:09:08+00:00\" \/>\n<meta property=\"og:image\" content=\"https:\/\/congovirtuel.com\/information\/wp-content\/uploads\/2022\/10\/Kerry_Biden.jpg\" \/>\n\t<meta property=\"og:image:width\" content=\"1080\" \/>\n\t<meta property=\"og:image:height\" content=\"610\" \/>\n\t<meta property=\"og:image:type\" content=\"image\/jpeg\" \/>\n<meta name=\"author\" content=\"infocongovirtuel\" \/>\n<meta name=\"twitter:card\" content=\"summary_large_image\" \/>\n<meta name=\"twitter:creator\" content=\"@congovirtuel\" \/>\n<meta name=\"twitter:site\" content=\"@congovirtuel\" \/>\n<meta name=\"twitter:label1\" content=\"\u00c9crit par\" \/>\n\t<meta name=\"twitter:data1\" content=\"infocongovirtuel\" \/>\n\t<meta name=\"twitter:label2\" content=\"Dur\u00e9e de lecture estim\u00e9e\" \/>\n\t<meta name=\"twitter:data2\" content=\"1 minute\" \/>\n<script type=\"application\/ld+json\" class=\"yoast-schema-graph\">{\"@context\":\"https:\\\/\\\/schema.org\",\"@graph\":[{\"@type\":\"Article\",\"@id\":\"https:\\\/\\\/congovirtuel.com\\\/information\\\/rdc-john-kerry-envoye-special-de-joe-biden-pour-le-climat-en-visite-a-kinshasa-du-3-au-5-octobre\\\/#article\",\"isPartOf\":{\"@id\":\"https:\\\/\\\/congovirtuel.com\\\/information\\\/rdc-john-kerry-envoye-special-de-joe-biden-pour-le-climat-en-visite-a-kinshasa-du-3-au-5-octobre\\\/\"},\"author\":{\"name\":\"infocongovirtuel\",\"@id\":\"https:\\\/\\\/congovirtuel.com\\\/information\\\/#\\\/schema\\\/person\\\/739a44bf7990966cb53d58d2fdeca0b6\"},\"headline\":\"RDC : John Kerry, envoy\u00e9 sp\u00e9cial de Joe Biden pour le climat, en visite \u00e0 Kinshasa du 3 au 5 octobre\",\"datePublished\":\"2022-10-01T15:09:08+00:00\",\"mainEntityOfPage\":{\"@id\":\"https:\\\/\\\/congovirtuel.com\\\/information\\\/rdc-john-kerry-envoye-special-de-joe-biden-pour-le-climat-en-visite-a-kinshasa-du-3-au-5-octobre\\\/\"},\"wordCount\":169,\"commentCount\":0,\"publisher\":{\"@id\":\"https:\\\/\\\/congovirtuel.com\\\/information\\\/#organization\"},\"image\":{\"@id\":\"https:\\\/\\\/congovirtuel.com\\\/information\\\/rdc-john-kerry-envoye-special-de-joe-biden-pour-le-climat-en-visite-a-kinshasa-du-3-au-5-octobre\\\/#primaryimage\"},\"thumbnailUrl\":\"https:\\\/\\\/congovirtuel.com\\\/information\\\/wp-content\\\/uploads\\\/2022\\\/10\\\/Kerry_Biden.jpg\",\"articleSection\":[\"Environnement\"],\"inLanguage\":\"fr-FR\",\"potentialAction\":[{\"@type\":\"CommentAction\",\"name\":\"Comment\",\"target\":[\"https:\\\/\\\/congovirtuel.com\\\/information\\\/rdc-john-kerry-envoye-special-de-joe-biden-pour-le-climat-en-visite-a-kinshasa-du-3-au-5-octobre\\\/#respond\"]}]},{\"@type\":\"WebPage\",\"@id\":\"https:\\\/\\\/congovirtuel.com\\\/information\\\/rdc-john-kerry-envoye-special-de-joe-biden-pour-le-climat-en-visite-a-kinshasa-du-3-au-5-octobre\\\/\",\"url\":\"https:\\\/\\\/congovirtuel.com\\\/information\\\/rdc-john-kerry-envoye-special-de-joe-biden-pour-le-climat-en-visite-a-kinshasa-du-3-au-5-octobre\\\/\",\"name\":\"RDC : John Kerry, envoy\u00e9 sp\u00e9cial de Joe Biden pour le climat, en visite \u00e0 Kinshasa du 3 au 5 octobre - Actualit\u00e9s congolaises et internationales\",\"isPartOf\":{\"@id\":\"https:\\\/\\\/congovirtuel.com\\\/information\\\/#website\"},\"primaryImageOfPage\":{\"@id\":\"https:\\\/\\\/congovirtuel.com\\\/information\\\/rdc-john-kerry-envoye-special-de-joe-biden-pour-le-climat-en-visite-a-kinshasa-du-3-au-5-octobre\\\/#primaryimage\"},\"image\":{\"@id\":\"https:\\\/\\\/congovirtuel.com\\\/information\\\/rdc-john-kerry-envoye-special-de-joe-biden-pour-le-climat-en-visite-a-kinshasa-du-3-au-5-octobre\\\/#primaryimage\"},\"thumbnailUrl\":\"https:\\\/\\\/congovirtuel.com\\\/information\\\/wp-content\\\/uploads\\\/2022\\\/10\\\/Kerry_Biden.jpg\",\"datePublished\":\"2022-10-01T15:09:08+00:00\",\"breadcrumb\":{\"@id\":\"https:\\\/\\\/congovirtuel.com\\\/information\\\/rdc-john-kerry-envoye-special-de-joe-biden-pour-le-climat-en-visite-a-kinshasa-du-3-au-5-octobre\\\/#breadcrumb\"},\"inLanguage\":\"fr-FR\",\"potentialAction\":[{\"@type\":\"ReadAction\",\"target\":[\"https:\\\/\\\/congovirtuel.com\\\/information\\\/rdc-john-kerry-envoye-special-de-joe-biden-pour-le-climat-en-visite-a-kinshasa-du-3-au-5-octobre\\\/\"]}]},{\"@type\":\"ImageObject\",\"inLanguage\":\"fr-FR\",\"@id\":\"https:\\\/\\\/congovirtuel.com\\\/information\\\/rdc-john-kerry-envoye-special-de-joe-biden-pour-le-climat-en-visite-a-kinshasa-du-3-au-5-octobre\\\/#primaryimage\",\"url\":\"https:\\\/\\\/congovirtuel.com\\\/information\\\/wp-content\\\/uploads\\\/2022\\\/10\\\/Kerry_Biden.jpg\",\"contentUrl\":\"https:\\\/\\\/congovirtuel.com\\\/information\\\/wp-content\\\/uploads\\\/2022\\\/10\\\/Kerry_Biden.jpg\",\"width\":1080,\"height\":610},{\"@type\":\"BreadcrumbList\",\"@id\":\"https:\\\/\\\/congovirtuel.com\\\/information\\\/rdc-john-kerry-envoye-special-de-joe-biden-pour-le-climat-en-visite-a-kinshasa-du-3-au-5-octobre\\\/#breadcrumb\",\"itemListElement\":[{\"@type\":\"ListItem\",\"position\":1,\"name\":\"Accueil\",\"item\":\"https:\\\/\\\/congovirtuel.com\\\/information\\\/\"},{\"@type\":\"ListItem\",\"position\":2,\"name\":\"RDC : John Kerry, envoy\u00e9 sp\u00e9cial de Joe Biden pour le climat, en visite \u00e0 Kinshasa du 3 au 5 octobre\"}]},{\"@type\":\"WebSite\",\"@id\":\"https:\\\/\\\/congovirtuel.com\\\/information\\\/#website\",\"url\":\"https:\\\/\\\/congovirtuel.com\\\/information\\\/\",\"name\":\"Actualit\u00e9s congolaises et internationales\",\"description\":\"site d&#039;analyse et de traitement d&#039;information\",\"publisher\":{\"@id\":\"https:\\\/\\\/congovirtuel.com\\\/information\\\/#organization\"},\"potentialAction\":[{\"@type\":\"SearchAction\",\"target\":{\"@type\":\"EntryPoint\",\"urlTemplate\":\"https:\\\/\\\/congovirtuel.com\\\/information\\\/?s={search_term_string}\"},\"query-input\":{\"@type\":\"PropertyValueSpecification\",\"valueRequired\":true,\"valueName\":\"search_term_string\"}}],\"inLanguage\":\"fr-FR\"},{\"@type\":\"Organization\",\"@id\":\"https:\\\/\\\/congovirtuel.com\\\/information\\\/#organization\",\"name\":\"Biblioth\u00e8que Virtuelle de la RDC\",\"url\":\"https:\\\/\\\/congovirtuel.com\\\/information\\\/\",\"logo\":{\"@type\":\"ImageObject\",\"inLanguage\":\"fr-FR\",\"@id\":\"https:\\\/\\\/congovirtuel.com\\\/information\\\/#\\\/schema\\\/logo\\\/image\\\/\",\"url\":\"https:\\\/\\\/congovirtuel.com\\\/information\\\/wp-content\\\/uploads\\\/2018\\\/10\\\/header-info-congovirtuel-vraie.jpg\",\"contentUrl\":\"https:\\\/\\\/congovirtuel.com\\\/information\\\/wp-content\\\/uploads\\\/2018\\\/10\\\/header-info-congovirtuel-vraie.jpg\",\"width\":728,\"height\":90,\"caption\":\"Biblioth\u00e8que Virtuelle de la RDC\"},\"image\":{\"@id\":\"https:\\\/\\\/congovirtuel.com\\\/information\\\/#\\\/schema\\\/logo\\\/image\\\/\"},\"sameAs\":[\"https:\\\/\\\/web.facebook.com\\\/Congovirtuel-763617960319601\\\/?ref=aymt_homepage_panel&amp;amp;amp;amp;amp;amp;amp;amp;amp;amp;amp;eid=ARCoxULa66767kIgF_KYav6VdjXTI4yk_LW4yoVO9s6NXpysgb7Cb65vpxcxgqzOAKvIbLQxaAETcqHT\",\"https:\\\/\\\/x.com\\\/congovirtuel\",\"https:\\\/\\\/www.youtube.com\\\/channel\\\/UCkFfprYzGgS3EWNpeMXpToQ?view_as=subscriber\"]},{\"@type\":\"Person\",\"@id\":\"https:\\\/\\\/congovirtuel.com\\\/information\\\/#\\\/schema\\\/person\\\/739a44bf7990966cb53d58d2fdeca0b6\",\"name\":\"infocongovirtuel\",\"image\":{\"@type\":\"ImageObject\",\"inLanguage\":\"fr-FR\",\"@id\":\"https:\\\/\\\/secure.gravatar.com\\\/avatar\\\/4d76991aa72469f0eb22e772586c99113c6997f88da636a9db8f2ce3a2c05e69?s=96&d=mm&r=g\",\"url\":\"https:\\\/\\\/secure.gravatar.com\\\/avatar\\\/4d76991aa72469f0eb22e772586c99113c6997f88da636a9db8f2ce3a2c05e69?s=96&d=mm&r=g\",\"contentUrl\":\"https:\\\/\\\/secure.gravatar.com\\\/avatar\\\/4d76991aa72469f0eb22e772586c99113c6997f88da636a9db8f2ce3a2c05e69?s=96&d=mm&r=g\",\"caption\":\"infocongovirtuel\"},\"url\":\"https:\\\/\\\/congovirtuel.com\\\/information\\\/author\\\/infocongovirtuel\\\/\"}]}<\/script>\n<!-- \/ Yoast SEO plugin. -->","yoast_head_json":{"title":"RDC : John Kerry, envoy\u00e9 sp\u00e9cial de Joe Biden pour le climat, en visite \u00e0 Kinshasa du 3 au 5 octobre - Actualit\u00e9s congolaises et internationales","robots":{"index":"index","follow":"follow","max-snippet":"max-snippet:-1","max-image-preview":"max-image-preview:large","max-video-preview":"max-video-preview:-1"},"canonical":"https:\/\/congovirtuel.com\/information\/rdc-john-kerry-envoye-special-de-joe-biden-pour-le-climat-en-visite-a-kinshasa-du-3-au-5-octobre\/","og_locale":"fr_FR","og_type":"article","og_title":"RDC : John Kerry, envoy\u00e9 sp\u00e9cial de Joe Biden pour le climat, en visite \u00e0 Kinshasa du 3 au 5 octobre - Actualit\u00e9s congolaises et internationales","og_description":"L\u2019envoy\u00e9 sp\u00e9cial du pr\u00e9sident am\u00e9ricain Joe Biden pour le Climat, John Kerry, s\u00e9journera \u00e0 Kinshasa, en R\u00e9publique d\u00e9mocratique du Congo, du 3 au 5 octobre 2022. C\u2019est ce qu\u2019indique une d\u00e9p\u00eache de l\u2019ambassade des \u00c9tats-Unis d\u2019Am\u00e9rique ce samedi. D\u2019apr\u00e8s la m\u00eame source, John Kerry arrive au pays de F\u00e9lix Tshisekedi pour participer \u00e0 la Pr\u00e9-COP, une r\u00e9union pr\u00e9paratoire se tenant un mois avant la 27\u00e8me Conf\u00e9rence des Parties \u00e0 la CCNUCC qui aura lieu \u00e0 Charm el-Cheikh en \u00c9gypte du 6 au 18 novembre 2022. En outre, John Kerry se&hellip;","og_url":"https:\/\/congovirtuel.com\/information\/rdc-john-kerry-envoye-special-de-joe-biden-pour-le-climat-en-visite-a-kinshasa-du-3-au-5-octobre\/","og_site_name":"Actualit\u00e9s congolaises et internationales","article_publisher":"https:\/\/web.facebook.com\/Congovirtuel-763617960319601\/?ref=aymt_homepage_panel&amp%3bamp%3bamp%3bamp%3bamp%3bamp%3bamp%3bamp%3bamp%3bamp%3bamp%3beid=ARCoxULa66767kIgF_KYav6VdjXTI4yk_LW4yoVO9s6NXpysgb7Cb65vpxcxgqzOAKvIbLQxaAETcqHT","article_published_time":"2022-10-01T15:09:08+00:00","og_image":[{"width":1080,"height":610,"url":"https:\/\/congovirtuel.com\/information\/wp-content\/uploads\/2022\/10\/Kerry_Biden.jpg","type":"image\/jpeg"}],"author":"infocongovirtuel","twitter_card":"summary_large_image","twitter_creator":"@congovirtuel","twitter_site":"@congovirtuel","twitter_misc":{"\u00c9crit par":"infocongovirtuel","Dur\u00e9e de lecture estim\u00e9e":"1 minute"},"schema":{"@context":"https:\/\/schema.org","@graph":[{"@type":"Article","@id":"https:\/\/congovirtuel.com\/information\/rdc-john-kerry-envoye-special-de-joe-biden-pour-le-climat-en-visite-a-kinshasa-du-3-au-5-octobre\/#article","isPartOf":{"@id":"https:\/\/congovirtuel.com\/information\/rdc-john-kerry-envoye-special-de-joe-biden-pour-le-climat-en-visite-a-kinshasa-du-3-au-5-octobre\/"},"author":{"name":"infocongovirtuel","@id":"https:\/\/congovirtuel.com\/information\/#\/schema\/person\/739a44bf7990966cb53d58d2fdeca0b6"},"headline":"RDC : John Kerry, envoy\u00e9 sp\u00e9cial de Joe Biden pour le climat, en visite \u00e0 Kinshasa du 3 au 5 octobre","datePublished":"2022-10-01T15:09:08+00:00","mainEntityOfPage":{"@id":"https:\/\/congovirtuel.com\/information\/rdc-john-kerry-envoye-special-de-joe-biden-pour-le-climat-en-visite-a-kinshasa-du-3-au-5-octobre\/"},"wordCount":169,"commentCount":0,"publisher":{"@id":"https:\/\/congovirtuel.com\/information\/#organization"},"image":{"@id":"https:\/\/congovirtuel.com\/information\/rdc-john-kerry-envoye-special-de-joe-biden-pour-le-climat-en-visite-a-kinshasa-du-3-au-5-octobre\/#primaryimage"},"thumbnailUrl":"https:\/\/congovirtuel.com\/information\/wp-content\/uploads\/2022\/10\/Kerry_Biden.jpg","articleSection":["Environnement"],"inLanguage":"fr-FR","potentialAction":[{"@type":"CommentAction","name":"Comment","target":["https:\/\/congovirtuel.com\/information\/rdc-john-kerry-envoye-special-de-joe-biden-pour-le-climat-en-visite-a-kinshasa-du-3-au-5-octobre\/#respond"]}]},{"@type":"WebPage","@id":"https:\/\/congovirtuel.com\/information\/rdc-john-kerry-envoye-special-de-joe-biden-pour-le-climat-en-visite-a-kinshasa-du-3-au-5-octobre\/","url":"https:\/\/congovirtuel.com\/information\/rdc-john-kerry-envoye-special-de-joe-biden-pour-le-climat-en-visite-a-kinshasa-du-3-au-5-octobre\/","name":"RDC : John Kerry, envoy\u00e9 sp\u00e9cial de Joe Biden pour le climat, en visite \u00e0 Kinshasa du 3 au 5 octobre - Actualit\u00e9s congolaises et internationales","isPartOf":{"@id":"https:\/\/congovirtuel.com\/information\/#website"},"primaryImageOfPage":{"@id":"https:\/\/congovirtuel.com\/information\/rdc-john-kerry-envoye-special-de-joe-biden-pour-le-climat-en-visite-a-kinshasa-du-3-au-5-octobre\/#primaryimage"},"image":{"@id":"https:\/\/congovirtuel.com\/information\/rdc-john-kerry-envoye-special-de-joe-biden-pour-le-climat-en-visite-a-kinshasa-du-3-au-5-octobre\/#primaryimage"},"thumbnailUrl":"https:\/\/congovirtuel.com\/information\/wp-content\/uploads\/2022\/10\/Kerry_Biden.jpg","datePublished":"2022-10-01T15:09:08+00:00","breadcrumb":{"@id":"https:\/\/congovirtuel.com\/information\/rdc-john-kerry-envoye-special-de-joe-biden-pour-le-climat-en-visite-a-kinshasa-du-3-au-5-octobre\/#breadcrumb"},"inLanguage":"fr-FR","potentialAction":[{"@type":"ReadAction","target":["https:\/\/congovirtuel.com\/information\/rdc-john-kerry-envoye-special-de-joe-biden-pour-le-climat-en-visite-a-kinshasa-du-3-au-5-octobre\/"]}]},{"@type":"ImageObject","inLanguage":"fr-FR","@id":"https:\/\/congovirtuel.com\/information\/rdc-john-kerry-envoye-special-de-joe-biden-pour-le-climat-en-visite-a-kinshasa-du-3-au-5-octobre\/#primaryimage","url":"https:\/\/congovirtuel.com\/information\/wp-content\/uploads\/2022\/10\/Kerry_Biden.jpg","contentUrl":"https:\/\/congovirtuel.com\/information\/wp-content\/uploads\/2022\/10\/Kerry_Biden.jpg","width":1080,"height":610},{"@type":"BreadcrumbList","@id":"https:\/\/congovirtuel.com\/information\/rdc-john-kerry-envoye-special-de-joe-biden-pour-le-climat-en-visite-a-kinshasa-du-3-au-5-octobre\/#breadcrumb","itemListElement":[{"@type":"ListItem","position":1,"name":"Accueil","item":"https:\/\/congovirtuel.com\/information\/"},{"@type":"ListItem","position":2,"name":"RDC : John Kerry, envoy\u00e9 sp\u00e9cial de Joe Biden pour le climat, en visite \u00e0 Kinshasa du 3 au 5 octobre"}]},{"@type":"WebSite","@id":"https:\/\/congovirtuel.com\/information\/#website","url":"https:\/\/congovirtuel.com\/information\/","name":"Actualit\u00e9s congolaises et internationales","description":"site d&#039;analyse et de traitement d&#039;information","publisher":{"@id":"https:\/\/congovirtuel.com\/information\/#organization"},"potentialAction":[{"@type":"SearchAction","target":{"@type":"EntryPoint","urlTemplate":"https:\/\/congovirtuel.com\/information\/?s={search_term_string}"},"query-input":{"@type":"PropertyValueSpecification","valueRequired":true,"valueName":"search_term_string"}}],"inLanguage":"fr-FR"},{"@type":"Organization","@id":"https:\/\/congovirtuel.com\/information\/#organization","name":"Biblioth\u00e8que Virtuelle de la RDC","url":"https:\/\/congovirtuel.com\/information\/","logo":{"@type":"ImageObject","inLanguage":"fr-FR","@id":"https:\/\/congovirtuel.com\/information\/#\/schema\/logo\/image\/","url":"https:\/\/congovirtuel.com\/information\/wp-content\/uploads\/2018\/10\/header-info-congovirtuel-vraie.jpg","contentUrl":"https:\/\/congovirtuel.com\/information\/wp-content\/uploads\/2018\/10\/header-info-congovirtuel-vraie.jpg","width":728,"height":90,"caption":"Biblioth\u00e8que Virtuelle de la RDC"},"image":{"@id":"https:\/\/congovirtuel.com\/information\/#\/schema\/logo\/image\/"},"sameAs":["https:\/\/web.facebook.com\/Congovirtuel-763617960319601\/?ref=aymt_homepage_panel&amp;amp;amp;amp;amp;amp;amp;amp;amp;amp;amp;eid=ARCoxULa66767kIgF_KYav6VdjXTI4yk_LW4yoVO9s6NXpysgb7Cb65vpxcxgqzOAKvIbLQxaAETcqHT","https:\/\/x.com\/congovirtuel","https:\/\/www.youtube.com\/channel\/UCkFfprYzGgS3EWNpeMXpToQ?view_as=subscriber"]},{"@type":"Person","@id":"https:\/\/congovirtuel.com\/information\/#\/schema\/person\/739a44bf7990966cb53d58d2fdeca0b6","name":"infocongovirtuel","image":{"@type":"ImageObject","inLanguage":"fr-FR","@id":"https:\/\/secure.gravatar.com\/avatar\/4d76991aa72469f0eb22e772586c99113c6997f88da636a9db8f2ce3a2c05e69?s=96&d=mm&r=g","url":"https:\/\/secure.gravatar.com\/avatar\/4d76991aa72469f0eb22e772586c99113c6997f88da636a9db8f2ce3a2c05e69?s=96&d=mm&r=g","contentUrl":"https:\/\/secure.gravatar.com\/avatar\/4d76991aa72469f0eb22e772586c99113c6997f88da636a9db8f2ce3a2c05e69?s=96&d=mm&r=g","caption":"infocongovirtuel"},"url":"https:\/\/congovirtuel.com\/information\/author\/infocongovirtuel\/"}]}},"gt_translate_keys":[{"key":"link","format":"url"}],"_links":{"self":[{"href":"https:\/\/congovirtuel.com\/information\/wp-json\/wp\/v2\/posts\/20516","targetHints":{"allow":["GET"]}}],"collection":[{"href":"https:\/\/congovirtuel.com\/information\/wp-json\/wp\/v2\/posts"}],"about":[{"href":"https:\/\/congovirtuel.com\/information\/wp-json\/wp\/v2\/types\/post"}],"author":[{"embeddable":true,"href":"https:\/\/congovirtuel.com\/information\/wp-json\/wp\/v2\/users\/1"}],"replies":[{"embeddable":true,"href":"https:\/\/congovirtuel.com\/information\/wp-json\/wp\/v2\/comments?post=20516"}],"version-history":[{"count":1,"href":"https:\/\/congovirtuel.com\/information\/wp-json\/wp\/v2\/posts\/20516\/revisions"}],"predecessor-version":[{"id":20517,"href":"https:\/\/congovirtuel.com\/information\/wp-json\/wp\/v2\/posts\/20516\/revisions\/20517"}],"wp:featuredmedia":[{"embeddable":true,"href":"https:\/\/congovirtuel.com\/information\/wp-json\/wp\/v2\/media\/20515"}],"wp:attachment":[{"href":"https:\/\/congovirtuel.com\/information\/wp-json\/wp\/v2\/media?parent=20516"}],"wp:term":[{"taxonomy":"category","embeddable":true,"href":"https:\/\/congovirtuel.com\/information\/wp-json\/wp\/v2\/categories?post=20516"},{"taxonomy":"post_tag","embeddable":true,"href":"https:\/\/congovirtuel.com\/information\/wp-json\/wp\/v2\/tags?post=20516"}],"curies":[{"name":"wp","href":"https:\/\/api.w.org\/{rel}","templated":true}]}}