{"id":20550,"date":"2022-10-05T07:09:45","date_gmt":"2022-10-05T06:09:45","guid":{"rendered":"https:\/\/congovirtuel.com\/information\/?p=20550"},"modified":"2022-10-05T07:09:45","modified_gmt":"2022-10-05T06:09:45","slug":"les-delegations-etrangeres-se-succedent-a-panzi-mais-mukwege-hesite-a-se-jeter-dans-larene-electorale","status":"publish","type":"post","link":"https:\/\/congovirtuel.com\/information\/les-delegations-etrangeres-se-succedent-a-panzi-mais-mukwege-hesite-a-se-jeter-dans-larene-electorale\/","title":{"rendered":"Les d\u00e9l\u00e9gations \u00e9trang\u00e8res se succ\u00e8dent \u00e0 Panzi mais Mukwege h\u00e9site \u00e0 se jeter dans l\u2019ar\u00e8ne \u00e9lectorale","gt_translate_keys":[{"key":"rendered","format":"text"}]},"content":{"rendered":"<p>A l\u2019h\u00f4pital de Panzi, o\u00f9 se succ\u00e8dent les d\u00e9l\u00e9gations \u00e9trang\u00e8res, le Prix Nobel de la paix 2018 r\u00e9fute ceux qui l\u2019accusent d\u2019\u00eatre \u00ab l\u2019homme des Blancs \u00bb. La campagne pour les \u00e9lections de fin 2023 fait d\u00e9j\u00e0 du bruit.<\/p>\n<p>Lorsque les visiteurs de marque \u2013 le couple royal en juin dernier ou Fran\u00e7ois Hollande fin septembre \u2013 rendent visite au Dr Mukwege, le passage devant des jeunes qui brandissent des banderoles devant l\u2019h\u00f4pital de Panzi est oblig\u00e9. Les textes rappellent qu\u2019il faut \u00ab <em>mettre fin \u00e0 la culture de l\u2019impunit\u00e9 \u00bb, \u00ab briser la spirale des violences \u00bb.<\/em><\/p>\n<p>Auparavant, dans le quartier populaire du rond-point Essence, aucun visiteur n\u2019a pu manquer un immense portrait du docteur surmontant les embouteillages, et des effigies du Prix Nobel de la paix ont fait leur apparition dans la ville. En outre, des intellectuels, r\u00e9unis \u00e0 l\u2019initiative du professeur Maindo (Universit\u00e9 de Kisangani), ont lanc\u00e9 un appel incitant le m\u00e9decin \u00e0 se porter candidat aux prochaines \u00e9lections, tandis qu\u2019une nouvelle association, la \u00ab Synergie des amis des valeurs de Mukwege \u00bb (SAM), a tenu une premi\u00e8re r\u00e9union dans la r\u00e9gion d\u2019origine de son h\u00e9ros.<\/p>\n<p>Entre deux visites officielles, le \u00ab MD \u00bb (m\u00e9decin directeur) a retrouv\u00e9 son bureau familier et la file de ses patientes. Cependant, devant les \u00e9tag\u00e8res sur lesquelles s\u2019alignent les photos prises aux c\u00f4t\u00e9s des grands de ce monde, ce n\u2019est pas de cette gloire-l\u00e0 que nous entretient le Prix Nobel de la paix.<\/p>\n<p>Le \u00ab plus d\u00e9cor\u00e9 de tous les Congolais \u00bb, comme l\u2019appelle la presse locale, entend, avant tout, rappeler l\u2019essentiel, c\u2019est-\u00e0-dire ses efforts pour prodiguer aux plus vuln\u00e9rables de ses compatriotes une m\u00e9decine de qualit\u00e9 et des soins holistiques.<\/p>\n<h3><strong>Pas \u00ab l\u2019homme des Blancs \u00bb<\/strong><\/h3>\n<p>Visiblement bless\u00e9 par certaines critiques, Mukwege veut rappeler que, sans distinction aucune, il se soucie de tous les Congolais, quelle que soit leur origine ethnique, et qu\u2019en aucune mani\u00e8re, il n\u2019est \u00ab l\u2019homme des Blancs \u00bb, le favori des Occidentaux, qualificatifs qui lui ont \u00e9t\u00e9 ass\u00e9n\u00e9s lors de ses r\u00e9cents voyages. \u00ab Comment des Congolais qui vivent, eux, en Europe, chez les Blancs, peuvent-ils m\u2019appeler ainsi, moi qui, reclus dans mon h\u00f4pital, vis au milieu des Congolais ? \u00bb Il nie aussi \u00eatre l\u2019\u00ab homme des Bashi \u00bb, ou un natif de Kaziba, le village d\u2019origine o\u00f9 son p\u00e8re \u00e9tait pasteur protestant.<\/p>\n<p><img loading=\"lazy\" decoding=\"async\" class=\"alignnone size-medium wp-image-20551\" src=\"https:\/\/congovirtuel.com\/information\/wp-content\/uploads\/2022\/10\/Mukwege_and_Sophie2-507x365.jpg\" alt=\"\" width=\"507\" height=\"365\" srcset=\"https:\/\/congovirtuel.com\/information\/wp-content\/uploads\/2022\/10\/Mukwege_and_Sophie2-507x365.jpg 507w, https:\/\/congovirtuel.com\/information\/wp-content\/uploads\/2022\/10\/Mukwege_and_Sophie2.jpg 640w\" sizes=\"auto, (max-width: 507px) 100vw, 507px\" \/><\/p>\n<p>Pour \u00e9tayer la d\u00e9monstration, il ne faut pas aller loin. Dans le couloir, nous croisons un \u00e9tudiant longiligne, fils de pasteur lui aussi, qui rappelle qu\u2019en m\u00eame temps que treize autres Banyamulenge (Tutsis congolais vivant sur les Hauts-Plateaux), il se trouve en stage \u00e0 Panzi o\u00f9 il termine ses \u00e9tudes de m\u00e9decine. Dans la file de ses patientes, le docteur d\u00e9couvre une jeune femme elle aussi venue de Minembwe, sur les hautes montagnes surplombant la fronti\u00e8re du Burundi. Fille d\u2019une m\u00e8re c\u00e9libataire viol\u00e9e par des militaires lors des premi\u00e8res guerres du Congo, la jeune femme a \u00e9t\u00e9 \u00e0 son tour victime d\u2019un viol il y a deux semaines. En d\u00e9sespoir de cause, elle s\u2019est dirig\u00e9e vers Panzi, car les membres de sa famille \u2013 des Tutsis congolais menac\u00e9s par des bandes arm\u00e9es \u2013 refusent toujours de quitter leur village de montagne pour aller grossir les camps de d\u00e9plac\u00e9s dans la plaine.<\/p>\n<h3><strong>\u00ab Lutter contre l\u2019impunit\u00e9 \u00bb<\/strong><\/h3>\n<p>La col\u00e8re de Denis Mukwege est demeur\u00e9e intacte : \u00ab Il est d\u00e9sormais question d\u2019exiger le d\u00e9part de la Monusco, la force des Nations unies au Congo. Apr\u00e8s plus de vingt ans, pourquoi pas ? Certes, elle a \u00e9chou\u00e9 \u00e0 pacifier la r\u00e9gion, \u00e0 prot\u00e9ger les populations. Mais n\u2019oublions pas qu\u2019en p\u00e9riode \u00e9lectorale, c\u2019est elle qui observe la r\u00e9gularit\u00e9 du scrutin\u2026 Il ne s\u2019agit donc pas de vouloir \u00e9carter un t\u00e9moin g\u00eanant\u2026 En outre, il faut s\u2019assurer de la capacit\u00e9 de l\u2019arm\u00e9e congolaise \u00e0 la remplacer. Donc assainir, pratiquer le \u201cvetting\u201d, c\u2019est-\u00e0-dire la mise \u00e0 l\u2019\u00e9cart des \u00e9l\u00e9ments v\u00e9reux introduits dans l\u2019arm\u00e9e lors des brassages successifs. Prendre en charge le suivi psychologique des anciens enfants soldats enr\u00f4l\u00e9s dans les troupes et devenus bourreaux \u00e0 leur tour. Bref, faire pr\u00e9valoir la justice et lutter contre l\u2019impunit\u00e9. \u00bb<\/p>\n<p>A l\u2019heure o\u00f9 les autorit\u00e9s de Kinshasa ont fait appel aux troupes de la Communaut\u00e9 est-africaine pour tenter de r\u00e9tablir l\u2019ordre dans l\u2019est du pays, Mukwege ne cache pas son scepticisme : \u00ab <em>Que peuvent nous apporter les troupes du Soudan du Sud qui peinent \u00e0 contr\u00f4ler leur propre pays, des militaires burundais qui, au Sud-Kivu, poursuivent surtout leurs propres opposants, des Ougandais qui ne contr\u00f4lent pas les miliciens musulmans ADF dans l\u2019Ituri, des K\u00e9nyans qui entrent via le territoire occup\u00e9 par le M23 ? Et qui va assurer le commandement de troupes \u00e9trang\u00e8res venues de cinq pays diff\u00e9rents ? \u00bb<\/em><\/p>\n<h3><strong>\u00ab C\u2019est depuis 2014 que moi, je me soucie de l\u2019Ukraine\u2026 \u00bb<\/strong><\/h3>\n<p>Bien s\u00fbr, il y a l\u2019Ukraine, qui mobilise tant les Europ\u00e9ens\u2026 \u00ab <em>Mais la souffrance n\u2019est-elle pas universelle ? Les droits de l\u2019Homme seraient-ils fonction de la couleur de la peau, \u00e0 g\u00e9om\u00e9trie variable ? \u00bb<\/em> Le Prix Nobel de la paix 2018 rappelle d\u2019ailleurs que c\u2019est depuis 2014 qu\u2019il s\u2019est lui-m\u00eame souci\u00e9 de l\u2019Ukraine, lors de l\u2019occupation du Donbass, que des sp\u00e9cialistes venus de Panzi avaient encadr\u00e9 les femmes ukrainiennes victimes de violences. \u00ab <em>En Ukraine, en Centrafrique, en Guin\u00e9e, le mod\u00e8le \u201cholistique\u201d mis au point \u00e0 Panzi et reproductible ailleurs est reconnu. Partout dans le monde, les femmes sont les premi\u00e8res victimes des guerres, et en la mati\u00e8re, les Congolaises ont beaucoup \u00e0 partager avec les autres. Chez nous, les femmes ont appris \u00e0 parler, elles savent que le silence est le p\u00e8re, le complice de tous les bourreaux.<\/em> \u00bb<\/p>\n<p>Denis Mukwege, qui vit depuis plus de deux d\u00e9cennies avec la souffrance des femmes et s\u2019efforce d\u2019y porter rem\u00e8de, fait face, plus que jamais, aux jalousies sinon aux calomnies. Sur la d\u00e9fensive, il ass\u00e8ne : \u00ab <em>L\u2019expansion de l\u2019h\u00f4pital de Panzi est due au fait que les probl\u00e8mes persistent\u2026 J\u2019emploie ici plus de mille travailleurs. O\u00f9 croyez-vous que j\u2019ai investi les prix, les r\u00e9compenses, les d\u00e9corations ? Nulle part ailleurs qu\u2019\u00e0 Panzi ! Mes \u00e9quipes sont les derni\u00e8res \u00e0 encore se rendre \u00e0 Minembwe dans les Hauts-Plateaux, \u00e0 travailler dans l\u2019h\u00f4pital de Bulanga, \u00e0 Mulamba, \u00e0 Kisangani\u2026 Depuis le d\u00e9but, ceux qui me soutiennent \u00e0 travers tout, c\u2019est la Fondation Roi Baudouin, Georges Forrest, Aviation sans Fronti\u00e8res qui transporte les malades, Guy-Bernard Cadi\u00e8re qui a rassembl\u00e9 les fonds permettant la construction de cette nouvelle aile de l\u2019h\u00f4pital, sans \u00e9quivalent au Congo \u00bb<\/em>.<\/p>\n<h3><strong>\u00ab Je vis avec qui, sinon avec des Congolais ? \u00bb<\/strong><\/h3>\n<p>Sans aucun doute, s\u2019entendre dire qu\u2019il serait un \u00ab Congolais blanc \u00bb, favori des Europ\u00e9ens, fait mal \u00e0 Denis Mukwege : \u00ab Entre mes d\u00e9placements professionnels, je vis o\u00f9 ? Ici, au Congo, dans une aile de mon h\u00f4pital dont je ne peux m\u2019\u00e9loigner, pour des raisons de s\u00e9curit\u00e9. Et je vis avec qui, sinon avec des Congolais ? Parmi ceux qui m\u2019accusent, beaucoup vivent en Europe, beaucoup plus confortablement. Je ne suis pas du genre \u00e0 m\u2019acheter des chaussures co\u00fbtant des milliers d\u2019euros. \u00bb<\/p>\n<p><img loading=\"lazy\" decoding=\"async\" class=\"alignnone size-medium wp-image-20552\" src=\"https:\/\/congovirtuel.com\/information\/wp-content\/uploads\/2022\/10\/Mukwege_and_Sophie3-252x365.jpg\" alt=\"\" width=\"252\" height=\"365\" srcset=\"https:\/\/congovirtuel.com\/information\/wp-content\/uploads\/2022\/10\/Mukwege_and_Sophie3-252x365.jpg 252w, https:\/\/congovirtuel.com\/information\/wp-content\/uploads\/2022\/10\/Mukwege_and_Sophie3-580x840.jpg 580w, https:\/\/congovirtuel.com\/information\/wp-content\/uploads\/2022\/10\/Mukwege_and_Sophie3-768x1112.jpg 768w, https:\/\/congovirtuel.com\/information\/wp-content\/uploads\/2022\/10\/Mukwege_and_Sophie3.jpg 883w\" sizes=\"auto, (max-width: 252px) 100vw, 252px\" \/><\/p>\n<p>Alors que se rapprochent les \u00e9ch\u00e9ances \u00e9lectorales, pr\u00e9vues pour d\u00e9cembre 2023, il est cependant une question \u00e0 laquelle Denis Mukwege refuse encore de r\u00e9pondre : celle de son \u00e9ventuelle candidature au scrutin pr\u00e9sidentiel. Est-il trop t\u00f4t pour se jeter \u00e0 l\u2019eau, n\u2019a-t-il pas encore nou\u00e9 les alliances politiques indispensables avec d\u2019autres candidats, cr\u00e9\u00e9 un vaste mouvement militant, r\u00e9dig\u00e9 un programme aussi \u00ab holistique \u00bb que les soins prodigu\u00e9s \u00e0 ses patientes, se contentant de plaider en faveur de la justice et du rapport Mapping en imaginant que cela pourrait suffire ? D\u2019aucuns le lui reprochent, d\u2019autres craignent pour sa s\u00e9curit\u00e9 et lui conseillent la prudence, car les coups peuvent aussi \u00eatre ass\u00e9n\u00e9s par des rivaux potentiels, sinon par un pouvoir en place qui n\u2019entend pas rater sa r\u00e9\u00e9lection.<\/p>\n<p>M\u00eame si l\u2019homme en blouse blanche n\u2019a pas encore r\u00e9v\u00e9l\u00e9 ses v\u00e9ritables intentions, une autre guerre a d\u00e9j\u00e0 commenc\u00e9, celle des rumeurs contradictoires, des rivalit\u00e9s entre courtisans ou adversaires. A Bukavu, \u00e0 Goma, \u00e0 Kisangani, parmi les \u00e9tudiants et les classes moyennes \u00e9mergentes comme au sein de la soci\u00e9t\u00e9 civile, le nom du m\u00e9decin circule, et au-del\u00e0 des fronti\u00e8res, le Prix Nobel de la paix est aujourd\u2019hui le plus connu, le plus estim\u00e9 des Congolais.<\/p>\n<p>A-t-il pour autant envie de se lancer dans la bataille ? Malgr\u00e9 les encouragements de ses amis et, sans doute, ses d\u00e9sirs profonds, les d\u00e9s ne sont pas encore jet\u00e9s.<\/p>\n<p>&nbsp;<\/p>\n<p><strong><em>Collette Braeckman pour le Soir<\/em><\/strong><\/p>\n","protected":false,"gt_translate_keys":[{"key":"rendered","format":"html"}]},"excerpt":{"rendered":"<p>A l\u2019h\u00f4pital de Panzi, o\u00f9 se succ\u00e8dent les d\u00e9l\u00e9gations \u00e9trang\u00e8res, le Prix Nobel de la paix 2018 r\u00e9fute ceux qui l\u2019accusent d\u2019\u00eatre \u00ab l\u2019homme des Blancs \u00bb. La campagne pour les \u00e9lections de fin 2023 fait d\u00e9j\u00e0 du bruit. Lorsque les visiteurs de marque \u2013 le couple royal en juin dernier ou Fran\u00e7ois Hollande fin septembre \u2013 rendent visite au Dr Mukwege, le passage devant des jeunes qui brandissent des banderoles devant l\u2019h\u00f4pital de Panzi est oblig\u00e9. Les textes rappellent qu\u2019il faut \u00ab mettre fin \u00e0 la culture de l\u2019impunit\u00e9&hellip;<\/p>\n","protected":false,"gt_translate_keys":[{"key":"rendered","format":"html"}]},"author":1,"featured_media":20549,"comment_status":"open","ping_status":"open","sticky":false,"template":"","format":"standard","meta":{"_crdt_document":"","footnotes":""},"categories":[2],"tags":[37326,37328,37327],"class_list":["post-20550","post","type-post","status-publish","format-standard","has-post-thumbnail","hentry","category-politique","tag-mukwege","tag-mukwege-candidat-president-republique","tag-panzi"],"gutentor_comment":0,"yoast_head":"<!-- This site is optimized with the Yoast SEO plugin v27.5 - https:\/\/yoast.com\/product\/yoast-seo-wordpress\/ -->\n<title>Les d\u00e9l\u00e9gations \u00e9trang\u00e8res se succ\u00e8dent \u00e0 Panzi mais Mukwege h\u00e9site \u00e0 se jeter dans l\u2019ar\u00e8ne \u00e9lectorale - Actualit\u00e9s congolaises et internationales<\/title>\n<meta name=\"robots\" content=\"index, follow, max-snippet:-1, max-image-preview:large, max-video-preview:-1\" \/>\n<link rel=\"canonical\" href=\"https:\/\/congovirtuel.com\/information\/les-delegations-etrangeres-se-succedent-a-panzi-mais-mukwege-hesite-a-se-jeter-dans-larene-electorale\/\" \/>\n<meta property=\"og:locale\" content=\"fr_FR\" \/>\n<meta property=\"og:type\" content=\"article\" \/>\n<meta property=\"og:title\" content=\"Les d\u00e9l\u00e9gations \u00e9trang\u00e8res se succ\u00e8dent \u00e0 Panzi mais Mukwege h\u00e9site \u00e0 se jeter dans l\u2019ar\u00e8ne \u00e9lectorale - Actualit\u00e9s congolaises et internationales\" \/>\n<meta property=\"og:description\" content=\"A l\u2019h\u00f4pital de Panzi, o\u00f9 se succ\u00e8dent les d\u00e9l\u00e9gations \u00e9trang\u00e8res, le Prix Nobel de la paix 2018 r\u00e9fute ceux qui l\u2019accusent d\u2019\u00eatre \u00ab l\u2019homme des Blancs \u00bb. La campagne pour les \u00e9lections de fin 2023 fait d\u00e9j\u00e0 du bruit. Lorsque les visiteurs de marque \u2013 le couple royal en juin dernier ou Fran\u00e7ois Hollande fin septembre \u2013 rendent visite au Dr Mukwege, le passage devant des jeunes qui brandissent des banderoles devant l\u2019h\u00f4pital de Panzi est oblig\u00e9. Les textes rappellent qu\u2019il faut \u00ab mettre fin \u00e0 la culture de l\u2019impunit\u00e9&hellip;\" \/>\n<meta property=\"og:url\" content=\"https:\/\/congovirtuel.com\/information\/les-delegations-etrangeres-se-succedent-a-panzi-mais-mukwege-hesite-a-se-jeter-dans-larene-electorale\/\" \/>\n<meta property=\"og:site_name\" content=\"Actualit\u00e9s congolaises et internationales\" \/>\n<meta property=\"article:publisher\" content=\"https:\/\/web.facebook.com\/Congovirtuel-763617960319601\/?ref=aymt_homepage_panel&amp;amp%3bamp%3bamp%3bamp%3bamp%3bamp%3bamp%3bamp%3bamp%3bamp%3bamp%3beid=ARCoxULa66767kIgF_KYav6VdjXTI4yk_LW4yoVO9s6NXpysgb7Cb65vpxcxgqzOAKvIbLQxaAETcqHT\" \/>\n<meta property=\"article:published_time\" content=\"2022-10-05T06:09:45+00:00\" \/>\n<meta property=\"og:image\" content=\"https:\/\/congovirtuel.com\/information\/wp-content\/uploads\/2022\/10\/Mukwege_and_Sophie.jpg\" \/>\n\t<meta property=\"og:image:width\" content=\"1080\" \/>\n\t<meta property=\"og:image:height\" content=\"914\" \/>\n\t<meta property=\"og:image:type\" content=\"image\/jpeg\" \/>\n<meta name=\"author\" content=\"infocongovirtuel\" \/>\n<meta name=\"twitter:card\" content=\"summary_large_image\" \/>\n<meta name=\"twitter:creator\" content=\"@congovirtuel\" \/>\n<meta name=\"twitter:site\" content=\"@congovirtuel\" \/>\n<meta name=\"twitter:label1\" content=\"\u00c9crit par\" \/>\n\t<meta name=\"twitter:data1\" content=\"infocongovirtuel\" \/>\n\t<meta name=\"twitter:label2\" content=\"Dur\u00e9e de lecture estim\u00e9e\" \/>\n\t<meta name=\"twitter:data2\" content=\"8 minutes\" \/>\n<script type=\"application\/ld+json\" class=\"yoast-schema-graph\">{\"@context\":\"https:\\\/\\\/schema.org\",\"@graph\":[{\"@type\":\"Article\",\"@id\":\"https:\\\/\\\/congovirtuel.com\\\/information\\\/les-delegations-etrangeres-se-succedent-a-panzi-mais-mukwege-hesite-a-se-jeter-dans-larene-electorale\\\/#article\",\"isPartOf\":{\"@id\":\"https:\\\/\\\/congovirtuel.com\\\/information\\\/les-delegations-etrangeres-se-succedent-a-panzi-mais-mukwege-hesite-a-se-jeter-dans-larene-electorale\\\/\"},\"author\":{\"name\":\"infocongovirtuel\",\"@id\":\"https:\\\/\\\/congovirtuel.com\\\/information\\\/#\\\/schema\\\/person\\\/739a44bf7990966cb53d58d2fdeca0b6\"},\"headline\":\"Les d\u00e9l\u00e9gations \u00e9trang\u00e8res se succ\u00e8dent \u00e0 Panzi mais Mukwege h\u00e9site \u00e0 se jeter dans l\u2019ar\u00e8ne \u00e9lectorale\",\"datePublished\":\"2022-10-05T06:09:45+00:00\",\"mainEntityOfPage\":{\"@id\":\"https:\\\/\\\/congovirtuel.com\\\/information\\\/les-delegations-etrangeres-se-succedent-a-panzi-mais-mukwege-hesite-a-se-jeter-dans-larene-electorale\\\/\"},\"wordCount\":1537,\"commentCount\":0,\"publisher\":{\"@id\":\"https:\\\/\\\/congovirtuel.com\\\/information\\\/#organization\"},\"image\":{\"@id\":\"https:\\\/\\\/congovirtuel.com\\\/information\\\/les-delegations-etrangeres-se-succedent-a-panzi-mais-mukwege-hesite-a-se-jeter-dans-larene-electorale\\\/#primaryimage\"},\"thumbnailUrl\":\"https:\\\/\\\/congovirtuel.com\\\/information\\\/wp-content\\\/uploads\\\/2022\\\/10\\\/Mukwege_and_Sophie.jpg\",\"keywords\":[\"Mukwege\",\"Mukwege candidat pr\u00e9sident r\u00e9publique\",\"Panzi\"],\"articleSection\":[\"Politique\"],\"inLanguage\":\"fr-FR\",\"potentialAction\":[{\"@type\":\"CommentAction\",\"name\":\"Comment\",\"target\":[\"https:\\\/\\\/congovirtuel.com\\\/information\\\/les-delegations-etrangeres-se-succedent-a-panzi-mais-mukwege-hesite-a-se-jeter-dans-larene-electorale\\\/#respond\"]}]},{\"@type\":\"WebPage\",\"@id\":\"https:\\\/\\\/congovirtuel.com\\\/information\\\/les-delegations-etrangeres-se-succedent-a-panzi-mais-mukwege-hesite-a-se-jeter-dans-larene-electorale\\\/\",\"url\":\"https:\\\/\\\/congovirtuel.com\\\/information\\\/les-delegations-etrangeres-se-succedent-a-panzi-mais-mukwege-hesite-a-se-jeter-dans-larene-electorale\\\/\",\"name\":\"Les d\u00e9l\u00e9gations \u00e9trang\u00e8res se succ\u00e8dent \u00e0 Panzi mais Mukwege h\u00e9site \u00e0 se jeter dans l\u2019ar\u00e8ne \u00e9lectorale - Actualit\u00e9s congolaises et internationales\",\"isPartOf\":{\"@id\":\"https:\\\/\\\/congovirtuel.com\\\/information\\\/#website\"},\"primaryImageOfPage\":{\"@id\":\"https:\\\/\\\/congovirtuel.com\\\/information\\\/les-delegations-etrangeres-se-succedent-a-panzi-mais-mukwege-hesite-a-se-jeter-dans-larene-electorale\\\/#primaryimage\"},\"image\":{\"@id\":\"https:\\\/\\\/congovirtuel.com\\\/information\\\/les-delegations-etrangeres-se-succedent-a-panzi-mais-mukwege-hesite-a-se-jeter-dans-larene-electorale\\\/#primaryimage\"},\"thumbnailUrl\":\"https:\\\/\\\/congovirtuel.com\\\/information\\\/wp-content\\\/uploads\\\/2022\\\/10\\\/Mukwege_and_Sophie.jpg\",\"datePublished\":\"2022-10-05T06:09:45+00:00\",\"breadcrumb\":{\"@id\":\"https:\\\/\\\/congovirtuel.com\\\/information\\\/les-delegations-etrangeres-se-succedent-a-panzi-mais-mukwege-hesite-a-se-jeter-dans-larene-electorale\\\/#breadcrumb\"},\"inLanguage\":\"fr-FR\",\"potentialAction\":[{\"@type\":\"ReadAction\",\"target\":[\"https:\\\/\\\/congovirtuel.com\\\/information\\\/les-delegations-etrangeres-se-succedent-a-panzi-mais-mukwege-hesite-a-se-jeter-dans-larene-electorale\\\/\"]}]},{\"@type\":\"ImageObject\",\"inLanguage\":\"fr-FR\",\"@id\":\"https:\\\/\\\/congovirtuel.com\\\/information\\\/les-delegations-etrangeres-se-succedent-a-panzi-mais-mukwege-hesite-a-se-jeter-dans-larene-electorale\\\/#primaryimage\",\"url\":\"https:\\\/\\\/congovirtuel.com\\\/information\\\/wp-content\\\/uploads\\\/2022\\\/10\\\/Mukwege_and_Sophie.jpg\",\"contentUrl\":\"https:\\\/\\\/congovirtuel.com\\\/information\\\/wp-content\\\/uploads\\\/2022\\\/10\\\/Mukwege_and_Sophie.jpg\",\"width\":1080,\"height\":914},{\"@type\":\"BreadcrumbList\",\"@id\":\"https:\\\/\\\/congovirtuel.com\\\/information\\\/les-delegations-etrangeres-se-succedent-a-panzi-mais-mukwege-hesite-a-se-jeter-dans-larene-electorale\\\/#breadcrumb\",\"itemListElement\":[{\"@type\":\"ListItem\",\"position\":1,\"name\":\"Accueil\",\"item\":\"https:\\\/\\\/congovirtuel.com\\\/information\\\/\"},{\"@type\":\"ListItem\",\"position\":2,\"name\":\"Les d\u00e9l\u00e9gations \u00e9trang\u00e8res se succ\u00e8dent \u00e0 Panzi mais Mukwege h\u00e9site \u00e0 se jeter dans l\u2019ar\u00e8ne \u00e9lectorale\"}]},{\"@type\":\"WebSite\",\"@id\":\"https:\\\/\\\/congovirtuel.com\\\/information\\\/#website\",\"url\":\"https:\\\/\\\/congovirtuel.com\\\/information\\\/\",\"name\":\"Actualit\u00e9s congolaises et internationales\",\"description\":\"site d&#039;analyse et de traitement d&#039;information\",\"publisher\":{\"@id\":\"https:\\\/\\\/congovirtuel.com\\\/information\\\/#organization\"},\"potentialAction\":[{\"@type\":\"SearchAction\",\"target\":{\"@type\":\"EntryPoint\",\"urlTemplate\":\"https:\\\/\\\/congovirtuel.com\\\/information\\\/?s={search_term_string}\"},\"query-input\":{\"@type\":\"PropertyValueSpecification\",\"valueRequired\":true,\"valueName\":\"search_term_string\"}}],\"inLanguage\":\"fr-FR\"},{\"@type\":\"Organization\",\"@id\":\"https:\\\/\\\/congovirtuel.com\\\/information\\\/#organization\",\"name\":\"Biblioth\u00e8que Virtuelle de la RDC\",\"url\":\"https:\\\/\\\/congovirtuel.com\\\/information\\\/\",\"logo\":{\"@type\":\"ImageObject\",\"inLanguage\":\"fr-FR\",\"@id\":\"https:\\\/\\\/congovirtuel.com\\\/information\\\/#\\\/schema\\\/logo\\\/image\\\/\",\"url\":\"https:\\\/\\\/congovirtuel.com\\\/information\\\/wp-content\\\/uploads\\\/2018\\\/10\\\/header-info-congovirtuel-vraie.jpg\",\"contentUrl\":\"https:\\\/\\\/congovirtuel.com\\\/information\\\/wp-content\\\/uploads\\\/2018\\\/10\\\/header-info-congovirtuel-vraie.jpg\",\"width\":728,\"height\":90,\"caption\":\"Biblioth\u00e8que Virtuelle de la RDC\"},\"image\":{\"@id\":\"https:\\\/\\\/congovirtuel.com\\\/information\\\/#\\\/schema\\\/logo\\\/image\\\/\"},\"sameAs\":[\"https:\\\/\\\/web.facebook.com\\\/Congovirtuel-763617960319601\\\/?ref=aymt_homepage_panel&amp;amp;amp;amp;amp;amp;amp;amp;amp;amp;amp;eid=ARCoxULa66767kIgF_KYav6VdjXTI4yk_LW4yoVO9s6NXpysgb7Cb65vpxcxgqzOAKvIbLQxaAETcqHT\",\"https:\\\/\\\/x.com\\\/congovirtuel\",\"https:\\\/\\\/www.youtube.com\\\/channel\\\/UCkFfprYzGgS3EWNpeMXpToQ?view_as=subscriber\"]},{\"@type\":\"Person\",\"@id\":\"https:\\\/\\\/congovirtuel.com\\\/information\\\/#\\\/schema\\\/person\\\/739a44bf7990966cb53d58d2fdeca0b6\",\"name\":\"infocongovirtuel\",\"image\":{\"@type\":\"ImageObject\",\"inLanguage\":\"fr-FR\",\"@id\":\"https:\\\/\\\/secure.gravatar.com\\\/avatar\\\/4d76991aa72469f0eb22e772586c99113c6997f88da636a9db8f2ce3a2c05e69?s=96&d=mm&r=g\",\"url\":\"https:\\\/\\\/secure.gravatar.com\\\/avatar\\\/4d76991aa72469f0eb22e772586c99113c6997f88da636a9db8f2ce3a2c05e69?s=96&d=mm&r=g\",\"contentUrl\":\"https:\\\/\\\/secure.gravatar.com\\\/avatar\\\/4d76991aa72469f0eb22e772586c99113c6997f88da636a9db8f2ce3a2c05e69?s=96&d=mm&r=g\",\"caption\":\"infocongovirtuel\"},\"url\":\"https:\\\/\\\/congovirtuel.com\\\/information\\\/author\\\/infocongovirtuel\\\/\"}]}<\/script>\n<!-- \/ Yoast SEO plugin. -->","yoast_head_json":{"title":"Les d\u00e9l\u00e9gations \u00e9trang\u00e8res se succ\u00e8dent \u00e0 Panzi mais Mukwege h\u00e9site \u00e0 se jeter dans l\u2019ar\u00e8ne \u00e9lectorale - Actualit\u00e9s congolaises et internationales","robots":{"index":"index","follow":"follow","max-snippet":"max-snippet:-1","max-image-preview":"max-image-preview:large","max-video-preview":"max-video-preview:-1"},"canonical":"https:\/\/congovirtuel.com\/information\/les-delegations-etrangeres-se-succedent-a-panzi-mais-mukwege-hesite-a-se-jeter-dans-larene-electorale\/","og_locale":"fr_FR","og_type":"article","og_title":"Les d\u00e9l\u00e9gations \u00e9trang\u00e8res se succ\u00e8dent \u00e0 Panzi mais Mukwege h\u00e9site \u00e0 se jeter dans l\u2019ar\u00e8ne \u00e9lectorale - Actualit\u00e9s congolaises et internationales","og_description":"A l\u2019h\u00f4pital de Panzi, o\u00f9 se succ\u00e8dent les d\u00e9l\u00e9gations \u00e9trang\u00e8res, le Prix Nobel de la paix 2018 r\u00e9fute ceux qui l\u2019accusent d\u2019\u00eatre \u00ab l\u2019homme des Blancs \u00bb. La campagne pour les \u00e9lections de fin 2023 fait d\u00e9j\u00e0 du bruit. Lorsque les visiteurs de marque \u2013 le couple royal en juin dernier ou Fran\u00e7ois Hollande fin septembre \u2013 rendent visite au Dr Mukwege, le passage devant des jeunes qui brandissent des banderoles devant l\u2019h\u00f4pital de Panzi est oblig\u00e9. Les textes rappellent qu\u2019il faut \u00ab mettre fin \u00e0 la culture de l\u2019impunit\u00e9&hellip;","og_url":"https:\/\/congovirtuel.com\/information\/les-delegations-etrangeres-se-succedent-a-panzi-mais-mukwege-hesite-a-se-jeter-dans-larene-electorale\/","og_site_name":"Actualit\u00e9s congolaises et internationales","article_publisher":"https:\/\/web.facebook.com\/Congovirtuel-763617960319601\/?ref=aymt_homepage_panel&amp%3bamp%3bamp%3bamp%3bamp%3bamp%3bamp%3bamp%3bamp%3bamp%3bamp%3beid=ARCoxULa66767kIgF_KYav6VdjXTI4yk_LW4yoVO9s6NXpysgb7Cb65vpxcxgqzOAKvIbLQxaAETcqHT","article_published_time":"2022-10-05T06:09:45+00:00","og_image":[{"width":1080,"height":914,"url":"https:\/\/congovirtuel.com\/information\/wp-content\/uploads\/2022\/10\/Mukwege_and_Sophie.jpg","type":"image\/jpeg"}],"author":"infocongovirtuel","twitter_card":"summary_large_image","twitter_creator":"@congovirtuel","twitter_site":"@congovirtuel","twitter_misc":{"\u00c9crit par":"infocongovirtuel","Dur\u00e9e de lecture estim\u00e9e":"8 minutes"},"schema":{"@context":"https:\/\/schema.org","@graph":[{"@type":"Article","@id":"https:\/\/congovirtuel.com\/information\/les-delegations-etrangeres-se-succedent-a-panzi-mais-mukwege-hesite-a-se-jeter-dans-larene-electorale\/#article","isPartOf":{"@id":"https:\/\/congovirtuel.com\/information\/les-delegations-etrangeres-se-succedent-a-panzi-mais-mukwege-hesite-a-se-jeter-dans-larene-electorale\/"},"author":{"name":"infocongovirtuel","@id":"https:\/\/congovirtuel.com\/information\/#\/schema\/person\/739a44bf7990966cb53d58d2fdeca0b6"},"headline":"Les d\u00e9l\u00e9gations \u00e9trang\u00e8res se succ\u00e8dent \u00e0 Panzi mais Mukwege h\u00e9site \u00e0 se jeter dans l\u2019ar\u00e8ne \u00e9lectorale","datePublished":"2022-10-05T06:09:45+00:00","mainEntityOfPage":{"@id":"https:\/\/congovirtuel.com\/information\/les-delegations-etrangeres-se-succedent-a-panzi-mais-mukwege-hesite-a-se-jeter-dans-larene-electorale\/"},"wordCount":1537,"commentCount":0,"publisher":{"@id":"https:\/\/congovirtuel.com\/information\/#organization"},"image":{"@id":"https:\/\/congovirtuel.com\/information\/les-delegations-etrangeres-se-succedent-a-panzi-mais-mukwege-hesite-a-se-jeter-dans-larene-electorale\/#primaryimage"},"thumbnailUrl":"https:\/\/congovirtuel.com\/information\/wp-content\/uploads\/2022\/10\/Mukwege_and_Sophie.jpg","keywords":["Mukwege","Mukwege candidat pr\u00e9sident r\u00e9publique","Panzi"],"articleSection":["Politique"],"inLanguage":"fr-FR","potentialAction":[{"@type":"CommentAction","name":"Comment","target":["https:\/\/congovirtuel.com\/information\/les-delegations-etrangeres-se-succedent-a-panzi-mais-mukwege-hesite-a-se-jeter-dans-larene-electorale\/#respond"]}]},{"@type":"WebPage","@id":"https:\/\/congovirtuel.com\/information\/les-delegations-etrangeres-se-succedent-a-panzi-mais-mukwege-hesite-a-se-jeter-dans-larene-electorale\/","url":"https:\/\/congovirtuel.com\/information\/les-delegations-etrangeres-se-succedent-a-panzi-mais-mukwege-hesite-a-se-jeter-dans-larene-electorale\/","name":"Les d\u00e9l\u00e9gations \u00e9trang\u00e8res se succ\u00e8dent \u00e0 Panzi mais Mukwege h\u00e9site \u00e0 se jeter dans l\u2019ar\u00e8ne \u00e9lectorale - Actualit\u00e9s congolaises et internationales","isPartOf":{"@id":"https:\/\/congovirtuel.com\/information\/#website"},"primaryImageOfPage":{"@id":"https:\/\/congovirtuel.com\/information\/les-delegations-etrangeres-se-succedent-a-panzi-mais-mukwege-hesite-a-se-jeter-dans-larene-electorale\/#primaryimage"},"image":{"@id":"https:\/\/congovirtuel.com\/information\/les-delegations-etrangeres-se-succedent-a-panzi-mais-mukwege-hesite-a-se-jeter-dans-larene-electorale\/#primaryimage"},"thumbnailUrl":"https:\/\/congovirtuel.com\/information\/wp-content\/uploads\/2022\/10\/Mukwege_and_Sophie.jpg","datePublished":"2022-10-05T06:09:45+00:00","breadcrumb":{"@id":"https:\/\/congovirtuel.com\/information\/les-delegations-etrangeres-se-succedent-a-panzi-mais-mukwege-hesite-a-se-jeter-dans-larene-electorale\/#breadcrumb"},"inLanguage":"fr-FR","potentialAction":[{"@type":"ReadAction","target":["https:\/\/congovirtuel.com\/information\/les-delegations-etrangeres-se-succedent-a-panzi-mais-mukwege-hesite-a-se-jeter-dans-larene-electorale\/"]}]},{"@type":"ImageObject","inLanguage":"fr-FR","@id":"https:\/\/congovirtuel.com\/information\/les-delegations-etrangeres-se-succedent-a-panzi-mais-mukwege-hesite-a-se-jeter-dans-larene-electorale\/#primaryimage","url":"https:\/\/congovirtuel.com\/information\/wp-content\/uploads\/2022\/10\/Mukwege_and_Sophie.jpg","contentUrl":"https:\/\/congovirtuel.com\/information\/wp-content\/uploads\/2022\/10\/Mukwege_and_Sophie.jpg","width":1080,"height":914},{"@type":"BreadcrumbList","@id":"https:\/\/congovirtuel.com\/information\/les-delegations-etrangeres-se-succedent-a-panzi-mais-mukwege-hesite-a-se-jeter-dans-larene-electorale\/#breadcrumb","itemListElement":[{"@type":"ListItem","position":1,"name":"Accueil","item":"https:\/\/congovirtuel.com\/information\/"},{"@type":"ListItem","position":2,"name":"Les d\u00e9l\u00e9gations \u00e9trang\u00e8res se succ\u00e8dent \u00e0 Panzi mais Mukwege h\u00e9site \u00e0 se jeter dans l\u2019ar\u00e8ne \u00e9lectorale"}]},{"@type":"WebSite","@id":"https:\/\/congovirtuel.com\/information\/#website","url":"https:\/\/congovirtuel.com\/information\/","name":"Actualit\u00e9s congolaises et internationales","description":"site d&#039;analyse et de traitement d&#039;information","publisher":{"@id":"https:\/\/congovirtuel.com\/information\/#organization"},"potentialAction":[{"@type":"SearchAction","target":{"@type":"EntryPoint","urlTemplate":"https:\/\/congovirtuel.com\/information\/?s={search_term_string}"},"query-input":{"@type":"PropertyValueSpecification","valueRequired":true,"valueName":"search_term_string"}}],"inLanguage":"fr-FR"},{"@type":"Organization","@id":"https:\/\/congovirtuel.com\/information\/#organization","name":"Biblioth\u00e8que Virtuelle de la RDC","url":"https:\/\/congovirtuel.com\/information\/","logo":{"@type":"ImageObject","inLanguage":"fr-FR","@id":"https:\/\/congovirtuel.com\/information\/#\/schema\/logo\/image\/","url":"https:\/\/congovirtuel.com\/information\/wp-content\/uploads\/2018\/10\/header-info-congovirtuel-vraie.jpg","contentUrl":"https:\/\/congovirtuel.com\/information\/wp-content\/uploads\/2018\/10\/header-info-congovirtuel-vraie.jpg","width":728,"height":90,"caption":"Biblioth\u00e8que Virtuelle de la RDC"},"image":{"@id":"https:\/\/congovirtuel.com\/information\/#\/schema\/logo\/image\/"},"sameAs":["https:\/\/web.facebook.com\/Congovirtuel-763617960319601\/?ref=aymt_homepage_panel&amp;amp;amp;amp;amp;amp;amp;amp;amp;amp;amp;eid=ARCoxULa66767kIgF_KYav6VdjXTI4yk_LW4yoVO9s6NXpysgb7Cb65vpxcxgqzOAKvIbLQxaAETcqHT","https:\/\/x.com\/congovirtuel","https:\/\/www.youtube.com\/channel\/UCkFfprYzGgS3EWNpeMXpToQ?view_as=subscriber"]},{"@type":"Person","@id":"https:\/\/congovirtuel.com\/information\/#\/schema\/person\/739a44bf7990966cb53d58d2fdeca0b6","name":"infocongovirtuel","image":{"@type":"ImageObject","inLanguage":"fr-FR","@id":"https:\/\/secure.gravatar.com\/avatar\/4d76991aa72469f0eb22e772586c99113c6997f88da636a9db8f2ce3a2c05e69?s=96&d=mm&r=g","url":"https:\/\/secure.gravatar.com\/avatar\/4d76991aa72469f0eb22e772586c99113c6997f88da636a9db8f2ce3a2c05e69?s=96&d=mm&r=g","contentUrl":"https:\/\/secure.gravatar.com\/avatar\/4d76991aa72469f0eb22e772586c99113c6997f88da636a9db8f2ce3a2c05e69?s=96&d=mm&r=g","caption":"infocongovirtuel"},"url":"https:\/\/congovirtuel.com\/information\/author\/infocongovirtuel\/"}]}},"gt_translate_keys":[{"key":"link","format":"url"}],"_links":{"self":[{"href":"https:\/\/congovirtuel.com\/information\/wp-json\/wp\/v2\/posts\/20550","targetHints":{"allow":["GET"]}}],"collection":[{"href":"https:\/\/congovirtuel.com\/information\/wp-json\/wp\/v2\/posts"}],"about":[{"href":"https:\/\/congovirtuel.com\/information\/wp-json\/wp\/v2\/types\/post"}],"author":[{"embeddable":true,"href":"https:\/\/congovirtuel.com\/information\/wp-json\/wp\/v2\/users\/1"}],"replies":[{"embeddable":true,"href":"https:\/\/congovirtuel.com\/information\/wp-json\/wp\/v2\/comments?post=20550"}],"version-history":[{"count":1,"href":"https:\/\/congovirtuel.com\/information\/wp-json\/wp\/v2\/posts\/20550\/revisions"}],"predecessor-version":[{"id":20553,"href":"https:\/\/congovirtuel.com\/information\/wp-json\/wp\/v2\/posts\/20550\/revisions\/20553"}],"wp:featuredmedia":[{"embeddable":true,"href":"https:\/\/congovirtuel.com\/information\/wp-json\/wp\/v2\/media\/20549"}],"wp:attachment":[{"href":"https:\/\/congovirtuel.com\/information\/wp-json\/wp\/v2\/media?parent=20550"}],"wp:term":[{"taxonomy":"category","embeddable":true,"href":"https:\/\/congovirtuel.com\/information\/wp-json\/wp\/v2\/categories?post=20550"},{"taxonomy":"post_tag","embeddable":true,"href":"https:\/\/congovirtuel.com\/information\/wp-json\/wp\/v2\/tags?post=20550"}],"curies":[{"name":"wp","href":"https:\/\/api.w.org\/{rel}","templated":true}]}}