{"id":20559,"date":"2022-10-05T10:19:38","date_gmt":"2022-10-05T09:19:38","guid":{"rendered":"https:\/\/congovirtuel.com\/information\/?p=20559"},"modified":"2022-10-05T10:19:38","modified_gmt":"2022-10-05T09:19:38","slug":"ouganda-apres-des-tweets-anti-kenya-le-fils-du-president-museveni-remplace-a-la-tete-de-larmee-de-terre","status":"publish","type":"post","link":"https:\/\/congovirtuel.com\/information\/ouganda-apres-des-tweets-anti-kenya-le-fils-du-president-museveni-remplace-a-la-tete-de-larmee-de-terre\/","title":{"rendered":"Ouganda: apr\u00e8s des \u00abtweets\u00bb Anti &#8211; Kenya, le fils du pr\u00e9sident Museveni remplac\u00e9 \u00e0 la t\u00eate de l\u2019arm\u00e9e de terre","gt_translate_keys":[{"key":"rendered","format":"text"}]},"content":{"rendered":"<p>Le minist\u00e8re ougandais de la D\u00e9fense a annonc\u00e9 mardi que le fils du pr\u00e9sident Yoweri Museveni, Muhoozi Kainerugaba, \u00e9tait remplac\u00e9 par un autre militaire \u00e0 la t\u00eate des forces terrestres du pays, quelques heures apr\u00e8s qu&rsquo;une s\u00e9rie de\u00a0<em>tweets<\/em>\u00a0du fils a provoqu\u00e9 un toll\u00e9 au Kenya.<\/p>\n<p>Le lieutenant g\u00e9n\u00e9ral Kayanja Muhanga \u00ab<em>\u00a0a \u00e9t\u00e9 nomm\u00e9 commandant des forces terrestres<\/em>\u00a0\u00bb, selon un communiqu\u00e9 du minist\u00e8re, en remplacement de Muhoozi Kainerugaba, poste qu&rsquo;il\u00a0<strong>occupait depuis 2021<\/strong>. Le minist\u00e8re a aussi annonc\u00e9 que le pr\u00e9sident Museveni avait promu son fils de 48 ans au rang de g\u00e9n\u00e9ral dans le m\u00eame temps, mais sans poste.<\/p>\n<p>La d\u00e9cision du minist\u00e8re de la D\u00e9fense est intervenue apr\u00e8s une pol\u00e9mique cr\u00e9\u00e9e par des tweets du fils du pr\u00e9sident Museveni. R\u00e9put\u00e9 discret, Muhoozi Kainerugaba a un temp\u00e9rament volcanique sur Twitter. Le fils du pr\u00e9sident Museveni a sugg\u00e9r\u00e9 qu\u2019Uhuru Kenyatta aurait d\u00fb violer la Constitution k\u00e9nyane en briguant un 3e mandat. Il a ensuite affirm\u00e9 qu&rsquo;avec son arm\u00e9e, ils prendraient Nairobi en moins de deux semaines. Avant de se demander dans quel quartier cossu de la capitale, il pourrait s\u2019installer.<\/p>\n<p>Les K\u00e9nyans, tr\u00e8s r\u00e9actifs sur Twitter, ont comment\u00e9 des milliers de fois, avec des messages parfois acerbes, parfois humoristiques, sur lui, son p\u00e8re ou l\u2019arm\u00e9e ougandaise, tourn\u00e9e en ridicule.<\/p>\n<h2>Un habitu\u00e9 des pol\u00e9miques sur Twitter<\/h2>\n<p>Muhoozi Kainerugaba a ensuite sembl\u00e9 r\u00e9trop\u00e9daler. \u00ab\u00a0<em>Je vous pardonne vos insultes<\/em>\u00a0\u00bb a-t-il \u00e9crit, sous-entendant que tout cela \u00e9tait une blague. Mais l\u2019affaire est remont\u00e9e jusqu\u2019\u00e0 la pr\u00e9sidence puisqu&rsquo;il a indiqu\u00e9 qu\u2019il \u00ab<em>\u00a0ne battrait jamais l\u2019arm\u00e9e k\u00e9nyane\u00a0<\/em><em>parce que mon p\u00e8re m\u2019a dit de ne jamais essayer\u00a0<\/em>\u00bb.<\/p>\n<p>Pour \u00e9viter une crise diplomatique, la diplomatie ougandaise a d\u00fb publier un communiqu\u00e9 pour vanter les relations avec Nairobi. L\u2019ambassadeur k\u00e9nyan a m\u00eame \u00e9t\u00e9 re\u00e7u hier au minist\u00e8re.<\/p>\n<p>Muhoozi Kainerugaba est un habitu\u00e9 des coups d\u2019\u00e9clat sur Twitter. En mars, il avait\u00a0<strong><a href=\"https:\/\/www.rfi.fr\/fr\/afrique\/20220309-ouganda-le-fils-museveni-un-d%C3%A9part-de-l-arm%C3%A9e-qui-interpelle\" target=\"_self\" rel=\"noopener\">brutalement annonc\u00e9 sa d\u00e9mission<\/a><\/strong>\u00a0de l\u2019arm\u00e9e, avant de revenir dessus. Il avait ensuite soutenu l\u2019invasion de l\u2019Ukraine par la Russie ainsi que les rebelles tigr\u00e9ens face au pouvoir \u00e9thiopien. Chaque fois, le gouvernement ougandais avait d\u00fb se d\u00e9solidariser de ses messages.<\/p>\n<p>RFI<\/p>\n","protected":false,"gt_translate_keys":[{"key":"rendered","format":"html"}]},"excerpt":{"rendered":"<p>Le minist\u00e8re ougandais de la D\u00e9fense a annonc\u00e9 mardi que le fils du pr\u00e9sident Yoweri Museveni, Muhoozi Kainerugaba, \u00e9tait remplac\u00e9 par un autre militaire \u00e0 la t\u00eate des forces terrestres du pays, quelques heures apr\u00e8s qu&rsquo;une s\u00e9rie de\u00a0tweets\u00a0du fils a provoqu\u00e9 un toll\u00e9 au Kenya. Le lieutenant g\u00e9n\u00e9ral Kayanja Muhanga \u00ab\u00a0a \u00e9t\u00e9 nomm\u00e9 commandant des forces terrestres\u00a0\u00bb, selon un communiqu\u00e9 du minist\u00e8re, en remplacement de Muhoozi Kainerugaba, poste qu&rsquo;il\u00a0occupait depuis 2021. Le minist\u00e8re a aussi annonc\u00e9 que le pr\u00e9sident Museveni avait promu son fils de 48 ans au rang de&hellip;<\/p>\n","protected":false,"gt_translate_keys":[{"key":"rendered","format":"html"}]},"author":1,"featured_media":20558,"comment_status":"open","ping_status":"open","sticky":false,"template":"","format":"standard","meta":{"_crdt_document":"","footnotes":""},"categories":[12],"tags":[],"class_list":["post-20559","post","type-post","status-publish","format-standard","has-post-thumbnail","hentry","category-afrique"],"gutentor_comment":0,"yoast_head":"<!-- This site is optimized with the Yoast SEO plugin v27.5 - https:\/\/yoast.com\/product\/yoast-seo-wordpress\/ -->\n<title>Ouganda: apr\u00e8s des \u00abtweets\u00bb Anti - Kenya, le fils du pr\u00e9sident Museveni remplac\u00e9 \u00e0 la t\u00eate de l\u2019arm\u00e9e de terre - Actualit\u00e9s congolaises et internationales<\/title>\n<meta name=\"robots\" content=\"index, follow, max-snippet:-1, max-image-preview:large, max-video-preview:-1\" \/>\n<link rel=\"canonical\" href=\"https:\/\/congovirtuel.com\/information\/ouganda-apres-des-tweets-anti-kenya-le-fils-du-president-museveni-remplace-a-la-tete-de-larmee-de-terre\/\" \/>\n<meta property=\"og:locale\" content=\"fr_FR\" \/>\n<meta property=\"og:type\" content=\"article\" \/>\n<meta property=\"og:title\" content=\"Ouganda: apr\u00e8s des \u00abtweets\u00bb Anti - Kenya, le fils du pr\u00e9sident Museveni remplac\u00e9 \u00e0 la t\u00eate de l\u2019arm\u00e9e de terre - Actualit\u00e9s congolaises et internationales\" \/>\n<meta property=\"og:description\" content=\"Le minist\u00e8re ougandais de la D\u00e9fense a annonc\u00e9 mardi que le fils du pr\u00e9sident Yoweri Museveni, Muhoozi Kainerugaba, \u00e9tait remplac\u00e9 par un autre militaire \u00e0 la t\u00eate des forces terrestres du pays, quelques heures apr\u00e8s qu&rsquo;une s\u00e9rie de\u00a0tweets\u00a0du fils a provoqu\u00e9 un toll\u00e9 au Kenya. Le lieutenant g\u00e9n\u00e9ral Kayanja Muhanga \u00ab\u00a0a \u00e9t\u00e9 nomm\u00e9 commandant des forces terrestres\u00a0\u00bb, selon un communiqu\u00e9 du minist\u00e8re, en remplacement de Muhoozi Kainerugaba, poste qu&rsquo;il\u00a0occupait depuis 2021. Le minist\u00e8re a aussi annonc\u00e9 que le pr\u00e9sident Museveni avait promu son fils de 48 ans au rang de&hellip;\" \/>\n<meta property=\"og:url\" content=\"https:\/\/congovirtuel.com\/information\/ouganda-apres-des-tweets-anti-kenya-le-fils-du-president-museveni-remplace-a-la-tete-de-larmee-de-terre\/\" \/>\n<meta property=\"og:site_name\" content=\"Actualit\u00e9s congolaises et internationales\" \/>\n<meta property=\"article:publisher\" content=\"https:\/\/web.facebook.com\/Congovirtuel-763617960319601\/?ref=aymt_homepage_panel&amp;amp%3bamp%3bamp%3bamp%3bamp%3bamp%3bamp%3bamp%3bamp%3bamp%3bamp%3beid=ARCoxULa66767kIgF_KYav6VdjXTI4yk_LW4yoVO9s6NXpysgb7Cb65vpxcxgqzOAKvIbLQxaAETcqHT\" \/>\n<meta property=\"article:published_time\" content=\"2022-10-05T09:19:38+00:00\" \/>\n<meta property=\"og:image\" content=\"https:\/\/congovirtuel.com\/information\/wp-content\/uploads\/2022\/10\/Muhoozi.jpg\" \/>\n\t<meta property=\"og:image:width\" content=\"1280\" \/>\n\t<meta property=\"og:image:height\" content=\"720\" \/>\n\t<meta property=\"og:image:type\" content=\"image\/jpeg\" \/>\n<meta name=\"author\" content=\"infocongovirtuel\" \/>\n<meta name=\"twitter:card\" content=\"summary_large_image\" \/>\n<meta name=\"twitter:creator\" content=\"@congovirtuel\" \/>\n<meta name=\"twitter:site\" content=\"@congovirtuel\" \/>\n<meta name=\"twitter:label1\" content=\"\u00c9crit par\" \/>\n\t<meta name=\"twitter:data1\" content=\"infocongovirtuel\" \/>\n\t<meta name=\"twitter:label2\" content=\"Dur\u00e9e de lecture estim\u00e9e\" \/>\n\t<meta name=\"twitter:data2\" content=\"2 minutes\" \/>\n<script type=\"application\/ld+json\" class=\"yoast-schema-graph\">{\"@context\":\"https:\\\/\\\/schema.org\",\"@graph\":[{\"@type\":\"Article\",\"@id\":\"https:\\\/\\\/congovirtuel.com\\\/information\\\/ouganda-apres-des-tweets-anti-kenya-le-fils-du-president-museveni-remplace-a-la-tete-de-larmee-de-terre\\\/#article\",\"isPartOf\":{\"@id\":\"https:\\\/\\\/congovirtuel.com\\\/information\\\/ouganda-apres-des-tweets-anti-kenya-le-fils-du-president-museveni-remplace-a-la-tete-de-larmee-de-terre\\\/\"},\"author\":{\"name\":\"infocongovirtuel\",\"@id\":\"https:\\\/\\\/congovirtuel.com\\\/information\\\/#\\\/schema\\\/person\\\/739a44bf7990966cb53d58d2fdeca0b6\"},\"headline\":\"Ouganda: apr\u00e8s des \u00abtweets\u00bb Anti &#8211; Kenya, le fils du pr\u00e9sident Museveni remplac\u00e9 \u00e0 la t\u00eate de l\u2019arm\u00e9e de terre\",\"datePublished\":\"2022-10-05T09:19:38+00:00\",\"mainEntityOfPage\":{\"@id\":\"https:\\\/\\\/congovirtuel.com\\\/information\\\/ouganda-apres-des-tweets-anti-kenya-le-fils-du-president-museveni-remplace-a-la-tete-de-larmee-de-terre\\\/\"},\"wordCount\":432,\"commentCount\":0,\"publisher\":{\"@id\":\"https:\\\/\\\/congovirtuel.com\\\/information\\\/#organization\"},\"image\":{\"@id\":\"https:\\\/\\\/congovirtuel.com\\\/information\\\/ouganda-apres-des-tweets-anti-kenya-le-fils-du-president-museveni-remplace-a-la-tete-de-larmee-de-terre\\\/#primaryimage\"},\"thumbnailUrl\":\"https:\\\/\\\/congovirtuel.com\\\/information\\\/wp-content\\\/uploads\\\/2022\\\/10\\\/Muhoozi.jpg\",\"articleSection\":[\"Afrique\"],\"inLanguage\":\"fr-FR\",\"potentialAction\":[{\"@type\":\"CommentAction\",\"name\":\"Comment\",\"target\":[\"https:\\\/\\\/congovirtuel.com\\\/information\\\/ouganda-apres-des-tweets-anti-kenya-le-fils-du-president-museveni-remplace-a-la-tete-de-larmee-de-terre\\\/#respond\"]}]},{\"@type\":\"WebPage\",\"@id\":\"https:\\\/\\\/congovirtuel.com\\\/information\\\/ouganda-apres-des-tweets-anti-kenya-le-fils-du-president-museveni-remplace-a-la-tete-de-larmee-de-terre\\\/\",\"url\":\"https:\\\/\\\/congovirtuel.com\\\/information\\\/ouganda-apres-des-tweets-anti-kenya-le-fils-du-president-museveni-remplace-a-la-tete-de-larmee-de-terre\\\/\",\"name\":\"Ouganda: apr\u00e8s des \u00abtweets\u00bb Anti - Kenya, le fils du pr\u00e9sident Museveni remplac\u00e9 \u00e0 la t\u00eate de l\u2019arm\u00e9e de terre - Actualit\u00e9s congolaises et internationales\",\"isPartOf\":{\"@id\":\"https:\\\/\\\/congovirtuel.com\\\/information\\\/#website\"},\"primaryImageOfPage\":{\"@id\":\"https:\\\/\\\/congovirtuel.com\\\/information\\\/ouganda-apres-des-tweets-anti-kenya-le-fils-du-president-museveni-remplace-a-la-tete-de-larmee-de-terre\\\/#primaryimage\"},\"image\":{\"@id\":\"https:\\\/\\\/congovirtuel.com\\\/information\\\/ouganda-apres-des-tweets-anti-kenya-le-fils-du-president-museveni-remplace-a-la-tete-de-larmee-de-terre\\\/#primaryimage\"},\"thumbnailUrl\":\"https:\\\/\\\/congovirtuel.com\\\/information\\\/wp-content\\\/uploads\\\/2022\\\/10\\\/Muhoozi.jpg\",\"datePublished\":\"2022-10-05T09:19:38+00:00\",\"breadcrumb\":{\"@id\":\"https:\\\/\\\/congovirtuel.com\\\/information\\\/ouganda-apres-des-tweets-anti-kenya-le-fils-du-president-museveni-remplace-a-la-tete-de-larmee-de-terre\\\/#breadcrumb\"},\"inLanguage\":\"fr-FR\",\"potentialAction\":[{\"@type\":\"ReadAction\",\"target\":[\"https:\\\/\\\/congovirtuel.com\\\/information\\\/ouganda-apres-des-tweets-anti-kenya-le-fils-du-president-museveni-remplace-a-la-tete-de-larmee-de-terre\\\/\"]}]},{\"@type\":\"ImageObject\",\"inLanguage\":\"fr-FR\",\"@id\":\"https:\\\/\\\/congovirtuel.com\\\/information\\\/ouganda-apres-des-tweets-anti-kenya-le-fils-du-president-museveni-remplace-a-la-tete-de-larmee-de-terre\\\/#primaryimage\",\"url\":\"https:\\\/\\\/congovirtuel.com\\\/information\\\/wp-content\\\/uploads\\\/2022\\\/10\\\/Muhoozi.jpg\",\"contentUrl\":\"https:\\\/\\\/congovirtuel.com\\\/information\\\/wp-content\\\/uploads\\\/2022\\\/10\\\/Muhoozi.jpg\",\"width\":1280,\"height\":720},{\"@type\":\"BreadcrumbList\",\"@id\":\"https:\\\/\\\/congovirtuel.com\\\/information\\\/ouganda-apres-des-tweets-anti-kenya-le-fils-du-president-museveni-remplace-a-la-tete-de-larmee-de-terre\\\/#breadcrumb\",\"itemListElement\":[{\"@type\":\"ListItem\",\"position\":1,\"name\":\"Accueil\",\"item\":\"https:\\\/\\\/congovirtuel.com\\\/information\\\/\"},{\"@type\":\"ListItem\",\"position\":2,\"name\":\"Ouganda: apr\u00e8s des \u00abtweets\u00bb Anti &#8211; Kenya, le fils du pr\u00e9sident Museveni remplac\u00e9 \u00e0 la t\u00eate de l\u2019arm\u00e9e de terre\"}]},{\"@type\":\"WebSite\",\"@id\":\"https:\\\/\\\/congovirtuel.com\\\/information\\\/#website\",\"url\":\"https:\\\/\\\/congovirtuel.com\\\/information\\\/\",\"name\":\"Actualit\u00e9s congolaises et internationales\",\"description\":\"site d&#039;analyse et de traitement d&#039;information\",\"publisher\":{\"@id\":\"https:\\\/\\\/congovirtuel.com\\\/information\\\/#organization\"},\"potentialAction\":[{\"@type\":\"SearchAction\",\"target\":{\"@type\":\"EntryPoint\",\"urlTemplate\":\"https:\\\/\\\/congovirtuel.com\\\/information\\\/?s={search_term_string}\"},\"query-input\":{\"@type\":\"PropertyValueSpecification\",\"valueRequired\":true,\"valueName\":\"search_term_string\"}}],\"inLanguage\":\"fr-FR\"},{\"@type\":\"Organization\",\"@id\":\"https:\\\/\\\/congovirtuel.com\\\/information\\\/#organization\",\"name\":\"Biblioth\u00e8que Virtuelle de la RDC\",\"url\":\"https:\\\/\\\/congovirtuel.com\\\/information\\\/\",\"logo\":{\"@type\":\"ImageObject\",\"inLanguage\":\"fr-FR\",\"@id\":\"https:\\\/\\\/congovirtuel.com\\\/information\\\/#\\\/schema\\\/logo\\\/image\\\/\",\"url\":\"https:\\\/\\\/congovirtuel.com\\\/information\\\/wp-content\\\/uploads\\\/2018\\\/10\\\/header-info-congovirtuel-vraie.jpg\",\"contentUrl\":\"https:\\\/\\\/congovirtuel.com\\\/information\\\/wp-content\\\/uploads\\\/2018\\\/10\\\/header-info-congovirtuel-vraie.jpg\",\"width\":728,\"height\":90,\"caption\":\"Biblioth\u00e8que Virtuelle de la RDC\"},\"image\":{\"@id\":\"https:\\\/\\\/congovirtuel.com\\\/information\\\/#\\\/schema\\\/logo\\\/image\\\/\"},\"sameAs\":[\"https:\\\/\\\/web.facebook.com\\\/Congovirtuel-763617960319601\\\/?ref=aymt_homepage_panel&amp;amp;amp;amp;amp;amp;amp;amp;amp;amp;amp;eid=ARCoxULa66767kIgF_KYav6VdjXTI4yk_LW4yoVO9s6NXpysgb7Cb65vpxcxgqzOAKvIbLQxaAETcqHT\",\"https:\\\/\\\/x.com\\\/congovirtuel\",\"https:\\\/\\\/www.youtube.com\\\/channel\\\/UCkFfprYzGgS3EWNpeMXpToQ?view_as=subscriber\"]},{\"@type\":\"Person\",\"@id\":\"https:\\\/\\\/congovirtuel.com\\\/information\\\/#\\\/schema\\\/person\\\/739a44bf7990966cb53d58d2fdeca0b6\",\"name\":\"infocongovirtuel\",\"image\":{\"@type\":\"ImageObject\",\"inLanguage\":\"fr-FR\",\"@id\":\"https:\\\/\\\/secure.gravatar.com\\\/avatar\\\/4d76991aa72469f0eb22e772586c99113c6997f88da636a9db8f2ce3a2c05e69?s=96&d=mm&r=g\",\"url\":\"https:\\\/\\\/secure.gravatar.com\\\/avatar\\\/4d76991aa72469f0eb22e772586c99113c6997f88da636a9db8f2ce3a2c05e69?s=96&d=mm&r=g\",\"contentUrl\":\"https:\\\/\\\/secure.gravatar.com\\\/avatar\\\/4d76991aa72469f0eb22e772586c99113c6997f88da636a9db8f2ce3a2c05e69?s=96&d=mm&r=g\",\"caption\":\"infocongovirtuel\"},\"url\":\"https:\\\/\\\/congovirtuel.com\\\/information\\\/author\\\/infocongovirtuel\\\/\"}]}<\/script>\n<!-- \/ Yoast SEO plugin. -->","yoast_head_json":{"title":"Ouganda: apr\u00e8s des \u00abtweets\u00bb Anti - Kenya, le fils du pr\u00e9sident Museveni remplac\u00e9 \u00e0 la t\u00eate de l\u2019arm\u00e9e de terre - Actualit\u00e9s congolaises et internationales","robots":{"index":"index","follow":"follow","max-snippet":"max-snippet:-1","max-image-preview":"max-image-preview:large","max-video-preview":"max-video-preview:-1"},"canonical":"https:\/\/congovirtuel.com\/information\/ouganda-apres-des-tweets-anti-kenya-le-fils-du-president-museveni-remplace-a-la-tete-de-larmee-de-terre\/","og_locale":"fr_FR","og_type":"article","og_title":"Ouganda: apr\u00e8s des \u00abtweets\u00bb Anti - Kenya, le fils du pr\u00e9sident Museveni remplac\u00e9 \u00e0 la t\u00eate de l\u2019arm\u00e9e de terre - Actualit\u00e9s congolaises et internationales","og_description":"Le minist\u00e8re ougandais de la D\u00e9fense a annonc\u00e9 mardi que le fils du pr\u00e9sident Yoweri Museveni, Muhoozi Kainerugaba, \u00e9tait remplac\u00e9 par un autre militaire \u00e0 la t\u00eate des forces terrestres du pays, quelques heures apr\u00e8s qu&rsquo;une s\u00e9rie de\u00a0tweets\u00a0du fils a provoqu\u00e9 un toll\u00e9 au Kenya. Le lieutenant g\u00e9n\u00e9ral Kayanja Muhanga \u00ab\u00a0a \u00e9t\u00e9 nomm\u00e9 commandant des forces terrestres\u00a0\u00bb, selon un communiqu\u00e9 du minist\u00e8re, en remplacement de Muhoozi Kainerugaba, poste qu&rsquo;il\u00a0occupait depuis 2021. Le minist\u00e8re a aussi annonc\u00e9 que le pr\u00e9sident Museveni avait promu son fils de 48 ans au rang de&hellip;","og_url":"https:\/\/congovirtuel.com\/information\/ouganda-apres-des-tweets-anti-kenya-le-fils-du-president-museveni-remplace-a-la-tete-de-larmee-de-terre\/","og_site_name":"Actualit\u00e9s congolaises et internationales","article_publisher":"https:\/\/web.facebook.com\/Congovirtuel-763617960319601\/?ref=aymt_homepage_panel&amp%3bamp%3bamp%3bamp%3bamp%3bamp%3bamp%3bamp%3bamp%3bamp%3bamp%3beid=ARCoxULa66767kIgF_KYav6VdjXTI4yk_LW4yoVO9s6NXpysgb7Cb65vpxcxgqzOAKvIbLQxaAETcqHT","article_published_time":"2022-10-05T09:19:38+00:00","og_image":[{"width":1280,"height":720,"url":"https:\/\/congovirtuel.com\/information\/wp-content\/uploads\/2022\/10\/Muhoozi.jpg","type":"image\/jpeg"}],"author":"infocongovirtuel","twitter_card":"summary_large_image","twitter_creator":"@congovirtuel","twitter_site":"@congovirtuel","twitter_misc":{"\u00c9crit par":"infocongovirtuel","Dur\u00e9e de lecture estim\u00e9e":"2 minutes"},"schema":{"@context":"https:\/\/schema.org","@graph":[{"@type":"Article","@id":"https:\/\/congovirtuel.com\/information\/ouganda-apres-des-tweets-anti-kenya-le-fils-du-president-museveni-remplace-a-la-tete-de-larmee-de-terre\/#article","isPartOf":{"@id":"https:\/\/congovirtuel.com\/information\/ouganda-apres-des-tweets-anti-kenya-le-fils-du-president-museveni-remplace-a-la-tete-de-larmee-de-terre\/"},"author":{"name":"infocongovirtuel","@id":"https:\/\/congovirtuel.com\/information\/#\/schema\/person\/739a44bf7990966cb53d58d2fdeca0b6"},"headline":"Ouganda: apr\u00e8s des \u00abtweets\u00bb Anti &#8211; Kenya, le fils du pr\u00e9sident Museveni remplac\u00e9 \u00e0 la t\u00eate de l\u2019arm\u00e9e de terre","datePublished":"2022-10-05T09:19:38+00:00","mainEntityOfPage":{"@id":"https:\/\/congovirtuel.com\/information\/ouganda-apres-des-tweets-anti-kenya-le-fils-du-president-museveni-remplace-a-la-tete-de-larmee-de-terre\/"},"wordCount":432,"commentCount":0,"publisher":{"@id":"https:\/\/congovirtuel.com\/information\/#organization"},"image":{"@id":"https:\/\/congovirtuel.com\/information\/ouganda-apres-des-tweets-anti-kenya-le-fils-du-president-museveni-remplace-a-la-tete-de-larmee-de-terre\/#primaryimage"},"thumbnailUrl":"https:\/\/congovirtuel.com\/information\/wp-content\/uploads\/2022\/10\/Muhoozi.jpg","articleSection":["Afrique"],"inLanguage":"fr-FR","potentialAction":[{"@type":"CommentAction","name":"Comment","target":["https:\/\/congovirtuel.com\/information\/ouganda-apres-des-tweets-anti-kenya-le-fils-du-president-museveni-remplace-a-la-tete-de-larmee-de-terre\/#respond"]}]},{"@type":"WebPage","@id":"https:\/\/congovirtuel.com\/information\/ouganda-apres-des-tweets-anti-kenya-le-fils-du-president-museveni-remplace-a-la-tete-de-larmee-de-terre\/","url":"https:\/\/congovirtuel.com\/information\/ouganda-apres-des-tweets-anti-kenya-le-fils-du-president-museveni-remplace-a-la-tete-de-larmee-de-terre\/","name":"Ouganda: apr\u00e8s des \u00abtweets\u00bb Anti - Kenya, le fils du pr\u00e9sident Museveni remplac\u00e9 \u00e0 la t\u00eate de l\u2019arm\u00e9e de terre - Actualit\u00e9s congolaises et internationales","isPartOf":{"@id":"https:\/\/congovirtuel.com\/information\/#website"},"primaryImageOfPage":{"@id":"https:\/\/congovirtuel.com\/information\/ouganda-apres-des-tweets-anti-kenya-le-fils-du-president-museveni-remplace-a-la-tete-de-larmee-de-terre\/#primaryimage"},"image":{"@id":"https:\/\/congovirtuel.com\/information\/ouganda-apres-des-tweets-anti-kenya-le-fils-du-president-museveni-remplace-a-la-tete-de-larmee-de-terre\/#primaryimage"},"thumbnailUrl":"https:\/\/congovirtuel.com\/information\/wp-content\/uploads\/2022\/10\/Muhoozi.jpg","datePublished":"2022-10-05T09:19:38+00:00","breadcrumb":{"@id":"https:\/\/congovirtuel.com\/information\/ouganda-apres-des-tweets-anti-kenya-le-fils-du-president-museveni-remplace-a-la-tete-de-larmee-de-terre\/#breadcrumb"},"inLanguage":"fr-FR","potentialAction":[{"@type":"ReadAction","target":["https:\/\/congovirtuel.com\/information\/ouganda-apres-des-tweets-anti-kenya-le-fils-du-president-museveni-remplace-a-la-tete-de-larmee-de-terre\/"]}]},{"@type":"ImageObject","inLanguage":"fr-FR","@id":"https:\/\/congovirtuel.com\/information\/ouganda-apres-des-tweets-anti-kenya-le-fils-du-president-museveni-remplace-a-la-tete-de-larmee-de-terre\/#primaryimage","url":"https:\/\/congovirtuel.com\/information\/wp-content\/uploads\/2022\/10\/Muhoozi.jpg","contentUrl":"https:\/\/congovirtuel.com\/information\/wp-content\/uploads\/2022\/10\/Muhoozi.jpg","width":1280,"height":720},{"@type":"BreadcrumbList","@id":"https:\/\/congovirtuel.com\/information\/ouganda-apres-des-tweets-anti-kenya-le-fils-du-president-museveni-remplace-a-la-tete-de-larmee-de-terre\/#breadcrumb","itemListElement":[{"@type":"ListItem","position":1,"name":"Accueil","item":"https:\/\/congovirtuel.com\/information\/"},{"@type":"ListItem","position":2,"name":"Ouganda: apr\u00e8s des \u00abtweets\u00bb Anti &#8211; Kenya, le fils du pr\u00e9sident Museveni remplac\u00e9 \u00e0 la t\u00eate de l\u2019arm\u00e9e de terre"}]},{"@type":"WebSite","@id":"https:\/\/congovirtuel.com\/information\/#website","url":"https:\/\/congovirtuel.com\/information\/","name":"Actualit\u00e9s congolaises et internationales","description":"site d&#039;analyse et de traitement d&#039;information","publisher":{"@id":"https:\/\/congovirtuel.com\/information\/#organization"},"potentialAction":[{"@type":"SearchAction","target":{"@type":"EntryPoint","urlTemplate":"https:\/\/congovirtuel.com\/information\/?s={search_term_string}"},"query-input":{"@type":"PropertyValueSpecification","valueRequired":true,"valueName":"search_term_string"}}],"inLanguage":"fr-FR"},{"@type":"Organization","@id":"https:\/\/congovirtuel.com\/information\/#organization","name":"Biblioth\u00e8que Virtuelle de la RDC","url":"https:\/\/congovirtuel.com\/information\/","logo":{"@type":"ImageObject","inLanguage":"fr-FR","@id":"https:\/\/congovirtuel.com\/information\/#\/schema\/logo\/image\/","url":"https:\/\/congovirtuel.com\/information\/wp-content\/uploads\/2018\/10\/header-info-congovirtuel-vraie.jpg","contentUrl":"https:\/\/congovirtuel.com\/information\/wp-content\/uploads\/2018\/10\/header-info-congovirtuel-vraie.jpg","width":728,"height":90,"caption":"Biblioth\u00e8que Virtuelle de la RDC"},"image":{"@id":"https:\/\/congovirtuel.com\/information\/#\/schema\/logo\/image\/"},"sameAs":["https:\/\/web.facebook.com\/Congovirtuel-763617960319601\/?ref=aymt_homepage_panel&amp;amp;amp;amp;amp;amp;amp;amp;amp;amp;amp;eid=ARCoxULa66767kIgF_KYav6VdjXTI4yk_LW4yoVO9s6NXpysgb7Cb65vpxcxgqzOAKvIbLQxaAETcqHT","https:\/\/x.com\/congovirtuel","https:\/\/www.youtube.com\/channel\/UCkFfprYzGgS3EWNpeMXpToQ?view_as=subscriber"]},{"@type":"Person","@id":"https:\/\/congovirtuel.com\/information\/#\/schema\/person\/739a44bf7990966cb53d58d2fdeca0b6","name":"infocongovirtuel","image":{"@type":"ImageObject","inLanguage":"fr-FR","@id":"https:\/\/secure.gravatar.com\/avatar\/4d76991aa72469f0eb22e772586c99113c6997f88da636a9db8f2ce3a2c05e69?s=96&d=mm&r=g","url":"https:\/\/secure.gravatar.com\/avatar\/4d76991aa72469f0eb22e772586c99113c6997f88da636a9db8f2ce3a2c05e69?s=96&d=mm&r=g","contentUrl":"https:\/\/secure.gravatar.com\/avatar\/4d76991aa72469f0eb22e772586c99113c6997f88da636a9db8f2ce3a2c05e69?s=96&d=mm&r=g","caption":"infocongovirtuel"},"url":"https:\/\/congovirtuel.com\/information\/author\/infocongovirtuel\/"}]}},"gt_translate_keys":[{"key":"link","format":"url"}],"_links":{"self":[{"href":"https:\/\/congovirtuel.com\/information\/wp-json\/wp\/v2\/posts\/20559","targetHints":{"allow":["GET"]}}],"collection":[{"href":"https:\/\/congovirtuel.com\/information\/wp-json\/wp\/v2\/posts"}],"about":[{"href":"https:\/\/congovirtuel.com\/information\/wp-json\/wp\/v2\/types\/post"}],"author":[{"embeddable":true,"href":"https:\/\/congovirtuel.com\/information\/wp-json\/wp\/v2\/users\/1"}],"replies":[{"embeddable":true,"href":"https:\/\/congovirtuel.com\/information\/wp-json\/wp\/v2\/comments?post=20559"}],"version-history":[{"count":1,"href":"https:\/\/congovirtuel.com\/information\/wp-json\/wp\/v2\/posts\/20559\/revisions"}],"predecessor-version":[{"id":20560,"href":"https:\/\/congovirtuel.com\/information\/wp-json\/wp\/v2\/posts\/20559\/revisions\/20560"}],"wp:featuredmedia":[{"embeddable":true,"href":"https:\/\/congovirtuel.com\/information\/wp-json\/wp\/v2\/media\/20558"}],"wp:attachment":[{"href":"https:\/\/congovirtuel.com\/information\/wp-json\/wp\/v2\/media?parent=20559"}],"wp:term":[{"taxonomy":"category","embeddable":true,"href":"https:\/\/congovirtuel.com\/information\/wp-json\/wp\/v2\/categories?post=20559"},{"taxonomy":"post_tag","embeddable":true,"href":"https:\/\/congovirtuel.com\/information\/wp-json\/wp\/v2\/tags?post=20559"}],"curies":[{"name":"wp","href":"https:\/\/api.w.org\/{rel}","templated":true}]}}