{"id":206,"date":"2019-09-14T13:42:00","date_gmt":"2019-09-14T12:42:00","guid":{"rendered":"https:\/\/congovirtuel.com\/information\/?p=206"},"modified":"2019-09-14T13:42:06","modified_gmt":"2019-09-14T12:42:06","slug":"enfants-voles-en-rdc-mes-beaux-parents-ont-dit-que-javais-vendu-leur-petite-fille","status":"publish","type":"post","link":"https:\/\/congovirtuel.com\/information\/enfants-voles-en-rdc-mes-beaux-parents-ont-dit-que-javais-vendu-leur-petite-fille\/","title":{"rendered":"Enfants \u00ab\u00a0vol\u00e9s\u00a0\u00bb en RDC: \u00ab\u00a0Mes beaux-parents ont dit que j&rsquo;avais vendu leur petite-fille\u00a0\u00bb","gt_translate_keys":[{"key":"rendered","format":"text"}]},"content":{"rendered":"\n<p class=\"wp-block-paragraph\"> Le quotidien\u00a0<a rel=\"noreferrer noopener\" href=\"https:\/\/www.nieuwsblad.be\/cnt\/dmf20190913_04607404\" target=\"_blank\">Het Nieuwsblad<\/a>\u00a0r\u00e9v\u00e8le ce samedi de nouveaux t\u00e9moignages dans l\u2019affaire dite des \u00ab\u00a0enfants vol\u00e9s\u00a0\u00bb en RDC. En 2015, une douzaine d\u2019enfants congolais de 3 ou 4 ans avaient \u00e9t\u00e9 enlev\u00e9s \u00e0 leurs parents biologiques par l\u2019ONG Planet Junior, qui leur proposait de les envoyer en colonie de vacances. En r\u00e9alit\u00e9, ils avaient \u00e9t\u00e9 transf\u00e9r\u00e9s dans un orphelinat \u00e0 Kinshasa, pendant plusieurs mois afin de leur faire de faux papiers, puis envoy\u00e9s vers des pays occidentaux comme la Belgique, o\u00f9 ils avaient \u00e9t\u00e9 adopt\u00e9s contre une forte somme d\u2019argent. <\/p>\n\n\n\n<script async src=\"\/\/pagead2.googlesyndication.com\/pagead\/js\/adsbygoogle.js\"><\/script>\n<!-- code responsive -->\n<ins class=\"adsbygoogle\"\n     style=\"display:block\"\n     data-ad-client=\"ca-pub-2119363214666215\"\n     data-ad-slot=\"1973679082\"\n     data-ad-format=\"auto\"><\/ins>\n<script>\n(adsbygoogle = window.adsbygoogle || []).push({});\n<\/script>\n\n\n\n<p class=\"wp-block-paragraph\"> En RDC, l\u2019affaire a d\u00e9truit les familles biologiques des enfants. Maryam, la m\u00e8re de Zakiatu, vit \u00e0 Gemena, un petit village dans le nord du pays, \u00e0 la fronti\u00e8re centrafricaine. \u00ab\u00a0<em>Elle est toujours dans mes pens\u00e9es<\/em>, confie Maryam \u00e0 Carl Theunis, du Nieuwsblad, qui l\u2019a rencontr\u00e9e.\u00a0<em>Quand les enfants ne sont pas revenus, mon mari s\u2019en est pris \u00e0 moi, en disant que ma famille les avait enlev\u00e9s\u2026 que je l\u2019avais accept\u00e9. Il m\u2019accuse toujours, on n\u2019est plus en bons termes. Il y a un an et demi, il est parti en R\u00e9publique centrafricaine. Je n\u2019ai plus de contact. Il n\u2019envoie pas d\u2019argent.<\/em>\u00a0\u00bb <\/p>\n\n\n\n<p class=\"wp-block-paragraph\"> Abdullah, le p\u00e8re de Samira, vit le m\u00eame cauchemar\u00a0:\u00a0<em>\u00ab\u00a0nous nous sommes s\u00e9par\u00e9s \u00e0 cause de cette affaire<\/em>, explique-t-il au Nieuwsblad.\u00a0<em>Au bout de 3-4 mois, elle n\u2019\u00e9tait toujours pas l\u00e0. Mes beaux-parents ont dit que j\u2019avais vendu leur petite fille en Belgique. Et ils sont venus reprendre ma femme.\u00a0\u00bb\u00a0<\/em>Les familles d\u2019adoption ont \u00e9tabli des contacts avec ces familles biologiques, par le biais des affaires \u00e9trang\u00e8res. Elles ont fait parvenir des lettres avec des photos des deux enfants. <\/p>\n\n\n\n<p class=\"wp-block-paragraph\">RTBF<\/p>\n","protected":false,"gt_translate_keys":[{"key":"rendered","format":"html"}]},"excerpt":{"rendered":"<p>Le quotidien\u00a0Het Nieuwsblad\u00a0r\u00e9v\u00e8le ce samedi de nouveaux t\u00e9moignages dans l\u2019affaire dite des \u00ab\u00a0enfants vol\u00e9s\u00a0\u00bb en RDC. En 2015, une douzaine d\u2019enfants congolais de 3 ou 4 ans avaient \u00e9t\u00e9 enlev\u00e9s \u00e0 leurs parents biologiques par l\u2019ONG Planet Junior, qui leur proposait de les envoyer en colonie de vacances. En r\u00e9alit\u00e9, ils avaient \u00e9t\u00e9 transf\u00e9r\u00e9s dans un orphelinat \u00e0 Kinshasa, pendant plusieurs mois afin de leur faire de faux papiers, puis envoy\u00e9s vers des pays occidentaux comme la Belgique, o\u00f9 ils avaient \u00e9t\u00e9 adopt\u00e9s contre une forte somme d\u2019argent. En RDC,&hellip;<\/p>\n","protected":false,"gt_translate_keys":[{"key":"rendered","format":"html"}]},"author":1,"featured_media":207,"comment_status":"open","ping_status":"open","sticky":false,"template":"","format":"standard","meta":{"_crdt_document":"","footnotes":""},"categories":[6],"tags":[],"class_list":["post-206","post","type-post","status-publish","format-standard","has-post-thumbnail","hentry","category-internationale"],"gutentor_comment":0,"yoast_head":"<!-- This site is optimized with the Yoast SEO plugin v27.5 - https:\/\/yoast.com\/product\/yoast-seo-wordpress\/ -->\n<title>Enfants &quot;vol\u00e9s&quot; en RDC: &quot;Mes beaux-parents ont dit que j&#039;avais vendu leur petite-fille&quot; - Actualit\u00e9s congolaises et internationales<\/title>\n<meta name=\"robots\" content=\"index, follow, max-snippet:-1, max-image-preview:large, max-video-preview:-1\" \/>\n<link rel=\"canonical\" href=\"https:\/\/congovirtuel.com\/information\/enfants-voles-en-rdc-mes-beaux-parents-ont-dit-que-javais-vendu-leur-petite-fille\/\" \/>\n<meta property=\"og:locale\" content=\"fr_FR\" \/>\n<meta property=\"og:type\" content=\"article\" \/>\n<meta property=\"og:title\" content=\"Enfants &quot;vol\u00e9s&quot; en RDC: &quot;Mes beaux-parents ont dit que j&#039;avais vendu leur petite-fille&quot; - Actualit\u00e9s congolaises et internationales\" \/>\n<meta property=\"og:description\" content=\"Le quotidien\u00a0Het Nieuwsblad\u00a0r\u00e9v\u00e8le ce samedi de nouveaux t\u00e9moignages dans l\u2019affaire dite des \u00ab\u00a0enfants vol\u00e9s\u00a0\u00bb en RDC. En 2015, une douzaine d\u2019enfants congolais de 3 ou 4 ans avaient \u00e9t\u00e9 enlev\u00e9s \u00e0 leurs parents biologiques par l\u2019ONG Planet Junior, qui leur proposait de les envoyer en colonie de vacances. En r\u00e9alit\u00e9, ils avaient \u00e9t\u00e9 transf\u00e9r\u00e9s dans un orphelinat \u00e0 Kinshasa, pendant plusieurs mois afin de leur faire de faux papiers, puis envoy\u00e9s vers des pays occidentaux comme la Belgique, o\u00f9 ils avaient \u00e9t\u00e9 adopt\u00e9s contre une forte somme d\u2019argent. En RDC,&hellip;\" \/>\n<meta property=\"og:url\" content=\"https:\/\/congovirtuel.com\/information\/enfants-voles-en-rdc-mes-beaux-parents-ont-dit-que-javais-vendu-leur-petite-fille\/\" \/>\n<meta property=\"og:site_name\" content=\"Actualit\u00e9s congolaises et internationales\" \/>\n<meta property=\"article:publisher\" content=\"https:\/\/web.facebook.com\/Congovirtuel-763617960319601\/?ref=aymt_homepage_panel&amp;amp%3bamp%3bamp%3bamp%3bamp%3bamp%3bamp%3bamp%3bamp%3bamp%3bamp%3beid=ARCoxULa66767kIgF_KYav6VdjXTI4yk_LW4yoVO9s6NXpysgb7Cb65vpxcxgqzOAKvIbLQxaAETcqHT\" \/>\n<meta property=\"article:published_time\" content=\"2019-09-14T12:42:00+00:00\" \/>\n<meta property=\"article:modified_time\" content=\"2019-09-14T12:42:06+00:00\" \/>\n<meta property=\"og:image\" content=\"https:\/\/congovirtuel.com\/information\/wp-content\/uploads\/2019\/09\/enfant_vol\u00e9_rdc_rtbf.jpg\" \/>\n\t<meta property=\"og:image:width\" content=\"1248\" \/>\n\t<meta property=\"og:image:height\" content=\"701\" \/>\n\t<meta property=\"og:image:type\" content=\"image\/jpeg\" \/>\n<meta name=\"author\" content=\"infocongovirtuel\" \/>\n<meta name=\"twitter:card\" content=\"summary_large_image\" \/>\n<meta name=\"twitter:creator\" content=\"@congovirtuel\" \/>\n<meta name=\"twitter:site\" content=\"@congovirtuel\" \/>\n<meta name=\"twitter:label1\" content=\"\u00c9crit par\" \/>\n\t<meta name=\"twitter:data1\" content=\"infocongovirtuel\" \/>\n\t<meta name=\"twitter:label2\" content=\"Dur\u00e9e de lecture estim\u00e9e\" \/>\n\t<meta name=\"twitter:data2\" content=\"2 minutes\" \/>\n<script type=\"application\/ld+json\" class=\"yoast-schema-graph\">{\"@context\":\"https:\\\/\\\/schema.org\",\"@graph\":[{\"@type\":\"Article\",\"@id\":\"https:\\\/\\\/congovirtuel.com\\\/information\\\/enfants-voles-en-rdc-mes-beaux-parents-ont-dit-que-javais-vendu-leur-petite-fille\\\/#article\",\"isPartOf\":{\"@id\":\"https:\\\/\\\/congovirtuel.com\\\/information\\\/enfants-voles-en-rdc-mes-beaux-parents-ont-dit-que-javais-vendu-leur-petite-fille\\\/\"},\"author\":{\"name\":\"infocongovirtuel\",\"@id\":\"https:\\\/\\\/congovirtuel.com\\\/information\\\/#\\\/schema\\\/person\\\/739a44bf7990966cb53d58d2fdeca0b6\"},\"headline\":\"Enfants \u00ab\u00a0vol\u00e9s\u00a0\u00bb en RDC: \u00ab\u00a0Mes beaux-parents ont dit que j&rsquo;avais vendu leur petite-fille\u00a0\u00bb\",\"datePublished\":\"2019-09-14T12:42:00+00:00\",\"dateModified\":\"2019-09-14T12:42:06+00:00\",\"mainEntityOfPage\":{\"@id\":\"https:\\\/\\\/congovirtuel.com\\\/information\\\/enfants-voles-en-rdc-mes-beaux-parents-ont-dit-que-javais-vendu-leur-petite-fille\\\/\"},\"wordCount\":316,\"commentCount\":0,\"publisher\":{\"@id\":\"https:\\\/\\\/congovirtuel.com\\\/information\\\/#organization\"},\"image\":{\"@id\":\"https:\\\/\\\/congovirtuel.com\\\/information\\\/enfants-voles-en-rdc-mes-beaux-parents-ont-dit-que-javais-vendu-leur-petite-fille\\\/#primaryimage\"},\"thumbnailUrl\":\"https:\\\/\\\/congovirtuel.com\\\/information\\\/wp-content\\\/uploads\\\/2019\\\/09\\\/enfant_vol\u00e9_rdc_rtbf.jpg\",\"articleSection\":[\"Internationale\"],\"inLanguage\":\"fr-FR\",\"potentialAction\":[{\"@type\":\"CommentAction\",\"name\":\"Comment\",\"target\":[\"https:\\\/\\\/congovirtuel.com\\\/information\\\/enfants-voles-en-rdc-mes-beaux-parents-ont-dit-que-javais-vendu-leur-petite-fille\\\/#respond\"]}]},{\"@type\":\"WebPage\",\"@id\":\"https:\\\/\\\/congovirtuel.com\\\/information\\\/enfants-voles-en-rdc-mes-beaux-parents-ont-dit-que-javais-vendu-leur-petite-fille\\\/\",\"url\":\"https:\\\/\\\/congovirtuel.com\\\/information\\\/enfants-voles-en-rdc-mes-beaux-parents-ont-dit-que-javais-vendu-leur-petite-fille\\\/\",\"name\":\"Enfants \\\"vol\u00e9s\\\" en RDC: \\\"Mes beaux-parents ont dit que j'avais vendu leur petite-fille\\\" - Actualit\u00e9s congolaises et internationales\",\"isPartOf\":{\"@id\":\"https:\\\/\\\/congovirtuel.com\\\/information\\\/#website\"},\"primaryImageOfPage\":{\"@id\":\"https:\\\/\\\/congovirtuel.com\\\/information\\\/enfants-voles-en-rdc-mes-beaux-parents-ont-dit-que-javais-vendu-leur-petite-fille\\\/#primaryimage\"},\"image\":{\"@id\":\"https:\\\/\\\/congovirtuel.com\\\/information\\\/enfants-voles-en-rdc-mes-beaux-parents-ont-dit-que-javais-vendu-leur-petite-fille\\\/#primaryimage\"},\"thumbnailUrl\":\"https:\\\/\\\/congovirtuel.com\\\/information\\\/wp-content\\\/uploads\\\/2019\\\/09\\\/enfant_vol\u00e9_rdc_rtbf.jpg\",\"datePublished\":\"2019-09-14T12:42:00+00:00\",\"dateModified\":\"2019-09-14T12:42:06+00:00\",\"breadcrumb\":{\"@id\":\"https:\\\/\\\/congovirtuel.com\\\/information\\\/enfants-voles-en-rdc-mes-beaux-parents-ont-dit-que-javais-vendu-leur-petite-fille\\\/#breadcrumb\"},\"inLanguage\":\"fr-FR\",\"potentialAction\":[{\"@type\":\"ReadAction\",\"target\":[\"https:\\\/\\\/congovirtuel.com\\\/information\\\/enfants-voles-en-rdc-mes-beaux-parents-ont-dit-que-javais-vendu-leur-petite-fille\\\/\"]}]},{\"@type\":\"ImageObject\",\"inLanguage\":\"fr-FR\",\"@id\":\"https:\\\/\\\/congovirtuel.com\\\/information\\\/enfants-voles-en-rdc-mes-beaux-parents-ont-dit-que-javais-vendu-leur-petite-fille\\\/#primaryimage\",\"url\":\"https:\\\/\\\/congovirtuel.com\\\/information\\\/wp-content\\\/uploads\\\/2019\\\/09\\\/enfant_vol\u00e9_rdc_rtbf.jpg\",\"contentUrl\":\"https:\\\/\\\/congovirtuel.com\\\/information\\\/wp-content\\\/uploads\\\/2019\\\/09\\\/enfant_vol\u00e9_rdc_rtbf.jpg\",\"width\":1248,\"height\":701},{\"@type\":\"BreadcrumbList\",\"@id\":\"https:\\\/\\\/congovirtuel.com\\\/information\\\/enfants-voles-en-rdc-mes-beaux-parents-ont-dit-que-javais-vendu-leur-petite-fille\\\/#breadcrumb\",\"itemListElement\":[{\"@type\":\"ListItem\",\"position\":1,\"name\":\"Accueil\",\"item\":\"https:\\\/\\\/congovirtuel.com\\\/information\\\/\"},{\"@type\":\"ListItem\",\"position\":2,\"name\":\"Enfants \u00ab\u00a0vol\u00e9s\u00a0\u00bb en RDC: \u00ab\u00a0Mes beaux-parents ont dit que j&rsquo;avais vendu leur petite-fille\u00a0\u00bb\"}]},{\"@type\":\"WebSite\",\"@id\":\"https:\\\/\\\/congovirtuel.com\\\/information\\\/#website\",\"url\":\"https:\\\/\\\/congovirtuel.com\\\/information\\\/\",\"name\":\"Actualit\u00e9s congolaises et internationales\",\"description\":\"site d&#039;analyse et de traitement d&#039;information\",\"publisher\":{\"@id\":\"https:\\\/\\\/congovirtuel.com\\\/information\\\/#organization\"},\"potentialAction\":[{\"@type\":\"SearchAction\",\"target\":{\"@type\":\"EntryPoint\",\"urlTemplate\":\"https:\\\/\\\/congovirtuel.com\\\/information\\\/?s={search_term_string}\"},\"query-input\":{\"@type\":\"PropertyValueSpecification\",\"valueRequired\":true,\"valueName\":\"search_term_string\"}}],\"inLanguage\":\"fr-FR\"},{\"@type\":\"Organization\",\"@id\":\"https:\\\/\\\/congovirtuel.com\\\/information\\\/#organization\",\"name\":\"Biblioth\u00e8que Virtuelle de la RDC\",\"url\":\"https:\\\/\\\/congovirtuel.com\\\/information\\\/\",\"logo\":{\"@type\":\"ImageObject\",\"inLanguage\":\"fr-FR\",\"@id\":\"https:\\\/\\\/congovirtuel.com\\\/information\\\/#\\\/schema\\\/logo\\\/image\\\/\",\"url\":\"https:\\\/\\\/congovirtuel.com\\\/information\\\/wp-content\\\/uploads\\\/2018\\\/10\\\/header-info-congovirtuel-vraie.jpg\",\"contentUrl\":\"https:\\\/\\\/congovirtuel.com\\\/information\\\/wp-content\\\/uploads\\\/2018\\\/10\\\/header-info-congovirtuel-vraie.jpg\",\"width\":728,\"height\":90,\"caption\":\"Biblioth\u00e8que Virtuelle de la RDC\"},\"image\":{\"@id\":\"https:\\\/\\\/congovirtuel.com\\\/information\\\/#\\\/schema\\\/logo\\\/image\\\/\"},\"sameAs\":[\"https:\\\/\\\/web.facebook.com\\\/Congovirtuel-763617960319601\\\/?ref=aymt_homepage_panel&amp;amp;amp;amp;amp;amp;amp;amp;amp;amp;amp;eid=ARCoxULa66767kIgF_KYav6VdjXTI4yk_LW4yoVO9s6NXpysgb7Cb65vpxcxgqzOAKvIbLQxaAETcqHT\",\"https:\\\/\\\/x.com\\\/congovirtuel\",\"https:\\\/\\\/www.youtube.com\\\/channel\\\/UCkFfprYzGgS3EWNpeMXpToQ?view_as=subscriber\"]},{\"@type\":\"Person\",\"@id\":\"https:\\\/\\\/congovirtuel.com\\\/information\\\/#\\\/schema\\\/person\\\/739a44bf7990966cb53d58d2fdeca0b6\",\"name\":\"infocongovirtuel\",\"image\":{\"@type\":\"ImageObject\",\"inLanguage\":\"fr-FR\",\"@id\":\"https:\\\/\\\/secure.gravatar.com\\\/avatar\\\/4d76991aa72469f0eb22e772586c99113c6997f88da636a9db8f2ce3a2c05e69?s=96&d=mm&r=g\",\"url\":\"https:\\\/\\\/secure.gravatar.com\\\/avatar\\\/4d76991aa72469f0eb22e772586c99113c6997f88da636a9db8f2ce3a2c05e69?s=96&d=mm&r=g\",\"contentUrl\":\"https:\\\/\\\/secure.gravatar.com\\\/avatar\\\/4d76991aa72469f0eb22e772586c99113c6997f88da636a9db8f2ce3a2c05e69?s=96&d=mm&r=g\",\"caption\":\"infocongovirtuel\"},\"url\":\"https:\\\/\\\/congovirtuel.com\\\/information\\\/author\\\/infocongovirtuel\\\/\"}]}<\/script>\n<!-- \/ Yoast SEO plugin. -->","yoast_head_json":{"title":"Enfants \"vol\u00e9s\" en RDC: \"Mes beaux-parents ont dit que j'avais vendu leur petite-fille\" - Actualit\u00e9s congolaises et internationales","robots":{"index":"index","follow":"follow","max-snippet":"max-snippet:-1","max-image-preview":"max-image-preview:large","max-video-preview":"max-video-preview:-1"},"canonical":"https:\/\/congovirtuel.com\/information\/enfants-voles-en-rdc-mes-beaux-parents-ont-dit-que-javais-vendu-leur-petite-fille\/","og_locale":"fr_FR","og_type":"article","og_title":"Enfants \"vol\u00e9s\" en RDC: \"Mes beaux-parents ont dit que j'avais vendu leur petite-fille\" - Actualit\u00e9s congolaises et internationales","og_description":"Le quotidien\u00a0Het Nieuwsblad\u00a0r\u00e9v\u00e8le ce samedi de nouveaux t\u00e9moignages dans l\u2019affaire dite des \u00ab\u00a0enfants vol\u00e9s\u00a0\u00bb en RDC. En 2015, une douzaine d\u2019enfants congolais de 3 ou 4 ans avaient \u00e9t\u00e9 enlev\u00e9s \u00e0 leurs parents biologiques par l\u2019ONG Planet Junior, qui leur proposait de les envoyer en colonie de vacances. En r\u00e9alit\u00e9, ils avaient \u00e9t\u00e9 transf\u00e9r\u00e9s dans un orphelinat \u00e0 Kinshasa, pendant plusieurs mois afin de leur faire de faux papiers, puis envoy\u00e9s vers des pays occidentaux comme la Belgique, o\u00f9 ils avaient \u00e9t\u00e9 adopt\u00e9s contre une forte somme d\u2019argent. En RDC,&hellip;","og_url":"https:\/\/congovirtuel.com\/information\/enfants-voles-en-rdc-mes-beaux-parents-ont-dit-que-javais-vendu-leur-petite-fille\/","og_site_name":"Actualit\u00e9s congolaises et internationales","article_publisher":"https:\/\/web.facebook.com\/Congovirtuel-763617960319601\/?ref=aymt_homepage_panel&amp%3bamp%3bamp%3bamp%3bamp%3bamp%3bamp%3bamp%3bamp%3bamp%3bamp%3beid=ARCoxULa66767kIgF_KYav6VdjXTI4yk_LW4yoVO9s6NXpysgb7Cb65vpxcxgqzOAKvIbLQxaAETcqHT","article_published_time":"2019-09-14T12:42:00+00:00","article_modified_time":"2019-09-14T12:42:06+00:00","og_image":[{"width":1248,"height":701,"url":"https:\/\/congovirtuel.com\/information\/wp-content\/uploads\/2019\/09\/enfant_vol\u00e9_rdc_rtbf.jpg","type":"image\/jpeg"}],"author":"infocongovirtuel","twitter_card":"summary_large_image","twitter_creator":"@congovirtuel","twitter_site":"@congovirtuel","twitter_misc":{"\u00c9crit par":"infocongovirtuel","Dur\u00e9e de lecture estim\u00e9e":"2 minutes"},"schema":{"@context":"https:\/\/schema.org","@graph":[{"@type":"Article","@id":"https:\/\/congovirtuel.com\/information\/enfants-voles-en-rdc-mes-beaux-parents-ont-dit-que-javais-vendu-leur-petite-fille\/#article","isPartOf":{"@id":"https:\/\/congovirtuel.com\/information\/enfants-voles-en-rdc-mes-beaux-parents-ont-dit-que-javais-vendu-leur-petite-fille\/"},"author":{"name":"infocongovirtuel","@id":"https:\/\/congovirtuel.com\/information\/#\/schema\/person\/739a44bf7990966cb53d58d2fdeca0b6"},"headline":"Enfants \u00ab\u00a0vol\u00e9s\u00a0\u00bb en RDC: \u00ab\u00a0Mes beaux-parents ont dit que j&rsquo;avais vendu leur petite-fille\u00a0\u00bb","datePublished":"2019-09-14T12:42:00+00:00","dateModified":"2019-09-14T12:42:06+00:00","mainEntityOfPage":{"@id":"https:\/\/congovirtuel.com\/information\/enfants-voles-en-rdc-mes-beaux-parents-ont-dit-que-javais-vendu-leur-petite-fille\/"},"wordCount":316,"commentCount":0,"publisher":{"@id":"https:\/\/congovirtuel.com\/information\/#organization"},"image":{"@id":"https:\/\/congovirtuel.com\/information\/enfants-voles-en-rdc-mes-beaux-parents-ont-dit-que-javais-vendu-leur-petite-fille\/#primaryimage"},"thumbnailUrl":"https:\/\/congovirtuel.com\/information\/wp-content\/uploads\/2019\/09\/enfant_vol\u00e9_rdc_rtbf.jpg","articleSection":["Internationale"],"inLanguage":"fr-FR","potentialAction":[{"@type":"CommentAction","name":"Comment","target":["https:\/\/congovirtuel.com\/information\/enfants-voles-en-rdc-mes-beaux-parents-ont-dit-que-javais-vendu-leur-petite-fille\/#respond"]}]},{"@type":"WebPage","@id":"https:\/\/congovirtuel.com\/information\/enfants-voles-en-rdc-mes-beaux-parents-ont-dit-que-javais-vendu-leur-petite-fille\/","url":"https:\/\/congovirtuel.com\/information\/enfants-voles-en-rdc-mes-beaux-parents-ont-dit-que-javais-vendu-leur-petite-fille\/","name":"Enfants \"vol\u00e9s\" en RDC: \"Mes beaux-parents ont dit que j'avais vendu leur petite-fille\" - Actualit\u00e9s congolaises et internationales","isPartOf":{"@id":"https:\/\/congovirtuel.com\/information\/#website"},"primaryImageOfPage":{"@id":"https:\/\/congovirtuel.com\/information\/enfants-voles-en-rdc-mes-beaux-parents-ont-dit-que-javais-vendu-leur-petite-fille\/#primaryimage"},"image":{"@id":"https:\/\/congovirtuel.com\/information\/enfants-voles-en-rdc-mes-beaux-parents-ont-dit-que-javais-vendu-leur-petite-fille\/#primaryimage"},"thumbnailUrl":"https:\/\/congovirtuel.com\/information\/wp-content\/uploads\/2019\/09\/enfant_vol\u00e9_rdc_rtbf.jpg","datePublished":"2019-09-14T12:42:00+00:00","dateModified":"2019-09-14T12:42:06+00:00","breadcrumb":{"@id":"https:\/\/congovirtuel.com\/information\/enfants-voles-en-rdc-mes-beaux-parents-ont-dit-que-javais-vendu-leur-petite-fille\/#breadcrumb"},"inLanguage":"fr-FR","potentialAction":[{"@type":"ReadAction","target":["https:\/\/congovirtuel.com\/information\/enfants-voles-en-rdc-mes-beaux-parents-ont-dit-que-javais-vendu-leur-petite-fille\/"]}]},{"@type":"ImageObject","inLanguage":"fr-FR","@id":"https:\/\/congovirtuel.com\/information\/enfants-voles-en-rdc-mes-beaux-parents-ont-dit-que-javais-vendu-leur-petite-fille\/#primaryimage","url":"https:\/\/congovirtuel.com\/information\/wp-content\/uploads\/2019\/09\/enfant_vol\u00e9_rdc_rtbf.jpg","contentUrl":"https:\/\/congovirtuel.com\/information\/wp-content\/uploads\/2019\/09\/enfant_vol\u00e9_rdc_rtbf.jpg","width":1248,"height":701},{"@type":"BreadcrumbList","@id":"https:\/\/congovirtuel.com\/information\/enfants-voles-en-rdc-mes-beaux-parents-ont-dit-que-javais-vendu-leur-petite-fille\/#breadcrumb","itemListElement":[{"@type":"ListItem","position":1,"name":"Accueil","item":"https:\/\/congovirtuel.com\/information\/"},{"@type":"ListItem","position":2,"name":"Enfants \u00ab\u00a0vol\u00e9s\u00a0\u00bb en RDC: \u00ab\u00a0Mes beaux-parents ont dit que j&rsquo;avais vendu leur petite-fille\u00a0\u00bb"}]},{"@type":"WebSite","@id":"https:\/\/congovirtuel.com\/information\/#website","url":"https:\/\/congovirtuel.com\/information\/","name":"Actualit\u00e9s congolaises et internationales","description":"site d&#039;analyse et de traitement d&#039;information","publisher":{"@id":"https:\/\/congovirtuel.com\/information\/#organization"},"potentialAction":[{"@type":"SearchAction","target":{"@type":"EntryPoint","urlTemplate":"https:\/\/congovirtuel.com\/information\/?s={search_term_string}"},"query-input":{"@type":"PropertyValueSpecification","valueRequired":true,"valueName":"search_term_string"}}],"inLanguage":"fr-FR"},{"@type":"Organization","@id":"https:\/\/congovirtuel.com\/information\/#organization","name":"Biblioth\u00e8que Virtuelle de la RDC","url":"https:\/\/congovirtuel.com\/information\/","logo":{"@type":"ImageObject","inLanguage":"fr-FR","@id":"https:\/\/congovirtuel.com\/information\/#\/schema\/logo\/image\/","url":"https:\/\/congovirtuel.com\/information\/wp-content\/uploads\/2018\/10\/header-info-congovirtuel-vraie.jpg","contentUrl":"https:\/\/congovirtuel.com\/information\/wp-content\/uploads\/2018\/10\/header-info-congovirtuel-vraie.jpg","width":728,"height":90,"caption":"Biblioth\u00e8que Virtuelle de la RDC"},"image":{"@id":"https:\/\/congovirtuel.com\/information\/#\/schema\/logo\/image\/"},"sameAs":["https:\/\/web.facebook.com\/Congovirtuel-763617960319601\/?ref=aymt_homepage_panel&amp;amp;amp;amp;amp;amp;amp;amp;amp;amp;amp;eid=ARCoxULa66767kIgF_KYav6VdjXTI4yk_LW4yoVO9s6NXpysgb7Cb65vpxcxgqzOAKvIbLQxaAETcqHT","https:\/\/x.com\/congovirtuel","https:\/\/www.youtube.com\/channel\/UCkFfprYzGgS3EWNpeMXpToQ?view_as=subscriber"]},{"@type":"Person","@id":"https:\/\/congovirtuel.com\/information\/#\/schema\/person\/739a44bf7990966cb53d58d2fdeca0b6","name":"infocongovirtuel","image":{"@type":"ImageObject","inLanguage":"fr-FR","@id":"https:\/\/secure.gravatar.com\/avatar\/4d76991aa72469f0eb22e772586c99113c6997f88da636a9db8f2ce3a2c05e69?s=96&d=mm&r=g","url":"https:\/\/secure.gravatar.com\/avatar\/4d76991aa72469f0eb22e772586c99113c6997f88da636a9db8f2ce3a2c05e69?s=96&d=mm&r=g","contentUrl":"https:\/\/secure.gravatar.com\/avatar\/4d76991aa72469f0eb22e772586c99113c6997f88da636a9db8f2ce3a2c05e69?s=96&d=mm&r=g","caption":"infocongovirtuel"},"url":"https:\/\/congovirtuel.com\/information\/author\/infocongovirtuel\/"}]}},"gt_translate_keys":[{"key":"link","format":"url"}],"_links":{"self":[{"href":"https:\/\/congovirtuel.com\/information\/wp-json\/wp\/v2\/posts\/206","targetHints":{"allow":["GET"]}}],"collection":[{"href":"https:\/\/congovirtuel.com\/information\/wp-json\/wp\/v2\/posts"}],"about":[{"href":"https:\/\/congovirtuel.com\/information\/wp-json\/wp\/v2\/types\/post"}],"author":[{"embeddable":true,"href":"https:\/\/congovirtuel.com\/information\/wp-json\/wp\/v2\/users\/1"}],"replies":[{"embeddable":true,"href":"https:\/\/congovirtuel.com\/information\/wp-json\/wp\/v2\/comments?post=206"}],"version-history":[{"count":1,"href":"https:\/\/congovirtuel.com\/information\/wp-json\/wp\/v2\/posts\/206\/revisions"}],"predecessor-version":[{"id":208,"href":"https:\/\/congovirtuel.com\/information\/wp-json\/wp\/v2\/posts\/206\/revisions\/208"}],"wp:featuredmedia":[{"embeddable":true,"href":"https:\/\/congovirtuel.com\/information\/wp-json\/wp\/v2\/media\/207"}],"wp:attachment":[{"href":"https:\/\/congovirtuel.com\/information\/wp-json\/wp\/v2\/media?parent=206"}],"wp:term":[{"taxonomy":"category","embeddable":true,"href":"https:\/\/congovirtuel.com\/information\/wp-json\/wp\/v2\/categories?post=206"},{"taxonomy":"post_tag","embeddable":true,"href":"https:\/\/congovirtuel.com\/information\/wp-json\/wp\/v2\/tags?post=206"}],"curies":[{"name":"wp","href":"https:\/\/api.w.org\/{rel}","templated":true}]}}