{"id":20710,"date":"2022-10-17T12:36:30","date_gmt":"2022-10-17T11:36:30","guid":{"rendered":"https:\/\/congovirtuel.com\/information\/?p=20710"},"modified":"2022-10-17T12:36:30","modified_gmt":"2022-10-17T11:36:30","slug":"congo-rdc-philippe-waterschoot-administrateur-delegue-du-groupe-texaf","status":"publish","type":"post","link":"https:\/\/congovirtuel.com\/information\/congo-rdc-philippe-waterschoot-administrateur-delegue-du-groupe-texaf\/","title":{"rendered":"Congo RDC : Philippe Waterschoot, administrateur d\u00e9l\u00e9gu\u00e9 du groupe Texaf","gt_translate_keys":[{"key":"rendered","format":"text"}]},"content":{"rendered":"<p>Les richesses \u00e9cologiques, culturelles et humaines de la RDC sont aussi vastes que l\u2019\u00e9tendue de son territoire : 77 fois le n\u00f4tre ! Depuis 137 ans, la Belgique entretient avec le Congo des relations passionn\u00e9es faites de convoitise, d\u2019histoires troubles mais aussi d\u2019amour et d\u2019int\u00e9r\u00eats r\u00e9ciproques. Poumon d\u2019une plan\u00e8te menac\u00e9e par son climat, la RDC poss\u00e8de des ressources multiples dont les potentiels sont \u00e9normes.<\/p>\n<p>Install\u00e9 sur place depuis trente-trois ans, Jean-Philippe Waterschoot est \u00e0 la t\u00eate d\u2019une des derni\u00e8res entreprises belges uniquement pr\u00e9sentes en RDC. D\u2019abord active dans le textile, sp\u00e9cialis\u00e9e dans la fili\u00e8re du coton, le groupe a d\u00fb se r\u00e9orienter au fil du temps. Amoureux du pays, Jean-Philippe nous conte\u00a0les liens, parfois difficiles mais toujours passionn\u00e9s, qu\u2019il entretient avec cette terre d\u2019Afrique.<\/p>\n<p>Jean-Philippe Waterschoot\u00a0est n\u00e9 \u00e0 Waterloo, dans le Brabant Wallon. Il a fait ses \u00e9tudes \u00e0 l\u2019ULB \u00e0 la\u00a0Facult\u00e9 des Sciences\u00a0Appliqu\u00e9es.\u00a0Sorti ing\u00e9nieur civil, il a fait son service militaire \u00e0 l\u2019ERM puis, avec son \u00e9pouse, ils souhaitaient\u00a0partir \u00e0 l\u2019\u00e9tranger, de pr\u00e9f\u00e9rence en Asie, mais le\u00a0hasard en a d\u00e9cid\u00e9 autrement.\u00a0Des opportunit\u00e9s de travail l\u2019ont\u00a0men\u00e9 dans les bureaux de TEXAF, pour un poste en RDC.\u00a0Ils\u00a0sont arriv\u00e9s en novembre\u00a01989 \u00e0 Lubumbashi, d\u00e9j\u00e0 pour le groupe TEXAF. Ils y ont v\u00e9cu 2 ans avant de rejoindre le \u00ab\u00a0vaisseau amiral UTEXAFRICA\u00a0\u00bb \u00e0 Kinshasa en mars\u00a01992.<\/p>\n<p>Install\u00e9\u00a0en R\u00e9publique D\u00e9mocratique du Congo\u00a0depuis\u00a01926, le groupe\u00a0TEXAF\u00a0est initialement connu dans l\u2019industrie du textile avant de d\u00e9velopper ses activit\u00e9s de gestion de portefeuille immobilier en\u00a02007 et d\u2019extraction\u00a0CARRIGRES\u00a0en\u00a02009. Apr\u00e8s la cr\u00e9ation de la fondation\u00a0TEXAF BILEMBO\u00a0en\u00a02009, TEXAF\u00a0d\u00e9cide en\u00a02018 de jouer un r\u00f4le dans le d\u00e9veloppement de l\u2019\u00e9conomie digitale en Afrique.<\/p>\n<p>D\u2019abord, TEXAF\u00a0investit 1\u00a0million d\u2019euros chez PARTECH AFRICA, un fonds d\u2019investissement panafricain. En\u00a02020,\u00a0<a href=\"https:\/\/www.silikinvillage.com\/\" target=\"_blank\" rel=\"noopener\">SILIKIN VILLAGE<\/a>\u00a0lance son campus qui accueille les activit\u00e9s de KINSHASA DIGITAL \u00e0 travers son acad\u00e9mie de formation de jeunes codeurs. La mission de\u00a0SILIKIN<strong>\u00a0<\/strong>VILLAGE\u00a0s\u2019\u00e9largit tr\u00e8s vite avec le lancement en\u00a02021 \u2013 en partenariat avec OVATION \u2013 d\u2019un programme d\u2019accompagnement de jeunes entrepreneurs congolais sous le th\u00e8me de la ville durable.<\/p>\n<p>Jean-Philippe se d\u00e9finit comme un \u00ab\u00a0Congoloptimiste\u00a0\u00bb.\u00a0Un acteur, plut\u00f4t qu\u2019un spectateur. Un moteur. Il essaie d\u2019\u00eatre inspirant, d\u2019apporter sa pierre \u00e0 un \u00e9difice pour un mieux-vivre.<\/p>\n<p>RTBF<\/p>\n","protected":false,"gt_translate_keys":[{"key":"rendered","format":"html"}]},"excerpt":{"rendered":"<p>Les richesses \u00e9cologiques, culturelles et humaines de la RDC sont aussi vastes que l\u2019\u00e9tendue de son territoire : 77 fois le n\u00f4tre ! Depuis 137 ans, la Belgique entretient avec le Congo des relations passionn\u00e9es faites de convoitise, d\u2019histoires troubles mais aussi d\u2019amour et d\u2019int\u00e9r\u00eats r\u00e9ciproques. Poumon d\u2019une plan\u00e8te menac\u00e9e par son climat, la RDC poss\u00e8de des ressources multiples dont les potentiels sont \u00e9normes. Install\u00e9 sur place depuis trente-trois ans, Jean-Philippe Waterschoot est \u00e0 la t\u00eate d\u2019une des derni\u00e8res entreprises belges uniquement pr\u00e9sentes en RDC. D\u2019abord active dans le textile,&hellip;<\/p>\n","protected":false,"gt_translate_keys":[{"key":"rendered","format":"html"}]},"author":1,"featured_media":20709,"comment_status":"open","ping_status":"open","sticky":false,"template":"","format":"standard","meta":{"_crdt_document":"","footnotes":""},"categories":[1175],"tags":[37363],"class_list":["post-20710","post","type-post","status-publish","format-standard","has-post-thumbnail","hentry","category-entreprises","tag-biographie-jean-philippe-waterschoot"],"gutentor_comment":0,"yoast_head":"<!-- This site is optimized with the Yoast SEO plugin v27.5 - https:\/\/yoast.com\/product\/yoast-seo-wordpress\/ -->\n<title>Congo RDC : Philippe Waterschoot, administrateur d\u00e9l\u00e9gu\u00e9 du groupe Texaf - Actualit\u00e9s congolaises et internationales<\/title>\n<meta name=\"robots\" content=\"index, follow, max-snippet:-1, max-image-preview:large, max-video-preview:-1\" \/>\n<link rel=\"canonical\" href=\"https:\/\/congovirtuel.com\/information\/congo-rdc-philippe-waterschoot-administrateur-delegue-du-groupe-texaf\/\" \/>\n<meta property=\"og:locale\" content=\"fr_FR\" \/>\n<meta property=\"og:type\" content=\"article\" \/>\n<meta property=\"og:title\" content=\"Congo RDC : Philippe Waterschoot, administrateur d\u00e9l\u00e9gu\u00e9 du groupe Texaf - Actualit\u00e9s congolaises et internationales\" \/>\n<meta property=\"og:description\" content=\"Les richesses \u00e9cologiques, culturelles et humaines de la RDC sont aussi vastes que l\u2019\u00e9tendue de son territoire : 77 fois le n\u00f4tre ! Depuis 137 ans, la Belgique entretient avec le Congo des relations passionn\u00e9es faites de convoitise, d\u2019histoires troubles mais aussi d\u2019amour et d\u2019int\u00e9r\u00eats r\u00e9ciproques. Poumon d\u2019une plan\u00e8te menac\u00e9e par son climat, la RDC poss\u00e8de des ressources multiples dont les potentiels sont \u00e9normes. Install\u00e9 sur place depuis trente-trois ans, Jean-Philippe Waterschoot est \u00e0 la t\u00eate d\u2019une des derni\u00e8res entreprises belges uniquement pr\u00e9sentes en RDC. D\u2019abord active dans le textile,&hellip;\" \/>\n<meta property=\"og:url\" content=\"https:\/\/congovirtuel.com\/information\/congo-rdc-philippe-waterschoot-administrateur-delegue-du-groupe-texaf\/\" \/>\n<meta property=\"og:site_name\" content=\"Actualit\u00e9s congolaises et internationales\" \/>\n<meta property=\"article:publisher\" content=\"https:\/\/web.facebook.com\/Congovirtuel-763617960319601\/?ref=aymt_homepage_panel&amp;amp%3bamp%3bamp%3bamp%3bamp%3bamp%3bamp%3bamp%3bamp%3bamp%3bamp%3beid=ARCoxULa66767kIgF_KYav6VdjXTI4yk_LW4yoVO9s6NXpysgb7Cb65vpxcxgqzOAKvIbLQxaAETcqHT\" \/>\n<meta property=\"article:published_time\" content=\"2022-10-17T11:36:30+00:00\" \/>\n<meta property=\"og:image\" content=\"https:\/\/congovirtuel.com\/information\/wp-content\/uploads\/2022\/10\/Jean-Philippe-Waterschoot.jpg\" \/>\n\t<meta property=\"og:image:width\" content=\"1248\" \/>\n\t<meta property=\"og:image:height\" content=\"701\" \/>\n\t<meta property=\"og:image:type\" content=\"image\/jpeg\" \/>\n<meta name=\"author\" content=\"infocongovirtuel\" \/>\n<meta name=\"twitter:card\" content=\"summary_large_image\" \/>\n<meta name=\"twitter:creator\" content=\"@congovirtuel\" \/>\n<meta name=\"twitter:site\" content=\"@congovirtuel\" \/>\n<meta name=\"twitter:label1\" content=\"\u00c9crit par\" \/>\n\t<meta name=\"twitter:data1\" content=\"infocongovirtuel\" \/>\n\t<meta name=\"twitter:label2\" content=\"Dur\u00e9e de lecture estim\u00e9e\" \/>\n\t<meta name=\"twitter:data2\" content=\"2 minutes\" \/>\n<script type=\"application\/ld+json\" class=\"yoast-schema-graph\">{\"@context\":\"https:\\\/\\\/schema.org\",\"@graph\":[{\"@type\":\"Article\",\"@id\":\"https:\\\/\\\/congovirtuel.com\\\/information\\\/congo-rdc-philippe-waterschoot-administrateur-delegue-du-groupe-texaf\\\/#article\",\"isPartOf\":{\"@id\":\"https:\\\/\\\/congovirtuel.com\\\/information\\\/congo-rdc-philippe-waterschoot-administrateur-delegue-du-groupe-texaf\\\/\"},\"author\":{\"name\":\"infocongovirtuel\",\"@id\":\"https:\\\/\\\/congovirtuel.com\\\/information\\\/#\\\/schema\\\/person\\\/739a44bf7990966cb53d58d2fdeca0b6\"},\"headline\":\"Congo RDC : Philippe Waterschoot, administrateur d\u00e9l\u00e9gu\u00e9 du groupe Texaf\",\"datePublished\":\"2022-10-17T11:36:30+00:00\",\"mainEntityOfPage\":{\"@id\":\"https:\\\/\\\/congovirtuel.com\\\/information\\\/congo-rdc-philippe-waterschoot-administrateur-delegue-du-groupe-texaf\\\/\"},\"wordCount\":432,\"commentCount\":0,\"publisher\":{\"@id\":\"https:\\\/\\\/congovirtuel.com\\\/information\\\/#organization\"},\"image\":{\"@id\":\"https:\\\/\\\/congovirtuel.com\\\/information\\\/congo-rdc-philippe-waterschoot-administrateur-delegue-du-groupe-texaf\\\/#primaryimage\"},\"thumbnailUrl\":\"https:\\\/\\\/congovirtuel.com\\\/information\\\/wp-content\\\/uploads\\\/2022\\\/10\\\/Jean-Philippe-Waterschoot.jpg\",\"keywords\":[\"Biographie Jean-Philippe Waterschoot\"],\"articleSection\":[\"Entreprises\"],\"inLanguage\":\"fr-FR\",\"potentialAction\":[{\"@type\":\"CommentAction\",\"name\":\"Comment\",\"target\":[\"https:\\\/\\\/congovirtuel.com\\\/information\\\/congo-rdc-philippe-waterschoot-administrateur-delegue-du-groupe-texaf\\\/#respond\"]}]},{\"@type\":\"WebPage\",\"@id\":\"https:\\\/\\\/congovirtuel.com\\\/information\\\/congo-rdc-philippe-waterschoot-administrateur-delegue-du-groupe-texaf\\\/\",\"url\":\"https:\\\/\\\/congovirtuel.com\\\/information\\\/congo-rdc-philippe-waterschoot-administrateur-delegue-du-groupe-texaf\\\/\",\"name\":\"Congo RDC : Philippe Waterschoot, administrateur d\u00e9l\u00e9gu\u00e9 du groupe Texaf - Actualit\u00e9s congolaises et internationales\",\"isPartOf\":{\"@id\":\"https:\\\/\\\/congovirtuel.com\\\/information\\\/#website\"},\"primaryImageOfPage\":{\"@id\":\"https:\\\/\\\/congovirtuel.com\\\/information\\\/congo-rdc-philippe-waterschoot-administrateur-delegue-du-groupe-texaf\\\/#primaryimage\"},\"image\":{\"@id\":\"https:\\\/\\\/congovirtuel.com\\\/information\\\/congo-rdc-philippe-waterschoot-administrateur-delegue-du-groupe-texaf\\\/#primaryimage\"},\"thumbnailUrl\":\"https:\\\/\\\/congovirtuel.com\\\/information\\\/wp-content\\\/uploads\\\/2022\\\/10\\\/Jean-Philippe-Waterschoot.jpg\",\"datePublished\":\"2022-10-17T11:36:30+00:00\",\"breadcrumb\":{\"@id\":\"https:\\\/\\\/congovirtuel.com\\\/information\\\/congo-rdc-philippe-waterschoot-administrateur-delegue-du-groupe-texaf\\\/#breadcrumb\"},\"inLanguage\":\"fr-FR\",\"potentialAction\":[{\"@type\":\"ReadAction\",\"target\":[\"https:\\\/\\\/congovirtuel.com\\\/information\\\/congo-rdc-philippe-waterschoot-administrateur-delegue-du-groupe-texaf\\\/\"]}]},{\"@type\":\"ImageObject\",\"inLanguage\":\"fr-FR\",\"@id\":\"https:\\\/\\\/congovirtuel.com\\\/information\\\/congo-rdc-philippe-waterschoot-administrateur-delegue-du-groupe-texaf\\\/#primaryimage\",\"url\":\"https:\\\/\\\/congovirtuel.com\\\/information\\\/wp-content\\\/uploads\\\/2022\\\/10\\\/Jean-Philippe-Waterschoot.jpg\",\"contentUrl\":\"https:\\\/\\\/congovirtuel.com\\\/information\\\/wp-content\\\/uploads\\\/2022\\\/10\\\/Jean-Philippe-Waterschoot.jpg\",\"width\":1248,\"height\":701,\"caption\":\"Jean-Philippe Waterschoot\"},{\"@type\":\"BreadcrumbList\",\"@id\":\"https:\\\/\\\/congovirtuel.com\\\/information\\\/congo-rdc-philippe-waterschoot-administrateur-delegue-du-groupe-texaf\\\/#breadcrumb\",\"itemListElement\":[{\"@type\":\"ListItem\",\"position\":1,\"name\":\"Accueil\",\"item\":\"https:\\\/\\\/congovirtuel.com\\\/information\\\/\"},{\"@type\":\"ListItem\",\"position\":2,\"name\":\"Congo RDC : Philippe Waterschoot, administrateur d\u00e9l\u00e9gu\u00e9 du groupe Texaf\"}]},{\"@type\":\"WebSite\",\"@id\":\"https:\\\/\\\/congovirtuel.com\\\/information\\\/#website\",\"url\":\"https:\\\/\\\/congovirtuel.com\\\/information\\\/\",\"name\":\"Actualit\u00e9s congolaises et internationales\",\"description\":\"site d&#039;analyse et de traitement d&#039;information\",\"publisher\":{\"@id\":\"https:\\\/\\\/congovirtuel.com\\\/information\\\/#organization\"},\"potentialAction\":[{\"@type\":\"SearchAction\",\"target\":{\"@type\":\"EntryPoint\",\"urlTemplate\":\"https:\\\/\\\/congovirtuel.com\\\/information\\\/?s={search_term_string}\"},\"query-input\":{\"@type\":\"PropertyValueSpecification\",\"valueRequired\":true,\"valueName\":\"search_term_string\"}}],\"inLanguage\":\"fr-FR\"},{\"@type\":\"Organization\",\"@id\":\"https:\\\/\\\/congovirtuel.com\\\/information\\\/#organization\",\"name\":\"Biblioth\u00e8que Virtuelle de la RDC\",\"url\":\"https:\\\/\\\/congovirtuel.com\\\/information\\\/\",\"logo\":{\"@type\":\"ImageObject\",\"inLanguage\":\"fr-FR\",\"@id\":\"https:\\\/\\\/congovirtuel.com\\\/information\\\/#\\\/schema\\\/logo\\\/image\\\/\",\"url\":\"https:\\\/\\\/congovirtuel.com\\\/information\\\/wp-content\\\/uploads\\\/2018\\\/10\\\/header-info-congovirtuel-vraie.jpg\",\"contentUrl\":\"https:\\\/\\\/congovirtuel.com\\\/information\\\/wp-content\\\/uploads\\\/2018\\\/10\\\/header-info-congovirtuel-vraie.jpg\",\"width\":728,\"height\":90,\"caption\":\"Biblioth\u00e8que Virtuelle de la RDC\"},\"image\":{\"@id\":\"https:\\\/\\\/congovirtuel.com\\\/information\\\/#\\\/schema\\\/logo\\\/image\\\/\"},\"sameAs\":[\"https:\\\/\\\/web.facebook.com\\\/Congovirtuel-763617960319601\\\/?ref=aymt_homepage_panel&amp;amp;amp;amp;amp;amp;amp;amp;amp;amp;amp;eid=ARCoxULa66767kIgF_KYav6VdjXTI4yk_LW4yoVO9s6NXpysgb7Cb65vpxcxgqzOAKvIbLQxaAETcqHT\",\"https:\\\/\\\/x.com\\\/congovirtuel\",\"https:\\\/\\\/www.youtube.com\\\/channel\\\/UCkFfprYzGgS3EWNpeMXpToQ?view_as=subscriber\"]},{\"@type\":\"Person\",\"@id\":\"https:\\\/\\\/congovirtuel.com\\\/information\\\/#\\\/schema\\\/person\\\/739a44bf7990966cb53d58d2fdeca0b6\",\"name\":\"infocongovirtuel\",\"image\":{\"@type\":\"ImageObject\",\"inLanguage\":\"fr-FR\",\"@id\":\"https:\\\/\\\/secure.gravatar.com\\\/avatar\\\/4d76991aa72469f0eb22e772586c99113c6997f88da636a9db8f2ce3a2c05e69?s=96&d=mm&r=g\",\"url\":\"https:\\\/\\\/secure.gravatar.com\\\/avatar\\\/4d76991aa72469f0eb22e772586c99113c6997f88da636a9db8f2ce3a2c05e69?s=96&d=mm&r=g\",\"contentUrl\":\"https:\\\/\\\/secure.gravatar.com\\\/avatar\\\/4d76991aa72469f0eb22e772586c99113c6997f88da636a9db8f2ce3a2c05e69?s=96&d=mm&r=g\",\"caption\":\"infocongovirtuel\"},\"url\":\"https:\\\/\\\/congovirtuel.com\\\/information\\\/author\\\/infocongovirtuel\\\/\"}]}<\/script>\n<!-- \/ Yoast SEO plugin. -->","yoast_head_json":{"title":"Congo RDC : Philippe Waterschoot, administrateur d\u00e9l\u00e9gu\u00e9 du groupe Texaf - Actualit\u00e9s congolaises et internationales","robots":{"index":"index","follow":"follow","max-snippet":"max-snippet:-1","max-image-preview":"max-image-preview:large","max-video-preview":"max-video-preview:-1"},"canonical":"https:\/\/congovirtuel.com\/information\/congo-rdc-philippe-waterschoot-administrateur-delegue-du-groupe-texaf\/","og_locale":"fr_FR","og_type":"article","og_title":"Congo RDC : Philippe Waterschoot, administrateur d\u00e9l\u00e9gu\u00e9 du groupe Texaf - Actualit\u00e9s congolaises et internationales","og_description":"Les richesses \u00e9cologiques, culturelles et humaines de la RDC sont aussi vastes que l\u2019\u00e9tendue de son territoire : 77 fois le n\u00f4tre ! Depuis 137 ans, la Belgique entretient avec le Congo des relations passionn\u00e9es faites de convoitise, d\u2019histoires troubles mais aussi d\u2019amour et d\u2019int\u00e9r\u00eats r\u00e9ciproques. Poumon d\u2019une plan\u00e8te menac\u00e9e par son climat, la RDC poss\u00e8de des ressources multiples dont les potentiels sont \u00e9normes. Install\u00e9 sur place depuis trente-trois ans, Jean-Philippe Waterschoot est \u00e0 la t\u00eate d\u2019une des derni\u00e8res entreprises belges uniquement pr\u00e9sentes en RDC. D\u2019abord active dans le textile,&hellip;","og_url":"https:\/\/congovirtuel.com\/information\/congo-rdc-philippe-waterschoot-administrateur-delegue-du-groupe-texaf\/","og_site_name":"Actualit\u00e9s congolaises et internationales","article_publisher":"https:\/\/web.facebook.com\/Congovirtuel-763617960319601\/?ref=aymt_homepage_panel&amp%3bamp%3bamp%3bamp%3bamp%3bamp%3bamp%3bamp%3bamp%3bamp%3bamp%3beid=ARCoxULa66767kIgF_KYav6VdjXTI4yk_LW4yoVO9s6NXpysgb7Cb65vpxcxgqzOAKvIbLQxaAETcqHT","article_published_time":"2022-10-17T11:36:30+00:00","og_image":[{"width":1248,"height":701,"url":"https:\/\/congovirtuel.com\/information\/wp-content\/uploads\/2022\/10\/Jean-Philippe-Waterschoot.jpg","type":"image\/jpeg"}],"author":"infocongovirtuel","twitter_card":"summary_large_image","twitter_creator":"@congovirtuel","twitter_site":"@congovirtuel","twitter_misc":{"\u00c9crit par":"infocongovirtuel","Dur\u00e9e de lecture estim\u00e9e":"2 minutes"},"schema":{"@context":"https:\/\/schema.org","@graph":[{"@type":"Article","@id":"https:\/\/congovirtuel.com\/information\/congo-rdc-philippe-waterschoot-administrateur-delegue-du-groupe-texaf\/#article","isPartOf":{"@id":"https:\/\/congovirtuel.com\/information\/congo-rdc-philippe-waterschoot-administrateur-delegue-du-groupe-texaf\/"},"author":{"name":"infocongovirtuel","@id":"https:\/\/congovirtuel.com\/information\/#\/schema\/person\/739a44bf7990966cb53d58d2fdeca0b6"},"headline":"Congo RDC : Philippe Waterschoot, administrateur d\u00e9l\u00e9gu\u00e9 du groupe Texaf","datePublished":"2022-10-17T11:36:30+00:00","mainEntityOfPage":{"@id":"https:\/\/congovirtuel.com\/information\/congo-rdc-philippe-waterschoot-administrateur-delegue-du-groupe-texaf\/"},"wordCount":432,"commentCount":0,"publisher":{"@id":"https:\/\/congovirtuel.com\/information\/#organization"},"image":{"@id":"https:\/\/congovirtuel.com\/information\/congo-rdc-philippe-waterschoot-administrateur-delegue-du-groupe-texaf\/#primaryimage"},"thumbnailUrl":"https:\/\/congovirtuel.com\/information\/wp-content\/uploads\/2022\/10\/Jean-Philippe-Waterschoot.jpg","keywords":["Biographie Jean-Philippe Waterschoot"],"articleSection":["Entreprises"],"inLanguage":"fr-FR","potentialAction":[{"@type":"CommentAction","name":"Comment","target":["https:\/\/congovirtuel.com\/information\/congo-rdc-philippe-waterschoot-administrateur-delegue-du-groupe-texaf\/#respond"]}]},{"@type":"WebPage","@id":"https:\/\/congovirtuel.com\/information\/congo-rdc-philippe-waterschoot-administrateur-delegue-du-groupe-texaf\/","url":"https:\/\/congovirtuel.com\/information\/congo-rdc-philippe-waterschoot-administrateur-delegue-du-groupe-texaf\/","name":"Congo RDC : Philippe Waterschoot, administrateur d\u00e9l\u00e9gu\u00e9 du groupe Texaf - Actualit\u00e9s congolaises et internationales","isPartOf":{"@id":"https:\/\/congovirtuel.com\/information\/#website"},"primaryImageOfPage":{"@id":"https:\/\/congovirtuel.com\/information\/congo-rdc-philippe-waterschoot-administrateur-delegue-du-groupe-texaf\/#primaryimage"},"image":{"@id":"https:\/\/congovirtuel.com\/information\/congo-rdc-philippe-waterschoot-administrateur-delegue-du-groupe-texaf\/#primaryimage"},"thumbnailUrl":"https:\/\/congovirtuel.com\/information\/wp-content\/uploads\/2022\/10\/Jean-Philippe-Waterschoot.jpg","datePublished":"2022-10-17T11:36:30+00:00","breadcrumb":{"@id":"https:\/\/congovirtuel.com\/information\/congo-rdc-philippe-waterschoot-administrateur-delegue-du-groupe-texaf\/#breadcrumb"},"inLanguage":"fr-FR","potentialAction":[{"@type":"ReadAction","target":["https:\/\/congovirtuel.com\/information\/congo-rdc-philippe-waterschoot-administrateur-delegue-du-groupe-texaf\/"]}]},{"@type":"ImageObject","inLanguage":"fr-FR","@id":"https:\/\/congovirtuel.com\/information\/congo-rdc-philippe-waterschoot-administrateur-delegue-du-groupe-texaf\/#primaryimage","url":"https:\/\/congovirtuel.com\/information\/wp-content\/uploads\/2022\/10\/Jean-Philippe-Waterschoot.jpg","contentUrl":"https:\/\/congovirtuel.com\/information\/wp-content\/uploads\/2022\/10\/Jean-Philippe-Waterschoot.jpg","width":1248,"height":701,"caption":"Jean-Philippe Waterschoot"},{"@type":"BreadcrumbList","@id":"https:\/\/congovirtuel.com\/information\/congo-rdc-philippe-waterschoot-administrateur-delegue-du-groupe-texaf\/#breadcrumb","itemListElement":[{"@type":"ListItem","position":1,"name":"Accueil","item":"https:\/\/congovirtuel.com\/information\/"},{"@type":"ListItem","position":2,"name":"Congo RDC : Philippe Waterschoot, administrateur d\u00e9l\u00e9gu\u00e9 du groupe Texaf"}]},{"@type":"WebSite","@id":"https:\/\/congovirtuel.com\/information\/#website","url":"https:\/\/congovirtuel.com\/information\/","name":"Actualit\u00e9s congolaises et internationales","description":"site d&#039;analyse et de traitement d&#039;information","publisher":{"@id":"https:\/\/congovirtuel.com\/information\/#organization"},"potentialAction":[{"@type":"SearchAction","target":{"@type":"EntryPoint","urlTemplate":"https:\/\/congovirtuel.com\/information\/?s={search_term_string}"},"query-input":{"@type":"PropertyValueSpecification","valueRequired":true,"valueName":"search_term_string"}}],"inLanguage":"fr-FR"},{"@type":"Organization","@id":"https:\/\/congovirtuel.com\/information\/#organization","name":"Biblioth\u00e8que Virtuelle de la RDC","url":"https:\/\/congovirtuel.com\/information\/","logo":{"@type":"ImageObject","inLanguage":"fr-FR","@id":"https:\/\/congovirtuel.com\/information\/#\/schema\/logo\/image\/","url":"https:\/\/congovirtuel.com\/information\/wp-content\/uploads\/2018\/10\/header-info-congovirtuel-vraie.jpg","contentUrl":"https:\/\/congovirtuel.com\/information\/wp-content\/uploads\/2018\/10\/header-info-congovirtuel-vraie.jpg","width":728,"height":90,"caption":"Biblioth\u00e8que Virtuelle de la RDC"},"image":{"@id":"https:\/\/congovirtuel.com\/information\/#\/schema\/logo\/image\/"},"sameAs":["https:\/\/web.facebook.com\/Congovirtuel-763617960319601\/?ref=aymt_homepage_panel&amp;amp;amp;amp;amp;amp;amp;amp;amp;amp;amp;eid=ARCoxULa66767kIgF_KYav6VdjXTI4yk_LW4yoVO9s6NXpysgb7Cb65vpxcxgqzOAKvIbLQxaAETcqHT","https:\/\/x.com\/congovirtuel","https:\/\/www.youtube.com\/channel\/UCkFfprYzGgS3EWNpeMXpToQ?view_as=subscriber"]},{"@type":"Person","@id":"https:\/\/congovirtuel.com\/information\/#\/schema\/person\/739a44bf7990966cb53d58d2fdeca0b6","name":"infocongovirtuel","image":{"@type":"ImageObject","inLanguage":"fr-FR","@id":"https:\/\/secure.gravatar.com\/avatar\/4d76991aa72469f0eb22e772586c99113c6997f88da636a9db8f2ce3a2c05e69?s=96&d=mm&r=g","url":"https:\/\/secure.gravatar.com\/avatar\/4d76991aa72469f0eb22e772586c99113c6997f88da636a9db8f2ce3a2c05e69?s=96&d=mm&r=g","contentUrl":"https:\/\/secure.gravatar.com\/avatar\/4d76991aa72469f0eb22e772586c99113c6997f88da636a9db8f2ce3a2c05e69?s=96&d=mm&r=g","caption":"infocongovirtuel"},"url":"https:\/\/congovirtuel.com\/information\/author\/infocongovirtuel\/"}]}},"gt_translate_keys":[{"key":"link","format":"url"}],"_links":{"self":[{"href":"https:\/\/congovirtuel.com\/information\/wp-json\/wp\/v2\/posts\/20710","targetHints":{"allow":["GET"]}}],"collection":[{"href":"https:\/\/congovirtuel.com\/information\/wp-json\/wp\/v2\/posts"}],"about":[{"href":"https:\/\/congovirtuel.com\/information\/wp-json\/wp\/v2\/types\/post"}],"author":[{"embeddable":true,"href":"https:\/\/congovirtuel.com\/information\/wp-json\/wp\/v2\/users\/1"}],"replies":[{"embeddable":true,"href":"https:\/\/congovirtuel.com\/information\/wp-json\/wp\/v2\/comments?post=20710"}],"version-history":[{"count":1,"href":"https:\/\/congovirtuel.com\/information\/wp-json\/wp\/v2\/posts\/20710\/revisions"}],"predecessor-version":[{"id":20711,"href":"https:\/\/congovirtuel.com\/information\/wp-json\/wp\/v2\/posts\/20710\/revisions\/20711"}],"wp:featuredmedia":[{"embeddable":true,"href":"https:\/\/congovirtuel.com\/information\/wp-json\/wp\/v2\/media\/20709"}],"wp:attachment":[{"href":"https:\/\/congovirtuel.com\/information\/wp-json\/wp\/v2\/media?parent=20710"}],"wp:term":[{"taxonomy":"category","embeddable":true,"href":"https:\/\/congovirtuel.com\/information\/wp-json\/wp\/v2\/categories?post=20710"},{"taxonomy":"post_tag","embeddable":true,"href":"https:\/\/congovirtuel.com\/information\/wp-json\/wp\/v2\/tags?post=20710"}],"curies":[{"name":"wp","href":"https:\/\/api.w.org\/{rel}","templated":true}]}}