{"id":20727,"date":"2022-10-18T11:35:43","date_gmt":"2022-10-18T10:35:43","guid":{"rendered":"https:\/\/congovirtuel.com\/information\/?p=20727"},"modified":"2022-10-18T11:37:48","modified_gmt":"2022-10-18T10:37:48","slug":"pour-le-senegal-et-la-rdc-pas-question-de-renoncer-au-petrole-et-au-gaz","status":"publish","type":"post","link":"https:\/\/congovirtuel.com\/information\/pour-le-senegal-et-la-rdc-pas-question-de-renoncer-au-petrole-et-au-gaz\/","title":{"rendered":"Pour le S\u00e9n\u00e9gal et la RDC, pas question de renoncer au p\u00e9trole et au gaz","gt_translate_keys":[{"key":"rendered","format":"text"}]},"content":{"rendered":"<p>Les deux pays souhaitent exploiter leurs ressources p\u00e9troli\u00e8res et gazi\u00e8res, avec l\u2019espoir de richesse et d\u2019industrialisation.<\/p>\n<p>Menace ou opportunit\u00e9 en or\u00a0? Log\u00e9 dans l\u2019oc\u00e9an Atlantique \u00e0 une dizaine de kilom\u00e8tres au large de Saint-Louis, \u00e0 la fronti\u00e8re entre le S\u00e9n\u00e9gal et la Mauritanie, le terminal gazier se perd dans la brume de ce matin d\u2019octobre. Une pirogue de p\u00eacheurs glisse sur le sable humide apr\u00e8s une nuit en mer.\u00a0<em>\u00ab\u00a0Pas beaucoup de poissons\u00a0\u00bb<\/em>, peste El Hadji Gaye, qui regarde m\u00e9dus\u00e9 les r\u00e9centes installations venues r\u00e9tr\u00e9cir son horizon, qu\u2019il croyait immuable.<\/p>\n<p>Le S\u00e9n\u00e9gal, comme la R\u00e9publique d\u00e9mocratique du Congo (RDC), a r\u00e9cemment d\u00e9couvert des ressources p\u00e9troli\u00e8res et gazi\u00e8res et nourrit gr\u00e2ce \u00e0 elles l\u2019espoir de richesse et d\u2019industrialisation. Ils ne veulent en aucun cas y renoncer, malgr\u00e9 la pression des pays occidentaux et l\u2019arr\u00eat par ces derniers du financement des projets d\u2019exploitation des \u00e9nergies fossiles \u00e0 l\u2019\u00e9tranger au nom de la lutte contre le r\u00e9chauffement climatique.<\/p>\n<p>Le pr\u00e9sident s\u00e9n\u00e9galais Macky Sall d\u00e9nonce <em>\u00ab\u00a0une injustice\u00a0\u00bb<\/em> et d\u00e9ploie une diplomatie active pour justifier le d\u00e9but de l\u2019exploitation \u00e0 partir de 2023. <em>\u00ab\u00a0N\u2019\u00e9tant pas les plus grands pollueurs puisque n\u2019\u00e9tant pas industrialis\u00e9s, il serait injuste dans la recherche de solution <\/em>[au r\u00e9chauffement]<em> qu\u2019on veuille interdire \u00e0 l\u2019Afrique d\u2019utiliser les ressources naturelles qui sont dans son sous-sol\u00a0\u00bb<\/em>, a-t-il martel\u00e9 en mai lors de la visite du chancelier allemand Olaf Scholz.<\/p>\n<p class=\"article__paragraph \">Et le message semble d\u2019autant plus \u00e0 m\u00eame d\u2019\u00eatre \u00e9cout\u00e9 par les Europ\u00e9ens que ceux-ci, frapp\u00e9s par la crise \u00e9nerg\u00e9tique, cherchent \u00e0 diversifier leurs approvisionnements depuis l\u2019invasion de l\u2019Ukraine par la Russie. En t\u00e9moigne la venue de M.\u00a0Scholz.<\/p>\n<h2 class=\"article__sub-title\">Urgence climatique<\/h2>\n<p class=\"article__paragraph \">Pourtant, la situation est <em>\u00ab\u00a0urgente\u00a0\u00bb<\/em>, rappelle Aliou Ba, responsable de la campagne oc\u00e9an de Greenpeace Afrique. L\u2019objectif de contenir le r\u00e9chauffement de la plan\u00e8te \u00e0 1,5\u00a0\u00b0C par rapport \u00e0 l\u2019\u00e8re pr\u00e9industrielle semble d\u00e9j\u00e0 hors d\u2019atteinte, les d\u00e9g\u00e2ts, irr\u00e9versibles, et l\u2019exploitation de ces ressources \u00e9mettrices de gaz \u00e0 effet de serre <em>\u00ab\u00a0va encore exacerber la situation\u00a0\u00bb<\/em>, explique-t-il.<\/p>\n<div id=\"inread\" class=\"dfp-slot dfp__slot dfp__inread\" data-format=\"inread\" aria-hidden=\"true\" data-google-query-id=\"CMP84efJ6foCFQP2UQod0REIpw\">\n<div id=\"google_ads_iframe_\/128139881\/LM_lemonde\/afrique\/afrique\/article\/inread_0__container__\">Pour Fran\u00e7ois Gemenne, l\u2019un des rapporteurs du Groupe d\u2019experts intergouvernemental sur l\u2019\u00e9volution du climat (GIEC),\u00a0<em>\u00ab\u00a0il est tr\u00e8s difficile quand vous \u00eates pauvre de renoncer \u00e0 un tr\u00e9sor, il faut donc proposer quelque chose de plus int\u00e9ressant en face\u00a0\u00bb<\/em>.\u00a0<em>\u00ab\u00a0Tout l\u2019enjeu est que ces pays puissent choisir et fassent le choix d\u2019une \u00e9conomie d\u00e9carbon\u00e9e<\/em>, estime-t-il.\u00a0<em>Et cela passe par le transfert de technologie et l\u2019investissement dans le renouvelable, encore largement insuffisants. \u00bb.<\/em><\/div>\n<div>\n<p class=\"article__paragraph \">L\u2019offre <em>\u00ab\u00a0d\u2019alternatives technologiques et financi\u00e8res cons\u00e9quentes\u00a0\u00bb<\/em> pour la transition \u00e9cologique \u00e9tait au c\u0153ur des discours des autorit\u00e9s congolaises lors de la pr\u00e9-Cop organis\u00e9e d\u00e9but octobre \u00e0 Kinshasa. Mais le gouvernement de cet immense pays d\u2019Afrique centrale au c\u0153ur de la for\u00eat tropicale d\u00e9fend aussi son droit \u00e0 exploiter son p\u00e9trole et son gaz, malgr\u00e9 les critiques des organisations de d\u00e9fense de l\u2019environnement qui mettent en garde contre la lib\u00e9ration de grandes quantit\u00e9s de carbone.<\/p>\n<p class=\"article__paragraph \">Le premier ministre congolais Jean-Michel Sama Lukonde a rappel\u00e9 que certains pays europ\u00e9ens \u00e9taient <em>\u00ab\u00a0retourn\u00e9s \u00e0 l\u2019usage des sources d\u2019\u00e9nergies polluantes qu\u2019ils avaient pr\u00e9alablement bannies\u00a0\u00bb<\/em>, comme le charbon. Il faut \u00e9viter de <em>\u00ab\u00a0tomber dans l\u2019arbitraire, avec certains Etats libres de poursuivre, voire d\u2019augmenter leurs \u00e9missions, et d\u2019autres emp\u00each\u00e9s d\u2019exploiter leurs ressources naturelles\u00a0\u00bb<\/em>, a-t-il demand\u00e9.<\/p>\n<h2 class=\"article__sub-title\">\u00ab\u00a0Favoriser l\u2019industrialisation du pays\u00a0\u00bb<\/h2>\n<p class=\"article__paragraph \"><em>\u00ab\u00a0C\u2019est paradoxalement l\u2019argent du p\u00e9trole per\u00e7u comme de l\u2019argent sale qui nous permettra d\u2019avoir suffisamment de moyens, de nous r\u00e9approprier notre souverainet\u00e9 environnementale et de r\u00e9duire nos \u00e9missions venant de la d\u00e9forestation\u00a0\u00bb<\/em>, plaide Tosi Mpanu Mpanu, n\u00e9gociateur de la RDC aux conf\u00e9rences climat des Nations unies.<\/p>\n<p>Au S\u00e9n\u00e9gal, les champs p\u00e9troliers et gaziers ne repr\u00e9sentent respectivement que 0,07\u00a0% et 0,5\u00a0% des r\u00e9serves mondiales, mais\u00a0<em>\u00ab\u00a0elles sont assez importantes \u00e0 l\u2019\u00e9chelle de notre pays pour changer radicalement son \u00e9conomie, son tissu industriel et donc ses perspectives d\u2019avenir\u00a0\u00bb<\/em>, a pr\u00e9cis\u00e9 \u00e0 l\u2019AFP la ministre du p\u00e9trole Sophie Gladima.<\/p>\n<p class=\"article__paragraph \"><em>\u00ab\u00a0Le simple fait d\u2019exploiter nos hydrocarbures va nous permettre non seulement d\u2019acc\u00e9l\u00e9rer l\u2019acc\u00e8s universel \u00e0 l\u2019\u00e9lectricit\u00e9, mais \u00e9galement et surtout baisser le co\u00fbt des facteurs de production pour favoriser l\u2019industrialisation du pays\u00a0\u00bb<\/em>, assure-t-elle. Elle invoque aussi les opportunit\u00e9s de cr\u00e9ation d\u2019emplois. L\u2019Institut national du p\u00e9trole et du gaz (INPG) a \u00e9t\u00e9 cr\u00e9\u00e9 pour former les jeunes \u00e0 la ma\u00eetrise des comp\u00e9tences techniques requises. Cet avenir impos\u00e9 par l\u2019Etat s\u00e9n\u00e9galais, les p\u00eacheurs de Saint-Louis s\u2019en sentent exclus.<\/p>\n<p class=\"article__paragraph \">A mesure que l\u2019exploitation approche, les autorit\u00e9s ont accru leur contr\u00f4le sur la future plateforme gazi\u00e8re. Un p\u00e9rim\u00e8tre de s\u00e9curit\u00e9 a \u00e9t\u00e9 \u00e9tabli et un bateau patrouille pour interpeller tout homme de la mer souhaitant franchir une barri\u00e8re invisible.<\/p>\n<p><em>\u00ab\u00a0Ce lieu \u00e9tait celui o\u00f9 on trouvait le plus de poissons\u00a0\u00bb<\/em>, affirme El Hadji Gaye. <em>\u00ab\u00a0Maintenant, on est pris au pi\u00e8ge parce qu\u2019on ne peut plus y acc\u00e9der, ni aller plus au nord, dans les eaux mauritaniennes\u00a0\u00bb<\/em>, explique ce p\u00eacheur de 39\u00a0ans, engonc\u00e9 dans un gilet de sauvetage recouvrant son cir\u00e9 vert.<\/p>\n<div id=\"inread-3\" class=\"dfp-slot dfp__slot dfp__inread\" data-format=\"inread\" aria-hidden=\"true\" data-google-query-id=\"CNyTv4DK6foCFVgUBgAdcYACNw\">\n<div id=\"google_ads_iframe_\/128139881\/LM_lemonde\/afrique\/afrique\/article\/inread_2__container__\">Derri\u00e8re lui, une quinzaine de ses camarades pousse leur pirogue multicolore sur la plage au rythme d\u2019un chant revigorant, fruit des traditions centenaires du peuple de la langue de Barbarie. <em>\u00ab\u00a0Moi, je ne sais faire que p\u00eacher. Mes parents \u00e9taient p\u00eacheurs. Mes grands-parents aussi. Qu\u2019est-ce que je vais devenir\u00a0? Que vont faire mes enfants\u00a0?\u00a0\u00bb,<\/em> questionne El Hadji. Il se retourne, observe ses amis, les vagues qui s\u2019\u00e9crasent sur le rivage et plus loin, si proche, la plateforme qui tr\u00f4ne sur l\u2019oc\u00e9an. A Saint-Louis, les marins ne sont plus ma\u00eetres en leur royaume.<\/div>\n<\/div>\n<section class=\"author\">\n<p class=\"author__detail\"><strong><span class=\"author__name\">Le Monde avec AFP<\/span><\/strong><\/p>\n<\/section>\n<section class=\"article__reactions\">\n<section id=\"js-paywall-comments\" class=\"paywall__comments\">\n<header class=\"paywall__comments-header\"><\/header>\n<\/section>\n<p class=\"comments__active comments__tooltip\">\n<\/section>\n<\/div>\n<\/div>\n","protected":false,"gt_translate_keys":[{"key":"rendered","format":"html"}]},"excerpt":{"rendered":"<p>Les deux pays souhaitent exploiter leurs ressources p\u00e9troli\u00e8res et gazi\u00e8res, avec l\u2019espoir de richesse et d\u2019industrialisation. Menace ou opportunit\u00e9 en or\u00a0? Log\u00e9 dans l\u2019oc\u00e9an Atlantique \u00e0 une dizaine de kilom\u00e8tres au large de Saint-Louis, \u00e0 la fronti\u00e8re entre le S\u00e9n\u00e9gal et la Mauritanie, le terminal gazier se perd dans la brume de ce matin d\u2019octobre. Une pirogue de p\u00eacheurs glisse sur le sable humide apr\u00e8s une nuit en mer.\u00a0\u00ab\u00a0Pas beaucoup de poissons\u00a0\u00bb, peste El Hadji Gaye, qui regarde m\u00e9dus\u00e9 les r\u00e9centes installations venues r\u00e9tr\u00e9cir son horizon, qu\u2019il croyait immuable. Le&hellip;<\/p>\n","protected":false,"gt_translate_keys":[{"key":"rendered","format":"html"}]},"author":1,"featured_media":20726,"comment_status":"open","ping_status":"open","sticky":false,"template":"","format":"standard","meta":{"_crdt_document":"","footnotes":""},"categories":[2539],"tags":[37366],"class_list":["post-20727","post","type-post","status-publish","format-standard","has-post-thumbnail","hentry","category-environnement","tag-exploitation-petrole"],"gutentor_comment":0,"yoast_head":"<!-- This site is optimized with the Yoast SEO plugin v27.5 - https:\/\/yoast.com\/product\/yoast-seo-wordpress\/ -->\n<title>Pour le S\u00e9n\u00e9gal et la RDC, pas question de renoncer au p\u00e9trole et au gaz - Actualit\u00e9s congolaises et internationales<\/title>\n<meta name=\"robots\" content=\"index, follow, max-snippet:-1, max-image-preview:large, max-video-preview:-1\" \/>\n<link rel=\"canonical\" href=\"https:\/\/congovirtuel.com\/information\/pour-le-senegal-et-la-rdc-pas-question-de-renoncer-au-petrole-et-au-gaz\/\" \/>\n<meta property=\"og:locale\" content=\"fr_FR\" \/>\n<meta property=\"og:type\" content=\"article\" \/>\n<meta property=\"og:title\" content=\"Pour le S\u00e9n\u00e9gal et la RDC, pas question de renoncer au p\u00e9trole et au gaz - Actualit\u00e9s congolaises et internationales\" \/>\n<meta property=\"og:description\" content=\"Les deux pays souhaitent exploiter leurs ressources p\u00e9troli\u00e8res et gazi\u00e8res, avec l\u2019espoir de richesse et d\u2019industrialisation. Menace ou opportunit\u00e9 en or\u00a0? Log\u00e9 dans l\u2019oc\u00e9an Atlantique \u00e0 une dizaine de kilom\u00e8tres au large de Saint-Louis, \u00e0 la fronti\u00e8re entre le S\u00e9n\u00e9gal et la Mauritanie, le terminal gazier se perd dans la brume de ce matin d\u2019octobre. Une pirogue de p\u00eacheurs glisse sur le sable humide apr\u00e8s une nuit en mer.\u00a0\u00ab\u00a0Pas beaucoup de poissons\u00a0\u00bb, peste El Hadji Gaye, qui regarde m\u00e9dus\u00e9 les r\u00e9centes installations venues r\u00e9tr\u00e9cir son horizon, qu\u2019il croyait immuable. Le&hellip;\" \/>\n<meta property=\"og:url\" content=\"https:\/\/congovirtuel.com\/information\/pour-le-senegal-et-la-rdc-pas-question-de-renoncer-au-petrole-et-au-gaz\/\" \/>\n<meta property=\"og:site_name\" content=\"Actualit\u00e9s congolaises et internationales\" \/>\n<meta property=\"article:publisher\" content=\"https:\/\/web.facebook.com\/Congovirtuel-763617960319601\/?ref=aymt_homepage_panel&amp;amp%3bamp%3bamp%3bamp%3bamp%3bamp%3bamp%3bamp%3bamp%3bamp%3bamp%3beid=ARCoxULa66767kIgF_KYav6VdjXTI4yk_LW4yoVO9s6NXpysgb7Cb65vpxcxgqzOAKvIbLQxaAETcqHT\" \/>\n<meta property=\"article:published_time\" content=\"2022-10-18T10:35:43+00:00\" \/>\n<meta property=\"article:modified_time\" content=\"2022-10-18T10:37:48+00:00\" \/>\n<meta property=\"og:image\" content=\"https:\/\/congovirtuel.com\/information\/wp-content\/uploads\/2022\/10\/plage_saint_louis.jpg\" \/>\n\t<meta property=\"og:image:width\" content=\"1328\" \/>\n\t<meta property=\"og:image:height\" content=\"886\" \/>\n\t<meta property=\"og:image:type\" content=\"image\/jpeg\" \/>\n<meta name=\"author\" content=\"infocongovirtuel\" \/>\n<meta name=\"twitter:card\" content=\"summary_large_image\" \/>\n<meta name=\"twitter:creator\" content=\"@congovirtuel\" \/>\n<meta name=\"twitter:site\" content=\"@congovirtuel\" \/>\n<meta name=\"twitter:label1\" content=\"\u00c9crit par\" \/>\n\t<meta name=\"twitter:data1\" content=\"infocongovirtuel\" \/>\n\t<meta name=\"twitter:label2\" content=\"Dur\u00e9e de lecture estim\u00e9e\" \/>\n\t<meta name=\"twitter:data2\" content=\"5 minutes\" \/>\n<script type=\"application\/ld+json\" class=\"yoast-schema-graph\">{\"@context\":\"https:\\\/\\\/schema.org\",\"@graph\":[{\"@type\":\"Article\",\"@id\":\"https:\\\/\\\/congovirtuel.com\\\/information\\\/pour-le-senegal-et-la-rdc-pas-question-de-renoncer-au-petrole-et-au-gaz\\\/#article\",\"isPartOf\":{\"@id\":\"https:\\\/\\\/congovirtuel.com\\\/information\\\/pour-le-senegal-et-la-rdc-pas-question-de-renoncer-au-petrole-et-au-gaz\\\/\"},\"author\":{\"name\":\"infocongovirtuel\",\"@id\":\"https:\\\/\\\/congovirtuel.com\\\/information\\\/#\\\/schema\\\/person\\\/739a44bf7990966cb53d58d2fdeca0b6\"},\"headline\":\"Pour le S\u00e9n\u00e9gal et la RDC, pas question de renoncer au p\u00e9trole et au gaz\",\"datePublished\":\"2022-10-18T10:35:43+00:00\",\"dateModified\":\"2022-10-18T10:37:48+00:00\",\"mainEntityOfPage\":{\"@id\":\"https:\\\/\\\/congovirtuel.com\\\/information\\\/pour-le-senegal-et-la-rdc-pas-question-de-renoncer-au-petrole-et-au-gaz\\\/\"},\"wordCount\":1058,\"commentCount\":0,\"publisher\":{\"@id\":\"https:\\\/\\\/congovirtuel.com\\\/information\\\/#organization\"},\"image\":{\"@id\":\"https:\\\/\\\/congovirtuel.com\\\/information\\\/pour-le-senegal-et-la-rdc-pas-question-de-renoncer-au-petrole-et-au-gaz\\\/#primaryimage\"},\"thumbnailUrl\":\"https:\\\/\\\/congovirtuel.com\\\/information\\\/wp-content\\\/uploads\\\/2022\\\/10\\\/plage_saint_louis.jpg\",\"keywords\":[\"exploitation p\u00e9trole\"],\"articleSection\":[\"Environnement\"],\"inLanguage\":\"fr-FR\",\"potentialAction\":[{\"@type\":\"CommentAction\",\"name\":\"Comment\",\"target\":[\"https:\\\/\\\/congovirtuel.com\\\/information\\\/pour-le-senegal-et-la-rdc-pas-question-de-renoncer-au-petrole-et-au-gaz\\\/#respond\"]}]},{\"@type\":\"WebPage\",\"@id\":\"https:\\\/\\\/congovirtuel.com\\\/information\\\/pour-le-senegal-et-la-rdc-pas-question-de-renoncer-au-petrole-et-au-gaz\\\/\",\"url\":\"https:\\\/\\\/congovirtuel.com\\\/information\\\/pour-le-senegal-et-la-rdc-pas-question-de-renoncer-au-petrole-et-au-gaz\\\/\",\"name\":\"Pour le S\u00e9n\u00e9gal et la RDC, pas question de renoncer au p\u00e9trole et au gaz - Actualit\u00e9s congolaises et internationales\",\"isPartOf\":{\"@id\":\"https:\\\/\\\/congovirtuel.com\\\/information\\\/#website\"},\"primaryImageOfPage\":{\"@id\":\"https:\\\/\\\/congovirtuel.com\\\/information\\\/pour-le-senegal-et-la-rdc-pas-question-de-renoncer-au-petrole-et-au-gaz\\\/#primaryimage\"},\"image\":{\"@id\":\"https:\\\/\\\/congovirtuel.com\\\/information\\\/pour-le-senegal-et-la-rdc-pas-question-de-renoncer-au-petrole-et-au-gaz\\\/#primaryimage\"},\"thumbnailUrl\":\"https:\\\/\\\/congovirtuel.com\\\/information\\\/wp-content\\\/uploads\\\/2022\\\/10\\\/plage_saint_louis.jpg\",\"datePublished\":\"2022-10-18T10:35:43+00:00\",\"dateModified\":\"2022-10-18T10:37:48+00:00\",\"breadcrumb\":{\"@id\":\"https:\\\/\\\/congovirtuel.com\\\/information\\\/pour-le-senegal-et-la-rdc-pas-question-de-renoncer-au-petrole-et-au-gaz\\\/#breadcrumb\"},\"inLanguage\":\"fr-FR\",\"potentialAction\":[{\"@type\":\"ReadAction\",\"target\":[\"https:\\\/\\\/congovirtuel.com\\\/information\\\/pour-le-senegal-et-la-rdc-pas-question-de-renoncer-au-petrole-et-au-gaz\\\/\"]}]},{\"@type\":\"ImageObject\",\"inLanguage\":\"fr-FR\",\"@id\":\"https:\\\/\\\/congovirtuel.com\\\/information\\\/pour-le-senegal-et-la-rdc-pas-question-de-renoncer-au-petrole-et-au-gaz\\\/#primaryimage\",\"url\":\"https:\\\/\\\/congovirtuel.com\\\/information\\\/wp-content\\\/uploads\\\/2022\\\/10\\\/plage_saint_louis.jpg\",\"contentUrl\":\"https:\\\/\\\/congovirtuel.com\\\/information\\\/wp-content\\\/uploads\\\/2022\\\/10\\\/plage_saint_louis.jpg\",\"width\":1328,\"height\":886},{\"@type\":\"BreadcrumbList\",\"@id\":\"https:\\\/\\\/congovirtuel.com\\\/information\\\/pour-le-senegal-et-la-rdc-pas-question-de-renoncer-au-petrole-et-au-gaz\\\/#breadcrumb\",\"itemListElement\":[{\"@type\":\"ListItem\",\"position\":1,\"name\":\"Accueil\",\"item\":\"https:\\\/\\\/congovirtuel.com\\\/information\\\/\"},{\"@type\":\"ListItem\",\"position\":2,\"name\":\"Pour le S\u00e9n\u00e9gal et la RDC, pas question de renoncer au p\u00e9trole et au gaz\"}]},{\"@type\":\"WebSite\",\"@id\":\"https:\\\/\\\/congovirtuel.com\\\/information\\\/#website\",\"url\":\"https:\\\/\\\/congovirtuel.com\\\/information\\\/\",\"name\":\"Actualit\u00e9s congolaises et internationales\",\"description\":\"site d&#039;analyse et de traitement d&#039;information\",\"publisher\":{\"@id\":\"https:\\\/\\\/congovirtuel.com\\\/information\\\/#organization\"},\"potentialAction\":[{\"@type\":\"SearchAction\",\"target\":{\"@type\":\"EntryPoint\",\"urlTemplate\":\"https:\\\/\\\/congovirtuel.com\\\/information\\\/?s={search_term_string}\"},\"query-input\":{\"@type\":\"PropertyValueSpecification\",\"valueRequired\":true,\"valueName\":\"search_term_string\"}}],\"inLanguage\":\"fr-FR\"},{\"@type\":\"Organization\",\"@id\":\"https:\\\/\\\/congovirtuel.com\\\/information\\\/#organization\",\"name\":\"Biblioth\u00e8que Virtuelle de la RDC\",\"url\":\"https:\\\/\\\/congovirtuel.com\\\/information\\\/\",\"logo\":{\"@type\":\"ImageObject\",\"inLanguage\":\"fr-FR\",\"@id\":\"https:\\\/\\\/congovirtuel.com\\\/information\\\/#\\\/schema\\\/logo\\\/image\\\/\",\"url\":\"https:\\\/\\\/congovirtuel.com\\\/information\\\/wp-content\\\/uploads\\\/2018\\\/10\\\/header-info-congovirtuel-vraie.jpg\",\"contentUrl\":\"https:\\\/\\\/congovirtuel.com\\\/information\\\/wp-content\\\/uploads\\\/2018\\\/10\\\/header-info-congovirtuel-vraie.jpg\",\"width\":728,\"height\":90,\"caption\":\"Biblioth\u00e8que Virtuelle de la RDC\"},\"image\":{\"@id\":\"https:\\\/\\\/congovirtuel.com\\\/information\\\/#\\\/schema\\\/logo\\\/image\\\/\"},\"sameAs\":[\"https:\\\/\\\/web.facebook.com\\\/Congovirtuel-763617960319601\\\/?ref=aymt_homepage_panel&amp;amp;amp;amp;amp;amp;amp;amp;amp;amp;amp;eid=ARCoxULa66767kIgF_KYav6VdjXTI4yk_LW4yoVO9s6NXpysgb7Cb65vpxcxgqzOAKvIbLQxaAETcqHT\",\"https:\\\/\\\/x.com\\\/congovirtuel\",\"https:\\\/\\\/www.youtube.com\\\/channel\\\/UCkFfprYzGgS3EWNpeMXpToQ?view_as=subscriber\"]},{\"@type\":\"Person\",\"@id\":\"https:\\\/\\\/congovirtuel.com\\\/information\\\/#\\\/schema\\\/person\\\/739a44bf7990966cb53d58d2fdeca0b6\",\"name\":\"infocongovirtuel\",\"image\":{\"@type\":\"ImageObject\",\"inLanguage\":\"fr-FR\",\"@id\":\"https:\\\/\\\/secure.gravatar.com\\\/avatar\\\/4d76991aa72469f0eb22e772586c99113c6997f88da636a9db8f2ce3a2c05e69?s=96&d=mm&r=g\",\"url\":\"https:\\\/\\\/secure.gravatar.com\\\/avatar\\\/4d76991aa72469f0eb22e772586c99113c6997f88da636a9db8f2ce3a2c05e69?s=96&d=mm&r=g\",\"contentUrl\":\"https:\\\/\\\/secure.gravatar.com\\\/avatar\\\/4d76991aa72469f0eb22e772586c99113c6997f88da636a9db8f2ce3a2c05e69?s=96&d=mm&r=g\",\"caption\":\"infocongovirtuel\"},\"url\":\"https:\\\/\\\/congovirtuel.com\\\/information\\\/author\\\/infocongovirtuel\\\/\"}]}<\/script>\n<!-- \/ Yoast SEO plugin. -->","yoast_head_json":{"title":"Pour le S\u00e9n\u00e9gal et la RDC, pas question de renoncer au p\u00e9trole et au gaz - Actualit\u00e9s congolaises et internationales","robots":{"index":"index","follow":"follow","max-snippet":"max-snippet:-1","max-image-preview":"max-image-preview:large","max-video-preview":"max-video-preview:-1"},"canonical":"https:\/\/congovirtuel.com\/information\/pour-le-senegal-et-la-rdc-pas-question-de-renoncer-au-petrole-et-au-gaz\/","og_locale":"fr_FR","og_type":"article","og_title":"Pour le S\u00e9n\u00e9gal et la RDC, pas question de renoncer au p\u00e9trole et au gaz - Actualit\u00e9s congolaises et internationales","og_description":"Les deux pays souhaitent exploiter leurs ressources p\u00e9troli\u00e8res et gazi\u00e8res, avec l\u2019espoir de richesse et d\u2019industrialisation. Menace ou opportunit\u00e9 en or\u00a0? Log\u00e9 dans l\u2019oc\u00e9an Atlantique \u00e0 une dizaine de kilom\u00e8tres au large de Saint-Louis, \u00e0 la fronti\u00e8re entre le S\u00e9n\u00e9gal et la Mauritanie, le terminal gazier se perd dans la brume de ce matin d\u2019octobre. Une pirogue de p\u00eacheurs glisse sur le sable humide apr\u00e8s une nuit en mer.\u00a0\u00ab\u00a0Pas beaucoup de poissons\u00a0\u00bb, peste El Hadji Gaye, qui regarde m\u00e9dus\u00e9 les r\u00e9centes installations venues r\u00e9tr\u00e9cir son horizon, qu\u2019il croyait immuable. Le&hellip;","og_url":"https:\/\/congovirtuel.com\/information\/pour-le-senegal-et-la-rdc-pas-question-de-renoncer-au-petrole-et-au-gaz\/","og_site_name":"Actualit\u00e9s congolaises et internationales","article_publisher":"https:\/\/web.facebook.com\/Congovirtuel-763617960319601\/?ref=aymt_homepage_panel&amp%3bamp%3bamp%3bamp%3bamp%3bamp%3bamp%3bamp%3bamp%3bamp%3bamp%3beid=ARCoxULa66767kIgF_KYav6VdjXTI4yk_LW4yoVO9s6NXpysgb7Cb65vpxcxgqzOAKvIbLQxaAETcqHT","article_published_time":"2022-10-18T10:35:43+00:00","article_modified_time":"2022-10-18T10:37:48+00:00","og_image":[{"width":1328,"height":886,"url":"https:\/\/congovirtuel.com\/information\/wp-content\/uploads\/2022\/10\/plage_saint_louis.jpg","type":"image\/jpeg"}],"author":"infocongovirtuel","twitter_card":"summary_large_image","twitter_creator":"@congovirtuel","twitter_site":"@congovirtuel","twitter_misc":{"\u00c9crit par":"infocongovirtuel","Dur\u00e9e de lecture estim\u00e9e":"5 minutes"},"schema":{"@context":"https:\/\/schema.org","@graph":[{"@type":"Article","@id":"https:\/\/congovirtuel.com\/information\/pour-le-senegal-et-la-rdc-pas-question-de-renoncer-au-petrole-et-au-gaz\/#article","isPartOf":{"@id":"https:\/\/congovirtuel.com\/information\/pour-le-senegal-et-la-rdc-pas-question-de-renoncer-au-petrole-et-au-gaz\/"},"author":{"name":"infocongovirtuel","@id":"https:\/\/congovirtuel.com\/information\/#\/schema\/person\/739a44bf7990966cb53d58d2fdeca0b6"},"headline":"Pour le S\u00e9n\u00e9gal et la RDC, pas question de renoncer au p\u00e9trole et au gaz","datePublished":"2022-10-18T10:35:43+00:00","dateModified":"2022-10-18T10:37:48+00:00","mainEntityOfPage":{"@id":"https:\/\/congovirtuel.com\/information\/pour-le-senegal-et-la-rdc-pas-question-de-renoncer-au-petrole-et-au-gaz\/"},"wordCount":1058,"commentCount":0,"publisher":{"@id":"https:\/\/congovirtuel.com\/information\/#organization"},"image":{"@id":"https:\/\/congovirtuel.com\/information\/pour-le-senegal-et-la-rdc-pas-question-de-renoncer-au-petrole-et-au-gaz\/#primaryimage"},"thumbnailUrl":"https:\/\/congovirtuel.com\/information\/wp-content\/uploads\/2022\/10\/plage_saint_louis.jpg","keywords":["exploitation p\u00e9trole"],"articleSection":["Environnement"],"inLanguage":"fr-FR","potentialAction":[{"@type":"CommentAction","name":"Comment","target":["https:\/\/congovirtuel.com\/information\/pour-le-senegal-et-la-rdc-pas-question-de-renoncer-au-petrole-et-au-gaz\/#respond"]}]},{"@type":"WebPage","@id":"https:\/\/congovirtuel.com\/information\/pour-le-senegal-et-la-rdc-pas-question-de-renoncer-au-petrole-et-au-gaz\/","url":"https:\/\/congovirtuel.com\/information\/pour-le-senegal-et-la-rdc-pas-question-de-renoncer-au-petrole-et-au-gaz\/","name":"Pour le S\u00e9n\u00e9gal et la RDC, pas question de renoncer au p\u00e9trole et au gaz - Actualit\u00e9s congolaises et internationales","isPartOf":{"@id":"https:\/\/congovirtuel.com\/information\/#website"},"primaryImageOfPage":{"@id":"https:\/\/congovirtuel.com\/information\/pour-le-senegal-et-la-rdc-pas-question-de-renoncer-au-petrole-et-au-gaz\/#primaryimage"},"image":{"@id":"https:\/\/congovirtuel.com\/information\/pour-le-senegal-et-la-rdc-pas-question-de-renoncer-au-petrole-et-au-gaz\/#primaryimage"},"thumbnailUrl":"https:\/\/congovirtuel.com\/information\/wp-content\/uploads\/2022\/10\/plage_saint_louis.jpg","datePublished":"2022-10-18T10:35:43+00:00","dateModified":"2022-10-18T10:37:48+00:00","breadcrumb":{"@id":"https:\/\/congovirtuel.com\/information\/pour-le-senegal-et-la-rdc-pas-question-de-renoncer-au-petrole-et-au-gaz\/#breadcrumb"},"inLanguage":"fr-FR","potentialAction":[{"@type":"ReadAction","target":["https:\/\/congovirtuel.com\/information\/pour-le-senegal-et-la-rdc-pas-question-de-renoncer-au-petrole-et-au-gaz\/"]}]},{"@type":"ImageObject","inLanguage":"fr-FR","@id":"https:\/\/congovirtuel.com\/information\/pour-le-senegal-et-la-rdc-pas-question-de-renoncer-au-petrole-et-au-gaz\/#primaryimage","url":"https:\/\/congovirtuel.com\/information\/wp-content\/uploads\/2022\/10\/plage_saint_louis.jpg","contentUrl":"https:\/\/congovirtuel.com\/information\/wp-content\/uploads\/2022\/10\/plage_saint_louis.jpg","width":1328,"height":886},{"@type":"BreadcrumbList","@id":"https:\/\/congovirtuel.com\/information\/pour-le-senegal-et-la-rdc-pas-question-de-renoncer-au-petrole-et-au-gaz\/#breadcrumb","itemListElement":[{"@type":"ListItem","position":1,"name":"Accueil","item":"https:\/\/congovirtuel.com\/information\/"},{"@type":"ListItem","position":2,"name":"Pour le S\u00e9n\u00e9gal et la RDC, pas question de renoncer au p\u00e9trole et au gaz"}]},{"@type":"WebSite","@id":"https:\/\/congovirtuel.com\/information\/#website","url":"https:\/\/congovirtuel.com\/information\/","name":"Actualit\u00e9s congolaises et internationales","description":"site d&#039;analyse et de traitement d&#039;information","publisher":{"@id":"https:\/\/congovirtuel.com\/information\/#organization"},"potentialAction":[{"@type":"SearchAction","target":{"@type":"EntryPoint","urlTemplate":"https:\/\/congovirtuel.com\/information\/?s={search_term_string}"},"query-input":{"@type":"PropertyValueSpecification","valueRequired":true,"valueName":"search_term_string"}}],"inLanguage":"fr-FR"},{"@type":"Organization","@id":"https:\/\/congovirtuel.com\/information\/#organization","name":"Biblioth\u00e8que Virtuelle de la RDC","url":"https:\/\/congovirtuel.com\/information\/","logo":{"@type":"ImageObject","inLanguage":"fr-FR","@id":"https:\/\/congovirtuel.com\/information\/#\/schema\/logo\/image\/","url":"https:\/\/congovirtuel.com\/information\/wp-content\/uploads\/2018\/10\/header-info-congovirtuel-vraie.jpg","contentUrl":"https:\/\/congovirtuel.com\/information\/wp-content\/uploads\/2018\/10\/header-info-congovirtuel-vraie.jpg","width":728,"height":90,"caption":"Biblioth\u00e8que Virtuelle de la RDC"},"image":{"@id":"https:\/\/congovirtuel.com\/information\/#\/schema\/logo\/image\/"},"sameAs":["https:\/\/web.facebook.com\/Congovirtuel-763617960319601\/?ref=aymt_homepage_panel&amp;amp;amp;amp;amp;amp;amp;amp;amp;amp;amp;eid=ARCoxULa66767kIgF_KYav6VdjXTI4yk_LW4yoVO9s6NXpysgb7Cb65vpxcxgqzOAKvIbLQxaAETcqHT","https:\/\/x.com\/congovirtuel","https:\/\/www.youtube.com\/channel\/UCkFfprYzGgS3EWNpeMXpToQ?view_as=subscriber"]},{"@type":"Person","@id":"https:\/\/congovirtuel.com\/information\/#\/schema\/person\/739a44bf7990966cb53d58d2fdeca0b6","name":"infocongovirtuel","image":{"@type":"ImageObject","inLanguage":"fr-FR","@id":"https:\/\/secure.gravatar.com\/avatar\/4d76991aa72469f0eb22e772586c99113c6997f88da636a9db8f2ce3a2c05e69?s=96&d=mm&r=g","url":"https:\/\/secure.gravatar.com\/avatar\/4d76991aa72469f0eb22e772586c99113c6997f88da636a9db8f2ce3a2c05e69?s=96&d=mm&r=g","contentUrl":"https:\/\/secure.gravatar.com\/avatar\/4d76991aa72469f0eb22e772586c99113c6997f88da636a9db8f2ce3a2c05e69?s=96&d=mm&r=g","caption":"infocongovirtuel"},"url":"https:\/\/congovirtuel.com\/information\/author\/infocongovirtuel\/"}]}},"gt_translate_keys":[{"key":"link","format":"url"}],"_links":{"self":[{"href":"https:\/\/congovirtuel.com\/information\/wp-json\/wp\/v2\/posts\/20727","targetHints":{"allow":["GET"]}}],"collection":[{"href":"https:\/\/congovirtuel.com\/information\/wp-json\/wp\/v2\/posts"}],"about":[{"href":"https:\/\/congovirtuel.com\/information\/wp-json\/wp\/v2\/types\/post"}],"author":[{"embeddable":true,"href":"https:\/\/congovirtuel.com\/information\/wp-json\/wp\/v2\/users\/1"}],"replies":[{"embeddable":true,"href":"https:\/\/congovirtuel.com\/information\/wp-json\/wp\/v2\/comments?post=20727"}],"version-history":[{"count":3,"href":"https:\/\/congovirtuel.com\/information\/wp-json\/wp\/v2\/posts\/20727\/revisions"}],"predecessor-version":[{"id":20730,"href":"https:\/\/congovirtuel.com\/information\/wp-json\/wp\/v2\/posts\/20727\/revisions\/20730"}],"wp:featuredmedia":[{"embeddable":true,"href":"https:\/\/congovirtuel.com\/information\/wp-json\/wp\/v2\/media\/20726"}],"wp:attachment":[{"href":"https:\/\/congovirtuel.com\/information\/wp-json\/wp\/v2\/media?parent=20727"}],"wp:term":[{"taxonomy":"category","embeddable":true,"href":"https:\/\/congovirtuel.com\/information\/wp-json\/wp\/v2\/categories?post=20727"},{"taxonomy":"post_tag","embeddable":true,"href":"https:\/\/congovirtuel.com\/information\/wp-json\/wp\/v2\/tags?post=20727"}],"curies":[{"name":"wp","href":"https:\/\/api.w.org\/{rel}","templated":true}]}}