{"id":20756,"date":"2022-10-19T14:44:53","date_gmt":"2022-10-19T13:44:53","guid":{"rendered":"https:\/\/congovirtuel.com\/information\/?p=20756"},"modified":"2022-10-19T14:52:08","modified_gmt":"2022-10-19T13:52:08","slug":"fardc-biographie-du-general-de-brigade-jean-claude-bokolomba-commandant-de-la-premiere-zone-de-defense","status":"publish","type":"post","link":"https:\/\/congovirtuel.com\/information\/fardc-biographie-du-general-de-brigade-jean-claude-bokolomba-commandant-de-la-premiere-zone-de-defense\/","title":{"rendered":"FARDC\u00a0: Biographie du G\u00e9n\u00e9ral de brigade Jean Claude Bokolomba, commandant de la Premi\u00e8re zone de d\u00e9fense","gt_translate_keys":[{"key":"rendered","format":"text"}]},"content":{"rendered":"<p>Le g\u00e9n\u00e9ral de brigade Jean Claude Bokolomba Bonganda est n\u00e9 \u00e0 Kiri, province du Ma\u00ef-Ndombe, le 02 septembre 1972. A cheval entre FAZ et les Forces Arm\u00e9es Congolaise (FAC), Cet officier sup\u00e9rieur a fait ses d\u00e9buts \u00e0 l\u2019arm\u00e9e en 1995 (Ex FAZ) et termin\u00e9 trois ans plus tard, sous Laurent D\u00e9sir\u00e9 Kabila.<\/p>\n<p>Dipl\u00f4m\u00e9 avec la mention \u00ab\u00a0Grande Distinction\u00a0\u00bb au Coll\u00e8ge des Hautes Etudes de Strat\u00e9gie et de D\u00e9fense en 2018. Il a \u00e9t\u00e9 \u00e9lev\u00e9 au grade du G\u00e9n\u00e9ral de Brigade des Forces Arm\u00e9es de la R\u00e9publique D\u00e9mocratique du Congo sur ordonnance pr\u00e9sidentielle le 17 juillet 2020.<\/p>\n<p>Avant d\u2019\u00eatre nomm\u00e9 commandant de la Premi\u00e8re zone de d\u00e9fense englobant la ville de <strong>Kinshasa et les provinces de Kwango, Kwilu, Mai-Ndombe, Kongo central, \u00c9quateur, Mongala, Nord-Ubangi, Sud-Ubangi et Tshuapa<\/strong>, cet officier a \u00e9t\u00e9 tour \u00e0 tour, commandant des op\u00e9rations en Ituri et administrateur logistique, et en 2020 charg\u00e9 des op\u00e9rations et renseignement de la 34<sup>\u00e8me<\/sup> r\u00e9gion militaire au Nord-Kivu (Goma).<\/p>\n<p>RGL<\/p>\n<p>&nbsp;<\/p>\n<p>&nbsp;<\/p>\n","protected":false,"gt_translate_keys":[{"key":"rendered","format":"html"}]},"excerpt":{"rendered":"<p>Le g\u00e9n\u00e9ral de brigade Jean Claude Bokolomba Bonganda est n\u00e9 \u00e0 Kiri, province du Ma\u00ef-Ndombe, le 02 septembre 1972. A cheval entre FAZ et les Forces Arm\u00e9es Congolaise (FAC), Cet officier sup\u00e9rieur a fait ses d\u00e9buts \u00e0 l\u2019arm\u00e9e en 1995 (Ex FAZ) et termin\u00e9 trois ans plus tard, sous Laurent D\u00e9sir\u00e9 Kabila. Dipl\u00f4m\u00e9 avec la mention \u00ab\u00a0Grande Distinction\u00a0\u00bb au Coll\u00e8ge des Hautes Etudes de Strat\u00e9gie et de D\u00e9fense en 2018. Il a \u00e9t\u00e9 \u00e9lev\u00e9 au grade du G\u00e9n\u00e9ral de Brigade des Forces Arm\u00e9es de la R\u00e9publique D\u00e9mocratique du Congo sur&hellip;<\/p>\n","protected":false,"gt_translate_keys":[{"key":"rendered","format":"html"}]},"author":1,"featured_media":20755,"comment_status":"open","ping_status":"open","sticky":false,"template":"","format":"standard","meta":{"_crdt_document":"","footnotes":""},"categories":[359],"tags":[37374],"class_list":["post-20756","post","type-post","status-publish","format-standard","has-post-thumbnail","hentry","category-fardc","tag-bokolomba-bonganda"],"gutentor_comment":0,"yoast_head":"<!-- This site is optimized with the Yoast SEO plugin v27.5 - https:\/\/yoast.com\/product\/yoast-seo-wordpress\/ -->\n<title>FARDC\u00a0: Biographie du G\u00e9n\u00e9ral de brigade Jean Claude Bokolomba, commandant de la Premi\u00e8re zone de d\u00e9fense - Actualit\u00e9s congolaises et internationales<\/title>\n<meta name=\"robots\" content=\"index, follow, max-snippet:-1, max-image-preview:large, max-video-preview:-1\" \/>\n<link rel=\"canonical\" href=\"https:\/\/congovirtuel.com\/information\/fardc-biographie-du-general-de-brigade-jean-claude-bokolomba-commandant-de-la-premiere-zone-de-defense\/\" \/>\n<meta property=\"og:locale\" content=\"fr_FR\" \/>\n<meta property=\"og:type\" content=\"article\" \/>\n<meta property=\"og:title\" content=\"FARDC\u00a0: Biographie du G\u00e9n\u00e9ral de brigade Jean Claude Bokolomba, commandant de la Premi\u00e8re zone de d\u00e9fense - Actualit\u00e9s congolaises et internationales\" \/>\n<meta property=\"og:description\" content=\"Le g\u00e9n\u00e9ral de brigade Jean Claude Bokolomba Bonganda est n\u00e9 \u00e0 Kiri, province du Ma\u00ef-Ndombe, le 02 septembre 1972. A cheval entre FAZ et les Forces Arm\u00e9es Congolaise (FAC), Cet officier sup\u00e9rieur a fait ses d\u00e9buts \u00e0 l\u2019arm\u00e9e en 1995 (Ex FAZ) et termin\u00e9 trois ans plus tard, sous Laurent D\u00e9sir\u00e9 Kabila. Dipl\u00f4m\u00e9 avec la mention \u00ab\u00a0Grande Distinction\u00a0\u00bb au Coll\u00e8ge des Hautes Etudes de Strat\u00e9gie et de D\u00e9fense en 2018. Il a \u00e9t\u00e9 \u00e9lev\u00e9 au grade du G\u00e9n\u00e9ral de Brigade des Forces Arm\u00e9es de la R\u00e9publique D\u00e9mocratique du Congo sur&hellip;\" \/>\n<meta property=\"og:url\" content=\"https:\/\/congovirtuel.com\/information\/fardc-biographie-du-general-de-brigade-jean-claude-bokolomba-commandant-de-la-premiere-zone-de-defense\/\" \/>\n<meta property=\"og:site_name\" content=\"Actualit\u00e9s congolaises et internationales\" \/>\n<meta property=\"article:publisher\" content=\"https:\/\/web.facebook.com\/Congovirtuel-763617960319601\/?ref=aymt_homepage_panel&amp;amp%3bamp%3bamp%3bamp%3bamp%3bamp%3bamp%3bamp%3bamp%3bamp%3bamp%3beid=ARCoxULa66767kIgF_KYav6VdjXTI4yk_LW4yoVO9s6NXpysgb7Cb65vpxcxgqzOAKvIbLQxaAETcqHT\" \/>\n<meta property=\"article:published_time\" content=\"2022-10-19T13:44:53+00:00\" \/>\n<meta property=\"article:modified_time\" content=\"2022-10-19T13:52:08+00:00\" \/>\n<meta property=\"og:image\" content=\"https:\/\/congovirtuel.com\/information\/wp-content\/uploads\/2022\/10\/General_Bokolomba.jpg\" \/>\n\t<meta property=\"og:image:width\" content=\"1024\" \/>\n\t<meta property=\"og:image:height\" content=\"768\" \/>\n\t<meta property=\"og:image:type\" content=\"image\/jpeg\" \/>\n<meta name=\"author\" content=\"infocongovirtuel\" \/>\n<meta name=\"twitter:card\" content=\"summary_large_image\" \/>\n<meta name=\"twitter:creator\" content=\"@congovirtuel\" \/>\n<meta name=\"twitter:site\" content=\"@congovirtuel\" \/>\n<meta name=\"twitter:label1\" content=\"\u00c9crit par\" \/>\n\t<meta name=\"twitter:data1\" content=\"infocongovirtuel\" \/>\n\t<meta name=\"twitter:label2\" content=\"Dur\u00e9e de lecture estim\u00e9e\" \/>\n\t<meta name=\"twitter:data2\" content=\"1 minute\" \/>\n<script type=\"application\/ld+json\" class=\"yoast-schema-graph\">{\"@context\":\"https:\\\/\\\/schema.org\",\"@graph\":[{\"@type\":\"Article\",\"@id\":\"https:\\\/\\\/congovirtuel.com\\\/information\\\/fardc-biographie-du-general-de-brigade-jean-claude-bokolomba-commandant-de-la-premiere-zone-de-defense\\\/#article\",\"isPartOf\":{\"@id\":\"https:\\\/\\\/congovirtuel.com\\\/information\\\/fardc-biographie-du-general-de-brigade-jean-claude-bokolomba-commandant-de-la-premiere-zone-de-defense\\\/\"},\"author\":{\"name\":\"infocongovirtuel\",\"@id\":\"https:\\\/\\\/congovirtuel.com\\\/information\\\/#\\\/schema\\\/person\\\/739a44bf7990966cb53d58d2fdeca0b6\"},\"headline\":\"FARDC\u00a0: Biographie du G\u00e9n\u00e9ral de brigade Jean Claude Bokolomba, commandant de la Premi\u00e8re zone de d\u00e9fense\",\"datePublished\":\"2022-10-19T13:44:53+00:00\",\"dateModified\":\"2022-10-19T13:52:08+00:00\",\"mainEntityOfPage\":{\"@id\":\"https:\\\/\\\/congovirtuel.com\\\/information\\\/fardc-biographie-du-general-de-brigade-jean-claude-bokolomba-commandant-de-la-premiere-zone-de-defense\\\/\"},\"wordCount\":195,\"commentCount\":0,\"publisher\":{\"@id\":\"https:\\\/\\\/congovirtuel.com\\\/information\\\/#organization\"},\"image\":{\"@id\":\"https:\\\/\\\/congovirtuel.com\\\/information\\\/fardc-biographie-du-general-de-brigade-jean-claude-bokolomba-commandant-de-la-premiere-zone-de-defense\\\/#primaryimage\"},\"thumbnailUrl\":\"https:\\\/\\\/congovirtuel.com\\\/information\\\/wp-content\\\/uploads\\\/2022\\\/10\\\/General_Bokolomba.jpg\",\"keywords\":[\"Bokolomba Bonganda\"],\"articleSection\":[\"FARDC\"],\"inLanguage\":\"fr-FR\",\"potentialAction\":[{\"@type\":\"CommentAction\",\"name\":\"Comment\",\"target\":[\"https:\\\/\\\/congovirtuel.com\\\/information\\\/fardc-biographie-du-general-de-brigade-jean-claude-bokolomba-commandant-de-la-premiere-zone-de-defense\\\/#respond\"]}]},{\"@type\":\"WebPage\",\"@id\":\"https:\\\/\\\/congovirtuel.com\\\/information\\\/fardc-biographie-du-general-de-brigade-jean-claude-bokolomba-commandant-de-la-premiere-zone-de-defense\\\/\",\"url\":\"https:\\\/\\\/congovirtuel.com\\\/information\\\/fardc-biographie-du-general-de-brigade-jean-claude-bokolomba-commandant-de-la-premiere-zone-de-defense\\\/\",\"name\":\"FARDC\u00a0: Biographie du G\u00e9n\u00e9ral de brigade Jean Claude Bokolomba, commandant de la Premi\u00e8re zone de d\u00e9fense - Actualit\u00e9s congolaises et internationales\",\"isPartOf\":{\"@id\":\"https:\\\/\\\/congovirtuel.com\\\/information\\\/#website\"},\"primaryImageOfPage\":{\"@id\":\"https:\\\/\\\/congovirtuel.com\\\/information\\\/fardc-biographie-du-general-de-brigade-jean-claude-bokolomba-commandant-de-la-premiere-zone-de-defense\\\/#primaryimage\"},\"image\":{\"@id\":\"https:\\\/\\\/congovirtuel.com\\\/information\\\/fardc-biographie-du-general-de-brigade-jean-claude-bokolomba-commandant-de-la-premiere-zone-de-defense\\\/#primaryimage\"},\"thumbnailUrl\":\"https:\\\/\\\/congovirtuel.com\\\/information\\\/wp-content\\\/uploads\\\/2022\\\/10\\\/General_Bokolomba.jpg\",\"datePublished\":\"2022-10-19T13:44:53+00:00\",\"dateModified\":\"2022-10-19T13:52:08+00:00\",\"breadcrumb\":{\"@id\":\"https:\\\/\\\/congovirtuel.com\\\/information\\\/fardc-biographie-du-general-de-brigade-jean-claude-bokolomba-commandant-de-la-premiere-zone-de-defense\\\/#breadcrumb\"},\"inLanguage\":\"fr-FR\",\"potentialAction\":[{\"@type\":\"ReadAction\",\"target\":[\"https:\\\/\\\/congovirtuel.com\\\/information\\\/fardc-biographie-du-general-de-brigade-jean-claude-bokolomba-commandant-de-la-premiere-zone-de-defense\\\/\"]}]},{\"@type\":\"ImageObject\",\"inLanguage\":\"fr-FR\",\"@id\":\"https:\\\/\\\/congovirtuel.com\\\/information\\\/fardc-biographie-du-general-de-brigade-jean-claude-bokolomba-commandant-de-la-premiere-zone-de-defense\\\/#primaryimage\",\"url\":\"https:\\\/\\\/congovirtuel.com\\\/information\\\/wp-content\\\/uploads\\\/2022\\\/10\\\/General_Bokolomba.jpg\",\"contentUrl\":\"https:\\\/\\\/congovirtuel.com\\\/information\\\/wp-content\\\/uploads\\\/2022\\\/10\\\/General_Bokolomba.jpg\",\"width\":1024,\"height\":768,\"caption\":\"General_Jean Claude Bokolomba\"},{\"@type\":\"BreadcrumbList\",\"@id\":\"https:\\\/\\\/congovirtuel.com\\\/information\\\/fardc-biographie-du-general-de-brigade-jean-claude-bokolomba-commandant-de-la-premiere-zone-de-defense\\\/#breadcrumb\",\"itemListElement\":[{\"@type\":\"ListItem\",\"position\":1,\"name\":\"Accueil\",\"item\":\"https:\\\/\\\/congovirtuel.com\\\/information\\\/\"},{\"@type\":\"ListItem\",\"position\":2,\"name\":\"FARDC\u00a0: Biographie du G\u00e9n\u00e9ral de brigade Jean Claude Bokolomba, commandant de la Premi\u00e8re zone de d\u00e9fense\"}]},{\"@type\":\"WebSite\",\"@id\":\"https:\\\/\\\/congovirtuel.com\\\/information\\\/#website\",\"url\":\"https:\\\/\\\/congovirtuel.com\\\/information\\\/\",\"name\":\"Actualit\u00e9s congolaises et internationales\",\"description\":\"site d&#039;analyse et de traitement d&#039;information\",\"publisher\":{\"@id\":\"https:\\\/\\\/congovirtuel.com\\\/information\\\/#organization\"},\"potentialAction\":[{\"@type\":\"SearchAction\",\"target\":{\"@type\":\"EntryPoint\",\"urlTemplate\":\"https:\\\/\\\/congovirtuel.com\\\/information\\\/?s={search_term_string}\"},\"query-input\":{\"@type\":\"PropertyValueSpecification\",\"valueRequired\":true,\"valueName\":\"search_term_string\"}}],\"inLanguage\":\"fr-FR\"},{\"@type\":\"Organization\",\"@id\":\"https:\\\/\\\/congovirtuel.com\\\/information\\\/#organization\",\"name\":\"Biblioth\u00e8que Virtuelle de la RDC\",\"url\":\"https:\\\/\\\/congovirtuel.com\\\/information\\\/\",\"logo\":{\"@type\":\"ImageObject\",\"inLanguage\":\"fr-FR\",\"@id\":\"https:\\\/\\\/congovirtuel.com\\\/information\\\/#\\\/schema\\\/logo\\\/image\\\/\",\"url\":\"https:\\\/\\\/congovirtuel.com\\\/information\\\/wp-content\\\/uploads\\\/2018\\\/10\\\/header-info-congovirtuel-vraie.jpg\",\"contentUrl\":\"https:\\\/\\\/congovirtuel.com\\\/information\\\/wp-content\\\/uploads\\\/2018\\\/10\\\/header-info-congovirtuel-vraie.jpg\",\"width\":728,\"height\":90,\"caption\":\"Biblioth\u00e8que Virtuelle de la RDC\"},\"image\":{\"@id\":\"https:\\\/\\\/congovirtuel.com\\\/information\\\/#\\\/schema\\\/logo\\\/image\\\/\"},\"sameAs\":[\"https:\\\/\\\/web.facebook.com\\\/Congovirtuel-763617960319601\\\/?ref=aymt_homepage_panel&amp;amp;amp;amp;amp;amp;amp;amp;amp;amp;amp;eid=ARCoxULa66767kIgF_KYav6VdjXTI4yk_LW4yoVO9s6NXpysgb7Cb65vpxcxgqzOAKvIbLQxaAETcqHT\",\"https:\\\/\\\/x.com\\\/congovirtuel\",\"https:\\\/\\\/www.youtube.com\\\/channel\\\/UCkFfprYzGgS3EWNpeMXpToQ?view_as=subscriber\"]},{\"@type\":\"Person\",\"@id\":\"https:\\\/\\\/congovirtuel.com\\\/information\\\/#\\\/schema\\\/person\\\/739a44bf7990966cb53d58d2fdeca0b6\",\"name\":\"infocongovirtuel\",\"image\":{\"@type\":\"ImageObject\",\"inLanguage\":\"fr-FR\",\"@id\":\"https:\\\/\\\/secure.gravatar.com\\\/avatar\\\/4d76991aa72469f0eb22e772586c99113c6997f88da636a9db8f2ce3a2c05e69?s=96&d=mm&r=g\",\"url\":\"https:\\\/\\\/secure.gravatar.com\\\/avatar\\\/4d76991aa72469f0eb22e772586c99113c6997f88da636a9db8f2ce3a2c05e69?s=96&d=mm&r=g\",\"contentUrl\":\"https:\\\/\\\/secure.gravatar.com\\\/avatar\\\/4d76991aa72469f0eb22e772586c99113c6997f88da636a9db8f2ce3a2c05e69?s=96&d=mm&r=g\",\"caption\":\"infocongovirtuel\"},\"url\":\"https:\\\/\\\/congovirtuel.com\\\/information\\\/author\\\/infocongovirtuel\\\/\"}]}<\/script>\n<!-- \/ Yoast SEO plugin. -->","yoast_head_json":{"title":"FARDC\u00a0: Biographie du G\u00e9n\u00e9ral de brigade Jean Claude Bokolomba, commandant de la Premi\u00e8re zone de d\u00e9fense - Actualit\u00e9s congolaises et internationales","robots":{"index":"index","follow":"follow","max-snippet":"max-snippet:-1","max-image-preview":"max-image-preview:large","max-video-preview":"max-video-preview:-1"},"canonical":"https:\/\/congovirtuel.com\/information\/fardc-biographie-du-general-de-brigade-jean-claude-bokolomba-commandant-de-la-premiere-zone-de-defense\/","og_locale":"fr_FR","og_type":"article","og_title":"FARDC\u00a0: Biographie du G\u00e9n\u00e9ral de brigade Jean Claude Bokolomba, commandant de la Premi\u00e8re zone de d\u00e9fense - Actualit\u00e9s congolaises et internationales","og_description":"Le g\u00e9n\u00e9ral de brigade Jean Claude Bokolomba Bonganda est n\u00e9 \u00e0 Kiri, province du Ma\u00ef-Ndombe, le 02 septembre 1972. A cheval entre FAZ et les Forces Arm\u00e9es Congolaise (FAC), Cet officier sup\u00e9rieur a fait ses d\u00e9buts \u00e0 l\u2019arm\u00e9e en 1995 (Ex FAZ) et termin\u00e9 trois ans plus tard, sous Laurent D\u00e9sir\u00e9 Kabila. Dipl\u00f4m\u00e9 avec la mention \u00ab\u00a0Grande Distinction\u00a0\u00bb au Coll\u00e8ge des Hautes Etudes de Strat\u00e9gie et de D\u00e9fense en 2018. Il a \u00e9t\u00e9 \u00e9lev\u00e9 au grade du G\u00e9n\u00e9ral de Brigade des Forces Arm\u00e9es de la R\u00e9publique D\u00e9mocratique du Congo sur&hellip;","og_url":"https:\/\/congovirtuel.com\/information\/fardc-biographie-du-general-de-brigade-jean-claude-bokolomba-commandant-de-la-premiere-zone-de-defense\/","og_site_name":"Actualit\u00e9s congolaises et internationales","article_publisher":"https:\/\/web.facebook.com\/Congovirtuel-763617960319601\/?ref=aymt_homepage_panel&amp%3bamp%3bamp%3bamp%3bamp%3bamp%3bamp%3bamp%3bamp%3bamp%3bamp%3beid=ARCoxULa66767kIgF_KYav6VdjXTI4yk_LW4yoVO9s6NXpysgb7Cb65vpxcxgqzOAKvIbLQxaAETcqHT","article_published_time":"2022-10-19T13:44:53+00:00","article_modified_time":"2022-10-19T13:52:08+00:00","og_image":[{"width":1024,"height":768,"url":"https:\/\/congovirtuel.com\/information\/wp-content\/uploads\/2022\/10\/General_Bokolomba.jpg","type":"image\/jpeg"}],"author":"infocongovirtuel","twitter_card":"summary_large_image","twitter_creator":"@congovirtuel","twitter_site":"@congovirtuel","twitter_misc":{"\u00c9crit par":"infocongovirtuel","Dur\u00e9e de lecture estim\u00e9e":"1 minute"},"schema":{"@context":"https:\/\/schema.org","@graph":[{"@type":"Article","@id":"https:\/\/congovirtuel.com\/information\/fardc-biographie-du-general-de-brigade-jean-claude-bokolomba-commandant-de-la-premiere-zone-de-defense\/#article","isPartOf":{"@id":"https:\/\/congovirtuel.com\/information\/fardc-biographie-du-general-de-brigade-jean-claude-bokolomba-commandant-de-la-premiere-zone-de-defense\/"},"author":{"name":"infocongovirtuel","@id":"https:\/\/congovirtuel.com\/information\/#\/schema\/person\/739a44bf7990966cb53d58d2fdeca0b6"},"headline":"FARDC\u00a0: Biographie du G\u00e9n\u00e9ral de brigade Jean Claude Bokolomba, commandant de la Premi\u00e8re zone de d\u00e9fense","datePublished":"2022-10-19T13:44:53+00:00","dateModified":"2022-10-19T13:52:08+00:00","mainEntityOfPage":{"@id":"https:\/\/congovirtuel.com\/information\/fardc-biographie-du-general-de-brigade-jean-claude-bokolomba-commandant-de-la-premiere-zone-de-defense\/"},"wordCount":195,"commentCount":0,"publisher":{"@id":"https:\/\/congovirtuel.com\/information\/#organization"},"image":{"@id":"https:\/\/congovirtuel.com\/information\/fardc-biographie-du-general-de-brigade-jean-claude-bokolomba-commandant-de-la-premiere-zone-de-defense\/#primaryimage"},"thumbnailUrl":"https:\/\/congovirtuel.com\/information\/wp-content\/uploads\/2022\/10\/General_Bokolomba.jpg","keywords":["Bokolomba Bonganda"],"articleSection":["FARDC"],"inLanguage":"fr-FR","potentialAction":[{"@type":"CommentAction","name":"Comment","target":["https:\/\/congovirtuel.com\/information\/fardc-biographie-du-general-de-brigade-jean-claude-bokolomba-commandant-de-la-premiere-zone-de-defense\/#respond"]}]},{"@type":"WebPage","@id":"https:\/\/congovirtuel.com\/information\/fardc-biographie-du-general-de-brigade-jean-claude-bokolomba-commandant-de-la-premiere-zone-de-defense\/","url":"https:\/\/congovirtuel.com\/information\/fardc-biographie-du-general-de-brigade-jean-claude-bokolomba-commandant-de-la-premiere-zone-de-defense\/","name":"FARDC\u00a0: Biographie du G\u00e9n\u00e9ral de brigade Jean Claude Bokolomba, commandant de la Premi\u00e8re zone de d\u00e9fense - Actualit\u00e9s congolaises et internationales","isPartOf":{"@id":"https:\/\/congovirtuel.com\/information\/#website"},"primaryImageOfPage":{"@id":"https:\/\/congovirtuel.com\/information\/fardc-biographie-du-general-de-brigade-jean-claude-bokolomba-commandant-de-la-premiere-zone-de-defense\/#primaryimage"},"image":{"@id":"https:\/\/congovirtuel.com\/information\/fardc-biographie-du-general-de-brigade-jean-claude-bokolomba-commandant-de-la-premiere-zone-de-defense\/#primaryimage"},"thumbnailUrl":"https:\/\/congovirtuel.com\/information\/wp-content\/uploads\/2022\/10\/General_Bokolomba.jpg","datePublished":"2022-10-19T13:44:53+00:00","dateModified":"2022-10-19T13:52:08+00:00","breadcrumb":{"@id":"https:\/\/congovirtuel.com\/information\/fardc-biographie-du-general-de-brigade-jean-claude-bokolomba-commandant-de-la-premiere-zone-de-defense\/#breadcrumb"},"inLanguage":"fr-FR","potentialAction":[{"@type":"ReadAction","target":["https:\/\/congovirtuel.com\/information\/fardc-biographie-du-general-de-brigade-jean-claude-bokolomba-commandant-de-la-premiere-zone-de-defense\/"]}]},{"@type":"ImageObject","inLanguage":"fr-FR","@id":"https:\/\/congovirtuel.com\/information\/fardc-biographie-du-general-de-brigade-jean-claude-bokolomba-commandant-de-la-premiere-zone-de-defense\/#primaryimage","url":"https:\/\/congovirtuel.com\/information\/wp-content\/uploads\/2022\/10\/General_Bokolomba.jpg","contentUrl":"https:\/\/congovirtuel.com\/information\/wp-content\/uploads\/2022\/10\/General_Bokolomba.jpg","width":1024,"height":768,"caption":"General_Jean Claude Bokolomba"},{"@type":"BreadcrumbList","@id":"https:\/\/congovirtuel.com\/information\/fardc-biographie-du-general-de-brigade-jean-claude-bokolomba-commandant-de-la-premiere-zone-de-defense\/#breadcrumb","itemListElement":[{"@type":"ListItem","position":1,"name":"Accueil","item":"https:\/\/congovirtuel.com\/information\/"},{"@type":"ListItem","position":2,"name":"FARDC\u00a0: Biographie du G\u00e9n\u00e9ral de brigade Jean Claude Bokolomba, commandant de la Premi\u00e8re zone de d\u00e9fense"}]},{"@type":"WebSite","@id":"https:\/\/congovirtuel.com\/information\/#website","url":"https:\/\/congovirtuel.com\/information\/","name":"Actualit\u00e9s congolaises et internationales","description":"site d&#039;analyse et de traitement d&#039;information","publisher":{"@id":"https:\/\/congovirtuel.com\/information\/#organization"},"potentialAction":[{"@type":"SearchAction","target":{"@type":"EntryPoint","urlTemplate":"https:\/\/congovirtuel.com\/information\/?s={search_term_string}"},"query-input":{"@type":"PropertyValueSpecification","valueRequired":true,"valueName":"search_term_string"}}],"inLanguage":"fr-FR"},{"@type":"Organization","@id":"https:\/\/congovirtuel.com\/information\/#organization","name":"Biblioth\u00e8que Virtuelle de la RDC","url":"https:\/\/congovirtuel.com\/information\/","logo":{"@type":"ImageObject","inLanguage":"fr-FR","@id":"https:\/\/congovirtuel.com\/information\/#\/schema\/logo\/image\/","url":"https:\/\/congovirtuel.com\/information\/wp-content\/uploads\/2018\/10\/header-info-congovirtuel-vraie.jpg","contentUrl":"https:\/\/congovirtuel.com\/information\/wp-content\/uploads\/2018\/10\/header-info-congovirtuel-vraie.jpg","width":728,"height":90,"caption":"Biblioth\u00e8que Virtuelle de la RDC"},"image":{"@id":"https:\/\/congovirtuel.com\/information\/#\/schema\/logo\/image\/"},"sameAs":["https:\/\/web.facebook.com\/Congovirtuel-763617960319601\/?ref=aymt_homepage_panel&amp;amp;amp;amp;amp;amp;amp;amp;amp;amp;amp;eid=ARCoxULa66767kIgF_KYav6VdjXTI4yk_LW4yoVO9s6NXpysgb7Cb65vpxcxgqzOAKvIbLQxaAETcqHT","https:\/\/x.com\/congovirtuel","https:\/\/www.youtube.com\/channel\/UCkFfprYzGgS3EWNpeMXpToQ?view_as=subscriber"]},{"@type":"Person","@id":"https:\/\/congovirtuel.com\/information\/#\/schema\/person\/739a44bf7990966cb53d58d2fdeca0b6","name":"infocongovirtuel","image":{"@type":"ImageObject","inLanguage":"fr-FR","@id":"https:\/\/secure.gravatar.com\/avatar\/4d76991aa72469f0eb22e772586c99113c6997f88da636a9db8f2ce3a2c05e69?s=96&d=mm&r=g","url":"https:\/\/secure.gravatar.com\/avatar\/4d76991aa72469f0eb22e772586c99113c6997f88da636a9db8f2ce3a2c05e69?s=96&d=mm&r=g","contentUrl":"https:\/\/secure.gravatar.com\/avatar\/4d76991aa72469f0eb22e772586c99113c6997f88da636a9db8f2ce3a2c05e69?s=96&d=mm&r=g","caption":"infocongovirtuel"},"url":"https:\/\/congovirtuel.com\/information\/author\/infocongovirtuel\/"}]}},"gt_translate_keys":[{"key":"link","format":"url"}],"_links":{"self":[{"href":"https:\/\/congovirtuel.com\/information\/wp-json\/wp\/v2\/posts\/20756","targetHints":{"allow":["GET"]}}],"collection":[{"href":"https:\/\/congovirtuel.com\/information\/wp-json\/wp\/v2\/posts"}],"about":[{"href":"https:\/\/congovirtuel.com\/information\/wp-json\/wp\/v2\/types\/post"}],"author":[{"embeddable":true,"href":"https:\/\/congovirtuel.com\/information\/wp-json\/wp\/v2\/users\/1"}],"replies":[{"embeddable":true,"href":"https:\/\/congovirtuel.com\/information\/wp-json\/wp\/v2\/comments?post=20756"}],"version-history":[{"count":3,"href":"https:\/\/congovirtuel.com\/information\/wp-json\/wp\/v2\/posts\/20756\/revisions"}],"predecessor-version":[{"id":20759,"href":"https:\/\/congovirtuel.com\/information\/wp-json\/wp\/v2\/posts\/20756\/revisions\/20759"}],"wp:featuredmedia":[{"embeddable":true,"href":"https:\/\/congovirtuel.com\/information\/wp-json\/wp\/v2\/media\/20755"}],"wp:attachment":[{"href":"https:\/\/congovirtuel.com\/information\/wp-json\/wp\/v2\/media?parent=20756"}],"wp:term":[{"taxonomy":"category","embeddable":true,"href":"https:\/\/congovirtuel.com\/information\/wp-json\/wp\/v2\/categories?post=20756"},{"taxonomy":"post_tag","embeddable":true,"href":"https:\/\/congovirtuel.com\/information\/wp-json\/wp\/v2\/tags?post=20756"}],"curies":[{"name":"wp","href":"https:\/\/api.w.org\/{rel}","templated":true}]}}