{"id":20809,"date":"2022-10-24T13:51:27","date_gmt":"2022-10-24T12:51:27","guid":{"rendered":"https:\/\/congovirtuel.com\/information\/?p=20809"},"modified":"2022-10-24T13:51:27","modified_gmt":"2022-10-24T12:51:27","slug":"arshad-sharif-celebre-presentateur-tele-pakistanais-a-ete-abattu-au-kenya","status":"publish","type":"post","link":"https:\/\/congovirtuel.com\/information\/arshad-sharif-celebre-presentateur-tele-pakistanais-a-ete-abattu-au-kenya\/","title":{"rendered":"Arshad Sharif, c\u00e9l\u00e8bre pr\u00e9sentateur t\u00e9l\u00e9 pakistanais a \u00e9t\u00e9 abattu au Kenya","gt_translate_keys":[{"key":"rendered","format":"text"}]},"content":{"rendered":"<p>Un pr\u00e9sentateur vedette de la t\u00e9l\u00e9vision pakistanaise, qui avait fui son pays il y a quelques mois pour \u00e9chapper \u00e0 une arrestation pour s\u00e9dition, a \u00e9t\u00e9 tu\u00e9 par balle au Kenya, apparemment par la police, a annonc\u00e9 lundi la police k\u00e9nyane. Arshad Sharif \u00e9tait un critique v\u00e9h\u00e9ment de l\u2019arm\u00e9e, toute puissante au Pakistan, et un partisan de l\u2019ancien Premier ministre Imran Khan, renvers\u00e9 en avril par une motion de censure.<\/p>\n<p>Selon un rapport de police consult\u00e9 par l\u2019AFP, la voiture transportant\u00a0Sharif et un autre homme a \u00e9t\u00e9 touch\u00e9e par neuf balles dimanche soir, alors qu\u2019elle passait un barrage routier improvis\u00e9 dans une zone isol\u00e9e situ\u00e9e \u00e0 environ 40\u00a0km de Nairobi. Le rapport ne dit pas qui est \u00e0 l\u2019origine des coups de feu, mais pr\u00e9cise que la voiture a continu\u00e9 sa route jusqu\u2019\u00e0 arriver \u00e0 la maison d\u2019un autre citoyen pakistanais.<\/p>\n<p>L\u00e0, le d\u00e9c\u00e8s de Sharif a \u00e9t\u00e9 constat\u00e9, avec \u00ab\u00a0<em>une blessure par balle \u00e0 la t\u00eate qui avait p\u00e9n\u00e9tr\u00e9 par l\u2019arri\u00e8re<\/em>\u00ab\u00a0. Le rapport ajoute qu\u2019au moment des faits, la police recherchait une voiture vol\u00e9e et une personne qui venait d\u2019\u00eatre enlev\u00e9e. Mais il n\u2019explique pas quel est le lien avec la mort de Sharif.<\/p>\n<p>En ao\u00fbt, Sharif avait interview\u00e9 sur la cha\u00eene Ary News un proche conseiller d\u2019Imran Khan, Shahbaz Gill, qui avait \u00e0 cette occasion exhort\u00e9 les officiers de l\u2019arm\u00e9e \u00e0 d\u00e9sob\u00e9ir aux ordres contraires \u00ab\u00a0<em>\u00e0 la volont\u00e9 de la majorit\u00e9 (du peuple)<\/em>\u00ab\u00a0. Ces d\u00e9clarations avaient \u00e9t\u00e9 consid\u00e9r\u00e9es comme s\u00e9ditieuses par les autorit\u00e9s. Ary News avait ensuite bri\u00e8vement \u00e9t\u00e9 emp\u00each\u00e9e d\u2019\u00e9mettre par l\u2019autorit\u00e9 de r\u00e9gulation des m\u00e9dias et un mandat d\u2019arr\u00eat avait \u00e9t\u00e9 \u00e9mis contre Sharif, qui avait alors quitt\u00e9 le pays. La cha\u00eene avait ult\u00e9rieurement annonc\u00e9 avoir \u00ab\u00a0<em>coup\u00e9 (ses) liens<\/em>\u00a0\u00bb avec le pr\u00e9sentateur.<\/p>\n<p>Les critiques \u00e0 l\u2019encontre de l\u2019arm\u00e9e et des puissants services de s\u00e9curit\u00e9 sont depuis longtemps consid\u00e9r\u00e9es comme une ligne rouge au Pakistan, class\u00e9 parmi les pays les plus dangereux au monde pour les professionnels des m\u00e9dias.\u00a0<a href=\"https:\/\/www.rtbf.be\/article\/liberte-de-la-presse-nombre-record-de-pays-en-situation-tres-grave-la-belgique-recule-de-12-places-10985689\">Le Pakistan occupe la 157e place sur 180 au classement de la libert\u00e9 de la presse \u00e9tabli par Reporters sans fronti\u00e8res<\/a>.<\/p>\n<p>RTBF<\/p>\n","protected":false,"gt_translate_keys":[{"key":"rendered","format":"html"}]},"excerpt":{"rendered":"<p>Un pr\u00e9sentateur vedette de la t\u00e9l\u00e9vision pakistanaise, qui avait fui son pays il y a quelques mois pour \u00e9chapper \u00e0 une arrestation pour s\u00e9dition, a \u00e9t\u00e9 tu\u00e9 par balle au Kenya, apparemment par la police, a annonc\u00e9 lundi la police k\u00e9nyane. Arshad Sharif \u00e9tait un critique v\u00e9h\u00e9ment de l\u2019arm\u00e9e, toute puissante au Pakistan, et un partisan de l\u2019ancien Premier ministre Imran Khan, renvers\u00e9 en avril par une motion de censure. Selon un rapport de police consult\u00e9 par l\u2019AFP, la voiture transportant\u00a0Sharif et un autre homme a \u00e9t\u00e9 touch\u00e9e par neuf&hellip;<\/p>\n","protected":false,"gt_translate_keys":[{"key":"rendered","format":"html"}]},"author":1,"featured_media":20808,"comment_status":"open","ping_status":"open","sticky":false,"template":"","format":"standard","meta":{"_crdt_document":"","footnotes":""},"categories":[506],"tags":[37393,37394,37395],"class_list":["post-20809","post","type-post","status-publish","format-standard","has-post-thumbnail","hentry","category-kenya","tag-arshad-sharif","tag-arshad-sharif-died","tag-arshad-sharif-pakistan"],"gutentor_comment":0,"yoast_head":"<!-- This site is optimized with the Yoast SEO plugin v27.5 - https:\/\/yoast.com\/product\/yoast-seo-wordpress\/ -->\n<title>Arshad Sharif, c\u00e9l\u00e8bre pr\u00e9sentateur t\u00e9l\u00e9 pakistanais a \u00e9t\u00e9 abattu au Kenya - Actualit\u00e9s congolaises et internationales<\/title>\n<meta name=\"robots\" content=\"index, follow, max-snippet:-1, max-image-preview:large, max-video-preview:-1\" \/>\n<link rel=\"canonical\" href=\"https:\/\/congovirtuel.com\/information\/arshad-sharif-celebre-presentateur-tele-pakistanais-a-ete-abattu-au-kenya\/\" \/>\n<meta property=\"og:locale\" content=\"fr_FR\" \/>\n<meta property=\"og:type\" content=\"article\" \/>\n<meta property=\"og:title\" content=\"Arshad Sharif, c\u00e9l\u00e8bre pr\u00e9sentateur t\u00e9l\u00e9 pakistanais a \u00e9t\u00e9 abattu au Kenya - Actualit\u00e9s congolaises et internationales\" \/>\n<meta property=\"og:description\" content=\"Un pr\u00e9sentateur vedette de la t\u00e9l\u00e9vision pakistanaise, qui avait fui son pays il y a quelques mois pour \u00e9chapper \u00e0 une arrestation pour s\u00e9dition, a \u00e9t\u00e9 tu\u00e9 par balle au Kenya, apparemment par la police, a annonc\u00e9 lundi la police k\u00e9nyane. Arshad Sharif \u00e9tait un critique v\u00e9h\u00e9ment de l\u2019arm\u00e9e, toute puissante au Pakistan, et un partisan de l\u2019ancien Premier ministre Imran Khan, renvers\u00e9 en avril par une motion de censure. Selon un rapport de police consult\u00e9 par l\u2019AFP, la voiture transportant\u00a0Sharif et un autre homme a \u00e9t\u00e9 touch\u00e9e par neuf&hellip;\" \/>\n<meta property=\"og:url\" content=\"https:\/\/congovirtuel.com\/information\/arshad-sharif-celebre-presentateur-tele-pakistanais-a-ete-abattu-au-kenya\/\" \/>\n<meta property=\"og:site_name\" content=\"Actualit\u00e9s congolaises et internationales\" \/>\n<meta property=\"article:publisher\" content=\"https:\/\/web.facebook.com\/Congovirtuel-763617960319601\/?ref=aymt_homepage_panel&amp;amp%3bamp%3bamp%3bamp%3bamp%3bamp%3bamp%3bamp%3bamp%3bamp%3bamp%3beid=ARCoxULa66767kIgF_KYav6VdjXTI4yk_LW4yoVO9s6NXpysgb7Cb65vpxcxgqzOAKvIbLQxaAETcqHT\" \/>\n<meta property=\"article:published_time\" content=\"2022-10-24T12:51:27+00:00\" \/>\n<meta property=\"og:image\" content=\"https:\/\/congovirtuel.com\/information\/wp-content\/uploads\/2022\/10\/Arshad_Sharif.jpg\" \/>\n\t<meta property=\"og:image:width\" content=\"1248\" \/>\n\t<meta property=\"og:image:height\" content=\"701\" \/>\n\t<meta property=\"og:image:type\" content=\"image\/jpeg\" \/>\n<meta name=\"author\" content=\"infocongovirtuel\" \/>\n<meta name=\"twitter:card\" content=\"summary_large_image\" \/>\n<meta name=\"twitter:creator\" content=\"@congovirtuel\" \/>\n<meta name=\"twitter:site\" content=\"@congovirtuel\" \/>\n<meta name=\"twitter:label1\" content=\"\u00c9crit par\" \/>\n\t<meta name=\"twitter:data1\" content=\"infocongovirtuel\" \/>\n\t<meta name=\"twitter:label2\" content=\"Dur\u00e9e de lecture estim\u00e9e\" \/>\n\t<meta name=\"twitter:data2\" content=\"2 minutes\" \/>\n<script type=\"application\/ld+json\" class=\"yoast-schema-graph\">{\"@context\":\"https:\\\/\\\/schema.org\",\"@graph\":[{\"@type\":\"Article\",\"@id\":\"https:\\\/\\\/congovirtuel.com\\\/information\\\/arshad-sharif-celebre-presentateur-tele-pakistanais-a-ete-abattu-au-kenya\\\/#article\",\"isPartOf\":{\"@id\":\"https:\\\/\\\/congovirtuel.com\\\/information\\\/arshad-sharif-celebre-presentateur-tele-pakistanais-a-ete-abattu-au-kenya\\\/\"},\"author\":{\"name\":\"infocongovirtuel\",\"@id\":\"https:\\\/\\\/congovirtuel.com\\\/information\\\/#\\\/schema\\\/person\\\/739a44bf7990966cb53d58d2fdeca0b6\"},\"headline\":\"Arshad Sharif, c\u00e9l\u00e8bre pr\u00e9sentateur t\u00e9l\u00e9 pakistanais a \u00e9t\u00e9 abattu au Kenya\",\"datePublished\":\"2022-10-24T12:51:27+00:00\",\"mainEntityOfPage\":{\"@id\":\"https:\\\/\\\/congovirtuel.com\\\/information\\\/arshad-sharif-celebre-presentateur-tele-pakistanais-a-ete-abattu-au-kenya\\\/\"},\"wordCount\":412,\"commentCount\":0,\"publisher\":{\"@id\":\"https:\\\/\\\/congovirtuel.com\\\/information\\\/#organization\"},\"image\":{\"@id\":\"https:\\\/\\\/congovirtuel.com\\\/information\\\/arshad-sharif-celebre-presentateur-tele-pakistanais-a-ete-abattu-au-kenya\\\/#primaryimage\"},\"thumbnailUrl\":\"https:\\\/\\\/congovirtuel.com\\\/information\\\/wp-content\\\/uploads\\\/2022\\\/10\\\/Arshad_Sharif.jpg\",\"keywords\":[\"Arshad Sharif\",\"Arshad Sharif died\",\"Arshad Sharif Pakistan\"],\"articleSection\":[\"Kenya\"],\"inLanguage\":\"fr-FR\",\"potentialAction\":[{\"@type\":\"CommentAction\",\"name\":\"Comment\",\"target\":[\"https:\\\/\\\/congovirtuel.com\\\/information\\\/arshad-sharif-celebre-presentateur-tele-pakistanais-a-ete-abattu-au-kenya\\\/#respond\"]}]},{\"@type\":\"WebPage\",\"@id\":\"https:\\\/\\\/congovirtuel.com\\\/information\\\/arshad-sharif-celebre-presentateur-tele-pakistanais-a-ete-abattu-au-kenya\\\/\",\"url\":\"https:\\\/\\\/congovirtuel.com\\\/information\\\/arshad-sharif-celebre-presentateur-tele-pakistanais-a-ete-abattu-au-kenya\\\/\",\"name\":\"Arshad Sharif, c\u00e9l\u00e8bre pr\u00e9sentateur t\u00e9l\u00e9 pakistanais a \u00e9t\u00e9 abattu au Kenya - Actualit\u00e9s congolaises et internationales\",\"isPartOf\":{\"@id\":\"https:\\\/\\\/congovirtuel.com\\\/information\\\/#website\"},\"primaryImageOfPage\":{\"@id\":\"https:\\\/\\\/congovirtuel.com\\\/information\\\/arshad-sharif-celebre-presentateur-tele-pakistanais-a-ete-abattu-au-kenya\\\/#primaryimage\"},\"image\":{\"@id\":\"https:\\\/\\\/congovirtuel.com\\\/information\\\/arshad-sharif-celebre-presentateur-tele-pakistanais-a-ete-abattu-au-kenya\\\/#primaryimage\"},\"thumbnailUrl\":\"https:\\\/\\\/congovirtuel.com\\\/information\\\/wp-content\\\/uploads\\\/2022\\\/10\\\/Arshad_Sharif.jpg\",\"datePublished\":\"2022-10-24T12:51:27+00:00\",\"breadcrumb\":{\"@id\":\"https:\\\/\\\/congovirtuel.com\\\/information\\\/arshad-sharif-celebre-presentateur-tele-pakistanais-a-ete-abattu-au-kenya\\\/#breadcrumb\"},\"inLanguage\":\"fr-FR\",\"potentialAction\":[{\"@type\":\"ReadAction\",\"target\":[\"https:\\\/\\\/congovirtuel.com\\\/information\\\/arshad-sharif-celebre-presentateur-tele-pakistanais-a-ete-abattu-au-kenya\\\/\"]}]},{\"@type\":\"ImageObject\",\"inLanguage\":\"fr-FR\",\"@id\":\"https:\\\/\\\/congovirtuel.com\\\/information\\\/arshad-sharif-celebre-presentateur-tele-pakistanais-a-ete-abattu-au-kenya\\\/#primaryimage\",\"url\":\"https:\\\/\\\/congovirtuel.com\\\/information\\\/wp-content\\\/uploads\\\/2022\\\/10\\\/Arshad_Sharif.jpg\",\"contentUrl\":\"https:\\\/\\\/congovirtuel.com\\\/information\\\/wp-content\\\/uploads\\\/2022\\\/10\\\/Arshad_Sharif.jpg\",\"width\":1248,\"height\":701,\"caption\":\"Arshad_Sharif\"},{\"@type\":\"BreadcrumbList\",\"@id\":\"https:\\\/\\\/congovirtuel.com\\\/information\\\/arshad-sharif-celebre-presentateur-tele-pakistanais-a-ete-abattu-au-kenya\\\/#breadcrumb\",\"itemListElement\":[{\"@type\":\"ListItem\",\"position\":1,\"name\":\"Accueil\",\"item\":\"https:\\\/\\\/congovirtuel.com\\\/information\\\/\"},{\"@type\":\"ListItem\",\"position\":2,\"name\":\"Arshad Sharif, c\u00e9l\u00e8bre pr\u00e9sentateur t\u00e9l\u00e9 pakistanais a \u00e9t\u00e9 abattu au Kenya\"}]},{\"@type\":\"WebSite\",\"@id\":\"https:\\\/\\\/congovirtuel.com\\\/information\\\/#website\",\"url\":\"https:\\\/\\\/congovirtuel.com\\\/information\\\/\",\"name\":\"Actualit\u00e9s congolaises et internationales\",\"description\":\"site d&#039;analyse et de traitement d&#039;information\",\"publisher\":{\"@id\":\"https:\\\/\\\/congovirtuel.com\\\/information\\\/#organization\"},\"potentialAction\":[{\"@type\":\"SearchAction\",\"target\":{\"@type\":\"EntryPoint\",\"urlTemplate\":\"https:\\\/\\\/congovirtuel.com\\\/information\\\/?s={search_term_string}\"},\"query-input\":{\"@type\":\"PropertyValueSpecification\",\"valueRequired\":true,\"valueName\":\"search_term_string\"}}],\"inLanguage\":\"fr-FR\"},{\"@type\":\"Organization\",\"@id\":\"https:\\\/\\\/congovirtuel.com\\\/information\\\/#organization\",\"name\":\"Biblioth\u00e8que Virtuelle de la RDC\",\"url\":\"https:\\\/\\\/congovirtuel.com\\\/information\\\/\",\"logo\":{\"@type\":\"ImageObject\",\"inLanguage\":\"fr-FR\",\"@id\":\"https:\\\/\\\/congovirtuel.com\\\/information\\\/#\\\/schema\\\/logo\\\/image\\\/\",\"url\":\"https:\\\/\\\/congovirtuel.com\\\/information\\\/wp-content\\\/uploads\\\/2018\\\/10\\\/header-info-congovirtuel-vraie.jpg\",\"contentUrl\":\"https:\\\/\\\/congovirtuel.com\\\/information\\\/wp-content\\\/uploads\\\/2018\\\/10\\\/header-info-congovirtuel-vraie.jpg\",\"width\":728,\"height\":90,\"caption\":\"Biblioth\u00e8que Virtuelle de la RDC\"},\"image\":{\"@id\":\"https:\\\/\\\/congovirtuel.com\\\/information\\\/#\\\/schema\\\/logo\\\/image\\\/\"},\"sameAs\":[\"https:\\\/\\\/web.facebook.com\\\/Congovirtuel-763617960319601\\\/?ref=aymt_homepage_panel&amp;amp;amp;amp;amp;amp;amp;amp;amp;amp;amp;eid=ARCoxULa66767kIgF_KYav6VdjXTI4yk_LW4yoVO9s6NXpysgb7Cb65vpxcxgqzOAKvIbLQxaAETcqHT\",\"https:\\\/\\\/x.com\\\/congovirtuel\",\"https:\\\/\\\/www.youtube.com\\\/channel\\\/UCkFfprYzGgS3EWNpeMXpToQ?view_as=subscriber\"]},{\"@type\":\"Person\",\"@id\":\"https:\\\/\\\/congovirtuel.com\\\/information\\\/#\\\/schema\\\/person\\\/739a44bf7990966cb53d58d2fdeca0b6\",\"name\":\"infocongovirtuel\",\"image\":{\"@type\":\"ImageObject\",\"inLanguage\":\"fr-FR\",\"@id\":\"https:\\\/\\\/secure.gravatar.com\\\/avatar\\\/4d76991aa72469f0eb22e772586c99113c6997f88da636a9db8f2ce3a2c05e69?s=96&d=mm&r=g\",\"url\":\"https:\\\/\\\/secure.gravatar.com\\\/avatar\\\/4d76991aa72469f0eb22e772586c99113c6997f88da636a9db8f2ce3a2c05e69?s=96&d=mm&r=g\",\"contentUrl\":\"https:\\\/\\\/secure.gravatar.com\\\/avatar\\\/4d76991aa72469f0eb22e772586c99113c6997f88da636a9db8f2ce3a2c05e69?s=96&d=mm&r=g\",\"caption\":\"infocongovirtuel\"},\"url\":\"https:\\\/\\\/congovirtuel.com\\\/information\\\/author\\\/infocongovirtuel\\\/\"}]}<\/script>\n<!-- \/ Yoast SEO plugin. -->","yoast_head_json":{"title":"Arshad Sharif, c\u00e9l\u00e8bre pr\u00e9sentateur t\u00e9l\u00e9 pakistanais a \u00e9t\u00e9 abattu au Kenya - Actualit\u00e9s congolaises et internationales","robots":{"index":"index","follow":"follow","max-snippet":"max-snippet:-1","max-image-preview":"max-image-preview:large","max-video-preview":"max-video-preview:-1"},"canonical":"https:\/\/congovirtuel.com\/information\/arshad-sharif-celebre-presentateur-tele-pakistanais-a-ete-abattu-au-kenya\/","og_locale":"fr_FR","og_type":"article","og_title":"Arshad Sharif, c\u00e9l\u00e8bre pr\u00e9sentateur t\u00e9l\u00e9 pakistanais a \u00e9t\u00e9 abattu au Kenya - Actualit\u00e9s congolaises et internationales","og_description":"Un pr\u00e9sentateur vedette de la t\u00e9l\u00e9vision pakistanaise, qui avait fui son pays il y a quelques mois pour \u00e9chapper \u00e0 une arrestation pour s\u00e9dition, a \u00e9t\u00e9 tu\u00e9 par balle au Kenya, apparemment par la police, a annonc\u00e9 lundi la police k\u00e9nyane. Arshad Sharif \u00e9tait un critique v\u00e9h\u00e9ment de l\u2019arm\u00e9e, toute puissante au Pakistan, et un partisan de l\u2019ancien Premier ministre Imran Khan, renvers\u00e9 en avril par une motion de censure. Selon un rapport de police consult\u00e9 par l\u2019AFP, la voiture transportant\u00a0Sharif et un autre homme a \u00e9t\u00e9 touch\u00e9e par neuf&hellip;","og_url":"https:\/\/congovirtuel.com\/information\/arshad-sharif-celebre-presentateur-tele-pakistanais-a-ete-abattu-au-kenya\/","og_site_name":"Actualit\u00e9s congolaises et internationales","article_publisher":"https:\/\/web.facebook.com\/Congovirtuel-763617960319601\/?ref=aymt_homepage_panel&amp%3bamp%3bamp%3bamp%3bamp%3bamp%3bamp%3bamp%3bamp%3bamp%3bamp%3beid=ARCoxULa66767kIgF_KYav6VdjXTI4yk_LW4yoVO9s6NXpysgb7Cb65vpxcxgqzOAKvIbLQxaAETcqHT","article_published_time":"2022-10-24T12:51:27+00:00","og_image":[{"width":1248,"height":701,"url":"https:\/\/congovirtuel.com\/information\/wp-content\/uploads\/2022\/10\/Arshad_Sharif.jpg","type":"image\/jpeg"}],"author":"infocongovirtuel","twitter_card":"summary_large_image","twitter_creator":"@congovirtuel","twitter_site":"@congovirtuel","twitter_misc":{"\u00c9crit par":"infocongovirtuel","Dur\u00e9e de lecture estim\u00e9e":"2 minutes"},"schema":{"@context":"https:\/\/schema.org","@graph":[{"@type":"Article","@id":"https:\/\/congovirtuel.com\/information\/arshad-sharif-celebre-presentateur-tele-pakistanais-a-ete-abattu-au-kenya\/#article","isPartOf":{"@id":"https:\/\/congovirtuel.com\/information\/arshad-sharif-celebre-presentateur-tele-pakistanais-a-ete-abattu-au-kenya\/"},"author":{"name":"infocongovirtuel","@id":"https:\/\/congovirtuel.com\/information\/#\/schema\/person\/739a44bf7990966cb53d58d2fdeca0b6"},"headline":"Arshad Sharif, c\u00e9l\u00e8bre pr\u00e9sentateur t\u00e9l\u00e9 pakistanais a \u00e9t\u00e9 abattu au Kenya","datePublished":"2022-10-24T12:51:27+00:00","mainEntityOfPage":{"@id":"https:\/\/congovirtuel.com\/information\/arshad-sharif-celebre-presentateur-tele-pakistanais-a-ete-abattu-au-kenya\/"},"wordCount":412,"commentCount":0,"publisher":{"@id":"https:\/\/congovirtuel.com\/information\/#organization"},"image":{"@id":"https:\/\/congovirtuel.com\/information\/arshad-sharif-celebre-presentateur-tele-pakistanais-a-ete-abattu-au-kenya\/#primaryimage"},"thumbnailUrl":"https:\/\/congovirtuel.com\/information\/wp-content\/uploads\/2022\/10\/Arshad_Sharif.jpg","keywords":["Arshad Sharif","Arshad Sharif died","Arshad Sharif Pakistan"],"articleSection":["Kenya"],"inLanguage":"fr-FR","potentialAction":[{"@type":"CommentAction","name":"Comment","target":["https:\/\/congovirtuel.com\/information\/arshad-sharif-celebre-presentateur-tele-pakistanais-a-ete-abattu-au-kenya\/#respond"]}]},{"@type":"WebPage","@id":"https:\/\/congovirtuel.com\/information\/arshad-sharif-celebre-presentateur-tele-pakistanais-a-ete-abattu-au-kenya\/","url":"https:\/\/congovirtuel.com\/information\/arshad-sharif-celebre-presentateur-tele-pakistanais-a-ete-abattu-au-kenya\/","name":"Arshad Sharif, c\u00e9l\u00e8bre pr\u00e9sentateur t\u00e9l\u00e9 pakistanais a \u00e9t\u00e9 abattu au Kenya - Actualit\u00e9s congolaises et internationales","isPartOf":{"@id":"https:\/\/congovirtuel.com\/information\/#website"},"primaryImageOfPage":{"@id":"https:\/\/congovirtuel.com\/information\/arshad-sharif-celebre-presentateur-tele-pakistanais-a-ete-abattu-au-kenya\/#primaryimage"},"image":{"@id":"https:\/\/congovirtuel.com\/information\/arshad-sharif-celebre-presentateur-tele-pakistanais-a-ete-abattu-au-kenya\/#primaryimage"},"thumbnailUrl":"https:\/\/congovirtuel.com\/information\/wp-content\/uploads\/2022\/10\/Arshad_Sharif.jpg","datePublished":"2022-10-24T12:51:27+00:00","breadcrumb":{"@id":"https:\/\/congovirtuel.com\/information\/arshad-sharif-celebre-presentateur-tele-pakistanais-a-ete-abattu-au-kenya\/#breadcrumb"},"inLanguage":"fr-FR","potentialAction":[{"@type":"ReadAction","target":["https:\/\/congovirtuel.com\/information\/arshad-sharif-celebre-presentateur-tele-pakistanais-a-ete-abattu-au-kenya\/"]}]},{"@type":"ImageObject","inLanguage":"fr-FR","@id":"https:\/\/congovirtuel.com\/information\/arshad-sharif-celebre-presentateur-tele-pakistanais-a-ete-abattu-au-kenya\/#primaryimage","url":"https:\/\/congovirtuel.com\/information\/wp-content\/uploads\/2022\/10\/Arshad_Sharif.jpg","contentUrl":"https:\/\/congovirtuel.com\/information\/wp-content\/uploads\/2022\/10\/Arshad_Sharif.jpg","width":1248,"height":701,"caption":"Arshad_Sharif"},{"@type":"BreadcrumbList","@id":"https:\/\/congovirtuel.com\/information\/arshad-sharif-celebre-presentateur-tele-pakistanais-a-ete-abattu-au-kenya\/#breadcrumb","itemListElement":[{"@type":"ListItem","position":1,"name":"Accueil","item":"https:\/\/congovirtuel.com\/information\/"},{"@type":"ListItem","position":2,"name":"Arshad Sharif, c\u00e9l\u00e8bre pr\u00e9sentateur t\u00e9l\u00e9 pakistanais a \u00e9t\u00e9 abattu au Kenya"}]},{"@type":"WebSite","@id":"https:\/\/congovirtuel.com\/information\/#website","url":"https:\/\/congovirtuel.com\/information\/","name":"Actualit\u00e9s congolaises et internationales","description":"site d&#039;analyse et de traitement d&#039;information","publisher":{"@id":"https:\/\/congovirtuel.com\/information\/#organization"},"potentialAction":[{"@type":"SearchAction","target":{"@type":"EntryPoint","urlTemplate":"https:\/\/congovirtuel.com\/information\/?s={search_term_string}"},"query-input":{"@type":"PropertyValueSpecification","valueRequired":true,"valueName":"search_term_string"}}],"inLanguage":"fr-FR"},{"@type":"Organization","@id":"https:\/\/congovirtuel.com\/information\/#organization","name":"Biblioth\u00e8que Virtuelle de la RDC","url":"https:\/\/congovirtuel.com\/information\/","logo":{"@type":"ImageObject","inLanguage":"fr-FR","@id":"https:\/\/congovirtuel.com\/information\/#\/schema\/logo\/image\/","url":"https:\/\/congovirtuel.com\/information\/wp-content\/uploads\/2018\/10\/header-info-congovirtuel-vraie.jpg","contentUrl":"https:\/\/congovirtuel.com\/information\/wp-content\/uploads\/2018\/10\/header-info-congovirtuel-vraie.jpg","width":728,"height":90,"caption":"Biblioth\u00e8que Virtuelle de la RDC"},"image":{"@id":"https:\/\/congovirtuel.com\/information\/#\/schema\/logo\/image\/"},"sameAs":["https:\/\/web.facebook.com\/Congovirtuel-763617960319601\/?ref=aymt_homepage_panel&amp;amp;amp;amp;amp;amp;amp;amp;amp;amp;amp;eid=ARCoxULa66767kIgF_KYav6VdjXTI4yk_LW4yoVO9s6NXpysgb7Cb65vpxcxgqzOAKvIbLQxaAETcqHT","https:\/\/x.com\/congovirtuel","https:\/\/www.youtube.com\/channel\/UCkFfprYzGgS3EWNpeMXpToQ?view_as=subscriber"]},{"@type":"Person","@id":"https:\/\/congovirtuel.com\/information\/#\/schema\/person\/739a44bf7990966cb53d58d2fdeca0b6","name":"infocongovirtuel","image":{"@type":"ImageObject","inLanguage":"fr-FR","@id":"https:\/\/secure.gravatar.com\/avatar\/4d76991aa72469f0eb22e772586c99113c6997f88da636a9db8f2ce3a2c05e69?s=96&d=mm&r=g","url":"https:\/\/secure.gravatar.com\/avatar\/4d76991aa72469f0eb22e772586c99113c6997f88da636a9db8f2ce3a2c05e69?s=96&d=mm&r=g","contentUrl":"https:\/\/secure.gravatar.com\/avatar\/4d76991aa72469f0eb22e772586c99113c6997f88da636a9db8f2ce3a2c05e69?s=96&d=mm&r=g","caption":"infocongovirtuel"},"url":"https:\/\/congovirtuel.com\/information\/author\/infocongovirtuel\/"}]}},"gt_translate_keys":[{"key":"link","format":"url"}],"_links":{"self":[{"href":"https:\/\/congovirtuel.com\/information\/wp-json\/wp\/v2\/posts\/20809","targetHints":{"allow":["GET"]}}],"collection":[{"href":"https:\/\/congovirtuel.com\/information\/wp-json\/wp\/v2\/posts"}],"about":[{"href":"https:\/\/congovirtuel.com\/information\/wp-json\/wp\/v2\/types\/post"}],"author":[{"embeddable":true,"href":"https:\/\/congovirtuel.com\/information\/wp-json\/wp\/v2\/users\/1"}],"replies":[{"embeddable":true,"href":"https:\/\/congovirtuel.com\/information\/wp-json\/wp\/v2\/comments?post=20809"}],"version-history":[{"count":1,"href":"https:\/\/congovirtuel.com\/information\/wp-json\/wp\/v2\/posts\/20809\/revisions"}],"predecessor-version":[{"id":20810,"href":"https:\/\/congovirtuel.com\/information\/wp-json\/wp\/v2\/posts\/20809\/revisions\/20810"}],"wp:featuredmedia":[{"embeddable":true,"href":"https:\/\/congovirtuel.com\/information\/wp-json\/wp\/v2\/media\/20808"}],"wp:attachment":[{"href":"https:\/\/congovirtuel.com\/information\/wp-json\/wp\/v2\/media?parent=20809"}],"wp:term":[{"taxonomy":"category","embeddable":true,"href":"https:\/\/congovirtuel.com\/information\/wp-json\/wp\/v2\/categories?post=20809"},{"taxonomy":"post_tag","embeddable":true,"href":"https:\/\/congovirtuel.com\/information\/wp-json\/wp\/v2\/tags?post=20809"}],"curies":[{"name":"wp","href":"https:\/\/api.w.org\/{rel}","templated":true}]}}