{"id":20953,"date":"2022-11-06T09:11:28","date_gmt":"2022-11-06T08:11:28","guid":{"rendered":"https:\/\/congovirtuel.com\/information\/?p=20953"},"modified":"2022-11-06T09:11:28","modified_gmt":"2022-11-06T08:11:28","slug":"apres-62-ans-de-presence-la-centrafrique-dit-adieu-aux-derniers-blindes-de-larmee-francaise","status":"publish","type":"post","link":"https:\/\/congovirtuel.com\/information\/apres-62-ans-de-presence-la-centrafrique-dit-adieu-aux-derniers-blindes-de-larmee-francaise\/","title":{"rendered":"Apr\u00e8s 62 ans de pr\u00e9sence, la Centrafrique dit adieu aux derniers blind\u00e9s de l\u2019arm\u00e9e fran\u00e7aise","gt_translate_keys":[{"key":"rendered","format":"text"}]},"content":{"rendered":"<div class=\"article__header\">\n<div class=\"article__announce-text\">Apr\u00e8s 62 ans de pr\u00e9sence, les derniers blind\u00e9s de l\u2019arm\u00e9e fran\u00e7aise ont quitt\u00e9 la R\u00e9publique centrafricaine. L&rsquo;op\u00e9ration de retrait d\u00e9finitif de ce pays a \u00e9t\u00e9 lanc\u00e9e d\u00e9but octobre.<\/div>\n<\/div>\n<div class=\"article__body\">\n<div class=\"article__block\" data-type=\"text\">\n<div class=\"article__text\">L\u2019arm\u00e9e fran\u00e7aise en Centrafrique a effectu\u00e9, le 4 novembre dans la capitale de ce pays, le \u00ab\u00a0rapatriement des derniers VAB (<em>v\u00e9hicule de l&rsquo;avant blind\u00e9, ndlr.<\/em>), de la Mission logistique Bangui (Mislog)\u00a0\u00bb, a annonc\u00e9 ladite Mission sur Twitter. La mesure a \u00e9t\u00e9 accomplie en amont du retrait total du dernier contingent fran\u00e7ais de RCA.<\/div>\n<\/div>\n<\/div>\n<div class=\"ria-tweet\"><a href=\"https:\/\/twitter.com\/MISLOG_BANGUI\/status\/1588560253662429186?s=20&amp;t=TiPxLgelcCMtOhdOpMHUjA\">https:\/\/twitter.com\/MISLOG_BANGUI\/status\/1588560253662429186?s=20&amp;t=TiPxLgelcCMtOhdOpMHUjA<\/a><\/div>\n<div><\/div>\n<div class=\"article__body\">\n<div>\n<div class=\"article__block\" data-type=\"text\">\n<div class=\"article__text\"><em>\u00ab\u00a0Une man\u0153uvre nominalement ex\u00e9cut\u00e9e avec des moyens cons\u00e9quents de l&rsquo;Arm\u00e9e de l&rsquo;air en liaison constante avec les autorit\u00e9s centrafricaines\u00a0\u00bb,\u00a0<\/em>a pr\u00e9cis\u00e9 le service dans sa publication.<\/div>\n<\/div>\n<div class=\"article__block\" data-type=\"text\">\n<div class=\"article__text\">La \u00ab\u00a0man\u0153uvre logistique rapide et professionnelle\u00a0\u00bb, selon l&rsquo;\u00c9tat-major des arm\u00e9es, a commenc\u00e9 le 1er novembre \u00e0 l\u2019a\u00e9roport Mpoko de Bangui sous la supervision de logisticiens fran\u00e7ais. Elle se fait \u00ab\u00a0en transparence et en liaison avec les autorit\u00e9s centrafricaines\u00a0\u00bb, relate le site Air-defense.<\/div>\n<\/div>\n<div class=\"article__block\" data-type=\"h3\">\n<h3 class=\"article__h2\">Fin de mission<\/h3>\n<\/div>\n<div class=\"article__block\" data-type=\"text\">\n<div class=\"article__text\">La t\u00e2che de cette Mission \u00e9tait d\u2019assurer un soutien aux forces de l\u2019Union europ\u00e9enne et aux militaires fran\u00e7ais employ\u00e9s au sein de la force de l\u2019Onu. Elle avait remplac\u00e9 en juin 2021 le D\u00e9tachement d&rsquo;appui op\u00e9rationnel fran\u00e7ais de Bangui qui faisait de la coop\u00e9ration et notamment de l&rsquo;instruction militaire aupr\u00e8s des forces arm\u00e9es centrafricaines (FACA). \u00c0 l&rsquo;\u00e9t\u00e9 2021, Paris a d\u00e9cid\u00e9 de suspendre sa coop\u00e9ration militaire avec Bangui, jug\u00e9 \u00ab\u00a0complice\u00a0\u00bb d&rsquo;une campagne antifran\u00e7aise.<\/div>\n<\/div>\n<div class=\"article__block\" data-type=\"text\">\n<div class=\"article__text\">D\u00e9but octobre 2022, les autorit\u00e9s fran\u00e7aises ont annonc\u00e9 qu&rsquo;apr\u00e8s 62 ans de pr\u00e9sence, les 130 derniers militaires d\u00e9ploy\u00e9s en Centrafrique quitteraient,\u00a0<a href=\"https:\/\/fr.sputniknews.africa\/20221008\/le-depart-des-troupes-francaises-de-la-centrafrique-cest-pour-quand-1056433750.html\" target=\"_blank\" rel=\"noopener\">d\u2019ici la fin de l\u2019ann\u00e9e<\/a>, ce pays plong\u00e9 dans la guerre civile depuis 2013.<\/div>\n<\/div>\n<div class=\"article__block\" data-type=\"text\">\n<div class=\"article__text\">L\u2019arm\u00e9e fran\u00e7aise y est intervenue \u00e0 plusieurs reprises. Il s&rsquo;agit notamment des op\u00e9rations Caban et Barracuda dans les ann\u00e9es 1979-1981, des op\u00e9rations Almandin I, II et III de 1996 \u00e0 1997, Boali en 2003 et Sangaris en 2016.<\/div>\n<div>Avec Sputnik<\/div>\n<\/div>\n<\/div>\n<\/div>\n","protected":false,"gt_translate_keys":[{"key":"rendered","format":"html"}]},"excerpt":{"rendered":"<p>Apr\u00e8s 62 ans de pr\u00e9sence, les derniers blind\u00e9s de l\u2019arm\u00e9e fran\u00e7aise ont quitt\u00e9 la R\u00e9publique centrafricaine. L&rsquo;op\u00e9ration de retrait d\u00e9finitif de ce pays a \u00e9t\u00e9 lanc\u00e9e d\u00e9but octobre. L\u2019arm\u00e9e fran\u00e7aise en Centrafrique a effectu\u00e9, le 4 novembre dans la capitale de ce pays, le \u00ab\u00a0rapatriement des derniers VAB (v\u00e9hicule de l&rsquo;avant blind\u00e9, ndlr.), de la Mission logistique Bangui (Mislog)\u00a0\u00bb, a annonc\u00e9 ladite Mission sur Twitter. La mesure a \u00e9t\u00e9 accomplie en amont du retrait total du dernier contingent fran\u00e7ais de RCA. https:\/\/twitter.com\/MISLOG_BANGUI\/status\/1588560253662429186?s=20&amp;t=TiPxLgelcCMtOhdOpMHUjA \u00ab\u00a0Une man\u0153uvre nominalement ex\u00e9cut\u00e9e avec des moyens cons\u00e9quents&hellip;<\/p>\n","protected":false,"gt_translate_keys":[{"key":"rendered","format":"html"}]},"author":1,"featured_media":20952,"comment_status":"open","ping_status":"open","sticky":false,"template":"","format":"standard","meta":{"_crdt_document":"","footnotes":""},"categories":[3155],"tags":[37443],"class_list":["post-20953","post","type-post","status-publish","format-standard","has-post-thumbnail","hentry","category-rca","tag-la-france-quitte-la-rca"],"gutentor_comment":0,"yoast_head":"<!-- This site is optimized with the Yoast SEO plugin v27.5 - https:\/\/yoast.com\/product\/yoast-seo-wordpress\/ -->\n<title>Apr\u00e8s 62 ans de pr\u00e9sence, la Centrafrique dit adieu aux derniers blind\u00e9s de l\u2019arm\u00e9e fran\u00e7aise - Actualit\u00e9s congolaises et internationales<\/title>\n<meta name=\"robots\" content=\"index, follow, max-snippet:-1, max-image-preview:large, max-video-preview:-1\" \/>\n<link rel=\"canonical\" href=\"https:\/\/congovirtuel.com\/information\/apres-62-ans-de-presence-la-centrafrique-dit-adieu-aux-derniers-blindes-de-larmee-francaise\/\" \/>\n<meta property=\"og:locale\" content=\"fr_FR\" \/>\n<meta property=\"og:type\" content=\"article\" \/>\n<meta property=\"og:title\" content=\"Apr\u00e8s 62 ans de pr\u00e9sence, la Centrafrique dit adieu aux derniers blind\u00e9s de l\u2019arm\u00e9e fran\u00e7aise - Actualit\u00e9s congolaises et internationales\" \/>\n<meta property=\"og:description\" content=\"Apr\u00e8s 62 ans de pr\u00e9sence, les derniers blind\u00e9s de l\u2019arm\u00e9e fran\u00e7aise ont quitt\u00e9 la R\u00e9publique centrafricaine. L&rsquo;op\u00e9ration de retrait d\u00e9finitif de ce pays a \u00e9t\u00e9 lanc\u00e9e d\u00e9but octobre. L\u2019arm\u00e9e fran\u00e7aise en Centrafrique a effectu\u00e9, le 4 novembre dans la capitale de ce pays, le \u00ab\u00a0rapatriement des derniers VAB (v\u00e9hicule de l&rsquo;avant blind\u00e9, ndlr.), de la Mission logistique Bangui (Mislog)\u00a0\u00bb, a annonc\u00e9 ladite Mission sur Twitter. La mesure a \u00e9t\u00e9 accomplie en amont du retrait total du dernier contingent fran\u00e7ais de RCA. https:\/\/twitter.com\/MISLOG_BANGUI\/status\/1588560253662429186?s=20&amp;t=TiPxLgelcCMtOhdOpMHUjA \u00ab\u00a0Une man\u0153uvre nominalement ex\u00e9cut\u00e9e avec des moyens cons\u00e9quents&hellip;\" \/>\n<meta property=\"og:url\" content=\"https:\/\/congovirtuel.com\/information\/apres-62-ans-de-presence-la-centrafrique-dit-adieu-aux-derniers-blindes-de-larmee-francaise\/\" \/>\n<meta property=\"og:site_name\" content=\"Actualit\u00e9s congolaises et internationales\" \/>\n<meta property=\"article:publisher\" content=\"https:\/\/web.facebook.com\/Congovirtuel-763617960319601\/?ref=aymt_homepage_panel&amp;amp%3bamp%3bamp%3bamp%3bamp%3bamp%3bamp%3bamp%3bamp%3bamp%3bamp%3beid=ARCoxULa66767kIgF_KYav6VdjXTI4yk_LW4yoVO9s6NXpysgb7Cb65vpxcxgqzOAKvIbLQxaAETcqHT\" \/>\n<meta property=\"article:published_time\" content=\"2022-11-06T08:11:28+00:00\" \/>\n<meta property=\"og:image\" content=\"https:\/\/congovirtuel.com\/information\/wp-content\/uploads\/2022\/11\/blinde_francais-800-x-450.jpg\" \/>\n\t<meta property=\"og:image:width\" content=\"800\" \/>\n\t<meta property=\"og:image:height\" content=\"450\" \/>\n\t<meta property=\"og:image:type\" content=\"image\/jpeg\" \/>\n<meta name=\"author\" content=\"infocongovirtuel\" \/>\n<meta name=\"twitter:card\" content=\"summary_large_image\" \/>\n<meta name=\"twitter:creator\" content=\"@congovirtuel\" \/>\n<meta name=\"twitter:site\" content=\"@congovirtuel\" \/>\n<meta name=\"twitter:label1\" content=\"\u00c9crit par\" \/>\n\t<meta name=\"twitter:data1\" content=\"infocongovirtuel\" \/>\n\t<meta name=\"twitter:label2\" content=\"Dur\u00e9e de lecture estim\u00e9e\" \/>\n\t<meta name=\"twitter:data2\" content=\"2 minutes\" \/>\n<script type=\"application\/ld+json\" class=\"yoast-schema-graph\">{\"@context\":\"https:\\\/\\\/schema.org\",\"@graph\":[{\"@type\":\"Article\",\"@id\":\"https:\\\/\\\/congovirtuel.com\\\/information\\\/apres-62-ans-de-presence-la-centrafrique-dit-adieu-aux-derniers-blindes-de-larmee-francaise\\\/#article\",\"isPartOf\":{\"@id\":\"https:\\\/\\\/congovirtuel.com\\\/information\\\/apres-62-ans-de-presence-la-centrafrique-dit-adieu-aux-derniers-blindes-de-larmee-francaise\\\/\"},\"author\":{\"name\":\"infocongovirtuel\",\"@id\":\"https:\\\/\\\/congovirtuel.com\\\/information\\\/#\\\/schema\\\/person\\\/739a44bf7990966cb53d58d2fdeca0b6\"},\"headline\":\"Apr\u00e8s 62 ans de pr\u00e9sence, la Centrafrique dit adieu aux derniers blind\u00e9s de l\u2019arm\u00e9e fran\u00e7aise\",\"datePublished\":\"2022-11-06T08:11:28+00:00\",\"mainEntityOfPage\":{\"@id\":\"https:\\\/\\\/congovirtuel.com\\\/information\\\/apres-62-ans-de-presence-la-centrafrique-dit-adieu-aux-derniers-blindes-de-larmee-francaise\\\/\"},\"wordCount\":386,\"commentCount\":0,\"publisher\":{\"@id\":\"https:\\\/\\\/congovirtuel.com\\\/information\\\/#organization\"},\"image\":{\"@id\":\"https:\\\/\\\/congovirtuel.com\\\/information\\\/apres-62-ans-de-presence-la-centrafrique-dit-adieu-aux-derniers-blindes-de-larmee-francaise\\\/#primaryimage\"},\"thumbnailUrl\":\"https:\\\/\\\/congovirtuel.com\\\/information\\\/wp-content\\\/uploads\\\/2022\\\/11\\\/blinde_francais-800-x-450.jpg\",\"keywords\":[\"La France quitte la RCA\"],\"articleSection\":[\"RCA\"],\"inLanguage\":\"fr-FR\",\"potentialAction\":[{\"@type\":\"CommentAction\",\"name\":\"Comment\",\"target\":[\"https:\\\/\\\/congovirtuel.com\\\/information\\\/apres-62-ans-de-presence-la-centrafrique-dit-adieu-aux-derniers-blindes-de-larmee-francaise\\\/#respond\"]}]},{\"@type\":\"WebPage\",\"@id\":\"https:\\\/\\\/congovirtuel.com\\\/information\\\/apres-62-ans-de-presence-la-centrafrique-dit-adieu-aux-derniers-blindes-de-larmee-francaise\\\/\",\"url\":\"https:\\\/\\\/congovirtuel.com\\\/information\\\/apres-62-ans-de-presence-la-centrafrique-dit-adieu-aux-derniers-blindes-de-larmee-francaise\\\/\",\"name\":\"Apr\u00e8s 62 ans de pr\u00e9sence, la Centrafrique dit adieu aux derniers blind\u00e9s de l\u2019arm\u00e9e fran\u00e7aise - Actualit\u00e9s congolaises et internationales\",\"isPartOf\":{\"@id\":\"https:\\\/\\\/congovirtuel.com\\\/information\\\/#website\"},\"primaryImageOfPage\":{\"@id\":\"https:\\\/\\\/congovirtuel.com\\\/information\\\/apres-62-ans-de-presence-la-centrafrique-dit-adieu-aux-derniers-blindes-de-larmee-francaise\\\/#primaryimage\"},\"image\":{\"@id\":\"https:\\\/\\\/congovirtuel.com\\\/information\\\/apres-62-ans-de-presence-la-centrafrique-dit-adieu-aux-derniers-blindes-de-larmee-francaise\\\/#primaryimage\"},\"thumbnailUrl\":\"https:\\\/\\\/congovirtuel.com\\\/information\\\/wp-content\\\/uploads\\\/2022\\\/11\\\/blinde_francais-800-x-450.jpg\",\"datePublished\":\"2022-11-06T08:11:28+00:00\",\"breadcrumb\":{\"@id\":\"https:\\\/\\\/congovirtuel.com\\\/information\\\/apres-62-ans-de-presence-la-centrafrique-dit-adieu-aux-derniers-blindes-de-larmee-francaise\\\/#breadcrumb\"},\"inLanguage\":\"fr-FR\",\"potentialAction\":[{\"@type\":\"ReadAction\",\"target\":[\"https:\\\/\\\/congovirtuel.com\\\/information\\\/apres-62-ans-de-presence-la-centrafrique-dit-adieu-aux-derniers-blindes-de-larmee-francaise\\\/\"]}]},{\"@type\":\"ImageObject\",\"inLanguage\":\"fr-FR\",\"@id\":\"https:\\\/\\\/congovirtuel.com\\\/information\\\/apres-62-ans-de-presence-la-centrafrique-dit-adieu-aux-derniers-blindes-de-larmee-francaise\\\/#primaryimage\",\"url\":\"https:\\\/\\\/congovirtuel.com\\\/information\\\/wp-content\\\/uploads\\\/2022\\\/11\\\/blinde_francais-800-x-450.jpg\",\"contentUrl\":\"https:\\\/\\\/congovirtuel.com\\\/information\\\/wp-content\\\/uploads\\\/2022\\\/11\\\/blinde_francais-800-x-450.jpg\",\"width\":800,\"height\":450},{\"@type\":\"BreadcrumbList\",\"@id\":\"https:\\\/\\\/congovirtuel.com\\\/information\\\/apres-62-ans-de-presence-la-centrafrique-dit-adieu-aux-derniers-blindes-de-larmee-francaise\\\/#breadcrumb\",\"itemListElement\":[{\"@type\":\"ListItem\",\"position\":1,\"name\":\"Accueil\",\"item\":\"https:\\\/\\\/congovirtuel.com\\\/information\\\/\"},{\"@type\":\"ListItem\",\"position\":2,\"name\":\"Apr\u00e8s 62 ans de pr\u00e9sence, la Centrafrique dit adieu aux derniers blind\u00e9s de l\u2019arm\u00e9e fran\u00e7aise\"}]},{\"@type\":\"WebSite\",\"@id\":\"https:\\\/\\\/congovirtuel.com\\\/information\\\/#website\",\"url\":\"https:\\\/\\\/congovirtuel.com\\\/information\\\/\",\"name\":\"Actualit\u00e9s congolaises et internationales\",\"description\":\"site d&#039;analyse et de traitement d&#039;information\",\"publisher\":{\"@id\":\"https:\\\/\\\/congovirtuel.com\\\/information\\\/#organization\"},\"potentialAction\":[{\"@type\":\"SearchAction\",\"target\":{\"@type\":\"EntryPoint\",\"urlTemplate\":\"https:\\\/\\\/congovirtuel.com\\\/information\\\/?s={search_term_string}\"},\"query-input\":{\"@type\":\"PropertyValueSpecification\",\"valueRequired\":true,\"valueName\":\"search_term_string\"}}],\"inLanguage\":\"fr-FR\"},{\"@type\":\"Organization\",\"@id\":\"https:\\\/\\\/congovirtuel.com\\\/information\\\/#organization\",\"name\":\"Biblioth\u00e8que Virtuelle de la RDC\",\"url\":\"https:\\\/\\\/congovirtuel.com\\\/information\\\/\",\"logo\":{\"@type\":\"ImageObject\",\"inLanguage\":\"fr-FR\",\"@id\":\"https:\\\/\\\/congovirtuel.com\\\/information\\\/#\\\/schema\\\/logo\\\/image\\\/\",\"url\":\"https:\\\/\\\/congovirtuel.com\\\/information\\\/wp-content\\\/uploads\\\/2018\\\/10\\\/header-info-congovirtuel-vraie.jpg\",\"contentUrl\":\"https:\\\/\\\/congovirtuel.com\\\/information\\\/wp-content\\\/uploads\\\/2018\\\/10\\\/header-info-congovirtuel-vraie.jpg\",\"width\":728,\"height\":90,\"caption\":\"Biblioth\u00e8que Virtuelle de la RDC\"},\"image\":{\"@id\":\"https:\\\/\\\/congovirtuel.com\\\/information\\\/#\\\/schema\\\/logo\\\/image\\\/\"},\"sameAs\":[\"https:\\\/\\\/web.facebook.com\\\/Congovirtuel-763617960319601\\\/?ref=aymt_homepage_panel&amp;amp;amp;amp;amp;amp;amp;amp;amp;amp;amp;eid=ARCoxULa66767kIgF_KYav6VdjXTI4yk_LW4yoVO9s6NXpysgb7Cb65vpxcxgqzOAKvIbLQxaAETcqHT\",\"https:\\\/\\\/x.com\\\/congovirtuel\",\"https:\\\/\\\/www.youtube.com\\\/channel\\\/UCkFfprYzGgS3EWNpeMXpToQ?view_as=subscriber\"]},{\"@type\":\"Person\",\"@id\":\"https:\\\/\\\/congovirtuel.com\\\/information\\\/#\\\/schema\\\/person\\\/739a44bf7990966cb53d58d2fdeca0b6\",\"name\":\"infocongovirtuel\",\"image\":{\"@type\":\"ImageObject\",\"inLanguage\":\"fr-FR\",\"@id\":\"https:\\\/\\\/secure.gravatar.com\\\/avatar\\\/4d76991aa72469f0eb22e772586c99113c6997f88da636a9db8f2ce3a2c05e69?s=96&d=mm&r=g\",\"url\":\"https:\\\/\\\/secure.gravatar.com\\\/avatar\\\/4d76991aa72469f0eb22e772586c99113c6997f88da636a9db8f2ce3a2c05e69?s=96&d=mm&r=g\",\"contentUrl\":\"https:\\\/\\\/secure.gravatar.com\\\/avatar\\\/4d76991aa72469f0eb22e772586c99113c6997f88da636a9db8f2ce3a2c05e69?s=96&d=mm&r=g\",\"caption\":\"infocongovirtuel\"},\"url\":\"https:\\\/\\\/congovirtuel.com\\\/information\\\/author\\\/infocongovirtuel\\\/\"}]}<\/script>\n<!-- \/ Yoast SEO plugin. -->","yoast_head_json":{"title":"Apr\u00e8s 62 ans de pr\u00e9sence, la Centrafrique dit adieu aux derniers blind\u00e9s de l\u2019arm\u00e9e fran\u00e7aise - Actualit\u00e9s congolaises et internationales","robots":{"index":"index","follow":"follow","max-snippet":"max-snippet:-1","max-image-preview":"max-image-preview:large","max-video-preview":"max-video-preview:-1"},"canonical":"https:\/\/congovirtuel.com\/information\/apres-62-ans-de-presence-la-centrafrique-dit-adieu-aux-derniers-blindes-de-larmee-francaise\/","og_locale":"fr_FR","og_type":"article","og_title":"Apr\u00e8s 62 ans de pr\u00e9sence, la Centrafrique dit adieu aux derniers blind\u00e9s de l\u2019arm\u00e9e fran\u00e7aise - Actualit\u00e9s congolaises et internationales","og_description":"Apr\u00e8s 62 ans de pr\u00e9sence, les derniers blind\u00e9s de l\u2019arm\u00e9e fran\u00e7aise ont quitt\u00e9 la R\u00e9publique centrafricaine. L&rsquo;op\u00e9ration de retrait d\u00e9finitif de ce pays a \u00e9t\u00e9 lanc\u00e9e d\u00e9but octobre. L\u2019arm\u00e9e fran\u00e7aise en Centrafrique a effectu\u00e9, le 4 novembre dans la capitale de ce pays, le \u00ab\u00a0rapatriement des derniers VAB (v\u00e9hicule de l&rsquo;avant blind\u00e9, ndlr.), de la Mission logistique Bangui (Mislog)\u00a0\u00bb, a annonc\u00e9 ladite Mission sur Twitter. La mesure a \u00e9t\u00e9 accomplie en amont du retrait total du dernier contingent fran\u00e7ais de RCA. https:\/\/twitter.com\/MISLOG_BANGUI\/status\/1588560253662429186?s=20&amp;t=TiPxLgelcCMtOhdOpMHUjA \u00ab\u00a0Une man\u0153uvre nominalement ex\u00e9cut\u00e9e avec des moyens cons\u00e9quents&hellip;","og_url":"https:\/\/congovirtuel.com\/information\/apres-62-ans-de-presence-la-centrafrique-dit-adieu-aux-derniers-blindes-de-larmee-francaise\/","og_site_name":"Actualit\u00e9s congolaises et internationales","article_publisher":"https:\/\/web.facebook.com\/Congovirtuel-763617960319601\/?ref=aymt_homepage_panel&amp%3bamp%3bamp%3bamp%3bamp%3bamp%3bamp%3bamp%3bamp%3bamp%3bamp%3beid=ARCoxULa66767kIgF_KYav6VdjXTI4yk_LW4yoVO9s6NXpysgb7Cb65vpxcxgqzOAKvIbLQxaAETcqHT","article_published_time":"2022-11-06T08:11:28+00:00","og_image":[{"width":800,"height":450,"url":"https:\/\/congovirtuel.com\/information\/wp-content\/uploads\/2022\/11\/blinde_francais-800-x-450.jpg","type":"image\/jpeg"}],"author":"infocongovirtuel","twitter_card":"summary_large_image","twitter_creator":"@congovirtuel","twitter_site":"@congovirtuel","twitter_misc":{"\u00c9crit par":"infocongovirtuel","Dur\u00e9e de lecture estim\u00e9e":"2 minutes"},"schema":{"@context":"https:\/\/schema.org","@graph":[{"@type":"Article","@id":"https:\/\/congovirtuel.com\/information\/apres-62-ans-de-presence-la-centrafrique-dit-adieu-aux-derniers-blindes-de-larmee-francaise\/#article","isPartOf":{"@id":"https:\/\/congovirtuel.com\/information\/apres-62-ans-de-presence-la-centrafrique-dit-adieu-aux-derniers-blindes-de-larmee-francaise\/"},"author":{"name":"infocongovirtuel","@id":"https:\/\/congovirtuel.com\/information\/#\/schema\/person\/739a44bf7990966cb53d58d2fdeca0b6"},"headline":"Apr\u00e8s 62 ans de pr\u00e9sence, la Centrafrique dit adieu aux derniers blind\u00e9s de l\u2019arm\u00e9e fran\u00e7aise","datePublished":"2022-11-06T08:11:28+00:00","mainEntityOfPage":{"@id":"https:\/\/congovirtuel.com\/information\/apres-62-ans-de-presence-la-centrafrique-dit-adieu-aux-derniers-blindes-de-larmee-francaise\/"},"wordCount":386,"commentCount":0,"publisher":{"@id":"https:\/\/congovirtuel.com\/information\/#organization"},"image":{"@id":"https:\/\/congovirtuel.com\/information\/apres-62-ans-de-presence-la-centrafrique-dit-adieu-aux-derniers-blindes-de-larmee-francaise\/#primaryimage"},"thumbnailUrl":"https:\/\/congovirtuel.com\/information\/wp-content\/uploads\/2022\/11\/blinde_francais-800-x-450.jpg","keywords":["La France quitte la RCA"],"articleSection":["RCA"],"inLanguage":"fr-FR","potentialAction":[{"@type":"CommentAction","name":"Comment","target":["https:\/\/congovirtuel.com\/information\/apres-62-ans-de-presence-la-centrafrique-dit-adieu-aux-derniers-blindes-de-larmee-francaise\/#respond"]}]},{"@type":"WebPage","@id":"https:\/\/congovirtuel.com\/information\/apres-62-ans-de-presence-la-centrafrique-dit-adieu-aux-derniers-blindes-de-larmee-francaise\/","url":"https:\/\/congovirtuel.com\/information\/apres-62-ans-de-presence-la-centrafrique-dit-adieu-aux-derniers-blindes-de-larmee-francaise\/","name":"Apr\u00e8s 62 ans de pr\u00e9sence, la Centrafrique dit adieu aux derniers blind\u00e9s de l\u2019arm\u00e9e fran\u00e7aise - Actualit\u00e9s congolaises et internationales","isPartOf":{"@id":"https:\/\/congovirtuel.com\/information\/#website"},"primaryImageOfPage":{"@id":"https:\/\/congovirtuel.com\/information\/apres-62-ans-de-presence-la-centrafrique-dit-adieu-aux-derniers-blindes-de-larmee-francaise\/#primaryimage"},"image":{"@id":"https:\/\/congovirtuel.com\/information\/apres-62-ans-de-presence-la-centrafrique-dit-adieu-aux-derniers-blindes-de-larmee-francaise\/#primaryimage"},"thumbnailUrl":"https:\/\/congovirtuel.com\/information\/wp-content\/uploads\/2022\/11\/blinde_francais-800-x-450.jpg","datePublished":"2022-11-06T08:11:28+00:00","breadcrumb":{"@id":"https:\/\/congovirtuel.com\/information\/apres-62-ans-de-presence-la-centrafrique-dit-adieu-aux-derniers-blindes-de-larmee-francaise\/#breadcrumb"},"inLanguage":"fr-FR","potentialAction":[{"@type":"ReadAction","target":["https:\/\/congovirtuel.com\/information\/apres-62-ans-de-presence-la-centrafrique-dit-adieu-aux-derniers-blindes-de-larmee-francaise\/"]}]},{"@type":"ImageObject","inLanguage":"fr-FR","@id":"https:\/\/congovirtuel.com\/information\/apres-62-ans-de-presence-la-centrafrique-dit-adieu-aux-derniers-blindes-de-larmee-francaise\/#primaryimage","url":"https:\/\/congovirtuel.com\/information\/wp-content\/uploads\/2022\/11\/blinde_francais-800-x-450.jpg","contentUrl":"https:\/\/congovirtuel.com\/information\/wp-content\/uploads\/2022\/11\/blinde_francais-800-x-450.jpg","width":800,"height":450},{"@type":"BreadcrumbList","@id":"https:\/\/congovirtuel.com\/information\/apres-62-ans-de-presence-la-centrafrique-dit-adieu-aux-derniers-blindes-de-larmee-francaise\/#breadcrumb","itemListElement":[{"@type":"ListItem","position":1,"name":"Accueil","item":"https:\/\/congovirtuel.com\/information\/"},{"@type":"ListItem","position":2,"name":"Apr\u00e8s 62 ans de pr\u00e9sence, la Centrafrique dit adieu aux derniers blind\u00e9s de l\u2019arm\u00e9e fran\u00e7aise"}]},{"@type":"WebSite","@id":"https:\/\/congovirtuel.com\/information\/#website","url":"https:\/\/congovirtuel.com\/information\/","name":"Actualit\u00e9s congolaises et internationales","description":"site d&#039;analyse et de traitement d&#039;information","publisher":{"@id":"https:\/\/congovirtuel.com\/information\/#organization"},"potentialAction":[{"@type":"SearchAction","target":{"@type":"EntryPoint","urlTemplate":"https:\/\/congovirtuel.com\/information\/?s={search_term_string}"},"query-input":{"@type":"PropertyValueSpecification","valueRequired":true,"valueName":"search_term_string"}}],"inLanguage":"fr-FR"},{"@type":"Organization","@id":"https:\/\/congovirtuel.com\/information\/#organization","name":"Biblioth\u00e8que Virtuelle de la RDC","url":"https:\/\/congovirtuel.com\/information\/","logo":{"@type":"ImageObject","inLanguage":"fr-FR","@id":"https:\/\/congovirtuel.com\/information\/#\/schema\/logo\/image\/","url":"https:\/\/congovirtuel.com\/information\/wp-content\/uploads\/2018\/10\/header-info-congovirtuel-vraie.jpg","contentUrl":"https:\/\/congovirtuel.com\/information\/wp-content\/uploads\/2018\/10\/header-info-congovirtuel-vraie.jpg","width":728,"height":90,"caption":"Biblioth\u00e8que Virtuelle de la RDC"},"image":{"@id":"https:\/\/congovirtuel.com\/information\/#\/schema\/logo\/image\/"},"sameAs":["https:\/\/web.facebook.com\/Congovirtuel-763617960319601\/?ref=aymt_homepage_panel&amp;amp;amp;amp;amp;amp;amp;amp;amp;amp;amp;eid=ARCoxULa66767kIgF_KYav6VdjXTI4yk_LW4yoVO9s6NXpysgb7Cb65vpxcxgqzOAKvIbLQxaAETcqHT","https:\/\/x.com\/congovirtuel","https:\/\/www.youtube.com\/channel\/UCkFfprYzGgS3EWNpeMXpToQ?view_as=subscriber"]},{"@type":"Person","@id":"https:\/\/congovirtuel.com\/information\/#\/schema\/person\/739a44bf7990966cb53d58d2fdeca0b6","name":"infocongovirtuel","image":{"@type":"ImageObject","inLanguage":"fr-FR","@id":"https:\/\/secure.gravatar.com\/avatar\/4d76991aa72469f0eb22e772586c99113c6997f88da636a9db8f2ce3a2c05e69?s=96&d=mm&r=g","url":"https:\/\/secure.gravatar.com\/avatar\/4d76991aa72469f0eb22e772586c99113c6997f88da636a9db8f2ce3a2c05e69?s=96&d=mm&r=g","contentUrl":"https:\/\/secure.gravatar.com\/avatar\/4d76991aa72469f0eb22e772586c99113c6997f88da636a9db8f2ce3a2c05e69?s=96&d=mm&r=g","caption":"infocongovirtuel"},"url":"https:\/\/congovirtuel.com\/information\/author\/infocongovirtuel\/"}]}},"gt_translate_keys":[{"key":"link","format":"url"}],"_links":{"self":[{"href":"https:\/\/congovirtuel.com\/information\/wp-json\/wp\/v2\/posts\/20953","targetHints":{"allow":["GET"]}}],"collection":[{"href":"https:\/\/congovirtuel.com\/information\/wp-json\/wp\/v2\/posts"}],"about":[{"href":"https:\/\/congovirtuel.com\/information\/wp-json\/wp\/v2\/types\/post"}],"author":[{"embeddable":true,"href":"https:\/\/congovirtuel.com\/information\/wp-json\/wp\/v2\/users\/1"}],"replies":[{"embeddable":true,"href":"https:\/\/congovirtuel.com\/information\/wp-json\/wp\/v2\/comments?post=20953"}],"version-history":[{"count":1,"href":"https:\/\/congovirtuel.com\/information\/wp-json\/wp\/v2\/posts\/20953\/revisions"}],"predecessor-version":[{"id":20954,"href":"https:\/\/congovirtuel.com\/information\/wp-json\/wp\/v2\/posts\/20953\/revisions\/20954"}],"wp:featuredmedia":[{"embeddable":true,"href":"https:\/\/congovirtuel.com\/information\/wp-json\/wp\/v2\/media\/20952"}],"wp:attachment":[{"href":"https:\/\/congovirtuel.com\/information\/wp-json\/wp\/v2\/media?parent=20953"}],"wp:term":[{"taxonomy":"category","embeddable":true,"href":"https:\/\/congovirtuel.com\/information\/wp-json\/wp\/v2\/categories?post=20953"},{"taxonomy":"post_tag","embeddable":true,"href":"https:\/\/congovirtuel.com\/information\/wp-json\/wp\/v2\/tags?post=20953"}],"curies":[{"name":"wp","href":"https:\/\/api.w.org\/{rel}","templated":true}]}}