{"id":20998,"date":"2022-11-10T11:56:29","date_gmt":"2022-11-10T10:56:29","guid":{"rendered":"https:\/\/congovirtuel.com\/information\/?p=20998"},"modified":"2022-11-10T12:00:07","modified_gmt":"2022-11-10T11:00:07","slug":"le-chef-de-letat-nomme-deux-ambassadeurs-aupres-du-royaume-uni-et-de-la-suisse","status":"publish","type":"post","link":"https:\/\/congovirtuel.com\/information\/le-chef-de-letat-nomme-deux-ambassadeurs-aupres-du-royaume-uni-et-de-la-suisse\/","title":{"rendered":"Le Chef de l\u2019Etat nomme deux ambassadeurs aupr\u00e8s du Royaume Uni et de la Suisse","gt_translate_keys":[{"key":"rendered","format":"text"}]},"content":{"rendered":"<p class=\"has-text-align-justify\"><strong>Le Pr\u00e9sident de la R\u00e9publique, F\u00e9lix Antoine Tshisekedi a nomm\u00e9, dans deux ordonnances lues hier mercredi sur la chaine nationale de t\u00e9l\u00e9vision, deux ambassadeurs extraordinaires et pl\u00e9nipotentiaires de la RDC aupr\u00e8s du Royaume uni et de la Conf\u00e9d\u00e9ration Suisse.<\/strong><\/p>\n<p class=\"has-text-align-justify\">Il s\u2019agit de Nkogwey Ndolamb, nouvel ambassadeur de la RDC en Grande-Bretagne et Mutombo Bakafwansenda qui repr\u00e9sente d\u00e9sormais la RDC aupr\u00e8s de la Conf\u00e9d\u00e9ration helv\u00e9tique.<\/p>\n<p><strong>Biographies<\/strong><\/p>\n<p class=\"has-text-align-justify\">\u00a0M. Symphorien Mutombo Bakafwansenda, homme politique congolais, a \u00e9t\u00e9 le gouverneur de la province du Kasa\u00ef-Occidental d\u2019octobre 2006 \u00e0 f\u00e9vrier 2007. Fin novembre 2007, il devint ministre de la Justice et des Droits humains, puis nomm\u00e9 vice-Premier ministre de la S\u00e9curit\u00e9 et de la D\u00e9fense en octobre 2008.<\/p>\n<p class=\"has-text-align-justify\">M. Ngokwey Ndolamba a \u00e9t\u00e9 directeur du secr\u00e9tariat du Conseil d\u2019administration du Fonds des Nations Unies pour l\u2019enfance (UNICEF). Il a occup\u00e9 aussi les postes de directeur r\u00e9gional adjoint au Bureau r\u00e9gional pour l\u2019Afrique de l\u2019Ouest et l\u2019Afrique centrale, \u00e0 Abidjan, repr\u00e9sentant de zone \u00e0 la Barbade, repr\u00e9sentant pays en Guin\u00e9e, repr\u00e9sentant adjoint au S\u00e9n\u00e9gal et au B\u00e9nin, et de Chef de Bureau au Cap-Vert.<\/p>\n<p class=\"has-text-align-justify\">Docteur en sociologie et en anthropologie, il est titulaire d\u2019une ma\u00eetrise en \u00e9conomie du d\u00e9veloppement, une ma\u00eetrise en sant\u00e9 publique, et d\u2019une autre en anthropologie de l\u2019Universit\u00e9 de Californie. Il a obtenu sa licence en sociologie \u00e0 l\u2019Universit\u00e9 du Za\u00efre (actuelle Universit\u00e9 de Kinshasa).<\/p>\n<p class=\"has-text-align-justify\">Professeur d\u2019universit\u00e9s, en sciences sociales et sant\u00e9 publique en RDC, aux Etats Unis, au B\u00e9nin, au Mozambique, au Br\u00e9sil et en Belgique. Il a aussi \u00e9t\u00e9 chercheur de l\u2019Universit\u00e9 des Nations Unies \u00e0 Tokyo au Japon et auteur de plusieurs ouvrages et articles dans les domaines du d\u00e9veloppement de la sant\u00e9 publique et de la culture.<\/p>\n<p class=\"has-text-align-justify\"><strong>ACP<\/strong><\/p>\n","protected":false,"gt_translate_keys":[{"key":"rendered","format":"html"}]},"excerpt":{"rendered":"<p>Le Pr\u00e9sident de la R\u00e9publique, F\u00e9lix Antoine Tshisekedi a nomm\u00e9, dans deux ordonnances lues hier mercredi sur la chaine nationale de t\u00e9l\u00e9vision, deux ambassadeurs extraordinaires et pl\u00e9nipotentiaires de la RDC aupr\u00e8s du Royaume uni et de la Conf\u00e9d\u00e9ration Suisse. Il s\u2019agit de Nkogwey Ndolamb, nouvel ambassadeur de la RDC en Grande-Bretagne et Mutombo Bakafwansenda qui repr\u00e9sente d\u00e9sormais la RDC aupr\u00e8s de la Conf\u00e9d\u00e9ration helv\u00e9tique. Biographies \u00a0M. Symphorien Mutombo Bakafwansenda, homme politique congolais, a \u00e9t\u00e9 le gouverneur de la province du Kasa\u00ef-Occidental d\u2019octobre 2006 \u00e0 f\u00e9vrier 2007. Fin novembre 2007, il&hellip;<\/p>\n","protected":false,"gt_translate_keys":[{"key":"rendered","format":"html"}]},"author":1,"featured_media":20994,"comment_status":"open","ping_status":"open","sticky":false,"template":"","format":"standard","meta":{"_crdt_document":"","footnotes":""},"categories":[27165],"tags":[37456,37455],"class_list":["post-20998","post","type-post","status-publish","format-standard","has-post-thumbnail","hentry","category-diplomatie","tag-biographie-de-ngokwey-ndolamba","tag-biographie-de-symphorien-mutombo-bakafwansenda"],"gutentor_comment":0,"yoast_head":"<!-- This site is optimized with the Yoast SEO plugin v27.5 - https:\/\/yoast.com\/product\/yoast-seo-wordpress\/ -->\n<title>Le Chef de l\u2019Etat nomme deux ambassadeurs aupr\u00e8s du Royaume Uni et de la Suisse - Actualit\u00e9s congolaises et internationales<\/title>\n<meta name=\"robots\" content=\"index, follow, max-snippet:-1, max-image-preview:large, max-video-preview:-1\" \/>\n<link rel=\"canonical\" href=\"https:\/\/congovirtuel.com\/information\/le-chef-de-letat-nomme-deux-ambassadeurs-aupres-du-royaume-uni-et-de-la-suisse\/\" \/>\n<meta property=\"og:locale\" content=\"fr_FR\" \/>\n<meta property=\"og:type\" content=\"article\" \/>\n<meta property=\"og:title\" content=\"Le Chef de l\u2019Etat nomme deux ambassadeurs aupr\u00e8s du Royaume Uni et de la Suisse - Actualit\u00e9s congolaises et internationales\" \/>\n<meta property=\"og:description\" content=\"Le Pr\u00e9sident de la R\u00e9publique, F\u00e9lix Antoine Tshisekedi a nomm\u00e9, dans deux ordonnances lues hier mercredi sur la chaine nationale de t\u00e9l\u00e9vision, deux ambassadeurs extraordinaires et pl\u00e9nipotentiaires de la RDC aupr\u00e8s du Royaume uni et de la Conf\u00e9d\u00e9ration Suisse. Il s\u2019agit de Nkogwey Ndolamb, nouvel ambassadeur de la RDC en Grande-Bretagne et Mutombo Bakafwansenda qui repr\u00e9sente d\u00e9sormais la RDC aupr\u00e8s de la Conf\u00e9d\u00e9ration helv\u00e9tique. Biographies \u00a0M. Symphorien Mutombo Bakafwansenda, homme politique congolais, a \u00e9t\u00e9 le gouverneur de la province du Kasa\u00ef-Occidental d\u2019octobre 2006 \u00e0 f\u00e9vrier 2007. Fin novembre 2007, il&hellip;\" \/>\n<meta property=\"og:url\" content=\"https:\/\/congovirtuel.com\/information\/le-chef-de-letat-nomme-deux-ambassadeurs-aupres-du-royaume-uni-et-de-la-suisse\/\" \/>\n<meta property=\"og:site_name\" content=\"Actualit\u00e9s congolaises et internationales\" \/>\n<meta property=\"article:publisher\" content=\"https:\/\/web.facebook.com\/Congovirtuel-763617960319601\/?ref=aymt_homepage_panel&amp;amp%3bamp%3bamp%3bamp%3bamp%3bamp%3bamp%3bamp%3bamp%3bamp%3bamp%3beid=ARCoxULa66767kIgF_KYav6VdjXTI4yk_LW4yoVO9s6NXpysgb7Cb65vpxcxgqzOAKvIbLQxaAETcqHT\" \/>\n<meta property=\"article:published_time\" content=\"2022-11-10T10:56:29+00:00\" \/>\n<meta property=\"article:modified_time\" content=\"2022-11-10T11:00:07+00:00\" \/>\n<meta property=\"og:image\" content=\"https:\/\/congovirtuel.com\/information\/wp-content\/uploads\/2022\/11\/Nkogwey.jpg\" \/>\n\t<meta property=\"og:image:width\" content=\"640\" \/>\n\t<meta property=\"og:image:height\" content=\"427\" \/>\n\t<meta property=\"og:image:type\" content=\"image\/jpeg\" \/>\n<meta name=\"author\" content=\"infocongovirtuel\" \/>\n<meta name=\"twitter:card\" content=\"summary_large_image\" \/>\n<meta name=\"twitter:creator\" content=\"@congovirtuel\" \/>\n<meta name=\"twitter:site\" content=\"@congovirtuel\" \/>\n<meta name=\"twitter:label1\" content=\"\u00c9crit par\" \/>\n\t<meta name=\"twitter:data1\" content=\"infocongovirtuel\" \/>\n\t<meta name=\"twitter:label2\" content=\"Dur\u00e9e de lecture estim\u00e9e\" \/>\n\t<meta name=\"twitter:data2\" content=\"2 minutes\" \/>\n<script type=\"application\/ld+json\" class=\"yoast-schema-graph\">{\"@context\":\"https:\\\/\\\/schema.org\",\"@graph\":[{\"@type\":\"Article\",\"@id\":\"https:\\\/\\\/congovirtuel.com\\\/information\\\/le-chef-de-letat-nomme-deux-ambassadeurs-aupres-du-royaume-uni-et-de-la-suisse\\\/#article\",\"isPartOf\":{\"@id\":\"https:\\\/\\\/congovirtuel.com\\\/information\\\/le-chef-de-letat-nomme-deux-ambassadeurs-aupres-du-royaume-uni-et-de-la-suisse\\\/\"},\"author\":{\"name\":\"infocongovirtuel\",\"@id\":\"https:\\\/\\\/congovirtuel.com\\\/information\\\/#\\\/schema\\\/person\\\/739a44bf7990966cb53d58d2fdeca0b6\"},\"headline\":\"Le Chef de l\u2019Etat nomme deux ambassadeurs aupr\u00e8s du Royaume Uni et de la Suisse\",\"datePublished\":\"2022-11-10T10:56:29+00:00\",\"dateModified\":\"2022-11-10T11:00:07+00:00\",\"mainEntityOfPage\":{\"@id\":\"https:\\\/\\\/congovirtuel.com\\\/information\\\/le-chef-de-letat-nomme-deux-ambassadeurs-aupres-du-royaume-uni-et-de-la-suisse\\\/\"},\"wordCount\":337,\"commentCount\":0,\"publisher\":{\"@id\":\"https:\\\/\\\/congovirtuel.com\\\/information\\\/#organization\"},\"image\":{\"@id\":\"https:\\\/\\\/congovirtuel.com\\\/information\\\/le-chef-de-letat-nomme-deux-ambassadeurs-aupres-du-royaume-uni-et-de-la-suisse\\\/#primaryimage\"},\"thumbnailUrl\":\"https:\\\/\\\/congovirtuel.com\\\/information\\\/wp-content\\\/uploads\\\/2022\\\/11\\\/Nkogwey.jpg\",\"keywords\":[\"biographie de Ngokwey Ndolamba\",\"Biographie de Symphorien Mutombo Bakafwansenda\"],\"articleSection\":[\"Diplomatie\"],\"inLanguage\":\"fr-FR\",\"potentialAction\":[{\"@type\":\"CommentAction\",\"name\":\"Comment\",\"target\":[\"https:\\\/\\\/congovirtuel.com\\\/information\\\/le-chef-de-letat-nomme-deux-ambassadeurs-aupres-du-royaume-uni-et-de-la-suisse\\\/#respond\"]}]},{\"@type\":\"WebPage\",\"@id\":\"https:\\\/\\\/congovirtuel.com\\\/information\\\/le-chef-de-letat-nomme-deux-ambassadeurs-aupres-du-royaume-uni-et-de-la-suisse\\\/\",\"url\":\"https:\\\/\\\/congovirtuel.com\\\/information\\\/le-chef-de-letat-nomme-deux-ambassadeurs-aupres-du-royaume-uni-et-de-la-suisse\\\/\",\"name\":\"Le Chef de l\u2019Etat nomme deux ambassadeurs aupr\u00e8s du Royaume Uni et de la Suisse - Actualit\u00e9s congolaises et internationales\",\"isPartOf\":{\"@id\":\"https:\\\/\\\/congovirtuel.com\\\/information\\\/#website\"},\"primaryImageOfPage\":{\"@id\":\"https:\\\/\\\/congovirtuel.com\\\/information\\\/le-chef-de-letat-nomme-deux-ambassadeurs-aupres-du-royaume-uni-et-de-la-suisse\\\/#primaryimage\"},\"image\":{\"@id\":\"https:\\\/\\\/congovirtuel.com\\\/information\\\/le-chef-de-letat-nomme-deux-ambassadeurs-aupres-du-royaume-uni-et-de-la-suisse\\\/#primaryimage\"},\"thumbnailUrl\":\"https:\\\/\\\/congovirtuel.com\\\/information\\\/wp-content\\\/uploads\\\/2022\\\/11\\\/Nkogwey.jpg\",\"datePublished\":\"2022-11-10T10:56:29+00:00\",\"dateModified\":\"2022-11-10T11:00:07+00:00\",\"breadcrumb\":{\"@id\":\"https:\\\/\\\/congovirtuel.com\\\/information\\\/le-chef-de-letat-nomme-deux-ambassadeurs-aupres-du-royaume-uni-et-de-la-suisse\\\/#breadcrumb\"},\"inLanguage\":\"fr-FR\",\"potentialAction\":[{\"@type\":\"ReadAction\",\"target\":[\"https:\\\/\\\/congovirtuel.com\\\/information\\\/le-chef-de-letat-nomme-deux-ambassadeurs-aupres-du-royaume-uni-et-de-la-suisse\\\/\"]}]},{\"@type\":\"ImageObject\",\"inLanguage\":\"fr-FR\",\"@id\":\"https:\\\/\\\/congovirtuel.com\\\/information\\\/le-chef-de-letat-nomme-deux-ambassadeurs-aupres-du-royaume-uni-et-de-la-suisse\\\/#primaryimage\",\"url\":\"https:\\\/\\\/congovirtuel.com\\\/information\\\/wp-content\\\/uploads\\\/2022\\\/11\\\/Nkogwey.jpg\",\"contentUrl\":\"https:\\\/\\\/congovirtuel.com\\\/information\\\/wp-content\\\/uploads\\\/2022\\\/11\\\/Nkogwey.jpg\",\"width\":640,\"height\":427,\"caption\":\"Nkogwey Ndolamb\"},{\"@type\":\"BreadcrumbList\",\"@id\":\"https:\\\/\\\/congovirtuel.com\\\/information\\\/le-chef-de-letat-nomme-deux-ambassadeurs-aupres-du-royaume-uni-et-de-la-suisse\\\/#breadcrumb\",\"itemListElement\":[{\"@type\":\"ListItem\",\"position\":1,\"name\":\"Accueil\",\"item\":\"https:\\\/\\\/congovirtuel.com\\\/information\\\/\"},{\"@type\":\"ListItem\",\"position\":2,\"name\":\"Le Chef de l\u2019Etat nomme deux ambassadeurs aupr\u00e8s du Royaume Uni et de la Suisse\"}]},{\"@type\":\"WebSite\",\"@id\":\"https:\\\/\\\/congovirtuel.com\\\/information\\\/#website\",\"url\":\"https:\\\/\\\/congovirtuel.com\\\/information\\\/\",\"name\":\"Actualit\u00e9s congolaises et internationales\",\"description\":\"site d&#039;analyse et de traitement d&#039;information\",\"publisher\":{\"@id\":\"https:\\\/\\\/congovirtuel.com\\\/information\\\/#organization\"},\"potentialAction\":[{\"@type\":\"SearchAction\",\"target\":{\"@type\":\"EntryPoint\",\"urlTemplate\":\"https:\\\/\\\/congovirtuel.com\\\/information\\\/?s={search_term_string}\"},\"query-input\":{\"@type\":\"PropertyValueSpecification\",\"valueRequired\":true,\"valueName\":\"search_term_string\"}}],\"inLanguage\":\"fr-FR\"},{\"@type\":\"Organization\",\"@id\":\"https:\\\/\\\/congovirtuel.com\\\/information\\\/#organization\",\"name\":\"Biblioth\u00e8que Virtuelle de la RDC\",\"url\":\"https:\\\/\\\/congovirtuel.com\\\/information\\\/\",\"logo\":{\"@type\":\"ImageObject\",\"inLanguage\":\"fr-FR\",\"@id\":\"https:\\\/\\\/congovirtuel.com\\\/information\\\/#\\\/schema\\\/logo\\\/image\\\/\",\"url\":\"https:\\\/\\\/congovirtuel.com\\\/information\\\/wp-content\\\/uploads\\\/2018\\\/10\\\/header-info-congovirtuel-vraie.jpg\",\"contentUrl\":\"https:\\\/\\\/congovirtuel.com\\\/information\\\/wp-content\\\/uploads\\\/2018\\\/10\\\/header-info-congovirtuel-vraie.jpg\",\"width\":728,\"height\":90,\"caption\":\"Biblioth\u00e8que Virtuelle de la RDC\"},\"image\":{\"@id\":\"https:\\\/\\\/congovirtuel.com\\\/information\\\/#\\\/schema\\\/logo\\\/image\\\/\"},\"sameAs\":[\"https:\\\/\\\/web.facebook.com\\\/Congovirtuel-763617960319601\\\/?ref=aymt_homepage_panel&amp;amp;amp;amp;amp;amp;amp;amp;amp;amp;amp;eid=ARCoxULa66767kIgF_KYav6VdjXTI4yk_LW4yoVO9s6NXpysgb7Cb65vpxcxgqzOAKvIbLQxaAETcqHT\",\"https:\\\/\\\/x.com\\\/congovirtuel\",\"https:\\\/\\\/www.youtube.com\\\/channel\\\/UCkFfprYzGgS3EWNpeMXpToQ?view_as=subscriber\"]},{\"@type\":\"Person\",\"@id\":\"https:\\\/\\\/congovirtuel.com\\\/information\\\/#\\\/schema\\\/person\\\/739a44bf7990966cb53d58d2fdeca0b6\",\"name\":\"infocongovirtuel\",\"image\":{\"@type\":\"ImageObject\",\"inLanguage\":\"fr-FR\",\"@id\":\"https:\\\/\\\/secure.gravatar.com\\\/avatar\\\/4d76991aa72469f0eb22e772586c99113c6997f88da636a9db8f2ce3a2c05e69?s=96&d=mm&r=g\",\"url\":\"https:\\\/\\\/secure.gravatar.com\\\/avatar\\\/4d76991aa72469f0eb22e772586c99113c6997f88da636a9db8f2ce3a2c05e69?s=96&d=mm&r=g\",\"contentUrl\":\"https:\\\/\\\/secure.gravatar.com\\\/avatar\\\/4d76991aa72469f0eb22e772586c99113c6997f88da636a9db8f2ce3a2c05e69?s=96&d=mm&r=g\",\"caption\":\"infocongovirtuel\"},\"url\":\"https:\\\/\\\/congovirtuel.com\\\/information\\\/author\\\/infocongovirtuel\\\/\"}]}<\/script>\n<!-- \/ Yoast SEO plugin. -->","yoast_head_json":{"title":"Le Chef de l\u2019Etat nomme deux ambassadeurs aupr\u00e8s du Royaume Uni et de la Suisse - Actualit\u00e9s congolaises et internationales","robots":{"index":"index","follow":"follow","max-snippet":"max-snippet:-1","max-image-preview":"max-image-preview:large","max-video-preview":"max-video-preview:-1"},"canonical":"https:\/\/congovirtuel.com\/information\/le-chef-de-letat-nomme-deux-ambassadeurs-aupres-du-royaume-uni-et-de-la-suisse\/","og_locale":"fr_FR","og_type":"article","og_title":"Le Chef de l\u2019Etat nomme deux ambassadeurs aupr\u00e8s du Royaume Uni et de la Suisse - Actualit\u00e9s congolaises et internationales","og_description":"Le Pr\u00e9sident de la R\u00e9publique, F\u00e9lix Antoine Tshisekedi a nomm\u00e9, dans deux ordonnances lues hier mercredi sur la chaine nationale de t\u00e9l\u00e9vision, deux ambassadeurs extraordinaires et pl\u00e9nipotentiaires de la RDC aupr\u00e8s du Royaume uni et de la Conf\u00e9d\u00e9ration Suisse. Il s\u2019agit de Nkogwey Ndolamb, nouvel ambassadeur de la RDC en Grande-Bretagne et Mutombo Bakafwansenda qui repr\u00e9sente d\u00e9sormais la RDC aupr\u00e8s de la Conf\u00e9d\u00e9ration helv\u00e9tique. Biographies \u00a0M. Symphorien Mutombo Bakafwansenda, homme politique congolais, a \u00e9t\u00e9 le gouverneur de la province du Kasa\u00ef-Occidental d\u2019octobre 2006 \u00e0 f\u00e9vrier 2007. Fin novembre 2007, il&hellip;","og_url":"https:\/\/congovirtuel.com\/information\/le-chef-de-letat-nomme-deux-ambassadeurs-aupres-du-royaume-uni-et-de-la-suisse\/","og_site_name":"Actualit\u00e9s congolaises et internationales","article_publisher":"https:\/\/web.facebook.com\/Congovirtuel-763617960319601\/?ref=aymt_homepage_panel&amp%3bamp%3bamp%3bamp%3bamp%3bamp%3bamp%3bamp%3bamp%3bamp%3bamp%3beid=ARCoxULa66767kIgF_KYav6VdjXTI4yk_LW4yoVO9s6NXpysgb7Cb65vpxcxgqzOAKvIbLQxaAETcqHT","article_published_time":"2022-11-10T10:56:29+00:00","article_modified_time":"2022-11-10T11:00:07+00:00","og_image":[{"width":640,"height":427,"url":"https:\/\/congovirtuel.com\/information\/wp-content\/uploads\/2022\/11\/Nkogwey.jpg","type":"image\/jpeg"}],"author":"infocongovirtuel","twitter_card":"summary_large_image","twitter_creator":"@congovirtuel","twitter_site":"@congovirtuel","twitter_misc":{"\u00c9crit par":"infocongovirtuel","Dur\u00e9e de lecture estim\u00e9e":"2 minutes"},"schema":{"@context":"https:\/\/schema.org","@graph":[{"@type":"Article","@id":"https:\/\/congovirtuel.com\/information\/le-chef-de-letat-nomme-deux-ambassadeurs-aupres-du-royaume-uni-et-de-la-suisse\/#article","isPartOf":{"@id":"https:\/\/congovirtuel.com\/information\/le-chef-de-letat-nomme-deux-ambassadeurs-aupres-du-royaume-uni-et-de-la-suisse\/"},"author":{"name":"infocongovirtuel","@id":"https:\/\/congovirtuel.com\/information\/#\/schema\/person\/739a44bf7990966cb53d58d2fdeca0b6"},"headline":"Le Chef de l\u2019Etat nomme deux ambassadeurs aupr\u00e8s du Royaume Uni et de la Suisse","datePublished":"2022-11-10T10:56:29+00:00","dateModified":"2022-11-10T11:00:07+00:00","mainEntityOfPage":{"@id":"https:\/\/congovirtuel.com\/information\/le-chef-de-letat-nomme-deux-ambassadeurs-aupres-du-royaume-uni-et-de-la-suisse\/"},"wordCount":337,"commentCount":0,"publisher":{"@id":"https:\/\/congovirtuel.com\/information\/#organization"},"image":{"@id":"https:\/\/congovirtuel.com\/information\/le-chef-de-letat-nomme-deux-ambassadeurs-aupres-du-royaume-uni-et-de-la-suisse\/#primaryimage"},"thumbnailUrl":"https:\/\/congovirtuel.com\/information\/wp-content\/uploads\/2022\/11\/Nkogwey.jpg","keywords":["biographie de Ngokwey Ndolamba","Biographie de Symphorien Mutombo Bakafwansenda"],"articleSection":["Diplomatie"],"inLanguage":"fr-FR","potentialAction":[{"@type":"CommentAction","name":"Comment","target":["https:\/\/congovirtuel.com\/information\/le-chef-de-letat-nomme-deux-ambassadeurs-aupres-du-royaume-uni-et-de-la-suisse\/#respond"]}]},{"@type":"WebPage","@id":"https:\/\/congovirtuel.com\/information\/le-chef-de-letat-nomme-deux-ambassadeurs-aupres-du-royaume-uni-et-de-la-suisse\/","url":"https:\/\/congovirtuel.com\/information\/le-chef-de-letat-nomme-deux-ambassadeurs-aupres-du-royaume-uni-et-de-la-suisse\/","name":"Le Chef de l\u2019Etat nomme deux ambassadeurs aupr\u00e8s du Royaume Uni et de la Suisse - Actualit\u00e9s congolaises et internationales","isPartOf":{"@id":"https:\/\/congovirtuel.com\/information\/#website"},"primaryImageOfPage":{"@id":"https:\/\/congovirtuel.com\/information\/le-chef-de-letat-nomme-deux-ambassadeurs-aupres-du-royaume-uni-et-de-la-suisse\/#primaryimage"},"image":{"@id":"https:\/\/congovirtuel.com\/information\/le-chef-de-letat-nomme-deux-ambassadeurs-aupres-du-royaume-uni-et-de-la-suisse\/#primaryimage"},"thumbnailUrl":"https:\/\/congovirtuel.com\/information\/wp-content\/uploads\/2022\/11\/Nkogwey.jpg","datePublished":"2022-11-10T10:56:29+00:00","dateModified":"2022-11-10T11:00:07+00:00","breadcrumb":{"@id":"https:\/\/congovirtuel.com\/information\/le-chef-de-letat-nomme-deux-ambassadeurs-aupres-du-royaume-uni-et-de-la-suisse\/#breadcrumb"},"inLanguage":"fr-FR","potentialAction":[{"@type":"ReadAction","target":["https:\/\/congovirtuel.com\/information\/le-chef-de-letat-nomme-deux-ambassadeurs-aupres-du-royaume-uni-et-de-la-suisse\/"]}]},{"@type":"ImageObject","inLanguage":"fr-FR","@id":"https:\/\/congovirtuel.com\/information\/le-chef-de-letat-nomme-deux-ambassadeurs-aupres-du-royaume-uni-et-de-la-suisse\/#primaryimage","url":"https:\/\/congovirtuel.com\/information\/wp-content\/uploads\/2022\/11\/Nkogwey.jpg","contentUrl":"https:\/\/congovirtuel.com\/information\/wp-content\/uploads\/2022\/11\/Nkogwey.jpg","width":640,"height":427,"caption":"Nkogwey Ndolamb"},{"@type":"BreadcrumbList","@id":"https:\/\/congovirtuel.com\/information\/le-chef-de-letat-nomme-deux-ambassadeurs-aupres-du-royaume-uni-et-de-la-suisse\/#breadcrumb","itemListElement":[{"@type":"ListItem","position":1,"name":"Accueil","item":"https:\/\/congovirtuel.com\/information\/"},{"@type":"ListItem","position":2,"name":"Le Chef de l\u2019Etat nomme deux ambassadeurs aupr\u00e8s du Royaume Uni et de la Suisse"}]},{"@type":"WebSite","@id":"https:\/\/congovirtuel.com\/information\/#website","url":"https:\/\/congovirtuel.com\/information\/","name":"Actualit\u00e9s congolaises et internationales","description":"site d&#039;analyse et de traitement d&#039;information","publisher":{"@id":"https:\/\/congovirtuel.com\/information\/#organization"},"potentialAction":[{"@type":"SearchAction","target":{"@type":"EntryPoint","urlTemplate":"https:\/\/congovirtuel.com\/information\/?s={search_term_string}"},"query-input":{"@type":"PropertyValueSpecification","valueRequired":true,"valueName":"search_term_string"}}],"inLanguage":"fr-FR"},{"@type":"Organization","@id":"https:\/\/congovirtuel.com\/information\/#organization","name":"Biblioth\u00e8que Virtuelle de la RDC","url":"https:\/\/congovirtuel.com\/information\/","logo":{"@type":"ImageObject","inLanguage":"fr-FR","@id":"https:\/\/congovirtuel.com\/information\/#\/schema\/logo\/image\/","url":"https:\/\/congovirtuel.com\/information\/wp-content\/uploads\/2018\/10\/header-info-congovirtuel-vraie.jpg","contentUrl":"https:\/\/congovirtuel.com\/information\/wp-content\/uploads\/2018\/10\/header-info-congovirtuel-vraie.jpg","width":728,"height":90,"caption":"Biblioth\u00e8que Virtuelle de la RDC"},"image":{"@id":"https:\/\/congovirtuel.com\/information\/#\/schema\/logo\/image\/"},"sameAs":["https:\/\/web.facebook.com\/Congovirtuel-763617960319601\/?ref=aymt_homepage_panel&amp;amp;amp;amp;amp;amp;amp;amp;amp;amp;amp;eid=ARCoxULa66767kIgF_KYav6VdjXTI4yk_LW4yoVO9s6NXpysgb7Cb65vpxcxgqzOAKvIbLQxaAETcqHT","https:\/\/x.com\/congovirtuel","https:\/\/www.youtube.com\/channel\/UCkFfprYzGgS3EWNpeMXpToQ?view_as=subscriber"]},{"@type":"Person","@id":"https:\/\/congovirtuel.com\/information\/#\/schema\/person\/739a44bf7990966cb53d58d2fdeca0b6","name":"infocongovirtuel","image":{"@type":"ImageObject","inLanguage":"fr-FR","@id":"https:\/\/secure.gravatar.com\/avatar\/4d76991aa72469f0eb22e772586c99113c6997f88da636a9db8f2ce3a2c05e69?s=96&d=mm&r=g","url":"https:\/\/secure.gravatar.com\/avatar\/4d76991aa72469f0eb22e772586c99113c6997f88da636a9db8f2ce3a2c05e69?s=96&d=mm&r=g","contentUrl":"https:\/\/secure.gravatar.com\/avatar\/4d76991aa72469f0eb22e772586c99113c6997f88da636a9db8f2ce3a2c05e69?s=96&d=mm&r=g","caption":"infocongovirtuel"},"url":"https:\/\/congovirtuel.com\/information\/author\/infocongovirtuel\/"}]}},"gt_translate_keys":[{"key":"link","format":"url"}],"_links":{"self":[{"href":"https:\/\/congovirtuel.com\/information\/wp-json\/wp\/v2\/posts\/20998","targetHints":{"allow":["GET"]}}],"collection":[{"href":"https:\/\/congovirtuel.com\/information\/wp-json\/wp\/v2\/posts"}],"about":[{"href":"https:\/\/congovirtuel.com\/information\/wp-json\/wp\/v2\/types\/post"}],"author":[{"embeddable":true,"href":"https:\/\/congovirtuel.com\/information\/wp-json\/wp\/v2\/users\/1"}],"replies":[{"embeddable":true,"href":"https:\/\/congovirtuel.com\/information\/wp-json\/wp\/v2\/comments?post=20998"}],"version-history":[{"count":1,"href":"https:\/\/congovirtuel.com\/information\/wp-json\/wp\/v2\/posts\/20998\/revisions"}],"predecessor-version":[{"id":20999,"href":"https:\/\/congovirtuel.com\/information\/wp-json\/wp\/v2\/posts\/20998\/revisions\/20999"}],"wp:featuredmedia":[{"embeddable":true,"href":"https:\/\/congovirtuel.com\/information\/wp-json\/wp\/v2\/media\/20994"}],"wp:attachment":[{"href":"https:\/\/congovirtuel.com\/information\/wp-json\/wp\/v2\/media?parent=20998"}],"wp:term":[{"taxonomy":"category","embeddable":true,"href":"https:\/\/congovirtuel.com\/information\/wp-json\/wp\/v2\/categories?post=20998"},{"taxonomy":"post_tag","embeddable":true,"href":"https:\/\/congovirtuel.com\/information\/wp-json\/wp\/v2\/tags?post=20998"}],"curies":[{"name":"wp","href":"https:\/\/api.w.org\/{rel}","templated":true}]}}