{"id":21168,"date":"2022-11-26T11:56:37","date_gmt":"2022-11-26T10:56:37","guid":{"rendered":"https:\/\/congovirtuel.com\/information\/?p=21168"},"modified":"2022-11-26T11:56:37","modified_gmt":"2022-11-26T10:56:37","slug":"rdc-la-ceni-fixe-la-presidentielle-et-les-legislatives-au-20-decembre-2023","status":"publish","type":"post","link":"https:\/\/congovirtuel.com\/information\/rdc-la-ceni-fixe-la-presidentielle-et-les-legislatives-au-20-decembre-2023\/","title":{"rendered":"RDC : la CENI fixe la pr\u00e9sidentielle et les l\u00e9gislatives au 20 d\u00e9cembre 2023","gt_translate_keys":[{"key":"rendered","format":"text"}]},"content":{"rendered":"<p class=\"f1-l-2 cl2 p-b-16 p-t-30\">La Commission \u00e9lectorale nationale ind\u00e9pendante (CENI), a publi\u00e9 ce samedi 26 novembre 2022, le calendrier \u00e9lectoral pour les scrutins pr\u00e9vus en 2023.<\/p>\n<p class=\"f1-s-11 cl6 p-b-25\">Dans ce calendrier \u00e9lectoral, la convocation du corps \u00e9lectoral est pr\u00e9vue pour le 1er septembre 2023 alors que les scrutins proprement dits du pr\u00e9sident de la R\u00e9publique, des d\u00e9put\u00e9s nationaux, des d\u00e9put\u00e9s provinciaux et des conseillers communaux interviendront le 20 d\u00e9cembre de la m\u00eame ann\u00e9e. A cette date s&rsquo;organiseront la pr\u00e9sidentielle, les l\u00e9gislatives nationales et provinciales.<\/p>\n<p>Dans sa br\u00e8ve allocution, le pr\u00e9sident de la CENI a salu\u00e9 le travail abattu par son \u00e9quipe malgr\u00e9 le retard pris lors de l&rsquo;installation de son bureau.<\/p>\n<p>\u00ab\u00a0C&rsquo;est un grand jour pour les membres de la pl\u00e9ni\u00e8re et du bureau de la commission \u00e9lectorale nationale ind\u00e9pendante\u00a0\u00bb, a reconnu le pr\u00e9sident de cette institution, Denis Kadima Kazadi. Ce dernier a rappel\u00e9 que son \u00e9quipe a pris les commandes apr\u00e8s 28 mois de retard. Mais ce retard ne les a pas emp\u00each\u00e9 de travailler d&rsquo;arrache-pied pour rattraper ce temps.<\/p>\n<p>Il a vant\u00e9 les avanc\u00e9es en terme d&rsquo;int\u00e9gration de la dimension genre dans la politique de la CENI, avec la d\u00e9signation d&rsquo;un rapporteur femme pour la premi\u00e8re fois.<\/p>\n<p>Depuis le d\u00e9but du cycle \u00e9lectoral r\u00e9gulier en RDC, l&rsquo;\u00e9quipe de Denis Kadima va organiser pour la premi\u00e8re fois les \u00e9lections municipales et locales. Un scrutin attendu depuis 3 cycles \u00e9lectoraux.<\/p>\n<p><b>Dido Nsapu\/Digitalcongo<\/b><\/p>\n","protected":false,"gt_translate_keys":[{"key":"rendered","format":"html"}]},"excerpt":{"rendered":"<p>La Commission \u00e9lectorale nationale ind\u00e9pendante (CENI), a publi\u00e9 ce samedi 26 novembre 2022, le calendrier \u00e9lectoral pour les scrutins pr\u00e9vus en 2023. Dans ce calendrier \u00e9lectoral, la convocation du corps \u00e9lectoral est pr\u00e9vue pour le 1er septembre 2023 alors que les scrutins proprement dits du pr\u00e9sident de la R\u00e9publique, des d\u00e9put\u00e9s nationaux, des d\u00e9put\u00e9s provinciaux et des conseillers communaux interviendront le 20 d\u00e9cembre de la m\u00eame ann\u00e9e. A cette date s&rsquo;organiseront la pr\u00e9sidentielle, les l\u00e9gislatives nationales et provinciales. Dans sa br\u00e8ve allocution, le pr\u00e9sident de la CENI a salu\u00e9 le&hellip;<\/p>\n","protected":false,"gt_translate_keys":[{"key":"rendered","format":"html"}]},"author":1,"featured_media":21167,"comment_status":"open","ping_status":"open","sticky":false,"template":"","format":"standard","meta":{"_crdt_document":"","footnotes":""},"categories":[5572],"tags":[37521,37518,37519,37522,37523,37520],"class_list":["post-21168","post","type-post","status-publish","format-standard","has-post-thumbnail","hentry","category-election","tag-calendrier-2023-ceni","tag-calendrier-electoral-rdc-2023","tag-date-election-presidentielle-rdc","tag-denis-kadima-ceni","tag-election-2023-rdc","tag-election-presidentielle-2023"],"gutentor_comment":0,"yoast_head":"<!-- This site is optimized with the Yoast SEO plugin v27.5 - https:\/\/yoast.com\/product\/yoast-seo-wordpress\/ -->\n<title>RDC : la CENI fixe la pr\u00e9sidentielle et les l\u00e9gislatives au 20 d\u00e9cembre 2023 - Actualit\u00e9s congolaises et internationales<\/title>\n<meta name=\"robots\" content=\"index, follow, max-snippet:-1, max-image-preview:large, max-video-preview:-1\" \/>\n<link rel=\"canonical\" href=\"https:\/\/congovirtuel.com\/information\/rdc-la-ceni-fixe-la-presidentielle-et-les-legislatives-au-20-decembre-2023\/\" \/>\n<meta property=\"og:locale\" content=\"fr_FR\" \/>\n<meta property=\"og:type\" content=\"article\" \/>\n<meta property=\"og:title\" content=\"RDC : la CENI fixe la pr\u00e9sidentielle et les l\u00e9gislatives au 20 d\u00e9cembre 2023 - Actualit\u00e9s congolaises et internationales\" \/>\n<meta property=\"og:description\" content=\"La Commission \u00e9lectorale nationale ind\u00e9pendante (CENI), a publi\u00e9 ce samedi 26 novembre 2022, le calendrier \u00e9lectoral pour les scrutins pr\u00e9vus en 2023. Dans ce calendrier \u00e9lectoral, la convocation du corps \u00e9lectoral est pr\u00e9vue pour le 1er septembre 2023 alors que les scrutins proprement dits du pr\u00e9sident de la R\u00e9publique, des d\u00e9put\u00e9s nationaux, des d\u00e9put\u00e9s provinciaux et des conseillers communaux interviendront le 20 d\u00e9cembre de la m\u00eame ann\u00e9e. A cette date s&rsquo;organiseront la pr\u00e9sidentielle, les l\u00e9gislatives nationales et provinciales. Dans sa br\u00e8ve allocution, le pr\u00e9sident de la CENI a salu\u00e9 le&hellip;\" \/>\n<meta property=\"og:url\" content=\"https:\/\/congovirtuel.com\/information\/rdc-la-ceni-fixe-la-presidentielle-et-les-legislatives-au-20-decembre-2023\/\" \/>\n<meta property=\"og:site_name\" content=\"Actualit\u00e9s congolaises et internationales\" \/>\n<meta property=\"article:publisher\" content=\"https:\/\/web.facebook.com\/Congovirtuel-763617960319601\/?ref=aymt_homepage_panel&amp;amp%3bamp%3bamp%3bamp%3bamp%3bamp%3bamp%3bamp%3bamp%3bamp%3bamp%3beid=ARCoxULa66767kIgF_KYav6VdjXTI4yk_LW4yoVO9s6NXpysgb7Cb65vpxcxgqzOAKvIbLQxaAETcqHT\" \/>\n<meta property=\"article:published_time\" content=\"2022-11-26T10:56:37+00:00\" \/>\n<meta property=\"og:image\" content=\"https:\/\/congovirtuel.com\/information\/wp-content\/uploads\/2022\/11\/Kadima_CENI.jpg\" \/>\n\t<meta property=\"og:image:width\" content=\"591\" \/>\n\t<meta property=\"og:image:height\" content=\"403\" \/>\n\t<meta property=\"og:image:type\" content=\"image\/jpeg\" \/>\n<meta name=\"author\" content=\"infocongovirtuel\" \/>\n<meta name=\"twitter:card\" content=\"summary_large_image\" \/>\n<meta name=\"twitter:creator\" content=\"@congovirtuel\" \/>\n<meta name=\"twitter:site\" content=\"@congovirtuel\" \/>\n<meta name=\"twitter:label1\" content=\"\u00c9crit par\" \/>\n\t<meta name=\"twitter:data1\" content=\"infocongovirtuel\" \/>\n\t<meta name=\"twitter:label2\" content=\"Dur\u00e9e de lecture estim\u00e9e\" \/>\n\t<meta name=\"twitter:data2\" content=\"2 minutes\" \/>\n<script type=\"application\/ld+json\" class=\"yoast-schema-graph\">{\"@context\":\"https:\\\/\\\/schema.org\",\"@graph\":[{\"@type\":\"Article\",\"@id\":\"https:\\\/\\\/congovirtuel.com\\\/information\\\/rdc-la-ceni-fixe-la-presidentielle-et-les-legislatives-au-20-decembre-2023\\\/#article\",\"isPartOf\":{\"@id\":\"https:\\\/\\\/congovirtuel.com\\\/information\\\/rdc-la-ceni-fixe-la-presidentielle-et-les-legislatives-au-20-decembre-2023\\\/\"},\"author\":{\"name\":\"infocongovirtuel\",\"@id\":\"https:\\\/\\\/congovirtuel.com\\\/information\\\/#\\\/schema\\\/person\\\/739a44bf7990966cb53d58d2fdeca0b6\"},\"headline\":\"RDC : la CENI fixe la pr\u00e9sidentielle et les l\u00e9gislatives au 20 d\u00e9cembre 2023\",\"datePublished\":\"2022-11-26T10:56:37+00:00\",\"mainEntityOfPage\":{\"@id\":\"https:\\\/\\\/congovirtuel.com\\\/information\\\/rdc-la-ceni-fixe-la-presidentielle-et-les-legislatives-au-20-decembre-2023\\\/\"},\"wordCount\":270,\"commentCount\":0,\"publisher\":{\"@id\":\"https:\\\/\\\/congovirtuel.com\\\/information\\\/#organization\"},\"image\":{\"@id\":\"https:\\\/\\\/congovirtuel.com\\\/information\\\/rdc-la-ceni-fixe-la-presidentielle-et-les-legislatives-au-20-decembre-2023\\\/#primaryimage\"},\"thumbnailUrl\":\"https:\\\/\\\/congovirtuel.com\\\/information\\\/wp-content\\\/uploads\\\/2022\\\/11\\\/Kadima_CENI.jpg\",\"keywords\":[\"calendrier 2023 CENI\",\"Calendrier \u00e9lectoral RDC 2023\",\"date \u00e9lection pr\u00e9sidentielle RDC\",\"Denis Kadima CENI\",\"\u00e9lection 2023 RDC\",\"\u00e9lection pr\u00e9sidentielle 2023\"],\"articleSection\":[\"\u00c9lection\"],\"inLanguage\":\"fr-FR\",\"potentialAction\":[{\"@type\":\"CommentAction\",\"name\":\"Comment\",\"target\":[\"https:\\\/\\\/congovirtuel.com\\\/information\\\/rdc-la-ceni-fixe-la-presidentielle-et-les-legislatives-au-20-decembre-2023\\\/#respond\"]}]},{\"@type\":\"WebPage\",\"@id\":\"https:\\\/\\\/congovirtuel.com\\\/information\\\/rdc-la-ceni-fixe-la-presidentielle-et-les-legislatives-au-20-decembre-2023\\\/\",\"url\":\"https:\\\/\\\/congovirtuel.com\\\/information\\\/rdc-la-ceni-fixe-la-presidentielle-et-les-legislatives-au-20-decembre-2023\\\/\",\"name\":\"RDC : la CENI fixe la pr\u00e9sidentielle et les l\u00e9gislatives au 20 d\u00e9cembre 2023 - Actualit\u00e9s congolaises et internationales\",\"isPartOf\":{\"@id\":\"https:\\\/\\\/congovirtuel.com\\\/information\\\/#website\"},\"primaryImageOfPage\":{\"@id\":\"https:\\\/\\\/congovirtuel.com\\\/information\\\/rdc-la-ceni-fixe-la-presidentielle-et-les-legislatives-au-20-decembre-2023\\\/#primaryimage\"},\"image\":{\"@id\":\"https:\\\/\\\/congovirtuel.com\\\/information\\\/rdc-la-ceni-fixe-la-presidentielle-et-les-legislatives-au-20-decembre-2023\\\/#primaryimage\"},\"thumbnailUrl\":\"https:\\\/\\\/congovirtuel.com\\\/information\\\/wp-content\\\/uploads\\\/2022\\\/11\\\/Kadima_CENI.jpg\",\"datePublished\":\"2022-11-26T10:56:37+00:00\",\"breadcrumb\":{\"@id\":\"https:\\\/\\\/congovirtuel.com\\\/information\\\/rdc-la-ceni-fixe-la-presidentielle-et-les-legislatives-au-20-decembre-2023\\\/#breadcrumb\"},\"inLanguage\":\"fr-FR\",\"potentialAction\":[{\"@type\":\"ReadAction\",\"target\":[\"https:\\\/\\\/congovirtuel.com\\\/information\\\/rdc-la-ceni-fixe-la-presidentielle-et-les-legislatives-au-20-decembre-2023\\\/\"]}]},{\"@type\":\"ImageObject\",\"inLanguage\":\"fr-FR\",\"@id\":\"https:\\\/\\\/congovirtuel.com\\\/information\\\/rdc-la-ceni-fixe-la-presidentielle-et-les-legislatives-au-20-decembre-2023\\\/#primaryimage\",\"url\":\"https:\\\/\\\/congovirtuel.com\\\/information\\\/wp-content\\\/uploads\\\/2022\\\/11\\\/Kadima_CENI.jpg\",\"contentUrl\":\"https:\\\/\\\/congovirtuel.com\\\/information\\\/wp-content\\\/uploads\\\/2022\\\/11\\\/Kadima_CENI.jpg\",\"width\":591,\"height\":403},{\"@type\":\"BreadcrumbList\",\"@id\":\"https:\\\/\\\/congovirtuel.com\\\/information\\\/rdc-la-ceni-fixe-la-presidentielle-et-les-legislatives-au-20-decembre-2023\\\/#breadcrumb\",\"itemListElement\":[{\"@type\":\"ListItem\",\"position\":1,\"name\":\"Accueil\",\"item\":\"https:\\\/\\\/congovirtuel.com\\\/information\\\/\"},{\"@type\":\"ListItem\",\"position\":2,\"name\":\"RDC : la CENI fixe la pr\u00e9sidentielle et les l\u00e9gislatives au 20 d\u00e9cembre 2023\"}]},{\"@type\":\"WebSite\",\"@id\":\"https:\\\/\\\/congovirtuel.com\\\/information\\\/#website\",\"url\":\"https:\\\/\\\/congovirtuel.com\\\/information\\\/\",\"name\":\"Actualit\u00e9s congolaises et internationales\",\"description\":\"site d&#039;analyse et de traitement d&#039;information\",\"publisher\":{\"@id\":\"https:\\\/\\\/congovirtuel.com\\\/information\\\/#organization\"},\"potentialAction\":[{\"@type\":\"SearchAction\",\"target\":{\"@type\":\"EntryPoint\",\"urlTemplate\":\"https:\\\/\\\/congovirtuel.com\\\/information\\\/?s={search_term_string}\"},\"query-input\":{\"@type\":\"PropertyValueSpecification\",\"valueRequired\":true,\"valueName\":\"search_term_string\"}}],\"inLanguage\":\"fr-FR\"},{\"@type\":\"Organization\",\"@id\":\"https:\\\/\\\/congovirtuel.com\\\/information\\\/#organization\",\"name\":\"Biblioth\u00e8que Virtuelle de la RDC\",\"url\":\"https:\\\/\\\/congovirtuel.com\\\/information\\\/\",\"logo\":{\"@type\":\"ImageObject\",\"inLanguage\":\"fr-FR\",\"@id\":\"https:\\\/\\\/congovirtuel.com\\\/information\\\/#\\\/schema\\\/logo\\\/image\\\/\",\"url\":\"https:\\\/\\\/congovirtuel.com\\\/information\\\/wp-content\\\/uploads\\\/2018\\\/10\\\/header-info-congovirtuel-vraie.jpg\",\"contentUrl\":\"https:\\\/\\\/congovirtuel.com\\\/information\\\/wp-content\\\/uploads\\\/2018\\\/10\\\/header-info-congovirtuel-vraie.jpg\",\"width\":728,\"height\":90,\"caption\":\"Biblioth\u00e8que Virtuelle de la RDC\"},\"image\":{\"@id\":\"https:\\\/\\\/congovirtuel.com\\\/information\\\/#\\\/schema\\\/logo\\\/image\\\/\"},\"sameAs\":[\"https:\\\/\\\/web.facebook.com\\\/Congovirtuel-763617960319601\\\/?ref=aymt_homepage_panel&amp;amp;amp;amp;amp;amp;amp;amp;amp;amp;amp;eid=ARCoxULa66767kIgF_KYav6VdjXTI4yk_LW4yoVO9s6NXpysgb7Cb65vpxcxgqzOAKvIbLQxaAETcqHT\",\"https:\\\/\\\/x.com\\\/congovirtuel\",\"https:\\\/\\\/www.youtube.com\\\/channel\\\/UCkFfprYzGgS3EWNpeMXpToQ?view_as=subscriber\"]},{\"@type\":\"Person\",\"@id\":\"https:\\\/\\\/congovirtuel.com\\\/information\\\/#\\\/schema\\\/person\\\/739a44bf7990966cb53d58d2fdeca0b6\",\"name\":\"infocongovirtuel\",\"image\":{\"@type\":\"ImageObject\",\"inLanguage\":\"fr-FR\",\"@id\":\"https:\\\/\\\/secure.gravatar.com\\\/avatar\\\/4d76991aa72469f0eb22e772586c99113c6997f88da636a9db8f2ce3a2c05e69?s=96&d=mm&r=g\",\"url\":\"https:\\\/\\\/secure.gravatar.com\\\/avatar\\\/4d76991aa72469f0eb22e772586c99113c6997f88da636a9db8f2ce3a2c05e69?s=96&d=mm&r=g\",\"contentUrl\":\"https:\\\/\\\/secure.gravatar.com\\\/avatar\\\/4d76991aa72469f0eb22e772586c99113c6997f88da636a9db8f2ce3a2c05e69?s=96&d=mm&r=g\",\"caption\":\"infocongovirtuel\"},\"url\":\"https:\\\/\\\/congovirtuel.com\\\/information\\\/author\\\/infocongovirtuel\\\/\"}]}<\/script>\n<!-- \/ Yoast SEO plugin. -->","yoast_head_json":{"title":"RDC : la CENI fixe la pr\u00e9sidentielle et les l\u00e9gislatives au 20 d\u00e9cembre 2023 - Actualit\u00e9s congolaises et internationales","robots":{"index":"index","follow":"follow","max-snippet":"max-snippet:-1","max-image-preview":"max-image-preview:large","max-video-preview":"max-video-preview:-1"},"canonical":"https:\/\/congovirtuel.com\/information\/rdc-la-ceni-fixe-la-presidentielle-et-les-legislatives-au-20-decembre-2023\/","og_locale":"fr_FR","og_type":"article","og_title":"RDC : la CENI fixe la pr\u00e9sidentielle et les l\u00e9gislatives au 20 d\u00e9cembre 2023 - Actualit\u00e9s congolaises et internationales","og_description":"La Commission \u00e9lectorale nationale ind\u00e9pendante (CENI), a publi\u00e9 ce samedi 26 novembre 2022, le calendrier \u00e9lectoral pour les scrutins pr\u00e9vus en 2023. Dans ce calendrier \u00e9lectoral, la convocation du corps \u00e9lectoral est pr\u00e9vue pour le 1er septembre 2023 alors que les scrutins proprement dits du pr\u00e9sident de la R\u00e9publique, des d\u00e9put\u00e9s nationaux, des d\u00e9put\u00e9s provinciaux et des conseillers communaux interviendront le 20 d\u00e9cembre de la m\u00eame ann\u00e9e. A cette date s&rsquo;organiseront la pr\u00e9sidentielle, les l\u00e9gislatives nationales et provinciales. Dans sa br\u00e8ve allocution, le pr\u00e9sident de la CENI a salu\u00e9 le&hellip;","og_url":"https:\/\/congovirtuel.com\/information\/rdc-la-ceni-fixe-la-presidentielle-et-les-legislatives-au-20-decembre-2023\/","og_site_name":"Actualit\u00e9s congolaises et internationales","article_publisher":"https:\/\/web.facebook.com\/Congovirtuel-763617960319601\/?ref=aymt_homepage_panel&amp%3bamp%3bamp%3bamp%3bamp%3bamp%3bamp%3bamp%3bamp%3bamp%3bamp%3beid=ARCoxULa66767kIgF_KYav6VdjXTI4yk_LW4yoVO9s6NXpysgb7Cb65vpxcxgqzOAKvIbLQxaAETcqHT","article_published_time":"2022-11-26T10:56:37+00:00","og_image":[{"width":591,"height":403,"url":"https:\/\/congovirtuel.com\/information\/wp-content\/uploads\/2022\/11\/Kadima_CENI.jpg","type":"image\/jpeg"}],"author":"infocongovirtuel","twitter_card":"summary_large_image","twitter_creator":"@congovirtuel","twitter_site":"@congovirtuel","twitter_misc":{"\u00c9crit par":"infocongovirtuel","Dur\u00e9e de lecture estim\u00e9e":"2 minutes"},"schema":{"@context":"https:\/\/schema.org","@graph":[{"@type":"Article","@id":"https:\/\/congovirtuel.com\/information\/rdc-la-ceni-fixe-la-presidentielle-et-les-legislatives-au-20-decembre-2023\/#article","isPartOf":{"@id":"https:\/\/congovirtuel.com\/information\/rdc-la-ceni-fixe-la-presidentielle-et-les-legislatives-au-20-decembre-2023\/"},"author":{"name":"infocongovirtuel","@id":"https:\/\/congovirtuel.com\/information\/#\/schema\/person\/739a44bf7990966cb53d58d2fdeca0b6"},"headline":"RDC : la CENI fixe la pr\u00e9sidentielle et les l\u00e9gislatives au 20 d\u00e9cembre 2023","datePublished":"2022-11-26T10:56:37+00:00","mainEntityOfPage":{"@id":"https:\/\/congovirtuel.com\/information\/rdc-la-ceni-fixe-la-presidentielle-et-les-legislatives-au-20-decembre-2023\/"},"wordCount":270,"commentCount":0,"publisher":{"@id":"https:\/\/congovirtuel.com\/information\/#organization"},"image":{"@id":"https:\/\/congovirtuel.com\/information\/rdc-la-ceni-fixe-la-presidentielle-et-les-legislatives-au-20-decembre-2023\/#primaryimage"},"thumbnailUrl":"https:\/\/congovirtuel.com\/information\/wp-content\/uploads\/2022\/11\/Kadima_CENI.jpg","keywords":["calendrier 2023 CENI","Calendrier \u00e9lectoral RDC 2023","date \u00e9lection pr\u00e9sidentielle RDC","Denis Kadima CENI","\u00e9lection 2023 RDC","\u00e9lection pr\u00e9sidentielle 2023"],"articleSection":["\u00c9lection"],"inLanguage":"fr-FR","potentialAction":[{"@type":"CommentAction","name":"Comment","target":["https:\/\/congovirtuel.com\/information\/rdc-la-ceni-fixe-la-presidentielle-et-les-legislatives-au-20-decembre-2023\/#respond"]}]},{"@type":"WebPage","@id":"https:\/\/congovirtuel.com\/information\/rdc-la-ceni-fixe-la-presidentielle-et-les-legislatives-au-20-decembre-2023\/","url":"https:\/\/congovirtuel.com\/information\/rdc-la-ceni-fixe-la-presidentielle-et-les-legislatives-au-20-decembre-2023\/","name":"RDC : la CENI fixe la pr\u00e9sidentielle et les l\u00e9gislatives au 20 d\u00e9cembre 2023 - Actualit\u00e9s congolaises et internationales","isPartOf":{"@id":"https:\/\/congovirtuel.com\/information\/#website"},"primaryImageOfPage":{"@id":"https:\/\/congovirtuel.com\/information\/rdc-la-ceni-fixe-la-presidentielle-et-les-legislatives-au-20-decembre-2023\/#primaryimage"},"image":{"@id":"https:\/\/congovirtuel.com\/information\/rdc-la-ceni-fixe-la-presidentielle-et-les-legislatives-au-20-decembre-2023\/#primaryimage"},"thumbnailUrl":"https:\/\/congovirtuel.com\/information\/wp-content\/uploads\/2022\/11\/Kadima_CENI.jpg","datePublished":"2022-11-26T10:56:37+00:00","breadcrumb":{"@id":"https:\/\/congovirtuel.com\/information\/rdc-la-ceni-fixe-la-presidentielle-et-les-legislatives-au-20-decembre-2023\/#breadcrumb"},"inLanguage":"fr-FR","potentialAction":[{"@type":"ReadAction","target":["https:\/\/congovirtuel.com\/information\/rdc-la-ceni-fixe-la-presidentielle-et-les-legislatives-au-20-decembre-2023\/"]}]},{"@type":"ImageObject","inLanguage":"fr-FR","@id":"https:\/\/congovirtuel.com\/information\/rdc-la-ceni-fixe-la-presidentielle-et-les-legislatives-au-20-decembre-2023\/#primaryimage","url":"https:\/\/congovirtuel.com\/information\/wp-content\/uploads\/2022\/11\/Kadima_CENI.jpg","contentUrl":"https:\/\/congovirtuel.com\/information\/wp-content\/uploads\/2022\/11\/Kadima_CENI.jpg","width":591,"height":403},{"@type":"BreadcrumbList","@id":"https:\/\/congovirtuel.com\/information\/rdc-la-ceni-fixe-la-presidentielle-et-les-legislatives-au-20-decembre-2023\/#breadcrumb","itemListElement":[{"@type":"ListItem","position":1,"name":"Accueil","item":"https:\/\/congovirtuel.com\/information\/"},{"@type":"ListItem","position":2,"name":"RDC : la CENI fixe la pr\u00e9sidentielle et les l\u00e9gislatives au 20 d\u00e9cembre 2023"}]},{"@type":"WebSite","@id":"https:\/\/congovirtuel.com\/information\/#website","url":"https:\/\/congovirtuel.com\/information\/","name":"Actualit\u00e9s congolaises et internationales","description":"site d&#039;analyse et de traitement d&#039;information","publisher":{"@id":"https:\/\/congovirtuel.com\/information\/#organization"},"potentialAction":[{"@type":"SearchAction","target":{"@type":"EntryPoint","urlTemplate":"https:\/\/congovirtuel.com\/information\/?s={search_term_string}"},"query-input":{"@type":"PropertyValueSpecification","valueRequired":true,"valueName":"search_term_string"}}],"inLanguage":"fr-FR"},{"@type":"Organization","@id":"https:\/\/congovirtuel.com\/information\/#organization","name":"Biblioth\u00e8que Virtuelle de la RDC","url":"https:\/\/congovirtuel.com\/information\/","logo":{"@type":"ImageObject","inLanguage":"fr-FR","@id":"https:\/\/congovirtuel.com\/information\/#\/schema\/logo\/image\/","url":"https:\/\/congovirtuel.com\/information\/wp-content\/uploads\/2018\/10\/header-info-congovirtuel-vraie.jpg","contentUrl":"https:\/\/congovirtuel.com\/information\/wp-content\/uploads\/2018\/10\/header-info-congovirtuel-vraie.jpg","width":728,"height":90,"caption":"Biblioth\u00e8que Virtuelle de la RDC"},"image":{"@id":"https:\/\/congovirtuel.com\/information\/#\/schema\/logo\/image\/"},"sameAs":["https:\/\/web.facebook.com\/Congovirtuel-763617960319601\/?ref=aymt_homepage_panel&amp;amp;amp;amp;amp;amp;amp;amp;amp;amp;amp;eid=ARCoxULa66767kIgF_KYav6VdjXTI4yk_LW4yoVO9s6NXpysgb7Cb65vpxcxgqzOAKvIbLQxaAETcqHT","https:\/\/x.com\/congovirtuel","https:\/\/www.youtube.com\/channel\/UCkFfprYzGgS3EWNpeMXpToQ?view_as=subscriber"]},{"@type":"Person","@id":"https:\/\/congovirtuel.com\/information\/#\/schema\/person\/739a44bf7990966cb53d58d2fdeca0b6","name":"infocongovirtuel","image":{"@type":"ImageObject","inLanguage":"fr-FR","@id":"https:\/\/secure.gravatar.com\/avatar\/4d76991aa72469f0eb22e772586c99113c6997f88da636a9db8f2ce3a2c05e69?s=96&d=mm&r=g","url":"https:\/\/secure.gravatar.com\/avatar\/4d76991aa72469f0eb22e772586c99113c6997f88da636a9db8f2ce3a2c05e69?s=96&d=mm&r=g","contentUrl":"https:\/\/secure.gravatar.com\/avatar\/4d76991aa72469f0eb22e772586c99113c6997f88da636a9db8f2ce3a2c05e69?s=96&d=mm&r=g","caption":"infocongovirtuel"},"url":"https:\/\/congovirtuel.com\/information\/author\/infocongovirtuel\/"}]}},"gt_translate_keys":[{"key":"link","format":"url"}],"_links":{"self":[{"href":"https:\/\/congovirtuel.com\/information\/wp-json\/wp\/v2\/posts\/21168","targetHints":{"allow":["GET"]}}],"collection":[{"href":"https:\/\/congovirtuel.com\/information\/wp-json\/wp\/v2\/posts"}],"about":[{"href":"https:\/\/congovirtuel.com\/information\/wp-json\/wp\/v2\/types\/post"}],"author":[{"embeddable":true,"href":"https:\/\/congovirtuel.com\/information\/wp-json\/wp\/v2\/users\/1"}],"replies":[{"embeddable":true,"href":"https:\/\/congovirtuel.com\/information\/wp-json\/wp\/v2\/comments?post=21168"}],"version-history":[{"count":1,"href":"https:\/\/congovirtuel.com\/information\/wp-json\/wp\/v2\/posts\/21168\/revisions"}],"predecessor-version":[{"id":21169,"href":"https:\/\/congovirtuel.com\/information\/wp-json\/wp\/v2\/posts\/21168\/revisions\/21169"}],"wp:featuredmedia":[{"embeddable":true,"href":"https:\/\/congovirtuel.com\/information\/wp-json\/wp\/v2\/media\/21167"}],"wp:attachment":[{"href":"https:\/\/congovirtuel.com\/information\/wp-json\/wp\/v2\/media?parent=21168"}],"wp:term":[{"taxonomy":"category","embeddable":true,"href":"https:\/\/congovirtuel.com\/information\/wp-json\/wp\/v2\/categories?post=21168"},{"taxonomy":"post_tag","embeddable":true,"href":"https:\/\/congovirtuel.com\/information\/wp-json\/wp\/v2\/tags?post=21168"}],"curies":[{"name":"wp","href":"https:\/\/api.w.org\/{rel}","templated":true}]}}