{"id":21181,"date":"2022-11-30T06:48:05","date_gmt":"2022-11-30T05:48:05","guid":{"rendered":"https:\/\/congovirtuel.com\/information\/?p=21181"},"modified":"2022-11-30T06:48:05","modified_gmt":"2022-11-30T05:48:05","slug":"agression-rwandaise-martin-fayulu-demande-a-la-population-de-soutenir-les-fardc","status":"publish","type":"post","link":"https:\/\/congovirtuel.com\/information\/agression-rwandaise-martin-fayulu-demande-a-la-population-de-soutenir-les-fardc\/","title":{"rendered":"Agression rwandaise : Martin Fayulu demande \u00e0 la population de soutenir les FARDC","gt_translate_keys":[{"key":"rendered","format":"text"}]},"content":{"rendered":"<p><strong>Le pr\u00e9sident du parti politique \u00ab Engagement pour la Citoyennet\u00e9 et le D\u00e9veloppement \u00bb (ECIDE) demande \u00e0 la population\u00a0 de soutenir les Forces arm\u00e9es de la R\u00e9publique d\u00e9mocratique du Congo (FARDC) dans ce contexte s\u00e9curitaire caract\u00e9ris\u00e9 par des combats entre l\u2019arm\u00e9e r\u00e9guli\u00e8re et les rebelles rwandais du M23.<\/strong><\/p>\n<p>A travers un document rendu public ce mardi 29 novembre 2022 \u00e0 Kinshasa, cet \u00e9lu national aux l\u00e9gislatives de 2018 dit apporter \u00ab tout son soutien ind\u00e9fectible aux FARDC et \u00e0 la Police Nationale Congolaise (PNC) qui ne m\u00e9nagent aucun effort pour d\u00e9fendre l\u2019int\u00e9grit\u00e9 du territoire national et assurer la s\u00e9curit\u00e9 des personnes et de leurs biens \u00bb.<\/p>\n<blockquote><p>\u00ab A vous combattants de nos forces arm\u00e9es, je vous exhorte \u00e0 d\u00e9fendre avec patriotisme et bravoure l\u2019int\u00e9grit\u00e9 de notre pays. Soyez rassur\u00e9s que toute la nation est derri\u00e8re vous \u00bb, dit Martin Fayulu.<\/p><\/blockquote>\n<p>A l\u2019instar du gouvernement de la R\u00e9publique et d\u2019autres institutions du pays, le pr\u00e9sident de l\u2019ECIDE exhorte \u00e9galement la population \u00e0 \u00e9viter tout discours haineux et x\u00e9nophobe en cette p\u00e9riode de l\u2019agression rwandaise.<\/p>\n<p><strong>RTNC<\/strong><\/p>\n","protected":false,"gt_translate_keys":[{"key":"rendered","format":"html"}]},"excerpt":{"rendered":"<p>Le pr\u00e9sident du parti politique \u00ab Engagement pour la Citoyennet\u00e9 et le D\u00e9veloppement \u00bb (ECIDE) demande \u00e0 la population\u00a0 de soutenir les Forces arm\u00e9es de la R\u00e9publique d\u00e9mocratique du Congo (FARDC) dans ce contexte s\u00e9curitaire caract\u00e9ris\u00e9 par des combats entre l\u2019arm\u00e9e r\u00e9guli\u00e8re et les rebelles rwandais du M23. A travers un document rendu public ce mardi 29 novembre 2022 \u00e0 Kinshasa, cet \u00e9lu national aux l\u00e9gislatives de 2018 dit apporter \u00ab tout son soutien ind\u00e9fectible aux FARDC et \u00e0 la Police Nationale Congolaise (PNC) qui ne m\u00e9nagent aucun effort pour&hellip;<\/p>\n","protected":false,"gt_translate_keys":[{"key":"rendered","format":"html"}]},"author":1,"featured_media":5179,"comment_status":"open","ping_status":"open","sticky":false,"template":"","format":"standard","meta":{"_crdt_document":"","footnotes":""},"categories":[1260],"tags":[37533],"class_list":["post-21181","post","type-post","status-publish","format-standard","has-post-thumbnail","hentry","category-opposition","tag-message-fayulu-du-29-octobre"],"gutentor_comment":0,"yoast_head":"<!-- This site is optimized with the Yoast SEO plugin v27.5 - https:\/\/yoast.com\/product\/yoast-seo-wordpress\/ -->\n<title>Agression rwandaise : Martin Fayulu demande \u00e0 la population de soutenir les FARDC - Actualit\u00e9s congolaises et internationales<\/title>\n<meta name=\"robots\" content=\"index, follow, max-snippet:-1, max-image-preview:large, max-video-preview:-1\" \/>\n<link rel=\"canonical\" href=\"https:\/\/congovirtuel.com\/information\/agression-rwandaise-martin-fayulu-demande-a-la-population-de-soutenir-les-fardc\/\" \/>\n<meta property=\"og:locale\" content=\"fr_FR\" \/>\n<meta property=\"og:type\" content=\"article\" \/>\n<meta property=\"og:title\" content=\"Agression rwandaise : Martin Fayulu demande \u00e0 la population de soutenir les FARDC - Actualit\u00e9s congolaises et internationales\" \/>\n<meta property=\"og:description\" content=\"Le pr\u00e9sident du parti politique \u00ab Engagement pour la Citoyennet\u00e9 et le D\u00e9veloppement \u00bb (ECIDE) demande \u00e0 la population\u00a0 de soutenir les Forces arm\u00e9es de la R\u00e9publique d\u00e9mocratique du Congo (FARDC) dans ce contexte s\u00e9curitaire caract\u00e9ris\u00e9 par des combats entre l\u2019arm\u00e9e r\u00e9guli\u00e8re et les rebelles rwandais du M23. A travers un document rendu public ce mardi 29 novembre 2022 \u00e0 Kinshasa, cet \u00e9lu national aux l\u00e9gislatives de 2018 dit apporter \u00ab tout son soutien ind\u00e9fectible aux FARDC et \u00e0 la Police Nationale Congolaise (PNC) qui ne m\u00e9nagent aucun effort pour&hellip;\" \/>\n<meta property=\"og:url\" content=\"https:\/\/congovirtuel.com\/information\/agression-rwandaise-martin-fayulu-demande-a-la-population-de-soutenir-les-fardc\/\" \/>\n<meta property=\"og:site_name\" content=\"Actualit\u00e9s congolaises et internationales\" \/>\n<meta property=\"article:publisher\" content=\"https:\/\/web.facebook.com\/Congovirtuel-763617960319601\/?ref=aymt_homepage_panel&amp;amp%3bamp%3bamp%3bamp%3bamp%3bamp%3bamp%3bamp%3bamp%3bamp%3bamp%3beid=ARCoxULa66767kIgF_KYav6VdjXTI4yk_LW4yoVO9s6NXpysgb7Cb65vpxcxgqzOAKvIbLQxaAETcqHT\" \/>\n<meta property=\"article:published_time\" content=\"2022-11-30T05:48:05+00:00\" \/>\n<meta property=\"og:image\" content=\"https:\/\/congovirtuel.com\/information\/wp-content\/uploads\/2020\/12\/fayulu_martin.jpg\" \/>\n\t<meta property=\"og:image:width\" content=\"980\" \/>\n\t<meta property=\"og:image:height\" content=\"551\" \/>\n\t<meta property=\"og:image:type\" content=\"image\/jpeg\" \/>\n<meta name=\"author\" content=\"infocongovirtuel\" \/>\n<meta name=\"twitter:card\" content=\"summary_large_image\" \/>\n<meta name=\"twitter:creator\" content=\"@congovirtuel\" \/>\n<meta name=\"twitter:site\" content=\"@congovirtuel\" \/>\n<meta name=\"twitter:label1\" content=\"\u00c9crit par\" \/>\n\t<meta name=\"twitter:data1\" content=\"infocongovirtuel\" \/>\n\t<meta name=\"twitter:label2\" content=\"Dur\u00e9e de lecture estim\u00e9e\" \/>\n\t<meta name=\"twitter:data2\" content=\"1 minute\" \/>\n<script type=\"application\/ld+json\" class=\"yoast-schema-graph\">{\"@context\":\"https:\\\/\\\/schema.org\",\"@graph\":[{\"@type\":\"Article\",\"@id\":\"https:\\\/\\\/congovirtuel.com\\\/information\\\/agression-rwandaise-martin-fayulu-demande-a-la-population-de-soutenir-les-fardc\\\/#article\",\"isPartOf\":{\"@id\":\"https:\\\/\\\/congovirtuel.com\\\/information\\\/agression-rwandaise-martin-fayulu-demande-a-la-population-de-soutenir-les-fardc\\\/\"},\"author\":{\"name\":\"infocongovirtuel\",\"@id\":\"https:\\\/\\\/congovirtuel.com\\\/information\\\/#\\\/schema\\\/person\\\/739a44bf7990966cb53d58d2fdeca0b6\"},\"headline\":\"Agression rwandaise : Martin Fayulu demande \u00e0 la population de soutenir les FARDC\",\"datePublished\":\"2022-11-30T05:48:05+00:00\",\"mainEntityOfPage\":{\"@id\":\"https:\\\/\\\/congovirtuel.com\\\/information\\\/agression-rwandaise-martin-fayulu-demande-a-la-population-de-soutenir-les-fardc\\\/\"},\"wordCount\":203,\"commentCount\":0,\"publisher\":{\"@id\":\"https:\\\/\\\/congovirtuel.com\\\/information\\\/#organization\"},\"image\":{\"@id\":\"https:\\\/\\\/congovirtuel.com\\\/information\\\/agression-rwandaise-martin-fayulu-demande-a-la-population-de-soutenir-les-fardc\\\/#primaryimage\"},\"thumbnailUrl\":\"https:\\\/\\\/congovirtuel.com\\\/information\\\/wp-content\\\/uploads\\\/2020\\\/12\\\/fayulu_martin.jpg\",\"keywords\":[\"Message Fayulu du 29 octobre\"],\"articleSection\":[\"Opposition\"],\"inLanguage\":\"fr-FR\",\"potentialAction\":[{\"@type\":\"CommentAction\",\"name\":\"Comment\",\"target\":[\"https:\\\/\\\/congovirtuel.com\\\/information\\\/agression-rwandaise-martin-fayulu-demande-a-la-population-de-soutenir-les-fardc\\\/#respond\"]}]},{\"@type\":\"WebPage\",\"@id\":\"https:\\\/\\\/congovirtuel.com\\\/information\\\/agression-rwandaise-martin-fayulu-demande-a-la-population-de-soutenir-les-fardc\\\/\",\"url\":\"https:\\\/\\\/congovirtuel.com\\\/information\\\/agression-rwandaise-martin-fayulu-demande-a-la-population-de-soutenir-les-fardc\\\/\",\"name\":\"Agression rwandaise : Martin Fayulu demande \u00e0 la population de soutenir les FARDC - Actualit\u00e9s congolaises et internationales\",\"isPartOf\":{\"@id\":\"https:\\\/\\\/congovirtuel.com\\\/information\\\/#website\"},\"primaryImageOfPage\":{\"@id\":\"https:\\\/\\\/congovirtuel.com\\\/information\\\/agression-rwandaise-martin-fayulu-demande-a-la-population-de-soutenir-les-fardc\\\/#primaryimage\"},\"image\":{\"@id\":\"https:\\\/\\\/congovirtuel.com\\\/information\\\/agression-rwandaise-martin-fayulu-demande-a-la-population-de-soutenir-les-fardc\\\/#primaryimage\"},\"thumbnailUrl\":\"https:\\\/\\\/congovirtuel.com\\\/information\\\/wp-content\\\/uploads\\\/2020\\\/12\\\/fayulu_martin.jpg\",\"datePublished\":\"2022-11-30T05:48:05+00:00\",\"breadcrumb\":{\"@id\":\"https:\\\/\\\/congovirtuel.com\\\/information\\\/agression-rwandaise-martin-fayulu-demande-a-la-population-de-soutenir-les-fardc\\\/#breadcrumb\"},\"inLanguage\":\"fr-FR\",\"potentialAction\":[{\"@type\":\"ReadAction\",\"target\":[\"https:\\\/\\\/congovirtuel.com\\\/information\\\/agression-rwandaise-martin-fayulu-demande-a-la-population-de-soutenir-les-fardc\\\/\"]}]},{\"@type\":\"ImageObject\",\"inLanguage\":\"fr-FR\",\"@id\":\"https:\\\/\\\/congovirtuel.com\\\/information\\\/agression-rwandaise-martin-fayulu-demande-a-la-population-de-soutenir-les-fardc\\\/#primaryimage\",\"url\":\"https:\\\/\\\/congovirtuel.com\\\/information\\\/wp-content\\\/uploads\\\/2020\\\/12\\\/fayulu_martin.jpg\",\"contentUrl\":\"https:\\\/\\\/congovirtuel.com\\\/information\\\/wp-content\\\/uploads\\\/2020\\\/12\\\/fayulu_martin.jpg\",\"width\":980,\"height\":551,\"caption\":\"fayulu_martin\"},{\"@type\":\"BreadcrumbList\",\"@id\":\"https:\\\/\\\/congovirtuel.com\\\/information\\\/agression-rwandaise-martin-fayulu-demande-a-la-population-de-soutenir-les-fardc\\\/#breadcrumb\",\"itemListElement\":[{\"@type\":\"ListItem\",\"position\":1,\"name\":\"Accueil\",\"item\":\"https:\\\/\\\/congovirtuel.com\\\/information\\\/\"},{\"@type\":\"ListItem\",\"position\":2,\"name\":\"Agression rwandaise : Martin Fayulu demande \u00e0 la population de soutenir les FARDC\"}]},{\"@type\":\"WebSite\",\"@id\":\"https:\\\/\\\/congovirtuel.com\\\/information\\\/#website\",\"url\":\"https:\\\/\\\/congovirtuel.com\\\/information\\\/\",\"name\":\"Actualit\u00e9s congolaises et internationales\",\"description\":\"site d&#039;analyse et de traitement d&#039;information\",\"publisher\":{\"@id\":\"https:\\\/\\\/congovirtuel.com\\\/information\\\/#organization\"},\"potentialAction\":[{\"@type\":\"SearchAction\",\"target\":{\"@type\":\"EntryPoint\",\"urlTemplate\":\"https:\\\/\\\/congovirtuel.com\\\/information\\\/?s={search_term_string}\"},\"query-input\":{\"@type\":\"PropertyValueSpecification\",\"valueRequired\":true,\"valueName\":\"search_term_string\"}}],\"inLanguage\":\"fr-FR\"},{\"@type\":\"Organization\",\"@id\":\"https:\\\/\\\/congovirtuel.com\\\/information\\\/#organization\",\"name\":\"Biblioth\u00e8que Virtuelle de la RDC\",\"url\":\"https:\\\/\\\/congovirtuel.com\\\/information\\\/\",\"logo\":{\"@type\":\"ImageObject\",\"inLanguage\":\"fr-FR\",\"@id\":\"https:\\\/\\\/congovirtuel.com\\\/information\\\/#\\\/schema\\\/logo\\\/image\\\/\",\"url\":\"https:\\\/\\\/congovirtuel.com\\\/information\\\/wp-content\\\/uploads\\\/2018\\\/10\\\/header-info-congovirtuel-vraie.jpg\",\"contentUrl\":\"https:\\\/\\\/congovirtuel.com\\\/information\\\/wp-content\\\/uploads\\\/2018\\\/10\\\/header-info-congovirtuel-vraie.jpg\",\"width\":728,\"height\":90,\"caption\":\"Biblioth\u00e8que Virtuelle de la RDC\"},\"image\":{\"@id\":\"https:\\\/\\\/congovirtuel.com\\\/information\\\/#\\\/schema\\\/logo\\\/image\\\/\"},\"sameAs\":[\"https:\\\/\\\/web.facebook.com\\\/Congovirtuel-763617960319601\\\/?ref=aymt_homepage_panel&amp;amp;amp;amp;amp;amp;amp;amp;amp;amp;amp;eid=ARCoxULa66767kIgF_KYav6VdjXTI4yk_LW4yoVO9s6NXpysgb7Cb65vpxcxgqzOAKvIbLQxaAETcqHT\",\"https:\\\/\\\/x.com\\\/congovirtuel\",\"https:\\\/\\\/www.youtube.com\\\/channel\\\/UCkFfprYzGgS3EWNpeMXpToQ?view_as=subscriber\"]},{\"@type\":\"Person\",\"@id\":\"https:\\\/\\\/congovirtuel.com\\\/information\\\/#\\\/schema\\\/person\\\/739a44bf7990966cb53d58d2fdeca0b6\",\"name\":\"infocongovirtuel\",\"image\":{\"@type\":\"ImageObject\",\"inLanguage\":\"fr-FR\",\"@id\":\"https:\\\/\\\/secure.gravatar.com\\\/avatar\\\/4d76991aa72469f0eb22e772586c99113c6997f88da636a9db8f2ce3a2c05e69?s=96&d=mm&r=g\",\"url\":\"https:\\\/\\\/secure.gravatar.com\\\/avatar\\\/4d76991aa72469f0eb22e772586c99113c6997f88da636a9db8f2ce3a2c05e69?s=96&d=mm&r=g\",\"contentUrl\":\"https:\\\/\\\/secure.gravatar.com\\\/avatar\\\/4d76991aa72469f0eb22e772586c99113c6997f88da636a9db8f2ce3a2c05e69?s=96&d=mm&r=g\",\"caption\":\"infocongovirtuel\"},\"url\":\"https:\\\/\\\/congovirtuel.com\\\/information\\\/author\\\/infocongovirtuel\\\/\"}]}<\/script>\n<!-- \/ Yoast SEO plugin. -->","yoast_head_json":{"title":"Agression rwandaise : Martin Fayulu demande \u00e0 la population de soutenir les FARDC - Actualit\u00e9s congolaises et internationales","robots":{"index":"index","follow":"follow","max-snippet":"max-snippet:-1","max-image-preview":"max-image-preview:large","max-video-preview":"max-video-preview:-1"},"canonical":"https:\/\/congovirtuel.com\/information\/agression-rwandaise-martin-fayulu-demande-a-la-population-de-soutenir-les-fardc\/","og_locale":"fr_FR","og_type":"article","og_title":"Agression rwandaise : Martin Fayulu demande \u00e0 la population de soutenir les FARDC - Actualit\u00e9s congolaises et internationales","og_description":"Le pr\u00e9sident du parti politique \u00ab Engagement pour la Citoyennet\u00e9 et le D\u00e9veloppement \u00bb (ECIDE) demande \u00e0 la population\u00a0 de soutenir les Forces arm\u00e9es de la R\u00e9publique d\u00e9mocratique du Congo (FARDC) dans ce contexte s\u00e9curitaire caract\u00e9ris\u00e9 par des combats entre l\u2019arm\u00e9e r\u00e9guli\u00e8re et les rebelles rwandais du M23. A travers un document rendu public ce mardi 29 novembre 2022 \u00e0 Kinshasa, cet \u00e9lu national aux l\u00e9gislatives de 2018 dit apporter \u00ab tout son soutien ind\u00e9fectible aux FARDC et \u00e0 la Police Nationale Congolaise (PNC) qui ne m\u00e9nagent aucun effort pour&hellip;","og_url":"https:\/\/congovirtuel.com\/information\/agression-rwandaise-martin-fayulu-demande-a-la-population-de-soutenir-les-fardc\/","og_site_name":"Actualit\u00e9s congolaises et internationales","article_publisher":"https:\/\/web.facebook.com\/Congovirtuel-763617960319601\/?ref=aymt_homepage_panel&amp%3bamp%3bamp%3bamp%3bamp%3bamp%3bamp%3bamp%3bamp%3bamp%3bamp%3beid=ARCoxULa66767kIgF_KYav6VdjXTI4yk_LW4yoVO9s6NXpysgb7Cb65vpxcxgqzOAKvIbLQxaAETcqHT","article_published_time":"2022-11-30T05:48:05+00:00","og_image":[{"width":980,"height":551,"url":"https:\/\/congovirtuel.com\/information\/wp-content\/uploads\/2020\/12\/fayulu_martin.jpg","type":"image\/jpeg"}],"author":"infocongovirtuel","twitter_card":"summary_large_image","twitter_creator":"@congovirtuel","twitter_site":"@congovirtuel","twitter_misc":{"\u00c9crit par":"infocongovirtuel","Dur\u00e9e de lecture estim\u00e9e":"1 minute"},"schema":{"@context":"https:\/\/schema.org","@graph":[{"@type":"Article","@id":"https:\/\/congovirtuel.com\/information\/agression-rwandaise-martin-fayulu-demande-a-la-population-de-soutenir-les-fardc\/#article","isPartOf":{"@id":"https:\/\/congovirtuel.com\/information\/agression-rwandaise-martin-fayulu-demande-a-la-population-de-soutenir-les-fardc\/"},"author":{"name":"infocongovirtuel","@id":"https:\/\/congovirtuel.com\/information\/#\/schema\/person\/739a44bf7990966cb53d58d2fdeca0b6"},"headline":"Agression rwandaise : Martin Fayulu demande \u00e0 la population de soutenir les FARDC","datePublished":"2022-11-30T05:48:05+00:00","mainEntityOfPage":{"@id":"https:\/\/congovirtuel.com\/information\/agression-rwandaise-martin-fayulu-demande-a-la-population-de-soutenir-les-fardc\/"},"wordCount":203,"commentCount":0,"publisher":{"@id":"https:\/\/congovirtuel.com\/information\/#organization"},"image":{"@id":"https:\/\/congovirtuel.com\/information\/agression-rwandaise-martin-fayulu-demande-a-la-population-de-soutenir-les-fardc\/#primaryimage"},"thumbnailUrl":"https:\/\/congovirtuel.com\/information\/wp-content\/uploads\/2020\/12\/fayulu_martin.jpg","keywords":["Message Fayulu du 29 octobre"],"articleSection":["Opposition"],"inLanguage":"fr-FR","potentialAction":[{"@type":"CommentAction","name":"Comment","target":["https:\/\/congovirtuel.com\/information\/agression-rwandaise-martin-fayulu-demande-a-la-population-de-soutenir-les-fardc\/#respond"]}]},{"@type":"WebPage","@id":"https:\/\/congovirtuel.com\/information\/agression-rwandaise-martin-fayulu-demande-a-la-population-de-soutenir-les-fardc\/","url":"https:\/\/congovirtuel.com\/information\/agression-rwandaise-martin-fayulu-demande-a-la-population-de-soutenir-les-fardc\/","name":"Agression rwandaise : Martin Fayulu demande \u00e0 la population de soutenir les FARDC - Actualit\u00e9s congolaises et internationales","isPartOf":{"@id":"https:\/\/congovirtuel.com\/information\/#website"},"primaryImageOfPage":{"@id":"https:\/\/congovirtuel.com\/information\/agression-rwandaise-martin-fayulu-demande-a-la-population-de-soutenir-les-fardc\/#primaryimage"},"image":{"@id":"https:\/\/congovirtuel.com\/information\/agression-rwandaise-martin-fayulu-demande-a-la-population-de-soutenir-les-fardc\/#primaryimage"},"thumbnailUrl":"https:\/\/congovirtuel.com\/information\/wp-content\/uploads\/2020\/12\/fayulu_martin.jpg","datePublished":"2022-11-30T05:48:05+00:00","breadcrumb":{"@id":"https:\/\/congovirtuel.com\/information\/agression-rwandaise-martin-fayulu-demande-a-la-population-de-soutenir-les-fardc\/#breadcrumb"},"inLanguage":"fr-FR","potentialAction":[{"@type":"ReadAction","target":["https:\/\/congovirtuel.com\/information\/agression-rwandaise-martin-fayulu-demande-a-la-population-de-soutenir-les-fardc\/"]}]},{"@type":"ImageObject","inLanguage":"fr-FR","@id":"https:\/\/congovirtuel.com\/information\/agression-rwandaise-martin-fayulu-demande-a-la-population-de-soutenir-les-fardc\/#primaryimage","url":"https:\/\/congovirtuel.com\/information\/wp-content\/uploads\/2020\/12\/fayulu_martin.jpg","contentUrl":"https:\/\/congovirtuel.com\/information\/wp-content\/uploads\/2020\/12\/fayulu_martin.jpg","width":980,"height":551,"caption":"fayulu_martin"},{"@type":"BreadcrumbList","@id":"https:\/\/congovirtuel.com\/information\/agression-rwandaise-martin-fayulu-demande-a-la-population-de-soutenir-les-fardc\/#breadcrumb","itemListElement":[{"@type":"ListItem","position":1,"name":"Accueil","item":"https:\/\/congovirtuel.com\/information\/"},{"@type":"ListItem","position":2,"name":"Agression rwandaise : Martin Fayulu demande \u00e0 la population de soutenir les FARDC"}]},{"@type":"WebSite","@id":"https:\/\/congovirtuel.com\/information\/#website","url":"https:\/\/congovirtuel.com\/information\/","name":"Actualit\u00e9s congolaises et internationales","description":"site d&#039;analyse et de traitement d&#039;information","publisher":{"@id":"https:\/\/congovirtuel.com\/information\/#organization"},"potentialAction":[{"@type":"SearchAction","target":{"@type":"EntryPoint","urlTemplate":"https:\/\/congovirtuel.com\/information\/?s={search_term_string}"},"query-input":{"@type":"PropertyValueSpecification","valueRequired":true,"valueName":"search_term_string"}}],"inLanguage":"fr-FR"},{"@type":"Organization","@id":"https:\/\/congovirtuel.com\/information\/#organization","name":"Biblioth\u00e8que Virtuelle de la RDC","url":"https:\/\/congovirtuel.com\/information\/","logo":{"@type":"ImageObject","inLanguage":"fr-FR","@id":"https:\/\/congovirtuel.com\/information\/#\/schema\/logo\/image\/","url":"https:\/\/congovirtuel.com\/information\/wp-content\/uploads\/2018\/10\/header-info-congovirtuel-vraie.jpg","contentUrl":"https:\/\/congovirtuel.com\/information\/wp-content\/uploads\/2018\/10\/header-info-congovirtuel-vraie.jpg","width":728,"height":90,"caption":"Biblioth\u00e8que Virtuelle de la RDC"},"image":{"@id":"https:\/\/congovirtuel.com\/information\/#\/schema\/logo\/image\/"},"sameAs":["https:\/\/web.facebook.com\/Congovirtuel-763617960319601\/?ref=aymt_homepage_panel&amp;amp;amp;amp;amp;amp;amp;amp;amp;amp;amp;eid=ARCoxULa66767kIgF_KYav6VdjXTI4yk_LW4yoVO9s6NXpysgb7Cb65vpxcxgqzOAKvIbLQxaAETcqHT","https:\/\/x.com\/congovirtuel","https:\/\/www.youtube.com\/channel\/UCkFfprYzGgS3EWNpeMXpToQ?view_as=subscriber"]},{"@type":"Person","@id":"https:\/\/congovirtuel.com\/information\/#\/schema\/person\/739a44bf7990966cb53d58d2fdeca0b6","name":"infocongovirtuel","image":{"@type":"ImageObject","inLanguage":"fr-FR","@id":"https:\/\/secure.gravatar.com\/avatar\/4d76991aa72469f0eb22e772586c99113c6997f88da636a9db8f2ce3a2c05e69?s=96&d=mm&r=g","url":"https:\/\/secure.gravatar.com\/avatar\/4d76991aa72469f0eb22e772586c99113c6997f88da636a9db8f2ce3a2c05e69?s=96&d=mm&r=g","contentUrl":"https:\/\/secure.gravatar.com\/avatar\/4d76991aa72469f0eb22e772586c99113c6997f88da636a9db8f2ce3a2c05e69?s=96&d=mm&r=g","caption":"infocongovirtuel"},"url":"https:\/\/congovirtuel.com\/information\/author\/infocongovirtuel\/"}]}},"gt_translate_keys":[{"key":"link","format":"url"}],"_links":{"self":[{"href":"https:\/\/congovirtuel.com\/information\/wp-json\/wp\/v2\/posts\/21181","targetHints":{"allow":["GET"]}}],"collection":[{"href":"https:\/\/congovirtuel.com\/information\/wp-json\/wp\/v2\/posts"}],"about":[{"href":"https:\/\/congovirtuel.com\/information\/wp-json\/wp\/v2\/types\/post"}],"author":[{"embeddable":true,"href":"https:\/\/congovirtuel.com\/information\/wp-json\/wp\/v2\/users\/1"}],"replies":[{"embeddable":true,"href":"https:\/\/congovirtuel.com\/information\/wp-json\/wp\/v2\/comments?post=21181"}],"version-history":[{"count":1,"href":"https:\/\/congovirtuel.com\/information\/wp-json\/wp\/v2\/posts\/21181\/revisions"}],"predecessor-version":[{"id":21182,"href":"https:\/\/congovirtuel.com\/information\/wp-json\/wp\/v2\/posts\/21181\/revisions\/21182"}],"wp:featuredmedia":[{"embeddable":true,"href":"https:\/\/congovirtuel.com\/information\/wp-json\/wp\/v2\/media\/5179"}],"wp:attachment":[{"href":"https:\/\/congovirtuel.com\/information\/wp-json\/wp\/v2\/media?parent=21181"}],"wp:term":[{"taxonomy":"category","embeddable":true,"href":"https:\/\/congovirtuel.com\/information\/wp-json\/wp\/v2\/categories?post=21181"},{"taxonomy":"post_tag","embeddable":true,"href":"https:\/\/congovirtuel.com\/information\/wp-json\/wp\/v2\/tags?post=21181"}],"curies":[{"name":"wp","href":"https:\/\/api.w.org\/{rel}","templated":true}]}}