{"id":21321,"date":"2022-12-20T14:59:56","date_gmt":"2022-12-20T13:59:56","guid":{"rendered":"https:\/\/congovirtuel.com\/information\/?p=21321"},"modified":"2022-12-20T15:32:13","modified_gmt":"2022-12-20T14:32:13","slug":"nous-navons-pas-accepte-laccord-kunming-montreal-eve-bazaiba-deplore-le-passage-force-de-laccord-cop15","status":"publish","type":"post","link":"https:\/\/congovirtuel.com\/information\/nous-navons-pas-accepte-laccord-kunming-montreal-eve-bazaiba-deplore-le-passage-force-de-laccord-cop15\/","title":{"rendered":"\u00ab\u00a0Nous n&rsquo;avons pas accept\u00e9 l&rsquo;accord Kunming-Montr\u00e9al\u00a0\u00bb: Eve Bazaiba d\u00e9plore le passage forc\u00e9 de l&rsquo;accord Cop15","gt_translate_keys":[{"key":"rendered","format":"text"}]},"content":{"rendered":"<p>La ministre de l&rsquo;Environnement de la R\u00e9publique d\u00e9mocratique du Congo d\u00e9clare que la RDC n&rsquo;a pas accept\u00e9 l&rsquo;accord \u00ab\u00a030 by 30\u00a0\u00bb<\/p>\n<p>La ministre de l&rsquo;Environnement de la R\u00e9publique d\u00e9mocratique du Congo a d\u00e9clar\u00e9 que son pays n&rsquo;avait pas accept\u00e9 l&rsquo;accord pour arr\u00eater la destruction des \u00e9cosyst\u00e8mes de la Terre, ce qui a incit\u00e9 des efforts diplomatiques en coulisses pour maintenir l&rsquo;accord en vigueur quelques heures seulement apr\u00e8s son adoption.<\/p>\n<p>\u00c8ve Bazaiba, ministre de l&rsquo;Environnement de la RDC, a d\u00e9clar\u00e9 que son pays \u00e9crirait au secr\u00e9taire g\u00e9n\u00e9ral de l&rsquo;ONU, Ant\u00f3nio Guterres, et \u00e0 la Convention sur la diversit\u00e9 biologique pour exprimer la position de la RDC sur le texte final. Cela survient apr\u00e8s que le pr\u00e9sident chinois de la Cop15, Huang Runqiu, a sembl\u00e9 forcer l&rsquo;accord lors de la pl\u00e9ni\u00e8re finale quelques instants apr\u00e8s que le n\u00e9gociateur de la RDC a d\u00e9clar\u00e9 qu&rsquo;il ne soutenait pas l&rsquo;accord, qui est g\u00e9n\u00e9ralement n\u00e9goci\u00e9 par consensus. Ses interventions ont suscit\u00e9 de nouvelles objections de la part de l&rsquo;Ouganda et du Cameroun.<\/p>\n<p>\u00ab <em>Nous ne l&rsquo;avons pas accept\u00e9. Nous ne sommes pas d&rsquo;accord. Nous rentrerons \u00e0 la maison. Peut-\u00eatre que le pr\u00e9sident de la Cop15 et le Canada poursuivront les n\u00e9gociations avec les pays avant la prochaine Cop. Nous sommes ouverts \u00e0 cela. Je suis triste de voir qu&rsquo;ils n&rsquo;ont pas respect\u00e9 la proc\u00e9dure<\/em> \u00bb, a d\u00e9clar\u00e9 lundi Bazaiba.<\/p>\n<p>La RDC abrite la deuxi\u00e8me plus grande for\u00eat tropicale du monde et le bassin du Congo &#8211; dont 60% se trouve en RDC &#8211; est l&rsquo;un des \u00e9cosyst\u00e8mes cl\u00e9s que l&rsquo;accord \u00ab\u00a030 by 30&Prime; devra prot\u00e9ger.<\/p>\n<p>D&rsquo;autres pays ont largement soutenu le texte final, qui comprenait les objectifs de protection de 30% de la plan\u00e8te pour la nature d&rsquo;ici 2030, la r\u00e9forme de 500 milliards de dollars (410 milliards de livres sterling) de subventions pr\u00e9judiciables \u00e0 l&rsquo;environnement et la prise de mesures urgentes contre les extinctions.<\/p>\n<p>Christophe B\u00e9chu, ministre fran\u00e7ais de la Transition \u00e9cologique, qui dirigeait sa d\u00e9l\u00e9gation, l&rsquo;a qualifi\u00e9 d'\u00a0\u00bbaccord historique\u00a0\u00bb. Il a d\u00e9clar\u00e9: <em>\u00abCe n&rsquo;est pas une mince affaire. C&rsquo;est un accord avec des objectifs tr\u00e8s pr\u00e9cis et quantifi\u00e9s sur les pesticides, sur la r\u00e9duction de la perte d&rsquo;esp\u00e8ces, sur l&rsquo;\u00e9limination des mauvaises subventions. Nous doublons jusqu&rsquo;en 2025 et triplons [en] 2030 le financement de la biodiversit\u00e9.<\/em><\/p>\n<p>Et les militants ont salu\u00e9 l&rsquo;accent mis sur les droits et les territoires des peuples autochtones qui, malgr\u00e9 leur contribution d\u00e9mesur\u00e9e \u00e0 la protection de la nature, sont souvent confront\u00e9s \u00e0 des menaces de violence et \u00e0 des violations de leurs droits.<\/p>\n<p><em>\u00ab Il est d\u00e9sormais reconnu que les peuples autochtones peuvent \u00e9galement contribuer \u00e0 la conservation de la biodiversit\u00e9 <\/em>\u00bb, a d\u00e9clar\u00e9 Viviana Figueroa, repr\u00e9sentante du Forum international des peuples autochtones sur la biodiversit\u00e9 (IIFB). \u00ab <em>Pour nous, c&rsquo;est comme un changement de paradigme. Ils reconnaissent ce r\u00f4le important qui \u00e9tait invisible.<\/em><\/p>\n<p>Certains ont qualifi\u00e9 les objections de la RDC d&rsquo;hypocrites, \u00e9tant donn\u00e9 qu&rsquo;elles poursuivent le d\u00e9veloppement du p\u00e9trole et du gaz dans leurs propres for\u00eats tropicales et les parcs nationaux des Virunga malgr\u00e9 les avertissements environnementaux.<\/p>\n<p>Bazaiba a d\u00e9clar\u00e9 que c&rsquo;est\u00a0 le droit\u00a0 de tout\u00a0 pays de se d\u00e9velopper \u00e9conomiquement. \u00ab\u00a0<em>Nous n&rsquo;avons pas besoin que les gens nous disent de le conserver. Ceux qui nous demandent de prot\u00e9ger nos for\u00eats tropicales, d&rsquo;aider l&rsquo;humanit\u00e9, nous demandons aux responsables de la pollution une compensation. S&rsquo;ils refusent, nous allons g\u00e9rer notre propre biodiversit\u00e9<\/em> \u00bb, a-t-elle d\u00e9clar\u00e9.<\/p>\n<p>Bazaiba a d\u00e9clar\u00e9 qu&rsquo;ils ne pouvaient pas soutenir l&rsquo;accord car il ne cr\u00e9ait pas de nouveau fonds pour la biodiversit\u00e9 distinct du fonds existant des Nations Unies, le Fonds pour l&rsquo;environnement mondial (FEM). La Chine, le Br\u00e9sil, l&rsquo;Indon\u00e9sie, l&rsquo;Inde et le Mexique sont les principaux b\u00e9n\u00e9ficiaires du financement du FEM, et certains \u00c9tats africains voulaient plus d&rsquo;argent pour la conservation dans le cadre de l&rsquo;accord final.<\/p>\n<p><strong>L&rsquo;objection de la RDC affecte l&rsquo;accord sur la biodiversit\u00e9 de la Cop15 qui \u00ab\u00a0change de paradigme\u00a0\u00bb <\/strong><\/p>\n<p>C&rsquo;\u00e9tait presque un moment sp\u00e9cial aux premi\u00e8res heures du lundi matin au Palais des congr\u00e8s de Montr\u00e9al. La Chine et le Canada, deux adversaires qui se chamaillent, s&rsquo;\u00e9taient unis pour le bien de la plan\u00e8te pour aider le monde \u00e0 la Cop15 \u00e0 forger un accord unique en une d\u00e9cennie pour arr\u00eater la destruction des \u00e9cosyst\u00e8mes de la Terre.<\/p>\n<p>De l&rsquo;accent mis sur les droits des autochtones \u00e0 la conservation de 30 % de la Terre pour la nature, il y a de bonnes raisons de croire que l&rsquo;accord Kunming-Montr\u00e9al pourrait \u00eatre un tournant v\u00e9ritablement historique et plein d&rsquo;espoir dans la relation de l&rsquo;humanit\u00e9 avec la nature apr\u00e8s des d\u00e9cennies de destruction et d&rsquo;avertissements d&rsquo;extinctions massives.<\/p>\n<p>\u00ab\u00a0<em>Pour nous, c&rsquo;est comme un changement de paradigme<\/em>\u00ab\u00a0, a d\u00e9clar\u00e9 Viviana Figueroa, une repr\u00e9sentante du Forum international autochtone sur la biodiversit\u00e9 (IIFB). \u00ab\u00a0<em>Ils reconnaissent ce r\u00f4le important qui \u00e9tait invisible<\/em>.\u00a0\u00bb \u00ab\u00a0<em>Un accord historique<\/em>\u00ab\u00a0, a d\u00e9clar\u00e9 Christophe B\u00e9chu, ministre fran\u00e7ais de la Transition \u00e9cologique, \u00e0 propos de l&rsquo;accord, pr\u00e9sent\u00e9 par certains comme le \u00ab\u00a0moment parisien\u00a0\u00bb de la nature, en r\u00e9f\u00e9rence \u00e0 l&rsquo;accord sur le climat conclu \u00e0 Paris en 2015.<\/p>\n<p><strong>L&rsquo; objection de derni\u00e8re minute de la RDC\u00a0 rejet\u00e9e sur une technicit\u00e9 juridique par Huang Runqiu<\/strong><\/p>\n<p><strong>\u00a0<\/strong>Mais une objection de derni\u00e8re minute de la R\u00e9publique d\u00e9mocratique du Congo, qui semble avoir \u00e9t\u00e9 rejet\u00e9e sur une technicit\u00e9 juridique par Huang Runqiu, ministre chinois de l&rsquo;environnement et pr\u00e9sident de la Cop15, a laiss\u00e9 certains avec un mauvais go\u00fbt dans la bouche et d&rsquo;autres craignant certains les \u00c9tats riches en nature ne prendront pas la mise en \u0153uvre au s\u00e9rieux.<\/p>\n<p>Le n\u00e9gociateur de la RDC a clairement indiqu\u00e9 que son pays n&rsquo;\u00e9tait pas favorable \u00e0 l&rsquo;adoption du texte. Mais il n&rsquo;a pas utilis\u00e9 la bonne formulation pour l&rsquo;exprimer formellement, c&rsquo;est pourquoi l&rsquo;accord final est dit juridiquement acceptable.<\/p>\n<p>Le monde n&rsquo;a jamais atteint l&rsquo;objectif qu&rsquo;il s&rsquo;\u00e9tait fix\u00e9 sur la nature. La COP15 \u00e9tait cens\u00e9e \u00eatre diff\u00e9rente, en mettant l&rsquo;accent sur la garantie que les pays suivront.<\/p>\n<p>\u00c8ve Bazaiba, la ministre de l&rsquo;environnement de la RDC, a d\u00e9clar\u00e9 que son pays ne reconna\u00eet pas l&rsquo;accord et se plaindra aupr\u00e8s du secr\u00e9taire g\u00e9n\u00e9ral de l&rsquo;ONU de la mani\u00e8re dont les objections de son pays ont \u00e9t\u00e9 trait\u00e9es en pl\u00e9ni\u00e8re.<\/p>\n<p>\u00ab\u00a0<em>Nous n&rsquo;avons pas sign\u00e9 l&rsquo;accord. Il ne nous est pas possible de le mettre en \u0153uvre. Nous ne pouvons pas accepter le niveau d&rsquo;ambition sans plus de financement<\/em> \u00bb, a-t-elle d\u00e9clar\u00e9.<\/p>\n<p>La RDC est peut-\u00eatre l&rsquo;un des pays les plus pauvres du monde mais en termes de biodiversit\u00e9, c&rsquo;est une superpuissance. Il abrite la plus grande partie de la deuxi\u00e8me plus grande for\u00eat tropicale du monde, la for\u00eat tropicale du bassin du Congo, la seule qui aspire plus de carbone qu&rsquo;elle n&rsquo;en lib\u00e8re. Les gorilles de montagne des Virunga sont mondialement connus et font l&rsquo;objet de nombreux documentaires.<\/p>\n<p>Malgr\u00e9 les affirmations du gouvernement de la RDC selon lesquelles il est d\u00e9termin\u00e9 \u00e0 prot\u00e9ger sa faune, il poursuit l&rsquo;exploration p\u00e9troli\u00e8re et gazi\u00e8re dans ces \u00e9cosyst\u00e8mes vitaux &#8211; y compris les Virunga, rendant ses objections hypocrites aux yeux de beaucoup.<\/p>\n<p>Jusqu&rsquo;\u00e0 la derni\u00e8re pl\u00e9ni\u00e8re, le Canadien Steven Guilbeault, un ancien militant \u00e9cologiste devenu ministre, et Runqiu avaient travaill\u00e9 ensemble dans les coulisses pour amener les pays \u00e0 s&rsquo;entendre \u2013 un partenariat improbable entre une d\u00e9mocratie lib\u00e9rale et une dictature autoritaire .<\/p>\n<p>Aux premi\u00e8res heures de lundi matin, la RDC a r\u00e9sist\u00e9 \u00e0 la derni\u00e8re minute \u00e0 la cr\u00e9ation d&rsquo;un nouveau fonds pour la biodiversit\u00e9, dont elle a d\u00e9clar\u00e9 avoir besoin pour payer la conservation et les moyens de subsistance alternatifs. Beaucoup disent qu&rsquo;il s&rsquo;agit d&rsquo;une tactique de n\u00e9gociation malhonn\u00eate, con\u00e7ue pour obtenir le plus d&rsquo;argent possible de l&rsquo;h\u00e9misph\u00e8re Nord.<\/p>\n<p>Mais pour la vue d&rsquo;ensemble de la protection des \u00e9cosyst\u00e8mes cl\u00e9s, cela pose probl\u00e8me pour la mise en \u0153uvre de l&rsquo;accord Kunming-Montr\u00e9al quelques heures seulement apr\u00e8s qu&rsquo;il semble avoir \u00e9t\u00e9 convenu.<\/p>\n<p>Le sommet de Montr\u00e9al visait \u00e0 s&rsquo;assurer que les \u00e9cosyst\u00e8mes \u00e0 ne pas d\u00e9truire,\u00a0 survivent au si\u00e8cle, pour le bien de l&rsquo;humanit\u00e9.<\/p>\n<p>Et le spectacle d&rsquo;une superpuissance de la biodiversit\u00e9 telle que la RDC se faisant rejeter sa position dans les derni\u00e8res minutes de la Cop15 par un pr\u00e9sident chinois pr\u00e9cipitant un texte a \u00e9t\u00e9 interpr\u00e9t\u00e9 par certains \u00c9tats africains et latino-am\u00e9ricains &#8211; \u00e0 juste titre ou non &#8211; comme une preuve que leurs opinions le font pas important.<\/p>\n<p>Un triage politique urgent est n\u00e9cessaire pour s&rsquo;assurer que l&rsquo;accord Kunming-Montr\u00e9al tient. La Terre ne peut pas se permettre une autre d\u00e9cennie d&rsquo;\u00e9chec et de destruction.<\/p>\n<p><strong><em>The Guardian <\/em><\/strong><\/p>\n<p><strong><em>\u00a0<\/em><\/strong><strong><em>Lire l&rsquo;accord Kunming-Montr\u00e9al<\/em><\/strong><\/p>\n<p><a href=\"https:\/\/congovirtuel.com\/information\/wp-content\/uploads\/2022\/12\/cop-15-l-25-en.pdf\">cop-15-l-25-en<\/a><\/p>\n<p>&nbsp;<\/p>\n<p>&nbsp;<\/p>\n","protected":false,"gt_translate_keys":[{"key":"rendered","format":"html"}]},"excerpt":{"rendered":"<p>La ministre de l&rsquo;Environnement de la R\u00e9publique d\u00e9mocratique du Congo d\u00e9clare que la RDC n&rsquo;a pas accept\u00e9 l&rsquo;accord \u00ab\u00a030 by 30\u00a0\u00bb La ministre de l&rsquo;Environnement de la R\u00e9publique d\u00e9mocratique du Congo a d\u00e9clar\u00e9 que son pays n&rsquo;avait pas accept\u00e9 l&rsquo;accord pour arr\u00eater la destruction des \u00e9cosyst\u00e8mes de la Terre, ce qui a incit\u00e9 des efforts diplomatiques en coulisses pour maintenir l&rsquo;accord en vigueur quelques heures seulement apr\u00e8s son adoption. \u00c8ve Bazaiba, ministre de l&rsquo;Environnement de la RDC, a d\u00e9clar\u00e9 que son pays \u00e9crirait au secr\u00e9taire g\u00e9n\u00e9ral de l&rsquo;ONU, Ant\u00f3nio Guterres,&hellip;<\/p>\n","protected":false,"gt_translate_keys":[{"key":"rendered","format":"html"}]},"author":1,"featured_media":21320,"comment_status":"open","ping_status":"open","sticky":false,"template":"","format":"standard","meta":{"_crdt_document":"","footnotes":""},"categories":[2539],"tags":[37603,8597],"class_list":["post-21321","post","type-post","status-publish","format-standard","has-post-thumbnail","hentry","category-environnement","tag-cop-15-position-rdc","tag-eve-bazaiba"],"gutentor_comment":1,"yoast_head":"<!-- This site is optimized with the Yoast SEO plugin v27.5 - https:\/\/yoast.com\/product\/yoast-seo-wordpress\/ -->\n<title>&quot;Nous n&#039;avons pas accept\u00e9 l&#039;accord Kunming-Montr\u00e9al&quot;: Eve Bazaiba d\u00e9plore le passage forc\u00e9 de l&#039;accord Cop15 - Actualit\u00e9s congolaises et internationales<\/title>\n<meta name=\"robots\" content=\"index, follow, max-snippet:-1, max-image-preview:large, max-video-preview:-1\" \/>\n<link rel=\"canonical\" href=\"https:\/\/congovirtuel.com\/information\/nous-navons-pas-accepte-laccord-kunming-montreal-eve-bazaiba-deplore-le-passage-force-de-laccord-cop15\/\" \/>\n<meta property=\"og:locale\" content=\"fr_FR\" \/>\n<meta property=\"og:type\" content=\"article\" \/>\n<meta property=\"og:title\" content=\"&quot;Nous n&#039;avons pas accept\u00e9 l&#039;accord Kunming-Montr\u00e9al&quot;: Eve Bazaiba d\u00e9plore le passage forc\u00e9 de l&#039;accord Cop15 - Actualit\u00e9s congolaises et internationales\" \/>\n<meta property=\"og:description\" content=\"La ministre de l&rsquo;Environnement de la R\u00e9publique d\u00e9mocratique du Congo d\u00e9clare que la RDC n&rsquo;a pas accept\u00e9 l&rsquo;accord \u00ab\u00a030 by 30\u00a0\u00bb La ministre de l&rsquo;Environnement de la R\u00e9publique d\u00e9mocratique du Congo a d\u00e9clar\u00e9 que son pays n&rsquo;avait pas accept\u00e9 l&rsquo;accord pour arr\u00eater la destruction des \u00e9cosyst\u00e8mes de la Terre, ce qui a incit\u00e9 des efforts diplomatiques en coulisses pour maintenir l&rsquo;accord en vigueur quelques heures seulement apr\u00e8s son adoption. \u00c8ve Bazaiba, ministre de l&rsquo;Environnement de la RDC, a d\u00e9clar\u00e9 que son pays \u00e9crirait au secr\u00e9taire g\u00e9n\u00e9ral de l&rsquo;ONU, Ant\u00f3nio Guterres,&hellip;\" \/>\n<meta property=\"og:url\" content=\"https:\/\/congovirtuel.com\/information\/nous-navons-pas-accepte-laccord-kunming-montreal-eve-bazaiba-deplore-le-passage-force-de-laccord-cop15\/\" \/>\n<meta property=\"og:site_name\" content=\"Actualit\u00e9s congolaises et internationales\" \/>\n<meta property=\"article:publisher\" content=\"https:\/\/web.facebook.com\/Congovirtuel-763617960319601\/?ref=aymt_homepage_panel&amp;amp%3bamp%3bamp%3bamp%3bamp%3bamp%3bamp%3bamp%3bamp%3bamp%3bamp%3beid=ARCoxULa66767kIgF_KYav6VdjXTI4yk_LW4yoVO9s6NXpysgb7Cb65vpxcxgqzOAKvIbLQxaAETcqHT\" \/>\n<meta property=\"article:published_time\" content=\"2022-12-20T13:59:56+00:00\" \/>\n<meta property=\"article:modified_time\" content=\"2022-12-20T14:32:13+00:00\" \/>\n<meta property=\"og:image\" content=\"https:\/\/congovirtuel.com\/information\/wp-content\/uploads\/2022\/12\/Eve_Cop15.jpg\" \/>\n\t<meta property=\"og:image:width\" content=\"930\" \/>\n\t<meta property=\"og:image:height\" content=\"558\" \/>\n\t<meta property=\"og:image:type\" content=\"image\/jpeg\" \/>\n<meta name=\"author\" content=\"infocongovirtuel\" \/>\n<meta name=\"twitter:card\" content=\"summary_large_image\" \/>\n<meta name=\"twitter:creator\" content=\"@congovirtuel\" \/>\n<meta name=\"twitter:site\" content=\"@congovirtuel\" \/>\n<meta name=\"twitter:label1\" content=\"\u00c9crit par\" \/>\n\t<meta name=\"twitter:data1\" content=\"infocongovirtuel\" \/>\n\t<meta name=\"twitter:label2\" content=\"Dur\u00e9e de lecture estim\u00e9e\" \/>\n\t<meta name=\"twitter:data2\" content=\"8 minutes\" \/>\n<script type=\"application\/ld+json\" class=\"yoast-schema-graph\">{\"@context\":\"https:\\\/\\\/schema.org\",\"@graph\":[{\"@type\":\"Article\",\"@id\":\"https:\\\/\\\/congovirtuel.com\\\/information\\\/nous-navons-pas-accepte-laccord-kunming-montreal-eve-bazaiba-deplore-le-passage-force-de-laccord-cop15\\\/#article\",\"isPartOf\":{\"@id\":\"https:\\\/\\\/congovirtuel.com\\\/information\\\/nous-navons-pas-accepte-laccord-kunming-montreal-eve-bazaiba-deplore-le-passage-force-de-laccord-cop15\\\/\"},\"author\":{\"name\":\"infocongovirtuel\",\"@id\":\"https:\\\/\\\/congovirtuel.com\\\/information\\\/#\\\/schema\\\/person\\\/739a44bf7990966cb53d58d2fdeca0b6\"},\"headline\":\"\u00ab\u00a0Nous n&rsquo;avons pas accept\u00e9 l&rsquo;accord Kunming-Montr\u00e9al\u00a0\u00bb: Eve Bazaiba d\u00e9plore le passage forc\u00e9 de l&rsquo;accord Cop15\",\"datePublished\":\"2022-12-20T13:59:56+00:00\",\"dateModified\":\"2022-12-20T14:32:13+00:00\",\"mainEntityOfPage\":{\"@id\":\"https:\\\/\\\/congovirtuel.com\\\/information\\\/nous-navons-pas-accepte-laccord-kunming-montreal-eve-bazaiba-deplore-le-passage-force-de-laccord-cop15\\\/\"},\"wordCount\":1623,\"commentCount\":0,\"publisher\":{\"@id\":\"https:\\\/\\\/congovirtuel.com\\\/information\\\/#organization\"},\"image\":{\"@id\":\"https:\\\/\\\/congovirtuel.com\\\/information\\\/nous-navons-pas-accepte-laccord-kunming-montreal-eve-bazaiba-deplore-le-passage-force-de-laccord-cop15\\\/#primaryimage\"},\"thumbnailUrl\":\"https:\\\/\\\/congovirtuel.com\\\/information\\\/wp-content\\\/uploads\\\/2022\\\/12\\\/Eve_Cop15.jpg\",\"keywords\":[\"COP 15 position RDC\",\"\u00c8ve Bazaiba\"],\"articleSection\":[\"Environnement\"],\"inLanguage\":\"fr-FR\",\"potentialAction\":[{\"@type\":\"CommentAction\",\"name\":\"Comment\",\"target\":[\"https:\\\/\\\/congovirtuel.com\\\/information\\\/nous-navons-pas-accepte-laccord-kunming-montreal-eve-bazaiba-deplore-le-passage-force-de-laccord-cop15\\\/#respond\"]}]},{\"@type\":\"WebPage\",\"@id\":\"https:\\\/\\\/congovirtuel.com\\\/information\\\/nous-navons-pas-accepte-laccord-kunming-montreal-eve-bazaiba-deplore-le-passage-force-de-laccord-cop15\\\/\",\"url\":\"https:\\\/\\\/congovirtuel.com\\\/information\\\/nous-navons-pas-accepte-laccord-kunming-montreal-eve-bazaiba-deplore-le-passage-force-de-laccord-cop15\\\/\",\"name\":\"\\\"Nous n'avons pas accept\u00e9 l'accord Kunming-Montr\u00e9al\\\": Eve Bazaiba d\u00e9plore le passage forc\u00e9 de l'accord Cop15 - Actualit\u00e9s congolaises et internationales\",\"isPartOf\":{\"@id\":\"https:\\\/\\\/congovirtuel.com\\\/information\\\/#website\"},\"primaryImageOfPage\":{\"@id\":\"https:\\\/\\\/congovirtuel.com\\\/information\\\/nous-navons-pas-accepte-laccord-kunming-montreal-eve-bazaiba-deplore-le-passage-force-de-laccord-cop15\\\/#primaryimage\"},\"image\":{\"@id\":\"https:\\\/\\\/congovirtuel.com\\\/information\\\/nous-navons-pas-accepte-laccord-kunming-montreal-eve-bazaiba-deplore-le-passage-force-de-laccord-cop15\\\/#primaryimage\"},\"thumbnailUrl\":\"https:\\\/\\\/congovirtuel.com\\\/information\\\/wp-content\\\/uploads\\\/2022\\\/12\\\/Eve_Cop15.jpg\",\"datePublished\":\"2022-12-20T13:59:56+00:00\",\"dateModified\":\"2022-12-20T14:32:13+00:00\",\"breadcrumb\":{\"@id\":\"https:\\\/\\\/congovirtuel.com\\\/information\\\/nous-navons-pas-accepte-laccord-kunming-montreal-eve-bazaiba-deplore-le-passage-force-de-laccord-cop15\\\/#breadcrumb\"},\"inLanguage\":\"fr-FR\",\"potentialAction\":[{\"@type\":\"ReadAction\",\"target\":[\"https:\\\/\\\/congovirtuel.com\\\/information\\\/nous-navons-pas-accepte-laccord-kunming-montreal-eve-bazaiba-deplore-le-passage-force-de-laccord-cop15\\\/\"]}]},{\"@type\":\"ImageObject\",\"inLanguage\":\"fr-FR\",\"@id\":\"https:\\\/\\\/congovirtuel.com\\\/information\\\/nous-navons-pas-accepte-laccord-kunming-montreal-eve-bazaiba-deplore-le-passage-force-de-laccord-cop15\\\/#primaryimage\",\"url\":\"https:\\\/\\\/congovirtuel.com\\\/information\\\/wp-content\\\/uploads\\\/2022\\\/12\\\/Eve_Cop15.jpg\",\"contentUrl\":\"https:\\\/\\\/congovirtuel.com\\\/information\\\/wp-content\\\/uploads\\\/2022\\\/12\\\/Eve_Cop15.jpg\",\"width\":930,\"height\":558},{\"@type\":\"BreadcrumbList\",\"@id\":\"https:\\\/\\\/congovirtuel.com\\\/information\\\/nous-navons-pas-accepte-laccord-kunming-montreal-eve-bazaiba-deplore-le-passage-force-de-laccord-cop15\\\/#breadcrumb\",\"itemListElement\":[{\"@type\":\"ListItem\",\"position\":1,\"name\":\"Accueil\",\"item\":\"https:\\\/\\\/congovirtuel.com\\\/information\\\/\"},{\"@type\":\"ListItem\",\"position\":2,\"name\":\"\u00ab\u00a0Nous n&rsquo;avons pas accept\u00e9 l&rsquo;accord Kunming-Montr\u00e9al\u00a0\u00bb: Eve Bazaiba d\u00e9plore le passage forc\u00e9 de l&rsquo;accord Cop15\"}]},{\"@type\":\"WebSite\",\"@id\":\"https:\\\/\\\/congovirtuel.com\\\/information\\\/#website\",\"url\":\"https:\\\/\\\/congovirtuel.com\\\/information\\\/\",\"name\":\"Actualit\u00e9s congolaises et internationales\",\"description\":\"site d&#039;analyse et de traitement d&#039;information\",\"publisher\":{\"@id\":\"https:\\\/\\\/congovirtuel.com\\\/information\\\/#organization\"},\"potentialAction\":[{\"@type\":\"SearchAction\",\"target\":{\"@type\":\"EntryPoint\",\"urlTemplate\":\"https:\\\/\\\/congovirtuel.com\\\/information\\\/?s={search_term_string}\"},\"query-input\":{\"@type\":\"PropertyValueSpecification\",\"valueRequired\":true,\"valueName\":\"search_term_string\"}}],\"inLanguage\":\"fr-FR\"},{\"@type\":\"Organization\",\"@id\":\"https:\\\/\\\/congovirtuel.com\\\/information\\\/#organization\",\"name\":\"Biblioth\u00e8que Virtuelle de la RDC\",\"url\":\"https:\\\/\\\/congovirtuel.com\\\/information\\\/\",\"logo\":{\"@type\":\"ImageObject\",\"inLanguage\":\"fr-FR\",\"@id\":\"https:\\\/\\\/congovirtuel.com\\\/information\\\/#\\\/schema\\\/logo\\\/image\\\/\",\"url\":\"https:\\\/\\\/congovirtuel.com\\\/information\\\/wp-content\\\/uploads\\\/2018\\\/10\\\/header-info-congovirtuel-vraie.jpg\",\"contentUrl\":\"https:\\\/\\\/congovirtuel.com\\\/information\\\/wp-content\\\/uploads\\\/2018\\\/10\\\/header-info-congovirtuel-vraie.jpg\",\"width\":728,\"height\":90,\"caption\":\"Biblioth\u00e8que Virtuelle de la RDC\"},\"image\":{\"@id\":\"https:\\\/\\\/congovirtuel.com\\\/information\\\/#\\\/schema\\\/logo\\\/image\\\/\"},\"sameAs\":[\"https:\\\/\\\/web.facebook.com\\\/Congovirtuel-763617960319601\\\/?ref=aymt_homepage_panel&amp;amp;amp;amp;amp;amp;amp;amp;amp;amp;amp;eid=ARCoxULa66767kIgF_KYav6VdjXTI4yk_LW4yoVO9s6NXpysgb7Cb65vpxcxgqzOAKvIbLQxaAETcqHT\",\"https:\\\/\\\/x.com\\\/congovirtuel\",\"https:\\\/\\\/www.youtube.com\\\/channel\\\/UCkFfprYzGgS3EWNpeMXpToQ?view_as=subscriber\"]},{\"@type\":\"Person\",\"@id\":\"https:\\\/\\\/congovirtuel.com\\\/information\\\/#\\\/schema\\\/person\\\/739a44bf7990966cb53d58d2fdeca0b6\",\"name\":\"infocongovirtuel\",\"image\":{\"@type\":\"ImageObject\",\"inLanguage\":\"fr-FR\",\"@id\":\"https:\\\/\\\/secure.gravatar.com\\\/avatar\\\/4d76991aa72469f0eb22e772586c99113c6997f88da636a9db8f2ce3a2c05e69?s=96&d=mm&r=g\",\"url\":\"https:\\\/\\\/secure.gravatar.com\\\/avatar\\\/4d76991aa72469f0eb22e772586c99113c6997f88da636a9db8f2ce3a2c05e69?s=96&d=mm&r=g\",\"contentUrl\":\"https:\\\/\\\/secure.gravatar.com\\\/avatar\\\/4d76991aa72469f0eb22e772586c99113c6997f88da636a9db8f2ce3a2c05e69?s=96&d=mm&r=g\",\"caption\":\"infocongovirtuel\"},\"url\":\"https:\\\/\\\/congovirtuel.com\\\/information\\\/author\\\/infocongovirtuel\\\/\"}]}<\/script>\n<!-- \/ Yoast SEO plugin. -->","yoast_head_json":{"title":"\"Nous n'avons pas accept\u00e9 l'accord Kunming-Montr\u00e9al\": Eve Bazaiba d\u00e9plore le passage forc\u00e9 de l'accord Cop15 - Actualit\u00e9s congolaises et internationales","robots":{"index":"index","follow":"follow","max-snippet":"max-snippet:-1","max-image-preview":"max-image-preview:large","max-video-preview":"max-video-preview:-1"},"canonical":"https:\/\/congovirtuel.com\/information\/nous-navons-pas-accepte-laccord-kunming-montreal-eve-bazaiba-deplore-le-passage-force-de-laccord-cop15\/","og_locale":"fr_FR","og_type":"article","og_title":"\"Nous n'avons pas accept\u00e9 l'accord Kunming-Montr\u00e9al\": Eve Bazaiba d\u00e9plore le passage forc\u00e9 de l'accord Cop15 - Actualit\u00e9s congolaises et internationales","og_description":"La ministre de l&rsquo;Environnement de la R\u00e9publique d\u00e9mocratique du Congo d\u00e9clare que la RDC n&rsquo;a pas accept\u00e9 l&rsquo;accord \u00ab\u00a030 by 30\u00a0\u00bb La ministre de l&rsquo;Environnement de la R\u00e9publique d\u00e9mocratique du Congo a d\u00e9clar\u00e9 que son pays n&rsquo;avait pas accept\u00e9 l&rsquo;accord pour arr\u00eater la destruction des \u00e9cosyst\u00e8mes de la Terre, ce qui a incit\u00e9 des efforts diplomatiques en coulisses pour maintenir l&rsquo;accord en vigueur quelques heures seulement apr\u00e8s son adoption. \u00c8ve Bazaiba, ministre de l&rsquo;Environnement de la RDC, a d\u00e9clar\u00e9 que son pays \u00e9crirait au secr\u00e9taire g\u00e9n\u00e9ral de l&rsquo;ONU, Ant\u00f3nio Guterres,&hellip;","og_url":"https:\/\/congovirtuel.com\/information\/nous-navons-pas-accepte-laccord-kunming-montreal-eve-bazaiba-deplore-le-passage-force-de-laccord-cop15\/","og_site_name":"Actualit\u00e9s congolaises et internationales","article_publisher":"https:\/\/web.facebook.com\/Congovirtuel-763617960319601\/?ref=aymt_homepage_panel&amp%3bamp%3bamp%3bamp%3bamp%3bamp%3bamp%3bamp%3bamp%3bamp%3bamp%3beid=ARCoxULa66767kIgF_KYav6VdjXTI4yk_LW4yoVO9s6NXpysgb7Cb65vpxcxgqzOAKvIbLQxaAETcqHT","article_published_time":"2022-12-20T13:59:56+00:00","article_modified_time":"2022-12-20T14:32:13+00:00","og_image":[{"width":930,"height":558,"url":"https:\/\/congovirtuel.com\/information\/wp-content\/uploads\/2022\/12\/Eve_Cop15.jpg","type":"image\/jpeg"}],"author":"infocongovirtuel","twitter_card":"summary_large_image","twitter_creator":"@congovirtuel","twitter_site":"@congovirtuel","twitter_misc":{"\u00c9crit par":"infocongovirtuel","Dur\u00e9e de lecture estim\u00e9e":"8 minutes"},"schema":{"@context":"https:\/\/schema.org","@graph":[{"@type":"Article","@id":"https:\/\/congovirtuel.com\/information\/nous-navons-pas-accepte-laccord-kunming-montreal-eve-bazaiba-deplore-le-passage-force-de-laccord-cop15\/#article","isPartOf":{"@id":"https:\/\/congovirtuel.com\/information\/nous-navons-pas-accepte-laccord-kunming-montreal-eve-bazaiba-deplore-le-passage-force-de-laccord-cop15\/"},"author":{"name":"infocongovirtuel","@id":"https:\/\/congovirtuel.com\/information\/#\/schema\/person\/739a44bf7990966cb53d58d2fdeca0b6"},"headline":"\u00ab\u00a0Nous n&rsquo;avons pas accept\u00e9 l&rsquo;accord Kunming-Montr\u00e9al\u00a0\u00bb: Eve Bazaiba d\u00e9plore le passage forc\u00e9 de l&rsquo;accord Cop15","datePublished":"2022-12-20T13:59:56+00:00","dateModified":"2022-12-20T14:32:13+00:00","mainEntityOfPage":{"@id":"https:\/\/congovirtuel.com\/information\/nous-navons-pas-accepte-laccord-kunming-montreal-eve-bazaiba-deplore-le-passage-force-de-laccord-cop15\/"},"wordCount":1623,"commentCount":0,"publisher":{"@id":"https:\/\/congovirtuel.com\/information\/#organization"},"image":{"@id":"https:\/\/congovirtuel.com\/information\/nous-navons-pas-accepte-laccord-kunming-montreal-eve-bazaiba-deplore-le-passage-force-de-laccord-cop15\/#primaryimage"},"thumbnailUrl":"https:\/\/congovirtuel.com\/information\/wp-content\/uploads\/2022\/12\/Eve_Cop15.jpg","keywords":["COP 15 position RDC","\u00c8ve Bazaiba"],"articleSection":["Environnement"],"inLanguage":"fr-FR","potentialAction":[{"@type":"CommentAction","name":"Comment","target":["https:\/\/congovirtuel.com\/information\/nous-navons-pas-accepte-laccord-kunming-montreal-eve-bazaiba-deplore-le-passage-force-de-laccord-cop15\/#respond"]}]},{"@type":"WebPage","@id":"https:\/\/congovirtuel.com\/information\/nous-navons-pas-accepte-laccord-kunming-montreal-eve-bazaiba-deplore-le-passage-force-de-laccord-cop15\/","url":"https:\/\/congovirtuel.com\/information\/nous-navons-pas-accepte-laccord-kunming-montreal-eve-bazaiba-deplore-le-passage-force-de-laccord-cop15\/","name":"\"Nous n'avons pas accept\u00e9 l'accord Kunming-Montr\u00e9al\": Eve Bazaiba d\u00e9plore le passage forc\u00e9 de l'accord Cop15 - Actualit\u00e9s congolaises et internationales","isPartOf":{"@id":"https:\/\/congovirtuel.com\/information\/#website"},"primaryImageOfPage":{"@id":"https:\/\/congovirtuel.com\/information\/nous-navons-pas-accepte-laccord-kunming-montreal-eve-bazaiba-deplore-le-passage-force-de-laccord-cop15\/#primaryimage"},"image":{"@id":"https:\/\/congovirtuel.com\/information\/nous-navons-pas-accepte-laccord-kunming-montreal-eve-bazaiba-deplore-le-passage-force-de-laccord-cop15\/#primaryimage"},"thumbnailUrl":"https:\/\/congovirtuel.com\/information\/wp-content\/uploads\/2022\/12\/Eve_Cop15.jpg","datePublished":"2022-12-20T13:59:56+00:00","dateModified":"2022-12-20T14:32:13+00:00","breadcrumb":{"@id":"https:\/\/congovirtuel.com\/information\/nous-navons-pas-accepte-laccord-kunming-montreal-eve-bazaiba-deplore-le-passage-force-de-laccord-cop15\/#breadcrumb"},"inLanguage":"fr-FR","potentialAction":[{"@type":"ReadAction","target":["https:\/\/congovirtuel.com\/information\/nous-navons-pas-accepte-laccord-kunming-montreal-eve-bazaiba-deplore-le-passage-force-de-laccord-cop15\/"]}]},{"@type":"ImageObject","inLanguage":"fr-FR","@id":"https:\/\/congovirtuel.com\/information\/nous-navons-pas-accepte-laccord-kunming-montreal-eve-bazaiba-deplore-le-passage-force-de-laccord-cop15\/#primaryimage","url":"https:\/\/congovirtuel.com\/information\/wp-content\/uploads\/2022\/12\/Eve_Cop15.jpg","contentUrl":"https:\/\/congovirtuel.com\/information\/wp-content\/uploads\/2022\/12\/Eve_Cop15.jpg","width":930,"height":558},{"@type":"BreadcrumbList","@id":"https:\/\/congovirtuel.com\/information\/nous-navons-pas-accepte-laccord-kunming-montreal-eve-bazaiba-deplore-le-passage-force-de-laccord-cop15\/#breadcrumb","itemListElement":[{"@type":"ListItem","position":1,"name":"Accueil","item":"https:\/\/congovirtuel.com\/information\/"},{"@type":"ListItem","position":2,"name":"\u00ab\u00a0Nous n&rsquo;avons pas accept\u00e9 l&rsquo;accord Kunming-Montr\u00e9al\u00a0\u00bb: Eve Bazaiba d\u00e9plore le passage forc\u00e9 de l&rsquo;accord Cop15"}]},{"@type":"WebSite","@id":"https:\/\/congovirtuel.com\/information\/#website","url":"https:\/\/congovirtuel.com\/information\/","name":"Actualit\u00e9s congolaises et internationales","description":"site d&#039;analyse et de traitement d&#039;information","publisher":{"@id":"https:\/\/congovirtuel.com\/information\/#organization"},"potentialAction":[{"@type":"SearchAction","target":{"@type":"EntryPoint","urlTemplate":"https:\/\/congovirtuel.com\/information\/?s={search_term_string}"},"query-input":{"@type":"PropertyValueSpecification","valueRequired":true,"valueName":"search_term_string"}}],"inLanguage":"fr-FR"},{"@type":"Organization","@id":"https:\/\/congovirtuel.com\/information\/#organization","name":"Biblioth\u00e8que Virtuelle de la RDC","url":"https:\/\/congovirtuel.com\/information\/","logo":{"@type":"ImageObject","inLanguage":"fr-FR","@id":"https:\/\/congovirtuel.com\/information\/#\/schema\/logo\/image\/","url":"https:\/\/congovirtuel.com\/information\/wp-content\/uploads\/2018\/10\/header-info-congovirtuel-vraie.jpg","contentUrl":"https:\/\/congovirtuel.com\/information\/wp-content\/uploads\/2018\/10\/header-info-congovirtuel-vraie.jpg","width":728,"height":90,"caption":"Biblioth\u00e8que Virtuelle de la RDC"},"image":{"@id":"https:\/\/congovirtuel.com\/information\/#\/schema\/logo\/image\/"},"sameAs":["https:\/\/web.facebook.com\/Congovirtuel-763617960319601\/?ref=aymt_homepage_panel&amp;amp;amp;amp;amp;amp;amp;amp;amp;amp;amp;eid=ARCoxULa66767kIgF_KYav6VdjXTI4yk_LW4yoVO9s6NXpysgb7Cb65vpxcxgqzOAKvIbLQxaAETcqHT","https:\/\/x.com\/congovirtuel","https:\/\/www.youtube.com\/channel\/UCkFfprYzGgS3EWNpeMXpToQ?view_as=subscriber"]},{"@type":"Person","@id":"https:\/\/congovirtuel.com\/information\/#\/schema\/person\/739a44bf7990966cb53d58d2fdeca0b6","name":"infocongovirtuel","image":{"@type":"ImageObject","inLanguage":"fr-FR","@id":"https:\/\/secure.gravatar.com\/avatar\/4d76991aa72469f0eb22e772586c99113c6997f88da636a9db8f2ce3a2c05e69?s=96&d=mm&r=g","url":"https:\/\/secure.gravatar.com\/avatar\/4d76991aa72469f0eb22e772586c99113c6997f88da636a9db8f2ce3a2c05e69?s=96&d=mm&r=g","contentUrl":"https:\/\/secure.gravatar.com\/avatar\/4d76991aa72469f0eb22e772586c99113c6997f88da636a9db8f2ce3a2c05e69?s=96&d=mm&r=g","caption":"infocongovirtuel"},"url":"https:\/\/congovirtuel.com\/information\/author\/infocongovirtuel\/"}]}},"gt_translate_keys":[{"key":"link","format":"url"}],"_links":{"self":[{"href":"https:\/\/congovirtuel.com\/information\/wp-json\/wp\/v2\/posts\/21321","targetHints":{"allow":["GET"]}}],"collection":[{"href":"https:\/\/congovirtuel.com\/information\/wp-json\/wp\/v2\/posts"}],"about":[{"href":"https:\/\/congovirtuel.com\/information\/wp-json\/wp\/v2\/types\/post"}],"author":[{"embeddable":true,"href":"https:\/\/congovirtuel.com\/information\/wp-json\/wp\/v2\/users\/1"}],"replies":[{"embeddable":true,"href":"https:\/\/congovirtuel.com\/information\/wp-json\/wp\/v2\/comments?post=21321"}],"version-history":[{"count":3,"href":"https:\/\/congovirtuel.com\/information\/wp-json\/wp\/v2\/posts\/21321\/revisions"}],"predecessor-version":[{"id":21325,"href":"https:\/\/congovirtuel.com\/information\/wp-json\/wp\/v2\/posts\/21321\/revisions\/21325"}],"wp:featuredmedia":[{"embeddable":true,"href":"https:\/\/congovirtuel.com\/information\/wp-json\/wp\/v2\/media\/21320"}],"wp:attachment":[{"href":"https:\/\/congovirtuel.com\/information\/wp-json\/wp\/v2\/media?parent=21321"}],"wp:term":[{"taxonomy":"category","embeddable":true,"href":"https:\/\/congovirtuel.com\/information\/wp-json\/wp\/v2\/categories?post=21321"},{"taxonomy":"post_tag","embeddable":true,"href":"https:\/\/congovirtuel.com\/information\/wp-json\/wp\/v2\/tags?post=21321"}],"curies":[{"name":"wp","href":"https:\/\/api.w.org\/{rel}","templated":true}]}}