{"id":21365,"date":"2022-12-28T11:56:08","date_gmt":"2022-12-28T10:56:08","guid":{"rendered":"https:\/\/congovirtuel.com\/information\/?p=21365"},"modified":"2022-12-28T11:56:08","modified_gmt":"2022-12-28T10:56:08","slug":"le-rwanda-ne-reconnait-pas-ces-espions-des-militaires-fardc-et-civils-congolais-tutsi-selon-igihe","status":"publish","type":"post","link":"https:\/\/congovirtuel.com\/information\/le-rwanda-ne-reconnait-pas-ces-espions-des-militaires-fardc-et-civils-congolais-tutsi-selon-igihe\/","title":{"rendered":"Le Rwanda ne reconnait pas ces espions, des militaires FARDC et civils congolais Tutsi selon Igihe","gt_translate_keys":[{"key":"rendered","format":"text"}]},"content":{"rendered":"<p>Les soldats FARDC et trois civils nomm\u00e9s Rwanda, intitule Igihe, un m\u00e9dias proche du gouvernement rwandais.<\/p>\n<p>Le plan de la R\u00e9publique D\u00e9mocratique du Congo (RDC) de focaliser ses probl\u00e8mes sur le Rwanda a \u00e9chou\u00e9, cette fois -ci elle a d\u00e9voil\u00e9 les profils et photos de quatre hommes dont deux militaires r\u00e9guliers de ses forces FARDC et deux civils accus\u00e9s d&rsquo;\u00eatre des espions du Rwanda.<\/p>\n<p>Les personnes repr\u00e9sent\u00e9es sont des civils Nshimiyimana Biseruka Juv\u00e9nal, 58 ans, Murokore Mushabe Moses, 33 ans. Les militaires des FARDC arr\u00eat\u00e9s et accus\u00e9s de travailler avec les civils sont Nganji Nsengiyumva Remy commun\u00e9ment appel\u00e9 Djuma et le Col Mugisha Ruyumbu Santos.<\/p>\n<p>Nshimiyimana Biseruka et Murokore travaillent actuellement pour une organisation non gouvernementale qui s&rsquo;efforce d&rsquo;am\u00e9liorer le secteur de la sant\u00e9 en RDC appel\u00e9e \u00ab\u00a0African Health Development Organization\u00a0\u00bb (AHDO).<\/p>\n<p>Nsengiyumva Remy, commun\u00e9ment appel\u00e9 Djuma, est accus\u00e9 d&rsquo;utiliser la double nationalit\u00e9 ; du Congo et du Rwanda et le Col Mugisha Ruyumbu Santos est accus\u00e9 d&rsquo;avoir diffam\u00e9 les rangs de l&rsquo;arm\u00e9e des FARDC.<\/p>\n<p>Les identit\u00e9s de ces hommes ont \u00e9t\u00e9 d\u00e9voil\u00e9es \u00e0 la T\u00e9l\u00e9vision Nationale, mardi 27 d\u00e9cembre, les accusant d&rsquo;espionnage o\u00f9 ils infiltrent diverses organisations dont des militaires des FARDC, des politiciens puissants, des riches ayant des activit\u00e9s \u00e9conomiques importantes et ceux de la soci\u00e9t\u00e9 civile.<\/p>\n<p>Selon Igihe, les analystes soulignent que ces hommes ont \u00e9t\u00e9 arr\u00eat\u00e9s parce qu&rsquo;ils sont tutsis, ce qui fait partie du plan plus large du gouvernement congolais visant \u00e0 tuer tous ceux qui parlent kiyarwanda, en particulier les tutsis.<\/p>\n<p>Gatabazi Tite, un analyste politique rwandais, trouve que la capture des Congolais qui parlent rwandais comme des espions rwandais est un outil utilis\u00e9 par les dirigeants congolais pour montrer qu&rsquo;ils ont \u00e9t\u00e9 infiltr\u00e9s et que le Rwanda est la cause de leurs probl\u00e8mes. Agit et le lie \u00e0 la recherche de preuves.<\/p>\n<p>Il poursuit en disant qu&rsquo;il \u00ab\u00a0poursuit le plan visant \u00e0 mettre les probl\u00e8mes du Congo sur le Rwanda, ils cr\u00e9ent un symbole qui les aidera \u00e0 le comprendre\u00a0\u00bb.<\/p>\n<p>Et enfin, l&rsquo;analyste Gatabazi trouve que F\u00e9lix Tshisekedi\u00ab cherche une explication pour continuer la guerre, faire taire l&rsquo;opposition et pr\u00e9parer les raisons du report des \u00e9lections \u00bb.<\/p>\n<p>Un cas d\u2019espionnage des services rwandais op\u00e9rant \u00e0 Kinshasa d\u00e9tect\u00e9 et d\u00e9mantel\u00e9 par les services de s\u00e9curit\u00e9 qui ont fait un joli coup de filet \u00e0 Kinshasa, capitale de la R\u00e9publique D\u00e9mocratique du Congo depuis quelques mois. Leurs identit\u00e9s ont \u00e9t\u00e9 officiellement d\u00e9voil\u00e9es par le Vice-Ministre de l\u2019Int\u00e9rieur assist\u00e9 des Porte-paroles de l\u2019Arm\u00e9e et de la Police au cours d\u2019un briefing diffus\u00e9e ce 27 d\u00e9cembre 2022 sur les antennes de la T\u00e9l\u00e9vision Nationale.<\/p>\n<p>Le Vice-Ministre de l\u2019Interieur a r\u00e9it\u00e9r\u00e9 l\u2019appel \u00e0 la VIGILANCE et la DEFENSE DE LA PATRIE lanc\u00e9 aux congolais par le Pr\u00e9sident de la R\u00e9publique, Chef de l\u2019Etat, F\u00e9lix-Antoine TSHISEKEDI TSHILOMBO pour soutenir les efforts en cours des Forces de s\u00e9curit\u00e9 en cette p\u00e9riode d\u2019agression de notre pays par le Rwanda sous la casquette du M23.<\/p>\n<p>Coco K<\/p>\n<p>&nbsp;<\/p>\n","protected":false,"gt_translate_keys":[{"key":"rendered","format":"html"}]},"excerpt":{"rendered":"<p>Les soldats FARDC et trois civils nomm\u00e9s Rwanda, intitule Igihe, un m\u00e9dias proche du gouvernement rwandais. Le plan de la R\u00e9publique D\u00e9mocratique du Congo (RDC) de focaliser ses probl\u00e8mes sur le Rwanda a \u00e9chou\u00e9, cette fois -ci elle a d\u00e9voil\u00e9 les profils et photos de quatre hommes dont deux militaires r\u00e9guliers de ses forces FARDC et deux civils accus\u00e9s d&rsquo;\u00eatre des espions du Rwanda. Les personnes repr\u00e9sent\u00e9es sont des civils Nshimiyimana Biseruka Juv\u00e9nal, 58 ans, Murokore Mushabe Moses, 33 ans. Les militaires des FARDC arr\u00eat\u00e9s et accus\u00e9s de travailler avec&hellip;<\/p>\n","protected":false,"gt_translate_keys":[{"key":"rendered","format":"html"}]},"author":1,"featured_media":21364,"comment_status":"open","ping_status":"open","sticky":false,"template":"","format":"standard","meta":{"_crdt_document":"","footnotes":""},"categories":[199],"tags":[37620],"class_list":["post-21365","post","type-post","status-publish","format-standard","has-post-thumbnail","hentry","category-insecurite","tag-espions-rwandais-captures-en-rdc"],"gutentor_comment":0,"yoast_head":"<!-- This site is optimized with the Yoast SEO plugin v27.5 - https:\/\/yoast.com\/product\/yoast-seo-wordpress\/ -->\n<title>Le Rwanda ne reconnait pas ces espions, des militaires FARDC et civils congolais Tutsi selon Igihe - Actualit\u00e9s congolaises et internationales<\/title>\n<meta name=\"robots\" content=\"index, follow, max-snippet:-1, max-image-preview:large, max-video-preview:-1\" \/>\n<link rel=\"canonical\" href=\"https:\/\/congovirtuel.com\/information\/le-rwanda-ne-reconnait-pas-ces-espions-des-militaires-fardc-et-civils-congolais-tutsi-selon-igihe\/\" \/>\n<meta property=\"og:locale\" content=\"fr_FR\" \/>\n<meta property=\"og:type\" content=\"article\" \/>\n<meta property=\"og:title\" content=\"Le Rwanda ne reconnait pas ces espions, des militaires FARDC et civils congolais Tutsi selon Igihe - Actualit\u00e9s congolaises et internationales\" \/>\n<meta property=\"og:description\" content=\"Les soldats FARDC et trois civils nomm\u00e9s Rwanda, intitule Igihe, un m\u00e9dias proche du gouvernement rwandais. Le plan de la R\u00e9publique D\u00e9mocratique du Congo (RDC) de focaliser ses probl\u00e8mes sur le Rwanda a \u00e9chou\u00e9, cette fois -ci elle a d\u00e9voil\u00e9 les profils et photos de quatre hommes dont deux militaires r\u00e9guliers de ses forces FARDC et deux civils accus\u00e9s d&rsquo;\u00eatre des espions du Rwanda. Les personnes repr\u00e9sent\u00e9es sont des civils Nshimiyimana Biseruka Juv\u00e9nal, 58 ans, Murokore Mushabe Moses, 33 ans. Les militaires des FARDC arr\u00eat\u00e9s et accus\u00e9s de travailler avec&hellip;\" \/>\n<meta property=\"og:url\" content=\"https:\/\/congovirtuel.com\/information\/le-rwanda-ne-reconnait-pas-ces-espions-des-militaires-fardc-et-civils-congolais-tutsi-selon-igihe\/\" \/>\n<meta property=\"og:site_name\" content=\"Actualit\u00e9s congolaises et internationales\" \/>\n<meta property=\"article:publisher\" content=\"https:\/\/web.facebook.com\/Congovirtuel-763617960319601\/?ref=aymt_homepage_panel&amp;amp%3bamp%3bamp%3bamp%3bamp%3bamp%3bamp%3bamp%3bamp%3bamp%3bamp%3beid=ARCoxULa66767kIgF_KYav6VdjXTI4yk_LW4yoVO9s6NXpysgb7Cb65vpxcxgqzOAKvIbLQxaAETcqHT\" \/>\n<meta property=\"article:published_time\" content=\"2022-12-28T10:56:08+00:00\" \/>\n<meta property=\"og:image\" content=\"https:\/\/congovirtuel.com\/information\/wp-content\/uploads\/2022\/12\/espions_rwandais_rdc.jpg\" \/>\n\t<meta property=\"og:image:width\" content=\"600\" \/>\n\t<meta property=\"og:image:height\" content=\"336\" \/>\n\t<meta property=\"og:image:type\" content=\"image\/jpeg\" \/>\n<meta name=\"author\" content=\"infocongovirtuel\" \/>\n<meta name=\"twitter:card\" content=\"summary_large_image\" \/>\n<meta name=\"twitter:creator\" content=\"@congovirtuel\" \/>\n<meta name=\"twitter:site\" content=\"@congovirtuel\" \/>\n<meta name=\"twitter:label1\" content=\"\u00c9crit par\" \/>\n\t<meta name=\"twitter:data1\" content=\"infocongovirtuel\" \/>\n\t<meta name=\"twitter:label2\" content=\"Dur\u00e9e de lecture estim\u00e9e\" \/>\n\t<meta name=\"twitter:data2\" content=\"3 minutes\" \/>\n<script type=\"application\/ld+json\" class=\"yoast-schema-graph\">{\"@context\":\"https:\\\/\\\/schema.org\",\"@graph\":[{\"@type\":\"Article\",\"@id\":\"https:\\\/\\\/congovirtuel.com\\\/information\\\/le-rwanda-ne-reconnait-pas-ces-espions-des-militaires-fardc-et-civils-congolais-tutsi-selon-igihe\\\/#article\",\"isPartOf\":{\"@id\":\"https:\\\/\\\/congovirtuel.com\\\/information\\\/le-rwanda-ne-reconnait-pas-ces-espions-des-militaires-fardc-et-civils-congolais-tutsi-selon-igihe\\\/\"},\"author\":{\"name\":\"infocongovirtuel\",\"@id\":\"https:\\\/\\\/congovirtuel.com\\\/information\\\/#\\\/schema\\\/person\\\/739a44bf7990966cb53d58d2fdeca0b6\"},\"headline\":\"Le Rwanda ne reconnait pas ces espions, des militaires FARDC et civils congolais Tutsi selon Igihe\",\"datePublished\":\"2022-12-28T10:56:08+00:00\",\"mainEntityOfPage\":{\"@id\":\"https:\\\/\\\/congovirtuel.com\\\/information\\\/le-rwanda-ne-reconnait-pas-ces-espions-des-militaires-fardc-et-civils-congolais-tutsi-selon-igihe\\\/\"},\"wordCount\":564,\"commentCount\":0,\"publisher\":{\"@id\":\"https:\\\/\\\/congovirtuel.com\\\/information\\\/#organization\"},\"image\":{\"@id\":\"https:\\\/\\\/congovirtuel.com\\\/information\\\/le-rwanda-ne-reconnait-pas-ces-espions-des-militaires-fardc-et-civils-congolais-tutsi-selon-igihe\\\/#primaryimage\"},\"thumbnailUrl\":\"https:\\\/\\\/congovirtuel.com\\\/information\\\/wp-content\\\/uploads\\\/2022\\\/12\\\/espions_rwandais_rdc.jpg\",\"keywords\":[\"Espions rwandais captur\u00e9s en RDC\"],\"articleSection\":[\"Ins\u00e9curit\u00e9\"],\"inLanguage\":\"fr-FR\",\"potentialAction\":[{\"@type\":\"CommentAction\",\"name\":\"Comment\",\"target\":[\"https:\\\/\\\/congovirtuel.com\\\/information\\\/le-rwanda-ne-reconnait-pas-ces-espions-des-militaires-fardc-et-civils-congolais-tutsi-selon-igihe\\\/#respond\"]}]},{\"@type\":\"WebPage\",\"@id\":\"https:\\\/\\\/congovirtuel.com\\\/information\\\/le-rwanda-ne-reconnait-pas-ces-espions-des-militaires-fardc-et-civils-congolais-tutsi-selon-igihe\\\/\",\"url\":\"https:\\\/\\\/congovirtuel.com\\\/information\\\/le-rwanda-ne-reconnait-pas-ces-espions-des-militaires-fardc-et-civils-congolais-tutsi-selon-igihe\\\/\",\"name\":\"Le Rwanda ne reconnait pas ces espions, des militaires FARDC et civils congolais Tutsi selon Igihe - Actualit\u00e9s congolaises et internationales\",\"isPartOf\":{\"@id\":\"https:\\\/\\\/congovirtuel.com\\\/information\\\/#website\"},\"primaryImageOfPage\":{\"@id\":\"https:\\\/\\\/congovirtuel.com\\\/information\\\/le-rwanda-ne-reconnait-pas-ces-espions-des-militaires-fardc-et-civils-congolais-tutsi-selon-igihe\\\/#primaryimage\"},\"image\":{\"@id\":\"https:\\\/\\\/congovirtuel.com\\\/information\\\/le-rwanda-ne-reconnait-pas-ces-espions-des-militaires-fardc-et-civils-congolais-tutsi-selon-igihe\\\/#primaryimage\"},\"thumbnailUrl\":\"https:\\\/\\\/congovirtuel.com\\\/information\\\/wp-content\\\/uploads\\\/2022\\\/12\\\/espions_rwandais_rdc.jpg\",\"datePublished\":\"2022-12-28T10:56:08+00:00\",\"breadcrumb\":{\"@id\":\"https:\\\/\\\/congovirtuel.com\\\/information\\\/le-rwanda-ne-reconnait-pas-ces-espions-des-militaires-fardc-et-civils-congolais-tutsi-selon-igihe\\\/#breadcrumb\"},\"inLanguage\":\"fr-FR\",\"potentialAction\":[{\"@type\":\"ReadAction\",\"target\":[\"https:\\\/\\\/congovirtuel.com\\\/information\\\/le-rwanda-ne-reconnait-pas-ces-espions-des-militaires-fardc-et-civils-congolais-tutsi-selon-igihe\\\/\"]}]},{\"@type\":\"ImageObject\",\"inLanguage\":\"fr-FR\",\"@id\":\"https:\\\/\\\/congovirtuel.com\\\/information\\\/le-rwanda-ne-reconnait-pas-ces-espions-des-militaires-fardc-et-civils-congolais-tutsi-selon-igihe\\\/#primaryimage\",\"url\":\"https:\\\/\\\/congovirtuel.com\\\/information\\\/wp-content\\\/uploads\\\/2022\\\/12\\\/espions_rwandais_rdc.jpg\",\"contentUrl\":\"https:\\\/\\\/congovirtuel.com\\\/information\\\/wp-content\\\/uploads\\\/2022\\\/12\\\/espions_rwandais_rdc.jpg\",\"width\":600,\"height\":336,\"caption\":\"espions_rwandais_rdc\"},{\"@type\":\"BreadcrumbList\",\"@id\":\"https:\\\/\\\/congovirtuel.com\\\/information\\\/le-rwanda-ne-reconnait-pas-ces-espions-des-militaires-fardc-et-civils-congolais-tutsi-selon-igihe\\\/#breadcrumb\",\"itemListElement\":[{\"@type\":\"ListItem\",\"position\":1,\"name\":\"Accueil\",\"item\":\"https:\\\/\\\/congovirtuel.com\\\/information\\\/\"},{\"@type\":\"ListItem\",\"position\":2,\"name\":\"Le Rwanda ne reconnait pas ces espions, des militaires FARDC et civils congolais Tutsi selon Igihe\"}]},{\"@type\":\"WebSite\",\"@id\":\"https:\\\/\\\/congovirtuel.com\\\/information\\\/#website\",\"url\":\"https:\\\/\\\/congovirtuel.com\\\/information\\\/\",\"name\":\"Actualit\u00e9s congolaises et internationales\",\"description\":\"site d&#039;analyse et de traitement d&#039;information\",\"publisher\":{\"@id\":\"https:\\\/\\\/congovirtuel.com\\\/information\\\/#organization\"},\"potentialAction\":[{\"@type\":\"SearchAction\",\"target\":{\"@type\":\"EntryPoint\",\"urlTemplate\":\"https:\\\/\\\/congovirtuel.com\\\/information\\\/?s={search_term_string}\"},\"query-input\":{\"@type\":\"PropertyValueSpecification\",\"valueRequired\":true,\"valueName\":\"search_term_string\"}}],\"inLanguage\":\"fr-FR\"},{\"@type\":\"Organization\",\"@id\":\"https:\\\/\\\/congovirtuel.com\\\/information\\\/#organization\",\"name\":\"Biblioth\u00e8que Virtuelle de la RDC\",\"url\":\"https:\\\/\\\/congovirtuel.com\\\/information\\\/\",\"logo\":{\"@type\":\"ImageObject\",\"inLanguage\":\"fr-FR\",\"@id\":\"https:\\\/\\\/congovirtuel.com\\\/information\\\/#\\\/schema\\\/logo\\\/image\\\/\",\"url\":\"https:\\\/\\\/congovirtuel.com\\\/information\\\/wp-content\\\/uploads\\\/2018\\\/10\\\/header-info-congovirtuel-vraie.jpg\",\"contentUrl\":\"https:\\\/\\\/congovirtuel.com\\\/information\\\/wp-content\\\/uploads\\\/2018\\\/10\\\/header-info-congovirtuel-vraie.jpg\",\"width\":728,\"height\":90,\"caption\":\"Biblioth\u00e8que Virtuelle de la RDC\"},\"image\":{\"@id\":\"https:\\\/\\\/congovirtuel.com\\\/information\\\/#\\\/schema\\\/logo\\\/image\\\/\"},\"sameAs\":[\"https:\\\/\\\/web.facebook.com\\\/Congovirtuel-763617960319601\\\/?ref=aymt_homepage_panel&amp;amp;amp;amp;amp;amp;amp;amp;amp;amp;amp;eid=ARCoxULa66767kIgF_KYav6VdjXTI4yk_LW4yoVO9s6NXpysgb7Cb65vpxcxgqzOAKvIbLQxaAETcqHT\",\"https:\\\/\\\/x.com\\\/congovirtuel\",\"https:\\\/\\\/www.youtube.com\\\/channel\\\/UCkFfprYzGgS3EWNpeMXpToQ?view_as=subscriber\"]},{\"@type\":\"Person\",\"@id\":\"https:\\\/\\\/congovirtuel.com\\\/information\\\/#\\\/schema\\\/person\\\/739a44bf7990966cb53d58d2fdeca0b6\",\"name\":\"infocongovirtuel\",\"image\":{\"@type\":\"ImageObject\",\"inLanguage\":\"fr-FR\",\"@id\":\"https:\\\/\\\/secure.gravatar.com\\\/avatar\\\/4d76991aa72469f0eb22e772586c99113c6997f88da636a9db8f2ce3a2c05e69?s=96&d=mm&r=g\",\"url\":\"https:\\\/\\\/secure.gravatar.com\\\/avatar\\\/4d76991aa72469f0eb22e772586c99113c6997f88da636a9db8f2ce3a2c05e69?s=96&d=mm&r=g\",\"contentUrl\":\"https:\\\/\\\/secure.gravatar.com\\\/avatar\\\/4d76991aa72469f0eb22e772586c99113c6997f88da636a9db8f2ce3a2c05e69?s=96&d=mm&r=g\",\"caption\":\"infocongovirtuel\"},\"url\":\"https:\\\/\\\/congovirtuel.com\\\/information\\\/author\\\/infocongovirtuel\\\/\"}]}<\/script>\n<!-- \/ Yoast SEO plugin. -->","yoast_head_json":{"title":"Le Rwanda ne reconnait pas ces espions, des militaires FARDC et civils congolais Tutsi selon Igihe - Actualit\u00e9s congolaises et internationales","robots":{"index":"index","follow":"follow","max-snippet":"max-snippet:-1","max-image-preview":"max-image-preview:large","max-video-preview":"max-video-preview:-1"},"canonical":"https:\/\/congovirtuel.com\/information\/le-rwanda-ne-reconnait-pas-ces-espions-des-militaires-fardc-et-civils-congolais-tutsi-selon-igihe\/","og_locale":"fr_FR","og_type":"article","og_title":"Le Rwanda ne reconnait pas ces espions, des militaires FARDC et civils congolais Tutsi selon Igihe - Actualit\u00e9s congolaises et internationales","og_description":"Les soldats FARDC et trois civils nomm\u00e9s Rwanda, intitule Igihe, un m\u00e9dias proche du gouvernement rwandais. Le plan de la R\u00e9publique D\u00e9mocratique du Congo (RDC) de focaliser ses probl\u00e8mes sur le Rwanda a \u00e9chou\u00e9, cette fois -ci elle a d\u00e9voil\u00e9 les profils et photos de quatre hommes dont deux militaires r\u00e9guliers de ses forces FARDC et deux civils accus\u00e9s d&rsquo;\u00eatre des espions du Rwanda. Les personnes repr\u00e9sent\u00e9es sont des civils Nshimiyimana Biseruka Juv\u00e9nal, 58 ans, Murokore Mushabe Moses, 33 ans. Les militaires des FARDC arr\u00eat\u00e9s et accus\u00e9s de travailler avec&hellip;","og_url":"https:\/\/congovirtuel.com\/information\/le-rwanda-ne-reconnait-pas-ces-espions-des-militaires-fardc-et-civils-congolais-tutsi-selon-igihe\/","og_site_name":"Actualit\u00e9s congolaises et internationales","article_publisher":"https:\/\/web.facebook.com\/Congovirtuel-763617960319601\/?ref=aymt_homepage_panel&amp%3bamp%3bamp%3bamp%3bamp%3bamp%3bamp%3bamp%3bamp%3bamp%3bamp%3beid=ARCoxULa66767kIgF_KYav6VdjXTI4yk_LW4yoVO9s6NXpysgb7Cb65vpxcxgqzOAKvIbLQxaAETcqHT","article_published_time":"2022-12-28T10:56:08+00:00","og_image":[{"width":600,"height":336,"url":"https:\/\/congovirtuel.com\/information\/wp-content\/uploads\/2022\/12\/espions_rwandais_rdc.jpg","type":"image\/jpeg"}],"author":"infocongovirtuel","twitter_card":"summary_large_image","twitter_creator":"@congovirtuel","twitter_site":"@congovirtuel","twitter_misc":{"\u00c9crit par":"infocongovirtuel","Dur\u00e9e de lecture estim\u00e9e":"3 minutes"},"schema":{"@context":"https:\/\/schema.org","@graph":[{"@type":"Article","@id":"https:\/\/congovirtuel.com\/information\/le-rwanda-ne-reconnait-pas-ces-espions-des-militaires-fardc-et-civils-congolais-tutsi-selon-igihe\/#article","isPartOf":{"@id":"https:\/\/congovirtuel.com\/information\/le-rwanda-ne-reconnait-pas-ces-espions-des-militaires-fardc-et-civils-congolais-tutsi-selon-igihe\/"},"author":{"name":"infocongovirtuel","@id":"https:\/\/congovirtuel.com\/information\/#\/schema\/person\/739a44bf7990966cb53d58d2fdeca0b6"},"headline":"Le Rwanda ne reconnait pas ces espions, des militaires FARDC et civils congolais Tutsi selon Igihe","datePublished":"2022-12-28T10:56:08+00:00","mainEntityOfPage":{"@id":"https:\/\/congovirtuel.com\/information\/le-rwanda-ne-reconnait-pas-ces-espions-des-militaires-fardc-et-civils-congolais-tutsi-selon-igihe\/"},"wordCount":564,"commentCount":0,"publisher":{"@id":"https:\/\/congovirtuel.com\/information\/#organization"},"image":{"@id":"https:\/\/congovirtuel.com\/information\/le-rwanda-ne-reconnait-pas-ces-espions-des-militaires-fardc-et-civils-congolais-tutsi-selon-igihe\/#primaryimage"},"thumbnailUrl":"https:\/\/congovirtuel.com\/information\/wp-content\/uploads\/2022\/12\/espions_rwandais_rdc.jpg","keywords":["Espions rwandais captur\u00e9s en RDC"],"articleSection":["Ins\u00e9curit\u00e9"],"inLanguage":"fr-FR","potentialAction":[{"@type":"CommentAction","name":"Comment","target":["https:\/\/congovirtuel.com\/information\/le-rwanda-ne-reconnait-pas-ces-espions-des-militaires-fardc-et-civils-congolais-tutsi-selon-igihe\/#respond"]}]},{"@type":"WebPage","@id":"https:\/\/congovirtuel.com\/information\/le-rwanda-ne-reconnait-pas-ces-espions-des-militaires-fardc-et-civils-congolais-tutsi-selon-igihe\/","url":"https:\/\/congovirtuel.com\/information\/le-rwanda-ne-reconnait-pas-ces-espions-des-militaires-fardc-et-civils-congolais-tutsi-selon-igihe\/","name":"Le Rwanda ne reconnait pas ces espions, des militaires FARDC et civils congolais Tutsi selon Igihe - Actualit\u00e9s congolaises et internationales","isPartOf":{"@id":"https:\/\/congovirtuel.com\/information\/#website"},"primaryImageOfPage":{"@id":"https:\/\/congovirtuel.com\/information\/le-rwanda-ne-reconnait-pas-ces-espions-des-militaires-fardc-et-civils-congolais-tutsi-selon-igihe\/#primaryimage"},"image":{"@id":"https:\/\/congovirtuel.com\/information\/le-rwanda-ne-reconnait-pas-ces-espions-des-militaires-fardc-et-civils-congolais-tutsi-selon-igihe\/#primaryimage"},"thumbnailUrl":"https:\/\/congovirtuel.com\/information\/wp-content\/uploads\/2022\/12\/espions_rwandais_rdc.jpg","datePublished":"2022-12-28T10:56:08+00:00","breadcrumb":{"@id":"https:\/\/congovirtuel.com\/information\/le-rwanda-ne-reconnait-pas-ces-espions-des-militaires-fardc-et-civils-congolais-tutsi-selon-igihe\/#breadcrumb"},"inLanguage":"fr-FR","potentialAction":[{"@type":"ReadAction","target":["https:\/\/congovirtuel.com\/information\/le-rwanda-ne-reconnait-pas-ces-espions-des-militaires-fardc-et-civils-congolais-tutsi-selon-igihe\/"]}]},{"@type":"ImageObject","inLanguage":"fr-FR","@id":"https:\/\/congovirtuel.com\/information\/le-rwanda-ne-reconnait-pas-ces-espions-des-militaires-fardc-et-civils-congolais-tutsi-selon-igihe\/#primaryimage","url":"https:\/\/congovirtuel.com\/information\/wp-content\/uploads\/2022\/12\/espions_rwandais_rdc.jpg","contentUrl":"https:\/\/congovirtuel.com\/information\/wp-content\/uploads\/2022\/12\/espions_rwandais_rdc.jpg","width":600,"height":336,"caption":"espions_rwandais_rdc"},{"@type":"BreadcrumbList","@id":"https:\/\/congovirtuel.com\/information\/le-rwanda-ne-reconnait-pas-ces-espions-des-militaires-fardc-et-civils-congolais-tutsi-selon-igihe\/#breadcrumb","itemListElement":[{"@type":"ListItem","position":1,"name":"Accueil","item":"https:\/\/congovirtuel.com\/information\/"},{"@type":"ListItem","position":2,"name":"Le Rwanda ne reconnait pas ces espions, des militaires FARDC et civils congolais Tutsi selon Igihe"}]},{"@type":"WebSite","@id":"https:\/\/congovirtuel.com\/information\/#website","url":"https:\/\/congovirtuel.com\/information\/","name":"Actualit\u00e9s congolaises et internationales","description":"site d&#039;analyse et de traitement d&#039;information","publisher":{"@id":"https:\/\/congovirtuel.com\/information\/#organization"},"potentialAction":[{"@type":"SearchAction","target":{"@type":"EntryPoint","urlTemplate":"https:\/\/congovirtuel.com\/information\/?s={search_term_string}"},"query-input":{"@type":"PropertyValueSpecification","valueRequired":true,"valueName":"search_term_string"}}],"inLanguage":"fr-FR"},{"@type":"Organization","@id":"https:\/\/congovirtuel.com\/information\/#organization","name":"Biblioth\u00e8que Virtuelle de la RDC","url":"https:\/\/congovirtuel.com\/information\/","logo":{"@type":"ImageObject","inLanguage":"fr-FR","@id":"https:\/\/congovirtuel.com\/information\/#\/schema\/logo\/image\/","url":"https:\/\/congovirtuel.com\/information\/wp-content\/uploads\/2018\/10\/header-info-congovirtuel-vraie.jpg","contentUrl":"https:\/\/congovirtuel.com\/information\/wp-content\/uploads\/2018\/10\/header-info-congovirtuel-vraie.jpg","width":728,"height":90,"caption":"Biblioth\u00e8que Virtuelle de la RDC"},"image":{"@id":"https:\/\/congovirtuel.com\/information\/#\/schema\/logo\/image\/"},"sameAs":["https:\/\/web.facebook.com\/Congovirtuel-763617960319601\/?ref=aymt_homepage_panel&amp;amp;amp;amp;amp;amp;amp;amp;amp;amp;amp;eid=ARCoxULa66767kIgF_KYav6VdjXTI4yk_LW4yoVO9s6NXpysgb7Cb65vpxcxgqzOAKvIbLQxaAETcqHT","https:\/\/x.com\/congovirtuel","https:\/\/www.youtube.com\/channel\/UCkFfprYzGgS3EWNpeMXpToQ?view_as=subscriber"]},{"@type":"Person","@id":"https:\/\/congovirtuel.com\/information\/#\/schema\/person\/739a44bf7990966cb53d58d2fdeca0b6","name":"infocongovirtuel","image":{"@type":"ImageObject","inLanguage":"fr-FR","@id":"https:\/\/secure.gravatar.com\/avatar\/4d76991aa72469f0eb22e772586c99113c6997f88da636a9db8f2ce3a2c05e69?s=96&d=mm&r=g","url":"https:\/\/secure.gravatar.com\/avatar\/4d76991aa72469f0eb22e772586c99113c6997f88da636a9db8f2ce3a2c05e69?s=96&d=mm&r=g","contentUrl":"https:\/\/secure.gravatar.com\/avatar\/4d76991aa72469f0eb22e772586c99113c6997f88da636a9db8f2ce3a2c05e69?s=96&d=mm&r=g","caption":"infocongovirtuel"},"url":"https:\/\/congovirtuel.com\/information\/author\/infocongovirtuel\/"}]}},"gt_translate_keys":[{"key":"link","format":"url"}],"_links":{"self":[{"href":"https:\/\/congovirtuel.com\/information\/wp-json\/wp\/v2\/posts\/21365","targetHints":{"allow":["GET"]}}],"collection":[{"href":"https:\/\/congovirtuel.com\/information\/wp-json\/wp\/v2\/posts"}],"about":[{"href":"https:\/\/congovirtuel.com\/information\/wp-json\/wp\/v2\/types\/post"}],"author":[{"embeddable":true,"href":"https:\/\/congovirtuel.com\/information\/wp-json\/wp\/v2\/users\/1"}],"replies":[{"embeddable":true,"href":"https:\/\/congovirtuel.com\/information\/wp-json\/wp\/v2\/comments?post=21365"}],"version-history":[{"count":1,"href":"https:\/\/congovirtuel.com\/information\/wp-json\/wp\/v2\/posts\/21365\/revisions"}],"predecessor-version":[{"id":21366,"href":"https:\/\/congovirtuel.com\/information\/wp-json\/wp\/v2\/posts\/21365\/revisions\/21366"}],"wp:featuredmedia":[{"embeddable":true,"href":"https:\/\/congovirtuel.com\/information\/wp-json\/wp\/v2\/media\/21364"}],"wp:attachment":[{"href":"https:\/\/congovirtuel.com\/information\/wp-json\/wp\/v2\/media?parent=21365"}],"wp:term":[{"taxonomy":"category","embeddable":true,"href":"https:\/\/congovirtuel.com\/information\/wp-json\/wp\/v2\/categories?post=21365"},{"taxonomy":"post_tag","embeddable":true,"href":"https:\/\/congovirtuel.com\/information\/wp-json\/wp\/v2\/tags?post=21365"}],"curies":[{"name":"wp","href":"https:\/\/api.w.org\/{rel}","templated":true}]}}