{"id":21393,"date":"2022-12-31T11:41:00","date_gmt":"2022-12-31T10:41:00","guid":{"rendered":"https:\/\/congovirtuel.com\/information\/?p=21393"},"modified":"2022-12-31T11:41:00","modified_gmt":"2022-12-31T10:41:00","slug":"apres-les-foudres-de-washington-la-presidence-tshisekedi-tente-de-renegocier-en-catimini-son-deal-avec-gertler","status":"publish","type":"post","link":"https:\/\/congovirtuel.com\/information\/apres-les-foudres-de-washington-la-presidence-tshisekedi-tente-de-renegocier-en-catimini-son-deal-avec-gertler\/","title":{"rendered":"Apr\u00e8s les foudres de Washington, la pr\u00e9sidence Tshisekedi tente de ren\u00e9gocier en catimini son deal avec Gertler","gt_translate_keys":[{"key":"rendered","format":"text"}]},"content":{"rendered":"<p>La R\u00e9publique d\u00e9mocratique du Congo avait sign\u00e9, le jeudi 24 f\u00e9vrier 2022, un accord \u00e0 l&rsquo;amiable avec le groupe Ventura de l&rsquo;homme d&rsquo;affaires isra\u00e9lien, Dan Gertler, afin de mettre fin au contentieux judiciaire qui les opposait&#8230;\u00a0\u00bbAu nom de l&rsquo;Etat congolais&#8230;un accord sur les actifs miniers et p\u00e9troliers avec l&rsquo;homme d&rsquo;affaires Dan Gertler&#8230;ayant repris ses actifs miniers et p\u00e9troliers, la RDC va les revaloriser et les int\u00e9r\u00eats vont profiter \u00e0 sa population&#8230;<\/p>\n<p>Apr\u00e8s pression de la soci\u00e9t\u00e9 civile et du Fonds\u00a0mon\u00e9taire international (FMI), le gouvernement congolais avait finalement rendu public, jeudi 1er d\u00e9cembre \u00e0 Kinshasa, le protocole d&rsquo;accord sign\u00e9 en f\u00e9vrier avec la soci\u00e9t\u00e9 Ventora du milliardaire Isra\u00e9lien Dan Gertler. Le ministre des Finances, Nicolas Kazadi a officiellement remis une copie de cet accord aux repr\u00e9sentants de la soci\u00e9t\u00e9 civile.<\/p>\n<p>Reste que le gouvernement am\u00e9ricain \u00e9tait aussi contre <em>cette<\/em> accord, le renseignement financier am\u00e9ricain craint que cet accord de restitution ne comporte un b\u00e9n\u00e9fice financier en faveur de l\u2019homme d\u2019affaires. Cons\u00e9quence, Gertler reste sous sanction.<\/p>\n<p>C\u2019est dans la plus grande discr\u00e9tion que la pr\u00e9sidence de F\u00e9lix Tshisekedi cherche \u00e0 ren\u00e9gocier les compensations financi\u00e8res qu&rsquo;elle a accord\u00e9es il y a plus de dix mois au milliardaire isra\u00e9lien Dan Gertler. Les Etats-Unis, qui agitent la menace de sanctions \u00e0 l&rsquo;encontre de personnalit\u00e9s de l&rsquo;ex\u00e9cutif congolais dont Andr\u00e9 Wameso, ont pes\u00e9 de tout leur poids dans ce revirement de position.<\/p>\n<p>Principal architecte de l&rsquo;accord conclu en f\u00e9vrier 2022 avec le milliardaire isra\u00e9lien Dan Gertler, Andr\u00e9 Wameso s&rsquo;attelle d\u00e9sormais \u00e0 en d\u00e9tricoter certains pans. Apr\u00e8s en avoir longtemps lou\u00e9 les m\u00e9rites, le directeur de cabinet adjoint charg\u00e9 des questions \u00e9conomiques et financi\u00e8res du pr\u00e9sident F\u00e9lix Tshisekedi cherche \u00e0 revenir sur les compensations financi\u00e8res accord\u00e9es \u00e0 Dan Gertler en \u00e9change de la cession de ses permis miniers et p\u00e9troliers en RDC.<\/p>\n<p>L\u2019accord pr\u00e9voit la restitution \u00e0 l\u2019\u00c9tat congolais de trois gisements miniers appartenant encore \u00e0 Gertler et des deux permis du lac Albert, au c\u0153ur de la\u00a0<span data-gtm-vis-first-on-screen-10742014_193=\"96602\" data-gtm-vis-total-visible-time-10742014_193=\"100\" data-gtm-vis-has-fired-10742014_193=\"1\">proc\u00e9dure<\/span>\u00a0d\u2019arbitrage \u00e0 laquelle la RDC s\u2019engage, en retour, \u00e0 renoncer, remboursant au passage les frais investis par Caprikat et Foxwhelp.<\/p>\n<p>Il s&rsquo;agit plus pr\u00e9cis\u00e9ment du paiement par Kinshasa de 240 millions d&rsquo;euros, assortis d&rsquo;un taux d&rsquo;int\u00e9r\u00eat de 6 % par an, correspondant aux frais engag\u00e9s par les soci\u00e9t\u00e9s de l&rsquo;homme d&rsquo;affaires pour valoriser ses actifs &#8211; dont 131 millions d&rsquo;euros pour les seuls blocs 1 et 2 de la zone Graben Albertine. En outre, le deal lui ouvre droit au remboursement d&rsquo;un pr\u00eat de 192 millions d&rsquo;euros octroy\u00e9 par son groupe Fleurette au profit de l&rsquo;entreprise publique mini\u00e8re G\u00e9camines en 2017. Il pr\u00e9voit toutefois que l&rsquo;Isra\u00e9lien s&rsquo;acquitte de 249 millions d&rsquo;euros au titre de ce qui est pr\u00e9sent\u00e9 comme un trop-per\u00e7u de royalties provenant de Kamoto Copper Company (KCC), \u00e0 condition que Kinshasa r\u00e8gle d&rsquo;abord les 240 millions d&rsquo;euros.<\/p>\n<p>Surtout, et c&rsquo;est le point le plus litigieux de l&rsquo;accord aux yeux de la soci\u00e9t\u00e9 civile, le texte permet \u00e0 Dan Gertler de continuer \u00e0 percevoir les redevances issues de l&rsquo;exploitation des projets de KCC, Mutanda et Metalkol. Les montants en jeu ne sont pas quantit\u00e9 n\u00e9gligeable. Dans un rapport publi\u00e9 en avril 2021, l&rsquo;ONG Le Congo n&rsquo;est pas \u00e0 vendre estimait que ces royalties lui rapportaient pr\u00e8s de 200 000 $ par jour depuis trois ans &#8211; des montants toutefois contest\u00e9s par Dan Gertler.<\/p>\n<p>Le revirement d&rsquo;Andr\u00e9 Wameso, et plus largement de la pr\u00e9sidence Tshisekedi, intervient apr\u00e8s d&rsquo;intenses tractations avec l&rsquo;administration de Joe Biden. Les Etats-Unis, qui ont plac\u00e9 Dan Gertler et plusieurs de ses soci\u00e9t\u00e9s sous sanctions depuis 2017, ont tr\u00e8s peu appr\u00e9ci\u00e9 d&rsquo;\u00eatre tenus \u00e0 l&rsquo;\u00e9cart des n\u00e9gociations ayant abouti \u00e0 l&rsquo;accord de f\u00e9vrier. Poursuivant leur objectif de voir Dan Gertler cesser toute activit\u00e9 en RDC, Washington s&rsquo;est montr\u00e9 particuli\u00e8rement agac\u00e9 de l&rsquo;entrisme du milliardaire aupr\u00e8s de F\u00e9lix Tshisekedi et l&rsquo;a fait savoir \u00e0 plusieurs reprises, notamment par l&rsquo;entremise du secr\u00e9taire d&rsquo;Etat am\u00e9ricain Antony Blinken et de son principal conseiller aux questions de s\u00e9curit\u00e9 \u00e9nerg\u00e9tique, Amos Hochstein. Lors de leurs s\u00e9jours respectifs \u00e0 Kinshasa, tous deux s&rsquo;en sont ouverts au chef de l&rsquo;Etat congolais.<\/p>\n<p>Selon plusieurs sources au sommet de l&rsquo;Etat congolais, les autorit\u00e9s ne doutent pas de l&rsquo;int\u00e9r\u00eat de Dan Gertler \u00e0 revenir \u00e0 la table des n\u00e9gociations. Pour cause : celui-ci cherche \u00e0 tout prix l&rsquo;abandon des sanctions am\u00e9ricaines, qui lui interdisent de commercer en dollars. L&rsquo;accord conclu avec Kinshasa, s&rsquo;il le met \u00e0 l&rsquo;abri des poursuites judiciaires des autorit\u00e9s congolaises, n&rsquo;a pas eu l&rsquo;effet escompt\u00e9 aupr\u00e8s des Etats-Unis. Dans ces conditions, une revue des clauses du deal pourrait infl\u00e9chir la position de l&rsquo;administration am\u00e9ricaine.<\/p>\n<p><strong><em>Coco Kabwika avec Africa Intelligence<\/em><\/strong><\/p>\n","protected":false,"gt_translate_keys":[{"key":"rendered","format":"html"}]},"excerpt":{"rendered":"<p>La R\u00e9publique d\u00e9mocratique du Congo avait sign\u00e9, le jeudi 24 f\u00e9vrier 2022, un accord \u00e0 l&rsquo;amiable avec le groupe Ventura de l&rsquo;homme d&rsquo;affaires isra\u00e9lien, Dan Gertler, afin de mettre fin au contentieux judiciaire qui les opposait&#8230;\u00a0\u00bbAu nom de l&rsquo;Etat congolais&#8230;un accord sur les actifs miniers et p\u00e9troliers avec l&rsquo;homme d&rsquo;affaires Dan Gertler&#8230;ayant repris ses actifs miniers et p\u00e9troliers, la RDC va les revaloriser et les int\u00e9r\u00eats vont profiter \u00e0 sa population&#8230; Apr\u00e8s pression de la soci\u00e9t\u00e9 civile et du Fonds\u00a0mon\u00e9taire international (FMI), le gouvernement congolais avait finalement rendu public, jeudi&hellip;<\/p>\n","protected":false,"gt_translate_keys":[{"key":"rendered","format":"html"}]},"author":1,"featured_media":21392,"comment_status":"open","ping_status":"open","sticky":false,"template":"","format":"standard","meta":{"_crdt_document":"","footnotes":""},"categories":[372],"tags":[36803,265,37643],"class_list":["post-21393","post","type-post","status-publish","format-standard","has-post-thumbnail","hentry","category-minerais","tag-accord-dan-gertler-et-la-rdc","tag-dan-gertler","tag-royalties"],"gutentor_comment":0,"yoast_head":"<!-- This site is optimized with the Yoast SEO plugin v27.5 - https:\/\/yoast.com\/product\/yoast-seo-wordpress\/ -->\n<title>Apr\u00e8s les foudres de Washington, la pr\u00e9sidence Tshisekedi tente de ren\u00e9gocier en catimini son deal avec Gertler - Actualit\u00e9s congolaises et internationales<\/title>\n<meta name=\"robots\" content=\"index, follow, max-snippet:-1, max-image-preview:large, max-video-preview:-1\" \/>\n<link rel=\"canonical\" href=\"https:\/\/congovirtuel.com\/information\/apres-les-foudres-de-washington-la-presidence-tshisekedi-tente-de-renegocier-en-catimini-son-deal-avec-gertler\/\" \/>\n<meta property=\"og:locale\" content=\"fr_FR\" \/>\n<meta property=\"og:type\" content=\"article\" \/>\n<meta property=\"og:title\" content=\"Apr\u00e8s les foudres de Washington, la pr\u00e9sidence Tshisekedi tente de ren\u00e9gocier en catimini son deal avec Gertler - Actualit\u00e9s congolaises et internationales\" \/>\n<meta property=\"og:description\" content=\"La R\u00e9publique d\u00e9mocratique du Congo avait sign\u00e9, le jeudi 24 f\u00e9vrier 2022, un accord \u00e0 l&rsquo;amiable avec le groupe Ventura de l&rsquo;homme d&rsquo;affaires isra\u00e9lien, Dan Gertler, afin de mettre fin au contentieux judiciaire qui les opposait&#8230;\u00a0\u00bbAu nom de l&rsquo;Etat congolais&#8230;un accord sur les actifs miniers et p\u00e9troliers avec l&rsquo;homme d&rsquo;affaires Dan Gertler&#8230;ayant repris ses actifs miniers et p\u00e9troliers, la RDC va les revaloriser et les int\u00e9r\u00eats vont profiter \u00e0 sa population&#8230; Apr\u00e8s pression de la soci\u00e9t\u00e9 civile et du Fonds\u00a0mon\u00e9taire international (FMI), le gouvernement congolais avait finalement rendu public, jeudi&hellip;\" \/>\n<meta property=\"og:url\" content=\"https:\/\/congovirtuel.com\/information\/apres-les-foudres-de-washington-la-presidence-tshisekedi-tente-de-renegocier-en-catimini-son-deal-avec-gertler\/\" \/>\n<meta property=\"og:site_name\" content=\"Actualit\u00e9s congolaises et internationales\" \/>\n<meta property=\"article:publisher\" content=\"https:\/\/web.facebook.com\/Congovirtuel-763617960319601\/?ref=aymt_homepage_panel&amp;amp%3bamp%3bamp%3bamp%3bamp%3bamp%3bamp%3bamp%3bamp%3bamp%3bamp%3beid=ARCoxULa66767kIgF_KYav6VdjXTI4yk_LW4yoVO9s6NXpysgb7Cb65vpxcxgqzOAKvIbLQxaAETcqHT\" \/>\n<meta property=\"article:published_time\" content=\"2022-12-31T10:41:00+00:00\" \/>\n<meta property=\"og:image\" content=\"https:\/\/congovirtuel.com\/information\/wp-content\/uploads\/2022\/12\/Accord_Gertler-900-x-605.jpg\" \/>\n\t<meta property=\"og:image:width\" content=\"900\" \/>\n\t<meta property=\"og:image:height\" content=\"605\" \/>\n\t<meta property=\"og:image:type\" content=\"image\/jpeg\" \/>\n<meta name=\"author\" content=\"infocongovirtuel\" \/>\n<meta name=\"twitter:card\" content=\"summary_large_image\" \/>\n<meta name=\"twitter:creator\" content=\"@congovirtuel\" \/>\n<meta name=\"twitter:site\" content=\"@congovirtuel\" \/>\n<meta name=\"twitter:label1\" content=\"\u00c9crit par\" \/>\n\t<meta name=\"twitter:data1\" content=\"infocongovirtuel\" \/>\n\t<meta name=\"twitter:label2\" content=\"Dur\u00e9e de lecture estim\u00e9e\" \/>\n\t<meta name=\"twitter:data2\" content=\"4 minutes\" \/>\n<script type=\"application\/ld+json\" class=\"yoast-schema-graph\">{\"@context\":\"https:\\\/\\\/schema.org\",\"@graph\":[{\"@type\":\"Article\",\"@id\":\"https:\\\/\\\/congovirtuel.com\\\/information\\\/apres-les-foudres-de-washington-la-presidence-tshisekedi-tente-de-renegocier-en-catimini-son-deal-avec-gertler\\\/#article\",\"isPartOf\":{\"@id\":\"https:\\\/\\\/congovirtuel.com\\\/information\\\/apres-les-foudres-de-washington-la-presidence-tshisekedi-tente-de-renegocier-en-catimini-son-deal-avec-gertler\\\/\"},\"author\":{\"name\":\"infocongovirtuel\",\"@id\":\"https:\\\/\\\/congovirtuel.com\\\/information\\\/#\\\/schema\\\/person\\\/739a44bf7990966cb53d58d2fdeca0b6\"},\"headline\":\"Apr\u00e8s les foudres de Washington, la pr\u00e9sidence Tshisekedi tente de ren\u00e9gocier en catimini son deal avec Gertler\",\"datePublished\":\"2022-12-31T10:41:00+00:00\",\"mainEntityOfPage\":{\"@id\":\"https:\\\/\\\/congovirtuel.com\\\/information\\\/apres-les-foudres-de-washington-la-presidence-tshisekedi-tente-de-renegocier-en-catimini-son-deal-avec-gertler\\\/\"},\"wordCount\":888,\"commentCount\":0,\"publisher\":{\"@id\":\"https:\\\/\\\/congovirtuel.com\\\/information\\\/#organization\"},\"image\":{\"@id\":\"https:\\\/\\\/congovirtuel.com\\\/information\\\/apres-les-foudres-de-washington-la-presidence-tshisekedi-tente-de-renegocier-en-catimini-son-deal-avec-gertler\\\/#primaryimage\"},\"thumbnailUrl\":\"https:\\\/\\\/congovirtuel.com\\\/information\\\/wp-content\\\/uploads\\\/2022\\\/12\\\/Accord_Gertler-900-x-605.jpg\",\"keywords\":[\"Accord Dan Gertler et la RDC\",\"Dan Gertler\",\"royalties\"],\"articleSection\":[\"Minerais\"],\"inLanguage\":\"fr-FR\",\"potentialAction\":[{\"@type\":\"CommentAction\",\"name\":\"Comment\",\"target\":[\"https:\\\/\\\/congovirtuel.com\\\/information\\\/apres-les-foudres-de-washington-la-presidence-tshisekedi-tente-de-renegocier-en-catimini-son-deal-avec-gertler\\\/#respond\"]}]},{\"@type\":\"WebPage\",\"@id\":\"https:\\\/\\\/congovirtuel.com\\\/information\\\/apres-les-foudres-de-washington-la-presidence-tshisekedi-tente-de-renegocier-en-catimini-son-deal-avec-gertler\\\/\",\"url\":\"https:\\\/\\\/congovirtuel.com\\\/information\\\/apres-les-foudres-de-washington-la-presidence-tshisekedi-tente-de-renegocier-en-catimini-son-deal-avec-gertler\\\/\",\"name\":\"Apr\u00e8s les foudres de Washington, la pr\u00e9sidence Tshisekedi tente de ren\u00e9gocier en catimini son deal avec Gertler - Actualit\u00e9s congolaises et internationales\",\"isPartOf\":{\"@id\":\"https:\\\/\\\/congovirtuel.com\\\/information\\\/#website\"},\"primaryImageOfPage\":{\"@id\":\"https:\\\/\\\/congovirtuel.com\\\/information\\\/apres-les-foudres-de-washington-la-presidence-tshisekedi-tente-de-renegocier-en-catimini-son-deal-avec-gertler\\\/#primaryimage\"},\"image\":{\"@id\":\"https:\\\/\\\/congovirtuel.com\\\/information\\\/apres-les-foudres-de-washington-la-presidence-tshisekedi-tente-de-renegocier-en-catimini-son-deal-avec-gertler\\\/#primaryimage\"},\"thumbnailUrl\":\"https:\\\/\\\/congovirtuel.com\\\/information\\\/wp-content\\\/uploads\\\/2022\\\/12\\\/Accord_Gertler-900-x-605.jpg\",\"datePublished\":\"2022-12-31T10:41:00+00:00\",\"breadcrumb\":{\"@id\":\"https:\\\/\\\/congovirtuel.com\\\/information\\\/apres-les-foudres-de-washington-la-presidence-tshisekedi-tente-de-renegocier-en-catimini-son-deal-avec-gertler\\\/#breadcrumb\"},\"inLanguage\":\"fr-FR\",\"potentialAction\":[{\"@type\":\"ReadAction\",\"target\":[\"https:\\\/\\\/congovirtuel.com\\\/information\\\/apres-les-foudres-de-washington-la-presidence-tshisekedi-tente-de-renegocier-en-catimini-son-deal-avec-gertler\\\/\"]}]},{\"@type\":\"ImageObject\",\"inLanguage\":\"fr-FR\",\"@id\":\"https:\\\/\\\/congovirtuel.com\\\/information\\\/apres-les-foudres-de-washington-la-presidence-tshisekedi-tente-de-renegocier-en-catimini-son-deal-avec-gertler\\\/#primaryimage\",\"url\":\"https:\\\/\\\/congovirtuel.com\\\/information\\\/wp-content\\\/uploads\\\/2022\\\/12\\\/Accord_Gertler-900-x-605.jpg\",\"contentUrl\":\"https:\\\/\\\/congovirtuel.com\\\/information\\\/wp-content\\\/uploads\\\/2022\\\/12\\\/Accord_Gertler-900-x-605.jpg\",\"width\":900,\"height\":605},{\"@type\":\"BreadcrumbList\",\"@id\":\"https:\\\/\\\/congovirtuel.com\\\/information\\\/apres-les-foudres-de-washington-la-presidence-tshisekedi-tente-de-renegocier-en-catimini-son-deal-avec-gertler\\\/#breadcrumb\",\"itemListElement\":[{\"@type\":\"ListItem\",\"position\":1,\"name\":\"Accueil\",\"item\":\"https:\\\/\\\/congovirtuel.com\\\/information\\\/\"},{\"@type\":\"ListItem\",\"position\":2,\"name\":\"Apr\u00e8s les foudres de Washington, la pr\u00e9sidence Tshisekedi tente de ren\u00e9gocier en catimini son deal avec Gertler\"}]},{\"@type\":\"WebSite\",\"@id\":\"https:\\\/\\\/congovirtuel.com\\\/information\\\/#website\",\"url\":\"https:\\\/\\\/congovirtuel.com\\\/information\\\/\",\"name\":\"Actualit\u00e9s congolaises et internationales\",\"description\":\"site d&#039;analyse et de traitement d&#039;information\",\"publisher\":{\"@id\":\"https:\\\/\\\/congovirtuel.com\\\/information\\\/#organization\"},\"potentialAction\":[{\"@type\":\"SearchAction\",\"target\":{\"@type\":\"EntryPoint\",\"urlTemplate\":\"https:\\\/\\\/congovirtuel.com\\\/information\\\/?s={search_term_string}\"},\"query-input\":{\"@type\":\"PropertyValueSpecification\",\"valueRequired\":true,\"valueName\":\"search_term_string\"}}],\"inLanguage\":\"fr-FR\"},{\"@type\":\"Organization\",\"@id\":\"https:\\\/\\\/congovirtuel.com\\\/information\\\/#organization\",\"name\":\"Biblioth\u00e8que Virtuelle de la RDC\",\"url\":\"https:\\\/\\\/congovirtuel.com\\\/information\\\/\",\"logo\":{\"@type\":\"ImageObject\",\"inLanguage\":\"fr-FR\",\"@id\":\"https:\\\/\\\/congovirtuel.com\\\/information\\\/#\\\/schema\\\/logo\\\/image\\\/\",\"url\":\"https:\\\/\\\/congovirtuel.com\\\/information\\\/wp-content\\\/uploads\\\/2018\\\/10\\\/header-info-congovirtuel-vraie.jpg\",\"contentUrl\":\"https:\\\/\\\/congovirtuel.com\\\/information\\\/wp-content\\\/uploads\\\/2018\\\/10\\\/header-info-congovirtuel-vraie.jpg\",\"width\":728,\"height\":90,\"caption\":\"Biblioth\u00e8que Virtuelle de la RDC\"},\"image\":{\"@id\":\"https:\\\/\\\/congovirtuel.com\\\/information\\\/#\\\/schema\\\/logo\\\/image\\\/\"},\"sameAs\":[\"https:\\\/\\\/web.facebook.com\\\/Congovirtuel-763617960319601\\\/?ref=aymt_homepage_panel&amp;amp;amp;amp;amp;amp;amp;amp;amp;amp;amp;eid=ARCoxULa66767kIgF_KYav6VdjXTI4yk_LW4yoVO9s6NXpysgb7Cb65vpxcxgqzOAKvIbLQxaAETcqHT\",\"https:\\\/\\\/x.com\\\/congovirtuel\",\"https:\\\/\\\/www.youtube.com\\\/channel\\\/UCkFfprYzGgS3EWNpeMXpToQ?view_as=subscriber\"]},{\"@type\":\"Person\",\"@id\":\"https:\\\/\\\/congovirtuel.com\\\/information\\\/#\\\/schema\\\/person\\\/739a44bf7990966cb53d58d2fdeca0b6\",\"name\":\"infocongovirtuel\",\"image\":{\"@type\":\"ImageObject\",\"inLanguage\":\"fr-FR\",\"@id\":\"https:\\\/\\\/secure.gravatar.com\\\/avatar\\\/4d76991aa72469f0eb22e772586c99113c6997f88da636a9db8f2ce3a2c05e69?s=96&d=mm&r=g\",\"url\":\"https:\\\/\\\/secure.gravatar.com\\\/avatar\\\/4d76991aa72469f0eb22e772586c99113c6997f88da636a9db8f2ce3a2c05e69?s=96&d=mm&r=g\",\"contentUrl\":\"https:\\\/\\\/secure.gravatar.com\\\/avatar\\\/4d76991aa72469f0eb22e772586c99113c6997f88da636a9db8f2ce3a2c05e69?s=96&d=mm&r=g\",\"caption\":\"infocongovirtuel\"},\"url\":\"https:\\\/\\\/congovirtuel.com\\\/information\\\/author\\\/infocongovirtuel\\\/\"}]}<\/script>\n<!-- \/ Yoast SEO plugin. -->","yoast_head_json":{"title":"Apr\u00e8s les foudres de Washington, la pr\u00e9sidence Tshisekedi tente de ren\u00e9gocier en catimini son deal avec Gertler - Actualit\u00e9s congolaises et internationales","robots":{"index":"index","follow":"follow","max-snippet":"max-snippet:-1","max-image-preview":"max-image-preview:large","max-video-preview":"max-video-preview:-1"},"canonical":"https:\/\/congovirtuel.com\/information\/apres-les-foudres-de-washington-la-presidence-tshisekedi-tente-de-renegocier-en-catimini-son-deal-avec-gertler\/","og_locale":"fr_FR","og_type":"article","og_title":"Apr\u00e8s les foudres de Washington, la pr\u00e9sidence Tshisekedi tente de ren\u00e9gocier en catimini son deal avec Gertler - Actualit\u00e9s congolaises et internationales","og_description":"La R\u00e9publique d\u00e9mocratique du Congo avait sign\u00e9, le jeudi 24 f\u00e9vrier 2022, un accord \u00e0 l&rsquo;amiable avec le groupe Ventura de l&rsquo;homme d&rsquo;affaires isra\u00e9lien, Dan Gertler, afin de mettre fin au contentieux judiciaire qui les opposait&#8230;\u00a0\u00bbAu nom de l&rsquo;Etat congolais&#8230;un accord sur les actifs miniers et p\u00e9troliers avec l&rsquo;homme d&rsquo;affaires Dan Gertler&#8230;ayant repris ses actifs miniers et p\u00e9troliers, la RDC va les revaloriser et les int\u00e9r\u00eats vont profiter \u00e0 sa population&#8230; Apr\u00e8s pression de la soci\u00e9t\u00e9 civile et du Fonds\u00a0mon\u00e9taire international (FMI), le gouvernement congolais avait finalement rendu public, jeudi&hellip;","og_url":"https:\/\/congovirtuel.com\/information\/apres-les-foudres-de-washington-la-presidence-tshisekedi-tente-de-renegocier-en-catimini-son-deal-avec-gertler\/","og_site_name":"Actualit\u00e9s congolaises et internationales","article_publisher":"https:\/\/web.facebook.com\/Congovirtuel-763617960319601\/?ref=aymt_homepage_panel&amp%3bamp%3bamp%3bamp%3bamp%3bamp%3bamp%3bamp%3bamp%3bamp%3bamp%3beid=ARCoxULa66767kIgF_KYav6VdjXTI4yk_LW4yoVO9s6NXpysgb7Cb65vpxcxgqzOAKvIbLQxaAETcqHT","article_published_time":"2022-12-31T10:41:00+00:00","og_image":[{"width":900,"height":605,"url":"https:\/\/congovirtuel.com\/information\/wp-content\/uploads\/2022\/12\/Accord_Gertler-900-x-605.jpg","type":"image\/jpeg"}],"author":"infocongovirtuel","twitter_card":"summary_large_image","twitter_creator":"@congovirtuel","twitter_site":"@congovirtuel","twitter_misc":{"\u00c9crit par":"infocongovirtuel","Dur\u00e9e de lecture estim\u00e9e":"4 minutes"},"schema":{"@context":"https:\/\/schema.org","@graph":[{"@type":"Article","@id":"https:\/\/congovirtuel.com\/information\/apres-les-foudres-de-washington-la-presidence-tshisekedi-tente-de-renegocier-en-catimini-son-deal-avec-gertler\/#article","isPartOf":{"@id":"https:\/\/congovirtuel.com\/information\/apres-les-foudres-de-washington-la-presidence-tshisekedi-tente-de-renegocier-en-catimini-son-deal-avec-gertler\/"},"author":{"name":"infocongovirtuel","@id":"https:\/\/congovirtuel.com\/information\/#\/schema\/person\/739a44bf7990966cb53d58d2fdeca0b6"},"headline":"Apr\u00e8s les foudres de Washington, la pr\u00e9sidence Tshisekedi tente de ren\u00e9gocier en catimini son deal avec Gertler","datePublished":"2022-12-31T10:41:00+00:00","mainEntityOfPage":{"@id":"https:\/\/congovirtuel.com\/information\/apres-les-foudres-de-washington-la-presidence-tshisekedi-tente-de-renegocier-en-catimini-son-deal-avec-gertler\/"},"wordCount":888,"commentCount":0,"publisher":{"@id":"https:\/\/congovirtuel.com\/information\/#organization"},"image":{"@id":"https:\/\/congovirtuel.com\/information\/apres-les-foudres-de-washington-la-presidence-tshisekedi-tente-de-renegocier-en-catimini-son-deal-avec-gertler\/#primaryimage"},"thumbnailUrl":"https:\/\/congovirtuel.com\/information\/wp-content\/uploads\/2022\/12\/Accord_Gertler-900-x-605.jpg","keywords":["Accord Dan Gertler et la RDC","Dan Gertler","royalties"],"articleSection":["Minerais"],"inLanguage":"fr-FR","potentialAction":[{"@type":"CommentAction","name":"Comment","target":["https:\/\/congovirtuel.com\/information\/apres-les-foudres-de-washington-la-presidence-tshisekedi-tente-de-renegocier-en-catimini-son-deal-avec-gertler\/#respond"]}]},{"@type":"WebPage","@id":"https:\/\/congovirtuel.com\/information\/apres-les-foudres-de-washington-la-presidence-tshisekedi-tente-de-renegocier-en-catimini-son-deal-avec-gertler\/","url":"https:\/\/congovirtuel.com\/information\/apres-les-foudres-de-washington-la-presidence-tshisekedi-tente-de-renegocier-en-catimini-son-deal-avec-gertler\/","name":"Apr\u00e8s les foudres de Washington, la pr\u00e9sidence Tshisekedi tente de ren\u00e9gocier en catimini son deal avec Gertler - Actualit\u00e9s congolaises et internationales","isPartOf":{"@id":"https:\/\/congovirtuel.com\/information\/#website"},"primaryImageOfPage":{"@id":"https:\/\/congovirtuel.com\/information\/apres-les-foudres-de-washington-la-presidence-tshisekedi-tente-de-renegocier-en-catimini-son-deal-avec-gertler\/#primaryimage"},"image":{"@id":"https:\/\/congovirtuel.com\/information\/apres-les-foudres-de-washington-la-presidence-tshisekedi-tente-de-renegocier-en-catimini-son-deal-avec-gertler\/#primaryimage"},"thumbnailUrl":"https:\/\/congovirtuel.com\/information\/wp-content\/uploads\/2022\/12\/Accord_Gertler-900-x-605.jpg","datePublished":"2022-12-31T10:41:00+00:00","breadcrumb":{"@id":"https:\/\/congovirtuel.com\/information\/apres-les-foudres-de-washington-la-presidence-tshisekedi-tente-de-renegocier-en-catimini-son-deal-avec-gertler\/#breadcrumb"},"inLanguage":"fr-FR","potentialAction":[{"@type":"ReadAction","target":["https:\/\/congovirtuel.com\/information\/apres-les-foudres-de-washington-la-presidence-tshisekedi-tente-de-renegocier-en-catimini-son-deal-avec-gertler\/"]}]},{"@type":"ImageObject","inLanguage":"fr-FR","@id":"https:\/\/congovirtuel.com\/information\/apres-les-foudres-de-washington-la-presidence-tshisekedi-tente-de-renegocier-en-catimini-son-deal-avec-gertler\/#primaryimage","url":"https:\/\/congovirtuel.com\/information\/wp-content\/uploads\/2022\/12\/Accord_Gertler-900-x-605.jpg","contentUrl":"https:\/\/congovirtuel.com\/information\/wp-content\/uploads\/2022\/12\/Accord_Gertler-900-x-605.jpg","width":900,"height":605},{"@type":"BreadcrumbList","@id":"https:\/\/congovirtuel.com\/information\/apres-les-foudres-de-washington-la-presidence-tshisekedi-tente-de-renegocier-en-catimini-son-deal-avec-gertler\/#breadcrumb","itemListElement":[{"@type":"ListItem","position":1,"name":"Accueil","item":"https:\/\/congovirtuel.com\/information\/"},{"@type":"ListItem","position":2,"name":"Apr\u00e8s les foudres de Washington, la pr\u00e9sidence Tshisekedi tente de ren\u00e9gocier en catimini son deal avec Gertler"}]},{"@type":"WebSite","@id":"https:\/\/congovirtuel.com\/information\/#website","url":"https:\/\/congovirtuel.com\/information\/","name":"Actualit\u00e9s congolaises et internationales","description":"site d&#039;analyse et de traitement d&#039;information","publisher":{"@id":"https:\/\/congovirtuel.com\/information\/#organization"},"potentialAction":[{"@type":"SearchAction","target":{"@type":"EntryPoint","urlTemplate":"https:\/\/congovirtuel.com\/information\/?s={search_term_string}"},"query-input":{"@type":"PropertyValueSpecification","valueRequired":true,"valueName":"search_term_string"}}],"inLanguage":"fr-FR"},{"@type":"Organization","@id":"https:\/\/congovirtuel.com\/information\/#organization","name":"Biblioth\u00e8que Virtuelle de la RDC","url":"https:\/\/congovirtuel.com\/information\/","logo":{"@type":"ImageObject","inLanguage":"fr-FR","@id":"https:\/\/congovirtuel.com\/information\/#\/schema\/logo\/image\/","url":"https:\/\/congovirtuel.com\/information\/wp-content\/uploads\/2018\/10\/header-info-congovirtuel-vraie.jpg","contentUrl":"https:\/\/congovirtuel.com\/information\/wp-content\/uploads\/2018\/10\/header-info-congovirtuel-vraie.jpg","width":728,"height":90,"caption":"Biblioth\u00e8que Virtuelle de la RDC"},"image":{"@id":"https:\/\/congovirtuel.com\/information\/#\/schema\/logo\/image\/"},"sameAs":["https:\/\/web.facebook.com\/Congovirtuel-763617960319601\/?ref=aymt_homepage_panel&amp;amp;amp;amp;amp;amp;amp;amp;amp;amp;amp;eid=ARCoxULa66767kIgF_KYav6VdjXTI4yk_LW4yoVO9s6NXpysgb7Cb65vpxcxgqzOAKvIbLQxaAETcqHT","https:\/\/x.com\/congovirtuel","https:\/\/www.youtube.com\/channel\/UCkFfprYzGgS3EWNpeMXpToQ?view_as=subscriber"]},{"@type":"Person","@id":"https:\/\/congovirtuel.com\/information\/#\/schema\/person\/739a44bf7990966cb53d58d2fdeca0b6","name":"infocongovirtuel","image":{"@type":"ImageObject","inLanguage":"fr-FR","@id":"https:\/\/secure.gravatar.com\/avatar\/4d76991aa72469f0eb22e772586c99113c6997f88da636a9db8f2ce3a2c05e69?s=96&d=mm&r=g","url":"https:\/\/secure.gravatar.com\/avatar\/4d76991aa72469f0eb22e772586c99113c6997f88da636a9db8f2ce3a2c05e69?s=96&d=mm&r=g","contentUrl":"https:\/\/secure.gravatar.com\/avatar\/4d76991aa72469f0eb22e772586c99113c6997f88da636a9db8f2ce3a2c05e69?s=96&d=mm&r=g","caption":"infocongovirtuel"},"url":"https:\/\/congovirtuel.com\/information\/author\/infocongovirtuel\/"}]}},"gt_translate_keys":[{"key":"link","format":"url"}],"_links":{"self":[{"href":"https:\/\/congovirtuel.com\/information\/wp-json\/wp\/v2\/posts\/21393","targetHints":{"allow":["GET"]}}],"collection":[{"href":"https:\/\/congovirtuel.com\/information\/wp-json\/wp\/v2\/posts"}],"about":[{"href":"https:\/\/congovirtuel.com\/information\/wp-json\/wp\/v2\/types\/post"}],"author":[{"embeddable":true,"href":"https:\/\/congovirtuel.com\/information\/wp-json\/wp\/v2\/users\/1"}],"replies":[{"embeddable":true,"href":"https:\/\/congovirtuel.com\/information\/wp-json\/wp\/v2\/comments?post=21393"}],"version-history":[{"count":1,"href":"https:\/\/congovirtuel.com\/information\/wp-json\/wp\/v2\/posts\/21393\/revisions"}],"predecessor-version":[{"id":21394,"href":"https:\/\/congovirtuel.com\/information\/wp-json\/wp\/v2\/posts\/21393\/revisions\/21394"}],"wp:featuredmedia":[{"embeddable":true,"href":"https:\/\/congovirtuel.com\/information\/wp-json\/wp\/v2\/media\/21392"}],"wp:attachment":[{"href":"https:\/\/congovirtuel.com\/information\/wp-json\/wp\/v2\/media?parent=21393"}],"wp:term":[{"taxonomy":"category","embeddable":true,"href":"https:\/\/congovirtuel.com\/information\/wp-json\/wp\/v2\/categories?post=21393"},{"taxonomy":"post_tag","embeddable":true,"href":"https:\/\/congovirtuel.com\/information\/wp-json\/wp\/v2\/tags?post=21393"}],"curies":[{"name":"wp","href":"https:\/\/api.w.org\/{rel}","templated":true}]}}