{"id":2141,"date":"2020-06-30T15:53:08","date_gmt":"2020-06-30T14:53:08","guid":{"rendered":"https:\/\/congovirtuel.com\/information\/?p=2141"},"modified":"2020-06-30T15:53:23","modified_gmt":"2020-06-30T14:53:23","slug":"en-reponse-aux-regrets-exprimes-par-le-roi-philippe-tshisekedi-appelle-belges-et-congolais-a-ecrire-ensemble-lhistoire-de-la-colonisation","status":"publish","type":"post","link":"https:\/\/congovirtuel.com\/information\/en-reponse-aux-regrets-exprimes-par-le-roi-philippe-tshisekedi-appelle-belges-et-congolais-a-ecrire-ensemble-lhistoire-de-la-colonisation\/","title":{"rendered":"En r\u00e9ponse aux \u00ab\u00a0regrets\u00a0\u00bb exprim\u00e9s par le roi Philippe, Tshisekedi appelle Belges et Congolais \u00e0 \u00e9crire ensemble l&rsquo;histoire de la colonisation","gt_translate_keys":[{"key":"rendered","format":"text"}]},"content":{"rendered":"\n<p class=\"wp-block-paragraph\">Le pr\u00e9sident congolais F\u00e9lix Antoine Tshisekedi Tshilombo a appel\u00e9 la Belgique et la R\u00e9publique d\u00e9mocratique du Congo (RDC) \u00e0 r\u00e9\u00e9crire l&rsquo;histoire de la colonisation, comme en \u00e9cho aux \u00ab\u00a0plus profonds regrets pour les blessures\u00a0\u00bb inflig\u00e9es lors de la p\u00e9riode coloniale belge au Congo exprim\u00e9s par le roi Philippe. \u00ab\u00a0J&rsquo;estime n\u00e9cessaire que notre histoire commune avec la Belgique et son peuple, soit racont\u00e9e \u00e0 nos enfants en R\u00e9publique d\u00e9mocratique du Congo ainsi qu&rsquo;en Belgique sur la base d&rsquo;un travail scientifique r\u00e9alis\u00e9 par les historiens des deux pays\u00a0\u00bb, a-t-il d\u00e9clar\u00e9 dans son allocution t\u00e9l\u00e9vis\u00e9e prononc\u00e9 lundi soir \u00e0 l&rsquo;occasion du 60e anniversaire de l&rsquo;ind\u00e9pendance du 30 juin 1960.<\/p>\n\n\n\n<p class=\"wp-block-paragraph\">\u00ab\u00a0Mais le plus important pour l&rsquo;avenir, c&rsquo;est de b\u00e2tir des relations harmonieuses avec la Belgique parce qu&rsquo;au-del\u00e0 des stigmates de l&rsquo;histoire, les deux peuples ont su construire une relation forte que j&rsquo;ai pu vivre personnellement lors de mon exil en Belgique, mon autre Congo\u00a0\u00bb, a ajout\u00e9 le chef de l&rsquo;Etat, dans une r\u00e9f\u00e9rence aux ann\u00e9es pass\u00e9es en Belgique.<\/p>\n\n\n\n<p class=\"wp-block-paragraph\">\u00ab\u00a0C&rsquo;est ainsi que, n&rsquo;eut \u00e9t\u00e9 la pand\u00e9mie de la Covid-19, j&rsquo;avais pr\u00e9vu de comm\u00e9morer les 60 ans de notre ind\u00e9pendance ici \u00e0 Kinshasa avec comme invit\u00e9 sp\u00e9cial le roi Philippe de Belgique qui, tout comme moi, cherche \u00e0 renforcer les liens entre nos deux pays sans renier notre pass\u00e9 commun mais dans l&rsquo;objectif de pr\u00e9parer un avenir radieux et harmonieux au profit de nos deux peuples\u00a0\u00bb, a poursuivi M. Tshisekedi.<\/p>\n\n\n\n<p class=\"wp-block-paragraph\">L&rsquo;arriv\u00e9e au pouvoir du pr\u00e9sident, le 24 janvier 2019, apr\u00e8s des \u00e9lections contest\u00e9es et report\u00e9es de deux ans, a permis une normalisation compl\u00e8te des relations belgo-congolaises, mises \u00e0 mal par une \u00e9ni\u00e8me crise dans les derni\u00e8res ann\u00e9es du r\u00e9gime de l&rsquo;ancien chef de l&rsquo;Etat, Joseph Kabila Kabange.<\/p>\n\n\n\n<p class=\"wp-block-paragraph\"><strong>Lalibre.be<\/strong><\/p>\n","protected":false,"gt_translate_keys":[{"key":"rendered","format":"html"}]},"excerpt":{"rendered":"<p>Le pr\u00e9sident congolais F\u00e9lix Antoine Tshisekedi Tshilombo a appel\u00e9 la Belgique et la R\u00e9publique d\u00e9mocratique du Congo (RDC) \u00e0 r\u00e9\u00e9crire l&rsquo;histoire de la colonisation, comme en \u00e9cho aux \u00ab\u00a0plus profonds regrets pour les blessures\u00a0\u00bb inflig\u00e9es lors de la p\u00e9riode coloniale belge au Congo exprim\u00e9s par le roi Philippe. \u00ab\u00a0J&rsquo;estime n\u00e9cessaire que notre histoire commune avec la Belgique et son peuple, soit racont\u00e9e \u00e0 nos enfants en R\u00e9publique d\u00e9mocratique du Congo ainsi qu&rsquo;en Belgique sur la base d&rsquo;un travail scientifique r\u00e9alis\u00e9 par les historiens des deux pays\u00a0\u00bb, a-t-il d\u00e9clar\u00e9 dans son&hellip;<\/p>\n","protected":false,"gt_translate_keys":[{"key":"rendered","format":"html"}]},"author":1,"featured_media":2142,"comment_status":"open","ping_status":"open","sticky":false,"template":"","format":"standard","meta":{"_crdt_document":"","footnotes":""},"categories":[671],"tags":[1399,1400],"class_list":["post-2141","post","type-post","status-publish","format-standard","has-post-thumbnail","hentry","category-rdc-belgique","tag-le-roi-philippe","tag-tshisekedi-appelle-belges"],"gutentor_comment":0,"yoast_head":"<!-- This site is optimized with the Yoast SEO plugin v27.5 - https:\/\/yoast.com\/product\/yoast-seo-wordpress\/ -->\n<title>En r\u00e9ponse aux &quot;regrets&quot; exprim\u00e9s par le roi Philippe, Tshisekedi appelle Belges et Congolais \u00e0 \u00e9crire ensemble l&#039;histoire de la colonisation - Actualit\u00e9s congolaises et internationales<\/title>\n<meta name=\"robots\" content=\"index, follow, max-snippet:-1, max-image-preview:large, max-video-preview:-1\" \/>\n<link rel=\"canonical\" href=\"https:\/\/congovirtuel.com\/information\/en-reponse-aux-regrets-exprimes-par-le-roi-philippe-tshisekedi-appelle-belges-et-congolais-a-ecrire-ensemble-lhistoire-de-la-colonisation\/\" \/>\n<meta property=\"og:locale\" content=\"fr_FR\" \/>\n<meta property=\"og:type\" content=\"article\" \/>\n<meta property=\"og:title\" content=\"En r\u00e9ponse aux &quot;regrets&quot; exprim\u00e9s par le roi Philippe, Tshisekedi appelle Belges et Congolais \u00e0 \u00e9crire ensemble l&#039;histoire de la colonisation - Actualit\u00e9s congolaises et internationales\" \/>\n<meta property=\"og:description\" content=\"Le pr\u00e9sident congolais F\u00e9lix Antoine Tshisekedi Tshilombo a appel\u00e9 la Belgique et la R\u00e9publique d\u00e9mocratique du Congo (RDC) \u00e0 r\u00e9\u00e9crire l&rsquo;histoire de la colonisation, comme en \u00e9cho aux \u00ab\u00a0plus profonds regrets pour les blessures\u00a0\u00bb inflig\u00e9es lors de la p\u00e9riode coloniale belge au Congo exprim\u00e9s par le roi Philippe. \u00ab\u00a0J&rsquo;estime n\u00e9cessaire que notre histoire commune avec la Belgique et son peuple, soit racont\u00e9e \u00e0 nos enfants en R\u00e9publique d\u00e9mocratique du Congo ainsi qu&rsquo;en Belgique sur la base d&rsquo;un travail scientifique r\u00e9alis\u00e9 par les historiens des deux pays\u00a0\u00bb, a-t-il d\u00e9clar\u00e9 dans son&hellip;\" \/>\n<meta property=\"og:url\" content=\"https:\/\/congovirtuel.com\/information\/en-reponse-aux-regrets-exprimes-par-le-roi-philippe-tshisekedi-appelle-belges-et-congolais-a-ecrire-ensemble-lhistoire-de-la-colonisation\/\" \/>\n<meta property=\"og:site_name\" content=\"Actualit\u00e9s congolaises et internationales\" \/>\n<meta property=\"article:publisher\" content=\"https:\/\/web.facebook.com\/Congovirtuel-763617960319601\/?ref=aymt_homepage_panel&amp;amp%3bamp%3bamp%3bamp%3bamp%3bamp%3bamp%3bamp%3bamp%3bamp%3bamp%3beid=ARCoxULa66767kIgF_KYav6VdjXTI4yk_LW4yoVO9s6NXpysgb7Cb65vpxcxgqzOAKvIbLQxaAETcqHT\" \/>\n<meta property=\"article:published_time\" content=\"2020-06-30T14:53:08+00:00\" \/>\n<meta property=\"article:modified_time\" content=\"2020-06-30T14:53:23+00:00\" \/>\n<meta property=\"og:image\" content=\"https:\/\/congovirtuel.com\/information\/wp-content\/uploads\/2020\/06\/tete_felix.jpg\" \/>\n\t<meta property=\"og:image:width\" content=\"1280\" \/>\n\t<meta property=\"og:image:height\" content=\"640\" \/>\n\t<meta property=\"og:image:type\" content=\"image\/jpeg\" \/>\n<meta name=\"author\" content=\"infocongovirtuel\" \/>\n<meta name=\"twitter:card\" content=\"summary_large_image\" \/>\n<meta name=\"twitter:creator\" content=\"@congovirtuel\" \/>\n<meta name=\"twitter:site\" content=\"@congovirtuel\" \/>\n<meta name=\"twitter:label1\" content=\"\u00c9crit par\" \/>\n\t<meta name=\"twitter:data1\" content=\"infocongovirtuel\" \/>\n\t<meta name=\"twitter:label2\" content=\"Dur\u00e9e de lecture estim\u00e9e\" \/>\n\t<meta name=\"twitter:data2\" content=\"2 minutes\" \/>\n<script type=\"application\/ld+json\" class=\"yoast-schema-graph\">{\"@context\":\"https:\\\/\\\/schema.org\",\"@graph\":[{\"@type\":\"Article\",\"@id\":\"https:\\\/\\\/congovirtuel.com\\\/information\\\/en-reponse-aux-regrets-exprimes-par-le-roi-philippe-tshisekedi-appelle-belges-et-congolais-a-ecrire-ensemble-lhistoire-de-la-colonisation\\\/#article\",\"isPartOf\":{\"@id\":\"https:\\\/\\\/congovirtuel.com\\\/information\\\/en-reponse-aux-regrets-exprimes-par-le-roi-philippe-tshisekedi-appelle-belges-et-congolais-a-ecrire-ensemble-lhistoire-de-la-colonisation\\\/\"},\"author\":{\"name\":\"infocongovirtuel\",\"@id\":\"https:\\\/\\\/congovirtuel.com\\\/information\\\/#\\\/schema\\\/person\\\/739a44bf7990966cb53d58d2fdeca0b6\"},\"headline\":\"En r\u00e9ponse aux \u00ab\u00a0regrets\u00a0\u00bb exprim\u00e9s par le roi Philippe, Tshisekedi appelle Belges et Congolais \u00e0 \u00e9crire ensemble l&rsquo;histoire de la colonisation\",\"datePublished\":\"2020-06-30T14:53:08+00:00\",\"dateModified\":\"2020-06-30T14:53:23+00:00\",\"mainEntityOfPage\":{\"@id\":\"https:\\\/\\\/congovirtuel.com\\\/information\\\/en-reponse-aux-regrets-exprimes-par-le-roi-philippe-tshisekedi-appelle-belges-et-congolais-a-ecrire-ensemble-lhistoire-de-la-colonisation\\\/\"},\"wordCount\":353,\"commentCount\":0,\"publisher\":{\"@id\":\"https:\\\/\\\/congovirtuel.com\\\/information\\\/#organization\"},\"image\":{\"@id\":\"https:\\\/\\\/congovirtuel.com\\\/information\\\/en-reponse-aux-regrets-exprimes-par-le-roi-philippe-tshisekedi-appelle-belges-et-congolais-a-ecrire-ensemble-lhistoire-de-la-colonisation\\\/#primaryimage\"},\"thumbnailUrl\":\"https:\\\/\\\/congovirtuel.com\\\/information\\\/wp-content\\\/uploads\\\/2020\\\/06\\\/tete_felix.jpg\",\"keywords\":[\"le roi Philippe\",\"Tshisekedi appelle Belges\"],\"articleSection\":[\"RDC-BELGIQUE\"],\"inLanguage\":\"fr-FR\",\"potentialAction\":[{\"@type\":\"CommentAction\",\"name\":\"Comment\",\"target\":[\"https:\\\/\\\/congovirtuel.com\\\/information\\\/en-reponse-aux-regrets-exprimes-par-le-roi-philippe-tshisekedi-appelle-belges-et-congolais-a-ecrire-ensemble-lhistoire-de-la-colonisation\\\/#respond\"]}]},{\"@type\":\"WebPage\",\"@id\":\"https:\\\/\\\/congovirtuel.com\\\/information\\\/en-reponse-aux-regrets-exprimes-par-le-roi-philippe-tshisekedi-appelle-belges-et-congolais-a-ecrire-ensemble-lhistoire-de-la-colonisation\\\/\",\"url\":\"https:\\\/\\\/congovirtuel.com\\\/information\\\/en-reponse-aux-regrets-exprimes-par-le-roi-philippe-tshisekedi-appelle-belges-et-congolais-a-ecrire-ensemble-lhistoire-de-la-colonisation\\\/\",\"name\":\"En r\u00e9ponse aux \\\"regrets\\\" exprim\u00e9s par le roi Philippe, Tshisekedi appelle Belges et Congolais \u00e0 \u00e9crire ensemble l'histoire de la colonisation - Actualit\u00e9s congolaises et internationales\",\"isPartOf\":{\"@id\":\"https:\\\/\\\/congovirtuel.com\\\/information\\\/#website\"},\"primaryImageOfPage\":{\"@id\":\"https:\\\/\\\/congovirtuel.com\\\/information\\\/en-reponse-aux-regrets-exprimes-par-le-roi-philippe-tshisekedi-appelle-belges-et-congolais-a-ecrire-ensemble-lhistoire-de-la-colonisation\\\/#primaryimage\"},\"image\":{\"@id\":\"https:\\\/\\\/congovirtuel.com\\\/information\\\/en-reponse-aux-regrets-exprimes-par-le-roi-philippe-tshisekedi-appelle-belges-et-congolais-a-ecrire-ensemble-lhistoire-de-la-colonisation\\\/#primaryimage\"},\"thumbnailUrl\":\"https:\\\/\\\/congovirtuel.com\\\/information\\\/wp-content\\\/uploads\\\/2020\\\/06\\\/tete_felix.jpg\",\"datePublished\":\"2020-06-30T14:53:08+00:00\",\"dateModified\":\"2020-06-30T14:53:23+00:00\",\"breadcrumb\":{\"@id\":\"https:\\\/\\\/congovirtuel.com\\\/information\\\/en-reponse-aux-regrets-exprimes-par-le-roi-philippe-tshisekedi-appelle-belges-et-congolais-a-ecrire-ensemble-lhistoire-de-la-colonisation\\\/#breadcrumb\"},\"inLanguage\":\"fr-FR\",\"potentialAction\":[{\"@type\":\"ReadAction\",\"target\":[\"https:\\\/\\\/congovirtuel.com\\\/information\\\/en-reponse-aux-regrets-exprimes-par-le-roi-philippe-tshisekedi-appelle-belges-et-congolais-a-ecrire-ensemble-lhistoire-de-la-colonisation\\\/\"]}]},{\"@type\":\"ImageObject\",\"inLanguage\":\"fr-FR\",\"@id\":\"https:\\\/\\\/congovirtuel.com\\\/information\\\/en-reponse-aux-regrets-exprimes-par-le-roi-philippe-tshisekedi-appelle-belges-et-congolais-a-ecrire-ensemble-lhistoire-de-la-colonisation\\\/#primaryimage\",\"url\":\"https:\\\/\\\/congovirtuel.com\\\/information\\\/wp-content\\\/uploads\\\/2020\\\/06\\\/tete_felix.jpg\",\"contentUrl\":\"https:\\\/\\\/congovirtuel.com\\\/information\\\/wp-content\\\/uploads\\\/2020\\\/06\\\/tete_felix.jpg\",\"width\":1280,\"height\":640,\"caption\":\"felix_tshisekedi\"},{\"@type\":\"BreadcrumbList\",\"@id\":\"https:\\\/\\\/congovirtuel.com\\\/information\\\/en-reponse-aux-regrets-exprimes-par-le-roi-philippe-tshisekedi-appelle-belges-et-congolais-a-ecrire-ensemble-lhistoire-de-la-colonisation\\\/#breadcrumb\",\"itemListElement\":[{\"@type\":\"ListItem\",\"position\":1,\"name\":\"Accueil\",\"item\":\"https:\\\/\\\/congovirtuel.com\\\/information\\\/\"},{\"@type\":\"ListItem\",\"position\":2,\"name\":\"En r\u00e9ponse aux \u00ab\u00a0regrets\u00a0\u00bb exprim\u00e9s par le roi Philippe, Tshisekedi appelle Belges et Congolais \u00e0 \u00e9crire ensemble l&rsquo;histoire de la colonisation\"}]},{\"@type\":\"WebSite\",\"@id\":\"https:\\\/\\\/congovirtuel.com\\\/information\\\/#website\",\"url\":\"https:\\\/\\\/congovirtuel.com\\\/information\\\/\",\"name\":\"Actualit\u00e9s congolaises et internationales\",\"description\":\"site d&#039;analyse et de traitement d&#039;information\",\"publisher\":{\"@id\":\"https:\\\/\\\/congovirtuel.com\\\/information\\\/#organization\"},\"potentialAction\":[{\"@type\":\"SearchAction\",\"target\":{\"@type\":\"EntryPoint\",\"urlTemplate\":\"https:\\\/\\\/congovirtuel.com\\\/information\\\/?s={search_term_string}\"},\"query-input\":{\"@type\":\"PropertyValueSpecification\",\"valueRequired\":true,\"valueName\":\"search_term_string\"}}],\"inLanguage\":\"fr-FR\"},{\"@type\":\"Organization\",\"@id\":\"https:\\\/\\\/congovirtuel.com\\\/information\\\/#organization\",\"name\":\"Biblioth\u00e8que Virtuelle de la RDC\",\"url\":\"https:\\\/\\\/congovirtuel.com\\\/information\\\/\",\"logo\":{\"@type\":\"ImageObject\",\"inLanguage\":\"fr-FR\",\"@id\":\"https:\\\/\\\/congovirtuel.com\\\/information\\\/#\\\/schema\\\/logo\\\/image\\\/\",\"url\":\"https:\\\/\\\/congovirtuel.com\\\/information\\\/wp-content\\\/uploads\\\/2018\\\/10\\\/header-info-congovirtuel-vraie.jpg\",\"contentUrl\":\"https:\\\/\\\/congovirtuel.com\\\/information\\\/wp-content\\\/uploads\\\/2018\\\/10\\\/header-info-congovirtuel-vraie.jpg\",\"width\":728,\"height\":90,\"caption\":\"Biblioth\u00e8que Virtuelle de la RDC\"},\"image\":{\"@id\":\"https:\\\/\\\/congovirtuel.com\\\/information\\\/#\\\/schema\\\/logo\\\/image\\\/\"},\"sameAs\":[\"https:\\\/\\\/web.facebook.com\\\/Congovirtuel-763617960319601\\\/?ref=aymt_homepage_panel&amp;amp;amp;amp;amp;amp;amp;amp;amp;amp;amp;eid=ARCoxULa66767kIgF_KYav6VdjXTI4yk_LW4yoVO9s6NXpysgb7Cb65vpxcxgqzOAKvIbLQxaAETcqHT\",\"https:\\\/\\\/x.com\\\/congovirtuel\",\"https:\\\/\\\/www.youtube.com\\\/channel\\\/UCkFfprYzGgS3EWNpeMXpToQ?view_as=subscriber\"]},{\"@type\":\"Person\",\"@id\":\"https:\\\/\\\/congovirtuel.com\\\/information\\\/#\\\/schema\\\/person\\\/739a44bf7990966cb53d58d2fdeca0b6\",\"name\":\"infocongovirtuel\",\"image\":{\"@type\":\"ImageObject\",\"inLanguage\":\"fr-FR\",\"@id\":\"https:\\\/\\\/secure.gravatar.com\\\/avatar\\\/4d76991aa72469f0eb22e772586c99113c6997f88da636a9db8f2ce3a2c05e69?s=96&d=mm&r=g\",\"url\":\"https:\\\/\\\/secure.gravatar.com\\\/avatar\\\/4d76991aa72469f0eb22e772586c99113c6997f88da636a9db8f2ce3a2c05e69?s=96&d=mm&r=g\",\"contentUrl\":\"https:\\\/\\\/secure.gravatar.com\\\/avatar\\\/4d76991aa72469f0eb22e772586c99113c6997f88da636a9db8f2ce3a2c05e69?s=96&d=mm&r=g\",\"caption\":\"infocongovirtuel\"},\"url\":\"https:\\\/\\\/congovirtuel.com\\\/information\\\/author\\\/infocongovirtuel\\\/\"}]}<\/script>\n<!-- \/ Yoast SEO plugin. -->","yoast_head_json":{"title":"En r\u00e9ponse aux \"regrets\" exprim\u00e9s par le roi Philippe, Tshisekedi appelle Belges et Congolais \u00e0 \u00e9crire ensemble l'histoire de la colonisation - Actualit\u00e9s congolaises et internationales","robots":{"index":"index","follow":"follow","max-snippet":"max-snippet:-1","max-image-preview":"max-image-preview:large","max-video-preview":"max-video-preview:-1"},"canonical":"https:\/\/congovirtuel.com\/information\/en-reponse-aux-regrets-exprimes-par-le-roi-philippe-tshisekedi-appelle-belges-et-congolais-a-ecrire-ensemble-lhistoire-de-la-colonisation\/","og_locale":"fr_FR","og_type":"article","og_title":"En r\u00e9ponse aux \"regrets\" exprim\u00e9s par le roi Philippe, Tshisekedi appelle Belges et Congolais \u00e0 \u00e9crire ensemble l'histoire de la colonisation - Actualit\u00e9s congolaises et internationales","og_description":"Le pr\u00e9sident congolais F\u00e9lix Antoine Tshisekedi Tshilombo a appel\u00e9 la Belgique et la R\u00e9publique d\u00e9mocratique du Congo (RDC) \u00e0 r\u00e9\u00e9crire l&rsquo;histoire de la colonisation, comme en \u00e9cho aux \u00ab\u00a0plus profonds regrets pour les blessures\u00a0\u00bb inflig\u00e9es lors de la p\u00e9riode coloniale belge au Congo exprim\u00e9s par le roi Philippe. \u00ab\u00a0J&rsquo;estime n\u00e9cessaire que notre histoire commune avec la Belgique et son peuple, soit racont\u00e9e \u00e0 nos enfants en R\u00e9publique d\u00e9mocratique du Congo ainsi qu&rsquo;en Belgique sur la base d&rsquo;un travail scientifique r\u00e9alis\u00e9 par les historiens des deux pays\u00a0\u00bb, a-t-il d\u00e9clar\u00e9 dans son&hellip;","og_url":"https:\/\/congovirtuel.com\/information\/en-reponse-aux-regrets-exprimes-par-le-roi-philippe-tshisekedi-appelle-belges-et-congolais-a-ecrire-ensemble-lhistoire-de-la-colonisation\/","og_site_name":"Actualit\u00e9s congolaises et internationales","article_publisher":"https:\/\/web.facebook.com\/Congovirtuel-763617960319601\/?ref=aymt_homepage_panel&amp%3bamp%3bamp%3bamp%3bamp%3bamp%3bamp%3bamp%3bamp%3bamp%3bamp%3beid=ARCoxULa66767kIgF_KYav6VdjXTI4yk_LW4yoVO9s6NXpysgb7Cb65vpxcxgqzOAKvIbLQxaAETcqHT","article_published_time":"2020-06-30T14:53:08+00:00","article_modified_time":"2020-06-30T14:53:23+00:00","og_image":[{"width":1280,"height":640,"url":"https:\/\/congovirtuel.com\/information\/wp-content\/uploads\/2020\/06\/tete_felix.jpg","type":"image\/jpeg"}],"author":"infocongovirtuel","twitter_card":"summary_large_image","twitter_creator":"@congovirtuel","twitter_site":"@congovirtuel","twitter_misc":{"\u00c9crit par":"infocongovirtuel","Dur\u00e9e de lecture estim\u00e9e":"2 minutes"},"schema":{"@context":"https:\/\/schema.org","@graph":[{"@type":"Article","@id":"https:\/\/congovirtuel.com\/information\/en-reponse-aux-regrets-exprimes-par-le-roi-philippe-tshisekedi-appelle-belges-et-congolais-a-ecrire-ensemble-lhistoire-de-la-colonisation\/#article","isPartOf":{"@id":"https:\/\/congovirtuel.com\/information\/en-reponse-aux-regrets-exprimes-par-le-roi-philippe-tshisekedi-appelle-belges-et-congolais-a-ecrire-ensemble-lhistoire-de-la-colonisation\/"},"author":{"name":"infocongovirtuel","@id":"https:\/\/congovirtuel.com\/information\/#\/schema\/person\/739a44bf7990966cb53d58d2fdeca0b6"},"headline":"En r\u00e9ponse aux \u00ab\u00a0regrets\u00a0\u00bb exprim\u00e9s par le roi Philippe, Tshisekedi appelle Belges et Congolais \u00e0 \u00e9crire ensemble l&rsquo;histoire de la colonisation","datePublished":"2020-06-30T14:53:08+00:00","dateModified":"2020-06-30T14:53:23+00:00","mainEntityOfPage":{"@id":"https:\/\/congovirtuel.com\/information\/en-reponse-aux-regrets-exprimes-par-le-roi-philippe-tshisekedi-appelle-belges-et-congolais-a-ecrire-ensemble-lhistoire-de-la-colonisation\/"},"wordCount":353,"commentCount":0,"publisher":{"@id":"https:\/\/congovirtuel.com\/information\/#organization"},"image":{"@id":"https:\/\/congovirtuel.com\/information\/en-reponse-aux-regrets-exprimes-par-le-roi-philippe-tshisekedi-appelle-belges-et-congolais-a-ecrire-ensemble-lhistoire-de-la-colonisation\/#primaryimage"},"thumbnailUrl":"https:\/\/congovirtuel.com\/information\/wp-content\/uploads\/2020\/06\/tete_felix.jpg","keywords":["le roi Philippe","Tshisekedi appelle Belges"],"articleSection":["RDC-BELGIQUE"],"inLanguage":"fr-FR","potentialAction":[{"@type":"CommentAction","name":"Comment","target":["https:\/\/congovirtuel.com\/information\/en-reponse-aux-regrets-exprimes-par-le-roi-philippe-tshisekedi-appelle-belges-et-congolais-a-ecrire-ensemble-lhistoire-de-la-colonisation\/#respond"]}]},{"@type":"WebPage","@id":"https:\/\/congovirtuel.com\/information\/en-reponse-aux-regrets-exprimes-par-le-roi-philippe-tshisekedi-appelle-belges-et-congolais-a-ecrire-ensemble-lhistoire-de-la-colonisation\/","url":"https:\/\/congovirtuel.com\/information\/en-reponse-aux-regrets-exprimes-par-le-roi-philippe-tshisekedi-appelle-belges-et-congolais-a-ecrire-ensemble-lhistoire-de-la-colonisation\/","name":"En r\u00e9ponse aux \"regrets\" exprim\u00e9s par le roi Philippe, Tshisekedi appelle Belges et Congolais \u00e0 \u00e9crire ensemble l'histoire de la colonisation - Actualit\u00e9s congolaises et internationales","isPartOf":{"@id":"https:\/\/congovirtuel.com\/information\/#website"},"primaryImageOfPage":{"@id":"https:\/\/congovirtuel.com\/information\/en-reponse-aux-regrets-exprimes-par-le-roi-philippe-tshisekedi-appelle-belges-et-congolais-a-ecrire-ensemble-lhistoire-de-la-colonisation\/#primaryimage"},"image":{"@id":"https:\/\/congovirtuel.com\/information\/en-reponse-aux-regrets-exprimes-par-le-roi-philippe-tshisekedi-appelle-belges-et-congolais-a-ecrire-ensemble-lhistoire-de-la-colonisation\/#primaryimage"},"thumbnailUrl":"https:\/\/congovirtuel.com\/information\/wp-content\/uploads\/2020\/06\/tete_felix.jpg","datePublished":"2020-06-30T14:53:08+00:00","dateModified":"2020-06-30T14:53:23+00:00","breadcrumb":{"@id":"https:\/\/congovirtuel.com\/information\/en-reponse-aux-regrets-exprimes-par-le-roi-philippe-tshisekedi-appelle-belges-et-congolais-a-ecrire-ensemble-lhistoire-de-la-colonisation\/#breadcrumb"},"inLanguage":"fr-FR","potentialAction":[{"@type":"ReadAction","target":["https:\/\/congovirtuel.com\/information\/en-reponse-aux-regrets-exprimes-par-le-roi-philippe-tshisekedi-appelle-belges-et-congolais-a-ecrire-ensemble-lhistoire-de-la-colonisation\/"]}]},{"@type":"ImageObject","inLanguage":"fr-FR","@id":"https:\/\/congovirtuel.com\/information\/en-reponse-aux-regrets-exprimes-par-le-roi-philippe-tshisekedi-appelle-belges-et-congolais-a-ecrire-ensemble-lhistoire-de-la-colonisation\/#primaryimage","url":"https:\/\/congovirtuel.com\/information\/wp-content\/uploads\/2020\/06\/tete_felix.jpg","contentUrl":"https:\/\/congovirtuel.com\/information\/wp-content\/uploads\/2020\/06\/tete_felix.jpg","width":1280,"height":640,"caption":"felix_tshisekedi"},{"@type":"BreadcrumbList","@id":"https:\/\/congovirtuel.com\/information\/en-reponse-aux-regrets-exprimes-par-le-roi-philippe-tshisekedi-appelle-belges-et-congolais-a-ecrire-ensemble-lhistoire-de-la-colonisation\/#breadcrumb","itemListElement":[{"@type":"ListItem","position":1,"name":"Accueil","item":"https:\/\/congovirtuel.com\/information\/"},{"@type":"ListItem","position":2,"name":"En r\u00e9ponse aux \u00ab\u00a0regrets\u00a0\u00bb exprim\u00e9s par le roi Philippe, Tshisekedi appelle Belges et Congolais \u00e0 \u00e9crire ensemble l&rsquo;histoire de la colonisation"}]},{"@type":"WebSite","@id":"https:\/\/congovirtuel.com\/information\/#website","url":"https:\/\/congovirtuel.com\/information\/","name":"Actualit\u00e9s congolaises et internationales","description":"site d&#039;analyse et de traitement d&#039;information","publisher":{"@id":"https:\/\/congovirtuel.com\/information\/#organization"},"potentialAction":[{"@type":"SearchAction","target":{"@type":"EntryPoint","urlTemplate":"https:\/\/congovirtuel.com\/information\/?s={search_term_string}"},"query-input":{"@type":"PropertyValueSpecification","valueRequired":true,"valueName":"search_term_string"}}],"inLanguage":"fr-FR"},{"@type":"Organization","@id":"https:\/\/congovirtuel.com\/information\/#organization","name":"Biblioth\u00e8que Virtuelle de la RDC","url":"https:\/\/congovirtuel.com\/information\/","logo":{"@type":"ImageObject","inLanguage":"fr-FR","@id":"https:\/\/congovirtuel.com\/information\/#\/schema\/logo\/image\/","url":"https:\/\/congovirtuel.com\/information\/wp-content\/uploads\/2018\/10\/header-info-congovirtuel-vraie.jpg","contentUrl":"https:\/\/congovirtuel.com\/information\/wp-content\/uploads\/2018\/10\/header-info-congovirtuel-vraie.jpg","width":728,"height":90,"caption":"Biblioth\u00e8que Virtuelle de la RDC"},"image":{"@id":"https:\/\/congovirtuel.com\/information\/#\/schema\/logo\/image\/"},"sameAs":["https:\/\/web.facebook.com\/Congovirtuel-763617960319601\/?ref=aymt_homepage_panel&amp;amp;amp;amp;amp;amp;amp;amp;amp;amp;amp;eid=ARCoxULa66767kIgF_KYav6VdjXTI4yk_LW4yoVO9s6NXpysgb7Cb65vpxcxgqzOAKvIbLQxaAETcqHT","https:\/\/x.com\/congovirtuel","https:\/\/www.youtube.com\/channel\/UCkFfprYzGgS3EWNpeMXpToQ?view_as=subscriber"]},{"@type":"Person","@id":"https:\/\/congovirtuel.com\/information\/#\/schema\/person\/739a44bf7990966cb53d58d2fdeca0b6","name":"infocongovirtuel","image":{"@type":"ImageObject","inLanguage":"fr-FR","@id":"https:\/\/secure.gravatar.com\/avatar\/4d76991aa72469f0eb22e772586c99113c6997f88da636a9db8f2ce3a2c05e69?s=96&d=mm&r=g","url":"https:\/\/secure.gravatar.com\/avatar\/4d76991aa72469f0eb22e772586c99113c6997f88da636a9db8f2ce3a2c05e69?s=96&d=mm&r=g","contentUrl":"https:\/\/secure.gravatar.com\/avatar\/4d76991aa72469f0eb22e772586c99113c6997f88da636a9db8f2ce3a2c05e69?s=96&d=mm&r=g","caption":"infocongovirtuel"},"url":"https:\/\/congovirtuel.com\/information\/author\/infocongovirtuel\/"}]}},"gt_translate_keys":[{"key":"link","format":"url"}],"_links":{"self":[{"href":"https:\/\/congovirtuel.com\/information\/wp-json\/wp\/v2\/posts\/2141","targetHints":{"allow":["GET"]}}],"collection":[{"href":"https:\/\/congovirtuel.com\/information\/wp-json\/wp\/v2\/posts"}],"about":[{"href":"https:\/\/congovirtuel.com\/information\/wp-json\/wp\/v2\/types\/post"}],"author":[{"embeddable":true,"href":"https:\/\/congovirtuel.com\/information\/wp-json\/wp\/v2\/users\/1"}],"replies":[{"embeddable":true,"href":"https:\/\/congovirtuel.com\/information\/wp-json\/wp\/v2\/comments?post=2141"}],"version-history":[{"count":1,"href":"https:\/\/congovirtuel.com\/information\/wp-json\/wp\/v2\/posts\/2141\/revisions"}],"predecessor-version":[{"id":2143,"href":"https:\/\/congovirtuel.com\/information\/wp-json\/wp\/v2\/posts\/2141\/revisions\/2143"}],"wp:featuredmedia":[{"embeddable":true,"href":"https:\/\/congovirtuel.com\/information\/wp-json\/wp\/v2\/media\/2142"}],"wp:attachment":[{"href":"https:\/\/congovirtuel.com\/information\/wp-json\/wp\/v2\/media?parent=2141"}],"wp:term":[{"taxonomy":"category","embeddable":true,"href":"https:\/\/congovirtuel.com\/information\/wp-json\/wp\/v2\/categories?post=2141"},{"taxonomy":"post_tag","embeddable":true,"href":"https:\/\/congovirtuel.com\/information\/wp-json\/wp\/v2\/tags?post=2141"}],"curies":[{"name":"wp","href":"https:\/\/api.w.org\/{rel}","templated":true}]}}