{"id":21424,"date":"2023-01-03T16:31:28","date_gmt":"2023-01-03T15:31:28","guid":{"rendered":"https:\/\/congovirtuel.com\/information\/?p=21424"},"modified":"2023-01-03T16:31:28","modified_gmt":"2023-01-03T15:31:28","slug":"le-parlement-israelien-sera-preside-par-un-elu-gay-dorigine-marocaine","status":"publish","type":"post","link":"https:\/\/congovirtuel.com\/information\/le-parlement-israelien-sera-preside-par-un-elu-gay-dorigine-marocaine\/","title":{"rendered":"Le Parlement isra\u00e9lien sera pr\u00e9sid\u00e9 par un \u00e9lu gay d\u2019origine marocaine","gt_translate_keys":[{"key":"rendered","format":"text"}]},"content":{"rendered":"<div class=\"article__header\">\n<div class=\"article__announce-text\">Un d\u00e9put\u00e9 d\u2019origine marocaine, accessoirement gay, s\u2019appr\u00eate \u00e0 pr\u00e9sider le parlement isra\u00e9lien. Une nomination qui cause quelques remous.<\/div>\n<\/div>\n<div class=\"article__body\">\n<div class=\"article__block\" data-type=\"text\">\n<div class=\"article__text\">Grande premi\u00e8re pour la Knesset. Dans le sillage des derni\u00e8res \u00e9lections, le parlement isra\u00e9lien sera en effet pr\u00e9sid\u00e9 par le d\u00e9put\u00e9 Amir Ohana, \u00e9lu d\u2019origine marocaine, d\u00e9sign\u00e9 par ses pairs.<\/div>\n<\/div>\n<div class=\"article__block\" data-type=\"text\">\n<div class=\"article__text\">C\u2019est la premi\u00e8re fois qu\u2019un \u00e9lu venu du pays de Mohammed VI acc\u00e8de \u00e0 cette fonction. Le nouveau pr\u00e9sident de la Knesset assume par ailleurs ouvertement son homosexualit\u00e9, ce qui a soulev\u00e9 quelques d\u00e9bats sur le front religieux. Le grand rabbin de J\u00e9rusalem, Shlomo Amar a ainsi d\u00e9plor\u00e9 qu\u2019un homme gay puisse occuper de telles responsabilit\u00e9s.<\/div>\n<div>S\u2019il a \u00e9t\u00e9 port\u00e9 \u00e0 la t\u00eate de la Knesset apr\u00e8s un vote \u00e0 sens unique (63 votes pour, 5 contre), Amir Ohana a n\u00e9anmoins rencontr\u00e9 l\u2019hostilit\u00e9 de certains d\u00e9put\u00e9s lors de son discours inaugural. Les membres du parti Juda\u00efsme unifi\u00e9 de la Torah ont ainsi tourn\u00e9 la t\u00eate durant sa prise de parole.<\/div>\n<div>\n<div class=\"article__block\" data-type=\"h2\">\n<h2 class=\"article__h2\">Lien avec le Maroc<\/h2>\n<\/div>\n<div class=\"article__block\" data-type=\"text\">\n<div class=\"article__text\">L\u2019\u00e9tat h\u00e9breu cultive des liens culturels forts avec le Maroc, une importante diaspora juive ayant fui le royaume ch\u00e9rifien pour s\u2019\u00e9tablir en Isra\u00ebl. L\u2019\u00e9tincelant parcours de l\u2019\u00e9quipe marocaine pendant la derni\u00e8re Coupe du monde de football a, par exemple, \u00e9t\u00e9\u00a0<a href=\"https:\/\/fr.sputniknews.africa\/20221213\/israel-renforce-ses-effectifs-policiers-en-prevision-du-match-france-maroc--1057264255.html\" target=\"_blank\" rel=\"noopener\">suivi avec beaucoup de ferveur en Isra\u00ebl.<\/a><\/div>\n<div>Rabat s\u2019est encore rapproch\u00e9 diplomatiquement de Tel Aviv ces derni\u00e8res ann\u00e9es, via notamment les accords d&rsquo;Abraham, qui ont aussi sign\u00e9 un rapprochement entre les \u00c9mirats arabes unis et Isra\u00ebl. Dans le conflit du Sahara occidental, le Maroc pourrait d\u2019ailleurs s\u2019appuyer\u00a0<a href=\"https:\/\/fr.sputniknews.africa\/20221018\/les-drones-peuvent-ils-changer-la-donne-dans-le-sahara-occidental-1056554494.html\" target=\"_blank\" rel=\"noopener\">sur l\u2019expertise isra\u00e9lienne pour fabriquer des drones<\/a>.<\/div>\n<div>Sputnik<\/div>\n<\/div>\n<\/div>\n<\/div>\n<\/div>\n","protected":false,"gt_translate_keys":[{"key":"rendered","format":"html"}]},"excerpt":{"rendered":"<p>Un d\u00e9put\u00e9 d\u2019origine marocaine, accessoirement gay, s\u2019appr\u00eate \u00e0 pr\u00e9sider le parlement isra\u00e9lien. Une nomination qui cause quelques remous. Grande premi\u00e8re pour la Knesset. Dans le sillage des derni\u00e8res \u00e9lections, le parlement isra\u00e9lien sera en effet pr\u00e9sid\u00e9 par le d\u00e9put\u00e9 Amir Ohana, \u00e9lu d\u2019origine marocaine, d\u00e9sign\u00e9 par ses pairs. C\u2019est la premi\u00e8re fois qu\u2019un \u00e9lu venu du pays de Mohammed VI acc\u00e8de \u00e0 cette fonction. Le nouveau pr\u00e9sident de la Knesset assume par ailleurs ouvertement son homosexualit\u00e9, ce qui a soulev\u00e9 quelques d\u00e9bats sur le front religieux. Le grand rabbin de&hellip;<\/p>\n","protected":false,"gt_translate_keys":[{"key":"rendered","format":"html"}]},"author":1,"featured_media":21423,"comment_status":"open","ping_status":"open","sticky":false,"template":"","format":"standard","meta":{"_crdt_document":"","footnotes":""},"categories":[332],"tags":[37667,8130],"class_list":["post-21424","post","type-post","status-publish","format-standard","has-post-thumbnail","hentry","category-israel","tag-amir-ohana","tag-gay"],"gutentor_comment":1,"yoast_head":"<!-- This site is optimized with the Yoast SEO plugin v27.5 - https:\/\/yoast.com\/product\/yoast-seo-wordpress\/ -->\n<title>Le Parlement isra\u00e9lien sera pr\u00e9sid\u00e9 par un \u00e9lu gay d\u2019origine marocaine - Actualit\u00e9s congolaises et internationales<\/title>\n<meta name=\"robots\" content=\"index, follow, max-snippet:-1, max-image-preview:large, max-video-preview:-1\" \/>\n<link rel=\"canonical\" href=\"https:\/\/congovirtuel.com\/information\/le-parlement-israelien-sera-preside-par-un-elu-gay-dorigine-marocaine\/\" \/>\n<meta property=\"og:locale\" content=\"fr_FR\" \/>\n<meta property=\"og:type\" content=\"article\" \/>\n<meta property=\"og:title\" content=\"Le Parlement isra\u00e9lien sera pr\u00e9sid\u00e9 par un \u00e9lu gay d\u2019origine marocaine - Actualit\u00e9s congolaises et internationales\" \/>\n<meta property=\"og:description\" content=\"Un d\u00e9put\u00e9 d\u2019origine marocaine, accessoirement gay, s\u2019appr\u00eate \u00e0 pr\u00e9sider le parlement isra\u00e9lien. Une nomination qui cause quelques remous. Grande premi\u00e8re pour la Knesset. Dans le sillage des derni\u00e8res \u00e9lections, le parlement isra\u00e9lien sera en effet pr\u00e9sid\u00e9 par le d\u00e9put\u00e9 Amir Ohana, \u00e9lu d\u2019origine marocaine, d\u00e9sign\u00e9 par ses pairs. C\u2019est la premi\u00e8re fois qu\u2019un \u00e9lu venu du pays de Mohammed VI acc\u00e8de \u00e0 cette fonction. Le nouveau pr\u00e9sident de la Knesset assume par ailleurs ouvertement son homosexualit\u00e9, ce qui a soulev\u00e9 quelques d\u00e9bats sur le front religieux. Le grand rabbin de&hellip;\" \/>\n<meta property=\"og:url\" content=\"https:\/\/congovirtuel.com\/information\/le-parlement-israelien-sera-preside-par-un-elu-gay-dorigine-marocaine\/\" \/>\n<meta property=\"og:site_name\" content=\"Actualit\u00e9s congolaises et internationales\" \/>\n<meta property=\"article:publisher\" content=\"https:\/\/web.facebook.com\/Congovirtuel-763617960319601\/?ref=aymt_homepage_panel&amp;amp%3bamp%3bamp%3bamp%3bamp%3bamp%3bamp%3bamp%3bamp%3bamp%3bamp%3beid=ARCoxULa66767kIgF_KYav6VdjXTI4yk_LW4yoVO9s6NXpysgb7Cb65vpxcxgqzOAKvIbLQxaAETcqHT\" \/>\n<meta property=\"article:published_time\" content=\"2023-01-03T15:31:28+00:00\" \/>\n<meta property=\"og:image\" content=\"https:\/\/congovirtuel.com\/information\/wp-content\/uploads\/2023\/01\/Knesset-900-x-506.jpg\" \/>\n\t<meta property=\"og:image:width\" content=\"900\" \/>\n\t<meta property=\"og:image:height\" content=\"506\" \/>\n\t<meta property=\"og:image:type\" content=\"image\/jpeg\" \/>\n<meta name=\"author\" content=\"infocongovirtuel\" \/>\n<meta name=\"twitter:card\" content=\"summary_large_image\" \/>\n<meta name=\"twitter:creator\" content=\"@congovirtuel\" \/>\n<meta name=\"twitter:site\" content=\"@congovirtuel\" \/>\n<meta name=\"twitter:label1\" content=\"\u00c9crit par\" \/>\n\t<meta name=\"twitter:data1\" content=\"infocongovirtuel\" \/>\n\t<meta name=\"twitter:label2\" content=\"Dur\u00e9e de lecture estim\u00e9e\" \/>\n\t<meta name=\"twitter:data2\" content=\"2 minutes\" \/>\n<script type=\"application\/ld+json\" class=\"yoast-schema-graph\">{\"@context\":\"https:\\\/\\\/schema.org\",\"@graph\":[{\"@type\":\"Article\",\"@id\":\"https:\\\/\\\/congovirtuel.com\\\/information\\\/le-parlement-israelien-sera-preside-par-un-elu-gay-dorigine-marocaine\\\/#article\",\"isPartOf\":{\"@id\":\"https:\\\/\\\/congovirtuel.com\\\/information\\\/le-parlement-israelien-sera-preside-par-un-elu-gay-dorigine-marocaine\\\/\"},\"author\":{\"name\":\"infocongovirtuel\",\"@id\":\"https:\\\/\\\/congovirtuel.com\\\/information\\\/#\\\/schema\\\/person\\\/739a44bf7990966cb53d58d2fdeca0b6\"},\"headline\":\"Le Parlement isra\u00e9lien sera pr\u00e9sid\u00e9 par un \u00e9lu gay d\u2019origine marocaine\",\"datePublished\":\"2023-01-03T15:31:28+00:00\",\"mainEntityOfPage\":{\"@id\":\"https:\\\/\\\/congovirtuel.com\\\/information\\\/le-parlement-israelien-sera-preside-par-un-elu-gay-dorigine-marocaine\\\/\"},\"wordCount\":315,\"commentCount\":0,\"publisher\":{\"@id\":\"https:\\\/\\\/congovirtuel.com\\\/information\\\/#organization\"},\"image\":{\"@id\":\"https:\\\/\\\/congovirtuel.com\\\/information\\\/le-parlement-israelien-sera-preside-par-un-elu-gay-dorigine-marocaine\\\/#primaryimage\"},\"thumbnailUrl\":\"https:\\\/\\\/congovirtuel.com\\\/information\\\/wp-content\\\/uploads\\\/2023\\\/01\\\/Knesset-900-x-506.jpg\",\"keywords\":[\"Amir Ohana\",\"gay\"],\"articleSection\":[\"Isra\u00ebl\"],\"inLanguage\":\"fr-FR\",\"potentialAction\":[{\"@type\":\"CommentAction\",\"name\":\"Comment\",\"target\":[\"https:\\\/\\\/congovirtuel.com\\\/information\\\/le-parlement-israelien-sera-preside-par-un-elu-gay-dorigine-marocaine\\\/#respond\"]}]},{\"@type\":\"WebPage\",\"@id\":\"https:\\\/\\\/congovirtuel.com\\\/information\\\/le-parlement-israelien-sera-preside-par-un-elu-gay-dorigine-marocaine\\\/\",\"url\":\"https:\\\/\\\/congovirtuel.com\\\/information\\\/le-parlement-israelien-sera-preside-par-un-elu-gay-dorigine-marocaine\\\/\",\"name\":\"Le Parlement isra\u00e9lien sera pr\u00e9sid\u00e9 par un \u00e9lu gay d\u2019origine marocaine - Actualit\u00e9s congolaises et internationales\",\"isPartOf\":{\"@id\":\"https:\\\/\\\/congovirtuel.com\\\/information\\\/#website\"},\"primaryImageOfPage\":{\"@id\":\"https:\\\/\\\/congovirtuel.com\\\/information\\\/le-parlement-israelien-sera-preside-par-un-elu-gay-dorigine-marocaine\\\/#primaryimage\"},\"image\":{\"@id\":\"https:\\\/\\\/congovirtuel.com\\\/information\\\/le-parlement-israelien-sera-preside-par-un-elu-gay-dorigine-marocaine\\\/#primaryimage\"},\"thumbnailUrl\":\"https:\\\/\\\/congovirtuel.com\\\/information\\\/wp-content\\\/uploads\\\/2023\\\/01\\\/Knesset-900-x-506.jpg\",\"datePublished\":\"2023-01-03T15:31:28+00:00\",\"breadcrumb\":{\"@id\":\"https:\\\/\\\/congovirtuel.com\\\/information\\\/le-parlement-israelien-sera-preside-par-un-elu-gay-dorigine-marocaine\\\/#breadcrumb\"},\"inLanguage\":\"fr-FR\",\"potentialAction\":[{\"@type\":\"ReadAction\",\"target\":[\"https:\\\/\\\/congovirtuel.com\\\/information\\\/le-parlement-israelien-sera-preside-par-un-elu-gay-dorigine-marocaine\\\/\"]}]},{\"@type\":\"ImageObject\",\"inLanguage\":\"fr-FR\",\"@id\":\"https:\\\/\\\/congovirtuel.com\\\/information\\\/le-parlement-israelien-sera-preside-par-un-elu-gay-dorigine-marocaine\\\/#primaryimage\",\"url\":\"https:\\\/\\\/congovirtuel.com\\\/information\\\/wp-content\\\/uploads\\\/2023\\\/01\\\/Knesset-900-x-506.jpg\",\"contentUrl\":\"https:\\\/\\\/congovirtuel.com\\\/information\\\/wp-content\\\/uploads\\\/2023\\\/01\\\/Knesset-900-x-506.jpg\",\"width\":900,\"height\":506},{\"@type\":\"BreadcrumbList\",\"@id\":\"https:\\\/\\\/congovirtuel.com\\\/information\\\/le-parlement-israelien-sera-preside-par-un-elu-gay-dorigine-marocaine\\\/#breadcrumb\",\"itemListElement\":[{\"@type\":\"ListItem\",\"position\":1,\"name\":\"Accueil\",\"item\":\"https:\\\/\\\/congovirtuel.com\\\/information\\\/\"},{\"@type\":\"ListItem\",\"position\":2,\"name\":\"Le Parlement isra\u00e9lien sera pr\u00e9sid\u00e9 par un \u00e9lu gay d\u2019origine marocaine\"}]},{\"@type\":\"WebSite\",\"@id\":\"https:\\\/\\\/congovirtuel.com\\\/information\\\/#website\",\"url\":\"https:\\\/\\\/congovirtuel.com\\\/information\\\/\",\"name\":\"Actualit\u00e9s congolaises et internationales\",\"description\":\"site d&#039;analyse et de traitement d&#039;information\",\"publisher\":{\"@id\":\"https:\\\/\\\/congovirtuel.com\\\/information\\\/#organization\"},\"potentialAction\":[{\"@type\":\"SearchAction\",\"target\":{\"@type\":\"EntryPoint\",\"urlTemplate\":\"https:\\\/\\\/congovirtuel.com\\\/information\\\/?s={search_term_string}\"},\"query-input\":{\"@type\":\"PropertyValueSpecification\",\"valueRequired\":true,\"valueName\":\"search_term_string\"}}],\"inLanguage\":\"fr-FR\"},{\"@type\":\"Organization\",\"@id\":\"https:\\\/\\\/congovirtuel.com\\\/information\\\/#organization\",\"name\":\"Biblioth\u00e8que Virtuelle de la RDC\",\"url\":\"https:\\\/\\\/congovirtuel.com\\\/information\\\/\",\"logo\":{\"@type\":\"ImageObject\",\"inLanguage\":\"fr-FR\",\"@id\":\"https:\\\/\\\/congovirtuel.com\\\/information\\\/#\\\/schema\\\/logo\\\/image\\\/\",\"url\":\"https:\\\/\\\/congovirtuel.com\\\/information\\\/wp-content\\\/uploads\\\/2018\\\/10\\\/header-info-congovirtuel-vraie.jpg\",\"contentUrl\":\"https:\\\/\\\/congovirtuel.com\\\/information\\\/wp-content\\\/uploads\\\/2018\\\/10\\\/header-info-congovirtuel-vraie.jpg\",\"width\":728,\"height\":90,\"caption\":\"Biblioth\u00e8que Virtuelle de la RDC\"},\"image\":{\"@id\":\"https:\\\/\\\/congovirtuel.com\\\/information\\\/#\\\/schema\\\/logo\\\/image\\\/\"},\"sameAs\":[\"https:\\\/\\\/web.facebook.com\\\/Congovirtuel-763617960319601\\\/?ref=aymt_homepage_panel&amp;amp;amp;amp;amp;amp;amp;amp;amp;amp;amp;eid=ARCoxULa66767kIgF_KYav6VdjXTI4yk_LW4yoVO9s6NXpysgb7Cb65vpxcxgqzOAKvIbLQxaAETcqHT\",\"https:\\\/\\\/x.com\\\/congovirtuel\",\"https:\\\/\\\/www.youtube.com\\\/channel\\\/UCkFfprYzGgS3EWNpeMXpToQ?view_as=subscriber\"]},{\"@type\":\"Person\",\"@id\":\"https:\\\/\\\/congovirtuel.com\\\/information\\\/#\\\/schema\\\/person\\\/739a44bf7990966cb53d58d2fdeca0b6\",\"name\":\"infocongovirtuel\",\"image\":{\"@type\":\"ImageObject\",\"inLanguage\":\"fr-FR\",\"@id\":\"https:\\\/\\\/secure.gravatar.com\\\/avatar\\\/4d76991aa72469f0eb22e772586c99113c6997f88da636a9db8f2ce3a2c05e69?s=96&d=mm&r=g\",\"url\":\"https:\\\/\\\/secure.gravatar.com\\\/avatar\\\/4d76991aa72469f0eb22e772586c99113c6997f88da636a9db8f2ce3a2c05e69?s=96&d=mm&r=g\",\"contentUrl\":\"https:\\\/\\\/secure.gravatar.com\\\/avatar\\\/4d76991aa72469f0eb22e772586c99113c6997f88da636a9db8f2ce3a2c05e69?s=96&d=mm&r=g\",\"caption\":\"infocongovirtuel\"},\"url\":\"https:\\\/\\\/congovirtuel.com\\\/information\\\/author\\\/infocongovirtuel\\\/\"}]}<\/script>\n<!-- \/ Yoast SEO plugin. -->","yoast_head_json":{"title":"Le Parlement isra\u00e9lien sera pr\u00e9sid\u00e9 par un \u00e9lu gay d\u2019origine marocaine - Actualit\u00e9s congolaises et internationales","robots":{"index":"index","follow":"follow","max-snippet":"max-snippet:-1","max-image-preview":"max-image-preview:large","max-video-preview":"max-video-preview:-1"},"canonical":"https:\/\/congovirtuel.com\/information\/le-parlement-israelien-sera-preside-par-un-elu-gay-dorigine-marocaine\/","og_locale":"fr_FR","og_type":"article","og_title":"Le Parlement isra\u00e9lien sera pr\u00e9sid\u00e9 par un \u00e9lu gay d\u2019origine marocaine - Actualit\u00e9s congolaises et internationales","og_description":"Un d\u00e9put\u00e9 d\u2019origine marocaine, accessoirement gay, s\u2019appr\u00eate \u00e0 pr\u00e9sider le parlement isra\u00e9lien. Une nomination qui cause quelques remous. Grande premi\u00e8re pour la Knesset. Dans le sillage des derni\u00e8res \u00e9lections, le parlement isra\u00e9lien sera en effet pr\u00e9sid\u00e9 par le d\u00e9put\u00e9 Amir Ohana, \u00e9lu d\u2019origine marocaine, d\u00e9sign\u00e9 par ses pairs. C\u2019est la premi\u00e8re fois qu\u2019un \u00e9lu venu du pays de Mohammed VI acc\u00e8de \u00e0 cette fonction. Le nouveau pr\u00e9sident de la Knesset assume par ailleurs ouvertement son homosexualit\u00e9, ce qui a soulev\u00e9 quelques d\u00e9bats sur le front religieux. Le grand rabbin de&hellip;","og_url":"https:\/\/congovirtuel.com\/information\/le-parlement-israelien-sera-preside-par-un-elu-gay-dorigine-marocaine\/","og_site_name":"Actualit\u00e9s congolaises et internationales","article_publisher":"https:\/\/web.facebook.com\/Congovirtuel-763617960319601\/?ref=aymt_homepage_panel&amp%3bamp%3bamp%3bamp%3bamp%3bamp%3bamp%3bamp%3bamp%3bamp%3bamp%3beid=ARCoxULa66767kIgF_KYav6VdjXTI4yk_LW4yoVO9s6NXpysgb7Cb65vpxcxgqzOAKvIbLQxaAETcqHT","article_published_time":"2023-01-03T15:31:28+00:00","og_image":[{"width":900,"height":506,"url":"https:\/\/congovirtuel.com\/information\/wp-content\/uploads\/2023\/01\/Knesset-900-x-506.jpg","type":"image\/jpeg"}],"author":"infocongovirtuel","twitter_card":"summary_large_image","twitter_creator":"@congovirtuel","twitter_site":"@congovirtuel","twitter_misc":{"\u00c9crit par":"infocongovirtuel","Dur\u00e9e de lecture estim\u00e9e":"2 minutes"},"schema":{"@context":"https:\/\/schema.org","@graph":[{"@type":"Article","@id":"https:\/\/congovirtuel.com\/information\/le-parlement-israelien-sera-preside-par-un-elu-gay-dorigine-marocaine\/#article","isPartOf":{"@id":"https:\/\/congovirtuel.com\/information\/le-parlement-israelien-sera-preside-par-un-elu-gay-dorigine-marocaine\/"},"author":{"name":"infocongovirtuel","@id":"https:\/\/congovirtuel.com\/information\/#\/schema\/person\/739a44bf7990966cb53d58d2fdeca0b6"},"headline":"Le Parlement isra\u00e9lien sera pr\u00e9sid\u00e9 par un \u00e9lu gay d\u2019origine marocaine","datePublished":"2023-01-03T15:31:28+00:00","mainEntityOfPage":{"@id":"https:\/\/congovirtuel.com\/information\/le-parlement-israelien-sera-preside-par-un-elu-gay-dorigine-marocaine\/"},"wordCount":315,"commentCount":0,"publisher":{"@id":"https:\/\/congovirtuel.com\/information\/#organization"},"image":{"@id":"https:\/\/congovirtuel.com\/information\/le-parlement-israelien-sera-preside-par-un-elu-gay-dorigine-marocaine\/#primaryimage"},"thumbnailUrl":"https:\/\/congovirtuel.com\/information\/wp-content\/uploads\/2023\/01\/Knesset-900-x-506.jpg","keywords":["Amir Ohana","gay"],"articleSection":["Isra\u00ebl"],"inLanguage":"fr-FR","potentialAction":[{"@type":"CommentAction","name":"Comment","target":["https:\/\/congovirtuel.com\/information\/le-parlement-israelien-sera-preside-par-un-elu-gay-dorigine-marocaine\/#respond"]}]},{"@type":"WebPage","@id":"https:\/\/congovirtuel.com\/information\/le-parlement-israelien-sera-preside-par-un-elu-gay-dorigine-marocaine\/","url":"https:\/\/congovirtuel.com\/information\/le-parlement-israelien-sera-preside-par-un-elu-gay-dorigine-marocaine\/","name":"Le Parlement isra\u00e9lien sera pr\u00e9sid\u00e9 par un \u00e9lu gay d\u2019origine marocaine - Actualit\u00e9s congolaises et internationales","isPartOf":{"@id":"https:\/\/congovirtuel.com\/information\/#website"},"primaryImageOfPage":{"@id":"https:\/\/congovirtuel.com\/information\/le-parlement-israelien-sera-preside-par-un-elu-gay-dorigine-marocaine\/#primaryimage"},"image":{"@id":"https:\/\/congovirtuel.com\/information\/le-parlement-israelien-sera-preside-par-un-elu-gay-dorigine-marocaine\/#primaryimage"},"thumbnailUrl":"https:\/\/congovirtuel.com\/information\/wp-content\/uploads\/2023\/01\/Knesset-900-x-506.jpg","datePublished":"2023-01-03T15:31:28+00:00","breadcrumb":{"@id":"https:\/\/congovirtuel.com\/information\/le-parlement-israelien-sera-preside-par-un-elu-gay-dorigine-marocaine\/#breadcrumb"},"inLanguage":"fr-FR","potentialAction":[{"@type":"ReadAction","target":["https:\/\/congovirtuel.com\/information\/le-parlement-israelien-sera-preside-par-un-elu-gay-dorigine-marocaine\/"]}]},{"@type":"ImageObject","inLanguage":"fr-FR","@id":"https:\/\/congovirtuel.com\/information\/le-parlement-israelien-sera-preside-par-un-elu-gay-dorigine-marocaine\/#primaryimage","url":"https:\/\/congovirtuel.com\/information\/wp-content\/uploads\/2023\/01\/Knesset-900-x-506.jpg","contentUrl":"https:\/\/congovirtuel.com\/information\/wp-content\/uploads\/2023\/01\/Knesset-900-x-506.jpg","width":900,"height":506},{"@type":"BreadcrumbList","@id":"https:\/\/congovirtuel.com\/information\/le-parlement-israelien-sera-preside-par-un-elu-gay-dorigine-marocaine\/#breadcrumb","itemListElement":[{"@type":"ListItem","position":1,"name":"Accueil","item":"https:\/\/congovirtuel.com\/information\/"},{"@type":"ListItem","position":2,"name":"Le Parlement isra\u00e9lien sera pr\u00e9sid\u00e9 par un \u00e9lu gay d\u2019origine marocaine"}]},{"@type":"WebSite","@id":"https:\/\/congovirtuel.com\/information\/#website","url":"https:\/\/congovirtuel.com\/information\/","name":"Actualit\u00e9s congolaises et internationales","description":"site d&#039;analyse et de traitement d&#039;information","publisher":{"@id":"https:\/\/congovirtuel.com\/information\/#organization"},"potentialAction":[{"@type":"SearchAction","target":{"@type":"EntryPoint","urlTemplate":"https:\/\/congovirtuel.com\/information\/?s={search_term_string}"},"query-input":{"@type":"PropertyValueSpecification","valueRequired":true,"valueName":"search_term_string"}}],"inLanguage":"fr-FR"},{"@type":"Organization","@id":"https:\/\/congovirtuel.com\/information\/#organization","name":"Biblioth\u00e8que Virtuelle de la RDC","url":"https:\/\/congovirtuel.com\/information\/","logo":{"@type":"ImageObject","inLanguage":"fr-FR","@id":"https:\/\/congovirtuel.com\/information\/#\/schema\/logo\/image\/","url":"https:\/\/congovirtuel.com\/information\/wp-content\/uploads\/2018\/10\/header-info-congovirtuel-vraie.jpg","contentUrl":"https:\/\/congovirtuel.com\/information\/wp-content\/uploads\/2018\/10\/header-info-congovirtuel-vraie.jpg","width":728,"height":90,"caption":"Biblioth\u00e8que Virtuelle de la RDC"},"image":{"@id":"https:\/\/congovirtuel.com\/information\/#\/schema\/logo\/image\/"},"sameAs":["https:\/\/web.facebook.com\/Congovirtuel-763617960319601\/?ref=aymt_homepage_panel&amp;amp;amp;amp;amp;amp;amp;amp;amp;amp;amp;eid=ARCoxULa66767kIgF_KYav6VdjXTI4yk_LW4yoVO9s6NXpysgb7Cb65vpxcxgqzOAKvIbLQxaAETcqHT","https:\/\/x.com\/congovirtuel","https:\/\/www.youtube.com\/channel\/UCkFfprYzGgS3EWNpeMXpToQ?view_as=subscriber"]},{"@type":"Person","@id":"https:\/\/congovirtuel.com\/information\/#\/schema\/person\/739a44bf7990966cb53d58d2fdeca0b6","name":"infocongovirtuel","image":{"@type":"ImageObject","inLanguage":"fr-FR","@id":"https:\/\/secure.gravatar.com\/avatar\/4d76991aa72469f0eb22e772586c99113c6997f88da636a9db8f2ce3a2c05e69?s=96&d=mm&r=g","url":"https:\/\/secure.gravatar.com\/avatar\/4d76991aa72469f0eb22e772586c99113c6997f88da636a9db8f2ce3a2c05e69?s=96&d=mm&r=g","contentUrl":"https:\/\/secure.gravatar.com\/avatar\/4d76991aa72469f0eb22e772586c99113c6997f88da636a9db8f2ce3a2c05e69?s=96&d=mm&r=g","caption":"infocongovirtuel"},"url":"https:\/\/congovirtuel.com\/information\/author\/infocongovirtuel\/"}]}},"gt_translate_keys":[{"key":"link","format":"url"}],"_links":{"self":[{"href":"https:\/\/congovirtuel.com\/information\/wp-json\/wp\/v2\/posts\/21424","targetHints":{"allow":["GET"]}}],"collection":[{"href":"https:\/\/congovirtuel.com\/information\/wp-json\/wp\/v2\/posts"}],"about":[{"href":"https:\/\/congovirtuel.com\/information\/wp-json\/wp\/v2\/types\/post"}],"author":[{"embeddable":true,"href":"https:\/\/congovirtuel.com\/information\/wp-json\/wp\/v2\/users\/1"}],"replies":[{"embeddable":true,"href":"https:\/\/congovirtuel.com\/information\/wp-json\/wp\/v2\/comments?post=21424"}],"version-history":[{"count":1,"href":"https:\/\/congovirtuel.com\/information\/wp-json\/wp\/v2\/posts\/21424\/revisions"}],"predecessor-version":[{"id":21425,"href":"https:\/\/congovirtuel.com\/information\/wp-json\/wp\/v2\/posts\/21424\/revisions\/21425"}],"wp:featuredmedia":[{"embeddable":true,"href":"https:\/\/congovirtuel.com\/information\/wp-json\/wp\/v2\/media\/21423"}],"wp:attachment":[{"href":"https:\/\/congovirtuel.com\/information\/wp-json\/wp\/v2\/media?parent=21424"}],"wp:term":[{"taxonomy":"category","embeddable":true,"href":"https:\/\/congovirtuel.com\/information\/wp-json\/wp\/v2\/categories?post=21424"},{"taxonomy":"post_tag","embeddable":true,"href":"https:\/\/congovirtuel.com\/information\/wp-json\/wp\/v2\/tags?post=21424"}],"curies":[{"name":"wp","href":"https:\/\/api.w.org\/{rel}","templated":true}]}}