{"id":21494,"date":"2023-01-11T15:57:36","date_gmt":"2023-01-11T14:57:36","guid":{"rendered":"https:\/\/congovirtuel.com\/information\/?p=21494"},"modified":"2023-01-11T16:01:56","modified_gmt":"2023-01-11T15:01:56","slug":"comprendre-lencombre-de-la-politique-migratoire-rwandaise-face-au-dilemme-des-refugies-congolais","status":"publish","type":"post","link":"https:\/\/congovirtuel.com\/information\/comprendre-lencombre-de-la-politique-migratoire-rwandaise-face-au-dilemme-des-refugies-congolais\/","title":{"rendered":"Comprendre l\u2019encombre de la politique migratoire rwandaise face au dilemme des r\u00e9fugi\u00e9s congolais","gt_translate_keys":[{"key":"rendered","format":"text"}]},"content":{"rendered":"<p>Dans son discours prononc\u00e9 le lundi 09 janvier alors qu&rsquo;il pr\u00e9sidait l&rsquo;\u00e9lection du pr\u00e9sident du S\u00e9nat, le pr\u00e9sident rwandais Paul Kagame a d\u00e9clar\u00e9 que les probl\u00e8mes du Congo continuaient d&rsquo;\u00eatre imput\u00e9s au Rwanda, ainsi le moment \u00e9tait venu pour lui de montrer clairement que ces probl\u00e8mes appartenaient \u00e0 la RDC.<\/p>\n<p>Il a dit : \u00ab Tout d&rsquo;abord, ce n&rsquo;est pas le probl\u00e8me du Rwanda, et nous allons faire en sorte que tout le monde voie que ce n&rsquo;est pas le probl\u00e8me du Rwanda, en commen\u00e7ant par dire, ceux qui pensent que c&rsquo;est le probl\u00e8me du Rwanda plut\u00f4t que celui du Congo, Tout d\u2019abord, faites sortir les Congolais d&rsquo;ici.\u00a0\u00bb<\/p>\n<p>En effet ce discours rageur, au-del\u00e0 de quelques vives r\u00e9actions provoqu\u00e9es un peu partout dans le monde, traduit en r\u00e9alit\u00e9 le camouflet de la politique migratoire rwandaise qui tient mordicus \u00e0 recevoir des r\u00e9fugi\u00e9s expuls\u00e9s du Royaume \u2013 Uni.<\/p>\n<p>En avril 2022, le gouvernement de Boris Johnson\u00a0avait conclu un accord avec Kigali\u00a0pour expulser vers le Rwanda des demandeurs d&rsquo;asile, d&rsquo;o\u00f9 qu&rsquo;ils viennent, arriv\u00e9s ill\u00e9galement sur le sol britannique. Une politique destin\u00e9e \u00e0 d\u00e9courager les travers\u00e9es de la Manche, mais qui a \u00e9t\u00e9 largement critiqu\u00e9e et attaqu\u00e9e en justice.<\/p>\n<p>Le premier vol devant amener des migrants au Rwanda depuis le Royaume-Uni a \u00e9t\u00e9 annul\u00e9 le mardi 14 juin 2022 par la Cour europ\u00e9enne des droits de l\u2019homme.<\/p>\n<p>Lundi 09 janvier 2023, la Haute-Cour de Londres a jug\u00e9 le dispositif \u00ab\u00a0<em>l\u00e9gal<\/em>\u00a0\u00bb et estim\u00e9 que les dispositions pr\u00e9vues par le gouvernement ne contreviennent pas \u00e0 la Convention de Gen\u00e8ve sur les r\u00e9fugi\u00e9s.\u00a0Le Premier ministre britannique va ainsi proc\u00e9der \u00e0 l&rsquo;expulsion vers le Rwanda de demandeurs d&rsquo;asile arriv\u00e9s ill\u00e9galement dans le pays.<\/p>\n<p>Malgr\u00e9 cette derni\u00e8re d\u00e9cision de la justice britannique, plusieurs associations et organismes en lien avec l\u2019Immigration et le\u00a0 droit des r\u00e9fugi\u00e9s accusent le Rwanda d\u2019\u00eatre \u00e0 la base d\u2019afflux des r\u00e9fugi\u00e9s particuli\u00e8rement congolais au Royaume- Uni.<\/p>\n<p>Le Rwanda est accus\u00e9 d\u2019\u00eatre le principal instigateur des conflits arm\u00e9s dans la r\u00e9gion des Grands Lacs africain depuis 1994. Ainsi, plusieurs congolais fuyant la guerre et l\u2019ins\u00e9curit\u00e9, sont all\u00e9 demander refuge au Royaume \u2013 Uni. Pour ces associations, il est donc incompr\u00e9hensible que ces r\u00e9fugi\u00e9s qui ont fuit la guerre chez eux, puisse \u00eatre encore renvoy\u00e9 dans la r\u00e9gion.<\/p>\n<p><strong>Exacerb\u00e9, et tenant co\u00fbt que co\u00fbt \u00e0 mat\u00e9rialiser son accord migratoire avec l\u2019UK, Paul Kagame compte d\u00e9sormais \u00e9carter les r\u00e9fugi\u00e9s congolais et sud \u2013 soudanais de la liste des migrants expulsables vers son pays. \u00a0C\u2019est donc une petite victoire pour les migrants congolais r\u00e9sidant au Royaume \u2013 Uni, qui tiennent aussi \u00e0 emp\u00eacher la mat\u00e9rialisation de cet accord. <\/strong><\/p>\n<p>Prise surement \u00e0 la h\u00e2te, le pr\u00e9sident rwandais Paul Kagame n\u2019avait pas aussi supput\u00e9 le revers de sa d\u00e9cision d\u2019expulser et de ne plus recevoir les r\u00e9fugi\u00e9s congolais. En effet, cette d\u00e9cision loin de lui garantir l\u2019arriv\u00e9e des migrants issus du Royaume \u2013 Uni avec ses retomb\u00e9es financi\u00e8res ; constitue \u00e0 m\u00eame temps une violation de la Convention de Gen\u00e8ve sur les r\u00e9fugi\u00e9s. Car, comment un pays qui expulse et refuse de recevoir certains r\u00e9fugi\u00e9s, accepterait facilement de recevoir d\u2019autres en provenance de l\u2019Europe ? Une politique migratoire s\u00e9lective \u00e0 deux vitesses, en violation de la convention de Gen\u00e8ve sur les r\u00e9fugi\u00e9s.<\/p>\n<p>Le Rwanda n&rsquo;a aucune intention d&rsquo;expulser ou d&rsquo;interdire les r\u00e9fugi\u00e9s, notamment ceux en provenance de R\u00e9publique d\u00e9mocratique du Congo (RDC), a r\u00e9trop\u00e9dal\u00e9 ce mercredi la porte-parole du gouvernement de Kigali, Yolande Makolo, apr\u00e8s les propos de son pr\u00e9sident Paul Kagame dans lesquels il refusait que le Rwanda \u00ab\u00a0supporte ce fardeau\u00a0\u00bb. Le Rwanda chancelle.<\/p>\n<p><strong>Coco Kabwika<\/strong><\/p>\n","protected":false,"gt_translate_keys":[{"key":"rendered","format":"html"}]},"excerpt":{"rendered":"<p>Dans son discours prononc\u00e9 le lundi 09 janvier alors qu&rsquo;il pr\u00e9sidait l&rsquo;\u00e9lection du pr\u00e9sident du S\u00e9nat, le pr\u00e9sident rwandais Paul Kagame a d\u00e9clar\u00e9 que les probl\u00e8mes du Congo continuaient d&rsquo;\u00eatre imput\u00e9s au Rwanda, ainsi le moment \u00e9tait venu pour lui de montrer clairement que ces probl\u00e8mes appartenaient \u00e0 la RDC. Il a dit : \u00ab Tout d&rsquo;abord, ce n&rsquo;est pas le probl\u00e8me du Rwanda, et nous allons faire en sorte que tout le monde voie que ce n&rsquo;est pas le probl\u00e8me du Rwanda, en commen\u00e7ant par dire, ceux qui pensent&hellip;<\/p>\n","protected":false,"gt_translate_keys":[{"key":"rendered","format":"html"}]},"author":1,"featured_media":21493,"comment_status":"open","ping_status":"open","sticky":false,"template":"","format":"standard","meta":{"_crdt_document":"","footnotes":""},"categories":[237],"tags":[37687,37686],"class_list":["post-21494","post","type-post","status-publish","format-standard","has-post-thumbnail","hentry","category-rdc-rwanda","tag-discours-kagame-sur-les-refugies-congolais","tag-politique-migratoire-rwandaise"],"gutentor_comment":1,"yoast_head":"<!-- This site is optimized with the Yoast SEO plugin v27.5 - https:\/\/yoast.com\/product\/yoast-seo-wordpress\/ -->\n<title>Comprendre l\u2019encombre de la politique migratoire rwandaise face au dilemme des r\u00e9fugi\u00e9s congolais - Actualit\u00e9s congolaises et internationales<\/title>\n<meta name=\"robots\" content=\"index, follow, max-snippet:-1, max-image-preview:large, max-video-preview:-1\" \/>\n<link rel=\"canonical\" href=\"https:\/\/congovirtuel.com\/information\/comprendre-lencombre-de-la-politique-migratoire-rwandaise-face-au-dilemme-des-refugies-congolais\/\" \/>\n<meta property=\"og:locale\" content=\"fr_FR\" \/>\n<meta property=\"og:type\" content=\"article\" \/>\n<meta property=\"og:title\" content=\"Comprendre l\u2019encombre de la politique migratoire rwandaise face au dilemme des r\u00e9fugi\u00e9s congolais - Actualit\u00e9s congolaises et internationales\" \/>\n<meta property=\"og:description\" content=\"Dans son discours prononc\u00e9 le lundi 09 janvier alors qu&rsquo;il pr\u00e9sidait l&rsquo;\u00e9lection du pr\u00e9sident du S\u00e9nat, le pr\u00e9sident rwandais Paul Kagame a d\u00e9clar\u00e9 que les probl\u00e8mes du Congo continuaient d&rsquo;\u00eatre imput\u00e9s au Rwanda, ainsi le moment \u00e9tait venu pour lui de montrer clairement que ces probl\u00e8mes appartenaient \u00e0 la RDC. Il a dit : \u00ab Tout d&rsquo;abord, ce n&rsquo;est pas le probl\u00e8me du Rwanda, et nous allons faire en sorte que tout le monde voie que ce n&rsquo;est pas le probl\u00e8me du Rwanda, en commen\u00e7ant par dire, ceux qui pensent&hellip;\" \/>\n<meta property=\"og:url\" content=\"https:\/\/congovirtuel.com\/information\/comprendre-lencombre-de-la-politique-migratoire-rwandaise-face-au-dilemme-des-refugies-congolais\/\" \/>\n<meta property=\"og:site_name\" content=\"Actualit\u00e9s congolaises et internationales\" \/>\n<meta property=\"article:publisher\" content=\"https:\/\/web.facebook.com\/Congovirtuel-763617960319601\/?ref=aymt_homepage_panel&amp;amp%3bamp%3bamp%3bamp%3bamp%3bamp%3bamp%3bamp%3bamp%3bamp%3bamp%3beid=ARCoxULa66767kIgF_KYav6VdjXTI4yk_LW4yoVO9s6NXpysgb7Cb65vpxcxgqzOAKvIbLQxaAETcqHT\" \/>\n<meta property=\"article:published_time\" content=\"2023-01-11T14:57:36+00:00\" \/>\n<meta property=\"article:modified_time\" content=\"2023-01-11T15:01:56+00:00\" \/>\n<meta property=\"og:image\" content=\"https:\/\/congovirtuel.com\/information\/wp-content\/uploads\/2023\/01\/Discours_kagame_election_senat-800-x-533.jpg\" \/>\n\t<meta property=\"og:image:width\" content=\"800\" \/>\n\t<meta property=\"og:image:height\" content=\"533\" \/>\n\t<meta property=\"og:image:type\" content=\"image\/jpeg\" \/>\n<meta name=\"author\" content=\"infocongovirtuel\" \/>\n<meta name=\"twitter:card\" content=\"summary_large_image\" \/>\n<meta name=\"twitter:creator\" content=\"@congovirtuel\" \/>\n<meta name=\"twitter:site\" content=\"@congovirtuel\" \/>\n<meta name=\"twitter:label1\" content=\"\u00c9crit par\" \/>\n\t<meta name=\"twitter:data1\" content=\"infocongovirtuel\" \/>\n\t<meta name=\"twitter:label2\" content=\"Dur\u00e9e de lecture estim\u00e9e\" \/>\n\t<meta name=\"twitter:data2\" content=\"3 minutes\" \/>\n<script type=\"application\/ld+json\" class=\"yoast-schema-graph\">{\"@context\":\"https:\\\/\\\/schema.org\",\"@graph\":[{\"@type\":\"Article\",\"@id\":\"https:\\\/\\\/congovirtuel.com\\\/information\\\/comprendre-lencombre-de-la-politique-migratoire-rwandaise-face-au-dilemme-des-refugies-congolais\\\/#article\",\"isPartOf\":{\"@id\":\"https:\\\/\\\/congovirtuel.com\\\/information\\\/comprendre-lencombre-de-la-politique-migratoire-rwandaise-face-au-dilemme-des-refugies-congolais\\\/\"},\"author\":{\"name\":\"infocongovirtuel\",\"@id\":\"https:\\\/\\\/congovirtuel.com\\\/information\\\/#\\\/schema\\\/person\\\/739a44bf7990966cb53d58d2fdeca0b6\"},\"headline\":\"Comprendre l\u2019encombre de la politique migratoire rwandaise face au dilemme des r\u00e9fugi\u00e9s congolais\",\"datePublished\":\"2023-01-11T14:57:36+00:00\",\"dateModified\":\"2023-01-11T15:01:56+00:00\",\"mainEntityOfPage\":{\"@id\":\"https:\\\/\\\/congovirtuel.com\\\/information\\\/comprendre-lencombre-de-la-politique-migratoire-rwandaise-face-au-dilemme-des-refugies-congolais\\\/\"},\"wordCount\":694,\"commentCount\":0,\"publisher\":{\"@id\":\"https:\\\/\\\/congovirtuel.com\\\/information\\\/#organization\"},\"image\":{\"@id\":\"https:\\\/\\\/congovirtuel.com\\\/information\\\/comprendre-lencombre-de-la-politique-migratoire-rwandaise-face-au-dilemme-des-refugies-congolais\\\/#primaryimage\"},\"thumbnailUrl\":\"https:\\\/\\\/congovirtuel.com\\\/information\\\/wp-content\\\/uploads\\\/2023\\\/01\\\/Discours_kagame_election_senat-800-x-533.jpg\",\"keywords\":[\"discours Kagame sur les r\u00e9fugi\u00e9s congolais\",\"politique migratoire rwandaise\"],\"articleSection\":[\"RDC-RWANDA\"],\"inLanguage\":\"fr-FR\",\"potentialAction\":[{\"@type\":\"CommentAction\",\"name\":\"Comment\",\"target\":[\"https:\\\/\\\/congovirtuel.com\\\/information\\\/comprendre-lencombre-de-la-politique-migratoire-rwandaise-face-au-dilemme-des-refugies-congolais\\\/#respond\"]}]},{\"@type\":\"WebPage\",\"@id\":\"https:\\\/\\\/congovirtuel.com\\\/information\\\/comprendre-lencombre-de-la-politique-migratoire-rwandaise-face-au-dilemme-des-refugies-congolais\\\/\",\"url\":\"https:\\\/\\\/congovirtuel.com\\\/information\\\/comprendre-lencombre-de-la-politique-migratoire-rwandaise-face-au-dilemme-des-refugies-congolais\\\/\",\"name\":\"Comprendre l\u2019encombre de la politique migratoire rwandaise face au dilemme des r\u00e9fugi\u00e9s congolais - Actualit\u00e9s congolaises et internationales\",\"isPartOf\":{\"@id\":\"https:\\\/\\\/congovirtuel.com\\\/information\\\/#website\"},\"primaryImageOfPage\":{\"@id\":\"https:\\\/\\\/congovirtuel.com\\\/information\\\/comprendre-lencombre-de-la-politique-migratoire-rwandaise-face-au-dilemme-des-refugies-congolais\\\/#primaryimage\"},\"image\":{\"@id\":\"https:\\\/\\\/congovirtuel.com\\\/information\\\/comprendre-lencombre-de-la-politique-migratoire-rwandaise-face-au-dilemme-des-refugies-congolais\\\/#primaryimage\"},\"thumbnailUrl\":\"https:\\\/\\\/congovirtuel.com\\\/information\\\/wp-content\\\/uploads\\\/2023\\\/01\\\/Discours_kagame_election_senat-800-x-533.jpg\",\"datePublished\":\"2023-01-11T14:57:36+00:00\",\"dateModified\":\"2023-01-11T15:01:56+00:00\",\"breadcrumb\":{\"@id\":\"https:\\\/\\\/congovirtuel.com\\\/information\\\/comprendre-lencombre-de-la-politique-migratoire-rwandaise-face-au-dilemme-des-refugies-congolais\\\/#breadcrumb\"},\"inLanguage\":\"fr-FR\",\"potentialAction\":[{\"@type\":\"ReadAction\",\"target\":[\"https:\\\/\\\/congovirtuel.com\\\/information\\\/comprendre-lencombre-de-la-politique-migratoire-rwandaise-face-au-dilemme-des-refugies-congolais\\\/\"]}]},{\"@type\":\"ImageObject\",\"inLanguage\":\"fr-FR\",\"@id\":\"https:\\\/\\\/congovirtuel.com\\\/information\\\/comprendre-lencombre-de-la-politique-migratoire-rwandaise-face-au-dilemme-des-refugies-congolais\\\/#primaryimage\",\"url\":\"https:\\\/\\\/congovirtuel.com\\\/information\\\/wp-content\\\/uploads\\\/2023\\\/01\\\/Discours_kagame_election_senat-800-x-533.jpg\",\"contentUrl\":\"https:\\\/\\\/congovirtuel.com\\\/information\\\/wp-content\\\/uploads\\\/2023\\\/01\\\/Discours_kagame_election_senat-800-x-533.jpg\",\"width\":800,\"height\":533},{\"@type\":\"BreadcrumbList\",\"@id\":\"https:\\\/\\\/congovirtuel.com\\\/information\\\/comprendre-lencombre-de-la-politique-migratoire-rwandaise-face-au-dilemme-des-refugies-congolais\\\/#breadcrumb\",\"itemListElement\":[{\"@type\":\"ListItem\",\"position\":1,\"name\":\"Accueil\",\"item\":\"https:\\\/\\\/congovirtuel.com\\\/information\\\/\"},{\"@type\":\"ListItem\",\"position\":2,\"name\":\"Comprendre l\u2019encombre de la politique migratoire rwandaise face au dilemme des r\u00e9fugi\u00e9s congolais\"}]},{\"@type\":\"WebSite\",\"@id\":\"https:\\\/\\\/congovirtuel.com\\\/information\\\/#website\",\"url\":\"https:\\\/\\\/congovirtuel.com\\\/information\\\/\",\"name\":\"Actualit\u00e9s congolaises et internationales\",\"description\":\"site d&#039;analyse et de traitement d&#039;information\",\"publisher\":{\"@id\":\"https:\\\/\\\/congovirtuel.com\\\/information\\\/#organization\"},\"potentialAction\":[{\"@type\":\"SearchAction\",\"target\":{\"@type\":\"EntryPoint\",\"urlTemplate\":\"https:\\\/\\\/congovirtuel.com\\\/information\\\/?s={search_term_string}\"},\"query-input\":{\"@type\":\"PropertyValueSpecification\",\"valueRequired\":true,\"valueName\":\"search_term_string\"}}],\"inLanguage\":\"fr-FR\"},{\"@type\":\"Organization\",\"@id\":\"https:\\\/\\\/congovirtuel.com\\\/information\\\/#organization\",\"name\":\"Biblioth\u00e8que Virtuelle de la RDC\",\"url\":\"https:\\\/\\\/congovirtuel.com\\\/information\\\/\",\"logo\":{\"@type\":\"ImageObject\",\"inLanguage\":\"fr-FR\",\"@id\":\"https:\\\/\\\/congovirtuel.com\\\/information\\\/#\\\/schema\\\/logo\\\/image\\\/\",\"url\":\"https:\\\/\\\/congovirtuel.com\\\/information\\\/wp-content\\\/uploads\\\/2018\\\/10\\\/header-info-congovirtuel-vraie.jpg\",\"contentUrl\":\"https:\\\/\\\/congovirtuel.com\\\/information\\\/wp-content\\\/uploads\\\/2018\\\/10\\\/header-info-congovirtuel-vraie.jpg\",\"width\":728,\"height\":90,\"caption\":\"Biblioth\u00e8que Virtuelle de la RDC\"},\"image\":{\"@id\":\"https:\\\/\\\/congovirtuel.com\\\/information\\\/#\\\/schema\\\/logo\\\/image\\\/\"},\"sameAs\":[\"https:\\\/\\\/web.facebook.com\\\/Congovirtuel-763617960319601\\\/?ref=aymt_homepage_panel&amp;amp;amp;amp;amp;amp;amp;amp;amp;amp;amp;eid=ARCoxULa66767kIgF_KYav6VdjXTI4yk_LW4yoVO9s6NXpysgb7Cb65vpxcxgqzOAKvIbLQxaAETcqHT\",\"https:\\\/\\\/x.com\\\/congovirtuel\",\"https:\\\/\\\/www.youtube.com\\\/channel\\\/UCkFfprYzGgS3EWNpeMXpToQ?view_as=subscriber\"]},{\"@type\":\"Person\",\"@id\":\"https:\\\/\\\/congovirtuel.com\\\/information\\\/#\\\/schema\\\/person\\\/739a44bf7990966cb53d58d2fdeca0b6\",\"name\":\"infocongovirtuel\",\"image\":{\"@type\":\"ImageObject\",\"inLanguage\":\"fr-FR\",\"@id\":\"https:\\\/\\\/secure.gravatar.com\\\/avatar\\\/4d76991aa72469f0eb22e772586c99113c6997f88da636a9db8f2ce3a2c05e69?s=96&d=mm&r=g\",\"url\":\"https:\\\/\\\/secure.gravatar.com\\\/avatar\\\/4d76991aa72469f0eb22e772586c99113c6997f88da636a9db8f2ce3a2c05e69?s=96&d=mm&r=g\",\"contentUrl\":\"https:\\\/\\\/secure.gravatar.com\\\/avatar\\\/4d76991aa72469f0eb22e772586c99113c6997f88da636a9db8f2ce3a2c05e69?s=96&d=mm&r=g\",\"caption\":\"infocongovirtuel\"},\"url\":\"https:\\\/\\\/congovirtuel.com\\\/information\\\/author\\\/infocongovirtuel\\\/\"}]}<\/script>\n<!-- \/ Yoast SEO plugin. -->","yoast_head_json":{"title":"Comprendre l\u2019encombre de la politique migratoire rwandaise face au dilemme des r\u00e9fugi\u00e9s congolais - Actualit\u00e9s congolaises et internationales","robots":{"index":"index","follow":"follow","max-snippet":"max-snippet:-1","max-image-preview":"max-image-preview:large","max-video-preview":"max-video-preview:-1"},"canonical":"https:\/\/congovirtuel.com\/information\/comprendre-lencombre-de-la-politique-migratoire-rwandaise-face-au-dilemme-des-refugies-congolais\/","og_locale":"fr_FR","og_type":"article","og_title":"Comprendre l\u2019encombre de la politique migratoire rwandaise face au dilemme des r\u00e9fugi\u00e9s congolais - Actualit\u00e9s congolaises et internationales","og_description":"Dans son discours prononc\u00e9 le lundi 09 janvier alors qu&rsquo;il pr\u00e9sidait l&rsquo;\u00e9lection du pr\u00e9sident du S\u00e9nat, le pr\u00e9sident rwandais Paul Kagame a d\u00e9clar\u00e9 que les probl\u00e8mes du Congo continuaient d&rsquo;\u00eatre imput\u00e9s au Rwanda, ainsi le moment \u00e9tait venu pour lui de montrer clairement que ces probl\u00e8mes appartenaient \u00e0 la RDC. Il a dit : \u00ab Tout d&rsquo;abord, ce n&rsquo;est pas le probl\u00e8me du Rwanda, et nous allons faire en sorte que tout le monde voie que ce n&rsquo;est pas le probl\u00e8me du Rwanda, en commen\u00e7ant par dire, ceux qui pensent&hellip;","og_url":"https:\/\/congovirtuel.com\/information\/comprendre-lencombre-de-la-politique-migratoire-rwandaise-face-au-dilemme-des-refugies-congolais\/","og_site_name":"Actualit\u00e9s congolaises et internationales","article_publisher":"https:\/\/web.facebook.com\/Congovirtuel-763617960319601\/?ref=aymt_homepage_panel&amp%3bamp%3bamp%3bamp%3bamp%3bamp%3bamp%3bamp%3bamp%3bamp%3bamp%3beid=ARCoxULa66767kIgF_KYav6VdjXTI4yk_LW4yoVO9s6NXpysgb7Cb65vpxcxgqzOAKvIbLQxaAETcqHT","article_published_time":"2023-01-11T14:57:36+00:00","article_modified_time":"2023-01-11T15:01:56+00:00","og_image":[{"width":800,"height":533,"url":"https:\/\/congovirtuel.com\/information\/wp-content\/uploads\/2023\/01\/Discours_kagame_election_senat-800-x-533.jpg","type":"image\/jpeg"}],"author":"infocongovirtuel","twitter_card":"summary_large_image","twitter_creator":"@congovirtuel","twitter_site":"@congovirtuel","twitter_misc":{"\u00c9crit par":"infocongovirtuel","Dur\u00e9e de lecture estim\u00e9e":"3 minutes"},"schema":{"@context":"https:\/\/schema.org","@graph":[{"@type":"Article","@id":"https:\/\/congovirtuel.com\/information\/comprendre-lencombre-de-la-politique-migratoire-rwandaise-face-au-dilemme-des-refugies-congolais\/#article","isPartOf":{"@id":"https:\/\/congovirtuel.com\/information\/comprendre-lencombre-de-la-politique-migratoire-rwandaise-face-au-dilemme-des-refugies-congolais\/"},"author":{"name":"infocongovirtuel","@id":"https:\/\/congovirtuel.com\/information\/#\/schema\/person\/739a44bf7990966cb53d58d2fdeca0b6"},"headline":"Comprendre l\u2019encombre de la politique migratoire rwandaise face au dilemme des r\u00e9fugi\u00e9s congolais","datePublished":"2023-01-11T14:57:36+00:00","dateModified":"2023-01-11T15:01:56+00:00","mainEntityOfPage":{"@id":"https:\/\/congovirtuel.com\/information\/comprendre-lencombre-de-la-politique-migratoire-rwandaise-face-au-dilemme-des-refugies-congolais\/"},"wordCount":694,"commentCount":0,"publisher":{"@id":"https:\/\/congovirtuel.com\/information\/#organization"},"image":{"@id":"https:\/\/congovirtuel.com\/information\/comprendre-lencombre-de-la-politique-migratoire-rwandaise-face-au-dilemme-des-refugies-congolais\/#primaryimage"},"thumbnailUrl":"https:\/\/congovirtuel.com\/information\/wp-content\/uploads\/2023\/01\/Discours_kagame_election_senat-800-x-533.jpg","keywords":["discours Kagame sur les r\u00e9fugi\u00e9s congolais","politique migratoire rwandaise"],"articleSection":["RDC-RWANDA"],"inLanguage":"fr-FR","potentialAction":[{"@type":"CommentAction","name":"Comment","target":["https:\/\/congovirtuel.com\/information\/comprendre-lencombre-de-la-politique-migratoire-rwandaise-face-au-dilemme-des-refugies-congolais\/#respond"]}]},{"@type":"WebPage","@id":"https:\/\/congovirtuel.com\/information\/comprendre-lencombre-de-la-politique-migratoire-rwandaise-face-au-dilemme-des-refugies-congolais\/","url":"https:\/\/congovirtuel.com\/information\/comprendre-lencombre-de-la-politique-migratoire-rwandaise-face-au-dilemme-des-refugies-congolais\/","name":"Comprendre l\u2019encombre de la politique migratoire rwandaise face au dilemme des r\u00e9fugi\u00e9s congolais - Actualit\u00e9s congolaises et internationales","isPartOf":{"@id":"https:\/\/congovirtuel.com\/information\/#website"},"primaryImageOfPage":{"@id":"https:\/\/congovirtuel.com\/information\/comprendre-lencombre-de-la-politique-migratoire-rwandaise-face-au-dilemme-des-refugies-congolais\/#primaryimage"},"image":{"@id":"https:\/\/congovirtuel.com\/information\/comprendre-lencombre-de-la-politique-migratoire-rwandaise-face-au-dilemme-des-refugies-congolais\/#primaryimage"},"thumbnailUrl":"https:\/\/congovirtuel.com\/information\/wp-content\/uploads\/2023\/01\/Discours_kagame_election_senat-800-x-533.jpg","datePublished":"2023-01-11T14:57:36+00:00","dateModified":"2023-01-11T15:01:56+00:00","breadcrumb":{"@id":"https:\/\/congovirtuel.com\/information\/comprendre-lencombre-de-la-politique-migratoire-rwandaise-face-au-dilemme-des-refugies-congolais\/#breadcrumb"},"inLanguage":"fr-FR","potentialAction":[{"@type":"ReadAction","target":["https:\/\/congovirtuel.com\/information\/comprendre-lencombre-de-la-politique-migratoire-rwandaise-face-au-dilemme-des-refugies-congolais\/"]}]},{"@type":"ImageObject","inLanguage":"fr-FR","@id":"https:\/\/congovirtuel.com\/information\/comprendre-lencombre-de-la-politique-migratoire-rwandaise-face-au-dilemme-des-refugies-congolais\/#primaryimage","url":"https:\/\/congovirtuel.com\/information\/wp-content\/uploads\/2023\/01\/Discours_kagame_election_senat-800-x-533.jpg","contentUrl":"https:\/\/congovirtuel.com\/information\/wp-content\/uploads\/2023\/01\/Discours_kagame_election_senat-800-x-533.jpg","width":800,"height":533},{"@type":"BreadcrumbList","@id":"https:\/\/congovirtuel.com\/information\/comprendre-lencombre-de-la-politique-migratoire-rwandaise-face-au-dilemme-des-refugies-congolais\/#breadcrumb","itemListElement":[{"@type":"ListItem","position":1,"name":"Accueil","item":"https:\/\/congovirtuel.com\/information\/"},{"@type":"ListItem","position":2,"name":"Comprendre l\u2019encombre de la politique migratoire rwandaise face au dilemme des r\u00e9fugi\u00e9s congolais"}]},{"@type":"WebSite","@id":"https:\/\/congovirtuel.com\/information\/#website","url":"https:\/\/congovirtuel.com\/information\/","name":"Actualit\u00e9s congolaises et internationales","description":"site d&#039;analyse et de traitement d&#039;information","publisher":{"@id":"https:\/\/congovirtuel.com\/information\/#organization"},"potentialAction":[{"@type":"SearchAction","target":{"@type":"EntryPoint","urlTemplate":"https:\/\/congovirtuel.com\/information\/?s={search_term_string}"},"query-input":{"@type":"PropertyValueSpecification","valueRequired":true,"valueName":"search_term_string"}}],"inLanguage":"fr-FR"},{"@type":"Organization","@id":"https:\/\/congovirtuel.com\/information\/#organization","name":"Biblioth\u00e8que Virtuelle de la RDC","url":"https:\/\/congovirtuel.com\/information\/","logo":{"@type":"ImageObject","inLanguage":"fr-FR","@id":"https:\/\/congovirtuel.com\/information\/#\/schema\/logo\/image\/","url":"https:\/\/congovirtuel.com\/information\/wp-content\/uploads\/2018\/10\/header-info-congovirtuel-vraie.jpg","contentUrl":"https:\/\/congovirtuel.com\/information\/wp-content\/uploads\/2018\/10\/header-info-congovirtuel-vraie.jpg","width":728,"height":90,"caption":"Biblioth\u00e8que Virtuelle de la RDC"},"image":{"@id":"https:\/\/congovirtuel.com\/information\/#\/schema\/logo\/image\/"},"sameAs":["https:\/\/web.facebook.com\/Congovirtuel-763617960319601\/?ref=aymt_homepage_panel&amp;amp;amp;amp;amp;amp;amp;amp;amp;amp;amp;eid=ARCoxULa66767kIgF_KYav6VdjXTI4yk_LW4yoVO9s6NXpysgb7Cb65vpxcxgqzOAKvIbLQxaAETcqHT","https:\/\/x.com\/congovirtuel","https:\/\/www.youtube.com\/channel\/UCkFfprYzGgS3EWNpeMXpToQ?view_as=subscriber"]},{"@type":"Person","@id":"https:\/\/congovirtuel.com\/information\/#\/schema\/person\/739a44bf7990966cb53d58d2fdeca0b6","name":"infocongovirtuel","image":{"@type":"ImageObject","inLanguage":"fr-FR","@id":"https:\/\/secure.gravatar.com\/avatar\/4d76991aa72469f0eb22e772586c99113c6997f88da636a9db8f2ce3a2c05e69?s=96&d=mm&r=g","url":"https:\/\/secure.gravatar.com\/avatar\/4d76991aa72469f0eb22e772586c99113c6997f88da636a9db8f2ce3a2c05e69?s=96&d=mm&r=g","contentUrl":"https:\/\/secure.gravatar.com\/avatar\/4d76991aa72469f0eb22e772586c99113c6997f88da636a9db8f2ce3a2c05e69?s=96&d=mm&r=g","caption":"infocongovirtuel"},"url":"https:\/\/congovirtuel.com\/information\/author\/infocongovirtuel\/"}]}},"gt_translate_keys":[{"key":"link","format":"url"}],"_links":{"self":[{"href":"https:\/\/congovirtuel.com\/information\/wp-json\/wp\/v2\/posts\/21494","targetHints":{"allow":["GET"]}}],"collection":[{"href":"https:\/\/congovirtuel.com\/information\/wp-json\/wp\/v2\/posts"}],"about":[{"href":"https:\/\/congovirtuel.com\/information\/wp-json\/wp\/v2\/types\/post"}],"author":[{"embeddable":true,"href":"https:\/\/congovirtuel.com\/information\/wp-json\/wp\/v2\/users\/1"}],"replies":[{"embeddable":true,"href":"https:\/\/congovirtuel.com\/information\/wp-json\/wp\/v2\/comments?post=21494"}],"version-history":[{"count":5,"href":"https:\/\/congovirtuel.com\/information\/wp-json\/wp\/v2\/posts\/21494\/revisions"}],"predecessor-version":[{"id":21499,"href":"https:\/\/congovirtuel.com\/information\/wp-json\/wp\/v2\/posts\/21494\/revisions\/21499"}],"wp:featuredmedia":[{"embeddable":true,"href":"https:\/\/congovirtuel.com\/information\/wp-json\/wp\/v2\/media\/21493"}],"wp:attachment":[{"href":"https:\/\/congovirtuel.com\/information\/wp-json\/wp\/v2\/media?parent=21494"}],"wp:term":[{"taxonomy":"category","embeddable":true,"href":"https:\/\/congovirtuel.com\/information\/wp-json\/wp\/v2\/categories?post=21494"},{"taxonomy":"post_tag","embeddable":true,"href":"https:\/\/congovirtuel.com\/information\/wp-json\/wp\/v2\/tags?post=21494"}],"curies":[{"name":"wp","href":"https:\/\/api.w.org\/{rel}","templated":true}]}}