{"id":21687,"date":"2023-01-29T06:09:19","date_gmt":"2023-01-29T05:09:19","guid":{"rendered":"https:\/\/congovirtuel.com\/information\/?p=21687"},"modified":"2023-01-29T06:09:19","modified_gmt":"2023-01-29T05:09:19","slug":"rdc-le-pays-ou-vatican-et-leglise-catholique-peuvent-renverser-les-gouvernements","status":"publish","type":"post","link":"https:\/\/congovirtuel.com\/information\/rdc-le-pays-ou-vatican-et-leglise-catholique-peuvent-renverser-les-gouvernements\/","title":{"rendered":"RDC : Le pays o\u00f9 Vatican et l&rsquo;\u00e9glise Catholique peuvent renverser les gouvernements","gt_translate_keys":[{"key":"rendered","format":"text"}]},"content":{"rendered":"<p>Une population catholique jeune et croissante voit la visite papale en R\u00e9publique d\u00e9mocratique du Congo comme une b\u00e9n\u00e9diction dans la lutte contre la corruption<\/p>\n<p>Fridolin Ambongo, archev\u00eaque de Kinshasa, a \u00e9t\u00e9 nomm\u00e9 cardinal par le pape Fran\u00e7ois en 2019<\/p>\n<p>De plus en plus de gens affluaient dans l&rsquo;\u00e9glise \u00e0 chaque minute, en route pour le travail ou l&rsquo;\u00e9cole, et les bavardages sur les bancs ne concernaient qu&rsquo;une seule chose : mardi, le pape Fran\u00e7ois arrivera \u00e0 Kinshasa pour la premi\u00e8re visite papale en R\u00e9publique d\u00e9mocratique du Congo (RDC) depuis\u00a0 38 ans.<\/p>\n<p>Des panneaux d&rsquo; affichage et des panneaux accueillant le pape montent sur les autoroutes et les chemins de terre, et chaque jour, dans chaque \u00e9glise catholique, les gens prient pour son arriv\u00e9e en toute s\u00e9curit\u00e9.<\/p>\n<p>Alors que les bancs en Europe occidentale sont vides et que les catholiques du monde entier, en particulier dans les Am\u00e9riques, se tournent vers les mouvements \u00e9vang\u00e9liques, la population catholique jeune et croissante du Congo est d\u00e9vou\u00e9e \u00e0 l&rsquo;\u00c9glise. La RDC compte 50 millions de croyants, soit plus de 60 % de la population majoritairement chr\u00e9tienne. Beaucoup vont \u00e0 l&rsquo;\u00e9glise tous les jours, voire deux fois par jour. C&rsquo;est une force que le pape Fran\u00e7ois comprend comme essentielle pour la croissance et la survie de l&rsquo;\u00c9glise catholique dans le monde.<\/p>\n<p><img loading=\"lazy\" decoding=\"async\" class=\"alignnone size-medium wp-image-21686\" src=\"https:\/\/congovirtuel.com\/information\/wp-content\/uploads\/2023\/01\/Ambong_Tshisekedi-557x365.jpg\" alt=\"\" width=\"557\" height=\"365\" srcset=\"https:\/\/congovirtuel.com\/information\/wp-content\/uploads\/2023\/01\/Ambong_Tshisekedi-557x365.jpg 557w, https:\/\/congovirtuel.com\/information\/wp-content\/uploads\/2023\/01\/Ambong_Tshisekedi.jpg 659w\" sizes=\"auto, (max-width: 557px) 100vw, 557px\" \/><\/p>\n<p>Pour les fid\u00e8les du Congo, la visite du pape est une b\u00e9n\u00e9diction, un baume sur leur vie et la lutte de leur pays, d\u00e9chir\u00e9 par la pauvret\u00e9 et la violence &#8211; plus r\u00e9cemment par une r\u00e9bellion croissante dans l&rsquo;est qui a tu\u00e9 des centaines de personnes et d\u00e9plac\u00e9 plus de 100 000 Congolais.<\/p>\n<p>Pour le gouvernement congolais et pour le Vatican lui-m\u00eame, la visite porte aussi sur autre chose : la politique du pouvoir.<\/p>\n<p>\u00ab\u00a0<em>L&rsquo;\u00e9glise dans ce pays sert de groupe de pression, faisant continuellement pression sur le syst\u00e8me pour qu&rsquo;il fasse le bien<\/em>\u00ab\u00a0, a d\u00e9clar\u00e9 Nkere Ntanda, professeur de sciences politiques \u00e0 l&rsquo;Universit\u00e9 de Kinshasa. \u00ab\u00a0<em>Cela a \u00e9t\u00e9 tr\u00e8s utile aux politicien<\/em>s.\u00a0\u00bb<\/p>\n<p>Nkere Ntanda, professeur de sciences politiques \u00e0 l&rsquo;Universit\u00e9 de Kinshasa, a d\u00e9clar\u00e9 que l&rsquo;\u00e9glise \u00ab\u00a0<em>servait de groupe de pression<\/em>\u00ab\u00a0.<\/p>\n<p>Dans un pays o\u00f9 l&rsquo;\u00c9tat a syst\u00e9matiquement \u00e9chou\u00e9 \u00e0 r\u00e9pondre aux besoins fondamentaux et a attis\u00e9 la violence entra\u00eenant un cycle sanglant de guerres civiles et d&rsquo;insurrections depuis l&rsquo;ind\u00e9pendance de la Belgique en 1960, pour de nombreux Congolais, l&rsquo; \u00c9glise catholique est la seule institution stable et fonctionnelle qu&rsquo;ils ont connu.<\/p>\n<p>Il g\u00e8re des \u00e9coles, des h\u00f4pitaux et des universit\u00e9s \u00e0 travers le pays. Son autorit\u00e9 l&#8217;emporte sur les divisions ethniques et les affiliations tribales. Il a le pouvoir de renverser les gouvernements \u2013 et il l&rsquo;a fait.<\/p>\n<p><strong>L&rsquo;\u00e9glise a jou\u00e9 un r\u00f4le majeur dans la chute du pr\u00e9sident Joseph Kabila<\/strong><\/p>\n<p>L&rsquo;\u00e9glise a jou\u00e9 un r\u00f4le majeur dans la chute du pr\u00e9sident Joseph Kabila, un autoritaire qui dirigeait la RDC depuis 2001. Les pr\u00eatres et les \u00e9v\u00eaques ont appel\u00e9 les foules dans les rues pour protester contre la corruption de Kabila et celle des gros chats &#8211; connus par certains ici comme les grosses l\u00e9gumes \u2013 qui ont pendant des d\u00e9cennies pill\u00e9 les fabuleuses richesses min\u00e9rales du Congo pour leur propre profit, laissant le peuple souffrir. Apr\u00e8s des semaines de manifestations, Kabila a annonc\u00e9 en ao\u00fbt 2018 qu&rsquo;il ne se pr\u00e9senterait pas aux prochaines \u00e9lections.<\/p>\n<p>Aujourd&rsquo;hui, l&rsquo;\u00c9glise catholique vise le gouvernement qui l&rsquo;a remplac\u00e9, l&rsquo;accusant de corruption g\u00e9n\u00e9ralis\u00e9e et d&rsquo;incomp\u00e9tence. Au cours de l&rsquo;ann\u00e9e \u00e9coul\u00e9e, l&rsquo;\u00e9glise a appel\u00e9 \u00e0 plusieurs reprises \u00e0 des manifestations anti-gouvernementales. D&rsquo;autres manifestations sont attendues avant les \u00e9lections de d\u00e9cembre.<\/p>\n<p>\u00ab <em>Dans ce pays, tout le monde veut faire de la politique, parce que c&rsquo;est le seul m\u00e9tier qu&rsquo;on peut faire m\u00eame si on n&rsquo;est pas pr\u00e9par\u00e9, m\u00eame si on n&rsquo;a aucune comp\u00e9tence, on devient riche du jour au lendemain. Et cela tue le pays<\/em> \u00bb, a d\u00e9clar\u00e9 le cardinal Fridolin Ambongo, archev\u00eaque de Kinshasa. \u00ab\u00a0<em>Parce qu&rsquo;une fois que vous \u00eates en politique, vous ne vous souciez plus des gens, vous vous souciez de ce que vous pouvez prendre et mettre dans votre poche.\u00a0\u00bb<\/em><\/p>\n<p>L&rsquo;\u00e9glise, a d\u00e9clar\u00e9 Ambongo, \u00e9tait si forte au Congo parce qu&rsquo;elle \u00e9tait du c\u00f4t\u00e9 du peuple, pas des puissants. Il consid\u00e9rait qu&rsquo;il \u00e9tait du devoir de l&rsquo;\u00c9glise de demander des comptes aux dirigeants du pays \u2013 et il esp\u00e9rait que le pape ferait de m\u00eame.<\/p>\n<p><strong><em>On dit parfois que le cardinal Ambongo est franc, mais le pape Fran\u00e7ois est encore plus franc que lui<\/em><\/strong><\/p>\n<p><strong><em>\u00a0<\/em><\/strong>\u00ab\u00a0<em>On dit parfois que le cardinal Ambongo est franc, mais le pape Fran\u00e7ois est encore plus franc que moi\u00a0\u00bb,<\/em> a-t-il d\u00e9clar\u00e9. \u00ab\u00a0<em>J&rsquo;esp\u00e8re vraiment qu&rsquo;il abordera cette question avec les responsables, leur dira clairement les choses, les mettra face \u00e0 leurs responsabilit\u00e9s<\/em>.\u00a0\u00bb<\/p>\n<p>Dans un bureau gouvernemental climatis\u00e9 \u00e0 quelques kilom\u00e8tres de l\u00e0, Patrick Muyaya, le ministre congolais de la communication et des m\u00e9dias et porte-parole du gouvernement, avait l&rsquo;air tendu lorsque le nom du cardinal a \u00e9t\u00e9 mentionn\u00e9.<\/p>\n<p>\u00ab\u00a0<em>Les probl\u00e8mes que nous avons dans ce pays n&rsquo;ont pas \u00e9t\u00e9 r\u00e9solus depuis 20, 30 ans\u00a0\u00bb,<\/em> a-t-il d\u00e9clar\u00e9. \u00ab <em>Nous, en tant que gouvernement, ne pouvons pas r\u00e9parer toutes ces choses au cours des cinq derni\u00e8res ann\u00e9es. C&rsquo;est la v\u00e9rit\u00e9. Et l&rsquo;\u00e9glise catholique le sait. Ils peuvent donc choisir de nous bl\u00e2mer. C&rsquo;est OK parce que c&rsquo;est leur r\u00f4le de critiquer. Mais je pense qu&rsquo;ils connaissent les conditions [dans le pays]. . . ils ne peuvent pas nous bl\u00e2mer pour les probl\u00e8mes que nous avons maintenant.<\/em><\/p>\n<p>L&rsquo;\u00e9glise, a-t-il dit, d\u00e9tenait un pouvoir \u00e9norme dans le pays, l&rsquo;appelant un \u00ab \u00c9tat dans l&rsquo;\u00c9tat \u00bb. Si les politiciens \u00e9taient corrompus, a-t-il sugg\u00e9r\u00e9, l&rsquo;\u00e9glise \u00e9tait au moins en partie \u00e0 bl\u00e2mer. Apr\u00e8s tout, qui d&rsquo;autre avait \u00e9duqu\u00e9 et \u00e9lev\u00e9 les politiciens ?<\/p>\n<p>\u00ab\u00a0<em>Ils \u00e9taient dans l&rsquo;\u00e9glise catholique, ils \u00e9taient dans des \u00e9coles catholiques<\/em>\u00ab\u00a0, a-t-il dit. \u00ab <em>Quand ils arrivent au pouvoir, pourquoi ne se comportent-ils pas selon ces valeurs ? Il y a un d\u00e9bat o\u00f9 les gens pensent que l&rsquo;\u00e9glise a aussi sa responsabilit\u00e9.<\/em><\/p>\n<p><em>\u00a0<\/em>Le catholicisme n&rsquo;a pas toujours \u00e9t\u00e9 aussi populaire. Pendant la p\u00e9riode coloniale belge, qui a commenc\u00e9 en 1885 lorsque le roi L\u00e9opold II s&rsquo;est empar\u00e9 de l&rsquo;\u00c9tat ind\u00e9pendant du Congo en tant que fief personnel et s&rsquo;est termin\u00e9e avec l&rsquo;ind\u00e9pendance, l&rsquo;\u00e9glise \u00e9tait consid\u00e9r\u00e9e comme l&rsquo;un des piliers du colonialisme.<\/p>\n<p>\u00ab\u00a0<em>L&rsquo;\u00e9glise avait une r\u00e9putation tr\u00e8s n\u00e9gative dans ce pays\u00a0\u00bb,<\/em> a d\u00e9clar\u00e9 Ntanda, le politologue. <em>\u00ab Il y avait des histoires selon lesquelles vous pouviez\u00a0 confesser et dire au pr\u00eatre tout ce que vous avez fait de mal, et les pr\u00eatres remettent le rapport \u00e0 un fonctionnaire. Avant que vous ne vous en rendiez compte, ils vont\u00a0 venir vous arr\u00eater<\/em>.<\/p>\n<p>Pourtant, les catholiques congolais d&rsquo;aujourd&rsquo;hui consid\u00e8rent l&rsquo;\u00c9glise comme la seule institution qui est de mani\u00e8re fiable \u00e0 leurs c\u00f4t\u00e9s.<\/p>\n<p>\u00ab\u00a0<em>Cette \u00e9glise ici a un service de tr\u00e8s haute qualit\u00e9 qu&rsquo;elle offre \u00e0 la communaut\u00e9<\/em>\u00ab\u00a0, a d\u00e9clar\u00e9 Betty Bakutu, 58 ans, alors qu&rsquo;elle se tenait devant la cath\u00e9drale Notre-Dame jeudi soir. <em>\u00abIl y a beaucoup de choses qui ne vont pas avec le syst\u00e8me gouvernemental. L&rsquo;\u00e9glise nous donne de l&rsquo;espoir, mais elle nous donne aussi des \u00e9coles et des h\u00f4pitaux<\/em>.<\/p>\n<p>&nbsp;<\/p>\n<p><strong><em>Sunday Times <\/em><\/strong><\/p>\n","protected":false,"gt_translate_keys":[{"key":"rendered","format":"html"}]},"excerpt":{"rendered":"<p>Une population catholique jeune et croissante voit la visite papale en R\u00e9publique d\u00e9mocratique du Congo comme une b\u00e9n\u00e9diction dans la lutte contre la corruption Fridolin Ambongo, archev\u00eaque de Kinshasa, a \u00e9t\u00e9 nomm\u00e9 cardinal par le pape Fran\u00e7ois en 2019 De plus en plus de gens affluaient dans l&rsquo;\u00e9glise \u00e0 chaque minute, en route pour le travail ou l&rsquo;\u00e9cole, et les bavardages sur les bancs ne concernaient qu&rsquo;une seule chose : mardi, le pape Fran\u00e7ois arrivera \u00e0 Kinshasa pour la premi\u00e8re visite papale en R\u00e9publique d\u00e9mocratique du Congo (RDC) depuis\u00a0 38&hellip;<\/p>\n","protected":false,"gt_translate_keys":[{"key":"rendered","format":"html"}]},"author":1,"featured_media":21685,"comment_status":"open","ping_status":"open","sticky":false,"template":"","format":"standard","meta":{"_crdt_document":"","footnotes":""},"categories":[4],"tags":[37770,37771],"class_list":["post-21687","post","type-post","status-publish","format-standard","has-post-thumbnail","hentry","category-religions","tag-la-visite-du-pape-rdc","tag-position-de-leglise-election"],"gutentor_comment":0,"yoast_head":"<!-- This site is optimized with the Yoast SEO plugin v27.5 - https:\/\/yoast.com\/product\/yoast-seo-wordpress\/ -->\n<title>RDC : Le pays o\u00f9 Vatican et l&#039;\u00e9glise Catholique peuvent renverser les gouvernements - Actualit\u00e9s congolaises et internationales<\/title>\n<meta name=\"robots\" content=\"index, follow, max-snippet:-1, max-image-preview:large, max-video-preview:-1\" \/>\n<link rel=\"canonical\" href=\"https:\/\/congovirtuel.com\/information\/rdc-le-pays-ou-vatican-et-leglise-catholique-peuvent-renverser-les-gouvernements\/\" \/>\n<meta property=\"og:locale\" content=\"fr_FR\" \/>\n<meta property=\"og:type\" content=\"article\" \/>\n<meta property=\"og:title\" content=\"RDC : Le pays o\u00f9 Vatican et l&#039;\u00e9glise Catholique peuvent renverser les gouvernements - Actualit\u00e9s congolaises et internationales\" \/>\n<meta property=\"og:description\" content=\"Une population catholique jeune et croissante voit la visite papale en R\u00e9publique d\u00e9mocratique du Congo comme une b\u00e9n\u00e9diction dans la lutte contre la corruption Fridolin Ambongo, archev\u00eaque de Kinshasa, a \u00e9t\u00e9 nomm\u00e9 cardinal par le pape Fran\u00e7ois en 2019 De plus en plus de gens affluaient dans l&rsquo;\u00e9glise \u00e0 chaque minute, en route pour le travail ou l&rsquo;\u00e9cole, et les bavardages sur les bancs ne concernaient qu&rsquo;une seule chose : mardi, le pape Fran\u00e7ois arrivera \u00e0 Kinshasa pour la premi\u00e8re visite papale en R\u00e9publique d\u00e9mocratique du Congo (RDC) depuis\u00a0 38&hellip;\" \/>\n<meta property=\"og:url\" content=\"https:\/\/congovirtuel.com\/information\/rdc-le-pays-ou-vatican-et-leglise-catholique-peuvent-renverser-les-gouvernements\/\" \/>\n<meta property=\"og:site_name\" content=\"Actualit\u00e9s congolaises et internationales\" \/>\n<meta property=\"article:publisher\" content=\"https:\/\/web.facebook.com\/Congovirtuel-763617960319601\/?ref=aymt_homepage_panel&amp;amp%3bamp%3bamp%3bamp%3bamp%3bamp%3bamp%3bamp%3bamp%3bamp%3bamp%3beid=ARCoxULa66767kIgF_KYav6VdjXTI4yk_LW4yoVO9s6NXpysgb7Cb65vpxcxgqzOAKvIbLQxaAETcqHT\" \/>\n<meta property=\"article:published_time\" content=\"2023-01-29T05:09:19+00:00\" \/>\n<meta property=\"og:image\" content=\"https:\/\/congovirtuel.com\/information\/wp-content\/uploads\/2023\/01\/Tshisekedi_pape.jpg\" \/>\n\t<meta property=\"og:image:width\" content=\"659\" \/>\n\t<meta property=\"og:image:height\" content=\"432\" \/>\n\t<meta property=\"og:image:type\" content=\"image\/jpeg\" \/>\n<meta name=\"author\" content=\"infocongovirtuel\" \/>\n<meta name=\"twitter:card\" content=\"summary_large_image\" \/>\n<meta name=\"twitter:creator\" content=\"@congovirtuel\" \/>\n<meta name=\"twitter:site\" content=\"@congovirtuel\" \/>\n<meta name=\"twitter:label1\" content=\"\u00c9crit par\" \/>\n\t<meta name=\"twitter:data1\" content=\"infocongovirtuel\" \/>\n\t<meta name=\"twitter:label2\" content=\"Dur\u00e9e de lecture estim\u00e9e\" \/>\n\t<meta name=\"twitter:data2\" content=\"7 minutes\" \/>\n<script type=\"application\/ld+json\" class=\"yoast-schema-graph\">{\"@context\":\"https:\\\/\\\/schema.org\",\"@graph\":[{\"@type\":\"Article\",\"@id\":\"https:\\\/\\\/congovirtuel.com\\\/information\\\/rdc-le-pays-ou-vatican-et-leglise-catholique-peuvent-renverser-les-gouvernements\\\/#article\",\"isPartOf\":{\"@id\":\"https:\\\/\\\/congovirtuel.com\\\/information\\\/rdc-le-pays-ou-vatican-et-leglise-catholique-peuvent-renverser-les-gouvernements\\\/\"},\"author\":{\"name\":\"infocongovirtuel\",\"@id\":\"https:\\\/\\\/congovirtuel.com\\\/information\\\/#\\\/schema\\\/person\\\/739a44bf7990966cb53d58d2fdeca0b6\"},\"headline\":\"RDC : Le pays o\u00f9 Vatican et l&rsquo;\u00e9glise Catholique peuvent renverser les gouvernements\",\"datePublished\":\"2023-01-29T05:09:19+00:00\",\"mainEntityOfPage\":{\"@id\":\"https:\\\/\\\/congovirtuel.com\\\/information\\\/rdc-le-pays-ou-vatican-et-leglise-catholique-peuvent-renverser-les-gouvernements\\\/\"},\"wordCount\":1320,\"commentCount\":0,\"publisher\":{\"@id\":\"https:\\\/\\\/congovirtuel.com\\\/information\\\/#organization\"},\"image\":{\"@id\":\"https:\\\/\\\/congovirtuel.com\\\/information\\\/rdc-le-pays-ou-vatican-et-leglise-catholique-peuvent-renverser-les-gouvernements\\\/#primaryimage\"},\"thumbnailUrl\":\"https:\\\/\\\/congovirtuel.com\\\/information\\\/wp-content\\\/uploads\\\/2023\\\/01\\\/Tshisekedi_pape.jpg\",\"keywords\":[\"la visite du pape RDC\",\"position de l'Eglise \u00e9lection\"],\"articleSection\":[\"Religions\"],\"inLanguage\":\"fr-FR\",\"potentialAction\":[{\"@type\":\"CommentAction\",\"name\":\"Comment\",\"target\":[\"https:\\\/\\\/congovirtuel.com\\\/information\\\/rdc-le-pays-ou-vatican-et-leglise-catholique-peuvent-renverser-les-gouvernements\\\/#respond\"]}]},{\"@type\":\"WebPage\",\"@id\":\"https:\\\/\\\/congovirtuel.com\\\/information\\\/rdc-le-pays-ou-vatican-et-leglise-catholique-peuvent-renverser-les-gouvernements\\\/\",\"url\":\"https:\\\/\\\/congovirtuel.com\\\/information\\\/rdc-le-pays-ou-vatican-et-leglise-catholique-peuvent-renverser-les-gouvernements\\\/\",\"name\":\"RDC : Le pays o\u00f9 Vatican et l'\u00e9glise Catholique peuvent renverser les gouvernements - Actualit\u00e9s congolaises et internationales\",\"isPartOf\":{\"@id\":\"https:\\\/\\\/congovirtuel.com\\\/information\\\/#website\"},\"primaryImageOfPage\":{\"@id\":\"https:\\\/\\\/congovirtuel.com\\\/information\\\/rdc-le-pays-ou-vatican-et-leglise-catholique-peuvent-renverser-les-gouvernements\\\/#primaryimage\"},\"image\":{\"@id\":\"https:\\\/\\\/congovirtuel.com\\\/information\\\/rdc-le-pays-ou-vatican-et-leglise-catholique-peuvent-renverser-les-gouvernements\\\/#primaryimage\"},\"thumbnailUrl\":\"https:\\\/\\\/congovirtuel.com\\\/information\\\/wp-content\\\/uploads\\\/2023\\\/01\\\/Tshisekedi_pape.jpg\",\"datePublished\":\"2023-01-29T05:09:19+00:00\",\"breadcrumb\":{\"@id\":\"https:\\\/\\\/congovirtuel.com\\\/information\\\/rdc-le-pays-ou-vatican-et-leglise-catholique-peuvent-renverser-les-gouvernements\\\/#breadcrumb\"},\"inLanguage\":\"fr-FR\",\"potentialAction\":[{\"@type\":\"ReadAction\",\"target\":[\"https:\\\/\\\/congovirtuel.com\\\/information\\\/rdc-le-pays-ou-vatican-et-leglise-catholique-peuvent-renverser-les-gouvernements\\\/\"]}]},{\"@type\":\"ImageObject\",\"inLanguage\":\"fr-FR\",\"@id\":\"https:\\\/\\\/congovirtuel.com\\\/information\\\/rdc-le-pays-ou-vatican-et-leglise-catholique-peuvent-renverser-les-gouvernements\\\/#primaryimage\",\"url\":\"https:\\\/\\\/congovirtuel.com\\\/information\\\/wp-content\\\/uploads\\\/2023\\\/01\\\/Tshisekedi_pape.jpg\",\"contentUrl\":\"https:\\\/\\\/congovirtuel.com\\\/information\\\/wp-content\\\/uploads\\\/2023\\\/01\\\/Tshisekedi_pape.jpg\",\"width\":659,\"height\":432},{\"@type\":\"BreadcrumbList\",\"@id\":\"https:\\\/\\\/congovirtuel.com\\\/information\\\/rdc-le-pays-ou-vatican-et-leglise-catholique-peuvent-renverser-les-gouvernements\\\/#breadcrumb\",\"itemListElement\":[{\"@type\":\"ListItem\",\"position\":1,\"name\":\"Accueil\",\"item\":\"https:\\\/\\\/congovirtuel.com\\\/information\\\/\"},{\"@type\":\"ListItem\",\"position\":2,\"name\":\"RDC : Le pays o\u00f9 Vatican et l&rsquo;\u00e9glise Catholique peuvent renverser les gouvernements\"}]},{\"@type\":\"WebSite\",\"@id\":\"https:\\\/\\\/congovirtuel.com\\\/information\\\/#website\",\"url\":\"https:\\\/\\\/congovirtuel.com\\\/information\\\/\",\"name\":\"Actualit\u00e9s congolaises et internationales\",\"description\":\"site d&#039;analyse et de traitement d&#039;information\",\"publisher\":{\"@id\":\"https:\\\/\\\/congovirtuel.com\\\/information\\\/#organization\"},\"potentialAction\":[{\"@type\":\"SearchAction\",\"target\":{\"@type\":\"EntryPoint\",\"urlTemplate\":\"https:\\\/\\\/congovirtuel.com\\\/information\\\/?s={search_term_string}\"},\"query-input\":{\"@type\":\"PropertyValueSpecification\",\"valueRequired\":true,\"valueName\":\"search_term_string\"}}],\"inLanguage\":\"fr-FR\"},{\"@type\":\"Organization\",\"@id\":\"https:\\\/\\\/congovirtuel.com\\\/information\\\/#organization\",\"name\":\"Biblioth\u00e8que Virtuelle de la RDC\",\"url\":\"https:\\\/\\\/congovirtuel.com\\\/information\\\/\",\"logo\":{\"@type\":\"ImageObject\",\"inLanguage\":\"fr-FR\",\"@id\":\"https:\\\/\\\/congovirtuel.com\\\/information\\\/#\\\/schema\\\/logo\\\/image\\\/\",\"url\":\"https:\\\/\\\/congovirtuel.com\\\/information\\\/wp-content\\\/uploads\\\/2018\\\/10\\\/header-info-congovirtuel-vraie.jpg\",\"contentUrl\":\"https:\\\/\\\/congovirtuel.com\\\/information\\\/wp-content\\\/uploads\\\/2018\\\/10\\\/header-info-congovirtuel-vraie.jpg\",\"width\":728,\"height\":90,\"caption\":\"Biblioth\u00e8que Virtuelle de la RDC\"},\"image\":{\"@id\":\"https:\\\/\\\/congovirtuel.com\\\/information\\\/#\\\/schema\\\/logo\\\/image\\\/\"},\"sameAs\":[\"https:\\\/\\\/web.facebook.com\\\/Congovirtuel-763617960319601\\\/?ref=aymt_homepage_panel&amp;amp;amp;amp;amp;amp;amp;amp;amp;amp;amp;eid=ARCoxULa66767kIgF_KYav6VdjXTI4yk_LW4yoVO9s6NXpysgb7Cb65vpxcxgqzOAKvIbLQxaAETcqHT\",\"https:\\\/\\\/x.com\\\/congovirtuel\",\"https:\\\/\\\/www.youtube.com\\\/channel\\\/UCkFfprYzGgS3EWNpeMXpToQ?view_as=subscriber\"]},{\"@type\":\"Person\",\"@id\":\"https:\\\/\\\/congovirtuel.com\\\/information\\\/#\\\/schema\\\/person\\\/739a44bf7990966cb53d58d2fdeca0b6\",\"name\":\"infocongovirtuel\",\"image\":{\"@type\":\"ImageObject\",\"inLanguage\":\"fr-FR\",\"@id\":\"https:\\\/\\\/secure.gravatar.com\\\/avatar\\\/4d76991aa72469f0eb22e772586c99113c6997f88da636a9db8f2ce3a2c05e69?s=96&d=mm&r=g\",\"url\":\"https:\\\/\\\/secure.gravatar.com\\\/avatar\\\/4d76991aa72469f0eb22e772586c99113c6997f88da636a9db8f2ce3a2c05e69?s=96&d=mm&r=g\",\"contentUrl\":\"https:\\\/\\\/secure.gravatar.com\\\/avatar\\\/4d76991aa72469f0eb22e772586c99113c6997f88da636a9db8f2ce3a2c05e69?s=96&d=mm&r=g\",\"caption\":\"infocongovirtuel\"},\"url\":\"https:\\\/\\\/congovirtuel.com\\\/information\\\/author\\\/infocongovirtuel\\\/\"}]}<\/script>\n<!-- \/ Yoast SEO plugin. -->","yoast_head_json":{"title":"RDC : Le pays o\u00f9 Vatican et l'\u00e9glise Catholique peuvent renverser les gouvernements - Actualit\u00e9s congolaises et internationales","robots":{"index":"index","follow":"follow","max-snippet":"max-snippet:-1","max-image-preview":"max-image-preview:large","max-video-preview":"max-video-preview:-1"},"canonical":"https:\/\/congovirtuel.com\/information\/rdc-le-pays-ou-vatican-et-leglise-catholique-peuvent-renverser-les-gouvernements\/","og_locale":"fr_FR","og_type":"article","og_title":"RDC : Le pays o\u00f9 Vatican et l'\u00e9glise Catholique peuvent renverser les gouvernements - Actualit\u00e9s congolaises et internationales","og_description":"Une population catholique jeune et croissante voit la visite papale en R\u00e9publique d\u00e9mocratique du Congo comme une b\u00e9n\u00e9diction dans la lutte contre la corruption Fridolin Ambongo, archev\u00eaque de Kinshasa, a \u00e9t\u00e9 nomm\u00e9 cardinal par le pape Fran\u00e7ois en 2019 De plus en plus de gens affluaient dans l&rsquo;\u00e9glise \u00e0 chaque minute, en route pour le travail ou l&rsquo;\u00e9cole, et les bavardages sur les bancs ne concernaient qu&rsquo;une seule chose : mardi, le pape Fran\u00e7ois arrivera \u00e0 Kinshasa pour la premi\u00e8re visite papale en R\u00e9publique d\u00e9mocratique du Congo (RDC) depuis\u00a0 38&hellip;","og_url":"https:\/\/congovirtuel.com\/information\/rdc-le-pays-ou-vatican-et-leglise-catholique-peuvent-renverser-les-gouvernements\/","og_site_name":"Actualit\u00e9s congolaises et internationales","article_publisher":"https:\/\/web.facebook.com\/Congovirtuel-763617960319601\/?ref=aymt_homepage_panel&amp%3bamp%3bamp%3bamp%3bamp%3bamp%3bamp%3bamp%3bamp%3bamp%3bamp%3beid=ARCoxULa66767kIgF_KYav6VdjXTI4yk_LW4yoVO9s6NXpysgb7Cb65vpxcxgqzOAKvIbLQxaAETcqHT","article_published_time":"2023-01-29T05:09:19+00:00","og_image":[{"width":659,"height":432,"url":"https:\/\/congovirtuel.com\/information\/wp-content\/uploads\/2023\/01\/Tshisekedi_pape.jpg","type":"image\/jpeg"}],"author":"infocongovirtuel","twitter_card":"summary_large_image","twitter_creator":"@congovirtuel","twitter_site":"@congovirtuel","twitter_misc":{"\u00c9crit par":"infocongovirtuel","Dur\u00e9e de lecture estim\u00e9e":"7 minutes"},"schema":{"@context":"https:\/\/schema.org","@graph":[{"@type":"Article","@id":"https:\/\/congovirtuel.com\/information\/rdc-le-pays-ou-vatican-et-leglise-catholique-peuvent-renverser-les-gouvernements\/#article","isPartOf":{"@id":"https:\/\/congovirtuel.com\/information\/rdc-le-pays-ou-vatican-et-leglise-catholique-peuvent-renverser-les-gouvernements\/"},"author":{"name":"infocongovirtuel","@id":"https:\/\/congovirtuel.com\/information\/#\/schema\/person\/739a44bf7990966cb53d58d2fdeca0b6"},"headline":"RDC : Le pays o\u00f9 Vatican et l&rsquo;\u00e9glise Catholique peuvent renverser les gouvernements","datePublished":"2023-01-29T05:09:19+00:00","mainEntityOfPage":{"@id":"https:\/\/congovirtuel.com\/information\/rdc-le-pays-ou-vatican-et-leglise-catholique-peuvent-renverser-les-gouvernements\/"},"wordCount":1320,"commentCount":0,"publisher":{"@id":"https:\/\/congovirtuel.com\/information\/#organization"},"image":{"@id":"https:\/\/congovirtuel.com\/information\/rdc-le-pays-ou-vatican-et-leglise-catholique-peuvent-renverser-les-gouvernements\/#primaryimage"},"thumbnailUrl":"https:\/\/congovirtuel.com\/information\/wp-content\/uploads\/2023\/01\/Tshisekedi_pape.jpg","keywords":["la visite du pape RDC","position de l'Eglise \u00e9lection"],"articleSection":["Religions"],"inLanguage":"fr-FR","potentialAction":[{"@type":"CommentAction","name":"Comment","target":["https:\/\/congovirtuel.com\/information\/rdc-le-pays-ou-vatican-et-leglise-catholique-peuvent-renverser-les-gouvernements\/#respond"]}]},{"@type":"WebPage","@id":"https:\/\/congovirtuel.com\/information\/rdc-le-pays-ou-vatican-et-leglise-catholique-peuvent-renverser-les-gouvernements\/","url":"https:\/\/congovirtuel.com\/information\/rdc-le-pays-ou-vatican-et-leglise-catholique-peuvent-renverser-les-gouvernements\/","name":"RDC : Le pays o\u00f9 Vatican et l'\u00e9glise Catholique peuvent renverser les gouvernements - Actualit\u00e9s congolaises et internationales","isPartOf":{"@id":"https:\/\/congovirtuel.com\/information\/#website"},"primaryImageOfPage":{"@id":"https:\/\/congovirtuel.com\/information\/rdc-le-pays-ou-vatican-et-leglise-catholique-peuvent-renverser-les-gouvernements\/#primaryimage"},"image":{"@id":"https:\/\/congovirtuel.com\/information\/rdc-le-pays-ou-vatican-et-leglise-catholique-peuvent-renverser-les-gouvernements\/#primaryimage"},"thumbnailUrl":"https:\/\/congovirtuel.com\/information\/wp-content\/uploads\/2023\/01\/Tshisekedi_pape.jpg","datePublished":"2023-01-29T05:09:19+00:00","breadcrumb":{"@id":"https:\/\/congovirtuel.com\/information\/rdc-le-pays-ou-vatican-et-leglise-catholique-peuvent-renverser-les-gouvernements\/#breadcrumb"},"inLanguage":"fr-FR","potentialAction":[{"@type":"ReadAction","target":["https:\/\/congovirtuel.com\/information\/rdc-le-pays-ou-vatican-et-leglise-catholique-peuvent-renverser-les-gouvernements\/"]}]},{"@type":"ImageObject","inLanguage":"fr-FR","@id":"https:\/\/congovirtuel.com\/information\/rdc-le-pays-ou-vatican-et-leglise-catholique-peuvent-renverser-les-gouvernements\/#primaryimage","url":"https:\/\/congovirtuel.com\/information\/wp-content\/uploads\/2023\/01\/Tshisekedi_pape.jpg","contentUrl":"https:\/\/congovirtuel.com\/information\/wp-content\/uploads\/2023\/01\/Tshisekedi_pape.jpg","width":659,"height":432},{"@type":"BreadcrumbList","@id":"https:\/\/congovirtuel.com\/information\/rdc-le-pays-ou-vatican-et-leglise-catholique-peuvent-renverser-les-gouvernements\/#breadcrumb","itemListElement":[{"@type":"ListItem","position":1,"name":"Accueil","item":"https:\/\/congovirtuel.com\/information\/"},{"@type":"ListItem","position":2,"name":"RDC : Le pays o\u00f9 Vatican et l&rsquo;\u00e9glise Catholique peuvent renverser les gouvernements"}]},{"@type":"WebSite","@id":"https:\/\/congovirtuel.com\/information\/#website","url":"https:\/\/congovirtuel.com\/information\/","name":"Actualit\u00e9s congolaises et internationales","description":"site d&#039;analyse et de traitement d&#039;information","publisher":{"@id":"https:\/\/congovirtuel.com\/information\/#organization"},"potentialAction":[{"@type":"SearchAction","target":{"@type":"EntryPoint","urlTemplate":"https:\/\/congovirtuel.com\/information\/?s={search_term_string}"},"query-input":{"@type":"PropertyValueSpecification","valueRequired":true,"valueName":"search_term_string"}}],"inLanguage":"fr-FR"},{"@type":"Organization","@id":"https:\/\/congovirtuel.com\/information\/#organization","name":"Biblioth\u00e8que Virtuelle de la RDC","url":"https:\/\/congovirtuel.com\/information\/","logo":{"@type":"ImageObject","inLanguage":"fr-FR","@id":"https:\/\/congovirtuel.com\/information\/#\/schema\/logo\/image\/","url":"https:\/\/congovirtuel.com\/information\/wp-content\/uploads\/2018\/10\/header-info-congovirtuel-vraie.jpg","contentUrl":"https:\/\/congovirtuel.com\/information\/wp-content\/uploads\/2018\/10\/header-info-congovirtuel-vraie.jpg","width":728,"height":90,"caption":"Biblioth\u00e8que Virtuelle de la RDC"},"image":{"@id":"https:\/\/congovirtuel.com\/information\/#\/schema\/logo\/image\/"},"sameAs":["https:\/\/web.facebook.com\/Congovirtuel-763617960319601\/?ref=aymt_homepage_panel&amp;amp;amp;amp;amp;amp;amp;amp;amp;amp;amp;eid=ARCoxULa66767kIgF_KYav6VdjXTI4yk_LW4yoVO9s6NXpysgb7Cb65vpxcxgqzOAKvIbLQxaAETcqHT","https:\/\/x.com\/congovirtuel","https:\/\/www.youtube.com\/channel\/UCkFfprYzGgS3EWNpeMXpToQ?view_as=subscriber"]},{"@type":"Person","@id":"https:\/\/congovirtuel.com\/information\/#\/schema\/person\/739a44bf7990966cb53d58d2fdeca0b6","name":"infocongovirtuel","image":{"@type":"ImageObject","inLanguage":"fr-FR","@id":"https:\/\/secure.gravatar.com\/avatar\/4d76991aa72469f0eb22e772586c99113c6997f88da636a9db8f2ce3a2c05e69?s=96&d=mm&r=g","url":"https:\/\/secure.gravatar.com\/avatar\/4d76991aa72469f0eb22e772586c99113c6997f88da636a9db8f2ce3a2c05e69?s=96&d=mm&r=g","contentUrl":"https:\/\/secure.gravatar.com\/avatar\/4d76991aa72469f0eb22e772586c99113c6997f88da636a9db8f2ce3a2c05e69?s=96&d=mm&r=g","caption":"infocongovirtuel"},"url":"https:\/\/congovirtuel.com\/information\/author\/infocongovirtuel\/"}]}},"gt_translate_keys":[{"key":"link","format":"url"}],"_links":{"self":[{"href":"https:\/\/congovirtuel.com\/information\/wp-json\/wp\/v2\/posts\/21687","targetHints":{"allow":["GET"]}}],"collection":[{"href":"https:\/\/congovirtuel.com\/information\/wp-json\/wp\/v2\/posts"}],"about":[{"href":"https:\/\/congovirtuel.com\/information\/wp-json\/wp\/v2\/types\/post"}],"author":[{"embeddable":true,"href":"https:\/\/congovirtuel.com\/information\/wp-json\/wp\/v2\/users\/1"}],"replies":[{"embeddable":true,"href":"https:\/\/congovirtuel.com\/information\/wp-json\/wp\/v2\/comments?post=21687"}],"version-history":[{"count":1,"href":"https:\/\/congovirtuel.com\/information\/wp-json\/wp\/v2\/posts\/21687\/revisions"}],"predecessor-version":[{"id":21688,"href":"https:\/\/congovirtuel.com\/information\/wp-json\/wp\/v2\/posts\/21687\/revisions\/21688"}],"wp:featuredmedia":[{"embeddable":true,"href":"https:\/\/congovirtuel.com\/information\/wp-json\/wp\/v2\/media\/21685"}],"wp:attachment":[{"href":"https:\/\/congovirtuel.com\/information\/wp-json\/wp\/v2\/media?parent=21687"}],"wp:term":[{"taxonomy":"category","embeddable":true,"href":"https:\/\/congovirtuel.com\/information\/wp-json\/wp\/v2\/categories?post=21687"},{"taxonomy":"post_tag","embeddable":true,"href":"https:\/\/congovirtuel.com\/information\/wp-json\/wp\/v2\/tags?post=21687"}],"curies":[{"name":"wp","href":"https:\/\/api.w.org\/{rel}","templated":true}]}}