{"id":21693,"date":"2023-01-30T11:00:42","date_gmt":"2023-01-30T10:00:42","guid":{"rendered":"https:\/\/congovirtuel.com\/information\/?p=21693"},"modified":"2023-01-30T11:00:42","modified_gmt":"2023-01-30T10:00:42","slug":"rdc-et-voici-tunda-wa-kasende-ancien-proche-de-tshisekedi-rode-dans-la-politique-depuis-les-annees-mobutu","status":"publish","type":"post","link":"https:\/\/congovirtuel.com\/information\/rdc-et-voici-tunda-wa-kasende-ancien-proche-de-tshisekedi-rode-dans-la-politique-depuis-les-annees-mobutu\/","title":{"rendered":"RDC : Et voici Tunda wa Kasende, ancien proche d\u2019E. Tshisekedi, rod\u00e9 dans la politique depuis les ann\u00e9es Mobutu","gt_translate_keys":[{"key":"rendered","format":"text"}]},"content":{"rendered":"<p><strong>RDC\u00a0: Et voici Tunda wa Kasende, ancien proche d\u2019E. Tshisekedi, rod\u00e9 dans la politique depuis les ann\u00e9es Mobutu<\/strong><\/p>\n<p>C\u00e9lestin Tunda Ya Kasende\u00a0est un avocat et homme politique\u00a0congolais\u00a0n\u00e9 le 21 juillet 1954 \u00e0\u00a0Bukavu\u00a0(Sud-Kivu). Il a grandi \u00e0 Lubao de la Province de Lomami.<\/p>\n<p>Il obtient son dipl\u00f4me d&rsquo;\u00c9tat en 1975 au Coll\u00e8ge du Saint-Esprit des J\u00e9suites de Bujumbura, puis \u00e9tudie le droit public international \u00e0 l&rsquo;universit\u00e9 de Kinshasa, o\u00f9 il d\u00e9croche une licence en 1984. Il obtient ensuite un certificat en droit international public \u00e0 l&rsquo;Acad\u00e9mie de droit international de La Haye en 1993. Plus tard, il \u00e9tudie \u00e0 l&rsquo;universit\u00e9 catholique du Congo, o\u00f9 il d\u00e9croche en 2011 un dipl\u00f4me d\u2019\u00e9tudes sp\u00e9ciales en \u00e9conomie et d\u00e9veloppement, et fait son doctorat sur la dette des pays en voie de d\u00e9veloppement.<\/p>\n<p>En 1984, il devient avocat au barreau de Kinshasa Gombe.<\/p>\n<p>En 1991, C\u00e9lestin Tunda Ya Kasende participe \u00e0 la Conf\u00e9rence nationale souveraine (CNS).<\/p>\n<p>La d\u00e9mission de Me C\u00e9lestin Tunda ya Kasende du Parti du peuple pour la reconstruction et la d\u00e9mocratie (PPRD) ne pouvait passer inaper\u00e7ue dans l\u2019opinion. Tant ce poids lourd du microcosme politique congolais a r\u00e9ussi \u00e0 marquer ses empreintes au sein du parti de Joseph Kabila.<\/p>\n<p>L\u2019homme, C\u00e9lestin Tunda ya Kasende, jouit en effet d\u2019une notori\u00e9t\u00e9 certaine. Mais, il est de l\u2019acabit de ces personnalit\u00e9s politiques qui ne sont gu\u00e8re port\u00e9es sur la pol\u00e9mique. Encore moins sur la politique spectacle. C\u2019est dans cette optique qu\u2019il s\u2019est r\u00e9solu \u00e0 rendre le tablier et s\u2019en aller sans tambour ni trompette, soulignant tout simplement qu\u2019il a pris cette d\u00e9cision pour des raisons de convenance personnelle.<\/p>\n<p>On ne devrait donc pas s\u2019attendre \u00e0 le voir se mettre en sc\u00e8ne apr\u00e8s l\u2019acte qu\u2019il vient de poser. On ne devrait pas non plus le voir s\u2019illustrer par des attaques ad hominem. Ce qui n\u2019est pas du tout inscrit dans son ADN. Mais \u00e0 ce stade, pour essayer de comprendre cette d\u00e9cision, un plongeon dans le pass\u00e9 de cet acteur politique s\u2019impose.<\/p>\n<p>S\u2019il est cofondateur du PPRD, C\u00e9lestin Tunda ya Kasende n\u2019est pas politiquement et id\u00e9ologiquement n\u00e9 avec cette formation politique, fond\u00e9e une ann\u00e9e apr\u00e8s l\u2019av\u00e8nement de Joseph Kabila \u00e0 la magistrature supr\u00eame.<\/p>\n<p>D\u00e9j\u00e0 sous Mzee Laurent-D\u00e9sir\u00e9 Kabila, Me Tunda faisait partie des d\u00e9put\u00e9s coopt\u00e9s qui si\u00e9geaient \u00e0 l\u2019ACL-PT (Assembl\u00e9e constituante et l\u00e9gislative \u2013 Parlement de transition). Il repr\u00e9sentait Lubao, son territoire d\u2019origine, district de Kabinda. Dans ce Parlement, C\u00e9lestin Tunda figurait parmi les cinq membres de la Commission parlementaire des Affaires \u00e9trang\u00e8res, d\u00e9sign\u00e9s par Mzee Kabila. Il \u00e9tait secr\u00e9taire g\u00e9n\u00e9ral adjoint de cette commission.<\/p>\n<p>A l\u2019\u00e9poque, le pays fait d\u00e9j\u00e0 face \u00e0 l\u2019agression ext\u00e9rieure, diligent\u00e9e notamment par le Rwanda et l\u2019Ouganda. Il \u00e9tait, d\u00e8s lors, question que ce groupe restreint de cinq \u00e9lus sillonne l\u2019Afrique pour d\u00e9noncer cette atteinte \u00e0 l\u2019int\u00e9grit\u00e9 du territoire congolais.<\/p>\n<p>Pour autant, de par son itin\u00e9raire, l\u2019\u00e9toile Tunda n\u2019a pas commenc\u00e9 \u00e0 briller sous les Kabila. A l\u2019\u00e9poque, trentenaire, il aurait pu devenir ministre sous le Mar\u00e9chal Mobutu. S\u2019il ne l\u2019est pas devenu, c\u2019est tout simplement parce qu\u2019il a une haute id\u00e9e de la politique. Pour lui, la politique est une question de valeurs.<\/p>\n<p>C\u2019est ainsi qu\u2019en 1994, il s\u2019opposera avec v\u00e9h\u00e9mence \u00e0 la violation, par l\u2019UDI (Union des d\u00e9mocrates ind\u00e9pendants), son parti, de l\u2019Accord du Palais du peuple. Accord en vertu duquel le Premier ministre devait provenir de l\u2019Opposition. En ce temps-l\u00e0, l\u2019opposition avait renouvel\u00e9 son soutien \u00e0 Etienne Tshisekedi wa Mulumba, \u00e9lu \u00e0 la CNS, comme chef du Gouvernement.<\/p>\n<p>A la suite de d\u00e9saccord, Me Tunda va prendre ses distances avec le parti de L\u00e9on Kengo wa Dondo. Il va cr\u00e9er l\u2019UDI radicale, qui restera \u00e0 l\u2019Union sacr\u00e9e de l\u2019Opposition ch\u00e8re au tandem Tshisekedi \u2013 Kibassa. Dans cette c\u00e9l\u00e8bre plateforme de l\u2019Opposition, Tunda occupera la pr\u00e9sidence de la commission politique et de strat\u00e9gie\u00a0en remplacement de Me G\u00e9rard Kamanda qui avait suivi L\u00e9on Kengo dans sa 3\u00e8me\u00a0Voie.<\/p>\n<p>A l\u2019accession de Joseph Kabila au pouvoir, le d\u00e9put\u00e9 de Lubao se voit confier le Secr\u00e9tariat g\u00e9n\u00e9ral de la Commission pr\u00e9paratoire du Dialogue inter Congolais.<\/p>\n<p>Il fut auparavant vice-ministre des Affaires \u00e9trang\u00e8res dans le\u00a0gouvernement Matata I\u00a0de 2012 \u00e0 2014, ainsi que d\u00e9put\u00e9 \u00e0 l\u2019Assembl\u00e9e nationale.<\/p>\n<p>Membre fondateur du\u00a0PPRD\u00a0(parti de l&rsquo;ancien pr\u00e9sident\u00a0Joseph Kabila) ainsi que membre du\u00a0Front commun pour le Congo, il fut vice-Premier ministre, ministre de la Justice et garde des Sceaux dans le\u00a0gouvernement Ilunga\u00a0de septembre 2019 jusqu&rsquo;\u00e0 sa d\u00e9mission en juillet 2020.<\/p>\n<p>Avec Forum des As<\/p>\n","protected":false,"gt_translate_keys":[{"key":"rendered","format":"html"}]},"excerpt":{"rendered":"<p>RDC\u00a0: Et voici Tunda wa Kasende, ancien proche d\u2019E. Tshisekedi, rod\u00e9 dans la politique depuis les ann\u00e9es Mobutu C\u00e9lestin Tunda Ya Kasende\u00a0est un avocat et homme politique\u00a0congolais\u00a0n\u00e9 le 21 juillet 1954 \u00e0\u00a0Bukavu\u00a0(Sud-Kivu). Il a grandi \u00e0 Lubao de la Province de Lomami. Il obtient son dipl\u00f4me d&rsquo;\u00c9tat en 1975 au Coll\u00e8ge du Saint-Esprit des J\u00e9suites de Bujumbura, puis \u00e9tudie le droit public international \u00e0 l&rsquo;universit\u00e9 de Kinshasa, o\u00f9 il d\u00e9croche une licence en 1984. Il obtient ensuite un certificat en droit international public \u00e0 l&rsquo;Acad\u00e9mie de droit international de La&hellip;<\/p>\n","protected":false,"gt_translate_keys":[{"key":"rendered","format":"html"}]},"author":1,"featured_media":21692,"comment_status":"open","ping_status":"open","sticky":false,"template":"","format":"standard","meta":{"_crdt_document":"","footnotes":""},"categories":[2],"tags":[37774,37775],"class_list":["post-21693","post","type-post","status-publish","format-standard","has-post-thumbnail","hentry","category-politique","tag-biographie-tunda-wa-kasende","tag-qui-est-tunda-wa-kasende"],"gutentor_comment":0,"yoast_head":"<!-- This site is optimized with the Yoast SEO plugin v27.5 - https:\/\/yoast.com\/product\/yoast-seo-wordpress\/ -->\n<title>RDC : Et voici Tunda wa Kasende, ancien proche d\u2019E. Tshisekedi, rod\u00e9 dans la politique depuis les ann\u00e9es Mobutu - Actualit\u00e9s congolaises et internationales<\/title>\n<meta name=\"robots\" content=\"index, follow, max-snippet:-1, max-image-preview:large, max-video-preview:-1\" \/>\n<link rel=\"canonical\" href=\"https:\/\/congovirtuel.com\/information\/rdc-et-voici-tunda-wa-kasende-ancien-proche-de-tshisekedi-rode-dans-la-politique-depuis-les-annees-mobutu\/\" \/>\n<meta property=\"og:locale\" content=\"fr_FR\" \/>\n<meta property=\"og:type\" content=\"article\" \/>\n<meta property=\"og:title\" content=\"RDC : Et voici Tunda wa Kasende, ancien proche d\u2019E. Tshisekedi, rod\u00e9 dans la politique depuis les ann\u00e9es Mobutu - Actualit\u00e9s congolaises et internationales\" \/>\n<meta property=\"og:description\" content=\"RDC\u00a0: Et voici Tunda wa Kasende, ancien proche d\u2019E. Tshisekedi, rod\u00e9 dans la politique depuis les ann\u00e9es Mobutu C\u00e9lestin Tunda Ya Kasende\u00a0est un avocat et homme politique\u00a0congolais\u00a0n\u00e9 le 21 juillet 1954 \u00e0\u00a0Bukavu\u00a0(Sud-Kivu). Il a grandi \u00e0 Lubao de la Province de Lomami. Il obtient son dipl\u00f4me d&rsquo;\u00c9tat en 1975 au Coll\u00e8ge du Saint-Esprit des J\u00e9suites de Bujumbura, puis \u00e9tudie le droit public international \u00e0 l&rsquo;universit\u00e9 de Kinshasa, o\u00f9 il d\u00e9croche une licence en 1984. Il obtient ensuite un certificat en droit international public \u00e0 l&rsquo;Acad\u00e9mie de droit international de La&hellip;\" \/>\n<meta property=\"og:url\" content=\"https:\/\/congovirtuel.com\/information\/rdc-et-voici-tunda-wa-kasende-ancien-proche-de-tshisekedi-rode-dans-la-politique-depuis-les-annees-mobutu\/\" \/>\n<meta property=\"og:site_name\" content=\"Actualit\u00e9s congolaises et internationales\" \/>\n<meta property=\"article:publisher\" content=\"https:\/\/web.facebook.com\/Congovirtuel-763617960319601\/?ref=aymt_homepage_panel&amp;amp%3bamp%3bamp%3bamp%3bamp%3bamp%3bamp%3bamp%3bamp%3bamp%3bamp%3beid=ARCoxULa66767kIgF_KYav6VdjXTI4yk_LW4yoVO9s6NXpysgb7Cb65vpxcxgqzOAKvIbLQxaAETcqHT\" \/>\n<meta property=\"article:published_time\" content=\"2023-01-30T10:00:42+00:00\" \/>\n<meta property=\"og:image\" content=\"https:\/\/congovirtuel.com\/information\/wp-content\/uploads\/2023\/01\/Tunda-wa-kasende-800-x-546.jpg\" \/>\n\t<meta property=\"og:image:width\" content=\"800\" \/>\n\t<meta property=\"og:image:height\" content=\"546\" \/>\n\t<meta property=\"og:image:type\" content=\"image\/jpeg\" \/>\n<meta name=\"author\" content=\"infocongovirtuel\" \/>\n<meta name=\"twitter:card\" content=\"summary_large_image\" \/>\n<meta name=\"twitter:creator\" content=\"@congovirtuel\" \/>\n<meta name=\"twitter:site\" content=\"@congovirtuel\" \/>\n<meta name=\"twitter:label1\" content=\"\u00c9crit par\" \/>\n\t<meta name=\"twitter:data1\" content=\"infocongovirtuel\" \/>\n\t<meta name=\"twitter:label2\" content=\"Dur\u00e9e de lecture estim\u00e9e\" \/>\n\t<meta name=\"twitter:data2\" content=\"4 minutes\" \/>\n<script type=\"application\/ld+json\" class=\"yoast-schema-graph\">{\"@context\":\"https:\\\/\\\/schema.org\",\"@graph\":[{\"@type\":\"Article\",\"@id\":\"https:\\\/\\\/congovirtuel.com\\\/information\\\/rdc-et-voici-tunda-wa-kasende-ancien-proche-de-tshisekedi-rode-dans-la-politique-depuis-les-annees-mobutu\\\/#article\",\"isPartOf\":{\"@id\":\"https:\\\/\\\/congovirtuel.com\\\/information\\\/rdc-et-voici-tunda-wa-kasende-ancien-proche-de-tshisekedi-rode-dans-la-politique-depuis-les-annees-mobutu\\\/\"},\"author\":{\"name\":\"infocongovirtuel\",\"@id\":\"https:\\\/\\\/congovirtuel.com\\\/information\\\/#\\\/schema\\\/person\\\/739a44bf7990966cb53d58d2fdeca0b6\"},\"headline\":\"RDC : Et voici Tunda wa Kasende, ancien proche d\u2019E. Tshisekedi, rod\u00e9 dans la politique depuis les ann\u00e9es Mobutu\",\"datePublished\":\"2023-01-30T10:00:42+00:00\",\"mainEntityOfPage\":{\"@id\":\"https:\\\/\\\/congovirtuel.com\\\/information\\\/rdc-et-voici-tunda-wa-kasende-ancien-proche-de-tshisekedi-rode-dans-la-politique-depuis-les-annees-mobutu\\\/\"},\"wordCount\":862,\"commentCount\":0,\"publisher\":{\"@id\":\"https:\\\/\\\/congovirtuel.com\\\/information\\\/#organization\"},\"image\":{\"@id\":\"https:\\\/\\\/congovirtuel.com\\\/information\\\/rdc-et-voici-tunda-wa-kasende-ancien-proche-de-tshisekedi-rode-dans-la-politique-depuis-les-annees-mobutu\\\/#primaryimage\"},\"thumbnailUrl\":\"https:\\\/\\\/congovirtuel.com\\\/information\\\/wp-content\\\/uploads\\\/2023\\\/01\\\/Tunda-wa-kasende-800-x-546.jpg\",\"keywords\":[\"Biographie Tunda wa Kasende\",\"Qui est Tunda wa Kasende\"],\"articleSection\":[\"Politique\"],\"inLanguage\":\"fr-FR\",\"potentialAction\":[{\"@type\":\"CommentAction\",\"name\":\"Comment\",\"target\":[\"https:\\\/\\\/congovirtuel.com\\\/information\\\/rdc-et-voici-tunda-wa-kasende-ancien-proche-de-tshisekedi-rode-dans-la-politique-depuis-les-annees-mobutu\\\/#respond\"]}]},{\"@type\":\"WebPage\",\"@id\":\"https:\\\/\\\/congovirtuel.com\\\/information\\\/rdc-et-voici-tunda-wa-kasende-ancien-proche-de-tshisekedi-rode-dans-la-politique-depuis-les-annees-mobutu\\\/\",\"url\":\"https:\\\/\\\/congovirtuel.com\\\/information\\\/rdc-et-voici-tunda-wa-kasende-ancien-proche-de-tshisekedi-rode-dans-la-politique-depuis-les-annees-mobutu\\\/\",\"name\":\"RDC : Et voici Tunda wa Kasende, ancien proche d\u2019E. Tshisekedi, rod\u00e9 dans la politique depuis les ann\u00e9es Mobutu - Actualit\u00e9s congolaises et internationales\",\"isPartOf\":{\"@id\":\"https:\\\/\\\/congovirtuel.com\\\/information\\\/#website\"},\"primaryImageOfPage\":{\"@id\":\"https:\\\/\\\/congovirtuel.com\\\/information\\\/rdc-et-voici-tunda-wa-kasende-ancien-proche-de-tshisekedi-rode-dans-la-politique-depuis-les-annees-mobutu\\\/#primaryimage\"},\"image\":{\"@id\":\"https:\\\/\\\/congovirtuel.com\\\/information\\\/rdc-et-voici-tunda-wa-kasende-ancien-proche-de-tshisekedi-rode-dans-la-politique-depuis-les-annees-mobutu\\\/#primaryimage\"},\"thumbnailUrl\":\"https:\\\/\\\/congovirtuel.com\\\/information\\\/wp-content\\\/uploads\\\/2023\\\/01\\\/Tunda-wa-kasende-800-x-546.jpg\",\"datePublished\":\"2023-01-30T10:00:42+00:00\",\"breadcrumb\":{\"@id\":\"https:\\\/\\\/congovirtuel.com\\\/information\\\/rdc-et-voici-tunda-wa-kasende-ancien-proche-de-tshisekedi-rode-dans-la-politique-depuis-les-annees-mobutu\\\/#breadcrumb\"},\"inLanguage\":\"fr-FR\",\"potentialAction\":[{\"@type\":\"ReadAction\",\"target\":[\"https:\\\/\\\/congovirtuel.com\\\/information\\\/rdc-et-voici-tunda-wa-kasende-ancien-proche-de-tshisekedi-rode-dans-la-politique-depuis-les-annees-mobutu\\\/\"]}]},{\"@type\":\"ImageObject\",\"inLanguage\":\"fr-FR\",\"@id\":\"https:\\\/\\\/congovirtuel.com\\\/information\\\/rdc-et-voici-tunda-wa-kasende-ancien-proche-de-tshisekedi-rode-dans-la-politique-depuis-les-annees-mobutu\\\/#primaryimage\",\"url\":\"https:\\\/\\\/congovirtuel.com\\\/information\\\/wp-content\\\/uploads\\\/2023\\\/01\\\/Tunda-wa-kasende-800-x-546.jpg\",\"contentUrl\":\"https:\\\/\\\/congovirtuel.com\\\/information\\\/wp-content\\\/uploads\\\/2023\\\/01\\\/Tunda-wa-kasende-800-x-546.jpg\",\"width\":800,\"height\":546,\"caption\":\"Tunda wa kasende\"},{\"@type\":\"BreadcrumbList\",\"@id\":\"https:\\\/\\\/congovirtuel.com\\\/information\\\/rdc-et-voici-tunda-wa-kasende-ancien-proche-de-tshisekedi-rode-dans-la-politique-depuis-les-annees-mobutu\\\/#breadcrumb\",\"itemListElement\":[{\"@type\":\"ListItem\",\"position\":1,\"name\":\"Accueil\",\"item\":\"https:\\\/\\\/congovirtuel.com\\\/information\\\/\"},{\"@type\":\"ListItem\",\"position\":2,\"name\":\"RDC : Et voici Tunda wa Kasende, ancien proche d\u2019E. Tshisekedi, rod\u00e9 dans la politique depuis les ann\u00e9es Mobutu\"}]},{\"@type\":\"WebSite\",\"@id\":\"https:\\\/\\\/congovirtuel.com\\\/information\\\/#website\",\"url\":\"https:\\\/\\\/congovirtuel.com\\\/information\\\/\",\"name\":\"Actualit\u00e9s congolaises et internationales\",\"description\":\"site d&#039;analyse et de traitement d&#039;information\",\"publisher\":{\"@id\":\"https:\\\/\\\/congovirtuel.com\\\/information\\\/#organization\"},\"potentialAction\":[{\"@type\":\"SearchAction\",\"target\":{\"@type\":\"EntryPoint\",\"urlTemplate\":\"https:\\\/\\\/congovirtuel.com\\\/information\\\/?s={search_term_string}\"},\"query-input\":{\"@type\":\"PropertyValueSpecification\",\"valueRequired\":true,\"valueName\":\"search_term_string\"}}],\"inLanguage\":\"fr-FR\"},{\"@type\":\"Organization\",\"@id\":\"https:\\\/\\\/congovirtuel.com\\\/information\\\/#organization\",\"name\":\"Biblioth\u00e8que Virtuelle de la RDC\",\"url\":\"https:\\\/\\\/congovirtuel.com\\\/information\\\/\",\"logo\":{\"@type\":\"ImageObject\",\"inLanguage\":\"fr-FR\",\"@id\":\"https:\\\/\\\/congovirtuel.com\\\/information\\\/#\\\/schema\\\/logo\\\/image\\\/\",\"url\":\"https:\\\/\\\/congovirtuel.com\\\/information\\\/wp-content\\\/uploads\\\/2018\\\/10\\\/header-info-congovirtuel-vraie.jpg\",\"contentUrl\":\"https:\\\/\\\/congovirtuel.com\\\/information\\\/wp-content\\\/uploads\\\/2018\\\/10\\\/header-info-congovirtuel-vraie.jpg\",\"width\":728,\"height\":90,\"caption\":\"Biblioth\u00e8que Virtuelle de la RDC\"},\"image\":{\"@id\":\"https:\\\/\\\/congovirtuel.com\\\/information\\\/#\\\/schema\\\/logo\\\/image\\\/\"},\"sameAs\":[\"https:\\\/\\\/web.facebook.com\\\/Congovirtuel-763617960319601\\\/?ref=aymt_homepage_panel&amp;amp;amp;amp;amp;amp;amp;amp;amp;amp;amp;eid=ARCoxULa66767kIgF_KYav6VdjXTI4yk_LW4yoVO9s6NXpysgb7Cb65vpxcxgqzOAKvIbLQxaAETcqHT\",\"https:\\\/\\\/x.com\\\/congovirtuel\",\"https:\\\/\\\/www.youtube.com\\\/channel\\\/UCkFfprYzGgS3EWNpeMXpToQ?view_as=subscriber\"]},{\"@type\":\"Person\",\"@id\":\"https:\\\/\\\/congovirtuel.com\\\/information\\\/#\\\/schema\\\/person\\\/739a44bf7990966cb53d58d2fdeca0b6\",\"name\":\"infocongovirtuel\",\"image\":{\"@type\":\"ImageObject\",\"inLanguage\":\"fr-FR\",\"@id\":\"https:\\\/\\\/secure.gravatar.com\\\/avatar\\\/4d76991aa72469f0eb22e772586c99113c6997f88da636a9db8f2ce3a2c05e69?s=96&d=mm&r=g\",\"url\":\"https:\\\/\\\/secure.gravatar.com\\\/avatar\\\/4d76991aa72469f0eb22e772586c99113c6997f88da636a9db8f2ce3a2c05e69?s=96&d=mm&r=g\",\"contentUrl\":\"https:\\\/\\\/secure.gravatar.com\\\/avatar\\\/4d76991aa72469f0eb22e772586c99113c6997f88da636a9db8f2ce3a2c05e69?s=96&d=mm&r=g\",\"caption\":\"infocongovirtuel\"},\"url\":\"https:\\\/\\\/congovirtuel.com\\\/information\\\/author\\\/infocongovirtuel\\\/\"}]}<\/script>\n<!-- \/ Yoast SEO plugin. -->","yoast_head_json":{"title":"RDC : Et voici Tunda wa Kasende, ancien proche d\u2019E. Tshisekedi, rod\u00e9 dans la politique depuis les ann\u00e9es Mobutu - Actualit\u00e9s congolaises et internationales","robots":{"index":"index","follow":"follow","max-snippet":"max-snippet:-1","max-image-preview":"max-image-preview:large","max-video-preview":"max-video-preview:-1"},"canonical":"https:\/\/congovirtuel.com\/information\/rdc-et-voici-tunda-wa-kasende-ancien-proche-de-tshisekedi-rode-dans-la-politique-depuis-les-annees-mobutu\/","og_locale":"fr_FR","og_type":"article","og_title":"RDC : Et voici Tunda wa Kasende, ancien proche d\u2019E. Tshisekedi, rod\u00e9 dans la politique depuis les ann\u00e9es Mobutu - Actualit\u00e9s congolaises et internationales","og_description":"RDC\u00a0: Et voici Tunda wa Kasende, ancien proche d\u2019E. Tshisekedi, rod\u00e9 dans la politique depuis les ann\u00e9es Mobutu C\u00e9lestin Tunda Ya Kasende\u00a0est un avocat et homme politique\u00a0congolais\u00a0n\u00e9 le 21 juillet 1954 \u00e0\u00a0Bukavu\u00a0(Sud-Kivu). Il a grandi \u00e0 Lubao de la Province de Lomami. Il obtient son dipl\u00f4me d&rsquo;\u00c9tat en 1975 au Coll\u00e8ge du Saint-Esprit des J\u00e9suites de Bujumbura, puis \u00e9tudie le droit public international \u00e0 l&rsquo;universit\u00e9 de Kinshasa, o\u00f9 il d\u00e9croche une licence en 1984. Il obtient ensuite un certificat en droit international public \u00e0 l&rsquo;Acad\u00e9mie de droit international de La&hellip;","og_url":"https:\/\/congovirtuel.com\/information\/rdc-et-voici-tunda-wa-kasende-ancien-proche-de-tshisekedi-rode-dans-la-politique-depuis-les-annees-mobutu\/","og_site_name":"Actualit\u00e9s congolaises et internationales","article_publisher":"https:\/\/web.facebook.com\/Congovirtuel-763617960319601\/?ref=aymt_homepage_panel&amp%3bamp%3bamp%3bamp%3bamp%3bamp%3bamp%3bamp%3bamp%3bamp%3bamp%3beid=ARCoxULa66767kIgF_KYav6VdjXTI4yk_LW4yoVO9s6NXpysgb7Cb65vpxcxgqzOAKvIbLQxaAETcqHT","article_published_time":"2023-01-30T10:00:42+00:00","og_image":[{"width":800,"height":546,"url":"https:\/\/congovirtuel.com\/information\/wp-content\/uploads\/2023\/01\/Tunda-wa-kasende-800-x-546.jpg","type":"image\/jpeg"}],"author":"infocongovirtuel","twitter_card":"summary_large_image","twitter_creator":"@congovirtuel","twitter_site":"@congovirtuel","twitter_misc":{"\u00c9crit par":"infocongovirtuel","Dur\u00e9e de lecture estim\u00e9e":"4 minutes"},"schema":{"@context":"https:\/\/schema.org","@graph":[{"@type":"Article","@id":"https:\/\/congovirtuel.com\/information\/rdc-et-voici-tunda-wa-kasende-ancien-proche-de-tshisekedi-rode-dans-la-politique-depuis-les-annees-mobutu\/#article","isPartOf":{"@id":"https:\/\/congovirtuel.com\/information\/rdc-et-voici-tunda-wa-kasende-ancien-proche-de-tshisekedi-rode-dans-la-politique-depuis-les-annees-mobutu\/"},"author":{"name":"infocongovirtuel","@id":"https:\/\/congovirtuel.com\/information\/#\/schema\/person\/739a44bf7990966cb53d58d2fdeca0b6"},"headline":"RDC : Et voici Tunda wa Kasende, ancien proche d\u2019E. Tshisekedi, rod\u00e9 dans la politique depuis les ann\u00e9es Mobutu","datePublished":"2023-01-30T10:00:42+00:00","mainEntityOfPage":{"@id":"https:\/\/congovirtuel.com\/information\/rdc-et-voici-tunda-wa-kasende-ancien-proche-de-tshisekedi-rode-dans-la-politique-depuis-les-annees-mobutu\/"},"wordCount":862,"commentCount":0,"publisher":{"@id":"https:\/\/congovirtuel.com\/information\/#organization"},"image":{"@id":"https:\/\/congovirtuel.com\/information\/rdc-et-voici-tunda-wa-kasende-ancien-proche-de-tshisekedi-rode-dans-la-politique-depuis-les-annees-mobutu\/#primaryimage"},"thumbnailUrl":"https:\/\/congovirtuel.com\/information\/wp-content\/uploads\/2023\/01\/Tunda-wa-kasende-800-x-546.jpg","keywords":["Biographie Tunda wa Kasende","Qui est Tunda wa Kasende"],"articleSection":["Politique"],"inLanguage":"fr-FR","potentialAction":[{"@type":"CommentAction","name":"Comment","target":["https:\/\/congovirtuel.com\/information\/rdc-et-voici-tunda-wa-kasende-ancien-proche-de-tshisekedi-rode-dans-la-politique-depuis-les-annees-mobutu\/#respond"]}]},{"@type":"WebPage","@id":"https:\/\/congovirtuel.com\/information\/rdc-et-voici-tunda-wa-kasende-ancien-proche-de-tshisekedi-rode-dans-la-politique-depuis-les-annees-mobutu\/","url":"https:\/\/congovirtuel.com\/information\/rdc-et-voici-tunda-wa-kasende-ancien-proche-de-tshisekedi-rode-dans-la-politique-depuis-les-annees-mobutu\/","name":"RDC : Et voici Tunda wa Kasende, ancien proche d\u2019E. Tshisekedi, rod\u00e9 dans la politique depuis les ann\u00e9es Mobutu - Actualit\u00e9s congolaises et internationales","isPartOf":{"@id":"https:\/\/congovirtuel.com\/information\/#website"},"primaryImageOfPage":{"@id":"https:\/\/congovirtuel.com\/information\/rdc-et-voici-tunda-wa-kasende-ancien-proche-de-tshisekedi-rode-dans-la-politique-depuis-les-annees-mobutu\/#primaryimage"},"image":{"@id":"https:\/\/congovirtuel.com\/information\/rdc-et-voici-tunda-wa-kasende-ancien-proche-de-tshisekedi-rode-dans-la-politique-depuis-les-annees-mobutu\/#primaryimage"},"thumbnailUrl":"https:\/\/congovirtuel.com\/information\/wp-content\/uploads\/2023\/01\/Tunda-wa-kasende-800-x-546.jpg","datePublished":"2023-01-30T10:00:42+00:00","breadcrumb":{"@id":"https:\/\/congovirtuel.com\/information\/rdc-et-voici-tunda-wa-kasende-ancien-proche-de-tshisekedi-rode-dans-la-politique-depuis-les-annees-mobutu\/#breadcrumb"},"inLanguage":"fr-FR","potentialAction":[{"@type":"ReadAction","target":["https:\/\/congovirtuel.com\/information\/rdc-et-voici-tunda-wa-kasende-ancien-proche-de-tshisekedi-rode-dans-la-politique-depuis-les-annees-mobutu\/"]}]},{"@type":"ImageObject","inLanguage":"fr-FR","@id":"https:\/\/congovirtuel.com\/information\/rdc-et-voici-tunda-wa-kasende-ancien-proche-de-tshisekedi-rode-dans-la-politique-depuis-les-annees-mobutu\/#primaryimage","url":"https:\/\/congovirtuel.com\/information\/wp-content\/uploads\/2023\/01\/Tunda-wa-kasende-800-x-546.jpg","contentUrl":"https:\/\/congovirtuel.com\/information\/wp-content\/uploads\/2023\/01\/Tunda-wa-kasende-800-x-546.jpg","width":800,"height":546,"caption":"Tunda wa kasende"},{"@type":"BreadcrumbList","@id":"https:\/\/congovirtuel.com\/information\/rdc-et-voici-tunda-wa-kasende-ancien-proche-de-tshisekedi-rode-dans-la-politique-depuis-les-annees-mobutu\/#breadcrumb","itemListElement":[{"@type":"ListItem","position":1,"name":"Accueil","item":"https:\/\/congovirtuel.com\/information\/"},{"@type":"ListItem","position":2,"name":"RDC : Et voici Tunda wa Kasende, ancien proche d\u2019E. Tshisekedi, rod\u00e9 dans la politique depuis les ann\u00e9es Mobutu"}]},{"@type":"WebSite","@id":"https:\/\/congovirtuel.com\/information\/#website","url":"https:\/\/congovirtuel.com\/information\/","name":"Actualit\u00e9s congolaises et internationales","description":"site d&#039;analyse et de traitement d&#039;information","publisher":{"@id":"https:\/\/congovirtuel.com\/information\/#organization"},"potentialAction":[{"@type":"SearchAction","target":{"@type":"EntryPoint","urlTemplate":"https:\/\/congovirtuel.com\/information\/?s={search_term_string}"},"query-input":{"@type":"PropertyValueSpecification","valueRequired":true,"valueName":"search_term_string"}}],"inLanguage":"fr-FR"},{"@type":"Organization","@id":"https:\/\/congovirtuel.com\/information\/#organization","name":"Biblioth\u00e8que Virtuelle de la RDC","url":"https:\/\/congovirtuel.com\/information\/","logo":{"@type":"ImageObject","inLanguage":"fr-FR","@id":"https:\/\/congovirtuel.com\/information\/#\/schema\/logo\/image\/","url":"https:\/\/congovirtuel.com\/information\/wp-content\/uploads\/2018\/10\/header-info-congovirtuel-vraie.jpg","contentUrl":"https:\/\/congovirtuel.com\/information\/wp-content\/uploads\/2018\/10\/header-info-congovirtuel-vraie.jpg","width":728,"height":90,"caption":"Biblioth\u00e8que Virtuelle de la RDC"},"image":{"@id":"https:\/\/congovirtuel.com\/information\/#\/schema\/logo\/image\/"},"sameAs":["https:\/\/web.facebook.com\/Congovirtuel-763617960319601\/?ref=aymt_homepage_panel&amp;amp;amp;amp;amp;amp;amp;amp;amp;amp;amp;eid=ARCoxULa66767kIgF_KYav6VdjXTI4yk_LW4yoVO9s6NXpysgb7Cb65vpxcxgqzOAKvIbLQxaAETcqHT","https:\/\/x.com\/congovirtuel","https:\/\/www.youtube.com\/channel\/UCkFfprYzGgS3EWNpeMXpToQ?view_as=subscriber"]},{"@type":"Person","@id":"https:\/\/congovirtuel.com\/information\/#\/schema\/person\/739a44bf7990966cb53d58d2fdeca0b6","name":"infocongovirtuel","image":{"@type":"ImageObject","inLanguage":"fr-FR","@id":"https:\/\/secure.gravatar.com\/avatar\/4d76991aa72469f0eb22e772586c99113c6997f88da636a9db8f2ce3a2c05e69?s=96&d=mm&r=g","url":"https:\/\/secure.gravatar.com\/avatar\/4d76991aa72469f0eb22e772586c99113c6997f88da636a9db8f2ce3a2c05e69?s=96&d=mm&r=g","contentUrl":"https:\/\/secure.gravatar.com\/avatar\/4d76991aa72469f0eb22e772586c99113c6997f88da636a9db8f2ce3a2c05e69?s=96&d=mm&r=g","caption":"infocongovirtuel"},"url":"https:\/\/congovirtuel.com\/information\/author\/infocongovirtuel\/"}]}},"gt_translate_keys":[{"key":"link","format":"url"}],"_links":{"self":[{"href":"https:\/\/congovirtuel.com\/information\/wp-json\/wp\/v2\/posts\/21693","targetHints":{"allow":["GET"]}}],"collection":[{"href":"https:\/\/congovirtuel.com\/information\/wp-json\/wp\/v2\/posts"}],"about":[{"href":"https:\/\/congovirtuel.com\/information\/wp-json\/wp\/v2\/types\/post"}],"author":[{"embeddable":true,"href":"https:\/\/congovirtuel.com\/information\/wp-json\/wp\/v2\/users\/1"}],"replies":[{"embeddable":true,"href":"https:\/\/congovirtuel.com\/information\/wp-json\/wp\/v2\/comments?post=21693"}],"version-history":[{"count":1,"href":"https:\/\/congovirtuel.com\/information\/wp-json\/wp\/v2\/posts\/21693\/revisions"}],"predecessor-version":[{"id":21694,"href":"https:\/\/congovirtuel.com\/information\/wp-json\/wp\/v2\/posts\/21693\/revisions\/21694"}],"wp:featuredmedia":[{"embeddable":true,"href":"https:\/\/congovirtuel.com\/information\/wp-json\/wp\/v2\/media\/21692"}],"wp:attachment":[{"href":"https:\/\/congovirtuel.com\/information\/wp-json\/wp\/v2\/media?parent=21693"}],"wp:term":[{"taxonomy":"category","embeddable":true,"href":"https:\/\/congovirtuel.com\/information\/wp-json\/wp\/v2\/categories?post=21693"},{"taxonomy":"post_tag","embeddable":true,"href":"https:\/\/congovirtuel.com\/information\/wp-json\/wp\/v2\/tags?post=21693"}],"curies":[{"name":"wp","href":"https:\/\/api.w.org\/{rel}","templated":true}]}}