{"id":21804,"date":"2023-02-14T14:04:07","date_gmt":"2023-02-14T13:04:07","guid":{"rendered":"https:\/\/congovirtuel.com\/information\/?p=21804"},"modified":"2023-02-14T14:04:07","modified_gmt":"2023-02-14T13:04:07","slug":"rdc-pelende-nord-dossier-kiamvu-mwat-kambamb-light-kamwena-nsapu","status":"publish","type":"post","link":"https:\/\/congovirtuel.com\/information\/rdc-pelende-nord-dossier-kiamvu-mwat-kambamb-light-kamwena-nsapu\/","title":{"rendered":"RDC \u2013 Pelende Nord : Dossier Kiamvu Mwat Kambamb, light Kamwena Nsapu","gt_translate_keys":[{"key":"rendered","format":"text"}]},"content":{"rendered":"<p><em><strong>Le gouverneur de la province du Kwango, Jean-Marie Peti-Peti, est partag\u00e9 entre l\u2019id\u00e9e d\u2019ex\u00e9cuter le t\u00e9l\u00e9gramme du Vice-Premier ministre de l\u2019Int\u00e9rieur Daniel Aselo et la pression de ses proches qui lui d\u00e9fendent de se m\u00ealer du dossier de la chefferie Pelende-nord.<\/strong><\/em><\/p>\n<p>Daniel Aselo, par son t\u00e9l\u00e9gramme du vendredi 10 f\u00e9vrier, demande \u00e0 J.-M. Peti-Peti de proc\u00e9der \u00e0 la nomination d\u2019un administrateur int\u00e9rimaire pour diriger la chefferie Pelende-Nord et annuler la d\u00e9signation du Kiamvu Mwat Kambamb Louis Gethro Makambu, au motif que la proc\u00e9dure ayant conduit \u00e0 la d\u00e9signation du dix-neuvi\u00e8me Kiamvu de Kobo a \u00e9t\u00e9 irr\u00e9guli\u00e8re.<\/p>\n<p>La nouvelle est tomb\u00e9e comme un tonnerre \u00e0 Kenge, cr\u00e9ant frustration chez les uns, et triomphalisme chez les autres. Et, si l\u2019administration officielle Peti-Peti n\u2019a pas encore donn\u00e9 sa position dans cette affaire, des sources ind\u00e9pendantes et informelles d\u00e9clarent que Jean-Marie n\u2019est pas pr\u00eat \u00e0 entrer dans ce jeu.<\/p>\n<p>Dans les r\u00e9seaux sociaux, nombreux pensent que l\u2019instruction du VPM de l\u2019Int\u00e9rieur est un pi\u00e8ge qui risque d\u2019embraser les relations au Kwango.<\/p>\n<p>Pour Dolly Mwamba Kimbakana, ancien secr\u00e9taire particulier du gouverneur Jean-Marie Peti-peti, qui r\u00e9agissait sur Facebook, \u00able gouverneur Jean-Marie Peti-peti Tamata ne nommera personne comme administrateur int\u00e9rimaire [\u00e0 la t\u00eate de la chefferie Pelende-Nord, NDLR]\u2026\u00a0\u00bb. Il invite le VPM Daniel Aselo et tous ceux qui ont constat\u00e9 les irr\u00e9gularit\u00e9s dans la d\u00e9signation de Kiamvu Mwat Kambamb, d\u2019aller eux-m\u00eames nommer et installer cet int\u00e9rimaire.<\/p>\n<p>L\u2019ancien Parsec de Peti-peti fait savoir que le Kiamvu Louis Gethro Makambu, le Mwat Kambamb, n\u2019a jamais \u00e9t\u00e9 notifi\u00e9 par le ministre de l\u2019Int\u00e9rieur depuis sa d\u00e9signation par les chefs coutumiers.\u00a0<em>\u00ab Le minist\u00e8re de l\u2019int\u00e9rieur n\u2019ayant jamais reconnu Gethro par un document administratif officiel, ne pourra pas le d\u00e9mettre de fonctions qu\u2019il assume de par le pouvoir coutumier \u00bb<\/em>, a-t-il expliqu\u00e9 \u00e0 CONGOPROFOND.NET.<\/p>\n<p>A Kenge, cette affaire est prise avec des pincettes. L\u2019on craint la demande de Daniel Aselo soit un pi\u00e8ge de ceux qui veulent voir la province sombrer et s\u2019embraser \u00e0 partir de la chefferie Pelende-Nord. Dolly Mwamba en veut pour preuve le dossier \u00ab\u00a0Kamwena Nsapu\u00a0\u00bb, dont la gen\u00e8se se trouve dans une affaire de nomination similaire \u00e0 celle-ci.<\/p>\n<p><strong>\u00c9mile Yimbu\/ CONGOPROFOND.NET\/Titrage congovirtuel<\/strong><\/p>\n","protected":false,"gt_translate_keys":[{"key":"rendered","format":"html"}]},"excerpt":{"rendered":"<p>Le gouverneur de la province du Kwango, Jean-Marie Peti-Peti, est partag\u00e9 entre l\u2019id\u00e9e d\u2019ex\u00e9cuter le t\u00e9l\u00e9gramme du Vice-Premier ministre de l\u2019Int\u00e9rieur Daniel Aselo et la pression de ses proches qui lui d\u00e9fendent de se m\u00ealer du dossier de la chefferie Pelende-nord. Daniel Aselo, par son t\u00e9l\u00e9gramme du vendredi 10 f\u00e9vrier, demande \u00e0 J.-M. Peti-Peti de proc\u00e9der \u00e0 la nomination d\u2019un administrateur int\u00e9rimaire pour diriger la chefferie Pelende-Nord et annuler la d\u00e9signation du Kiamvu Mwat Kambamb Louis Gethro Makambu, au motif que la proc\u00e9dure ayant conduit \u00e0 la d\u00e9signation du dix-neuvi\u00e8me&hellip;<\/p>\n","protected":false,"gt_translate_keys":[{"key":"rendered","format":"html"}]},"author":1,"featured_media":21803,"comment_status":"open","ping_status":"open","sticky":false,"template":"","format":"standard","meta":{"_crdt_document":"","footnotes":""},"categories":[3101],"tags":[37823,37824],"class_list":["post-21804","post","type-post","status-publish","format-standard","has-post-thumbnail","hentry","category-conflit-ethnique","tag-conflit-coutumier-pelende-nord","tag-kiamvu-mwat-kambamb"],"gutentor_comment":0,"yoast_head":"<!-- This site is optimized with the Yoast SEO plugin v27.5 - https:\/\/yoast.com\/product\/yoast-seo-wordpress\/ -->\n<title>RDC \u2013 Pelende Nord : Dossier Kiamvu Mwat Kambamb, light Kamwena Nsapu - Actualit\u00e9s congolaises et internationales<\/title>\n<meta name=\"robots\" content=\"index, follow, max-snippet:-1, max-image-preview:large, max-video-preview:-1\" \/>\n<link rel=\"canonical\" href=\"https:\/\/congovirtuel.com\/information\/rdc-pelende-nord-dossier-kiamvu-mwat-kambamb-light-kamwena-nsapu\/\" \/>\n<meta property=\"og:locale\" content=\"fr_FR\" \/>\n<meta property=\"og:type\" content=\"article\" \/>\n<meta property=\"og:title\" content=\"RDC \u2013 Pelende Nord : Dossier Kiamvu Mwat Kambamb, light Kamwena Nsapu - Actualit\u00e9s congolaises et internationales\" \/>\n<meta property=\"og:description\" content=\"Le gouverneur de la province du Kwango, Jean-Marie Peti-Peti, est partag\u00e9 entre l\u2019id\u00e9e d\u2019ex\u00e9cuter le t\u00e9l\u00e9gramme du Vice-Premier ministre de l\u2019Int\u00e9rieur Daniel Aselo et la pression de ses proches qui lui d\u00e9fendent de se m\u00ealer du dossier de la chefferie Pelende-nord. Daniel Aselo, par son t\u00e9l\u00e9gramme du vendredi 10 f\u00e9vrier, demande \u00e0 J.-M. Peti-Peti de proc\u00e9der \u00e0 la nomination d\u2019un administrateur int\u00e9rimaire pour diriger la chefferie Pelende-Nord et annuler la d\u00e9signation du Kiamvu Mwat Kambamb Louis Gethro Makambu, au motif que la proc\u00e9dure ayant conduit \u00e0 la d\u00e9signation du dix-neuvi\u00e8me&hellip;\" \/>\n<meta property=\"og:url\" content=\"https:\/\/congovirtuel.com\/information\/rdc-pelende-nord-dossier-kiamvu-mwat-kambamb-light-kamwena-nsapu\/\" \/>\n<meta property=\"og:site_name\" content=\"Actualit\u00e9s congolaises et internationales\" \/>\n<meta property=\"article:publisher\" content=\"https:\/\/web.facebook.com\/Congovirtuel-763617960319601\/?ref=aymt_homepage_panel&amp;amp%3bamp%3bamp%3bamp%3bamp%3bamp%3bamp%3bamp%3bamp%3bamp%3bamp%3beid=ARCoxULa66767kIgF_KYav6VdjXTI4yk_LW4yoVO9s6NXpysgb7Cb65vpxcxgqzOAKvIbLQxaAETcqHT\" \/>\n<meta property=\"article:published_time\" content=\"2023-02-14T13:04:07+00:00\" \/>\n<meta property=\"og:image\" content=\"https:\/\/congovirtuel.com\/information\/wp-content\/uploads\/2023\/02\/Mwat_Pelende-700-x-524.jpg\" \/>\n\t<meta property=\"og:image:width\" content=\"700\" \/>\n\t<meta property=\"og:image:height\" content=\"524\" \/>\n\t<meta property=\"og:image:type\" content=\"image\/jpeg\" \/>\n<meta name=\"author\" content=\"infocongovirtuel\" \/>\n<meta name=\"twitter:card\" content=\"summary_large_image\" \/>\n<meta name=\"twitter:creator\" content=\"@congovirtuel\" \/>\n<meta name=\"twitter:site\" content=\"@congovirtuel\" \/>\n<meta name=\"twitter:label1\" content=\"\u00c9crit par\" \/>\n\t<meta name=\"twitter:data1\" content=\"infocongovirtuel\" \/>\n\t<meta name=\"twitter:label2\" content=\"Dur\u00e9e de lecture estim\u00e9e\" \/>\n\t<meta name=\"twitter:data2\" content=\"2 minutes\" \/>\n<script type=\"application\/ld+json\" class=\"yoast-schema-graph\">{\"@context\":\"https:\\\/\\\/schema.org\",\"@graph\":[{\"@type\":\"Article\",\"@id\":\"https:\\\/\\\/congovirtuel.com\\\/information\\\/rdc-pelende-nord-dossier-kiamvu-mwat-kambamb-light-kamwena-nsapu\\\/#article\",\"isPartOf\":{\"@id\":\"https:\\\/\\\/congovirtuel.com\\\/information\\\/rdc-pelende-nord-dossier-kiamvu-mwat-kambamb-light-kamwena-nsapu\\\/\"},\"author\":{\"name\":\"infocongovirtuel\",\"@id\":\"https:\\\/\\\/congovirtuel.com\\\/information\\\/#\\\/schema\\\/person\\\/739a44bf7990966cb53d58d2fdeca0b6\"},\"headline\":\"RDC \u2013 Pelende Nord : Dossier Kiamvu Mwat Kambamb, light Kamwena Nsapu\",\"datePublished\":\"2023-02-14T13:04:07+00:00\",\"mainEntityOfPage\":{\"@id\":\"https:\\\/\\\/congovirtuel.com\\\/information\\\/rdc-pelende-nord-dossier-kiamvu-mwat-kambamb-light-kamwena-nsapu\\\/\"},\"wordCount\":418,\"commentCount\":0,\"publisher\":{\"@id\":\"https:\\\/\\\/congovirtuel.com\\\/information\\\/#organization\"},\"image\":{\"@id\":\"https:\\\/\\\/congovirtuel.com\\\/information\\\/rdc-pelende-nord-dossier-kiamvu-mwat-kambamb-light-kamwena-nsapu\\\/#primaryimage\"},\"thumbnailUrl\":\"https:\\\/\\\/congovirtuel.com\\\/information\\\/wp-content\\\/uploads\\\/2023\\\/02\\\/Mwat_Pelende-700-x-524.jpg\",\"keywords\":[\"Conflit coutumier Pelende Nord\",\"Kiamvu Mwat Kambamb\"],\"articleSection\":[\"conflit ethnique\"],\"inLanguage\":\"fr-FR\",\"potentialAction\":[{\"@type\":\"CommentAction\",\"name\":\"Comment\",\"target\":[\"https:\\\/\\\/congovirtuel.com\\\/information\\\/rdc-pelende-nord-dossier-kiamvu-mwat-kambamb-light-kamwena-nsapu\\\/#respond\"]}]},{\"@type\":\"WebPage\",\"@id\":\"https:\\\/\\\/congovirtuel.com\\\/information\\\/rdc-pelende-nord-dossier-kiamvu-mwat-kambamb-light-kamwena-nsapu\\\/\",\"url\":\"https:\\\/\\\/congovirtuel.com\\\/information\\\/rdc-pelende-nord-dossier-kiamvu-mwat-kambamb-light-kamwena-nsapu\\\/\",\"name\":\"RDC \u2013 Pelende Nord : Dossier Kiamvu Mwat Kambamb, light Kamwena Nsapu - Actualit\u00e9s congolaises et internationales\",\"isPartOf\":{\"@id\":\"https:\\\/\\\/congovirtuel.com\\\/information\\\/#website\"},\"primaryImageOfPage\":{\"@id\":\"https:\\\/\\\/congovirtuel.com\\\/information\\\/rdc-pelende-nord-dossier-kiamvu-mwat-kambamb-light-kamwena-nsapu\\\/#primaryimage\"},\"image\":{\"@id\":\"https:\\\/\\\/congovirtuel.com\\\/information\\\/rdc-pelende-nord-dossier-kiamvu-mwat-kambamb-light-kamwena-nsapu\\\/#primaryimage\"},\"thumbnailUrl\":\"https:\\\/\\\/congovirtuel.com\\\/information\\\/wp-content\\\/uploads\\\/2023\\\/02\\\/Mwat_Pelende-700-x-524.jpg\",\"datePublished\":\"2023-02-14T13:04:07+00:00\",\"breadcrumb\":{\"@id\":\"https:\\\/\\\/congovirtuel.com\\\/information\\\/rdc-pelende-nord-dossier-kiamvu-mwat-kambamb-light-kamwena-nsapu\\\/#breadcrumb\"},\"inLanguage\":\"fr-FR\",\"potentialAction\":[{\"@type\":\"ReadAction\",\"target\":[\"https:\\\/\\\/congovirtuel.com\\\/information\\\/rdc-pelende-nord-dossier-kiamvu-mwat-kambamb-light-kamwena-nsapu\\\/\"]}]},{\"@type\":\"ImageObject\",\"inLanguage\":\"fr-FR\",\"@id\":\"https:\\\/\\\/congovirtuel.com\\\/information\\\/rdc-pelende-nord-dossier-kiamvu-mwat-kambamb-light-kamwena-nsapu\\\/#primaryimage\",\"url\":\"https:\\\/\\\/congovirtuel.com\\\/information\\\/wp-content\\\/uploads\\\/2023\\\/02\\\/Mwat_Pelende-700-x-524.jpg\",\"contentUrl\":\"https:\\\/\\\/congovirtuel.com\\\/information\\\/wp-content\\\/uploads\\\/2023\\\/02\\\/Mwat_Pelende-700-x-524.jpg\",\"width\":700,\"height\":524},{\"@type\":\"BreadcrumbList\",\"@id\":\"https:\\\/\\\/congovirtuel.com\\\/information\\\/rdc-pelende-nord-dossier-kiamvu-mwat-kambamb-light-kamwena-nsapu\\\/#breadcrumb\",\"itemListElement\":[{\"@type\":\"ListItem\",\"position\":1,\"name\":\"Accueil\",\"item\":\"https:\\\/\\\/congovirtuel.com\\\/information\\\/\"},{\"@type\":\"ListItem\",\"position\":2,\"name\":\"RDC \u2013 Pelende Nord : Dossier Kiamvu Mwat Kambamb, light Kamwena Nsapu\"}]},{\"@type\":\"WebSite\",\"@id\":\"https:\\\/\\\/congovirtuel.com\\\/information\\\/#website\",\"url\":\"https:\\\/\\\/congovirtuel.com\\\/information\\\/\",\"name\":\"Actualit\u00e9s congolaises et internationales\",\"description\":\"site d&#039;analyse et de traitement d&#039;information\",\"publisher\":{\"@id\":\"https:\\\/\\\/congovirtuel.com\\\/information\\\/#organization\"},\"potentialAction\":[{\"@type\":\"SearchAction\",\"target\":{\"@type\":\"EntryPoint\",\"urlTemplate\":\"https:\\\/\\\/congovirtuel.com\\\/information\\\/?s={search_term_string}\"},\"query-input\":{\"@type\":\"PropertyValueSpecification\",\"valueRequired\":true,\"valueName\":\"search_term_string\"}}],\"inLanguage\":\"fr-FR\"},{\"@type\":\"Organization\",\"@id\":\"https:\\\/\\\/congovirtuel.com\\\/information\\\/#organization\",\"name\":\"Biblioth\u00e8que Virtuelle de la RDC\",\"url\":\"https:\\\/\\\/congovirtuel.com\\\/information\\\/\",\"logo\":{\"@type\":\"ImageObject\",\"inLanguage\":\"fr-FR\",\"@id\":\"https:\\\/\\\/congovirtuel.com\\\/information\\\/#\\\/schema\\\/logo\\\/image\\\/\",\"url\":\"https:\\\/\\\/congovirtuel.com\\\/information\\\/wp-content\\\/uploads\\\/2018\\\/10\\\/header-info-congovirtuel-vraie.jpg\",\"contentUrl\":\"https:\\\/\\\/congovirtuel.com\\\/information\\\/wp-content\\\/uploads\\\/2018\\\/10\\\/header-info-congovirtuel-vraie.jpg\",\"width\":728,\"height\":90,\"caption\":\"Biblioth\u00e8que Virtuelle de la RDC\"},\"image\":{\"@id\":\"https:\\\/\\\/congovirtuel.com\\\/information\\\/#\\\/schema\\\/logo\\\/image\\\/\"},\"sameAs\":[\"https:\\\/\\\/web.facebook.com\\\/Congovirtuel-763617960319601\\\/?ref=aymt_homepage_panel&amp;amp;amp;amp;amp;amp;amp;amp;amp;amp;amp;eid=ARCoxULa66767kIgF_KYav6VdjXTI4yk_LW4yoVO9s6NXpysgb7Cb65vpxcxgqzOAKvIbLQxaAETcqHT\",\"https:\\\/\\\/x.com\\\/congovirtuel\",\"https:\\\/\\\/www.youtube.com\\\/channel\\\/UCkFfprYzGgS3EWNpeMXpToQ?view_as=subscriber\"]},{\"@type\":\"Person\",\"@id\":\"https:\\\/\\\/congovirtuel.com\\\/information\\\/#\\\/schema\\\/person\\\/739a44bf7990966cb53d58d2fdeca0b6\",\"name\":\"infocongovirtuel\",\"image\":{\"@type\":\"ImageObject\",\"inLanguage\":\"fr-FR\",\"@id\":\"https:\\\/\\\/secure.gravatar.com\\\/avatar\\\/4d76991aa72469f0eb22e772586c99113c6997f88da636a9db8f2ce3a2c05e69?s=96&d=mm&r=g\",\"url\":\"https:\\\/\\\/secure.gravatar.com\\\/avatar\\\/4d76991aa72469f0eb22e772586c99113c6997f88da636a9db8f2ce3a2c05e69?s=96&d=mm&r=g\",\"contentUrl\":\"https:\\\/\\\/secure.gravatar.com\\\/avatar\\\/4d76991aa72469f0eb22e772586c99113c6997f88da636a9db8f2ce3a2c05e69?s=96&d=mm&r=g\",\"caption\":\"infocongovirtuel\"},\"url\":\"https:\\\/\\\/congovirtuel.com\\\/information\\\/author\\\/infocongovirtuel\\\/\"}]}<\/script>\n<!-- \/ Yoast SEO plugin. -->","yoast_head_json":{"title":"RDC \u2013 Pelende Nord : Dossier Kiamvu Mwat Kambamb, light Kamwena Nsapu - Actualit\u00e9s congolaises et internationales","robots":{"index":"index","follow":"follow","max-snippet":"max-snippet:-1","max-image-preview":"max-image-preview:large","max-video-preview":"max-video-preview:-1"},"canonical":"https:\/\/congovirtuel.com\/information\/rdc-pelende-nord-dossier-kiamvu-mwat-kambamb-light-kamwena-nsapu\/","og_locale":"fr_FR","og_type":"article","og_title":"RDC \u2013 Pelende Nord : Dossier Kiamvu Mwat Kambamb, light Kamwena Nsapu - Actualit\u00e9s congolaises et internationales","og_description":"Le gouverneur de la province du Kwango, Jean-Marie Peti-Peti, est partag\u00e9 entre l\u2019id\u00e9e d\u2019ex\u00e9cuter le t\u00e9l\u00e9gramme du Vice-Premier ministre de l\u2019Int\u00e9rieur Daniel Aselo et la pression de ses proches qui lui d\u00e9fendent de se m\u00ealer du dossier de la chefferie Pelende-nord. Daniel Aselo, par son t\u00e9l\u00e9gramme du vendredi 10 f\u00e9vrier, demande \u00e0 J.-M. Peti-Peti de proc\u00e9der \u00e0 la nomination d\u2019un administrateur int\u00e9rimaire pour diriger la chefferie Pelende-Nord et annuler la d\u00e9signation du Kiamvu Mwat Kambamb Louis Gethro Makambu, au motif que la proc\u00e9dure ayant conduit \u00e0 la d\u00e9signation du dix-neuvi\u00e8me&hellip;","og_url":"https:\/\/congovirtuel.com\/information\/rdc-pelende-nord-dossier-kiamvu-mwat-kambamb-light-kamwena-nsapu\/","og_site_name":"Actualit\u00e9s congolaises et internationales","article_publisher":"https:\/\/web.facebook.com\/Congovirtuel-763617960319601\/?ref=aymt_homepage_panel&amp%3bamp%3bamp%3bamp%3bamp%3bamp%3bamp%3bamp%3bamp%3bamp%3bamp%3beid=ARCoxULa66767kIgF_KYav6VdjXTI4yk_LW4yoVO9s6NXpysgb7Cb65vpxcxgqzOAKvIbLQxaAETcqHT","article_published_time":"2023-02-14T13:04:07+00:00","og_image":[{"width":700,"height":524,"url":"https:\/\/congovirtuel.com\/information\/wp-content\/uploads\/2023\/02\/Mwat_Pelende-700-x-524.jpg","type":"image\/jpeg"}],"author":"infocongovirtuel","twitter_card":"summary_large_image","twitter_creator":"@congovirtuel","twitter_site":"@congovirtuel","twitter_misc":{"\u00c9crit par":"infocongovirtuel","Dur\u00e9e de lecture estim\u00e9e":"2 minutes"},"schema":{"@context":"https:\/\/schema.org","@graph":[{"@type":"Article","@id":"https:\/\/congovirtuel.com\/information\/rdc-pelende-nord-dossier-kiamvu-mwat-kambamb-light-kamwena-nsapu\/#article","isPartOf":{"@id":"https:\/\/congovirtuel.com\/information\/rdc-pelende-nord-dossier-kiamvu-mwat-kambamb-light-kamwena-nsapu\/"},"author":{"name":"infocongovirtuel","@id":"https:\/\/congovirtuel.com\/information\/#\/schema\/person\/739a44bf7990966cb53d58d2fdeca0b6"},"headline":"RDC \u2013 Pelende Nord : Dossier Kiamvu Mwat Kambamb, light Kamwena Nsapu","datePublished":"2023-02-14T13:04:07+00:00","mainEntityOfPage":{"@id":"https:\/\/congovirtuel.com\/information\/rdc-pelende-nord-dossier-kiamvu-mwat-kambamb-light-kamwena-nsapu\/"},"wordCount":418,"commentCount":0,"publisher":{"@id":"https:\/\/congovirtuel.com\/information\/#organization"},"image":{"@id":"https:\/\/congovirtuel.com\/information\/rdc-pelende-nord-dossier-kiamvu-mwat-kambamb-light-kamwena-nsapu\/#primaryimage"},"thumbnailUrl":"https:\/\/congovirtuel.com\/information\/wp-content\/uploads\/2023\/02\/Mwat_Pelende-700-x-524.jpg","keywords":["Conflit coutumier Pelende Nord","Kiamvu Mwat Kambamb"],"articleSection":["conflit ethnique"],"inLanguage":"fr-FR","potentialAction":[{"@type":"CommentAction","name":"Comment","target":["https:\/\/congovirtuel.com\/information\/rdc-pelende-nord-dossier-kiamvu-mwat-kambamb-light-kamwena-nsapu\/#respond"]}]},{"@type":"WebPage","@id":"https:\/\/congovirtuel.com\/information\/rdc-pelende-nord-dossier-kiamvu-mwat-kambamb-light-kamwena-nsapu\/","url":"https:\/\/congovirtuel.com\/information\/rdc-pelende-nord-dossier-kiamvu-mwat-kambamb-light-kamwena-nsapu\/","name":"RDC \u2013 Pelende Nord : Dossier Kiamvu Mwat Kambamb, light Kamwena Nsapu - Actualit\u00e9s congolaises et internationales","isPartOf":{"@id":"https:\/\/congovirtuel.com\/information\/#website"},"primaryImageOfPage":{"@id":"https:\/\/congovirtuel.com\/information\/rdc-pelende-nord-dossier-kiamvu-mwat-kambamb-light-kamwena-nsapu\/#primaryimage"},"image":{"@id":"https:\/\/congovirtuel.com\/information\/rdc-pelende-nord-dossier-kiamvu-mwat-kambamb-light-kamwena-nsapu\/#primaryimage"},"thumbnailUrl":"https:\/\/congovirtuel.com\/information\/wp-content\/uploads\/2023\/02\/Mwat_Pelende-700-x-524.jpg","datePublished":"2023-02-14T13:04:07+00:00","breadcrumb":{"@id":"https:\/\/congovirtuel.com\/information\/rdc-pelende-nord-dossier-kiamvu-mwat-kambamb-light-kamwena-nsapu\/#breadcrumb"},"inLanguage":"fr-FR","potentialAction":[{"@type":"ReadAction","target":["https:\/\/congovirtuel.com\/information\/rdc-pelende-nord-dossier-kiamvu-mwat-kambamb-light-kamwena-nsapu\/"]}]},{"@type":"ImageObject","inLanguage":"fr-FR","@id":"https:\/\/congovirtuel.com\/information\/rdc-pelende-nord-dossier-kiamvu-mwat-kambamb-light-kamwena-nsapu\/#primaryimage","url":"https:\/\/congovirtuel.com\/information\/wp-content\/uploads\/2023\/02\/Mwat_Pelende-700-x-524.jpg","contentUrl":"https:\/\/congovirtuel.com\/information\/wp-content\/uploads\/2023\/02\/Mwat_Pelende-700-x-524.jpg","width":700,"height":524},{"@type":"BreadcrumbList","@id":"https:\/\/congovirtuel.com\/information\/rdc-pelende-nord-dossier-kiamvu-mwat-kambamb-light-kamwena-nsapu\/#breadcrumb","itemListElement":[{"@type":"ListItem","position":1,"name":"Accueil","item":"https:\/\/congovirtuel.com\/information\/"},{"@type":"ListItem","position":2,"name":"RDC \u2013 Pelende Nord : Dossier Kiamvu Mwat Kambamb, light Kamwena Nsapu"}]},{"@type":"WebSite","@id":"https:\/\/congovirtuel.com\/information\/#website","url":"https:\/\/congovirtuel.com\/information\/","name":"Actualit\u00e9s congolaises et internationales","description":"site d&#039;analyse et de traitement d&#039;information","publisher":{"@id":"https:\/\/congovirtuel.com\/information\/#organization"},"potentialAction":[{"@type":"SearchAction","target":{"@type":"EntryPoint","urlTemplate":"https:\/\/congovirtuel.com\/information\/?s={search_term_string}"},"query-input":{"@type":"PropertyValueSpecification","valueRequired":true,"valueName":"search_term_string"}}],"inLanguage":"fr-FR"},{"@type":"Organization","@id":"https:\/\/congovirtuel.com\/information\/#organization","name":"Biblioth\u00e8que Virtuelle de la RDC","url":"https:\/\/congovirtuel.com\/information\/","logo":{"@type":"ImageObject","inLanguage":"fr-FR","@id":"https:\/\/congovirtuel.com\/information\/#\/schema\/logo\/image\/","url":"https:\/\/congovirtuel.com\/information\/wp-content\/uploads\/2018\/10\/header-info-congovirtuel-vraie.jpg","contentUrl":"https:\/\/congovirtuel.com\/information\/wp-content\/uploads\/2018\/10\/header-info-congovirtuel-vraie.jpg","width":728,"height":90,"caption":"Biblioth\u00e8que Virtuelle de la RDC"},"image":{"@id":"https:\/\/congovirtuel.com\/information\/#\/schema\/logo\/image\/"},"sameAs":["https:\/\/web.facebook.com\/Congovirtuel-763617960319601\/?ref=aymt_homepage_panel&amp;amp;amp;amp;amp;amp;amp;amp;amp;amp;amp;eid=ARCoxULa66767kIgF_KYav6VdjXTI4yk_LW4yoVO9s6NXpysgb7Cb65vpxcxgqzOAKvIbLQxaAETcqHT","https:\/\/x.com\/congovirtuel","https:\/\/www.youtube.com\/channel\/UCkFfprYzGgS3EWNpeMXpToQ?view_as=subscriber"]},{"@type":"Person","@id":"https:\/\/congovirtuel.com\/information\/#\/schema\/person\/739a44bf7990966cb53d58d2fdeca0b6","name":"infocongovirtuel","image":{"@type":"ImageObject","inLanguage":"fr-FR","@id":"https:\/\/secure.gravatar.com\/avatar\/4d76991aa72469f0eb22e772586c99113c6997f88da636a9db8f2ce3a2c05e69?s=96&d=mm&r=g","url":"https:\/\/secure.gravatar.com\/avatar\/4d76991aa72469f0eb22e772586c99113c6997f88da636a9db8f2ce3a2c05e69?s=96&d=mm&r=g","contentUrl":"https:\/\/secure.gravatar.com\/avatar\/4d76991aa72469f0eb22e772586c99113c6997f88da636a9db8f2ce3a2c05e69?s=96&d=mm&r=g","caption":"infocongovirtuel"},"url":"https:\/\/congovirtuel.com\/information\/author\/infocongovirtuel\/"}]}},"gt_translate_keys":[{"key":"link","format":"url"}],"_links":{"self":[{"href":"https:\/\/congovirtuel.com\/information\/wp-json\/wp\/v2\/posts\/21804","targetHints":{"allow":["GET"]}}],"collection":[{"href":"https:\/\/congovirtuel.com\/information\/wp-json\/wp\/v2\/posts"}],"about":[{"href":"https:\/\/congovirtuel.com\/information\/wp-json\/wp\/v2\/types\/post"}],"author":[{"embeddable":true,"href":"https:\/\/congovirtuel.com\/information\/wp-json\/wp\/v2\/users\/1"}],"replies":[{"embeddable":true,"href":"https:\/\/congovirtuel.com\/information\/wp-json\/wp\/v2\/comments?post=21804"}],"version-history":[{"count":1,"href":"https:\/\/congovirtuel.com\/information\/wp-json\/wp\/v2\/posts\/21804\/revisions"}],"predecessor-version":[{"id":21805,"href":"https:\/\/congovirtuel.com\/information\/wp-json\/wp\/v2\/posts\/21804\/revisions\/21805"}],"wp:featuredmedia":[{"embeddable":true,"href":"https:\/\/congovirtuel.com\/information\/wp-json\/wp\/v2\/media\/21803"}],"wp:attachment":[{"href":"https:\/\/congovirtuel.com\/information\/wp-json\/wp\/v2\/media?parent=21804"}],"wp:term":[{"taxonomy":"category","embeddable":true,"href":"https:\/\/congovirtuel.com\/information\/wp-json\/wp\/v2\/categories?post=21804"},{"taxonomy":"post_tag","embeddable":true,"href":"https:\/\/congovirtuel.com\/information\/wp-json\/wp\/v2\/tags?post=21804"}],"curies":[{"name":"wp","href":"https:\/\/api.w.org\/{rel}","templated":true}]}}