{"id":21900,"date":"2023-02-27T06:57:35","date_gmt":"2023-02-27T05:57:35","guid":{"rendered":"https:\/\/congovirtuel.com\/information\/?p=21900"},"modified":"2023-02-27T06:57:35","modified_gmt":"2023-02-27T05:57:35","slug":"macron-veut-rassurer-f-tshisekedi-sur-les-liens-et-le-rapprochement-de-la-france-avec-le-rwanda","status":"publish","type":"post","link":"https:\/\/congovirtuel.com\/information\/macron-veut-rassurer-f-tshisekedi-sur-les-liens-et-le-rapprochement-de-la-france-avec-le-rwanda\/","title":{"rendered":"Macron veut \u00ab\u00a0rassurer\u00a0\u00bb F. Tshisekedi sur les \u00ab\u00a0liens\u00a0\u00bb et le \u00ab\u00a0rapprochement\u00a0\u00bb de la France avec le Rwanda","gt_translate_keys":[{"key":"rendered","format":"text"}]},"content":{"rendered":"<p>Jamais la France n&rsquo;a \u00e9t\u00e9 autant en difficult\u00e9 sur le continent africain depuis les ind\u00e9pendances. Son expulsion du Mali, son effacement de la R\u00e9publique centrafricaine, la d\u00e9t\u00e9rioration de ses relations avec le Burkina Faso, la progression impressionnante du discours anti-France dans toute la francophonie inqui\u00e8tent m\u00eame les Parisiens les plus aguerris.<\/p>\n<p>\u00ab <strong><em>Nous sommes victimes d&rsquo;une dynamique lanc\u00e9e par ceux \u00e0 qui elle profite, juge un ancien haut diplomate, en premier lieu la Russie. Mais aussi la Chine et la Turquie,<\/em> ajoute un officier sup\u00e9rieur. \u00ab\u00a0<em>Nous sommes entr\u00e9s dans une nouvelle logique d&rsquo;affrontement entre les blocs dont la France paie le prix en Afrique<\/em><\/strong>\u00ab\u00a0, pr\u00e9vient-il.<\/p>\n<p>C&rsquo;est dans ce contexte qu&rsquo;Emmanuel Macron pr\u00e9sente ce lundi sa strat\u00e9gie pour l&rsquo;Afrique, o\u00f9 il se rendra du 1er au 5 mars, successivement au Gabon, en Angola, au Congo-Brazzaville et en R\u00e9publique d\u00e9mocratique du Congo. Il tracera d&rsquo;abord les contours de la pr\u00e9sence militaire fran\u00e7aise sur le continent. L&rsquo;arm\u00e9e ne sera plus engag\u00e9e \u00ab\u00a0<em>en premi\u00e8re ligne<\/em>\u00a0\u00bb mais \u00ab\u00a0en <em>second rideau\u00a0\u00bb,<\/em> est-il pr\u00e9cis\u00e9 \u00e0 l&rsquo;\u00c9lys\u00e9e. Plus g\u00e9n\u00e9ralement, la France souhaite nouer des partenariats avec les pays africains sur des enjeux \u00e0 long terme : \u00e9conomiques, \u00e9cologiques, \u00e9nerg\u00e9tiques, s\u00e9curitaires, sanitaires et culturels.<\/p>\n<p><strong>Les escales dans deux bastions historiques de France<\/strong><\/p>\n<p>Le voyage est pr\u00e9sent\u00e9 comme une rupture avec le pass\u00e9, mais il a, aux yeux des observateurs, plut\u00f4t un air de \u00ab\u00a0d\u00e9j\u00e0-vu\u00a0\u00bb, voire de \u00ab\u00a0retour dans le pass\u00e9\u00a0\u00bb comme en t\u00e9moignent les escales dans deux bastions historiques de France. . en Afrique, au Gabon et au Congo, snob\u00e9 lors de son premier mandat. Officiellement, il se rend \u00e0 Libreville pour participer au One Forest Summit, un sommet d\u00e9di\u00e9 \u00e0 la pr\u00e9servation et \u00e0 la valorisation des for\u00eats du bassin du fleuve Congo.<\/p>\n<p>\u00ab <em>C&rsquo;est un pr\u00e9texte, un greenwashing pour renforcer les liens avec le Gabon \u00e0 un moment o\u00f9 il est de plus en plus contest\u00e9 en Afrique. On est loin du discours de Ouagadougou de 2017 o\u00f9 il annon\u00e7ait rompre avec les vieilles habitudes. En se rendant dans ce pays dirig\u00e9 par la famille Bongo depuis 1967, il marche sur les pas de tous ses pr\u00e9d\u00e9cesseurs<\/em> \u00bb, juge Cl\u00e9ment Boursin, responsable Afrique de l&rsquo;ONG Action des chr\u00e9tiens pour l&rsquo;abolition de la torture (Acat), qui lance , \u00e0 l&rsquo;occasion de ce voyage, une vaste campagne sur les prisonniers politiques des pays visit\u00e9s par le pr\u00e9sident fran\u00e7ais.<\/p>\n<p><strong>Au Congo<\/strong>, \u00e9galement dirig\u00e9 par un pr\u00e9sident \u00ab\u00a0\u00e0 vie\u00a0\u00bb, Denis Sassou-Nguesso, Emmanuel Macron enverra le m\u00eame signal qu&rsquo;au Gabon. \u00ab\u00a0<em>Nous allons l\u00e0-bas pour montrer notre attachement \u00e0 ces pays qui se sont peut-\u00eatre sentis abandonn\u00e9s et d\u00e9laiss\u00e9s par nous<\/em>\u00ab\u00a0, acquiesce l&rsquo;Elys\u00e9e.<\/p>\n<p><strong>Angola<\/strong> : une autre d\u00e9mocratie de front au programme de ce d\u00e9placement et dont le pr\u00e9sident a besoin pour d\u00e9fendre l&rsquo;influence de la France sur le continent. Il s&rsquo;y rend officiellement pour lancer un partenariat de production agricole. \u00ab\u00a0<em>Pourtant, il a surtout besoin du soutien du pr\u00e9sident angolais Jo\u00e3o Louren\u00e7o, pour l&rsquo;exploitation des hydrocarbures au profit de Total, et pour peser dans la r\u00e9gion, notamment pour r\u00e9soudre la crise entre la RD-Congo et le Rwanda<\/em>\u00ab\u00a0, note le journaliste Pascal Airault.<\/p>\n<p>Et tant pis si la r\u00e9\u00e9lection, en 2022, du pr\u00e9sident angolais est entach\u00e9e de fraudes. Emmanuel Macron, comme tous ses pr\u00e9d\u00e9cesseurs depuis Fran\u00e7ois Mitterrand, parie sur le chef du Mouvement populaire pour la lib\u00e9ration de l&rsquo;Angola (MPLA, le parti de Jos\u00e9 Eduardo dos Santos) pour servir les int\u00e9r\u00eats de la France.<\/p>\n<p><strong>En RD-Congo<\/strong>, le pr\u00e9sident fran\u00e7ais doit approfondir \u00ab\u00a0<em>la relation franco-congolaise dans les domaines de l&rsquo;\u00e9ducation, de la sant\u00e9, de la recherche, de la culture et de la d\u00e9fense\u00a0\u00bb<\/em>, pr\u00e9cise l&rsquo;Elys\u00e9e. Une visite dont le but politique est avant tout de rassurer Kinshasa sur la nature du rapprochement entre Paris et Kigali, \u00e0 l&rsquo;heure o\u00f9 le Rwanda est accus\u00e9 par le pr\u00e9sident congolais F\u00e9lix Tshisekedi d&rsquo;\u00eatre responsable de la d\u00e9stabilisation de son pays depuis vingt ans. .<\/p>\n<p>\u00ab <strong><em>Nous avons \u00e9t\u00e9 d\u00e9\u00e7us des cons\u00e9quences de ce rapprochement, confie un haut responsable congolais. Emmanuel Macron a tard\u00e9 \u00e0 reconna\u00eetre que derri\u00e8re le principal mouvement qui d\u00e9stabilise l&rsquo;Est de la RDC, le M23, se trouvait le Rwanda : cela alimente le sentiment anti-fran\u00e7ais et favorise l&rsquo;arriv\u00e9e des Russes dans notre pays<\/em><\/strong>. \u00bb<\/p>\n<p>C&rsquo;est ainsi qu&rsquo;\u00e0 Kinshasa, le pr\u00e9sident fran\u00e7ais devrait publiquement prendre la d\u00e9fense de la RD-Congo contre le Rwanda. Au risque de ruiner son rapprochement historique avec Kigali, et de revenir \u00e0 des sentiments moins chaleureux vis-\u00e0-vis du pr\u00e9sident rwandais, comme, sur ce point aussi, tous ses pr\u00e9d\u00e9cesseurs.<\/p>\n<p><a href=\"https:\/\/www.la-croix.com\/JournalV2\/Loperation-seduction-dEmmanuel-Macron-Afrique-2023-02-27-1101256918\"><strong>La Croix<\/strong><\/a><\/p>\n<p>&nbsp;<\/p>\n<p>&nbsp;<\/p>\n<p>&nbsp;<\/p>\n","protected":false,"gt_translate_keys":[{"key":"rendered","format":"html"}]},"excerpt":{"rendered":"<p>Jamais la France n&rsquo;a \u00e9t\u00e9 autant en difficult\u00e9 sur le continent africain depuis les ind\u00e9pendances. Son expulsion du Mali, son effacement de la R\u00e9publique centrafricaine, la d\u00e9t\u00e9rioration de ses relations avec le Burkina Faso, la progression impressionnante du discours anti-France dans toute la francophonie inqui\u00e8tent m\u00eame les Parisiens les plus aguerris. \u00ab Nous sommes victimes d&rsquo;une dynamique lanc\u00e9e par ceux \u00e0 qui elle profite, juge un ancien haut diplomate, en premier lieu la Russie. Mais aussi la Chine et la Turquie, ajoute un officier sup\u00e9rieur. \u00ab\u00a0Nous sommes entr\u00e9s dans une&hellip;<\/p>\n","protected":false,"gt_translate_keys":[{"key":"rendered","format":"html"}]},"author":1,"featured_media":21899,"comment_status":"open","ping_status":"open","sticky":false,"template":"","format":"standard","meta":{"_crdt_document":"","footnotes":""},"categories":[2391],"tags":[37863,8844,7047,37862],"class_list":["post-21900","post","type-post","status-publish","format-standard","has-post-thumbnail","hentry","category-france-rdc","tag-but-voyage-macron-rdc","tag-macron","tag-tshisekedi","tag-visite-macron-en-rdc"],"gutentor_comment":0,"yoast_head":"<!-- This site is optimized with the Yoast SEO plugin v27.5 - https:\/\/yoast.com\/product\/yoast-seo-wordpress\/ -->\n<title>Macron veut &quot;rassurer&quot; F. Tshisekedi sur les &quot;liens&quot; et le &quot;rapprochement&quot; de la France avec le Rwanda - Actualit\u00e9s congolaises et internationales<\/title>\n<meta name=\"robots\" content=\"index, follow, max-snippet:-1, max-image-preview:large, max-video-preview:-1\" \/>\n<link rel=\"canonical\" href=\"https:\/\/congovirtuel.com\/information\/macron-veut-rassurer-f-tshisekedi-sur-les-liens-et-le-rapprochement-de-la-france-avec-le-rwanda\/\" \/>\n<meta property=\"og:locale\" content=\"fr_FR\" \/>\n<meta property=\"og:type\" content=\"article\" \/>\n<meta property=\"og:title\" content=\"Macron veut &quot;rassurer&quot; F. Tshisekedi sur les &quot;liens&quot; et le &quot;rapprochement&quot; de la France avec le Rwanda - Actualit\u00e9s congolaises et internationales\" \/>\n<meta property=\"og:description\" content=\"Jamais la France n&rsquo;a \u00e9t\u00e9 autant en difficult\u00e9 sur le continent africain depuis les ind\u00e9pendances. Son expulsion du Mali, son effacement de la R\u00e9publique centrafricaine, la d\u00e9t\u00e9rioration de ses relations avec le Burkina Faso, la progression impressionnante du discours anti-France dans toute la francophonie inqui\u00e8tent m\u00eame les Parisiens les plus aguerris. \u00ab Nous sommes victimes d&rsquo;une dynamique lanc\u00e9e par ceux \u00e0 qui elle profite, juge un ancien haut diplomate, en premier lieu la Russie. Mais aussi la Chine et la Turquie, ajoute un officier sup\u00e9rieur. \u00ab\u00a0Nous sommes entr\u00e9s dans une&hellip;\" \/>\n<meta property=\"og:url\" content=\"https:\/\/congovirtuel.com\/information\/macron-veut-rassurer-f-tshisekedi-sur-les-liens-et-le-rapprochement-de-la-france-avec-le-rwanda\/\" \/>\n<meta property=\"og:site_name\" content=\"Actualit\u00e9s congolaises et internationales\" \/>\n<meta property=\"article:publisher\" content=\"https:\/\/web.facebook.com\/Congovirtuel-763617960319601\/?ref=aymt_homepage_panel&amp;amp%3bamp%3bamp%3bamp%3bamp%3bamp%3bamp%3bamp%3bamp%3bamp%3bamp%3beid=ARCoxULa66767kIgF_KYav6VdjXTI4yk_LW4yoVO9s6NXpysgb7Cb65vpxcxgqzOAKvIbLQxaAETcqHT\" \/>\n<meta property=\"article:published_time\" content=\"2023-02-27T05:57:35+00:00\" \/>\n<meta property=\"og:image\" content=\"https:\/\/congovirtuel.com\/information\/wp-content\/uploads\/2023\/02\/IMG-20230227-WA0001.jpg\" \/>\n\t<meta property=\"og:image:width\" content=\"277\" \/>\n\t<meta property=\"og:image:height\" content=\"283\" \/>\n\t<meta property=\"og:image:type\" content=\"image\/jpeg\" \/>\n<meta name=\"author\" content=\"infocongovirtuel\" \/>\n<meta name=\"twitter:card\" content=\"summary_large_image\" \/>\n<meta name=\"twitter:creator\" content=\"@congovirtuel\" \/>\n<meta name=\"twitter:site\" content=\"@congovirtuel\" \/>\n<meta name=\"twitter:label1\" content=\"\u00c9crit par\" \/>\n\t<meta name=\"twitter:data1\" content=\"infocongovirtuel\" \/>\n\t<meta name=\"twitter:label2\" content=\"Dur\u00e9e de lecture estim\u00e9e\" \/>\n\t<meta name=\"twitter:data2\" content=\"4 minutes\" \/>\n<script type=\"application\/ld+json\" class=\"yoast-schema-graph\">{\"@context\":\"https:\\\/\\\/schema.org\",\"@graph\":[{\"@type\":\"Article\",\"@id\":\"https:\\\/\\\/congovirtuel.com\\\/information\\\/macron-veut-rassurer-f-tshisekedi-sur-les-liens-et-le-rapprochement-de-la-france-avec-le-rwanda\\\/#article\",\"isPartOf\":{\"@id\":\"https:\\\/\\\/congovirtuel.com\\\/information\\\/macron-veut-rassurer-f-tshisekedi-sur-les-liens-et-le-rapprochement-de-la-france-avec-le-rwanda\\\/\"},\"author\":{\"name\":\"infocongovirtuel\",\"@id\":\"https:\\\/\\\/congovirtuel.com\\\/information\\\/#\\\/schema\\\/person\\\/739a44bf7990966cb53d58d2fdeca0b6\"},\"headline\":\"Macron veut \u00ab\u00a0rassurer\u00a0\u00bb F. Tshisekedi sur les \u00ab\u00a0liens\u00a0\u00bb et le \u00ab\u00a0rapprochement\u00a0\u00bb de la France avec le Rwanda\",\"datePublished\":\"2023-02-27T05:57:35+00:00\",\"mainEntityOfPage\":{\"@id\":\"https:\\\/\\\/congovirtuel.com\\\/information\\\/macron-veut-rassurer-f-tshisekedi-sur-les-liens-et-le-rapprochement-de-la-france-avec-le-rwanda\\\/\"},\"wordCount\":847,\"commentCount\":0,\"publisher\":{\"@id\":\"https:\\\/\\\/congovirtuel.com\\\/information\\\/#organization\"},\"image\":{\"@id\":\"https:\\\/\\\/congovirtuel.com\\\/information\\\/macron-veut-rassurer-f-tshisekedi-sur-les-liens-et-le-rapprochement-de-la-france-avec-le-rwanda\\\/#primaryimage\"},\"thumbnailUrl\":\"https:\\\/\\\/congovirtuel.com\\\/information\\\/wp-content\\\/uploads\\\/2023\\\/02\\\/IMG-20230227-WA0001.jpg\",\"keywords\":[\"But voyage Macron RDC\",\"Macron\",\"Tshisekedi\",\"Visite Macron en RDC\"],\"articleSection\":[\"FRANCE - RDC\"],\"inLanguage\":\"fr-FR\",\"potentialAction\":[{\"@type\":\"CommentAction\",\"name\":\"Comment\",\"target\":[\"https:\\\/\\\/congovirtuel.com\\\/information\\\/macron-veut-rassurer-f-tshisekedi-sur-les-liens-et-le-rapprochement-de-la-france-avec-le-rwanda\\\/#respond\"]}]},{\"@type\":\"WebPage\",\"@id\":\"https:\\\/\\\/congovirtuel.com\\\/information\\\/macron-veut-rassurer-f-tshisekedi-sur-les-liens-et-le-rapprochement-de-la-france-avec-le-rwanda\\\/\",\"url\":\"https:\\\/\\\/congovirtuel.com\\\/information\\\/macron-veut-rassurer-f-tshisekedi-sur-les-liens-et-le-rapprochement-de-la-france-avec-le-rwanda\\\/\",\"name\":\"Macron veut \\\"rassurer\\\" F. Tshisekedi sur les \\\"liens\\\" et le \\\"rapprochement\\\" de la France avec le Rwanda - Actualit\u00e9s congolaises et internationales\",\"isPartOf\":{\"@id\":\"https:\\\/\\\/congovirtuel.com\\\/information\\\/#website\"},\"primaryImageOfPage\":{\"@id\":\"https:\\\/\\\/congovirtuel.com\\\/information\\\/macron-veut-rassurer-f-tshisekedi-sur-les-liens-et-le-rapprochement-de-la-france-avec-le-rwanda\\\/#primaryimage\"},\"image\":{\"@id\":\"https:\\\/\\\/congovirtuel.com\\\/information\\\/macron-veut-rassurer-f-tshisekedi-sur-les-liens-et-le-rapprochement-de-la-france-avec-le-rwanda\\\/#primaryimage\"},\"thumbnailUrl\":\"https:\\\/\\\/congovirtuel.com\\\/information\\\/wp-content\\\/uploads\\\/2023\\\/02\\\/IMG-20230227-WA0001.jpg\",\"datePublished\":\"2023-02-27T05:57:35+00:00\",\"breadcrumb\":{\"@id\":\"https:\\\/\\\/congovirtuel.com\\\/information\\\/macron-veut-rassurer-f-tshisekedi-sur-les-liens-et-le-rapprochement-de-la-france-avec-le-rwanda\\\/#breadcrumb\"},\"inLanguage\":\"fr-FR\",\"potentialAction\":[{\"@type\":\"ReadAction\",\"target\":[\"https:\\\/\\\/congovirtuel.com\\\/information\\\/macron-veut-rassurer-f-tshisekedi-sur-les-liens-et-le-rapprochement-de-la-france-avec-le-rwanda\\\/\"]}]},{\"@type\":\"ImageObject\",\"inLanguage\":\"fr-FR\",\"@id\":\"https:\\\/\\\/congovirtuel.com\\\/information\\\/macron-veut-rassurer-f-tshisekedi-sur-les-liens-et-le-rapprochement-de-la-france-avec-le-rwanda\\\/#primaryimage\",\"url\":\"https:\\\/\\\/congovirtuel.com\\\/information\\\/wp-content\\\/uploads\\\/2023\\\/02\\\/IMG-20230227-WA0001.jpg\",\"contentUrl\":\"https:\\\/\\\/congovirtuel.com\\\/information\\\/wp-content\\\/uploads\\\/2023\\\/02\\\/IMG-20230227-WA0001.jpg\",\"width\":277,\"height\":283},{\"@type\":\"BreadcrumbList\",\"@id\":\"https:\\\/\\\/congovirtuel.com\\\/information\\\/macron-veut-rassurer-f-tshisekedi-sur-les-liens-et-le-rapprochement-de-la-france-avec-le-rwanda\\\/#breadcrumb\",\"itemListElement\":[{\"@type\":\"ListItem\",\"position\":1,\"name\":\"Accueil\",\"item\":\"https:\\\/\\\/congovirtuel.com\\\/information\\\/\"},{\"@type\":\"ListItem\",\"position\":2,\"name\":\"Macron veut \u00ab\u00a0rassurer\u00a0\u00bb F. Tshisekedi sur les \u00ab\u00a0liens\u00a0\u00bb et le \u00ab\u00a0rapprochement\u00a0\u00bb de la France avec le Rwanda\"}]},{\"@type\":\"WebSite\",\"@id\":\"https:\\\/\\\/congovirtuel.com\\\/information\\\/#website\",\"url\":\"https:\\\/\\\/congovirtuel.com\\\/information\\\/\",\"name\":\"Actualit\u00e9s congolaises et internationales\",\"description\":\"site d&#039;analyse et de traitement d&#039;information\",\"publisher\":{\"@id\":\"https:\\\/\\\/congovirtuel.com\\\/information\\\/#organization\"},\"potentialAction\":[{\"@type\":\"SearchAction\",\"target\":{\"@type\":\"EntryPoint\",\"urlTemplate\":\"https:\\\/\\\/congovirtuel.com\\\/information\\\/?s={search_term_string}\"},\"query-input\":{\"@type\":\"PropertyValueSpecification\",\"valueRequired\":true,\"valueName\":\"search_term_string\"}}],\"inLanguage\":\"fr-FR\"},{\"@type\":\"Organization\",\"@id\":\"https:\\\/\\\/congovirtuel.com\\\/information\\\/#organization\",\"name\":\"Biblioth\u00e8que Virtuelle de la RDC\",\"url\":\"https:\\\/\\\/congovirtuel.com\\\/information\\\/\",\"logo\":{\"@type\":\"ImageObject\",\"inLanguage\":\"fr-FR\",\"@id\":\"https:\\\/\\\/congovirtuel.com\\\/information\\\/#\\\/schema\\\/logo\\\/image\\\/\",\"url\":\"https:\\\/\\\/congovirtuel.com\\\/information\\\/wp-content\\\/uploads\\\/2018\\\/10\\\/header-info-congovirtuel-vraie.jpg\",\"contentUrl\":\"https:\\\/\\\/congovirtuel.com\\\/information\\\/wp-content\\\/uploads\\\/2018\\\/10\\\/header-info-congovirtuel-vraie.jpg\",\"width\":728,\"height\":90,\"caption\":\"Biblioth\u00e8que Virtuelle de la RDC\"},\"image\":{\"@id\":\"https:\\\/\\\/congovirtuel.com\\\/information\\\/#\\\/schema\\\/logo\\\/image\\\/\"},\"sameAs\":[\"https:\\\/\\\/web.facebook.com\\\/Congovirtuel-763617960319601\\\/?ref=aymt_homepage_panel&amp;amp;amp;amp;amp;amp;amp;amp;amp;amp;amp;eid=ARCoxULa66767kIgF_KYav6VdjXTI4yk_LW4yoVO9s6NXpysgb7Cb65vpxcxgqzOAKvIbLQxaAETcqHT\",\"https:\\\/\\\/x.com\\\/congovirtuel\",\"https:\\\/\\\/www.youtube.com\\\/channel\\\/UCkFfprYzGgS3EWNpeMXpToQ?view_as=subscriber\"]},{\"@type\":\"Person\",\"@id\":\"https:\\\/\\\/congovirtuel.com\\\/information\\\/#\\\/schema\\\/person\\\/739a44bf7990966cb53d58d2fdeca0b6\",\"name\":\"infocongovirtuel\",\"image\":{\"@type\":\"ImageObject\",\"inLanguage\":\"fr-FR\",\"@id\":\"https:\\\/\\\/secure.gravatar.com\\\/avatar\\\/4d76991aa72469f0eb22e772586c99113c6997f88da636a9db8f2ce3a2c05e69?s=96&d=mm&r=g\",\"url\":\"https:\\\/\\\/secure.gravatar.com\\\/avatar\\\/4d76991aa72469f0eb22e772586c99113c6997f88da636a9db8f2ce3a2c05e69?s=96&d=mm&r=g\",\"contentUrl\":\"https:\\\/\\\/secure.gravatar.com\\\/avatar\\\/4d76991aa72469f0eb22e772586c99113c6997f88da636a9db8f2ce3a2c05e69?s=96&d=mm&r=g\",\"caption\":\"infocongovirtuel\"},\"url\":\"https:\\\/\\\/congovirtuel.com\\\/information\\\/author\\\/infocongovirtuel\\\/\"}]}<\/script>\n<!-- \/ Yoast SEO plugin. -->","yoast_head_json":{"title":"Macron veut \"rassurer\" F. Tshisekedi sur les \"liens\" et le \"rapprochement\" de la France avec le Rwanda - Actualit\u00e9s congolaises et internationales","robots":{"index":"index","follow":"follow","max-snippet":"max-snippet:-1","max-image-preview":"max-image-preview:large","max-video-preview":"max-video-preview:-1"},"canonical":"https:\/\/congovirtuel.com\/information\/macron-veut-rassurer-f-tshisekedi-sur-les-liens-et-le-rapprochement-de-la-france-avec-le-rwanda\/","og_locale":"fr_FR","og_type":"article","og_title":"Macron veut \"rassurer\" F. Tshisekedi sur les \"liens\" et le \"rapprochement\" de la France avec le Rwanda - Actualit\u00e9s congolaises et internationales","og_description":"Jamais la France n&rsquo;a \u00e9t\u00e9 autant en difficult\u00e9 sur le continent africain depuis les ind\u00e9pendances. Son expulsion du Mali, son effacement de la R\u00e9publique centrafricaine, la d\u00e9t\u00e9rioration de ses relations avec le Burkina Faso, la progression impressionnante du discours anti-France dans toute la francophonie inqui\u00e8tent m\u00eame les Parisiens les plus aguerris. \u00ab Nous sommes victimes d&rsquo;une dynamique lanc\u00e9e par ceux \u00e0 qui elle profite, juge un ancien haut diplomate, en premier lieu la Russie. Mais aussi la Chine et la Turquie, ajoute un officier sup\u00e9rieur. \u00ab\u00a0Nous sommes entr\u00e9s dans une&hellip;","og_url":"https:\/\/congovirtuel.com\/information\/macron-veut-rassurer-f-tshisekedi-sur-les-liens-et-le-rapprochement-de-la-france-avec-le-rwanda\/","og_site_name":"Actualit\u00e9s congolaises et internationales","article_publisher":"https:\/\/web.facebook.com\/Congovirtuel-763617960319601\/?ref=aymt_homepage_panel&amp%3bamp%3bamp%3bamp%3bamp%3bamp%3bamp%3bamp%3bamp%3bamp%3bamp%3beid=ARCoxULa66767kIgF_KYav6VdjXTI4yk_LW4yoVO9s6NXpysgb7Cb65vpxcxgqzOAKvIbLQxaAETcqHT","article_published_time":"2023-02-27T05:57:35+00:00","og_image":[{"width":277,"height":283,"url":"https:\/\/congovirtuel.com\/information\/wp-content\/uploads\/2023\/02\/IMG-20230227-WA0001.jpg","type":"image\/jpeg"}],"author":"infocongovirtuel","twitter_card":"summary_large_image","twitter_creator":"@congovirtuel","twitter_site":"@congovirtuel","twitter_misc":{"\u00c9crit par":"infocongovirtuel","Dur\u00e9e de lecture estim\u00e9e":"4 minutes"},"schema":{"@context":"https:\/\/schema.org","@graph":[{"@type":"Article","@id":"https:\/\/congovirtuel.com\/information\/macron-veut-rassurer-f-tshisekedi-sur-les-liens-et-le-rapprochement-de-la-france-avec-le-rwanda\/#article","isPartOf":{"@id":"https:\/\/congovirtuel.com\/information\/macron-veut-rassurer-f-tshisekedi-sur-les-liens-et-le-rapprochement-de-la-france-avec-le-rwanda\/"},"author":{"name":"infocongovirtuel","@id":"https:\/\/congovirtuel.com\/information\/#\/schema\/person\/739a44bf7990966cb53d58d2fdeca0b6"},"headline":"Macron veut \u00ab\u00a0rassurer\u00a0\u00bb F. Tshisekedi sur les \u00ab\u00a0liens\u00a0\u00bb et le \u00ab\u00a0rapprochement\u00a0\u00bb de la France avec le Rwanda","datePublished":"2023-02-27T05:57:35+00:00","mainEntityOfPage":{"@id":"https:\/\/congovirtuel.com\/information\/macron-veut-rassurer-f-tshisekedi-sur-les-liens-et-le-rapprochement-de-la-france-avec-le-rwanda\/"},"wordCount":847,"commentCount":0,"publisher":{"@id":"https:\/\/congovirtuel.com\/information\/#organization"},"image":{"@id":"https:\/\/congovirtuel.com\/information\/macron-veut-rassurer-f-tshisekedi-sur-les-liens-et-le-rapprochement-de-la-france-avec-le-rwanda\/#primaryimage"},"thumbnailUrl":"https:\/\/congovirtuel.com\/information\/wp-content\/uploads\/2023\/02\/IMG-20230227-WA0001.jpg","keywords":["But voyage Macron RDC","Macron","Tshisekedi","Visite Macron en RDC"],"articleSection":["FRANCE - RDC"],"inLanguage":"fr-FR","potentialAction":[{"@type":"CommentAction","name":"Comment","target":["https:\/\/congovirtuel.com\/information\/macron-veut-rassurer-f-tshisekedi-sur-les-liens-et-le-rapprochement-de-la-france-avec-le-rwanda\/#respond"]}]},{"@type":"WebPage","@id":"https:\/\/congovirtuel.com\/information\/macron-veut-rassurer-f-tshisekedi-sur-les-liens-et-le-rapprochement-de-la-france-avec-le-rwanda\/","url":"https:\/\/congovirtuel.com\/information\/macron-veut-rassurer-f-tshisekedi-sur-les-liens-et-le-rapprochement-de-la-france-avec-le-rwanda\/","name":"Macron veut \"rassurer\" F. Tshisekedi sur les \"liens\" et le \"rapprochement\" de la France avec le Rwanda - Actualit\u00e9s congolaises et internationales","isPartOf":{"@id":"https:\/\/congovirtuel.com\/information\/#website"},"primaryImageOfPage":{"@id":"https:\/\/congovirtuel.com\/information\/macron-veut-rassurer-f-tshisekedi-sur-les-liens-et-le-rapprochement-de-la-france-avec-le-rwanda\/#primaryimage"},"image":{"@id":"https:\/\/congovirtuel.com\/information\/macron-veut-rassurer-f-tshisekedi-sur-les-liens-et-le-rapprochement-de-la-france-avec-le-rwanda\/#primaryimage"},"thumbnailUrl":"https:\/\/congovirtuel.com\/information\/wp-content\/uploads\/2023\/02\/IMG-20230227-WA0001.jpg","datePublished":"2023-02-27T05:57:35+00:00","breadcrumb":{"@id":"https:\/\/congovirtuel.com\/information\/macron-veut-rassurer-f-tshisekedi-sur-les-liens-et-le-rapprochement-de-la-france-avec-le-rwanda\/#breadcrumb"},"inLanguage":"fr-FR","potentialAction":[{"@type":"ReadAction","target":["https:\/\/congovirtuel.com\/information\/macron-veut-rassurer-f-tshisekedi-sur-les-liens-et-le-rapprochement-de-la-france-avec-le-rwanda\/"]}]},{"@type":"ImageObject","inLanguage":"fr-FR","@id":"https:\/\/congovirtuel.com\/information\/macron-veut-rassurer-f-tshisekedi-sur-les-liens-et-le-rapprochement-de-la-france-avec-le-rwanda\/#primaryimage","url":"https:\/\/congovirtuel.com\/information\/wp-content\/uploads\/2023\/02\/IMG-20230227-WA0001.jpg","contentUrl":"https:\/\/congovirtuel.com\/information\/wp-content\/uploads\/2023\/02\/IMG-20230227-WA0001.jpg","width":277,"height":283},{"@type":"BreadcrumbList","@id":"https:\/\/congovirtuel.com\/information\/macron-veut-rassurer-f-tshisekedi-sur-les-liens-et-le-rapprochement-de-la-france-avec-le-rwanda\/#breadcrumb","itemListElement":[{"@type":"ListItem","position":1,"name":"Accueil","item":"https:\/\/congovirtuel.com\/information\/"},{"@type":"ListItem","position":2,"name":"Macron veut \u00ab\u00a0rassurer\u00a0\u00bb F. Tshisekedi sur les \u00ab\u00a0liens\u00a0\u00bb et le \u00ab\u00a0rapprochement\u00a0\u00bb de la France avec le Rwanda"}]},{"@type":"WebSite","@id":"https:\/\/congovirtuel.com\/information\/#website","url":"https:\/\/congovirtuel.com\/information\/","name":"Actualit\u00e9s congolaises et internationales","description":"site d&#039;analyse et de traitement d&#039;information","publisher":{"@id":"https:\/\/congovirtuel.com\/information\/#organization"},"potentialAction":[{"@type":"SearchAction","target":{"@type":"EntryPoint","urlTemplate":"https:\/\/congovirtuel.com\/information\/?s={search_term_string}"},"query-input":{"@type":"PropertyValueSpecification","valueRequired":true,"valueName":"search_term_string"}}],"inLanguage":"fr-FR"},{"@type":"Organization","@id":"https:\/\/congovirtuel.com\/information\/#organization","name":"Biblioth\u00e8que Virtuelle de la RDC","url":"https:\/\/congovirtuel.com\/information\/","logo":{"@type":"ImageObject","inLanguage":"fr-FR","@id":"https:\/\/congovirtuel.com\/information\/#\/schema\/logo\/image\/","url":"https:\/\/congovirtuel.com\/information\/wp-content\/uploads\/2018\/10\/header-info-congovirtuel-vraie.jpg","contentUrl":"https:\/\/congovirtuel.com\/information\/wp-content\/uploads\/2018\/10\/header-info-congovirtuel-vraie.jpg","width":728,"height":90,"caption":"Biblioth\u00e8que Virtuelle de la RDC"},"image":{"@id":"https:\/\/congovirtuel.com\/information\/#\/schema\/logo\/image\/"},"sameAs":["https:\/\/web.facebook.com\/Congovirtuel-763617960319601\/?ref=aymt_homepage_panel&amp;amp;amp;amp;amp;amp;amp;amp;amp;amp;amp;eid=ARCoxULa66767kIgF_KYav6VdjXTI4yk_LW4yoVO9s6NXpysgb7Cb65vpxcxgqzOAKvIbLQxaAETcqHT","https:\/\/x.com\/congovirtuel","https:\/\/www.youtube.com\/channel\/UCkFfprYzGgS3EWNpeMXpToQ?view_as=subscriber"]},{"@type":"Person","@id":"https:\/\/congovirtuel.com\/information\/#\/schema\/person\/739a44bf7990966cb53d58d2fdeca0b6","name":"infocongovirtuel","image":{"@type":"ImageObject","inLanguage":"fr-FR","@id":"https:\/\/secure.gravatar.com\/avatar\/4d76991aa72469f0eb22e772586c99113c6997f88da636a9db8f2ce3a2c05e69?s=96&d=mm&r=g","url":"https:\/\/secure.gravatar.com\/avatar\/4d76991aa72469f0eb22e772586c99113c6997f88da636a9db8f2ce3a2c05e69?s=96&d=mm&r=g","contentUrl":"https:\/\/secure.gravatar.com\/avatar\/4d76991aa72469f0eb22e772586c99113c6997f88da636a9db8f2ce3a2c05e69?s=96&d=mm&r=g","caption":"infocongovirtuel"},"url":"https:\/\/congovirtuel.com\/information\/author\/infocongovirtuel\/"}]}},"gt_translate_keys":[{"key":"link","format":"url"}],"_links":{"self":[{"href":"https:\/\/congovirtuel.com\/information\/wp-json\/wp\/v2\/posts\/21900","targetHints":{"allow":["GET"]}}],"collection":[{"href":"https:\/\/congovirtuel.com\/information\/wp-json\/wp\/v2\/posts"}],"about":[{"href":"https:\/\/congovirtuel.com\/information\/wp-json\/wp\/v2\/types\/post"}],"author":[{"embeddable":true,"href":"https:\/\/congovirtuel.com\/information\/wp-json\/wp\/v2\/users\/1"}],"replies":[{"embeddable":true,"href":"https:\/\/congovirtuel.com\/information\/wp-json\/wp\/v2\/comments?post=21900"}],"version-history":[{"count":1,"href":"https:\/\/congovirtuel.com\/information\/wp-json\/wp\/v2\/posts\/21900\/revisions"}],"predecessor-version":[{"id":21901,"href":"https:\/\/congovirtuel.com\/information\/wp-json\/wp\/v2\/posts\/21900\/revisions\/21901"}],"wp:featuredmedia":[{"embeddable":true,"href":"https:\/\/congovirtuel.com\/information\/wp-json\/wp\/v2\/media\/21899"}],"wp:attachment":[{"href":"https:\/\/congovirtuel.com\/information\/wp-json\/wp\/v2\/media?parent=21900"}],"wp:term":[{"taxonomy":"category","embeddable":true,"href":"https:\/\/congovirtuel.com\/information\/wp-json\/wp\/v2\/categories?post=21900"},{"taxonomy":"post_tag","embeddable":true,"href":"https:\/\/congovirtuel.com\/information\/wp-json\/wp\/v2\/tags?post=21900"}],"curies":[{"name":"wp","href":"https:\/\/api.w.org\/{rel}","templated":true}]}}