{"id":21916,"date":"2023-03-01T15:05:55","date_gmt":"2023-03-01T14:05:55","guid":{"rendered":"https:\/\/congovirtuel.com\/information\/?p=21916"},"modified":"2023-03-01T15:05:55","modified_gmt":"2023-03-01T14:05:55","slug":"tournee-test-de-macron-en-afrique-centrale-les-congolais-rechignent","status":"publish","type":"post","link":"https:\/\/congovirtuel.com\/information\/tournee-test-de-macron-en-afrique-centrale-les-congolais-rechignent\/","title":{"rendered":"Tourn\u00e9e test de Macron en Afrique centrale, les congolais rechignent","gt_translate_keys":[{"key":"rendered","format":"text"}]},"content":{"rendered":"<p><strong>Le pr\u00e9sident fran\u00e7ais Emmanuel Macron entame mercredi \u00e0 Librevillle une tourn\u00e9e de quatre jours en Afrique centrale, l&rsquo;occasion d&rsquo;\u00e9prouver la \u00ab\u00a0nouvelle relation\u00a0\u00bb qu&rsquo;il appelle de ses v\u0153ux avec un continent o\u00f9 l&rsquo;influence de la France ne cesse de reculer.<\/strong><\/p>\n<p>Le chef de l&rsquo;Etat est attendu en fin d&rsquo;apr\u00e8s-midi dans la capitale gabonaise, premi\u00e8re \u00e9tape d&rsquo;un p\u00e9riple qui le conduira ensuite en Angola, au Congo et en R\u00e9publique d\u00e9mocratique du Congo. Il effectue son dix-huiti\u00e8me d\u00e9placement en Afrique depuis le d\u00e9but de son premier quinquennat en 2017. Il s&rsquo;y rend surtout deux jours apr\u00e8s avoir expos\u00e9 depuis Paris sa strat\u00e9gie africaine pour les quatre ans \u00e0 venir.<\/p>\n<p>Prenant acte d&rsquo;un ressentiment croissant envers la France, ex-puissance coloniale, Emmanuel Macron a appel\u00e9 lundi \u00e0\u00a0<em>\u00ab\u00a0b\u00e2tir une nouvelle relation, \u00e9quilibr\u00e9e, r\u00e9ciproque et responsable\u00a0\u00bb<\/em>\u00a0avec l&rsquo;Afrique. Il a aussi annonc\u00e9 une r\u00e9duction de la pr\u00e9sence militaire fran\u00e7aise, concentr\u00e9e depuis dix ans sur la lutte contre le jihadisme au Sahel, mais devenue l&rsquo;incarnation de l&rsquo;h\u00e9ritage colonial aux yeux d&rsquo;une jeunesse avide de\u00a0<em>\u00ab\u00a0nouvelle\u00a0\u00bb<\/em>\u00a0ind\u00e9pendance.<\/p>\n<p><em>\u00ab\u00a0L&rsquo;Afrique n&rsquo;est pas un pr\u00e9-carr\u00e9\u00a0\u00bb<\/em>, a martel\u00e9 le chef de l&rsquo;Etat, pr\u00f4nant une\u00a0<em>\u00ab\u00a0posture de modestie et d&rsquo;\u00e9coute\u00a0\u00bb\u00a0<\/em>dans le prolongement de son discours de Ouagadougou en novembre 2017.<\/p>\n<h2>D\u00e9mocratie d&rsquo;abord<\/h2>\n<p>Depuis ao\u00fbt 2022, l&rsquo;arm\u00e9e fran\u00e7aise a \u00e9t\u00e9 pouss\u00e9e hors du Mali et du Burkina Faso par les juntes au pouvoir dans ces deux pays. Elle a aussi quitt\u00e9 en d\u00e9cembre la Centrafrique o\u00f9 elle \u00e9tait intervenue pour mettre fin \u00e0 des violences interethniques.<\/p>\n<p>Forte des mercenaires du groupe Wagner et de campagnes de d\u00e9sinformation qui alimentent le sentiment antifran\u00e7ais sur les r\u00e9seaux, la Russie dame de plus en plus le pion \u00e0 Paris dans sa sph\u00e8re d&rsquo;influence historique.<\/p>\n<p>Emmanuel Macron entend d\u00e9sormais s&rsquo;appuyer sur la soci\u00e9t\u00e9 civile et les diasporas africaines en France pour tourner la page de la \u00ab\u00a0Fran\u00e7afrique\u00a0\u00bb, longtemps faite de liens troubles et de soutien \u00e0 des potentats locaux.\u00a0<em>\u00ab\u00a0Notre int\u00e9r\u00eat, c&rsquo;est d&rsquo;abord la d\u00e9mocratie\u00a0\u00bb<\/em>, mart\u00e8le-t-il, promettant aussi de\u00a0<em>\u00ab\u00a0d\u00e9fendre les int\u00e9r\u00eats\u00a0\u00bb<\/em>\u00a0\u00e9conomiques fran\u00e7ais l\u00e0 o\u00f9 nombre de pays, de la Chine \u00e0 la Turquie, avancent \u00e0 visage d\u00e9couvert.<\/p>\n<p>L&rsquo;exercice s&rsquo;annonce d\u00e9licat au Gabon o\u00f9 l&rsquo;opposition l&rsquo;accuse d&rsquo;<em>\u00ab\u00a0adouber\u00a0\u00bb<\/em>\u00a0\u00e0 travers sa visite le pr\u00e9sident Ali Bongo, \u00e9lu dans des conditions controvers\u00e9es en 2016 et probable candidat \u00e0 sa r\u00e9\u00e9lection cette ann\u00e9e. Ce dernier l&rsquo;accueillera d\u00e8s mercredi soir \u00e0 la pr\u00e9sidence pour un d\u00eener, suivi d&rsquo;une s\u00e9quence jeudi dans le cadre du Sommet One Forest sur la pr\u00e9servation des for\u00eats tropicales.<\/p>\n<p><em>\u00ab\u00a0\u00c0 tort ou \u00e0 raison, les Gabonais interpr\u00e9teront votre arriv\u00e9e dans leur pays comme l&rsquo;expression du soutien de la France au r\u00e9gime en place, en vue de favoriser son maintien au pouvoir\u00a0\u00bb<\/em>, ont ass\u00e9n\u00e9 les principaux leaders de l&rsquo;opposition gabonaise.<\/p>\n<h2>\u00c0 contrecourant<\/h2>\n<p>Emmanuel Macron se d\u00e9fend de toute d\u00e9marche\u00a0<em>\u00ab\u00a0politique\u00a0\u00bb\u00a0<\/em>et assure que l&rsquo;unique but de sa visite est le sommet sur les for\u00eats du bassin du Congo, premier poumon de la plan\u00e8te selon l&rsquo;Elys\u00e9e, d\u00e9sormais menac\u00e9 par la surexploitation agricole. Idem \u00e0 Luanda o\u00f9 il signera vendredi un partenariat pour d\u00e9velopper la fili\u00e8re agricole en Angola, pays p\u00e9trolier de premier plan mais o\u00f9 la majeure partie de la population reste plong\u00e9e dans la pauvret\u00e9.<\/p>\n<p>Le pr\u00e9sident angolais Joao Louren\u00e7o, r\u00e9\u00e9lu en 2022, incarne la continuit\u00e9 du Mouvement populaire pour la lib\u00e9ration de l&rsquo;Angola (MPLA), au pouvoir depuis l&rsquo;ind\u00e9pendance du Portugal en 1975 et longtemps parti unique. Emmanuel Macron fera ensuite une br\u00e8ve escale \u00e0 Brazzaville o\u00f9 le pr\u00e9sident Denis Sassou Nguesso est au pouvoir depuis pr\u00e8s de 40 ans, une rencontre qui risque l\u00e0 aussi d&rsquo;appara\u00eetre \u00e0 contrecourant de son discours de lundi.<\/p>\n<p>La R\u00e9publique d\u00e9mocratique du Congo, ex-colonie belge mais aussi plus grand pays francophone du monde, lui offrira sans doute une meilleure opportunit\u00e9 pour d\u00e9rouler sa vision de l&rsquo;Afrique. Seulement, une bonne opinion de la population congolaise boude cette venue \u00e0 Kinshasa.<\/p>\n<p>&nbsp;<\/p>\n<p>Le Pr\u00e9sident Macron est jug\u00e9 trop proche de Paul Kagame, principale soutien du M23 dans la partie l\u2019Est de la RDC. Pour les congolais, la France a condamn\u00e9 tardivement le soutien du Rwanda au M23, alors qu\u2019elle participe massivement \u00e0 la guerre et sanction contre la Russie.<\/p>\n<p><img loading=\"lazy\" decoding=\"async\" class=\"alignnone  wp-image-21914\" src=\"https:\/\/congovirtuel.com\/information\/wp-content\/uploads\/2023\/03\/Manifestation_pro_russe_Ambassay_France_Kin-560x365.jpg\" alt=\"\" width=\"486\" height=\"317\" srcset=\"https:\/\/congovirtuel.com\/information\/wp-content\/uploads\/2023\/03\/Manifestation_pro_russe_Ambassay_France_Kin-560x365.jpg 560w, https:\/\/congovirtuel.com\/information\/wp-content\/uploads\/2023\/03\/Manifestation_pro_russe_Ambassay_France_Kin-840x547.jpg 840w, https:\/\/congovirtuel.com\/information\/wp-content\/uploads\/2023\/03\/Manifestation_pro_russe_Ambassay_France_Kin-768x500.jpg 768w, https:\/\/congovirtuel.com\/information\/wp-content\/uploads\/2023\/03\/Manifestation_pro_russe_Ambassay_France_Kin.jpg 1033w\" sizes=\"auto, (max-width: 486px) 100vw, 486px\" \/><\/p>\n<p>\u00ab\u00a0Macron assassin, Poutine au secours\u00a0\u00bb, scandaient les jeunes manifestants, qui se sont rassembl\u00e9s devant l&rsquo;ambassade de France ce mercredi 01 mars, avec quelques banderoles et pancartes disant \u00ab\u00a0Macron parrain de la balkanisation de la\u00a0<strong>RDC<\/strong>\u00ab\u00a0, \u00ab\u00a0les Congolais disent non \u00e0 la politique de la France\u00a0\u00bb ou encore \u00ab\u00a0Macron ind\u00e9sirable en\u00a0<strong>RDC<\/strong>\u00ab\u00a0.<\/p>\n<p>Le pr\u00e9sident fran\u00e7ais sera aussi tr\u00e8s attendu sur la crise dans l&rsquo;est du pays, o\u00f9 le Rwanda est accus\u00e9 de soutenir la r\u00e9bellion du M23 et o\u00f9 il a tent\u00e9, en vain, une m\u00e9diation.<\/p>\n<p>&nbsp;<\/p>\n<p>Coco Kabwika avec VOA<\/p>\n","protected":false,"gt_translate_keys":[{"key":"rendered","format":"html"}]},"excerpt":{"rendered":"<p>Le pr\u00e9sident fran\u00e7ais Emmanuel Macron entame mercredi \u00e0 Librevillle une tourn\u00e9e de quatre jours en Afrique centrale, l&rsquo;occasion d&rsquo;\u00e9prouver la \u00ab\u00a0nouvelle relation\u00a0\u00bb qu&rsquo;il appelle de ses v\u0153ux avec un continent o\u00f9 l&rsquo;influence de la France ne cesse de reculer. Le chef de l&rsquo;Etat est attendu en fin d&rsquo;apr\u00e8s-midi dans la capitale gabonaise, premi\u00e8re \u00e9tape d&rsquo;un p\u00e9riple qui le conduira ensuite en Angola, au Congo et en R\u00e9publique d\u00e9mocratique du Congo. Il effectue son dix-huiti\u00e8me d\u00e9placement en Afrique depuis le d\u00e9but de son premier quinquennat en 2017. Il s&rsquo;y rend surtout&hellip;<\/p>\n","protected":false,"gt_translate_keys":[{"key":"rendered","format":"html"}]},"author":1,"featured_media":21915,"comment_status":"open","ping_status":"open","sticky":false,"template":"","format":"standard","meta":{"_crdt_document":"","footnotes":""},"categories":[2391],"tags":[37867,37868,37869],"class_list":["post-21916","post","type-post","status-publish","format-standard","has-post-thumbnail","hentry","category-france-rdc","tag-arrivee-macron-rdc","tag-macron-boude-en-rdc","tag-macron-egal-kagame"],"gutentor_comment":0,"yoast_head":"<!-- This site is optimized with the Yoast SEO plugin v27.5 - https:\/\/yoast.com\/product\/yoast-seo-wordpress\/ -->\n<title>Tourn\u00e9e test de Macron en Afrique centrale, les congolais rechignent - Actualit\u00e9s congolaises et internationales<\/title>\n<meta name=\"robots\" content=\"index, follow, max-snippet:-1, max-image-preview:large, max-video-preview:-1\" \/>\n<link rel=\"canonical\" href=\"https:\/\/congovirtuel.com\/information\/tournee-test-de-macron-en-afrique-centrale-les-congolais-rechignent\/\" \/>\n<meta property=\"og:locale\" content=\"fr_FR\" \/>\n<meta property=\"og:type\" content=\"article\" \/>\n<meta property=\"og:title\" content=\"Tourn\u00e9e test de Macron en Afrique centrale, les congolais rechignent - Actualit\u00e9s congolaises et internationales\" \/>\n<meta property=\"og:description\" content=\"Le pr\u00e9sident fran\u00e7ais Emmanuel Macron entame mercredi \u00e0 Librevillle une tourn\u00e9e de quatre jours en Afrique centrale, l&rsquo;occasion d&rsquo;\u00e9prouver la \u00ab\u00a0nouvelle relation\u00a0\u00bb qu&rsquo;il appelle de ses v\u0153ux avec un continent o\u00f9 l&rsquo;influence de la France ne cesse de reculer. Le chef de l&rsquo;Etat est attendu en fin d&rsquo;apr\u00e8s-midi dans la capitale gabonaise, premi\u00e8re \u00e9tape d&rsquo;un p\u00e9riple qui le conduira ensuite en Angola, au Congo et en R\u00e9publique d\u00e9mocratique du Congo. Il effectue son dix-huiti\u00e8me d\u00e9placement en Afrique depuis le d\u00e9but de son premier quinquennat en 2017. Il s&rsquo;y rend surtout&hellip;\" \/>\n<meta property=\"og:url\" content=\"https:\/\/congovirtuel.com\/information\/tournee-test-de-macron-en-afrique-centrale-les-congolais-rechignent\/\" \/>\n<meta property=\"og:site_name\" content=\"Actualit\u00e9s congolaises et internationales\" \/>\n<meta property=\"article:publisher\" content=\"https:\/\/web.facebook.com\/Congovirtuel-763617960319601\/?ref=aymt_homepage_panel&amp;amp%3bamp%3bamp%3bamp%3bamp%3bamp%3bamp%3bamp%3bamp%3bamp%3bamp%3beid=ARCoxULa66767kIgF_KYav6VdjXTI4yk_LW4yoVO9s6NXpysgb7Cb65vpxcxgqzOAKvIbLQxaAETcqHT\" \/>\n<meta property=\"article:published_time\" content=\"2023-03-01T14:05:55+00:00\" \/>\n<meta property=\"og:image\" content=\"https:\/\/congovirtuel.com\/information\/wp-content\/uploads\/2023\/03\/mur_ambassade_France.jpg\" \/>\n\t<meta property=\"og:image:width\" content=\"950\" \/>\n\t<meta property=\"og:image:height\" content=\"545\" \/>\n\t<meta property=\"og:image:type\" content=\"image\/jpeg\" \/>\n<meta name=\"author\" content=\"infocongovirtuel\" \/>\n<meta name=\"twitter:card\" content=\"summary_large_image\" \/>\n<meta name=\"twitter:creator\" content=\"@congovirtuel\" \/>\n<meta name=\"twitter:site\" content=\"@congovirtuel\" \/>\n<meta name=\"twitter:label1\" content=\"\u00c9crit par\" \/>\n\t<meta name=\"twitter:data1\" content=\"infocongovirtuel\" \/>\n\t<meta name=\"twitter:label2\" content=\"Dur\u00e9e de lecture estim\u00e9e\" \/>\n\t<meta name=\"twitter:data2\" content=\"5 minutes\" \/>\n<script type=\"application\/ld+json\" class=\"yoast-schema-graph\">{\"@context\":\"https:\\\/\\\/schema.org\",\"@graph\":[{\"@type\":\"Article\",\"@id\":\"https:\\\/\\\/congovirtuel.com\\\/information\\\/tournee-test-de-macron-en-afrique-centrale-les-congolais-rechignent\\\/#article\",\"isPartOf\":{\"@id\":\"https:\\\/\\\/congovirtuel.com\\\/information\\\/tournee-test-de-macron-en-afrique-centrale-les-congolais-rechignent\\\/\"},\"author\":{\"name\":\"infocongovirtuel\",\"@id\":\"https:\\\/\\\/congovirtuel.com\\\/information\\\/#\\\/schema\\\/person\\\/739a44bf7990966cb53d58d2fdeca0b6\"},\"headline\":\"Tourn\u00e9e test de Macron en Afrique centrale, les congolais rechignent\",\"datePublished\":\"2023-03-01T14:05:55+00:00\",\"mainEntityOfPage\":{\"@id\":\"https:\\\/\\\/congovirtuel.com\\\/information\\\/tournee-test-de-macron-en-afrique-centrale-les-congolais-rechignent\\\/\"},\"wordCount\":883,\"commentCount\":0,\"publisher\":{\"@id\":\"https:\\\/\\\/congovirtuel.com\\\/information\\\/#organization\"},\"image\":{\"@id\":\"https:\\\/\\\/congovirtuel.com\\\/information\\\/tournee-test-de-macron-en-afrique-centrale-les-congolais-rechignent\\\/#primaryimage\"},\"thumbnailUrl\":\"https:\\\/\\\/congovirtuel.com\\\/information\\\/wp-content\\\/uploads\\\/2023\\\/03\\\/mur_ambassade_France.jpg\",\"keywords\":[\"arriv\u00e9e Macron RDC\",\"Macron boud\u00e9 en RDC\",\"Macron \u00e9gal Kagame\"],\"articleSection\":[\"FRANCE - RDC\"],\"inLanguage\":\"fr-FR\",\"potentialAction\":[{\"@type\":\"CommentAction\",\"name\":\"Comment\",\"target\":[\"https:\\\/\\\/congovirtuel.com\\\/information\\\/tournee-test-de-macron-en-afrique-centrale-les-congolais-rechignent\\\/#respond\"]}]},{\"@type\":\"WebPage\",\"@id\":\"https:\\\/\\\/congovirtuel.com\\\/information\\\/tournee-test-de-macron-en-afrique-centrale-les-congolais-rechignent\\\/\",\"url\":\"https:\\\/\\\/congovirtuel.com\\\/information\\\/tournee-test-de-macron-en-afrique-centrale-les-congolais-rechignent\\\/\",\"name\":\"Tourn\u00e9e test de Macron en Afrique centrale, les congolais rechignent - Actualit\u00e9s congolaises et internationales\",\"isPartOf\":{\"@id\":\"https:\\\/\\\/congovirtuel.com\\\/information\\\/#website\"},\"primaryImageOfPage\":{\"@id\":\"https:\\\/\\\/congovirtuel.com\\\/information\\\/tournee-test-de-macron-en-afrique-centrale-les-congolais-rechignent\\\/#primaryimage\"},\"image\":{\"@id\":\"https:\\\/\\\/congovirtuel.com\\\/information\\\/tournee-test-de-macron-en-afrique-centrale-les-congolais-rechignent\\\/#primaryimage\"},\"thumbnailUrl\":\"https:\\\/\\\/congovirtuel.com\\\/information\\\/wp-content\\\/uploads\\\/2023\\\/03\\\/mur_ambassade_France.jpg\",\"datePublished\":\"2023-03-01T14:05:55+00:00\",\"breadcrumb\":{\"@id\":\"https:\\\/\\\/congovirtuel.com\\\/information\\\/tournee-test-de-macron-en-afrique-centrale-les-congolais-rechignent\\\/#breadcrumb\"},\"inLanguage\":\"fr-FR\",\"potentialAction\":[{\"@type\":\"ReadAction\",\"target\":[\"https:\\\/\\\/congovirtuel.com\\\/information\\\/tournee-test-de-macron-en-afrique-centrale-les-congolais-rechignent\\\/\"]}]},{\"@type\":\"ImageObject\",\"inLanguage\":\"fr-FR\",\"@id\":\"https:\\\/\\\/congovirtuel.com\\\/information\\\/tournee-test-de-macron-en-afrique-centrale-les-congolais-rechignent\\\/#primaryimage\",\"url\":\"https:\\\/\\\/congovirtuel.com\\\/information\\\/wp-content\\\/uploads\\\/2023\\\/03\\\/mur_ambassade_France.jpg\",\"contentUrl\":\"https:\\\/\\\/congovirtuel.com\\\/information\\\/wp-content\\\/uploads\\\/2023\\\/03\\\/mur_ambassade_France.jpg\",\"width\":950,\"height\":545},{\"@type\":\"BreadcrumbList\",\"@id\":\"https:\\\/\\\/congovirtuel.com\\\/information\\\/tournee-test-de-macron-en-afrique-centrale-les-congolais-rechignent\\\/#breadcrumb\",\"itemListElement\":[{\"@type\":\"ListItem\",\"position\":1,\"name\":\"Accueil\",\"item\":\"https:\\\/\\\/congovirtuel.com\\\/information\\\/\"},{\"@type\":\"ListItem\",\"position\":2,\"name\":\"Tourn\u00e9e test de Macron en Afrique centrale, les congolais rechignent\"}]},{\"@type\":\"WebSite\",\"@id\":\"https:\\\/\\\/congovirtuel.com\\\/information\\\/#website\",\"url\":\"https:\\\/\\\/congovirtuel.com\\\/information\\\/\",\"name\":\"Actualit\u00e9s congolaises et internationales\",\"description\":\"site d&#039;analyse et de traitement d&#039;information\",\"publisher\":{\"@id\":\"https:\\\/\\\/congovirtuel.com\\\/information\\\/#organization\"},\"potentialAction\":[{\"@type\":\"SearchAction\",\"target\":{\"@type\":\"EntryPoint\",\"urlTemplate\":\"https:\\\/\\\/congovirtuel.com\\\/information\\\/?s={search_term_string}\"},\"query-input\":{\"@type\":\"PropertyValueSpecification\",\"valueRequired\":true,\"valueName\":\"search_term_string\"}}],\"inLanguage\":\"fr-FR\"},{\"@type\":\"Organization\",\"@id\":\"https:\\\/\\\/congovirtuel.com\\\/information\\\/#organization\",\"name\":\"Biblioth\u00e8que Virtuelle de la RDC\",\"url\":\"https:\\\/\\\/congovirtuel.com\\\/information\\\/\",\"logo\":{\"@type\":\"ImageObject\",\"inLanguage\":\"fr-FR\",\"@id\":\"https:\\\/\\\/congovirtuel.com\\\/information\\\/#\\\/schema\\\/logo\\\/image\\\/\",\"url\":\"https:\\\/\\\/congovirtuel.com\\\/information\\\/wp-content\\\/uploads\\\/2018\\\/10\\\/header-info-congovirtuel-vraie.jpg\",\"contentUrl\":\"https:\\\/\\\/congovirtuel.com\\\/information\\\/wp-content\\\/uploads\\\/2018\\\/10\\\/header-info-congovirtuel-vraie.jpg\",\"width\":728,\"height\":90,\"caption\":\"Biblioth\u00e8que Virtuelle de la RDC\"},\"image\":{\"@id\":\"https:\\\/\\\/congovirtuel.com\\\/information\\\/#\\\/schema\\\/logo\\\/image\\\/\"},\"sameAs\":[\"https:\\\/\\\/web.facebook.com\\\/Congovirtuel-763617960319601\\\/?ref=aymt_homepage_panel&amp;amp;amp;amp;amp;amp;amp;amp;amp;amp;amp;eid=ARCoxULa66767kIgF_KYav6VdjXTI4yk_LW4yoVO9s6NXpysgb7Cb65vpxcxgqzOAKvIbLQxaAETcqHT\",\"https:\\\/\\\/x.com\\\/congovirtuel\",\"https:\\\/\\\/www.youtube.com\\\/channel\\\/UCkFfprYzGgS3EWNpeMXpToQ?view_as=subscriber\"]},{\"@type\":\"Person\",\"@id\":\"https:\\\/\\\/congovirtuel.com\\\/information\\\/#\\\/schema\\\/person\\\/739a44bf7990966cb53d58d2fdeca0b6\",\"name\":\"infocongovirtuel\",\"image\":{\"@type\":\"ImageObject\",\"inLanguage\":\"fr-FR\",\"@id\":\"https:\\\/\\\/secure.gravatar.com\\\/avatar\\\/4d76991aa72469f0eb22e772586c99113c6997f88da636a9db8f2ce3a2c05e69?s=96&d=mm&r=g\",\"url\":\"https:\\\/\\\/secure.gravatar.com\\\/avatar\\\/4d76991aa72469f0eb22e772586c99113c6997f88da636a9db8f2ce3a2c05e69?s=96&d=mm&r=g\",\"contentUrl\":\"https:\\\/\\\/secure.gravatar.com\\\/avatar\\\/4d76991aa72469f0eb22e772586c99113c6997f88da636a9db8f2ce3a2c05e69?s=96&d=mm&r=g\",\"caption\":\"infocongovirtuel\"},\"url\":\"https:\\\/\\\/congovirtuel.com\\\/information\\\/author\\\/infocongovirtuel\\\/\"}]}<\/script>\n<!-- \/ Yoast SEO plugin. -->","yoast_head_json":{"title":"Tourn\u00e9e test de Macron en Afrique centrale, les congolais rechignent - Actualit\u00e9s congolaises et internationales","robots":{"index":"index","follow":"follow","max-snippet":"max-snippet:-1","max-image-preview":"max-image-preview:large","max-video-preview":"max-video-preview:-1"},"canonical":"https:\/\/congovirtuel.com\/information\/tournee-test-de-macron-en-afrique-centrale-les-congolais-rechignent\/","og_locale":"fr_FR","og_type":"article","og_title":"Tourn\u00e9e test de Macron en Afrique centrale, les congolais rechignent - Actualit\u00e9s congolaises et internationales","og_description":"Le pr\u00e9sident fran\u00e7ais Emmanuel Macron entame mercredi \u00e0 Librevillle une tourn\u00e9e de quatre jours en Afrique centrale, l&rsquo;occasion d&rsquo;\u00e9prouver la \u00ab\u00a0nouvelle relation\u00a0\u00bb qu&rsquo;il appelle de ses v\u0153ux avec un continent o\u00f9 l&rsquo;influence de la France ne cesse de reculer. Le chef de l&rsquo;Etat est attendu en fin d&rsquo;apr\u00e8s-midi dans la capitale gabonaise, premi\u00e8re \u00e9tape d&rsquo;un p\u00e9riple qui le conduira ensuite en Angola, au Congo et en R\u00e9publique d\u00e9mocratique du Congo. Il effectue son dix-huiti\u00e8me d\u00e9placement en Afrique depuis le d\u00e9but de son premier quinquennat en 2017. Il s&rsquo;y rend surtout&hellip;","og_url":"https:\/\/congovirtuel.com\/information\/tournee-test-de-macron-en-afrique-centrale-les-congolais-rechignent\/","og_site_name":"Actualit\u00e9s congolaises et internationales","article_publisher":"https:\/\/web.facebook.com\/Congovirtuel-763617960319601\/?ref=aymt_homepage_panel&amp%3bamp%3bamp%3bamp%3bamp%3bamp%3bamp%3bamp%3bamp%3bamp%3bamp%3beid=ARCoxULa66767kIgF_KYav6VdjXTI4yk_LW4yoVO9s6NXpysgb7Cb65vpxcxgqzOAKvIbLQxaAETcqHT","article_published_time":"2023-03-01T14:05:55+00:00","og_image":[{"width":950,"height":545,"url":"https:\/\/congovirtuel.com\/information\/wp-content\/uploads\/2023\/03\/mur_ambassade_France.jpg","type":"image\/jpeg"}],"author":"infocongovirtuel","twitter_card":"summary_large_image","twitter_creator":"@congovirtuel","twitter_site":"@congovirtuel","twitter_misc":{"\u00c9crit par":"infocongovirtuel","Dur\u00e9e de lecture estim\u00e9e":"5 minutes"},"schema":{"@context":"https:\/\/schema.org","@graph":[{"@type":"Article","@id":"https:\/\/congovirtuel.com\/information\/tournee-test-de-macron-en-afrique-centrale-les-congolais-rechignent\/#article","isPartOf":{"@id":"https:\/\/congovirtuel.com\/information\/tournee-test-de-macron-en-afrique-centrale-les-congolais-rechignent\/"},"author":{"name":"infocongovirtuel","@id":"https:\/\/congovirtuel.com\/information\/#\/schema\/person\/739a44bf7990966cb53d58d2fdeca0b6"},"headline":"Tourn\u00e9e test de Macron en Afrique centrale, les congolais rechignent","datePublished":"2023-03-01T14:05:55+00:00","mainEntityOfPage":{"@id":"https:\/\/congovirtuel.com\/information\/tournee-test-de-macron-en-afrique-centrale-les-congolais-rechignent\/"},"wordCount":883,"commentCount":0,"publisher":{"@id":"https:\/\/congovirtuel.com\/information\/#organization"},"image":{"@id":"https:\/\/congovirtuel.com\/information\/tournee-test-de-macron-en-afrique-centrale-les-congolais-rechignent\/#primaryimage"},"thumbnailUrl":"https:\/\/congovirtuel.com\/information\/wp-content\/uploads\/2023\/03\/mur_ambassade_France.jpg","keywords":["arriv\u00e9e Macron RDC","Macron boud\u00e9 en RDC","Macron \u00e9gal Kagame"],"articleSection":["FRANCE - RDC"],"inLanguage":"fr-FR","potentialAction":[{"@type":"CommentAction","name":"Comment","target":["https:\/\/congovirtuel.com\/information\/tournee-test-de-macron-en-afrique-centrale-les-congolais-rechignent\/#respond"]}]},{"@type":"WebPage","@id":"https:\/\/congovirtuel.com\/information\/tournee-test-de-macron-en-afrique-centrale-les-congolais-rechignent\/","url":"https:\/\/congovirtuel.com\/information\/tournee-test-de-macron-en-afrique-centrale-les-congolais-rechignent\/","name":"Tourn\u00e9e test de Macron en Afrique centrale, les congolais rechignent - Actualit\u00e9s congolaises et internationales","isPartOf":{"@id":"https:\/\/congovirtuel.com\/information\/#website"},"primaryImageOfPage":{"@id":"https:\/\/congovirtuel.com\/information\/tournee-test-de-macron-en-afrique-centrale-les-congolais-rechignent\/#primaryimage"},"image":{"@id":"https:\/\/congovirtuel.com\/information\/tournee-test-de-macron-en-afrique-centrale-les-congolais-rechignent\/#primaryimage"},"thumbnailUrl":"https:\/\/congovirtuel.com\/information\/wp-content\/uploads\/2023\/03\/mur_ambassade_France.jpg","datePublished":"2023-03-01T14:05:55+00:00","breadcrumb":{"@id":"https:\/\/congovirtuel.com\/information\/tournee-test-de-macron-en-afrique-centrale-les-congolais-rechignent\/#breadcrumb"},"inLanguage":"fr-FR","potentialAction":[{"@type":"ReadAction","target":["https:\/\/congovirtuel.com\/information\/tournee-test-de-macron-en-afrique-centrale-les-congolais-rechignent\/"]}]},{"@type":"ImageObject","inLanguage":"fr-FR","@id":"https:\/\/congovirtuel.com\/information\/tournee-test-de-macron-en-afrique-centrale-les-congolais-rechignent\/#primaryimage","url":"https:\/\/congovirtuel.com\/information\/wp-content\/uploads\/2023\/03\/mur_ambassade_France.jpg","contentUrl":"https:\/\/congovirtuel.com\/information\/wp-content\/uploads\/2023\/03\/mur_ambassade_France.jpg","width":950,"height":545},{"@type":"BreadcrumbList","@id":"https:\/\/congovirtuel.com\/information\/tournee-test-de-macron-en-afrique-centrale-les-congolais-rechignent\/#breadcrumb","itemListElement":[{"@type":"ListItem","position":1,"name":"Accueil","item":"https:\/\/congovirtuel.com\/information\/"},{"@type":"ListItem","position":2,"name":"Tourn\u00e9e test de Macron en Afrique centrale, les congolais rechignent"}]},{"@type":"WebSite","@id":"https:\/\/congovirtuel.com\/information\/#website","url":"https:\/\/congovirtuel.com\/information\/","name":"Actualit\u00e9s congolaises et internationales","description":"site d&#039;analyse et de traitement d&#039;information","publisher":{"@id":"https:\/\/congovirtuel.com\/information\/#organization"},"potentialAction":[{"@type":"SearchAction","target":{"@type":"EntryPoint","urlTemplate":"https:\/\/congovirtuel.com\/information\/?s={search_term_string}"},"query-input":{"@type":"PropertyValueSpecification","valueRequired":true,"valueName":"search_term_string"}}],"inLanguage":"fr-FR"},{"@type":"Organization","@id":"https:\/\/congovirtuel.com\/information\/#organization","name":"Biblioth\u00e8que Virtuelle de la RDC","url":"https:\/\/congovirtuel.com\/information\/","logo":{"@type":"ImageObject","inLanguage":"fr-FR","@id":"https:\/\/congovirtuel.com\/information\/#\/schema\/logo\/image\/","url":"https:\/\/congovirtuel.com\/information\/wp-content\/uploads\/2018\/10\/header-info-congovirtuel-vraie.jpg","contentUrl":"https:\/\/congovirtuel.com\/information\/wp-content\/uploads\/2018\/10\/header-info-congovirtuel-vraie.jpg","width":728,"height":90,"caption":"Biblioth\u00e8que Virtuelle de la RDC"},"image":{"@id":"https:\/\/congovirtuel.com\/information\/#\/schema\/logo\/image\/"},"sameAs":["https:\/\/web.facebook.com\/Congovirtuel-763617960319601\/?ref=aymt_homepage_panel&amp;amp;amp;amp;amp;amp;amp;amp;amp;amp;amp;eid=ARCoxULa66767kIgF_KYav6VdjXTI4yk_LW4yoVO9s6NXpysgb7Cb65vpxcxgqzOAKvIbLQxaAETcqHT","https:\/\/x.com\/congovirtuel","https:\/\/www.youtube.com\/channel\/UCkFfprYzGgS3EWNpeMXpToQ?view_as=subscriber"]},{"@type":"Person","@id":"https:\/\/congovirtuel.com\/information\/#\/schema\/person\/739a44bf7990966cb53d58d2fdeca0b6","name":"infocongovirtuel","image":{"@type":"ImageObject","inLanguage":"fr-FR","@id":"https:\/\/secure.gravatar.com\/avatar\/4d76991aa72469f0eb22e772586c99113c6997f88da636a9db8f2ce3a2c05e69?s=96&d=mm&r=g","url":"https:\/\/secure.gravatar.com\/avatar\/4d76991aa72469f0eb22e772586c99113c6997f88da636a9db8f2ce3a2c05e69?s=96&d=mm&r=g","contentUrl":"https:\/\/secure.gravatar.com\/avatar\/4d76991aa72469f0eb22e772586c99113c6997f88da636a9db8f2ce3a2c05e69?s=96&d=mm&r=g","caption":"infocongovirtuel"},"url":"https:\/\/congovirtuel.com\/information\/author\/infocongovirtuel\/"}]}},"gt_translate_keys":[{"key":"link","format":"url"}],"_links":{"self":[{"href":"https:\/\/congovirtuel.com\/information\/wp-json\/wp\/v2\/posts\/21916","targetHints":{"allow":["GET"]}}],"collection":[{"href":"https:\/\/congovirtuel.com\/information\/wp-json\/wp\/v2\/posts"}],"about":[{"href":"https:\/\/congovirtuel.com\/information\/wp-json\/wp\/v2\/types\/post"}],"author":[{"embeddable":true,"href":"https:\/\/congovirtuel.com\/information\/wp-json\/wp\/v2\/users\/1"}],"replies":[{"embeddable":true,"href":"https:\/\/congovirtuel.com\/information\/wp-json\/wp\/v2\/comments?post=21916"}],"version-history":[{"count":1,"href":"https:\/\/congovirtuel.com\/information\/wp-json\/wp\/v2\/posts\/21916\/revisions"}],"predecessor-version":[{"id":21917,"href":"https:\/\/congovirtuel.com\/information\/wp-json\/wp\/v2\/posts\/21916\/revisions\/21917"}],"wp:featuredmedia":[{"embeddable":true,"href":"https:\/\/congovirtuel.com\/information\/wp-json\/wp\/v2\/media\/21915"}],"wp:attachment":[{"href":"https:\/\/congovirtuel.com\/information\/wp-json\/wp\/v2\/media?parent=21916"}],"wp:term":[{"taxonomy":"category","embeddable":true,"href":"https:\/\/congovirtuel.com\/information\/wp-json\/wp\/v2\/categories?post=21916"},{"taxonomy":"post_tag","embeddable":true,"href":"https:\/\/congovirtuel.com\/information\/wp-json\/wp\/v2\/tags?post=21916"}],"curies":[{"name":"wp","href":"https:\/\/api.w.org\/{rel}","templated":true}]}}