{"id":21964,"date":"2023-03-07T14:51:37","date_gmt":"2023-03-07T13:51:37","guid":{"rendered":"https:\/\/congovirtuel.com\/information\/?p=21964"},"modified":"2023-03-07T14:51:37","modified_gmt":"2023-03-07T13:51:37","slug":"rdc-le-fcc-exige-la-suspension-du-processus-denrolement","status":"publish","type":"post","link":"https:\/\/congovirtuel.com\/information\/rdc-le-fcc-exige-la-suspension-du-processus-denrolement\/","title":{"rendered":"RDC : Le FCC exige la suspension du processus d\u2019enr\u00f4lement","gt_translate_keys":[{"key":"rendered","format":"text"}]},"content":{"rendered":"<article class=\"post-58698 post type-post status-publish format-standard has-post-thumbnail hentry category-a-la-une category-la-tempete-des-tropiques category-nation category-politique\">\n<div class=\"simple-text size-4 tt-content title-droid margin-big\">\n<p>Le Front commun pour le Congo (FCC) a exig\u00e9, hier lundi 5 mars , la suspension du processus d\u2019enr\u00f4lement des \u00e9lecteurs en cours dans le pays, au cours d\u2019une rencontre organis\u00e9e par le Centre Carter dans son si\u00e8ge \u00e0 Kinshasa.<\/p>\n<p>\u201cMais de toute \u00e9vidence, le contexte s\u00e9curitaire actuel de notre pays ne permet pas \u00e0 pr\u00e8s de 14 millions d\u2019\u00e9lecteurs de l\u2019EST de pouvoir s\u2019enr\u00f4ler en toute s\u00e9curit\u00e9 dans leurs milieux de vie\u201d, a d\u00e9clar\u00e9 le secr\u00e9taire ex\u00e9cutif du Parti politique pour la reconstruction et la d\u00e9mocratie (PPRD), Emmanuel Shadari, qui a conduit la d\u00e9l\u00e9gation du FCC, en l\u2019absence du pr\u00e9sident de la Cellule de crise de cette plateforme politique de l\u2019opposition congolaise, Raymond Tshibanda.<\/p>\n<p>Les membres du FCC, qui ont \u00e9chang\u00e9 avec les experts du Centre Carter, ont aussi relev\u00e9 que \u201cla constitution de la RDC stipule clairement que chaque Congolais, ayant atteint l\u2019\u00e2ge requis, a le droit de participer aux \u00e9lections et de choisir ses dirigeants\u201d.<br \/>\nC\u2019est pourquoi, ils ont propos\u00e9 que la s\u00e9curit\u00e9 soit totalement r\u00e9tablie dans cette partie du pays, afin de permettre l\u2019organisation des \u00e9lections sur toute l\u2019\u00e9tendue de la R\u00e9publique D\u00e9mocratique du Congo.<\/p>\n<p>Il sied de souligner que c\u2019est depuis le 24 d\u00e9cembre 20222 que la Commission \u00e9lectorale nationale ind\u00e9pendante (CENI) avait lanc\u00e9 les op\u00e9rations d\u2019identification et d\u2019enr\u00f4lement, qui se sont tenues dans un premier temps dans l\u2019aire op\u00e9rationnelle 1 (AO1), qui se poursuivent dans l\u2019aire op\u00e9rationnelle 2 (AO2) et qui viennent r\u00e9cemment d\u2019\u00eatre lanc\u00e9es dans l\u2019aire op\u00e9rationnelle 3 (AO3).<\/p>\n<p>Pour de nombreux observateurs avertis, les membres du FCC, qui proposent la suspension de l\u2019op\u00e9ration d\u2019enr\u00f4lement, cherchent par tous les moyens \u201cle glissement du processus \u00e9lectoral\u201d, une occasion de voir le r\u00e9gime de Kinshasa organiser un \u201cdialogue\u201d afin qu\u2019ils soient int\u00e9gr\u00e9s notamment dans le Gouvernement.<\/p>\n<p>CNTV<\/p>\n<\/div>\n<\/article>\n","protected":false,"gt_translate_keys":[{"key":"rendered","format":"html"}]},"excerpt":{"rendered":"<p>Le Front commun pour le Congo (FCC) a exig\u00e9, hier lundi 5 mars , la suspension du processus d\u2019enr\u00f4lement des \u00e9lecteurs en cours dans le pays, au cours d\u2019une rencontre organis\u00e9e par le Centre Carter dans son si\u00e8ge \u00e0 Kinshasa. \u201cMais de toute \u00e9vidence, le contexte s\u00e9curitaire actuel de notre pays ne permet pas \u00e0 pr\u00e8s de 14 millions d\u2019\u00e9lecteurs de l\u2019EST de pouvoir s\u2019enr\u00f4ler en toute s\u00e9curit\u00e9 dans leurs milieux de vie\u201d, a d\u00e9clar\u00e9 le secr\u00e9taire ex\u00e9cutif du Parti politique pour la reconstruction et la d\u00e9mocratie (PPRD), Emmanuel Shadari,&hellip;<\/p>\n","protected":false,"gt_translate_keys":[{"key":"rendered","format":"html"}]},"author":1,"featured_media":21963,"comment_status":"open","ping_status":"open","sticky":false,"template":"","format":"standard","meta":{"_crdt_document":"","footnotes":""},"categories":[1260],"tags":[37891,37892],"class_list":["post-21964","post","type-post","status-publish","format-standard","has-post-thumbnail","hentry","category-opposition","tag-position-fcc-enrolement","tag-shadary-emmanuel"],"gutentor_comment":0,"yoast_head":"<!-- This site is optimized with the Yoast SEO plugin v27.5 - https:\/\/yoast.com\/product\/yoast-seo-wordpress\/ -->\n<title>RDC : Le FCC exige la suspension du processus d\u2019enr\u00f4lement - Actualit\u00e9s congolaises et internationales<\/title>\n<meta name=\"robots\" content=\"index, follow, max-snippet:-1, max-image-preview:large, max-video-preview:-1\" \/>\n<link rel=\"canonical\" href=\"https:\/\/congovirtuel.com\/information\/rdc-le-fcc-exige-la-suspension-du-processus-denrolement\/\" \/>\n<meta property=\"og:locale\" content=\"fr_FR\" \/>\n<meta property=\"og:type\" content=\"article\" \/>\n<meta property=\"og:title\" content=\"RDC : Le FCC exige la suspension du processus d\u2019enr\u00f4lement - Actualit\u00e9s congolaises et internationales\" \/>\n<meta property=\"og:description\" content=\"Le Front commun pour le Congo (FCC) a exig\u00e9, hier lundi 5 mars , la suspension du processus d\u2019enr\u00f4lement des \u00e9lecteurs en cours dans le pays, au cours d\u2019une rencontre organis\u00e9e par le Centre Carter dans son si\u00e8ge \u00e0 Kinshasa. \u201cMais de toute \u00e9vidence, le contexte s\u00e9curitaire actuel de notre pays ne permet pas \u00e0 pr\u00e8s de 14 millions d\u2019\u00e9lecteurs de l\u2019EST de pouvoir s\u2019enr\u00f4ler en toute s\u00e9curit\u00e9 dans leurs milieux de vie\u201d, a d\u00e9clar\u00e9 le secr\u00e9taire ex\u00e9cutif du Parti politique pour la reconstruction et la d\u00e9mocratie (PPRD), Emmanuel Shadari,&hellip;\" \/>\n<meta property=\"og:url\" content=\"https:\/\/congovirtuel.com\/information\/rdc-le-fcc-exige-la-suspension-du-processus-denrolement\/\" \/>\n<meta property=\"og:site_name\" content=\"Actualit\u00e9s congolaises et internationales\" \/>\n<meta property=\"article:publisher\" content=\"https:\/\/web.facebook.com\/Congovirtuel-763617960319601\/?ref=aymt_homepage_panel&amp;amp%3bamp%3bamp%3bamp%3bamp%3bamp%3bamp%3bamp%3bamp%3bamp%3bamp%3beid=ARCoxULa66767kIgF_KYav6VdjXTI4yk_LW4yoVO9s6NXpysgb7Cb65vpxcxgqzOAKvIbLQxaAETcqHT\" \/>\n<meta property=\"article:published_time\" content=\"2023-03-07T13:51:37+00:00\" \/>\n<meta property=\"og:image\" content=\"https:\/\/congovirtuel.com\/information\/wp-content\/uploads\/2023\/03\/conclave_FCC-700-x-350.jpg\" \/>\n\t<meta property=\"og:image:width\" content=\"700\" \/>\n\t<meta property=\"og:image:height\" content=\"350\" \/>\n\t<meta property=\"og:image:type\" content=\"image\/jpeg\" \/>\n<meta name=\"author\" content=\"infocongovirtuel\" \/>\n<meta name=\"twitter:card\" content=\"summary_large_image\" \/>\n<meta name=\"twitter:creator\" content=\"@congovirtuel\" \/>\n<meta name=\"twitter:site\" content=\"@congovirtuel\" \/>\n<meta name=\"twitter:label1\" content=\"\u00c9crit par\" \/>\n\t<meta name=\"twitter:data1\" content=\"infocongovirtuel\" \/>\n\t<meta name=\"twitter:label2\" content=\"Dur\u00e9e de lecture estim\u00e9e\" \/>\n\t<meta name=\"twitter:data2\" content=\"2 minutes\" \/>\n<script type=\"application\/ld+json\" class=\"yoast-schema-graph\">{\"@context\":\"https:\\\/\\\/schema.org\",\"@graph\":[{\"@type\":\"Article\",\"@id\":\"https:\\\/\\\/congovirtuel.com\\\/information\\\/rdc-le-fcc-exige-la-suspension-du-processus-denrolement\\\/#article\",\"isPartOf\":{\"@id\":\"https:\\\/\\\/congovirtuel.com\\\/information\\\/rdc-le-fcc-exige-la-suspension-du-processus-denrolement\\\/\"},\"author\":{\"name\":\"infocongovirtuel\",\"@id\":\"https:\\\/\\\/congovirtuel.com\\\/information\\\/#\\\/schema\\\/person\\\/739a44bf7990966cb53d58d2fdeca0b6\"},\"headline\":\"RDC : Le FCC exige la suspension du processus d\u2019enr\u00f4lement\",\"datePublished\":\"2023-03-07T13:51:37+00:00\",\"mainEntityOfPage\":{\"@id\":\"https:\\\/\\\/congovirtuel.com\\\/information\\\/rdc-le-fcc-exige-la-suspension-du-processus-denrolement\\\/\"},\"wordCount\":346,\"commentCount\":0,\"publisher\":{\"@id\":\"https:\\\/\\\/congovirtuel.com\\\/information\\\/#organization\"},\"image\":{\"@id\":\"https:\\\/\\\/congovirtuel.com\\\/information\\\/rdc-le-fcc-exige-la-suspension-du-processus-denrolement\\\/#primaryimage\"},\"thumbnailUrl\":\"https:\\\/\\\/congovirtuel.com\\\/information\\\/wp-content\\\/uploads\\\/2023\\\/03\\\/conclave_FCC-700-x-350.jpg\",\"keywords\":[\"position FCC enr\u00f4lement\",\"Shadary Emmanuel\"],\"articleSection\":[\"Opposition\"],\"inLanguage\":\"fr-FR\",\"potentialAction\":[{\"@type\":\"CommentAction\",\"name\":\"Comment\",\"target\":[\"https:\\\/\\\/congovirtuel.com\\\/information\\\/rdc-le-fcc-exige-la-suspension-du-processus-denrolement\\\/#respond\"]}]},{\"@type\":\"WebPage\",\"@id\":\"https:\\\/\\\/congovirtuel.com\\\/information\\\/rdc-le-fcc-exige-la-suspension-du-processus-denrolement\\\/\",\"url\":\"https:\\\/\\\/congovirtuel.com\\\/information\\\/rdc-le-fcc-exige-la-suspension-du-processus-denrolement\\\/\",\"name\":\"RDC : Le FCC exige la suspension du processus d\u2019enr\u00f4lement - Actualit\u00e9s congolaises et internationales\",\"isPartOf\":{\"@id\":\"https:\\\/\\\/congovirtuel.com\\\/information\\\/#website\"},\"primaryImageOfPage\":{\"@id\":\"https:\\\/\\\/congovirtuel.com\\\/information\\\/rdc-le-fcc-exige-la-suspension-du-processus-denrolement\\\/#primaryimage\"},\"image\":{\"@id\":\"https:\\\/\\\/congovirtuel.com\\\/information\\\/rdc-le-fcc-exige-la-suspension-du-processus-denrolement\\\/#primaryimage\"},\"thumbnailUrl\":\"https:\\\/\\\/congovirtuel.com\\\/information\\\/wp-content\\\/uploads\\\/2023\\\/03\\\/conclave_FCC-700-x-350.jpg\",\"datePublished\":\"2023-03-07T13:51:37+00:00\",\"breadcrumb\":{\"@id\":\"https:\\\/\\\/congovirtuel.com\\\/information\\\/rdc-le-fcc-exige-la-suspension-du-processus-denrolement\\\/#breadcrumb\"},\"inLanguage\":\"fr-FR\",\"potentialAction\":[{\"@type\":\"ReadAction\",\"target\":[\"https:\\\/\\\/congovirtuel.com\\\/information\\\/rdc-le-fcc-exige-la-suspension-du-processus-denrolement\\\/\"]}]},{\"@type\":\"ImageObject\",\"inLanguage\":\"fr-FR\",\"@id\":\"https:\\\/\\\/congovirtuel.com\\\/information\\\/rdc-le-fcc-exige-la-suspension-du-processus-denrolement\\\/#primaryimage\",\"url\":\"https:\\\/\\\/congovirtuel.com\\\/information\\\/wp-content\\\/uploads\\\/2023\\\/03\\\/conclave_FCC-700-x-350.jpg\",\"contentUrl\":\"https:\\\/\\\/congovirtuel.com\\\/information\\\/wp-content\\\/uploads\\\/2023\\\/03\\\/conclave_FCC-700-x-350.jpg\",\"width\":700,\"height\":350},{\"@type\":\"BreadcrumbList\",\"@id\":\"https:\\\/\\\/congovirtuel.com\\\/information\\\/rdc-le-fcc-exige-la-suspension-du-processus-denrolement\\\/#breadcrumb\",\"itemListElement\":[{\"@type\":\"ListItem\",\"position\":1,\"name\":\"Accueil\",\"item\":\"https:\\\/\\\/congovirtuel.com\\\/information\\\/\"},{\"@type\":\"ListItem\",\"position\":2,\"name\":\"RDC : Le FCC exige la suspension du processus d\u2019enr\u00f4lement\"}]},{\"@type\":\"WebSite\",\"@id\":\"https:\\\/\\\/congovirtuel.com\\\/information\\\/#website\",\"url\":\"https:\\\/\\\/congovirtuel.com\\\/information\\\/\",\"name\":\"Actualit\u00e9s congolaises et internationales\",\"description\":\"site d&#039;analyse et de traitement d&#039;information\",\"publisher\":{\"@id\":\"https:\\\/\\\/congovirtuel.com\\\/information\\\/#organization\"},\"potentialAction\":[{\"@type\":\"SearchAction\",\"target\":{\"@type\":\"EntryPoint\",\"urlTemplate\":\"https:\\\/\\\/congovirtuel.com\\\/information\\\/?s={search_term_string}\"},\"query-input\":{\"@type\":\"PropertyValueSpecification\",\"valueRequired\":true,\"valueName\":\"search_term_string\"}}],\"inLanguage\":\"fr-FR\"},{\"@type\":\"Organization\",\"@id\":\"https:\\\/\\\/congovirtuel.com\\\/information\\\/#organization\",\"name\":\"Biblioth\u00e8que Virtuelle de la RDC\",\"url\":\"https:\\\/\\\/congovirtuel.com\\\/information\\\/\",\"logo\":{\"@type\":\"ImageObject\",\"inLanguage\":\"fr-FR\",\"@id\":\"https:\\\/\\\/congovirtuel.com\\\/information\\\/#\\\/schema\\\/logo\\\/image\\\/\",\"url\":\"https:\\\/\\\/congovirtuel.com\\\/information\\\/wp-content\\\/uploads\\\/2018\\\/10\\\/header-info-congovirtuel-vraie.jpg\",\"contentUrl\":\"https:\\\/\\\/congovirtuel.com\\\/information\\\/wp-content\\\/uploads\\\/2018\\\/10\\\/header-info-congovirtuel-vraie.jpg\",\"width\":728,\"height\":90,\"caption\":\"Biblioth\u00e8que Virtuelle de la RDC\"},\"image\":{\"@id\":\"https:\\\/\\\/congovirtuel.com\\\/information\\\/#\\\/schema\\\/logo\\\/image\\\/\"},\"sameAs\":[\"https:\\\/\\\/web.facebook.com\\\/Congovirtuel-763617960319601\\\/?ref=aymt_homepage_panel&amp;amp;amp;amp;amp;amp;amp;amp;amp;amp;amp;eid=ARCoxULa66767kIgF_KYav6VdjXTI4yk_LW4yoVO9s6NXpysgb7Cb65vpxcxgqzOAKvIbLQxaAETcqHT\",\"https:\\\/\\\/x.com\\\/congovirtuel\",\"https:\\\/\\\/www.youtube.com\\\/channel\\\/UCkFfprYzGgS3EWNpeMXpToQ?view_as=subscriber\"]},{\"@type\":\"Person\",\"@id\":\"https:\\\/\\\/congovirtuel.com\\\/information\\\/#\\\/schema\\\/person\\\/739a44bf7990966cb53d58d2fdeca0b6\",\"name\":\"infocongovirtuel\",\"image\":{\"@type\":\"ImageObject\",\"inLanguage\":\"fr-FR\",\"@id\":\"https:\\\/\\\/secure.gravatar.com\\\/avatar\\\/4d76991aa72469f0eb22e772586c99113c6997f88da636a9db8f2ce3a2c05e69?s=96&d=mm&r=g\",\"url\":\"https:\\\/\\\/secure.gravatar.com\\\/avatar\\\/4d76991aa72469f0eb22e772586c99113c6997f88da636a9db8f2ce3a2c05e69?s=96&d=mm&r=g\",\"contentUrl\":\"https:\\\/\\\/secure.gravatar.com\\\/avatar\\\/4d76991aa72469f0eb22e772586c99113c6997f88da636a9db8f2ce3a2c05e69?s=96&d=mm&r=g\",\"caption\":\"infocongovirtuel\"},\"url\":\"https:\\\/\\\/congovirtuel.com\\\/information\\\/author\\\/infocongovirtuel\\\/\"}]}<\/script>\n<!-- \/ Yoast SEO plugin. -->","yoast_head_json":{"title":"RDC : Le FCC exige la suspension du processus d\u2019enr\u00f4lement - Actualit\u00e9s congolaises et internationales","robots":{"index":"index","follow":"follow","max-snippet":"max-snippet:-1","max-image-preview":"max-image-preview:large","max-video-preview":"max-video-preview:-1"},"canonical":"https:\/\/congovirtuel.com\/information\/rdc-le-fcc-exige-la-suspension-du-processus-denrolement\/","og_locale":"fr_FR","og_type":"article","og_title":"RDC : Le FCC exige la suspension du processus d\u2019enr\u00f4lement - Actualit\u00e9s congolaises et internationales","og_description":"Le Front commun pour le Congo (FCC) a exig\u00e9, hier lundi 5 mars , la suspension du processus d\u2019enr\u00f4lement des \u00e9lecteurs en cours dans le pays, au cours d\u2019une rencontre organis\u00e9e par le Centre Carter dans son si\u00e8ge \u00e0 Kinshasa. \u201cMais de toute \u00e9vidence, le contexte s\u00e9curitaire actuel de notre pays ne permet pas \u00e0 pr\u00e8s de 14 millions d\u2019\u00e9lecteurs de l\u2019EST de pouvoir s\u2019enr\u00f4ler en toute s\u00e9curit\u00e9 dans leurs milieux de vie\u201d, a d\u00e9clar\u00e9 le secr\u00e9taire ex\u00e9cutif du Parti politique pour la reconstruction et la d\u00e9mocratie (PPRD), Emmanuel Shadari,&hellip;","og_url":"https:\/\/congovirtuel.com\/information\/rdc-le-fcc-exige-la-suspension-du-processus-denrolement\/","og_site_name":"Actualit\u00e9s congolaises et internationales","article_publisher":"https:\/\/web.facebook.com\/Congovirtuel-763617960319601\/?ref=aymt_homepage_panel&amp%3bamp%3bamp%3bamp%3bamp%3bamp%3bamp%3bamp%3bamp%3bamp%3bamp%3beid=ARCoxULa66767kIgF_KYav6VdjXTI4yk_LW4yoVO9s6NXpysgb7Cb65vpxcxgqzOAKvIbLQxaAETcqHT","article_published_time":"2023-03-07T13:51:37+00:00","og_image":[{"width":700,"height":350,"url":"https:\/\/congovirtuel.com\/information\/wp-content\/uploads\/2023\/03\/conclave_FCC-700-x-350.jpg","type":"image\/jpeg"}],"author":"infocongovirtuel","twitter_card":"summary_large_image","twitter_creator":"@congovirtuel","twitter_site":"@congovirtuel","twitter_misc":{"\u00c9crit par":"infocongovirtuel","Dur\u00e9e de lecture estim\u00e9e":"2 minutes"},"schema":{"@context":"https:\/\/schema.org","@graph":[{"@type":"Article","@id":"https:\/\/congovirtuel.com\/information\/rdc-le-fcc-exige-la-suspension-du-processus-denrolement\/#article","isPartOf":{"@id":"https:\/\/congovirtuel.com\/information\/rdc-le-fcc-exige-la-suspension-du-processus-denrolement\/"},"author":{"name":"infocongovirtuel","@id":"https:\/\/congovirtuel.com\/information\/#\/schema\/person\/739a44bf7990966cb53d58d2fdeca0b6"},"headline":"RDC : Le FCC exige la suspension du processus d\u2019enr\u00f4lement","datePublished":"2023-03-07T13:51:37+00:00","mainEntityOfPage":{"@id":"https:\/\/congovirtuel.com\/information\/rdc-le-fcc-exige-la-suspension-du-processus-denrolement\/"},"wordCount":346,"commentCount":0,"publisher":{"@id":"https:\/\/congovirtuel.com\/information\/#organization"},"image":{"@id":"https:\/\/congovirtuel.com\/information\/rdc-le-fcc-exige-la-suspension-du-processus-denrolement\/#primaryimage"},"thumbnailUrl":"https:\/\/congovirtuel.com\/information\/wp-content\/uploads\/2023\/03\/conclave_FCC-700-x-350.jpg","keywords":["position FCC enr\u00f4lement","Shadary Emmanuel"],"articleSection":["Opposition"],"inLanguage":"fr-FR","potentialAction":[{"@type":"CommentAction","name":"Comment","target":["https:\/\/congovirtuel.com\/information\/rdc-le-fcc-exige-la-suspension-du-processus-denrolement\/#respond"]}]},{"@type":"WebPage","@id":"https:\/\/congovirtuel.com\/information\/rdc-le-fcc-exige-la-suspension-du-processus-denrolement\/","url":"https:\/\/congovirtuel.com\/information\/rdc-le-fcc-exige-la-suspension-du-processus-denrolement\/","name":"RDC : Le FCC exige la suspension du processus d\u2019enr\u00f4lement - Actualit\u00e9s congolaises et internationales","isPartOf":{"@id":"https:\/\/congovirtuel.com\/information\/#website"},"primaryImageOfPage":{"@id":"https:\/\/congovirtuel.com\/information\/rdc-le-fcc-exige-la-suspension-du-processus-denrolement\/#primaryimage"},"image":{"@id":"https:\/\/congovirtuel.com\/information\/rdc-le-fcc-exige-la-suspension-du-processus-denrolement\/#primaryimage"},"thumbnailUrl":"https:\/\/congovirtuel.com\/information\/wp-content\/uploads\/2023\/03\/conclave_FCC-700-x-350.jpg","datePublished":"2023-03-07T13:51:37+00:00","breadcrumb":{"@id":"https:\/\/congovirtuel.com\/information\/rdc-le-fcc-exige-la-suspension-du-processus-denrolement\/#breadcrumb"},"inLanguage":"fr-FR","potentialAction":[{"@type":"ReadAction","target":["https:\/\/congovirtuel.com\/information\/rdc-le-fcc-exige-la-suspension-du-processus-denrolement\/"]}]},{"@type":"ImageObject","inLanguage":"fr-FR","@id":"https:\/\/congovirtuel.com\/information\/rdc-le-fcc-exige-la-suspension-du-processus-denrolement\/#primaryimage","url":"https:\/\/congovirtuel.com\/information\/wp-content\/uploads\/2023\/03\/conclave_FCC-700-x-350.jpg","contentUrl":"https:\/\/congovirtuel.com\/information\/wp-content\/uploads\/2023\/03\/conclave_FCC-700-x-350.jpg","width":700,"height":350},{"@type":"BreadcrumbList","@id":"https:\/\/congovirtuel.com\/information\/rdc-le-fcc-exige-la-suspension-du-processus-denrolement\/#breadcrumb","itemListElement":[{"@type":"ListItem","position":1,"name":"Accueil","item":"https:\/\/congovirtuel.com\/information\/"},{"@type":"ListItem","position":2,"name":"RDC : Le FCC exige la suspension du processus d\u2019enr\u00f4lement"}]},{"@type":"WebSite","@id":"https:\/\/congovirtuel.com\/information\/#website","url":"https:\/\/congovirtuel.com\/information\/","name":"Actualit\u00e9s congolaises et internationales","description":"site d&#039;analyse et de traitement d&#039;information","publisher":{"@id":"https:\/\/congovirtuel.com\/information\/#organization"},"potentialAction":[{"@type":"SearchAction","target":{"@type":"EntryPoint","urlTemplate":"https:\/\/congovirtuel.com\/information\/?s={search_term_string}"},"query-input":{"@type":"PropertyValueSpecification","valueRequired":true,"valueName":"search_term_string"}}],"inLanguage":"fr-FR"},{"@type":"Organization","@id":"https:\/\/congovirtuel.com\/information\/#organization","name":"Biblioth\u00e8que Virtuelle de la RDC","url":"https:\/\/congovirtuel.com\/information\/","logo":{"@type":"ImageObject","inLanguage":"fr-FR","@id":"https:\/\/congovirtuel.com\/information\/#\/schema\/logo\/image\/","url":"https:\/\/congovirtuel.com\/information\/wp-content\/uploads\/2018\/10\/header-info-congovirtuel-vraie.jpg","contentUrl":"https:\/\/congovirtuel.com\/information\/wp-content\/uploads\/2018\/10\/header-info-congovirtuel-vraie.jpg","width":728,"height":90,"caption":"Biblioth\u00e8que Virtuelle de la RDC"},"image":{"@id":"https:\/\/congovirtuel.com\/information\/#\/schema\/logo\/image\/"},"sameAs":["https:\/\/web.facebook.com\/Congovirtuel-763617960319601\/?ref=aymt_homepage_panel&amp;amp;amp;amp;amp;amp;amp;amp;amp;amp;amp;eid=ARCoxULa66767kIgF_KYav6VdjXTI4yk_LW4yoVO9s6NXpysgb7Cb65vpxcxgqzOAKvIbLQxaAETcqHT","https:\/\/x.com\/congovirtuel","https:\/\/www.youtube.com\/channel\/UCkFfprYzGgS3EWNpeMXpToQ?view_as=subscriber"]},{"@type":"Person","@id":"https:\/\/congovirtuel.com\/information\/#\/schema\/person\/739a44bf7990966cb53d58d2fdeca0b6","name":"infocongovirtuel","image":{"@type":"ImageObject","inLanguage":"fr-FR","@id":"https:\/\/secure.gravatar.com\/avatar\/4d76991aa72469f0eb22e772586c99113c6997f88da636a9db8f2ce3a2c05e69?s=96&d=mm&r=g","url":"https:\/\/secure.gravatar.com\/avatar\/4d76991aa72469f0eb22e772586c99113c6997f88da636a9db8f2ce3a2c05e69?s=96&d=mm&r=g","contentUrl":"https:\/\/secure.gravatar.com\/avatar\/4d76991aa72469f0eb22e772586c99113c6997f88da636a9db8f2ce3a2c05e69?s=96&d=mm&r=g","caption":"infocongovirtuel"},"url":"https:\/\/congovirtuel.com\/information\/author\/infocongovirtuel\/"}]}},"gt_translate_keys":[{"key":"link","format":"url"}],"_links":{"self":[{"href":"https:\/\/congovirtuel.com\/information\/wp-json\/wp\/v2\/posts\/21964","targetHints":{"allow":["GET"]}}],"collection":[{"href":"https:\/\/congovirtuel.com\/information\/wp-json\/wp\/v2\/posts"}],"about":[{"href":"https:\/\/congovirtuel.com\/information\/wp-json\/wp\/v2\/types\/post"}],"author":[{"embeddable":true,"href":"https:\/\/congovirtuel.com\/information\/wp-json\/wp\/v2\/users\/1"}],"replies":[{"embeddable":true,"href":"https:\/\/congovirtuel.com\/information\/wp-json\/wp\/v2\/comments?post=21964"}],"version-history":[{"count":1,"href":"https:\/\/congovirtuel.com\/information\/wp-json\/wp\/v2\/posts\/21964\/revisions"}],"predecessor-version":[{"id":21965,"href":"https:\/\/congovirtuel.com\/information\/wp-json\/wp\/v2\/posts\/21964\/revisions\/21965"}],"wp:featuredmedia":[{"embeddable":true,"href":"https:\/\/congovirtuel.com\/information\/wp-json\/wp\/v2\/media\/21963"}],"wp:attachment":[{"href":"https:\/\/congovirtuel.com\/information\/wp-json\/wp\/v2\/media?parent=21964"}],"wp:term":[{"taxonomy":"category","embeddable":true,"href":"https:\/\/congovirtuel.com\/information\/wp-json\/wp\/v2\/categories?post=21964"},{"taxonomy":"post_tag","embeddable":true,"href":"https:\/\/congovirtuel.com\/information\/wp-json\/wp\/v2\/tags?post=21964"}],"curies":[{"name":"wp","href":"https:\/\/api.w.org\/{rel}","templated":true}]}}