{"id":21967,"date":"2023-03-07T15:15:05","date_gmt":"2023-03-07T14:15:05","guid":{"rendered":"https:\/\/congovirtuel.com\/information\/?p=21967"},"modified":"2023-03-07T15:31:59","modified_gmt":"2023-03-07T14:31:59","slug":"rdc-recit-john-numbi-et-le-belge-thierry-lakhanisky-projetaient-un-coup-detat-des-juin-2021","status":"publish","type":"post","link":"https:\/\/congovirtuel.com\/information\/rdc-recit-john-numbi-et-le-belge-thierry-lakhanisky-projetaient-un-coup-detat-des-juin-2021\/","title":{"rendered":"RDC &#8211; r\u00e9cit :  John Numbi et le Belge Thierry Lakhanisky projetaient un coup d\u2019Etat d\u00e8s juin 2021","gt_translate_keys":[{"key":"rendered","format":"text"}]},"content":{"rendered":"<div class=\"box-border flex w-full max-w-row flex-wrap justify-center bg-background-light dark:bg-background-dark py-6 sm:py-8 md:py-12\">\n<div class=\"container box-border max-w-container max-w-[720px] py-10 px-6 sm:py-8 sm:px-8 md:py-12 md:px-12\">\n<div class=\"js-block-text max-w-none text-content-900 prose leading-loose font-normal prose-headings:font-bold prose-a:font-semibold prose-strong:font-bold prose-li:text-18 prose-li:leading-32 dark:text-content-100 dark:prose-headings:text-content-100 dark:prose-a:bg-navy-blue-700 dark:prose-a:text-navy-blue-100 dark:prose-a:visited:bg-navy-blue-700 dark:prose-a:visited:text-teal-200 dark:prose-a:hover:bg-navy-blue-500 dark:prose-a:hover:text-navy-blue-100 dark:prose-a:focus:outline-focus dark:prose-blockquote:text-sand-100 dark:prose-code:text-sand-100 dark:prose-pre:bg-[#1f2227] dark:prose-pre:text-[#639bee] dark:prose-li:before:text-primary dark:prose-thead:bg-purple-500 dark:prose-thead:text-primary dark:prose-tr:border-b-purple-500 dark:prose-hr:border-navy-blue-800 md:prose-md lg:prose-lg lg:prose-h1:text-36 lg:prose-h1:leading-[2.75rem] lg:prose-h2:text-28 lg:prose-h2:leading-[2.125rem] lg:prose-h3:text-24 lg:prose-h3:leading-[1.8125rem] lg:prose-p:text-16 lg:prose-p:leading-32 lg:prose-blockquote:py-60 lg:prose-blockquote:pr-[5rem] lg:prose-blockquote:pl-[6rem] lg:prose-li:text-16 lg:prose-li:leading-32 first-letter:float-left first-letter:mt-[.2rem] first-letter:mr-0 first-letter:mb-0 first-letter:ml-[-.125rem] first-letter:pr-[.625rem] first-letter:text-60 first-letter:not-italic first-letter:leading-none first-letter:font-bold\">\n<div>\n<p>Le 13 septembre 2022, le Belge Thierry Lakhanisky, homme d\u2019affaires sp\u00e9cialiste des gros h\u00e9licopt\u00e8res de transport, \u00e9tait arr\u00eat\u00e9 pour son implication suppos\u00e9e dans le commerce d\u2019armes de guerre.\u00a0<a href=\"https:\/\/www.rtbf.be\/article\/un-intermediaire-belge-arrete-pour-son-implication-dans-le-commerce-darmes-de-guerre-11064625\">La RTBF r\u00e9v\u00e9lait alors les suspicions de la justice<\/a>\u00a0quant au r\u00f4le jou\u00e9 par cet entrepreneur de Lasne dans l\u2019acheminement de mat\u00e9riel militaire vers des pays frapp\u00e9s d\u2019embargo en Afrique et au Moyen-Orient.<\/p>\n<p>Pr\u00e8s de 6 mois plus tard, Thierry Lakhanisky est toujours incarc\u00e9r\u00e9 sous le r\u00e9gime de la d\u00e9tention pr\u00e9ventive \u00e0 la prison de Saint-Gilles. Trois personnes sont inculp\u00e9es dans ce dossier.<\/p>\n<\/div>\n<\/div>\n<\/div>\n<\/div>\n<div class=\"box-border flex w-full max-w-row flex-wrap justify-center bg-background-light dark:bg-background-dark py-6 sm:py-8 md:py-12\">\n<div class=\"container box-border max-w-container max-w-[720px] py-10 px-6 sm:py-8 sm:px-8 md:py-12 md:px-12\">\n<div class=\"js-block-text max-w-none text-content-900 prose leading-loose font-normal prose-headings:font-bold prose-a:font-semibold prose-strong:font-bold prose-li:text-18 prose-li:leading-32 dark:text-content-100 dark:prose-headings:text-content-100 dark:prose-a:bg-navy-blue-700 dark:prose-a:text-navy-blue-100 dark:prose-a:visited:bg-navy-blue-700 dark:prose-a:visited:text-teal-200 dark:prose-a:hover:bg-navy-blue-500 dark:prose-a:hover:text-navy-blue-100 dark:prose-a:focus:outline-focus dark:prose-blockquote:text-sand-100 dark:prose-code:text-sand-100 dark:prose-pre:bg-[#1f2227] dark:prose-pre:text-[#639bee] dark:prose-li:before:text-primary dark:prose-thead:bg-purple-500 dark:prose-thead:text-primary dark:prose-tr:border-b-purple-500 dark:prose-hr:border-navy-blue-800 md:prose-md lg:prose-lg lg:prose-h1:text-36 lg:prose-h1:leading-[2.75rem] lg:prose-h2:text-28 lg:prose-h2:leading-[2.125rem] lg:prose-h3:text-24 lg:prose-h3:leading-[1.8125rem] lg:prose-p:text-16 lg:prose-p:leading-32 lg:prose-blockquote:py-60 lg:prose-blockquote:pr-[5rem] lg:prose-blockquote:pl-[6rem] lg:prose-li:text-16 lg:prose-li:leading-32\">\n<h2 class=\"text-purple-900 dark:text-white\">Projet li\u00e9 \u00e0 un potentiel coup d\u2019\u00c9tat en RDC<\/h2>\n<\/div>\n<\/div>\n<\/div>\n<div class=\"box-border flex w-full max-w-row flex-wrap justify-center bg-background-light dark:bg-background-dark py-6 sm:py-8 md:py-12\">\n<div class=\"container box-border max-w-container max-w-[720px] py-10 px-6 sm:py-8 sm:px-8 md:py-12 md:px-12\">\n<div class=\"js-block-text max-w-none text-content-900 prose leading-loose font-normal prose-headings:font-bold prose-a:font-semibold prose-strong:font-bold prose-li:text-18 prose-li:leading-32 dark:text-content-100 dark:prose-headings:text-content-100 dark:prose-a:bg-navy-blue-700 dark:prose-a:text-navy-blue-100 dark:prose-a:visited:bg-navy-blue-700 dark:prose-a:visited:text-teal-200 dark:prose-a:hover:bg-navy-blue-500 dark:prose-a:hover:text-navy-blue-100 dark:prose-a:focus:outline-focus dark:prose-blockquote:text-sand-100 dark:prose-code:text-sand-100 dark:prose-pre:bg-[#1f2227] dark:prose-pre:text-[#639bee] dark:prose-li:before:text-primary dark:prose-thead:bg-purple-500 dark:prose-thead:text-primary dark:prose-tr:border-b-purple-500 dark:prose-hr:border-navy-blue-800 md:prose-md lg:prose-lg lg:prose-h1:text-36 lg:prose-h1:leading-[2.75rem] lg:prose-h2:text-28 lg:prose-h2:leading-[2.125rem] lg:prose-h3:text-24 lg:prose-h3:leading-[1.8125rem] lg:prose-p:text-16 lg:prose-p:leading-32 lg:prose-blockquote:py-60 lg:prose-blockquote:pr-[5rem] lg:prose-blockquote:pl-[6rem] lg:prose-li:text-16 lg:prose-li:leading-32\">\n<div>\n<p>Les enqu\u00eateurs se penchent principalement sur des faits datant de l\u2019\u00e9t\u00e9\u00a02021. Parmi les activit\u00e9s suspectes figurent celles li\u00e9es \u00e0 des vell\u00e9it\u00e9s de putsch en R\u00e9publique d\u00e9mocratique du Congo, selon des informations r\u00e9colt\u00e9es par la RTBF.<\/p>\n<p>Les termes du mandat d\u2019arr\u00eat d\u00e9cern\u00e9 le 14\u00a0septembre \u00e0 l\u2019\u00e9gard de Thierry Lakhanisky et d\u2019autres suspects font \u00e9tat\u00a0<em>\u00ab\u00a0des contacts et des liens qu\u2019ils paraissent entretenir avec l\u2019ex-g\u00e9n\u00e9ral Numbi, dans ce qui pourrait \u00eatre un\u00a0<a>projet li\u00e9 \u00e0 un potentiel coup d\u2019\u00c9tat\u00a0<\/a>organis\u00e9 par ledit g\u00e9n\u00e9ral, proche du clan Kabila, au Katanga\u00a0\u00bb.\u00a0<\/em>Les premi\u00e8res lignes du mandat mentionnent aussi des\u00a0<em>\u00ab\u00a0d\u00e9marches entreprises pour obtenir des cartes d\u2019\u00e9tat-major du Congo, de la Zambie et du Zimbabwe \u00e0 l\u2019\u00e9chelle 1\u00a0: 25 000\u00a0\u00bb.<\/em><\/p>\n<p>Thierry Lakhanisky se d\u00e9fend aujourd\u2019hui, par la voix de son avocat Emmanuel De Wagter, en avan\u00e7ant qu\u2019\u00a0\u00bb<em>il ne s\u2019agissait pas d\u2019armer des rebelles mais bien de s\u00e9curiser un r\u00e9f\u00e9rendum d\u2019initiative populaire au sujet de l\u2019ind\u00e9pendance du Katanga<\/em>\u00ab\u00a0.<\/p>\n<\/div>\n<\/div>\n<\/div>\n<\/div>\n<div class=\"box-border flex w-full max-w-row flex-wrap justify-center bg-background-light dark:bg-background-dark py-6 sm:py-8 md:py-12\">\n<div class=\"container box-border max-w-container max-w-[720px] py-10 px-6 sm:py-8 sm:px-8 md:py-12 md:px-12\">\n<div class=\"grid w-full grid-cols-1 rounded-md bg-card-light p-16 shadow-base dark:bg-card-dark md:p-20\">\n<div class=\"relative w-full aspect-w-16 aspect-h-9\">\n<div class=\"image_img-container--responsive-auto__gEj1I\"><img decoding=\"async\" class=\"image_img--responsive-auto__4s6x1\" src=\"https:\/\/ds.static.rtbf.be\/article\/image\/1920x1080\/b\/1\/b\/7f53f8c6c730af6aeb52e66eb74d8507-1678085681.jpg\" sizes=\"(min-width: 760px) 656px, calc(90.91vw - 17px)\" srcset=\"https:\/\/ds.static.rtbf.be\/article\/image\/180x100\/b\/1\/b\/7f53f8c6c730af6aeb52e66eb74d8507-1678085681.jpg 180w, https:\/\/ds.static.rtbf.be\/article\/image\/370x208\/b\/1\/b\/7f53f8c6c730af6aeb52e66eb74d8507-1678085681.jpg 370w, https:\/\/ds.static.rtbf.be\/article\/image\/770x433\/b\/1\/b\/7f53f8c6c730af6aeb52e66eb74d8507-1678085681.jpg 770w, https:\/\/ds.static.rtbf.be\/article\/image\/1248x702\/b\/1\/b\/7f53f8c6c730af6aeb52e66eb74d8507-1678085681.jpg 1248w, https:\/\/ds.static.rtbf.be\/article\/image\/1920x1080\/b\/1\/b\/7f53f8c6c730af6aeb52e66eb74d8507-1678085681.jpg 1920w\" alt=\"Le dossier judiciaire belge mentionne des informations \u00e0 propos d\u2019un projet de coup d\u2019\u00c9tat dans la r\u00e9gion mini\u00e8re du Katanga.\" data-nimg=\"fill\" \/><\/div>\n<\/div>\n<div class=\"pt-16 dark:text-white\"><span class=\"text-14 italic leading-normal font-normal\">Le dossier judiciaire belge mentionne des informations \u00e0 propos d\u2019un projet de coup d\u2019\u00c9tat dans la r\u00e9gion mini\u00e8re du Katanga.\u00a0\u00a9 Belga<\/span><\/div>\n<\/div>\n<\/div>\n<\/div>\n<div class=\"box-border flex w-full max-w-row flex-wrap justify-center bg-background-light dark:bg-background-dark py-6 sm:py-8 md:py-12\">\n<div class=\"container box-border max-w-container max-w-[720px] py-10 px-6 sm:py-8 sm:px-8 md:py-12 md:px-12\">\n<div class=\"js-block-text max-w-none text-content-900 prose leading-loose font-normal prose-headings:font-bold prose-a:font-semibold prose-strong:font-bold prose-li:text-18 prose-li:leading-32 dark:text-content-100 dark:prose-headings:text-content-100 dark:prose-a:bg-navy-blue-700 dark:prose-a:text-navy-blue-100 dark:prose-a:visited:bg-navy-blue-700 dark:prose-a:visited:text-teal-200 dark:prose-a:hover:bg-navy-blue-500 dark:prose-a:hover:text-navy-blue-100 dark:prose-a:focus:outline-focus dark:prose-blockquote:text-sand-100 dark:prose-code:text-sand-100 dark:prose-pre:bg-[#1f2227] dark:prose-pre:text-[#639bee] dark:prose-li:before:text-primary dark:prose-thead:bg-purple-500 dark:prose-thead:text-primary dark:prose-tr:border-b-purple-500 dark:prose-hr:border-navy-blue-800 md:prose-md lg:prose-lg lg:prose-h1:text-36 lg:prose-h1:leading-[2.75rem] lg:prose-h2:text-28 lg:prose-h2:leading-[2.125rem] lg:prose-h3:text-24 lg:prose-h3:leading-[1.8125rem] lg:prose-p:text-16 lg:prose-p:leading-32 lg:prose-blockquote:py-60 lg:prose-blockquote:pr-[5rem] lg:prose-blockquote:pl-[6rem] lg:prose-li:text-16 lg:prose-li:leading-32\">\n<div>\n<p>Le Katanga, au sud de la R\u00e9publique d\u00e9mocratique du Congo, est une r\u00e9gion riche en minerais comme le cuivre et le cobalt. Des mouvements s\u00e9paratistes militent de longue date, parfois avec les armes, pour l\u2019ind\u00e9pendance de cette partie du Congo. En\u00a01960, le Katanga avait fait s\u00e9cession, appuy\u00e9\u00a0notamment par le groupe belge \u00ab\u00a0Union mini\u00e8re du Haut Katanga\u00a0\u00bb, provoquant une guerre civile. Les ind\u00e9pendantistes b\u00e9n\u00e9ficiaient\u00a0\u00e0 l\u2019\u00e9poque du soutien de la Belgique qui poss\u00e8de au Katanga d\u2019importants int\u00e9r\u00eats \u00e9conomiques et strat\u00e9giques.<\/p>\n<\/div>\n<\/div>\n<\/div>\n<\/div>\n<div class=\"box-border flex w-full max-w-row flex-wrap justify-center bg-background-light dark:bg-background-dark py-6 sm:py-8 md:py-12\">\n<div class=\"container box-border max-w-container max-w-[720px] py-10 px-6 sm:py-8 sm:px-8 md:py-12 md:px-12\">\n<div class=\"js-block-text max-w-none text-content-900 prose leading-loose font-normal prose-headings:font-bold prose-a:font-semibold prose-strong:font-bold prose-li:text-18 prose-li:leading-32 dark:text-content-100 dark:prose-headings:text-content-100 dark:prose-a:bg-navy-blue-700 dark:prose-a:text-navy-blue-100 dark:prose-a:visited:bg-navy-blue-700 dark:prose-a:visited:text-teal-200 dark:prose-a:hover:bg-navy-blue-500 dark:prose-a:hover:text-navy-blue-100 dark:prose-a:focus:outline-focus dark:prose-blockquote:text-sand-100 dark:prose-code:text-sand-100 dark:prose-pre:bg-[#1f2227] dark:prose-pre:text-[#639bee] dark:prose-li:before:text-primary dark:prose-thead:bg-purple-500 dark:prose-thead:text-primary dark:prose-tr:border-b-purple-500 dark:prose-hr:border-navy-blue-800 md:prose-md lg:prose-lg lg:prose-h1:text-36 lg:prose-h1:leading-[2.75rem] lg:prose-h2:text-28 lg:prose-h2:leading-[2.125rem] lg:prose-h3:text-24 lg:prose-h3:leading-[1.8125rem] lg:prose-p:text-16 lg:prose-p:leading-32 lg:prose-blockquote:py-60 lg:prose-blockquote:pr-[5rem] lg:prose-blockquote:pl-[6rem] lg:prose-li:text-16 lg:prose-li:leading-32\">\n<h2 class=\"text-purple-900 dark:text-white\">Une enqu\u00eate men\u00e9e dans un contexte g\u00e9opolitique particulier<\/h2>\n<\/div>\n<\/div>\n<\/div>\n<div class=\"box-border flex w-full max-w-row flex-wrap justify-center bg-background-light dark:bg-background-dark py-6 sm:py-8 md:py-12\">\n<div class=\"container box-border max-w-container max-w-[720px] py-10 px-6 sm:py-8 sm:px-8 md:py-12 md:px-12\">\n<div class=\"js-block-text max-w-none text-content-900 prose leading-loose font-normal prose-headings:font-bold prose-a:font-semibold prose-strong:font-bold prose-li:text-18 prose-li:leading-32 dark:text-content-100 dark:prose-headings:text-content-100 dark:prose-a:bg-navy-blue-700 dark:prose-a:text-navy-blue-100 dark:prose-a:visited:bg-navy-blue-700 dark:prose-a:visited:text-teal-200 dark:prose-a:hover:bg-navy-blue-500 dark:prose-a:hover:text-navy-blue-100 dark:prose-a:focus:outline-focus dark:prose-blockquote:text-sand-100 dark:prose-code:text-sand-100 dark:prose-pre:bg-[#1f2227] dark:prose-pre:text-[#639bee] dark:prose-li:before:text-primary dark:prose-thead:bg-purple-500 dark:prose-thead:text-primary dark:prose-tr:border-b-purple-500 dark:prose-hr:border-navy-blue-800 md:prose-md lg:prose-lg lg:prose-h1:text-36 lg:prose-h1:leading-[2.75rem] lg:prose-h2:text-28 lg:prose-h2:leading-[2.125rem] lg:prose-h3:text-24 lg:prose-h3:leading-[1.8125rem] lg:prose-p:text-16 lg:prose-p:leading-32 lg:prose-blockquote:py-60 lg:prose-blockquote:pr-[5rem] lg:prose-blockquote:pl-[6rem] lg:prose-li:text-16 lg:prose-li:leading-32\">\n<div>\n<p>Originaire de l\u2019endroit, John Numbi a, par le pass\u00e9, occup\u00e9 les fonctions de chef de la police et de l\u2019inspection g\u00e9n\u00e9rale des forces arm\u00e9es congolaises. Aujourd\u2019hui, il est recherch\u00e9 par la justice de son pays. L\u2019ex-g\u00e9n\u00e9ral est suspect\u00e9 d\u2019avoir jou\u00e9 un r\u00f4le dans l\u2019<a href=\"https:\/\/www.rtbf.be\/article\/republique-democratique-du-congo-une-peine-de-mort-requise-pour-lassassinat-de-floribert-chebeya-et-fidele-bazana-10947414\">assassinat d\u2019un d\u00e9fenseur des droits humains et de son chauffeur en\u00a02010<\/a>. Les autorit\u00e9s d\u00e9sormais en place en RDC veulent aussi l\u2019entendre \u00e0 propos des charges de\u00a0<em>\u00ab\u00a0d\u00e9tention ill\u00e9gale d\u2019armes et munitions de guerre, association des malfaiteurs, d\u00e9sertion \u00e0 l\u2019\u00e9tranger et violation des consignes\u00a0\u00bb<\/em>,\u00a0<a href=\"https:\/\/www.rfi.fr\/fr\/afrique\/20221216-la-rdc-demande-au-zimbabwe-l-extradition-du-g%C3%A9n%C3%A9ral-john-numbi\">rapportait RFI (Radio France internationale)<\/a>\u00a0en d\u00e9cembre dernier.<\/p>\n<\/div>\n<\/div>\n<\/div>\n<\/div>\n<div class=\"box-border flex w-full max-w-row flex-wrap justify-center bg-background-light dark:bg-background-dark py-6 sm:py-8 md:py-12\">\n<div class=\"container box-border max-w-container max-w-[720px] py-10 px-6 sm:py-8 sm:px-8 md:py-12 md:px-12\">\n<section class=\"group relative flex w-full flex-wrap items-center rounded-md bg-white p-16 shadow-base hover:bg-navy-blue-100 focus:bg-navy-blue-100 dark:bg-navy-blue-800 dark:hover:bg-navy-blue-900 dark:focus:bg-navy-blue-900 outline outline-0 outline-offset-2 focus-within:outline-4 focus-within:outline-focus focus-within:dark:outline-white\/70\">\n<div class=\"order-2 flex items-center lg:order-3 lg:self-stretch\"><\/div>\n<\/section>\n<\/div>\n<\/div>\n<div class=\"box-border flex w-full max-w-row flex-wrap justify-center bg-background-light dark:bg-background-dark py-6 sm:py-8 md:py-12\">\n<div class=\"container box-border max-w-container max-w-[720px] py-10 px-6 sm:py-8 sm:px-8 md:py-12 md:px-12\">\n<div class=\"js-block-text max-w-none text-content-900 prose leading-loose font-normal prose-headings:font-bold prose-a:font-semibold prose-strong:font-bold prose-li:text-18 prose-li:leading-32 dark:text-content-100 dark:prose-headings:text-content-100 dark:prose-a:bg-navy-blue-700 dark:prose-a:text-navy-blue-100 dark:prose-a:visited:bg-navy-blue-700 dark:prose-a:visited:text-teal-200 dark:prose-a:hover:bg-navy-blue-500 dark:prose-a:hover:text-navy-blue-100 dark:prose-a:focus:outline-focus dark:prose-blockquote:text-sand-100 dark:prose-code:text-sand-100 dark:prose-pre:bg-[#1f2227] dark:prose-pre:text-[#639bee] dark:prose-li:before:text-primary dark:prose-thead:bg-purple-500 dark:prose-thead:text-primary dark:prose-tr:border-b-purple-500 dark:prose-hr:border-navy-blue-800 md:prose-md lg:prose-lg lg:prose-h1:text-36 lg:prose-h1:leading-[2.75rem] lg:prose-h2:text-28 lg:prose-h2:leading-[2.125rem] lg:prose-h3:text-24 lg:prose-h3:leading-[1.8125rem] lg:prose-p:text-16 lg:prose-p:leading-32 lg:prose-blockquote:py-60 lg:prose-blockquote:pr-[5rem] lg:prose-blockquote:pl-[6rem] lg:prose-li:text-16 lg:prose-li:leading-32\">\n<div>\n<p>La situation g\u00e9n\u00e9ralement instable au sud et \u00e0 l\u2019est de la RDC, la proximit\u00e9 des prochaines \u00e9lections pr\u00e9vues en fin d\u2019ann\u00e9e, l\u2019histoire du Katanga et de ses liens avec la Belgique, ainsi que la personnalit\u00e9 de John Numbi inscrivent le dossier dans un contexte g\u00e9opolitique particulier. D\u2019autant qu\u2019afin de mieux cerner les agissements de Thierry Lakhanisky et des autres suspects, les enqu\u00eateurs sont all\u00e9s fouiller jusque dans des bureaux de la D\u00e9fense.<\/p>\n<\/div>\n<div class=\"box-border flex w-full max-w-row flex-wrap justify-center bg-background-light dark:bg-background-dark py-6 sm:py-8 md:py-12\">\n<div class=\"container box-border max-w-container max-w-[720px] py-10 px-6 sm:py-8 sm:px-8 md:py-12 md:px-12\">\n<div class=\"js-block-text max-w-none text-content-900 prose leading-loose font-normal prose-headings:font-bold prose-a:font-semibold prose-strong:font-bold prose-li:text-18 prose-li:leading-32 dark:text-content-100 dark:prose-headings:text-content-100 dark:prose-a:bg-navy-blue-700 dark:prose-a:text-navy-blue-100 dark:prose-a:visited:bg-navy-blue-700 dark:prose-a:visited:text-teal-200 dark:prose-a:hover:bg-navy-blue-500 dark:prose-a:hover:text-navy-blue-100 dark:prose-a:focus:outline-focus dark:prose-blockquote:text-sand-100 dark:prose-code:text-sand-100 dark:prose-pre:bg-[#1f2227] dark:prose-pre:text-[#639bee] dark:prose-li:before:text-primary dark:prose-thead:bg-purple-500 dark:prose-thead:text-primary dark:prose-tr:border-b-purple-500 dark:prose-hr:border-navy-blue-800 md:prose-md lg:prose-lg lg:prose-h1:text-36 lg:prose-h1:leading-[2.75rem] lg:prose-h2:text-28 lg:prose-h2:leading-[2.125rem] lg:prose-h3:text-24 lg:prose-h3:leading-[1.8125rem] lg:prose-p:text-16 lg:prose-p:leading-32 lg:prose-blockquote:py-60 lg:prose-blockquote:pr-[5rem] lg:prose-blockquote:pl-[6rem] lg:prose-li:text-16 lg:prose-li:leading-32\">\n<h2 class=\"text-purple-900 dark:text-white\">Perquisition au SGRS, le service de renseignement de l\u2019arm\u00e9e<\/h2>\n<\/div>\n<\/div>\n<\/div>\n<div class=\"box-border flex w-full max-w-row flex-wrap justify-center bg-background-light dark:bg-background-dark py-6 sm:py-8 md:py-12\">\n<div class=\"container box-border max-w-container max-w-[720px] py-10 px-6 sm:py-8 sm:px-8 md:py-12 md:px-12\">\n<div class=\"js-block-text max-w-none text-content-900 prose leading-loose font-normal prose-headings:font-bold prose-a:font-semibold prose-strong:font-bold prose-li:text-18 prose-li:leading-32 dark:text-content-100 dark:prose-headings:text-content-100 dark:prose-a:bg-navy-blue-700 dark:prose-a:text-navy-blue-100 dark:prose-a:visited:bg-navy-blue-700 dark:prose-a:visited:text-teal-200 dark:prose-a:hover:bg-navy-blue-500 dark:prose-a:hover:text-navy-blue-100 dark:prose-a:focus:outline-focus dark:prose-blockquote:text-sand-100 dark:prose-code:text-sand-100 dark:prose-pre:bg-[#1f2227] dark:prose-pre:text-[#639bee] dark:prose-li:before:text-primary dark:prose-thead:bg-purple-500 dark:prose-thead:text-primary dark:prose-tr:border-b-purple-500 dark:prose-hr:border-navy-blue-800 md:prose-md lg:prose-lg lg:prose-h1:text-36 lg:prose-h1:leading-[2.75rem] lg:prose-h2:text-28 lg:prose-h2:leading-[2.125rem] lg:prose-h3:text-24 lg:prose-h3:leading-[1.8125rem] lg:prose-p:text-16 lg:prose-p:leading-32 lg:prose-blockquote:py-60 lg:prose-blockquote:pr-[5rem] lg:prose-blockquote:pl-[6rem] lg:prose-li:text-16 lg:prose-li:leading-32\">\n<div>\n<p>En septembre\u00a02022, lorsque la justice belge d\u00e9cide d\u2019intervenir dans les affaires suspectes de Thierry Lakhanisky et de membres de son entourage, une quinzaine de perquisitions sont diligent\u00e9es dans des immeubles occup\u00e9s par les personnes vis\u00e9es. Mais pas seulement\u2026 Le SGRS (Service G\u00e9n\u00e9ral du Renseignement et de la S\u00e9curit\u00e9), le service belge de renseignement militaire, re\u00e7oit aussi la visite d\u2019officiers de police judiciaire.<\/p>\n<p>La descente est op\u00e9r\u00e9e avec l\u2019appui du service d\u2019enqu\u00eate du Comit\u00e9 R (Comit\u00e9 permanent de contr\u00f4le des services de renseignement). Ce jour-l\u00e0, les enqu\u00eateurs embarquent 11 dossiers class\u00e9s \u00ab\u00a0secret\u00a0\u00bb, soit des milliers de documents en format papier ou num\u00e9rique. Un nombre important de ces pi\u00e8ces, remontant pour certaines aux ann\u00e9es\u00a02000, sont li\u00e9es de pr\u00e8s ou de loin \u00e0 Thierry Lakhanisky.<\/p>\n<p>Son nom circule en effet depuis des ann\u00e9es au SGRS et \u00e0 la S\u00fbret\u00e9 de l\u2019Etat (VSSE), le pendant civil en mati\u00e8re de renseignement. \u00c9tait-il une cible, suivie par les services belges parce qu\u2019elle aurait pu constituer une menace\u00a0? Ou s\u2019agissait-il d\u2019une source, c\u2019est-\u00e0-dire d\u2019un informateur de ces services\u00a0?<\/p>\n<\/div>\n<\/div>\n<\/div>\n<\/div>\n<div class=\"box-border flex w-full max-w-row flex-wrap justify-center bg-background-light dark:bg-background-dark py-6 sm:py-8 md:py-12\">\n<div class=\"container box-border max-w-container max-w-[720px] py-10 px-6 sm:py-8 sm:px-8 md:py-12 md:px-12\">\n<div class=\"js-block-text max-w-none text-content-900 prose leading-loose font-normal prose-headings:font-bold prose-a:font-semibold prose-strong:font-bold prose-li:text-18 prose-li:leading-32 dark:text-content-100 dark:prose-headings:text-content-100 dark:prose-a:bg-navy-blue-700 dark:prose-a:text-navy-blue-100 dark:prose-a:visited:bg-navy-blue-700 dark:prose-a:visited:text-teal-200 dark:prose-a:hover:bg-navy-blue-500 dark:prose-a:hover:text-navy-blue-100 dark:prose-a:focus:outline-focus dark:prose-blockquote:text-sand-100 dark:prose-code:text-sand-100 dark:prose-pre:bg-[#1f2227] dark:prose-pre:text-[#639bee] dark:prose-li:before:text-primary dark:prose-thead:bg-purple-500 dark:prose-thead:text-primary dark:prose-tr:border-b-purple-500 dark:prose-hr:border-navy-blue-800 md:prose-md lg:prose-lg lg:prose-h1:text-36 lg:prose-h1:leading-[2.75rem] lg:prose-h2:text-28 lg:prose-h2:leading-[2.125rem] lg:prose-h3:text-24 lg:prose-h3:leading-[1.8125rem] lg:prose-p:text-16 lg:prose-p:leading-32 lg:prose-blockquote:py-60 lg:prose-blockquote:pr-[5rem] lg:prose-blockquote:pl-[6rem] lg:prose-li:text-16 lg:prose-li:leading-32\">\n<h2 class=\"text-purple-900 dark:text-white\">Thierry Lakhanisky coop\u00e9rait avec les services belges de renseignement<\/h2>\n<\/div>\n<\/div>\n<\/div>\n<div class=\"box-border flex w-full max-w-row flex-wrap justify-center bg-background-light dark:bg-background-dark py-6 sm:py-8 md:py-12\">\n<div class=\"container box-border max-w-container max-w-[720px] py-10 px-6 sm:py-8 sm:px-8 md:py-12 md:px-12\">\n<div class=\"js-block-text max-w-none text-content-900 prose leading-loose font-normal prose-headings:font-bold prose-a:font-semibold prose-strong:font-bold prose-li:text-18 prose-li:leading-32 dark:text-content-100 dark:prose-headings:text-content-100 dark:prose-a:bg-navy-blue-700 dark:prose-a:text-navy-blue-100 dark:prose-a:visited:bg-navy-blue-700 dark:prose-a:visited:text-teal-200 dark:prose-a:hover:bg-navy-blue-500 dark:prose-a:hover:text-navy-blue-100 dark:prose-a:focus:outline-focus dark:prose-blockquote:text-sand-100 dark:prose-code:text-sand-100 dark:prose-pre:bg-[#1f2227] dark:prose-pre:text-[#639bee] dark:prose-li:before:text-primary dark:prose-thead:bg-purple-500 dark:prose-thead:text-primary dark:prose-tr:border-b-purple-500 dark:prose-hr:border-navy-blue-800 md:prose-md lg:prose-lg lg:prose-h1:text-36 lg:prose-h1:leading-[2.75rem] lg:prose-h2:text-28 lg:prose-h2:leading-[2.125rem] lg:prose-h3:text-24 lg:prose-h3:leading-[1.8125rem] lg:prose-p:text-16 lg:prose-p:leading-32 lg:prose-blockquote:py-60 lg:prose-blockquote:pr-[5rem] lg:prose-blockquote:pl-[6rem] lg:prose-li:text-16 lg:prose-li:leading-32\">\n<div>\n<p>De deux canaux ind\u00e9pendants, la RTBF apprend que Thierry Lakhanisky \u00e9tait, depuis\u00a0<em>\u00ab\u00a0plus de 20 ans\u00a0\u00bb,\u00a0<\/em>une source r\u00e9mun\u00e9r\u00e9e par les services de renseignement en \u00e9change d\u2019informations. Il a coop\u00e9r\u00e9 de mani\u00e8re parfois concomitante avec la S\u00fbret\u00e9 de l\u2019Etat et le SGRS, puis avec le SGRS principalement. L\u2019homme suscite l\u2019int\u00e9r\u00eat car il s\u2019est construit au fil des ans un \u00e9pais carnet d\u2019adresses lui permettant d\u2019intervenir dans diff\u00e9rents types de transactions ou \u00ab\u00a0missions de consultance\u00a0\u00bb \u00e0 travers le monde, par exemple en mati\u00e8re de transports sensibles.<\/p>\n<p>Un proc\u00e8s-verbal r\u00e9dig\u00e9 apr\u00e8s la perquisition au SGRS tend \u00e0 confirmer ce statut d\u2019informateur. Le PV reprend les propos d\u2019un membre du service qui \u00e9voque des r\u00e9mun\u00e9rations octroy\u00e9es \u00e0 Thierry Lakhanisky. Les montants sugg\u00e9r\u00e9s, dont la RTBF a eu vent, semblent d\u00e9risoires mais il est possible que la collaboration prenne aussi la forme d\u2019\u00e9change de services, selon un observateur du monde du renseignement.<\/p>\n<p>Le PV initial relatant des suppos\u00e9es r\u00e9mun\u00e9rations pour\u00a0<a>Thierry Lakhanisky\u00a0<\/a>n\u2019a fait qu\u2019une br\u00e8ve apparition dans le dossier judiciaire. Il a ensuite \u00e9t\u00e9 modifi\u00e9 car les informations reprises seraient classifi\u00e9es. Autrement dit, seules les personnes habilit\u00e9es auraient d\u00fb y avoir acc\u00e8s. Or, au niveau de la justice (greffiers, avocats, \u2026) et de la police, beaucoup ne poss\u00e8dent pas l\u2019habilitation de s\u00e9curit\u00e9 permettant de prendre connaissance d\u2019\u00e9l\u00e9ments class\u00e9s \u00ab\u00a0confidentiel\u00a0\u00bb ou \u00ab\u00a0secret\u00a0\u00bb.<\/p>\n<\/div>\n<\/div>\n<\/div>\n<\/div>\n<div class=\"box-border flex w-full max-w-row flex-wrap justify-center bg-background-light dark:bg-background-dark py-6 sm:py-8 md:py-12\">\n<div class=\"container box-border max-w-container max-w-[720px] py-10 px-6 sm:py-8 sm:px-8 md:py-12 md:px-12\">\n<div class=\"js-block-text max-w-none text-content-900 prose leading-loose font-normal prose-headings:font-bold prose-a:font-semibold prose-strong:font-bold prose-li:text-18 prose-li:leading-32 dark:text-content-100 dark:prose-headings:text-content-100 dark:prose-a:bg-navy-blue-700 dark:prose-a:text-navy-blue-100 dark:prose-a:visited:bg-navy-blue-700 dark:prose-a:visited:text-teal-200 dark:prose-a:hover:bg-navy-blue-500 dark:prose-a:hover:text-navy-blue-100 dark:prose-a:focus:outline-focus dark:prose-blockquote:text-sand-100 dark:prose-code:text-sand-100 dark:prose-pre:bg-[#1f2227] dark:prose-pre:text-[#639bee] dark:prose-li:before:text-primary dark:prose-thead:bg-purple-500 dark:prose-thead:text-primary dark:prose-tr:border-b-purple-500 dark:prose-hr:border-navy-blue-800 md:prose-md lg:prose-lg lg:prose-h1:text-36 lg:prose-h1:leading-[2.75rem] lg:prose-h2:text-28 lg:prose-h2:leading-[2.125rem] lg:prose-h3:text-24 lg:prose-h3:leading-[1.8125rem] lg:prose-p:text-16 lg:prose-p:leading-32 lg:prose-blockquote:py-60 lg:prose-blockquote:pr-[5rem] lg:prose-blockquote:pl-[6rem] lg:prose-li:text-16 lg:prose-li:leading-32\">\n<h2 class=\"text-purple-900 dark:text-white\">Proc\u00e8s-verbal modifi\u00e9<\/h2>\n<\/div>\n<\/div>\n<\/div>\n<div class=\"box-border flex w-full max-w-row flex-wrap justify-center bg-background-light dark:bg-background-dark py-6 sm:py-8 md:py-12\">\n<div class=\"container box-border max-w-container max-w-[720px] py-10 px-6 sm:py-8 sm:px-8 md:py-12 md:px-12\">\n<div class=\"js-block-text max-w-none text-content-900 prose leading-loose font-normal prose-headings:font-bold prose-a:font-semibold prose-strong:font-bold prose-li:text-18 prose-li:leading-32 dark:text-content-100 dark:prose-headings:text-content-100 dark:prose-a:bg-navy-blue-700 dark:prose-a:text-navy-blue-100 dark:prose-a:visited:bg-navy-blue-700 dark:prose-a:visited:text-teal-200 dark:prose-a:hover:bg-navy-blue-500 dark:prose-a:hover:text-navy-blue-100 dark:prose-a:focus:outline-focus dark:prose-blockquote:text-sand-100 dark:prose-code:text-sand-100 dark:prose-pre:bg-[#1f2227] dark:prose-pre:text-[#639bee] dark:prose-li:before:text-primary dark:prose-thead:bg-purple-500 dark:prose-thead:text-primary dark:prose-tr:border-b-purple-500 dark:prose-hr:border-navy-blue-800 md:prose-md lg:prose-lg lg:prose-h1:text-36 lg:prose-h1:leading-[2.75rem] lg:prose-h2:text-28 lg:prose-h2:leading-[2.125rem] lg:prose-h3:text-24 lg:prose-h3:leading-[1.8125rem] lg:prose-p:text-16 lg:prose-p:leading-32 lg:prose-blockquote:py-60 lg:prose-blockquote:pr-[5rem] lg:prose-blockquote:pl-[6rem] lg:prose-li:text-16 lg:prose-li:leading-32\">\n<div>\n<p>Cette modification de proc\u00e8s-verbal, pour l\u2019expurger du paragraphe reprenant les donn\u00e9es suppos\u00e9es classifi\u00e9es relatives aux liens entre\u00a0<a>Thierry Lakhanisky\u00a0<\/a>et le SGRS, pourrait constituer un probl\u00e8me au niveau de la proc\u00e9dure judiciaire.\u00a0<em>\u00ab\u00a0La modification a \u00e9t\u00e9 r\u00e9alis\u00e9e \u00e0 l\u2019insu de tous\u00a0et de mani\u00e8re contest\u00e9e\u00a0\u00bb<\/em>, selon le point de vue de l\u2019avocat de Thierry Lakhanisky, Emmanuel De Wagter. Celui-ci a d\u00e8s lors introduit en date du 10\u00a0janvier 2023 une plainte avec constitution de partie civile pour \u00ab\u00a0faux proc\u00e8s-verbal\u00a0\u00bb et \u00ab\u00a0usage de faux\u00a0\u00bb. Sollicit\u00e9 par la RTBF, le parquet de Bruxelles indique avoir en effet re\u00e7u une telle plainte.<\/p>\n<p>Par ailleurs, une demande de r\u00e9cusation du juge d\u2019instruction a \u00e9t\u00e9 formul\u00e9e fin\u00a02022. La requ\u00eate en r\u00e9cusation n\u2019ayant pas \u00e9t\u00e9 suivie par la cour d\u2019appel, les d\u00e9bats se sont prolong\u00e9s r\u00e9cemment en cassation. La proc\u00e9dure \u00e0 ce niveau \u00e9tant essentiellement \u00e9crite, la Cour de cassation rend le plus souvent sa d\u00e9cision le jour de l\u2019audience. Dans ce dossier, elle a d\u00e9cid\u00e9 de prendre le temps de la r\u00e9flexion. L\u2019arr\u00eat sera prononc\u00e9 ce mercredi 8\u00a0mars.<\/p>\n<p>Contact\u00e9 par nos soins, Emmanuel De Wagter confirme avoir entrepris ces d\u00e9marches. Il ne souhaite ni les pr\u00e9ciser, ni les commenter davantage pour l\u2019instant. N\u00e9anmoins, il conc\u00e8de que\u00a0<em>\u00ab\u00a0s\u2019il est av\u00e9r\u00e9 que mon client a travaill\u00e9 pour les services de renseignement belges, donc dans l\u2019int\u00e9r\u00eat de notre s\u00e9curit\u00e9 \u00e0 tous, cela donne une autre lecture du dossier que celle qui conduit \u00e0 le d\u00e9peindre comme un affreux trafiquant d\u2019armes, ce qu\u2019il conteste\u00a0\u00bb.<\/em><\/p>\n<\/div>\n<\/div>\n<\/div>\n<\/div>\n<div class=\"box-border flex w-full max-w-row flex-wrap justify-center bg-background-light dark:bg-background-dark py-6 sm:py-8 md:py-12\">\n<div class=\"container box-border max-w-container max-w-[720px] py-10 px-6 sm:py-8 sm:px-8 md:py-12 md:px-12\">\n<div class=\"js-block-text max-w-none text-content-900 prose leading-loose font-normal prose-headings:font-bold prose-a:font-semibold prose-strong:font-bold prose-li:text-18 prose-li:leading-32 dark:text-content-100 dark:prose-headings:text-content-100 dark:prose-a:bg-navy-blue-700 dark:prose-a:text-navy-blue-100 dark:prose-a:visited:bg-navy-blue-700 dark:prose-a:visited:text-teal-200 dark:prose-a:hover:bg-navy-blue-500 dark:prose-a:hover:text-navy-blue-100 dark:prose-a:focus:outline-focus dark:prose-blockquote:text-sand-100 dark:prose-code:text-sand-100 dark:prose-pre:bg-[#1f2227] dark:prose-pre:text-[#639bee] dark:prose-li:before:text-primary dark:prose-thead:bg-purple-500 dark:prose-thead:text-primary dark:prose-tr:border-b-purple-500 dark:prose-hr:border-navy-blue-800 md:prose-md lg:prose-lg lg:prose-h1:text-36 lg:prose-h1:leading-[2.75rem] lg:prose-h2:text-28 lg:prose-h2:leading-[2.125rem] lg:prose-h3:text-24 lg:prose-h3:leading-[1.8125rem] lg:prose-p:text-16 lg:prose-p:leading-32 lg:prose-blockquote:py-60 lg:prose-blockquote:pr-[5rem] lg:prose-blockquote:pl-[6rem] lg:prose-li:text-16 lg:prose-li:leading-32\">\n<h2 class=\"text-purple-900 dark:text-white\">Que savait le SGRS\u00a0?<\/h2>\n<\/div>\n<\/div>\n<\/div>\n<div class=\"box-border flex w-full max-w-row flex-wrap justify-center bg-background-light dark:bg-background-dark py-6 sm:py-8 md:py-12\">\n<div class=\"container box-border max-w-container max-w-[720px] py-10 px-6 sm:py-8 sm:px-8 md:py-12 md:px-12\">\n<div class=\"js-block-text max-w-none text-content-900 prose leading-loose font-normal prose-headings:font-bold prose-a:font-semibold prose-strong:font-bold prose-li:text-18 prose-li:leading-32 dark:text-content-100 dark:prose-headings:text-content-100 dark:prose-a:bg-navy-blue-700 dark:prose-a:text-navy-blue-100 dark:prose-a:visited:bg-navy-blue-700 dark:prose-a:visited:text-teal-200 dark:prose-a:hover:bg-navy-blue-500 dark:prose-a:hover:text-navy-blue-100 dark:prose-a:focus:outline-focus dark:prose-blockquote:text-sand-100 dark:prose-code:text-sand-100 dark:prose-pre:bg-[#1f2227] dark:prose-pre:text-[#639bee] dark:prose-li:before:text-primary dark:prose-thead:bg-purple-500 dark:prose-thead:text-primary dark:prose-tr:border-b-purple-500 dark:prose-hr:border-navy-blue-800 md:prose-md lg:prose-lg lg:prose-h1:text-36 lg:prose-h1:leading-[2.75rem] lg:prose-h2:text-28 lg:prose-h2:leading-[2.125rem] lg:prose-h3:text-24 lg:prose-h3:leading-[1.8125rem] lg:prose-p:text-16 lg:prose-p:leading-32 lg:prose-blockquote:py-60 lg:prose-blockquote:pr-[5rem] lg:prose-blockquote:pl-[6rem] lg:prose-li:text-16 lg:prose-li:leading-32\">\n<div>\n<p>Les services belges de renseignement \u00e9taient inform\u00e9s par Thierry Lakhanisky dans divers dossiers dont la RTBF n\u2019a pas connaissance. \u00c9taient-ils au courant de ses interventions pour la fourniture de mat\u00e9riel militaire en Afrique et au Moyen-Orient\u00a0? Dans le cas de la R\u00e9publique d\u00e9mocratique du Congo au moins, la r\u00e9ponse est oui, selon deux interlocuteurs rencontr\u00e9s s\u00e9par\u00e9ment.<\/p>\n<p>Au d\u00e9but des ann\u00e9es\u00a02000, Thierry Lakhanisky est intervenu via sa soci\u00e9t\u00e9 \u00ab\u00a0Skytech\u00a0\u00bb aupr\u00e8s des forces r\u00e9guli\u00e8res en R\u00e9publique d\u00e9mocratique du Congo. Il a par exemple endoss\u00e9 un r\u00f4le de conseiller pour la force a\u00e9rienne congolaise, \u00e0 une \u00e9poque o\u00f9 John Numbi \u00e9tait officiellement en poste. La RDC souhaitait alors remettre en ordre les h\u00e9licopt\u00e8res russes MI-26 en sa possession. Plus r\u00e9cemment, Thierry Lakhanisky aurait entretenu des liens avec John Numbi, d\u00e9sormais \u00ab\u00a0ex-g\u00e9n\u00e9ral\u00a0\u00bb, dans un tout autre contexte\u00a0: celui d\u2019une tentative de coup d\u2019\u00c9tat au Katanga. C\u2019est ce que soup\u00e7onnent les enqu\u00eateurs.<\/p>\n<\/div>\n<\/div>\n<\/div>\n<\/div>\n<div class=\"box-border flex w-full max-w-row flex-wrap justify-center bg-background-light dark:bg-background-dark py-6 sm:py-8 md:py-12\">\n<div class=\"container box-border max-w-container max-w-[720px] py-10 px-6 sm:py-8 sm:px-8 md:py-12 md:px-12\">\n<div class=\"grid w-full grid-cols-1 rounded-md bg-card-light p-16 shadow-base dark:bg-card-dark md:p-20\">\n<div class=\"relative w-full aspect-w-16 aspect-h-9\">\n<div class=\"image_img-container--responsive-auto__gEj1I\"><img decoding=\"async\" class=\"image_img--responsive-auto__4s6x1\" src=\"https:\/\/ds.static.rtbf.be\/article\/image\/1920x1080\/5\/4\/4\/e88f243bf341ded9b4ced444795c3f17-1678085802.jpg\" sizes=\"(min-width: 760px) 656px, calc(90.91vw - 17px)\" srcset=\"https:\/\/ds.static.rtbf.be\/article\/image\/180x100\/5\/4\/4\/e88f243bf341ded9b4ced444795c3f17-1678085802.jpg 180w, https:\/\/ds.static.rtbf.be\/article\/image\/370x208\/5\/4\/4\/e88f243bf341ded9b4ced444795c3f17-1678085802.jpg 370w, https:\/\/ds.static.rtbf.be\/article\/image\/770x433\/5\/4\/4\/e88f243bf341ded9b4ced444795c3f17-1678085802.jpg 770w, https:\/\/ds.static.rtbf.be\/article\/image\/1248x702\/5\/4\/4\/e88f243bf341ded9b4ced444795c3f17-1678085802.jpg 1248w, https:\/\/ds.static.rtbf.be\/article\/image\/1920x1080\/5\/4\/4\/e88f243bf341ded9b4ced444795c3f17-1678085802.jpg 1920w\" alt=\"Thierry Lakhanisky entretenait des contacts avec l\u2019ancien g\u00e9n\u00e9ral congolais John Numbi.\" data-nimg=\"fill\" \/><\/div>\n<\/div>\n<div class=\"pt-16 dark:text-white\"><span class=\"text-14 italic leading-normal font-normal\">Thierry Lakhanisky entretenait des contacts avec l\u2019ancien g\u00e9n\u00e9ral congolais John Numbi.\u00a0\u00a9 Belga<\/span><\/div>\n<\/div>\n<\/div>\n<\/div>\n<div class=\"box-border flex w-full max-w-row flex-wrap justify-center bg-background-light dark:bg-background-dark py-6 sm:py-8 md:py-12\">\n<div class=\"container box-border max-w-container max-w-[720px] py-10 px-6 sm:py-8 sm:px-8 md:py-12 md:px-12\">\n<div class=\"js-block-text max-w-none text-content-900 prose leading-loose font-normal prose-headings:font-bold prose-a:font-semibold prose-strong:font-bold prose-li:text-18 prose-li:leading-32 dark:text-content-100 dark:prose-headings:text-content-100 dark:prose-a:bg-navy-blue-700 dark:prose-a:text-navy-blue-100 dark:prose-a:visited:bg-navy-blue-700 dark:prose-a:visited:text-teal-200 dark:prose-a:hover:bg-navy-blue-500 dark:prose-a:hover:text-navy-blue-100 dark:prose-a:focus:outline-focus dark:prose-blockquote:text-sand-100 dark:prose-code:text-sand-100 dark:prose-pre:bg-[#1f2227] dark:prose-pre:text-[#639bee] dark:prose-li:before:text-primary dark:prose-thead:bg-purple-500 dark:prose-thead:text-primary dark:prose-tr:border-b-purple-500 dark:prose-hr:border-navy-blue-800 md:prose-md lg:prose-lg lg:prose-h1:text-36 lg:prose-h1:leading-[2.75rem] lg:prose-h2:text-28 lg:prose-h2:leading-[2.125rem] lg:prose-h3:text-24 lg:prose-h3:leading-[1.8125rem] lg:prose-p:text-16 lg:prose-p:leading-32 lg:prose-blockquote:py-60 lg:prose-blockquote:pr-[5rem] lg:prose-blockquote:pl-[6rem] lg:prose-li:text-16 lg:prose-li:leading-32\">\n<div>\n<p>Ces diff\u00e9rents contacts et activit\u00e9s n\u2019\u00e9taient pas inconnus de la S\u00fbret\u00e9 de l\u2019Etat, selon nos informations. Mais ces derni\u00e8res ann\u00e9es, Thierry Lakhanisky collaborait surtout avec le SGRS. Et le service de renseignement militaire ne semble pas avoir voulu mettre un frein \u00e0 sa coop\u00e9ration avec Thierry Lakhanisky en RDC,\u00a0<em>\u00ab\u00a0que du contraire\u00a0\u00bb<\/em>, nous apprennent plusieurs sources.<\/p>\n<p>Pourquoi\u00a0?\u00a0<em>\u00ab\u00a0Il s\u2019agissait sans doute de garder une ouverture, de ne pas \u00eatre aveugle sur ce qui se tramait et de consolider la position d\u2019information historiquement forte de la Belgique en RDC\u00a0\u00bb<\/em>, avance un interlocuteur \u00e0 la RTBF.\u00a0<em>\u00ab\u00a0Cela ressemble \u00e0 une op\u00e9ration secr\u00e8te p\u00e9rilleuse\u00a0vu la situation instable de la RDC et le pass\u00e9 belge sur place\u00a0\u00bb<\/em>, juge plut\u00f4t un autre. En tout cas, Thierry Lakhanisky a pu interpr\u00e9ter l\u2019attitude du SGRS \u00e0 son \u00e9gard comme une\u00a0<em>\u00ab\u00a0couverture\u00a0\u00bb<\/em>\u00a0ou un\u00a0<em>\u00ab\u00a0blanc-seing\u00a0\u00bb<\/em>, estiment les deux.<\/p>\n<\/div>\n<\/div>\n<\/div>\n<\/div>\n<div class=\"box-border flex w-full max-w-row flex-wrap justify-center bg-background-light dark:bg-background-dark py-6 sm:py-8 md:py-12\">\n<div class=\"container box-border max-w-container max-w-[720px] py-10 px-6 sm:py-8 sm:px-8 md:py-12 md:px-12\">\n<div class=\"js-block-text max-w-none text-content-900 prose leading-loose font-normal prose-headings:font-bold prose-a:font-semibold prose-strong:font-bold prose-li:text-18 prose-li:leading-32 dark:text-content-100 dark:prose-headings:text-content-100 dark:prose-a:bg-navy-blue-700 dark:prose-a:text-navy-blue-100 dark:prose-a:visited:bg-navy-blue-700 dark:prose-a:visited:text-teal-200 dark:prose-a:hover:bg-navy-blue-500 dark:prose-a:hover:text-navy-blue-100 dark:prose-a:focus:outline-focus dark:prose-blockquote:text-sand-100 dark:prose-code:text-sand-100 dark:prose-pre:bg-[#1f2227] dark:prose-pre:text-[#639bee] dark:prose-li:before:text-primary dark:prose-thead:bg-purple-500 dark:prose-thead:text-primary dark:prose-tr:border-b-purple-500 dark:prose-hr:border-navy-blue-800 md:prose-md lg:prose-lg lg:prose-h1:text-36 lg:prose-h1:leading-[2.75rem] lg:prose-h2:text-28 lg:prose-h2:leading-[2.125rem] lg:prose-h3:text-24 lg:prose-h3:leading-[1.8125rem] lg:prose-p:text-16 lg:prose-p:leading-32 lg:prose-blockquote:py-60 lg:prose-blockquote:pr-[5rem] lg:prose-blockquote:pl-[6rem] lg:prose-li:text-16 lg:prose-li:leading-32\">\n<div>\n<blockquote><p>Le SGRS ne s\u2019implique jamais dans de quelconques activit\u00e9s visant \u00e0 la d\u00e9stabilisation d\u2019un \u00c9tat<\/p><\/blockquote>\n<\/div>\n<\/div>\n<\/div>\n<\/div>\n<div class=\"box-border flex w-full max-w-row flex-wrap justify-center bg-background-light dark:bg-background-dark py-6 sm:py-8 md:py-12\">\n<div class=\"container box-border max-w-container max-w-[720px] py-10 px-6 sm:py-8 sm:px-8 md:py-12 md:px-12\">\n<div class=\"js-block-text max-w-none text-content-900 prose leading-loose font-normal prose-headings:font-bold prose-a:font-semibold prose-strong:font-bold prose-li:text-18 prose-li:leading-32 dark:text-content-100 dark:prose-headings:text-content-100 dark:prose-a:bg-navy-blue-700 dark:prose-a:text-navy-blue-100 dark:prose-a:visited:bg-navy-blue-700 dark:prose-a:visited:text-teal-200 dark:prose-a:hover:bg-navy-blue-500 dark:prose-a:hover:text-navy-blue-100 dark:prose-a:focus:outline-focus dark:prose-blockquote:text-sand-100 dark:prose-code:text-sand-100 dark:prose-pre:bg-[#1f2227] dark:prose-pre:text-[#639bee] dark:prose-li:before:text-primary dark:prose-thead:bg-purple-500 dark:prose-thead:text-primary dark:prose-tr:border-b-purple-500 dark:prose-hr:border-navy-blue-800 md:prose-md lg:prose-lg lg:prose-h1:text-36 lg:prose-h1:leading-[2.75rem] lg:prose-h2:text-28 lg:prose-h2:leading-[2.125rem] lg:prose-h3:text-24 lg:prose-h3:leading-[1.8125rem] lg:prose-p:text-16 lg:prose-p:leading-32 lg:prose-blockquote:py-60 lg:prose-blockquote:pr-[5rem] lg:prose-blockquote:pl-[6rem] lg:prose-li:text-16 lg:prose-li:leading-32\">\n<div>\n<p>L\u2019enqu\u00eate judiciaire se poursuit mais, \u00e0 ce stade, aucun membre du Service G\u00e9n\u00e9ral du Renseignement et de la S\u00e9curit\u00e9 n\u2019a \u00e9t\u00e9 inculp\u00e9. Faisant suite \u00e0 notre demande de r\u00e9action, le SGRS note tout d\u2019abord ceci\u00a0:\u00a0<em>\u00ab\u00a0des informations relatives \u00e0 de possibles projets de s\u00e9cession katangaise parviennent r\u00e9guli\u00e8rement au SGRS. Selon leur cr\u00e9dibilit\u00e9 et fiabilit\u00e9, le Service en informe les autorit\u00e9s comp\u00e9tentes.\u00a0Jusqu\u2019\u00e0 ce jour, nos analyses \u00e9valuent cette menace comme peu probable\u00a0\u00bb.<\/em><\/p>\n<p>Tenu par le cadre l\u00e9gal et par ses exigences op\u00e9rationnelles, le SGRS ne communique pas sur ses op\u00e9rations et ses activit\u00e9s. Cependant, le service de renseignement militaire tient \u00e0 souligner que\u00a0<em>\u00ab\u00a0le SGRS ne s\u2019implique jamais dans de quelconques activit\u00e9s visant \u00e0 la d\u00e9stabilisation d\u2019un \u00c9tat\u00a0\u00bb.<\/em><\/p>\n<p>En conclusion de la r\u00e9action \u00e9crite qui nous a \u00e9t\u00e9 transmise,\u00a0<em>\u00ab\u00a0le SGRS r\u00e9affirme sa volont\u00e9 immuable d\u2019appuyer les autorit\u00e9s judiciaires dans tout dossier qu\u2019elles jugeraient opportun, en \u00e9troite collaboration et sous le contr\u00f4le du Comit\u00e9 R.\u00a0\u00bb<\/em><\/p>\n<\/div>\n<\/div>\n<\/div>\n<\/div>\n<div class=\"box-border flex w-full max-w-row flex-wrap justify-center bg-background-light dark:bg-background-dark py-6 sm:py-8 md:py-12\">\n<div class=\"container box-border max-w-container max-w-[720px] py-10 px-6 sm:py-8 sm:px-8 md:py-12 md:px-12\">\n<div class=\"js-block-text max-w-none text-content-900 prose leading-loose font-normal prose-headings:font-bold prose-a:font-semibold prose-strong:font-bold prose-li:text-18 prose-li:leading-32 dark:text-content-100 dark:prose-headings:text-content-100 dark:prose-a:bg-navy-blue-700 dark:prose-a:text-navy-blue-100 dark:prose-a:visited:bg-navy-blue-700 dark:prose-a:visited:text-teal-200 dark:prose-a:hover:bg-navy-blue-500 dark:prose-a:hover:text-navy-blue-100 dark:prose-a:focus:outline-focus dark:prose-blockquote:text-sand-100 dark:prose-code:text-sand-100 dark:prose-pre:bg-[#1f2227] dark:prose-pre:text-[#639bee] dark:prose-li:before:text-primary dark:prose-thead:bg-purple-500 dark:prose-thead:text-primary dark:prose-tr:border-b-purple-500 dark:prose-hr:border-navy-blue-800 md:prose-md lg:prose-lg lg:prose-h1:text-36 lg:prose-h1:leading-[2.75rem] lg:prose-h2:text-28 lg:prose-h2:leading-[2.125rem] lg:prose-h3:text-24 lg:prose-h3:leading-[1.8125rem] lg:prose-p:text-16 lg:prose-p:leading-32 lg:prose-blockquote:py-60 lg:prose-blockquote:pr-[5rem] lg:prose-blockquote:pl-[6rem] lg:prose-li:text-16 lg:prose-li:leading-32\">\n<h2 class=\"text-purple-900 dark:text-white\">La RDC et la Libye<\/h2>\n<\/div>\n<\/div>\n<\/div>\n<div class=\"box-border flex w-full max-w-row flex-wrap justify-center bg-background-light dark:bg-background-dark py-6 sm:py-8 md:py-12\">\n<div class=\"container box-border max-w-container max-w-[720px] py-10 px-6 sm:py-8 sm:px-8 md:py-12 md:px-12\">\n<div class=\"js-block-text max-w-none text-content-900 prose leading-loose font-normal prose-headings:font-bold prose-a:font-semibold prose-strong:font-bold prose-li:text-18 prose-li:leading-32 dark:text-content-100 dark:prose-headings:text-content-100 dark:prose-a:bg-navy-blue-700 dark:prose-a:text-navy-blue-100 dark:prose-a:visited:bg-navy-blue-700 dark:prose-a:visited:text-teal-200 dark:prose-a:hover:bg-navy-blue-500 dark:prose-a:hover:text-navy-blue-100 dark:prose-a:focus:outline-focus dark:prose-blockquote:text-sand-100 dark:prose-code:text-sand-100 dark:prose-pre:bg-[#1f2227] dark:prose-pre:text-[#639bee] dark:prose-li:before:text-primary dark:prose-thead:bg-purple-500 dark:prose-thead:text-primary dark:prose-tr:border-b-purple-500 dark:prose-hr:border-navy-blue-800 md:prose-md lg:prose-lg lg:prose-h1:text-36 lg:prose-h1:leading-[2.75rem] lg:prose-h2:text-28 lg:prose-h2:leading-[2.125rem] lg:prose-h3:text-24 lg:prose-h3:leading-[1.8125rem] lg:prose-p:text-16 lg:prose-p:leading-32 lg:prose-blockquote:py-60 lg:prose-blockquote:pr-[5rem] lg:prose-blockquote:pl-[6rem] lg:prose-li:text-16 lg:prose-li:leading-32\">\n<div>\n<p>Les recherches de la justice belge ne se limitent pas aux interventions au Katanga. Les enqu\u00eateurs s\u2019int\u00e9ressent aussi beaucoup \u00e0 des ventes de mat\u00e9riel militaire \u00e0 des pays sous embargo, comme la Lybie.<\/p>\n<p>Des achats de mat\u00e9riel au P\u00e9rou sont aussi scrut\u00e9s car ils auraient \u00e9t\u00e9 r\u00e9alis\u00e9s \u00e0 l\u2019aide des faux documents en passant par des soci\u00e9t\u00e9s pr\u00eate-noms. La justice suspecte une tentative de contournement des r\u00e8gles encadrant les activit\u00e9s de courtage en armes (activit\u00e9s qui visent \u00e0 faciliter et organiser des transactions).<\/p>\n<p>A la suite de la faillite de ses soci\u00e9t\u00e9s \u00ab\u00a0Skytech\u00a0\u00bb en f\u00e9vrier\u00a02022, Thierry Lakhanisky a perdu la licence de courtier en armes qui lui avait \u00e9t\u00e9 octroy\u00e9e en f\u00e9vrier\u00a02008. Il n\u2019\u00e9tait donc plus autoris\u00e9 \u00e0 exercer des missions d\u2019interm\u00e9diaire dans ce domaine.\u00a0<em>\u00ab\u00a0Il tentait de r\u00e9habiliter ses soci\u00e9t\u00e9s et de r\u00e9cup\u00e9rer sa licence lorsqu\u2019il a \u00e9t\u00e9 arr\u00eat\u00e9\u00a0\u00bb<\/em>, affirme aujourd\u2019hui son avocat. Emmanuel De Wagter souhaite pr\u00e9ciser que \u00ab\u00a0<em>cette licence lui permettait aussi d\u2019intervenir dans des op\u00e9rations d\u2019aide urgente dont certaines ont \u00e9t\u00e9 men\u00e9es avec succ\u00e8s \u00e0 la demande d\u2019organisations internationales r\u00e9put\u00e9es\u00a0\u00bb.<\/em><\/p>\n<\/div>\n<\/div>\n<\/div>\n<\/div>\n<div class=\"box-border flex w-full max-w-row flex-wrap justify-center bg-background-light dark:bg-background-dark py-6 sm:py-8 md:py-12\">\n<div class=\"container box-border max-w-container max-w-[720px] py-10 px-6 sm:py-8 sm:px-8 md:py-12 md:px-12\">\n<div class=\"js-block-text max-w-none text-content-900 prose leading-loose font-normal prose-headings:font-bold prose-a:font-semibold prose-strong:font-bold prose-li:text-18 prose-li:leading-32 dark:text-content-100 dark:prose-headings:text-content-100 dark:prose-a:bg-navy-blue-700 dark:prose-a:text-navy-blue-100 dark:prose-a:visited:bg-navy-blue-700 dark:prose-a:visited:text-teal-200 dark:prose-a:hover:bg-navy-blue-500 dark:prose-a:hover:text-navy-blue-100 dark:prose-a:focus:outline-focus dark:prose-blockquote:text-sand-100 dark:prose-code:text-sand-100 dark:prose-pre:bg-[#1f2227] dark:prose-pre:text-[#639bee] dark:prose-li:before:text-primary dark:prose-thead:bg-purple-500 dark:prose-thead:text-primary dark:prose-tr:border-b-purple-500 dark:prose-hr:border-navy-blue-800 md:prose-md lg:prose-lg lg:prose-h1:text-36 lg:prose-h1:leading-[2.75rem] lg:prose-h2:text-28 lg:prose-h2:leading-[2.125rem] lg:prose-h3:text-24 lg:prose-h3:leading-[1.8125rem] lg:prose-p:text-16 lg:prose-p:leading-32 lg:prose-blockquote:py-60 lg:prose-blockquote:pr-[5rem] lg:prose-blockquote:pl-[6rem] lg:prose-li:text-16 lg:prose-li:leading-32\">\n<h2 class=\"text-purple-900 dark:text-white\">\u00ab\u00a0Cage\u00a0\u00bb<\/h2>\n<\/div>\n<\/div>\n<\/div>\n<div class=\"box-border flex w-full max-w-row flex-wrap justify-center bg-background-light dark:bg-background-dark py-6 sm:py-8 md:py-12\">\n<div class=\"container box-border max-w-container max-w-[720px] py-10 px-6 sm:py-8 sm:px-8 md:py-12 md:px-12\">\n<div class=\"js-block-text max-w-none text-content-900 prose leading-loose font-normal prose-headings:font-bold prose-a:font-semibold prose-strong:font-bold prose-li:text-18 prose-li:leading-32 dark:text-content-100 dark:prose-headings:text-content-100 dark:prose-a:bg-navy-blue-700 dark:prose-a:text-navy-blue-100 dark:prose-a:visited:bg-navy-blue-700 dark:prose-a:visited:text-teal-200 dark:prose-a:hover:bg-navy-blue-500 dark:prose-a:hover:text-navy-blue-100 dark:prose-a:focus:outline-focus dark:prose-blockquote:text-sand-100 dark:prose-code:text-sand-100 dark:prose-pre:bg-[#1f2227] dark:prose-pre:text-[#639bee] dark:prose-li:before:text-primary dark:prose-thead:bg-purple-500 dark:prose-thead:text-primary dark:prose-tr:border-b-purple-500 dark:prose-hr:border-navy-blue-800 md:prose-md lg:prose-lg lg:prose-h1:text-36 lg:prose-h1:leading-[2.75rem] lg:prose-h2:text-28 lg:prose-h2:leading-[2.125rem] lg:prose-h3:text-24 lg:prose-h3:leading-[1.8125rem] lg:prose-p:text-16 lg:prose-p:leading-32 lg:prose-blockquote:py-60 lg:prose-blockquote:pr-[5rem] lg:prose-blockquote:pl-[6rem] lg:prose-li:text-16 lg:prose-li:leading-32\">\n<div>\n<p>Les enqu\u00eateurs de la police judiciaire f\u00e9d\u00e9rale, souvent inventifs au moment d\u2019attribuer un nom de code \u00e0 leur dossier, ont choisi le nom \u00ab\u00a0Cage\u00a0\u00bb pour cette affaire. Une r\u00e9f\u00e9rence \u00e0 l\u2019acteur Nicolas Cage et \u00e0 son r\u00f4le dans le film \u00ab\u00a0Lord of War\u00a0\u00bb (Seigneur de Guerre), inspir\u00e9 par le parcours du c\u00e9l\u00e8bre trafiquant d\u2019arme russe Viktor Bout.<\/p>\n<p>Le nom d\u2019un dossier, plus facile \u00e0 m\u00e9moriser qu\u2019un num\u00e9ro dans la pile des affaires en cours, ne dit rien du contenu des investigations, de leur d\u00e9roulement et de leur issue. Dans le cas de \u00ab\u00a0Cage\u00a0\u00bb, l\u2019enqu\u00eate n\u2019est pas un long fleuve tranquille. Elle est complexe et sensible, vu les acteurs en pr\u00e9sence. L\u2019affaire voit s\u2019opposer deux int\u00e9r\u00eats\u00a0: celui de la recherche et de la poursuite d\u2019infractions, qui est la mission de la police et de la justice et celui de la collecte d\u2019informations dans des milieux souterrains, une mission des services de renseignement qui supposerait de parfois m\u00e9nager leurs sources.<\/p>\n<p>Contact\u00e9, le parquet f\u00e9d\u00e9ral, en charge de l\u2019enqu\u00eate, ne souhaite pas commenter les investigations toujours en cours. La S\u00fbret\u00e9 de l\u2019Etat n\u2019a pas d\u00e9sir\u00e9 r\u00e9agir car elle\u00a0<em>\u00ab\u00a0s\u2019abstient toujours de commentaire lorsqu\u2019il est fait \u00e9tat de dossiers individuels\u00a0\u00bb<\/em>.<\/p>\n<p><strong>RTBF<\/strong><\/p>\n<\/div>\n<\/div>\n<\/div>\n<\/div>\n<\/div>\n<\/div>\n<\/div>\n","protected":false,"gt_translate_keys":[{"key":"rendered","format":"html"}]},"excerpt":{"rendered":"<p>Le 13 septembre 2022, le Belge Thierry Lakhanisky, homme d\u2019affaires sp\u00e9cialiste des gros h\u00e9licopt\u00e8res de transport, \u00e9tait arr\u00eat\u00e9 pour son implication suppos\u00e9e dans le commerce d\u2019armes de guerre.\u00a0La RTBF r\u00e9v\u00e9lait alors les suspicions de la justice\u00a0quant au r\u00f4le jou\u00e9 par cet entrepreneur de Lasne dans l\u2019acheminement de mat\u00e9riel militaire vers des pays frapp\u00e9s d\u2019embargo en Afrique et au Moyen-Orient. Pr\u00e8s de 6 mois plus tard, Thierry Lakhanisky est toujours incarc\u00e9r\u00e9 sous le r\u00e9gime de la d\u00e9tention pr\u00e9ventive \u00e0 la prison de Saint-Gilles. Trois personnes sont inculp\u00e9es dans ce dossier. Projet&hellip;<\/p>\n","protected":false,"gt_translate_keys":[{"key":"rendered","format":"html"}]},"author":1,"featured_media":21966,"comment_status":"open","ping_status":"open","sticky":false,"template":"","format":"standard","meta":{"_crdt_document":"","footnotes":""},"categories":[199],"tags":[37895,37893,37894],"class_list":["post-21967","post","type-post","status-publish","format-standard","has-post-thumbnail","hentry","category-insecurite","tag-john-numbi-et-le-belge-thierry-lakhanisky","tag-coup-detat-manque-rdc","tag-john-numbi-coup-detat"],"gutentor_comment":0,"yoast_head":"<!-- This site is optimized with the Yoast SEO plugin v27.5 - https:\/\/yoast.com\/product\/yoast-seo-wordpress\/ -->\n<title>RDC - r\u00e9cit : John Numbi et le Belge Thierry Lakhanisky projetaient un coup d\u2019Etat d\u00e8s juin 2021 - Actualit\u00e9s congolaises et internationales<\/title>\n<meta name=\"robots\" content=\"index, follow, max-snippet:-1, max-image-preview:large, max-video-preview:-1\" \/>\n<link rel=\"canonical\" href=\"https:\/\/congovirtuel.com\/information\/rdc-recit-john-numbi-et-le-belge-thierry-lakhanisky-projetaient-un-coup-detat-des-juin-2021\/\" \/>\n<meta property=\"og:locale\" content=\"fr_FR\" \/>\n<meta property=\"og:type\" content=\"article\" \/>\n<meta property=\"og:title\" content=\"RDC - r\u00e9cit : John Numbi et le Belge Thierry Lakhanisky projetaient un coup d\u2019Etat d\u00e8s juin 2021 - Actualit\u00e9s congolaises et internationales\" \/>\n<meta property=\"og:description\" content=\"Le 13 septembre 2022, le Belge Thierry Lakhanisky, homme d\u2019affaires sp\u00e9cialiste des gros h\u00e9licopt\u00e8res de transport, \u00e9tait arr\u00eat\u00e9 pour son implication suppos\u00e9e dans le commerce d\u2019armes de guerre.\u00a0La RTBF r\u00e9v\u00e9lait alors les suspicions de la justice\u00a0quant au r\u00f4le jou\u00e9 par cet entrepreneur de Lasne dans l\u2019acheminement de mat\u00e9riel militaire vers des pays frapp\u00e9s d\u2019embargo en Afrique et au Moyen-Orient. Pr\u00e8s de 6 mois plus tard, Thierry Lakhanisky est toujours incarc\u00e9r\u00e9 sous le r\u00e9gime de la d\u00e9tention pr\u00e9ventive \u00e0 la prison de Saint-Gilles. Trois personnes sont inculp\u00e9es dans ce dossier. Projet&hellip;\" \/>\n<meta property=\"og:url\" content=\"https:\/\/congovirtuel.com\/information\/rdc-recit-john-numbi-et-le-belge-thierry-lakhanisky-projetaient-un-coup-detat-des-juin-2021\/\" \/>\n<meta property=\"og:site_name\" content=\"Actualit\u00e9s congolaises et internationales\" \/>\n<meta property=\"article:publisher\" content=\"https:\/\/web.facebook.com\/Congovirtuel-763617960319601\/?ref=aymt_homepage_panel&amp;amp%3bamp%3bamp%3bamp%3bamp%3bamp%3bamp%3bamp%3bamp%3bamp%3bamp%3beid=ARCoxULa66767kIgF_KYav6VdjXTI4yk_LW4yoVO9s6NXpysgb7Cb65vpxcxgqzOAKvIbLQxaAETcqHT\" \/>\n<meta property=\"article:published_time\" content=\"2023-03-07T14:15:05+00:00\" \/>\n<meta property=\"article:modified_time\" content=\"2023-03-07T14:31:59+00:00\" \/>\n<meta property=\"og:image\" content=\"https:\/\/congovirtuel.com\/information\/wp-content\/uploads\/2023\/03\/Thierry-Lakhanisky.jpg\" \/>\n\t<meta property=\"og:image:width\" content=\"766\" \/>\n\t<meta property=\"og:image:height\" content=\"623\" \/>\n\t<meta property=\"og:image:type\" content=\"image\/jpeg\" \/>\n<meta name=\"author\" content=\"infocongovirtuel\" \/>\n<meta name=\"twitter:card\" content=\"summary_large_image\" \/>\n<meta name=\"twitter:creator\" content=\"@congovirtuel\" \/>\n<meta name=\"twitter:site\" content=\"@congovirtuel\" \/>\n<meta name=\"twitter:label1\" content=\"\u00c9crit par\" \/>\n\t<meta name=\"twitter:data1\" content=\"infocongovirtuel\" \/>\n\t<meta name=\"twitter:label2\" content=\"Dur\u00e9e de lecture estim\u00e9e\" \/>\n\t<meta name=\"twitter:data2\" content=\"11 minutes\" \/>\n<script type=\"application\/ld+json\" class=\"yoast-schema-graph\">{\"@context\":\"https:\\\/\\\/schema.org\",\"@graph\":[{\"@type\":\"Article\",\"@id\":\"https:\\\/\\\/congovirtuel.com\\\/information\\\/rdc-recit-john-numbi-et-le-belge-thierry-lakhanisky-projetaient-un-coup-detat-des-juin-2021\\\/#article\",\"isPartOf\":{\"@id\":\"https:\\\/\\\/congovirtuel.com\\\/information\\\/rdc-recit-john-numbi-et-le-belge-thierry-lakhanisky-projetaient-un-coup-detat-des-juin-2021\\\/\"},\"author\":{\"name\":\"infocongovirtuel\",\"@id\":\"https:\\\/\\\/congovirtuel.com\\\/information\\\/#\\\/schema\\\/person\\\/739a44bf7990966cb53d58d2fdeca0b6\"},\"headline\":\"RDC &#8211; r\u00e9cit : John Numbi et le Belge Thierry Lakhanisky projetaient un coup d\u2019Etat d\u00e8s juin 2021\",\"datePublished\":\"2023-03-07T14:15:05+00:00\",\"dateModified\":\"2023-03-07T14:31:59+00:00\",\"mainEntityOfPage\":{\"@id\":\"https:\\\/\\\/congovirtuel.com\\\/information\\\/rdc-recit-john-numbi-et-le-belge-thierry-lakhanisky-projetaient-un-coup-detat-des-juin-2021\\\/\"},\"wordCount\":2407,\"commentCount\":0,\"publisher\":{\"@id\":\"https:\\\/\\\/congovirtuel.com\\\/information\\\/#organization\"},\"image\":{\"@id\":\"https:\\\/\\\/congovirtuel.com\\\/information\\\/rdc-recit-john-numbi-et-le-belge-thierry-lakhanisky-projetaient-un-coup-detat-des-juin-2021\\\/#primaryimage\"},\"thumbnailUrl\":\"https:\\\/\\\/congovirtuel.com\\\/information\\\/wp-content\\\/uploads\\\/2023\\\/03\\\/Thierry-Lakhanisky.jpg\",\"keywords\":[\": John Numbi et le Belge Thierry Lakhanisky\",\"coup d'Etat manqu\u00e9 RDC\",\"John Numbi coup d'Etat\"],\"articleSection\":[\"Ins\u00e9curit\u00e9\"],\"inLanguage\":\"fr-FR\",\"potentialAction\":[{\"@type\":\"CommentAction\",\"name\":\"Comment\",\"target\":[\"https:\\\/\\\/congovirtuel.com\\\/information\\\/rdc-recit-john-numbi-et-le-belge-thierry-lakhanisky-projetaient-un-coup-detat-des-juin-2021\\\/#respond\"]}]},{\"@type\":\"WebPage\",\"@id\":\"https:\\\/\\\/congovirtuel.com\\\/information\\\/rdc-recit-john-numbi-et-le-belge-thierry-lakhanisky-projetaient-un-coup-detat-des-juin-2021\\\/\",\"url\":\"https:\\\/\\\/congovirtuel.com\\\/information\\\/rdc-recit-john-numbi-et-le-belge-thierry-lakhanisky-projetaient-un-coup-detat-des-juin-2021\\\/\",\"name\":\"RDC - r\u00e9cit : John Numbi et le Belge Thierry Lakhanisky projetaient un coup d\u2019Etat d\u00e8s juin 2021 - Actualit\u00e9s congolaises et internationales\",\"isPartOf\":{\"@id\":\"https:\\\/\\\/congovirtuel.com\\\/information\\\/#website\"},\"primaryImageOfPage\":{\"@id\":\"https:\\\/\\\/congovirtuel.com\\\/information\\\/rdc-recit-john-numbi-et-le-belge-thierry-lakhanisky-projetaient-un-coup-detat-des-juin-2021\\\/#primaryimage\"},\"image\":{\"@id\":\"https:\\\/\\\/congovirtuel.com\\\/information\\\/rdc-recit-john-numbi-et-le-belge-thierry-lakhanisky-projetaient-un-coup-detat-des-juin-2021\\\/#primaryimage\"},\"thumbnailUrl\":\"https:\\\/\\\/congovirtuel.com\\\/information\\\/wp-content\\\/uploads\\\/2023\\\/03\\\/Thierry-Lakhanisky.jpg\",\"datePublished\":\"2023-03-07T14:15:05+00:00\",\"dateModified\":\"2023-03-07T14:31:59+00:00\",\"breadcrumb\":{\"@id\":\"https:\\\/\\\/congovirtuel.com\\\/information\\\/rdc-recit-john-numbi-et-le-belge-thierry-lakhanisky-projetaient-un-coup-detat-des-juin-2021\\\/#breadcrumb\"},\"inLanguage\":\"fr-FR\",\"potentialAction\":[{\"@type\":\"ReadAction\",\"target\":[\"https:\\\/\\\/congovirtuel.com\\\/information\\\/rdc-recit-john-numbi-et-le-belge-thierry-lakhanisky-projetaient-un-coup-detat-des-juin-2021\\\/\"]}]},{\"@type\":\"ImageObject\",\"inLanguage\":\"fr-FR\",\"@id\":\"https:\\\/\\\/congovirtuel.com\\\/information\\\/rdc-recit-john-numbi-et-le-belge-thierry-lakhanisky-projetaient-un-coup-detat-des-juin-2021\\\/#primaryimage\",\"url\":\"https:\\\/\\\/congovirtuel.com\\\/information\\\/wp-content\\\/uploads\\\/2023\\\/03\\\/Thierry-Lakhanisky.jpg\",\"contentUrl\":\"https:\\\/\\\/congovirtuel.com\\\/information\\\/wp-content\\\/uploads\\\/2023\\\/03\\\/Thierry-Lakhanisky.jpg\",\"width\":766,\"height\":623},{\"@type\":\"BreadcrumbList\",\"@id\":\"https:\\\/\\\/congovirtuel.com\\\/information\\\/rdc-recit-john-numbi-et-le-belge-thierry-lakhanisky-projetaient-un-coup-detat-des-juin-2021\\\/#breadcrumb\",\"itemListElement\":[{\"@type\":\"ListItem\",\"position\":1,\"name\":\"Accueil\",\"item\":\"https:\\\/\\\/congovirtuel.com\\\/information\\\/\"},{\"@type\":\"ListItem\",\"position\":2,\"name\":\"RDC &#8211; r\u00e9cit : John Numbi et le Belge Thierry Lakhanisky projetaient un coup d\u2019Etat d\u00e8s juin 2021\"}]},{\"@type\":\"WebSite\",\"@id\":\"https:\\\/\\\/congovirtuel.com\\\/information\\\/#website\",\"url\":\"https:\\\/\\\/congovirtuel.com\\\/information\\\/\",\"name\":\"Actualit\u00e9s congolaises et internationales\",\"description\":\"site d&#039;analyse et de traitement d&#039;information\",\"publisher\":{\"@id\":\"https:\\\/\\\/congovirtuel.com\\\/information\\\/#organization\"},\"potentialAction\":[{\"@type\":\"SearchAction\",\"target\":{\"@type\":\"EntryPoint\",\"urlTemplate\":\"https:\\\/\\\/congovirtuel.com\\\/information\\\/?s={search_term_string}\"},\"query-input\":{\"@type\":\"PropertyValueSpecification\",\"valueRequired\":true,\"valueName\":\"search_term_string\"}}],\"inLanguage\":\"fr-FR\"},{\"@type\":\"Organization\",\"@id\":\"https:\\\/\\\/congovirtuel.com\\\/information\\\/#organization\",\"name\":\"Biblioth\u00e8que Virtuelle de la RDC\",\"url\":\"https:\\\/\\\/congovirtuel.com\\\/information\\\/\",\"logo\":{\"@type\":\"ImageObject\",\"inLanguage\":\"fr-FR\",\"@id\":\"https:\\\/\\\/congovirtuel.com\\\/information\\\/#\\\/schema\\\/logo\\\/image\\\/\",\"url\":\"https:\\\/\\\/congovirtuel.com\\\/information\\\/wp-content\\\/uploads\\\/2018\\\/10\\\/header-info-congovirtuel-vraie.jpg\",\"contentUrl\":\"https:\\\/\\\/congovirtuel.com\\\/information\\\/wp-content\\\/uploads\\\/2018\\\/10\\\/header-info-congovirtuel-vraie.jpg\",\"width\":728,\"height\":90,\"caption\":\"Biblioth\u00e8que Virtuelle de la RDC\"},\"image\":{\"@id\":\"https:\\\/\\\/congovirtuel.com\\\/information\\\/#\\\/schema\\\/logo\\\/image\\\/\"},\"sameAs\":[\"https:\\\/\\\/web.facebook.com\\\/Congovirtuel-763617960319601\\\/?ref=aymt_homepage_panel&amp;amp;amp;amp;amp;amp;amp;amp;amp;amp;amp;eid=ARCoxULa66767kIgF_KYav6VdjXTI4yk_LW4yoVO9s6NXpysgb7Cb65vpxcxgqzOAKvIbLQxaAETcqHT\",\"https:\\\/\\\/x.com\\\/congovirtuel\",\"https:\\\/\\\/www.youtube.com\\\/channel\\\/UCkFfprYzGgS3EWNpeMXpToQ?view_as=subscriber\"]},{\"@type\":\"Person\",\"@id\":\"https:\\\/\\\/congovirtuel.com\\\/information\\\/#\\\/schema\\\/person\\\/739a44bf7990966cb53d58d2fdeca0b6\",\"name\":\"infocongovirtuel\",\"image\":{\"@type\":\"ImageObject\",\"inLanguage\":\"fr-FR\",\"@id\":\"https:\\\/\\\/secure.gravatar.com\\\/avatar\\\/4d76991aa72469f0eb22e772586c99113c6997f88da636a9db8f2ce3a2c05e69?s=96&d=mm&r=g\",\"url\":\"https:\\\/\\\/secure.gravatar.com\\\/avatar\\\/4d76991aa72469f0eb22e772586c99113c6997f88da636a9db8f2ce3a2c05e69?s=96&d=mm&r=g\",\"contentUrl\":\"https:\\\/\\\/secure.gravatar.com\\\/avatar\\\/4d76991aa72469f0eb22e772586c99113c6997f88da636a9db8f2ce3a2c05e69?s=96&d=mm&r=g\",\"caption\":\"infocongovirtuel\"},\"url\":\"https:\\\/\\\/congovirtuel.com\\\/information\\\/author\\\/infocongovirtuel\\\/\"}]}<\/script>\n<!-- \/ Yoast SEO plugin. -->","yoast_head_json":{"title":"RDC - r\u00e9cit : John Numbi et le Belge Thierry Lakhanisky projetaient un coup d\u2019Etat d\u00e8s juin 2021 - Actualit\u00e9s congolaises et internationales","robots":{"index":"index","follow":"follow","max-snippet":"max-snippet:-1","max-image-preview":"max-image-preview:large","max-video-preview":"max-video-preview:-1"},"canonical":"https:\/\/congovirtuel.com\/information\/rdc-recit-john-numbi-et-le-belge-thierry-lakhanisky-projetaient-un-coup-detat-des-juin-2021\/","og_locale":"fr_FR","og_type":"article","og_title":"RDC - r\u00e9cit : John Numbi et le Belge Thierry Lakhanisky projetaient un coup d\u2019Etat d\u00e8s juin 2021 - Actualit\u00e9s congolaises et internationales","og_description":"Le 13 septembre 2022, le Belge Thierry Lakhanisky, homme d\u2019affaires sp\u00e9cialiste des gros h\u00e9licopt\u00e8res de transport, \u00e9tait arr\u00eat\u00e9 pour son implication suppos\u00e9e dans le commerce d\u2019armes de guerre.\u00a0La RTBF r\u00e9v\u00e9lait alors les suspicions de la justice\u00a0quant au r\u00f4le jou\u00e9 par cet entrepreneur de Lasne dans l\u2019acheminement de mat\u00e9riel militaire vers des pays frapp\u00e9s d\u2019embargo en Afrique et au Moyen-Orient. Pr\u00e8s de 6 mois plus tard, Thierry Lakhanisky est toujours incarc\u00e9r\u00e9 sous le r\u00e9gime de la d\u00e9tention pr\u00e9ventive \u00e0 la prison de Saint-Gilles. Trois personnes sont inculp\u00e9es dans ce dossier. Projet&hellip;","og_url":"https:\/\/congovirtuel.com\/information\/rdc-recit-john-numbi-et-le-belge-thierry-lakhanisky-projetaient-un-coup-detat-des-juin-2021\/","og_site_name":"Actualit\u00e9s congolaises et internationales","article_publisher":"https:\/\/web.facebook.com\/Congovirtuel-763617960319601\/?ref=aymt_homepage_panel&amp%3bamp%3bamp%3bamp%3bamp%3bamp%3bamp%3bamp%3bamp%3bamp%3bamp%3beid=ARCoxULa66767kIgF_KYav6VdjXTI4yk_LW4yoVO9s6NXpysgb7Cb65vpxcxgqzOAKvIbLQxaAETcqHT","article_published_time":"2023-03-07T14:15:05+00:00","article_modified_time":"2023-03-07T14:31:59+00:00","og_image":[{"width":766,"height":623,"url":"https:\/\/congovirtuel.com\/information\/wp-content\/uploads\/2023\/03\/Thierry-Lakhanisky.jpg","type":"image\/jpeg"}],"author":"infocongovirtuel","twitter_card":"summary_large_image","twitter_creator":"@congovirtuel","twitter_site":"@congovirtuel","twitter_misc":{"\u00c9crit par":"infocongovirtuel","Dur\u00e9e de lecture estim\u00e9e":"11 minutes"},"schema":{"@context":"https:\/\/schema.org","@graph":[{"@type":"Article","@id":"https:\/\/congovirtuel.com\/information\/rdc-recit-john-numbi-et-le-belge-thierry-lakhanisky-projetaient-un-coup-detat-des-juin-2021\/#article","isPartOf":{"@id":"https:\/\/congovirtuel.com\/information\/rdc-recit-john-numbi-et-le-belge-thierry-lakhanisky-projetaient-un-coup-detat-des-juin-2021\/"},"author":{"name":"infocongovirtuel","@id":"https:\/\/congovirtuel.com\/information\/#\/schema\/person\/739a44bf7990966cb53d58d2fdeca0b6"},"headline":"RDC &#8211; r\u00e9cit : John Numbi et le Belge Thierry Lakhanisky projetaient un coup d\u2019Etat d\u00e8s juin 2021","datePublished":"2023-03-07T14:15:05+00:00","dateModified":"2023-03-07T14:31:59+00:00","mainEntityOfPage":{"@id":"https:\/\/congovirtuel.com\/information\/rdc-recit-john-numbi-et-le-belge-thierry-lakhanisky-projetaient-un-coup-detat-des-juin-2021\/"},"wordCount":2407,"commentCount":0,"publisher":{"@id":"https:\/\/congovirtuel.com\/information\/#organization"},"image":{"@id":"https:\/\/congovirtuel.com\/information\/rdc-recit-john-numbi-et-le-belge-thierry-lakhanisky-projetaient-un-coup-detat-des-juin-2021\/#primaryimage"},"thumbnailUrl":"https:\/\/congovirtuel.com\/information\/wp-content\/uploads\/2023\/03\/Thierry-Lakhanisky.jpg","keywords":[": John Numbi et le Belge Thierry Lakhanisky","coup d'Etat manqu\u00e9 RDC","John Numbi coup d'Etat"],"articleSection":["Ins\u00e9curit\u00e9"],"inLanguage":"fr-FR","potentialAction":[{"@type":"CommentAction","name":"Comment","target":["https:\/\/congovirtuel.com\/information\/rdc-recit-john-numbi-et-le-belge-thierry-lakhanisky-projetaient-un-coup-detat-des-juin-2021\/#respond"]}]},{"@type":"WebPage","@id":"https:\/\/congovirtuel.com\/information\/rdc-recit-john-numbi-et-le-belge-thierry-lakhanisky-projetaient-un-coup-detat-des-juin-2021\/","url":"https:\/\/congovirtuel.com\/information\/rdc-recit-john-numbi-et-le-belge-thierry-lakhanisky-projetaient-un-coup-detat-des-juin-2021\/","name":"RDC - r\u00e9cit : John Numbi et le Belge Thierry Lakhanisky projetaient un coup d\u2019Etat d\u00e8s juin 2021 - Actualit\u00e9s congolaises et internationales","isPartOf":{"@id":"https:\/\/congovirtuel.com\/information\/#website"},"primaryImageOfPage":{"@id":"https:\/\/congovirtuel.com\/information\/rdc-recit-john-numbi-et-le-belge-thierry-lakhanisky-projetaient-un-coup-detat-des-juin-2021\/#primaryimage"},"image":{"@id":"https:\/\/congovirtuel.com\/information\/rdc-recit-john-numbi-et-le-belge-thierry-lakhanisky-projetaient-un-coup-detat-des-juin-2021\/#primaryimage"},"thumbnailUrl":"https:\/\/congovirtuel.com\/information\/wp-content\/uploads\/2023\/03\/Thierry-Lakhanisky.jpg","datePublished":"2023-03-07T14:15:05+00:00","dateModified":"2023-03-07T14:31:59+00:00","breadcrumb":{"@id":"https:\/\/congovirtuel.com\/information\/rdc-recit-john-numbi-et-le-belge-thierry-lakhanisky-projetaient-un-coup-detat-des-juin-2021\/#breadcrumb"},"inLanguage":"fr-FR","potentialAction":[{"@type":"ReadAction","target":["https:\/\/congovirtuel.com\/information\/rdc-recit-john-numbi-et-le-belge-thierry-lakhanisky-projetaient-un-coup-detat-des-juin-2021\/"]}]},{"@type":"ImageObject","inLanguage":"fr-FR","@id":"https:\/\/congovirtuel.com\/information\/rdc-recit-john-numbi-et-le-belge-thierry-lakhanisky-projetaient-un-coup-detat-des-juin-2021\/#primaryimage","url":"https:\/\/congovirtuel.com\/information\/wp-content\/uploads\/2023\/03\/Thierry-Lakhanisky.jpg","contentUrl":"https:\/\/congovirtuel.com\/information\/wp-content\/uploads\/2023\/03\/Thierry-Lakhanisky.jpg","width":766,"height":623},{"@type":"BreadcrumbList","@id":"https:\/\/congovirtuel.com\/information\/rdc-recit-john-numbi-et-le-belge-thierry-lakhanisky-projetaient-un-coup-detat-des-juin-2021\/#breadcrumb","itemListElement":[{"@type":"ListItem","position":1,"name":"Accueil","item":"https:\/\/congovirtuel.com\/information\/"},{"@type":"ListItem","position":2,"name":"RDC &#8211; r\u00e9cit : John Numbi et le Belge Thierry Lakhanisky projetaient un coup d\u2019Etat d\u00e8s juin 2021"}]},{"@type":"WebSite","@id":"https:\/\/congovirtuel.com\/information\/#website","url":"https:\/\/congovirtuel.com\/information\/","name":"Actualit\u00e9s congolaises et internationales","description":"site d&#039;analyse et de traitement d&#039;information","publisher":{"@id":"https:\/\/congovirtuel.com\/information\/#organization"},"potentialAction":[{"@type":"SearchAction","target":{"@type":"EntryPoint","urlTemplate":"https:\/\/congovirtuel.com\/information\/?s={search_term_string}"},"query-input":{"@type":"PropertyValueSpecification","valueRequired":true,"valueName":"search_term_string"}}],"inLanguage":"fr-FR"},{"@type":"Organization","@id":"https:\/\/congovirtuel.com\/information\/#organization","name":"Biblioth\u00e8que Virtuelle de la RDC","url":"https:\/\/congovirtuel.com\/information\/","logo":{"@type":"ImageObject","inLanguage":"fr-FR","@id":"https:\/\/congovirtuel.com\/information\/#\/schema\/logo\/image\/","url":"https:\/\/congovirtuel.com\/information\/wp-content\/uploads\/2018\/10\/header-info-congovirtuel-vraie.jpg","contentUrl":"https:\/\/congovirtuel.com\/information\/wp-content\/uploads\/2018\/10\/header-info-congovirtuel-vraie.jpg","width":728,"height":90,"caption":"Biblioth\u00e8que Virtuelle de la RDC"},"image":{"@id":"https:\/\/congovirtuel.com\/information\/#\/schema\/logo\/image\/"},"sameAs":["https:\/\/web.facebook.com\/Congovirtuel-763617960319601\/?ref=aymt_homepage_panel&amp;amp;amp;amp;amp;amp;amp;amp;amp;amp;amp;eid=ARCoxULa66767kIgF_KYav6VdjXTI4yk_LW4yoVO9s6NXpysgb7Cb65vpxcxgqzOAKvIbLQxaAETcqHT","https:\/\/x.com\/congovirtuel","https:\/\/www.youtube.com\/channel\/UCkFfprYzGgS3EWNpeMXpToQ?view_as=subscriber"]},{"@type":"Person","@id":"https:\/\/congovirtuel.com\/information\/#\/schema\/person\/739a44bf7990966cb53d58d2fdeca0b6","name":"infocongovirtuel","image":{"@type":"ImageObject","inLanguage":"fr-FR","@id":"https:\/\/secure.gravatar.com\/avatar\/4d76991aa72469f0eb22e772586c99113c6997f88da636a9db8f2ce3a2c05e69?s=96&d=mm&r=g","url":"https:\/\/secure.gravatar.com\/avatar\/4d76991aa72469f0eb22e772586c99113c6997f88da636a9db8f2ce3a2c05e69?s=96&d=mm&r=g","contentUrl":"https:\/\/secure.gravatar.com\/avatar\/4d76991aa72469f0eb22e772586c99113c6997f88da636a9db8f2ce3a2c05e69?s=96&d=mm&r=g","caption":"infocongovirtuel"},"url":"https:\/\/congovirtuel.com\/information\/author\/infocongovirtuel\/"}]}},"gt_translate_keys":[{"key":"link","format":"url"}],"_links":{"self":[{"href":"https:\/\/congovirtuel.com\/information\/wp-json\/wp\/v2\/posts\/21967","targetHints":{"allow":["GET"]}}],"collection":[{"href":"https:\/\/congovirtuel.com\/information\/wp-json\/wp\/v2\/posts"}],"about":[{"href":"https:\/\/congovirtuel.com\/information\/wp-json\/wp\/v2\/types\/post"}],"author":[{"embeddable":true,"href":"https:\/\/congovirtuel.com\/information\/wp-json\/wp\/v2\/users\/1"}],"replies":[{"embeddable":true,"href":"https:\/\/congovirtuel.com\/information\/wp-json\/wp\/v2\/comments?post=21967"}],"version-history":[{"count":2,"href":"https:\/\/congovirtuel.com\/information\/wp-json\/wp\/v2\/posts\/21967\/revisions"}],"predecessor-version":[{"id":21969,"href":"https:\/\/congovirtuel.com\/information\/wp-json\/wp\/v2\/posts\/21967\/revisions\/21969"}],"wp:featuredmedia":[{"embeddable":true,"href":"https:\/\/congovirtuel.com\/information\/wp-json\/wp\/v2\/media\/21966"}],"wp:attachment":[{"href":"https:\/\/congovirtuel.com\/information\/wp-json\/wp\/v2\/media?parent=21967"}],"wp:term":[{"taxonomy":"category","embeddable":true,"href":"https:\/\/congovirtuel.com\/information\/wp-json\/wp\/v2\/categories?post=21967"},{"taxonomy":"post_tag","embeddable":true,"href":"https:\/\/congovirtuel.com\/information\/wp-json\/wp\/v2\/tags?post=21967"}],"curies":[{"name":"wp","href":"https:\/\/api.w.org\/{rel}","templated":true}]}}