{"id":21972,"date":"2023-03-07T16:05:04","date_gmt":"2023-03-07T15:05:04","guid":{"rendered":"https:\/\/congovirtuel.com\/information\/?p=21972"},"modified":"2023-03-07T16:05:04","modified_gmt":"2023-03-07T15:05:04","slug":"histoire-marches-et-celebrations-de-la-journee-internationale-de-la-femme","status":"publish","type":"post","link":"https:\/\/congovirtuel.com\/information\/histoire-marches-et-celebrations-de-la-journee-internationale-de-la-femme\/","title":{"rendered":"Histoire, marches et c\u00e9l\u00e9brations de la journ\u00e9e internationale de la femme","gt_translate_keys":[{"key":"rendered","format":"text"}]},"content":{"rendered":"<div class=\"bbc-19j92fr ebmt73l0\" dir=\"ltr\">\n<p class=\"bbc-1y32vyc e17g058b0\" dir=\"ltr\"><b>Vous avez peut-\u00eatre vu la Journ\u00e9e internationale de la femme mentionn\u00e9e dans les m\u00e9dias ou entendu des amis en parler.<\/b><\/p>\n<\/div>\n<div class=\"bbc-19j92fr ebmt73l0\" dir=\"ltr\">\n<p class=\"bbc-1y32vyc e17g058b0\" dir=\"ltr\">Mais \u00e0 quoi sert cette journ\u00e9e ? Quand a-t-elle lieu ? Existe-t-il un \u00e9quivalent de la Journ\u00e9e internationale des hommes ? Et quels \u00e9v\u00e9nements auront lieu cette ann\u00e9e ?<\/p>\n<\/div>\n<div class=\"bbc-19j92fr ebmt73l0\" dir=\"ltr\">\n<p class=\"bbc-1y32vyc e17g058b0\" dir=\"ltr\">Depuis plus d&rsquo;un si\u00e8cle, le monde entier fait du 8 mars une journ\u00e9e sp\u00e9ciale pour les femmes.<\/p>\n<div class=\"bbc-19j92fr ebmt73l0\" dir=\"ltr\">\n<h2 id=\"Comment-cela-atil-commenc\u00e9-\" class=\"bbc-1itnmzg eglt09e0\" tabindex=\"-1\">Comment cela a-t-il commenc\u00e9 ?<\/h2>\n<\/div>\n<div class=\"bbc-1ka88fa ebmt73l0\" dir=\"ltr\">\n<figure class=\"bbc-1qdcvv9 e1aczekt0\">\n<div class=\"bbc-172p16q ebmt73l0\" dir=\"ltr\">\n<div class=\"bbc-172p16q ebmt73l0\" dir=\"ltr\">\n<div class=\"bbc-189y18v ebmt73l0\" dir=\"ltr\">\n<div class=\"bbc-997y1y eihqrxw0\" data-e2e=\"image-placeholder\">\n<div class=\"lazyload-wrapper \"><img loading=\"lazy\" decoding=\"async\" class=\"e3vrtyk0 bbc-rb7xa0 e1mo64ex0\" src=\"https:\/\/ichef.bbci.co.uk\/news\/640\/cpsprodpb\/351D\/production\/_123379531_c714cdfb-4398-49b7-a7d8-9f7a7dac4a3d.jpg\" sizes=\"auto, (min-width: 1008px) 645px, 100vw\" srcset=\"https:\/\/ichef.bbci.co.uk\/news\/240\/cpsprodpb\/351D\/production\/_123379531_c714cdfb-4398-49b7-a7d8-9f7a7dac4a3d.jpg 240w, https:\/\/ichef.bbci.co.uk\/news\/320\/cpsprodpb\/351D\/production\/_123379531_c714cdfb-4398-49b7-a7d8-9f7a7dac4a3d.jpg 320w, https:\/\/ichef.bbci.co.uk\/news\/480\/cpsprodpb\/351D\/production\/_123379531_c714cdfb-4398-49b7-a7d8-9f7a7dac4a3d.jpg 480w, https:\/\/ichef.bbci.co.uk\/news\/624\/cpsprodpb\/351D\/production\/_123379531_c714cdfb-4398-49b7-a7d8-9f7a7dac4a3d.jpg 624w, https:\/\/ichef.bbci.co.uk\/news\/800\/cpsprodpb\/351D\/production\/_123379531_c714cdfb-4398-49b7-a7d8-9f7a7dac4a3d.jpg 800w\" alt=\"Clara Zetkin regarde la cam\u00e9ra\" width=\"976\" height=\"549\" \/><\/div>\n<p class=\"bbc-1s1cxbv ewbcsnk0\" role=\"text\"><span class=\"bbc-1gnhmg2 ed7bp6y0\">CR\u00c9DIT PHOTO,<\/span><span lang=\"en-GB\">CORBIS \/ HULTON DEUTSCH<\/span><\/p>\n<\/div>\n<\/div>\n<\/div>\n<\/div>\n<div class=\"bbc-172p16q ebmt73l0\" dir=\"ltr\">\n<div class=\"bbc-3edg7g ebmt73l0\" dir=\"ltr\"><\/div>\n<\/div>\n<\/figure>\n<\/div>\n<div class=\"bbc-19j92fr ebmt73l0\" dir=\"ltr\">\n<p class=\"bbc-1y32vyc e17g058b0\" dir=\"ltr\">La Journ\u00e9e internationale de la femme, \u00e9galement connue sous le nom de JIF, est issue du mouvement ouvrier et est devenue un \u00e9v\u00e9nement annuel reconnu par les Nations unies (ONU).<\/p>\n<\/div>\n<div class=\"bbc-19j92fr ebmt73l0\" dir=\"ltr\">\n<p class=\"bbc-1y32vyc e17g058b0\" dir=\"ltr\">Les germes de cette journ\u00e9e ont \u00e9t\u00e9 plant\u00e9s en 1908, lorsque 15 000 femmes ont d\u00e9fil\u00e9 dans la ville de New York pour r\u00e9clamer des horaires de travail plus courts, de meilleurs salaires et le droit de vote. Un an plus tard, le Parti socialiste d&rsquo;Am\u00e9rique a d\u00e9clar\u00e9 la premi\u00e8re Journ\u00e9e nationale de la femme.<\/p>\n<\/div>\n<div class=\"bbc-19j92fr ebmt73l0\" dir=\"ltr\">\n<p class=\"bbc-1y32vyc e17g058b0\" dir=\"ltr\">L&rsquo;id\u00e9e de rendre cette journ\u00e9e internationale est venue d&rsquo;une femme appel\u00e9e Clara Zetkin, militante communiste et d\u00e9fenseur des droits des femmes. Elle a sugg\u00e9r\u00e9 l&rsquo;id\u00e9e en 1910 lors d&rsquo;une conf\u00e9rence internationale des femmes actives \u00e0 Copenhague. Les 100 femmes pr\u00e9sentes, venues de 17 pays, ont accept\u00e9 sa proposition \u00e0 l&rsquo;unanimit\u00e9.<\/p>\n<\/div>\n<div class=\"bbc-19j92fr ebmt73l0\" dir=\"ltr\"><\/div>\n<div class=\"etpldq00 bbc-oa9drk ebmt73l0\" dir=\"ltr\">\n<p>Elle a \u00e9t\u00e9 c\u00e9l\u00e9br\u00e9e pour la premi\u00e8re fois en 1911, en Autriche, au Danemark, en Allemagne et en Suisse. Le centenaire a \u00e9t\u00e9 c\u00e9l\u00e9br\u00e9 en 2011, de sorte que cette ann\u00e9e, nous c\u00e9l\u00e9brons techniquement la 111e Journ\u00e9e internationale de la femme.<\/p>\n<\/div>\n<div class=\"bbc-19j92fr ebmt73l0\" dir=\"ltr\">\n<p class=\"bbc-1y32vyc e17g058b0\" dir=\"ltr\">Les choses ont \u00e9t\u00e9 officialis\u00e9es en 1975, lorsque les Nations unies ont commenc\u00e9 \u00e0 c\u00e9l\u00e9brer cette journ\u00e9e. Le premier th\u00e8me adopt\u00e9 par l&rsquo;ONU (en 1996) \u00e9tait \u00ab\u00a0C\u00e9l\u00e9brer le pass\u00e9, planifier l&rsquo;avenir\u00a0\u00bb.<\/p>\n<\/div>\n<div class=\"bbc-19j92fr ebmt73l0\" dir=\"ltr\">\n<p class=\"bbc-1y32vyc e17g058b0\" dir=\"ltr\">La Journ\u00e9e internationale de la femme est devenue une date pour c\u00e9l\u00e9brer le chemin parcouru par les femmes dans la soci\u00e9t\u00e9, dans la politique et dans l&rsquo;\u00e9conomie, tandis que les racines politiques de la journ\u00e9e signifient que des gr\u00e8ves et des protestations sont organis\u00e9es pour sensibiliser aux in\u00e9galit\u00e9s persistantes.<\/p>\n<\/div>\n<div class=\"bbc-19j92fr ebmt73l0\" dir=\"ltr\">\n<h2 id=\"Pourquoi-le-8-mars-\" class=\"bbc-1itnmzg eglt09e0\" tabindex=\"-1\">Pourquoi le 8 mars ?<\/h2>\n<\/div>\n<div class=\"bbc-1ka88fa ebmt73l0\" dir=\"ltr\">\n<figure class=\"bbc-1qdcvv9 e1aczekt0\">\n<div class=\"bbc-172p16q ebmt73l0\" dir=\"ltr\">\n<div class=\"bbc-172p16q ebmt73l0\" dir=\"ltr\">\n<div class=\"bbc-189y18v ebmt73l0\" dir=\"ltr\">\n<div class=\"bbc-997y1y eihqrxw0\" data-e2e=\"image-placeholder\">\n<div class=\"lazyload-wrapper \"><img loading=\"lazy\" decoding=\"async\" class=\"e3vrtyk0 bbc-rb7xa0 e1mo64ex0\" src=\"https:\/\/ichef.bbci.co.uk\/news\/640\/cpsprodpb\/C737\/production\/_128699905_gettyimages-1239048140.jpg\" sizes=\"auto, (min-width: 1008px) 645px, 100vw\" srcset=\"https:\/\/ichef.bbci.co.uk\/news\/240\/cpsprodpb\/C737\/production\/_128699905_gettyimages-1239048140.jpg 240w, https:\/\/ichef.bbci.co.uk\/news\/320\/cpsprodpb\/C737\/production\/_128699905_gettyimages-1239048140.jpg 320w, https:\/\/ichef.bbci.co.uk\/news\/480\/cpsprodpb\/C737\/production\/_128699905_gettyimages-1239048140.jpg 480w, https:\/\/ichef.bbci.co.uk\/news\/624\/cpsprodpb\/C737\/production\/_128699905_gettyimages-1239048140.jpg 624w, https:\/\/ichef.bbci.co.uk\/news\/800\/cpsprodpb\/C737\/production\/_128699905_gettyimages-1239048140.jpg 800w\" alt=\"Femme parlant dans un m\u00e9gaphone\" width=\"976\" height=\"549\" \/><\/div>\n<p class=\"bbc-1s1cxbv ewbcsnk0\" role=\"text\"><span class=\"bbc-1gnhmg2 ed7bp6y0\">CR\u00c9DIT PHOTO,<\/span><span lang=\"en-GB\">GETTY IMAGES<\/span><\/p>\n<\/div>\n<\/div>\n<div class=\"bbc-3edg7g ebmt73l0\" dir=\"ltr\"><\/div>\n<\/div>\n<\/div><figcaption class=\"bbc-1ephn0r e6i104o0\" dir=\"ltr\"><span class=\"bbc-1gnhmg2 ed7bp6y0\">L\u00e9gende image,<\/span>Des militantes ont particip\u00e9 \u00e0 une manifestation contre la violence sexiste lors de la Journ\u00e9e internationale de la femme \u00e0 Toluca, au Mexique, en 2022.<\/p>\n<\/figcaption><div class=\"bbc-172p16q ebmt73l0\" dir=\"ltr\">\n<div class=\"bbc-3edg7g ebmt73l0\" dir=\"ltr\"><\/div>\n<\/div>\n<\/figure>\n<\/div>\n<div class=\"bbc-19j92fr ebmt73l0\" dir=\"ltr\">\n<p class=\"bbc-1y32vyc e17g058b0\" dir=\"ltr\">L&rsquo;id\u00e9e de Clara de cr\u00e9er une Journ\u00e9e internationale de la femme n&rsquo;avait pas de date fixe.<\/p>\n<\/div>\n<div class=\"bbc-19j92fr ebmt73l0\" dir=\"ltr\">\n<p class=\"bbc-1y32vyc e17g058b0\" dir=\"ltr\">Elle n&rsquo;a \u00e9t\u00e9 formalis\u00e9e que lors d&rsquo;une gr\u00e8ve en temps de guerre, en 1917, lorsque les femmes russes ont r\u00e9clam\u00e9 \u00ab\u00a0du pain et la paix\u00a0\u00bb. Quatre jours apr\u00e8s le d\u00e9but de la gr\u00e8ve, le tsar a \u00e9t\u00e9 contraint d&rsquo;abdiquer et le gouvernement provisoire a accord\u00e9 le droit de vote aux femmes.<\/p>\n<\/div>\n<div class=\"bbc-19j92fr ebmt73l0\" dir=\"ltr\">\n<p class=\"bbc-1y32vyc e17g058b0\" dir=\"ltr\">La date du d\u00e9but de la gr\u00e8ve des femmes, selon le calendrier julien, qui \u00e9tait alors utilis\u00e9 en Russie, \u00e9tait le dimanche 23 f\u00e9vrier. Ce jour dans le calendrier gr\u00e9gorien \u00e9tait le 8 mars &#8211; et c&rsquo;est \u00e0 cette date qu&rsquo;elle est c\u00e9l\u00e9br\u00e9e aujourd&rsquo;hui.<\/p>\n<\/div>\n<div class=\"bbc-19j92fr ebmt73l0\" dir=\"ltr\">\n<h2 id=\"Pourquoi-les-gens-portentils-la-couleur-violette-\" class=\"bbc-1itnmzg eglt09e0\" tabindex=\"-1\">Pourquoi les gens portent-ils la couleur violette ?<\/h2>\n<\/div>\n<div class=\"bbc-1ka88fa ebmt73l0\" dir=\"ltr\">\n<figure class=\"bbc-1qdcvv9 e1aczekt0\">\n<div class=\"bbc-172p16q ebmt73l0\" dir=\"ltr\">\n<div class=\"bbc-172p16q ebmt73l0\" dir=\"ltr\">\n<div class=\"bbc-189y18v ebmt73l0\" dir=\"ltr\">\n<div class=\"bbc-997y1y eihqrxw0\" data-e2e=\"image-placeholder\">\n<div class=\"lazyload-wrapper \"><img loading=\"lazy\" decoding=\"async\" class=\"e3vrtyk0 bbc-rb7xa0 e1mo64ex0\" src=\"https:\/\/ichef.bbci.co.uk\/news\/640\/cpsprodpb\/3D1E\/production\/_117164651_gettyimages-1211144470.jpg\" sizes=\"auto, (min-width: 1008px) 645px, 100vw\" srcset=\"https:\/\/ichef.bbci.co.uk\/news\/240\/cpsprodpb\/3D1E\/production\/_117164651_gettyimages-1211144470.jpg 240w, https:\/\/ichef.bbci.co.uk\/news\/320\/cpsprodpb\/3D1E\/production\/_117164651_gettyimages-1211144470.jpg 320w, https:\/\/ichef.bbci.co.uk\/news\/480\/cpsprodpb\/3D1E\/production\/_117164651_gettyimages-1211144470.jpg 480w, https:\/\/ichef.bbci.co.uk\/news\/624\/cpsprodpb\/3D1E\/production\/_117164651_gettyimages-1211144470.jpg 624w, https:\/\/ichef.bbci.co.uk\/news\/800\/cpsprodpb\/3D1E\/production\/_117164651_gettyimages-1211144470.jpg 800w\" alt=\"Une femme se peint des rayures violettes sur le visage lors d'une manifestation de femmes f\u00e9ministes \u00e0 v\u00e9lo \u00e0 l'occasion de la Journ\u00e9e internationale des femmes, le 08 mars 2020 \u00e0 Berlin, en Allemagne.\" width=\"976\" height=\"549\" \/><\/div>\n<p class=\"bbc-1s1cxbv ewbcsnk0\" role=\"text\"><span class=\"bbc-1gnhmg2 ed7bp6y0\">CR\u00c9DIT PHOTO,<\/span><span lang=\"en-GB\">GETTY IMAGES<\/span><\/p>\n<\/div>\n<\/div>\n<div class=\"bbc-3edg7g ebmt73l0\" dir=\"ltr\"><\/div>\n<\/div>\n<\/div><figcaption class=\"bbc-1ephn0r e6i104o0\" dir=\"ltr\"><span class=\"bbc-1gnhmg2 ed7bp6y0\">L\u00e9gende image,<\/span>La couleur violette est souvent associ\u00e9e \u00e0 la Journ\u00e9e internationale de la femme car elle signifie \u00ab\u00a0justice et dignit\u00e9\u00a0\u00bb.<\/p>\n<\/figcaption><div class=\"bbc-172p16q ebmt73l0\" dir=\"ltr\">\n<div class=\"bbc-3edg7g ebmt73l0\" dir=\"ltr\"><\/div>\n<\/div>\n<\/figure>\n<\/div>\n<div class=\"bbc-19j92fr ebmt73l0\" dir=\"ltr\">\n<p class=\"bbc-1y32vyc e17g058b0\" dir=\"ltr\">Le violet, le vert et le blanc sont les couleurs de la JIF, selon le site web de la Journ\u00e9e internationale de la femme.<\/p>\n<\/div>\n<div class=\"bbc-19j92fr ebmt73l0\" dir=\"ltr\">\n<p class=\"bbc-1y32vyc e17g058b0\" dir=\"ltr\">\u00ab\u00a0Le violet signifie la justice et la dignit\u00e9. Le vert symbolise l&rsquo;espoir. Le blanc repr\u00e9sente la puret\u00e9, bien qu&rsquo;il s&rsquo;agisse d&rsquo;un concept controvers\u00e9. Ces couleurs ont \u00e9t\u00e9 cr\u00e9\u00e9es par la Women&rsquo;s Social and Political Union (WSPU) au Royaume-Uni en 1908\u00a0\u00bb.<\/p>\n<\/div>\n<div class=\"bbc-19j92fr ebmt73l0\" dir=\"ltr\"><\/div>\n<div class=\"etpldq00 bbc-oa9drk ebmt73l0\" dir=\"ltr\">\n<p>&nbsp;<\/p>\n<\/div>\n<div class=\"bbc-19j92fr ebmt73l0\" dir=\"ltr\">\n<h2 id=\"Existetil-une-Journ\u00e9e-internationale-des-hommes-\" class=\"bbc-1itnmzg eglt09e0\" tabindex=\"-1\">Existe-t-il une Journ\u00e9e internationale des hommes ?<\/h2>\n<\/div>\n<div class=\"bbc-19j92fr ebmt73l0\" dir=\"ltr\">\n<p class=\"bbc-1y32vyc e17g058b0\" dir=\"ltr\">Il y en a une en effet, le 19 novembre.<\/p>\n<\/div>\n<div class=\"bbc-19j92fr ebmt73l0\" dir=\"ltr\">\n<p class=\"bbc-1y32vyc e17g058b0\" dir=\"ltr\">Mais il n&rsquo;est c\u00e9l\u00e9br\u00e9 que depuis les ann\u00e9es 1990 et n&rsquo;est pas reconnu par les Nations unies. Elle est c\u00e9l\u00e9br\u00e9e dans plus de 80 pays, dont le Royaume-Uni.<\/p>\n<\/div>\n<div class=\"bbc-19j92fr ebmt73l0\" dir=\"ltr\">\n<p class=\"bbc-1y32vyc e17g058b0\" dir=\"ltr\">Cette journ\u00e9e c\u00e9l\u00e8bre \u00ab\u00a0la valeur positive que les hommes apportent au monde, \u00e0 leurs familles et \u00e0 leurs communaut\u00e9s\u00a0\u00bb, selon les organisateurs, et vise \u00e0 mettre en avant des mod\u00e8les positifs, \u00e0 sensibiliser au bien-\u00eatre des hommes et \u00e0 am\u00e9liorer les relations entre les sexes.<\/p>\n<\/div>\n<div class=\"bbc-19j92fr ebmt73l0\" dir=\"ltr\">\n<h2 id=\"Comment-la-Journ\u00e9e-de-la-femme-estelle-c\u00e9l\u00e9br\u00e9e-\" class=\"bbc-1itnmzg eglt09e0\" tabindex=\"-1\">Comment la Journ\u00e9e de la femme est-elle c\u00e9l\u00e9br\u00e9e ?<\/h2>\n<\/div>\n<div class=\"bbc-1ka88fa ebmt73l0\" dir=\"ltr\">\n<figure class=\"bbc-1qdcvv9 e1aczekt0\">\n<div class=\"bbc-172p16q ebmt73l0\" dir=\"ltr\">\n<div class=\"bbc-172p16q ebmt73l0\" dir=\"ltr\">\n<div class=\"bbc-189y18v ebmt73l0\" dir=\"ltr\">\n<div class=\"bbc-997y1y eihqrxw0\" data-e2e=\"image-placeholder\">\n<div class=\"lazyload-wrapper \"><img loading=\"lazy\" decoding=\"async\" class=\"e3vrtyk0 bbc-rb7xa0 e1mo64ex0\" src=\"https:\/\/ichef.bbci.co.uk\/news\/640\/cpsprodpb\/9C3F\/production\/_128699993_gettyimages-1383087448.jpg\" sizes=\"auto, (min-width: 1008px) 645px, 100vw\" srcset=\"https:\/\/ichef.bbci.co.uk\/news\/240\/cpsprodpb\/9C3F\/production\/_128699993_gettyimages-1383087448.jpg 240w, https:\/\/ichef.bbci.co.uk\/news\/320\/cpsprodpb\/9C3F\/production\/_128699993_gettyimages-1383087448.jpg 320w, https:\/\/ichef.bbci.co.uk\/news\/480\/cpsprodpb\/9C3F\/production\/_128699993_gettyimages-1383087448.jpg 480w, https:\/\/ichef.bbci.co.uk\/news\/624\/cpsprodpb\/9C3F\/production\/_128699993_gettyimages-1383087448.jpg 624w, https:\/\/ichef.bbci.co.uk\/news\/800\/cpsprodpb\/9C3F\/production\/_128699993_gettyimages-1383087448.jpg 800w\" alt=\"Femme tenant une fleur jaune et debout avec deux enfants\" width=\"976\" height=\"549\" \/><\/div>\n<p class=\"bbc-1s1cxbv ewbcsnk0\" role=\"text\"><span class=\"bbc-1gnhmg2 ed7bp6y0\">CR\u00c9DIT PHOTO,<\/span><span lang=\"en-GB\">GETTY IMAGES<\/span><\/p>\n<\/div>\n<\/div>\n<div class=\"bbc-3edg7g ebmt73l0\" dir=\"ltr\"><\/div>\n<\/div>\n<\/div><figcaption class=\"bbc-1ephn0r e6i104o0\" dir=\"ltr\"><span class=\"bbc-1gnhmg2 ed7bp6y0\">L\u00e9gende image,<\/span>Lorsque des femmes et des enfants sont arriv\u00e9s d&rsquo;Ukraine en Hongrie \u00e0 l&rsquo;occasion de la Journ\u00e9e internationale de la femme en 2022, ils ont \u00e9t\u00e9 accueillis avec des fleurs.<\/p>\n<\/figcaption><div class=\"bbc-172p16q ebmt73l0\" dir=\"ltr\">\n<div class=\"bbc-3edg7g ebmt73l0\" dir=\"ltr\"><\/div>\n<\/div>\n<\/figure>\n<\/div>\n<div class=\"bbc-19j92fr ebmt73l0\" dir=\"ltr\">\n<p class=\"bbc-1y32vyc e17g058b0\" dir=\"ltr\">La Journ\u00e9e internationale de la femme est une f\u00eate nationale dans de nombreux pays, notamment en Russie, o\u00f9 les ventes de fleurs doublent pendant les trois ou quatre jours qui entourent le 8 mars.<\/p>\n<\/div>\n<div class=\"bbc-19j92fr ebmt73l0\" dir=\"ltr\">\n<p class=\"bbc-1y32vyc e17g058b0\" dir=\"ltr\">En Chine, de nombreuses femmes b\u00e9n\u00e9ficient d&rsquo;une demi-journ\u00e9e de cong\u00e9 le 8 mars, comme le conseille le Conseil d&rsquo;\u00c9tat.<\/p>\n<\/div>\n<div class=\"bbc-19j92fr ebmt73l0\" dir=\"ltr\">\n<p class=\"bbc-1y32vyc e17g058b0\" dir=\"ltr\">En Italie, la Journ\u00e9e internationale de la femme, ou la Festa della Donna, est c\u00e9l\u00e9br\u00e9e par l&rsquo;offrande de fleurs de mimosa. L&rsquo;origine de cette tradition n&rsquo;est pas claire, mais on pense qu&rsquo;elle a commenc\u00e9 \u00e0 Rome apr\u00e8s la Seconde Guerre mondiale.<\/p>\n<\/div>\n<div class=\"bbc-19j92fr ebmt73l0\" dir=\"ltr\">\n<p class=\"bbc-1y32vyc e17g058b0\" dir=\"ltr\">Aux \u00c9tats-Unis, le mois de mars est le mois de l&rsquo;histoire des femmes. Une proclamation pr\u00e9sidentielle publi\u00e9e chaque ann\u00e9e rend hommage aux r\u00e9alisations des femmes am\u00e9ricaines.<\/p>\n<\/div>\n<div class=\"bbc-19j92fr ebmt73l0\" dir=\"ltr\">\n<h2 id=\"Quel-est-le-th\u00e8me-de-la-JIF-2023-\" class=\"bbc-1itnmzg eglt09e0\" tabindex=\"-1\">Quel est le th\u00e8me de la JIF 2023 ?<\/h2>\n<\/div>\n<div class=\"bbc-1ka88fa ebmt73l0\" dir=\"ltr\">\n<figure class=\"bbc-1qdcvv9 e1aczekt0\">\n<div class=\"bbc-172p16q ebmt73l0\" dir=\"ltr\">\n<div class=\"bbc-172p16q ebmt73l0\" dir=\"ltr\">\n<div class=\"bbc-189y18v ebmt73l0\" dir=\"ltr\">\n<div class=\"bbc-997y1y eihqrxw0\" data-e2e=\"image-placeholder\">\n<div class=\"lazyload-wrapper \"><img loading=\"lazy\" decoding=\"async\" class=\"e3vrtyk0 bbc-rb7xa0 e1mo64ex0\" src=\"https:\/\/ichef.bbci.co.uk\/news\/640\/cpsprodpb\/1387F\/production\/_128699997_gettyimages-1467685262.jpg\" sizes=\"auto, (min-width: 1008px) 645px, 100vw\" srcset=\"https:\/\/ichef.bbci.co.uk\/news\/240\/cpsprodpb\/1387F\/production\/_128699997_gettyimages-1467685262.jpg 240w, https:\/\/ichef.bbci.co.uk\/news\/320\/cpsprodpb\/1387F\/production\/_128699997_gettyimages-1467685262.jpg 320w, https:\/\/ichef.bbci.co.uk\/news\/480\/cpsprodpb\/1387F\/production\/_128699997_gettyimages-1467685262.jpg 480w, https:\/\/ichef.bbci.co.uk\/news\/624\/cpsprodpb\/1387F\/production\/_128699997_gettyimages-1467685262.jpg 624w, https:\/\/ichef.bbci.co.uk\/news\/800\/cpsprodpb\/1387F\/production\/_128699997_gettyimages-1467685262.jpg 800w\" alt=\"Cinq footballeuses s'\u00e9chauffant sur le terrain\" width=\"976\" height=\"549\" \/><\/div>\n<p class=\"bbc-1s1cxbv ewbcsnk0\" role=\"text\"><span class=\"bbc-1gnhmg2 ed7bp6y0\">CR\u00c9DIT PHOTO,<\/span><span lang=\"en-GB\">GETTY IMAGES<\/span><\/p>\n<\/div>\n<\/div>\n<div class=\"bbc-3edg7g ebmt73l0\" dir=\"ltr\"><\/div>\n<\/div>\n<\/div><figcaption class=\"bbc-1ephn0r e6i104o0\" dir=\"ltr\"><span class=\"bbc-1gnhmg2 ed7bp6y0\">L\u00e9gende image,<\/span>L&rsquo;\u00e9quipe f\u00e9minine de football des \u00c9tats-Unis a r\u00e9ussi \u00e0 obtenir l&rsquo;\u00e9galit\u00e9 des salaires.<\/p>\n<\/figcaption><div class=\"bbc-172p16q ebmt73l0\" dir=\"ltr\">\n<div class=\"bbc-3edg7g ebmt73l0\" dir=\"ltr\"><\/div>\n<\/div>\n<\/figure>\n<\/div>\n<div class=\"bbc-19j92fr ebmt73l0\" dir=\"ltr\">\n<p class=\"bbc-1y32vyc e17g058b0\" dir=\"ltr\">Le th\u00e8me de l&rsquo;ONU pour 2023 est \u00ab\u00a0DigitALL : Innovation et technologie pour l&rsquo;\u00e9galit\u00e9 des sexes\u00a0\u00bb. Ce th\u00e8me vise \u00e0 reconna\u00eetre et \u00e0 c\u00e9l\u00e9brer la contribution des femmes et des filles \u00e0 la technologie et \u00e0 l&rsquo;\u00e9ducation en ligne.<\/p>\n<\/div>\n<div class=\"bbc-19j92fr ebmt73l0\" dir=\"ltr\">\n<p class=\"bbc-1y32vyc e17g058b0\" dir=\"ltr\">Cette ann\u00e9e, la JIF explorera \u00e9galement l&rsquo;impact du foss\u00e9 num\u00e9rique sur l&rsquo;in\u00e9galit\u00e9 entre les femmes et les filles. En effet, les Nations unies estiment que le manque d&rsquo;acc\u00e8s des femmes au monde en ligne entra\u00eenera une perte de 1 500 milliards de dollars du produit int\u00e9rieur brut des pays \u00e0 revenu faible ou interm\u00e9diaire d&rsquo;ici 2025 si aucune mesure n&rsquo;est prise.<\/p>\n<\/div>\n<div class=\"bbc-19j92fr ebmt73l0\" dir=\"ltr\">\n<p class=\"bbc-1y32vyc e17g058b0\" dir=\"ltr\">Mais d&rsquo;autres th\u00e8mes sont \u00e9galement abord\u00e9s. Le site web de la Journ\u00e9e internationale de la femme &#8211; qui affirme avoir \u00e9t\u00e9 con\u00e7u pour \u00ab\u00a0fournir une plateforme permettant d&rsquo;apporter des changements positifs pour les femmes\u00a0\u00bb &#8211; a choisi le th\u00e8me #EmbraceEquity, les organisateurs et les \u00e9v\u00e9nements cherchant \u00e0 \u00ab\u00a0remettre en question les st\u00e9r\u00e9otypes li\u00e9s au genre, \u00e0 d\u00e9noncer la discrimination, \u00e0 attirer l&rsquo;attention sur les pr\u00e9jug\u00e9s et \u00e0 rechercher l&rsquo;inclusion\u00a0\u00bb.<\/p>\n<\/div>\n<div class=\"bbc-sffzb7 e1hrqbfn0\">\n<div class=\"bbc-19j92fr ebmt73l0\" dir=\"ltr\">\n<h2 id=\"Pourquoi-en-avonsnous-besoin-\" class=\"bbc-1itnmzg eglt09e0\" tabindex=\"-1\">Pourquoi en avons-nous besoin ?<\/h2>\n<\/div>\n<\/div>\n<div class=\"bbc-1ka88fa ebmt73l0\" dir=\"ltr\">\n<figure class=\"bbc-1qdcvv9 e1aczekt0\">\n<div class=\"bbc-172p16q ebmt73l0\" dir=\"ltr\">\n<div class=\"bbc-172p16q ebmt73l0\" dir=\"ltr\">\n<div class=\"bbc-189y18v ebmt73l0\" dir=\"ltr\">\n<div class=\"bbc-997y1y eihqrxw0\" data-e2e=\"image-placeholder\">\n<div class=\"lazyload-wrapper \"><img loading=\"lazy\" decoding=\"async\" class=\"e3vrtyk0 bbc-rb7xa0 e1mo64ex0\" src=\"https:\/\/ichef.bbci.co.uk\/news\/640\/cpsprodpb\/9470\/production\/_128700083_gettyimages-1246439887.jpg\" sizes=\"auto, (min-width: 1008px) 645px, 100vw\" srcset=\"https:\/\/ichef.bbci.co.uk\/news\/240\/cpsprodpb\/9470\/production\/_128700083_gettyimages-1246439887.jpg 240w, https:\/\/ichef.bbci.co.uk\/news\/320\/cpsprodpb\/9470\/production\/_128700083_gettyimages-1246439887.jpg 320w, https:\/\/ichef.bbci.co.uk\/news\/480\/cpsprodpb\/9470\/production\/_128700083_gettyimages-1246439887.jpg 480w, https:\/\/ichef.bbci.co.uk\/news\/624\/cpsprodpb\/9470\/production\/_128700083_gettyimages-1246439887.jpg 624w, https:\/\/ichef.bbci.co.uk\/news\/800\/cpsprodpb\/9470\/production\/_128700083_gettyimages-1246439887.jpg 800w\" alt=\"Des femmes marchent dans les rues avec des foulards couvrant leur visage.\" width=\"976\" height=\"549\" \/><\/div>\n<p class=\"bbc-1s1cxbv ewbcsnk0\" role=\"text\"><span class=\"bbc-1gnhmg2 ed7bp6y0\">CR\u00c9DIT PHOTO,<\/span><span lang=\"en-GB\">GETTY IMAGES<\/span><\/p>\n<\/div>\n<\/div>\n<div class=\"bbc-3edg7g ebmt73l0\" dir=\"ltr\"><\/div>\n<\/div>\n<\/div><figcaption class=\"bbc-1ephn0r e6i104o0\" dir=\"ltr\"><span class=\"bbc-1gnhmg2 ed7bp6y0\">L\u00e9gende image,<\/span>Les femmes se sont battues pour le droit \u00e0 l&rsquo;\u00e9ducation en Afghanistan.<\/p>\n<\/figcaption><div class=\"bbc-172p16q ebmt73l0\" dir=\"ltr\">\n<div class=\"bbc-3edg7g ebmt73l0\" dir=\"ltr\"><\/div>\n<\/div>\n<\/figure>\n<\/div>\n<div class=\"bbc-19j92fr ebmt73l0\" dir=\"ltr\">\n<p class=\"bbc-1y32vyc e17g058b0\" dir=\"ltr\">Au cours de l&rsquo;ann\u00e9e \u00e9coul\u00e9e, les femmes de nombreux pays comme l&rsquo;Afghanistan, l&rsquo;Iran, l&rsquo;Ukraine et les \u00c9tats-Unis se sont battues pour leurs droits dans un contexte de guerre, de violence et de changements de politique dans leurs pays respectifs.<\/p>\n<\/div>\n<div class=\"bbc-19j92fr ebmt73l0\" dir=\"ltr\">\n<p class=\"bbc-1y32vyc e17g058b0\" dir=\"ltr\">En Afghanistan, la r\u00e9surgence des talibans a entrav\u00e9 les avanc\u00e9es en mati\u00e8re de droits de l&rsquo;homme. Les femmes et les jeunes filles n&rsquo;ont plus acc\u00e8s \u00e0 l&rsquo;enseignement sup\u00e9rieur, ne peuvent plus exercer la plupart des emplois en dehors de la maison, ne peuvent plus parcourir de longues distances sans \u00eatre accompagn\u00e9es d&rsquo;un homme et doivent se couvrir le visage en public.<\/p>\n<\/div>\n<div class=\"bbc-19j92fr ebmt73l0\" dir=\"ltr\"><\/div>\n<div class=\"etpldq00 bbc-oa9drk ebmt73l0\" dir=\"ltr\">\n<p>&nbsp;<\/p>\n<\/div>\n<div class=\"bbc-1ka88fa ebmt73l0\" dir=\"ltr\">\n<figure class=\"bbc-1qdcvv9 e1aczekt0\">\n<div class=\"bbc-172p16q ebmt73l0\" dir=\"ltr\">\n<div class=\"bbc-172p16q ebmt73l0\" dir=\"ltr\">\n<div class=\"bbc-189y18v ebmt73l0\" dir=\"ltr\">\n<div class=\"bbc-997y1y eihqrxw0\" data-e2e=\"image-placeholder\">\n<div class=\"lazyload-wrapper \"><img loading=\"lazy\" decoding=\"async\" class=\"e3vrtyk0 bbc-rb7xa0 e1mo64ex0\" src=\"https:\/\/ichef.bbci.co.uk\/news\/640\/cpsprodpb\/B8A0\/production\/_126746274_mahsaamini.jpg\" sizes=\"auto, (min-width: 1008px) 645px, 100vw\" srcset=\"https:\/\/ichef.bbci.co.uk\/news\/240\/cpsprodpb\/B8A0\/production\/_126746274_mahsaamini.jpg 240w, https:\/\/ichef.bbci.co.uk\/news\/320\/cpsprodpb\/B8A0\/production\/_126746274_mahsaamini.jpg 320w, https:\/\/ichef.bbci.co.uk\/news\/480\/cpsprodpb\/B8A0\/production\/_126746274_mahsaamini.jpg 480w, https:\/\/ichef.bbci.co.uk\/news\/624\/cpsprodpb\/B8A0\/production\/_126746274_mahsaamini.jpg 624w, https:\/\/ichef.bbci.co.uk\/news\/800\/cpsprodpb\/B8A0\/production\/_126746274_mahsaamini.jpg 800w\" alt=\"Mahsa Amini\" width=\"976\" height=\"549\" \/><\/div>\n<p class=\"bbc-1s1cxbv ewbcsnk0\" role=\"text\"><span class=\"bbc-1gnhmg2 ed7bp6y0\">CR\u00c9DIT PHOTO,<\/span><span lang=\"en-GB\">MAHSA AMINI FAMILY<\/span><\/p>\n<\/div>\n<\/div>\n<div class=\"bbc-3edg7g ebmt73l0\" dir=\"ltr\"><\/div>\n<\/div>\n<\/div><figcaption class=\"bbc-1ephn0r e6i104o0\" dir=\"ltr\"><span class=\"bbc-1gnhmg2 ed7bp6y0\">L\u00e9gende image,<\/span>La police iranienne a d\u00e9menti les rapports de t\u00e9moins oculaires indiquant que Mahsa Amini avait \u00e9t\u00e9 battue.<\/p>\n<\/figcaption><div class=\"bbc-172p16q ebmt73l0\" dir=\"ltr\">\n<div class=\"bbc-3edg7g ebmt73l0\" dir=\"ltr\"><\/div>\n<\/div>\n<\/figure>\n<\/div>\n<div class=\"bbc-19j92fr ebmt73l0\" dir=\"ltr\">\n<p class=\"bbc-1y32vyc e17g058b0\" dir=\"ltr\">En Iran, les manifestations ont \u00e9t\u00e9 d\u00e9clench\u00e9es par la mort de Mahsa Amini, une femme de 22 ans arr\u00eat\u00e9e par la police des m\u0153urs \u00e0 T\u00e9h\u00e9ran le 13 septembre 2022 pour avoir pr\u00e9tendument enfreint les r\u00e8gles strictes de l&rsquo;Iran exigeant que les femmes se couvrent les cheveux d&rsquo;un foulard.<\/p>\n<\/div>\n<div class=\"bbc-19j92fr ebmt73l0\" dir=\"ltr\">\n<p class=\"bbc-1y32vyc e17g058b0\" dir=\"ltr\">Depuis lors, les manifestations se sont poursuivies dans tout le pays, de nombreux Iraniens &#8211; femmes et hommes &#8211; r\u00e9clamant de meilleurs droits pour les femmes et un changement des dirigeants politiques actuels. \u00ab\u00a0Femme, vie, libert\u00e9\u00a0\u00bb est le slogan des protestations. Les autorit\u00e9s les ont qualifi\u00e9es d'\u00a0\u00bb\u00e9meutes\u00a0\u00bb et ont r\u00e9pondu par la force. Plus de 500 personnes sont mortes.<\/p>\n<\/div>\n<div class=\"bbc-19j92fr ebmt73l0\" dir=\"ltr\">\n<p class=\"bbc-1y32vyc e17g058b0\" dir=\"ltr\">\u00c0 la suite de l&rsquo;invasion de l&rsquo;Ukraine par les forces russes le 24 f\u00e9vrier 2022, les Nations unies signalent que les \u00e9carts entre les sexes en mati\u00e8re d&rsquo;ins\u00e9curit\u00e9 alimentaire, de malnutrition, de pauvret\u00e9 et d&rsquo;augmentation de la violence sexiste se sont aggrav\u00e9s en Ukraine et dans le monde entier en raison des hausses de prix et des p\u00e9nuries induites par la guerre.<\/p>\n<\/div>\n<div class=\"bbc-19j92fr ebmt73l0\" dir=\"ltr\">\n<p class=\"bbc-1y32vyc e17g058b0\" dir=\"ltr\">Le 24 juin 2022, la Cour supr\u00eame des \u00c9tats-Unis a annul\u00e9 l&rsquo;arr\u00eat Roe contre Wade, un texte de loi historique qui prot\u00e9geait le droit \u00e0 l&rsquo;avortement pour les femmes am\u00e9ricaines, provoquant un toll\u00e9 g\u00e9n\u00e9ral et des manifestations aux \u00c9tats-Unis. Un certain nombre de femmes am\u00e9ricaines ont cherch\u00e9 un soutien pour obtenir une interruption de grossesse aupr\u00e8s de personnes au Mexique, o\u00f9 un jugement historique en 2021 a effectivement d\u00e9p\u00e9nalis\u00e9 l&rsquo;avortement.<\/p>\n<\/div>\n<div class=\"bbc-1ka88fa ebmt73l0\" dir=\"ltr\">\n<figure class=\"bbc-1qdcvv9 e1aczekt0\">\n<div class=\"bbc-172p16q ebmt73l0\" dir=\"ltr\">\n<div class=\"bbc-172p16q ebmt73l0\" dir=\"ltr\">\n<div class=\"bbc-189y18v ebmt73l0\" dir=\"ltr\">\n<div class=\"bbc-997y1y eihqrxw0\" data-e2e=\"image-placeholder\">\n<div class=\"lazyload-wrapper \"><img loading=\"lazy\" decoding=\"async\" class=\"e3vrtyk0 bbc-rb7xa0 e1mo64ex0\" src=\"https:\/\/ichef.bbci.co.uk\/news\/640\/cpsprodpb\/2AF7\/production\/_128699901_gettyimages-1405181638.jpg\" sizes=\"auto, (min-width: 1008px) 645px, 100vw\" srcset=\"https:\/\/ichef.bbci.co.uk\/news\/240\/cpsprodpb\/2AF7\/production\/_128699901_gettyimages-1405181638.jpg 240w, https:\/\/ichef.bbci.co.uk\/news\/320\/cpsprodpb\/2AF7\/production\/_128699901_gettyimages-1405181638.jpg 320w, https:\/\/ichef.bbci.co.uk\/news\/480\/cpsprodpb\/2AF7\/production\/_128699901_gettyimages-1405181638.jpg 480w, https:\/\/ichef.bbci.co.uk\/news\/624\/cpsprodpb\/2AF7\/production\/_128699901_gettyimages-1405181638.jpg 624w, https:\/\/ichef.bbci.co.uk\/news\/800\/cpsprodpb\/2AF7\/production\/_128699901_gettyimages-1405181638.jpg 800w\" alt=\"La police tente de retenir les manifestants\" width=\"976\" height=\"549\" \/><\/div>\n<p class=\"bbc-1s1cxbv ewbcsnk0\" role=\"text\"><span class=\"bbc-1gnhmg2 ed7bp6y0\">CR\u00c9DIT PHOTO,<\/span><span lang=\"en-GB\">GETTY IMAGES<\/span><\/p>\n<\/div>\n<\/div>\n<div class=\"bbc-3edg7g ebmt73l0\" dir=\"ltr\"><\/div>\n<\/div>\n<\/div><figcaption class=\"bbc-1ephn0r e6i104o0\" dir=\"ltr\"><span class=\"bbc-1gnhmg2 ed7bp6y0\">L\u00e9gende image,<\/span>Des manifestations ont eu lieu dans tout le pays en r\u00e9action \u00e0 l&rsquo;annulation de l&rsquo;arr\u00eat Roe v Wade.<\/p>\n<\/figcaption><div class=\"bbc-172p16q ebmt73l0\" dir=\"ltr\">\n<div class=\"bbc-3edg7g ebmt73l0\" dir=\"ltr\"><\/div>\n<\/div>\n<\/figure>\n<\/div>\n<div class=\"bbc-19j92fr ebmt73l0\" dir=\"ltr\">\n<p class=\"bbc-1y32vyc e17g058b0\" dir=\"ltr\">Ces derni\u00e8res ann\u00e9es cependant, des progr\u00e8s ont \u00e9t\u00e9 r\u00e9alis\u00e9s.<\/p>\n<\/div>\n<div class=\"bbc-19j92fr ebmt73l0\" dir=\"ltr\">\n<p class=\"bbc-1y32vyc e17g058b0\" dir=\"ltr\">En novembre 2022, le Parlement europ\u00e9en a adopt\u00e9, apr\u00e8s une bataille de dix ans, une loi visant \u00e0 garantir que davantage de femmes soient repr\u00e9sent\u00e9es dans les conseils d&rsquo;administration des soci\u00e9t\u00e9s cot\u00e9es en bourse d&rsquo;ici juillet 2026. \u00ab\u00a0Il y a beaucoup de femmes qualifi\u00e9es pour les postes de haut niveau et, gr\u00e2ce \u00e0 notre nouvelle loi europ\u00e9enne, nous ferons en sorte qu&rsquo;elles aient une r\u00e9elle chance de les obtenir\u00a0\u00bb, a d\u00e9clar\u00e9 l&rsquo;UE.<\/p>\n<\/div>\n<div class=\"bbc-19j92fr ebmt73l0\" dir=\"ltr\">\n<p class=\"bbc-1y32vyc e17g058b0\" dir=\"ltr\">Dans le m\u00eame temps, les lois sur le cong\u00e9 parental ont \u00e9t\u00e9 actualis\u00e9es en Arm\u00e9nie et en Colombie, et l&rsquo;Espagne a adopt\u00e9 des lois visant \u00e0 favoriser le cong\u00e9 pour raisons de sant\u00e9 menstruelle et \u00e0 \u00e9largir l&rsquo;acc\u00e8s \u00e0 l&rsquo;avortement.<\/p>\n<\/div>\n<div class=\"bbc-19j92fr ebmt73l0\" dir=\"ltr\">\n<p class=\"bbc-1y32vyc e17g058b0\" dir=\"ltr\">Le Comit\u00e9 international olympique a fait \u00e9tat des Jeux d&rsquo;hiver les plus \u00e9quilibr\u00e9s en termes de genre, les femmes repr\u00e9sentant 45 % des athl\u00e8tes \u00e0 P\u00e9kin 2022. Bien que la parit\u00e9 n&rsquo;ait pas \u00e9t\u00e9 atteinte, de nouvelles directives ont favoris\u00e9 une couverture plus \u00e9quilibr\u00e9e du sport f\u00e9minin.<\/p>\n<\/div>\n<div class=\"bbc-19j92fr ebmt73l0\" dir=\"ltr\">\n<p class=\"bbc-1y32vyc e17g058b0\" dir=\"ltr\">En 2023, la Coupe du monde f\u00e9minine de la Fifa a \u00e9t\u00e9 \u00e9largie et 36 \u00e9quipes y participeront. Avant la comp\u00e9tition, la F\u00e9d\u00e9ration am\u00e9ricaine de football a conclu un accord historique pour payer ses \u00e9quipes masculines et f\u00e9minines de mani\u00e8re \u00e9gale, ce qui en fait la premi\u00e8re dans le sport \u00e0 promettre aux deux sexes un salaire \u00e9gal. Les joueuses avaient d\u00e9pos\u00e9 un certain nombre de demandes d&rsquo;\u00e9galit\u00e9 salariale et de poursuites judiciaires, plaidant leur cause pendant plus de cinq ans.<\/p>\n<\/div>\n<div class=\"bbc-1ka88fa ebmt73l0\" dir=\"ltr\">\n<figure class=\"bbc-1qdcvv9 e1aczekt0\">\n<div class=\"bbc-172p16q ebmt73l0\" dir=\"ltr\">\n<div class=\"bbc-189y18v ebmt73l0\" dir=\"ltr\">\n<div class=\"bbc-997y1y eihqrxw0\" data-e2e=\"image-placeholder\">\n<div class=\"lazyload-wrapper \"><img loading=\"lazy\" decoding=\"async\" class=\"e3vrtyk0 bbc-rb7xa0 e1mo64ex0\" src=\"https:\/\/ichef.bbci.co.uk\/news\/640\/cpsprodpb\/11A76\/production\/_86601327_line976.jpg\" sizes=\"auto, (min-width: 1008px) 645px, 100vw\" srcset=\"https:\/\/ichef.bbci.co.uk\/news\/240\/cpsprodpb\/11A76\/production\/_86601327_line976.jpg 240w, https:\/\/ichef.bbci.co.uk\/news\/320\/cpsprodpb\/11A76\/production\/_86601327_line976.jpg 320w, https:\/\/ichef.bbci.co.uk\/news\/480\/cpsprodpb\/11A76\/production\/_86601327_line976.jpg 480w, https:\/\/ichef.bbci.co.uk\/news\/624\/cpsprodpb\/11A76\/production\/_86601327_line976.jpg 624w\" alt=\"line\" width=\"624\" height=\"2\" \/><\/div>\n<\/div>\n<\/div>\n<\/div>\n<\/figure>\n<\/div>\n<div class=\"bbc-1ka88fa ebmt73l0\" dir=\"ltr\">\n<figure class=\"bbc-1qdcvv9 e1aczekt0\">\n<div class=\"bbc-172p16q ebmt73l0\" dir=\"ltr\">\n<div class=\"bbc-189y18v ebmt73l0\" dir=\"ltr\">\n<div class=\"bbc-997y1y eihqrxw0\" data-e2e=\"image-placeholder\">\n<div class=\"lazyload-wrapper \"><img loading=\"lazy\" decoding=\"async\" class=\"e3vrtyk0 bbc-rb7xa0 e1mo64ex0\" src=\"https:\/\/ichef.bbci.co.uk\/news\/640\/cpsprodpb\/7951\/production\/_121975013_100wlogo.jpg\" sizes=\"auto, (min-width: 1008px) 645px, 100vw\" srcset=\"https:\/\/ichef.bbci.co.uk\/news\/240\/cpsprodpb\/7951\/production\/_121975013_100wlogo.jpg 240w, https:\/\/ichef.bbci.co.uk\/news\/320\/cpsprodpb\/7951\/production\/_121975013_100wlogo.jpg 320w, https:\/\/ichef.bbci.co.uk\/news\/480\/cpsprodpb\/7951\/production\/_121975013_100wlogo.jpg 480w, https:\/\/ichef.bbci.co.uk\/news\/624\/cpsprodpb\/7951\/production\/_121975013_100wlogo.jpg 624w, https:\/\/ichef.bbci.co.uk\/news\/800\/cpsprodpb\/7951\/production\/_121975013_100wlogo.jpg 800w\" alt=\"BBC\" width=\"2790\" height=\"1194\" \/><\/div>\n<\/div>\n<\/div>\n<\/div>\n<\/figure>\n<\/div>\n<div class=\"bbc-19j92fr ebmt73l0\" dir=\"ltr\">\n<h2 id=\"Questce-que-100-Women-\" class=\"bbc-1itnmzg eglt09e0\" tabindex=\"-1\">Qu&rsquo;est-ce que 100 Women ?<\/h2>\n<\/div>\n<div class=\"bbc-19j92fr ebmt73l0\" dir=\"ltr\">\n<p class=\"bbc-1y32vyc e17g058b0\" dir=\"ltr\">BBC 100 Women nomme chaque ann\u00e9e 100 femmes inspirantes et influentes dans le monde entier. Suivez BBC 100 Women sur Instagram, Facebook et Twitter. Participez \u00e0 la conversation en utilisant #BBC100Women.<\/p>\n<p dir=\"ltr\">BBC<\/p>\n<\/div>\n<\/div>\n","protected":false,"gt_translate_keys":[{"key":"rendered","format":"html"}]},"excerpt":{"rendered":"<p>Vous avez peut-\u00eatre vu la Journ\u00e9e internationale de la femme mentionn\u00e9e dans les m\u00e9dias ou entendu des amis en parler. Mais \u00e0 quoi sert cette journ\u00e9e ? Quand a-t-elle lieu ? Existe-t-il un \u00e9quivalent de la Journ\u00e9e internationale des hommes ? Et quels \u00e9v\u00e9nements auront lieu cette ann\u00e9e ? Depuis plus d&rsquo;un si\u00e8cle, le monde entier fait du 8 mars une journ\u00e9e sp\u00e9ciale pour les femmes. Comment cela a-t-il commenc\u00e9 ? CR\u00c9DIT PHOTO,CORBIS \/ HULTON DEUTSCH La Journ\u00e9e internationale de la femme, \u00e9galement connue sous le nom de JIF, est&hellip;<\/p>\n","protected":false,"gt_translate_keys":[{"key":"rendered","format":"html"}]},"author":1,"featured_media":21973,"comment_status":"open","ping_status":"open","sticky":false,"template":"","format":"standard","meta":{"_crdt_document":"","footnotes":""},"categories":[21],"tags":[37899,37897,37898,37900,37896],"class_list":["post-21972","post","type-post","status-publish","format-standard","has-post-thumbnail","hentry","category-gender","tag-debut-du-08-mars","tag-histoire-du-08-mars","tag-histoire-jif","tag-historique-journee-internationale-de-la-femme","tag-historique-le-08-mars"],"gutentor_comment":0,"yoast_head":"<!-- This site is optimized with the Yoast SEO plugin v27.5 - https:\/\/yoast.com\/product\/yoast-seo-wordpress\/ -->\n<title>Histoire, marches et c\u00e9l\u00e9brations de la journ\u00e9e internationale de la femme - Actualit\u00e9s congolaises et internationales<\/title>\n<meta name=\"robots\" content=\"index, follow, max-snippet:-1, max-image-preview:large, max-video-preview:-1\" \/>\n<link rel=\"canonical\" href=\"https:\/\/congovirtuel.com\/information\/histoire-marches-et-celebrations-de-la-journee-internationale-de-la-femme\/\" \/>\n<meta property=\"og:locale\" content=\"fr_FR\" \/>\n<meta property=\"og:type\" content=\"article\" \/>\n<meta property=\"og:title\" content=\"Histoire, marches et c\u00e9l\u00e9brations de la journ\u00e9e internationale de la femme - Actualit\u00e9s congolaises et internationales\" \/>\n<meta property=\"og:description\" content=\"Vous avez peut-\u00eatre vu la Journ\u00e9e internationale de la femme mentionn\u00e9e dans les m\u00e9dias ou entendu des amis en parler. Mais \u00e0 quoi sert cette journ\u00e9e ? Quand a-t-elle lieu ? Existe-t-il un \u00e9quivalent de la Journ\u00e9e internationale des hommes ? Et quels \u00e9v\u00e9nements auront lieu cette ann\u00e9e ? Depuis plus d&rsquo;un si\u00e8cle, le monde entier fait du 8 mars une journ\u00e9e sp\u00e9ciale pour les femmes. Comment cela a-t-il commenc\u00e9 ? CR\u00c9DIT PHOTO,CORBIS \/ HULTON DEUTSCH La Journ\u00e9e internationale de la femme, \u00e9galement connue sous le nom de JIF, est&hellip;\" \/>\n<meta property=\"og:url\" content=\"https:\/\/congovirtuel.com\/information\/histoire-marches-et-celebrations-de-la-journee-internationale-de-la-femme\/\" \/>\n<meta property=\"og:site_name\" content=\"Actualit\u00e9s congolaises et internationales\" \/>\n<meta property=\"article:publisher\" content=\"https:\/\/web.facebook.com\/Congovirtuel-763617960319601\/?ref=aymt_homepage_panel&amp;amp%3bamp%3bamp%3bamp%3bamp%3bamp%3bamp%3bamp%3bamp%3bamp%3bamp%3beid=ARCoxULa66767kIgF_KYav6VdjXTI4yk_LW4yoVO9s6NXpysgb7Cb65vpxcxgqzOAKvIbLQxaAETcqHT\" \/>\n<meta property=\"article:published_time\" content=\"2023-03-07T15:05:04+00:00\" \/>\n<meta property=\"og:image\" content=\"https:\/\/congovirtuel.com\/information\/wp-content\/uploads\/2023\/03\/Clara_Zetkin-700-x-337-1.jpg\" \/>\n\t<meta property=\"og:image:width\" content=\"700\" \/>\n\t<meta property=\"og:image:height\" content=\"337\" \/>\n\t<meta property=\"og:image:type\" content=\"image\/jpeg\" \/>\n<meta name=\"author\" content=\"infocongovirtuel\" \/>\n<meta name=\"twitter:card\" content=\"summary_large_image\" \/>\n<meta name=\"twitter:creator\" content=\"@congovirtuel\" \/>\n<meta name=\"twitter:site\" content=\"@congovirtuel\" \/>\n<meta name=\"twitter:label1\" content=\"\u00c9crit par\" \/>\n\t<meta name=\"twitter:data1\" content=\"infocongovirtuel\" \/>\n\t<meta name=\"twitter:label2\" content=\"Dur\u00e9e de lecture estim\u00e9e\" \/>\n\t<meta name=\"twitter:data2\" content=\"11 minutes\" \/>\n<script type=\"application\/ld+json\" class=\"yoast-schema-graph\">{\"@context\":\"https:\\\/\\\/schema.org\",\"@graph\":[{\"@type\":\"Article\",\"@id\":\"https:\\\/\\\/congovirtuel.com\\\/information\\\/histoire-marches-et-celebrations-de-la-journee-internationale-de-la-femme\\\/#article\",\"isPartOf\":{\"@id\":\"https:\\\/\\\/congovirtuel.com\\\/information\\\/histoire-marches-et-celebrations-de-la-journee-internationale-de-la-femme\\\/\"},\"author\":{\"name\":\"infocongovirtuel\",\"@id\":\"https:\\\/\\\/congovirtuel.com\\\/information\\\/#\\\/schema\\\/person\\\/739a44bf7990966cb53d58d2fdeca0b6\"},\"headline\":\"Histoire, marches et c\u00e9l\u00e9brations de la journ\u00e9e internationale de la femme\",\"datePublished\":\"2023-03-07T15:05:04+00:00\",\"mainEntityOfPage\":{\"@id\":\"https:\\\/\\\/congovirtuel.com\\\/information\\\/histoire-marches-et-celebrations-de-la-journee-internationale-de-la-femme\\\/\"},\"wordCount\":1952,\"commentCount\":0,\"publisher\":{\"@id\":\"https:\\\/\\\/congovirtuel.com\\\/information\\\/#organization\"},\"image\":{\"@id\":\"https:\\\/\\\/congovirtuel.com\\\/information\\\/histoire-marches-et-celebrations-de-la-journee-internationale-de-la-femme\\\/#primaryimage\"},\"thumbnailUrl\":\"https:\\\/\\\/congovirtuel.com\\\/information\\\/wp-content\\\/uploads\\\/2023\\\/03\\\/Clara_Zetkin-700-x-337-1.jpg\",\"keywords\":[\"d\u00e9but du 08 mars\",\"histoire du 08 mars\",\"histoire JIF\",\"historique journ\u00e9e internationale de la femme\",\"historique le 08 mars\"],\"articleSection\":[\"Gender\"],\"inLanguage\":\"fr-FR\",\"potentialAction\":[{\"@type\":\"CommentAction\",\"name\":\"Comment\",\"target\":[\"https:\\\/\\\/congovirtuel.com\\\/information\\\/histoire-marches-et-celebrations-de-la-journee-internationale-de-la-femme\\\/#respond\"]}]},{\"@type\":\"WebPage\",\"@id\":\"https:\\\/\\\/congovirtuel.com\\\/information\\\/histoire-marches-et-celebrations-de-la-journee-internationale-de-la-femme\\\/\",\"url\":\"https:\\\/\\\/congovirtuel.com\\\/information\\\/histoire-marches-et-celebrations-de-la-journee-internationale-de-la-femme\\\/\",\"name\":\"Histoire, marches et c\u00e9l\u00e9brations de la journ\u00e9e internationale de la femme - Actualit\u00e9s congolaises et internationales\",\"isPartOf\":{\"@id\":\"https:\\\/\\\/congovirtuel.com\\\/information\\\/#website\"},\"primaryImageOfPage\":{\"@id\":\"https:\\\/\\\/congovirtuel.com\\\/information\\\/histoire-marches-et-celebrations-de-la-journee-internationale-de-la-femme\\\/#primaryimage\"},\"image\":{\"@id\":\"https:\\\/\\\/congovirtuel.com\\\/information\\\/histoire-marches-et-celebrations-de-la-journee-internationale-de-la-femme\\\/#primaryimage\"},\"thumbnailUrl\":\"https:\\\/\\\/congovirtuel.com\\\/information\\\/wp-content\\\/uploads\\\/2023\\\/03\\\/Clara_Zetkin-700-x-337-1.jpg\",\"datePublished\":\"2023-03-07T15:05:04+00:00\",\"breadcrumb\":{\"@id\":\"https:\\\/\\\/congovirtuel.com\\\/information\\\/histoire-marches-et-celebrations-de-la-journee-internationale-de-la-femme\\\/#breadcrumb\"},\"inLanguage\":\"fr-FR\",\"potentialAction\":[{\"@type\":\"ReadAction\",\"target\":[\"https:\\\/\\\/congovirtuel.com\\\/information\\\/histoire-marches-et-celebrations-de-la-journee-internationale-de-la-femme\\\/\"]}]},{\"@type\":\"ImageObject\",\"inLanguage\":\"fr-FR\",\"@id\":\"https:\\\/\\\/congovirtuel.com\\\/information\\\/histoire-marches-et-celebrations-de-la-journee-internationale-de-la-femme\\\/#primaryimage\",\"url\":\"https:\\\/\\\/congovirtuel.com\\\/information\\\/wp-content\\\/uploads\\\/2023\\\/03\\\/Clara_Zetkin-700-x-337-1.jpg\",\"contentUrl\":\"https:\\\/\\\/congovirtuel.com\\\/information\\\/wp-content\\\/uploads\\\/2023\\\/03\\\/Clara_Zetkin-700-x-337-1.jpg\",\"width\":700,\"height\":337},{\"@type\":\"BreadcrumbList\",\"@id\":\"https:\\\/\\\/congovirtuel.com\\\/information\\\/histoire-marches-et-celebrations-de-la-journee-internationale-de-la-femme\\\/#breadcrumb\",\"itemListElement\":[{\"@type\":\"ListItem\",\"position\":1,\"name\":\"Accueil\",\"item\":\"https:\\\/\\\/congovirtuel.com\\\/information\\\/\"},{\"@type\":\"ListItem\",\"position\":2,\"name\":\"Histoire, marches et c\u00e9l\u00e9brations de la journ\u00e9e internationale de la femme\"}]},{\"@type\":\"WebSite\",\"@id\":\"https:\\\/\\\/congovirtuel.com\\\/information\\\/#website\",\"url\":\"https:\\\/\\\/congovirtuel.com\\\/information\\\/\",\"name\":\"Actualit\u00e9s congolaises et internationales\",\"description\":\"site d&#039;analyse et de traitement d&#039;information\",\"publisher\":{\"@id\":\"https:\\\/\\\/congovirtuel.com\\\/information\\\/#organization\"},\"potentialAction\":[{\"@type\":\"SearchAction\",\"target\":{\"@type\":\"EntryPoint\",\"urlTemplate\":\"https:\\\/\\\/congovirtuel.com\\\/information\\\/?s={search_term_string}\"},\"query-input\":{\"@type\":\"PropertyValueSpecification\",\"valueRequired\":true,\"valueName\":\"search_term_string\"}}],\"inLanguage\":\"fr-FR\"},{\"@type\":\"Organization\",\"@id\":\"https:\\\/\\\/congovirtuel.com\\\/information\\\/#organization\",\"name\":\"Biblioth\u00e8que Virtuelle de la RDC\",\"url\":\"https:\\\/\\\/congovirtuel.com\\\/information\\\/\",\"logo\":{\"@type\":\"ImageObject\",\"inLanguage\":\"fr-FR\",\"@id\":\"https:\\\/\\\/congovirtuel.com\\\/information\\\/#\\\/schema\\\/logo\\\/image\\\/\",\"url\":\"https:\\\/\\\/congovirtuel.com\\\/information\\\/wp-content\\\/uploads\\\/2018\\\/10\\\/header-info-congovirtuel-vraie.jpg\",\"contentUrl\":\"https:\\\/\\\/congovirtuel.com\\\/information\\\/wp-content\\\/uploads\\\/2018\\\/10\\\/header-info-congovirtuel-vraie.jpg\",\"width\":728,\"height\":90,\"caption\":\"Biblioth\u00e8que Virtuelle de la RDC\"},\"image\":{\"@id\":\"https:\\\/\\\/congovirtuel.com\\\/information\\\/#\\\/schema\\\/logo\\\/image\\\/\"},\"sameAs\":[\"https:\\\/\\\/web.facebook.com\\\/Congovirtuel-763617960319601\\\/?ref=aymt_homepage_panel&amp;amp;amp;amp;amp;amp;amp;amp;amp;amp;amp;eid=ARCoxULa66767kIgF_KYav6VdjXTI4yk_LW4yoVO9s6NXpysgb7Cb65vpxcxgqzOAKvIbLQxaAETcqHT\",\"https:\\\/\\\/x.com\\\/congovirtuel\",\"https:\\\/\\\/www.youtube.com\\\/channel\\\/UCkFfprYzGgS3EWNpeMXpToQ?view_as=subscriber\"]},{\"@type\":\"Person\",\"@id\":\"https:\\\/\\\/congovirtuel.com\\\/information\\\/#\\\/schema\\\/person\\\/739a44bf7990966cb53d58d2fdeca0b6\",\"name\":\"infocongovirtuel\",\"image\":{\"@type\":\"ImageObject\",\"inLanguage\":\"fr-FR\",\"@id\":\"https:\\\/\\\/secure.gravatar.com\\\/avatar\\\/4d76991aa72469f0eb22e772586c99113c6997f88da636a9db8f2ce3a2c05e69?s=96&d=mm&r=g\",\"url\":\"https:\\\/\\\/secure.gravatar.com\\\/avatar\\\/4d76991aa72469f0eb22e772586c99113c6997f88da636a9db8f2ce3a2c05e69?s=96&d=mm&r=g\",\"contentUrl\":\"https:\\\/\\\/secure.gravatar.com\\\/avatar\\\/4d76991aa72469f0eb22e772586c99113c6997f88da636a9db8f2ce3a2c05e69?s=96&d=mm&r=g\",\"caption\":\"infocongovirtuel\"},\"url\":\"https:\\\/\\\/congovirtuel.com\\\/information\\\/author\\\/infocongovirtuel\\\/\"}]}<\/script>\n<!-- \/ Yoast SEO plugin. -->","yoast_head_json":{"title":"Histoire, marches et c\u00e9l\u00e9brations de la journ\u00e9e internationale de la femme - Actualit\u00e9s congolaises et internationales","robots":{"index":"index","follow":"follow","max-snippet":"max-snippet:-1","max-image-preview":"max-image-preview:large","max-video-preview":"max-video-preview:-1"},"canonical":"https:\/\/congovirtuel.com\/information\/histoire-marches-et-celebrations-de-la-journee-internationale-de-la-femme\/","og_locale":"fr_FR","og_type":"article","og_title":"Histoire, marches et c\u00e9l\u00e9brations de la journ\u00e9e internationale de la femme - Actualit\u00e9s congolaises et internationales","og_description":"Vous avez peut-\u00eatre vu la Journ\u00e9e internationale de la femme mentionn\u00e9e dans les m\u00e9dias ou entendu des amis en parler. Mais \u00e0 quoi sert cette journ\u00e9e ? Quand a-t-elle lieu ? Existe-t-il un \u00e9quivalent de la Journ\u00e9e internationale des hommes ? Et quels \u00e9v\u00e9nements auront lieu cette ann\u00e9e ? Depuis plus d&rsquo;un si\u00e8cle, le monde entier fait du 8 mars une journ\u00e9e sp\u00e9ciale pour les femmes. Comment cela a-t-il commenc\u00e9 ? CR\u00c9DIT PHOTO,CORBIS \/ HULTON DEUTSCH La Journ\u00e9e internationale de la femme, \u00e9galement connue sous le nom de JIF, est&hellip;","og_url":"https:\/\/congovirtuel.com\/information\/histoire-marches-et-celebrations-de-la-journee-internationale-de-la-femme\/","og_site_name":"Actualit\u00e9s congolaises et internationales","article_publisher":"https:\/\/web.facebook.com\/Congovirtuel-763617960319601\/?ref=aymt_homepage_panel&amp%3bamp%3bamp%3bamp%3bamp%3bamp%3bamp%3bamp%3bamp%3bamp%3bamp%3beid=ARCoxULa66767kIgF_KYav6VdjXTI4yk_LW4yoVO9s6NXpysgb7Cb65vpxcxgqzOAKvIbLQxaAETcqHT","article_published_time":"2023-03-07T15:05:04+00:00","og_image":[{"width":700,"height":337,"url":"https:\/\/congovirtuel.com\/information\/wp-content\/uploads\/2023\/03\/Clara_Zetkin-700-x-337-1.jpg","type":"image\/jpeg"}],"author":"infocongovirtuel","twitter_card":"summary_large_image","twitter_creator":"@congovirtuel","twitter_site":"@congovirtuel","twitter_misc":{"\u00c9crit par":"infocongovirtuel","Dur\u00e9e de lecture estim\u00e9e":"11 minutes"},"schema":{"@context":"https:\/\/schema.org","@graph":[{"@type":"Article","@id":"https:\/\/congovirtuel.com\/information\/histoire-marches-et-celebrations-de-la-journee-internationale-de-la-femme\/#article","isPartOf":{"@id":"https:\/\/congovirtuel.com\/information\/histoire-marches-et-celebrations-de-la-journee-internationale-de-la-femme\/"},"author":{"name":"infocongovirtuel","@id":"https:\/\/congovirtuel.com\/information\/#\/schema\/person\/739a44bf7990966cb53d58d2fdeca0b6"},"headline":"Histoire, marches et c\u00e9l\u00e9brations de la journ\u00e9e internationale de la femme","datePublished":"2023-03-07T15:05:04+00:00","mainEntityOfPage":{"@id":"https:\/\/congovirtuel.com\/information\/histoire-marches-et-celebrations-de-la-journee-internationale-de-la-femme\/"},"wordCount":1952,"commentCount":0,"publisher":{"@id":"https:\/\/congovirtuel.com\/information\/#organization"},"image":{"@id":"https:\/\/congovirtuel.com\/information\/histoire-marches-et-celebrations-de-la-journee-internationale-de-la-femme\/#primaryimage"},"thumbnailUrl":"https:\/\/congovirtuel.com\/information\/wp-content\/uploads\/2023\/03\/Clara_Zetkin-700-x-337-1.jpg","keywords":["d\u00e9but du 08 mars","histoire du 08 mars","histoire JIF","historique journ\u00e9e internationale de la femme","historique le 08 mars"],"articleSection":["Gender"],"inLanguage":"fr-FR","potentialAction":[{"@type":"CommentAction","name":"Comment","target":["https:\/\/congovirtuel.com\/information\/histoire-marches-et-celebrations-de-la-journee-internationale-de-la-femme\/#respond"]}]},{"@type":"WebPage","@id":"https:\/\/congovirtuel.com\/information\/histoire-marches-et-celebrations-de-la-journee-internationale-de-la-femme\/","url":"https:\/\/congovirtuel.com\/information\/histoire-marches-et-celebrations-de-la-journee-internationale-de-la-femme\/","name":"Histoire, marches et c\u00e9l\u00e9brations de la journ\u00e9e internationale de la femme - Actualit\u00e9s congolaises et internationales","isPartOf":{"@id":"https:\/\/congovirtuel.com\/information\/#website"},"primaryImageOfPage":{"@id":"https:\/\/congovirtuel.com\/information\/histoire-marches-et-celebrations-de-la-journee-internationale-de-la-femme\/#primaryimage"},"image":{"@id":"https:\/\/congovirtuel.com\/information\/histoire-marches-et-celebrations-de-la-journee-internationale-de-la-femme\/#primaryimage"},"thumbnailUrl":"https:\/\/congovirtuel.com\/information\/wp-content\/uploads\/2023\/03\/Clara_Zetkin-700-x-337-1.jpg","datePublished":"2023-03-07T15:05:04+00:00","breadcrumb":{"@id":"https:\/\/congovirtuel.com\/information\/histoire-marches-et-celebrations-de-la-journee-internationale-de-la-femme\/#breadcrumb"},"inLanguage":"fr-FR","potentialAction":[{"@type":"ReadAction","target":["https:\/\/congovirtuel.com\/information\/histoire-marches-et-celebrations-de-la-journee-internationale-de-la-femme\/"]}]},{"@type":"ImageObject","inLanguage":"fr-FR","@id":"https:\/\/congovirtuel.com\/information\/histoire-marches-et-celebrations-de-la-journee-internationale-de-la-femme\/#primaryimage","url":"https:\/\/congovirtuel.com\/information\/wp-content\/uploads\/2023\/03\/Clara_Zetkin-700-x-337-1.jpg","contentUrl":"https:\/\/congovirtuel.com\/information\/wp-content\/uploads\/2023\/03\/Clara_Zetkin-700-x-337-1.jpg","width":700,"height":337},{"@type":"BreadcrumbList","@id":"https:\/\/congovirtuel.com\/information\/histoire-marches-et-celebrations-de-la-journee-internationale-de-la-femme\/#breadcrumb","itemListElement":[{"@type":"ListItem","position":1,"name":"Accueil","item":"https:\/\/congovirtuel.com\/information\/"},{"@type":"ListItem","position":2,"name":"Histoire, marches et c\u00e9l\u00e9brations de la journ\u00e9e internationale de la femme"}]},{"@type":"WebSite","@id":"https:\/\/congovirtuel.com\/information\/#website","url":"https:\/\/congovirtuel.com\/information\/","name":"Actualit\u00e9s congolaises et internationales","description":"site d&#039;analyse et de traitement d&#039;information","publisher":{"@id":"https:\/\/congovirtuel.com\/information\/#organization"},"potentialAction":[{"@type":"SearchAction","target":{"@type":"EntryPoint","urlTemplate":"https:\/\/congovirtuel.com\/information\/?s={search_term_string}"},"query-input":{"@type":"PropertyValueSpecification","valueRequired":true,"valueName":"search_term_string"}}],"inLanguage":"fr-FR"},{"@type":"Organization","@id":"https:\/\/congovirtuel.com\/information\/#organization","name":"Biblioth\u00e8que Virtuelle de la RDC","url":"https:\/\/congovirtuel.com\/information\/","logo":{"@type":"ImageObject","inLanguage":"fr-FR","@id":"https:\/\/congovirtuel.com\/information\/#\/schema\/logo\/image\/","url":"https:\/\/congovirtuel.com\/information\/wp-content\/uploads\/2018\/10\/header-info-congovirtuel-vraie.jpg","contentUrl":"https:\/\/congovirtuel.com\/information\/wp-content\/uploads\/2018\/10\/header-info-congovirtuel-vraie.jpg","width":728,"height":90,"caption":"Biblioth\u00e8que Virtuelle de la RDC"},"image":{"@id":"https:\/\/congovirtuel.com\/information\/#\/schema\/logo\/image\/"},"sameAs":["https:\/\/web.facebook.com\/Congovirtuel-763617960319601\/?ref=aymt_homepage_panel&amp;amp;amp;amp;amp;amp;amp;amp;amp;amp;amp;eid=ARCoxULa66767kIgF_KYav6VdjXTI4yk_LW4yoVO9s6NXpysgb7Cb65vpxcxgqzOAKvIbLQxaAETcqHT","https:\/\/x.com\/congovirtuel","https:\/\/www.youtube.com\/channel\/UCkFfprYzGgS3EWNpeMXpToQ?view_as=subscriber"]},{"@type":"Person","@id":"https:\/\/congovirtuel.com\/information\/#\/schema\/person\/739a44bf7990966cb53d58d2fdeca0b6","name":"infocongovirtuel","image":{"@type":"ImageObject","inLanguage":"fr-FR","@id":"https:\/\/secure.gravatar.com\/avatar\/4d76991aa72469f0eb22e772586c99113c6997f88da636a9db8f2ce3a2c05e69?s=96&d=mm&r=g","url":"https:\/\/secure.gravatar.com\/avatar\/4d76991aa72469f0eb22e772586c99113c6997f88da636a9db8f2ce3a2c05e69?s=96&d=mm&r=g","contentUrl":"https:\/\/secure.gravatar.com\/avatar\/4d76991aa72469f0eb22e772586c99113c6997f88da636a9db8f2ce3a2c05e69?s=96&d=mm&r=g","caption":"infocongovirtuel"},"url":"https:\/\/congovirtuel.com\/information\/author\/infocongovirtuel\/"}]}},"gt_translate_keys":[{"key":"link","format":"url"}],"_links":{"self":[{"href":"https:\/\/congovirtuel.com\/information\/wp-json\/wp\/v2\/posts\/21972","targetHints":{"allow":["GET"]}}],"collection":[{"href":"https:\/\/congovirtuel.com\/information\/wp-json\/wp\/v2\/posts"}],"about":[{"href":"https:\/\/congovirtuel.com\/information\/wp-json\/wp\/v2\/types\/post"}],"author":[{"embeddable":true,"href":"https:\/\/congovirtuel.com\/information\/wp-json\/wp\/v2\/users\/1"}],"replies":[{"embeddable":true,"href":"https:\/\/congovirtuel.com\/information\/wp-json\/wp\/v2\/comments?post=21972"}],"version-history":[{"count":1,"href":"https:\/\/congovirtuel.com\/information\/wp-json\/wp\/v2\/posts\/21972\/revisions"}],"predecessor-version":[{"id":21974,"href":"https:\/\/congovirtuel.com\/information\/wp-json\/wp\/v2\/posts\/21972\/revisions\/21974"}],"wp:featuredmedia":[{"embeddable":true,"href":"https:\/\/congovirtuel.com\/information\/wp-json\/wp\/v2\/media\/21973"}],"wp:attachment":[{"href":"https:\/\/congovirtuel.com\/information\/wp-json\/wp\/v2\/media?parent=21972"}],"wp:term":[{"taxonomy":"category","embeddable":true,"href":"https:\/\/congovirtuel.com\/information\/wp-json\/wp\/v2\/categories?post=21972"},{"taxonomy":"post_tag","embeddable":true,"href":"https:\/\/congovirtuel.com\/information\/wp-json\/wp\/v2\/tags?post=21972"}],"curies":[{"name":"wp","href":"https:\/\/api.w.org\/{rel}","templated":true}]}}