{"id":21976,"date":"2023-03-07T17:23:05","date_gmt":"2023-03-07T16:23:05","guid":{"rendered":"https:\/\/congovirtuel.com\/information\/?p=21976"},"modified":"2023-03-07T17:23:05","modified_gmt":"2023-03-07T16:23:05","slug":"besoin-dun-tabouret-pour-paraitre-plus-grand-ce-cliche-de-macron-en-angola-qui-devient-viral","status":"publish","type":"post","link":"https:\/\/congovirtuel.com\/information\/besoin-dun-tabouret-pour-paraitre-plus-grand-ce-cliche-de-macron-en-angola-qui-devient-viral\/","title":{"rendered":"\u00ab\u00a0Besoin d\u2019un tabouret pour para\u00eetre plus grand?\u00a0\u00bb: ce clich\u00e9 de Macron en Angola qui devient viral","gt_translate_keys":[{"key":"rendered","format":"text"}]},"content":{"rendered":"<div class=\"article__header\">\n<div class=\"article__announce-text\">\u00ab\u00a0Le ridicule ne tue pas\u00a0\u00bb, du moins s\u2019il ne s\u2019agit pas de blagues suite \u00e0 la visite d\u2019Emmanuel Macron en Angola. Des twitternautes n\u2019ont pas pu s\u2019emp\u00eacher de tourner en d\u00e9rision le fait que, pour une photo collective, le Pr\u00e9sident fran\u00e7ais soit mont\u00e9 sur une sorte d\u2019estrade. \u00ab\u00a0Petit roi Macron\u00a0\u00bb, ironisent-ils.<\/div>\n<\/div>\n<div class=\"article__body\">\n<div class=\"article__block\" data-type=\"text\">\n<div class=\"article__text\">\u00ab\u00a0R\u00e9pondre aux d\u00e9fis\u00a0\u00bb, \u00ab\u00a0nombre in\u00e9dit d\u2019entreprises fran\u00e7aises\u00a0\u00bb, \u00ab\u00a0s\u2019engager\u00a0\u00bb\u2026 C\u2019est avec ces paroles fortes Emmanuel Macron a accompagn\u00e9 une photo prise lors de sa visite en Angola. Pourtant, des internautes ont tent\u00e9 de percer les apparences, la photo en question y donnant mati\u00e8re.<\/div>\n<\/div>\n<div class=\"article__block\" data-type=\"text\">\n<div class=\"article__text\">On voit le Pr\u00e9sident de la R\u00e9publique sur une petite estrade qui donne l\u2019impression qu\u2019il domine son entourage. Si certains se sont demand\u00e9 s\u2019il ne s\u2019agissait pas d\u2019un montage, d\u2019autres ont point\u00e9 un \u00ab\u00a0complexe d\u2019inf\u00e9riorit\u00e9\u00a0\u00bb ou \u00ab\u00a0de sup\u00e9riorit\u00e9\u00a0\u00bb qui \u00ab\u00a0r\u00e9v\u00e8le de la psychiatrie\u00a0\u00bb.<\/div>\n<\/div>\n<div>Sputnik<\/div>\n<div class=\"article__block\" data-type=\"text\">\n<div><\/div>\n<\/div>\n<\/div>\n","protected":false,"gt_translate_keys":[{"key":"rendered","format":"html"}]},"excerpt":{"rendered":"<p>\u00ab\u00a0Le ridicule ne tue pas\u00a0\u00bb, du moins s\u2019il ne s\u2019agit pas de blagues suite \u00e0 la visite d\u2019Emmanuel Macron en Angola. Des twitternautes n\u2019ont pas pu s\u2019emp\u00eacher de tourner en d\u00e9rision le fait que, pour une photo collective, le Pr\u00e9sident fran\u00e7ais soit mont\u00e9 sur une sorte d\u2019estrade. \u00ab\u00a0Petit roi Macron\u00a0\u00bb, ironisent-ils. \u00ab\u00a0R\u00e9pondre aux d\u00e9fis\u00a0\u00bb, \u00ab\u00a0nombre in\u00e9dit d\u2019entreprises fran\u00e7aises\u00a0\u00bb, \u00ab\u00a0s\u2019engager\u00a0\u00bb\u2026 C\u2019est avec ces paroles fortes Emmanuel Macron a accompagn\u00e9 une photo prise lors de sa visite en Angola. Pourtant, des internautes ont tent\u00e9 de percer les apparences, la photo en question&hellip;<\/p>\n","protected":false,"gt_translate_keys":[{"key":"rendered","format":"html"}]},"author":1,"featured_media":21975,"comment_status":"open","ping_status":"open","sticky":false,"template":"","format":"standard","meta":{"_crdt_document":"","footnotes":""},"categories":[1762],"tags":[37902,37901],"class_list":["post-21976","post","type-post","status-publish","format-standard","has-post-thumbnail","hentry","category-france","tag-macron-en-tabouret-angola","tag-tabouret-macron"],"gutentor_comment":0,"yoast_head":"<!-- This site is optimized with the Yoast SEO plugin v27.5 - https:\/\/yoast.com\/product\/yoast-seo-wordpress\/ -->\n<title>&quot;Besoin d\u2019un tabouret pour para\u00eetre plus grand?&quot;: ce clich\u00e9 de Macron en Angola qui devient viral - Actualit\u00e9s congolaises et internationales<\/title>\n<meta name=\"robots\" content=\"index, follow, max-snippet:-1, max-image-preview:large, max-video-preview:-1\" \/>\n<link rel=\"canonical\" href=\"https:\/\/congovirtuel.com\/information\/besoin-dun-tabouret-pour-paraitre-plus-grand-ce-cliche-de-macron-en-angola-qui-devient-viral\/\" \/>\n<meta property=\"og:locale\" content=\"fr_FR\" \/>\n<meta property=\"og:type\" content=\"article\" \/>\n<meta property=\"og:title\" content=\"&quot;Besoin d\u2019un tabouret pour para\u00eetre plus grand?&quot;: ce clich\u00e9 de Macron en Angola qui devient viral - Actualit\u00e9s congolaises et internationales\" \/>\n<meta property=\"og:description\" content=\"\u00ab\u00a0Le ridicule ne tue pas\u00a0\u00bb, du moins s\u2019il ne s\u2019agit pas de blagues suite \u00e0 la visite d\u2019Emmanuel Macron en Angola. Des twitternautes n\u2019ont pas pu s\u2019emp\u00eacher de tourner en d\u00e9rision le fait que, pour une photo collective, le Pr\u00e9sident fran\u00e7ais soit mont\u00e9 sur une sorte d\u2019estrade. \u00ab\u00a0Petit roi Macron\u00a0\u00bb, ironisent-ils. \u00ab\u00a0R\u00e9pondre aux d\u00e9fis\u00a0\u00bb, \u00ab\u00a0nombre in\u00e9dit d\u2019entreprises fran\u00e7aises\u00a0\u00bb, \u00ab\u00a0s\u2019engager\u00a0\u00bb\u2026 C\u2019est avec ces paroles fortes Emmanuel Macron a accompagn\u00e9 une photo prise lors de sa visite en Angola. Pourtant, des internautes ont tent\u00e9 de percer les apparences, la photo en question&hellip;\" \/>\n<meta property=\"og:url\" content=\"https:\/\/congovirtuel.com\/information\/besoin-dun-tabouret-pour-paraitre-plus-grand-ce-cliche-de-macron-en-angola-qui-devient-viral\/\" \/>\n<meta property=\"og:site_name\" content=\"Actualit\u00e9s congolaises et internationales\" \/>\n<meta property=\"article:publisher\" content=\"https:\/\/web.facebook.com\/Congovirtuel-763617960319601\/?ref=aymt_homepage_panel&amp;amp%3bamp%3bamp%3bamp%3bamp%3bamp%3bamp%3bamp%3bamp%3bamp%3bamp%3beid=ARCoxULa66767kIgF_KYav6VdjXTI4yk_LW4yoVO9s6NXpysgb7Cb65vpxcxgqzOAKvIbLQxaAETcqHT\" \/>\n<meta property=\"article:published_time\" content=\"2023-03-07T16:23:05+00:00\" \/>\n<meta property=\"og:image\" content=\"https:\/\/congovirtuel.com\/information\/wp-content\/uploads\/2023\/03\/Macron_Tabouret_Angola-700-x-394.jpg\" \/>\n\t<meta property=\"og:image:width\" content=\"700\" \/>\n\t<meta property=\"og:image:height\" content=\"394\" \/>\n\t<meta property=\"og:image:type\" content=\"image\/jpeg\" \/>\n<meta name=\"author\" content=\"infocongovirtuel\" \/>\n<meta name=\"twitter:card\" content=\"summary_large_image\" \/>\n<meta name=\"twitter:creator\" content=\"@congovirtuel\" \/>\n<meta name=\"twitter:site\" content=\"@congovirtuel\" \/>\n<meta name=\"twitter:label1\" content=\"\u00c9crit par\" \/>\n\t<meta name=\"twitter:data1\" content=\"infocongovirtuel\" \/>\n\t<meta name=\"twitter:label2\" content=\"Dur\u00e9e de lecture estim\u00e9e\" \/>\n\t<meta name=\"twitter:data2\" content=\"1 minute\" \/>\n<script type=\"application\/ld+json\" class=\"yoast-schema-graph\">{\"@context\":\"https:\\\/\\\/schema.org\",\"@graph\":[{\"@type\":\"Article\",\"@id\":\"https:\\\/\\\/congovirtuel.com\\\/information\\\/besoin-dun-tabouret-pour-paraitre-plus-grand-ce-cliche-de-macron-en-angola-qui-devient-viral\\\/#article\",\"isPartOf\":{\"@id\":\"https:\\\/\\\/congovirtuel.com\\\/information\\\/besoin-dun-tabouret-pour-paraitre-plus-grand-ce-cliche-de-macron-en-angola-qui-devient-viral\\\/\"},\"author\":{\"name\":\"infocongovirtuel\",\"@id\":\"https:\\\/\\\/congovirtuel.com\\\/information\\\/#\\\/schema\\\/person\\\/739a44bf7990966cb53d58d2fdeca0b6\"},\"headline\":\"\u00ab\u00a0Besoin d\u2019un tabouret pour para\u00eetre plus grand?\u00a0\u00bb: ce clich\u00e9 de Macron en Angola qui devient viral\",\"datePublished\":\"2023-03-07T16:23:05+00:00\",\"mainEntityOfPage\":{\"@id\":\"https:\\\/\\\/congovirtuel.com\\\/information\\\/besoin-dun-tabouret-pour-paraitre-plus-grand-ce-cliche-de-macron-en-angola-qui-devient-viral\\\/\"},\"wordCount\":185,\"commentCount\":0,\"publisher\":{\"@id\":\"https:\\\/\\\/congovirtuel.com\\\/information\\\/#organization\"},\"image\":{\"@id\":\"https:\\\/\\\/congovirtuel.com\\\/information\\\/besoin-dun-tabouret-pour-paraitre-plus-grand-ce-cliche-de-macron-en-angola-qui-devient-viral\\\/#primaryimage\"},\"thumbnailUrl\":\"https:\\\/\\\/congovirtuel.com\\\/information\\\/wp-content\\\/uploads\\\/2023\\\/03\\\/Macron_Tabouret_Angola-700-x-394.jpg\",\"keywords\":[\"Macron en Tabouret Angola\",\"Tabouret Macron\"],\"articleSection\":[\"France\"],\"inLanguage\":\"fr-FR\",\"potentialAction\":[{\"@type\":\"CommentAction\",\"name\":\"Comment\",\"target\":[\"https:\\\/\\\/congovirtuel.com\\\/information\\\/besoin-dun-tabouret-pour-paraitre-plus-grand-ce-cliche-de-macron-en-angola-qui-devient-viral\\\/#respond\"]}]},{\"@type\":\"WebPage\",\"@id\":\"https:\\\/\\\/congovirtuel.com\\\/information\\\/besoin-dun-tabouret-pour-paraitre-plus-grand-ce-cliche-de-macron-en-angola-qui-devient-viral\\\/\",\"url\":\"https:\\\/\\\/congovirtuel.com\\\/information\\\/besoin-dun-tabouret-pour-paraitre-plus-grand-ce-cliche-de-macron-en-angola-qui-devient-viral\\\/\",\"name\":\"\\\"Besoin d\u2019un tabouret pour para\u00eetre plus grand?\\\": ce clich\u00e9 de Macron en Angola qui devient viral - Actualit\u00e9s congolaises et internationales\",\"isPartOf\":{\"@id\":\"https:\\\/\\\/congovirtuel.com\\\/information\\\/#website\"},\"primaryImageOfPage\":{\"@id\":\"https:\\\/\\\/congovirtuel.com\\\/information\\\/besoin-dun-tabouret-pour-paraitre-plus-grand-ce-cliche-de-macron-en-angola-qui-devient-viral\\\/#primaryimage\"},\"image\":{\"@id\":\"https:\\\/\\\/congovirtuel.com\\\/information\\\/besoin-dun-tabouret-pour-paraitre-plus-grand-ce-cliche-de-macron-en-angola-qui-devient-viral\\\/#primaryimage\"},\"thumbnailUrl\":\"https:\\\/\\\/congovirtuel.com\\\/information\\\/wp-content\\\/uploads\\\/2023\\\/03\\\/Macron_Tabouret_Angola-700-x-394.jpg\",\"datePublished\":\"2023-03-07T16:23:05+00:00\",\"breadcrumb\":{\"@id\":\"https:\\\/\\\/congovirtuel.com\\\/information\\\/besoin-dun-tabouret-pour-paraitre-plus-grand-ce-cliche-de-macron-en-angola-qui-devient-viral\\\/#breadcrumb\"},\"inLanguage\":\"fr-FR\",\"potentialAction\":[{\"@type\":\"ReadAction\",\"target\":[\"https:\\\/\\\/congovirtuel.com\\\/information\\\/besoin-dun-tabouret-pour-paraitre-plus-grand-ce-cliche-de-macron-en-angola-qui-devient-viral\\\/\"]}]},{\"@type\":\"ImageObject\",\"inLanguage\":\"fr-FR\",\"@id\":\"https:\\\/\\\/congovirtuel.com\\\/information\\\/besoin-dun-tabouret-pour-paraitre-plus-grand-ce-cliche-de-macron-en-angola-qui-devient-viral\\\/#primaryimage\",\"url\":\"https:\\\/\\\/congovirtuel.com\\\/information\\\/wp-content\\\/uploads\\\/2023\\\/03\\\/Macron_Tabouret_Angola-700-x-394.jpg\",\"contentUrl\":\"https:\\\/\\\/congovirtuel.com\\\/information\\\/wp-content\\\/uploads\\\/2023\\\/03\\\/Macron_Tabouret_Angola-700-x-394.jpg\",\"width\":700,\"height\":394,\"caption\":\"Macron en Tabouret Angola\"},{\"@type\":\"BreadcrumbList\",\"@id\":\"https:\\\/\\\/congovirtuel.com\\\/information\\\/besoin-dun-tabouret-pour-paraitre-plus-grand-ce-cliche-de-macron-en-angola-qui-devient-viral\\\/#breadcrumb\",\"itemListElement\":[{\"@type\":\"ListItem\",\"position\":1,\"name\":\"Accueil\",\"item\":\"https:\\\/\\\/congovirtuel.com\\\/information\\\/\"},{\"@type\":\"ListItem\",\"position\":2,\"name\":\"\u00ab\u00a0Besoin d\u2019un tabouret pour para\u00eetre plus grand?\u00a0\u00bb: ce clich\u00e9 de Macron en Angola qui devient viral\"}]},{\"@type\":\"WebSite\",\"@id\":\"https:\\\/\\\/congovirtuel.com\\\/information\\\/#website\",\"url\":\"https:\\\/\\\/congovirtuel.com\\\/information\\\/\",\"name\":\"Actualit\u00e9s congolaises et internationales\",\"description\":\"site d&#039;analyse et de traitement d&#039;information\",\"publisher\":{\"@id\":\"https:\\\/\\\/congovirtuel.com\\\/information\\\/#organization\"},\"potentialAction\":[{\"@type\":\"SearchAction\",\"target\":{\"@type\":\"EntryPoint\",\"urlTemplate\":\"https:\\\/\\\/congovirtuel.com\\\/information\\\/?s={search_term_string}\"},\"query-input\":{\"@type\":\"PropertyValueSpecification\",\"valueRequired\":true,\"valueName\":\"search_term_string\"}}],\"inLanguage\":\"fr-FR\"},{\"@type\":\"Organization\",\"@id\":\"https:\\\/\\\/congovirtuel.com\\\/information\\\/#organization\",\"name\":\"Biblioth\u00e8que Virtuelle de la RDC\",\"url\":\"https:\\\/\\\/congovirtuel.com\\\/information\\\/\",\"logo\":{\"@type\":\"ImageObject\",\"inLanguage\":\"fr-FR\",\"@id\":\"https:\\\/\\\/congovirtuel.com\\\/information\\\/#\\\/schema\\\/logo\\\/image\\\/\",\"url\":\"https:\\\/\\\/congovirtuel.com\\\/information\\\/wp-content\\\/uploads\\\/2018\\\/10\\\/header-info-congovirtuel-vraie.jpg\",\"contentUrl\":\"https:\\\/\\\/congovirtuel.com\\\/information\\\/wp-content\\\/uploads\\\/2018\\\/10\\\/header-info-congovirtuel-vraie.jpg\",\"width\":728,\"height\":90,\"caption\":\"Biblioth\u00e8que Virtuelle de la RDC\"},\"image\":{\"@id\":\"https:\\\/\\\/congovirtuel.com\\\/information\\\/#\\\/schema\\\/logo\\\/image\\\/\"},\"sameAs\":[\"https:\\\/\\\/web.facebook.com\\\/Congovirtuel-763617960319601\\\/?ref=aymt_homepage_panel&amp;amp;amp;amp;amp;amp;amp;amp;amp;amp;amp;eid=ARCoxULa66767kIgF_KYav6VdjXTI4yk_LW4yoVO9s6NXpysgb7Cb65vpxcxgqzOAKvIbLQxaAETcqHT\",\"https:\\\/\\\/x.com\\\/congovirtuel\",\"https:\\\/\\\/www.youtube.com\\\/channel\\\/UCkFfprYzGgS3EWNpeMXpToQ?view_as=subscriber\"]},{\"@type\":\"Person\",\"@id\":\"https:\\\/\\\/congovirtuel.com\\\/information\\\/#\\\/schema\\\/person\\\/739a44bf7990966cb53d58d2fdeca0b6\",\"name\":\"infocongovirtuel\",\"image\":{\"@type\":\"ImageObject\",\"inLanguage\":\"fr-FR\",\"@id\":\"https:\\\/\\\/secure.gravatar.com\\\/avatar\\\/4d76991aa72469f0eb22e772586c99113c6997f88da636a9db8f2ce3a2c05e69?s=96&d=mm&r=g\",\"url\":\"https:\\\/\\\/secure.gravatar.com\\\/avatar\\\/4d76991aa72469f0eb22e772586c99113c6997f88da636a9db8f2ce3a2c05e69?s=96&d=mm&r=g\",\"contentUrl\":\"https:\\\/\\\/secure.gravatar.com\\\/avatar\\\/4d76991aa72469f0eb22e772586c99113c6997f88da636a9db8f2ce3a2c05e69?s=96&d=mm&r=g\",\"caption\":\"infocongovirtuel\"},\"url\":\"https:\\\/\\\/congovirtuel.com\\\/information\\\/author\\\/infocongovirtuel\\\/\"}]}<\/script>\n<!-- \/ Yoast SEO plugin. -->","yoast_head_json":{"title":"\"Besoin d\u2019un tabouret pour para\u00eetre plus grand?\": ce clich\u00e9 de Macron en Angola qui devient viral - Actualit\u00e9s congolaises et internationales","robots":{"index":"index","follow":"follow","max-snippet":"max-snippet:-1","max-image-preview":"max-image-preview:large","max-video-preview":"max-video-preview:-1"},"canonical":"https:\/\/congovirtuel.com\/information\/besoin-dun-tabouret-pour-paraitre-plus-grand-ce-cliche-de-macron-en-angola-qui-devient-viral\/","og_locale":"fr_FR","og_type":"article","og_title":"\"Besoin d\u2019un tabouret pour para\u00eetre plus grand?\": ce clich\u00e9 de Macron en Angola qui devient viral - Actualit\u00e9s congolaises et internationales","og_description":"\u00ab\u00a0Le ridicule ne tue pas\u00a0\u00bb, du moins s\u2019il ne s\u2019agit pas de blagues suite \u00e0 la visite d\u2019Emmanuel Macron en Angola. Des twitternautes n\u2019ont pas pu s\u2019emp\u00eacher de tourner en d\u00e9rision le fait que, pour une photo collective, le Pr\u00e9sident fran\u00e7ais soit mont\u00e9 sur une sorte d\u2019estrade. \u00ab\u00a0Petit roi Macron\u00a0\u00bb, ironisent-ils. \u00ab\u00a0R\u00e9pondre aux d\u00e9fis\u00a0\u00bb, \u00ab\u00a0nombre in\u00e9dit d\u2019entreprises fran\u00e7aises\u00a0\u00bb, \u00ab\u00a0s\u2019engager\u00a0\u00bb\u2026 C\u2019est avec ces paroles fortes Emmanuel Macron a accompagn\u00e9 une photo prise lors de sa visite en Angola. Pourtant, des internautes ont tent\u00e9 de percer les apparences, la photo en question&hellip;","og_url":"https:\/\/congovirtuel.com\/information\/besoin-dun-tabouret-pour-paraitre-plus-grand-ce-cliche-de-macron-en-angola-qui-devient-viral\/","og_site_name":"Actualit\u00e9s congolaises et internationales","article_publisher":"https:\/\/web.facebook.com\/Congovirtuel-763617960319601\/?ref=aymt_homepage_panel&amp%3bamp%3bamp%3bamp%3bamp%3bamp%3bamp%3bamp%3bamp%3bamp%3bamp%3beid=ARCoxULa66767kIgF_KYav6VdjXTI4yk_LW4yoVO9s6NXpysgb7Cb65vpxcxgqzOAKvIbLQxaAETcqHT","article_published_time":"2023-03-07T16:23:05+00:00","og_image":[{"width":700,"height":394,"url":"https:\/\/congovirtuel.com\/information\/wp-content\/uploads\/2023\/03\/Macron_Tabouret_Angola-700-x-394.jpg","type":"image\/jpeg"}],"author":"infocongovirtuel","twitter_card":"summary_large_image","twitter_creator":"@congovirtuel","twitter_site":"@congovirtuel","twitter_misc":{"\u00c9crit par":"infocongovirtuel","Dur\u00e9e de lecture estim\u00e9e":"1 minute"},"schema":{"@context":"https:\/\/schema.org","@graph":[{"@type":"Article","@id":"https:\/\/congovirtuel.com\/information\/besoin-dun-tabouret-pour-paraitre-plus-grand-ce-cliche-de-macron-en-angola-qui-devient-viral\/#article","isPartOf":{"@id":"https:\/\/congovirtuel.com\/information\/besoin-dun-tabouret-pour-paraitre-plus-grand-ce-cliche-de-macron-en-angola-qui-devient-viral\/"},"author":{"name":"infocongovirtuel","@id":"https:\/\/congovirtuel.com\/information\/#\/schema\/person\/739a44bf7990966cb53d58d2fdeca0b6"},"headline":"\u00ab\u00a0Besoin d\u2019un tabouret pour para\u00eetre plus grand?\u00a0\u00bb: ce clich\u00e9 de Macron en Angola qui devient viral","datePublished":"2023-03-07T16:23:05+00:00","mainEntityOfPage":{"@id":"https:\/\/congovirtuel.com\/information\/besoin-dun-tabouret-pour-paraitre-plus-grand-ce-cliche-de-macron-en-angola-qui-devient-viral\/"},"wordCount":185,"commentCount":0,"publisher":{"@id":"https:\/\/congovirtuel.com\/information\/#organization"},"image":{"@id":"https:\/\/congovirtuel.com\/information\/besoin-dun-tabouret-pour-paraitre-plus-grand-ce-cliche-de-macron-en-angola-qui-devient-viral\/#primaryimage"},"thumbnailUrl":"https:\/\/congovirtuel.com\/information\/wp-content\/uploads\/2023\/03\/Macron_Tabouret_Angola-700-x-394.jpg","keywords":["Macron en Tabouret Angola","Tabouret Macron"],"articleSection":["France"],"inLanguage":"fr-FR","potentialAction":[{"@type":"CommentAction","name":"Comment","target":["https:\/\/congovirtuel.com\/information\/besoin-dun-tabouret-pour-paraitre-plus-grand-ce-cliche-de-macron-en-angola-qui-devient-viral\/#respond"]}]},{"@type":"WebPage","@id":"https:\/\/congovirtuel.com\/information\/besoin-dun-tabouret-pour-paraitre-plus-grand-ce-cliche-de-macron-en-angola-qui-devient-viral\/","url":"https:\/\/congovirtuel.com\/information\/besoin-dun-tabouret-pour-paraitre-plus-grand-ce-cliche-de-macron-en-angola-qui-devient-viral\/","name":"\"Besoin d\u2019un tabouret pour para\u00eetre plus grand?\": ce clich\u00e9 de Macron en Angola qui devient viral - Actualit\u00e9s congolaises et internationales","isPartOf":{"@id":"https:\/\/congovirtuel.com\/information\/#website"},"primaryImageOfPage":{"@id":"https:\/\/congovirtuel.com\/information\/besoin-dun-tabouret-pour-paraitre-plus-grand-ce-cliche-de-macron-en-angola-qui-devient-viral\/#primaryimage"},"image":{"@id":"https:\/\/congovirtuel.com\/information\/besoin-dun-tabouret-pour-paraitre-plus-grand-ce-cliche-de-macron-en-angola-qui-devient-viral\/#primaryimage"},"thumbnailUrl":"https:\/\/congovirtuel.com\/information\/wp-content\/uploads\/2023\/03\/Macron_Tabouret_Angola-700-x-394.jpg","datePublished":"2023-03-07T16:23:05+00:00","breadcrumb":{"@id":"https:\/\/congovirtuel.com\/information\/besoin-dun-tabouret-pour-paraitre-plus-grand-ce-cliche-de-macron-en-angola-qui-devient-viral\/#breadcrumb"},"inLanguage":"fr-FR","potentialAction":[{"@type":"ReadAction","target":["https:\/\/congovirtuel.com\/information\/besoin-dun-tabouret-pour-paraitre-plus-grand-ce-cliche-de-macron-en-angola-qui-devient-viral\/"]}]},{"@type":"ImageObject","inLanguage":"fr-FR","@id":"https:\/\/congovirtuel.com\/information\/besoin-dun-tabouret-pour-paraitre-plus-grand-ce-cliche-de-macron-en-angola-qui-devient-viral\/#primaryimage","url":"https:\/\/congovirtuel.com\/information\/wp-content\/uploads\/2023\/03\/Macron_Tabouret_Angola-700-x-394.jpg","contentUrl":"https:\/\/congovirtuel.com\/information\/wp-content\/uploads\/2023\/03\/Macron_Tabouret_Angola-700-x-394.jpg","width":700,"height":394,"caption":"Macron en Tabouret Angola"},{"@type":"BreadcrumbList","@id":"https:\/\/congovirtuel.com\/information\/besoin-dun-tabouret-pour-paraitre-plus-grand-ce-cliche-de-macron-en-angola-qui-devient-viral\/#breadcrumb","itemListElement":[{"@type":"ListItem","position":1,"name":"Accueil","item":"https:\/\/congovirtuel.com\/information\/"},{"@type":"ListItem","position":2,"name":"\u00ab\u00a0Besoin d\u2019un tabouret pour para\u00eetre plus grand?\u00a0\u00bb: ce clich\u00e9 de Macron en Angola qui devient viral"}]},{"@type":"WebSite","@id":"https:\/\/congovirtuel.com\/information\/#website","url":"https:\/\/congovirtuel.com\/information\/","name":"Actualit\u00e9s congolaises et internationales","description":"site d&#039;analyse et de traitement d&#039;information","publisher":{"@id":"https:\/\/congovirtuel.com\/information\/#organization"},"potentialAction":[{"@type":"SearchAction","target":{"@type":"EntryPoint","urlTemplate":"https:\/\/congovirtuel.com\/information\/?s={search_term_string}"},"query-input":{"@type":"PropertyValueSpecification","valueRequired":true,"valueName":"search_term_string"}}],"inLanguage":"fr-FR"},{"@type":"Organization","@id":"https:\/\/congovirtuel.com\/information\/#organization","name":"Biblioth\u00e8que Virtuelle de la RDC","url":"https:\/\/congovirtuel.com\/information\/","logo":{"@type":"ImageObject","inLanguage":"fr-FR","@id":"https:\/\/congovirtuel.com\/information\/#\/schema\/logo\/image\/","url":"https:\/\/congovirtuel.com\/information\/wp-content\/uploads\/2018\/10\/header-info-congovirtuel-vraie.jpg","contentUrl":"https:\/\/congovirtuel.com\/information\/wp-content\/uploads\/2018\/10\/header-info-congovirtuel-vraie.jpg","width":728,"height":90,"caption":"Biblioth\u00e8que Virtuelle de la RDC"},"image":{"@id":"https:\/\/congovirtuel.com\/information\/#\/schema\/logo\/image\/"},"sameAs":["https:\/\/web.facebook.com\/Congovirtuel-763617960319601\/?ref=aymt_homepage_panel&amp;amp;amp;amp;amp;amp;amp;amp;amp;amp;amp;eid=ARCoxULa66767kIgF_KYav6VdjXTI4yk_LW4yoVO9s6NXpysgb7Cb65vpxcxgqzOAKvIbLQxaAETcqHT","https:\/\/x.com\/congovirtuel","https:\/\/www.youtube.com\/channel\/UCkFfprYzGgS3EWNpeMXpToQ?view_as=subscriber"]},{"@type":"Person","@id":"https:\/\/congovirtuel.com\/information\/#\/schema\/person\/739a44bf7990966cb53d58d2fdeca0b6","name":"infocongovirtuel","image":{"@type":"ImageObject","inLanguage":"fr-FR","@id":"https:\/\/secure.gravatar.com\/avatar\/4d76991aa72469f0eb22e772586c99113c6997f88da636a9db8f2ce3a2c05e69?s=96&d=mm&r=g","url":"https:\/\/secure.gravatar.com\/avatar\/4d76991aa72469f0eb22e772586c99113c6997f88da636a9db8f2ce3a2c05e69?s=96&d=mm&r=g","contentUrl":"https:\/\/secure.gravatar.com\/avatar\/4d76991aa72469f0eb22e772586c99113c6997f88da636a9db8f2ce3a2c05e69?s=96&d=mm&r=g","caption":"infocongovirtuel"},"url":"https:\/\/congovirtuel.com\/information\/author\/infocongovirtuel\/"}]}},"gt_translate_keys":[{"key":"link","format":"url"}],"_links":{"self":[{"href":"https:\/\/congovirtuel.com\/information\/wp-json\/wp\/v2\/posts\/21976","targetHints":{"allow":["GET"]}}],"collection":[{"href":"https:\/\/congovirtuel.com\/information\/wp-json\/wp\/v2\/posts"}],"about":[{"href":"https:\/\/congovirtuel.com\/information\/wp-json\/wp\/v2\/types\/post"}],"author":[{"embeddable":true,"href":"https:\/\/congovirtuel.com\/information\/wp-json\/wp\/v2\/users\/1"}],"replies":[{"embeddable":true,"href":"https:\/\/congovirtuel.com\/information\/wp-json\/wp\/v2\/comments?post=21976"}],"version-history":[{"count":1,"href":"https:\/\/congovirtuel.com\/information\/wp-json\/wp\/v2\/posts\/21976\/revisions"}],"predecessor-version":[{"id":21977,"href":"https:\/\/congovirtuel.com\/information\/wp-json\/wp\/v2\/posts\/21976\/revisions\/21977"}],"wp:featuredmedia":[{"embeddable":true,"href":"https:\/\/congovirtuel.com\/information\/wp-json\/wp\/v2\/media\/21975"}],"wp:attachment":[{"href":"https:\/\/congovirtuel.com\/information\/wp-json\/wp\/v2\/media?parent=21976"}],"wp:term":[{"taxonomy":"category","embeddable":true,"href":"https:\/\/congovirtuel.com\/information\/wp-json\/wp\/v2\/categories?post=21976"},{"taxonomy":"post_tag","embeddable":true,"href":"https:\/\/congovirtuel.com\/information\/wp-json\/wp\/v2\/tags?post=21976"}],"curies":[{"name":"wp","href":"https:\/\/api.w.org\/{rel}","templated":true}]}}