{"id":2201,"date":"2020-07-05T09:24:46","date_gmt":"2020-07-05T08:24:46","guid":{"rendered":"https:\/\/congovirtuel.com\/information\/?p=2201"},"modified":"2020-07-05T09:29:34","modified_gmt":"2020-07-05T08:29:34","slug":"rdc-ceni-vindicatif-j-m-kabund-confond-opposition-politique-et-parti-au-pouvoir","status":"publish","type":"post","link":"https:\/\/congovirtuel.com\/information\/rdc-ceni-vindicatif-j-m-kabund-confond-opposition-politique-et-parti-au-pouvoir\/","title":{"rendered":"RDC : CENI, vindicatif, J-M Kabund confond opposition politique et parti au pouvoir","gt_translate_keys":[{"key":"rendered","format":"text"}]},"content":{"rendered":"\n<p class=\"wp-block-paragraph\"><strong>Depuis son \u00e9viction \u00e0 la premi\u00e8re vice-pr\u00e9sidence de l\u2019Assembl\u00e9e Nationale, le pr\u00e9sident controvers\u00e9 de l\u2019UDPS ad int\u00e9rim et d\u00e9put\u00e9 national Jean \u2013 Marc Kabund ren\u00e2clera sur chaque question brulante d\u2019actualit\u00e9 nationale pour enfoncer ses d\u00e9sormais anciens camarades du FCC. Lib\u00e9r\u00e9 de la parole J-M Kabund oublie cependant que l\u2019UDPS n\u2019est plus un parti politique de l\u2019opposition, mais bien du pouvoir et qu\u2019il existe un cadre de concertation entre alli\u00e9 en vue de d\u00e9gager des points de divergences entre eux.<\/strong><\/p>\n\n\n\n<h2 class=\"wp-block-heading\"><strong>La coalition FCC \u2013 CACH existe encore<\/strong><\/h2>\n\n\n\n<p class=\"wp-block-paragraph\">En d\u00e9pit des multiples tensions et gu\u00e9guerre entre plusieurs membres, la coalition FCC \u2013 CACH tient encore sur le plan institutionnel, il est &nbsp;donc surprenant qu\u2019un haut cadre de l\u2019UDPS continue de tenir un discours de division au point de fragiliser davantage la coalition voir la nation enti\u00e8re, au motif d\u2019un \u00e9go inassouvi.<\/p>\n\n\n\n<p class=\"wp-block-paragraph\">D\u00e9bout\u00e9, JM Kabund qui a retrouv\u00e9 son fauteuil contest\u00e9 de la pr\u00e9sidence a.i de l\u2019UDPS ensemble avec son colistier Augustin Kabuya, \u00a0sera bien l\u2019homme par qui le coup fatal pourrait venir.<\/p>\n\n\n\n<h2 class=\"wp-block-heading\"><strong>MALONDA et la CENI<\/strong><\/h2>\n\n\n\n<p class=\"wp-block-paragraph\">Le choix \u00e0 la sauvette de Ronsard Malonda \u00e0 la t\u00eate de la CENI, ne doit pas faire oublier les erreurs de l\u2019Eglise Catholique et de l\u2019ECC pr\u00e9f\u00e9rant mettre la charrue avant le b\u0153uf en se pr\u00e9cipitant de pr\u00e9senter chacune son candidat convaincue de sa victoire en lieu et place d\u2019une r\u00e9forme de la CENI. C\u2019est la version eccl\u00e9siastique &nbsp;des Accords de Gen\u00e8ve entre les membres de LAMUKA.<\/p>\n\n\n\n<p class=\"wp-block-paragraph\">Dans l\u2019hypoth\u00e8se que Ronsard Malonda est bien le cheval de Troie du FCC, c\u2019est l\u2019UDPS comme parti politique qui doit \u00eatre bl\u00e2m\u00e9, un parti toujours \u00e0 la d\u00e9fensif incapable d\u2019anticiper. Ce parti est d\u00e9chir\u00e9 par la guerre de positionnement oubliant l\u2019objectif majeur d\u2019un parti politique \u00e0 savoir, la conservation du pouvoir acquis.<\/p>\n\n\n\n<p class=\"wp-block-paragraph\">L\u2019UDPS n\u2019a plus cette intelligentsia, le fait pour le FCC de soutenir un candidat \u00e0 la CENI est de la bonne guerre, pourvue que cela se fasse dans les normes. M\u00eame au niveau des sports des arbitres sont pr\u00e9f\u00e9r\u00e9s ou contest\u00e9s par une \u00e9quipe en partie.<\/p>\n\n\n\n<p class=\"wp-block-paragraph\">Le fait que le FCC\u00a0 essaye de contr\u00f4ler malignement la magistrature et la CENI n\u2019est pas anodin, m\u00eame aux USA\u00a0 D\u00e9mocrates et R\u00e9publicains saisissent l\u2019occasion pour placer un juge \u00e0 la cour supr\u00eame de Justice des Etats \u2013 Unis d\u2019Am\u00e9riques.<\/p>\n\n\n\n<p class=\"wp-block-paragraph\">Ce bien F\u00e9lix Tshisekedi qui est le Pr\u00e9sident de la R\u00e9publique. Il lui appartient d\u2019ent\u00e9riner ou pas le choix de Ronsard Malonda. Le discours de Jean Marc Kabund devait \u00eatre ax\u00e9 sur cet aspect. Un parti politique au pouvoir n\u2019initie pas des marches, mais utilise son pouvoir institutionnel pour contr\u00f4ler et r\u00e9guler les imperfections entre diff\u00e9rentes structures composante de la R\u00e9publique.<\/p>\n\n\n\n<p class=\"wp-block-paragraph\">Jean \u2013 Marc Kabund entant que pr\u00e9sident de l\u2019UDPS doit bien se plaindre de son pi\u00e8tre travail \u00e0 t\u00eate du parti qui ne doit &nbsp;pas seulement vivre des marches mais aussi de l\u2019intelligentsia.<\/p>\n\n\n\n<h2 class=\"wp-block-heading\"><strong>L\u2019opposition politique et soci\u00e9t\u00e9 civile existe<\/strong><\/h2>\n\n\n\n<p class=\"wp-block-paragraph\">&nbsp;L\u2019UDPS doit laisser l\u2019opposition politique, la soci\u00e9t\u00e9 civile et les mouvements syndicats initi\u00e9s des marches de revendication. Cependant une participation personnelle \u00e0 une manifestation ou soutien verbal n\u2019est pas exclue pour un cadre de la coalition. Mais l\u2019initi\u00e9e c\u2019est confondre un parti politique du pouvoir \u00e0 celui de l\u2019opposition.<\/p>\n\n\n\n<p class=\"wp-block-paragraph\">Cette attitude risquerait \u00e0 la longue de ternir l\u2019image du Pr\u00e9sident de la R\u00e9publique F\u00e9lix Tshisekedi qui a fait le choix de cette coalition avec l\u2019ancien pr\u00e9sident de la r\u00e9publique Joseph Kabila autorit\u00e9 morale du FCC.<\/p>\n\n\n\n<p class=\"wp-block-paragraph\">Le d\u00e9put\u00e9 national, pr\u00e9sident a.i de l\u2019UDPS et ancien 1<sup>er<\/sup> vice \u2013 pr\u00e9sident de l\u2019Assembl\u00e9e national a initi\u00e9 une marche ce jeudi 09 juillet en vue de protester l\u2019ent\u00e9rinement de Ronsard Malonda par le Bureau de l\u2019Assembl\u00e9e Nationale pour briguer la pr\u00e9sidence de la Commission Electorale Nationale et Ind\u00e9pendante \u00abCENI\u00bb en sigle. &nbsp;&nbsp;<\/p>\n\n\n\n<p class=\"wp-block-paragraph\"><strong>Roger Lazio &nbsp;&nbsp;&nbsp;&nbsp;&nbsp;<\/strong><\/p>\n","protected":false,"gt_translate_keys":[{"key":"rendered","format":"html"}]},"excerpt":{"rendered":"<p>Dans l\u2019hypoth\u00e8se que Ronsard Malonda est bien le cheval de Troie du FCC, c\u2019est l\u2019UDPS comme parti politique qui doit \u00eatre bl\u00e2m\u00e9, un parti toujours \u00e0 la d\u00e9fensif incapable d\u2019anticiper. Ce parti est d\u00e9chir\u00e9 par la guerre de positionnement oubliant l\u2019objectif majeur d\u2019un parti politique \u00e0 savoir, la conservation du pouvoir acquis.<br \/>\nL\u2019UDPS n\u2019a plus cette intelligentsia, le fait pour le FCC de soutenir un candidat \u00e0 la CENI est de la bonne guerre, pourvue que cela se fasse dans les normes. M\u00eame au niveau des sports des arbitres sont pr\u00e9f\u00e9r\u00e9s ou contest\u00e9s par une \u00e9quipe en partie.<br \/>\nLe fait que le FCC  essaye de contr\u00f4ler malignement la magistrature et la CENI n\u2019est pas anodin, m\u00eame aux USA  D\u00e9mocrates et R\u00e9publicains saisissent l\u2019occasion pour placer un juge \u00e0 la cour supr\u00eame des Etats \u2013 Unis d\u2019Am\u00e9riques.<\/p>\n","protected":false,"gt_translate_keys":[{"key":"rendered","format":"html"}]},"author":1,"featured_media":1585,"comment_status":"open","ping_status":"open","sticky":false,"template":"","format":"standard","meta":{"_crdt_document":"","footnotes":""},"categories":[132],"tags":[1184,1319,135,1464,1465],"class_list":["post-2201","post","type-post","status-publish","format-standard","has-post-thumbnail","hentry","category-udps","tag-candidat-cenco-ecc-cyril-ebotoko","tag-coalition-fcc-cach","tag-jean-marc-kabund","tag-marche-du-09-juillet-udps","tag-ronsard-malonda-a-la-ceni"],"gutentor_comment":0,"yoast_head":"<!-- This site is optimized with the Yoast SEO plugin v27.5 - https:\/\/yoast.com\/product\/yoast-seo-wordpress\/ -->\n<title>RDC : CENI, vindicatif, J-M Kabund confond opposition politique et parti au pouvoir - Actualit\u00e9s congolaises et internationales<\/title>\n<meta name=\"robots\" content=\"index, follow, max-snippet:-1, max-image-preview:large, max-video-preview:-1\" \/>\n<link rel=\"canonical\" href=\"https:\/\/congovirtuel.com\/information\/rdc-ceni-vindicatif-j-m-kabund-confond-opposition-politique-et-parti-au-pouvoir\/\" \/>\n<meta property=\"og:locale\" content=\"fr_FR\" \/>\n<meta property=\"og:type\" content=\"article\" \/>\n<meta property=\"og:title\" content=\"RDC : CENI, vindicatif, J-M Kabund confond opposition politique et parti au pouvoir - Actualit\u00e9s congolaises et internationales\" \/>\n<meta property=\"og:description\" content=\"Dans l\u2019hypoth\u00e8se que Ronsard Malonda est bien le cheval de Troie du FCC, c\u2019est l\u2019UDPS comme parti politique qui doit \u00eatre bl\u00e2m\u00e9, un parti toujours \u00e0 la d\u00e9fensif incapable d\u2019anticiper. Ce parti est d\u00e9chir\u00e9 par la guerre de positionnement oubliant l\u2019objectif majeur d\u2019un parti politique \u00e0 savoir, la conservation du pouvoir acquis. L\u2019UDPS n\u2019a plus cette intelligentsia, le fait pour le FCC de soutenir un candidat \u00e0 la CENI est de la bonne guerre, pourvue que cela se fasse dans les normes. M\u00eame au niveau des sports des arbitres sont pr\u00e9f\u00e9r\u00e9s ou contest\u00e9s par une \u00e9quipe en partie. Le fait que le FCC essaye de contr\u00f4ler malignement la magistrature et la CENI n\u2019est pas anodin, m\u00eame aux USA D\u00e9mocrates et R\u00e9publicains saisissent l\u2019occasion pour placer un juge \u00e0 la cour supr\u00eame des Etats \u2013 Unis d\u2019Am\u00e9riques.\" \/>\n<meta property=\"og:url\" content=\"https:\/\/congovirtuel.com\/information\/rdc-ceni-vindicatif-j-m-kabund-confond-opposition-politique-et-parti-au-pouvoir\/\" \/>\n<meta property=\"og:site_name\" content=\"Actualit\u00e9s congolaises et internationales\" \/>\n<meta property=\"article:publisher\" content=\"https:\/\/web.facebook.com\/Congovirtuel-763617960319601\/?ref=aymt_homepage_panel&amp;amp%3bamp%3bamp%3bamp%3bamp%3bamp%3bamp%3bamp%3bamp%3bamp%3bamp%3beid=ARCoxULa66767kIgF_KYav6VdjXTI4yk_LW4yoVO9s6NXpysgb7Cb65vpxcxgqzOAKvIbLQxaAETcqHT\" \/>\n<meta property=\"article:published_time\" content=\"2020-07-05T08:24:46+00:00\" \/>\n<meta property=\"article:modified_time\" content=\"2020-07-05T08:29:34+00:00\" \/>\n<meta property=\"og:image\" content=\"https:\/\/congovirtuel.com\/information\/wp-content\/uploads\/2020\/05\/kabund.jpg\" \/>\n\t<meta property=\"og:image:width\" content=\"500\" \/>\n\t<meta property=\"og:image:height\" content=\"375\" \/>\n\t<meta property=\"og:image:type\" content=\"image\/jpeg\" \/>\n<meta name=\"author\" content=\"infocongovirtuel\" \/>\n<meta name=\"twitter:card\" content=\"summary_large_image\" \/>\n<meta name=\"twitter:creator\" content=\"@congovirtuel\" \/>\n<meta name=\"twitter:site\" content=\"@congovirtuel\" \/>\n<meta name=\"twitter:label1\" content=\"\u00c9crit par\" \/>\n\t<meta name=\"twitter:data1\" content=\"infocongovirtuel\" \/>\n\t<meta name=\"twitter:label2\" content=\"Dur\u00e9e de lecture estim\u00e9e\" \/>\n\t<meta name=\"twitter:data2\" content=\"4 minutes\" \/>\n<script type=\"application\/ld+json\" class=\"yoast-schema-graph\">{\"@context\":\"https:\\\/\\\/schema.org\",\"@graph\":[{\"@type\":\"Article\",\"@id\":\"https:\\\/\\\/congovirtuel.com\\\/information\\\/rdc-ceni-vindicatif-j-m-kabund-confond-opposition-politique-et-parti-au-pouvoir\\\/#article\",\"isPartOf\":{\"@id\":\"https:\\\/\\\/congovirtuel.com\\\/information\\\/rdc-ceni-vindicatif-j-m-kabund-confond-opposition-politique-et-parti-au-pouvoir\\\/\"},\"author\":{\"name\":\"infocongovirtuel\",\"@id\":\"https:\\\/\\\/congovirtuel.com\\\/information\\\/#\\\/schema\\\/person\\\/739a44bf7990966cb53d58d2fdeca0b6\"},\"headline\":\"RDC : CENI, vindicatif, J-M Kabund confond opposition politique et parti au pouvoir\",\"datePublished\":\"2020-07-05T08:24:46+00:00\",\"dateModified\":\"2020-07-05T08:29:34+00:00\",\"mainEntityOfPage\":{\"@id\":\"https:\\\/\\\/congovirtuel.com\\\/information\\\/rdc-ceni-vindicatif-j-m-kabund-confond-opposition-politique-et-parti-au-pouvoir\\\/\"},\"wordCount\":737,\"commentCount\":0,\"publisher\":{\"@id\":\"https:\\\/\\\/congovirtuel.com\\\/information\\\/#organization\"},\"image\":{\"@id\":\"https:\\\/\\\/congovirtuel.com\\\/information\\\/rdc-ceni-vindicatif-j-m-kabund-confond-opposition-politique-et-parti-au-pouvoir\\\/#primaryimage\"},\"thumbnailUrl\":\"https:\\\/\\\/congovirtuel.com\\\/information\\\/wp-content\\\/uploads\\\/2020\\\/05\\\/kabund.jpg\",\"keywords\":[\"candidat CENCO ECC Cyril EBOTOKO\",\"coalition FCC-CACH\",\"Jean-Marc Kabund\",\"marche du 09 juillet UDPS\",\"Ronsard Malonda \u00e0 la CENI\"],\"articleSection\":[\"UDPS\"],\"inLanguage\":\"fr-FR\",\"potentialAction\":[{\"@type\":\"CommentAction\",\"name\":\"Comment\",\"target\":[\"https:\\\/\\\/congovirtuel.com\\\/information\\\/rdc-ceni-vindicatif-j-m-kabund-confond-opposition-politique-et-parti-au-pouvoir\\\/#respond\"]}]},{\"@type\":\"WebPage\",\"@id\":\"https:\\\/\\\/congovirtuel.com\\\/information\\\/rdc-ceni-vindicatif-j-m-kabund-confond-opposition-politique-et-parti-au-pouvoir\\\/\",\"url\":\"https:\\\/\\\/congovirtuel.com\\\/information\\\/rdc-ceni-vindicatif-j-m-kabund-confond-opposition-politique-et-parti-au-pouvoir\\\/\",\"name\":\"RDC : CENI, vindicatif, J-M Kabund confond opposition politique et parti au pouvoir - Actualit\u00e9s congolaises et internationales\",\"isPartOf\":{\"@id\":\"https:\\\/\\\/congovirtuel.com\\\/information\\\/#website\"},\"primaryImageOfPage\":{\"@id\":\"https:\\\/\\\/congovirtuel.com\\\/information\\\/rdc-ceni-vindicatif-j-m-kabund-confond-opposition-politique-et-parti-au-pouvoir\\\/#primaryimage\"},\"image\":{\"@id\":\"https:\\\/\\\/congovirtuel.com\\\/information\\\/rdc-ceni-vindicatif-j-m-kabund-confond-opposition-politique-et-parti-au-pouvoir\\\/#primaryimage\"},\"thumbnailUrl\":\"https:\\\/\\\/congovirtuel.com\\\/information\\\/wp-content\\\/uploads\\\/2020\\\/05\\\/kabund.jpg\",\"datePublished\":\"2020-07-05T08:24:46+00:00\",\"dateModified\":\"2020-07-05T08:29:34+00:00\",\"breadcrumb\":{\"@id\":\"https:\\\/\\\/congovirtuel.com\\\/information\\\/rdc-ceni-vindicatif-j-m-kabund-confond-opposition-politique-et-parti-au-pouvoir\\\/#breadcrumb\"},\"inLanguage\":\"fr-FR\",\"potentialAction\":[{\"@type\":\"ReadAction\",\"target\":[\"https:\\\/\\\/congovirtuel.com\\\/information\\\/rdc-ceni-vindicatif-j-m-kabund-confond-opposition-politique-et-parti-au-pouvoir\\\/\"]}]},{\"@type\":\"ImageObject\",\"inLanguage\":\"fr-FR\",\"@id\":\"https:\\\/\\\/congovirtuel.com\\\/information\\\/rdc-ceni-vindicatif-j-m-kabund-confond-opposition-politique-et-parti-au-pouvoir\\\/#primaryimage\",\"url\":\"https:\\\/\\\/congovirtuel.com\\\/information\\\/wp-content\\\/uploads\\\/2020\\\/05\\\/kabund.jpg\",\"contentUrl\":\"https:\\\/\\\/congovirtuel.com\\\/information\\\/wp-content\\\/uploads\\\/2020\\\/05\\\/kabund.jpg\",\"width\":500,\"height\":375,\"caption\":\"Jean-marc kabund\"},{\"@type\":\"BreadcrumbList\",\"@id\":\"https:\\\/\\\/congovirtuel.com\\\/information\\\/rdc-ceni-vindicatif-j-m-kabund-confond-opposition-politique-et-parti-au-pouvoir\\\/#breadcrumb\",\"itemListElement\":[{\"@type\":\"ListItem\",\"position\":1,\"name\":\"Accueil\",\"item\":\"https:\\\/\\\/congovirtuel.com\\\/information\\\/\"},{\"@type\":\"ListItem\",\"position\":2,\"name\":\"RDC : CENI, vindicatif, J-M Kabund confond opposition politique et parti au pouvoir\"}]},{\"@type\":\"WebSite\",\"@id\":\"https:\\\/\\\/congovirtuel.com\\\/information\\\/#website\",\"url\":\"https:\\\/\\\/congovirtuel.com\\\/information\\\/\",\"name\":\"Actualit\u00e9s congolaises et internationales\",\"description\":\"site d&#039;analyse et de traitement d&#039;information\",\"publisher\":{\"@id\":\"https:\\\/\\\/congovirtuel.com\\\/information\\\/#organization\"},\"potentialAction\":[{\"@type\":\"SearchAction\",\"target\":{\"@type\":\"EntryPoint\",\"urlTemplate\":\"https:\\\/\\\/congovirtuel.com\\\/information\\\/?s={search_term_string}\"},\"query-input\":{\"@type\":\"PropertyValueSpecification\",\"valueRequired\":true,\"valueName\":\"search_term_string\"}}],\"inLanguage\":\"fr-FR\"},{\"@type\":\"Organization\",\"@id\":\"https:\\\/\\\/congovirtuel.com\\\/information\\\/#organization\",\"name\":\"Biblioth\u00e8que Virtuelle de la RDC\",\"url\":\"https:\\\/\\\/congovirtuel.com\\\/information\\\/\",\"logo\":{\"@type\":\"ImageObject\",\"inLanguage\":\"fr-FR\",\"@id\":\"https:\\\/\\\/congovirtuel.com\\\/information\\\/#\\\/schema\\\/logo\\\/image\\\/\",\"url\":\"https:\\\/\\\/congovirtuel.com\\\/information\\\/wp-content\\\/uploads\\\/2018\\\/10\\\/header-info-congovirtuel-vraie.jpg\",\"contentUrl\":\"https:\\\/\\\/congovirtuel.com\\\/information\\\/wp-content\\\/uploads\\\/2018\\\/10\\\/header-info-congovirtuel-vraie.jpg\",\"width\":728,\"height\":90,\"caption\":\"Biblioth\u00e8que Virtuelle de la RDC\"},\"image\":{\"@id\":\"https:\\\/\\\/congovirtuel.com\\\/information\\\/#\\\/schema\\\/logo\\\/image\\\/\"},\"sameAs\":[\"https:\\\/\\\/web.facebook.com\\\/Congovirtuel-763617960319601\\\/?ref=aymt_homepage_panel&amp;amp;amp;amp;amp;amp;amp;amp;amp;amp;amp;eid=ARCoxULa66767kIgF_KYav6VdjXTI4yk_LW4yoVO9s6NXpysgb7Cb65vpxcxgqzOAKvIbLQxaAETcqHT\",\"https:\\\/\\\/x.com\\\/congovirtuel\",\"https:\\\/\\\/www.youtube.com\\\/channel\\\/UCkFfprYzGgS3EWNpeMXpToQ?view_as=subscriber\"]},{\"@type\":\"Person\",\"@id\":\"https:\\\/\\\/congovirtuel.com\\\/information\\\/#\\\/schema\\\/person\\\/739a44bf7990966cb53d58d2fdeca0b6\",\"name\":\"infocongovirtuel\",\"image\":{\"@type\":\"ImageObject\",\"inLanguage\":\"fr-FR\",\"@id\":\"https:\\\/\\\/secure.gravatar.com\\\/avatar\\\/4d76991aa72469f0eb22e772586c99113c6997f88da636a9db8f2ce3a2c05e69?s=96&d=mm&r=g\",\"url\":\"https:\\\/\\\/secure.gravatar.com\\\/avatar\\\/4d76991aa72469f0eb22e772586c99113c6997f88da636a9db8f2ce3a2c05e69?s=96&d=mm&r=g\",\"contentUrl\":\"https:\\\/\\\/secure.gravatar.com\\\/avatar\\\/4d76991aa72469f0eb22e772586c99113c6997f88da636a9db8f2ce3a2c05e69?s=96&d=mm&r=g\",\"caption\":\"infocongovirtuel\"},\"url\":\"https:\\\/\\\/congovirtuel.com\\\/information\\\/author\\\/infocongovirtuel\\\/\"}]}<\/script>\n<!-- \/ Yoast SEO plugin. -->","yoast_head_json":{"title":"RDC : CENI, vindicatif, J-M Kabund confond opposition politique et parti au pouvoir - Actualit\u00e9s congolaises et internationales","robots":{"index":"index","follow":"follow","max-snippet":"max-snippet:-1","max-image-preview":"max-image-preview:large","max-video-preview":"max-video-preview:-1"},"canonical":"https:\/\/congovirtuel.com\/information\/rdc-ceni-vindicatif-j-m-kabund-confond-opposition-politique-et-parti-au-pouvoir\/","og_locale":"fr_FR","og_type":"article","og_title":"RDC : CENI, vindicatif, J-M Kabund confond opposition politique et parti au pouvoir - Actualit\u00e9s congolaises et internationales","og_description":"Dans l\u2019hypoth\u00e8se que Ronsard Malonda est bien le cheval de Troie du FCC, c\u2019est l\u2019UDPS comme parti politique qui doit \u00eatre bl\u00e2m\u00e9, un parti toujours \u00e0 la d\u00e9fensif incapable d\u2019anticiper. Ce parti est d\u00e9chir\u00e9 par la guerre de positionnement oubliant l\u2019objectif majeur d\u2019un parti politique \u00e0 savoir, la conservation du pouvoir acquis. L\u2019UDPS n\u2019a plus cette intelligentsia, le fait pour le FCC de soutenir un candidat \u00e0 la CENI est de la bonne guerre, pourvue que cela se fasse dans les normes. M\u00eame au niveau des sports des arbitres sont pr\u00e9f\u00e9r\u00e9s ou contest\u00e9s par une \u00e9quipe en partie. Le fait que le FCC essaye de contr\u00f4ler malignement la magistrature et la CENI n\u2019est pas anodin, m\u00eame aux USA D\u00e9mocrates et R\u00e9publicains saisissent l\u2019occasion pour placer un juge \u00e0 la cour supr\u00eame des Etats \u2013 Unis d\u2019Am\u00e9riques.","og_url":"https:\/\/congovirtuel.com\/information\/rdc-ceni-vindicatif-j-m-kabund-confond-opposition-politique-et-parti-au-pouvoir\/","og_site_name":"Actualit\u00e9s congolaises et internationales","article_publisher":"https:\/\/web.facebook.com\/Congovirtuel-763617960319601\/?ref=aymt_homepage_panel&amp%3bamp%3bamp%3bamp%3bamp%3bamp%3bamp%3bamp%3bamp%3bamp%3bamp%3beid=ARCoxULa66767kIgF_KYav6VdjXTI4yk_LW4yoVO9s6NXpysgb7Cb65vpxcxgqzOAKvIbLQxaAETcqHT","article_published_time":"2020-07-05T08:24:46+00:00","article_modified_time":"2020-07-05T08:29:34+00:00","og_image":[{"width":500,"height":375,"url":"https:\/\/congovirtuel.com\/information\/wp-content\/uploads\/2020\/05\/kabund.jpg","type":"image\/jpeg"}],"author":"infocongovirtuel","twitter_card":"summary_large_image","twitter_creator":"@congovirtuel","twitter_site":"@congovirtuel","twitter_misc":{"\u00c9crit par":"infocongovirtuel","Dur\u00e9e de lecture estim\u00e9e":"4 minutes"},"schema":{"@context":"https:\/\/schema.org","@graph":[{"@type":"Article","@id":"https:\/\/congovirtuel.com\/information\/rdc-ceni-vindicatif-j-m-kabund-confond-opposition-politique-et-parti-au-pouvoir\/#article","isPartOf":{"@id":"https:\/\/congovirtuel.com\/information\/rdc-ceni-vindicatif-j-m-kabund-confond-opposition-politique-et-parti-au-pouvoir\/"},"author":{"name":"infocongovirtuel","@id":"https:\/\/congovirtuel.com\/information\/#\/schema\/person\/739a44bf7990966cb53d58d2fdeca0b6"},"headline":"RDC : CENI, vindicatif, J-M Kabund confond opposition politique et parti au pouvoir","datePublished":"2020-07-05T08:24:46+00:00","dateModified":"2020-07-05T08:29:34+00:00","mainEntityOfPage":{"@id":"https:\/\/congovirtuel.com\/information\/rdc-ceni-vindicatif-j-m-kabund-confond-opposition-politique-et-parti-au-pouvoir\/"},"wordCount":737,"commentCount":0,"publisher":{"@id":"https:\/\/congovirtuel.com\/information\/#organization"},"image":{"@id":"https:\/\/congovirtuel.com\/information\/rdc-ceni-vindicatif-j-m-kabund-confond-opposition-politique-et-parti-au-pouvoir\/#primaryimage"},"thumbnailUrl":"https:\/\/congovirtuel.com\/information\/wp-content\/uploads\/2020\/05\/kabund.jpg","keywords":["candidat CENCO ECC Cyril EBOTOKO","coalition FCC-CACH","Jean-Marc Kabund","marche du 09 juillet UDPS","Ronsard Malonda \u00e0 la CENI"],"articleSection":["UDPS"],"inLanguage":"fr-FR","potentialAction":[{"@type":"CommentAction","name":"Comment","target":["https:\/\/congovirtuel.com\/information\/rdc-ceni-vindicatif-j-m-kabund-confond-opposition-politique-et-parti-au-pouvoir\/#respond"]}]},{"@type":"WebPage","@id":"https:\/\/congovirtuel.com\/information\/rdc-ceni-vindicatif-j-m-kabund-confond-opposition-politique-et-parti-au-pouvoir\/","url":"https:\/\/congovirtuel.com\/information\/rdc-ceni-vindicatif-j-m-kabund-confond-opposition-politique-et-parti-au-pouvoir\/","name":"RDC : CENI, vindicatif, J-M Kabund confond opposition politique et parti au pouvoir - Actualit\u00e9s congolaises et internationales","isPartOf":{"@id":"https:\/\/congovirtuel.com\/information\/#website"},"primaryImageOfPage":{"@id":"https:\/\/congovirtuel.com\/information\/rdc-ceni-vindicatif-j-m-kabund-confond-opposition-politique-et-parti-au-pouvoir\/#primaryimage"},"image":{"@id":"https:\/\/congovirtuel.com\/information\/rdc-ceni-vindicatif-j-m-kabund-confond-opposition-politique-et-parti-au-pouvoir\/#primaryimage"},"thumbnailUrl":"https:\/\/congovirtuel.com\/information\/wp-content\/uploads\/2020\/05\/kabund.jpg","datePublished":"2020-07-05T08:24:46+00:00","dateModified":"2020-07-05T08:29:34+00:00","breadcrumb":{"@id":"https:\/\/congovirtuel.com\/information\/rdc-ceni-vindicatif-j-m-kabund-confond-opposition-politique-et-parti-au-pouvoir\/#breadcrumb"},"inLanguage":"fr-FR","potentialAction":[{"@type":"ReadAction","target":["https:\/\/congovirtuel.com\/information\/rdc-ceni-vindicatif-j-m-kabund-confond-opposition-politique-et-parti-au-pouvoir\/"]}]},{"@type":"ImageObject","inLanguage":"fr-FR","@id":"https:\/\/congovirtuel.com\/information\/rdc-ceni-vindicatif-j-m-kabund-confond-opposition-politique-et-parti-au-pouvoir\/#primaryimage","url":"https:\/\/congovirtuel.com\/information\/wp-content\/uploads\/2020\/05\/kabund.jpg","contentUrl":"https:\/\/congovirtuel.com\/information\/wp-content\/uploads\/2020\/05\/kabund.jpg","width":500,"height":375,"caption":"Jean-marc kabund"},{"@type":"BreadcrumbList","@id":"https:\/\/congovirtuel.com\/information\/rdc-ceni-vindicatif-j-m-kabund-confond-opposition-politique-et-parti-au-pouvoir\/#breadcrumb","itemListElement":[{"@type":"ListItem","position":1,"name":"Accueil","item":"https:\/\/congovirtuel.com\/information\/"},{"@type":"ListItem","position":2,"name":"RDC : CENI, vindicatif, J-M Kabund confond opposition politique et parti au pouvoir"}]},{"@type":"WebSite","@id":"https:\/\/congovirtuel.com\/information\/#website","url":"https:\/\/congovirtuel.com\/information\/","name":"Actualit\u00e9s congolaises et internationales","description":"site d&#039;analyse et de traitement d&#039;information","publisher":{"@id":"https:\/\/congovirtuel.com\/information\/#organization"},"potentialAction":[{"@type":"SearchAction","target":{"@type":"EntryPoint","urlTemplate":"https:\/\/congovirtuel.com\/information\/?s={search_term_string}"},"query-input":{"@type":"PropertyValueSpecification","valueRequired":true,"valueName":"search_term_string"}}],"inLanguage":"fr-FR"},{"@type":"Organization","@id":"https:\/\/congovirtuel.com\/information\/#organization","name":"Biblioth\u00e8que Virtuelle de la RDC","url":"https:\/\/congovirtuel.com\/information\/","logo":{"@type":"ImageObject","inLanguage":"fr-FR","@id":"https:\/\/congovirtuel.com\/information\/#\/schema\/logo\/image\/","url":"https:\/\/congovirtuel.com\/information\/wp-content\/uploads\/2018\/10\/header-info-congovirtuel-vraie.jpg","contentUrl":"https:\/\/congovirtuel.com\/information\/wp-content\/uploads\/2018\/10\/header-info-congovirtuel-vraie.jpg","width":728,"height":90,"caption":"Biblioth\u00e8que Virtuelle de la RDC"},"image":{"@id":"https:\/\/congovirtuel.com\/information\/#\/schema\/logo\/image\/"},"sameAs":["https:\/\/web.facebook.com\/Congovirtuel-763617960319601\/?ref=aymt_homepage_panel&amp;amp;amp;amp;amp;amp;amp;amp;amp;amp;amp;eid=ARCoxULa66767kIgF_KYav6VdjXTI4yk_LW4yoVO9s6NXpysgb7Cb65vpxcxgqzOAKvIbLQxaAETcqHT","https:\/\/x.com\/congovirtuel","https:\/\/www.youtube.com\/channel\/UCkFfprYzGgS3EWNpeMXpToQ?view_as=subscriber"]},{"@type":"Person","@id":"https:\/\/congovirtuel.com\/information\/#\/schema\/person\/739a44bf7990966cb53d58d2fdeca0b6","name":"infocongovirtuel","image":{"@type":"ImageObject","inLanguage":"fr-FR","@id":"https:\/\/secure.gravatar.com\/avatar\/4d76991aa72469f0eb22e772586c99113c6997f88da636a9db8f2ce3a2c05e69?s=96&d=mm&r=g","url":"https:\/\/secure.gravatar.com\/avatar\/4d76991aa72469f0eb22e772586c99113c6997f88da636a9db8f2ce3a2c05e69?s=96&d=mm&r=g","contentUrl":"https:\/\/secure.gravatar.com\/avatar\/4d76991aa72469f0eb22e772586c99113c6997f88da636a9db8f2ce3a2c05e69?s=96&d=mm&r=g","caption":"infocongovirtuel"},"url":"https:\/\/congovirtuel.com\/information\/author\/infocongovirtuel\/"}]}},"gt_translate_keys":[{"key":"link","format":"url"}],"_links":{"self":[{"href":"https:\/\/congovirtuel.com\/information\/wp-json\/wp\/v2\/posts\/2201","targetHints":{"allow":["GET"]}}],"collection":[{"href":"https:\/\/congovirtuel.com\/information\/wp-json\/wp\/v2\/posts"}],"about":[{"href":"https:\/\/congovirtuel.com\/information\/wp-json\/wp\/v2\/types\/post"}],"author":[{"embeddable":true,"href":"https:\/\/congovirtuel.com\/information\/wp-json\/wp\/v2\/users\/1"}],"replies":[{"embeddable":true,"href":"https:\/\/congovirtuel.com\/information\/wp-json\/wp\/v2\/comments?post=2201"}],"version-history":[{"count":2,"href":"https:\/\/congovirtuel.com\/information\/wp-json\/wp\/v2\/posts\/2201\/revisions"}],"predecessor-version":[{"id":2205,"href":"https:\/\/congovirtuel.com\/information\/wp-json\/wp\/v2\/posts\/2201\/revisions\/2205"}],"wp:featuredmedia":[{"embeddable":true,"href":"https:\/\/congovirtuel.com\/information\/wp-json\/wp\/v2\/media\/1585"}],"wp:attachment":[{"href":"https:\/\/congovirtuel.com\/information\/wp-json\/wp\/v2\/media?parent=2201"}],"wp:term":[{"taxonomy":"category","embeddable":true,"href":"https:\/\/congovirtuel.com\/information\/wp-json\/wp\/v2\/categories?post=2201"},{"taxonomy":"post_tag","embeddable":true,"href":"https:\/\/congovirtuel.com\/information\/wp-json\/wp\/v2\/tags?post=2201"}],"curies":[{"name":"wp","href":"https:\/\/api.w.org\/{rel}","templated":true}]}}