{"id":22066,"date":"2023-03-23T11:31:12","date_gmt":"2023-03-23T10:31:12","guid":{"rendered":"https:\/\/congovirtuel.com\/information\/?p=22066"},"modified":"2023-03-23T11:31:12","modified_gmt":"2023-03-23T10:31:12","slug":"pour-des-raisons-de-securite-le-proces-de-mwangachuchu-delocalise-a-makala","status":"publish","type":"post","link":"https:\/\/congovirtuel.com\/information\/pour-des-raisons-de-securite-le-proces-de-mwangachuchu-delocalise-a-makala\/","title":{"rendered":"Pour des raisons de s\u00e9curit\u00e9 : le proc\u00e8s de Mwangachuchu d\u00e9localis\u00e9 \u00e0 Makala","gt_translate_keys":[{"key":"rendered","format":"text"}]},"content":{"rendered":"<p>Pr\u00e9vue le mardi 21 mars 2023, \u00e0 son si\u00e8ge du nouveau Palais de justice, \u00e0 Gombe, l\u2019audience du proc\u00e8s du d\u00e9put\u00e9 Edouard Mwangachuchu Hizi et de son co-d\u00e9tenu, le commissaire principal Mushamalirwa Balike, que de nombreux compatriotes suivent depuis le d\u00e9but de ce mois avec un int\u00e9r\u00eat croissant, a \u00e9t\u00e9 d\u00e9localis\u00e9e curieusement \u00e0 la Prison centrale de Makala, o\u00f9 \u00e0 la surprise g\u00e9n\u00e9rale, les avocats conseils de l\u2019\u00e9lu de Masisi ont s\u00e9ch\u00e9 hier l\u2019audience. Une d\u00e9localisation justifi\u00e9e par des imp\u00e9ratifs s\u00e9curitaires. Car, des rumeurs persistantes faisaient \u00e9tat de quelques tentatives de perturbation de ce proc\u00e8s par des partisans de l\u2019\u00e9lu de Masisi.<\/p>\n<p>Le pr\u00e9sident de la chambre de la Haute Cour Militaire, le g\u00e9n\u00e9ral-major Kabala Martin, et les autres membres de la composition, ont d\u00fb attendre de longues heures pour se d\u00e9cider enfin sur le report. Finalement, ils ont constat\u00e9 que l\u2019absence de la d\u00e9fense de Mwangachuchu n\u2019\u00e9tait pas due \u00e0 la suite de la d\u00e9localisation du lieu de l\u2019instruction de ce proc\u00e8s, mais bien pour d\u2019autres raisons li\u00e9es \u00e0 l\u2019\u00e9tat de sant\u00e9 du pr\u00e9venu. On se rappellera que depuis le d\u00e9marrage de cette affaire devant la Haute Cour Militaire, la d\u00e9fense a enfourch\u00e9 la trompette pour faire savoir \u00e0 la haute cour que le pr\u00e9venu Mwangachuchu affiche une sant\u00e9 pr\u00e9caire. Et que pour qu\u2019il comparaisse en toute s\u00e9r\u00e9nit\u00e9 devant les juges et qu\u2019il organise mieux sa d\u00e9fense, il \u00e9tait de bon droit que la haute cour puisse acc\u00e9der \u00e0 sa demande de mise en libert\u00e9 provisoire ou tout au moins qu\u2019il soit plac\u00e9 en r\u00e9sidence surveill\u00e9e.<br \/>\nCette demande, comme il faudrait le rappeler, avait \u00e9t\u00e9 rejet\u00e9e dans l\u2019arr\u00eat avant dire droit prononc\u00e9 par la Haute cour militaire en son audience du lundi 13\u00a0 mars 2023. Cette juridiction avait justifi\u00e9 sa d\u00e9cision par la gravit\u00e9 des pr\u00e9ventions pour lesquelles Mwangachuchu Hizi fait l\u2019objet de poursuites judiciaires, notamment participation \u00e0 un mouvement insurrectionnel, d\u00e9tention ill\u00e9gale d\u2019armes et munitions de guerre et incitation des militaires \u00e0 commettre des actes contraires \u00e0 la loi et \u00e0 la discipline.<br \/>\nLe mardi 21 mars \u00e0 la Prison centrale de Makala, on n\u2019a pas compris le fait que les deux pr\u00e9venus n\u2019\u00e9taient pas assist\u00e9s de leurs conseils. Pourtant, il avait \u00e9t\u00e9 d\u00e9cid\u00e9 la poursuite normale de l\u2019instruction de ce proc\u00e8s. Au niveau du greffe de la HCM, des exploits avaient \u00e9t\u00e9 pr\u00e9par\u00e9s et distribu\u00e9s aux deux pr\u00e9venus, en m\u00eame temps que l\u2019extrait de r\u00f4le de cette audience, affich\u00e9 devant la Haute cour militaire au nouveau Palais de justice. Dans un pr\u00e9toire \u00e0 moiti\u00e9 vide, seuls les membres de familles de Mwangachuchu Hizi Edouard\u00a0 et du commissaire principal Mushamalirwa Balike, ainsi que quelques journalistes, occupaient quelques places dans la salle d\u2019audience de la Prison centrale de Makala. Pour les juges de la haute cour, l\u2019absence des avocats de la d\u00e9fense ne peut perturber le d\u00e9roulement normal de ce proc\u00e8s fait attendu par l\u2019opinion nationale et internationale.<br \/>\nDans les milieux judiciaires, l\u2019on se r\u00e9jouit toutefois de constater que la Haute cour militaire, qui tient \u00e0 sauvegarder les droits de la d\u00e9fense de l\u2019\u00e9lu de Masisi, donne une chance \u00e0 ses avocats conseils de pouvoir s\u2019organiser dans l\u2019int\u00e9r\u00eat du d\u00e9put\u00e9 national Mwangachuchu.<br \/>\nPour l\u2019audience pr\u00e9vue le 28 mars prochain, la haute juridiction entend poursuivre contradictoirement l\u2019instruction de cette affaire. L\u2019on croit savoir que ce sera l\u2019occasion de d\u00e9battre du rapport des sp\u00e9cialistes en armement qui avaient travaill\u00e9 en commission avec les magistrats de l\u2019Auditorat g\u00e9n\u00e9ral des Fardc.\u00a0 Ils avaient \u00e9t\u00e9 en effet requis pour identifier tous les objets saisis dans le cadre de l\u2019affaire Mwangachuchu. Le premier lot des objets avait \u00e9t\u00e9 d\u00e9terr\u00e9<br \/>\ndans la ferme de l\u2019\u00e9lu de Masisi. D\u2019autres objets compromettants ont \u00e9t\u00e9 trouv\u00e9s dans la r\u00e9sidence de Mwangachuchu de la commune de la Gombe.<br \/>\nL\u2019opinion nationale serait curieuse de savoir ce que les agents des services et de l\u2019Auditorat g\u00e9n\u00e9ral des Fardc ont d\u00e9couvert dans ces deux propri\u00e9t\u00e9s appartenant au pr\u00e9sident du CNDP et qui, pour les magistrats, vont constituer des pi\u00e8ces \u00e0 conviction pour asseoir les accusations port\u00e9es contre le d\u00e9put\u00e9 national Edouard Mwangachuchu Hizi et le commissaire principal Mushamalirwa Balike. Rendez-vous au 28 mars prochain pour cette \u00ab s\u00e9ance de d\u00e9ballage des sacs \u00bb contenant tous les objets saisis dans cette affaire.<br \/>\nSur d\u00e9cision de la Haute cour militaire, cette affaire enregistr\u00e9e dans le registre des dossiers instruits en mati\u00e8re flagrance, compte tenu de ses contours s\u00e9curitaires et militaires, a \u00e9t\u00e9 renvoy\u00e9e \u00e0 l\u2019audience du 28 mars 2023.<\/p>\n<p>Lephare<\/p>\n","protected":false,"gt_translate_keys":[{"key":"rendered","format":"html"}]},"excerpt":{"rendered":"<p>Pr\u00e9vue le mardi 21 mars 2023, \u00e0 son si\u00e8ge du nouveau Palais de justice, \u00e0 Gombe, l\u2019audience du proc\u00e8s du d\u00e9put\u00e9 Edouard Mwangachuchu Hizi et de son co-d\u00e9tenu, le commissaire principal Mushamalirwa Balike, que de nombreux compatriotes suivent depuis le d\u00e9but de ce mois avec un int\u00e9r\u00eat croissant, a \u00e9t\u00e9 d\u00e9localis\u00e9e curieusement \u00e0 la Prison centrale de Makala, o\u00f9 \u00e0 la surprise g\u00e9n\u00e9rale, les avocats conseils de l\u2019\u00e9lu de Masisi ont s\u00e9ch\u00e9 hier l\u2019audience. Une d\u00e9localisation justifi\u00e9e par des imp\u00e9ratifs s\u00e9curitaires. Car, des rumeurs persistantes faisaient \u00e9tat de quelques tentatives&hellip;<\/p>\n","protected":false,"gt_translate_keys":[{"key":"rendered","format":"html"}]},"author":1,"featured_media":22065,"comment_status":"open","ping_status":"open","sticky":false,"template":"","format":"standard","meta":{"_crdt_document":"","footnotes":""},"categories":[461],"tags":[37943],"class_list":["post-22066","post","type-post","status-publish","format-standard","has-post-thumbnail","hentry","category-justice","tag-mwangachuchu-proces-makala"],"gutentor_comment":0,"yoast_head":"<!-- This site is optimized with the Yoast SEO plugin v27.5 - https:\/\/yoast.com\/product\/yoast-seo-wordpress\/ -->\n<title>Pour des raisons de s\u00e9curit\u00e9 : le proc\u00e8s de Mwangachuchu d\u00e9localis\u00e9 \u00e0 Makala - Actualit\u00e9s congolaises et internationales<\/title>\n<meta name=\"robots\" content=\"index, follow, max-snippet:-1, max-image-preview:large, max-video-preview:-1\" \/>\n<link rel=\"canonical\" href=\"https:\/\/congovirtuel.com\/information\/pour-des-raisons-de-securite-le-proces-de-mwangachuchu-delocalise-a-makala\/\" \/>\n<meta property=\"og:locale\" content=\"fr_FR\" \/>\n<meta property=\"og:type\" content=\"article\" \/>\n<meta property=\"og:title\" content=\"Pour des raisons de s\u00e9curit\u00e9 : le proc\u00e8s de Mwangachuchu d\u00e9localis\u00e9 \u00e0 Makala - Actualit\u00e9s congolaises et internationales\" \/>\n<meta property=\"og:description\" content=\"Pr\u00e9vue le mardi 21 mars 2023, \u00e0 son si\u00e8ge du nouveau Palais de justice, \u00e0 Gombe, l\u2019audience du proc\u00e8s du d\u00e9put\u00e9 Edouard Mwangachuchu Hizi et de son co-d\u00e9tenu, le commissaire principal Mushamalirwa Balike, que de nombreux compatriotes suivent depuis le d\u00e9but de ce mois avec un int\u00e9r\u00eat croissant, a \u00e9t\u00e9 d\u00e9localis\u00e9e curieusement \u00e0 la Prison centrale de Makala, o\u00f9 \u00e0 la surprise g\u00e9n\u00e9rale, les avocats conseils de l\u2019\u00e9lu de Masisi ont s\u00e9ch\u00e9 hier l\u2019audience. Une d\u00e9localisation justifi\u00e9e par des imp\u00e9ratifs s\u00e9curitaires. Car, des rumeurs persistantes faisaient \u00e9tat de quelques tentatives&hellip;\" \/>\n<meta property=\"og:url\" content=\"https:\/\/congovirtuel.com\/information\/pour-des-raisons-de-securite-le-proces-de-mwangachuchu-delocalise-a-makala\/\" \/>\n<meta property=\"og:site_name\" content=\"Actualit\u00e9s congolaises et internationales\" \/>\n<meta property=\"article:publisher\" content=\"https:\/\/web.facebook.com\/Congovirtuel-763617960319601\/?ref=aymt_homepage_panel&amp;amp%3bamp%3bamp%3bamp%3bamp%3bamp%3bamp%3bamp%3bamp%3bamp%3bamp%3beid=ARCoxULa66767kIgF_KYav6VdjXTI4yk_LW4yoVO9s6NXpysgb7Cb65vpxcxgqzOAKvIbLQxaAETcqHT\" \/>\n<meta property=\"article:published_time\" content=\"2023-03-23T10:31:12+00:00\" \/>\n<meta property=\"og:image\" content=\"https:\/\/congovirtuel.com\/information\/wp-content\/uploads\/2023\/03\/mwangachuchu.jpg\" \/>\n\t<meta property=\"og:image:width\" content=\"847\" \/>\n\t<meta property=\"og:image:height\" content=\"499\" \/>\n\t<meta property=\"og:image:type\" content=\"image\/jpeg\" \/>\n<meta name=\"author\" content=\"infocongovirtuel\" \/>\n<meta name=\"twitter:card\" content=\"summary_large_image\" \/>\n<meta name=\"twitter:creator\" content=\"@congovirtuel\" \/>\n<meta name=\"twitter:site\" content=\"@congovirtuel\" \/>\n<meta name=\"twitter:label1\" content=\"\u00c9crit par\" \/>\n\t<meta name=\"twitter:data1\" content=\"infocongovirtuel\" \/>\n\t<meta name=\"twitter:label2\" content=\"Dur\u00e9e de lecture estim\u00e9e\" \/>\n\t<meta name=\"twitter:data2\" content=\"4 minutes\" \/>\n<script type=\"application\/ld+json\" class=\"yoast-schema-graph\">{\"@context\":\"https:\\\/\\\/schema.org\",\"@graph\":[{\"@type\":\"Article\",\"@id\":\"https:\\\/\\\/congovirtuel.com\\\/information\\\/pour-des-raisons-de-securite-le-proces-de-mwangachuchu-delocalise-a-makala\\\/#article\",\"isPartOf\":{\"@id\":\"https:\\\/\\\/congovirtuel.com\\\/information\\\/pour-des-raisons-de-securite-le-proces-de-mwangachuchu-delocalise-a-makala\\\/\"},\"author\":{\"name\":\"infocongovirtuel\",\"@id\":\"https:\\\/\\\/congovirtuel.com\\\/information\\\/#\\\/schema\\\/person\\\/739a44bf7990966cb53d58d2fdeca0b6\"},\"headline\":\"Pour des raisons de s\u00e9curit\u00e9 : le proc\u00e8s de Mwangachuchu d\u00e9localis\u00e9 \u00e0 Makala\",\"datePublished\":\"2023-03-23T10:31:12+00:00\",\"mainEntityOfPage\":{\"@id\":\"https:\\\/\\\/congovirtuel.com\\\/information\\\/pour-des-raisons-de-securite-le-proces-de-mwangachuchu-delocalise-a-makala\\\/\"},\"wordCount\":843,\"commentCount\":0,\"publisher\":{\"@id\":\"https:\\\/\\\/congovirtuel.com\\\/information\\\/#organization\"},\"image\":{\"@id\":\"https:\\\/\\\/congovirtuel.com\\\/information\\\/pour-des-raisons-de-securite-le-proces-de-mwangachuchu-delocalise-a-makala\\\/#primaryimage\"},\"thumbnailUrl\":\"https:\\\/\\\/congovirtuel.com\\\/information\\\/wp-content\\\/uploads\\\/2023\\\/03\\\/mwangachuchu.jpg\",\"keywords\":[\"Mwangachuchu proc\u00e8s Makala\"],\"articleSection\":[\"Justice\"],\"inLanguage\":\"fr-FR\",\"potentialAction\":[{\"@type\":\"CommentAction\",\"name\":\"Comment\",\"target\":[\"https:\\\/\\\/congovirtuel.com\\\/information\\\/pour-des-raisons-de-securite-le-proces-de-mwangachuchu-delocalise-a-makala\\\/#respond\"]}]},{\"@type\":\"WebPage\",\"@id\":\"https:\\\/\\\/congovirtuel.com\\\/information\\\/pour-des-raisons-de-securite-le-proces-de-mwangachuchu-delocalise-a-makala\\\/\",\"url\":\"https:\\\/\\\/congovirtuel.com\\\/information\\\/pour-des-raisons-de-securite-le-proces-de-mwangachuchu-delocalise-a-makala\\\/\",\"name\":\"Pour des raisons de s\u00e9curit\u00e9 : le proc\u00e8s de Mwangachuchu d\u00e9localis\u00e9 \u00e0 Makala - Actualit\u00e9s congolaises et internationales\",\"isPartOf\":{\"@id\":\"https:\\\/\\\/congovirtuel.com\\\/information\\\/#website\"},\"primaryImageOfPage\":{\"@id\":\"https:\\\/\\\/congovirtuel.com\\\/information\\\/pour-des-raisons-de-securite-le-proces-de-mwangachuchu-delocalise-a-makala\\\/#primaryimage\"},\"image\":{\"@id\":\"https:\\\/\\\/congovirtuel.com\\\/information\\\/pour-des-raisons-de-securite-le-proces-de-mwangachuchu-delocalise-a-makala\\\/#primaryimage\"},\"thumbnailUrl\":\"https:\\\/\\\/congovirtuel.com\\\/information\\\/wp-content\\\/uploads\\\/2023\\\/03\\\/mwangachuchu.jpg\",\"datePublished\":\"2023-03-23T10:31:12+00:00\",\"breadcrumb\":{\"@id\":\"https:\\\/\\\/congovirtuel.com\\\/information\\\/pour-des-raisons-de-securite-le-proces-de-mwangachuchu-delocalise-a-makala\\\/#breadcrumb\"},\"inLanguage\":\"fr-FR\",\"potentialAction\":[{\"@type\":\"ReadAction\",\"target\":[\"https:\\\/\\\/congovirtuel.com\\\/information\\\/pour-des-raisons-de-securite-le-proces-de-mwangachuchu-delocalise-a-makala\\\/\"]}]},{\"@type\":\"ImageObject\",\"inLanguage\":\"fr-FR\",\"@id\":\"https:\\\/\\\/congovirtuel.com\\\/information\\\/pour-des-raisons-de-securite-le-proces-de-mwangachuchu-delocalise-a-makala\\\/#primaryimage\",\"url\":\"https:\\\/\\\/congovirtuel.com\\\/information\\\/wp-content\\\/uploads\\\/2023\\\/03\\\/mwangachuchu.jpg\",\"contentUrl\":\"https:\\\/\\\/congovirtuel.com\\\/information\\\/wp-content\\\/uploads\\\/2023\\\/03\\\/mwangachuchu.jpg\",\"width\":847,\"height\":499},{\"@type\":\"BreadcrumbList\",\"@id\":\"https:\\\/\\\/congovirtuel.com\\\/information\\\/pour-des-raisons-de-securite-le-proces-de-mwangachuchu-delocalise-a-makala\\\/#breadcrumb\",\"itemListElement\":[{\"@type\":\"ListItem\",\"position\":1,\"name\":\"Accueil\",\"item\":\"https:\\\/\\\/congovirtuel.com\\\/information\\\/\"},{\"@type\":\"ListItem\",\"position\":2,\"name\":\"Pour des raisons de s\u00e9curit\u00e9 : le proc\u00e8s de Mwangachuchu d\u00e9localis\u00e9 \u00e0 Makala\"}]},{\"@type\":\"WebSite\",\"@id\":\"https:\\\/\\\/congovirtuel.com\\\/information\\\/#website\",\"url\":\"https:\\\/\\\/congovirtuel.com\\\/information\\\/\",\"name\":\"Actualit\u00e9s congolaises et internationales\",\"description\":\"site d&#039;analyse et de traitement d&#039;information\",\"publisher\":{\"@id\":\"https:\\\/\\\/congovirtuel.com\\\/information\\\/#organization\"},\"potentialAction\":[{\"@type\":\"SearchAction\",\"target\":{\"@type\":\"EntryPoint\",\"urlTemplate\":\"https:\\\/\\\/congovirtuel.com\\\/information\\\/?s={search_term_string}\"},\"query-input\":{\"@type\":\"PropertyValueSpecification\",\"valueRequired\":true,\"valueName\":\"search_term_string\"}}],\"inLanguage\":\"fr-FR\"},{\"@type\":\"Organization\",\"@id\":\"https:\\\/\\\/congovirtuel.com\\\/information\\\/#organization\",\"name\":\"Biblioth\u00e8que Virtuelle de la RDC\",\"url\":\"https:\\\/\\\/congovirtuel.com\\\/information\\\/\",\"logo\":{\"@type\":\"ImageObject\",\"inLanguage\":\"fr-FR\",\"@id\":\"https:\\\/\\\/congovirtuel.com\\\/information\\\/#\\\/schema\\\/logo\\\/image\\\/\",\"url\":\"https:\\\/\\\/congovirtuel.com\\\/information\\\/wp-content\\\/uploads\\\/2018\\\/10\\\/header-info-congovirtuel-vraie.jpg\",\"contentUrl\":\"https:\\\/\\\/congovirtuel.com\\\/information\\\/wp-content\\\/uploads\\\/2018\\\/10\\\/header-info-congovirtuel-vraie.jpg\",\"width\":728,\"height\":90,\"caption\":\"Biblioth\u00e8que Virtuelle de la RDC\"},\"image\":{\"@id\":\"https:\\\/\\\/congovirtuel.com\\\/information\\\/#\\\/schema\\\/logo\\\/image\\\/\"},\"sameAs\":[\"https:\\\/\\\/web.facebook.com\\\/Congovirtuel-763617960319601\\\/?ref=aymt_homepage_panel&amp;amp;amp;amp;amp;amp;amp;amp;amp;amp;amp;eid=ARCoxULa66767kIgF_KYav6VdjXTI4yk_LW4yoVO9s6NXpysgb7Cb65vpxcxgqzOAKvIbLQxaAETcqHT\",\"https:\\\/\\\/x.com\\\/congovirtuel\",\"https:\\\/\\\/www.youtube.com\\\/channel\\\/UCkFfprYzGgS3EWNpeMXpToQ?view_as=subscriber\"]},{\"@type\":\"Person\",\"@id\":\"https:\\\/\\\/congovirtuel.com\\\/information\\\/#\\\/schema\\\/person\\\/739a44bf7990966cb53d58d2fdeca0b6\",\"name\":\"infocongovirtuel\",\"image\":{\"@type\":\"ImageObject\",\"inLanguage\":\"fr-FR\",\"@id\":\"https:\\\/\\\/secure.gravatar.com\\\/avatar\\\/4d76991aa72469f0eb22e772586c99113c6997f88da636a9db8f2ce3a2c05e69?s=96&d=mm&r=g\",\"url\":\"https:\\\/\\\/secure.gravatar.com\\\/avatar\\\/4d76991aa72469f0eb22e772586c99113c6997f88da636a9db8f2ce3a2c05e69?s=96&d=mm&r=g\",\"contentUrl\":\"https:\\\/\\\/secure.gravatar.com\\\/avatar\\\/4d76991aa72469f0eb22e772586c99113c6997f88da636a9db8f2ce3a2c05e69?s=96&d=mm&r=g\",\"caption\":\"infocongovirtuel\"},\"url\":\"https:\\\/\\\/congovirtuel.com\\\/information\\\/author\\\/infocongovirtuel\\\/\"}]}<\/script>\n<!-- \/ Yoast SEO plugin. -->","yoast_head_json":{"title":"Pour des raisons de s\u00e9curit\u00e9 : le proc\u00e8s de Mwangachuchu d\u00e9localis\u00e9 \u00e0 Makala - Actualit\u00e9s congolaises et internationales","robots":{"index":"index","follow":"follow","max-snippet":"max-snippet:-1","max-image-preview":"max-image-preview:large","max-video-preview":"max-video-preview:-1"},"canonical":"https:\/\/congovirtuel.com\/information\/pour-des-raisons-de-securite-le-proces-de-mwangachuchu-delocalise-a-makala\/","og_locale":"fr_FR","og_type":"article","og_title":"Pour des raisons de s\u00e9curit\u00e9 : le proc\u00e8s de Mwangachuchu d\u00e9localis\u00e9 \u00e0 Makala - Actualit\u00e9s congolaises et internationales","og_description":"Pr\u00e9vue le mardi 21 mars 2023, \u00e0 son si\u00e8ge du nouveau Palais de justice, \u00e0 Gombe, l\u2019audience du proc\u00e8s du d\u00e9put\u00e9 Edouard Mwangachuchu Hizi et de son co-d\u00e9tenu, le commissaire principal Mushamalirwa Balike, que de nombreux compatriotes suivent depuis le d\u00e9but de ce mois avec un int\u00e9r\u00eat croissant, a \u00e9t\u00e9 d\u00e9localis\u00e9e curieusement \u00e0 la Prison centrale de Makala, o\u00f9 \u00e0 la surprise g\u00e9n\u00e9rale, les avocats conseils de l\u2019\u00e9lu de Masisi ont s\u00e9ch\u00e9 hier l\u2019audience. Une d\u00e9localisation justifi\u00e9e par des imp\u00e9ratifs s\u00e9curitaires. Car, des rumeurs persistantes faisaient \u00e9tat de quelques tentatives&hellip;","og_url":"https:\/\/congovirtuel.com\/information\/pour-des-raisons-de-securite-le-proces-de-mwangachuchu-delocalise-a-makala\/","og_site_name":"Actualit\u00e9s congolaises et internationales","article_publisher":"https:\/\/web.facebook.com\/Congovirtuel-763617960319601\/?ref=aymt_homepage_panel&amp%3bamp%3bamp%3bamp%3bamp%3bamp%3bamp%3bamp%3bamp%3bamp%3bamp%3beid=ARCoxULa66767kIgF_KYav6VdjXTI4yk_LW4yoVO9s6NXpysgb7Cb65vpxcxgqzOAKvIbLQxaAETcqHT","article_published_time":"2023-03-23T10:31:12+00:00","og_image":[{"width":847,"height":499,"url":"https:\/\/congovirtuel.com\/information\/wp-content\/uploads\/2023\/03\/mwangachuchu.jpg","type":"image\/jpeg"}],"author":"infocongovirtuel","twitter_card":"summary_large_image","twitter_creator":"@congovirtuel","twitter_site":"@congovirtuel","twitter_misc":{"\u00c9crit par":"infocongovirtuel","Dur\u00e9e de lecture estim\u00e9e":"4 minutes"},"schema":{"@context":"https:\/\/schema.org","@graph":[{"@type":"Article","@id":"https:\/\/congovirtuel.com\/information\/pour-des-raisons-de-securite-le-proces-de-mwangachuchu-delocalise-a-makala\/#article","isPartOf":{"@id":"https:\/\/congovirtuel.com\/information\/pour-des-raisons-de-securite-le-proces-de-mwangachuchu-delocalise-a-makala\/"},"author":{"name":"infocongovirtuel","@id":"https:\/\/congovirtuel.com\/information\/#\/schema\/person\/739a44bf7990966cb53d58d2fdeca0b6"},"headline":"Pour des raisons de s\u00e9curit\u00e9 : le proc\u00e8s de Mwangachuchu d\u00e9localis\u00e9 \u00e0 Makala","datePublished":"2023-03-23T10:31:12+00:00","mainEntityOfPage":{"@id":"https:\/\/congovirtuel.com\/information\/pour-des-raisons-de-securite-le-proces-de-mwangachuchu-delocalise-a-makala\/"},"wordCount":843,"commentCount":0,"publisher":{"@id":"https:\/\/congovirtuel.com\/information\/#organization"},"image":{"@id":"https:\/\/congovirtuel.com\/information\/pour-des-raisons-de-securite-le-proces-de-mwangachuchu-delocalise-a-makala\/#primaryimage"},"thumbnailUrl":"https:\/\/congovirtuel.com\/information\/wp-content\/uploads\/2023\/03\/mwangachuchu.jpg","keywords":["Mwangachuchu proc\u00e8s Makala"],"articleSection":["Justice"],"inLanguage":"fr-FR","potentialAction":[{"@type":"CommentAction","name":"Comment","target":["https:\/\/congovirtuel.com\/information\/pour-des-raisons-de-securite-le-proces-de-mwangachuchu-delocalise-a-makala\/#respond"]}]},{"@type":"WebPage","@id":"https:\/\/congovirtuel.com\/information\/pour-des-raisons-de-securite-le-proces-de-mwangachuchu-delocalise-a-makala\/","url":"https:\/\/congovirtuel.com\/information\/pour-des-raisons-de-securite-le-proces-de-mwangachuchu-delocalise-a-makala\/","name":"Pour des raisons de s\u00e9curit\u00e9 : le proc\u00e8s de Mwangachuchu d\u00e9localis\u00e9 \u00e0 Makala - Actualit\u00e9s congolaises et internationales","isPartOf":{"@id":"https:\/\/congovirtuel.com\/information\/#website"},"primaryImageOfPage":{"@id":"https:\/\/congovirtuel.com\/information\/pour-des-raisons-de-securite-le-proces-de-mwangachuchu-delocalise-a-makala\/#primaryimage"},"image":{"@id":"https:\/\/congovirtuel.com\/information\/pour-des-raisons-de-securite-le-proces-de-mwangachuchu-delocalise-a-makala\/#primaryimage"},"thumbnailUrl":"https:\/\/congovirtuel.com\/information\/wp-content\/uploads\/2023\/03\/mwangachuchu.jpg","datePublished":"2023-03-23T10:31:12+00:00","breadcrumb":{"@id":"https:\/\/congovirtuel.com\/information\/pour-des-raisons-de-securite-le-proces-de-mwangachuchu-delocalise-a-makala\/#breadcrumb"},"inLanguage":"fr-FR","potentialAction":[{"@type":"ReadAction","target":["https:\/\/congovirtuel.com\/information\/pour-des-raisons-de-securite-le-proces-de-mwangachuchu-delocalise-a-makala\/"]}]},{"@type":"ImageObject","inLanguage":"fr-FR","@id":"https:\/\/congovirtuel.com\/information\/pour-des-raisons-de-securite-le-proces-de-mwangachuchu-delocalise-a-makala\/#primaryimage","url":"https:\/\/congovirtuel.com\/information\/wp-content\/uploads\/2023\/03\/mwangachuchu.jpg","contentUrl":"https:\/\/congovirtuel.com\/information\/wp-content\/uploads\/2023\/03\/mwangachuchu.jpg","width":847,"height":499},{"@type":"BreadcrumbList","@id":"https:\/\/congovirtuel.com\/information\/pour-des-raisons-de-securite-le-proces-de-mwangachuchu-delocalise-a-makala\/#breadcrumb","itemListElement":[{"@type":"ListItem","position":1,"name":"Accueil","item":"https:\/\/congovirtuel.com\/information\/"},{"@type":"ListItem","position":2,"name":"Pour des raisons de s\u00e9curit\u00e9 : le proc\u00e8s de Mwangachuchu d\u00e9localis\u00e9 \u00e0 Makala"}]},{"@type":"WebSite","@id":"https:\/\/congovirtuel.com\/information\/#website","url":"https:\/\/congovirtuel.com\/information\/","name":"Actualit\u00e9s congolaises et internationales","description":"site d&#039;analyse et de traitement d&#039;information","publisher":{"@id":"https:\/\/congovirtuel.com\/information\/#organization"},"potentialAction":[{"@type":"SearchAction","target":{"@type":"EntryPoint","urlTemplate":"https:\/\/congovirtuel.com\/information\/?s={search_term_string}"},"query-input":{"@type":"PropertyValueSpecification","valueRequired":true,"valueName":"search_term_string"}}],"inLanguage":"fr-FR"},{"@type":"Organization","@id":"https:\/\/congovirtuel.com\/information\/#organization","name":"Biblioth\u00e8que Virtuelle de la RDC","url":"https:\/\/congovirtuel.com\/information\/","logo":{"@type":"ImageObject","inLanguage":"fr-FR","@id":"https:\/\/congovirtuel.com\/information\/#\/schema\/logo\/image\/","url":"https:\/\/congovirtuel.com\/information\/wp-content\/uploads\/2018\/10\/header-info-congovirtuel-vraie.jpg","contentUrl":"https:\/\/congovirtuel.com\/information\/wp-content\/uploads\/2018\/10\/header-info-congovirtuel-vraie.jpg","width":728,"height":90,"caption":"Biblioth\u00e8que Virtuelle de la RDC"},"image":{"@id":"https:\/\/congovirtuel.com\/information\/#\/schema\/logo\/image\/"},"sameAs":["https:\/\/web.facebook.com\/Congovirtuel-763617960319601\/?ref=aymt_homepage_panel&amp;amp;amp;amp;amp;amp;amp;amp;amp;amp;amp;eid=ARCoxULa66767kIgF_KYav6VdjXTI4yk_LW4yoVO9s6NXpysgb7Cb65vpxcxgqzOAKvIbLQxaAETcqHT","https:\/\/x.com\/congovirtuel","https:\/\/www.youtube.com\/channel\/UCkFfprYzGgS3EWNpeMXpToQ?view_as=subscriber"]},{"@type":"Person","@id":"https:\/\/congovirtuel.com\/information\/#\/schema\/person\/739a44bf7990966cb53d58d2fdeca0b6","name":"infocongovirtuel","image":{"@type":"ImageObject","inLanguage":"fr-FR","@id":"https:\/\/secure.gravatar.com\/avatar\/4d76991aa72469f0eb22e772586c99113c6997f88da636a9db8f2ce3a2c05e69?s=96&d=mm&r=g","url":"https:\/\/secure.gravatar.com\/avatar\/4d76991aa72469f0eb22e772586c99113c6997f88da636a9db8f2ce3a2c05e69?s=96&d=mm&r=g","contentUrl":"https:\/\/secure.gravatar.com\/avatar\/4d76991aa72469f0eb22e772586c99113c6997f88da636a9db8f2ce3a2c05e69?s=96&d=mm&r=g","caption":"infocongovirtuel"},"url":"https:\/\/congovirtuel.com\/information\/author\/infocongovirtuel\/"}]}},"gt_translate_keys":[{"key":"link","format":"url"}],"_links":{"self":[{"href":"https:\/\/congovirtuel.com\/information\/wp-json\/wp\/v2\/posts\/22066","targetHints":{"allow":["GET"]}}],"collection":[{"href":"https:\/\/congovirtuel.com\/information\/wp-json\/wp\/v2\/posts"}],"about":[{"href":"https:\/\/congovirtuel.com\/information\/wp-json\/wp\/v2\/types\/post"}],"author":[{"embeddable":true,"href":"https:\/\/congovirtuel.com\/information\/wp-json\/wp\/v2\/users\/1"}],"replies":[{"embeddable":true,"href":"https:\/\/congovirtuel.com\/information\/wp-json\/wp\/v2\/comments?post=22066"}],"version-history":[{"count":1,"href":"https:\/\/congovirtuel.com\/information\/wp-json\/wp\/v2\/posts\/22066\/revisions"}],"predecessor-version":[{"id":22067,"href":"https:\/\/congovirtuel.com\/information\/wp-json\/wp\/v2\/posts\/22066\/revisions\/22067"}],"wp:featuredmedia":[{"embeddable":true,"href":"https:\/\/congovirtuel.com\/information\/wp-json\/wp\/v2\/media\/22065"}],"wp:attachment":[{"href":"https:\/\/congovirtuel.com\/information\/wp-json\/wp\/v2\/media?parent=22066"}],"wp:term":[{"taxonomy":"category","embeddable":true,"href":"https:\/\/congovirtuel.com\/information\/wp-json\/wp\/v2\/categories?post=22066"},{"taxonomy":"post_tag","embeddable":true,"href":"https:\/\/congovirtuel.com\/information\/wp-json\/wp\/v2\/tags?post=22066"}],"curies":[{"name":"wp","href":"https:\/\/api.w.org\/{rel}","templated":true}]}}