{"id":22153,"date":"2023-04-04T08:23:32","date_gmt":"2023-04-04T07:23:32","guid":{"rendered":"https:\/\/congovirtuel.com\/information\/?p=22153"},"modified":"2023-04-04T08:23:32","modified_gmt":"2023-04-04T07:23:32","slug":"rdc-kimbangu-au-grand-homme-la-patrie-enfin-reconnaissante","status":"publish","type":"post","link":"https:\/\/congovirtuel.com\/information\/rdc-kimbangu-au-grand-homme-la-patrie-enfin-reconnaissante\/","title":{"rendered":"RDC &#8211; Kimbangu: au grand homme, la patrie enfin reconnaissante!","gt_translate_keys":[{"key":"rendered","format":"text"}]},"content":{"rendered":"<p class=\"has-text-align-justify\"><strong>Enfin une ordonnance fort\u00a0 peu ordinaire ! Celle qui institue un jour f\u00e9ri\u00e9 en m\u00e9moire de Simon Kimbangu, l\u2019un des\u00a0 h\u00e9rauts\u00a0 de la dignit\u00e9 du peuple noir et\u00a0 grand h\u00e9ros africain. Plus de soixante ans apr\u00e8s l\u2019ind\u00e9pendance, voici un pr\u00e9sident de la R\u00e9publique qui tord le cou \u00e0 la citation- proverbe\u00a0 selon laquelle \u00ab\u00a0<\/strong><strong><em>nul n\u2019est jamais proph\u00e8te en son pays<\/em><\/strong><strong>\u00ab\u00a0.<\/strong><\/p>\n<p class=\"has-text-align-justify\">On ne peut donc pas ne pas devoir une fi\u00e8re chandelle \u00e0 F\u00e9lix-Antoine Tshisekedi, \u00e0 moins d\u2019\u00eatre antifatshiste primaire. On ne peut pas ne pas relever que, sur la tonne de promesses \u00e9ditables en plusieurs tomes\u00a0 de\u00a0 \u00ab\u00a0<em>notre Fatshi national<\/em>\u00ab\u00a0, il y en a au moins une de notable qui est tenue. Matondo (merci en kikongo)\u00a0 Fatshi !<\/p>\n<p class=\"has-text-align-justify\">Reste qu\u2019une chose est d\u2019avoir institu\u00e9 un jour f\u00e9ri\u00e9 pour honorer Simon Kimbangu, une autre-plus importante encore-\u00a0 est de conf\u00e9rer de la substance historique \u00e0 son combat, de mani\u00e8re \u00e0 ins\u00e9rer ce h\u00e9ros dans le n\u00e9cessaire \u00ab\u00a0<em>r\u00e9cit national<\/em>\u00ab\u00a0. Ce roman de \u00ab\u00a0<em>mythes fondateurs<\/em>\u00a0\u00bb de la nation congolaise qui reste \u00e0 \u00e9crire. Ce vrai narratif national qui entretiendra la flamme du nationalisme -au sens noble du terme-\u00a0 \u00e0 l\u2019instar de ce qui caract\u00e9rise tous les grands pays.<\/p>\n<p class=\"has-text-align-justify\">C\u2019est le cas des Etats-Unis avec les P\u00e8res fondateurs parmi lesquels George Washington, Benjamin Franklin, John Adams, Thomas Jefferson. C\u2019est aussi le cas de la Chine qui puise un Confucius dans ses cinq mill\u00e9naires d\u2019histoire et le l\u00e9gendaire Mao Zedong dans son combat de lib\u00e9ration de l\u2019occupation \u00e9trang\u00e8re. La France avec la lointaine Jeanne d\u2019Arc et le contemporain G\u00e9n\u00e9ral De Gaulle. La Turquie avec Mustafa Kemal dit Attaturk, fondateur de la Turquie moderne en 1923. En Afrique, une vieille nation pluris\u00e9culaire comme le Maroc honore ses anc\u00eatres \u00e0 travers ses sultans et le Roi Mohammed V, p\u00e8re de la Nation.<\/p>\n<p class=\"has-text-align-justify\">Il est donc plus que temps que la dimension m\u00e9morielle de tous nos\u00a0 grands hommes -femmes comprises- ne s\u2019arr\u00eate pas au seul \u00ab\u00a0<em>folklore<\/em>\u00a0\u00bb observ\u00e9 le jour de la comm\u00e9moration. Comme cela se passe, par exemple machinalement, m\u00e9caniquement et un tantinet th\u00e9\u00e2tralement, lors des journ\u00e9es des 16 et 17 janvier. La symbolique que charrie le combat de Lumumba et de Mzee Kabila\u00a0 commande notamment \u00e0 \u00eatre enseign\u00e9e dans les \u00e9coles de mani\u00e8re \u00e0 perp\u00e9tuer le r\u00e9cit national. Idem pour Kimpa Vita, Simon Kimbangu et tous les autres grands noms de la conscience nationale.<\/p>\n<p class=\"has-text-align-justify\">En ce moment o\u00f9 le spectre de la balkanisation plane sur la RDC, ce \u00ab\u00a0<em>roman national<\/em>\u00a0\u00bb peut s\u2019av\u00e9rer un antidote \u00e0 ce projet m\u00e9phistoph\u00e9lique. Le r\u00e9cit national n\u2019est, cependant, pas \u00e0 confondre avec le\u00a0 pros\u00e9lytisme ou avec l\u2019ode, fa\u00e7on \u00ab\u00a0<em>djalelo<\/em>\u00ab\u00a0, \u00e0 la gloire d\u2019un tel ou tel autre dirigeant dans laquelle excellent tous les \u00ab\u00a0<em>profito-situationnistes<\/em>\u00a0\u00bb qui peuplent le landerneau politique kinois.<\/p>\n<p class=\"has-text-align-justify\"><strong>Jos\u00e9 NAWEJ\/Forum des As<\/strong><\/p>\n","protected":false,"gt_translate_keys":[{"key":"rendered","format":"html"}]},"excerpt":{"rendered":"<p>Enfin une ordonnance fort\u00a0 peu ordinaire ! Celle qui institue un jour f\u00e9ri\u00e9 en m\u00e9moire de Simon Kimbangu, l\u2019un des\u00a0 h\u00e9rauts\u00a0 de la dignit\u00e9 du peuple noir et\u00a0 grand h\u00e9ros africain. Plus de soixante ans apr\u00e8s l\u2019ind\u00e9pendance, voici un pr\u00e9sident de la R\u00e9publique qui tord le cou \u00e0 la citation- proverbe\u00a0 selon laquelle \u00ab\u00a0nul n\u2019est jamais proph\u00e8te en son pays\u00ab\u00a0. On ne peut donc pas ne pas devoir une fi\u00e8re chandelle \u00e0 F\u00e9lix-Antoine Tshisekedi, \u00e0 moins d\u2019\u00eatre antifatshiste primaire. On ne peut pas ne pas relever que, sur la tonne&hellip;<\/p>\n","protected":false,"gt_translate_keys":[{"key":"rendered","format":"html"}]},"author":1,"featured_media":22152,"comment_status":"open","ping_status":"open","sticky":false,"template":"","format":"standard","meta":{"_crdt_document":"","footnotes":""},"categories":[4],"tags":[37981,37980,37985,37984,37982,37983],"class_list":["post-22153","post","type-post","status-publish","format-standard","has-post-thumbnail","hentry","category-religions","tag-conge-du-06-avril","tag-date-du-06-avril-rdc","tag-maman-muila","tag-maman-mwila","tag-simon-kimbangu","tag-simon-kimbangu-ferie"],"gutentor_comment":0,"yoast_head":"<!-- This site is optimized with the Yoast SEO plugin v27.5 - https:\/\/yoast.com\/product\/yoast-seo-wordpress\/ -->\n<title>RDC - Kimbangu: au grand homme, la patrie enfin reconnaissante! - Actualit\u00e9s congolaises et internationales<\/title>\n<meta name=\"robots\" content=\"index, follow, max-snippet:-1, max-image-preview:large, max-video-preview:-1\" \/>\n<link rel=\"canonical\" href=\"https:\/\/congovirtuel.com\/information\/rdc-kimbangu-au-grand-homme-la-patrie-enfin-reconnaissante\/\" \/>\n<meta property=\"og:locale\" content=\"fr_FR\" \/>\n<meta property=\"og:type\" content=\"article\" \/>\n<meta property=\"og:title\" content=\"RDC - Kimbangu: au grand homme, la patrie enfin reconnaissante! - Actualit\u00e9s congolaises et internationales\" \/>\n<meta property=\"og:description\" content=\"Enfin une ordonnance fort\u00a0 peu ordinaire ! Celle qui institue un jour f\u00e9ri\u00e9 en m\u00e9moire de Simon Kimbangu, l\u2019un des\u00a0 h\u00e9rauts\u00a0 de la dignit\u00e9 du peuple noir et\u00a0 grand h\u00e9ros africain. Plus de soixante ans apr\u00e8s l\u2019ind\u00e9pendance, voici un pr\u00e9sident de la R\u00e9publique qui tord le cou \u00e0 la citation- proverbe\u00a0 selon laquelle \u00ab\u00a0nul n\u2019est jamais proph\u00e8te en son pays\u00ab\u00a0. On ne peut donc pas ne pas devoir une fi\u00e8re chandelle \u00e0 F\u00e9lix-Antoine Tshisekedi, \u00e0 moins d\u2019\u00eatre antifatshiste primaire. On ne peut pas ne pas relever que, sur la tonne&hellip;\" \/>\n<meta property=\"og:url\" content=\"https:\/\/congovirtuel.com\/information\/rdc-kimbangu-au-grand-homme-la-patrie-enfin-reconnaissante\/\" \/>\n<meta property=\"og:site_name\" content=\"Actualit\u00e9s congolaises et internationales\" \/>\n<meta property=\"article:publisher\" content=\"https:\/\/web.facebook.com\/Congovirtuel-763617960319601\/?ref=aymt_homepage_panel&amp;amp%3bamp%3bamp%3bamp%3bamp%3bamp%3bamp%3bamp%3bamp%3bamp%3bamp%3beid=ARCoxULa66767kIgF_KYav6VdjXTI4yk_LW4yoVO9s6NXpysgb7Cb65vpxcxgqzOAKvIbLQxaAETcqHT\" \/>\n<meta property=\"article:published_time\" content=\"2023-04-04T07:23:32+00:00\" \/>\n<meta property=\"og:image\" content=\"https:\/\/congovirtuel.com\/information\/wp-content\/uploads\/2023\/04\/Simon_Kimbangu.jpg\" \/>\n\t<meta property=\"og:image:width\" content=\"960\" \/>\n\t<meta property=\"og:image:height\" content=\"540\" \/>\n\t<meta property=\"og:image:type\" content=\"image\/jpeg\" \/>\n<meta name=\"author\" content=\"infocongovirtuel\" \/>\n<meta name=\"twitter:card\" content=\"summary_large_image\" \/>\n<meta name=\"twitter:creator\" content=\"@congovirtuel\" \/>\n<meta name=\"twitter:site\" content=\"@congovirtuel\" \/>\n<meta name=\"twitter:label1\" content=\"\u00c9crit par\" \/>\n\t<meta name=\"twitter:data1\" content=\"infocongovirtuel\" \/>\n\t<meta name=\"twitter:label2\" content=\"Dur\u00e9e de lecture estim\u00e9e\" \/>\n\t<meta name=\"twitter:data2\" content=\"2 minutes\" \/>\n<script type=\"application\/ld+json\" class=\"yoast-schema-graph\">{\"@context\":\"https:\\\/\\\/schema.org\",\"@graph\":[{\"@type\":\"Article\",\"@id\":\"https:\\\/\\\/congovirtuel.com\\\/information\\\/rdc-kimbangu-au-grand-homme-la-patrie-enfin-reconnaissante\\\/#article\",\"isPartOf\":{\"@id\":\"https:\\\/\\\/congovirtuel.com\\\/information\\\/rdc-kimbangu-au-grand-homme-la-patrie-enfin-reconnaissante\\\/\"},\"author\":{\"name\":\"infocongovirtuel\",\"@id\":\"https:\\\/\\\/congovirtuel.com\\\/information\\\/#\\\/schema\\\/person\\\/739a44bf7990966cb53d58d2fdeca0b6\"},\"headline\":\"RDC &#8211; Kimbangu: au grand homme, la patrie enfin reconnaissante!\",\"datePublished\":\"2023-04-04T07:23:32+00:00\",\"mainEntityOfPage\":{\"@id\":\"https:\\\/\\\/congovirtuel.com\\\/information\\\/rdc-kimbangu-au-grand-homme-la-patrie-enfin-reconnaissante\\\/\"},\"wordCount\":506,\"commentCount\":0,\"publisher\":{\"@id\":\"https:\\\/\\\/congovirtuel.com\\\/information\\\/#organization\"},\"image\":{\"@id\":\"https:\\\/\\\/congovirtuel.com\\\/information\\\/rdc-kimbangu-au-grand-homme-la-patrie-enfin-reconnaissante\\\/#primaryimage\"},\"thumbnailUrl\":\"https:\\\/\\\/congovirtuel.com\\\/information\\\/wp-content\\\/uploads\\\/2023\\\/04\\\/Simon_Kimbangu.jpg\",\"keywords\":[\"Cong\u00e9 du 06 avril\",\"date du 06 avril RDC\",\"Maman Muila\",\"maman Mwila\",\"Simon Kimbangu\",\"Simon Kimbangu f\u00e9ri\u00e9\"],\"articleSection\":[\"Religions\"],\"inLanguage\":\"fr-FR\",\"potentialAction\":[{\"@type\":\"CommentAction\",\"name\":\"Comment\",\"target\":[\"https:\\\/\\\/congovirtuel.com\\\/information\\\/rdc-kimbangu-au-grand-homme-la-patrie-enfin-reconnaissante\\\/#respond\"]}]},{\"@type\":\"WebPage\",\"@id\":\"https:\\\/\\\/congovirtuel.com\\\/information\\\/rdc-kimbangu-au-grand-homme-la-patrie-enfin-reconnaissante\\\/\",\"url\":\"https:\\\/\\\/congovirtuel.com\\\/information\\\/rdc-kimbangu-au-grand-homme-la-patrie-enfin-reconnaissante\\\/\",\"name\":\"RDC - Kimbangu: au grand homme, la patrie enfin reconnaissante! - Actualit\u00e9s congolaises et internationales\",\"isPartOf\":{\"@id\":\"https:\\\/\\\/congovirtuel.com\\\/information\\\/#website\"},\"primaryImageOfPage\":{\"@id\":\"https:\\\/\\\/congovirtuel.com\\\/information\\\/rdc-kimbangu-au-grand-homme-la-patrie-enfin-reconnaissante\\\/#primaryimage\"},\"image\":{\"@id\":\"https:\\\/\\\/congovirtuel.com\\\/information\\\/rdc-kimbangu-au-grand-homme-la-patrie-enfin-reconnaissante\\\/#primaryimage\"},\"thumbnailUrl\":\"https:\\\/\\\/congovirtuel.com\\\/information\\\/wp-content\\\/uploads\\\/2023\\\/04\\\/Simon_Kimbangu.jpg\",\"datePublished\":\"2023-04-04T07:23:32+00:00\",\"breadcrumb\":{\"@id\":\"https:\\\/\\\/congovirtuel.com\\\/information\\\/rdc-kimbangu-au-grand-homme-la-patrie-enfin-reconnaissante\\\/#breadcrumb\"},\"inLanguage\":\"fr-FR\",\"potentialAction\":[{\"@type\":\"ReadAction\",\"target\":[\"https:\\\/\\\/congovirtuel.com\\\/information\\\/rdc-kimbangu-au-grand-homme-la-patrie-enfin-reconnaissante\\\/\"]}]},{\"@type\":\"ImageObject\",\"inLanguage\":\"fr-FR\",\"@id\":\"https:\\\/\\\/congovirtuel.com\\\/information\\\/rdc-kimbangu-au-grand-homme-la-patrie-enfin-reconnaissante\\\/#primaryimage\",\"url\":\"https:\\\/\\\/congovirtuel.com\\\/information\\\/wp-content\\\/uploads\\\/2023\\\/04\\\/Simon_Kimbangu.jpg\",\"contentUrl\":\"https:\\\/\\\/congovirtuel.com\\\/information\\\/wp-content\\\/uploads\\\/2023\\\/04\\\/Simon_Kimbangu.jpg\",\"width\":960,\"height\":540},{\"@type\":\"BreadcrumbList\",\"@id\":\"https:\\\/\\\/congovirtuel.com\\\/information\\\/rdc-kimbangu-au-grand-homme-la-patrie-enfin-reconnaissante\\\/#breadcrumb\",\"itemListElement\":[{\"@type\":\"ListItem\",\"position\":1,\"name\":\"Accueil\",\"item\":\"https:\\\/\\\/congovirtuel.com\\\/information\\\/\"},{\"@type\":\"ListItem\",\"position\":2,\"name\":\"RDC &#8211; Kimbangu: au grand homme, la patrie enfin reconnaissante!\"}]},{\"@type\":\"WebSite\",\"@id\":\"https:\\\/\\\/congovirtuel.com\\\/information\\\/#website\",\"url\":\"https:\\\/\\\/congovirtuel.com\\\/information\\\/\",\"name\":\"Actualit\u00e9s congolaises et internationales\",\"description\":\"site d&#039;analyse et de traitement d&#039;information\",\"publisher\":{\"@id\":\"https:\\\/\\\/congovirtuel.com\\\/information\\\/#organization\"},\"potentialAction\":[{\"@type\":\"SearchAction\",\"target\":{\"@type\":\"EntryPoint\",\"urlTemplate\":\"https:\\\/\\\/congovirtuel.com\\\/information\\\/?s={search_term_string}\"},\"query-input\":{\"@type\":\"PropertyValueSpecification\",\"valueRequired\":true,\"valueName\":\"search_term_string\"}}],\"inLanguage\":\"fr-FR\"},{\"@type\":\"Organization\",\"@id\":\"https:\\\/\\\/congovirtuel.com\\\/information\\\/#organization\",\"name\":\"Biblioth\u00e8que Virtuelle de la RDC\",\"url\":\"https:\\\/\\\/congovirtuel.com\\\/information\\\/\",\"logo\":{\"@type\":\"ImageObject\",\"inLanguage\":\"fr-FR\",\"@id\":\"https:\\\/\\\/congovirtuel.com\\\/information\\\/#\\\/schema\\\/logo\\\/image\\\/\",\"url\":\"https:\\\/\\\/congovirtuel.com\\\/information\\\/wp-content\\\/uploads\\\/2018\\\/10\\\/header-info-congovirtuel-vraie.jpg\",\"contentUrl\":\"https:\\\/\\\/congovirtuel.com\\\/information\\\/wp-content\\\/uploads\\\/2018\\\/10\\\/header-info-congovirtuel-vraie.jpg\",\"width\":728,\"height\":90,\"caption\":\"Biblioth\u00e8que Virtuelle de la RDC\"},\"image\":{\"@id\":\"https:\\\/\\\/congovirtuel.com\\\/information\\\/#\\\/schema\\\/logo\\\/image\\\/\"},\"sameAs\":[\"https:\\\/\\\/web.facebook.com\\\/Congovirtuel-763617960319601\\\/?ref=aymt_homepage_panel&amp;amp;amp;amp;amp;amp;amp;amp;amp;amp;amp;eid=ARCoxULa66767kIgF_KYav6VdjXTI4yk_LW4yoVO9s6NXpysgb7Cb65vpxcxgqzOAKvIbLQxaAETcqHT\",\"https:\\\/\\\/x.com\\\/congovirtuel\",\"https:\\\/\\\/www.youtube.com\\\/channel\\\/UCkFfprYzGgS3EWNpeMXpToQ?view_as=subscriber\"]},{\"@type\":\"Person\",\"@id\":\"https:\\\/\\\/congovirtuel.com\\\/information\\\/#\\\/schema\\\/person\\\/739a44bf7990966cb53d58d2fdeca0b6\",\"name\":\"infocongovirtuel\",\"image\":{\"@type\":\"ImageObject\",\"inLanguage\":\"fr-FR\",\"@id\":\"https:\\\/\\\/secure.gravatar.com\\\/avatar\\\/4d76991aa72469f0eb22e772586c99113c6997f88da636a9db8f2ce3a2c05e69?s=96&d=mm&r=g\",\"url\":\"https:\\\/\\\/secure.gravatar.com\\\/avatar\\\/4d76991aa72469f0eb22e772586c99113c6997f88da636a9db8f2ce3a2c05e69?s=96&d=mm&r=g\",\"contentUrl\":\"https:\\\/\\\/secure.gravatar.com\\\/avatar\\\/4d76991aa72469f0eb22e772586c99113c6997f88da636a9db8f2ce3a2c05e69?s=96&d=mm&r=g\",\"caption\":\"infocongovirtuel\"},\"url\":\"https:\\\/\\\/congovirtuel.com\\\/information\\\/author\\\/infocongovirtuel\\\/\"}]}<\/script>\n<!-- \/ Yoast SEO plugin. -->","yoast_head_json":{"title":"RDC - Kimbangu: au grand homme, la patrie enfin reconnaissante! - Actualit\u00e9s congolaises et internationales","robots":{"index":"index","follow":"follow","max-snippet":"max-snippet:-1","max-image-preview":"max-image-preview:large","max-video-preview":"max-video-preview:-1"},"canonical":"https:\/\/congovirtuel.com\/information\/rdc-kimbangu-au-grand-homme-la-patrie-enfin-reconnaissante\/","og_locale":"fr_FR","og_type":"article","og_title":"RDC - Kimbangu: au grand homme, la patrie enfin reconnaissante! - Actualit\u00e9s congolaises et internationales","og_description":"Enfin une ordonnance fort\u00a0 peu ordinaire ! Celle qui institue un jour f\u00e9ri\u00e9 en m\u00e9moire de Simon Kimbangu, l\u2019un des\u00a0 h\u00e9rauts\u00a0 de la dignit\u00e9 du peuple noir et\u00a0 grand h\u00e9ros africain. Plus de soixante ans apr\u00e8s l\u2019ind\u00e9pendance, voici un pr\u00e9sident de la R\u00e9publique qui tord le cou \u00e0 la citation- proverbe\u00a0 selon laquelle \u00ab\u00a0nul n\u2019est jamais proph\u00e8te en son pays\u00ab\u00a0. On ne peut donc pas ne pas devoir une fi\u00e8re chandelle \u00e0 F\u00e9lix-Antoine Tshisekedi, \u00e0 moins d\u2019\u00eatre antifatshiste primaire. On ne peut pas ne pas relever que, sur la tonne&hellip;","og_url":"https:\/\/congovirtuel.com\/information\/rdc-kimbangu-au-grand-homme-la-patrie-enfin-reconnaissante\/","og_site_name":"Actualit\u00e9s congolaises et internationales","article_publisher":"https:\/\/web.facebook.com\/Congovirtuel-763617960319601\/?ref=aymt_homepage_panel&amp%3bamp%3bamp%3bamp%3bamp%3bamp%3bamp%3bamp%3bamp%3bamp%3bamp%3beid=ARCoxULa66767kIgF_KYav6VdjXTI4yk_LW4yoVO9s6NXpysgb7Cb65vpxcxgqzOAKvIbLQxaAETcqHT","article_published_time":"2023-04-04T07:23:32+00:00","og_image":[{"width":960,"height":540,"url":"https:\/\/congovirtuel.com\/information\/wp-content\/uploads\/2023\/04\/Simon_Kimbangu.jpg","type":"image\/jpeg"}],"author":"infocongovirtuel","twitter_card":"summary_large_image","twitter_creator":"@congovirtuel","twitter_site":"@congovirtuel","twitter_misc":{"\u00c9crit par":"infocongovirtuel","Dur\u00e9e de lecture estim\u00e9e":"2 minutes"},"schema":{"@context":"https:\/\/schema.org","@graph":[{"@type":"Article","@id":"https:\/\/congovirtuel.com\/information\/rdc-kimbangu-au-grand-homme-la-patrie-enfin-reconnaissante\/#article","isPartOf":{"@id":"https:\/\/congovirtuel.com\/information\/rdc-kimbangu-au-grand-homme-la-patrie-enfin-reconnaissante\/"},"author":{"name":"infocongovirtuel","@id":"https:\/\/congovirtuel.com\/information\/#\/schema\/person\/739a44bf7990966cb53d58d2fdeca0b6"},"headline":"RDC &#8211; Kimbangu: au grand homme, la patrie enfin reconnaissante!","datePublished":"2023-04-04T07:23:32+00:00","mainEntityOfPage":{"@id":"https:\/\/congovirtuel.com\/information\/rdc-kimbangu-au-grand-homme-la-patrie-enfin-reconnaissante\/"},"wordCount":506,"commentCount":0,"publisher":{"@id":"https:\/\/congovirtuel.com\/information\/#organization"},"image":{"@id":"https:\/\/congovirtuel.com\/information\/rdc-kimbangu-au-grand-homme-la-patrie-enfin-reconnaissante\/#primaryimage"},"thumbnailUrl":"https:\/\/congovirtuel.com\/information\/wp-content\/uploads\/2023\/04\/Simon_Kimbangu.jpg","keywords":["Cong\u00e9 du 06 avril","date du 06 avril RDC","Maman Muila","maman Mwila","Simon Kimbangu","Simon Kimbangu f\u00e9ri\u00e9"],"articleSection":["Religions"],"inLanguage":"fr-FR","potentialAction":[{"@type":"CommentAction","name":"Comment","target":["https:\/\/congovirtuel.com\/information\/rdc-kimbangu-au-grand-homme-la-patrie-enfin-reconnaissante\/#respond"]}]},{"@type":"WebPage","@id":"https:\/\/congovirtuel.com\/information\/rdc-kimbangu-au-grand-homme-la-patrie-enfin-reconnaissante\/","url":"https:\/\/congovirtuel.com\/information\/rdc-kimbangu-au-grand-homme-la-patrie-enfin-reconnaissante\/","name":"RDC - Kimbangu: au grand homme, la patrie enfin reconnaissante! - Actualit\u00e9s congolaises et internationales","isPartOf":{"@id":"https:\/\/congovirtuel.com\/information\/#website"},"primaryImageOfPage":{"@id":"https:\/\/congovirtuel.com\/information\/rdc-kimbangu-au-grand-homme-la-patrie-enfin-reconnaissante\/#primaryimage"},"image":{"@id":"https:\/\/congovirtuel.com\/information\/rdc-kimbangu-au-grand-homme-la-patrie-enfin-reconnaissante\/#primaryimage"},"thumbnailUrl":"https:\/\/congovirtuel.com\/information\/wp-content\/uploads\/2023\/04\/Simon_Kimbangu.jpg","datePublished":"2023-04-04T07:23:32+00:00","breadcrumb":{"@id":"https:\/\/congovirtuel.com\/information\/rdc-kimbangu-au-grand-homme-la-patrie-enfin-reconnaissante\/#breadcrumb"},"inLanguage":"fr-FR","potentialAction":[{"@type":"ReadAction","target":["https:\/\/congovirtuel.com\/information\/rdc-kimbangu-au-grand-homme-la-patrie-enfin-reconnaissante\/"]}]},{"@type":"ImageObject","inLanguage":"fr-FR","@id":"https:\/\/congovirtuel.com\/information\/rdc-kimbangu-au-grand-homme-la-patrie-enfin-reconnaissante\/#primaryimage","url":"https:\/\/congovirtuel.com\/information\/wp-content\/uploads\/2023\/04\/Simon_Kimbangu.jpg","contentUrl":"https:\/\/congovirtuel.com\/information\/wp-content\/uploads\/2023\/04\/Simon_Kimbangu.jpg","width":960,"height":540},{"@type":"BreadcrumbList","@id":"https:\/\/congovirtuel.com\/information\/rdc-kimbangu-au-grand-homme-la-patrie-enfin-reconnaissante\/#breadcrumb","itemListElement":[{"@type":"ListItem","position":1,"name":"Accueil","item":"https:\/\/congovirtuel.com\/information\/"},{"@type":"ListItem","position":2,"name":"RDC &#8211; Kimbangu: au grand homme, la patrie enfin reconnaissante!"}]},{"@type":"WebSite","@id":"https:\/\/congovirtuel.com\/information\/#website","url":"https:\/\/congovirtuel.com\/information\/","name":"Actualit\u00e9s congolaises et internationales","description":"site d&#039;analyse et de traitement d&#039;information","publisher":{"@id":"https:\/\/congovirtuel.com\/information\/#organization"},"potentialAction":[{"@type":"SearchAction","target":{"@type":"EntryPoint","urlTemplate":"https:\/\/congovirtuel.com\/information\/?s={search_term_string}"},"query-input":{"@type":"PropertyValueSpecification","valueRequired":true,"valueName":"search_term_string"}}],"inLanguage":"fr-FR"},{"@type":"Organization","@id":"https:\/\/congovirtuel.com\/information\/#organization","name":"Biblioth\u00e8que Virtuelle de la RDC","url":"https:\/\/congovirtuel.com\/information\/","logo":{"@type":"ImageObject","inLanguage":"fr-FR","@id":"https:\/\/congovirtuel.com\/information\/#\/schema\/logo\/image\/","url":"https:\/\/congovirtuel.com\/information\/wp-content\/uploads\/2018\/10\/header-info-congovirtuel-vraie.jpg","contentUrl":"https:\/\/congovirtuel.com\/information\/wp-content\/uploads\/2018\/10\/header-info-congovirtuel-vraie.jpg","width":728,"height":90,"caption":"Biblioth\u00e8que Virtuelle de la RDC"},"image":{"@id":"https:\/\/congovirtuel.com\/information\/#\/schema\/logo\/image\/"},"sameAs":["https:\/\/web.facebook.com\/Congovirtuel-763617960319601\/?ref=aymt_homepage_panel&amp;amp;amp;amp;amp;amp;amp;amp;amp;amp;amp;eid=ARCoxULa66767kIgF_KYav6VdjXTI4yk_LW4yoVO9s6NXpysgb7Cb65vpxcxgqzOAKvIbLQxaAETcqHT","https:\/\/x.com\/congovirtuel","https:\/\/www.youtube.com\/channel\/UCkFfprYzGgS3EWNpeMXpToQ?view_as=subscriber"]},{"@type":"Person","@id":"https:\/\/congovirtuel.com\/information\/#\/schema\/person\/739a44bf7990966cb53d58d2fdeca0b6","name":"infocongovirtuel","image":{"@type":"ImageObject","inLanguage":"fr-FR","@id":"https:\/\/secure.gravatar.com\/avatar\/4d76991aa72469f0eb22e772586c99113c6997f88da636a9db8f2ce3a2c05e69?s=96&d=mm&r=g","url":"https:\/\/secure.gravatar.com\/avatar\/4d76991aa72469f0eb22e772586c99113c6997f88da636a9db8f2ce3a2c05e69?s=96&d=mm&r=g","contentUrl":"https:\/\/secure.gravatar.com\/avatar\/4d76991aa72469f0eb22e772586c99113c6997f88da636a9db8f2ce3a2c05e69?s=96&d=mm&r=g","caption":"infocongovirtuel"},"url":"https:\/\/congovirtuel.com\/information\/author\/infocongovirtuel\/"}]}},"gt_translate_keys":[{"key":"link","format":"url"}],"_links":{"self":[{"href":"https:\/\/congovirtuel.com\/information\/wp-json\/wp\/v2\/posts\/22153","targetHints":{"allow":["GET"]}}],"collection":[{"href":"https:\/\/congovirtuel.com\/information\/wp-json\/wp\/v2\/posts"}],"about":[{"href":"https:\/\/congovirtuel.com\/information\/wp-json\/wp\/v2\/types\/post"}],"author":[{"embeddable":true,"href":"https:\/\/congovirtuel.com\/information\/wp-json\/wp\/v2\/users\/1"}],"replies":[{"embeddable":true,"href":"https:\/\/congovirtuel.com\/information\/wp-json\/wp\/v2\/comments?post=22153"}],"version-history":[{"count":1,"href":"https:\/\/congovirtuel.com\/information\/wp-json\/wp\/v2\/posts\/22153\/revisions"}],"predecessor-version":[{"id":22154,"href":"https:\/\/congovirtuel.com\/information\/wp-json\/wp\/v2\/posts\/22153\/revisions\/22154"}],"wp:featuredmedia":[{"embeddable":true,"href":"https:\/\/congovirtuel.com\/information\/wp-json\/wp\/v2\/media\/22152"}],"wp:attachment":[{"href":"https:\/\/congovirtuel.com\/information\/wp-json\/wp\/v2\/media?parent=22153"}],"wp:term":[{"taxonomy":"category","embeddable":true,"href":"https:\/\/congovirtuel.com\/information\/wp-json\/wp\/v2\/categories?post=22153"},{"taxonomy":"post_tag","embeddable":true,"href":"https:\/\/congovirtuel.com\/information\/wp-json\/wp\/v2\/tags?post=22153"}],"curies":[{"name":"wp","href":"https:\/\/api.w.org\/{rel}","templated":true}]}}