{"id":22278,"date":"2023-04-20T14:45:26","date_gmt":"2023-04-20T13:45:26","guid":{"rendered":"https:\/\/congovirtuel.com\/information\/?p=22278"},"modified":"2023-04-20T14:58:52","modified_gmt":"2023-04-20T13:58:52","slug":"rdc-snel-sa-fabrice-lusinde-suspendu-de-ses-fonctions","status":"publish","type":"post","link":"https:\/\/congovirtuel.com\/information\/rdc-snel-sa-fabrice-lusinde-suspendu-de-ses-fonctions\/","title":{"rendered":"RDC &#8211; SNEL SA : Fabrice Lusinde suspendu de ses fonctions","gt_translate_keys":[{"key":"rendered","format":"text"}]},"content":{"rendered":"<p>Six mois apr\u00e8s sa nomination, Fabrice Lusinde wa Lusangi Kabemba a \u00e9t\u00e9 suspendu de son poste de Directeur G\u00e9n\u00e9ral de la Soci\u00e9t\u00e9 Nationale d\u2019Electricit\u00e9 (SNEL). C\u2019est l\u2019essentiel d\u2019un document sign\u00e9 par la Ministre du Portefeuille, le mardi 18 avril 2023. Cette d\u00e9cision intervient apr\u00e8s sa r\u00e9vocation par les D\u00e9put\u00e9s nationaux au cours d\u2019une s\u00e9ance pl\u00e9ni\u00e8re organis\u00e9e le mercredi 12 avril 2023, pour incomp\u00e9tence. Les \u00e9lus nationaux ont reproch\u00e9 au DG de la SNEL de n\u2019avoir aucun projet ambitieux.<\/p>\n<p>Sur les 78 demandes de parole, 55 \u00e9lus ont soutenu la motion, 6 ont estim\u00e9 que l\u2019interpellation soit adress\u00e9e au ministre de l\u2019Energie, 4 autres ont soutenu que le patron de la SNEL, n\u2019avait rien \u00e0 faire dans ce dossier et 13 autres n\u2019avaient pas pris position. La ministre du Portefeuille, Ad\u00e8le Kayinda Mayina a ainsi charg\u00e9 le Pr\u00e9sident du conseil sup\u00e9rieur du portefeuille de l\u2019ex\u00e9cution de cette d\u00e9cision \u00e0 la date de sa signature.<br \/>\nLes diff\u00e9rentes raisons<\/p>\n<p>\u201d Consid\u00e9rant la recommandation de l\u2019Assembl\u00e9e Nationale formul\u00e9e \u00e0 la suite de l\u2019interpellation de Monsieur Fabrice Lusinde wa Lusangi Kabemba, Directeur G\u00e9n\u00e9ral de la SNEL, d\u2019obtenir la r\u00e9vocation dans les 48 heures pour cause d\u2019incomp\u00e9tence et d\u2019inefficacit\u00e9 dans la gestion de la soci\u00e9t\u00e9 ; Consid\u00e9rant la n\u00e9cessit\u00e9 de pr\u00e9server les int\u00e9r\u00eats de l\u2019Etat dans la SNEL SA: Vu l\u2019urgence; Est suspendu de toutes ses fonctions au sein de la SNEL SA, Entreprise du Portefeuille de l\u2019Etat, Monsieur Fabrice Lusinde wa Lusangi Kabemba, Directeur G\u00e9n\u00e9ral\u201d, lit-on dans cette correspondance rendue publique hier mardi 18 avril.<\/p>\n<p>La m\u00eame correspondance souligne que le Pr\u00e9sident du Conseil Sup\u00e9rieur du Portefeuille est charg\u00e9 de l\u2019ex\u00e9cution du pr\u00e9sent Arr\u00eat\u00e9 qui entre en vigueur \u00e0 la date de sa signature. Il sied de rappeler que le d\u00e9put\u00e9 interpellateur, Prosper Bukasa Ngoy avait sollicit\u00e9 \u00e0 la repr\u00e9sentation nationale de recommander au gouvernement de la R\u00e9publique de proposer un plan de redressement de la SNEL SA ; que le gouvernement paie toutes les dettes envers la SNEL SA ; et que tous les directeurs qui ont \u00e9t\u00e9 mis dehors sans respect de la loi en la mati\u00e8re soient r\u00e9int\u00e9gr\u00e9s sans d\u00e9lai.<\/p>\n<p>\u00c0 cet effet, a-t-il dit, l\u2019Assembl\u00e9e nationale a constat\u00e9 que le DG de la SNEL SA est incomp\u00e9tent, inefficace et qu\u2019il soit r\u00e9voqu\u00e9 dans les 48 heures qui suivent de ses fonctions. Car, d\u2019apr\u00e8s lui : \u201d la RDC a tout en terme d\u2019hydrographie, sauf une SNEL comp\u00e9tente; les \u00e9lus de Kinshasa ont d\u00e9clar\u00e9 du haut de la tribune que les d\u00e9lestages se font dans la capitale constituent ni plus, ni moins une incitation \u00e0 la r\u00e9volte du peuple congolais ; il n\u2019y a pas de vision claire dans le chef du DG de la SNEL SA et cela est accompagn\u00e9 d\u2019une gestion calamiteuse des fonds\u201d.<\/p>\n<p>cntv<\/p>\n","protected":false,"gt_translate_keys":[{"key":"rendered","format":"html"}]},"excerpt":{"rendered":"<p>Six mois apr\u00e8s sa nomination, Fabrice Lusinde wa Lusangi Kabemba a \u00e9t\u00e9 suspendu de son poste de Directeur G\u00e9n\u00e9ral de la Soci\u00e9t\u00e9 Nationale d\u2019Electricit\u00e9 (SNEL). C\u2019est l\u2019essentiel d\u2019un document sign\u00e9 par la Ministre du Portefeuille, le mardi 18 avril 2023. Cette d\u00e9cision intervient apr\u00e8s sa r\u00e9vocation par les D\u00e9put\u00e9s nationaux au cours d\u2019une s\u00e9ance pl\u00e9ni\u00e8re organis\u00e9e le mercredi 12 avril 2023, pour incomp\u00e9tence. Les \u00e9lus nationaux ont reproch\u00e9 au DG de la SNEL de n\u2019avoir aucun projet ambitieux. Sur les 78 demandes de parole, 55 \u00e9lus ont soutenu la motion,&hellip;<\/p>\n","protected":false,"gt_translate_keys":[{"key":"rendered","format":"html"}]},"author":1,"featured_media":22279,"comment_status":"open","ping_status":"open","sticky":false,"template":"","format":"standard","meta":{"_crdt_document":"","footnotes":""},"categories":[1175],"tags":[38065,14498],"class_list":["post-22278","post","type-post","status-publish","format-standard","has-post-thumbnail","hentry","category-entreprises","tag-fabrice-lusinde-wa-lusangi-kabemba","tag-snel"],"gutentor_comment":0,"yoast_head":"<!-- This site is optimized with the Yoast SEO plugin v27.5 - https:\/\/yoast.com\/product\/yoast-seo-wordpress\/ -->\n<title>RDC - SNEL SA : Fabrice Lusinde suspendu de ses fonctions - Actualit\u00e9s congolaises et internationales<\/title>\n<meta name=\"robots\" content=\"index, follow, max-snippet:-1, max-image-preview:large, max-video-preview:-1\" \/>\n<link rel=\"canonical\" href=\"https:\/\/congovirtuel.com\/information\/rdc-snel-sa-fabrice-lusinde-suspendu-de-ses-fonctions\/\" \/>\n<meta property=\"og:locale\" content=\"fr_FR\" \/>\n<meta property=\"og:type\" content=\"article\" \/>\n<meta property=\"og:title\" content=\"RDC - SNEL SA : Fabrice Lusinde suspendu de ses fonctions - Actualit\u00e9s congolaises et internationales\" \/>\n<meta property=\"og:description\" content=\"Six mois apr\u00e8s sa nomination, Fabrice Lusinde wa Lusangi Kabemba a \u00e9t\u00e9 suspendu de son poste de Directeur G\u00e9n\u00e9ral de la Soci\u00e9t\u00e9 Nationale d\u2019Electricit\u00e9 (SNEL). C\u2019est l\u2019essentiel d\u2019un document sign\u00e9 par la Ministre du Portefeuille, le mardi 18 avril 2023. Cette d\u00e9cision intervient apr\u00e8s sa r\u00e9vocation par les D\u00e9put\u00e9s nationaux au cours d\u2019une s\u00e9ance pl\u00e9ni\u00e8re organis\u00e9e le mercredi 12 avril 2023, pour incomp\u00e9tence. Les \u00e9lus nationaux ont reproch\u00e9 au DG de la SNEL de n\u2019avoir aucun projet ambitieux. Sur les 78 demandes de parole, 55 \u00e9lus ont soutenu la motion,&hellip;\" \/>\n<meta property=\"og:url\" content=\"https:\/\/congovirtuel.com\/information\/rdc-snel-sa-fabrice-lusinde-suspendu-de-ses-fonctions\/\" \/>\n<meta property=\"og:site_name\" content=\"Actualit\u00e9s congolaises et internationales\" \/>\n<meta property=\"article:publisher\" content=\"https:\/\/web.facebook.com\/Congovirtuel-763617960319601\/?ref=aymt_homepage_panel&amp;amp%3bamp%3bamp%3bamp%3bamp%3bamp%3bamp%3bamp%3bamp%3bamp%3bamp%3beid=ARCoxULa66767kIgF_KYav6VdjXTI4yk_LW4yoVO9s6NXpysgb7Cb65vpxcxgqzOAKvIbLQxaAETcqHT\" \/>\n<meta property=\"article:published_time\" content=\"2023-04-20T13:45:26+00:00\" \/>\n<meta property=\"article:modified_time\" content=\"2023-04-20T13:58:52+00:00\" \/>\n<meta property=\"og:image\" content=\"https:\/\/congovirtuel.com\/information\/wp-content\/uploads\/2023\/04\/Fabrice_Lusinda.jpg\" \/>\n\t<meta property=\"og:image:width\" content=\"699\" \/>\n\t<meta property=\"og:image:height\" content=\"401\" \/>\n\t<meta property=\"og:image:type\" content=\"image\/jpeg\" \/>\n<meta name=\"author\" content=\"infocongovirtuel\" \/>\n<meta name=\"twitter:card\" content=\"summary_large_image\" \/>\n<meta name=\"twitter:creator\" content=\"@congovirtuel\" \/>\n<meta name=\"twitter:site\" content=\"@congovirtuel\" \/>\n<meta name=\"twitter:label1\" content=\"\u00c9crit par\" \/>\n\t<meta name=\"twitter:data1\" content=\"infocongovirtuel\" \/>\n\t<meta name=\"twitter:label2\" content=\"Dur\u00e9e de lecture estim\u00e9e\" \/>\n\t<meta name=\"twitter:data2\" content=\"3 minutes\" \/>\n<script type=\"application\/ld+json\" class=\"yoast-schema-graph\">{\"@context\":\"https:\\\/\\\/schema.org\",\"@graph\":[{\"@type\":\"Article\",\"@id\":\"https:\\\/\\\/congovirtuel.com\\\/information\\\/rdc-snel-sa-fabrice-lusinde-suspendu-de-ses-fonctions\\\/#article\",\"isPartOf\":{\"@id\":\"https:\\\/\\\/congovirtuel.com\\\/information\\\/rdc-snel-sa-fabrice-lusinde-suspendu-de-ses-fonctions\\\/\"},\"author\":{\"name\":\"infocongovirtuel\",\"@id\":\"https:\\\/\\\/congovirtuel.com\\\/information\\\/#\\\/schema\\\/person\\\/739a44bf7990966cb53d58d2fdeca0b6\"},\"headline\":\"RDC &#8211; SNEL SA : Fabrice Lusinde suspendu de ses fonctions\",\"datePublished\":\"2023-04-20T13:45:26+00:00\",\"dateModified\":\"2023-04-20T13:58:52+00:00\",\"mainEntityOfPage\":{\"@id\":\"https:\\\/\\\/congovirtuel.com\\\/information\\\/rdc-snel-sa-fabrice-lusinde-suspendu-de-ses-fonctions\\\/\"},\"wordCount\":523,\"commentCount\":0,\"publisher\":{\"@id\":\"https:\\\/\\\/congovirtuel.com\\\/information\\\/#organization\"},\"image\":{\"@id\":\"https:\\\/\\\/congovirtuel.com\\\/information\\\/rdc-snel-sa-fabrice-lusinde-suspendu-de-ses-fonctions\\\/#primaryimage\"},\"thumbnailUrl\":\"https:\\\/\\\/congovirtuel.com\\\/information\\\/wp-content\\\/uploads\\\/2023\\\/04\\\/Fabrice_Lusinda.jpg\",\"keywords\":[\"Fabrice Lusinde wa Lusangi Kabemba\",\"SNEL\"],\"articleSection\":[\"Entreprises\"],\"inLanguage\":\"fr-FR\",\"potentialAction\":[{\"@type\":\"CommentAction\",\"name\":\"Comment\",\"target\":[\"https:\\\/\\\/congovirtuel.com\\\/information\\\/rdc-snel-sa-fabrice-lusinde-suspendu-de-ses-fonctions\\\/#respond\"]}]},{\"@type\":\"WebPage\",\"@id\":\"https:\\\/\\\/congovirtuel.com\\\/information\\\/rdc-snel-sa-fabrice-lusinde-suspendu-de-ses-fonctions\\\/\",\"url\":\"https:\\\/\\\/congovirtuel.com\\\/information\\\/rdc-snel-sa-fabrice-lusinde-suspendu-de-ses-fonctions\\\/\",\"name\":\"RDC - SNEL SA : Fabrice Lusinde suspendu de ses fonctions - Actualit\u00e9s congolaises et internationales\",\"isPartOf\":{\"@id\":\"https:\\\/\\\/congovirtuel.com\\\/information\\\/#website\"},\"primaryImageOfPage\":{\"@id\":\"https:\\\/\\\/congovirtuel.com\\\/information\\\/rdc-snel-sa-fabrice-lusinde-suspendu-de-ses-fonctions\\\/#primaryimage\"},\"image\":{\"@id\":\"https:\\\/\\\/congovirtuel.com\\\/information\\\/rdc-snel-sa-fabrice-lusinde-suspendu-de-ses-fonctions\\\/#primaryimage\"},\"thumbnailUrl\":\"https:\\\/\\\/congovirtuel.com\\\/information\\\/wp-content\\\/uploads\\\/2023\\\/04\\\/Fabrice_Lusinda.jpg\",\"datePublished\":\"2023-04-20T13:45:26+00:00\",\"dateModified\":\"2023-04-20T13:58:52+00:00\",\"breadcrumb\":{\"@id\":\"https:\\\/\\\/congovirtuel.com\\\/information\\\/rdc-snel-sa-fabrice-lusinde-suspendu-de-ses-fonctions\\\/#breadcrumb\"},\"inLanguage\":\"fr-FR\",\"potentialAction\":[{\"@type\":\"ReadAction\",\"target\":[\"https:\\\/\\\/congovirtuel.com\\\/information\\\/rdc-snel-sa-fabrice-lusinde-suspendu-de-ses-fonctions\\\/\"]}]},{\"@type\":\"ImageObject\",\"inLanguage\":\"fr-FR\",\"@id\":\"https:\\\/\\\/congovirtuel.com\\\/information\\\/rdc-snel-sa-fabrice-lusinde-suspendu-de-ses-fonctions\\\/#primaryimage\",\"url\":\"https:\\\/\\\/congovirtuel.com\\\/information\\\/wp-content\\\/uploads\\\/2023\\\/04\\\/Fabrice_Lusinda.jpg\",\"contentUrl\":\"https:\\\/\\\/congovirtuel.com\\\/information\\\/wp-content\\\/uploads\\\/2023\\\/04\\\/Fabrice_Lusinda.jpg\",\"width\":699,\"height\":401,\"caption\":\"Fabrice_Lusinde\"},{\"@type\":\"BreadcrumbList\",\"@id\":\"https:\\\/\\\/congovirtuel.com\\\/information\\\/rdc-snel-sa-fabrice-lusinde-suspendu-de-ses-fonctions\\\/#breadcrumb\",\"itemListElement\":[{\"@type\":\"ListItem\",\"position\":1,\"name\":\"Accueil\",\"item\":\"https:\\\/\\\/congovirtuel.com\\\/information\\\/\"},{\"@type\":\"ListItem\",\"position\":2,\"name\":\"RDC &#8211; SNEL SA : Fabrice Lusinde suspendu de ses fonctions\"}]},{\"@type\":\"WebSite\",\"@id\":\"https:\\\/\\\/congovirtuel.com\\\/information\\\/#website\",\"url\":\"https:\\\/\\\/congovirtuel.com\\\/information\\\/\",\"name\":\"Actualit\u00e9s congolaises et internationales\",\"description\":\"site d&#039;analyse et de traitement d&#039;information\",\"publisher\":{\"@id\":\"https:\\\/\\\/congovirtuel.com\\\/information\\\/#organization\"},\"potentialAction\":[{\"@type\":\"SearchAction\",\"target\":{\"@type\":\"EntryPoint\",\"urlTemplate\":\"https:\\\/\\\/congovirtuel.com\\\/information\\\/?s={search_term_string}\"},\"query-input\":{\"@type\":\"PropertyValueSpecification\",\"valueRequired\":true,\"valueName\":\"search_term_string\"}}],\"inLanguage\":\"fr-FR\"},{\"@type\":\"Organization\",\"@id\":\"https:\\\/\\\/congovirtuel.com\\\/information\\\/#organization\",\"name\":\"Biblioth\u00e8que Virtuelle de la RDC\",\"url\":\"https:\\\/\\\/congovirtuel.com\\\/information\\\/\",\"logo\":{\"@type\":\"ImageObject\",\"inLanguage\":\"fr-FR\",\"@id\":\"https:\\\/\\\/congovirtuel.com\\\/information\\\/#\\\/schema\\\/logo\\\/image\\\/\",\"url\":\"https:\\\/\\\/congovirtuel.com\\\/information\\\/wp-content\\\/uploads\\\/2018\\\/10\\\/header-info-congovirtuel-vraie.jpg\",\"contentUrl\":\"https:\\\/\\\/congovirtuel.com\\\/information\\\/wp-content\\\/uploads\\\/2018\\\/10\\\/header-info-congovirtuel-vraie.jpg\",\"width\":728,\"height\":90,\"caption\":\"Biblioth\u00e8que Virtuelle de la RDC\"},\"image\":{\"@id\":\"https:\\\/\\\/congovirtuel.com\\\/information\\\/#\\\/schema\\\/logo\\\/image\\\/\"},\"sameAs\":[\"https:\\\/\\\/web.facebook.com\\\/Congovirtuel-763617960319601\\\/?ref=aymt_homepage_panel&amp;amp;amp;amp;amp;amp;amp;amp;amp;amp;amp;eid=ARCoxULa66767kIgF_KYav6VdjXTI4yk_LW4yoVO9s6NXpysgb7Cb65vpxcxgqzOAKvIbLQxaAETcqHT\",\"https:\\\/\\\/x.com\\\/congovirtuel\",\"https:\\\/\\\/www.youtube.com\\\/channel\\\/UCkFfprYzGgS3EWNpeMXpToQ?view_as=subscriber\"]},{\"@type\":\"Person\",\"@id\":\"https:\\\/\\\/congovirtuel.com\\\/information\\\/#\\\/schema\\\/person\\\/739a44bf7990966cb53d58d2fdeca0b6\",\"name\":\"infocongovirtuel\",\"image\":{\"@type\":\"ImageObject\",\"inLanguage\":\"fr-FR\",\"@id\":\"https:\\\/\\\/secure.gravatar.com\\\/avatar\\\/4d76991aa72469f0eb22e772586c99113c6997f88da636a9db8f2ce3a2c05e69?s=96&d=mm&r=g\",\"url\":\"https:\\\/\\\/secure.gravatar.com\\\/avatar\\\/4d76991aa72469f0eb22e772586c99113c6997f88da636a9db8f2ce3a2c05e69?s=96&d=mm&r=g\",\"contentUrl\":\"https:\\\/\\\/secure.gravatar.com\\\/avatar\\\/4d76991aa72469f0eb22e772586c99113c6997f88da636a9db8f2ce3a2c05e69?s=96&d=mm&r=g\",\"caption\":\"infocongovirtuel\"},\"url\":\"https:\\\/\\\/congovirtuel.com\\\/information\\\/author\\\/infocongovirtuel\\\/\"}]}<\/script>\n<!-- \/ Yoast SEO plugin. -->","yoast_head_json":{"title":"RDC - SNEL SA : Fabrice Lusinde suspendu de ses fonctions - Actualit\u00e9s congolaises et internationales","robots":{"index":"index","follow":"follow","max-snippet":"max-snippet:-1","max-image-preview":"max-image-preview:large","max-video-preview":"max-video-preview:-1"},"canonical":"https:\/\/congovirtuel.com\/information\/rdc-snel-sa-fabrice-lusinde-suspendu-de-ses-fonctions\/","og_locale":"fr_FR","og_type":"article","og_title":"RDC - SNEL SA : Fabrice Lusinde suspendu de ses fonctions - Actualit\u00e9s congolaises et internationales","og_description":"Six mois apr\u00e8s sa nomination, Fabrice Lusinde wa Lusangi Kabemba a \u00e9t\u00e9 suspendu de son poste de Directeur G\u00e9n\u00e9ral de la Soci\u00e9t\u00e9 Nationale d\u2019Electricit\u00e9 (SNEL). C\u2019est l\u2019essentiel d\u2019un document sign\u00e9 par la Ministre du Portefeuille, le mardi 18 avril 2023. Cette d\u00e9cision intervient apr\u00e8s sa r\u00e9vocation par les D\u00e9put\u00e9s nationaux au cours d\u2019une s\u00e9ance pl\u00e9ni\u00e8re organis\u00e9e le mercredi 12 avril 2023, pour incomp\u00e9tence. Les \u00e9lus nationaux ont reproch\u00e9 au DG de la SNEL de n\u2019avoir aucun projet ambitieux. Sur les 78 demandes de parole, 55 \u00e9lus ont soutenu la motion,&hellip;","og_url":"https:\/\/congovirtuel.com\/information\/rdc-snel-sa-fabrice-lusinde-suspendu-de-ses-fonctions\/","og_site_name":"Actualit\u00e9s congolaises et internationales","article_publisher":"https:\/\/web.facebook.com\/Congovirtuel-763617960319601\/?ref=aymt_homepage_panel&amp%3bamp%3bamp%3bamp%3bamp%3bamp%3bamp%3bamp%3bamp%3bamp%3bamp%3beid=ARCoxULa66767kIgF_KYav6VdjXTI4yk_LW4yoVO9s6NXpysgb7Cb65vpxcxgqzOAKvIbLQxaAETcqHT","article_published_time":"2023-04-20T13:45:26+00:00","article_modified_time":"2023-04-20T13:58:52+00:00","og_image":[{"width":699,"height":401,"url":"https:\/\/congovirtuel.com\/information\/wp-content\/uploads\/2023\/04\/Fabrice_Lusinda.jpg","type":"image\/jpeg"}],"author":"infocongovirtuel","twitter_card":"summary_large_image","twitter_creator":"@congovirtuel","twitter_site":"@congovirtuel","twitter_misc":{"\u00c9crit par":"infocongovirtuel","Dur\u00e9e de lecture estim\u00e9e":"3 minutes"},"schema":{"@context":"https:\/\/schema.org","@graph":[{"@type":"Article","@id":"https:\/\/congovirtuel.com\/information\/rdc-snel-sa-fabrice-lusinde-suspendu-de-ses-fonctions\/#article","isPartOf":{"@id":"https:\/\/congovirtuel.com\/information\/rdc-snel-sa-fabrice-lusinde-suspendu-de-ses-fonctions\/"},"author":{"name":"infocongovirtuel","@id":"https:\/\/congovirtuel.com\/information\/#\/schema\/person\/739a44bf7990966cb53d58d2fdeca0b6"},"headline":"RDC &#8211; SNEL SA : Fabrice Lusinde suspendu de ses fonctions","datePublished":"2023-04-20T13:45:26+00:00","dateModified":"2023-04-20T13:58:52+00:00","mainEntityOfPage":{"@id":"https:\/\/congovirtuel.com\/information\/rdc-snel-sa-fabrice-lusinde-suspendu-de-ses-fonctions\/"},"wordCount":523,"commentCount":0,"publisher":{"@id":"https:\/\/congovirtuel.com\/information\/#organization"},"image":{"@id":"https:\/\/congovirtuel.com\/information\/rdc-snel-sa-fabrice-lusinde-suspendu-de-ses-fonctions\/#primaryimage"},"thumbnailUrl":"https:\/\/congovirtuel.com\/information\/wp-content\/uploads\/2023\/04\/Fabrice_Lusinda.jpg","keywords":["Fabrice Lusinde wa Lusangi Kabemba","SNEL"],"articleSection":["Entreprises"],"inLanguage":"fr-FR","potentialAction":[{"@type":"CommentAction","name":"Comment","target":["https:\/\/congovirtuel.com\/information\/rdc-snel-sa-fabrice-lusinde-suspendu-de-ses-fonctions\/#respond"]}]},{"@type":"WebPage","@id":"https:\/\/congovirtuel.com\/information\/rdc-snel-sa-fabrice-lusinde-suspendu-de-ses-fonctions\/","url":"https:\/\/congovirtuel.com\/information\/rdc-snel-sa-fabrice-lusinde-suspendu-de-ses-fonctions\/","name":"RDC - SNEL SA : Fabrice Lusinde suspendu de ses fonctions - Actualit\u00e9s congolaises et internationales","isPartOf":{"@id":"https:\/\/congovirtuel.com\/information\/#website"},"primaryImageOfPage":{"@id":"https:\/\/congovirtuel.com\/information\/rdc-snel-sa-fabrice-lusinde-suspendu-de-ses-fonctions\/#primaryimage"},"image":{"@id":"https:\/\/congovirtuel.com\/information\/rdc-snel-sa-fabrice-lusinde-suspendu-de-ses-fonctions\/#primaryimage"},"thumbnailUrl":"https:\/\/congovirtuel.com\/information\/wp-content\/uploads\/2023\/04\/Fabrice_Lusinda.jpg","datePublished":"2023-04-20T13:45:26+00:00","dateModified":"2023-04-20T13:58:52+00:00","breadcrumb":{"@id":"https:\/\/congovirtuel.com\/information\/rdc-snel-sa-fabrice-lusinde-suspendu-de-ses-fonctions\/#breadcrumb"},"inLanguage":"fr-FR","potentialAction":[{"@type":"ReadAction","target":["https:\/\/congovirtuel.com\/information\/rdc-snel-sa-fabrice-lusinde-suspendu-de-ses-fonctions\/"]}]},{"@type":"ImageObject","inLanguage":"fr-FR","@id":"https:\/\/congovirtuel.com\/information\/rdc-snel-sa-fabrice-lusinde-suspendu-de-ses-fonctions\/#primaryimage","url":"https:\/\/congovirtuel.com\/information\/wp-content\/uploads\/2023\/04\/Fabrice_Lusinda.jpg","contentUrl":"https:\/\/congovirtuel.com\/information\/wp-content\/uploads\/2023\/04\/Fabrice_Lusinda.jpg","width":699,"height":401,"caption":"Fabrice_Lusinde"},{"@type":"BreadcrumbList","@id":"https:\/\/congovirtuel.com\/information\/rdc-snel-sa-fabrice-lusinde-suspendu-de-ses-fonctions\/#breadcrumb","itemListElement":[{"@type":"ListItem","position":1,"name":"Accueil","item":"https:\/\/congovirtuel.com\/information\/"},{"@type":"ListItem","position":2,"name":"RDC &#8211; SNEL SA : Fabrice Lusinde suspendu de ses fonctions"}]},{"@type":"WebSite","@id":"https:\/\/congovirtuel.com\/information\/#website","url":"https:\/\/congovirtuel.com\/information\/","name":"Actualit\u00e9s congolaises et internationales","description":"site d&#039;analyse et de traitement d&#039;information","publisher":{"@id":"https:\/\/congovirtuel.com\/information\/#organization"},"potentialAction":[{"@type":"SearchAction","target":{"@type":"EntryPoint","urlTemplate":"https:\/\/congovirtuel.com\/information\/?s={search_term_string}"},"query-input":{"@type":"PropertyValueSpecification","valueRequired":true,"valueName":"search_term_string"}}],"inLanguage":"fr-FR"},{"@type":"Organization","@id":"https:\/\/congovirtuel.com\/information\/#organization","name":"Biblioth\u00e8que Virtuelle de la RDC","url":"https:\/\/congovirtuel.com\/information\/","logo":{"@type":"ImageObject","inLanguage":"fr-FR","@id":"https:\/\/congovirtuel.com\/information\/#\/schema\/logo\/image\/","url":"https:\/\/congovirtuel.com\/information\/wp-content\/uploads\/2018\/10\/header-info-congovirtuel-vraie.jpg","contentUrl":"https:\/\/congovirtuel.com\/information\/wp-content\/uploads\/2018\/10\/header-info-congovirtuel-vraie.jpg","width":728,"height":90,"caption":"Biblioth\u00e8que Virtuelle de la RDC"},"image":{"@id":"https:\/\/congovirtuel.com\/information\/#\/schema\/logo\/image\/"},"sameAs":["https:\/\/web.facebook.com\/Congovirtuel-763617960319601\/?ref=aymt_homepage_panel&amp;amp;amp;amp;amp;amp;amp;amp;amp;amp;amp;eid=ARCoxULa66767kIgF_KYav6VdjXTI4yk_LW4yoVO9s6NXpysgb7Cb65vpxcxgqzOAKvIbLQxaAETcqHT","https:\/\/x.com\/congovirtuel","https:\/\/www.youtube.com\/channel\/UCkFfprYzGgS3EWNpeMXpToQ?view_as=subscriber"]},{"@type":"Person","@id":"https:\/\/congovirtuel.com\/information\/#\/schema\/person\/739a44bf7990966cb53d58d2fdeca0b6","name":"infocongovirtuel","image":{"@type":"ImageObject","inLanguage":"fr-FR","@id":"https:\/\/secure.gravatar.com\/avatar\/4d76991aa72469f0eb22e772586c99113c6997f88da636a9db8f2ce3a2c05e69?s=96&d=mm&r=g","url":"https:\/\/secure.gravatar.com\/avatar\/4d76991aa72469f0eb22e772586c99113c6997f88da636a9db8f2ce3a2c05e69?s=96&d=mm&r=g","contentUrl":"https:\/\/secure.gravatar.com\/avatar\/4d76991aa72469f0eb22e772586c99113c6997f88da636a9db8f2ce3a2c05e69?s=96&d=mm&r=g","caption":"infocongovirtuel"},"url":"https:\/\/congovirtuel.com\/information\/author\/infocongovirtuel\/"}]}},"gt_translate_keys":[{"key":"link","format":"url"}],"_links":{"self":[{"href":"https:\/\/congovirtuel.com\/information\/wp-json\/wp\/v2\/posts\/22278","targetHints":{"allow":["GET"]}}],"collection":[{"href":"https:\/\/congovirtuel.com\/information\/wp-json\/wp\/v2\/posts"}],"about":[{"href":"https:\/\/congovirtuel.com\/information\/wp-json\/wp\/v2\/types\/post"}],"author":[{"embeddable":true,"href":"https:\/\/congovirtuel.com\/information\/wp-json\/wp\/v2\/users\/1"}],"replies":[{"embeddable":true,"href":"https:\/\/congovirtuel.com\/information\/wp-json\/wp\/v2\/comments?post=22278"}],"version-history":[{"count":2,"href":"https:\/\/congovirtuel.com\/information\/wp-json\/wp\/v2\/posts\/22278\/revisions"}],"predecessor-version":[{"id":22281,"href":"https:\/\/congovirtuel.com\/information\/wp-json\/wp\/v2\/posts\/22278\/revisions\/22281"}],"wp:featuredmedia":[{"embeddable":true,"href":"https:\/\/congovirtuel.com\/information\/wp-json\/wp\/v2\/media\/22279"}],"wp:attachment":[{"href":"https:\/\/congovirtuel.com\/information\/wp-json\/wp\/v2\/media?parent=22278"}],"wp:term":[{"taxonomy":"category","embeddable":true,"href":"https:\/\/congovirtuel.com\/information\/wp-json\/wp\/v2\/categories?post=22278"},{"taxonomy":"post_tag","embeddable":true,"href":"https:\/\/congovirtuel.com\/information\/wp-json\/wp\/v2\/tags?post=22278"}],"curies":[{"name":"wp","href":"https:\/\/api.w.org\/{rel}","templated":true}]}}