{"id":2230,"date":"2020-07-07T08:09:04","date_gmt":"2020-07-07T07:09:04","guid":{"rendered":"https:\/\/congovirtuel.com\/information\/?p=2230"},"modified":"2020-07-07T08:09:14","modified_gmt":"2020-07-07T07:09:14","slug":"real-barca-le-classement-de-la-liga-sans-la-var","status":"publish","type":"post","link":"https:\/\/congovirtuel.com\/information\/real-barca-le-classement-de-la-liga-sans-la-var\/","title":{"rendered":"Real-Bar\u00e7a : le classement de la Liga sans la VAR","gt_translate_keys":[{"key":"rendered","format":"text"}]},"content":{"rendered":"\n<p class=\"wp-block-paragraph\"><strong>Sans la VAR, le classement de la Liga serait-il diff\u00e9rent comme le pr\u00e9tendent r\u00e9guli\u00e8rement les Barcelonais ces derni\u00e8res semaines ?<\/strong><\/p>\n\n\n\n<p class=\"wp-block-paragraph\">\u00ab<em>La VAR n\u2019est pas \u00e0 la hauteur<\/em>.\u00a0<em>C\u2019est peu \u00e9quitable depuis la reprise apr\u00e8s le Covid et \u00e7a se r\u00e9percute sur les r\u00e9sultats. \u00c7a semble toujours favoriser une seule \u00e9quipe.<\/em>\u00bb Josep Maria Bartomeu n\u2019a pas m\u00e2ch\u00e9 ses mots \u00e0 l\u2019issue de la belle victoire du\u00a0<a href=\"https:\/\/www.sports.fr\/football\/equipe\/fc-barcelone-13435.html\/\"><strong>Bar\u00e7a<\/strong><\/a>, dimanche, sur la pelouse de\u00a0<a href=\"https:\/\/www.sports.fr\/football\/equipe\/villarreal-15385.html\/\"><strong>Villarreal<\/strong><\/a>\u00a0(1-4). \u00ab<em>C\u2019est vrai qu\u2019il y a eu beaucoup de matches lors desquels la VAR a toujours favoris\u00e9 la m\u00eame \u00e9quipe. Le VAR doit aider l\u2019arbitre, mais sur les derni\u00e8res semaines, tout le monde a pu constater gr\u00e2ce aux images que \u00e7a n\u2019a pas \u00e9t\u00e9 juste.<\/em>\u00bb<\/p>\n\n\n\n<p class=\"wp-block-paragraph\">Pour les Blaugrana, cela ne fait aucun doute, si le&nbsp;<a href=\"https:\/\/www.sports.fr\/football\/equipe\/real-madrid-13434.html\/\"><strong>Real Madrid<\/strong><\/a>&nbsp;affiche quatre points d\u2019avance sur le Bar\u00e7a \u00e0 quatre journ\u00e9es de la fin et est donc id\u00e9alement plac\u00e9 pour d\u00e9tr\u00f4ner le club catalan, c\u2019est en grande partie gr\u00e2ce \u00e0 l\u2019arbitrage en g\u00e9n\u00e9ral et \u00e0 l\u2019utilisation partisane de la VAR. Une croyance battue en br\u00e8che par les calculs faits par&nbsp;<em>AS<\/em>. A en croire le quotidien madril\u00e8ne, aucune des deux \u00e9quipes n\u2019a gagn\u00e9 ou perdu le moindre point gr\u00e2ce \u00e0 l\u2019assistance vid\u00e9o.<\/p>\n\n\n\n<p class=\"wp-block-paragraph\">Si le Real Madrid a effectivement gagn\u00e9 quatre points gr\u00e2ce aux interventions de la VAR, le club madril\u00e8ne en a \u00e9galement perdu quatre. Et c\u2019est la m\u00eame chose pour le Bar\u00e7a: les hommes de Quique Setien ont certes gagn\u00e9 deux points, mais en ont aussi perdu deux dans le m\u00eame temps. De quoi conforter Diego Simeone, l\u2019entra\u00eeneur de l\u2019Atl\u00e9tico Madrid, qui a pris la d\u00e9fense du VAR et du Real Madrid.<em>\u00a0\u00ab Il y a des gens qui g\u00e8rent le VAR et ils peuvent se tromper. Mais je ne doute pas que le VAR soit \u00e9quitable pour tout le monde,\u00a0<\/em>a-t-il affirm\u00e9.<em>Ces derniers temps, on a beaucoup parl\u00e9 du Real Madrid. Il est clair que le Real a eu plus de penalties parce qu\u2019il attaque plus. Je crois que le VAR a encore besoin d\u2019\u00eatre am\u00e9lior\u00e9, mais globalement il fait la lumi\u00e8re sur beaucoup de choses. \u00bb<\/em><\/p>\n\n\n\n<p class=\"wp-block-paragraph\"><strong>Football.fr<\/strong><\/p>\n","protected":false,"gt_translate_keys":[{"key":"rendered","format":"html"}]},"excerpt":{"rendered":"<p>Sans la VAR, le classement de la Liga serait-il diff\u00e9rent comme le pr\u00e9tendent r\u00e9guli\u00e8rement les Barcelonais ces derni\u00e8res semaines ? \u00abLa VAR n\u2019est pas \u00e0 la hauteur.\u00a0C\u2019est peu \u00e9quitable depuis la reprise apr\u00e8s le Covid et \u00e7a se r\u00e9percute sur les r\u00e9sultats. \u00c7a semble toujours favoriser une seule \u00e9quipe.\u00bb Josep Maria Bartomeu n\u2019a pas m\u00e2ch\u00e9 ses mots \u00e0 l\u2019issue de la belle victoire du\u00a0Bar\u00e7a, dimanche, sur la pelouse de\u00a0Villarreal\u00a0(1-4). \u00abC\u2019est vrai qu\u2019il y a eu beaucoup de matches lors desquels la VAR a toujours favoris\u00e9 la m\u00eame \u00e9quipe. Le VAR&hellip;<\/p>\n","protected":false,"gt_translate_keys":[{"key":"rendered","format":"html"}]},"author":1,"featured_media":2231,"comment_status":"open","ping_status":"open","sticky":false,"template":"","format":"standard","meta":{"_crdt_document":"","footnotes":""},"categories":[8],"tags":[1495,1494,1496],"class_list":["post-2230","post","type-post","status-publish","format-standard","has-post-thumbnail","hentry","category-football","tag-barca","tag-le-classement-de-la-liga-sans-la-var","tag-real-de-madrid"],"gutentor_comment":0,"yoast_head":"<!-- This site is optimized with the Yoast SEO plugin v27.5 - https:\/\/yoast.com\/product\/yoast-seo-wordpress\/ -->\n<title>Real-Bar\u00e7a : le classement de la Liga sans la VAR - Actualit\u00e9s congolaises et internationales<\/title>\n<meta name=\"robots\" content=\"index, follow, max-snippet:-1, max-image-preview:large, max-video-preview:-1\" \/>\n<link rel=\"canonical\" href=\"https:\/\/congovirtuel.com\/information\/real-barca-le-classement-de-la-liga-sans-la-var\/\" \/>\n<meta property=\"og:locale\" content=\"fr_FR\" \/>\n<meta property=\"og:type\" content=\"article\" \/>\n<meta property=\"og:title\" content=\"Real-Bar\u00e7a : le classement de la Liga sans la VAR - Actualit\u00e9s congolaises et internationales\" \/>\n<meta property=\"og:description\" content=\"Sans la VAR, le classement de la Liga serait-il diff\u00e9rent comme le pr\u00e9tendent r\u00e9guli\u00e8rement les Barcelonais ces derni\u00e8res semaines ? \u00abLa VAR n\u2019est pas \u00e0 la hauteur.\u00a0C\u2019est peu \u00e9quitable depuis la reprise apr\u00e8s le Covid et \u00e7a se r\u00e9percute sur les r\u00e9sultats. \u00c7a semble toujours favoriser une seule \u00e9quipe.\u00bb Josep Maria Bartomeu n\u2019a pas m\u00e2ch\u00e9 ses mots \u00e0 l\u2019issue de la belle victoire du\u00a0Bar\u00e7a, dimanche, sur la pelouse de\u00a0Villarreal\u00a0(1-4). \u00abC\u2019est vrai qu\u2019il y a eu beaucoup de matches lors desquels la VAR a toujours favoris\u00e9 la m\u00eame \u00e9quipe. Le VAR&hellip;\" \/>\n<meta property=\"og:url\" content=\"https:\/\/congovirtuel.com\/information\/real-barca-le-classement-de-la-liga-sans-la-var\/\" \/>\n<meta property=\"og:site_name\" content=\"Actualit\u00e9s congolaises et internationales\" \/>\n<meta property=\"article:publisher\" content=\"https:\/\/web.facebook.com\/Congovirtuel-763617960319601\/?ref=aymt_homepage_panel&amp;amp%3bamp%3bamp%3bamp%3bamp%3bamp%3bamp%3bamp%3bamp%3bamp%3bamp%3beid=ARCoxULa66767kIgF_KYav6VdjXTI4yk_LW4yoVO9s6NXpysgb7Cb65vpxcxgqzOAKvIbLQxaAETcqHT\" \/>\n<meta property=\"article:published_time\" content=\"2020-07-07T07:09:04+00:00\" \/>\n<meta property=\"article:modified_time\" content=\"2020-07-07T07:09:14+00:00\" \/>\n<meta property=\"og:image\" content=\"https:\/\/congovirtuel.com\/information\/wp-content\/uploads\/2020\/07\/arbitre_var.jpg\" \/>\n\t<meta property=\"og:image:width\" content=\"750\" \/>\n\t<meta property=\"og:image:height\" content=\"368\" \/>\n\t<meta property=\"og:image:type\" content=\"image\/jpeg\" \/>\n<meta name=\"author\" content=\"infocongovirtuel\" \/>\n<meta name=\"twitter:card\" content=\"summary_large_image\" \/>\n<meta name=\"twitter:creator\" content=\"@congovirtuel\" \/>\n<meta name=\"twitter:site\" content=\"@congovirtuel\" \/>\n<meta name=\"twitter:label1\" content=\"\u00c9crit par\" \/>\n\t<meta name=\"twitter:data1\" content=\"infocongovirtuel\" \/>\n\t<meta name=\"twitter:label2\" content=\"Dur\u00e9e de lecture estim\u00e9e\" \/>\n\t<meta name=\"twitter:data2\" content=\"2 minutes\" \/>\n<script type=\"application\/ld+json\" class=\"yoast-schema-graph\">{\"@context\":\"https:\\\/\\\/schema.org\",\"@graph\":[{\"@type\":\"Article\",\"@id\":\"https:\\\/\\\/congovirtuel.com\\\/information\\\/real-barca-le-classement-de-la-liga-sans-la-var\\\/#article\",\"isPartOf\":{\"@id\":\"https:\\\/\\\/congovirtuel.com\\\/information\\\/real-barca-le-classement-de-la-liga-sans-la-var\\\/\"},\"author\":{\"name\":\"infocongovirtuel\",\"@id\":\"https:\\\/\\\/congovirtuel.com\\\/information\\\/#\\\/schema\\\/person\\\/739a44bf7990966cb53d58d2fdeca0b6\"},\"headline\":\"Real-Bar\u00e7a : le classement de la Liga sans la VAR\",\"datePublished\":\"2020-07-07T07:09:04+00:00\",\"dateModified\":\"2020-07-07T07:09:14+00:00\",\"mainEntityOfPage\":{\"@id\":\"https:\\\/\\\/congovirtuel.com\\\/information\\\/real-barca-le-classement-de-la-liga-sans-la-var\\\/\"},\"wordCount\":409,\"commentCount\":0,\"publisher\":{\"@id\":\"https:\\\/\\\/congovirtuel.com\\\/information\\\/#organization\"},\"image\":{\"@id\":\"https:\\\/\\\/congovirtuel.com\\\/information\\\/real-barca-le-classement-de-la-liga-sans-la-var\\\/#primaryimage\"},\"thumbnailUrl\":\"https:\\\/\\\/congovirtuel.com\\\/information\\\/wp-content\\\/uploads\\\/2020\\\/07\\\/arbitre_var.jpg\",\"keywords\":[\"bar\u00e7a\",\"le classement de la Liga sans la VAR\",\"R\u00e9al de Madrid\"],\"articleSection\":[\"Football\"],\"inLanguage\":\"fr-FR\",\"potentialAction\":[{\"@type\":\"CommentAction\",\"name\":\"Comment\",\"target\":[\"https:\\\/\\\/congovirtuel.com\\\/information\\\/real-barca-le-classement-de-la-liga-sans-la-var\\\/#respond\"]}]},{\"@type\":\"WebPage\",\"@id\":\"https:\\\/\\\/congovirtuel.com\\\/information\\\/real-barca-le-classement-de-la-liga-sans-la-var\\\/\",\"url\":\"https:\\\/\\\/congovirtuel.com\\\/information\\\/real-barca-le-classement-de-la-liga-sans-la-var\\\/\",\"name\":\"Real-Bar\u00e7a : le classement de la Liga sans la VAR - Actualit\u00e9s congolaises et internationales\",\"isPartOf\":{\"@id\":\"https:\\\/\\\/congovirtuel.com\\\/information\\\/#website\"},\"primaryImageOfPage\":{\"@id\":\"https:\\\/\\\/congovirtuel.com\\\/information\\\/real-barca-le-classement-de-la-liga-sans-la-var\\\/#primaryimage\"},\"image\":{\"@id\":\"https:\\\/\\\/congovirtuel.com\\\/information\\\/real-barca-le-classement-de-la-liga-sans-la-var\\\/#primaryimage\"},\"thumbnailUrl\":\"https:\\\/\\\/congovirtuel.com\\\/information\\\/wp-content\\\/uploads\\\/2020\\\/07\\\/arbitre_var.jpg\",\"datePublished\":\"2020-07-07T07:09:04+00:00\",\"dateModified\":\"2020-07-07T07:09:14+00:00\",\"breadcrumb\":{\"@id\":\"https:\\\/\\\/congovirtuel.com\\\/information\\\/real-barca-le-classement-de-la-liga-sans-la-var\\\/#breadcrumb\"},\"inLanguage\":\"fr-FR\",\"potentialAction\":[{\"@type\":\"ReadAction\",\"target\":[\"https:\\\/\\\/congovirtuel.com\\\/information\\\/real-barca-le-classement-de-la-liga-sans-la-var\\\/\"]}]},{\"@type\":\"ImageObject\",\"inLanguage\":\"fr-FR\",\"@id\":\"https:\\\/\\\/congovirtuel.com\\\/information\\\/real-barca-le-classement-de-la-liga-sans-la-var\\\/#primaryimage\",\"url\":\"https:\\\/\\\/congovirtuel.com\\\/information\\\/wp-content\\\/uploads\\\/2020\\\/07\\\/arbitre_var.jpg\",\"contentUrl\":\"https:\\\/\\\/congovirtuel.com\\\/information\\\/wp-content\\\/uploads\\\/2020\\\/07\\\/arbitre_var.jpg\",\"width\":750,\"height\":368},{\"@type\":\"BreadcrumbList\",\"@id\":\"https:\\\/\\\/congovirtuel.com\\\/information\\\/real-barca-le-classement-de-la-liga-sans-la-var\\\/#breadcrumb\",\"itemListElement\":[{\"@type\":\"ListItem\",\"position\":1,\"name\":\"Accueil\",\"item\":\"https:\\\/\\\/congovirtuel.com\\\/information\\\/\"},{\"@type\":\"ListItem\",\"position\":2,\"name\":\"Real-Bar\u00e7a : le classement de la Liga sans la VAR\"}]},{\"@type\":\"WebSite\",\"@id\":\"https:\\\/\\\/congovirtuel.com\\\/information\\\/#website\",\"url\":\"https:\\\/\\\/congovirtuel.com\\\/information\\\/\",\"name\":\"Actualit\u00e9s congolaises et internationales\",\"description\":\"site d&#039;analyse et de traitement d&#039;information\",\"publisher\":{\"@id\":\"https:\\\/\\\/congovirtuel.com\\\/information\\\/#organization\"},\"potentialAction\":[{\"@type\":\"SearchAction\",\"target\":{\"@type\":\"EntryPoint\",\"urlTemplate\":\"https:\\\/\\\/congovirtuel.com\\\/information\\\/?s={search_term_string}\"},\"query-input\":{\"@type\":\"PropertyValueSpecification\",\"valueRequired\":true,\"valueName\":\"search_term_string\"}}],\"inLanguage\":\"fr-FR\"},{\"@type\":\"Organization\",\"@id\":\"https:\\\/\\\/congovirtuel.com\\\/information\\\/#organization\",\"name\":\"Biblioth\u00e8que Virtuelle de la RDC\",\"url\":\"https:\\\/\\\/congovirtuel.com\\\/information\\\/\",\"logo\":{\"@type\":\"ImageObject\",\"inLanguage\":\"fr-FR\",\"@id\":\"https:\\\/\\\/congovirtuel.com\\\/information\\\/#\\\/schema\\\/logo\\\/image\\\/\",\"url\":\"https:\\\/\\\/congovirtuel.com\\\/information\\\/wp-content\\\/uploads\\\/2018\\\/10\\\/header-info-congovirtuel-vraie.jpg\",\"contentUrl\":\"https:\\\/\\\/congovirtuel.com\\\/information\\\/wp-content\\\/uploads\\\/2018\\\/10\\\/header-info-congovirtuel-vraie.jpg\",\"width\":728,\"height\":90,\"caption\":\"Biblioth\u00e8que Virtuelle de la RDC\"},\"image\":{\"@id\":\"https:\\\/\\\/congovirtuel.com\\\/information\\\/#\\\/schema\\\/logo\\\/image\\\/\"},\"sameAs\":[\"https:\\\/\\\/web.facebook.com\\\/Congovirtuel-763617960319601\\\/?ref=aymt_homepage_panel&amp;amp;amp;amp;amp;amp;amp;amp;amp;amp;amp;eid=ARCoxULa66767kIgF_KYav6VdjXTI4yk_LW4yoVO9s6NXpysgb7Cb65vpxcxgqzOAKvIbLQxaAETcqHT\",\"https:\\\/\\\/x.com\\\/congovirtuel\",\"https:\\\/\\\/www.youtube.com\\\/channel\\\/UCkFfprYzGgS3EWNpeMXpToQ?view_as=subscriber\"]},{\"@type\":\"Person\",\"@id\":\"https:\\\/\\\/congovirtuel.com\\\/information\\\/#\\\/schema\\\/person\\\/739a44bf7990966cb53d58d2fdeca0b6\",\"name\":\"infocongovirtuel\",\"image\":{\"@type\":\"ImageObject\",\"inLanguage\":\"fr-FR\",\"@id\":\"https:\\\/\\\/secure.gravatar.com\\\/avatar\\\/4d76991aa72469f0eb22e772586c99113c6997f88da636a9db8f2ce3a2c05e69?s=96&d=mm&r=g\",\"url\":\"https:\\\/\\\/secure.gravatar.com\\\/avatar\\\/4d76991aa72469f0eb22e772586c99113c6997f88da636a9db8f2ce3a2c05e69?s=96&d=mm&r=g\",\"contentUrl\":\"https:\\\/\\\/secure.gravatar.com\\\/avatar\\\/4d76991aa72469f0eb22e772586c99113c6997f88da636a9db8f2ce3a2c05e69?s=96&d=mm&r=g\",\"caption\":\"infocongovirtuel\"},\"url\":\"https:\\\/\\\/congovirtuel.com\\\/information\\\/author\\\/infocongovirtuel\\\/\"}]}<\/script>\n<!-- \/ Yoast SEO plugin. -->","yoast_head_json":{"title":"Real-Bar\u00e7a : le classement de la Liga sans la VAR - Actualit\u00e9s congolaises et internationales","robots":{"index":"index","follow":"follow","max-snippet":"max-snippet:-1","max-image-preview":"max-image-preview:large","max-video-preview":"max-video-preview:-1"},"canonical":"https:\/\/congovirtuel.com\/information\/real-barca-le-classement-de-la-liga-sans-la-var\/","og_locale":"fr_FR","og_type":"article","og_title":"Real-Bar\u00e7a : le classement de la Liga sans la VAR - Actualit\u00e9s congolaises et internationales","og_description":"Sans la VAR, le classement de la Liga serait-il diff\u00e9rent comme le pr\u00e9tendent r\u00e9guli\u00e8rement les Barcelonais ces derni\u00e8res semaines ? \u00abLa VAR n\u2019est pas \u00e0 la hauteur.\u00a0C\u2019est peu \u00e9quitable depuis la reprise apr\u00e8s le Covid et \u00e7a se r\u00e9percute sur les r\u00e9sultats. \u00c7a semble toujours favoriser une seule \u00e9quipe.\u00bb Josep Maria Bartomeu n\u2019a pas m\u00e2ch\u00e9 ses mots \u00e0 l\u2019issue de la belle victoire du\u00a0Bar\u00e7a, dimanche, sur la pelouse de\u00a0Villarreal\u00a0(1-4). \u00abC\u2019est vrai qu\u2019il y a eu beaucoup de matches lors desquels la VAR a toujours favoris\u00e9 la m\u00eame \u00e9quipe. Le VAR&hellip;","og_url":"https:\/\/congovirtuel.com\/information\/real-barca-le-classement-de-la-liga-sans-la-var\/","og_site_name":"Actualit\u00e9s congolaises et internationales","article_publisher":"https:\/\/web.facebook.com\/Congovirtuel-763617960319601\/?ref=aymt_homepage_panel&amp%3bamp%3bamp%3bamp%3bamp%3bamp%3bamp%3bamp%3bamp%3bamp%3bamp%3beid=ARCoxULa66767kIgF_KYav6VdjXTI4yk_LW4yoVO9s6NXpysgb7Cb65vpxcxgqzOAKvIbLQxaAETcqHT","article_published_time":"2020-07-07T07:09:04+00:00","article_modified_time":"2020-07-07T07:09:14+00:00","og_image":[{"width":750,"height":368,"url":"https:\/\/congovirtuel.com\/information\/wp-content\/uploads\/2020\/07\/arbitre_var.jpg","type":"image\/jpeg"}],"author":"infocongovirtuel","twitter_card":"summary_large_image","twitter_creator":"@congovirtuel","twitter_site":"@congovirtuel","twitter_misc":{"\u00c9crit par":"infocongovirtuel","Dur\u00e9e de lecture estim\u00e9e":"2 minutes"},"schema":{"@context":"https:\/\/schema.org","@graph":[{"@type":"Article","@id":"https:\/\/congovirtuel.com\/information\/real-barca-le-classement-de-la-liga-sans-la-var\/#article","isPartOf":{"@id":"https:\/\/congovirtuel.com\/information\/real-barca-le-classement-de-la-liga-sans-la-var\/"},"author":{"name":"infocongovirtuel","@id":"https:\/\/congovirtuel.com\/information\/#\/schema\/person\/739a44bf7990966cb53d58d2fdeca0b6"},"headline":"Real-Bar\u00e7a : le classement de la Liga sans la VAR","datePublished":"2020-07-07T07:09:04+00:00","dateModified":"2020-07-07T07:09:14+00:00","mainEntityOfPage":{"@id":"https:\/\/congovirtuel.com\/information\/real-barca-le-classement-de-la-liga-sans-la-var\/"},"wordCount":409,"commentCount":0,"publisher":{"@id":"https:\/\/congovirtuel.com\/information\/#organization"},"image":{"@id":"https:\/\/congovirtuel.com\/information\/real-barca-le-classement-de-la-liga-sans-la-var\/#primaryimage"},"thumbnailUrl":"https:\/\/congovirtuel.com\/information\/wp-content\/uploads\/2020\/07\/arbitre_var.jpg","keywords":["bar\u00e7a","le classement de la Liga sans la VAR","R\u00e9al de Madrid"],"articleSection":["Football"],"inLanguage":"fr-FR","potentialAction":[{"@type":"CommentAction","name":"Comment","target":["https:\/\/congovirtuel.com\/information\/real-barca-le-classement-de-la-liga-sans-la-var\/#respond"]}]},{"@type":"WebPage","@id":"https:\/\/congovirtuel.com\/information\/real-barca-le-classement-de-la-liga-sans-la-var\/","url":"https:\/\/congovirtuel.com\/information\/real-barca-le-classement-de-la-liga-sans-la-var\/","name":"Real-Bar\u00e7a : le classement de la Liga sans la VAR - Actualit\u00e9s congolaises et internationales","isPartOf":{"@id":"https:\/\/congovirtuel.com\/information\/#website"},"primaryImageOfPage":{"@id":"https:\/\/congovirtuel.com\/information\/real-barca-le-classement-de-la-liga-sans-la-var\/#primaryimage"},"image":{"@id":"https:\/\/congovirtuel.com\/information\/real-barca-le-classement-de-la-liga-sans-la-var\/#primaryimage"},"thumbnailUrl":"https:\/\/congovirtuel.com\/information\/wp-content\/uploads\/2020\/07\/arbitre_var.jpg","datePublished":"2020-07-07T07:09:04+00:00","dateModified":"2020-07-07T07:09:14+00:00","breadcrumb":{"@id":"https:\/\/congovirtuel.com\/information\/real-barca-le-classement-de-la-liga-sans-la-var\/#breadcrumb"},"inLanguage":"fr-FR","potentialAction":[{"@type":"ReadAction","target":["https:\/\/congovirtuel.com\/information\/real-barca-le-classement-de-la-liga-sans-la-var\/"]}]},{"@type":"ImageObject","inLanguage":"fr-FR","@id":"https:\/\/congovirtuel.com\/information\/real-barca-le-classement-de-la-liga-sans-la-var\/#primaryimage","url":"https:\/\/congovirtuel.com\/information\/wp-content\/uploads\/2020\/07\/arbitre_var.jpg","contentUrl":"https:\/\/congovirtuel.com\/information\/wp-content\/uploads\/2020\/07\/arbitre_var.jpg","width":750,"height":368},{"@type":"BreadcrumbList","@id":"https:\/\/congovirtuel.com\/information\/real-barca-le-classement-de-la-liga-sans-la-var\/#breadcrumb","itemListElement":[{"@type":"ListItem","position":1,"name":"Accueil","item":"https:\/\/congovirtuel.com\/information\/"},{"@type":"ListItem","position":2,"name":"Real-Bar\u00e7a : le classement de la Liga sans la VAR"}]},{"@type":"WebSite","@id":"https:\/\/congovirtuel.com\/information\/#website","url":"https:\/\/congovirtuel.com\/information\/","name":"Actualit\u00e9s congolaises et internationales","description":"site d&#039;analyse et de traitement d&#039;information","publisher":{"@id":"https:\/\/congovirtuel.com\/information\/#organization"},"potentialAction":[{"@type":"SearchAction","target":{"@type":"EntryPoint","urlTemplate":"https:\/\/congovirtuel.com\/information\/?s={search_term_string}"},"query-input":{"@type":"PropertyValueSpecification","valueRequired":true,"valueName":"search_term_string"}}],"inLanguage":"fr-FR"},{"@type":"Organization","@id":"https:\/\/congovirtuel.com\/information\/#organization","name":"Biblioth\u00e8que Virtuelle de la RDC","url":"https:\/\/congovirtuel.com\/information\/","logo":{"@type":"ImageObject","inLanguage":"fr-FR","@id":"https:\/\/congovirtuel.com\/information\/#\/schema\/logo\/image\/","url":"https:\/\/congovirtuel.com\/information\/wp-content\/uploads\/2018\/10\/header-info-congovirtuel-vraie.jpg","contentUrl":"https:\/\/congovirtuel.com\/information\/wp-content\/uploads\/2018\/10\/header-info-congovirtuel-vraie.jpg","width":728,"height":90,"caption":"Biblioth\u00e8que Virtuelle de la RDC"},"image":{"@id":"https:\/\/congovirtuel.com\/information\/#\/schema\/logo\/image\/"},"sameAs":["https:\/\/web.facebook.com\/Congovirtuel-763617960319601\/?ref=aymt_homepage_panel&amp;amp;amp;amp;amp;amp;amp;amp;amp;amp;amp;eid=ARCoxULa66767kIgF_KYav6VdjXTI4yk_LW4yoVO9s6NXpysgb7Cb65vpxcxgqzOAKvIbLQxaAETcqHT","https:\/\/x.com\/congovirtuel","https:\/\/www.youtube.com\/channel\/UCkFfprYzGgS3EWNpeMXpToQ?view_as=subscriber"]},{"@type":"Person","@id":"https:\/\/congovirtuel.com\/information\/#\/schema\/person\/739a44bf7990966cb53d58d2fdeca0b6","name":"infocongovirtuel","image":{"@type":"ImageObject","inLanguage":"fr-FR","@id":"https:\/\/secure.gravatar.com\/avatar\/4d76991aa72469f0eb22e772586c99113c6997f88da636a9db8f2ce3a2c05e69?s=96&d=mm&r=g","url":"https:\/\/secure.gravatar.com\/avatar\/4d76991aa72469f0eb22e772586c99113c6997f88da636a9db8f2ce3a2c05e69?s=96&d=mm&r=g","contentUrl":"https:\/\/secure.gravatar.com\/avatar\/4d76991aa72469f0eb22e772586c99113c6997f88da636a9db8f2ce3a2c05e69?s=96&d=mm&r=g","caption":"infocongovirtuel"},"url":"https:\/\/congovirtuel.com\/information\/author\/infocongovirtuel\/"}]}},"gt_translate_keys":[{"key":"link","format":"url"}],"_links":{"self":[{"href":"https:\/\/congovirtuel.com\/information\/wp-json\/wp\/v2\/posts\/2230","targetHints":{"allow":["GET"]}}],"collection":[{"href":"https:\/\/congovirtuel.com\/information\/wp-json\/wp\/v2\/posts"}],"about":[{"href":"https:\/\/congovirtuel.com\/information\/wp-json\/wp\/v2\/types\/post"}],"author":[{"embeddable":true,"href":"https:\/\/congovirtuel.com\/information\/wp-json\/wp\/v2\/users\/1"}],"replies":[{"embeddable":true,"href":"https:\/\/congovirtuel.com\/information\/wp-json\/wp\/v2\/comments?post=2230"}],"version-history":[{"count":2,"href":"https:\/\/congovirtuel.com\/information\/wp-json\/wp\/v2\/posts\/2230\/revisions"}],"predecessor-version":[{"id":2234,"href":"https:\/\/congovirtuel.com\/information\/wp-json\/wp\/v2\/posts\/2230\/revisions\/2234"}],"wp:featuredmedia":[{"embeddable":true,"href":"https:\/\/congovirtuel.com\/information\/wp-json\/wp\/v2\/media\/2231"}],"wp:attachment":[{"href":"https:\/\/congovirtuel.com\/information\/wp-json\/wp\/v2\/media?parent=2230"}],"wp:term":[{"taxonomy":"category","embeddable":true,"href":"https:\/\/congovirtuel.com\/information\/wp-json\/wp\/v2\/categories?post=2230"},{"taxonomy":"post_tag","embeddable":true,"href":"https:\/\/congovirtuel.com\/information\/wp-json\/wp\/v2\/tags?post=2230"}],"curies":[{"name":"wp","href":"https:\/\/api.w.org\/{rel}","templated":true}]}}