{"id":22311,"date":"2023-04-25T05:30:30","date_gmt":"2023-04-25T04:30:30","guid":{"rendered":"https:\/\/congovirtuel.com\/information\/?p=22311"},"modified":"2023-04-25T06:05:33","modified_gmt":"2023-04-25T05:05:33","slug":"rdc-audios-controverses-francis-kalombo-assume-ses-propos","status":"publish","type":"post","link":"https:\/\/congovirtuel.com\/information\/rdc-audios-controverses-francis-kalombo-assume-ses-propos\/","title":{"rendered":"RDC: Audios controvers\u00e9s, Francis Kalombo assume ses propos","gt_translate_keys":[{"key":"rendered","format":"text"}]},"content":{"rendered":"<p>Les propos entendus dans les audios de Francis Kalombo qui circulent sur la toile, ont \u00e9t\u00e9 tenus pendant que son parti Ensemble pour la R\u00e9publique \u00e9tait encore soci\u00e9taire de l\u2019Union sacr\u00e9e, a rappel\u00e9 le porte-parole de Mo\u00efse Katumbi lors d\u2019une \u00e9mission avec Louis France Kuzekisa.<\/p>\n<p>L\u2019opposant affirme avoir r\u00e9ellement soutenu le pr\u00e9sident Tshisekedi dans sa communication apr\u00e8s avoir eu l\u2019avis favorable de son leader politique. Le porte-parole de Katumbi assure qu\u2019il n\u2019est pas un tra\u00eetre ou encore un demandeur d\u2019emploi, car cet entretien t\u00e9l\u00e9phonique, dit-il, il l\u2019avait eu avec un communicateur du camp Tshisekedi, r\u00e9pondant au nom de<em><strong>\u00a0\u201cDinosaure\u201d.<\/strong><\/em><\/p>\n<p>De plus, l\u2019ancien d\u00e9put\u00e9 a signifi\u00e9 qu\u2019il avait m\u00eame formul\u00e9 ses remarques \u00e0 Augustin Kabuya, le secr\u00e9taire g\u00e9n\u00e9ral de l\u2019UDPS, en relevant les faiblesses de communication du r\u00e9gime actuel.\u00a0<em><strong>\u201cNous sommes all\u00e9s \u00e0 l\u2019Union sacr\u00e9e pour aider le pouvoir \u00e0 faire avancer le pays et nous faisions nos observations en interne sans complexe et ouvertement\u201d,<\/strong><\/em>\u00a0a-t-il t\u00e9moign\u00e9.<\/p>\n<p>Francis Kalombo explique que sa famille politique faisait \u00e9galement des observations sur la gestion du pays. Voil\u00e0 pourquoi, se d\u00e9cha\u00eene-t-il, les pro-Katumbi avaient d\u00e9nonc\u00e9 des actes de corruption, d\u2019escroquerie et de m\u00e9gestion comme le pr\u00e9l\u00e8vement de la taxe de Registre des appareils mobiles<strong>\u00a0(RAM).<\/strong><\/p>\n<p>Malgr\u00e9 les propositions claires et constructives, pr\u00e9cise M. Kalombo, Ensemble pour la R\u00e9publique \u00e9tait toujours incompris. Malheureusement aujourd\u2019hui, a-t-il fait observer, rien n\u2019a chang\u00e9 dans la gouvernance Tshisekedi. Les m\u00eames insuffisances existent et le temps donne finalement raison \u00e0 son leader et \u00e0 son parti.<\/p>\n<p>Face \u00e0 ce qu\u2019il consid\u00e8re comme un coup bas politique mal orient\u00e9, le katumbiste dit ne pas \u00eatre \u00e9branl\u00e9. Apr\u00e8s avoir contextualis\u00e9 ses audios, le cadre Ensemble d\u00e9nonce une manipulation d\u2019amateur de ses d\u00e9tracteurs. Il dit, toutefois, garder sa conscience tranquille. \u00ab<em><strong>\u00a0Il n\u2019y a pas de quoi fouetter un chat \u00bb,<\/strong><\/em>\u00a0apaise-t-il les esprits, d\u00e9clarant que si cette campagne prend de l\u2019ampleur\u00a0<em><strong>\u00ab c\u2019est parce qu\u2019il s\u2019agit de Francis Kalombo \u00bb.<\/strong><\/em><\/p>\n<p>Heureusement, conclut-il, les gens qui ont r\u00e9pondu apr\u00e8s ce sale coup lui ont demand\u00e9 de ne pas retourner \u00e0 l\u2019Union sacr\u00e9e. Donc pour lui, c\u2019est une forme d\u2019interpellation.<\/p>\n<p><strong>Ouragan.cd<\/strong><\/p>\n","protected":false,"gt_translate_keys":[{"key":"rendered","format":"html"}]},"excerpt":{"rendered":"<p>Les propos entendus dans les audios de Francis Kalombo qui circulent sur la toile, ont \u00e9t\u00e9 tenus pendant que son parti Ensemble pour la R\u00e9publique \u00e9tait encore soci\u00e9taire de l\u2019Union sacr\u00e9e, a rappel\u00e9 le porte-parole de Mo\u00efse Katumbi lors d\u2019une \u00e9mission avec Louis France Kuzekisa. L\u2019opposant affirme avoir r\u00e9ellement soutenu le pr\u00e9sident Tshisekedi dans sa communication apr\u00e8s avoir eu l\u2019avis favorable de son leader politique. Le porte-parole de Katumbi assure qu\u2019il n\u2019est pas un tra\u00eetre ou encore un demandeur d\u2019emploi, car cet entretien t\u00e9l\u00e9phonique, dit-il, il l\u2019avait eu avec un&hellip;<\/p>\n","protected":false,"gt_translate_keys":[{"key":"rendered","format":"html"}]},"author":1,"featured_media":22310,"comment_status":"open","ping_status":"open","sticky":false,"template":"","format":"standard","meta":{"_crdt_document":"","footnotes":""},"categories":[2],"tags":[38085,38084,38086],"class_list":["post-22311","post","type-post","status-publish","format-standard","has-post-thumbnail","hentry","category-politique","tag-audio-francis-kalombo","tag-francis-kalombo","tag-kalombo-chasse-de-lensemble"],"gutentor_comment":0,"yoast_head":"<!-- This site is optimized with the Yoast SEO plugin v27.5 - https:\/\/yoast.com\/product\/yoast-seo-wordpress\/ -->\n<title>RDC: Audios controvers\u00e9s, Francis Kalombo assume ses propos - Actualit\u00e9s congolaises et internationales<\/title>\n<meta name=\"robots\" content=\"index, follow, max-snippet:-1, max-image-preview:large, max-video-preview:-1\" \/>\n<link rel=\"canonical\" href=\"https:\/\/congovirtuel.com\/information\/rdc-audios-controverses-francis-kalombo-assume-ses-propos\/\" \/>\n<meta property=\"og:locale\" content=\"fr_FR\" \/>\n<meta property=\"og:type\" content=\"article\" \/>\n<meta property=\"og:title\" content=\"RDC: Audios controvers\u00e9s, Francis Kalombo assume ses propos - Actualit\u00e9s congolaises et internationales\" \/>\n<meta property=\"og:description\" content=\"Les propos entendus dans les audios de Francis Kalombo qui circulent sur la toile, ont \u00e9t\u00e9 tenus pendant que son parti Ensemble pour la R\u00e9publique \u00e9tait encore soci\u00e9taire de l\u2019Union sacr\u00e9e, a rappel\u00e9 le porte-parole de Mo\u00efse Katumbi lors d\u2019une \u00e9mission avec Louis France Kuzekisa. L\u2019opposant affirme avoir r\u00e9ellement soutenu le pr\u00e9sident Tshisekedi dans sa communication apr\u00e8s avoir eu l\u2019avis favorable de son leader politique. Le porte-parole de Katumbi assure qu\u2019il n\u2019est pas un tra\u00eetre ou encore un demandeur d\u2019emploi, car cet entretien t\u00e9l\u00e9phonique, dit-il, il l\u2019avait eu avec un&hellip;\" \/>\n<meta property=\"og:url\" content=\"https:\/\/congovirtuel.com\/information\/rdc-audios-controverses-francis-kalombo-assume-ses-propos\/\" \/>\n<meta property=\"og:site_name\" content=\"Actualit\u00e9s congolaises et internationales\" \/>\n<meta property=\"article:publisher\" content=\"https:\/\/web.facebook.com\/Congovirtuel-763617960319601\/?ref=aymt_homepage_panel&amp;amp%3bamp%3bamp%3bamp%3bamp%3bamp%3bamp%3bamp%3bamp%3bamp%3bamp%3beid=ARCoxULa66767kIgF_KYav6VdjXTI4yk_LW4yoVO9s6NXpysgb7Cb65vpxcxgqzOAKvIbLQxaAETcqHT\" \/>\n<meta property=\"article:published_time\" content=\"2023-04-25T04:30:30+00:00\" \/>\n<meta property=\"article:modified_time\" content=\"2023-04-25T05:05:33+00:00\" \/>\n<meta property=\"og:image\" content=\"https:\/\/congovirtuel.com\/information\/wp-content\/uploads\/2023\/04\/Francis_Kalombo.jpg\" \/>\n\t<meta property=\"og:image:width\" content=\"716\" \/>\n\t<meta property=\"og:image:height\" content=\"375\" \/>\n\t<meta property=\"og:image:type\" content=\"image\/jpeg\" \/>\n<meta name=\"author\" content=\"infocongovirtuel\" \/>\n<meta name=\"twitter:card\" content=\"summary_large_image\" \/>\n<meta name=\"twitter:creator\" content=\"@congovirtuel\" \/>\n<meta name=\"twitter:site\" content=\"@congovirtuel\" \/>\n<meta name=\"twitter:label1\" content=\"\u00c9crit par\" \/>\n\t<meta name=\"twitter:data1\" content=\"infocongovirtuel\" \/>\n\t<meta name=\"twitter:label2\" content=\"Dur\u00e9e de lecture estim\u00e9e\" \/>\n\t<meta name=\"twitter:data2\" content=\"2 minutes\" \/>\n<script type=\"application\/ld+json\" class=\"yoast-schema-graph\">{\"@context\":\"https:\\\/\\\/schema.org\",\"@graph\":[{\"@type\":\"Article\",\"@id\":\"https:\\\/\\\/congovirtuel.com\\\/information\\\/rdc-audios-controverses-francis-kalombo-assume-ses-propos\\\/#article\",\"isPartOf\":{\"@id\":\"https:\\\/\\\/congovirtuel.com\\\/information\\\/rdc-audios-controverses-francis-kalombo-assume-ses-propos\\\/\"},\"author\":{\"name\":\"infocongovirtuel\",\"@id\":\"https:\\\/\\\/congovirtuel.com\\\/information\\\/#\\\/schema\\\/person\\\/739a44bf7990966cb53d58d2fdeca0b6\"},\"headline\":\"RDC: Audios controvers\u00e9s, Francis Kalombo assume ses propos\",\"datePublished\":\"2023-04-25T04:30:30+00:00\",\"dateModified\":\"2023-04-25T05:05:33+00:00\",\"mainEntityOfPage\":{\"@id\":\"https:\\\/\\\/congovirtuel.com\\\/information\\\/rdc-audios-controverses-francis-kalombo-assume-ses-propos\\\/\"},\"wordCount\":407,\"commentCount\":0,\"publisher\":{\"@id\":\"https:\\\/\\\/congovirtuel.com\\\/information\\\/#organization\"},\"image\":{\"@id\":\"https:\\\/\\\/congovirtuel.com\\\/information\\\/rdc-audios-controverses-francis-kalombo-assume-ses-propos\\\/#primaryimage\"},\"thumbnailUrl\":\"https:\\\/\\\/congovirtuel.com\\\/information\\\/wp-content\\\/uploads\\\/2023\\\/04\\\/Francis_Kalombo.jpg\",\"keywords\":[\"audio Francis Kalombo\",\"Francis Kalombo\",\"Kalombo chass\u00e9 de l'Ensemble\"],\"articleSection\":[\"Politique\"],\"inLanguage\":\"fr-FR\",\"potentialAction\":[{\"@type\":\"CommentAction\",\"name\":\"Comment\",\"target\":[\"https:\\\/\\\/congovirtuel.com\\\/information\\\/rdc-audios-controverses-francis-kalombo-assume-ses-propos\\\/#respond\"]}]},{\"@type\":\"WebPage\",\"@id\":\"https:\\\/\\\/congovirtuel.com\\\/information\\\/rdc-audios-controverses-francis-kalombo-assume-ses-propos\\\/\",\"url\":\"https:\\\/\\\/congovirtuel.com\\\/information\\\/rdc-audios-controverses-francis-kalombo-assume-ses-propos\\\/\",\"name\":\"RDC: Audios controvers\u00e9s, Francis Kalombo assume ses propos - Actualit\u00e9s congolaises et internationales\",\"isPartOf\":{\"@id\":\"https:\\\/\\\/congovirtuel.com\\\/information\\\/#website\"},\"primaryImageOfPage\":{\"@id\":\"https:\\\/\\\/congovirtuel.com\\\/information\\\/rdc-audios-controverses-francis-kalombo-assume-ses-propos\\\/#primaryimage\"},\"image\":{\"@id\":\"https:\\\/\\\/congovirtuel.com\\\/information\\\/rdc-audios-controverses-francis-kalombo-assume-ses-propos\\\/#primaryimage\"},\"thumbnailUrl\":\"https:\\\/\\\/congovirtuel.com\\\/information\\\/wp-content\\\/uploads\\\/2023\\\/04\\\/Francis_Kalombo.jpg\",\"datePublished\":\"2023-04-25T04:30:30+00:00\",\"dateModified\":\"2023-04-25T05:05:33+00:00\",\"breadcrumb\":{\"@id\":\"https:\\\/\\\/congovirtuel.com\\\/information\\\/rdc-audios-controverses-francis-kalombo-assume-ses-propos\\\/#breadcrumb\"},\"inLanguage\":\"fr-FR\",\"potentialAction\":[{\"@type\":\"ReadAction\",\"target\":[\"https:\\\/\\\/congovirtuel.com\\\/information\\\/rdc-audios-controverses-francis-kalombo-assume-ses-propos\\\/\"]}]},{\"@type\":\"ImageObject\",\"inLanguage\":\"fr-FR\",\"@id\":\"https:\\\/\\\/congovirtuel.com\\\/information\\\/rdc-audios-controverses-francis-kalombo-assume-ses-propos\\\/#primaryimage\",\"url\":\"https:\\\/\\\/congovirtuel.com\\\/information\\\/wp-content\\\/uploads\\\/2023\\\/04\\\/Francis_Kalombo.jpg\",\"contentUrl\":\"https:\\\/\\\/congovirtuel.com\\\/information\\\/wp-content\\\/uploads\\\/2023\\\/04\\\/Francis_Kalombo.jpg\",\"width\":716,\"height\":375,\"caption\":\"Francis_Kalombo\"},{\"@type\":\"BreadcrumbList\",\"@id\":\"https:\\\/\\\/congovirtuel.com\\\/information\\\/rdc-audios-controverses-francis-kalombo-assume-ses-propos\\\/#breadcrumb\",\"itemListElement\":[{\"@type\":\"ListItem\",\"position\":1,\"name\":\"Accueil\",\"item\":\"https:\\\/\\\/congovirtuel.com\\\/information\\\/\"},{\"@type\":\"ListItem\",\"position\":2,\"name\":\"RDC: Audios controvers\u00e9s, Francis Kalombo assume ses propos\"}]},{\"@type\":\"WebSite\",\"@id\":\"https:\\\/\\\/congovirtuel.com\\\/information\\\/#website\",\"url\":\"https:\\\/\\\/congovirtuel.com\\\/information\\\/\",\"name\":\"Actualit\u00e9s congolaises et internationales\",\"description\":\"site d&#039;analyse et de traitement d&#039;information\",\"publisher\":{\"@id\":\"https:\\\/\\\/congovirtuel.com\\\/information\\\/#organization\"},\"potentialAction\":[{\"@type\":\"SearchAction\",\"target\":{\"@type\":\"EntryPoint\",\"urlTemplate\":\"https:\\\/\\\/congovirtuel.com\\\/information\\\/?s={search_term_string}\"},\"query-input\":{\"@type\":\"PropertyValueSpecification\",\"valueRequired\":true,\"valueName\":\"search_term_string\"}}],\"inLanguage\":\"fr-FR\"},{\"@type\":\"Organization\",\"@id\":\"https:\\\/\\\/congovirtuel.com\\\/information\\\/#organization\",\"name\":\"Biblioth\u00e8que Virtuelle de la RDC\",\"url\":\"https:\\\/\\\/congovirtuel.com\\\/information\\\/\",\"logo\":{\"@type\":\"ImageObject\",\"inLanguage\":\"fr-FR\",\"@id\":\"https:\\\/\\\/congovirtuel.com\\\/information\\\/#\\\/schema\\\/logo\\\/image\\\/\",\"url\":\"https:\\\/\\\/congovirtuel.com\\\/information\\\/wp-content\\\/uploads\\\/2018\\\/10\\\/header-info-congovirtuel-vraie.jpg\",\"contentUrl\":\"https:\\\/\\\/congovirtuel.com\\\/information\\\/wp-content\\\/uploads\\\/2018\\\/10\\\/header-info-congovirtuel-vraie.jpg\",\"width\":728,\"height\":90,\"caption\":\"Biblioth\u00e8que Virtuelle de la RDC\"},\"image\":{\"@id\":\"https:\\\/\\\/congovirtuel.com\\\/information\\\/#\\\/schema\\\/logo\\\/image\\\/\"},\"sameAs\":[\"https:\\\/\\\/web.facebook.com\\\/Congovirtuel-763617960319601\\\/?ref=aymt_homepage_panel&amp;amp;amp;amp;amp;amp;amp;amp;amp;amp;amp;eid=ARCoxULa66767kIgF_KYav6VdjXTI4yk_LW4yoVO9s6NXpysgb7Cb65vpxcxgqzOAKvIbLQxaAETcqHT\",\"https:\\\/\\\/x.com\\\/congovirtuel\",\"https:\\\/\\\/www.youtube.com\\\/channel\\\/UCkFfprYzGgS3EWNpeMXpToQ?view_as=subscriber\"]},{\"@type\":\"Person\",\"@id\":\"https:\\\/\\\/congovirtuel.com\\\/information\\\/#\\\/schema\\\/person\\\/739a44bf7990966cb53d58d2fdeca0b6\",\"name\":\"infocongovirtuel\",\"image\":{\"@type\":\"ImageObject\",\"inLanguage\":\"fr-FR\",\"@id\":\"https:\\\/\\\/secure.gravatar.com\\\/avatar\\\/4d76991aa72469f0eb22e772586c99113c6997f88da636a9db8f2ce3a2c05e69?s=96&d=mm&r=g\",\"url\":\"https:\\\/\\\/secure.gravatar.com\\\/avatar\\\/4d76991aa72469f0eb22e772586c99113c6997f88da636a9db8f2ce3a2c05e69?s=96&d=mm&r=g\",\"contentUrl\":\"https:\\\/\\\/secure.gravatar.com\\\/avatar\\\/4d76991aa72469f0eb22e772586c99113c6997f88da636a9db8f2ce3a2c05e69?s=96&d=mm&r=g\",\"caption\":\"infocongovirtuel\"},\"url\":\"https:\\\/\\\/congovirtuel.com\\\/information\\\/author\\\/infocongovirtuel\\\/\"}]}<\/script>\n<!-- \/ Yoast SEO plugin. -->","yoast_head_json":{"title":"RDC: Audios controvers\u00e9s, Francis Kalombo assume ses propos - Actualit\u00e9s congolaises et internationales","robots":{"index":"index","follow":"follow","max-snippet":"max-snippet:-1","max-image-preview":"max-image-preview:large","max-video-preview":"max-video-preview:-1"},"canonical":"https:\/\/congovirtuel.com\/information\/rdc-audios-controverses-francis-kalombo-assume-ses-propos\/","og_locale":"fr_FR","og_type":"article","og_title":"RDC: Audios controvers\u00e9s, Francis Kalombo assume ses propos - Actualit\u00e9s congolaises et internationales","og_description":"Les propos entendus dans les audios de Francis Kalombo qui circulent sur la toile, ont \u00e9t\u00e9 tenus pendant que son parti Ensemble pour la R\u00e9publique \u00e9tait encore soci\u00e9taire de l\u2019Union sacr\u00e9e, a rappel\u00e9 le porte-parole de Mo\u00efse Katumbi lors d\u2019une \u00e9mission avec Louis France Kuzekisa. L\u2019opposant affirme avoir r\u00e9ellement soutenu le pr\u00e9sident Tshisekedi dans sa communication apr\u00e8s avoir eu l\u2019avis favorable de son leader politique. Le porte-parole de Katumbi assure qu\u2019il n\u2019est pas un tra\u00eetre ou encore un demandeur d\u2019emploi, car cet entretien t\u00e9l\u00e9phonique, dit-il, il l\u2019avait eu avec un&hellip;","og_url":"https:\/\/congovirtuel.com\/information\/rdc-audios-controverses-francis-kalombo-assume-ses-propos\/","og_site_name":"Actualit\u00e9s congolaises et internationales","article_publisher":"https:\/\/web.facebook.com\/Congovirtuel-763617960319601\/?ref=aymt_homepage_panel&amp%3bamp%3bamp%3bamp%3bamp%3bamp%3bamp%3bamp%3bamp%3bamp%3bamp%3beid=ARCoxULa66767kIgF_KYav6VdjXTI4yk_LW4yoVO9s6NXpysgb7Cb65vpxcxgqzOAKvIbLQxaAETcqHT","article_published_time":"2023-04-25T04:30:30+00:00","article_modified_time":"2023-04-25T05:05:33+00:00","og_image":[{"width":716,"height":375,"url":"https:\/\/congovirtuel.com\/information\/wp-content\/uploads\/2023\/04\/Francis_Kalombo.jpg","type":"image\/jpeg"}],"author":"infocongovirtuel","twitter_card":"summary_large_image","twitter_creator":"@congovirtuel","twitter_site":"@congovirtuel","twitter_misc":{"\u00c9crit par":"infocongovirtuel","Dur\u00e9e de lecture estim\u00e9e":"2 minutes"},"schema":{"@context":"https:\/\/schema.org","@graph":[{"@type":"Article","@id":"https:\/\/congovirtuel.com\/information\/rdc-audios-controverses-francis-kalombo-assume-ses-propos\/#article","isPartOf":{"@id":"https:\/\/congovirtuel.com\/information\/rdc-audios-controverses-francis-kalombo-assume-ses-propos\/"},"author":{"name":"infocongovirtuel","@id":"https:\/\/congovirtuel.com\/information\/#\/schema\/person\/739a44bf7990966cb53d58d2fdeca0b6"},"headline":"RDC: Audios controvers\u00e9s, Francis Kalombo assume ses propos","datePublished":"2023-04-25T04:30:30+00:00","dateModified":"2023-04-25T05:05:33+00:00","mainEntityOfPage":{"@id":"https:\/\/congovirtuel.com\/information\/rdc-audios-controverses-francis-kalombo-assume-ses-propos\/"},"wordCount":407,"commentCount":0,"publisher":{"@id":"https:\/\/congovirtuel.com\/information\/#organization"},"image":{"@id":"https:\/\/congovirtuel.com\/information\/rdc-audios-controverses-francis-kalombo-assume-ses-propos\/#primaryimage"},"thumbnailUrl":"https:\/\/congovirtuel.com\/information\/wp-content\/uploads\/2023\/04\/Francis_Kalombo.jpg","keywords":["audio Francis Kalombo","Francis Kalombo","Kalombo chass\u00e9 de l'Ensemble"],"articleSection":["Politique"],"inLanguage":"fr-FR","potentialAction":[{"@type":"CommentAction","name":"Comment","target":["https:\/\/congovirtuel.com\/information\/rdc-audios-controverses-francis-kalombo-assume-ses-propos\/#respond"]}]},{"@type":"WebPage","@id":"https:\/\/congovirtuel.com\/information\/rdc-audios-controverses-francis-kalombo-assume-ses-propos\/","url":"https:\/\/congovirtuel.com\/information\/rdc-audios-controverses-francis-kalombo-assume-ses-propos\/","name":"RDC: Audios controvers\u00e9s, Francis Kalombo assume ses propos - Actualit\u00e9s congolaises et internationales","isPartOf":{"@id":"https:\/\/congovirtuel.com\/information\/#website"},"primaryImageOfPage":{"@id":"https:\/\/congovirtuel.com\/information\/rdc-audios-controverses-francis-kalombo-assume-ses-propos\/#primaryimage"},"image":{"@id":"https:\/\/congovirtuel.com\/information\/rdc-audios-controverses-francis-kalombo-assume-ses-propos\/#primaryimage"},"thumbnailUrl":"https:\/\/congovirtuel.com\/information\/wp-content\/uploads\/2023\/04\/Francis_Kalombo.jpg","datePublished":"2023-04-25T04:30:30+00:00","dateModified":"2023-04-25T05:05:33+00:00","breadcrumb":{"@id":"https:\/\/congovirtuel.com\/information\/rdc-audios-controverses-francis-kalombo-assume-ses-propos\/#breadcrumb"},"inLanguage":"fr-FR","potentialAction":[{"@type":"ReadAction","target":["https:\/\/congovirtuel.com\/information\/rdc-audios-controverses-francis-kalombo-assume-ses-propos\/"]}]},{"@type":"ImageObject","inLanguage":"fr-FR","@id":"https:\/\/congovirtuel.com\/information\/rdc-audios-controverses-francis-kalombo-assume-ses-propos\/#primaryimage","url":"https:\/\/congovirtuel.com\/information\/wp-content\/uploads\/2023\/04\/Francis_Kalombo.jpg","contentUrl":"https:\/\/congovirtuel.com\/information\/wp-content\/uploads\/2023\/04\/Francis_Kalombo.jpg","width":716,"height":375,"caption":"Francis_Kalombo"},{"@type":"BreadcrumbList","@id":"https:\/\/congovirtuel.com\/information\/rdc-audios-controverses-francis-kalombo-assume-ses-propos\/#breadcrumb","itemListElement":[{"@type":"ListItem","position":1,"name":"Accueil","item":"https:\/\/congovirtuel.com\/information\/"},{"@type":"ListItem","position":2,"name":"RDC: Audios controvers\u00e9s, Francis Kalombo assume ses propos"}]},{"@type":"WebSite","@id":"https:\/\/congovirtuel.com\/information\/#website","url":"https:\/\/congovirtuel.com\/information\/","name":"Actualit\u00e9s congolaises et internationales","description":"site d&#039;analyse et de traitement d&#039;information","publisher":{"@id":"https:\/\/congovirtuel.com\/information\/#organization"},"potentialAction":[{"@type":"SearchAction","target":{"@type":"EntryPoint","urlTemplate":"https:\/\/congovirtuel.com\/information\/?s={search_term_string}"},"query-input":{"@type":"PropertyValueSpecification","valueRequired":true,"valueName":"search_term_string"}}],"inLanguage":"fr-FR"},{"@type":"Organization","@id":"https:\/\/congovirtuel.com\/information\/#organization","name":"Biblioth\u00e8que Virtuelle de la RDC","url":"https:\/\/congovirtuel.com\/information\/","logo":{"@type":"ImageObject","inLanguage":"fr-FR","@id":"https:\/\/congovirtuel.com\/information\/#\/schema\/logo\/image\/","url":"https:\/\/congovirtuel.com\/information\/wp-content\/uploads\/2018\/10\/header-info-congovirtuel-vraie.jpg","contentUrl":"https:\/\/congovirtuel.com\/information\/wp-content\/uploads\/2018\/10\/header-info-congovirtuel-vraie.jpg","width":728,"height":90,"caption":"Biblioth\u00e8que Virtuelle de la RDC"},"image":{"@id":"https:\/\/congovirtuel.com\/information\/#\/schema\/logo\/image\/"},"sameAs":["https:\/\/web.facebook.com\/Congovirtuel-763617960319601\/?ref=aymt_homepage_panel&amp;amp;amp;amp;amp;amp;amp;amp;amp;amp;amp;eid=ARCoxULa66767kIgF_KYav6VdjXTI4yk_LW4yoVO9s6NXpysgb7Cb65vpxcxgqzOAKvIbLQxaAETcqHT","https:\/\/x.com\/congovirtuel","https:\/\/www.youtube.com\/channel\/UCkFfprYzGgS3EWNpeMXpToQ?view_as=subscriber"]},{"@type":"Person","@id":"https:\/\/congovirtuel.com\/information\/#\/schema\/person\/739a44bf7990966cb53d58d2fdeca0b6","name":"infocongovirtuel","image":{"@type":"ImageObject","inLanguage":"fr-FR","@id":"https:\/\/secure.gravatar.com\/avatar\/4d76991aa72469f0eb22e772586c99113c6997f88da636a9db8f2ce3a2c05e69?s=96&d=mm&r=g","url":"https:\/\/secure.gravatar.com\/avatar\/4d76991aa72469f0eb22e772586c99113c6997f88da636a9db8f2ce3a2c05e69?s=96&d=mm&r=g","contentUrl":"https:\/\/secure.gravatar.com\/avatar\/4d76991aa72469f0eb22e772586c99113c6997f88da636a9db8f2ce3a2c05e69?s=96&d=mm&r=g","caption":"infocongovirtuel"},"url":"https:\/\/congovirtuel.com\/information\/author\/infocongovirtuel\/"}]}},"gt_translate_keys":[{"key":"link","format":"url"}],"_links":{"self":[{"href":"https:\/\/congovirtuel.com\/information\/wp-json\/wp\/v2\/posts\/22311","targetHints":{"allow":["GET"]}}],"collection":[{"href":"https:\/\/congovirtuel.com\/information\/wp-json\/wp\/v2\/posts"}],"about":[{"href":"https:\/\/congovirtuel.com\/information\/wp-json\/wp\/v2\/types\/post"}],"author":[{"embeddable":true,"href":"https:\/\/congovirtuel.com\/information\/wp-json\/wp\/v2\/users\/1"}],"replies":[{"embeddable":true,"href":"https:\/\/congovirtuel.com\/information\/wp-json\/wp\/v2\/comments?post=22311"}],"version-history":[{"count":2,"href":"https:\/\/congovirtuel.com\/information\/wp-json\/wp\/v2\/posts\/22311\/revisions"}],"predecessor-version":[{"id":22316,"href":"https:\/\/congovirtuel.com\/information\/wp-json\/wp\/v2\/posts\/22311\/revisions\/22316"}],"wp:featuredmedia":[{"embeddable":true,"href":"https:\/\/congovirtuel.com\/information\/wp-json\/wp\/v2\/media\/22310"}],"wp:attachment":[{"href":"https:\/\/congovirtuel.com\/information\/wp-json\/wp\/v2\/media?parent=22311"}],"wp:term":[{"taxonomy":"category","embeddable":true,"href":"https:\/\/congovirtuel.com\/information\/wp-json\/wp\/v2\/categories?post=22311"},{"taxonomy":"post_tag","embeddable":true,"href":"https:\/\/congovirtuel.com\/information\/wp-json\/wp\/v2\/tags?post=22311"}],"curies":[{"name":"wp","href":"https:\/\/api.w.org\/{rel}","templated":true}]}}