{"id":22442,"date":"2023-05-18T07:52:43","date_gmt":"2023-05-18T06:52:43","guid":{"rendered":"https:\/\/congovirtuel.com\/information\/?p=22442"},"modified":"2023-05-18T07:55:41","modified_gmt":"2023-05-18T06:55:41","slug":"jean-herve-mbelu-biosha-le-patron-de-lanr-sera-evacue-probablement-en-allemagne-son-adjoint-joseph-asumani-deja-au-commande","status":"publish","type":"post","link":"https:\/\/congovirtuel.com\/information\/jean-herve-mbelu-biosha-le-patron-de-lanr-sera-evacue-probablement-en-allemagne-son-adjoint-joseph-asumani-deja-au-commande\/","title":{"rendered":"Jean-Herv\u00e9 Mbelu Biosha, le patron de L&rsquo;ANR sera \u00e9vacu\u00e9 probablement en Allemagne : son adjoint Joseph Asumani d\u00e9j\u00e0 au commande","gt_translate_keys":[{"key":"rendered","format":"text"}]},"content":{"rendered":"<p>Cette \u00e9vacuation pourrait intervenir alors que Jean Herv\u00e9 Mbelu Biosha faisait face \u00e0 de nombreuses critiques depuis plusieurs mois, sur le plan r\u00e9gional et international. De plus, le pr\u00e9sident F\u00e9lix Tshisekedi avait \u00e9voqu\u00e9 un possible remaniement de l&rsquo;appareil s\u00e9curitaire congolais, ce qui aurait pu entra\u00eener le d\u00e9part forc\u00e9 de Mbelu.<\/p>\n<p><a href=\"https:\/\/www.africaintelligence.fr\/afrique-centrale\/2023\/05\/17\/negociations-a-huis-clos-autour-de-l-evacuation-sanitaire-du-patron-des-renseignements,109975425-bre\">Selon Africa Intelligence<\/a>, des discussions sont en cours pour l&rsquo;\u00e9vacuation sanitaire \u00e0 l&rsquo;\u00e9tranger de Jean-Herv\u00e9 Mbelu Biosha, le patron de l&rsquo;Agence nationale de renseignement (ANR). Des soucis de sant\u00e9 l&rsquo;ont contraint ces derniers jours \u00e0 confier l&rsquo;int\u00e9rim \u00e0 son adjoint, Joseph Asumani, qui chapeaute le d\u00e9partement de s\u00e9curit\u00e9 ext\u00e9rieure.<\/p>\n<p>Joseph Asumani qui assure l&rsquo;int\u00e9rim \u00e0 la t\u00eate de l&rsquo;ANR a \u00e9t\u00e9 vu r\u00e9cemment \u00e0 Paris, o\u00f9 il a rencontr\u00e9 ses homologues de la Direction g\u00e9n\u00e9rale de la s\u00e9curit\u00e9 ext\u00e9rieure (DGSE).<\/p>\n<p><strong>Coco Kabwika avec AI<\/strong><\/p>\n","protected":false,"gt_translate_keys":[{"key":"rendered","format":"html"}]},"excerpt":{"rendered":"<p>Cette \u00e9vacuation pourrait intervenir alors que Jean Herv\u00e9 Mbelu Biosha faisait face \u00e0 de nombreuses critiques depuis plusieurs mois, sur le plan r\u00e9gional et international. De plus, le pr\u00e9sident F\u00e9lix Tshisekedi avait \u00e9voqu\u00e9 un possible remaniement de l&rsquo;appareil s\u00e9curitaire congolais, ce qui aurait pu entra\u00eener le d\u00e9part forc\u00e9 de Mbelu. Selon Africa Intelligence, des discussions sont en cours pour l&rsquo;\u00e9vacuation sanitaire \u00e0 l&rsquo;\u00e9tranger de Jean-Herv\u00e9 Mbelu Biosha, le patron de l&rsquo;Agence nationale de renseignement (ANR). Des soucis de sant\u00e9 l&rsquo;ont contraint ces derniers jours \u00e0 confier l&rsquo;int\u00e9rim \u00e0 son adjoint,&hellip;<\/p>\n","protected":false,"gt_translate_keys":[{"key":"rendered","format":"html"}]},"author":1,"featured_media":13495,"comment_status":"open","ping_status":"open","sticky":false,"template":"","format":"standard","meta":{"_crdt_document":"","footnotes":""},"categories":[1],"tags":[29879,38147,38146],"class_list":["post-22442","post","type-post","status-publish","format-standard","has-post-thumbnail","hentry","category-non-classe","tag-jean-herve-mbelu-biosha","tag-joseph-asumani","tag-remplacement-patron-anr"],"gutentor_comment":0,"yoast_head":"<!-- This site is optimized with the Yoast SEO plugin v27.5 - https:\/\/yoast.com\/product\/yoast-seo-wordpress\/ -->\n<title>Jean-Herv\u00e9 Mbelu Biosha, le patron de L&#039;ANR sera \u00e9vacu\u00e9 probablement en Allemagne : son adjoint Joseph Asumani d\u00e9j\u00e0 au commande - Actualit\u00e9s congolaises et internationales<\/title>\n<meta name=\"robots\" content=\"index, follow, max-snippet:-1, max-image-preview:large, max-video-preview:-1\" \/>\n<link rel=\"canonical\" href=\"https:\/\/congovirtuel.com\/information\/jean-herve-mbelu-biosha-le-patron-de-lanr-sera-evacue-probablement-en-allemagne-son-adjoint-joseph-asumani-deja-au-commande\/\" \/>\n<meta property=\"og:locale\" content=\"fr_FR\" \/>\n<meta property=\"og:type\" content=\"article\" \/>\n<meta property=\"og:title\" content=\"Jean-Herv\u00e9 Mbelu Biosha, le patron de L&#039;ANR sera \u00e9vacu\u00e9 probablement en Allemagne : son adjoint Joseph Asumani d\u00e9j\u00e0 au commande - Actualit\u00e9s congolaises et internationales\" \/>\n<meta property=\"og:description\" content=\"Cette \u00e9vacuation pourrait intervenir alors que Jean Herv\u00e9 Mbelu Biosha faisait face \u00e0 de nombreuses critiques depuis plusieurs mois, sur le plan r\u00e9gional et international. De plus, le pr\u00e9sident F\u00e9lix Tshisekedi avait \u00e9voqu\u00e9 un possible remaniement de l&rsquo;appareil s\u00e9curitaire congolais, ce qui aurait pu entra\u00eener le d\u00e9part forc\u00e9 de Mbelu. Selon Africa Intelligence, des discussions sont en cours pour l&rsquo;\u00e9vacuation sanitaire \u00e0 l&rsquo;\u00e9tranger de Jean-Herv\u00e9 Mbelu Biosha, le patron de l&rsquo;Agence nationale de renseignement (ANR). Des soucis de sant\u00e9 l&rsquo;ont contraint ces derniers jours \u00e0 confier l&rsquo;int\u00e9rim \u00e0 son adjoint,&hellip;\" \/>\n<meta property=\"og:url\" content=\"https:\/\/congovirtuel.com\/information\/jean-herve-mbelu-biosha-le-patron-de-lanr-sera-evacue-probablement-en-allemagne-son-adjoint-joseph-asumani-deja-au-commande\/\" \/>\n<meta property=\"og:site_name\" content=\"Actualit\u00e9s congolaises et internationales\" \/>\n<meta property=\"article:publisher\" content=\"https:\/\/web.facebook.com\/Congovirtuel-763617960319601\/?ref=aymt_homepage_panel&amp;amp%3bamp%3bamp%3bamp%3bamp%3bamp%3bamp%3bamp%3bamp%3bamp%3bamp%3beid=ARCoxULa66767kIgF_KYav6VdjXTI4yk_LW4yoVO9s6NXpysgb7Cb65vpxcxgqzOAKvIbLQxaAETcqHT\" \/>\n<meta property=\"article:published_time\" content=\"2023-05-18T06:52:43+00:00\" \/>\n<meta property=\"article:modified_time\" content=\"2023-05-18T06:55:41+00:00\" \/>\n<meta property=\"og:image\" content=\"https:\/\/congovirtuel.com\/information\/wp-content\/uploads\/2021\/09\/Kinshasa.jpg\" \/>\n\t<meta property=\"og:image:width\" content=\"625\" \/>\n\t<meta property=\"og:image:height\" content=\"425\" \/>\n\t<meta property=\"og:image:type\" content=\"image\/jpeg\" \/>\n<meta name=\"author\" content=\"infocongovirtuel\" \/>\n<meta name=\"twitter:card\" content=\"summary_large_image\" \/>\n<meta name=\"twitter:creator\" content=\"@congovirtuel\" \/>\n<meta name=\"twitter:site\" content=\"@congovirtuel\" \/>\n<meta name=\"twitter:label1\" content=\"\u00c9crit par\" \/>\n\t<meta name=\"twitter:data1\" content=\"infocongovirtuel\" \/>\n\t<meta name=\"twitter:label2\" content=\"Dur\u00e9e de lecture estim\u00e9e\" \/>\n\t<meta name=\"twitter:data2\" content=\"1 minute\" \/>\n<script type=\"application\/ld+json\" class=\"yoast-schema-graph\">{\"@context\":\"https:\\\/\\\/schema.org\",\"@graph\":[{\"@type\":\"Article\",\"@id\":\"https:\\\/\\\/congovirtuel.com\\\/information\\\/jean-herve-mbelu-biosha-le-patron-de-lanr-sera-evacue-probablement-en-allemagne-son-adjoint-joseph-asumani-deja-au-commande\\\/#article\",\"isPartOf\":{\"@id\":\"https:\\\/\\\/congovirtuel.com\\\/information\\\/jean-herve-mbelu-biosha-le-patron-de-lanr-sera-evacue-probablement-en-allemagne-son-adjoint-joseph-asumani-deja-au-commande\\\/\"},\"author\":{\"name\":\"infocongovirtuel\",\"@id\":\"https:\\\/\\\/congovirtuel.com\\\/information\\\/#\\\/schema\\\/person\\\/739a44bf7990966cb53d58d2fdeca0b6\"},\"headline\":\"Jean-Herv\u00e9 Mbelu Biosha, le patron de L&rsquo;ANR sera \u00e9vacu\u00e9 probablement en Allemagne : son adjoint Joseph Asumani d\u00e9j\u00e0 au commande\",\"datePublished\":\"2023-05-18T06:52:43+00:00\",\"dateModified\":\"2023-05-18T06:55:41+00:00\",\"mainEntityOfPage\":{\"@id\":\"https:\\\/\\\/congovirtuel.com\\\/information\\\/jean-herve-mbelu-biosha-le-patron-de-lanr-sera-evacue-probablement-en-allemagne-son-adjoint-joseph-asumani-deja-au-commande\\\/\"},\"wordCount\":174,\"commentCount\":0,\"publisher\":{\"@id\":\"https:\\\/\\\/congovirtuel.com\\\/information\\\/#organization\"},\"image\":{\"@id\":\"https:\\\/\\\/congovirtuel.com\\\/information\\\/jean-herve-mbelu-biosha-le-patron-de-lanr-sera-evacue-probablement-en-allemagne-son-adjoint-joseph-asumani-deja-au-commande\\\/#primaryimage\"},\"thumbnailUrl\":\"https:\\\/\\\/congovirtuel.com\\\/information\\\/wp-content\\\/uploads\\\/2021\\\/09\\\/Kinshasa.jpg\",\"keywords\":[\"Jean Herv\u00e9 Mbelu Biosha\",\"Joseph Asumani\",\"remplacement Patron ANR\"],\"inLanguage\":\"fr-FR\",\"potentialAction\":[{\"@type\":\"CommentAction\",\"name\":\"Comment\",\"target\":[\"https:\\\/\\\/congovirtuel.com\\\/information\\\/jean-herve-mbelu-biosha-le-patron-de-lanr-sera-evacue-probablement-en-allemagne-son-adjoint-joseph-asumani-deja-au-commande\\\/#respond\"]}]},{\"@type\":\"WebPage\",\"@id\":\"https:\\\/\\\/congovirtuel.com\\\/information\\\/jean-herve-mbelu-biosha-le-patron-de-lanr-sera-evacue-probablement-en-allemagne-son-adjoint-joseph-asumani-deja-au-commande\\\/\",\"url\":\"https:\\\/\\\/congovirtuel.com\\\/information\\\/jean-herve-mbelu-biosha-le-patron-de-lanr-sera-evacue-probablement-en-allemagne-son-adjoint-joseph-asumani-deja-au-commande\\\/\",\"name\":\"Jean-Herv\u00e9 Mbelu Biosha, le patron de L'ANR sera \u00e9vacu\u00e9 probablement en Allemagne : son adjoint Joseph Asumani d\u00e9j\u00e0 au commande - Actualit\u00e9s congolaises et internationales\",\"isPartOf\":{\"@id\":\"https:\\\/\\\/congovirtuel.com\\\/information\\\/#website\"},\"primaryImageOfPage\":{\"@id\":\"https:\\\/\\\/congovirtuel.com\\\/information\\\/jean-herve-mbelu-biosha-le-patron-de-lanr-sera-evacue-probablement-en-allemagne-son-adjoint-joseph-asumani-deja-au-commande\\\/#primaryimage\"},\"image\":{\"@id\":\"https:\\\/\\\/congovirtuel.com\\\/information\\\/jean-herve-mbelu-biosha-le-patron-de-lanr-sera-evacue-probablement-en-allemagne-son-adjoint-joseph-asumani-deja-au-commande\\\/#primaryimage\"},\"thumbnailUrl\":\"https:\\\/\\\/congovirtuel.com\\\/information\\\/wp-content\\\/uploads\\\/2021\\\/09\\\/Kinshasa.jpg\",\"datePublished\":\"2023-05-18T06:52:43+00:00\",\"dateModified\":\"2023-05-18T06:55:41+00:00\",\"breadcrumb\":{\"@id\":\"https:\\\/\\\/congovirtuel.com\\\/information\\\/jean-herve-mbelu-biosha-le-patron-de-lanr-sera-evacue-probablement-en-allemagne-son-adjoint-joseph-asumani-deja-au-commande\\\/#breadcrumb\"},\"inLanguage\":\"fr-FR\",\"potentialAction\":[{\"@type\":\"ReadAction\",\"target\":[\"https:\\\/\\\/congovirtuel.com\\\/information\\\/jean-herve-mbelu-biosha-le-patron-de-lanr-sera-evacue-probablement-en-allemagne-son-adjoint-joseph-asumani-deja-au-commande\\\/\"]}]},{\"@type\":\"ImageObject\",\"inLanguage\":\"fr-FR\",\"@id\":\"https:\\\/\\\/congovirtuel.com\\\/information\\\/jean-herve-mbelu-biosha-le-patron-de-lanr-sera-evacue-probablement-en-allemagne-son-adjoint-joseph-asumani-deja-au-commande\\\/#primaryimage\",\"url\":\"https:\\\/\\\/congovirtuel.com\\\/information\\\/wp-content\\\/uploads\\\/2021\\\/09\\\/Kinshasa.jpg\",\"contentUrl\":\"https:\\\/\\\/congovirtuel.com\\\/information\\\/wp-content\\\/uploads\\\/2021\\\/09\\\/Kinshasa.jpg\",\"width\":625,\"height\":425},{\"@type\":\"BreadcrumbList\",\"@id\":\"https:\\\/\\\/congovirtuel.com\\\/information\\\/jean-herve-mbelu-biosha-le-patron-de-lanr-sera-evacue-probablement-en-allemagne-son-adjoint-joseph-asumani-deja-au-commande\\\/#breadcrumb\",\"itemListElement\":[{\"@type\":\"ListItem\",\"position\":1,\"name\":\"Accueil\",\"item\":\"https:\\\/\\\/congovirtuel.com\\\/information\\\/\"},{\"@type\":\"ListItem\",\"position\":2,\"name\":\"Jean-Herv\u00e9 Mbelu Biosha, le patron de L&rsquo;ANR sera \u00e9vacu\u00e9 probablement en Allemagne : son adjoint Joseph Asumani d\u00e9j\u00e0 au commande\"}]},{\"@type\":\"WebSite\",\"@id\":\"https:\\\/\\\/congovirtuel.com\\\/information\\\/#website\",\"url\":\"https:\\\/\\\/congovirtuel.com\\\/information\\\/\",\"name\":\"Actualit\u00e9s congolaises et internationales\",\"description\":\"site d&#039;analyse et de traitement d&#039;information\",\"publisher\":{\"@id\":\"https:\\\/\\\/congovirtuel.com\\\/information\\\/#organization\"},\"potentialAction\":[{\"@type\":\"SearchAction\",\"target\":{\"@type\":\"EntryPoint\",\"urlTemplate\":\"https:\\\/\\\/congovirtuel.com\\\/information\\\/?s={search_term_string}\"},\"query-input\":{\"@type\":\"PropertyValueSpecification\",\"valueRequired\":true,\"valueName\":\"search_term_string\"}}],\"inLanguage\":\"fr-FR\"},{\"@type\":\"Organization\",\"@id\":\"https:\\\/\\\/congovirtuel.com\\\/information\\\/#organization\",\"name\":\"Biblioth\u00e8que Virtuelle de la RDC\",\"url\":\"https:\\\/\\\/congovirtuel.com\\\/information\\\/\",\"logo\":{\"@type\":\"ImageObject\",\"inLanguage\":\"fr-FR\",\"@id\":\"https:\\\/\\\/congovirtuel.com\\\/information\\\/#\\\/schema\\\/logo\\\/image\\\/\",\"url\":\"https:\\\/\\\/congovirtuel.com\\\/information\\\/wp-content\\\/uploads\\\/2018\\\/10\\\/header-info-congovirtuel-vraie.jpg\",\"contentUrl\":\"https:\\\/\\\/congovirtuel.com\\\/information\\\/wp-content\\\/uploads\\\/2018\\\/10\\\/header-info-congovirtuel-vraie.jpg\",\"width\":728,\"height\":90,\"caption\":\"Biblioth\u00e8que Virtuelle de la RDC\"},\"image\":{\"@id\":\"https:\\\/\\\/congovirtuel.com\\\/information\\\/#\\\/schema\\\/logo\\\/image\\\/\"},\"sameAs\":[\"https:\\\/\\\/web.facebook.com\\\/Congovirtuel-763617960319601\\\/?ref=aymt_homepage_panel&amp;amp;amp;amp;amp;amp;amp;amp;amp;amp;amp;eid=ARCoxULa66767kIgF_KYav6VdjXTI4yk_LW4yoVO9s6NXpysgb7Cb65vpxcxgqzOAKvIbLQxaAETcqHT\",\"https:\\\/\\\/x.com\\\/congovirtuel\",\"https:\\\/\\\/www.youtube.com\\\/channel\\\/UCkFfprYzGgS3EWNpeMXpToQ?view_as=subscriber\"]},{\"@type\":\"Person\",\"@id\":\"https:\\\/\\\/congovirtuel.com\\\/information\\\/#\\\/schema\\\/person\\\/739a44bf7990966cb53d58d2fdeca0b6\",\"name\":\"infocongovirtuel\",\"image\":{\"@type\":\"ImageObject\",\"inLanguage\":\"fr-FR\",\"@id\":\"https:\\\/\\\/secure.gravatar.com\\\/avatar\\\/4d76991aa72469f0eb22e772586c99113c6997f88da636a9db8f2ce3a2c05e69?s=96&d=mm&r=g\",\"url\":\"https:\\\/\\\/secure.gravatar.com\\\/avatar\\\/4d76991aa72469f0eb22e772586c99113c6997f88da636a9db8f2ce3a2c05e69?s=96&d=mm&r=g\",\"contentUrl\":\"https:\\\/\\\/secure.gravatar.com\\\/avatar\\\/4d76991aa72469f0eb22e772586c99113c6997f88da636a9db8f2ce3a2c05e69?s=96&d=mm&r=g\",\"caption\":\"infocongovirtuel\"},\"url\":\"https:\\\/\\\/congovirtuel.com\\\/information\\\/author\\\/infocongovirtuel\\\/\"}]}<\/script>\n<!-- \/ Yoast SEO plugin. -->","yoast_head_json":{"title":"Jean-Herv\u00e9 Mbelu Biosha, le patron de L'ANR sera \u00e9vacu\u00e9 probablement en Allemagne : son adjoint Joseph Asumani d\u00e9j\u00e0 au commande - Actualit\u00e9s congolaises et internationales","robots":{"index":"index","follow":"follow","max-snippet":"max-snippet:-1","max-image-preview":"max-image-preview:large","max-video-preview":"max-video-preview:-1"},"canonical":"https:\/\/congovirtuel.com\/information\/jean-herve-mbelu-biosha-le-patron-de-lanr-sera-evacue-probablement-en-allemagne-son-adjoint-joseph-asumani-deja-au-commande\/","og_locale":"fr_FR","og_type":"article","og_title":"Jean-Herv\u00e9 Mbelu Biosha, le patron de L'ANR sera \u00e9vacu\u00e9 probablement en Allemagne : son adjoint Joseph Asumani d\u00e9j\u00e0 au commande - Actualit\u00e9s congolaises et internationales","og_description":"Cette \u00e9vacuation pourrait intervenir alors que Jean Herv\u00e9 Mbelu Biosha faisait face \u00e0 de nombreuses critiques depuis plusieurs mois, sur le plan r\u00e9gional et international. De plus, le pr\u00e9sident F\u00e9lix Tshisekedi avait \u00e9voqu\u00e9 un possible remaniement de l&rsquo;appareil s\u00e9curitaire congolais, ce qui aurait pu entra\u00eener le d\u00e9part forc\u00e9 de Mbelu. Selon Africa Intelligence, des discussions sont en cours pour l&rsquo;\u00e9vacuation sanitaire \u00e0 l&rsquo;\u00e9tranger de Jean-Herv\u00e9 Mbelu Biosha, le patron de l&rsquo;Agence nationale de renseignement (ANR). Des soucis de sant\u00e9 l&rsquo;ont contraint ces derniers jours \u00e0 confier l&rsquo;int\u00e9rim \u00e0 son adjoint,&hellip;","og_url":"https:\/\/congovirtuel.com\/information\/jean-herve-mbelu-biosha-le-patron-de-lanr-sera-evacue-probablement-en-allemagne-son-adjoint-joseph-asumani-deja-au-commande\/","og_site_name":"Actualit\u00e9s congolaises et internationales","article_publisher":"https:\/\/web.facebook.com\/Congovirtuel-763617960319601\/?ref=aymt_homepage_panel&amp%3bamp%3bamp%3bamp%3bamp%3bamp%3bamp%3bamp%3bamp%3bamp%3bamp%3beid=ARCoxULa66767kIgF_KYav6VdjXTI4yk_LW4yoVO9s6NXpysgb7Cb65vpxcxgqzOAKvIbLQxaAETcqHT","article_published_time":"2023-05-18T06:52:43+00:00","article_modified_time":"2023-05-18T06:55:41+00:00","og_image":[{"width":625,"height":425,"url":"https:\/\/congovirtuel.com\/information\/wp-content\/uploads\/2021\/09\/Kinshasa.jpg","type":"image\/jpeg"}],"author":"infocongovirtuel","twitter_card":"summary_large_image","twitter_creator":"@congovirtuel","twitter_site":"@congovirtuel","twitter_misc":{"\u00c9crit par":"infocongovirtuel","Dur\u00e9e de lecture estim\u00e9e":"1 minute"},"schema":{"@context":"https:\/\/schema.org","@graph":[{"@type":"Article","@id":"https:\/\/congovirtuel.com\/information\/jean-herve-mbelu-biosha-le-patron-de-lanr-sera-evacue-probablement-en-allemagne-son-adjoint-joseph-asumani-deja-au-commande\/#article","isPartOf":{"@id":"https:\/\/congovirtuel.com\/information\/jean-herve-mbelu-biosha-le-patron-de-lanr-sera-evacue-probablement-en-allemagne-son-adjoint-joseph-asumani-deja-au-commande\/"},"author":{"name":"infocongovirtuel","@id":"https:\/\/congovirtuel.com\/information\/#\/schema\/person\/739a44bf7990966cb53d58d2fdeca0b6"},"headline":"Jean-Herv\u00e9 Mbelu Biosha, le patron de L&rsquo;ANR sera \u00e9vacu\u00e9 probablement en Allemagne : son adjoint Joseph Asumani d\u00e9j\u00e0 au commande","datePublished":"2023-05-18T06:52:43+00:00","dateModified":"2023-05-18T06:55:41+00:00","mainEntityOfPage":{"@id":"https:\/\/congovirtuel.com\/information\/jean-herve-mbelu-biosha-le-patron-de-lanr-sera-evacue-probablement-en-allemagne-son-adjoint-joseph-asumani-deja-au-commande\/"},"wordCount":174,"commentCount":0,"publisher":{"@id":"https:\/\/congovirtuel.com\/information\/#organization"},"image":{"@id":"https:\/\/congovirtuel.com\/information\/jean-herve-mbelu-biosha-le-patron-de-lanr-sera-evacue-probablement-en-allemagne-son-adjoint-joseph-asumani-deja-au-commande\/#primaryimage"},"thumbnailUrl":"https:\/\/congovirtuel.com\/information\/wp-content\/uploads\/2021\/09\/Kinshasa.jpg","keywords":["Jean Herv\u00e9 Mbelu Biosha","Joseph Asumani","remplacement Patron ANR"],"inLanguage":"fr-FR","potentialAction":[{"@type":"CommentAction","name":"Comment","target":["https:\/\/congovirtuel.com\/information\/jean-herve-mbelu-biosha-le-patron-de-lanr-sera-evacue-probablement-en-allemagne-son-adjoint-joseph-asumani-deja-au-commande\/#respond"]}]},{"@type":"WebPage","@id":"https:\/\/congovirtuel.com\/information\/jean-herve-mbelu-biosha-le-patron-de-lanr-sera-evacue-probablement-en-allemagne-son-adjoint-joseph-asumani-deja-au-commande\/","url":"https:\/\/congovirtuel.com\/information\/jean-herve-mbelu-biosha-le-patron-de-lanr-sera-evacue-probablement-en-allemagne-son-adjoint-joseph-asumani-deja-au-commande\/","name":"Jean-Herv\u00e9 Mbelu Biosha, le patron de L'ANR sera \u00e9vacu\u00e9 probablement en Allemagne : son adjoint Joseph Asumani d\u00e9j\u00e0 au commande - Actualit\u00e9s congolaises et internationales","isPartOf":{"@id":"https:\/\/congovirtuel.com\/information\/#website"},"primaryImageOfPage":{"@id":"https:\/\/congovirtuel.com\/information\/jean-herve-mbelu-biosha-le-patron-de-lanr-sera-evacue-probablement-en-allemagne-son-adjoint-joseph-asumani-deja-au-commande\/#primaryimage"},"image":{"@id":"https:\/\/congovirtuel.com\/information\/jean-herve-mbelu-biosha-le-patron-de-lanr-sera-evacue-probablement-en-allemagne-son-adjoint-joseph-asumani-deja-au-commande\/#primaryimage"},"thumbnailUrl":"https:\/\/congovirtuel.com\/information\/wp-content\/uploads\/2021\/09\/Kinshasa.jpg","datePublished":"2023-05-18T06:52:43+00:00","dateModified":"2023-05-18T06:55:41+00:00","breadcrumb":{"@id":"https:\/\/congovirtuel.com\/information\/jean-herve-mbelu-biosha-le-patron-de-lanr-sera-evacue-probablement-en-allemagne-son-adjoint-joseph-asumani-deja-au-commande\/#breadcrumb"},"inLanguage":"fr-FR","potentialAction":[{"@type":"ReadAction","target":["https:\/\/congovirtuel.com\/information\/jean-herve-mbelu-biosha-le-patron-de-lanr-sera-evacue-probablement-en-allemagne-son-adjoint-joseph-asumani-deja-au-commande\/"]}]},{"@type":"ImageObject","inLanguage":"fr-FR","@id":"https:\/\/congovirtuel.com\/information\/jean-herve-mbelu-biosha-le-patron-de-lanr-sera-evacue-probablement-en-allemagne-son-adjoint-joseph-asumani-deja-au-commande\/#primaryimage","url":"https:\/\/congovirtuel.com\/information\/wp-content\/uploads\/2021\/09\/Kinshasa.jpg","contentUrl":"https:\/\/congovirtuel.com\/information\/wp-content\/uploads\/2021\/09\/Kinshasa.jpg","width":625,"height":425},{"@type":"BreadcrumbList","@id":"https:\/\/congovirtuel.com\/information\/jean-herve-mbelu-biosha-le-patron-de-lanr-sera-evacue-probablement-en-allemagne-son-adjoint-joseph-asumani-deja-au-commande\/#breadcrumb","itemListElement":[{"@type":"ListItem","position":1,"name":"Accueil","item":"https:\/\/congovirtuel.com\/information\/"},{"@type":"ListItem","position":2,"name":"Jean-Herv\u00e9 Mbelu Biosha, le patron de L&rsquo;ANR sera \u00e9vacu\u00e9 probablement en Allemagne : son adjoint Joseph Asumani d\u00e9j\u00e0 au commande"}]},{"@type":"WebSite","@id":"https:\/\/congovirtuel.com\/information\/#website","url":"https:\/\/congovirtuel.com\/information\/","name":"Actualit\u00e9s congolaises et internationales","description":"site d&#039;analyse et de traitement d&#039;information","publisher":{"@id":"https:\/\/congovirtuel.com\/information\/#organization"},"potentialAction":[{"@type":"SearchAction","target":{"@type":"EntryPoint","urlTemplate":"https:\/\/congovirtuel.com\/information\/?s={search_term_string}"},"query-input":{"@type":"PropertyValueSpecification","valueRequired":true,"valueName":"search_term_string"}}],"inLanguage":"fr-FR"},{"@type":"Organization","@id":"https:\/\/congovirtuel.com\/information\/#organization","name":"Biblioth\u00e8que Virtuelle de la RDC","url":"https:\/\/congovirtuel.com\/information\/","logo":{"@type":"ImageObject","inLanguage":"fr-FR","@id":"https:\/\/congovirtuel.com\/information\/#\/schema\/logo\/image\/","url":"https:\/\/congovirtuel.com\/information\/wp-content\/uploads\/2018\/10\/header-info-congovirtuel-vraie.jpg","contentUrl":"https:\/\/congovirtuel.com\/information\/wp-content\/uploads\/2018\/10\/header-info-congovirtuel-vraie.jpg","width":728,"height":90,"caption":"Biblioth\u00e8que Virtuelle de la RDC"},"image":{"@id":"https:\/\/congovirtuel.com\/information\/#\/schema\/logo\/image\/"},"sameAs":["https:\/\/web.facebook.com\/Congovirtuel-763617960319601\/?ref=aymt_homepage_panel&amp;amp;amp;amp;amp;amp;amp;amp;amp;amp;amp;eid=ARCoxULa66767kIgF_KYav6VdjXTI4yk_LW4yoVO9s6NXpysgb7Cb65vpxcxgqzOAKvIbLQxaAETcqHT","https:\/\/x.com\/congovirtuel","https:\/\/www.youtube.com\/channel\/UCkFfprYzGgS3EWNpeMXpToQ?view_as=subscriber"]},{"@type":"Person","@id":"https:\/\/congovirtuel.com\/information\/#\/schema\/person\/739a44bf7990966cb53d58d2fdeca0b6","name":"infocongovirtuel","image":{"@type":"ImageObject","inLanguage":"fr-FR","@id":"https:\/\/secure.gravatar.com\/avatar\/4d76991aa72469f0eb22e772586c99113c6997f88da636a9db8f2ce3a2c05e69?s=96&d=mm&r=g","url":"https:\/\/secure.gravatar.com\/avatar\/4d76991aa72469f0eb22e772586c99113c6997f88da636a9db8f2ce3a2c05e69?s=96&d=mm&r=g","contentUrl":"https:\/\/secure.gravatar.com\/avatar\/4d76991aa72469f0eb22e772586c99113c6997f88da636a9db8f2ce3a2c05e69?s=96&d=mm&r=g","caption":"infocongovirtuel"},"url":"https:\/\/congovirtuel.com\/information\/author\/infocongovirtuel\/"}]}},"gt_translate_keys":[{"key":"link","format":"url"}],"_links":{"self":[{"href":"https:\/\/congovirtuel.com\/information\/wp-json\/wp\/v2\/posts\/22442","targetHints":{"allow":["GET"]}}],"collection":[{"href":"https:\/\/congovirtuel.com\/information\/wp-json\/wp\/v2\/posts"}],"about":[{"href":"https:\/\/congovirtuel.com\/information\/wp-json\/wp\/v2\/types\/post"}],"author":[{"embeddable":true,"href":"https:\/\/congovirtuel.com\/information\/wp-json\/wp\/v2\/users\/1"}],"replies":[{"embeddable":true,"href":"https:\/\/congovirtuel.com\/information\/wp-json\/wp\/v2\/comments?post=22442"}],"version-history":[{"count":3,"href":"https:\/\/congovirtuel.com\/information\/wp-json\/wp\/v2\/posts\/22442\/revisions"}],"predecessor-version":[{"id":22445,"href":"https:\/\/congovirtuel.com\/information\/wp-json\/wp\/v2\/posts\/22442\/revisions\/22445"}],"wp:featuredmedia":[{"embeddable":true,"href":"https:\/\/congovirtuel.com\/information\/wp-json\/wp\/v2\/media\/13495"}],"wp:attachment":[{"href":"https:\/\/congovirtuel.com\/information\/wp-json\/wp\/v2\/media?parent=22442"}],"wp:term":[{"taxonomy":"category","embeddable":true,"href":"https:\/\/congovirtuel.com\/information\/wp-json\/wp\/v2\/categories?post=22442"},{"taxonomy":"post_tag","embeddable":true,"href":"https:\/\/congovirtuel.com\/information\/wp-json\/wp\/v2\/tags?post=22442"}],"curies":[{"name":"wp","href":"https:\/\/api.w.org\/{rel}","templated":true}]}}