{"id":22548,"date":"2023-05-31T17:18:31","date_gmt":"2023-05-31T16:18:31","guid":{"rendered":"https:\/\/congovirtuel.com\/information\/?p=22548"},"modified":"2023-05-31T17:18:31","modified_gmt":"2023-05-31T16:18:31","slug":"mbuji-mayi-ou-somalie-la-crise-de-la-faim-au-kasai-recoit-peu-dattention-par-rapport-a-la-crise-dans-lest","status":"publish","type":"post","link":"https:\/\/congovirtuel.com\/information\/mbuji-mayi-ou-somalie-la-crise-de-la-faim-au-kasai-recoit-peu-dattention-par-rapport-a-la-crise-dans-lest\/","title":{"rendered":"Mbuji-Mayi ou Somalie? La \u00ab\u00a0crise de la faim\u00a0\u00bb au Kasa\u00ef re\u00e7oit peu d&rsquo;attention par rapport \u00e0 la crise dans l&rsquo;est","gt_translate_keys":[{"key":"rendered","format":"text"}]},"content":{"rendered":"<p>Cette ville a \u00e9t\u00e9 construite sur des diamants mais ses citoyens meurent de faim. Mbuji-Mayi, en R\u00e9publique d\u00e9mocratique du Congo, a fait sa richesse dans les diamants. Maintenant, la ville est frapp\u00e9e par la pauvret\u00e9 et la malnutrition.<\/p>\n<p>Pendant cent ans, Mbuji-Mayi a prosp\u00e9r\u00e9 gr\u00e2ce aux diamants. Des dizaines de milliers de civils \u00e9taient employ\u00e9s par la soci\u00e9t\u00e9 d&rsquo;extraction de diamants MIBA. Mais avec la croissance de la MIBA a \u00e9mergee le march\u00e9 noir, des d\u00e9tournements de fonds et des pillages, et une mauvaise gestion qui ont laiss\u00e9 la soci\u00e9t\u00e9 mini\u00e8re paralys\u00e9e par la dette.<br \/>\nL&rsquo;entreprise a ferm\u00e9 ses portes au plus fort de la crise financi\u00e8re de 2008 et ses r\u00e9sidents en ont pay\u00e9 le prix.<\/p>\n<p><img loading=\"lazy\" decoding=\"async\" class=\"alignnone size-medium wp-image-22547\" src=\"https:\/\/congovirtuel.com\/information\/wp-content\/uploads\/2023\/05\/IMG-20230531-WA0057-584x365.jpg\" alt=\"\" width=\"584\" height=\"365\" srcset=\"https:\/\/congovirtuel.com\/information\/wp-content\/uploads\/2023\/05\/IMG-20230531-WA0057-584x365.jpg 584w, https:\/\/congovirtuel.com\/information\/wp-content\/uploads\/2023\/05\/IMG-20230531-WA0057-840x525.jpg 840w, https:\/\/congovirtuel.com\/information\/wp-content\/uploads\/2023\/05\/IMG-20230531-WA0057-768x480.jpg 768w, https:\/\/congovirtuel.com\/information\/wp-content\/uploads\/2023\/05\/IMG-20230531-WA0057.jpg 960w\" sizes=\"auto, (max-width: 584px) 100vw, 584px\" \/><\/p>\n<p>Les prix des c\u00e9r\u00e9ales, des fruits, de l&rsquo;eau et du carburant ont doubl\u00e9, voire tripl\u00e9, et la ville est devenue d\u00e9pendante des provinces voisines pour se nourrir.<\/p>\n<p>\u00ab\u00a0Beaucoup d&rsquo;enfants souffrent de malnutrition ici\u00a0\u00bb, a d\u00e9clar\u00e9 Constantine Atunaku, un habitant de Mbuji-Mayi. \u00abNous avons beaucoup de cas de malnutrition . Les gens n&rsquo;ont pas acc\u00e8s \u00e0 l&rsquo;eau. Pour un traitement m\u00e9dical, ils doivent aller loin.<\/p>\n<p>La RDC est confront\u00e9e \u00e0 l&rsquo;une des plus grandes crises de la faim au monde et abrite le plus grand nombre de personnes souffrant d&rsquo;ins\u00e9curit\u00e9 alimentaire dans le monde \u2013 quelque 26,4 millions, soit un quart de la population nationale.<\/p>\n<p><img loading=\"lazy\" decoding=\"async\" class=\"alignnone size-medium wp-image-22545\" src=\"https:\/\/congovirtuel.com\/information\/wp-content\/uploads\/2023\/05\/IMG-20230531-WA0059-584x365.jpg\" alt=\"\" width=\"584\" height=\"365\" srcset=\"https:\/\/congovirtuel.com\/information\/wp-content\/uploads\/2023\/05\/IMG-20230531-WA0059-584x365.jpg 584w, https:\/\/congovirtuel.com\/information\/wp-content\/uploads\/2023\/05\/IMG-20230531-WA0059-840x525.jpg 840w, https:\/\/congovirtuel.com\/information\/wp-content\/uploads\/2023\/05\/IMG-20230531-WA0059-768x480.jpg 768w, https:\/\/congovirtuel.com\/information\/wp-content\/uploads\/2023\/05\/IMG-20230531-WA0059.jpg 960w\" sizes=\"auto, (max-width: 584px) 100vw, 584px\" \/><br \/>\nOn estime que 2,8 millions d&rsquo;enfants de moins de cinq ans et 2,2 millions de femmes enceintes souffrent de malnutrition aigu\u00eb. Les taux de mortalit\u00e9 infantile et juv\u00e9nile sont parmi les pires au monde, 45 % de tous les d\u00e9c\u00e8s d&rsquo;enfants de moins de cinq ans \u00e9tant li\u00e9s \u00e0 la malnutrition.<br \/>\nLa r\u00e9gion autrefois en plein essor de Mbuji-Mayi est celle o\u00f9 le pr\u00e9sident F\u00e9lix Tshisekedi a \u00e9t\u00e9 \u00e9lev\u00e9. Les politiciens auraient fait des promesses r\u00e9p\u00e9t\u00e9es de relancer l&rsquo;industrie l\u00e0-bas, mais beaucoup d&rsquo;observateurs disent que peu d&rsquo;investissements ont \u00e9t\u00e9 r\u00e9alis\u00e9s.<\/p>\n<p>\u00ab Les gens attendent que les promesses soient tenues . Ils n&rsquo;ont pas d&#8217;emplois, il n&rsquo;y a pas de revenus. Il y a un sentiment d&rsquo;absurdit\u00e9 \u00bb, a d\u00e9clar\u00e9 Giovanni Sciolto, directeur national d&rsquo;Action contre la faim.<\/p>\n<p>Les ministres ont organis\u00e9 un atelier en janvier pour \u00e9valuer un plan de relance pour la ville, mais jusqu&rsquo;\u00e0 ce que cela se produise, les organisations caritatives ont d\u00fb prendre le relais.<\/p>\n<p><img loading=\"lazy\" decoding=\"async\" class=\"alignnone size-medium wp-image-22544\" src=\"https:\/\/congovirtuel.com\/information\/wp-content\/uploads\/2023\/05\/IMG-20230531-WA0060-584x365.jpg\" alt=\"\" width=\"584\" height=\"365\" srcset=\"https:\/\/congovirtuel.com\/information\/wp-content\/uploads\/2023\/05\/IMG-20230531-WA0060-584x365.jpg 584w, https:\/\/congovirtuel.com\/information\/wp-content\/uploads\/2023\/05\/IMG-20230531-WA0060-840x525.jpg 840w, https:\/\/congovirtuel.com\/information\/wp-content\/uploads\/2023\/05\/IMG-20230531-WA0060-768x480.jpg 768w, https:\/\/congovirtuel.com\/information\/wp-content\/uploads\/2023\/05\/IMG-20230531-WA0060.jpg 960w\" sizes=\"auto, (max-width: 584px) 100vw, 584px\" \/><\/p>\n<p>\u00ab La crise de la faim est extr\u00eamement \u00e9lev\u00e9e dans cette partie du pays. Les services de base, comme l&rsquo;\u00e9lectricit\u00e9 et l&rsquo;eau, ne sont m\u00eame pas intermittents \u2013 ils n&rsquo;existent tout simplement pas \u00bb, a d\u00e9clar\u00e9 Sciolto.<\/p>\n<p>Pour les humanitaires, la crise de la faim \u00e0 Mbuji-Mayi re\u00e7oit peu d&rsquo;attention par rapport \u00e0 la crise dans l&rsquo;est, qui a \u00e9t\u00e9 aliment\u00e9e par des groupes arm\u00e9s dont le M23 .<\/p>\n<p><img loading=\"lazy\" decoding=\"async\" class=\"alignnone size-medium wp-image-22543\" src=\"https:\/\/congovirtuel.com\/information\/wp-content\/uploads\/2023\/05\/IMG-20230531-WA0061-584x365.jpg\" alt=\"\" width=\"584\" height=\"365\" srcset=\"https:\/\/congovirtuel.com\/information\/wp-content\/uploads\/2023\/05\/IMG-20230531-WA0061-584x365.jpg 584w, https:\/\/congovirtuel.com\/information\/wp-content\/uploads\/2023\/05\/IMG-20230531-WA0061-840x525.jpg 840w, https:\/\/congovirtuel.com\/information\/wp-content\/uploads\/2023\/05\/IMG-20230531-WA0061-768x480.jpg 768w, https:\/\/congovirtuel.com\/information\/wp-content\/uploads\/2023\/05\/IMG-20230531-WA0061.jpg 960w\" sizes=\"auto, (max-width: 584px) 100vw, 584px\" \/><\/p>\n<p>\u00ab\u00a0La crise de faim \u00e0 Mbuji-Mayi fait la une des journaux, mais c&rsquo;est pas une crise alimentaire, car il n&rsquo;y a pas de conflit\u00a0\u00bb, a d\u00e9clar\u00e9 Sciolto.<\/p>\n<p>Coco Kabwika avec The Telegraph (Photos cr\u00e9dits Action Contre la Faim)<\/p>\n","protected":false,"gt_translate_keys":[{"key":"rendered","format":"html"}]},"excerpt":{"rendered":"<p>Cette ville a \u00e9t\u00e9 construite sur des diamants mais ses citoyens meurent de faim. Mbuji-Mayi, en R\u00e9publique d\u00e9mocratique du Congo, a fait sa richesse dans les diamants. Maintenant, la ville est frapp\u00e9e par la pauvret\u00e9 et la malnutrition. Pendant cent ans, Mbuji-Mayi a prosp\u00e9r\u00e9 gr\u00e2ce aux diamants. Des dizaines de milliers de civils \u00e9taient employ\u00e9s par la soci\u00e9t\u00e9 d&rsquo;extraction de diamants MIBA. Mais avec la croissance de la MIBA a \u00e9mergee le march\u00e9 noir, des d\u00e9tournements de fonds et des pillages, et une mauvaise gestion qui ont laiss\u00e9 la soci\u00e9t\u00e9&hellip;<\/p>\n","protected":false,"gt_translate_keys":[{"key":"rendered","format":"html"}]},"author":1,"featured_media":0,"comment_status":"open","ping_status":"open","sticky":false,"template":"","format":"standard","meta":{"_crdt_document":"","footnotes":""},"categories":[7557],"tags":[38182],"class_list":["post-22548","post","type-post","status-publish","format-standard","hentry","category-famine","tag-famine-au-kasai"],"gutentor_comment":0,"yoast_head":"<!-- This site is optimized with the Yoast SEO plugin v27.5 - https:\/\/yoast.com\/product\/yoast-seo-wordpress\/ -->\n<title>Mbuji-Mayi ou Somalie? La &quot;crise de la faim&quot; au Kasa\u00ef re\u00e7oit peu d&#039;attention par rapport \u00e0 la crise dans l&#039;est - Actualit\u00e9s congolaises et internationales<\/title>\n<meta name=\"robots\" content=\"index, follow, max-snippet:-1, max-image-preview:large, max-video-preview:-1\" \/>\n<link rel=\"canonical\" href=\"https:\/\/congovirtuel.com\/information\/mbuji-mayi-ou-somalie-la-crise-de-la-faim-au-kasai-recoit-peu-dattention-par-rapport-a-la-crise-dans-lest\/\" \/>\n<meta property=\"og:locale\" content=\"fr_FR\" \/>\n<meta property=\"og:type\" content=\"article\" \/>\n<meta property=\"og:title\" content=\"Mbuji-Mayi ou Somalie? La &quot;crise de la faim&quot; au Kasa\u00ef re\u00e7oit peu d&#039;attention par rapport \u00e0 la crise dans l&#039;est - Actualit\u00e9s congolaises et internationales\" \/>\n<meta property=\"og:description\" content=\"Cette ville a \u00e9t\u00e9 construite sur des diamants mais ses citoyens meurent de faim. Mbuji-Mayi, en R\u00e9publique d\u00e9mocratique du Congo, a fait sa richesse dans les diamants. Maintenant, la ville est frapp\u00e9e par la pauvret\u00e9 et la malnutrition. Pendant cent ans, Mbuji-Mayi a prosp\u00e9r\u00e9 gr\u00e2ce aux diamants. Des dizaines de milliers de civils \u00e9taient employ\u00e9s par la soci\u00e9t\u00e9 d&rsquo;extraction de diamants MIBA. Mais avec la croissance de la MIBA a \u00e9mergee le march\u00e9 noir, des d\u00e9tournements de fonds et des pillages, et une mauvaise gestion qui ont laiss\u00e9 la soci\u00e9t\u00e9&hellip;\" \/>\n<meta property=\"og:url\" content=\"https:\/\/congovirtuel.com\/information\/mbuji-mayi-ou-somalie-la-crise-de-la-faim-au-kasai-recoit-peu-dattention-par-rapport-a-la-crise-dans-lest\/\" \/>\n<meta property=\"og:site_name\" content=\"Actualit\u00e9s congolaises et internationales\" \/>\n<meta property=\"article:publisher\" content=\"https:\/\/web.facebook.com\/Congovirtuel-763617960319601\/?ref=aymt_homepage_panel&amp;amp%3bamp%3bamp%3bamp%3bamp%3bamp%3bamp%3bamp%3bamp%3bamp%3bamp%3beid=ARCoxULa66767kIgF_KYav6VdjXTI4yk_LW4yoVO9s6NXpysgb7Cb65vpxcxgqzOAKvIbLQxaAETcqHT\" \/>\n<meta property=\"article:published_time\" content=\"2023-05-31T16:18:31+00:00\" \/>\n<meta property=\"og:image\" content=\"https:\/\/congovirtuel.com\/information\/wp-content\/uploads\/2023\/05\/IMG-20230531-WA0057-584x365.jpg\" \/>\n<meta name=\"author\" content=\"infocongovirtuel\" \/>\n<meta name=\"twitter:card\" content=\"summary_large_image\" \/>\n<meta name=\"twitter:creator\" content=\"@congovirtuel\" \/>\n<meta name=\"twitter:site\" content=\"@congovirtuel\" \/>\n<meta name=\"twitter:label1\" content=\"\u00c9crit par\" \/>\n\t<meta name=\"twitter:data1\" content=\"infocongovirtuel\" \/>\n\t<meta name=\"twitter:label2\" content=\"Dur\u00e9e de lecture estim\u00e9e\" \/>\n\t<meta name=\"twitter:data2\" content=\"4 minutes\" \/>\n<script type=\"application\/ld+json\" class=\"yoast-schema-graph\">{\"@context\":\"https:\\\/\\\/schema.org\",\"@graph\":[{\"@type\":\"Article\",\"@id\":\"https:\\\/\\\/congovirtuel.com\\\/information\\\/mbuji-mayi-ou-somalie-la-crise-de-la-faim-au-kasai-recoit-peu-dattention-par-rapport-a-la-crise-dans-lest\\\/#article\",\"isPartOf\":{\"@id\":\"https:\\\/\\\/congovirtuel.com\\\/information\\\/mbuji-mayi-ou-somalie-la-crise-de-la-faim-au-kasai-recoit-peu-dattention-par-rapport-a-la-crise-dans-lest\\\/\"},\"author\":{\"name\":\"infocongovirtuel\",\"@id\":\"https:\\\/\\\/congovirtuel.com\\\/information\\\/#\\\/schema\\\/person\\\/739a44bf7990966cb53d58d2fdeca0b6\"},\"headline\":\"Mbuji-Mayi ou Somalie? La \u00ab\u00a0crise de la faim\u00a0\u00bb au Kasa\u00ef re\u00e7oit peu d&rsquo;attention par rapport \u00e0 la crise dans l&rsquo;est\",\"datePublished\":\"2023-05-31T16:18:31+00:00\",\"mainEntityOfPage\":{\"@id\":\"https:\\\/\\\/congovirtuel.com\\\/information\\\/mbuji-mayi-ou-somalie-la-crise-de-la-faim-au-kasai-recoit-peu-dattention-par-rapport-a-la-crise-dans-lest\\\/\"},\"wordCount\":557,\"commentCount\":0,\"publisher\":{\"@id\":\"https:\\\/\\\/congovirtuel.com\\\/information\\\/#organization\"},\"image\":{\"@id\":\"https:\\\/\\\/congovirtuel.com\\\/information\\\/mbuji-mayi-ou-somalie-la-crise-de-la-faim-au-kasai-recoit-peu-dattention-par-rapport-a-la-crise-dans-lest\\\/#primaryimage\"},\"thumbnailUrl\":\"https:\\\/\\\/congovirtuel.com\\\/information\\\/wp-content\\\/uploads\\\/2023\\\/05\\\/IMG-20230531-WA0057-584x365.jpg\",\"keywords\":[\"Famine au Kasa\u00ef\"],\"articleSection\":[\"Famine\"],\"inLanguage\":\"fr-FR\",\"potentialAction\":[{\"@type\":\"CommentAction\",\"name\":\"Comment\",\"target\":[\"https:\\\/\\\/congovirtuel.com\\\/information\\\/mbuji-mayi-ou-somalie-la-crise-de-la-faim-au-kasai-recoit-peu-dattention-par-rapport-a-la-crise-dans-lest\\\/#respond\"]}]},{\"@type\":\"WebPage\",\"@id\":\"https:\\\/\\\/congovirtuel.com\\\/information\\\/mbuji-mayi-ou-somalie-la-crise-de-la-faim-au-kasai-recoit-peu-dattention-par-rapport-a-la-crise-dans-lest\\\/\",\"url\":\"https:\\\/\\\/congovirtuel.com\\\/information\\\/mbuji-mayi-ou-somalie-la-crise-de-la-faim-au-kasai-recoit-peu-dattention-par-rapport-a-la-crise-dans-lest\\\/\",\"name\":\"Mbuji-Mayi ou Somalie? La \\\"crise de la faim\\\" au Kasa\u00ef re\u00e7oit peu d'attention par rapport \u00e0 la crise dans l'est - Actualit\u00e9s congolaises et internationales\",\"isPartOf\":{\"@id\":\"https:\\\/\\\/congovirtuel.com\\\/information\\\/#website\"},\"primaryImageOfPage\":{\"@id\":\"https:\\\/\\\/congovirtuel.com\\\/information\\\/mbuji-mayi-ou-somalie-la-crise-de-la-faim-au-kasai-recoit-peu-dattention-par-rapport-a-la-crise-dans-lest\\\/#primaryimage\"},\"image\":{\"@id\":\"https:\\\/\\\/congovirtuel.com\\\/information\\\/mbuji-mayi-ou-somalie-la-crise-de-la-faim-au-kasai-recoit-peu-dattention-par-rapport-a-la-crise-dans-lest\\\/#primaryimage\"},\"thumbnailUrl\":\"https:\\\/\\\/congovirtuel.com\\\/information\\\/wp-content\\\/uploads\\\/2023\\\/05\\\/IMG-20230531-WA0057-584x365.jpg\",\"datePublished\":\"2023-05-31T16:18:31+00:00\",\"breadcrumb\":{\"@id\":\"https:\\\/\\\/congovirtuel.com\\\/information\\\/mbuji-mayi-ou-somalie-la-crise-de-la-faim-au-kasai-recoit-peu-dattention-par-rapport-a-la-crise-dans-lest\\\/#breadcrumb\"},\"inLanguage\":\"fr-FR\",\"potentialAction\":[{\"@type\":\"ReadAction\",\"target\":[\"https:\\\/\\\/congovirtuel.com\\\/information\\\/mbuji-mayi-ou-somalie-la-crise-de-la-faim-au-kasai-recoit-peu-dattention-par-rapport-a-la-crise-dans-lest\\\/\"]}]},{\"@type\":\"ImageObject\",\"inLanguage\":\"fr-FR\",\"@id\":\"https:\\\/\\\/congovirtuel.com\\\/information\\\/mbuji-mayi-ou-somalie-la-crise-de-la-faim-au-kasai-recoit-peu-dattention-par-rapport-a-la-crise-dans-lest\\\/#primaryimage\",\"url\":\"https:\\\/\\\/congovirtuel.com\\\/information\\\/wp-content\\\/uploads\\\/2023\\\/05\\\/IMG-20230531-WA0057.jpg\",\"contentUrl\":\"https:\\\/\\\/congovirtuel.com\\\/information\\\/wp-content\\\/uploads\\\/2023\\\/05\\\/IMG-20230531-WA0057.jpg\",\"width\":960,\"height\":600},{\"@type\":\"BreadcrumbList\",\"@id\":\"https:\\\/\\\/congovirtuel.com\\\/information\\\/mbuji-mayi-ou-somalie-la-crise-de-la-faim-au-kasai-recoit-peu-dattention-par-rapport-a-la-crise-dans-lest\\\/#breadcrumb\",\"itemListElement\":[{\"@type\":\"ListItem\",\"position\":1,\"name\":\"Accueil\",\"item\":\"https:\\\/\\\/congovirtuel.com\\\/information\\\/\"},{\"@type\":\"ListItem\",\"position\":2,\"name\":\"Mbuji-Mayi ou Somalie? La \u00ab\u00a0crise de la faim\u00a0\u00bb au Kasa\u00ef re\u00e7oit peu d&rsquo;attention par rapport \u00e0 la crise dans l&rsquo;est\"}]},{\"@type\":\"WebSite\",\"@id\":\"https:\\\/\\\/congovirtuel.com\\\/information\\\/#website\",\"url\":\"https:\\\/\\\/congovirtuel.com\\\/information\\\/\",\"name\":\"Actualit\u00e9s congolaises et internationales\",\"description\":\"site d&#039;analyse et de traitement d&#039;information\",\"publisher\":{\"@id\":\"https:\\\/\\\/congovirtuel.com\\\/information\\\/#organization\"},\"potentialAction\":[{\"@type\":\"SearchAction\",\"target\":{\"@type\":\"EntryPoint\",\"urlTemplate\":\"https:\\\/\\\/congovirtuel.com\\\/information\\\/?s={search_term_string}\"},\"query-input\":{\"@type\":\"PropertyValueSpecification\",\"valueRequired\":true,\"valueName\":\"search_term_string\"}}],\"inLanguage\":\"fr-FR\"},{\"@type\":\"Organization\",\"@id\":\"https:\\\/\\\/congovirtuel.com\\\/information\\\/#organization\",\"name\":\"Biblioth\u00e8que Virtuelle de la RDC\",\"url\":\"https:\\\/\\\/congovirtuel.com\\\/information\\\/\",\"logo\":{\"@type\":\"ImageObject\",\"inLanguage\":\"fr-FR\",\"@id\":\"https:\\\/\\\/congovirtuel.com\\\/information\\\/#\\\/schema\\\/logo\\\/image\\\/\",\"url\":\"https:\\\/\\\/congovirtuel.com\\\/information\\\/wp-content\\\/uploads\\\/2018\\\/10\\\/header-info-congovirtuel-vraie.jpg\",\"contentUrl\":\"https:\\\/\\\/congovirtuel.com\\\/information\\\/wp-content\\\/uploads\\\/2018\\\/10\\\/header-info-congovirtuel-vraie.jpg\",\"width\":728,\"height\":90,\"caption\":\"Biblioth\u00e8que Virtuelle de la RDC\"},\"image\":{\"@id\":\"https:\\\/\\\/congovirtuel.com\\\/information\\\/#\\\/schema\\\/logo\\\/image\\\/\"},\"sameAs\":[\"https:\\\/\\\/web.facebook.com\\\/Congovirtuel-763617960319601\\\/?ref=aymt_homepage_panel&amp;amp;amp;amp;amp;amp;amp;amp;amp;amp;amp;eid=ARCoxULa66767kIgF_KYav6VdjXTI4yk_LW4yoVO9s6NXpysgb7Cb65vpxcxgqzOAKvIbLQxaAETcqHT\",\"https:\\\/\\\/x.com\\\/congovirtuel\",\"https:\\\/\\\/www.youtube.com\\\/channel\\\/UCkFfprYzGgS3EWNpeMXpToQ?view_as=subscriber\"]},{\"@type\":\"Person\",\"@id\":\"https:\\\/\\\/congovirtuel.com\\\/information\\\/#\\\/schema\\\/person\\\/739a44bf7990966cb53d58d2fdeca0b6\",\"name\":\"infocongovirtuel\",\"image\":{\"@type\":\"ImageObject\",\"inLanguage\":\"fr-FR\",\"@id\":\"https:\\\/\\\/secure.gravatar.com\\\/avatar\\\/4d76991aa72469f0eb22e772586c99113c6997f88da636a9db8f2ce3a2c05e69?s=96&d=mm&r=g\",\"url\":\"https:\\\/\\\/secure.gravatar.com\\\/avatar\\\/4d76991aa72469f0eb22e772586c99113c6997f88da636a9db8f2ce3a2c05e69?s=96&d=mm&r=g\",\"contentUrl\":\"https:\\\/\\\/secure.gravatar.com\\\/avatar\\\/4d76991aa72469f0eb22e772586c99113c6997f88da636a9db8f2ce3a2c05e69?s=96&d=mm&r=g\",\"caption\":\"infocongovirtuel\"},\"url\":\"https:\\\/\\\/congovirtuel.com\\\/information\\\/author\\\/infocongovirtuel\\\/\"}]}<\/script>\n<!-- \/ Yoast SEO plugin. -->","yoast_head_json":{"title":"Mbuji-Mayi ou Somalie? La \"crise de la faim\" au Kasa\u00ef re\u00e7oit peu d'attention par rapport \u00e0 la crise dans l'est - Actualit\u00e9s congolaises et internationales","robots":{"index":"index","follow":"follow","max-snippet":"max-snippet:-1","max-image-preview":"max-image-preview:large","max-video-preview":"max-video-preview:-1"},"canonical":"https:\/\/congovirtuel.com\/information\/mbuji-mayi-ou-somalie-la-crise-de-la-faim-au-kasai-recoit-peu-dattention-par-rapport-a-la-crise-dans-lest\/","og_locale":"fr_FR","og_type":"article","og_title":"Mbuji-Mayi ou Somalie? La \"crise de la faim\" au Kasa\u00ef re\u00e7oit peu d'attention par rapport \u00e0 la crise dans l'est - Actualit\u00e9s congolaises et internationales","og_description":"Cette ville a \u00e9t\u00e9 construite sur des diamants mais ses citoyens meurent de faim. Mbuji-Mayi, en R\u00e9publique d\u00e9mocratique du Congo, a fait sa richesse dans les diamants. Maintenant, la ville est frapp\u00e9e par la pauvret\u00e9 et la malnutrition. Pendant cent ans, Mbuji-Mayi a prosp\u00e9r\u00e9 gr\u00e2ce aux diamants. Des dizaines de milliers de civils \u00e9taient employ\u00e9s par la soci\u00e9t\u00e9 d&rsquo;extraction de diamants MIBA. Mais avec la croissance de la MIBA a \u00e9mergee le march\u00e9 noir, des d\u00e9tournements de fonds et des pillages, et une mauvaise gestion qui ont laiss\u00e9 la soci\u00e9t\u00e9&hellip;","og_url":"https:\/\/congovirtuel.com\/information\/mbuji-mayi-ou-somalie-la-crise-de-la-faim-au-kasai-recoit-peu-dattention-par-rapport-a-la-crise-dans-lest\/","og_site_name":"Actualit\u00e9s congolaises et internationales","article_publisher":"https:\/\/web.facebook.com\/Congovirtuel-763617960319601\/?ref=aymt_homepage_panel&amp%3bamp%3bamp%3bamp%3bamp%3bamp%3bamp%3bamp%3bamp%3bamp%3bamp%3beid=ARCoxULa66767kIgF_KYav6VdjXTI4yk_LW4yoVO9s6NXpysgb7Cb65vpxcxgqzOAKvIbLQxaAETcqHT","article_published_time":"2023-05-31T16:18:31+00:00","og_image":[{"url":"https:\/\/congovirtuel.com\/information\/wp-content\/uploads\/2023\/05\/IMG-20230531-WA0057-584x365.jpg","type":"","width":"","height":""}],"author":"infocongovirtuel","twitter_card":"summary_large_image","twitter_creator":"@congovirtuel","twitter_site":"@congovirtuel","twitter_misc":{"\u00c9crit par":"infocongovirtuel","Dur\u00e9e de lecture estim\u00e9e":"4 minutes"},"schema":{"@context":"https:\/\/schema.org","@graph":[{"@type":"Article","@id":"https:\/\/congovirtuel.com\/information\/mbuji-mayi-ou-somalie-la-crise-de-la-faim-au-kasai-recoit-peu-dattention-par-rapport-a-la-crise-dans-lest\/#article","isPartOf":{"@id":"https:\/\/congovirtuel.com\/information\/mbuji-mayi-ou-somalie-la-crise-de-la-faim-au-kasai-recoit-peu-dattention-par-rapport-a-la-crise-dans-lest\/"},"author":{"name":"infocongovirtuel","@id":"https:\/\/congovirtuel.com\/information\/#\/schema\/person\/739a44bf7990966cb53d58d2fdeca0b6"},"headline":"Mbuji-Mayi ou Somalie? La \u00ab\u00a0crise de la faim\u00a0\u00bb au Kasa\u00ef re\u00e7oit peu d&rsquo;attention par rapport \u00e0 la crise dans l&rsquo;est","datePublished":"2023-05-31T16:18:31+00:00","mainEntityOfPage":{"@id":"https:\/\/congovirtuel.com\/information\/mbuji-mayi-ou-somalie-la-crise-de-la-faim-au-kasai-recoit-peu-dattention-par-rapport-a-la-crise-dans-lest\/"},"wordCount":557,"commentCount":0,"publisher":{"@id":"https:\/\/congovirtuel.com\/information\/#organization"},"image":{"@id":"https:\/\/congovirtuel.com\/information\/mbuji-mayi-ou-somalie-la-crise-de-la-faim-au-kasai-recoit-peu-dattention-par-rapport-a-la-crise-dans-lest\/#primaryimage"},"thumbnailUrl":"https:\/\/congovirtuel.com\/information\/wp-content\/uploads\/2023\/05\/IMG-20230531-WA0057-584x365.jpg","keywords":["Famine au Kasa\u00ef"],"articleSection":["Famine"],"inLanguage":"fr-FR","potentialAction":[{"@type":"CommentAction","name":"Comment","target":["https:\/\/congovirtuel.com\/information\/mbuji-mayi-ou-somalie-la-crise-de-la-faim-au-kasai-recoit-peu-dattention-par-rapport-a-la-crise-dans-lest\/#respond"]}]},{"@type":"WebPage","@id":"https:\/\/congovirtuel.com\/information\/mbuji-mayi-ou-somalie-la-crise-de-la-faim-au-kasai-recoit-peu-dattention-par-rapport-a-la-crise-dans-lest\/","url":"https:\/\/congovirtuel.com\/information\/mbuji-mayi-ou-somalie-la-crise-de-la-faim-au-kasai-recoit-peu-dattention-par-rapport-a-la-crise-dans-lest\/","name":"Mbuji-Mayi ou Somalie? La \"crise de la faim\" au Kasa\u00ef re\u00e7oit peu d'attention par rapport \u00e0 la crise dans l'est - Actualit\u00e9s congolaises et internationales","isPartOf":{"@id":"https:\/\/congovirtuel.com\/information\/#website"},"primaryImageOfPage":{"@id":"https:\/\/congovirtuel.com\/information\/mbuji-mayi-ou-somalie-la-crise-de-la-faim-au-kasai-recoit-peu-dattention-par-rapport-a-la-crise-dans-lest\/#primaryimage"},"image":{"@id":"https:\/\/congovirtuel.com\/information\/mbuji-mayi-ou-somalie-la-crise-de-la-faim-au-kasai-recoit-peu-dattention-par-rapport-a-la-crise-dans-lest\/#primaryimage"},"thumbnailUrl":"https:\/\/congovirtuel.com\/information\/wp-content\/uploads\/2023\/05\/IMG-20230531-WA0057-584x365.jpg","datePublished":"2023-05-31T16:18:31+00:00","breadcrumb":{"@id":"https:\/\/congovirtuel.com\/information\/mbuji-mayi-ou-somalie-la-crise-de-la-faim-au-kasai-recoit-peu-dattention-par-rapport-a-la-crise-dans-lest\/#breadcrumb"},"inLanguage":"fr-FR","potentialAction":[{"@type":"ReadAction","target":["https:\/\/congovirtuel.com\/information\/mbuji-mayi-ou-somalie-la-crise-de-la-faim-au-kasai-recoit-peu-dattention-par-rapport-a-la-crise-dans-lest\/"]}]},{"@type":"ImageObject","inLanguage":"fr-FR","@id":"https:\/\/congovirtuel.com\/information\/mbuji-mayi-ou-somalie-la-crise-de-la-faim-au-kasai-recoit-peu-dattention-par-rapport-a-la-crise-dans-lest\/#primaryimage","url":"https:\/\/congovirtuel.com\/information\/wp-content\/uploads\/2023\/05\/IMG-20230531-WA0057.jpg","contentUrl":"https:\/\/congovirtuel.com\/information\/wp-content\/uploads\/2023\/05\/IMG-20230531-WA0057.jpg","width":960,"height":600},{"@type":"BreadcrumbList","@id":"https:\/\/congovirtuel.com\/information\/mbuji-mayi-ou-somalie-la-crise-de-la-faim-au-kasai-recoit-peu-dattention-par-rapport-a-la-crise-dans-lest\/#breadcrumb","itemListElement":[{"@type":"ListItem","position":1,"name":"Accueil","item":"https:\/\/congovirtuel.com\/information\/"},{"@type":"ListItem","position":2,"name":"Mbuji-Mayi ou Somalie? La \u00ab\u00a0crise de la faim\u00a0\u00bb au Kasa\u00ef re\u00e7oit peu d&rsquo;attention par rapport \u00e0 la crise dans l&rsquo;est"}]},{"@type":"WebSite","@id":"https:\/\/congovirtuel.com\/information\/#website","url":"https:\/\/congovirtuel.com\/information\/","name":"Actualit\u00e9s congolaises et internationales","description":"site d&#039;analyse et de traitement d&#039;information","publisher":{"@id":"https:\/\/congovirtuel.com\/information\/#organization"},"potentialAction":[{"@type":"SearchAction","target":{"@type":"EntryPoint","urlTemplate":"https:\/\/congovirtuel.com\/information\/?s={search_term_string}"},"query-input":{"@type":"PropertyValueSpecification","valueRequired":true,"valueName":"search_term_string"}}],"inLanguage":"fr-FR"},{"@type":"Organization","@id":"https:\/\/congovirtuel.com\/information\/#organization","name":"Biblioth\u00e8que Virtuelle de la RDC","url":"https:\/\/congovirtuel.com\/information\/","logo":{"@type":"ImageObject","inLanguage":"fr-FR","@id":"https:\/\/congovirtuel.com\/information\/#\/schema\/logo\/image\/","url":"https:\/\/congovirtuel.com\/information\/wp-content\/uploads\/2018\/10\/header-info-congovirtuel-vraie.jpg","contentUrl":"https:\/\/congovirtuel.com\/information\/wp-content\/uploads\/2018\/10\/header-info-congovirtuel-vraie.jpg","width":728,"height":90,"caption":"Biblioth\u00e8que Virtuelle de la RDC"},"image":{"@id":"https:\/\/congovirtuel.com\/information\/#\/schema\/logo\/image\/"},"sameAs":["https:\/\/web.facebook.com\/Congovirtuel-763617960319601\/?ref=aymt_homepage_panel&amp;amp;amp;amp;amp;amp;amp;amp;amp;amp;amp;eid=ARCoxULa66767kIgF_KYav6VdjXTI4yk_LW4yoVO9s6NXpysgb7Cb65vpxcxgqzOAKvIbLQxaAETcqHT","https:\/\/x.com\/congovirtuel","https:\/\/www.youtube.com\/channel\/UCkFfprYzGgS3EWNpeMXpToQ?view_as=subscriber"]},{"@type":"Person","@id":"https:\/\/congovirtuel.com\/information\/#\/schema\/person\/739a44bf7990966cb53d58d2fdeca0b6","name":"infocongovirtuel","image":{"@type":"ImageObject","inLanguage":"fr-FR","@id":"https:\/\/secure.gravatar.com\/avatar\/4d76991aa72469f0eb22e772586c99113c6997f88da636a9db8f2ce3a2c05e69?s=96&d=mm&r=g","url":"https:\/\/secure.gravatar.com\/avatar\/4d76991aa72469f0eb22e772586c99113c6997f88da636a9db8f2ce3a2c05e69?s=96&d=mm&r=g","contentUrl":"https:\/\/secure.gravatar.com\/avatar\/4d76991aa72469f0eb22e772586c99113c6997f88da636a9db8f2ce3a2c05e69?s=96&d=mm&r=g","caption":"infocongovirtuel"},"url":"https:\/\/congovirtuel.com\/information\/author\/infocongovirtuel\/"}]}},"gt_translate_keys":[{"key":"link","format":"url"}],"_links":{"self":[{"href":"https:\/\/congovirtuel.com\/information\/wp-json\/wp\/v2\/posts\/22548","targetHints":{"allow":["GET"]}}],"collection":[{"href":"https:\/\/congovirtuel.com\/information\/wp-json\/wp\/v2\/posts"}],"about":[{"href":"https:\/\/congovirtuel.com\/information\/wp-json\/wp\/v2\/types\/post"}],"author":[{"embeddable":true,"href":"https:\/\/congovirtuel.com\/information\/wp-json\/wp\/v2\/users\/1"}],"replies":[{"embeddable":true,"href":"https:\/\/congovirtuel.com\/information\/wp-json\/wp\/v2\/comments?post=22548"}],"version-history":[{"count":1,"href":"https:\/\/congovirtuel.com\/information\/wp-json\/wp\/v2\/posts\/22548\/revisions"}],"predecessor-version":[{"id":22549,"href":"https:\/\/congovirtuel.com\/information\/wp-json\/wp\/v2\/posts\/22548\/revisions\/22549"}],"wp:attachment":[{"href":"https:\/\/congovirtuel.com\/information\/wp-json\/wp\/v2\/media?parent=22548"}],"wp:term":[{"taxonomy":"category","embeddable":true,"href":"https:\/\/congovirtuel.com\/information\/wp-json\/wp\/v2\/categories?post=22548"},{"taxonomy":"post_tag","embeddable":true,"href":"https:\/\/congovirtuel.com\/information\/wp-json\/wp\/v2\/tags?post=22548"}],"curies":[{"name":"wp","href":"https:\/\/api.w.org\/{rel}","templated":true}]}}