{"id":22563,"date":"2023-06-01T16:13:55","date_gmt":"2023-06-01T15:13:55","guid":{"rendered":"https:\/\/congovirtuel.com\/information\/?p=22563"},"modified":"2023-06-01T16:13:55","modified_gmt":"2023-06-01T15:13:55","slug":"senegal-ousmane-sonko-condamne-a-deux-ans-de-prison","status":"publish","type":"post","link":"https:\/\/congovirtuel.com\/information\/senegal-ousmane-sonko-condamne-a-deux-ans-de-prison\/","title":{"rendered":"S\u00e9n\u00e9gal : Ousmane Sonko condamn\u00e9 \u00e0 deux ans de prison","gt_translate_keys":[{"key":"rendered","format":"text"}]},"content":{"rendered":"<p>Le tribunal de Dakar a rendu son verdict ce jeudi 1er juin 2023 dans le proc\u00e8s de l&rsquo;opposant s\u00e9n\u00e9galais Ousmane Sonko, accus\u00e9 de viol et de menaces de mort. Il a \u00e9t\u00e9 condamn\u00e9 \u00e0 deux ans de prison ferme pour \u00ab\u00a0corruption de la jeunesse\u00a0\u00bb, mais a \u00e9t\u00e9 acquitt\u00e9 des accusations de viol et de menaces de mort. Cette condamnation le rend in\u00e9ligible pour l&rsquo;\u00e9lection pr\u00e9sidentielle du 25 f\u00e9vrier 2024. Son avocat a d\u00e9clar\u00e9 qu&rsquo;il n&rsquo;avait pas assist\u00e9 \u00e0 son proc\u00e8s car il n&rsquo;avait pas re\u00e7u de convocation.<\/p>\n<p>La co-accus\u00e9e de M. Sonko, propri\u00e9taire du salon de beaut\u00e9 o\u00f9 les faits auraient eu lieu, a \u00e9galement \u00e9t\u00e9 condamn\u00e9e \u00e0 deux ans de prison ferme et les deux accus\u00e9s ont \u00e9t\u00e9 condamn\u00e9s \u00e0 payer une amende de 600 000 francs CFA chacun. En outre, ils devront payer solidairement une somme de 20 millions de francs CFA de dommages et int\u00e9r\u00eats \u00e0 la partie civile, selon une d\u00e9p\u00eache de l&rsquo;Agence de presse.<\/p>\n<p>Aim\u00e9 Binda<\/p>\n","protected":false,"gt_translate_keys":[{"key":"rendered","format":"html"}]},"excerpt":{"rendered":"<p>Le tribunal de Dakar a rendu son verdict ce jeudi 1er juin 2023 dans le proc\u00e8s de l&rsquo;opposant s\u00e9n\u00e9galais Ousmane Sonko, accus\u00e9 de viol et de menaces de mort. Il a \u00e9t\u00e9 condamn\u00e9 \u00e0 deux ans de prison ferme pour \u00ab\u00a0corruption de la jeunesse\u00a0\u00bb, mais a \u00e9t\u00e9 acquitt\u00e9 des accusations de viol et de menaces de mort. Cette condamnation le rend in\u00e9ligible pour l&rsquo;\u00e9lection pr\u00e9sidentielle du 25 f\u00e9vrier 2024. Son avocat a d\u00e9clar\u00e9 qu&rsquo;il n&rsquo;avait pas assist\u00e9 \u00e0 son proc\u00e8s car il n&rsquo;avait pas re\u00e7u de convocation. La co-accus\u00e9e de&hellip;<\/p>\n","protected":false,"gt_translate_keys":[{"key":"rendered","format":"html"}]},"author":1,"featured_media":22562,"comment_status":"open","ping_status":"open","sticky":false,"template":"","format":"standard","meta":{"_crdt_document":"","footnotes":""},"categories":[12],"tags":[38189],"class_list":["post-22563","post","type-post","status-publish","format-standard","has-post-thumbnail","hentry","category-afrique","tag-ousmane-sonko"],"gutentor_comment":0,"yoast_head":"<!-- This site is optimized with the Yoast SEO plugin v27.5 - https:\/\/yoast.com\/product\/yoast-seo-wordpress\/ -->\n<title>S\u00e9n\u00e9gal : Ousmane Sonko condamn\u00e9 \u00e0 deux ans de prison - Actualit\u00e9s congolaises et internationales<\/title>\n<meta name=\"robots\" content=\"index, follow, max-snippet:-1, max-image-preview:large, max-video-preview:-1\" \/>\n<link rel=\"canonical\" href=\"https:\/\/congovirtuel.com\/information\/senegal-ousmane-sonko-condamne-a-deux-ans-de-prison\/\" \/>\n<meta property=\"og:locale\" content=\"fr_FR\" \/>\n<meta property=\"og:type\" content=\"article\" \/>\n<meta property=\"og:title\" content=\"S\u00e9n\u00e9gal : Ousmane Sonko condamn\u00e9 \u00e0 deux ans de prison - Actualit\u00e9s congolaises et internationales\" \/>\n<meta property=\"og:description\" content=\"Le tribunal de Dakar a rendu son verdict ce jeudi 1er juin 2023 dans le proc\u00e8s de l&rsquo;opposant s\u00e9n\u00e9galais Ousmane Sonko, accus\u00e9 de viol et de menaces de mort. Il a \u00e9t\u00e9 condamn\u00e9 \u00e0 deux ans de prison ferme pour \u00ab\u00a0corruption de la jeunesse\u00a0\u00bb, mais a \u00e9t\u00e9 acquitt\u00e9 des accusations de viol et de menaces de mort. Cette condamnation le rend in\u00e9ligible pour l&rsquo;\u00e9lection pr\u00e9sidentielle du 25 f\u00e9vrier 2024. Son avocat a d\u00e9clar\u00e9 qu&rsquo;il n&rsquo;avait pas assist\u00e9 \u00e0 son proc\u00e8s car il n&rsquo;avait pas re\u00e7u de convocation. La co-accus\u00e9e de&hellip;\" \/>\n<meta property=\"og:url\" content=\"https:\/\/congovirtuel.com\/information\/senegal-ousmane-sonko-condamne-a-deux-ans-de-prison\/\" \/>\n<meta property=\"og:site_name\" content=\"Actualit\u00e9s congolaises et internationales\" \/>\n<meta property=\"article:publisher\" content=\"https:\/\/web.facebook.com\/Congovirtuel-763617960319601\/?ref=aymt_homepage_panel&amp;amp%3bamp%3bamp%3bamp%3bamp%3bamp%3bamp%3bamp%3bamp%3bamp%3bamp%3beid=ARCoxULa66767kIgF_KYav6VdjXTI4yk_LW4yoVO9s6NXpysgb7Cb65vpxcxgqzOAKvIbLQxaAETcqHT\" \/>\n<meta property=\"article:published_time\" content=\"2023-06-01T15:13:55+00:00\" \/>\n<meta property=\"og:image\" content=\"https:\/\/congovirtuel.com\/information\/wp-content\/uploads\/2023\/06\/Ousmane_Sonko-600-x-400.jpg\" \/>\n\t<meta property=\"og:image:width\" content=\"600\" \/>\n\t<meta property=\"og:image:height\" content=\"400\" \/>\n\t<meta property=\"og:image:type\" content=\"image\/jpeg\" \/>\n<meta name=\"author\" content=\"infocongovirtuel\" \/>\n<meta name=\"twitter:card\" content=\"summary_large_image\" \/>\n<meta name=\"twitter:creator\" content=\"@congovirtuel\" \/>\n<meta name=\"twitter:site\" content=\"@congovirtuel\" \/>\n<meta name=\"twitter:label1\" content=\"\u00c9crit par\" \/>\n\t<meta name=\"twitter:data1\" content=\"infocongovirtuel\" \/>\n\t<meta name=\"twitter:label2\" content=\"Dur\u00e9e de lecture estim\u00e9e\" \/>\n\t<meta name=\"twitter:data2\" content=\"1 minute\" \/>\n<script type=\"application\/ld+json\" class=\"yoast-schema-graph\">{\"@context\":\"https:\\\/\\\/schema.org\",\"@graph\":[{\"@type\":\"Article\",\"@id\":\"https:\\\/\\\/congovirtuel.com\\\/information\\\/senegal-ousmane-sonko-condamne-a-deux-ans-de-prison\\\/#article\",\"isPartOf\":{\"@id\":\"https:\\\/\\\/congovirtuel.com\\\/information\\\/senegal-ousmane-sonko-condamne-a-deux-ans-de-prison\\\/\"},\"author\":{\"name\":\"infocongovirtuel\",\"@id\":\"https:\\\/\\\/congovirtuel.com\\\/information\\\/#\\\/schema\\\/person\\\/739a44bf7990966cb53d58d2fdeca0b6\"},\"headline\":\"S\u00e9n\u00e9gal : Ousmane Sonko condamn\u00e9 \u00e0 deux ans de prison\",\"datePublished\":\"2023-06-01T15:13:55+00:00\",\"mainEntityOfPage\":{\"@id\":\"https:\\\/\\\/congovirtuel.com\\\/information\\\/senegal-ousmane-sonko-condamne-a-deux-ans-de-prison\\\/\"},\"wordCount\":184,\"commentCount\":0,\"publisher\":{\"@id\":\"https:\\\/\\\/congovirtuel.com\\\/information\\\/#organization\"},\"image\":{\"@id\":\"https:\\\/\\\/congovirtuel.com\\\/information\\\/senegal-ousmane-sonko-condamne-a-deux-ans-de-prison\\\/#primaryimage\"},\"thumbnailUrl\":\"https:\\\/\\\/congovirtuel.com\\\/information\\\/wp-content\\\/uploads\\\/2023\\\/06\\\/Ousmane_Sonko-600-x-400.jpg\",\"keywords\":[\"Ousmane sonko\"],\"articleSection\":[\"Afrique\"],\"inLanguage\":\"fr-FR\",\"potentialAction\":[{\"@type\":\"CommentAction\",\"name\":\"Comment\",\"target\":[\"https:\\\/\\\/congovirtuel.com\\\/information\\\/senegal-ousmane-sonko-condamne-a-deux-ans-de-prison\\\/#respond\"]}]},{\"@type\":\"WebPage\",\"@id\":\"https:\\\/\\\/congovirtuel.com\\\/information\\\/senegal-ousmane-sonko-condamne-a-deux-ans-de-prison\\\/\",\"url\":\"https:\\\/\\\/congovirtuel.com\\\/information\\\/senegal-ousmane-sonko-condamne-a-deux-ans-de-prison\\\/\",\"name\":\"S\u00e9n\u00e9gal : Ousmane Sonko condamn\u00e9 \u00e0 deux ans de prison - Actualit\u00e9s congolaises et internationales\",\"isPartOf\":{\"@id\":\"https:\\\/\\\/congovirtuel.com\\\/information\\\/#website\"},\"primaryImageOfPage\":{\"@id\":\"https:\\\/\\\/congovirtuel.com\\\/information\\\/senegal-ousmane-sonko-condamne-a-deux-ans-de-prison\\\/#primaryimage\"},\"image\":{\"@id\":\"https:\\\/\\\/congovirtuel.com\\\/information\\\/senegal-ousmane-sonko-condamne-a-deux-ans-de-prison\\\/#primaryimage\"},\"thumbnailUrl\":\"https:\\\/\\\/congovirtuel.com\\\/information\\\/wp-content\\\/uploads\\\/2023\\\/06\\\/Ousmane_Sonko-600-x-400.jpg\",\"datePublished\":\"2023-06-01T15:13:55+00:00\",\"breadcrumb\":{\"@id\":\"https:\\\/\\\/congovirtuel.com\\\/information\\\/senegal-ousmane-sonko-condamne-a-deux-ans-de-prison\\\/#breadcrumb\"},\"inLanguage\":\"fr-FR\",\"potentialAction\":[{\"@type\":\"ReadAction\",\"target\":[\"https:\\\/\\\/congovirtuel.com\\\/information\\\/senegal-ousmane-sonko-condamne-a-deux-ans-de-prison\\\/\"]}]},{\"@type\":\"ImageObject\",\"inLanguage\":\"fr-FR\",\"@id\":\"https:\\\/\\\/congovirtuel.com\\\/information\\\/senegal-ousmane-sonko-condamne-a-deux-ans-de-prison\\\/#primaryimage\",\"url\":\"https:\\\/\\\/congovirtuel.com\\\/information\\\/wp-content\\\/uploads\\\/2023\\\/06\\\/Ousmane_Sonko-600-x-400.jpg\",\"contentUrl\":\"https:\\\/\\\/congovirtuel.com\\\/information\\\/wp-content\\\/uploads\\\/2023\\\/06\\\/Ousmane_Sonko-600-x-400.jpg\",\"width\":600,\"height\":400},{\"@type\":\"BreadcrumbList\",\"@id\":\"https:\\\/\\\/congovirtuel.com\\\/information\\\/senegal-ousmane-sonko-condamne-a-deux-ans-de-prison\\\/#breadcrumb\",\"itemListElement\":[{\"@type\":\"ListItem\",\"position\":1,\"name\":\"Accueil\",\"item\":\"https:\\\/\\\/congovirtuel.com\\\/information\\\/\"},{\"@type\":\"ListItem\",\"position\":2,\"name\":\"S\u00e9n\u00e9gal : Ousmane Sonko condamn\u00e9 \u00e0 deux ans de prison\"}]},{\"@type\":\"WebSite\",\"@id\":\"https:\\\/\\\/congovirtuel.com\\\/information\\\/#website\",\"url\":\"https:\\\/\\\/congovirtuel.com\\\/information\\\/\",\"name\":\"Actualit\u00e9s congolaises et internationales\",\"description\":\"site d&#039;analyse et de traitement d&#039;information\",\"publisher\":{\"@id\":\"https:\\\/\\\/congovirtuel.com\\\/information\\\/#organization\"},\"potentialAction\":[{\"@type\":\"SearchAction\",\"target\":{\"@type\":\"EntryPoint\",\"urlTemplate\":\"https:\\\/\\\/congovirtuel.com\\\/information\\\/?s={search_term_string}\"},\"query-input\":{\"@type\":\"PropertyValueSpecification\",\"valueRequired\":true,\"valueName\":\"search_term_string\"}}],\"inLanguage\":\"fr-FR\"},{\"@type\":\"Organization\",\"@id\":\"https:\\\/\\\/congovirtuel.com\\\/information\\\/#organization\",\"name\":\"Biblioth\u00e8que Virtuelle de la RDC\",\"url\":\"https:\\\/\\\/congovirtuel.com\\\/information\\\/\",\"logo\":{\"@type\":\"ImageObject\",\"inLanguage\":\"fr-FR\",\"@id\":\"https:\\\/\\\/congovirtuel.com\\\/information\\\/#\\\/schema\\\/logo\\\/image\\\/\",\"url\":\"https:\\\/\\\/congovirtuel.com\\\/information\\\/wp-content\\\/uploads\\\/2018\\\/10\\\/header-info-congovirtuel-vraie.jpg\",\"contentUrl\":\"https:\\\/\\\/congovirtuel.com\\\/information\\\/wp-content\\\/uploads\\\/2018\\\/10\\\/header-info-congovirtuel-vraie.jpg\",\"width\":728,\"height\":90,\"caption\":\"Biblioth\u00e8que Virtuelle de la RDC\"},\"image\":{\"@id\":\"https:\\\/\\\/congovirtuel.com\\\/information\\\/#\\\/schema\\\/logo\\\/image\\\/\"},\"sameAs\":[\"https:\\\/\\\/web.facebook.com\\\/Congovirtuel-763617960319601\\\/?ref=aymt_homepage_panel&amp;amp;amp;amp;amp;amp;amp;amp;amp;amp;amp;eid=ARCoxULa66767kIgF_KYav6VdjXTI4yk_LW4yoVO9s6NXpysgb7Cb65vpxcxgqzOAKvIbLQxaAETcqHT\",\"https:\\\/\\\/x.com\\\/congovirtuel\",\"https:\\\/\\\/www.youtube.com\\\/channel\\\/UCkFfprYzGgS3EWNpeMXpToQ?view_as=subscriber\"]},{\"@type\":\"Person\",\"@id\":\"https:\\\/\\\/congovirtuel.com\\\/information\\\/#\\\/schema\\\/person\\\/739a44bf7990966cb53d58d2fdeca0b6\",\"name\":\"infocongovirtuel\",\"image\":{\"@type\":\"ImageObject\",\"inLanguage\":\"fr-FR\",\"@id\":\"https:\\\/\\\/secure.gravatar.com\\\/avatar\\\/4d76991aa72469f0eb22e772586c99113c6997f88da636a9db8f2ce3a2c05e69?s=96&d=mm&r=g\",\"url\":\"https:\\\/\\\/secure.gravatar.com\\\/avatar\\\/4d76991aa72469f0eb22e772586c99113c6997f88da636a9db8f2ce3a2c05e69?s=96&d=mm&r=g\",\"contentUrl\":\"https:\\\/\\\/secure.gravatar.com\\\/avatar\\\/4d76991aa72469f0eb22e772586c99113c6997f88da636a9db8f2ce3a2c05e69?s=96&d=mm&r=g\",\"caption\":\"infocongovirtuel\"},\"url\":\"https:\\\/\\\/congovirtuel.com\\\/information\\\/author\\\/infocongovirtuel\\\/\"}]}<\/script>\n<!-- \/ Yoast SEO plugin. -->","yoast_head_json":{"title":"S\u00e9n\u00e9gal : Ousmane Sonko condamn\u00e9 \u00e0 deux ans de prison - Actualit\u00e9s congolaises et internationales","robots":{"index":"index","follow":"follow","max-snippet":"max-snippet:-1","max-image-preview":"max-image-preview:large","max-video-preview":"max-video-preview:-1"},"canonical":"https:\/\/congovirtuel.com\/information\/senegal-ousmane-sonko-condamne-a-deux-ans-de-prison\/","og_locale":"fr_FR","og_type":"article","og_title":"S\u00e9n\u00e9gal : Ousmane Sonko condamn\u00e9 \u00e0 deux ans de prison - Actualit\u00e9s congolaises et internationales","og_description":"Le tribunal de Dakar a rendu son verdict ce jeudi 1er juin 2023 dans le proc\u00e8s de l&rsquo;opposant s\u00e9n\u00e9galais Ousmane Sonko, accus\u00e9 de viol et de menaces de mort. Il a \u00e9t\u00e9 condamn\u00e9 \u00e0 deux ans de prison ferme pour \u00ab\u00a0corruption de la jeunesse\u00a0\u00bb, mais a \u00e9t\u00e9 acquitt\u00e9 des accusations de viol et de menaces de mort. Cette condamnation le rend in\u00e9ligible pour l&rsquo;\u00e9lection pr\u00e9sidentielle du 25 f\u00e9vrier 2024. Son avocat a d\u00e9clar\u00e9 qu&rsquo;il n&rsquo;avait pas assist\u00e9 \u00e0 son proc\u00e8s car il n&rsquo;avait pas re\u00e7u de convocation. La co-accus\u00e9e de&hellip;","og_url":"https:\/\/congovirtuel.com\/information\/senegal-ousmane-sonko-condamne-a-deux-ans-de-prison\/","og_site_name":"Actualit\u00e9s congolaises et internationales","article_publisher":"https:\/\/web.facebook.com\/Congovirtuel-763617960319601\/?ref=aymt_homepage_panel&amp%3bamp%3bamp%3bamp%3bamp%3bamp%3bamp%3bamp%3bamp%3bamp%3bamp%3beid=ARCoxULa66767kIgF_KYav6VdjXTI4yk_LW4yoVO9s6NXpysgb7Cb65vpxcxgqzOAKvIbLQxaAETcqHT","article_published_time":"2023-06-01T15:13:55+00:00","og_image":[{"width":600,"height":400,"url":"https:\/\/congovirtuel.com\/information\/wp-content\/uploads\/2023\/06\/Ousmane_Sonko-600-x-400.jpg","type":"image\/jpeg"}],"author":"infocongovirtuel","twitter_card":"summary_large_image","twitter_creator":"@congovirtuel","twitter_site":"@congovirtuel","twitter_misc":{"\u00c9crit par":"infocongovirtuel","Dur\u00e9e de lecture estim\u00e9e":"1 minute"},"schema":{"@context":"https:\/\/schema.org","@graph":[{"@type":"Article","@id":"https:\/\/congovirtuel.com\/information\/senegal-ousmane-sonko-condamne-a-deux-ans-de-prison\/#article","isPartOf":{"@id":"https:\/\/congovirtuel.com\/information\/senegal-ousmane-sonko-condamne-a-deux-ans-de-prison\/"},"author":{"name":"infocongovirtuel","@id":"https:\/\/congovirtuel.com\/information\/#\/schema\/person\/739a44bf7990966cb53d58d2fdeca0b6"},"headline":"S\u00e9n\u00e9gal : Ousmane Sonko condamn\u00e9 \u00e0 deux ans de prison","datePublished":"2023-06-01T15:13:55+00:00","mainEntityOfPage":{"@id":"https:\/\/congovirtuel.com\/information\/senegal-ousmane-sonko-condamne-a-deux-ans-de-prison\/"},"wordCount":184,"commentCount":0,"publisher":{"@id":"https:\/\/congovirtuel.com\/information\/#organization"},"image":{"@id":"https:\/\/congovirtuel.com\/information\/senegal-ousmane-sonko-condamne-a-deux-ans-de-prison\/#primaryimage"},"thumbnailUrl":"https:\/\/congovirtuel.com\/information\/wp-content\/uploads\/2023\/06\/Ousmane_Sonko-600-x-400.jpg","keywords":["Ousmane sonko"],"articleSection":["Afrique"],"inLanguage":"fr-FR","potentialAction":[{"@type":"CommentAction","name":"Comment","target":["https:\/\/congovirtuel.com\/information\/senegal-ousmane-sonko-condamne-a-deux-ans-de-prison\/#respond"]}]},{"@type":"WebPage","@id":"https:\/\/congovirtuel.com\/information\/senegal-ousmane-sonko-condamne-a-deux-ans-de-prison\/","url":"https:\/\/congovirtuel.com\/information\/senegal-ousmane-sonko-condamne-a-deux-ans-de-prison\/","name":"S\u00e9n\u00e9gal : Ousmane Sonko condamn\u00e9 \u00e0 deux ans de prison - Actualit\u00e9s congolaises et internationales","isPartOf":{"@id":"https:\/\/congovirtuel.com\/information\/#website"},"primaryImageOfPage":{"@id":"https:\/\/congovirtuel.com\/information\/senegal-ousmane-sonko-condamne-a-deux-ans-de-prison\/#primaryimage"},"image":{"@id":"https:\/\/congovirtuel.com\/information\/senegal-ousmane-sonko-condamne-a-deux-ans-de-prison\/#primaryimage"},"thumbnailUrl":"https:\/\/congovirtuel.com\/information\/wp-content\/uploads\/2023\/06\/Ousmane_Sonko-600-x-400.jpg","datePublished":"2023-06-01T15:13:55+00:00","breadcrumb":{"@id":"https:\/\/congovirtuel.com\/information\/senegal-ousmane-sonko-condamne-a-deux-ans-de-prison\/#breadcrumb"},"inLanguage":"fr-FR","potentialAction":[{"@type":"ReadAction","target":["https:\/\/congovirtuel.com\/information\/senegal-ousmane-sonko-condamne-a-deux-ans-de-prison\/"]}]},{"@type":"ImageObject","inLanguage":"fr-FR","@id":"https:\/\/congovirtuel.com\/information\/senegal-ousmane-sonko-condamne-a-deux-ans-de-prison\/#primaryimage","url":"https:\/\/congovirtuel.com\/information\/wp-content\/uploads\/2023\/06\/Ousmane_Sonko-600-x-400.jpg","contentUrl":"https:\/\/congovirtuel.com\/information\/wp-content\/uploads\/2023\/06\/Ousmane_Sonko-600-x-400.jpg","width":600,"height":400},{"@type":"BreadcrumbList","@id":"https:\/\/congovirtuel.com\/information\/senegal-ousmane-sonko-condamne-a-deux-ans-de-prison\/#breadcrumb","itemListElement":[{"@type":"ListItem","position":1,"name":"Accueil","item":"https:\/\/congovirtuel.com\/information\/"},{"@type":"ListItem","position":2,"name":"S\u00e9n\u00e9gal : Ousmane Sonko condamn\u00e9 \u00e0 deux ans de prison"}]},{"@type":"WebSite","@id":"https:\/\/congovirtuel.com\/information\/#website","url":"https:\/\/congovirtuel.com\/information\/","name":"Actualit\u00e9s congolaises et internationales","description":"site d&#039;analyse et de traitement d&#039;information","publisher":{"@id":"https:\/\/congovirtuel.com\/information\/#organization"},"potentialAction":[{"@type":"SearchAction","target":{"@type":"EntryPoint","urlTemplate":"https:\/\/congovirtuel.com\/information\/?s={search_term_string}"},"query-input":{"@type":"PropertyValueSpecification","valueRequired":true,"valueName":"search_term_string"}}],"inLanguage":"fr-FR"},{"@type":"Organization","@id":"https:\/\/congovirtuel.com\/information\/#organization","name":"Biblioth\u00e8que Virtuelle de la RDC","url":"https:\/\/congovirtuel.com\/information\/","logo":{"@type":"ImageObject","inLanguage":"fr-FR","@id":"https:\/\/congovirtuel.com\/information\/#\/schema\/logo\/image\/","url":"https:\/\/congovirtuel.com\/information\/wp-content\/uploads\/2018\/10\/header-info-congovirtuel-vraie.jpg","contentUrl":"https:\/\/congovirtuel.com\/information\/wp-content\/uploads\/2018\/10\/header-info-congovirtuel-vraie.jpg","width":728,"height":90,"caption":"Biblioth\u00e8que Virtuelle de la RDC"},"image":{"@id":"https:\/\/congovirtuel.com\/information\/#\/schema\/logo\/image\/"},"sameAs":["https:\/\/web.facebook.com\/Congovirtuel-763617960319601\/?ref=aymt_homepage_panel&amp;amp;amp;amp;amp;amp;amp;amp;amp;amp;amp;eid=ARCoxULa66767kIgF_KYav6VdjXTI4yk_LW4yoVO9s6NXpysgb7Cb65vpxcxgqzOAKvIbLQxaAETcqHT","https:\/\/x.com\/congovirtuel","https:\/\/www.youtube.com\/channel\/UCkFfprYzGgS3EWNpeMXpToQ?view_as=subscriber"]},{"@type":"Person","@id":"https:\/\/congovirtuel.com\/information\/#\/schema\/person\/739a44bf7990966cb53d58d2fdeca0b6","name":"infocongovirtuel","image":{"@type":"ImageObject","inLanguage":"fr-FR","@id":"https:\/\/secure.gravatar.com\/avatar\/4d76991aa72469f0eb22e772586c99113c6997f88da636a9db8f2ce3a2c05e69?s=96&d=mm&r=g","url":"https:\/\/secure.gravatar.com\/avatar\/4d76991aa72469f0eb22e772586c99113c6997f88da636a9db8f2ce3a2c05e69?s=96&d=mm&r=g","contentUrl":"https:\/\/secure.gravatar.com\/avatar\/4d76991aa72469f0eb22e772586c99113c6997f88da636a9db8f2ce3a2c05e69?s=96&d=mm&r=g","caption":"infocongovirtuel"},"url":"https:\/\/congovirtuel.com\/information\/author\/infocongovirtuel\/"}]}},"gt_translate_keys":[{"key":"link","format":"url"}],"_links":{"self":[{"href":"https:\/\/congovirtuel.com\/information\/wp-json\/wp\/v2\/posts\/22563","targetHints":{"allow":["GET"]}}],"collection":[{"href":"https:\/\/congovirtuel.com\/information\/wp-json\/wp\/v2\/posts"}],"about":[{"href":"https:\/\/congovirtuel.com\/information\/wp-json\/wp\/v2\/types\/post"}],"author":[{"embeddable":true,"href":"https:\/\/congovirtuel.com\/information\/wp-json\/wp\/v2\/users\/1"}],"replies":[{"embeddable":true,"href":"https:\/\/congovirtuel.com\/information\/wp-json\/wp\/v2\/comments?post=22563"}],"version-history":[{"count":1,"href":"https:\/\/congovirtuel.com\/information\/wp-json\/wp\/v2\/posts\/22563\/revisions"}],"predecessor-version":[{"id":22564,"href":"https:\/\/congovirtuel.com\/information\/wp-json\/wp\/v2\/posts\/22563\/revisions\/22564"}],"wp:featuredmedia":[{"embeddable":true,"href":"https:\/\/congovirtuel.com\/information\/wp-json\/wp\/v2\/media\/22562"}],"wp:attachment":[{"href":"https:\/\/congovirtuel.com\/information\/wp-json\/wp\/v2\/media?parent=22563"}],"wp:term":[{"taxonomy":"category","embeddable":true,"href":"https:\/\/congovirtuel.com\/information\/wp-json\/wp\/v2\/categories?post=22563"},{"taxonomy":"post_tag","embeddable":true,"href":"https:\/\/congovirtuel.com\/information\/wp-json\/wp\/v2\/tags?post=22563"}],"curies":[{"name":"wp","href":"https:\/\/api.w.org\/{rel}","templated":true}]}}