{"id":22602,"date":"2023-06-06T20:39:33","date_gmt":"2023-06-06T19:39:33","guid":{"rendered":"https:\/\/congovirtuel.com\/information\/?p=22602"},"modified":"2023-06-06T20:39:33","modified_gmt":"2023-06-06T19:39:33","slug":"rwanda-jean-bosco-ntibitura-ancien-chef-de-lescadron-de-la-mort-rwandais-en-europe-nomme-a-la-tete-de-niss","status":"publish","type":"post","link":"https:\/\/congovirtuel.com\/information\/rwanda-jean-bosco-ntibitura-ancien-chef-de-lescadron-de-la-mort-rwandais-en-europe-nomme-a-la-tete-de-niss\/","title":{"rendered":"Rwanda: Jean Bosco Ntibitura ancien chef de l&rsquo;escadron de la mort rwandais en Europe nomm\u00e9 \u00e0 la t\u00eate de NISS","gt_translate_keys":[{"key":"rendered","format":"text"}]},"content":{"rendered":"<p>Au Rwanda, le pr\u00e9sident rwandais Paul Kagame a proc\u00e9d\u00e9 \u00e0 une demi-douzaine de changements au sein de l\u2019arm\u00e9e et service de renseignement, ce 5 juin 2023.<\/p>\n<p>Parmi ceux-ci figure Jean Bosco Ntibitura, qui a \u00e9t\u00e9 nomm\u00e9 directeur g\u00e9n\u00e9ral du Service national de renseignement et de s\u00e9curit\u00e9, NISS, en charge de la s\u00e9curit\u00e9 int\u00e9rieure. Ce poste \u00e9tait auparavant occup\u00e9 par Gasana Alfred qui a \u00e9t\u00e9 nomm\u00e9 ministre de la S\u00e9curit\u00e9 en 2021.<\/p>\n<p>Seulement, le nomin\u00e9 a fait parler son nom pour avoir \u00e9t\u00e9 parmi les t\u00e9nors d&rsquo;escadrons de la mort\u00bb.<\/p>\n<p>En 2014, sous l\u2019impulsion des autorit\u00e9s politiques et militaires de Kigali, les services de renseignements ont instruit \u00e0 l\u2019ambassade du Rwanda \u00e0 Bruxelles de mettre en place un r\u00e9seau de s\u00e9curit\u00e9 et de renseignement en Belgique. Ce projet est nomm\u00e9 \u00ab Intervention Group \u00bb. Tout au long de l\u2019ann\u00e9e, l\u2019Ambassadeur du Rwanda \u00e0 Bruxelles de l\u2019\u00e9poque, Robert Masozera a tenu plusieurs r\u00e9unions au cours desquelles les contours, le fonctionnement et les objectifs de cette \u00ab Intervention group \u00bb ont \u00e9t\u00e9 dessin\u00e9s.<\/p>\n<p>\u00abLes services Belges ont \u00e9t\u00e9 inform\u00e9s de l\u2019existence d\u2019escadrons de la mort rwandais en Europe\u00bb, cette phrase prononc\u00e9e par le chef des services de renseignements belges en juin 2018 a \u00e9t\u00e9 le d\u00e9clencheur d\u2019une vaste enqu\u00eate de la r\u00e9daction de Jambonews. Pendant pr\u00e8s d\u2019un an, de Bruxelles \u00e0 Kigali en passant par Paris.<br \/>\nLes autorit\u00e9s belges avaient d\u00e9sign\u00e9 comme des \u00abescadrons de la mort\u00bb, o\u00f9 une dizaine d\u2019individus impliqu\u00e9s directement ou indirectement dans ces r\u00e9seaux de renseignement rwandais opaques avaient \u00e9t\u00e9 interrog\u00e9s.<\/p>\n<p>En effet selon Jambonews, les activit\u00e9s illicites \u00e9tait men\u00e9 par ce diplomate rwandais en Belgique. Ces r\u00e9v\u00e9lations sur les activit\u00e9s d\u00e9passant le cadre de leur statut de diplomate faisaient suite aux nombreuses d\u00e9clarations d\u2019officiels belges \u00e0 propos des activit\u00e9s illicites des services rwandais en Belgique. Comme celle de Guy Rapaille, l\u2019ancien chef du comit\u00e9 R (l\u2019organe en charge des services de renseignements) qui a parl\u00e9 de \u00ab l\u2019existence d\u2019escadrons de la mort rwandais en Belgique \u00bb.<\/p>\n<p>Le ministre de la Justice de l\u2019\u00e9poque, Koen Geens (CD&amp;V), avait ensuite confirm\u00e9 au Parlement f\u00e9d\u00e9ral le 16 octobre 2019 que \u00ab les services de renseignement rwandais \u00e9taient bel et bien actifs sur le territoire belge \u00bb.<\/p>\n<p>Depuis lors, ils \u00e9taient dans le collimateur des autorit\u00e9s belges qui auraient fini par signifier au gouvernement rwandais ne plus vouloir de Jean-Bosco Ntibitura comme diplomates sur le sol belge.<\/p>\n<h3>Autres nominations<\/h3>\n<p>Juv\u00e9nal Marizamunda a \u00e9t\u00e9 nomm\u00e9 ministre de la D\u00e9fense.<\/p>\n<p>Le poste de commandant des forces terrestres a \u00e9t\u00e9 imm\u00e9diatement attribu\u00e9 au g\u00e9n\u00e9ral de division Vincent Nyakarundi, qui \u00e9tait d\u00e9j\u00e0 directeur du service de renseignement militaire.<\/p>\n<p>Il a ensuite \u00e9t\u00e9 temporairement remplac\u00e9 dans le renseignement militaire par le colonel Francis Regis Gatarayiha, qui \u00e9tait d\u00e9j\u00e0 son adjoint. Il dirigeait auparavant le minist\u00e8re de l&rsquo;Immigration.<\/p>\n<p>Parmi les autres personnes nomm\u00e9es, le g\u00e9n\u00e9ral de division Alex Kagame a \u00e9t\u00e9 nomm\u00e9 directeur des services de s\u00e9curit\u00e9 du Rwanda au Mozambique, suivi du g\u00e9n\u00e9ral de division Eugene Nkubito qui a \u00e9t\u00e9 nomm\u00e9 directeur de la troisi\u00e8me division des RDF, op\u00e9rant dans l&rsquo;ouest du Rwanda.<\/p>\n<p>Le colonel Theodomir Bahizi a \u00e9t\u00e9 nomm\u00e9 directeur des affaires de combat de l&rsquo;arm\u00e9e rwandaise au Mozambique.<\/p>\n<p>Dans ces changements, le lieutenant-colonel Augustin Migabo a \u00e9t\u00e9 promu au grade de colonel et nomm\u00e9 commandant adjoint du commandement des forces sp\u00e9ciales des forces arm\u00e9es rwandaises.<\/p>\n<p>Le service correctionnel a ensuite \u00e9t\u00e9 confi\u00e9 \u00e0 un nouveau commandant, le g\u00e9n\u00e9ral de brigade Evariste Murenzi, qui a remplac\u00e9 le CG Marizamunda. Le g\u00e9n\u00e9ral Murenzi \u00e9tait auparavant directeur adjoint de la division des op\u00e9rations sp\u00e9ciales.<\/p>\n<p>Des changements qui interviennent dans un contexte de tensions persistantes avec la RDC.<\/p>\n<p>Aim\u00e9 Binda<\/p>\n<p>&nbsp;<\/p>\n<p>&nbsp;<\/p>\n","protected":false,"gt_translate_keys":[{"key":"rendered","format":"html"}]},"excerpt":{"rendered":"<p>Au Rwanda, le pr\u00e9sident rwandais Paul Kagame a proc\u00e9d\u00e9 \u00e0 une demi-douzaine de changements au sein de l\u2019arm\u00e9e et service de renseignement, ce 5 juin 2023. Parmi ceux-ci figure Jean Bosco Ntibitura, qui a \u00e9t\u00e9 nomm\u00e9 directeur g\u00e9n\u00e9ral du Service national de renseignement et de s\u00e9curit\u00e9, NISS, en charge de la s\u00e9curit\u00e9 int\u00e9rieure. Ce poste \u00e9tait auparavant occup\u00e9 par Gasana Alfred qui a \u00e9t\u00e9 nomm\u00e9 ministre de la S\u00e9curit\u00e9 en 2021. Seulement, le nomin\u00e9 a fait parler son nom pour avoir \u00e9t\u00e9 parmi les t\u00e9nors d&rsquo;escadrons de la mort\u00bb. En&hellip;<\/p>\n","protected":false,"gt_translate_keys":[{"key":"rendered","format":"html"}]},"author":1,"featured_media":22601,"comment_status":"open","ping_status":"open","sticky":false,"template":"","format":"standard","meta":{"_crdt_document":"","footnotes":""},"categories":[148],"tags":[38207],"class_list":["post-22602","post","type-post","status-publish","format-standard","has-post-thumbnail","hentry","category-rwanda-democratie","tag-nominations-armee-rwandaise"],"gutentor_comment":0,"yoast_head":"<!-- This site is optimized with the Yoast SEO plugin v27.5 - https:\/\/yoast.com\/product\/yoast-seo-wordpress\/ -->\n<title>Rwanda: Jean Bosco Ntibitura ancien chef de l&#039;escadron de la mort rwandais en Europe nomm\u00e9 \u00e0 la t\u00eate de NISS - Actualit\u00e9s congolaises et internationales<\/title>\n<meta name=\"robots\" content=\"index, follow, max-snippet:-1, max-image-preview:large, max-video-preview:-1\" \/>\n<link rel=\"canonical\" href=\"https:\/\/congovirtuel.com\/information\/rwanda-jean-bosco-ntibitura-ancien-chef-de-lescadron-de-la-mort-rwandais-en-europe-nomme-a-la-tete-de-niss\/\" \/>\n<meta property=\"og:locale\" content=\"fr_FR\" \/>\n<meta property=\"og:type\" content=\"article\" \/>\n<meta property=\"og:title\" content=\"Rwanda: Jean Bosco Ntibitura ancien chef de l&#039;escadron de la mort rwandais en Europe nomm\u00e9 \u00e0 la t\u00eate de NISS - Actualit\u00e9s congolaises et internationales\" \/>\n<meta property=\"og:description\" content=\"Au Rwanda, le pr\u00e9sident rwandais Paul Kagame a proc\u00e9d\u00e9 \u00e0 une demi-douzaine de changements au sein de l\u2019arm\u00e9e et service de renseignement, ce 5 juin 2023. Parmi ceux-ci figure Jean Bosco Ntibitura, qui a \u00e9t\u00e9 nomm\u00e9 directeur g\u00e9n\u00e9ral du Service national de renseignement et de s\u00e9curit\u00e9, NISS, en charge de la s\u00e9curit\u00e9 int\u00e9rieure. Ce poste \u00e9tait auparavant occup\u00e9 par Gasana Alfred qui a \u00e9t\u00e9 nomm\u00e9 ministre de la S\u00e9curit\u00e9 en 2021. Seulement, le nomin\u00e9 a fait parler son nom pour avoir \u00e9t\u00e9 parmi les t\u00e9nors d&rsquo;escadrons de la mort\u00bb. En&hellip;\" \/>\n<meta property=\"og:url\" content=\"https:\/\/congovirtuel.com\/information\/rwanda-jean-bosco-ntibitura-ancien-chef-de-lescadron-de-la-mort-rwandais-en-europe-nomme-a-la-tete-de-niss\/\" \/>\n<meta property=\"og:site_name\" content=\"Actualit\u00e9s congolaises et internationales\" \/>\n<meta property=\"article:publisher\" content=\"https:\/\/web.facebook.com\/Congovirtuel-763617960319601\/?ref=aymt_homepage_panel&amp;amp%3bamp%3bamp%3bamp%3bamp%3bamp%3bamp%3bamp%3bamp%3bamp%3bamp%3beid=ARCoxULa66767kIgF_KYav6VdjXTI4yk_LW4yoVO9s6NXpysgb7Cb65vpxcxgqzOAKvIbLQxaAETcqHT\" \/>\n<meta property=\"article:published_time\" content=\"2023-06-06T19:39:33+00:00\" \/>\n<meta property=\"og:image\" content=\"https:\/\/congovirtuel.com\/information\/wp-content\/uploads\/2023\/06\/bosco_hod-3-b990f.jpg\" \/>\n\t<meta property=\"og:image:width\" content=\"1000\" \/>\n\t<meta property=\"og:image:height\" content=\"667\" \/>\n\t<meta property=\"og:image:type\" content=\"image\/jpeg\" \/>\n<meta name=\"author\" content=\"infocongovirtuel\" \/>\n<meta name=\"twitter:card\" content=\"summary_large_image\" \/>\n<meta name=\"twitter:creator\" content=\"@congovirtuel\" \/>\n<meta name=\"twitter:site\" content=\"@congovirtuel\" \/>\n<meta name=\"twitter:label1\" content=\"\u00c9crit par\" \/>\n\t<meta name=\"twitter:data1\" content=\"infocongovirtuel\" \/>\n\t<meta name=\"twitter:label2\" content=\"Dur\u00e9e de lecture estim\u00e9e\" \/>\n\t<meta name=\"twitter:data2\" content=\"4 minutes\" \/>\n<script type=\"application\/ld+json\" class=\"yoast-schema-graph\">{\"@context\":\"https:\\\/\\\/schema.org\",\"@graph\":[{\"@type\":\"Article\",\"@id\":\"https:\\\/\\\/congovirtuel.com\\\/information\\\/rwanda-jean-bosco-ntibitura-ancien-chef-de-lescadron-de-la-mort-rwandais-en-europe-nomme-a-la-tete-de-niss\\\/#article\",\"isPartOf\":{\"@id\":\"https:\\\/\\\/congovirtuel.com\\\/information\\\/rwanda-jean-bosco-ntibitura-ancien-chef-de-lescadron-de-la-mort-rwandais-en-europe-nomme-a-la-tete-de-niss\\\/\"},\"author\":{\"name\":\"infocongovirtuel\",\"@id\":\"https:\\\/\\\/congovirtuel.com\\\/information\\\/#\\\/schema\\\/person\\\/739a44bf7990966cb53d58d2fdeca0b6\"},\"headline\":\"Rwanda: Jean Bosco Ntibitura ancien chef de l&rsquo;escadron de la mort rwandais en Europe nomm\u00e9 \u00e0 la t\u00eate de NISS\",\"datePublished\":\"2023-06-06T19:39:33+00:00\",\"mainEntityOfPage\":{\"@id\":\"https:\\\/\\\/congovirtuel.com\\\/information\\\/rwanda-jean-bosco-ntibitura-ancien-chef-de-lescadron-de-la-mort-rwandais-en-europe-nomme-a-la-tete-de-niss\\\/\"},\"wordCount\":687,\"commentCount\":0,\"publisher\":{\"@id\":\"https:\\\/\\\/congovirtuel.com\\\/information\\\/#organization\"},\"image\":{\"@id\":\"https:\\\/\\\/congovirtuel.com\\\/information\\\/rwanda-jean-bosco-ntibitura-ancien-chef-de-lescadron-de-la-mort-rwandais-en-europe-nomme-a-la-tete-de-niss\\\/#primaryimage\"},\"thumbnailUrl\":\"https:\\\/\\\/congovirtuel.com\\\/information\\\/wp-content\\\/uploads\\\/2023\\\/06\\\/bosco_hod-3-b990f.jpg\",\"keywords\":[\"Nominations arm\u00e9e rwandaise\"],\"articleSection\":[\"Rwanda\"],\"inLanguage\":\"fr-FR\",\"potentialAction\":[{\"@type\":\"CommentAction\",\"name\":\"Comment\",\"target\":[\"https:\\\/\\\/congovirtuel.com\\\/information\\\/rwanda-jean-bosco-ntibitura-ancien-chef-de-lescadron-de-la-mort-rwandais-en-europe-nomme-a-la-tete-de-niss\\\/#respond\"]}]},{\"@type\":\"WebPage\",\"@id\":\"https:\\\/\\\/congovirtuel.com\\\/information\\\/rwanda-jean-bosco-ntibitura-ancien-chef-de-lescadron-de-la-mort-rwandais-en-europe-nomme-a-la-tete-de-niss\\\/\",\"url\":\"https:\\\/\\\/congovirtuel.com\\\/information\\\/rwanda-jean-bosco-ntibitura-ancien-chef-de-lescadron-de-la-mort-rwandais-en-europe-nomme-a-la-tete-de-niss\\\/\",\"name\":\"Rwanda: Jean Bosco Ntibitura ancien chef de l'escadron de la mort rwandais en Europe nomm\u00e9 \u00e0 la t\u00eate de NISS - Actualit\u00e9s congolaises et internationales\",\"isPartOf\":{\"@id\":\"https:\\\/\\\/congovirtuel.com\\\/information\\\/#website\"},\"primaryImageOfPage\":{\"@id\":\"https:\\\/\\\/congovirtuel.com\\\/information\\\/rwanda-jean-bosco-ntibitura-ancien-chef-de-lescadron-de-la-mort-rwandais-en-europe-nomme-a-la-tete-de-niss\\\/#primaryimage\"},\"image\":{\"@id\":\"https:\\\/\\\/congovirtuel.com\\\/information\\\/rwanda-jean-bosco-ntibitura-ancien-chef-de-lescadron-de-la-mort-rwandais-en-europe-nomme-a-la-tete-de-niss\\\/#primaryimage\"},\"thumbnailUrl\":\"https:\\\/\\\/congovirtuel.com\\\/information\\\/wp-content\\\/uploads\\\/2023\\\/06\\\/bosco_hod-3-b990f.jpg\",\"datePublished\":\"2023-06-06T19:39:33+00:00\",\"breadcrumb\":{\"@id\":\"https:\\\/\\\/congovirtuel.com\\\/information\\\/rwanda-jean-bosco-ntibitura-ancien-chef-de-lescadron-de-la-mort-rwandais-en-europe-nomme-a-la-tete-de-niss\\\/#breadcrumb\"},\"inLanguage\":\"fr-FR\",\"potentialAction\":[{\"@type\":\"ReadAction\",\"target\":[\"https:\\\/\\\/congovirtuel.com\\\/information\\\/rwanda-jean-bosco-ntibitura-ancien-chef-de-lescadron-de-la-mort-rwandais-en-europe-nomme-a-la-tete-de-niss\\\/\"]}]},{\"@type\":\"ImageObject\",\"inLanguage\":\"fr-FR\",\"@id\":\"https:\\\/\\\/congovirtuel.com\\\/information\\\/rwanda-jean-bosco-ntibitura-ancien-chef-de-lescadron-de-la-mort-rwandais-en-europe-nomme-a-la-tete-de-niss\\\/#primaryimage\",\"url\":\"https:\\\/\\\/congovirtuel.com\\\/information\\\/wp-content\\\/uploads\\\/2023\\\/06\\\/bosco_hod-3-b990f.jpg\",\"contentUrl\":\"https:\\\/\\\/congovirtuel.com\\\/information\\\/wp-content\\\/uploads\\\/2023\\\/06\\\/bosco_hod-3-b990f.jpg\",\"width\":1000,\"height\":667},{\"@type\":\"BreadcrumbList\",\"@id\":\"https:\\\/\\\/congovirtuel.com\\\/information\\\/rwanda-jean-bosco-ntibitura-ancien-chef-de-lescadron-de-la-mort-rwandais-en-europe-nomme-a-la-tete-de-niss\\\/#breadcrumb\",\"itemListElement\":[{\"@type\":\"ListItem\",\"position\":1,\"name\":\"Accueil\",\"item\":\"https:\\\/\\\/congovirtuel.com\\\/information\\\/\"},{\"@type\":\"ListItem\",\"position\":2,\"name\":\"Rwanda: Jean Bosco Ntibitura ancien chef de l&rsquo;escadron de la mort rwandais en Europe nomm\u00e9 \u00e0 la t\u00eate de NISS\"}]},{\"@type\":\"WebSite\",\"@id\":\"https:\\\/\\\/congovirtuel.com\\\/information\\\/#website\",\"url\":\"https:\\\/\\\/congovirtuel.com\\\/information\\\/\",\"name\":\"Actualit\u00e9s congolaises et internationales\",\"description\":\"site d&#039;analyse et de traitement d&#039;information\",\"publisher\":{\"@id\":\"https:\\\/\\\/congovirtuel.com\\\/information\\\/#organization\"},\"potentialAction\":[{\"@type\":\"SearchAction\",\"target\":{\"@type\":\"EntryPoint\",\"urlTemplate\":\"https:\\\/\\\/congovirtuel.com\\\/information\\\/?s={search_term_string}\"},\"query-input\":{\"@type\":\"PropertyValueSpecification\",\"valueRequired\":true,\"valueName\":\"search_term_string\"}}],\"inLanguage\":\"fr-FR\"},{\"@type\":\"Organization\",\"@id\":\"https:\\\/\\\/congovirtuel.com\\\/information\\\/#organization\",\"name\":\"Biblioth\u00e8que Virtuelle de la RDC\",\"url\":\"https:\\\/\\\/congovirtuel.com\\\/information\\\/\",\"logo\":{\"@type\":\"ImageObject\",\"inLanguage\":\"fr-FR\",\"@id\":\"https:\\\/\\\/congovirtuel.com\\\/information\\\/#\\\/schema\\\/logo\\\/image\\\/\",\"url\":\"https:\\\/\\\/congovirtuel.com\\\/information\\\/wp-content\\\/uploads\\\/2018\\\/10\\\/header-info-congovirtuel-vraie.jpg\",\"contentUrl\":\"https:\\\/\\\/congovirtuel.com\\\/information\\\/wp-content\\\/uploads\\\/2018\\\/10\\\/header-info-congovirtuel-vraie.jpg\",\"width\":728,\"height\":90,\"caption\":\"Biblioth\u00e8que Virtuelle de la RDC\"},\"image\":{\"@id\":\"https:\\\/\\\/congovirtuel.com\\\/information\\\/#\\\/schema\\\/logo\\\/image\\\/\"},\"sameAs\":[\"https:\\\/\\\/web.facebook.com\\\/Congovirtuel-763617960319601\\\/?ref=aymt_homepage_panel&amp;amp;amp;amp;amp;amp;amp;amp;amp;amp;amp;eid=ARCoxULa66767kIgF_KYav6VdjXTI4yk_LW4yoVO9s6NXpysgb7Cb65vpxcxgqzOAKvIbLQxaAETcqHT\",\"https:\\\/\\\/x.com\\\/congovirtuel\",\"https:\\\/\\\/www.youtube.com\\\/channel\\\/UCkFfprYzGgS3EWNpeMXpToQ?view_as=subscriber\"]},{\"@type\":\"Person\",\"@id\":\"https:\\\/\\\/congovirtuel.com\\\/information\\\/#\\\/schema\\\/person\\\/739a44bf7990966cb53d58d2fdeca0b6\",\"name\":\"infocongovirtuel\",\"image\":{\"@type\":\"ImageObject\",\"inLanguage\":\"fr-FR\",\"@id\":\"https:\\\/\\\/secure.gravatar.com\\\/avatar\\\/4d76991aa72469f0eb22e772586c99113c6997f88da636a9db8f2ce3a2c05e69?s=96&d=mm&r=g\",\"url\":\"https:\\\/\\\/secure.gravatar.com\\\/avatar\\\/4d76991aa72469f0eb22e772586c99113c6997f88da636a9db8f2ce3a2c05e69?s=96&d=mm&r=g\",\"contentUrl\":\"https:\\\/\\\/secure.gravatar.com\\\/avatar\\\/4d76991aa72469f0eb22e772586c99113c6997f88da636a9db8f2ce3a2c05e69?s=96&d=mm&r=g\",\"caption\":\"infocongovirtuel\"},\"url\":\"https:\\\/\\\/congovirtuel.com\\\/information\\\/author\\\/infocongovirtuel\\\/\"}]}<\/script>\n<!-- \/ Yoast SEO plugin. -->","yoast_head_json":{"title":"Rwanda: Jean Bosco Ntibitura ancien chef de l'escadron de la mort rwandais en Europe nomm\u00e9 \u00e0 la t\u00eate de NISS - Actualit\u00e9s congolaises et internationales","robots":{"index":"index","follow":"follow","max-snippet":"max-snippet:-1","max-image-preview":"max-image-preview:large","max-video-preview":"max-video-preview:-1"},"canonical":"https:\/\/congovirtuel.com\/information\/rwanda-jean-bosco-ntibitura-ancien-chef-de-lescadron-de-la-mort-rwandais-en-europe-nomme-a-la-tete-de-niss\/","og_locale":"fr_FR","og_type":"article","og_title":"Rwanda: Jean Bosco Ntibitura ancien chef de l'escadron de la mort rwandais en Europe nomm\u00e9 \u00e0 la t\u00eate de NISS - Actualit\u00e9s congolaises et internationales","og_description":"Au Rwanda, le pr\u00e9sident rwandais Paul Kagame a proc\u00e9d\u00e9 \u00e0 une demi-douzaine de changements au sein de l\u2019arm\u00e9e et service de renseignement, ce 5 juin 2023. Parmi ceux-ci figure Jean Bosco Ntibitura, qui a \u00e9t\u00e9 nomm\u00e9 directeur g\u00e9n\u00e9ral du Service national de renseignement et de s\u00e9curit\u00e9, NISS, en charge de la s\u00e9curit\u00e9 int\u00e9rieure. Ce poste \u00e9tait auparavant occup\u00e9 par Gasana Alfred qui a \u00e9t\u00e9 nomm\u00e9 ministre de la S\u00e9curit\u00e9 en 2021. Seulement, le nomin\u00e9 a fait parler son nom pour avoir \u00e9t\u00e9 parmi les t\u00e9nors d&rsquo;escadrons de la mort\u00bb. En&hellip;","og_url":"https:\/\/congovirtuel.com\/information\/rwanda-jean-bosco-ntibitura-ancien-chef-de-lescadron-de-la-mort-rwandais-en-europe-nomme-a-la-tete-de-niss\/","og_site_name":"Actualit\u00e9s congolaises et internationales","article_publisher":"https:\/\/web.facebook.com\/Congovirtuel-763617960319601\/?ref=aymt_homepage_panel&amp%3bamp%3bamp%3bamp%3bamp%3bamp%3bamp%3bamp%3bamp%3bamp%3bamp%3beid=ARCoxULa66767kIgF_KYav6VdjXTI4yk_LW4yoVO9s6NXpysgb7Cb65vpxcxgqzOAKvIbLQxaAETcqHT","article_published_time":"2023-06-06T19:39:33+00:00","og_image":[{"width":1000,"height":667,"url":"https:\/\/congovirtuel.com\/information\/wp-content\/uploads\/2023\/06\/bosco_hod-3-b990f.jpg","type":"image\/jpeg"}],"author":"infocongovirtuel","twitter_card":"summary_large_image","twitter_creator":"@congovirtuel","twitter_site":"@congovirtuel","twitter_misc":{"\u00c9crit par":"infocongovirtuel","Dur\u00e9e de lecture estim\u00e9e":"4 minutes"},"schema":{"@context":"https:\/\/schema.org","@graph":[{"@type":"Article","@id":"https:\/\/congovirtuel.com\/information\/rwanda-jean-bosco-ntibitura-ancien-chef-de-lescadron-de-la-mort-rwandais-en-europe-nomme-a-la-tete-de-niss\/#article","isPartOf":{"@id":"https:\/\/congovirtuel.com\/information\/rwanda-jean-bosco-ntibitura-ancien-chef-de-lescadron-de-la-mort-rwandais-en-europe-nomme-a-la-tete-de-niss\/"},"author":{"name":"infocongovirtuel","@id":"https:\/\/congovirtuel.com\/information\/#\/schema\/person\/739a44bf7990966cb53d58d2fdeca0b6"},"headline":"Rwanda: Jean Bosco Ntibitura ancien chef de l&rsquo;escadron de la mort rwandais en Europe nomm\u00e9 \u00e0 la t\u00eate de NISS","datePublished":"2023-06-06T19:39:33+00:00","mainEntityOfPage":{"@id":"https:\/\/congovirtuel.com\/information\/rwanda-jean-bosco-ntibitura-ancien-chef-de-lescadron-de-la-mort-rwandais-en-europe-nomme-a-la-tete-de-niss\/"},"wordCount":687,"commentCount":0,"publisher":{"@id":"https:\/\/congovirtuel.com\/information\/#organization"},"image":{"@id":"https:\/\/congovirtuel.com\/information\/rwanda-jean-bosco-ntibitura-ancien-chef-de-lescadron-de-la-mort-rwandais-en-europe-nomme-a-la-tete-de-niss\/#primaryimage"},"thumbnailUrl":"https:\/\/congovirtuel.com\/information\/wp-content\/uploads\/2023\/06\/bosco_hod-3-b990f.jpg","keywords":["Nominations arm\u00e9e rwandaise"],"articleSection":["Rwanda"],"inLanguage":"fr-FR","potentialAction":[{"@type":"CommentAction","name":"Comment","target":["https:\/\/congovirtuel.com\/information\/rwanda-jean-bosco-ntibitura-ancien-chef-de-lescadron-de-la-mort-rwandais-en-europe-nomme-a-la-tete-de-niss\/#respond"]}]},{"@type":"WebPage","@id":"https:\/\/congovirtuel.com\/information\/rwanda-jean-bosco-ntibitura-ancien-chef-de-lescadron-de-la-mort-rwandais-en-europe-nomme-a-la-tete-de-niss\/","url":"https:\/\/congovirtuel.com\/information\/rwanda-jean-bosco-ntibitura-ancien-chef-de-lescadron-de-la-mort-rwandais-en-europe-nomme-a-la-tete-de-niss\/","name":"Rwanda: Jean Bosco Ntibitura ancien chef de l'escadron de la mort rwandais en Europe nomm\u00e9 \u00e0 la t\u00eate de NISS - Actualit\u00e9s congolaises et internationales","isPartOf":{"@id":"https:\/\/congovirtuel.com\/information\/#website"},"primaryImageOfPage":{"@id":"https:\/\/congovirtuel.com\/information\/rwanda-jean-bosco-ntibitura-ancien-chef-de-lescadron-de-la-mort-rwandais-en-europe-nomme-a-la-tete-de-niss\/#primaryimage"},"image":{"@id":"https:\/\/congovirtuel.com\/information\/rwanda-jean-bosco-ntibitura-ancien-chef-de-lescadron-de-la-mort-rwandais-en-europe-nomme-a-la-tete-de-niss\/#primaryimage"},"thumbnailUrl":"https:\/\/congovirtuel.com\/information\/wp-content\/uploads\/2023\/06\/bosco_hod-3-b990f.jpg","datePublished":"2023-06-06T19:39:33+00:00","breadcrumb":{"@id":"https:\/\/congovirtuel.com\/information\/rwanda-jean-bosco-ntibitura-ancien-chef-de-lescadron-de-la-mort-rwandais-en-europe-nomme-a-la-tete-de-niss\/#breadcrumb"},"inLanguage":"fr-FR","potentialAction":[{"@type":"ReadAction","target":["https:\/\/congovirtuel.com\/information\/rwanda-jean-bosco-ntibitura-ancien-chef-de-lescadron-de-la-mort-rwandais-en-europe-nomme-a-la-tete-de-niss\/"]}]},{"@type":"ImageObject","inLanguage":"fr-FR","@id":"https:\/\/congovirtuel.com\/information\/rwanda-jean-bosco-ntibitura-ancien-chef-de-lescadron-de-la-mort-rwandais-en-europe-nomme-a-la-tete-de-niss\/#primaryimage","url":"https:\/\/congovirtuel.com\/information\/wp-content\/uploads\/2023\/06\/bosco_hod-3-b990f.jpg","contentUrl":"https:\/\/congovirtuel.com\/information\/wp-content\/uploads\/2023\/06\/bosco_hod-3-b990f.jpg","width":1000,"height":667},{"@type":"BreadcrumbList","@id":"https:\/\/congovirtuel.com\/information\/rwanda-jean-bosco-ntibitura-ancien-chef-de-lescadron-de-la-mort-rwandais-en-europe-nomme-a-la-tete-de-niss\/#breadcrumb","itemListElement":[{"@type":"ListItem","position":1,"name":"Accueil","item":"https:\/\/congovirtuel.com\/information\/"},{"@type":"ListItem","position":2,"name":"Rwanda: Jean Bosco Ntibitura ancien chef de l&rsquo;escadron de la mort rwandais en Europe nomm\u00e9 \u00e0 la t\u00eate de NISS"}]},{"@type":"WebSite","@id":"https:\/\/congovirtuel.com\/information\/#website","url":"https:\/\/congovirtuel.com\/information\/","name":"Actualit\u00e9s congolaises et internationales","description":"site d&#039;analyse et de traitement d&#039;information","publisher":{"@id":"https:\/\/congovirtuel.com\/information\/#organization"},"potentialAction":[{"@type":"SearchAction","target":{"@type":"EntryPoint","urlTemplate":"https:\/\/congovirtuel.com\/information\/?s={search_term_string}"},"query-input":{"@type":"PropertyValueSpecification","valueRequired":true,"valueName":"search_term_string"}}],"inLanguage":"fr-FR"},{"@type":"Organization","@id":"https:\/\/congovirtuel.com\/information\/#organization","name":"Biblioth\u00e8que Virtuelle de la RDC","url":"https:\/\/congovirtuel.com\/information\/","logo":{"@type":"ImageObject","inLanguage":"fr-FR","@id":"https:\/\/congovirtuel.com\/information\/#\/schema\/logo\/image\/","url":"https:\/\/congovirtuel.com\/information\/wp-content\/uploads\/2018\/10\/header-info-congovirtuel-vraie.jpg","contentUrl":"https:\/\/congovirtuel.com\/information\/wp-content\/uploads\/2018\/10\/header-info-congovirtuel-vraie.jpg","width":728,"height":90,"caption":"Biblioth\u00e8que Virtuelle de la RDC"},"image":{"@id":"https:\/\/congovirtuel.com\/information\/#\/schema\/logo\/image\/"},"sameAs":["https:\/\/web.facebook.com\/Congovirtuel-763617960319601\/?ref=aymt_homepage_panel&amp;amp;amp;amp;amp;amp;amp;amp;amp;amp;amp;eid=ARCoxULa66767kIgF_KYav6VdjXTI4yk_LW4yoVO9s6NXpysgb7Cb65vpxcxgqzOAKvIbLQxaAETcqHT","https:\/\/x.com\/congovirtuel","https:\/\/www.youtube.com\/channel\/UCkFfprYzGgS3EWNpeMXpToQ?view_as=subscriber"]},{"@type":"Person","@id":"https:\/\/congovirtuel.com\/information\/#\/schema\/person\/739a44bf7990966cb53d58d2fdeca0b6","name":"infocongovirtuel","image":{"@type":"ImageObject","inLanguage":"fr-FR","@id":"https:\/\/secure.gravatar.com\/avatar\/4d76991aa72469f0eb22e772586c99113c6997f88da636a9db8f2ce3a2c05e69?s=96&d=mm&r=g","url":"https:\/\/secure.gravatar.com\/avatar\/4d76991aa72469f0eb22e772586c99113c6997f88da636a9db8f2ce3a2c05e69?s=96&d=mm&r=g","contentUrl":"https:\/\/secure.gravatar.com\/avatar\/4d76991aa72469f0eb22e772586c99113c6997f88da636a9db8f2ce3a2c05e69?s=96&d=mm&r=g","caption":"infocongovirtuel"},"url":"https:\/\/congovirtuel.com\/information\/author\/infocongovirtuel\/"}]}},"gt_translate_keys":[{"key":"link","format":"url"}],"_links":{"self":[{"href":"https:\/\/congovirtuel.com\/information\/wp-json\/wp\/v2\/posts\/22602","targetHints":{"allow":["GET"]}}],"collection":[{"href":"https:\/\/congovirtuel.com\/information\/wp-json\/wp\/v2\/posts"}],"about":[{"href":"https:\/\/congovirtuel.com\/information\/wp-json\/wp\/v2\/types\/post"}],"author":[{"embeddable":true,"href":"https:\/\/congovirtuel.com\/information\/wp-json\/wp\/v2\/users\/1"}],"replies":[{"embeddable":true,"href":"https:\/\/congovirtuel.com\/information\/wp-json\/wp\/v2\/comments?post=22602"}],"version-history":[{"count":1,"href":"https:\/\/congovirtuel.com\/information\/wp-json\/wp\/v2\/posts\/22602\/revisions"}],"predecessor-version":[{"id":22603,"href":"https:\/\/congovirtuel.com\/information\/wp-json\/wp\/v2\/posts\/22602\/revisions\/22603"}],"wp:featuredmedia":[{"embeddable":true,"href":"https:\/\/congovirtuel.com\/information\/wp-json\/wp\/v2\/media\/22601"}],"wp:attachment":[{"href":"https:\/\/congovirtuel.com\/information\/wp-json\/wp\/v2\/media?parent=22602"}],"wp:term":[{"taxonomy":"category","embeddable":true,"href":"https:\/\/congovirtuel.com\/information\/wp-json\/wp\/v2\/categories?post=22602"},{"taxonomy":"post_tag","embeddable":true,"href":"https:\/\/congovirtuel.com\/information\/wp-json\/wp\/v2\/tags?post=22602"}],"curies":[{"name":"wp","href":"https:\/\/api.w.org\/{rel}","templated":true}]}}