{"id":22658,"date":"2023-06-11T06:42:39","date_gmt":"2023-06-11T05:42:39","guid":{"rendered":"https:\/\/congovirtuel.com\/information\/?p=22658"},"modified":"2023-06-11T06:42:39","modified_gmt":"2023-06-11T05:42:39","slug":"rdc-31-ans-apres-general-motors-tshisekedi-inaugure-lusine-de-montage-de-bus-mercedes","status":"publish","type":"post","link":"https:\/\/congovirtuel.com\/information\/rdc-31-ans-apres-general-motors-tshisekedi-inaugure-lusine-de-montage-de-bus-mercedes\/","title":{"rendered":"RDC: 31 ans apr\u00e8s \u00abG\u00e9n\u00e9ral Motors\u00bb, Tshisekedi inaugure l\u2019usine de montage de bus Mercedes","gt_translate_keys":[{"key":"rendered","format":"text"}]},"content":{"rendered":"<p>Le Pr\u00e9sident de la R\u00e9publique d\u00e9mocratique du Congo, F\u00e9lix Tshisekedi, a inaugur\u00e9 une usine de montage de bus de marque Mercedes Benz \u00e0 Kinshasa.<\/p>\n<p>Cette usine repr\u00e9sente un v\u00e9ritable boost pour l&rsquo;industrie locale et offre de l&#8217;emploi aux Congolais. Elle a \u00e9t\u00e9 construite par l&rsquo;entreprise \u00ab\u00a0Supr\u00eame automobiles\u00a0\u00bb, choisie par l&rsquo;Etat congolais pour l&rsquo;assemblage des v\u00e9hicules portant le logo \u00e9toil\u00e9 de Mercedes.<\/p>\n<p><img loading=\"lazy\" decoding=\"async\" class=\"alignnone size-medium wp-image-22659\" src=\"https:\/\/congovirtuel.com\/information\/wp-content\/uploads\/2023\/06\/IMG-20230610-WA0087-487x365.jpg\" alt=\"\" width=\"487\" height=\"365\" srcset=\"https:\/\/congovirtuel.com\/information\/wp-content\/uploads\/2023\/06\/IMG-20230610-WA0087-487x365.jpg 487w, https:\/\/congovirtuel.com\/information\/wp-content\/uploads\/2023\/06\/IMG-20230610-WA0087-840x630.jpg 840w, https:\/\/congovirtuel.com\/information\/wp-content\/uploads\/2023\/06\/IMG-20230610-WA0087-768x576.jpg 768w, https:\/\/congovirtuel.com\/information\/wp-content\/uploads\/2023\/06\/IMG-20230610-WA0087.jpg 960w\" sizes=\"auto, (max-width: 487px) 100vw, 487px\" \/><\/p>\n<p>Cette initiative marque ainsi une relance de la production locale en automobiles, quelque 31 ans apr\u00e8s le d\u00e9part de General Motors, et ambitionne de limiter sensiblement les importations pour ramener des devises au pays.<\/p>\n<p>La premi\u00e8re phase de d\u00e9marrage verra la production de 25 bus par mois avec l&#8217;emploi de 500 travailleurs.<\/p>\n<p>Aim\u00e9 Binda<\/p>\n","protected":false,"gt_translate_keys":[{"key":"rendered","format":"html"}]},"excerpt":{"rendered":"<p>Le Pr\u00e9sident de la R\u00e9publique d\u00e9mocratique du Congo, F\u00e9lix Tshisekedi, a inaugur\u00e9 une usine de montage de bus de marque Mercedes Benz \u00e0 Kinshasa. Cette usine repr\u00e9sente un v\u00e9ritable boost pour l&rsquo;industrie locale et offre de l&#8217;emploi aux Congolais. Elle a \u00e9t\u00e9 construite par l&rsquo;entreprise \u00ab\u00a0Supr\u00eame automobiles\u00a0\u00bb, choisie par l&rsquo;Etat congolais pour l&rsquo;assemblage des v\u00e9hicules portant le logo \u00e9toil\u00e9 de Mercedes. Cette initiative marque ainsi une relance de la production locale en automobiles, quelque 31 ans apr\u00e8s le d\u00e9part de General Motors, et ambitionne de limiter sensiblement les importations pour&hellip;<\/p>\n","protected":false,"gt_translate_keys":[{"key":"rendered","format":"html"}]},"author":1,"featured_media":22657,"comment_status":"open","ping_status":"open","sticky":false,"template":"","format":"standard","meta":{"_crdt_document":"","footnotes":""},"categories":[2264],"tags":[38234,38233,38232],"class_list":["post-22658","post","type-post","status-publish","format-standard","has-post-thumbnail","hentry","category-investissement","tag-bus-transco","tag-montage-mercedes-rdc","tag-usine-montage-transco-rdc"],"gutentor_comment":0,"yoast_head":"<!-- This site is optimized with the Yoast SEO plugin v27.5 - https:\/\/yoast.com\/product\/yoast-seo-wordpress\/ -->\n<title>RDC: 31 ans apr\u00e8s \u00abG\u00e9n\u00e9ral Motors\u00bb, Tshisekedi inaugure l\u2019usine de montage de bus Mercedes - Actualit\u00e9s congolaises et internationales<\/title>\n<meta name=\"robots\" content=\"index, follow, max-snippet:-1, max-image-preview:large, max-video-preview:-1\" \/>\n<link rel=\"canonical\" href=\"https:\/\/congovirtuel.com\/information\/rdc-31-ans-apres-general-motors-tshisekedi-inaugure-lusine-de-montage-de-bus-mercedes\/\" \/>\n<meta property=\"og:locale\" content=\"fr_FR\" \/>\n<meta property=\"og:type\" content=\"article\" \/>\n<meta property=\"og:title\" content=\"RDC: 31 ans apr\u00e8s \u00abG\u00e9n\u00e9ral Motors\u00bb, Tshisekedi inaugure l\u2019usine de montage de bus Mercedes - Actualit\u00e9s congolaises et internationales\" \/>\n<meta property=\"og:description\" content=\"Le Pr\u00e9sident de la R\u00e9publique d\u00e9mocratique du Congo, F\u00e9lix Tshisekedi, a inaugur\u00e9 une usine de montage de bus de marque Mercedes Benz \u00e0 Kinshasa. Cette usine repr\u00e9sente un v\u00e9ritable boost pour l&rsquo;industrie locale et offre de l&#8217;emploi aux Congolais. Elle a \u00e9t\u00e9 construite par l&rsquo;entreprise \u00ab\u00a0Supr\u00eame automobiles\u00a0\u00bb, choisie par l&rsquo;Etat congolais pour l&rsquo;assemblage des v\u00e9hicules portant le logo \u00e9toil\u00e9 de Mercedes. Cette initiative marque ainsi une relance de la production locale en automobiles, quelque 31 ans apr\u00e8s le d\u00e9part de General Motors, et ambitionne de limiter sensiblement les importations pour&hellip;\" \/>\n<meta property=\"og:url\" content=\"https:\/\/congovirtuel.com\/information\/rdc-31-ans-apres-general-motors-tshisekedi-inaugure-lusine-de-montage-de-bus-mercedes\/\" \/>\n<meta property=\"og:site_name\" content=\"Actualit\u00e9s congolaises et internationales\" \/>\n<meta property=\"article:publisher\" content=\"https:\/\/web.facebook.com\/Congovirtuel-763617960319601\/?ref=aymt_homepage_panel&amp;amp%3bamp%3bamp%3bamp%3bamp%3bamp%3bamp%3bamp%3bamp%3bamp%3bamp%3beid=ARCoxULa66767kIgF_KYav6VdjXTI4yk_LW4yoVO9s6NXpysgb7Cb65vpxcxgqzOAKvIbLQxaAETcqHT\" \/>\n<meta property=\"article:published_time\" content=\"2023-06-11T05:42:39+00:00\" \/>\n<meta property=\"og:image\" content=\"https:\/\/congovirtuel.com\/information\/wp-content\/uploads\/2023\/06\/IMG-20230610-WA0095.jpg\" \/>\n\t<meta property=\"og:image:width\" content=\"1080\" \/>\n\t<meta property=\"og:image:height\" content=\"810\" \/>\n\t<meta property=\"og:image:type\" content=\"image\/jpeg\" \/>\n<meta name=\"author\" content=\"infocongovirtuel\" \/>\n<meta name=\"twitter:card\" content=\"summary_large_image\" \/>\n<meta name=\"twitter:creator\" content=\"@congovirtuel\" \/>\n<meta name=\"twitter:site\" content=\"@congovirtuel\" \/>\n<meta name=\"twitter:label1\" content=\"\u00c9crit par\" \/>\n\t<meta name=\"twitter:data1\" content=\"infocongovirtuel\" \/>\n\t<meta name=\"twitter:label2\" content=\"Dur\u00e9e de lecture estim\u00e9e\" \/>\n\t<meta name=\"twitter:data2\" content=\"1 minute\" \/>\n<script type=\"application\/ld+json\" class=\"yoast-schema-graph\">{\"@context\":\"https:\\\/\\\/schema.org\",\"@graph\":[{\"@type\":\"Article\",\"@id\":\"https:\\\/\\\/congovirtuel.com\\\/information\\\/rdc-31-ans-apres-general-motors-tshisekedi-inaugure-lusine-de-montage-de-bus-mercedes\\\/#article\",\"isPartOf\":{\"@id\":\"https:\\\/\\\/congovirtuel.com\\\/information\\\/rdc-31-ans-apres-general-motors-tshisekedi-inaugure-lusine-de-montage-de-bus-mercedes\\\/\"},\"author\":{\"name\":\"infocongovirtuel\",\"@id\":\"https:\\\/\\\/congovirtuel.com\\\/information\\\/#\\\/schema\\\/person\\\/739a44bf7990966cb53d58d2fdeca0b6\"},\"headline\":\"RDC: 31 ans apr\u00e8s \u00abG\u00e9n\u00e9ral Motors\u00bb, Tshisekedi inaugure l\u2019usine de montage de bus Mercedes\",\"datePublished\":\"2023-06-11T05:42:39+00:00\",\"mainEntityOfPage\":{\"@id\":\"https:\\\/\\\/congovirtuel.com\\\/information\\\/rdc-31-ans-apres-general-motors-tshisekedi-inaugure-lusine-de-montage-de-bus-mercedes\\\/\"},\"wordCount\":146,\"commentCount\":0,\"publisher\":{\"@id\":\"https:\\\/\\\/congovirtuel.com\\\/information\\\/#organization\"},\"image\":{\"@id\":\"https:\\\/\\\/congovirtuel.com\\\/information\\\/rdc-31-ans-apres-general-motors-tshisekedi-inaugure-lusine-de-montage-de-bus-mercedes\\\/#primaryimage\"},\"thumbnailUrl\":\"https:\\\/\\\/congovirtuel.com\\\/information\\\/wp-content\\\/uploads\\\/2023\\\/06\\\/IMG-20230610-WA0095.jpg\",\"keywords\":[\"Bus transco\",\"Montage Mercedes RDC\",\"Usine montage transco RDC\"],\"articleSection\":[\"Investissement\"],\"inLanguage\":\"fr-FR\",\"potentialAction\":[{\"@type\":\"CommentAction\",\"name\":\"Comment\",\"target\":[\"https:\\\/\\\/congovirtuel.com\\\/information\\\/rdc-31-ans-apres-general-motors-tshisekedi-inaugure-lusine-de-montage-de-bus-mercedes\\\/#respond\"]}]},{\"@type\":\"WebPage\",\"@id\":\"https:\\\/\\\/congovirtuel.com\\\/information\\\/rdc-31-ans-apres-general-motors-tshisekedi-inaugure-lusine-de-montage-de-bus-mercedes\\\/\",\"url\":\"https:\\\/\\\/congovirtuel.com\\\/information\\\/rdc-31-ans-apres-general-motors-tshisekedi-inaugure-lusine-de-montage-de-bus-mercedes\\\/\",\"name\":\"RDC: 31 ans apr\u00e8s \u00abG\u00e9n\u00e9ral Motors\u00bb, Tshisekedi inaugure l\u2019usine de montage de bus Mercedes - Actualit\u00e9s congolaises et internationales\",\"isPartOf\":{\"@id\":\"https:\\\/\\\/congovirtuel.com\\\/information\\\/#website\"},\"primaryImageOfPage\":{\"@id\":\"https:\\\/\\\/congovirtuel.com\\\/information\\\/rdc-31-ans-apres-general-motors-tshisekedi-inaugure-lusine-de-montage-de-bus-mercedes\\\/#primaryimage\"},\"image\":{\"@id\":\"https:\\\/\\\/congovirtuel.com\\\/information\\\/rdc-31-ans-apres-general-motors-tshisekedi-inaugure-lusine-de-montage-de-bus-mercedes\\\/#primaryimage\"},\"thumbnailUrl\":\"https:\\\/\\\/congovirtuel.com\\\/information\\\/wp-content\\\/uploads\\\/2023\\\/06\\\/IMG-20230610-WA0095.jpg\",\"datePublished\":\"2023-06-11T05:42:39+00:00\",\"breadcrumb\":{\"@id\":\"https:\\\/\\\/congovirtuel.com\\\/information\\\/rdc-31-ans-apres-general-motors-tshisekedi-inaugure-lusine-de-montage-de-bus-mercedes\\\/#breadcrumb\"},\"inLanguage\":\"fr-FR\",\"potentialAction\":[{\"@type\":\"ReadAction\",\"target\":[\"https:\\\/\\\/congovirtuel.com\\\/information\\\/rdc-31-ans-apres-general-motors-tshisekedi-inaugure-lusine-de-montage-de-bus-mercedes\\\/\"]}]},{\"@type\":\"ImageObject\",\"inLanguage\":\"fr-FR\",\"@id\":\"https:\\\/\\\/congovirtuel.com\\\/information\\\/rdc-31-ans-apres-general-motors-tshisekedi-inaugure-lusine-de-montage-de-bus-mercedes\\\/#primaryimage\",\"url\":\"https:\\\/\\\/congovirtuel.com\\\/information\\\/wp-content\\\/uploads\\\/2023\\\/06\\\/IMG-20230610-WA0095.jpg\",\"contentUrl\":\"https:\\\/\\\/congovirtuel.com\\\/information\\\/wp-content\\\/uploads\\\/2023\\\/06\\\/IMG-20230610-WA0095.jpg\",\"width\":1080,\"height\":810},{\"@type\":\"BreadcrumbList\",\"@id\":\"https:\\\/\\\/congovirtuel.com\\\/information\\\/rdc-31-ans-apres-general-motors-tshisekedi-inaugure-lusine-de-montage-de-bus-mercedes\\\/#breadcrumb\",\"itemListElement\":[{\"@type\":\"ListItem\",\"position\":1,\"name\":\"Accueil\",\"item\":\"https:\\\/\\\/congovirtuel.com\\\/information\\\/\"},{\"@type\":\"ListItem\",\"position\":2,\"name\":\"RDC: 31 ans apr\u00e8s \u00abG\u00e9n\u00e9ral Motors\u00bb, Tshisekedi inaugure l\u2019usine de montage de bus Mercedes\"}]},{\"@type\":\"WebSite\",\"@id\":\"https:\\\/\\\/congovirtuel.com\\\/information\\\/#website\",\"url\":\"https:\\\/\\\/congovirtuel.com\\\/information\\\/\",\"name\":\"Actualit\u00e9s congolaises et internationales\",\"description\":\"site d&#039;analyse et de traitement d&#039;information\",\"publisher\":{\"@id\":\"https:\\\/\\\/congovirtuel.com\\\/information\\\/#organization\"},\"potentialAction\":[{\"@type\":\"SearchAction\",\"target\":{\"@type\":\"EntryPoint\",\"urlTemplate\":\"https:\\\/\\\/congovirtuel.com\\\/information\\\/?s={search_term_string}\"},\"query-input\":{\"@type\":\"PropertyValueSpecification\",\"valueRequired\":true,\"valueName\":\"search_term_string\"}}],\"inLanguage\":\"fr-FR\"},{\"@type\":\"Organization\",\"@id\":\"https:\\\/\\\/congovirtuel.com\\\/information\\\/#organization\",\"name\":\"Biblioth\u00e8que Virtuelle de la RDC\",\"url\":\"https:\\\/\\\/congovirtuel.com\\\/information\\\/\",\"logo\":{\"@type\":\"ImageObject\",\"inLanguage\":\"fr-FR\",\"@id\":\"https:\\\/\\\/congovirtuel.com\\\/information\\\/#\\\/schema\\\/logo\\\/image\\\/\",\"url\":\"https:\\\/\\\/congovirtuel.com\\\/information\\\/wp-content\\\/uploads\\\/2018\\\/10\\\/header-info-congovirtuel-vraie.jpg\",\"contentUrl\":\"https:\\\/\\\/congovirtuel.com\\\/information\\\/wp-content\\\/uploads\\\/2018\\\/10\\\/header-info-congovirtuel-vraie.jpg\",\"width\":728,\"height\":90,\"caption\":\"Biblioth\u00e8que Virtuelle de la RDC\"},\"image\":{\"@id\":\"https:\\\/\\\/congovirtuel.com\\\/information\\\/#\\\/schema\\\/logo\\\/image\\\/\"},\"sameAs\":[\"https:\\\/\\\/web.facebook.com\\\/Congovirtuel-763617960319601\\\/?ref=aymt_homepage_panel&amp;amp;amp;amp;amp;amp;amp;amp;amp;amp;amp;eid=ARCoxULa66767kIgF_KYav6VdjXTI4yk_LW4yoVO9s6NXpysgb7Cb65vpxcxgqzOAKvIbLQxaAETcqHT\",\"https:\\\/\\\/x.com\\\/congovirtuel\",\"https:\\\/\\\/www.youtube.com\\\/channel\\\/UCkFfprYzGgS3EWNpeMXpToQ?view_as=subscriber\"]},{\"@type\":\"Person\",\"@id\":\"https:\\\/\\\/congovirtuel.com\\\/information\\\/#\\\/schema\\\/person\\\/739a44bf7990966cb53d58d2fdeca0b6\",\"name\":\"infocongovirtuel\",\"image\":{\"@type\":\"ImageObject\",\"inLanguage\":\"fr-FR\",\"@id\":\"https:\\\/\\\/secure.gravatar.com\\\/avatar\\\/4d76991aa72469f0eb22e772586c99113c6997f88da636a9db8f2ce3a2c05e69?s=96&d=mm&r=g\",\"url\":\"https:\\\/\\\/secure.gravatar.com\\\/avatar\\\/4d76991aa72469f0eb22e772586c99113c6997f88da636a9db8f2ce3a2c05e69?s=96&d=mm&r=g\",\"contentUrl\":\"https:\\\/\\\/secure.gravatar.com\\\/avatar\\\/4d76991aa72469f0eb22e772586c99113c6997f88da636a9db8f2ce3a2c05e69?s=96&d=mm&r=g\",\"caption\":\"infocongovirtuel\"},\"url\":\"https:\\\/\\\/congovirtuel.com\\\/information\\\/author\\\/infocongovirtuel\\\/\"}]}<\/script>\n<!-- \/ Yoast SEO plugin. -->","yoast_head_json":{"title":"RDC: 31 ans apr\u00e8s \u00abG\u00e9n\u00e9ral Motors\u00bb, Tshisekedi inaugure l\u2019usine de montage de bus Mercedes - Actualit\u00e9s congolaises et internationales","robots":{"index":"index","follow":"follow","max-snippet":"max-snippet:-1","max-image-preview":"max-image-preview:large","max-video-preview":"max-video-preview:-1"},"canonical":"https:\/\/congovirtuel.com\/information\/rdc-31-ans-apres-general-motors-tshisekedi-inaugure-lusine-de-montage-de-bus-mercedes\/","og_locale":"fr_FR","og_type":"article","og_title":"RDC: 31 ans apr\u00e8s \u00abG\u00e9n\u00e9ral Motors\u00bb, Tshisekedi inaugure l\u2019usine de montage de bus Mercedes - Actualit\u00e9s congolaises et internationales","og_description":"Le Pr\u00e9sident de la R\u00e9publique d\u00e9mocratique du Congo, F\u00e9lix Tshisekedi, a inaugur\u00e9 une usine de montage de bus de marque Mercedes Benz \u00e0 Kinshasa. Cette usine repr\u00e9sente un v\u00e9ritable boost pour l&rsquo;industrie locale et offre de l&#8217;emploi aux Congolais. Elle a \u00e9t\u00e9 construite par l&rsquo;entreprise \u00ab\u00a0Supr\u00eame automobiles\u00a0\u00bb, choisie par l&rsquo;Etat congolais pour l&rsquo;assemblage des v\u00e9hicules portant le logo \u00e9toil\u00e9 de Mercedes. Cette initiative marque ainsi une relance de la production locale en automobiles, quelque 31 ans apr\u00e8s le d\u00e9part de General Motors, et ambitionne de limiter sensiblement les importations pour&hellip;","og_url":"https:\/\/congovirtuel.com\/information\/rdc-31-ans-apres-general-motors-tshisekedi-inaugure-lusine-de-montage-de-bus-mercedes\/","og_site_name":"Actualit\u00e9s congolaises et internationales","article_publisher":"https:\/\/web.facebook.com\/Congovirtuel-763617960319601\/?ref=aymt_homepage_panel&amp%3bamp%3bamp%3bamp%3bamp%3bamp%3bamp%3bamp%3bamp%3bamp%3bamp%3beid=ARCoxULa66767kIgF_KYav6VdjXTI4yk_LW4yoVO9s6NXpysgb7Cb65vpxcxgqzOAKvIbLQxaAETcqHT","article_published_time":"2023-06-11T05:42:39+00:00","og_image":[{"width":1080,"height":810,"url":"https:\/\/congovirtuel.com\/information\/wp-content\/uploads\/2023\/06\/IMG-20230610-WA0095.jpg","type":"image\/jpeg"}],"author":"infocongovirtuel","twitter_card":"summary_large_image","twitter_creator":"@congovirtuel","twitter_site":"@congovirtuel","twitter_misc":{"\u00c9crit par":"infocongovirtuel","Dur\u00e9e de lecture estim\u00e9e":"1 minute"},"schema":{"@context":"https:\/\/schema.org","@graph":[{"@type":"Article","@id":"https:\/\/congovirtuel.com\/information\/rdc-31-ans-apres-general-motors-tshisekedi-inaugure-lusine-de-montage-de-bus-mercedes\/#article","isPartOf":{"@id":"https:\/\/congovirtuel.com\/information\/rdc-31-ans-apres-general-motors-tshisekedi-inaugure-lusine-de-montage-de-bus-mercedes\/"},"author":{"name":"infocongovirtuel","@id":"https:\/\/congovirtuel.com\/information\/#\/schema\/person\/739a44bf7990966cb53d58d2fdeca0b6"},"headline":"RDC: 31 ans apr\u00e8s \u00abG\u00e9n\u00e9ral Motors\u00bb, Tshisekedi inaugure l\u2019usine de montage de bus Mercedes","datePublished":"2023-06-11T05:42:39+00:00","mainEntityOfPage":{"@id":"https:\/\/congovirtuel.com\/information\/rdc-31-ans-apres-general-motors-tshisekedi-inaugure-lusine-de-montage-de-bus-mercedes\/"},"wordCount":146,"commentCount":0,"publisher":{"@id":"https:\/\/congovirtuel.com\/information\/#organization"},"image":{"@id":"https:\/\/congovirtuel.com\/information\/rdc-31-ans-apres-general-motors-tshisekedi-inaugure-lusine-de-montage-de-bus-mercedes\/#primaryimage"},"thumbnailUrl":"https:\/\/congovirtuel.com\/information\/wp-content\/uploads\/2023\/06\/IMG-20230610-WA0095.jpg","keywords":["Bus transco","Montage Mercedes RDC","Usine montage transco RDC"],"articleSection":["Investissement"],"inLanguage":"fr-FR","potentialAction":[{"@type":"CommentAction","name":"Comment","target":["https:\/\/congovirtuel.com\/information\/rdc-31-ans-apres-general-motors-tshisekedi-inaugure-lusine-de-montage-de-bus-mercedes\/#respond"]}]},{"@type":"WebPage","@id":"https:\/\/congovirtuel.com\/information\/rdc-31-ans-apres-general-motors-tshisekedi-inaugure-lusine-de-montage-de-bus-mercedes\/","url":"https:\/\/congovirtuel.com\/information\/rdc-31-ans-apres-general-motors-tshisekedi-inaugure-lusine-de-montage-de-bus-mercedes\/","name":"RDC: 31 ans apr\u00e8s \u00abG\u00e9n\u00e9ral Motors\u00bb, Tshisekedi inaugure l\u2019usine de montage de bus Mercedes - Actualit\u00e9s congolaises et internationales","isPartOf":{"@id":"https:\/\/congovirtuel.com\/information\/#website"},"primaryImageOfPage":{"@id":"https:\/\/congovirtuel.com\/information\/rdc-31-ans-apres-general-motors-tshisekedi-inaugure-lusine-de-montage-de-bus-mercedes\/#primaryimage"},"image":{"@id":"https:\/\/congovirtuel.com\/information\/rdc-31-ans-apres-general-motors-tshisekedi-inaugure-lusine-de-montage-de-bus-mercedes\/#primaryimage"},"thumbnailUrl":"https:\/\/congovirtuel.com\/information\/wp-content\/uploads\/2023\/06\/IMG-20230610-WA0095.jpg","datePublished":"2023-06-11T05:42:39+00:00","breadcrumb":{"@id":"https:\/\/congovirtuel.com\/information\/rdc-31-ans-apres-general-motors-tshisekedi-inaugure-lusine-de-montage-de-bus-mercedes\/#breadcrumb"},"inLanguage":"fr-FR","potentialAction":[{"@type":"ReadAction","target":["https:\/\/congovirtuel.com\/information\/rdc-31-ans-apres-general-motors-tshisekedi-inaugure-lusine-de-montage-de-bus-mercedes\/"]}]},{"@type":"ImageObject","inLanguage":"fr-FR","@id":"https:\/\/congovirtuel.com\/information\/rdc-31-ans-apres-general-motors-tshisekedi-inaugure-lusine-de-montage-de-bus-mercedes\/#primaryimage","url":"https:\/\/congovirtuel.com\/information\/wp-content\/uploads\/2023\/06\/IMG-20230610-WA0095.jpg","contentUrl":"https:\/\/congovirtuel.com\/information\/wp-content\/uploads\/2023\/06\/IMG-20230610-WA0095.jpg","width":1080,"height":810},{"@type":"BreadcrumbList","@id":"https:\/\/congovirtuel.com\/information\/rdc-31-ans-apres-general-motors-tshisekedi-inaugure-lusine-de-montage-de-bus-mercedes\/#breadcrumb","itemListElement":[{"@type":"ListItem","position":1,"name":"Accueil","item":"https:\/\/congovirtuel.com\/information\/"},{"@type":"ListItem","position":2,"name":"RDC: 31 ans apr\u00e8s \u00abG\u00e9n\u00e9ral Motors\u00bb, Tshisekedi inaugure l\u2019usine de montage de bus Mercedes"}]},{"@type":"WebSite","@id":"https:\/\/congovirtuel.com\/information\/#website","url":"https:\/\/congovirtuel.com\/information\/","name":"Actualit\u00e9s congolaises et internationales","description":"site d&#039;analyse et de traitement d&#039;information","publisher":{"@id":"https:\/\/congovirtuel.com\/information\/#organization"},"potentialAction":[{"@type":"SearchAction","target":{"@type":"EntryPoint","urlTemplate":"https:\/\/congovirtuel.com\/information\/?s={search_term_string}"},"query-input":{"@type":"PropertyValueSpecification","valueRequired":true,"valueName":"search_term_string"}}],"inLanguage":"fr-FR"},{"@type":"Organization","@id":"https:\/\/congovirtuel.com\/information\/#organization","name":"Biblioth\u00e8que Virtuelle de la RDC","url":"https:\/\/congovirtuel.com\/information\/","logo":{"@type":"ImageObject","inLanguage":"fr-FR","@id":"https:\/\/congovirtuel.com\/information\/#\/schema\/logo\/image\/","url":"https:\/\/congovirtuel.com\/information\/wp-content\/uploads\/2018\/10\/header-info-congovirtuel-vraie.jpg","contentUrl":"https:\/\/congovirtuel.com\/information\/wp-content\/uploads\/2018\/10\/header-info-congovirtuel-vraie.jpg","width":728,"height":90,"caption":"Biblioth\u00e8que Virtuelle de la RDC"},"image":{"@id":"https:\/\/congovirtuel.com\/information\/#\/schema\/logo\/image\/"},"sameAs":["https:\/\/web.facebook.com\/Congovirtuel-763617960319601\/?ref=aymt_homepage_panel&amp;amp;amp;amp;amp;amp;amp;amp;amp;amp;amp;eid=ARCoxULa66767kIgF_KYav6VdjXTI4yk_LW4yoVO9s6NXpysgb7Cb65vpxcxgqzOAKvIbLQxaAETcqHT","https:\/\/x.com\/congovirtuel","https:\/\/www.youtube.com\/channel\/UCkFfprYzGgS3EWNpeMXpToQ?view_as=subscriber"]},{"@type":"Person","@id":"https:\/\/congovirtuel.com\/information\/#\/schema\/person\/739a44bf7990966cb53d58d2fdeca0b6","name":"infocongovirtuel","image":{"@type":"ImageObject","inLanguage":"fr-FR","@id":"https:\/\/secure.gravatar.com\/avatar\/4d76991aa72469f0eb22e772586c99113c6997f88da636a9db8f2ce3a2c05e69?s=96&d=mm&r=g","url":"https:\/\/secure.gravatar.com\/avatar\/4d76991aa72469f0eb22e772586c99113c6997f88da636a9db8f2ce3a2c05e69?s=96&d=mm&r=g","contentUrl":"https:\/\/secure.gravatar.com\/avatar\/4d76991aa72469f0eb22e772586c99113c6997f88da636a9db8f2ce3a2c05e69?s=96&d=mm&r=g","caption":"infocongovirtuel"},"url":"https:\/\/congovirtuel.com\/information\/author\/infocongovirtuel\/"}]}},"gt_translate_keys":[{"key":"link","format":"url"}],"_links":{"self":[{"href":"https:\/\/congovirtuel.com\/information\/wp-json\/wp\/v2\/posts\/22658","targetHints":{"allow":["GET"]}}],"collection":[{"href":"https:\/\/congovirtuel.com\/information\/wp-json\/wp\/v2\/posts"}],"about":[{"href":"https:\/\/congovirtuel.com\/information\/wp-json\/wp\/v2\/types\/post"}],"author":[{"embeddable":true,"href":"https:\/\/congovirtuel.com\/information\/wp-json\/wp\/v2\/users\/1"}],"replies":[{"embeddable":true,"href":"https:\/\/congovirtuel.com\/information\/wp-json\/wp\/v2\/comments?post=22658"}],"version-history":[{"count":1,"href":"https:\/\/congovirtuel.com\/information\/wp-json\/wp\/v2\/posts\/22658\/revisions"}],"predecessor-version":[{"id":22660,"href":"https:\/\/congovirtuel.com\/information\/wp-json\/wp\/v2\/posts\/22658\/revisions\/22660"}],"wp:featuredmedia":[{"embeddable":true,"href":"https:\/\/congovirtuel.com\/information\/wp-json\/wp\/v2\/media\/22657"}],"wp:attachment":[{"href":"https:\/\/congovirtuel.com\/information\/wp-json\/wp\/v2\/media?parent=22658"}],"wp:term":[{"taxonomy":"category","embeddable":true,"href":"https:\/\/congovirtuel.com\/information\/wp-json\/wp\/v2\/categories?post=22658"},{"taxonomy":"post_tag","embeddable":true,"href":"https:\/\/congovirtuel.com\/information\/wp-json\/wp\/v2\/tags?post=22658"}],"curies":[{"name":"wp","href":"https:\/\/api.w.org\/{rel}","templated":true}]}}