{"id":22679,"date":"2023-06-13T16:27:57","date_gmt":"2023-06-13T15:27:57","guid":{"rendered":"https:\/\/congovirtuel.com\/information\/?p=22679"},"modified":"2023-06-13T16:32:24","modified_gmt":"2023-06-13T15:32:24","slug":"le-memo-kabilas-le-rais-sestime-en-prison-a-ciel-ouvert-et-fait-appel-au-conseil-de-securite-de-lonu-et-aux-chefs-de-letat-de-la-region","status":"publish","type":"post","link":"https:\/\/congovirtuel.com\/information\/le-memo-kabilas-le-rais-sestime-en-prison-a-ciel-ouvert-et-fait-appel-au-conseil-de-securite-de-lonu-et-aux-chefs-de-letat-de-la-region\/","title":{"rendered":"Le m\u00e9mo de Kabila: Le \u00ab\u00a0ra\u00efs\u00a0\u00bb s&rsquo;estime en \u00ab\u00a0prison \u00e0 ciel ouvert et fait appel au Conseil de s\u00e9curit\u00e9 de l&rsquo;ONU et aux chefs de l&rsquo;Etat de la r\u00e9gion","gt_translate_keys":[{"key":"rendered","format":"text"}]},"content":{"rendered":"<p>A chaque fois, Joseph Kabila fulmine contre F\u00e9lix Tshisekedi. Sur le plan personnel, il s&rsquo;estime priv\u00e9 de sa libert\u00e9 de mouvement. Chacun de ses d\u00e9placements en jet priv\u00e9 est soumis \u00e0 l&rsquo;autorisation pr\u00e9alable du chef de l&rsquo;Agence nationale de renseignements (ANR), Jean-Herv\u00e9 Mbelu Mbiosha, en lien avec le chef de l&rsquo;Etat.<\/p>\n<p>Pour se rendre en Afrique du Sud, o\u00f9 il suit un cursus universitaire et a pour habitude de voir ses m\u00e9decins, il est arriv\u00e9 \u00e0 Joseph Kabila de voyager par la route dans un convoi de v\u00e9hicules s\u00e9curis\u00e9s.<\/p>\n<p>Autre grief : les tracasseries administratives pour le renouvellement des passeports de certains membres de son clan. Il regrette par ailleurs que plusieurs de ses plus proches collaborateurs soient contraints \u00e0 l&rsquo;exil ou \u00e0 \u00eatre en cavale.<\/p>\n<p>Sur le plan politique, il mart\u00e8le devant ses interlocuteurs que les \u00e9lections de d\u00e9cembre n&rsquo;auront pas lieu. Il jette l&rsquo;anath\u00e8me en particulier sur la Commission \u00e9lectorale nationale ind\u00e9pendante (Ceni) de m\u00eame que la Cour constitutionnelle, incapables \u00e0 ses yeux d&rsquo;organiser le scrutin et de garantir un processus \u00e9quitable.<\/p>\n<p>A cela s&rsquo;ajoutent des critiques sur le suppos\u00e9 isolement international de la RDC, et les relations d\u00e9grad\u00e9es de F\u00e9lix Tshisekedi avec ses voisins de la sous-r\u00e9gion.<\/p>\n<p>Des \u00e9missaires en Afrique australe<\/p>\n<p>Ce discours, il le fait porter par des \u00e9missaires qui sillonnent la sous-r\u00e9gion pour plaider sa cause aupr\u00e8s des chefs d&rsquo;Etat.<\/p>\n<p>Selon nos informations, des repr\u00e9sentants de la \u00ab\u00a0Kabilie\u00a0\u00bb ont \u00e9t\u00e9 d\u00e9p\u00each\u00e9s ces derni\u00e8res semaines aupr\u00e8s de plusieurs pr\u00e9sidents d&rsquo;Afrique australe, notamment le Sud-africain Cyril Ramaphosa, le Zimbabw\u00e9en Emmerson Mnangagwa, et le Namibien Hage Geingob. Une autre d\u00e9l\u00e9gation est charg\u00e9e des pays membres de l&rsquo;East African Community (EAC), tels que le Rwanda de Paul Kagame, l&rsquo;Ouganda de Yoweri Museveni, le Kenya de William Ruto et la Tanzanie de Samia Suluhu Hassan.<\/p>\n<p>Selon l&rsquo;un de ces missi dominici, l&rsquo;objectif est d&rsquo;alerter, au nom de Joseph Kabila, sur la d\u00e9rive actuelle du pouvoir congolais et sensibiliser au risque que le pays s&rsquo;enfonce dans une nouvelle crise.<\/p>\n<p>L&rsquo;ex-chef de l&rsquo;Etat fait rappeler aux pr\u00e9sidents de la r\u00e9gion qu&rsquo;il a veill\u00e9 \u00e0 pr\u00e9server l&rsquo;int\u00e9grit\u00e9 territoriale avant de quitter le pouvoir et permettre, comme il le r\u00e9p\u00e8te sans cesse, la premi\u00e8re alternance pacifique en RDC. Sur le volet militaire, Joseph Kabila met \u00e9galement en exergue la d\u00e9sorganisation de la troupe, ainsi que leur manque d&rsquo;\u00e9quipement et leur incapacit\u00e9 \u00e0 porter un coup d\u00e9cisif au M23.<\/p>\n<p>L&rsquo;ancien pr\u00e9sident se montre en revanche moins disert sur ses intentions autour de l&rsquo;\u00e9ch\u00e9ance \u00e9lectorale de d\u00e9cembre 2023.<\/p>\n<p>A ses yeux, le processus \u00e9lectoral risque de d\u00e9boucher sur une violente crise politique, dont il pourrait tirer profit en se pr\u00e9sentant comme un recours. Cette strat\u00e9gie de \u00ab\u00a0l&rsquo;homme providentiel\u00a0\u00bb laisse toutefois dubitatifs certains cadres de sa formation qui ont \u00e9t\u00e9 invit\u00e9s \u00e0 ne pas faire acte de candidature aux l\u00e9gislatives de d\u00e9cembre.<\/p>\n<p>Le cercle restreint des fid\u00e8les<\/p>\n<p>Depuis 2019, le Parti du peuple pour la reconstruction et la d\u00e9mocratie (PPRD), ainsi que la coalition politique du FCC, sont rest\u00e9s \u00e9trangement atones dans leur opposition \u00e0 F\u00e9lix Tshisekedi. Le congr\u00e8s du parti, qui devait se tenir l&rsquo;an dernier, a \u00e9t\u00e9 report\u00e9 sine die, laissant les militants suspendus \u00e0 une d\u00e9cision du chef qui ne vient pas. Plusieurs figures de la \u00ab\u00a0Kabilie\u00a0\u00bb ont fait d\u00e9fection ces derniers mois pour rallier l&rsquo;Union sacr\u00e9e du pr\u00e9sident Tshisekedi, le dernier en date \u00e9tant L\u00e9onard She Okitundu, cofondateur du PPRD et ancien ministre des affaires \u00e9trang\u00e8res (d\u00e9cembre 2016-mars 2019).<\/p>\n<p>D\u00e9sormais, Joseph Kabila s&rsquo;est repli\u00e9 sur un cercle restreint de collaborateurs. Parmi ses hommes de confiance se trouve son ancien chef de la diplomatie, Raymond Tshibanda. Ce dernier coordonne un petit noyau dur compos\u00e9 notamment de l&rsquo;ex-ministre des droits humains, Marie-Ange Mushobekwa, du candidat malheureux \u00e0 la pr\u00e9sidentielle de 2018, Emmanuel Ramazani Shadary, et de l&rsquo;ancien vice-pr\u00e9sident, Azarias Ruberwa.<\/p>\n<p>Ce quatuor \u00e9tait charg\u00e9 de repr\u00e9senter le \u00ab\u00a0ra\u00efs\u00a0\u00bb aupr\u00e8s de la d\u00e9l\u00e9gation du Conseil de s\u00e9curit\u00e9 des Nations unies venue \u00e0 Kinshasa mi-mars, mais a d&rsquo;abord \u00e9t\u00e9 emp\u00each\u00e9 de se rendre \u00e0 l&rsquo;a\u00e9roport international de N&rsquo;djili par des \u00e9l\u00e9ments de la Garde r\u00e9publicaine. Une r\u00e9union a toutefois pu se tenir et un m\u00e9mo r\u00e9sumant les dol\u00e9ances de Kabila a \u00e9t\u00e9 transmis au si\u00e8ge des Nations unies \u00e0 New York.<\/p>\n<p>Extrait de l&rsquo;article d&rsquo;Africa Intelligence<\/p>\n","protected":false,"gt_translate_keys":[{"key":"rendered","format":"html"}]},"excerpt":{"rendered":"<p>A chaque fois, Joseph Kabila fulmine contre F\u00e9lix Tshisekedi. Sur le plan personnel, il s&rsquo;estime priv\u00e9 de sa libert\u00e9 de mouvement. Chacun de ses d\u00e9placements en jet priv\u00e9 est soumis \u00e0 l&rsquo;autorisation pr\u00e9alable du chef de l&rsquo;Agence nationale de renseignements (ANR), Jean-Herv\u00e9 Mbelu Mbiosha, en lien avec le chef de l&rsquo;Etat. Pour se rendre en Afrique du Sud, o\u00f9 il suit un cursus universitaire et a pour habitude de voir ses m\u00e9decins, il est arriv\u00e9 \u00e0 Joseph Kabila de voyager par la route dans un convoi de v\u00e9hicules s\u00e9curis\u00e9s. Autre&hellip;<\/p>\n","protected":false,"gt_translate_keys":[{"key":"rendered","format":"html"}]},"author":1,"featured_media":4917,"comment_status":"open","ping_status":"open","sticky":false,"template":"","format":"standard","meta":{"_crdt_document":"","footnotes":""},"categories":[231],"tags":[3978,38241],"class_list":["post-22679","post","type-post","status-publish","format-standard","has-post-thumbnail","hentry","category-securite-rdc-democratie","tag-exil-kabila","tag-joseph-kabila-prison"],"gutentor_comment":0,"yoast_head":"<!-- This site is optimized with the Yoast SEO plugin v27.5 - https:\/\/yoast.com\/product\/yoast-seo-wordpress\/ -->\n<title>Le m\u00e9mo de Kabila: Le &quot;ra\u00efs&quot; s&#039;estime en &quot;prison \u00e0 ciel ouvert et fait appel au Conseil de s\u00e9curit\u00e9 de l&#039;ONU et aux chefs de l&#039;Etat de la r\u00e9gion - Actualit\u00e9s congolaises et internationales<\/title>\n<meta name=\"robots\" content=\"index, follow, max-snippet:-1, max-image-preview:large, max-video-preview:-1\" \/>\n<link rel=\"canonical\" href=\"https:\/\/congovirtuel.com\/information\/le-memo-kabilas-le-rais-sestime-en-prison-a-ciel-ouvert-et-fait-appel-au-conseil-de-securite-de-lonu-et-aux-chefs-de-letat-de-la-region\/\" \/>\n<meta property=\"og:locale\" content=\"fr_FR\" \/>\n<meta property=\"og:type\" content=\"article\" \/>\n<meta property=\"og:title\" content=\"Le m\u00e9mo de Kabila: Le &quot;ra\u00efs&quot; s&#039;estime en &quot;prison \u00e0 ciel ouvert et fait appel au Conseil de s\u00e9curit\u00e9 de l&#039;ONU et aux chefs de l&#039;Etat de la r\u00e9gion - Actualit\u00e9s congolaises et internationales\" \/>\n<meta property=\"og:description\" content=\"A chaque fois, Joseph Kabila fulmine contre F\u00e9lix Tshisekedi. Sur le plan personnel, il s&rsquo;estime priv\u00e9 de sa libert\u00e9 de mouvement. Chacun de ses d\u00e9placements en jet priv\u00e9 est soumis \u00e0 l&rsquo;autorisation pr\u00e9alable du chef de l&rsquo;Agence nationale de renseignements (ANR), Jean-Herv\u00e9 Mbelu Mbiosha, en lien avec le chef de l&rsquo;Etat. Pour se rendre en Afrique du Sud, o\u00f9 il suit un cursus universitaire et a pour habitude de voir ses m\u00e9decins, il est arriv\u00e9 \u00e0 Joseph Kabila de voyager par la route dans un convoi de v\u00e9hicules s\u00e9curis\u00e9s. Autre&hellip;\" \/>\n<meta property=\"og:url\" content=\"https:\/\/congovirtuel.com\/information\/le-memo-kabilas-le-rais-sestime-en-prison-a-ciel-ouvert-et-fait-appel-au-conseil-de-securite-de-lonu-et-aux-chefs-de-letat-de-la-region\/\" \/>\n<meta property=\"og:site_name\" content=\"Actualit\u00e9s congolaises et internationales\" \/>\n<meta property=\"article:publisher\" content=\"https:\/\/web.facebook.com\/Congovirtuel-763617960319601\/?ref=aymt_homepage_panel&amp;amp%3bamp%3bamp%3bamp%3bamp%3bamp%3bamp%3bamp%3bamp%3bamp%3bamp%3beid=ARCoxULa66767kIgF_KYav6VdjXTI4yk_LW4yoVO9s6NXpysgb7Cb65vpxcxgqzOAKvIbLQxaAETcqHT\" \/>\n<meta property=\"article:published_time\" content=\"2023-06-13T15:27:57+00:00\" \/>\n<meta property=\"article:modified_time\" content=\"2023-06-13T15:32:24+00:00\" \/>\n<meta property=\"og:image\" content=\"https:\/\/congovirtuel.com\/information\/wp-content\/uploads\/2020\/12\/kabila_mborero.jpg\" \/>\n\t<meta property=\"og:image:width\" content=\"980\" \/>\n\t<meta property=\"og:image:height\" content=\"551\" \/>\n\t<meta property=\"og:image:type\" content=\"image\/jpeg\" \/>\n<meta name=\"author\" content=\"infocongovirtuel\" \/>\n<meta name=\"twitter:card\" content=\"summary_large_image\" \/>\n<meta name=\"twitter:creator\" content=\"@congovirtuel\" \/>\n<meta name=\"twitter:site\" content=\"@congovirtuel\" \/>\n<meta name=\"twitter:label1\" content=\"\u00c9crit par\" \/>\n\t<meta name=\"twitter:data1\" content=\"infocongovirtuel\" \/>\n\t<meta name=\"twitter:label2\" content=\"Dur\u00e9e de lecture estim\u00e9e\" \/>\n\t<meta name=\"twitter:data2\" content=\"4 minutes\" \/>\n<script type=\"application\/ld+json\" class=\"yoast-schema-graph\">{\"@context\":\"https:\\\/\\\/schema.org\",\"@graph\":[{\"@type\":\"Article\",\"@id\":\"https:\\\/\\\/congovirtuel.com\\\/information\\\/le-memo-kabilas-le-rais-sestime-en-prison-a-ciel-ouvert-et-fait-appel-au-conseil-de-securite-de-lonu-et-aux-chefs-de-letat-de-la-region\\\/#article\",\"isPartOf\":{\"@id\":\"https:\\\/\\\/congovirtuel.com\\\/information\\\/le-memo-kabilas-le-rais-sestime-en-prison-a-ciel-ouvert-et-fait-appel-au-conseil-de-securite-de-lonu-et-aux-chefs-de-letat-de-la-region\\\/\"},\"author\":{\"name\":\"infocongovirtuel\",\"@id\":\"https:\\\/\\\/congovirtuel.com\\\/information\\\/#\\\/schema\\\/person\\\/739a44bf7990966cb53d58d2fdeca0b6\"},\"headline\":\"Le m\u00e9mo de Kabila: Le \u00ab\u00a0ra\u00efs\u00a0\u00bb s&rsquo;estime en \u00ab\u00a0prison \u00e0 ciel ouvert et fait appel au Conseil de s\u00e9curit\u00e9 de l&rsquo;ONU et aux chefs de l&rsquo;Etat de la r\u00e9gion\",\"datePublished\":\"2023-06-13T15:27:57+00:00\",\"dateModified\":\"2023-06-13T15:32:24+00:00\",\"mainEntityOfPage\":{\"@id\":\"https:\\\/\\\/congovirtuel.com\\\/information\\\/le-memo-kabilas-le-rais-sestime-en-prison-a-ciel-ouvert-et-fait-appel-au-conseil-de-securite-de-lonu-et-aux-chefs-de-letat-de-la-region\\\/\"},\"wordCount\":829,\"commentCount\":0,\"publisher\":{\"@id\":\"https:\\\/\\\/congovirtuel.com\\\/information\\\/#organization\"},\"image\":{\"@id\":\"https:\\\/\\\/congovirtuel.com\\\/information\\\/le-memo-kabilas-le-rais-sestime-en-prison-a-ciel-ouvert-et-fait-appel-au-conseil-de-securite-de-lonu-et-aux-chefs-de-letat-de-la-region\\\/#primaryimage\"},\"thumbnailUrl\":\"https:\\\/\\\/congovirtuel.com\\\/information\\\/wp-content\\\/uploads\\\/2020\\\/12\\\/kabila_mborero.jpg\",\"keywords\":[\"exil kabila\",\"Joseph Kabila prison\"],\"articleSection\":[\"S\u00e9curit\u00e9\"],\"inLanguage\":\"fr-FR\",\"potentialAction\":[{\"@type\":\"CommentAction\",\"name\":\"Comment\",\"target\":[\"https:\\\/\\\/congovirtuel.com\\\/information\\\/le-memo-kabilas-le-rais-sestime-en-prison-a-ciel-ouvert-et-fait-appel-au-conseil-de-securite-de-lonu-et-aux-chefs-de-letat-de-la-region\\\/#respond\"]}]},{\"@type\":\"WebPage\",\"@id\":\"https:\\\/\\\/congovirtuel.com\\\/information\\\/le-memo-kabilas-le-rais-sestime-en-prison-a-ciel-ouvert-et-fait-appel-au-conseil-de-securite-de-lonu-et-aux-chefs-de-letat-de-la-region\\\/\",\"url\":\"https:\\\/\\\/congovirtuel.com\\\/information\\\/le-memo-kabilas-le-rais-sestime-en-prison-a-ciel-ouvert-et-fait-appel-au-conseil-de-securite-de-lonu-et-aux-chefs-de-letat-de-la-region\\\/\",\"name\":\"Le m\u00e9mo de Kabila: Le \\\"ra\u00efs\\\" s'estime en \\\"prison \u00e0 ciel ouvert et fait appel au Conseil de s\u00e9curit\u00e9 de l'ONU et aux chefs de l'Etat de la r\u00e9gion - Actualit\u00e9s congolaises et internationales\",\"isPartOf\":{\"@id\":\"https:\\\/\\\/congovirtuel.com\\\/information\\\/#website\"},\"primaryImageOfPage\":{\"@id\":\"https:\\\/\\\/congovirtuel.com\\\/information\\\/le-memo-kabilas-le-rais-sestime-en-prison-a-ciel-ouvert-et-fait-appel-au-conseil-de-securite-de-lonu-et-aux-chefs-de-letat-de-la-region\\\/#primaryimage\"},\"image\":{\"@id\":\"https:\\\/\\\/congovirtuel.com\\\/information\\\/le-memo-kabilas-le-rais-sestime-en-prison-a-ciel-ouvert-et-fait-appel-au-conseil-de-securite-de-lonu-et-aux-chefs-de-letat-de-la-region\\\/#primaryimage\"},\"thumbnailUrl\":\"https:\\\/\\\/congovirtuel.com\\\/information\\\/wp-content\\\/uploads\\\/2020\\\/12\\\/kabila_mborero.jpg\",\"datePublished\":\"2023-06-13T15:27:57+00:00\",\"dateModified\":\"2023-06-13T15:32:24+00:00\",\"breadcrumb\":{\"@id\":\"https:\\\/\\\/congovirtuel.com\\\/information\\\/le-memo-kabilas-le-rais-sestime-en-prison-a-ciel-ouvert-et-fait-appel-au-conseil-de-securite-de-lonu-et-aux-chefs-de-letat-de-la-region\\\/#breadcrumb\"},\"inLanguage\":\"fr-FR\",\"potentialAction\":[{\"@type\":\"ReadAction\",\"target\":[\"https:\\\/\\\/congovirtuel.com\\\/information\\\/le-memo-kabilas-le-rais-sestime-en-prison-a-ciel-ouvert-et-fait-appel-au-conseil-de-securite-de-lonu-et-aux-chefs-de-letat-de-la-region\\\/\"]}]},{\"@type\":\"ImageObject\",\"inLanguage\":\"fr-FR\",\"@id\":\"https:\\\/\\\/congovirtuel.com\\\/information\\\/le-memo-kabilas-le-rais-sestime-en-prison-a-ciel-ouvert-et-fait-appel-au-conseil-de-securite-de-lonu-et-aux-chefs-de-letat-de-la-region\\\/#primaryimage\",\"url\":\"https:\\\/\\\/congovirtuel.com\\\/information\\\/wp-content\\\/uploads\\\/2020\\\/12\\\/kabila_mborero.jpg\",\"contentUrl\":\"https:\\\/\\\/congovirtuel.com\\\/information\\\/wp-content\\\/uploads\\\/2020\\\/12\\\/kabila_mborero.jpg\",\"width\":980,\"height\":551},{\"@type\":\"BreadcrumbList\",\"@id\":\"https:\\\/\\\/congovirtuel.com\\\/information\\\/le-memo-kabilas-le-rais-sestime-en-prison-a-ciel-ouvert-et-fait-appel-au-conseil-de-securite-de-lonu-et-aux-chefs-de-letat-de-la-region\\\/#breadcrumb\",\"itemListElement\":[{\"@type\":\"ListItem\",\"position\":1,\"name\":\"Accueil\",\"item\":\"https:\\\/\\\/congovirtuel.com\\\/information\\\/\"},{\"@type\":\"ListItem\",\"position\":2,\"name\":\"Le m\u00e9mo de Kabila: Le \u00ab\u00a0ra\u00efs\u00a0\u00bb s&rsquo;estime en \u00ab\u00a0prison \u00e0 ciel ouvert et fait appel au Conseil de s\u00e9curit\u00e9 de l&rsquo;ONU et aux chefs de l&rsquo;Etat de la r\u00e9gion\"}]},{\"@type\":\"WebSite\",\"@id\":\"https:\\\/\\\/congovirtuel.com\\\/information\\\/#website\",\"url\":\"https:\\\/\\\/congovirtuel.com\\\/information\\\/\",\"name\":\"Actualit\u00e9s congolaises et internationales\",\"description\":\"site d&#039;analyse et de traitement d&#039;information\",\"publisher\":{\"@id\":\"https:\\\/\\\/congovirtuel.com\\\/information\\\/#organization\"},\"potentialAction\":[{\"@type\":\"SearchAction\",\"target\":{\"@type\":\"EntryPoint\",\"urlTemplate\":\"https:\\\/\\\/congovirtuel.com\\\/information\\\/?s={search_term_string}\"},\"query-input\":{\"@type\":\"PropertyValueSpecification\",\"valueRequired\":true,\"valueName\":\"search_term_string\"}}],\"inLanguage\":\"fr-FR\"},{\"@type\":\"Organization\",\"@id\":\"https:\\\/\\\/congovirtuel.com\\\/information\\\/#organization\",\"name\":\"Biblioth\u00e8que Virtuelle de la RDC\",\"url\":\"https:\\\/\\\/congovirtuel.com\\\/information\\\/\",\"logo\":{\"@type\":\"ImageObject\",\"inLanguage\":\"fr-FR\",\"@id\":\"https:\\\/\\\/congovirtuel.com\\\/information\\\/#\\\/schema\\\/logo\\\/image\\\/\",\"url\":\"https:\\\/\\\/congovirtuel.com\\\/information\\\/wp-content\\\/uploads\\\/2018\\\/10\\\/header-info-congovirtuel-vraie.jpg\",\"contentUrl\":\"https:\\\/\\\/congovirtuel.com\\\/information\\\/wp-content\\\/uploads\\\/2018\\\/10\\\/header-info-congovirtuel-vraie.jpg\",\"width\":728,\"height\":90,\"caption\":\"Biblioth\u00e8que Virtuelle de la RDC\"},\"image\":{\"@id\":\"https:\\\/\\\/congovirtuel.com\\\/information\\\/#\\\/schema\\\/logo\\\/image\\\/\"},\"sameAs\":[\"https:\\\/\\\/web.facebook.com\\\/Congovirtuel-763617960319601\\\/?ref=aymt_homepage_panel&amp;amp;amp;amp;amp;amp;amp;amp;amp;amp;amp;eid=ARCoxULa66767kIgF_KYav6VdjXTI4yk_LW4yoVO9s6NXpysgb7Cb65vpxcxgqzOAKvIbLQxaAETcqHT\",\"https:\\\/\\\/x.com\\\/congovirtuel\",\"https:\\\/\\\/www.youtube.com\\\/channel\\\/UCkFfprYzGgS3EWNpeMXpToQ?view_as=subscriber\"]},{\"@type\":\"Person\",\"@id\":\"https:\\\/\\\/congovirtuel.com\\\/information\\\/#\\\/schema\\\/person\\\/739a44bf7990966cb53d58d2fdeca0b6\",\"name\":\"infocongovirtuel\",\"image\":{\"@type\":\"ImageObject\",\"inLanguage\":\"fr-FR\",\"@id\":\"https:\\\/\\\/secure.gravatar.com\\\/avatar\\\/4d76991aa72469f0eb22e772586c99113c6997f88da636a9db8f2ce3a2c05e69?s=96&d=mm&r=g\",\"url\":\"https:\\\/\\\/secure.gravatar.com\\\/avatar\\\/4d76991aa72469f0eb22e772586c99113c6997f88da636a9db8f2ce3a2c05e69?s=96&d=mm&r=g\",\"contentUrl\":\"https:\\\/\\\/secure.gravatar.com\\\/avatar\\\/4d76991aa72469f0eb22e772586c99113c6997f88da636a9db8f2ce3a2c05e69?s=96&d=mm&r=g\",\"caption\":\"infocongovirtuel\"},\"url\":\"https:\\\/\\\/congovirtuel.com\\\/information\\\/author\\\/infocongovirtuel\\\/\"}]}<\/script>\n<!-- \/ Yoast SEO plugin. -->","yoast_head_json":{"title":"Le m\u00e9mo de Kabila: Le \"ra\u00efs\" s'estime en \"prison \u00e0 ciel ouvert et fait appel au Conseil de s\u00e9curit\u00e9 de l'ONU et aux chefs de l'Etat de la r\u00e9gion - Actualit\u00e9s congolaises et internationales","robots":{"index":"index","follow":"follow","max-snippet":"max-snippet:-1","max-image-preview":"max-image-preview:large","max-video-preview":"max-video-preview:-1"},"canonical":"https:\/\/congovirtuel.com\/information\/le-memo-kabilas-le-rais-sestime-en-prison-a-ciel-ouvert-et-fait-appel-au-conseil-de-securite-de-lonu-et-aux-chefs-de-letat-de-la-region\/","og_locale":"fr_FR","og_type":"article","og_title":"Le m\u00e9mo de Kabila: Le \"ra\u00efs\" s'estime en \"prison \u00e0 ciel ouvert et fait appel au Conseil de s\u00e9curit\u00e9 de l'ONU et aux chefs de l'Etat de la r\u00e9gion - Actualit\u00e9s congolaises et internationales","og_description":"A chaque fois, Joseph Kabila fulmine contre F\u00e9lix Tshisekedi. Sur le plan personnel, il s&rsquo;estime priv\u00e9 de sa libert\u00e9 de mouvement. Chacun de ses d\u00e9placements en jet priv\u00e9 est soumis \u00e0 l&rsquo;autorisation pr\u00e9alable du chef de l&rsquo;Agence nationale de renseignements (ANR), Jean-Herv\u00e9 Mbelu Mbiosha, en lien avec le chef de l&rsquo;Etat. Pour se rendre en Afrique du Sud, o\u00f9 il suit un cursus universitaire et a pour habitude de voir ses m\u00e9decins, il est arriv\u00e9 \u00e0 Joseph Kabila de voyager par la route dans un convoi de v\u00e9hicules s\u00e9curis\u00e9s. Autre&hellip;","og_url":"https:\/\/congovirtuel.com\/information\/le-memo-kabilas-le-rais-sestime-en-prison-a-ciel-ouvert-et-fait-appel-au-conseil-de-securite-de-lonu-et-aux-chefs-de-letat-de-la-region\/","og_site_name":"Actualit\u00e9s congolaises et internationales","article_publisher":"https:\/\/web.facebook.com\/Congovirtuel-763617960319601\/?ref=aymt_homepage_panel&amp%3bamp%3bamp%3bamp%3bamp%3bamp%3bamp%3bamp%3bamp%3bamp%3bamp%3beid=ARCoxULa66767kIgF_KYav6VdjXTI4yk_LW4yoVO9s6NXpysgb7Cb65vpxcxgqzOAKvIbLQxaAETcqHT","article_published_time":"2023-06-13T15:27:57+00:00","article_modified_time":"2023-06-13T15:32:24+00:00","og_image":[{"width":980,"height":551,"url":"https:\/\/congovirtuel.com\/information\/wp-content\/uploads\/2020\/12\/kabila_mborero.jpg","type":"image\/jpeg"}],"author":"infocongovirtuel","twitter_card":"summary_large_image","twitter_creator":"@congovirtuel","twitter_site":"@congovirtuel","twitter_misc":{"\u00c9crit par":"infocongovirtuel","Dur\u00e9e de lecture estim\u00e9e":"4 minutes"},"schema":{"@context":"https:\/\/schema.org","@graph":[{"@type":"Article","@id":"https:\/\/congovirtuel.com\/information\/le-memo-kabilas-le-rais-sestime-en-prison-a-ciel-ouvert-et-fait-appel-au-conseil-de-securite-de-lonu-et-aux-chefs-de-letat-de-la-region\/#article","isPartOf":{"@id":"https:\/\/congovirtuel.com\/information\/le-memo-kabilas-le-rais-sestime-en-prison-a-ciel-ouvert-et-fait-appel-au-conseil-de-securite-de-lonu-et-aux-chefs-de-letat-de-la-region\/"},"author":{"name":"infocongovirtuel","@id":"https:\/\/congovirtuel.com\/information\/#\/schema\/person\/739a44bf7990966cb53d58d2fdeca0b6"},"headline":"Le m\u00e9mo de Kabila: Le \u00ab\u00a0ra\u00efs\u00a0\u00bb s&rsquo;estime en \u00ab\u00a0prison \u00e0 ciel ouvert et fait appel au Conseil de s\u00e9curit\u00e9 de l&rsquo;ONU et aux chefs de l&rsquo;Etat de la r\u00e9gion","datePublished":"2023-06-13T15:27:57+00:00","dateModified":"2023-06-13T15:32:24+00:00","mainEntityOfPage":{"@id":"https:\/\/congovirtuel.com\/information\/le-memo-kabilas-le-rais-sestime-en-prison-a-ciel-ouvert-et-fait-appel-au-conseil-de-securite-de-lonu-et-aux-chefs-de-letat-de-la-region\/"},"wordCount":829,"commentCount":0,"publisher":{"@id":"https:\/\/congovirtuel.com\/information\/#organization"},"image":{"@id":"https:\/\/congovirtuel.com\/information\/le-memo-kabilas-le-rais-sestime-en-prison-a-ciel-ouvert-et-fait-appel-au-conseil-de-securite-de-lonu-et-aux-chefs-de-letat-de-la-region\/#primaryimage"},"thumbnailUrl":"https:\/\/congovirtuel.com\/information\/wp-content\/uploads\/2020\/12\/kabila_mborero.jpg","keywords":["exil kabila","Joseph Kabila prison"],"articleSection":["S\u00e9curit\u00e9"],"inLanguage":"fr-FR","potentialAction":[{"@type":"CommentAction","name":"Comment","target":["https:\/\/congovirtuel.com\/information\/le-memo-kabilas-le-rais-sestime-en-prison-a-ciel-ouvert-et-fait-appel-au-conseil-de-securite-de-lonu-et-aux-chefs-de-letat-de-la-region\/#respond"]}]},{"@type":"WebPage","@id":"https:\/\/congovirtuel.com\/information\/le-memo-kabilas-le-rais-sestime-en-prison-a-ciel-ouvert-et-fait-appel-au-conseil-de-securite-de-lonu-et-aux-chefs-de-letat-de-la-region\/","url":"https:\/\/congovirtuel.com\/information\/le-memo-kabilas-le-rais-sestime-en-prison-a-ciel-ouvert-et-fait-appel-au-conseil-de-securite-de-lonu-et-aux-chefs-de-letat-de-la-region\/","name":"Le m\u00e9mo de Kabila: Le \"ra\u00efs\" s'estime en \"prison \u00e0 ciel ouvert et fait appel au Conseil de s\u00e9curit\u00e9 de l'ONU et aux chefs de l'Etat de la r\u00e9gion - Actualit\u00e9s congolaises et internationales","isPartOf":{"@id":"https:\/\/congovirtuel.com\/information\/#website"},"primaryImageOfPage":{"@id":"https:\/\/congovirtuel.com\/information\/le-memo-kabilas-le-rais-sestime-en-prison-a-ciel-ouvert-et-fait-appel-au-conseil-de-securite-de-lonu-et-aux-chefs-de-letat-de-la-region\/#primaryimage"},"image":{"@id":"https:\/\/congovirtuel.com\/information\/le-memo-kabilas-le-rais-sestime-en-prison-a-ciel-ouvert-et-fait-appel-au-conseil-de-securite-de-lonu-et-aux-chefs-de-letat-de-la-region\/#primaryimage"},"thumbnailUrl":"https:\/\/congovirtuel.com\/information\/wp-content\/uploads\/2020\/12\/kabila_mborero.jpg","datePublished":"2023-06-13T15:27:57+00:00","dateModified":"2023-06-13T15:32:24+00:00","breadcrumb":{"@id":"https:\/\/congovirtuel.com\/information\/le-memo-kabilas-le-rais-sestime-en-prison-a-ciel-ouvert-et-fait-appel-au-conseil-de-securite-de-lonu-et-aux-chefs-de-letat-de-la-region\/#breadcrumb"},"inLanguage":"fr-FR","potentialAction":[{"@type":"ReadAction","target":["https:\/\/congovirtuel.com\/information\/le-memo-kabilas-le-rais-sestime-en-prison-a-ciel-ouvert-et-fait-appel-au-conseil-de-securite-de-lonu-et-aux-chefs-de-letat-de-la-region\/"]}]},{"@type":"ImageObject","inLanguage":"fr-FR","@id":"https:\/\/congovirtuel.com\/information\/le-memo-kabilas-le-rais-sestime-en-prison-a-ciel-ouvert-et-fait-appel-au-conseil-de-securite-de-lonu-et-aux-chefs-de-letat-de-la-region\/#primaryimage","url":"https:\/\/congovirtuel.com\/information\/wp-content\/uploads\/2020\/12\/kabila_mborero.jpg","contentUrl":"https:\/\/congovirtuel.com\/information\/wp-content\/uploads\/2020\/12\/kabila_mborero.jpg","width":980,"height":551},{"@type":"BreadcrumbList","@id":"https:\/\/congovirtuel.com\/information\/le-memo-kabilas-le-rais-sestime-en-prison-a-ciel-ouvert-et-fait-appel-au-conseil-de-securite-de-lonu-et-aux-chefs-de-letat-de-la-region\/#breadcrumb","itemListElement":[{"@type":"ListItem","position":1,"name":"Accueil","item":"https:\/\/congovirtuel.com\/information\/"},{"@type":"ListItem","position":2,"name":"Le m\u00e9mo de Kabila: Le \u00ab\u00a0ra\u00efs\u00a0\u00bb s&rsquo;estime en \u00ab\u00a0prison \u00e0 ciel ouvert et fait appel au Conseil de s\u00e9curit\u00e9 de l&rsquo;ONU et aux chefs de l&rsquo;Etat de la r\u00e9gion"}]},{"@type":"WebSite","@id":"https:\/\/congovirtuel.com\/information\/#website","url":"https:\/\/congovirtuel.com\/information\/","name":"Actualit\u00e9s congolaises et internationales","description":"site d&#039;analyse et de traitement d&#039;information","publisher":{"@id":"https:\/\/congovirtuel.com\/information\/#organization"},"potentialAction":[{"@type":"SearchAction","target":{"@type":"EntryPoint","urlTemplate":"https:\/\/congovirtuel.com\/information\/?s={search_term_string}"},"query-input":{"@type":"PropertyValueSpecification","valueRequired":true,"valueName":"search_term_string"}}],"inLanguage":"fr-FR"},{"@type":"Organization","@id":"https:\/\/congovirtuel.com\/information\/#organization","name":"Biblioth\u00e8que Virtuelle de la RDC","url":"https:\/\/congovirtuel.com\/information\/","logo":{"@type":"ImageObject","inLanguage":"fr-FR","@id":"https:\/\/congovirtuel.com\/information\/#\/schema\/logo\/image\/","url":"https:\/\/congovirtuel.com\/information\/wp-content\/uploads\/2018\/10\/header-info-congovirtuel-vraie.jpg","contentUrl":"https:\/\/congovirtuel.com\/information\/wp-content\/uploads\/2018\/10\/header-info-congovirtuel-vraie.jpg","width":728,"height":90,"caption":"Biblioth\u00e8que Virtuelle de la RDC"},"image":{"@id":"https:\/\/congovirtuel.com\/information\/#\/schema\/logo\/image\/"},"sameAs":["https:\/\/web.facebook.com\/Congovirtuel-763617960319601\/?ref=aymt_homepage_panel&amp;amp;amp;amp;amp;amp;amp;amp;amp;amp;amp;eid=ARCoxULa66767kIgF_KYav6VdjXTI4yk_LW4yoVO9s6NXpysgb7Cb65vpxcxgqzOAKvIbLQxaAETcqHT","https:\/\/x.com\/congovirtuel","https:\/\/www.youtube.com\/channel\/UCkFfprYzGgS3EWNpeMXpToQ?view_as=subscriber"]},{"@type":"Person","@id":"https:\/\/congovirtuel.com\/information\/#\/schema\/person\/739a44bf7990966cb53d58d2fdeca0b6","name":"infocongovirtuel","image":{"@type":"ImageObject","inLanguage":"fr-FR","@id":"https:\/\/secure.gravatar.com\/avatar\/4d76991aa72469f0eb22e772586c99113c6997f88da636a9db8f2ce3a2c05e69?s=96&d=mm&r=g","url":"https:\/\/secure.gravatar.com\/avatar\/4d76991aa72469f0eb22e772586c99113c6997f88da636a9db8f2ce3a2c05e69?s=96&d=mm&r=g","contentUrl":"https:\/\/secure.gravatar.com\/avatar\/4d76991aa72469f0eb22e772586c99113c6997f88da636a9db8f2ce3a2c05e69?s=96&d=mm&r=g","caption":"infocongovirtuel"},"url":"https:\/\/congovirtuel.com\/information\/author\/infocongovirtuel\/"}]}},"gt_translate_keys":[{"key":"link","format":"url"}],"_links":{"self":[{"href":"https:\/\/congovirtuel.com\/information\/wp-json\/wp\/v2\/posts\/22679","targetHints":{"allow":["GET"]}}],"collection":[{"href":"https:\/\/congovirtuel.com\/information\/wp-json\/wp\/v2\/posts"}],"about":[{"href":"https:\/\/congovirtuel.com\/information\/wp-json\/wp\/v2\/types\/post"}],"author":[{"embeddable":true,"href":"https:\/\/congovirtuel.com\/information\/wp-json\/wp\/v2\/users\/1"}],"replies":[{"embeddable":true,"href":"https:\/\/congovirtuel.com\/information\/wp-json\/wp\/v2\/comments?post=22679"}],"version-history":[{"count":2,"href":"https:\/\/congovirtuel.com\/information\/wp-json\/wp\/v2\/posts\/22679\/revisions"}],"predecessor-version":[{"id":22681,"href":"https:\/\/congovirtuel.com\/information\/wp-json\/wp\/v2\/posts\/22679\/revisions\/22681"}],"wp:featuredmedia":[{"embeddable":true,"href":"https:\/\/congovirtuel.com\/information\/wp-json\/wp\/v2\/media\/4917"}],"wp:attachment":[{"href":"https:\/\/congovirtuel.com\/information\/wp-json\/wp\/v2\/media?parent=22679"}],"wp:term":[{"taxonomy":"category","embeddable":true,"href":"https:\/\/congovirtuel.com\/information\/wp-json\/wp\/v2\/categories?post=22679"},{"taxonomy":"post_tag","embeddable":true,"href":"https:\/\/congovirtuel.com\/information\/wp-json\/wp\/v2\/tags?post=22679"}],"curies":[{"name":"wp","href":"https:\/\/api.w.org\/{rel}","templated":true}]}}