{"id":22719,"date":"2023-06-19T07:45:25","date_gmt":"2023-06-19T06:45:25","guid":{"rendered":"https:\/\/congovirtuel.com\/information\/?p=22719"},"modified":"2023-06-19T07:45:25","modified_gmt":"2023-06-19T06:45:25","slug":"rdc-le-pari-risque-du-rais","status":"publish","type":"post","link":"https:\/\/congovirtuel.com\/information\/rdc-le-pari-risque-du-rais\/","title":{"rendered":"RDC: Le pari \u2026 risqu\u00e9 du Ra\u00efs","gt_translate_keys":[{"key":"rendered","format":"text"}]},"content":{"rendered":"<p>A n\u2019en point douter. Il y aura une avant et une apr\u00e8s- entr\u00e9e en sc\u00e8ne de Joseph Kabila. Ce sera donc peu de pr\u00e9dire que ce come-back va rebattre les cartes politiques. Et que les lignes vont bouger.<\/p>\n<p>L\u2019homme qui effectue sa rentr\u00e9e politique n\u2019est, \u00e0 l\u2019\u00e9vidence, pas n\u2019importe qui. Est-il encore besoin de rappeler qu\u2019il a \u00e9t\u00e9 l\u2019alpha et l\u2019om\u00e9ga de la vie politico-institutionnelle du pays durant deux d\u00e9cennies. Faisant et d\u00e9faisant l\u2019essentiel de l\u2019establishment politico- militaire.<\/p>\n<p>Lorsque depuis son sanctuaire de Kingakati o\u00f9 il vit quasiment en ermite, JKK fait savoir \u00e0 la ville et au pays qu\u2019il n\u2019a pas encore pris sa retraite, il n\u2019y a pas que la S\u00e9curit\u00e9 sociale qui r\u00e9vise et remise ses calculs. C\u2019est tout l\u2019\u00e9chiquier politique national et certains de nos principaux partenaires ext\u00e9rieurs qui s\u2019appr\u00eatent \u00e0 mettre \u00e0 jour leurs logiciels. Avec la fin du service minimum \u00e0 Kingakati, le pays est donc \u00e0 la juste veille d\u2019un tournant.<\/p>\n<p>Le hic, c\u2019est la nature de ce tournant. Car, le pedigree du s\u00e9nateur \u00e0 vie Kabila charrie autant d\u2019atouts que de handicaps, autant d\u2019avantages que d\u2019inconv\u00e9nients. S\u2019il force estime et respect, c\u2019est justement en raison de son statut, il vole tr\u00e8s haut tel un aigle. Difficile que la bave ne l\u2019atteigne.<\/p>\n<p>En descendant dans l\u2019ar\u00e8ne \u2026politique, Joseph Kabila pr\u00eaterait le flanc aux critiques et surtout aux coups passe toujours au dessus de la ceinture. Presque comme n\u2019importe quel acteur politique. Le risque de voir ce retour tourner \u00e0 un combat de trop est bien l\u00e0.<\/p>\n<p>Car, la sc\u00e8ne politique qu\u2019il va regagner n\u2019est plus tout \u00e0 fait la m\u00eame. Pour emprunter au lexique sportif, si l\u2019aire du jeu est la m\u00eame, le match n\u2019est plus le m\u00eame. Nombre de joueurs ont chang\u00e9 de veste \u00e0 la suite ou \u00e0 la faveur \u2013 c\u2019est selon \u2013 du grand mercato op\u00e9r\u00e9 par le nouveau coach-sponsor. Bref, beaucoup d\u2019eau a coul\u00e9 sous le pont de la N\u2019sele.<\/p>\n<p>Le challenge pour le Ra\u00efs est de s\u2019assurer que son come-back soit per\u00e7u et surtout v\u00e9cu comme celui de l\u2019ultime recours de l\u2019homme providentiel. Recours peut, en l\u2019occurrence, rimer avec secours. De fait, pr\u00e8s de cinq ans apr\u00e8s la passation hyper sc\u00e9naris\u00e9e du pouvoir, le changement attendu par la majorit\u00e9 silencieuse tourne \u00e0 l\u2019Arl\u00e9sienne. Les Congolais sont toujours abonn\u00e9s voire scotch\u00e9s \u2013 bien malgr\u00e9 eux \u2013 \u00e0 la m\u00eame gal\u00e8re. Les indicateurs de la \u00ab mis\u00e8re \u00bb demeurent globalement en l\u2019\u00e9tat. D\u00e9j\u00e0 proverbialement faible, le pouvoir d\u2019achat s\u2019est amenuis\u00e9 davantage. C\u2019est dire.<\/p>\n<p>Est-ce suffisant pour que les Congolais absolvent celui que l\u2019opposition a diabolis\u00e9 en le rendant responsable de tous les maux cumul\u00e9s de la RDC depuis son ind\u00e9pendance ? Rien n\u2019est moins s\u00fbr. Toujours est-il que depuis la Grece antique c\u2019est le propre des peuples que d\u2019adorer aujourd\u2019hui ce qu\u2019ils ont br\u00fbl\u00e9 hier et de br\u00fbler ce qu\u2019ils ont ador\u00e9 hier. L\u00e0, pourrait r\u00e9sider la cl\u00e9 de l\u2019\u00e9nigme du pari risqu\u00e9 du Ra\u00efs.<\/p>\n<p>Tribune Jos\u00e9 NAWEJ\/Forum des As<\/p>\n","protected":false,"gt_translate_keys":[{"key":"rendered","format":"html"}]},"excerpt":{"rendered":"<p>A n\u2019en point douter. Il y aura une avant et une apr\u00e8s- entr\u00e9e en sc\u00e8ne de Joseph Kabila. Ce sera donc peu de pr\u00e9dire que ce come-back va rebattre les cartes politiques. Et que les lignes vont bouger. L\u2019homme qui effectue sa rentr\u00e9e politique n\u2019est, \u00e0 l\u2019\u00e9vidence, pas n\u2019importe qui. Est-il encore besoin de rappeler qu\u2019il a \u00e9t\u00e9 l\u2019alpha et l\u2019om\u00e9ga de la vie politico-institutionnelle du pays durant deux d\u00e9cennies. Faisant et d\u00e9faisant l\u2019essentiel de l\u2019establishment politico- militaire. Lorsque depuis son sanctuaire de Kingakati o\u00f9 il vit quasiment en ermite,&hellip;<\/p>\n","protected":false,"gt_translate_keys":[{"key":"rendered","format":"html"}]},"author":1,"featured_media":7960,"comment_status":"open","ping_status":"open","sticky":false,"template":"","format":"standard","meta":{"_crdt_document":"","footnotes":""},"categories":[2],"tags":[38258,38259],"class_list":["post-22719","post","type-post","status-publish","format-standard","has-post-thumbnail","hentry","category-politique","tag-came-back-de-kabila","tag-le-retour-de-kabila"],"gutentor_comment":0,"yoast_head":"<!-- This site is optimized with the Yoast SEO plugin v27.5 - https:\/\/yoast.com\/product\/yoast-seo-wordpress\/ -->\n<title>RDC: Le pari \u2026 risqu\u00e9 du Ra\u00efs - Actualit\u00e9s congolaises et internationales<\/title>\n<meta name=\"robots\" content=\"index, follow, max-snippet:-1, max-image-preview:large, max-video-preview:-1\" \/>\n<link rel=\"canonical\" href=\"https:\/\/congovirtuel.com\/information\/rdc-le-pari-risque-du-rais\/\" \/>\n<meta property=\"og:locale\" content=\"fr_FR\" \/>\n<meta property=\"og:type\" content=\"article\" \/>\n<meta property=\"og:title\" content=\"RDC: Le pari \u2026 risqu\u00e9 du Ra\u00efs - Actualit\u00e9s congolaises et internationales\" \/>\n<meta property=\"og:description\" content=\"A n\u2019en point douter. Il y aura une avant et une apr\u00e8s- entr\u00e9e en sc\u00e8ne de Joseph Kabila. Ce sera donc peu de pr\u00e9dire que ce come-back va rebattre les cartes politiques. Et que les lignes vont bouger. L\u2019homme qui effectue sa rentr\u00e9e politique n\u2019est, \u00e0 l\u2019\u00e9vidence, pas n\u2019importe qui. Est-il encore besoin de rappeler qu\u2019il a \u00e9t\u00e9 l\u2019alpha et l\u2019om\u00e9ga de la vie politico-institutionnelle du pays durant deux d\u00e9cennies. Faisant et d\u00e9faisant l\u2019essentiel de l\u2019establishment politico- militaire. Lorsque depuis son sanctuaire de Kingakati o\u00f9 il vit quasiment en ermite,&hellip;\" \/>\n<meta property=\"og:url\" content=\"https:\/\/congovirtuel.com\/information\/rdc-le-pari-risque-du-rais\/\" \/>\n<meta property=\"og:site_name\" content=\"Actualit\u00e9s congolaises et internationales\" \/>\n<meta property=\"article:publisher\" content=\"https:\/\/web.facebook.com\/Congovirtuel-763617960319601\/?ref=aymt_homepage_panel&amp;amp%3bamp%3bamp%3bamp%3bamp%3bamp%3bamp%3bamp%3bamp%3bamp%3bamp%3beid=ARCoxULa66767kIgF_KYav6VdjXTI4yk_LW4yoVO9s6NXpysgb7Cb65vpxcxgqzOAKvIbLQxaAETcqHT\" \/>\n<meta property=\"article:published_time\" content=\"2023-06-19T06:45:25+00:00\" \/>\n<meta property=\"og:image\" content=\"https:\/\/congovirtuel.com\/information\/wp-content\/uploads\/2021\/04\/Kabila6-1200-x-600.jpg\" \/>\n\t<meta property=\"og:image:width\" content=\"1200\" \/>\n\t<meta property=\"og:image:height\" content=\"600\" \/>\n\t<meta property=\"og:image:type\" content=\"image\/jpeg\" \/>\n<meta name=\"author\" content=\"infocongovirtuel\" \/>\n<meta name=\"twitter:card\" content=\"summary_large_image\" \/>\n<meta name=\"twitter:creator\" content=\"@congovirtuel\" \/>\n<meta name=\"twitter:site\" content=\"@congovirtuel\" \/>\n<meta name=\"twitter:label1\" content=\"\u00c9crit par\" \/>\n\t<meta name=\"twitter:data1\" content=\"infocongovirtuel\" \/>\n\t<meta name=\"twitter:label2\" content=\"Dur\u00e9e de lecture estim\u00e9e\" \/>\n\t<meta name=\"twitter:data2\" content=\"3 minutes\" \/>\n<script type=\"application\/ld+json\" class=\"yoast-schema-graph\">{\"@context\":\"https:\\\/\\\/schema.org\",\"@graph\":[{\"@type\":\"Article\",\"@id\":\"https:\\\/\\\/congovirtuel.com\\\/information\\\/rdc-le-pari-risque-du-rais\\\/#article\",\"isPartOf\":{\"@id\":\"https:\\\/\\\/congovirtuel.com\\\/information\\\/rdc-le-pari-risque-du-rais\\\/\"},\"author\":{\"name\":\"infocongovirtuel\",\"@id\":\"https:\\\/\\\/congovirtuel.com\\\/information\\\/#\\\/schema\\\/person\\\/739a44bf7990966cb53d58d2fdeca0b6\"},\"headline\":\"RDC: Le pari \u2026 risqu\u00e9 du Ra\u00efs\",\"datePublished\":\"2023-06-19T06:45:25+00:00\",\"mainEntityOfPage\":{\"@id\":\"https:\\\/\\\/congovirtuel.com\\\/information\\\/rdc-le-pari-risque-du-rais\\\/\"},\"wordCount\":572,\"commentCount\":0,\"publisher\":{\"@id\":\"https:\\\/\\\/congovirtuel.com\\\/information\\\/#organization\"},\"image\":{\"@id\":\"https:\\\/\\\/congovirtuel.com\\\/information\\\/rdc-le-pari-risque-du-rais\\\/#primaryimage\"},\"thumbnailUrl\":\"https:\\\/\\\/congovirtuel.com\\\/information\\\/wp-content\\\/uploads\\\/2021\\\/04\\\/Kabila6-1200-x-600.jpg\",\"keywords\":[\"Came back de Kabila\",\"Le retour de Kabila\"],\"articleSection\":[\"Politique\"],\"inLanguage\":\"fr-FR\",\"potentialAction\":[{\"@type\":\"CommentAction\",\"name\":\"Comment\",\"target\":[\"https:\\\/\\\/congovirtuel.com\\\/information\\\/rdc-le-pari-risque-du-rais\\\/#respond\"]}]},{\"@type\":\"WebPage\",\"@id\":\"https:\\\/\\\/congovirtuel.com\\\/information\\\/rdc-le-pari-risque-du-rais\\\/\",\"url\":\"https:\\\/\\\/congovirtuel.com\\\/information\\\/rdc-le-pari-risque-du-rais\\\/\",\"name\":\"RDC: Le pari \u2026 risqu\u00e9 du Ra\u00efs - Actualit\u00e9s congolaises et internationales\",\"isPartOf\":{\"@id\":\"https:\\\/\\\/congovirtuel.com\\\/information\\\/#website\"},\"primaryImageOfPage\":{\"@id\":\"https:\\\/\\\/congovirtuel.com\\\/information\\\/rdc-le-pari-risque-du-rais\\\/#primaryimage\"},\"image\":{\"@id\":\"https:\\\/\\\/congovirtuel.com\\\/information\\\/rdc-le-pari-risque-du-rais\\\/#primaryimage\"},\"thumbnailUrl\":\"https:\\\/\\\/congovirtuel.com\\\/information\\\/wp-content\\\/uploads\\\/2021\\\/04\\\/Kabila6-1200-x-600.jpg\",\"datePublished\":\"2023-06-19T06:45:25+00:00\",\"breadcrumb\":{\"@id\":\"https:\\\/\\\/congovirtuel.com\\\/information\\\/rdc-le-pari-risque-du-rais\\\/#breadcrumb\"},\"inLanguage\":\"fr-FR\",\"potentialAction\":[{\"@type\":\"ReadAction\",\"target\":[\"https:\\\/\\\/congovirtuel.com\\\/information\\\/rdc-le-pari-risque-du-rais\\\/\"]}]},{\"@type\":\"ImageObject\",\"inLanguage\":\"fr-FR\",\"@id\":\"https:\\\/\\\/congovirtuel.com\\\/information\\\/rdc-le-pari-risque-du-rais\\\/#primaryimage\",\"url\":\"https:\\\/\\\/congovirtuel.com\\\/information\\\/wp-content\\\/uploads\\\/2021\\\/04\\\/Kabila6-1200-x-600.jpg\",\"contentUrl\":\"https:\\\/\\\/congovirtuel.com\\\/information\\\/wp-content\\\/uploads\\\/2021\\\/04\\\/Kabila6-1200-x-600.jpg\",\"width\":1200,\"height\":600,\"caption\":\"Kabila\"},{\"@type\":\"BreadcrumbList\",\"@id\":\"https:\\\/\\\/congovirtuel.com\\\/information\\\/rdc-le-pari-risque-du-rais\\\/#breadcrumb\",\"itemListElement\":[{\"@type\":\"ListItem\",\"position\":1,\"name\":\"Accueil\",\"item\":\"https:\\\/\\\/congovirtuel.com\\\/information\\\/\"},{\"@type\":\"ListItem\",\"position\":2,\"name\":\"RDC: Le pari \u2026 risqu\u00e9 du Ra\u00efs\"}]},{\"@type\":\"WebSite\",\"@id\":\"https:\\\/\\\/congovirtuel.com\\\/information\\\/#website\",\"url\":\"https:\\\/\\\/congovirtuel.com\\\/information\\\/\",\"name\":\"Actualit\u00e9s congolaises et internationales\",\"description\":\"site d&#039;analyse et de traitement d&#039;information\",\"publisher\":{\"@id\":\"https:\\\/\\\/congovirtuel.com\\\/information\\\/#organization\"},\"potentialAction\":[{\"@type\":\"SearchAction\",\"target\":{\"@type\":\"EntryPoint\",\"urlTemplate\":\"https:\\\/\\\/congovirtuel.com\\\/information\\\/?s={search_term_string}\"},\"query-input\":{\"@type\":\"PropertyValueSpecification\",\"valueRequired\":true,\"valueName\":\"search_term_string\"}}],\"inLanguage\":\"fr-FR\"},{\"@type\":\"Organization\",\"@id\":\"https:\\\/\\\/congovirtuel.com\\\/information\\\/#organization\",\"name\":\"Biblioth\u00e8que Virtuelle de la RDC\",\"url\":\"https:\\\/\\\/congovirtuel.com\\\/information\\\/\",\"logo\":{\"@type\":\"ImageObject\",\"inLanguage\":\"fr-FR\",\"@id\":\"https:\\\/\\\/congovirtuel.com\\\/information\\\/#\\\/schema\\\/logo\\\/image\\\/\",\"url\":\"https:\\\/\\\/congovirtuel.com\\\/information\\\/wp-content\\\/uploads\\\/2018\\\/10\\\/header-info-congovirtuel-vraie.jpg\",\"contentUrl\":\"https:\\\/\\\/congovirtuel.com\\\/information\\\/wp-content\\\/uploads\\\/2018\\\/10\\\/header-info-congovirtuel-vraie.jpg\",\"width\":728,\"height\":90,\"caption\":\"Biblioth\u00e8que Virtuelle de la RDC\"},\"image\":{\"@id\":\"https:\\\/\\\/congovirtuel.com\\\/information\\\/#\\\/schema\\\/logo\\\/image\\\/\"},\"sameAs\":[\"https:\\\/\\\/web.facebook.com\\\/Congovirtuel-763617960319601\\\/?ref=aymt_homepage_panel&amp;amp;amp;amp;amp;amp;amp;amp;amp;amp;amp;eid=ARCoxULa66767kIgF_KYav6VdjXTI4yk_LW4yoVO9s6NXpysgb7Cb65vpxcxgqzOAKvIbLQxaAETcqHT\",\"https:\\\/\\\/x.com\\\/congovirtuel\",\"https:\\\/\\\/www.youtube.com\\\/channel\\\/UCkFfprYzGgS3EWNpeMXpToQ?view_as=subscriber\"]},{\"@type\":\"Person\",\"@id\":\"https:\\\/\\\/congovirtuel.com\\\/information\\\/#\\\/schema\\\/person\\\/739a44bf7990966cb53d58d2fdeca0b6\",\"name\":\"infocongovirtuel\",\"image\":{\"@type\":\"ImageObject\",\"inLanguage\":\"fr-FR\",\"@id\":\"https:\\\/\\\/secure.gravatar.com\\\/avatar\\\/4d76991aa72469f0eb22e772586c99113c6997f88da636a9db8f2ce3a2c05e69?s=96&d=mm&r=g\",\"url\":\"https:\\\/\\\/secure.gravatar.com\\\/avatar\\\/4d76991aa72469f0eb22e772586c99113c6997f88da636a9db8f2ce3a2c05e69?s=96&d=mm&r=g\",\"contentUrl\":\"https:\\\/\\\/secure.gravatar.com\\\/avatar\\\/4d76991aa72469f0eb22e772586c99113c6997f88da636a9db8f2ce3a2c05e69?s=96&d=mm&r=g\",\"caption\":\"infocongovirtuel\"},\"url\":\"https:\\\/\\\/congovirtuel.com\\\/information\\\/author\\\/infocongovirtuel\\\/\"}]}<\/script>\n<!-- \/ Yoast SEO plugin. -->","yoast_head_json":{"title":"RDC: Le pari \u2026 risqu\u00e9 du Ra\u00efs - Actualit\u00e9s congolaises et internationales","robots":{"index":"index","follow":"follow","max-snippet":"max-snippet:-1","max-image-preview":"max-image-preview:large","max-video-preview":"max-video-preview:-1"},"canonical":"https:\/\/congovirtuel.com\/information\/rdc-le-pari-risque-du-rais\/","og_locale":"fr_FR","og_type":"article","og_title":"RDC: Le pari \u2026 risqu\u00e9 du Ra\u00efs - Actualit\u00e9s congolaises et internationales","og_description":"A n\u2019en point douter. Il y aura une avant et une apr\u00e8s- entr\u00e9e en sc\u00e8ne de Joseph Kabila. Ce sera donc peu de pr\u00e9dire que ce come-back va rebattre les cartes politiques. Et que les lignes vont bouger. L\u2019homme qui effectue sa rentr\u00e9e politique n\u2019est, \u00e0 l\u2019\u00e9vidence, pas n\u2019importe qui. Est-il encore besoin de rappeler qu\u2019il a \u00e9t\u00e9 l\u2019alpha et l\u2019om\u00e9ga de la vie politico-institutionnelle du pays durant deux d\u00e9cennies. Faisant et d\u00e9faisant l\u2019essentiel de l\u2019establishment politico- militaire. Lorsque depuis son sanctuaire de Kingakati o\u00f9 il vit quasiment en ermite,&hellip;","og_url":"https:\/\/congovirtuel.com\/information\/rdc-le-pari-risque-du-rais\/","og_site_name":"Actualit\u00e9s congolaises et internationales","article_publisher":"https:\/\/web.facebook.com\/Congovirtuel-763617960319601\/?ref=aymt_homepage_panel&amp%3bamp%3bamp%3bamp%3bamp%3bamp%3bamp%3bamp%3bamp%3bamp%3bamp%3beid=ARCoxULa66767kIgF_KYav6VdjXTI4yk_LW4yoVO9s6NXpysgb7Cb65vpxcxgqzOAKvIbLQxaAETcqHT","article_published_time":"2023-06-19T06:45:25+00:00","og_image":[{"width":1200,"height":600,"url":"https:\/\/congovirtuel.com\/information\/wp-content\/uploads\/2021\/04\/Kabila6-1200-x-600.jpg","type":"image\/jpeg"}],"author":"infocongovirtuel","twitter_card":"summary_large_image","twitter_creator":"@congovirtuel","twitter_site":"@congovirtuel","twitter_misc":{"\u00c9crit par":"infocongovirtuel","Dur\u00e9e de lecture estim\u00e9e":"3 minutes"},"schema":{"@context":"https:\/\/schema.org","@graph":[{"@type":"Article","@id":"https:\/\/congovirtuel.com\/information\/rdc-le-pari-risque-du-rais\/#article","isPartOf":{"@id":"https:\/\/congovirtuel.com\/information\/rdc-le-pari-risque-du-rais\/"},"author":{"name":"infocongovirtuel","@id":"https:\/\/congovirtuel.com\/information\/#\/schema\/person\/739a44bf7990966cb53d58d2fdeca0b6"},"headline":"RDC: Le pari \u2026 risqu\u00e9 du Ra\u00efs","datePublished":"2023-06-19T06:45:25+00:00","mainEntityOfPage":{"@id":"https:\/\/congovirtuel.com\/information\/rdc-le-pari-risque-du-rais\/"},"wordCount":572,"commentCount":0,"publisher":{"@id":"https:\/\/congovirtuel.com\/information\/#organization"},"image":{"@id":"https:\/\/congovirtuel.com\/information\/rdc-le-pari-risque-du-rais\/#primaryimage"},"thumbnailUrl":"https:\/\/congovirtuel.com\/information\/wp-content\/uploads\/2021\/04\/Kabila6-1200-x-600.jpg","keywords":["Came back de Kabila","Le retour de Kabila"],"articleSection":["Politique"],"inLanguage":"fr-FR","potentialAction":[{"@type":"CommentAction","name":"Comment","target":["https:\/\/congovirtuel.com\/information\/rdc-le-pari-risque-du-rais\/#respond"]}]},{"@type":"WebPage","@id":"https:\/\/congovirtuel.com\/information\/rdc-le-pari-risque-du-rais\/","url":"https:\/\/congovirtuel.com\/information\/rdc-le-pari-risque-du-rais\/","name":"RDC: Le pari \u2026 risqu\u00e9 du Ra\u00efs - Actualit\u00e9s congolaises et internationales","isPartOf":{"@id":"https:\/\/congovirtuel.com\/information\/#website"},"primaryImageOfPage":{"@id":"https:\/\/congovirtuel.com\/information\/rdc-le-pari-risque-du-rais\/#primaryimage"},"image":{"@id":"https:\/\/congovirtuel.com\/information\/rdc-le-pari-risque-du-rais\/#primaryimage"},"thumbnailUrl":"https:\/\/congovirtuel.com\/information\/wp-content\/uploads\/2021\/04\/Kabila6-1200-x-600.jpg","datePublished":"2023-06-19T06:45:25+00:00","breadcrumb":{"@id":"https:\/\/congovirtuel.com\/information\/rdc-le-pari-risque-du-rais\/#breadcrumb"},"inLanguage":"fr-FR","potentialAction":[{"@type":"ReadAction","target":["https:\/\/congovirtuel.com\/information\/rdc-le-pari-risque-du-rais\/"]}]},{"@type":"ImageObject","inLanguage":"fr-FR","@id":"https:\/\/congovirtuel.com\/information\/rdc-le-pari-risque-du-rais\/#primaryimage","url":"https:\/\/congovirtuel.com\/information\/wp-content\/uploads\/2021\/04\/Kabila6-1200-x-600.jpg","contentUrl":"https:\/\/congovirtuel.com\/information\/wp-content\/uploads\/2021\/04\/Kabila6-1200-x-600.jpg","width":1200,"height":600,"caption":"Kabila"},{"@type":"BreadcrumbList","@id":"https:\/\/congovirtuel.com\/information\/rdc-le-pari-risque-du-rais\/#breadcrumb","itemListElement":[{"@type":"ListItem","position":1,"name":"Accueil","item":"https:\/\/congovirtuel.com\/information\/"},{"@type":"ListItem","position":2,"name":"RDC: Le pari \u2026 risqu\u00e9 du Ra\u00efs"}]},{"@type":"WebSite","@id":"https:\/\/congovirtuel.com\/information\/#website","url":"https:\/\/congovirtuel.com\/information\/","name":"Actualit\u00e9s congolaises et internationales","description":"site d&#039;analyse et de traitement d&#039;information","publisher":{"@id":"https:\/\/congovirtuel.com\/information\/#organization"},"potentialAction":[{"@type":"SearchAction","target":{"@type":"EntryPoint","urlTemplate":"https:\/\/congovirtuel.com\/information\/?s={search_term_string}"},"query-input":{"@type":"PropertyValueSpecification","valueRequired":true,"valueName":"search_term_string"}}],"inLanguage":"fr-FR"},{"@type":"Organization","@id":"https:\/\/congovirtuel.com\/information\/#organization","name":"Biblioth\u00e8que Virtuelle de la RDC","url":"https:\/\/congovirtuel.com\/information\/","logo":{"@type":"ImageObject","inLanguage":"fr-FR","@id":"https:\/\/congovirtuel.com\/information\/#\/schema\/logo\/image\/","url":"https:\/\/congovirtuel.com\/information\/wp-content\/uploads\/2018\/10\/header-info-congovirtuel-vraie.jpg","contentUrl":"https:\/\/congovirtuel.com\/information\/wp-content\/uploads\/2018\/10\/header-info-congovirtuel-vraie.jpg","width":728,"height":90,"caption":"Biblioth\u00e8que Virtuelle de la RDC"},"image":{"@id":"https:\/\/congovirtuel.com\/information\/#\/schema\/logo\/image\/"},"sameAs":["https:\/\/web.facebook.com\/Congovirtuel-763617960319601\/?ref=aymt_homepage_panel&amp;amp;amp;amp;amp;amp;amp;amp;amp;amp;amp;eid=ARCoxULa66767kIgF_KYav6VdjXTI4yk_LW4yoVO9s6NXpysgb7Cb65vpxcxgqzOAKvIbLQxaAETcqHT","https:\/\/x.com\/congovirtuel","https:\/\/www.youtube.com\/channel\/UCkFfprYzGgS3EWNpeMXpToQ?view_as=subscriber"]},{"@type":"Person","@id":"https:\/\/congovirtuel.com\/information\/#\/schema\/person\/739a44bf7990966cb53d58d2fdeca0b6","name":"infocongovirtuel","image":{"@type":"ImageObject","inLanguage":"fr-FR","@id":"https:\/\/secure.gravatar.com\/avatar\/4d76991aa72469f0eb22e772586c99113c6997f88da636a9db8f2ce3a2c05e69?s=96&d=mm&r=g","url":"https:\/\/secure.gravatar.com\/avatar\/4d76991aa72469f0eb22e772586c99113c6997f88da636a9db8f2ce3a2c05e69?s=96&d=mm&r=g","contentUrl":"https:\/\/secure.gravatar.com\/avatar\/4d76991aa72469f0eb22e772586c99113c6997f88da636a9db8f2ce3a2c05e69?s=96&d=mm&r=g","caption":"infocongovirtuel"},"url":"https:\/\/congovirtuel.com\/information\/author\/infocongovirtuel\/"}]}},"gt_translate_keys":[{"key":"link","format":"url"}],"_links":{"self":[{"href":"https:\/\/congovirtuel.com\/information\/wp-json\/wp\/v2\/posts\/22719","targetHints":{"allow":["GET"]}}],"collection":[{"href":"https:\/\/congovirtuel.com\/information\/wp-json\/wp\/v2\/posts"}],"about":[{"href":"https:\/\/congovirtuel.com\/information\/wp-json\/wp\/v2\/types\/post"}],"author":[{"embeddable":true,"href":"https:\/\/congovirtuel.com\/information\/wp-json\/wp\/v2\/users\/1"}],"replies":[{"embeddable":true,"href":"https:\/\/congovirtuel.com\/information\/wp-json\/wp\/v2\/comments?post=22719"}],"version-history":[{"count":1,"href":"https:\/\/congovirtuel.com\/information\/wp-json\/wp\/v2\/posts\/22719\/revisions"}],"predecessor-version":[{"id":22720,"href":"https:\/\/congovirtuel.com\/information\/wp-json\/wp\/v2\/posts\/22719\/revisions\/22720"}],"wp:featuredmedia":[{"embeddable":true,"href":"https:\/\/congovirtuel.com\/information\/wp-json\/wp\/v2\/media\/7960"}],"wp:attachment":[{"href":"https:\/\/congovirtuel.com\/information\/wp-json\/wp\/v2\/media?parent=22719"}],"wp:term":[{"taxonomy":"category","embeddable":true,"href":"https:\/\/congovirtuel.com\/information\/wp-json\/wp\/v2\/categories?post=22719"},{"taxonomy":"post_tag","embeddable":true,"href":"https:\/\/congovirtuel.com\/information\/wp-json\/wp\/v2\/tags?post=22719"}],"curies":[{"name":"wp","href":"https:\/\/api.w.org\/{rel}","templated":true}]}}