{"id":22749,"date":"2023-06-23T07:52:01","date_gmt":"2023-06-23T06:52:01","guid":{"rendered":"https:\/\/congovirtuel.com\/information\/?p=22749"},"modified":"2023-06-23T07:52:01","modified_gmt":"2023-06-23T06:52:01","slug":"meeting-du-25-juin-un-pro-domo-pour-martin-fayulu-et-lecide","status":"publish","type":"post","link":"https:\/\/congovirtuel.com\/information\/meeting-du-25-juin-un-pro-domo-pour-martin-fayulu-et-lecide\/","title":{"rendered":"Meeting du 25 juin, un pro domo pour Martin Fayulu et l&rsquo;ECIDE","gt_translate_keys":[{"key":"rendered","format":"text"}]},"content":{"rendered":"<p>Le meeting de l&rsquo;opposition, qui avait initialement pour but d&rsquo;\u00e9changer avec la population kinoise sur les questions importantes de la nation, va prendre une tout autre tournure. En effet, la derni\u00e8re sortie m\u00e9diatique de Martin Fayulu, leader du parti politique ECIDE, a suscit\u00e9 des controverses dans les rangs des formations politiques alli\u00e9es, ainsi qu&rsquo;au sein de son propre parti qui n&rsquo;acceptent pas sa position de boycotte du processus \u00e9lectoral actuel. Cette annonce unilat\u00e9rale a donc modifi\u00e9 la donne sur terrain et le meeting du 25 juin qui \u00e9tait pr\u00e9vu pour l&rsquo;\u00e9change avec les kinois, sera plut\u00f4t une demande d&rsquo;explication pour Fayulu. Il devra expliquer \u00e0 ses militants et cadres du parti les raisons de cet acte qui a entra\u00een\u00e9 des divergences au sein de sa formation politique , et \u00e0 la base du refus de certains leaders du quatuor d&rsquo;y participer vu l&rsquo;ambigu\u00eft\u00e9 du message \u00e0 adresser \u00e0 la population.<\/p>\n<p>Il reviendra donc au leader de la collation Lamuka, Martin Fayulu d&rsquo;expliquer \u00e0 ses militants et cadres le sens de sa nouvelle ligne politique au vu du processus \u00e9lectoral actuel.<\/p>\n<p>Aim\u00e9 Binda<\/p>\n","protected":false,"gt_translate_keys":[{"key":"rendered","format":"html"}]},"excerpt":{"rendered":"<p>Le meeting de l&rsquo;opposition, qui avait initialement pour but d&rsquo;\u00e9changer avec la population kinoise sur les questions importantes de la nation, va prendre une tout autre tournure. En effet, la derni\u00e8re sortie m\u00e9diatique de Martin Fayulu, leader du parti politique ECIDE, a suscit\u00e9 des controverses dans les rangs des formations politiques alli\u00e9es, ainsi qu&rsquo;au sein de son propre parti qui n&rsquo;acceptent pas sa position de boycotte du processus \u00e9lectoral actuel. Cette annonce unilat\u00e9rale a donc modifi\u00e9 la donne sur terrain et le meeting du 25 juin qui \u00e9tait pr\u00e9vu pour&hellip;<\/p>\n","protected":false,"gt_translate_keys":[{"key":"rendered","format":"html"}]},"author":1,"featured_media":759,"comment_status":"open","ping_status":"open","sticky":false,"template":"","format":"standard","meta":{"_crdt_document":"","footnotes":""},"categories":[1260],"tags":[38273,38274],"class_list":["post-22749","post","type-post","status-publish","format-standard","has-post-thumbnail","hentry","category-opposition","tag-meeting-25-juin-ndjili","tag-message-meeting-du-25-juin"],"gutentor_comment":0,"yoast_head":"<!-- This site is optimized with the Yoast SEO plugin v27.5 - https:\/\/yoast.com\/product\/yoast-seo-wordpress\/ -->\n<title>Meeting du 25 juin, un pro domo pour Martin Fayulu et l&#039;ECIDE - Actualit\u00e9s congolaises et internationales<\/title>\n<meta name=\"robots\" content=\"index, follow, max-snippet:-1, max-image-preview:large, max-video-preview:-1\" \/>\n<link rel=\"canonical\" href=\"https:\/\/congovirtuel.com\/information\/meeting-du-25-juin-un-pro-domo-pour-martin-fayulu-et-lecide\/\" \/>\n<meta property=\"og:locale\" content=\"fr_FR\" \/>\n<meta property=\"og:type\" content=\"article\" \/>\n<meta property=\"og:title\" content=\"Meeting du 25 juin, un pro domo pour Martin Fayulu et l&#039;ECIDE - Actualit\u00e9s congolaises et internationales\" \/>\n<meta property=\"og:description\" content=\"Le meeting de l&rsquo;opposition, qui avait initialement pour but d&rsquo;\u00e9changer avec la population kinoise sur les questions importantes de la nation, va prendre une tout autre tournure. En effet, la derni\u00e8re sortie m\u00e9diatique de Martin Fayulu, leader du parti politique ECIDE, a suscit\u00e9 des controverses dans les rangs des formations politiques alli\u00e9es, ainsi qu&rsquo;au sein de son propre parti qui n&rsquo;acceptent pas sa position de boycotte du processus \u00e9lectoral actuel. Cette annonce unilat\u00e9rale a donc modifi\u00e9 la donne sur terrain et le meeting du 25 juin qui \u00e9tait pr\u00e9vu pour&hellip;\" \/>\n<meta property=\"og:url\" content=\"https:\/\/congovirtuel.com\/information\/meeting-du-25-juin-un-pro-domo-pour-martin-fayulu-et-lecide\/\" \/>\n<meta property=\"og:site_name\" content=\"Actualit\u00e9s congolaises et internationales\" \/>\n<meta property=\"article:publisher\" content=\"https:\/\/web.facebook.com\/Congovirtuel-763617960319601\/?ref=aymt_homepage_panel&amp;amp%3bamp%3bamp%3bamp%3bamp%3bamp%3bamp%3bamp%3bamp%3bamp%3bamp%3beid=ARCoxULa66767kIgF_KYav6VdjXTI4yk_LW4yoVO9s6NXpysgb7Cb65vpxcxgqzOAKvIbLQxaAETcqHT\" \/>\n<meta property=\"article:published_time\" content=\"2023-06-23T06:52:01+00:00\" \/>\n<meta property=\"og:image\" content=\"https:\/\/congovirtuel.com\/information\/wp-content\/uploads\/2020\/03\/martin_fayulu.jpg\" \/>\n\t<meta property=\"og:image:width\" content=\"603\" \/>\n\t<meta property=\"og:image:height\" content=\"480\" \/>\n\t<meta property=\"og:image:type\" content=\"image\/jpeg\" \/>\n<meta name=\"author\" content=\"infocongovirtuel\" \/>\n<meta name=\"twitter:card\" content=\"summary_large_image\" \/>\n<meta name=\"twitter:creator\" content=\"@congovirtuel\" \/>\n<meta name=\"twitter:site\" content=\"@congovirtuel\" \/>\n<meta name=\"twitter:label1\" content=\"\u00c9crit par\" \/>\n\t<meta name=\"twitter:data1\" content=\"infocongovirtuel\" \/>\n\t<meta name=\"twitter:label2\" content=\"Dur\u00e9e de lecture estim\u00e9e\" \/>\n\t<meta name=\"twitter:data2\" content=\"1 minute\" \/>\n<script type=\"application\/ld+json\" class=\"yoast-schema-graph\">{\"@context\":\"https:\\\/\\\/schema.org\",\"@graph\":[{\"@type\":\"Article\",\"@id\":\"https:\\\/\\\/congovirtuel.com\\\/information\\\/meeting-du-25-juin-un-pro-domo-pour-martin-fayulu-et-lecide\\\/#article\",\"isPartOf\":{\"@id\":\"https:\\\/\\\/congovirtuel.com\\\/information\\\/meeting-du-25-juin-un-pro-domo-pour-martin-fayulu-et-lecide\\\/\"},\"author\":{\"name\":\"infocongovirtuel\",\"@id\":\"https:\\\/\\\/congovirtuel.com\\\/information\\\/#\\\/schema\\\/person\\\/739a44bf7990966cb53d58d2fdeca0b6\"},\"headline\":\"Meeting du 25 juin, un pro domo pour Martin Fayulu et l&rsquo;ECIDE\",\"datePublished\":\"2023-06-23T06:52:01+00:00\",\"mainEntityOfPage\":{\"@id\":\"https:\\\/\\\/congovirtuel.com\\\/information\\\/meeting-du-25-juin-un-pro-domo-pour-martin-fayulu-et-lecide\\\/\"},\"wordCount\":204,\"commentCount\":0,\"publisher\":{\"@id\":\"https:\\\/\\\/congovirtuel.com\\\/information\\\/#organization\"},\"image\":{\"@id\":\"https:\\\/\\\/congovirtuel.com\\\/information\\\/meeting-du-25-juin-un-pro-domo-pour-martin-fayulu-et-lecide\\\/#primaryimage\"},\"thumbnailUrl\":\"https:\\\/\\\/congovirtuel.com\\\/information\\\/wp-content\\\/uploads\\\/2020\\\/03\\\/martin_fayulu.jpg\",\"keywords\":[\"Meeting 25 juin Ndjili\",\"Message meeting du 25 juin\"],\"articleSection\":[\"Opposition\"],\"inLanguage\":\"fr-FR\",\"potentialAction\":[{\"@type\":\"CommentAction\",\"name\":\"Comment\",\"target\":[\"https:\\\/\\\/congovirtuel.com\\\/information\\\/meeting-du-25-juin-un-pro-domo-pour-martin-fayulu-et-lecide\\\/#respond\"]}]},{\"@type\":\"WebPage\",\"@id\":\"https:\\\/\\\/congovirtuel.com\\\/information\\\/meeting-du-25-juin-un-pro-domo-pour-martin-fayulu-et-lecide\\\/\",\"url\":\"https:\\\/\\\/congovirtuel.com\\\/information\\\/meeting-du-25-juin-un-pro-domo-pour-martin-fayulu-et-lecide\\\/\",\"name\":\"Meeting du 25 juin, un pro domo pour Martin Fayulu et l'ECIDE - Actualit\u00e9s congolaises et internationales\",\"isPartOf\":{\"@id\":\"https:\\\/\\\/congovirtuel.com\\\/information\\\/#website\"},\"primaryImageOfPage\":{\"@id\":\"https:\\\/\\\/congovirtuel.com\\\/information\\\/meeting-du-25-juin-un-pro-domo-pour-martin-fayulu-et-lecide\\\/#primaryimage\"},\"image\":{\"@id\":\"https:\\\/\\\/congovirtuel.com\\\/information\\\/meeting-du-25-juin-un-pro-domo-pour-martin-fayulu-et-lecide\\\/#primaryimage\"},\"thumbnailUrl\":\"https:\\\/\\\/congovirtuel.com\\\/information\\\/wp-content\\\/uploads\\\/2020\\\/03\\\/martin_fayulu.jpg\",\"datePublished\":\"2023-06-23T06:52:01+00:00\",\"breadcrumb\":{\"@id\":\"https:\\\/\\\/congovirtuel.com\\\/information\\\/meeting-du-25-juin-un-pro-domo-pour-martin-fayulu-et-lecide\\\/#breadcrumb\"},\"inLanguage\":\"fr-FR\",\"potentialAction\":[{\"@type\":\"ReadAction\",\"target\":[\"https:\\\/\\\/congovirtuel.com\\\/information\\\/meeting-du-25-juin-un-pro-domo-pour-martin-fayulu-et-lecide\\\/\"]}]},{\"@type\":\"ImageObject\",\"inLanguage\":\"fr-FR\",\"@id\":\"https:\\\/\\\/congovirtuel.com\\\/information\\\/meeting-du-25-juin-un-pro-domo-pour-martin-fayulu-et-lecide\\\/#primaryimage\",\"url\":\"https:\\\/\\\/congovirtuel.com\\\/information\\\/wp-content\\\/uploads\\\/2020\\\/03\\\/martin_fayulu.jpg\",\"contentUrl\":\"https:\\\/\\\/congovirtuel.com\\\/information\\\/wp-content\\\/uploads\\\/2020\\\/03\\\/martin_fayulu.jpg\",\"width\":603,\"height\":480,\"caption\":\"Martin_fayulu\"},{\"@type\":\"BreadcrumbList\",\"@id\":\"https:\\\/\\\/congovirtuel.com\\\/information\\\/meeting-du-25-juin-un-pro-domo-pour-martin-fayulu-et-lecide\\\/#breadcrumb\",\"itemListElement\":[{\"@type\":\"ListItem\",\"position\":1,\"name\":\"Accueil\",\"item\":\"https:\\\/\\\/congovirtuel.com\\\/information\\\/\"},{\"@type\":\"ListItem\",\"position\":2,\"name\":\"Meeting du 25 juin, un pro domo pour Martin Fayulu et l&rsquo;ECIDE\"}]},{\"@type\":\"WebSite\",\"@id\":\"https:\\\/\\\/congovirtuel.com\\\/information\\\/#website\",\"url\":\"https:\\\/\\\/congovirtuel.com\\\/information\\\/\",\"name\":\"Actualit\u00e9s congolaises et internationales\",\"description\":\"site d&#039;analyse et de traitement d&#039;information\",\"publisher\":{\"@id\":\"https:\\\/\\\/congovirtuel.com\\\/information\\\/#organization\"},\"potentialAction\":[{\"@type\":\"SearchAction\",\"target\":{\"@type\":\"EntryPoint\",\"urlTemplate\":\"https:\\\/\\\/congovirtuel.com\\\/information\\\/?s={search_term_string}\"},\"query-input\":{\"@type\":\"PropertyValueSpecification\",\"valueRequired\":true,\"valueName\":\"search_term_string\"}}],\"inLanguage\":\"fr-FR\"},{\"@type\":\"Organization\",\"@id\":\"https:\\\/\\\/congovirtuel.com\\\/information\\\/#organization\",\"name\":\"Biblioth\u00e8que Virtuelle de la RDC\",\"url\":\"https:\\\/\\\/congovirtuel.com\\\/information\\\/\",\"logo\":{\"@type\":\"ImageObject\",\"inLanguage\":\"fr-FR\",\"@id\":\"https:\\\/\\\/congovirtuel.com\\\/information\\\/#\\\/schema\\\/logo\\\/image\\\/\",\"url\":\"https:\\\/\\\/congovirtuel.com\\\/information\\\/wp-content\\\/uploads\\\/2018\\\/10\\\/header-info-congovirtuel-vraie.jpg\",\"contentUrl\":\"https:\\\/\\\/congovirtuel.com\\\/information\\\/wp-content\\\/uploads\\\/2018\\\/10\\\/header-info-congovirtuel-vraie.jpg\",\"width\":728,\"height\":90,\"caption\":\"Biblioth\u00e8que Virtuelle de la RDC\"},\"image\":{\"@id\":\"https:\\\/\\\/congovirtuel.com\\\/information\\\/#\\\/schema\\\/logo\\\/image\\\/\"},\"sameAs\":[\"https:\\\/\\\/web.facebook.com\\\/Congovirtuel-763617960319601\\\/?ref=aymt_homepage_panel&amp;amp;amp;amp;amp;amp;amp;amp;amp;amp;amp;eid=ARCoxULa66767kIgF_KYav6VdjXTI4yk_LW4yoVO9s6NXpysgb7Cb65vpxcxgqzOAKvIbLQxaAETcqHT\",\"https:\\\/\\\/x.com\\\/congovirtuel\",\"https:\\\/\\\/www.youtube.com\\\/channel\\\/UCkFfprYzGgS3EWNpeMXpToQ?view_as=subscriber\"]},{\"@type\":\"Person\",\"@id\":\"https:\\\/\\\/congovirtuel.com\\\/information\\\/#\\\/schema\\\/person\\\/739a44bf7990966cb53d58d2fdeca0b6\",\"name\":\"infocongovirtuel\",\"image\":{\"@type\":\"ImageObject\",\"inLanguage\":\"fr-FR\",\"@id\":\"https:\\\/\\\/secure.gravatar.com\\\/avatar\\\/4d76991aa72469f0eb22e772586c99113c6997f88da636a9db8f2ce3a2c05e69?s=96&d=mm&r=g\",\"url\":\"https:\\\/\\\/secure.gravatar.com\\\/avatar\\\/4d76991aa72469f0eb22e772586c99113c6997f88da636a9db8f2ce3a2c05e69?s=96&d=mm&r=g\",\"contentUrl\":\"https:\\\/\\\/secure.gravatar.com\\\/avatar\\\/4d76991aa72469f0eb22e772586c99113c6997f88da636a9db8f2ce3a2c05e69?s=96&d=mm&r=g\",\"caption\":\"infocongovirtuel\"},\"url\":\"https:\\\/\\\/congovirtuel.com\\\/information\\\/author\\\/infocongovirtuel\\\/\"}]}<\/script>\n<!-- \/ Yoast SEO plugin. -->","yoast_head_json":{"title":"Meeting du 25 juin, un pro domo pour Martin Fayulu et l'ECIDE - Actualit\u00e9s congolaises et internationales","robots":{"index":"index","follow":"follow","max-snippet":"max-snippet:-1","max-image-preview":"max-image-preview:large","max-video-preview":"max-video-preview:-1"},"canonical":"https:\/\/congovirtuel.com\/information\/meeting-du-25-juin-un-pro-domo-pour-martin-fayulu-et-lecide\/","og_locale":"fr_FR","og_type":"article","og_title":"Meeting du 25 juin, un pro domo pour Martin Fayulu et l'ECIDE - Actualit\u00e9s congolaises et internationales","og_description":"Le meeting de l&rsquo;opposition, qui avait initialement pour but d&rsquo;\u00e9changer avec la population kinoise sur les questions importantes de la nation, va prendre une tout autre tournure. En effet, la derni\u00e8re sortie m\u00e9diatique de Martin Fayulu, leader du parti politique ECIDE, a suscit\u00e9 des controverses dans les rangs des formations politiques alli\u00e9es, ainsi qu&rsquo;au sein de son propre parti qui n&rsquo;acceptent pas sa position de boycotte du processus \u00e9lectoral actuel. Cette annonce unilat\u00e9rale a donc modifi\u00e9 la donne sur terrain et le meeting du 25 juin qui \u00e9tait pr\u00e9vu pour&hellip;","og_url":"https:\/\/congovirtuel.com\/information\/meeting-du-25-juin-un-pro-domo-pour-martin-fayulu-et-lecide\/","og_site_name":"Actualit\u00e9s congolaises et internationales","article_publisher":"https:\/\/web.facebook.com\/Congovirtuel-763617960319601\/?ref=aymt_homepage_panel&amp%3bamp%3bamp%3bamp%3bamp%3bamp%3bamp%3bamp%3bamp%3bamp%3bamp%3beid=ARCoxULa66767kIgF_KYav6VdjXTI4yk_LW4yoVO9s6NXpysgb7Cb65vpxcxgqzOAKvIbLQxaAETcqHT","article_published_time":"2023-06-23T06:52:01+00:00","og_image":[{"width":603,"height":480,"url":"https:\/\/congovirtuel.com\/information\/wp-content\/uploads\/2020\/03\/martin_fayulu.jpg","type":"image\/jpeg"}],"author":"infocongovirtuel","twitter_card":"summary_large_image","twitter_creator":"@congovirtuel","twitter_site":"@congovirtuel","twitter_misc":{"\u00c9crit par":"infocongovirtuel","Dur\u00e9e de lecture estim\u00e9e":"1 minute"},"schema":{"@context":"https:\/\/schema.org","@graph":[{"@type":"Article","@id":"https:\/\/congovirtuel.com\/information\/meeting-du-25-juin-un-pro-domo-pour-martin-fayulu-et-lecide\/#article","isPartOf":{"@id":"https:\/\/congovirtuel.com\/information\/meeting-du-25-juin-un-pro-domo-pour-martin-fayulu-et-lecide\/"},"author":{"name":"infocongovirtuel","@id":"https:\/\/congovirtuel.com\/information\/#\/schema\/person\/739a44bf7990966cb53d58d2fdeca0b6"},"headline":"Meeting du 25 juin, un pro domo pour Martin Fayulu et l&rsquo;ECIDE","datePublished":"2023-06-23T06:52:01+00:00","mainEntityOfPage":{"@id":"https:\/\/congovirtuel.com\/information\/meeting-du-25-juin-un-pro-domo-pour-martin-fayulu-et-lecide\/"},"wordCount":204,"commentCount":0,"publisher":{"@id":"https:\/\/congovirtuel.com\/information\/#organization"},"image":{"@id":"https:\/\/congovirtuel.com\/information\/meeting-du-25-juin-un-pro-domo-pour-martin-fayulu-et-lecide\/#primaryimage"},"thumbnailUrl":"https:\/\/congovirtuel.com\/information\/wp-content\/uploads\/2020\/03\/martin_fayulu.jpg","keywords":["Meeting 25 juin Ndjili","Message meeting du 25 juin"],"articleSection":["Opposition"],"inLanguage":"fr-FR","potentialAction":[{"@type":"CommentAction","name":"Comment","target":["https:\/\/congovirtuel.com\/information\/meeting-du-25-juin-un-pro-domo-pour-martin-fayulu-et-lecide\/#respond"]}]},{"@type":"WebPage","@id":"https:\/\/congovirtuel.com\/information\/meeting-du-25-juin-un-pro-domo-pour-martin-fayulu-et-lecide\/","url":"https:\/\/congovirtuel.com\/information\/meeting-du-25-juin-un-pro-domo-pour-martin-fayulu-et-lecide\/","name":"Meeting du 25 juin, un pro domo pour Martin Fayulu et l'ECIDE - Actualit\u00e9s congolaises et internationales","isPartOf":{"@id":"https:\/\/congovirtuel.com\/information\/#website"},"primaryImageOfPage":{"@id":"https:\/\/congovirtuel.com\/information\/meeting-du-25-juin-un-pro-domo-pour-martin-fayulu-et-lecide\/#primaryimage"},"image":{"@id":"https:\/\/congovirtuel.com\/information\/meeting-du-25-juin-un-pro-domo-pour-martin-fayulu-et-lecide\/#primaryimage"},"thumbnailUrl":"https:\/\/congovirtuel.com\/information\/wp-content\/uploads\/2020\/03\/martin_fayulu.jpg","datePublished":"2023-06-23T06:52:01+00:00","breadcrumb":{"@id":"https:\/\/congovirtuel.com\/information\/meeting-du-25-juin-un-pro-domo-pour-martin-fayulu-et-lecide\/#breadcrumb"},"inLanguage":"fr-FR","potentialAction":[{"@type":"ReadAction","target":["https:\/\/congovirtuel.com\/information\/meeting-du-25-juin-un-pro-domo-pour-martin-fayulu-et-lecide\/"]}]},{"@type":"ImageObject","inLanguage":"fr-FR","@id":"https:\/\/congovirtuel.com\/information\/meeting-du-25-juin-un-pro-domo-pour-martin-fayulu-et-lecide\/#primaryimage","url":"https:\/\/congovirtuel.com\/information\/wp-content\/uploads\/2020\/03\/martin_fayulu.jpg","contentUrl":"https:\/\/congovirtuel.com\/information\/wp-content\/uploads\/2020\/03\/martin_fayulu.jpg","width":603,"height":480,"caption":"Martin_fayulu"},{"@type":"BreadcrumbList","@id":"https:\/\/congovirtuel.com\/information\/meeting-du-25-juin-un-pro-domo-pour-martin-fayulu-et-lecide\/#breadcrumb","itemListElement":[{"@type":"ListItem","position":1,"name":"Accueil","item":"https:\/\/congovirtuel.com\/information\/"},{"@type":"ListItem","position":2,"name":"Meeting du 25 juin, un pro domo pour Martin Fayulu et l&rsquo;ECIDE"}]},{"@type":"WebSite","@id":"https:\/\/congovirtuel.com\/information\/#website","url":"https:\/\/congovirtuel.com\/information\/","name":"Actualit\u00e9s congolaises et internationales","description":"site d&#039;analyse et de traitement d&#039;information","publisher":{"@id":"https:\/\/congovirtuel.com\/information\/#organization"},"potentialAction":[{"@type":"SearchAction","target":{"@type":"EntryPoint","urlTemplate":"https:\/\/congovirtuel.com\/information\/?s={search_term_string}"},"query-input":{"@type":"PropertyValueSpecification","valueRequired":true,"valueName":"search_term_string"}}],"inLanguage":"fr-FR"},{"@type":"Organization","@id":"https:\/\/congovirtuel.com\/information\/#organization","name":"Biblioth\u00e8que Virtuelle de la RDC","url":"https:\/\/congovirtuel.com\/information\/","logo":{"@type":"ImageObject","inLanguage":"fr-FR","@id":"https:\/\/congovirtuel.com\/information\/#\/schema\/logo\/image\/","url":"https:\/\/congovirtuel.com\/information\/wp-content\/uploads\/2018\/10\/header-info-congovirtuel-vraie.jpg","contentUrl":"https:\/\/congovirtuel.com\/information\/wp-content\/uploads\/2018\/10\/header-info-congovirtuel-vraie.jpg","width":728,"height":90,"caption":"Biblioth\u00e8que Virtuelle de la RDC"},"image":{"@id":"https:\/\/congovirtuel.com\/information\/#\/schema\/logo\/image\/"},"sameAs":["https:\/\/web.facebook.com\/Congovirtuel-763617960319601\/?ref=aymt_homepage_panel&amp;amp;amp;amp;amp;amp;amp;amp;amp;amp;amp;eid=ARCoxULa66767kIgF_KYav6VdjXTI4yk_LW4yoVO9s6NXpysgb7Cb65vpxcxgqzOAKvIbLQxaAETcqHT","https:\/\/x.com\/congovirtuel","https:\/\/www.youtube.com\/channel\/UCkFfprYzGgS3EWNpeMXpToQ?view_as=subscriber"]},{"@type":"Person","@id":"https:\/\/congovirtuel.com\/information\/#\/schema\/person\/739a44bf7990966cb53d58d2fdeca0b6","name":"infocongovirtuel","image":{"@type":"ImageObject","inLanguage":"fr-FR","@id":"https:\/\/secure.gravatar.com\/avatar\/4d76991aa72469f0eb22e772586c99113c6997f88da636a9db8f2ce3a2c05e69?s=96&d=mm&r=g","url":"https:\/\/secure.gravatar.com\/avatar\/4d76991aa72469f0eb22e772586c99113c6997f88da636a9db8f2ce3a2c05e69?s=96&d=mm&r=g","contentUrl":"https:\/\/secure.gravatar.com\/avatar\/4d76991aa72469f0eb22e772586c99113c6997f88da636a9db8f2ce3a2c05e69?s=96&d=mm&r=g","caption":"infocongovirtuel"},"url":"https:\/\/congovirtuel.com\/information\/author\/infocongovirtuel\/"}]}},"gt_translate_keys":[{"key":"link","format":"url"}],"_links":{"self":[{"href":"https:\/\/congovirtuel.com\/information\/wp-json\/wp\/v2\/posts\/22749","targetHints":{"allow":["GET"]}}],"collection":[{"href":"https:\/\/congovirtuel.com\/information\/wp-json\/wp\/v2\/posts"}],"about":[{"href":"https:\/\/congovirtuel.com\/information\/wp-json\/wp\/v2\/types\/post"}],"author":[{"embeddable":true,"href":"https:\/\/congovirtuel.com\/information\/wp-json\/wp\/v2\/users\/1"}],"replies":[{"embeddable":true,"href":"https:\/\/congovirtuel.com\/information\/wp-json\/wp\/v2\/comments?post=22749"}],"version-history":[{"count":1,"href":"https:\/\/congovirtuel.com\/information\/wp-json\/wp\/v2\/posts\/22749\/revisions"}],"predecessor-version":[{"id":22750,"href":"https:\/\/congovirtuel.com\/information\/wp-json\/wp\/v2\/posts\/22749\/revisions\/22750"}],"wp:featuredmedia":[{"embeddable":true,"href":"https:\/\/congovirtuel.com\/information\/wp-json\/wp\/v2\/media\/759"}],"wp:attachment":[{"href":"https:\/\/congovirtuel.com\/information\/wp-json\/wp\/v2\/media?parent=22749"}],"wp:term":[{"taxonomy":"category","embeddable":true,"href":"https:\/\/congovirtuel.com\/information\/wp-json\/wp\/v2\/categories?post=22749"},{"taxonomy":"post_tag","embeddable":true,"href":"https:\/\/congovirtuel.com\/information\/wp-json\/wp\/v2\/tags?post=22749"}],"curies":[{"name":"wp","href":"https:\/\/api.w.org\/{rel}","templated":true}]}}