{"id":22961,"date":"2023-07-18T08:07:58","date_gmt":"2023-07-18T07:07:58","guid":{"rendered":"https:\/\/congovirtuel.com\/information\/?p=22961"},"modified":"2023-07-18T08:07:58","modified_gmt":"2023-07-18T07:07:58","slug":"le-cheikh-mohamed-bin-zayed-dit-mbz-attendu-a-kinshasa-le-15-aout","status":"publish","type":"post","link":"https:\/\/congovirtuel.com\/information\/le-cheikh-mohamed-bin-zayed-dit-mbz-attendu-a-kinshasa-le-15-aout\/","title":{"rendered":"Le cheikh Mohamed Bin Zayed dit \u00ab\u00a0MBZ\u00a0\u00bb attendu \u00e0 Kinshasa le 15 ao\u00fbt","gt_translate_keys":[{"key":"rendered","format":"text"}]},"content":{"rendered":"<p><strong><em>MBZ, l&rsquo;homme au centre du divorce entre F\u00e9lix Tshisekedi et Paul Kagame, va fouler le sol congolais pour sceller un accord exclusif de 25 ans renouvelable pour l&rsquo;exportation de l&rsquo;or et un autre accord de concession de trente ans renouvelable pour vingt ans du port de Banana. Les Emirats comptent mettre une enveloppe d\u2019un milliard de dollars pour leurs investissements en RDC.<\/em><\/strong><\/p>\n<p>Le Qatar investit des centaines de millions de dollars \u00bb au Rwanda alors que les Emirats arabes unis investi en R\u00e9publique d\u00e9mocratique du Congo dans l\u2019or et le coltan contre les int\u00e9r\u00eats du gouvernement rwandais.\u00a0 Kinshasa et Abu Dhabi vont finaliser les accords d\u2019alliance strat\u00e9gique avec la visite de Mohamed Bin Zayed Al Nahyan en R\u00e9publique d\u00e9mocratique du Congo ce 15 Ao\u00fbt. Cette visite de MBZ a Kinshasa s&rsquo;inscrit dans le cadre de lune de miel entre F\u00e9lix Tshisekedi et MBZ dans le domaine minier. Notons qu&rsquo; Un \u2018 \u00bbaccord Exclusif \u00bb de 25 ans renouvelable a\u00a0 accord\u00e9 a\u00a0 Primera Group de l\u2019 Emirats arabes unis le monopole d\u2019exportation de l\u2019or et du Coltan.L\u2019accord rendu public\u00a0 a \u00e9t\u00e9 pr\u00e9sent\u00e9 comme\u00a0 un moyen d\u2019assainir le secteur minier informel ou artisanal du pays o\u00f9 la contrebande a entra\u00een\u00e9 la perte de millions de dollars en imp\u00f4ts et des revenus chaque ann\u00e9e et aide \u00e0 financer les groupes arm\u00e9s qui d\u00e9stabilisent les provinces orientales riches en minerais du Congo.<\/p>\n<h3><strong>Le Boom des exportations de l&rsquo;or congolais\u00a0 vers les \u00c9mirats arabes unis<\/strong><\/h3>\n<p>Les autorit\u00e9s de RDC se sont\u00a0 f\u00e9licit\u00e9es d\u2019avoir r\u00e9ussi en six mois \u00e0 exporter 2 tonnes d\u2019or issu des mines artisanales vers les \u00c9mirats arabes unis. Un record pour la RDC qui s\u2019est lanc\u00e9e dans la lutte contre la vente illicite de ce minerai. Avec ces r\u00e9sultats, c\u2019est la premi\u00e8re fois que les flux financiers pour l\u2019achat et la commercialisation de l\u2019or artisanal sont rapatri\u00e9s dans le circuit bancaire congolais.L\u2019or export\u00e9 provient des mines artisanales de la province du Sud-Kivu. La r\u00e9gion \u00e9tait une passoire pour les pays voisins comme le Rwanda, selon un rapport des Nations unies. 99% de l&rsquo;exportation de l&rsquo;or artisanal s&rsquo;op\u00e9rait de mani\u00e8re frauduleuse. En 2022, la RDC n\u2019avait pu exporter que 32 kilos d&rsquo;or artisanal officiellement.<\/p>\n<p>Joseph Kazibaziba, le directeur g\u00e9n\u00e9ral de Primera Gold, la coentreprise qui exporte le minerai, se frotte les mains. Les deux tonnes export\u00e9es repr\u00e9sentent 80 ans des exportations de la province, affirme-t-il.<\/p>\n<h3><strong>MBZ et les mines d&rsquo;or du\u00a0 d\u00e9put\u00e9 Edouard Mwangachuchu<\/strong><\/h3>\n<p>La Soci\u00e9t\u00e9 mini\u00e8re de Bisunzu (SMB) du d\u00e9put\u00e9 Edouard Mwangachuchu avait des concessions autour\u00a0 de Rubaya ou la compagnie faisait l\u2019extraction de l\u2019or et du coltan. Ce dernier est poursuivi devant la Haute Cour militaire pour ses liens pr\u00e9sum\u00e9s avec les rebelles du M23, le r\u00e9gime de Kigali et le Qatar . Ces concessions sont\u00a0 attribu\u00e9es depuis \u00e0 Primera Group, l&rsquo; entit\u00e9 constitu\u00e9e par les hommes d\u2019affaires Sibtein Alibhai et Ajay Bathia pour le compte du pouvoir d \u2018 Abu Dhabi .Ali Alrashdi officie surtout pour le compte de la puissante International Holding Company (IHC) de Tahnoon bin Zayed al-Nahyan, fr\u00e8re de MbZ et conseiller \u00e0 la s\u00e9curit\u00e9 nationale. Il op\u00e8re dans le secteur extractif aux c\u00f4t\u00e9s de l\u2019ancien courtier en or artisanal Sibtein Alibhai, qu\u2019il a plac\u00e9, aux c\u00f4t\u00e9s de Ajay Bathia, \u00e0 la t\u00eate de Primera Group en RDC. C\u2019est ainsi que Abu Dhabi s\u2019active pour couvrir les d\u00e9penses militaires de la RDC contre le M23 pour prot\u00e9ger ses int\u00e9r\u00eats dans les zones aurif\u00e8res.<\/p>\n<p>Outre de vastes projets miniers et le port de Banana, la visite de Mohamed Bin Zayed Al Nahyan a Kinshasa pourrait \u00e9galement comprendre un volet militaire pour soutenir la RDC afin de lutter contre la contrebande des minerais vers le Rwanda et de neutraliser les rebelles proches de Kigali, note Africa Intelligence.<\/p>\n<p><strong><em>Coco Kabwika <\/em><\/strong><\/p>\n","protected":false,"gt_translate_keys":[{"key":"rendered","format":"html"}]},"excerpt":{"rendered":"<p>MBZ, l&rsquo;homme au centre du divorce entre F\u00e9lix Tshisekedi et Paul Kagame, va fouler le sol congolais pour sceller un accord exclusif de 25 ans renouvelable pour l&rsquo;exportation de l&rsquo;or et un autre accord de concession de trente ans renouvelable pour vingt ans du port de Banana. Les Emirats comptent mettre une enveloppe d\u2019un milliard de dollars pour leurs investissements en RDC. Le Qatar investit des centaines de millions de dollars \u00bb au Rwanda alors que les Emirats arabes unis investi en R\u00e9publique d\u00e9mocratique du Congo dans l\u2019or et le&hellip;<\/p>\n","protected":false,"gt_translate_keys":[{"key":"rendered","format":"html"}]},"author":1,"featured_media":22960,"comment_status":"open","ping_status":"open","sticky":false,"template":"","format":"standard","meta":{"_crdt_document":"","footnotes":""},"categories":[2264],"tags":[38368,38366,38367],"class_list":["post-22961","post","type-post","status-publish","format-standard","has-post-thumbnail","hentry","category-investissement","tag-emirats","tag-le-cheikh-mohamed-bin-zayed-al-nahyan","tag-visite-mbz-kinshasa"],"gutentor_comment":0,"yoast_head":"<!-- This site is optimized with the Yoast SEO plugin v27.5 - https:\/\/yoast.com\/product\/yoast-seo-wordpress\/ -->\n<title>Le cheikh Mohamed Bin Zayed dit &quot;MBZ&quot; attendu \u00e0 Kinshasa le 15 ao\u00fbt - Actualit\u00e9s congolaises et internationales<\/title>\n<meta name=\"robots\" content=\"index, follow, max-snippet:-1, max-image-preview:large, max-video-preview:-1\" \/>\n<link rel=\"canonical\" href=\"https:\/\/congovirtuel.com\/information\/le-cheikh-mohamed-bin-zayed-dit-mbz-attendu-a-kinshasa-le-15-aout\/\" \/>\n<meta property=\"og:locale\" content=\"fr_FR\" \/>\n<meta property=\"og:type\" content=\"article\" \/>\n<meta property=\"og:title\" content=\"Le cheikh Mohamed Bin Zayed dit &quot;MBZ&quot; attendu \u00e0 Kinshasa le 15 ao\u00fbt - Actualit\u00e9s congolaises et internationales\" \/>\n<meta property=\"og:description\" content=\"MBZ, l&rsquo;homme au centre du divorce entre F\u00e9lix Tshisekedi et Paul Kagame, va fouler le sol congolais pour sceller un accord exclusif de 25 ans renouvelable pour l&rsquo;exportation de l&rsquo;or et un autre accord de concession de trente ans renouvelable pour vingt ans du port de Banana. Les Emirats comptent mettre une enveloppe d\u2019un milliard de dollars pour leurs investissements en RDC. Le Qatar investit des centaines de millions de dollars \u00bb au Rwanda alors que les Emirats arabes unis investi en R\u00e9publique d\u00e9mocratique du Congo dans l\u2019or et le&hellip;\" \/>\n<meta property=\"og:url\" content=\"https:\/\/congovirtuel.com\/information\/le-cheikh-mohamed-bin-zayed-dit-mbz-attendu-a-kinshasa-le-15-aout\/\" \/>\n<meta property=\"og:site_name\" content=\"Actualit\u00e9s congolaises et internationales\" \/>\n<meta property=\"article:publisher\" content=\"https:\/\/web.facebook.com\/Congovirtuel-763617960319601\/?ref=aymt_homepage_panel&amp;amp%3bamp%3bamp%3bamp%3bamp%3bamp%3bamp%3bamp%3bamp%3bamp%3bamp%3beid=ARCoxULa66767kIgF_KYav6VdjXTI4yk_LW4yoVO9s6NXpysgb7Cb65vpxcxgqzOAKvIbLQxaAETcqHT\" \/>\n<meta property=\"article:published_time\" content=\"2023-07-18T07:07:58+00:00\" \/>\n<meta property=\"og:image\" content=\"https:\/\/congovirtuel.com\/information\/wp-content\/uploads\/2023\/07\/MBZ-and-TSHISEKEDI-600-x-400.jpg\" \/>\n\t<meta property=\"og:image:width\" content=\"600\" \/>\n\t<meta property=\"og:image:height\" content=\"400\" \/>\n\t<meta property=\"og:image:type\" content=\"image\/jpeg\" \/>\n<meta name=\"author\" content=\"infocongovirtuel\" \/>\n<meta name=\"twitter:card\" content=\"summary_large_image\" \/>\n<meta name=\"twitter:creator\" content=\"@congovirtuel\" \/>\n<meta name=\"twitter:site\" content=\"@congovirtuel\" \/>\n<meta name=\"twitter:label1\" content=\"\u00c9crit par\" \/>\n\t<meta name=\"twitter:data1\" content=\"infocongovirtuel\" \/>\n\t<meta name=\"twitter:label2\" content=\"Dur\u00e9e de lecture estim\u00e9e\" \/>\n\t<meta name=\"twitter:data2\" content=\"4 minutes\" \/>\n<script type=\"application\/ld+json\" class=\"yoast-schema-graph\">{\"@context\":\"https:\\\/\\\/schema.org\",\"@graph\":[{\"@type\":\"Article\",\"@id\":\"https:\\\/\\\/congovirtuel.com\\\/information\\\/le-cheikh-mohamed-bin-zayed-dit-mbz-attendu-a-kinshasa-le-15-aout\\\/#article\",\"isPartOf\":{\"@id\":\"https:\\\/\\\/congovirtuel.com\\\/information\\\/le-cheikh-mohamed-bin-zayed-dit-mbz-attendu-a-kinshasa-le-15-aout\\\/\"},\"author\":{\"name\":\"infocongovirtuel\",\"@id\":\"https:\\\/\\\/congovirtuel.com\\\/information\\\/#\\\/schema\\\/person\\\/739a44bf7990966cb53d58d2fdeca0b6\"},\"headline\":\"Le cheikh Mohamed Bin Zayed dit \u00ab\u00a0MBZ\u00a0\u00bb attendu \u00e0 Kinshasa le 15 ao\u00fbt\",\"datePublished\":\"2023-07-18T07:07:58+00:00\",\"mainEntityOfPage\":{\"@id\":\"https:\\\/\\\/congovirtuel.com\\\/information\\\/le-cheikh-mohamed-bin-zayed-dit-mbz-attendu-a-kinshasa-le-15-aout\\\/\"},\"wordCount\":702,\"commentCount\":0,\"publisher\":{\"@id\":\"https:\\\/\\\/congovirtuel.com\\\/information\\\/#organization\"},\"image\":{\"@id\":\"https:\\\/\\\/congovirtuel.com\\\/information\\\/le-cheikh-mohamed-bin-zayed-dit-mbz-attendu-a-kinshasa-le-15-aout\\\/#primaryimage\"},\"thumbnailUrl\":\"https:\\\/\\\/congovirtuel.com\\\/information\\\/wp-content\\\/uploads\\\/2023\\\/07\\\/MBZ-and-TSHISEKEDI-600-x-400.jpg\",\"keywords\":[\"Emirats\",\"Le cheikh Mohamed Bin Zayed Al Nahyan\",\"visite MBZ Kinshasa\"],\"articleSection\":[\"Investissement\"],\"inLanguage\":\"fr-FR\",\"potentialAction\":[{\"@type\":\"CommentAction\",\"name\":\"Comment\",\"target\":[\"https:\\\/\\\/congovirtuel.com\\\/information\\\/le-cheikh-mohamed-bin-zayed-dit-mbz-attendu-a-kinshasa-le-15-aout\\\/#respond\"]}]},{\"@type\":\"WebPage\",\"@id\":\"https:\\\/\\\/congovirtuel.com\\\/information\\\/le-cheikh-mohamed-bin-zayed-dit-mbz-attendu-a-kinshasa-le-15-aout\\\/\",\"url\":\"https:\\\/\\\/congovirtuel.com\\\/information\\\/le-cheikh-mohamed-bin-zayed-dit-mbz-attendu-a-kinshasa-le-15-aout\\\/\",\"name\":\"Le cheikh Mohamed Bin Zayed dit \\\"MBZ\\\" attendu \u00e0 Kinshasa le 15 ao\u00fbt - Actualit\u00e9s congolaises et internationales\",\"isPartOf\":{\"@id\":\"https:\\\/\\\/congovirtuel.com\\\/information\\\/#website\"},\"primaryImageOfPage\":{\"@id\":\"https:\\\/\\\/congovirtuel.com\\\/information\\\/le-cheikh-mohamed-bin-zayed-dit-mbz-attendu-a-kinshasa-le-15-aout\\\/#primaryimage\"},\"image\":{\"@id\":\"https:\\\/\\\/congovirtuel.com\\\/information\\\/le-cheikh-mohamed-bin-zayed-dit-mbz-attendu-a-kinshasa-le-15-aout\\\/#primaryimage\"},\"thumbnailUrl\":\"https:\\\/\\\/congovirtuel.com\\\/information\\\/wp-content\\\/uploads\\\/2023\\\/07\\\/MBZ-and-TSHISEKEDI-600-x-400.jpg\",\"datePublished\":\"2023-07-18T07:07:58+00:00\",\"breadcrumb\":{\"@id\":\"https:\\\/\\\/congovirtuel.com\\\/information\\\/le-cheikh-mohamed-bin-zayed-dit-mbz-attendu-a-kinshasa-le-15-aout\\\/#breadcrumb\"},\"inLanguage\":\"fr-FR\",\"potentialAction\":[{\"@type\":\"ReadAction\",\"target\":[\"https:\\\/\\\/congovirtuel.com\\\/information\\\/le-cheikh-mohamed-bin-zayed-dit-mbz-attendu-a-kinshasa-le-15-aout\\\/\"]}]},{\"@type\":\"ImageObject\",\"inLanguage\":\"fr-FR\",\"@id\":\"https:\\\/\\\/congovirtuel.com\\\/information\\\/le-cheikh-mohamed-bin-zayed-dit-mbz-attendu-a-kinshasa-le-15-aout\\\/#primaryimage\",\"url\":\"https:\\\/\\\/congovirtuel.com\\\/information\\\/wp-content\\\/uploads\\\/2023\\\/07\\\/MBZ-and-TSHISEKEDI-600-x-400.jpg\",\"contentUrl\":\"https:\\\/\\\/congovirtuel.com\\\/information\\\/wp-content\\\/uploads\\\/2023\\\/07\\\/MBZ-and-TSHISEKEDI-600-x-400.jpg\",\"width\":600,\"height\":400},{\"@type\":\"BreadcrumbList\",\"@id\":\"https:\\\/\\\/congovirtuel.com\\\/information\\\/le-cheikh-mohamed-bin-zayed-dit-mbz-attendu-a-kinshasa-le-15-aout\\\/#breadcrumb\",\"itemListElement\":[{\"@type\":\"ListItem\",\"position\":1,\"name\":\"Accueil\",\"item\":\"https:\\\/\\\/congovirtuel.com\\\/information\\\/\"},{\"@type\":\"ListItem\",\"position\":2,\"name\":\"Le cheikh Mohamed Bin Zayed dit \u00ab\u00a0MBZ\u00a0\u00bb attendu \u00e0 Kinshasa le 15 ao\u00fbt\"}]},{\"@type\":\"WebSite\",\"@id\":\"https:\\\/\\\/congovirtuel.com\\\/information\\\/#website\",\"url\":\"https:\\\/\\\/congovirtuel.com\\\/information\\\/\",\"name\":\"Actualit\u00e9s congolaises et internationales\",\"description\":\"site d&#039;analyse et de traitement d&#039;information\",\"publisher\":{\"@id\":\"https:\\\/\\\/congovirtuel.com\\\/information\\\/#organization\"},\"potentialAction\":[{\"@type\":\"SearchAction\",\"target\":{\"@type\":\"EntryPoint\",\"urlTemplate\":\"https:\\\/\\\/congovirtuel.com\\\/information\\\/?s={search_term_string}\"},\"query-input\":{\"@type\":\"PropertyValueSpecification\",\"valueRequired\":true,\"valueName\":\"search_term_string\"}}],\"inLanguage\":\"fr-FR\"},{\"@type\":\"Organization\",\"@id\":\"https:\\\/\\\/congovirtuel.com\\\/information\\\/#organization\",\"name\":\"Biblioth\u00e8que Virtuelle de la RDC\",\"url\":\"https:\\\/\\\/congovirtuel.com\\\/information\\\/\",\"logo\":{\"@type\":\"ImageObject\",\"inLanguage\":\"fr-FR\",\"@id\":\"https:\\\/\\\/congovirtuel.com\\\/information\\\/#\\\/schema\\\/logo\\\/image\\\/\",\"url\":\"https:\\\/\\\/congovirtuel.com\\\/information\\\/wp-content\\\/uploads\\\/2018\\\/10\\\/header-info-congovirtuel-vraie.jpg\",\"contentUrl\":\"https:\\\/\\\/congovirtuel.com\\\/information\\\/wp-content\\\/uploads\\\/2018\\\/10\\\/header-info-congovirtuel-vraie.jpg\",\"width\":728,\"height\":90,\"caption\":\"Biblioth\u00e8que Virtuelle de la RDC\"},\"image\":{\"@id\":\"https:\\\/\\\/congovirtuel.com\\\/information\\\/#\\\/schema\\\/logo\\\/image\\\/\"},\"sameAs\":[\"https:\\\/\\\/web.facebook.com\\\/Congovirtuel-763617960319601\\\/?ref=aymt_homepage_panel&amp;amp;amp;amp;amp;amp;amp;amp;amp;amp;amp;eid=ARCoxULa66767kIgF_KYav6VdjXTI4yk_LW4yoVO9s6NXpysgb7Cb65vpxcxgqzOAKvIbLQxaAETcqHT\",\"https:\\\/\\\/x.com\\\/congovirtuel\",\"https:\\\/\\\/www.youtube.com\\\/channel\\\/UCkFfprYzGgS3EWNpeMXpToQ?view_as=subscriber\"]},{\"@type\":\"Person\",\"@id\":\"https:\\\/\\\/congovirtuel.com\\\/information\\\/#\\\/schema\\\/person\\\/739a44bf7990966cb53d58d2fdeca0b6\",\"name\":\"infocongovirtuel\",\"image\":{\"@type\":\"ImageObject\",\"inLanguage\":\"fr-FR\",\"@id\":\"https:\\\/\\\/secure.gravatar.com\\\/avatar\\\/4d76991aa72469f0eb22e772586c99113c6997f88da636a9db8f2ce3a2c05e69?s=96&d=mm&r=g\",\"url\":\"https:\\\/\\\/secure.gravatar.com\\\/avatar\\\/4d76991aa72469f0eb22e772586c99113c6997f88da636a9db8f2ce3a2c05e69?s=96&d=mm&r=g\",\"contentUrl\":\"https:\\\/\\\/secure.gravatar.com\\\/avatar\\\/4d76991aa72469f0eb22e772586c99113c6997f88da636a9db8f2ce3a2c05e69?s=96&d=mm&r=g\",\"caption\":\"infocongovirtuel\"},\"url\":\"https:\\\/\\\/congovirtuel.com\\\/information\\\/author\\\/infocongovirtuel\\\/\"}]}<\/script>\n<!-- \/ Yoast SEO plugin. -->","yoast_head_json":{"title":"Le cheikh Mohamed Bin Zayed dit \"MBZ\" attendu \u00e0 Kinshasa le 15 ao\u00fbt - Actualit\u00e9s congolaises et internationales","robots":{"index":"index","follow":"follow","max-snippet":"max-snippet:-1","max-image-preview":"max-image-preview:large","max-video-preview":"max-video-preview:-1"},"canonical":"https:\/\/congovirtuel.com\/information\/le-cheikh-mohamed-bin-zayed-dit-mbz-attendu-a-kinshasa-le-15-aout\/","og_locale":"fr_FR","og_type":"article","og_title":"Le cheikh Mohamed Bin Zayed dit \"MBZ\" attendu \u00e0 Kinshasa le 15 ao\u00fbt - Actualit\u00e9s congolaises et internationales","og_description":"MBZ, l&rsquo;homme au centre du divorce entre F\u00e9lix Tshisekedi et Paul Kagame, va fouler le sol congolais pour sceller un accord exclusif de 25 ans renouvelable pour l&rsquo;exportation de l&rsquo;or et un autre accord de concession de trente ans renouvelable pour vingt ans du port de Banana. Les Emirats comptent mettre une enveloppe d\u2019un milliard de dollars pour leurs investissements en RDC. Le Qatar investit des centaines de millions de dollars \u00bb au Rwanda alors que les Emirats arabes unis investi en R\u00e9publique d\u00e9mocratique du Congo dans l\u2019or et le&hellip;","og_url":"https:\/\/congovirtuel.com\/information\/le-cheikh-mohamed-bin-zayed-dit-mbz-attendu-a-kinshasa-le-15-aout\/","og_site_name":"Actualit\u00e9s congolaises et internationales","article_publisher":"https:\/\/web.facebook.com\/Congovirtuel-763617960319601\/?ref=aymt_homepage_panel&amp%3bamp%3bamp%3bamp%3bamp%3bamp%3bamp%3bamp%3bamp%3bamp%3bamp%3beid=ARCoxULa66767kIgF_KYav6VdjXTI4yk_LW4yoVO9s6NXpysgb7Cb65vpxcxgqzOAKvIbLQxaAETcqHT","article_published_time":"2023-07-18T07:07:58+00:00","og_image":[{"width":600,"height":400,"url":"https:\/\/congovirtuel.com\/information\/wp-content\/uploads\/2023\/07\/MBZ-and-TSHISEKEDI-600-x-400.jpg","type":"image\/jpeg"}],"author":"infocongovirtuel","twitter_card":"summary_large_image","twitter_creator":"@congovirtuel","twitter_site":"@congovirtuel","twitter_misc":{"\u00c9crit par":"infocongovirtuel","Dur\u00e9e de lecture estim\u00e9e":"4 minutes"},"schema":{"@context":"https:\/\/schema.org","@graph":[{"@type":"Article","@id":"https:\/\/congovirtuel.com\/information\/le-cheikh-mohamed-bin-zayed-dit-mbz-attendu-a-kinshasa-le-15-aout\/#article","isPartOf":{"@id":"https:\/\/congovirtuel.com\/information\/le-cheikh-mohamed-bin-zayed-dit-mbz-attendu-a-kinshasa-le-15-aout\/"},"author":{"name":"infocongovirtuel","@id":"https:\/\/congovirtuel.com\/information\/#\/schema\/person\/739a44bf7990966cb53d58d2fdeca0b6"},"headline":"Le cheikh Mohamed Bin Zayed dit \u00ab\u00a0MBZ\u00a0\u00bb attendu \u00e0 Kinshasa le 15 ao\u00fbt","datePublished":"2023-07-18T07:07:58+00:00","mainEntityOfPage":{"@id":"https:\/\/congovirtuel.com\/information\/le-cheikh-mohamed-bin-zayed-dit-mbz-attendu-a-kinshasa-le-15-aout\/"},"wordCount":702,"commentCount":0,"publisher":{"@id":"https:\/\/congovirtuel.com\/information\/#organization"},"image":{"@id":"https:\/\/congovirtuel.com\/information\/le-cheikh-mohamed-bin-zayed-dit-mbz-attendu-a-kinshasa-le-15-aout\/#primaryimage"},"thumbnailUrl":"https:\/\/congovirtuel.com\/information\/wp-content\/uploads\/2023\/07\/MBZ-and-TSHISEKEDI-600-x-400.jpg","keywords":["Emirats","Le cheikh Mohamed Bin Zayed Al Nahyan","visite MBZ Kinshasa"],"articleSection":["Investissement"],"inLanguage":"fr-FR","potentialAction":[{"@type":"CommentAction","name":"Comment","target":["https:\/\/congovirtuel.com\/information\/le-cheikh-mohamed-bin-zayed-dit-mbz-attendu-a-kinshasa-le-15-aout\/#respond"]}]},{"@type":"WebPage","@id":"https:\/\/congovirtuel.com\/information\/le-cheikh-mohamed-bin-zayed-dit-mbz-attendu-a-kinshasa-le-15-aout\/","url":"https:\/\/congovirtuel.com\/information\/le-cheikh-mohamed-bin-zayed-dit-mbz-attendu-a-kinshasa-le-15-aout\/","name":"Le cheikh Mohamed Bin Zayed dit \"MBZ\" attendu \u00e0 Kinshasa le 15 ao\u00fbt - Actualit\u00e9s congolaises et internationales","isPartOf":{"@id":"https:\/\/congovirtuel.com\/information\/#website"},"primaryImageOfPage":{"@id":"https:\/\/congovirtuel.com\/information\/le-cheikh-mohamed-bin-zayed-dit-mbz-attendu-a-kinshasa-le-15-aout\/#primaryimage"},"image":{"@id":"https:\/\/congovirtuel.com\/information\/le-cheikh-mohamed-bin-zayed-dit-mbz-attendu-a-kinshasa-le-15-aout\/#primaryimage"},"thumbnailUrl":"https:\/\/congovirtuel.com\/information\/wp-content\/uploads\/2023\/07\/MBZ-and-TSHISEKEDI-600-x-400.jpg","datePublished":"2023-07-18T07:07:58+00:00","breadcrumb":{"@id":"https:\/\/congovirtuel.com\/information\/le-cheikh-mohamed-bin-zayed-dit-mbz-attendu-a-kinshasa-le-15-aout\/#breadcrumb"},"inLanguage":"fr-FR","potentialAction":[{"@type":"ReadAction","target":["https:\/\/congovirtuel.com\/information\/le-cheikh-mohamed-bin-zayed-dit-mbz-attendu-a-kinshasa-le-15-aout\/"]}]},{"@type":"ImageObject","inLanguage":"fr-FR","@id":"https:\/\/congovirtuel.com\/information\/le-cheikh-mohamed-bin-zayed-dit-mbz-attendu-a-kinshasa-le-15-aout\/#primaryimage","url":"https:\/\/congovirtuel.com\/information\/wp-content\/uploads\/2023\/07\/MBZ-and-TSHISEKEDI-600-x-400.jpg","contentUrl":"https:\/\/congovirtuel.com\/information\/wp-content\/uploads\/2023\/07\/MBZ-and-TSHISEKEDI-600-x-400.jpg","width":600,"height":400},{"@type":"BreadcrumbList","@id":"https:\/\/congovirtuel.com\/information\/le-cheikh-mohamed-bin-zayed-dit-mbz-attendu-a-kinshasa-le-15-aout\/#breadcrumb","itemListElement":[{"@type":"ListItem","position":1,"name":"Accueil","item":"https:\/\/congovirtuel.com\/information\/"},{"@type":"ListItem","position":2,"name":"Le cheikh Mohamed Bin Zayed dit \u00ab\u00a0MBZ\u00a0\u00bb attendu \u00e0 Kinshasa le 15 ao\u00fbt"}]},{"@type":"WebSite","@id":"https:\/\/congovirtuel.com\/information\/#website","url":"https:\/\/congovirtuel.com\/information\/","name":"Actualit\u00e9s congolaises et internationales","description":"site d&#039;analyse et de traitement d&#039;information","publisher":{"@id":"https:\/\/congovirtuel.com\/information\/#organization"},"potentialAction":[{"@type":"SearchAction","target":{"@type":"EntryPoint","urlTemplate":"https:\/\/congovirtuel.com\/information\/?s={search_term_string}"},"query-input":{"@type":"PropertyValueSpecification","valueRequired":true,"valueName":"search_term_string"}}],"inLanguage":"fr-FR"},{"@type":"Organization","@id":"https:\/\/congovirtuel.com\/information\/#organization","name":"Biblioth\u00e8que Virtuelle de la RDC","url":"https:\/\/congovirtuel.com\/information\/","logo":{"@type":"ImageObject","inLanguage":"fr-FR","@id":"https:\/\/congovirtuel.com\/information\/#\/schema\/logo\/image\/","url":"https:\/\/congovirtuel.com\/information\/wp-content\/uploads\/2018\/10\/header-info-congovirtuel-vraie.jpg","contentUrl":"https:\/\/congovirtuel.com\/information\/wp-content\/uploads\/2018\/10\/header-info-congovirtuel-vraie.jpg","width":728,"height":90,"caption":"Biblioth\u00e8que Virtuelle de la RDC"},"image":{"@id":"https:\/\/congovirtuel.com\/information\/#\/schema\/logo\/image\/"},"sameAs":["https:\/\/web.facebook.com\/Congovirtuel-763617960319601\/?ref=aymt_homepage_panel&amp;amp;amp;amp;amp;amp;amp;amp;amp;amp;amp;eid=ARCoxULa66767kIgF_KYav6VdjXTI4yk_LW4yoVO9s6NXpysgb7Cb65vpxcxgqzOAKvIbLQxaAETcqHT","https:\/\/x.com\/congovirtuel","https:\/\/www.youtube.com\/channel\/UCkFfprYzGgS3EWNpeMXpToQ?view_as=subscriber"]},{"@type":"Person","@id":"https:\/\/congovirtuel.com\/information\/#\/schema\/person\/739a44bf7990966cb53d58d2fdeca0b6","name":"infocongovirtuel","image":{"@type":"ImageObject","inLanguage":"fr-FR","@id":"https:\/\/secure.gravatar.com\/avatar\/4d76991aa72469f0eb22e772586c99113c6997f88da636a9db8f2ce3a2c05e69?s=96&d=mm&r=g","url":"https:\/\/secure.gravatar.com\/avatar\/4d76991aa72469f0eb22e772586c99113c6997f88da636a9db8f2ce3a2c05e69?s=96&d=mm&r=g","contentUrl":"https:\/\/secure.gravatar.com\/avatar\/4d76991aa72469f0eb22e772586c99113c6997f88da636a9db8f2ce3a2c05e69?s=96&d=mm&r=g","caption":"infocongovirtuel"},"url":"https:\/\/congovirtuel.com\/information\/author\/infocongovirtuel\/"}]}},"gt_translate_keys":[{"key":"link","format":"url"}],"_links":{"self":[{"href":"https:\/\/congovirtuel.com\/information\/wp-json\/wp\/v2\/posts\/22961","targetHints":{"allow":["GET"]}}],"collection":[{"href":"https:\/\/congovirtuel.com\/information\/wp-json\/wp\/v2\/posts"}],"about":[{"href":"https:\/\/congovirtuel.com\/information\/wp-json\/wp\/v2\/types\/post"}],"author":[{"embeddable":true,"href":"https:\/\/congovirtuel.com\/information\/wp-json\/wp\/v2\/users\/1"}],"replies":[{"embeddable":true,"href":"https:\/\/congovirtuel.com\/information\/wp-json\/wp\/v2\/comments?post=22961"}],"version-history":[{"count":1,"href":"https:\/\/congovirtuel.com\/information\/wp-json\/wp\/v2\/posts\/22961\/revisions"}],"predecessor-version":[{"id":22962,"href":"https:\/\/congovirtuel.com\/information\/wp-json\/wp\/v2\/posts\/22961\/revisions\/22962"}],"wp:featuredmedia":[{"embeddable":true,"href":"https:\/\/congovirtuel.com\/information\/wp-json\/wp\/v2\/media\/22960"}],"wp:attachment":[{"href":"https:\/\/congovirtuel.com\/information\/wp-json\/wp\/v2\/media?parent=22961"}],"wp:term":[{"taxonomy":"category","embeddable":true,"href":"https:\/\/congovirtuel.com\/information\/wp-json\/wp\/v2\/categories?post=22961"},{"taxonomy":"post_tag","embeddable":true,"href":"https:\/\/congovirtuel.com\/information\/wp-json\/wp\/v2\/tags?post=22961"}],"curies":[{"name":"wp","href":"https:\/\/api.w.org\/{rel}","templated":true}]}}