{"id":23003,"date":"2023-07-21T16:16:17","date_gmt":"2023-07-21T15:16:17","guid":{"rendered":"https:\/\/congovirtuel.com\/information\/?p=23003"},"modified":"2023-07-21T16:21:11","modified_gmt":"2023-07-21T15:21:11","slug":"plaidoirie-pour-la-prootection-des-droits-de-lenfant-africain-accompagne-dune-prise-en-charge-scolaire-pour-la-prochaine-rentree-scolaire","status":"publish","type":"post","link":"https:\/\/congovirtuel.com\/information\/plaidoirie-pour-la-prootection-des-droits-de-lenfant-africain-accompagne-dune-prise-en-charge-scolaire-pour-la-prochaine-rentree-scolaire\/","title":{"rendered":"Plaidoirie pour la protection des droits de l\u2019enfant africain accompagn\u00e9 d\u2019une prise en charge scolaire \u00e0 la prochaine rentr\u00e9e scolaire","gt_translate_keys":[{"key":"rendered","format":"text"}]},"content":{"rendered":"<p>Le mercredi 19 juillet 2023, la d\u00e9l\u00e9gation de l&rsquo;ONGD\/ASBL 100 JEUNES et de la Synergie Tous pour les Enfants, dirig\u00e9e par Monsieur Dieu Merci Diavangama, a \u00e9t\u00e9 re\u00e7ue en audience solennelle par Son Excellence, Madame Mireille Bibi Masangu Muloko, Ministre du Genre, Famille et Enfant de la RDC. Cette rencontre avait pour but la pr\u00e9sentation officielle du projet de la premi\u00e8re \u00e9dition de la \u00ab\u00a0Journ\u00e9e de pri\u00e8re et de partage avec les Orphelins pour la Paix et le D\u00e9veloppement de la RDC\u00a0\u00bb, pr\u00e9vue pour le samedi 26 ao\u00fbt 2023.<\/p>\n<p>Cette plaidoirie vise \u00e0 sensibiliser et mobiliser l&rsquo;opinion publique sur la protection des droits de l&rsquo;enfant africain, en mettant l&rsquo;accent sur la n\u00e9cessit\u00e9 d&rsquo;une prise en charge scolaire pour la prochaine rentr\u00e9e scolaire.<\/p>\n<p><img loading=\"lazy\" decoding=\"async\" class=\"alignnone size-full wp-image-23002\" src=\"https:\/\/congovirtuel.com\/information\/wp-content\/uploads\/2023\/07\/Orphelins_quemande-600-x-350.jpg\" alt=\"\" width=\"600\" height=\"350\" \/><\/p>\n<p>Les droits de l&rsquo;enfant sont universellement reconnus et prot\u00e9g\u00e9s par plusieurs conventions internationales, notamment la Convention relative aux droits de l&rsquo;enfant adopt\u00e9e par l&rsquo;Assembl\u00e9e g\u00e9n\u00e9rale des Nations Unies en 1989. Malheureusement, malgr\u00e9 ces engagements, les droits des enfants restent souvent bafou\u00e9s en Afrique, en particulier pour les enfants orphelins.<\/p>\n<p>Les enfants orphelins sont parmi les groupes les plus vuln\u00e9rables de la soci\u00e9t\u00e9, souvent priv\u00e9s de soins et d&rsquo;\u00e9ducation ad\u00e9quats. En Afrique, de nombreux enfants orphelins se retrouvent sans soutien familial, livr\u00e9s \u00e0 eux-m\u00eames et expos\u00e9s \u00e0 divers dangers tels que la mendicit\u00e9, le travail des enfants, l&rsquo;exploitation et m\u00eame la traite.<\/p>\n<p>La rentr\u00e9e scolaire repr\u00e9sente une occasion cruciale de fournir un soutien \u00e9ducatif \u00e0 ces enfants vuln\u00e9rables. L&rsquo;acc\u00e8s \u00e0 une \u00e9ducation de qualit\u00e9 est non seulement un droit fondamental de chaque enfant, mais aussi un moyen essentiel pour briser le cycle de la pauvret\u00e9 et de l&rsquo;exclusion.<\/p>\n<p>La prise en charge scolaire pour la prochaine rentr\u00e9e scolaire est donc une mesure concr\u00e8te et imm\u00e9diate qui peut aider \u00e0 prot\u00e9ger les droits de l&rsquo;enfant africain. Cela implique la mise en place de programmes et de m\u00e9canismes qui garantissent que les enfants orphelins puissent acc\u00e9der \u00e0 l&rsquo;\u00e9ducation dans des conditions dignes et s\u00e9curis\u00e9es.<\/p>\n<p><img loading=\"lazy\" decoding=\"async\" class=\"alignnone size-medium wp-image-22999\" src=\"https:\/\/congovirtuel.com\/information\/wp-content\/uploads\/2023\/07\/Jessy2-548x365.jpg\" alt=\"\" width=\"548\" height=\"365\" srcset=\"https:\/\/congovirtuel.com\/information\/wp-content\/uploads\/2023\/07\/Jessy2-548x365.jpg 548w, https:\/\/congovirtuel.com\/information\/wp-content\/uploads\/2023\/07\/Jessy2-840x560.jpg 840w, https:\/\/congovirtuel.com\/information\/wp-content\/uploads\/2023\/07\/Jessy2-768x512.jpg 768w, https:\/\/congovirtuel.com\/information\/wp-content\/uploads\/2023\/07\/Jessy2-650x434.jpg 650w, https:\/\/congovirtuel.com\/information\/wp-content\/uploads\/2023\/07\/Jessy2-730x487.jpg 730w, https:\/\/congovirtuel.com\/information\/wp-content\/uploads\/2023\/07\/Jessy2-112x75.jpg 112w, https:\/\/congovirtuel.com\/information\/wp-content\/uploads\/2023\/07\/Jessy2-425x283.jpg 425w, https:\/\/congovirtuel.com\/information\/wp-content\/uploads\/2023\/07\/Jessy2-430x287.jpg 430w, https:\/\/congovirtuel.com\/information\/wp-content\/uploads\/2023\/07\/Jessy2.jpg 1080w\" sizes=\"auto, (max-width: 548px) 100vw, 548px\" \/><\/p>\n<p>La Journ\u00e9e de pri\u00e8re et de partage avec les Orphelins pour la Paix et le D\u00e9veloppement de la RDC, sous le haut patronage de son Excellence, Madame Mireille Bibi Masangu Muloko Ministre du Genre, Famille et Enfant est une initiative louable qui vise \u00e0 sensibiliser et \u00e0 collecter des fonds pour soutenir ces enfants. La participation, les dons et le sponsoring de chacun sont essentiels pour garantir le succ\u00e8s de cet \u00e9v\u00e9nement et pour offrir des milliers d&rsquo;enfants orphelins la possibilit\u00e9 de recevoir des kits scolaires.<\/p>\n<p><img loading=\"lazy\" decoding=\"async\" class=\"alignnone size-medium wp-image-23000\" src=\"https:\/\/congovirtuel.com\/information\/wp-content\/uploads\/2023\/07\/Jessy-548x365.jpg\" alt=\"\" width=\"548\" height=\"365\" srcset=\"https:\/\/congovirtuel.com\/information\/wp-content\/uploads\/2023\/07\/Jessy-548x365.jpg 548w, https:\/\/congovirtuel.com\/information\/wp-content\/uploads\/2023\/07\/Jessy-840x560.jpg 840w, https:\/\/congovirtuel.com\/information\/wp-content\/uploads\/2023\/07\/Jessy-768x512.jpg 768w, https:\/\/congovirtuel.com\/information\/wp-content\/uploads\/2023\/07\/Jessy-650x434.jpg 650w, https:\/\/congovirtuel.com\/information\/wp-content\/uploads\/2023\/07\/Jessy-730x487.jpg 730w, https:\/\/congovirtuel.com\/information\/wp-content\/uploads\/2023\/07\/Jessy-112x75.jpg 112w, https:\/\/congovirtuel.com\/information\/wp-content\/uploads\/2023\/07\/Jessy-425x283.jpg 425w, https:\/\/congovirtuel.com\/information\/wp-content\/uploads\/2023\/07\/Jessy-430x287.jpg 430w, https:\/\/congovirtuel.com\/information\/wp-content\/uploads\/2023\/07\/Jessy.jpg 1080w\" sizes=\"auto, (max-width: 548px) 100vw, 548px\" \/><\/p>\n<p>Votre geste compte vraiment ! Votre participation, don ou sponsoring peut faire la diff\u00e9rence pour ces enfants, en leur offrant la chance d&rsquo;un avenir meilleur \u00e0 travers l&rsquo;\u00e9ducation. Ensemble, nous pouvons contribuer \u00e0 la protection des droits de l&rsquo;enfant africain et \u00e0 la construction d&rsquo;un avenir plus prometteur pour tous. Alors, rejoignez-nous dans cette noble cause et \u0153uvrons ensemble pour un monde o\u00f9 tous les enfants peuvent s&rsquo;\u00e9panouir et r\u00e9aliser leur plein potentiel.<\/p>\n<p>Ce projet s&rsquo;inscrit aussi dans la mat\u00e9rialisation du V\u0153ux \u00e9mis par le Chef de l&rsquo;Etat, Felix Antoine Tshisekedi Tshilombo lors de la c\u00e9l\u00e9bration de la 63\u00e8me anniversaire de l\u2019ind\u00e9pendance o\u00f9 toutes les couches de la population doivent s&rsquo;impliquer \u00e0 prier pour la Nation.<\/p>\n<p>Partant des \u00e9critures saintes du livre de Psaumes 8 :2 qui accorde le pouvoir aux orphelins de vaincre l\u2019ennemi qui menacent le Congo.<\/p>\n<p>Pour tout contact\u00a0: 00243 81 7358465<\/p>\n<p>Aim\u00e9 Binda<\/p>\n","protected":false,"gt_translate_keys":[{"key":"rendered","format":"html"}]},"excerpt":{"rendered":"<p>Le mercredi 19 juillet 2023, la d\u00e9l\u00e9gation de l&rsquo;ONGD\/ASBL 100 JEUNES et de la Synergie Tous pour les Enfants, dirig\u00e9e par Monsieur Dieu Merci Diavangama, a \u00e9t\u00e9 re\u00e7ue en audience solennelle par Son Excellence, Madame Mireille Bibi Masangu Muloko, Ministre du Genre, Famille et Enfant de la RDC. Cette rencontre avait pour but la pr\u00e9sentation officielle du projet de la premi\u00e8re \u00e9dition de la \u00ab\u00a0Journ\u00e9e de pri\u00e8re et de partage avec les Orphelins pour la Paix et le D\u00e9veloppement de la RDC\u00a0\u00bb, pr\u00e9vue pour le samedi 26 ao\u00fbt 2023. Cette&hellip;<\/p>\n","protected":false,"gt_translate_keys":[{"key":"rendered","format":"html"}]},"author":1,"featured_media":23001,"comment_status":"open","ping_status":"open","sticky":false,"template":"","format":"standard","meta":{"_crdt_document":"","footnotes":""},"categories":[583],"tags":[38384],"class_list":["post-23003","post","type-post","status-publish","format-standard","has-post-thumbnail","hentry","category-societe","tag-100-jeunes"],"gutentor_comment":0,"yoast_head":"<!-- This site is optimized with the Yoast SEO plugin v27.5 - https:\/\/yoast.com\/product\/yoast-seo-wordpress\/ -->\n<title>Plaidoirie pour la protection des droits de l\u2019enfant africain accompagn\u00e9 d\u2019une prise en charge scolaire \u00e0 la prochaine rentr\u00e9e scolaire - Actualit\u00e9s congolaises et internationales<\/title>\n<meta name=\"robots\" content=\"index, follow, max-snippet:-1, max-image-preview:large, max-video-preview:-1\" \/>\n<link rel=\"canonical\" href=\"https:\/\/congovirtuel.com\/information\/plaidoirie-pour-la-prootection-des-droits-de-lenfant-africain-accompagne-dune-prise-en-charge-scolaire-pour-la-prochaine-rentree-scolaire\/\" \/>\n<meta property=\"og:locale\" content=\"fr_FR\" \/>\n<meta property=\"og:type\" content=\"article\" \/>\n<meta property=\"og:title\" content=\"Plaidoirie pour la protection des droits de l\u2019enfant africain accompagn\u00e9 d\u2019une prise en charge scolaire \u00e0 la prochaine rentr\u00e9e scolaire - Actualit\u00e9s congolaises et internationales\" \/>\n<meta property=\"og:description\" content=\"Le mercredi 19 juillet 2023, la d\u00e9l\u00e9gation de l&rsquo;ONGD\/ASBL 100 JEUNES et de la Synergie Tous pour les Enfants, dirig\u00e9e par Monsieur Dieu Merci Diavangama, a \u00e9t\u00e9 re\u00e7ue en audience solennelle par Son Excellence, Madame Mireille Bibi Masangu Muloko, Ministre du Genre, Famille et Enfant de la RDC. Cette rencontre avait pour but la pr\u00e9sentation officielle du projet de la premi\u00e8re \u00e9dition de la \u00ab\u00a0Journ\u00e9e de pri\u00e8re et de partage avec les Orphelins pour la Paix et le D\u00e9veloppement de la RDC\u00a0\u00bb, pr\u00e9vue pour le samedi 26 ao\u00fbt 2023. Cette&hellip;\" \/>\n<meta property=\"og:url\" content=\"https:\/\/congovirtuel.com\/information\/plaidoirie-pour-la-prootection-des-droits-de-lenfant-africain-accompagne-dune-prise-en-charge-scolaire-pour-la-prochaine-rentree-scolaire\/\" \/>\n<meta property=\"og:site_name\" content=\"Actualit\u00e9s congolaises et internationales\" \/>\n<meta property=\"article:publisher\" content=\"https:\/\/web.facebook.com\/Congovirtuel-763617960319601\/?ref=aymt_homepage_panel&amp;amp%3bamp%3bamp%3bamp%3bamp%3bamp%3bamp%3bamp%3bamp%3bamp%3bamp%3beid=ARCoxULa66767kIgF_KYav6VdjXTI4yk_LW4yoVO9s6NXpysgb7Cb65vpxcxgqzOAKvIbLQxaAETcqHT\" \/>\n<meta property=\"article:published_time\" content=\"2023-07-21T15:16:17+00:00\" \/>\n<meta property=\"article:modified_time\" content=\"2023-07-21T15:21:11+00:00\" \/>\n<meta property=\"og:image\" content=\"https:\/\/congovirtuel.com\/information\/wp-content\/uploads\/2023\/07\/Jessy_Gender-600-x-400.jpg\" \/>\n\t<meta property=\"og:image:width\" content=\"600\" \/>\n\t<meta property=\"og:image:height\" content=\"400\" \/>\n\t<meta property=\"og:image:type\" content=\"image\/jpeg\" \/>\n<meta name=\"author\" content=\"infocongovirtuel\" \/>\n<meta name=\"twitter:card\" content=\"summary_large_image\" \/>\n<meta name=\"twitter:creator\" content=\"@congovirtuel\" \/>\n<meta name=\"twitter:site\" content=\"@congovirtuel\" \/>\n<meta name=\"twitter:label1\" content=\"\u00c9crit par\" \/>\n\t<meta name=\"twitter:data1\" content=\"infocongovirtuel\" \/>\n\t<meta name=\"twitter:label2\" content=\"Dur\u00e9e de lecture estim\u00e9e\" \/>\n\t<meta name=\"twitter:data2\" content=\"4 minutes\" \/>\n<script type=\"application\/ld+json\" class=\"yoast-schema-graph\">{\"@context\":\"https:\\\/\\\/schema.org\",\"@graph\":[{\"@type\":\"Article\",\"@id\":\"https:\\\/\\\/congovirtuel.com\\\/information\\\/plaidoirie-pour-la-prootection-des-droits-de-lenfant-africain-accompagne-dune-prise-en-charge-scolaire-pour-la-prochaine-rentree-scolaire\\\/#article\",\"isPartOf\":{\"@id\":\"https:\\\/\\\/congovirtuel.com\\\/information\\\/plaidoirie-pour-la-prootection-des-droits-de-lenfant-africain-accompagne-dune-prise-en-charge-scolaire-pour-la-prochaine-rentree-scolaire\\\/\"},\"author\":{\"name\":\"infocongovirtuel\",\"@id\":\"https:\\\/\\\/congovirtuel.com\\\/information\\\/#\\\/schema\\\/person\\\/739a44bf7990966cb53d58d2fdeca0b6\"},\"headline\":\"Plaidoirie pour la protection des droits de l\u2019enfant africain accompagn\u00e9 d\u2019une prise en charge scolaire \u00e0 la prochaine rentr\u00e9e scolaire\",\"datePublished\":\"2023-07-21T15:16:17+00:00\",\"dateModified\":\"2023-07-21T15:21:11+00:00\",\"mainEntityOfPage\":{\"@id\":\"https:\\\/\\\/congovirtuel.com\\\/information\\\/plaidoirie-pour-la-prootection-des-droits-de-lenfant-africain-accompagne-dune-prise-en-charge-scolaire-pour-la-prochaine-rentree-scolaire\\\/\"},\"wordCount\":631,\"commentCount\":0,\"publisher\":{\"@id\":\"https:\\\/\\\/congovirtuel.com\\\/information\\\/#organization\"},\"image\":{\"@id\":\"https:\\\/\\\/congovirtuel.com\\\/information\\\/plaidoirie-pour-la-prootection-des-droits-de-lenfant-africain-accompagne-dune-prise-en-charge-scolaire-pour-la-prochaine-rentree-scolaire\\\/#primaryimage\"},\"thumbnailUrl\":\"https:\\\/\\\/congovirtuel.com\\\/information\\\/wp-content\\\/uploads\\\/2023\\\/07\\\/Jessy_Gender-600-x-400.jpg\",\"keywords\":[\"100 Jeunes\"],\"articleSection\":[\"Soci\u00e9t\u00e9\"],\"inLanguage\":\"fr-FR\",\"potentialAction\":[{\"@type\":\"CommentAction\",\"name\":\"Comment\",\"target\":[\"https:\\\/\\\/congovirtuel.com\\\/information\\\/plaidoirie-pour-la-prootection-des-droits-de-lenfant-africain-accompagne-dune-prise-en-charge-scolaire-pour-la-prochaine-rentree-scolaire\\\/#respond\"]}]},{\"@type\":\"WebPage\",\"@id\":\"https:\\\/\\\/congovirtuel.com\\\/information\\\/plaidoirie-pour-la-prootection-des-droits-de-lenfant-africain-accompagne-dune-prise-en-charge-scolaire-pour-la-prochaine-rentree-scolaire\\\/\",\"url\":\"https:\\\/\\\/congovirtuel.com\\\/information\\\/plaidoirie-pour-la-prootection-des-droits-de-lenfant-africain-accompagne-dune-prise-en-charge-scolaire-pour-la-prochaine-rentree-scolaire\\\/\",\"name\":\"Plaidoirie pour la protection des droits de l\u2019enfant africain accompagn\u00e9 d\u2019une prise en charge scolaire \u00e0 la prochaine rentr\u00e9e scolaire - Actualit\u00e9s congolaises et internationales\",\"isPartOf\":{\"@id\":\"https:\\\/\\\/congovirtuel.com\\\/information\\\/#website\"},\"primaryImageOfPage\":{\"@id\":\"https:\\\/\\\/congovirtuel.com\\\/information\\\/plaidoirie-pour-la-prootection-des-droits-de-lenfant-africain-accompagne-dune-prise-en-charge-scolaire-pour-la-prochaine-rentree-scolaire\\\/#primaryimage\"},\"image\":{\"@id\":\"https:\\\/\\\/congovirtuel.com\\\/information\\\/plaidoirie-pour-la-prootection-des-droits-de-lenfant-africain-accompagne-dune-prise-en-charge-scolaire-pour-la-prochaine-rentree-scolaire\\\/#primaryimage\"},\"thumbnailUrl\":\"https:\\\/\\\/congovirtuel.com\\\/information\\\/wp-content\\\/uploads\\\/2023\\\/07\\\/Jessy_Gender-600-x-400.jpg\",\"datePublished\":\"2023-07-21T15:16:17+00:00\",\"dateModified\":\"2023-07-21T15:21:11+00:00\",\"breadcrumb\":{\"@id\":\"https:\\\/\\\/congovirtuel.com\\\/information\\\/plaidoirie-pour-la-prootection-des-droits-de-lenfant-africain-accompagne-dune-prise-en-charge-scolaire-pour-la-prochaine-rentree-scolaire\\\/#breadcrumb\"},\"inLanguage\":\"fr-FR\",\"potentialAction\":[{\"@type\":\"ReadAction\",\"target\":[\"https:\\\/\\\/congovirtuel.com\\\/information\\\/plaidoirie-pour-la-prootection-des-droits-de-lenfant-africain-accompagne-dune-prise-en-charge-scolaire-pour-la-prochaine-rentree-scolaire\\\/\"]}]},{\"@type\":\"ImageObject\",\"inLanguage\":\"fr-FR\",\"@id\":\"https:\\\/\\\/congovirtuel.com\\\/information\\\/plaidoirie-pour-la-prootection-des-droits-de-lenfant-africain-accompagne-dune-prise-en-charge-scolaire-pour-la-prochaine-rentree-scolaire\\\/#primaryimage\",\"url\":\"https:\\\/\\\/congovirtuel.com\\\/information\\\/wp-content\\\/uploads\\\/2023\\\/07\\\/Jessy_Gender-600-x-400.jpg\",\"contentUrl\":\"https:\\\/\\\/congovirtuel.com\\\/information\\\/wp-content\\\/uploads\\\/2023\\\/07\\\/Jessy_Gender-600-x-400.jpg\",\"width\":600,\"height\":400},{\"@type\":\"BreadcrumbList\",\"@id\":\"https:\\\/\\\/congovirtuel.com\\\/information\\\/plaidoirie-pour-la-prootection-des-droits-de-lenfant-africain-accompagne-dune-prise-en-charge-scolaire-pour-la-prochaine-rentree-scolaire\\\/#breadcrumb\",\"itemListElement\":[{\"@type\":\"ListItem\",\"position\":1,\"name\":\"Accueil\",\"item\":\"https:\\\/\\\/congovirtuel.com\\\/information\\\/\"},{\"@type\":\"ListItem\",\"position\":2,\"name\":\"Plaidoirie pour la protection des droits de l\u2019enfant africain accompagn\u00e9 d\u2019une prise en charge scolaire \u00e0 la prochaine rentr\u00e9e scolaire\"}]},{\"@type\":\"WebSite\",\"@id\":\"https:\\\/\\\/congovirtuel.com\\\/information\\\/#website\",\"url\":\"https:\\\/\\\/congovirtuel.com\\\/information\\\/\",\"name\":\"Actualit\u00e9s congolaises et internationales\",\"description\":\"site d&#039;analyse et de traitement d&#039;information\",\"publisher\":{\"@id\":\"https:\\\/\\\/congovirtuel.com\\\/information\\\/#organization\"},\"potentialAction\":[{\"@type\":\"SearchAction\",\"target\":{\"@type\":\"EntryPoint\",\"urlTemplate\":\"https:\\\/\\\/congovirtuel.com\\\/information\\\/?s={search_term_string}\"},\"query-input\":{\"@type\":\"PropertyValueSpecification\",\"valueRequired\":true,\"valueName\":\"search_term_string\"}}],\"inLanguage\":\"fr-FR\"},{\"@type\":\"Organization\",\"@id\":\"https:\\\/\\\/congovirtuel.com\\\/information\\\/#organization\",\"name\":\"Biblioth\u00e8que Virtuelle de la RDC\",\"url\":\"https:\\\/\\\/congovirtuel.com\\\/information\\\/\",\"logo\":{\"@type\":\"ImageObject\",\"inLanguage\":\"fr-FR\",\"@id\":\"https:\\\/\\\/congovirtuel.com\\\/information\\\/#\\\/schema\\\/logo\\\/image\\\/\",\"url\":\"https:\\\/\\\/congovirtuel.com\\\/information\\\/wp-content\\\/uploads\\\/2018\\\/10\\\/header-info-congovirtuel-vraie.jpg\",\"contentUrl\":\"https:\\\/\\\/congovirtuel.com\\\/information\\\/wp-content\\\/uploads\\\/2018\\\/10\\\/header-info-congovirtuel-vraie.jpg\",\"width\":728,\"height\":90,\"caption\":\"Biblioth\u00e8que Virtuelle de la RDC\"},\"image\":{\"@id\":\"https:\\\/\\\/congovirtuel.com\\\/information\\\/#\\\/schema\\\/logo\\\/image\\\/\"},\"sameAs\":[\"https:\\\/\\\/web.facebook.com\\\/Congovirtuel-763617960319601\\\/?ref=aymt_homepage_panel&amp;amp;amp;amp;amp;amp;amp;amp;amp;amp;amp;eid=ARCoxULa66767kIgF_KYav6VdjXTI4yk_LW4yoVO9s6NXpysgb7Cb65vpxcxgqzOAKvIbLQxaAETcqHT\",\"https:\\\/\\\/x.com\\\/congovirtuel\",\"https:\\\/\\\/www.youtube.com\\\/channel\\\/UCkFfprYzGgS3EWNpeMXpToQ?view_as=subscriber\"]},{\"@type\":\"Person\",\"@id\":\"https:\\\/\\\/congovirtuel.com\\\/information\\\/#\\\/schema\\\/person\\\/739a44bf7990966cb53d58d2fdeca0b6\",\"name\":\"infocongovirtuel\",\"image\":{\"@type\":\"ImageObject\",\"inLanguage\":\"fr-FR\",\"@id\":\"https:\\\/\\\/secure.gravatar.com\\\/avatar\\\/4d76991aa72469f0eb22e772586c99113c6997f88da636a9db8f2ce3a2c05e69?s=96&d=mm&r=g\",\"url\":\"https:\\\/\\\/secure.gravatar.com\\\/avatar\\\/4d76991aa72469f0eb22e772586c99113c6997f88da636a9db8f2ce3a2c05e69?s=96&d=mm&r=g\",\"contentUrl\":\"https:\\\/\\\/secure.gravatar.com\\\/avatar\\\/4d76991aa72469f0eb22e772586c99113c6997f88da636a9db8f2ce3a2c05e69?s=96&d=mm&r=g\",\"caption\":\"infocongovirtuel\"},\"url\":\"https:\\\/\\\/congovirtuel.com\\\/information\\\/author\\\/infocongovirtuel\\\/\"}]}<\/script>\n<!-- \/ Yoast SEO plugin. -->","yoast_head_json":{"title":"Plaidoirie pour la protection des droits de l\u2019enfant africain accompagn\u00e9 d\u2019une prise en charge scolaire \u00e0 la prochaine rentr\u00e9e scolaire - Actualit\u00e9s congolaises et internationales","robots":{"index":"index","follow":"follow","max-snippet":"max-snippet:-1","max-image-preview":"max-image-preview:large","max-video-preview":"max-video-preview:-1"},"canonical":"https:\/\/congovirtuel.com\/information\/plaidoirie-pour-la-prootection-des-droits-de-lenfant-africain-accompagne-dune-prise-en-charge-scolaire-pour-la-prochaine-rentree-scolaire\/","og_locale":"fr_FR","og_type":"article","og_title":"Plaidoirie pour la protection des droits de l\u2019enfant africain accompagn\u00e9 d\u2019une prise en charge scolaire \u00e0 la prochaine rentr\u00e9e scolaire - Actualit\u00e9s congolaises et internationales","og_description":"Le mercredi 19 juillet 2023, la d\u00e9l\u00e9gation de l&rsquo;ONGD\/ASBL 100 JEUNES et de la Synergie Tous pour les Enfants, dirig\u00e9e par Monsieur Dieu Merci Diavangama, a \u00e9t\u00e9 re\u00e7ue en audience solennelle par Son Excellence, Madame Mireille Bibi Masangu Muloko, Ministre du Genre, Famille et Enfant de la RDC. Cette rencontre avait pour but la pr\u00e9sentation officielle du projet de la premi\u00e8re \u00e9dition de la \u00ab\u00a0Journ\u00e9e de pri\u00e8re et de partage avec les Orphelins pour la Paix et le D\u00e9veloppement de la RDC\u00a0\u00bb, pr\u00e9vue pour le samedi 26 ao\u00fbt 2023. Cette&hellip;","og_url":"https:\/\/congovirtuel.com\/information\/plaidoirie-pour-la-prootection-des-droits-de-lenfant-africain-accompagne-dune-prise-en-charge-scolaire-pour-la-prochaine-rentree-scolaire\/","og_site_name":"Actualit\u00e9s congolaises et internationales","article_publisher":"https:\/\/web.facebook.com\/Congovirtuel-763617960319601\/?ref=aymt_homepage_panel&amp%3bamp%3bamp%3bamp%3bamp%3bamp%3bamp%3bamp%3bamp%3bamp%3bamp%3beid=ARCoxULa66767kIgF_KYav6VdjXTI4yk_LW4yoVO9s6NXpysgb7Cb65vpxcxgqzOAKvIbLQxaAETcqHT","article_published_time":"2023-07-21T15:16:17+00:00","article_modified_time":"2023-07-21T15:21:11+00:00","og_image":[{"width":600,"height":400,"url":"https:\/\/congovirtuel.com\/information\/wp-content\/uploads\/2023\/07\/Jessy_Gender-600-x-400.jpg","type":"image\/jpeg"}],"author":"infocongovirtuel","twitter_card":"summary_large_image","twitter_creator":"@congovirtuel","twitter_site":"@congovirtuel","twitter_misc":{"\u00c9crit par":"infocongovirtuel","Dur\u00e9e de lecture estim\u00e9e":"4 minutes"},"schema":{"@context":"https:\/\/schema.org","@graph":[{"@type":"Article","@id":"https:\/\/congovirtuel.com\/information\/plaidoirie-pour-la-prootection-des-droits-de-lenfant-africain-accompagne-dune-prise-en-charge-scolaire-pour-la-prochaine-rentree-scolaire\/#article","isPartOf":{"@id":"https:\/\/congovirtuel.com\/information\/plaidoirie-pour-la-prootection-des-droits-de-lenfant-africain-accompagne-dune-prise-en-charge-scolaire-pour-la-prochaine-rentree-scolaire\/"},"author":{"name":"infocongovirtuel","@id":"https:\/\/congovirtuel.com\/information\/#\/schema\/person\/739a44bf7990966cb53d58d2fdeca0b6"},"headline":"Plaidoirie pour la protection des droits de l\u2019enfant africain accompagn\u00e9 d\u2019une prise en charge scolaire \u00e0 la prochaine rentr\u00e9e scolaire","datePublished":"2023-07-21T15:16:17+00:00","dateModified":"2023-07-21T15:21:11+00:00","mainEntityOfPage":{"@id":"https:\/\/congovirtuel.com\/information\/plaidoirie-pour-la-prootection-des-droits-de-lenfant-africain-accompagne-dune-prise-en-charge-scolaire-pour-la-prochaine-rentree-scolaire\/"},"wordCount":631,"commentCount":0,"publisher":{"@id":"https:\/\/congovirtuel.com\/information\/#organization"},"image":{"@id":"https:\/\/congovirtuel.com\/information\/plaidoirie-pour-la-prootection-des-droits-de-lenfant-africain-accompagne-dune-prise-en-charge-scolaire-pour-la-prochaine-rentree-scolaire\/#primaryimage"},"thumbnailUrl":"https:\/\/congovirtuel.com\/information\/wp-content\/uploads\/2023\/07\/Jessy_Gender-600-x-400.jpg","keywords":["100 Jeunes"],"articleSection":["Soci\u00e9t\u00e9"],"inLanguage":"fr-FR","potentialAction":[{"@type":"CommentAction","name":"Comment","target":["https:\/\/congovirtuel.com\/information\/plaidoirie-pour-la-prootection-des-droits-de-lenfant-africain-accompagne-dune-prise-en-charge-scolaire-pour-la-prochaine-rentree-scolaire\/#respond"]}]},{"@type":"WebPage","@id":"https:\/\/congovirtuel.com\/information\/plaidoirie-pour-la-prootection-des-droits-de-lenfant-africain-accompagne-dune-prise-en-charge-scolaire-pour-la-prochaine-rentree-scolaire\/","url":"https:\/\/congovirtuel.com\/information\/plaidoirie-pour-la-prootection-des-droits-de-lenfant-africain-accompagne-dune-prise-en-charge-scolaire-pour-la-prochaine-rentree-scolaire\/","name":"Plaidoirie pour la protection des droits de l\u2019enfant africain accompagn\u00e9 d\u2019une prise en charge scolaire \u00e0 la prochaine rentr\u00e9e scolaire - Actualit\u00e9s congolaises et internationales","isPartOf":{"@id":"https:\/\/congovirtuel.com\/information\/#website"},"primaryImageOfPage":{"@id":"https:\/\/congovirtuel.com\/information\/plaidoirie-pour-la-prootection-des-droits-de-lenfant-africain-accompagne-dune-prise-en-charge-scolaire-pour-la-prochaine-rentree-scolaire\/#primaryimage"},"image":{"@id":"https:\/\/congovirtuel.com\/information\/plaidoirie-pour-la-prootection-des-droits-de-lenfant-africain-accompagne-dune-prise-en-charge-scolaire-pour-la-prochaine-rentree-scolaire\/#primaryimage"},"thumbnailUrl":"https:\/\/congovirtuel.com\/information\/wp-content\/uploads\/2023\/07\/Jessy_Gender-600-x-400.jpg","datePublished":"2023-07-21T15:16:17+00:00","dateModified":"2023-07-21T15:21:11+00:00","breadcrumb":{"@id":"https:\/\/congovirtuel.com\/information\/plaidoirie-pour-la-prootection-des-droits-de-lenfant-africain-accompagne-dune-prise-en-charge-scolaire-pour-la-prochaine-rentree-scolaire\/#breadcrumb"},"inLanguage":"fr-FR","potentialAction":[{"@type":"ReadAction","target":["https:\/\/congovirtuel.com\/information\/plaidoirie-pour-la-prootection-des-droits-de-lenfant-africain-accompagne-dune-prise-en-charge-scolaire-pour-la-prochaine-rentree-scolaire\/"]}]},{"@type":"ImageObject","inLanguage":"fr-FR","@id":"https:\/\/congovirtuel.com\/information\/plaidoirie-pour-la-prootection-des-droits-de-lenfant-africain-accompagne-dune-prise-en-charge-scolaire-pour-la-prochaine-rentree-scolaire\/#primaryimage","url":"https:\/\/congovirtuel.com\/information\/wp-content\/uploads\/2023\/07\/Jessy_Gender-600-x-400.jpg","contentUrl":"https:\/\/congovirtuel.com\/information\/wp-content\/uploads\/2023\/07\/Jessy_Gender-600-x-400.jpg","width":600,"height":400},{"@type":"BreadcrumbList","@id":"https:\/\/congovirtuel.com\/information\/plaidoirie-pour-la-prootection-des-droits-de-lenfant-africain-accompagne-dune-prise-en-charge-scolaire-pour-la-prochaine-rentree-scolaire\/#breadcrumb","itemListElement":[{"@type":"ListItem","position":1,"name":"Accueil","item":"https:\/\/congovirtuel.com\/information\/"},{"@type":"ListItem","position":2,"name":"Plaidoirie pour la protection des droits de l\u2019enfant africain accompagn\u00e9 d\u2019une prise en charge scolaire \u00e0 la prochaine rentr\u00e9e scolaire"}]},{"@type":"WebSite","@id":"https:\/\/congovirtuel.com\/information\/#website","url":"https:\/\/congovirtuel.com\/information\/","name":"Actualit\u00e9s congolaises et internationales","description":"site d&#039;analyse et de traitement d&#039;information","publisher":{"@id":"https:\/\/congovirtuel.com\/information\/#organization"},"potentialAction":[{"@type":"SearchAction","target":{"@type":"EntryPoint","urlTemplate":"https:\/\/congovirtuel.com\/information\/?s={search_term_string}"},"query-input":{"@type":"PropertyValueSpecification","valueRequired":true,"valueName":"search_term_string"}}],"inLanguage":"fr-FR"},{"@type":"Organization","@id":"https:\/\/congovirtuel.com\/information\/#organization","name":"Biblioth\u00e8que Virtuelle de la RDC","url":"https:\/\/congovirtuel.com\/information\/","logo":{"@type":"ImageObject","inLanguage":"fr-FR","@id":"https:\/\/congovirtuel.com\/information\/#\/schema\/logo\/image\/","url":"https:\/\/congovirtuel.com\/information\/wp-content\/uploads\/2018\/10\/header-info-congovirtuel-vraie.jpg","contentUrl":"https:\/\/congovirtuel.com\/information\/wp-content\/uploads\/2018\/10\/header-info-congovirtuel-vraie.jpg","width":728,"height":90,"caption":"Biblioth\u00e8que Virtuelle de la RDC"},"image":{"@id":"https:\/\/congovirtuel.com\/information\/#\/schema\/logo\/image\/"},"sameAs":["https:\/\/web.facebook.com\/Congovirtuel-763617960319601\/?ref=aymt_homepage_panel&amp;amp;amp;amp;amp;amp;amp;amp;amp;amp;amp;eid=ARCoxULa66767kIgF_KYav6VdjXTI4yk_LW4yoVO9s6NXpysgb7Cb65vpxcxgqzOAKvIbLQxaAETcqHT","https:\/\/x.com\/congovirtuel","https:\/\/www.youtube.com\/channel\/UCkFfprYzGgS3EWNpeMXpToQ?view_as=subscriber"]},{"@type":"Person","@id":"https:\/\/congovirtuel.com\/information\/#\/schema\/person\/739a44bf7990966cb53d58d2fdeca0b6","name":"infocongovirtuel","image":{"@type":"ImageObject","inLanguage":"fr-FR","@id":"https:\/\/secure.gravatar.com\/avatar\/4d76991aa72469f0eb22e772586c99113c6997f88da636a9db8f2ce3a2c05e69?s=96&d=mm&r=g","url":"https:\/\/secure.gravatar.com\/avatar\/4d76991aa72469f0eb22e772586c99113c6997f88da636a9db8f2ce3a2c05e69?s=96&d=mm&r=g","contentUrl":"https:\/\/secure.gravatar.com\/avatar\/4d76991aa72469f0eb22e772586c99113c6997f88da636a9db8f2ce3a2c05e69?s=96&d=mm&r=g","caption":"infocongovirtuel"},"url":"https:\/\/congovirtuel.com\/information\/author\/infocongovirtuel\/"}]}},"gt_translate_keys":[{"key":"link","format":"url"}],"_links":{"self":[{"href":"https:\/\/congovirtuel.com\/information\/wp-json\/wp\/v2\/posts\/23003","targetHints":{"allow":["GET"]}}],"collection":[{"href":"https:\/\/congovirtuel.com\/information\/wp-json\/wp\/v2\/posts"}],"about":[{"href":"https:\/\/congovirtuel.com\/information\/wp-json\/wp\/v2\/types\/post"}],"author":[{"embeddable":true,"href":"https:\/\/congovirtuel.com\/information\/wp-json\/wp\/v2\/users\/1"}],"replies":[{"embeddable":true,"href":"https:\/\/congovirtuel.com\/information\/wp-json\/wp\/v2\/comments?post=23003"}],"version-history":[{"count":4,"href":"https:\/\/congovirtuel.com\/information\/wp-json\/wp\/v2\/posts\/23003\/revisions"}],"predecessor-version":[{"id":23007,"href":"https:\/\/congovirtuel.com\/information\/wp-json\/wp\/v2\/posts\/23003\/revisions\/23007"}],"wp:featuredmedia":[{"embeddable":true,"href":"https:\/\/congovirtuel.com\/information\/wp-json\/wp\/v2\/media\/23001"}],"wp:attachment":[{"href":"https:\/\/congovirtuel.com\/information\/wp-json\/wp\/v2\/media?parent=23003"}],"wp:term":[{"taxonomy":"category","embeddable":true,"href":"https:\/\/congovirtuel.com\/information\/wp-json\/wp\/v2\/categories?post=23003"},{"taxonomy":"post_tag","embeddable":true,"href":"https:\/\/congovirtuel.com\/information\/wp-json\/wp\/v2\/tags?post=23003"}],"curies":[{"name":"wp","href":"https:\/\/api.w.org\/{rel}","templated":true}]}}