{"id":23550,"date":"2023-09-24T20:02:58","date_gmt":"2023-09-24T19:02:58","guid":{"rendered":"https:\/\/congovirtuel.com\/information\/?p=23550"},"modified":"2023-09-24T20:25:11","modified_gmt":"2023-09-24T19:25:11","slug":"le-hamas-appellde-la-rd-congo-a-suspendre-sa-decision-regrettable-de-deplacer-son-ambassade-a-jerusalem-al-qods-occupee","status":"publish","type":"post","link":"https:\/\/congovirtuel.com\/information\/le-hamas-appellde-la-rd-congo-a-suspendre-sa-decision-regrettable-de-deplacer-son-ambassade-a-jerusalem-al-qods-occupee\/","title":{"rendered":"Le Hamas appelle la RD Congo \u00e0 suspendre sa d\u00e9cision \u00ab regrettable \u00bb de d\u00e9placer son ambassade \u00e0 J\u00e9rusalem \u00ab\u00a0Al-Qods\u00a0\u00bb occup\u00e9e","gt_translate_keys":[{"key":"rendered","format":"text"}]},"content":{"rendered":"<p>Le mouvement de r\u00e9sistance Hamas bas\u00e9 \u00e0 Gaza a fermement rejet\u00e9 la d\u00e9cision de la R\u00e9publique d\u00e9mocratique du Congo de d\u00e9placer son ambassade de Tel Aviv dans les territoires occup\u00e9s par Isra\u00ebl depuis 1948 \u00e0 Al-Quds , qualifiant cette d\u00e9cision de violation flagrante du droit international.<\/p>\n<p>\u00ab\u00a0Le Hamas consid\u00e8re une telle d\u00e9cision comme une violation flagrante du droit international et une atteinte au droit de la nation palestinienne \u00e0 sa capitale historique et \u00e0 son attachement religieux et politique \u00e0 la ville sainte\u00a0\u00bb, a d\u00e9clar\u00e9 le mouvement dans un communiqu\u00e9.<br \/>\nLe groupe de r\u00e9sistance a ensuite appel\u00e9 les autorit\u00e9s congolaises \u00e0 revenir sur cette \u00ab d\u00e9cision regrettable \u00bb, arguant que cette mesure donnerait au r\u00e9gime isra\u00e9lien le feu vert pour poursuivre ses projets syst\u00e9matiques de juda\u00efsation dans Al-Qods occup\u00e9e et commettre davantage de crimes et les violations contre les Palestiniens ainsi que contre leur patrie et leurs sites sacr\u00e9s.<br \/>\n\u00ab Le Hamas exhorte tous les \u00c9tats du monde \u00e0 boycotter le r\u00e9gime raciste isra\u00e9lien et \u00e0 soutenir la lutte des Palestiniens pour mettre fin \u00e0 l&rsquo;occupation de leur patrie \u00bb, indique le communiqu\u00e9. Le pr\u00e9sident congolais F\u00e9lix Tshisekedi a d\u00e9clar\u00e9 jeudi au Premier ministre isra\u00e9lien Benjamin Netanyahu, en marge de la 78e session de l&rsquo;Assembl\u00e9e g\u00e9n\u00e9rale des Nations Unies \u00e0 New York, que l&rsquo;ambassade de son pays dans les territoires occup\u00e9s serait bient\u00f4t transf\u00e9r\u00e9e de Tel Aviv \u00e0 al-Quds.<br \/>\nEn \u00e9change, Isra\u00ebl ouvrira une ambassade \u00e0 Kinshasa, la capitale de la R\u00e9publique d\u00e9mocratique du Congo.<br \/>\nUn communiqu\u00e9 du bureau de Netanyahu indique qu&rsquo;au cours de la r\u00e9union, les deux dirigeants ont discut\u00e9 de la collaboration dans les domaines de l&rsquo;agriculture, du commerce, de la s\u00e9curit\u00e9 et de la cyberguerre.<br \/>\nPress Tv<\/p>\n<p>&nbsp;<\/p>\n","protected":false,"gt_translate_keys":[{"key":"rendered","format":"html"}]},"excerpt":{"rendered":"<p>Le mouvement de r\u00e9sistance Hamas bas\u00e9 \u00e0 Gaza a fermement rejet\u00e9 la d\u00e9cision de la R\u00e9publique d\u00e9mocratique du Congo de d\u00e9placer son ambassade de Tel Aviv dans les territoires occup\u00e9s par Isra\u00ebl depuis 1948 \u00e0 Al-Quds , qualifiant cette d\u00e9cision de violation flagrante du droit international. \u00ab\u00a0Le Hamas consid\u00e8re une telle d\u00e9cision comme une violation flagrante du droit international et une atteinte au droit de la nation palestinienne \u00e0 sa capitale historique et \u00e0 son attachement religieux et politique \u00e0 la ville sainte\u00a0\u00bb, a d\u00e9clar\u00e9 le mouvement dans un communiqu\u00e9.&hellip;<\/p>\n","protected":false,"gt_translate_keys":[{"key":"rendered","format":"html"}]},"author":1,"featured_media":23549,"comment_status":"open","ping_status":"open","sticky":false,"template":"","format":"standard","meta":{"_crdt_document":"","footnotes":""},"categories":[230],"tags":[38508,38507],"class_list":["post-23550","post","type-post","status-publish","format-standard","has-post-thumbnail","hentry","category-rdc-israel","tag-jerusalem-capitale","tag-le-hamas-menace-la-rdc"],"gutentor_comment":0,"yoast_head":"<!-- This site is optimized with the Yoast SEO plugin v27.5 - https:\/\/yoast.com\/product\/yoast-seo-wordpress\/ -->\n<title>Le Hamas appelle la RD Congo \u00e0 suspendre sa d\u00e9cision \u00ab regrettable \u00bb de d\u00e9placer son ambassade \u00e0 J\u00e9rusalem &quot;Al-Qods&quot; occup\u00e9e - Actualit\u00e9s congolaises et internationales<\/title>\n<meta name=\"robots\" content=\"index, follow, max-snippet:-1, max-image-preview:large, max-video-preview:-1\" \/>\n<link rel=\"canonical\" href=\"https:\/\/congovirtuel.com\/information\/le-hamas-appellde-la-rd-congo-a-suspendre-sa-decision-regrettable-de-deplacer-son-ambassade-a-jerusalem-al-qods-occupee\/\" \/>\n<meta property=\"og:locale\" content=\"fr_FR\" \/>\n<meta property=\"og:type\" content=\"article\" \/>\n<meta property=\"og:title\" content=\"Le Hamas appelle la RD Congo \u00e0 suspendre sa d\u00e9cision \u00ab regrettable \u00bb de d\u00e9placer son ambassade \u00e0 J\u00e9rusalem &quot;Al-Qods&quot; occup\u00e9e - Actualit\u00e9s congolaises et internationales\" \/>\n<meta property=\"og:description\" content=\"Le mouvement de r\u00e9sistance Hamas bas\u00e9 \u00e0 Gaza a fermement rejet\u00e9 la d\u00e9cision de la R\u00e9publique d\u00e9mocratique du Congo de d\u00e9placer son ambassade de Tel Aviv dans les territoires occup\u00e9s par Isra\u00ebl depuis 1948 \u00e0 Al-Quds , qualifiant cette d\u00e9cision de violation flagrante du droit international. \u00ab\u00a0Le Hamas consid\u00e8re une telle d\u00e9cision comme une violation flagrante du droit international et une atteinte au droit de la nation palestinienne \u00e0 sa capitale historique et \u00e0 son attachement religieux et politique \u00e0 la ville sainte\u00a0\u00bb, a d\u00e9clar\u00e9 le mouvement dans un communiqu\u00e9.&hellip;\" \/>\n<meta property=\"og:url\" content=\"https:\/\/congovirtuel.com\/information\/le-hamas-appellde-la-rd-congo-a-suspendre-sa-decision-regrettable-de-deplacer-son-ambassade-a-jerusalem-al-qods-occupee\/\" \/>\n<meta property=\"og:site_name\" content=\"Actualit\u00e9s congolaises et internationales\" \/>\n<meta property=\"article:publisher\" content=\"https:\/\/web.facebook.com\/Congovirtuel-763617960319601\/?ref=aymt_homepage_panel&amp;amp%3bamp%3bamp%3bamp%3bamp%3bamp%3bamp%3bamp%3bamp%3bamp%3bamp%3beid=ARCoxULa66767kIgF_KYav6VdjXTI4yk_LW4yoVO9s6NXpysgb7Cb65vpxcxgqzOAKvIbLQxaAETcqHT\" \/>\n<meta property=\"article:published_time\" content=\"2023-09-24T19:02:58+00:00\" \/>\n<meta property=\"article:modified_time\" content=\"2023-09-24T19:25:11+00:00\" \/>\n<meta property=\"og:image\" content=\"https:\/\/congovirtuel.com\/information\/wp-content\/uploads\/2023\/09\/V6OCUJ2PK5CXBMUEB6BLYNKCQM.jpeg\" \/>\n\t<meta property=\"og:image:width\" content=\"1371\" \/>\n\t<meta property=\"og:image:height\" content=\"1028\" \/>\n\t<meta property=\"og:image:type\" content=\"image\/jpeg\" \/>\n<meta name=\"author\" content=\"infocongovirtuel\" \/>\n<meta name=\"twitter:card\" content=\"summary_large_image\" \/>\n<meta name=\"twitter:creator\" content=\"@congovirtuel\" \/>\n<meta name=\"twitter:site\" content=\"@congovirtuel\" \/>\n<meta name=\"twitter:label1\" content=\"\u00c9crit par\" \/>\n\t<meta name=\"twitter:data1\" content=\"infocongovirtuel\" \/>\n\t<meta name=\"twitter:label2\" content=\"Dur\u00e9e de lecture estim\u00e9e\" \/>\n\t<meta name=\"twitter:data2\" content=\"2 minutes\" \/>\n<script type=\"application\/ld+json\" class=\"yoast-schema-graph\">{\"@context\":\"https:\\\/\\\/schema.org\",\"@graph\":[{\"@type\":\"Article\",\"@id\":\"https:\\\/\\\/congovirtuel.com\\\/information\\\/le-hamas-appellde-la-rd-congo-a-suspendre-sa-decision-regrettable-de-deplacer-son-ambassade-a-jerusalem-al-qods-occupee\\\/#article\",\"isPartOf\":{\"@id\":\"https:\\\/\\\/congovirtuel.com\\\/information\\\/le-hamas-appellde-la-rd-congo-a-suspendre-sa-decision-regrettable-de-deplacer-son-ambassade-a-jerusalem-al-qods-occupee\\\/\"},\"author\":{\"name\":\"infocongovirtuel\",\"@id\":\"https:\\\/\\\/congovirtuel.com\\\/information\\\/#\\\/schema\\\/person\\\/739a44bf7990966cb53d58d2fdeca0b6\"},\"headline\":\"Le Hamas appelle la RD Congo \u00e0 suspendre sa d\u00e9cision \u00ab regrettable \u00bb de d\u00e9placer son ambassade \u00e0 J\u00e9rusalem \u00ab\u00a0Al-Qods\u00a0\u00bb occup\u00e9e\",\"datePublished\":\"2023-09-24T19:02:58+00:00\",\"dateModified\":\"2023-09-24T19:25:11+00:00\",\"mainEntityOfPage\":{\"@id\":\"https:\\\/\\\/congovirtuel.com\\\/information\\\/le-hamas-appellde-la-rd-congo-a-suspendre-sa-decision-regrettable-de-deplacer-son-ambassade-a-jerusalem-al-qods-occupee\\\/\"},\"wordCount\":328,\"commentCount\":0,\"publisher\":{\"@id\":\"https:\\\/\\\/congovirtuel.com\\\/information\\\/#organization\"},\"image\":{\"@id\":\"https:\\\/\\\/congovirtuel.com\\\/information\\\/le-hamas-appellde-la-rd-congo-a-suspendre-sa-decision-regrettable-de-deplacer-son-ambassade-a-jerusalem-al-qods-occupee\\\/#primaryimage\"},\"thumbnailUrl\":\"https:\\\/\\\/congovirtuel.com\\\/information\\\/wp-content\\\/uploads\\\/2023\\\/09\\\/V6OCUJ2PK5CXBMUEB6BLYNKCQM.jpeg\",\"keywords\":[\"J\u00e9rusalem capitale\",\"Le Hamas menace la RDC\"],\"articleSection\":[\"RDC-ISRAEL\"],\"inLanguage\":\"fr-FR\",\"potentialAction\":[{\"@type\":\"CommentAction\",\"name\":\"Comment\",\"target\":[\"https:\\\/\\\/congovirtuel.com\\\/information\\\/le-hamas-appellde-la-rd-congo-a-suspendre-sa-decision-regrettable-de-deplacer-son-ambassade-a-jerusalem-al-qods-occupee\\\/#respond\"]}]},{\"@type\":\"WebPage\",\"@id\":\"https:\\\/\\\/congovirtuel.com\\\/information\\\/le-hamas-appellde-la-rd-congo-a-suspendre-sa-decision-regrettable-de-deplacer-son-ambassade-a-jerusalem-al-qods-occupee\\\/\",\"url\":\"https:\\\/\\\/congovirtuel.com\\\/information\\\/le-hamas-appellde-la-rd-congo-a-suspendre-sa-decision-regrettable-de-deplacer-son-ambassade-a-jerusalem-al-qods-occupee\\\/\",\"name\":\"Le Hamas appelle la RD Congo \u00e0 suspendre sa d\u00e9cision \u00ab regrettable \u00bb de d\u00e9placer son ambassade \u00e0 J\u00e9rusalem \\\"Al-Qods\\\" occup\u00e9e - Actualit\u00e9s congolaises et internationales\",\"isPartOf\":{\"@id\":\"https:\\\/\\\/congovirtuel.com\\\/information\\\/#website\"},\"primaryImageOfPage\":{\"@id\":\"https:\\\/\\\/congovirtuel.com\\\/information\\\/le-hamas-appellde-la-rd-congo-a-suspendre-sa-decision-regrettable-de-deplacer-son-ambassade-a-jerusalem-al-qods-occupee\\\/#primaryimage\"},\"image\":{\"@id\":\"https:\\\/\\\/congovirtuel.com\\\/information\\\/le-hamas-appellde-la-rd-congo-a-suspendre-sa-decision-regrettable-de-deplacer-son-ambassade-a-jerusalem-al-qods-occupee\\\/#primaryimage\"},\"thumbnailUrl\":\"https:\\\/\\\/congovirtuel.com\\\/information\\\/wp-content\\\/uploads\\\/2023\\\/09\\\/V6OCUJ2PK5CXBMUEB6BLYNKCQM.jpeg\",\"datePublished\":\"2023-09-24T19:02:58+00:00\",\"dateModified\":\"2023-09-24T19:25:11+00:00\",\"breadcrumb\":{\"@id\":\"https:\\\/\\\/congovirtuel.com\\\/information\\\/le-hamas-appellde-la-rd-congo-a-suspendre-sa-decision-regrettable-de-deplacer-son-ambassade-a-jerusalem-al-qods-occupee\\\/#breadcrumb\"},\"inLanguage\":\"fr-FR\",\"potentialAction\":[{\"@type\":\"ReadAction\",\"target\":[\"https:\\\/\\\/congovirtuel.com\\\/information\\\/le-hamas-appellde-la-rd-congo-a-suspendre-sa-decision-regrettable-de-deplacer-son-ambassade-a-jerusalem-al-qods-occupee\\\/\"]}]},{\"@type\":\"ImageObject\",\"inLanguage\":\"fr-FR\",\"@id\":\"https:\\\/\\\/congovirtuel.com\\\/information\\\/le-hamas-appellde-la-rd-congo-a-suspendre-sa-decision-regrettable-de-deplacer-son-ambassade-a-jerusalem-al-qods-occupee\\\/#primaryimage\",\"url\":\"https:\\\/\\\/congovirtuel.com\\\/information\\\/wp-content\\\/uploads\\\/2023\\\/09\\\/V6OCUJ2PK5CXBMUEB6BLYNKCQM.jpeg\",\"contentUrl\":\"https:\\\/\\\/congovirtuel.com\\\/information\\\/wp-content\\\/uploads\\\/2023\\\/09\\\/V6OCUJ2PK5CXBMUEB6BLYNKCQM.jpeg\",\"width\":1371,\"height\":1028},{\"@type\":\"BreadcrumbList\",\"@id\":\"https:\\\/\\\/congovirtuel.com\\\/information\\\/le-hamas-appellde-la-rd-congo-a-suspendre-sa-decision-regrettable-de-deplacer-son-ambassade-a-jerusalem-al-qods-occupee\\\/#breadcrumb\",\"itemListElement\":[{\"@type\":\"ListItem\",\"position\":1,\"name\":\"Accueil\",\"item\":\"https:\\\/\\\/congovirtuel.com\\\/information\\\/\"},{\"@type\":\"ListItem\",\"position\":2,\"name\":\"Le Hamas appelle la RD Congo \u00e0 suspendre sa d\u00e9cision \u00ab regrettable \u00bb de d\u00e9placer son ambassade \u00e0 J\u00e9rusalem \u00ab\u00a0Al-Qods\u00a0\u00bb occup\u00e9e\"}]},{\"@type\":\"WebSite\",\"@id\":\"https:\\\/\\\/congovirtuel.com\\\/information\\\/#website\",\"url\":\"https:\\\/\\\/congovirtuel.com\\\/information\\\/\",\"name\":\"Actualit\u00e9s congolaises et internationales\",\"description\":\"site d&#039;analyse et de traitement d&#039;information\",\"publisher\":{\"@id\":\"https:\\\/\\\/congovirtuel.com\\\/information\\\/#organization\"},\"potentialAction\":[{\"@type\":\"SearchAction\",\"target\":{\"@type\":\"EntryPoint\",\"urlTemplate\":\"https:\\\/\\\/congovirtuel.com\\\/information\\\/?s={search_term_string}\"},\"query-input\":{\"@type\":\"PropertyValueSpecification\",\"valueRequired\":true,\"valueName\":\"search_term_string\"}}],\"inLanguage\":\"fr-FR\"},{\"@type\":\"Organization\",\"@id\":\"https:\\\/\\\/congovirtuel.com\\\/information\\\/#organization\",\"name\":\"Biblioth\u00e8que Virtuelle de la RDC\",\"url\":\"https:\\\/\\\/congovirtuel.com\\\/information\\\/\",\"logo\":{\"@type\":\"ImageObject\",\"inLanguage\":\"fr-FR\",\"@id\":\"https:\\\/\\\/congovirtuel.com\\\/information\\\/#\\\/schema\\\/logo\\\/image\\\/\",\"url\":\"https:\\\/\\\/congovirtuel.com\\\/information\\\/wp-content\\\/uploads\\\/2018\\\/10\\\/header-info-congovirtuel-vraie.jpg\",\"contentUrl\":\"https:\\\/\\\/congovirtuel.com\\\/information\\\/wp-content\\\/uploads\\\/2018\\\/10\\\/header-info-congovirtuel-vraie.jpg\",\"width\":728,\"height\":90,\"caption\":\"Biblioth\u00e8que Virtuelle de la RDC\"},\"image\":{\"@id\":\"https:\\\/\\\/congovirtuel.com\\\/information\\\/#\\\/schema\\\/logo\\\/image\\\/\"},\"sameAs\":[\"https:\\\/\\\/web.facebook.com\\\/Congovirtuel-763617960319601\\\/?ref=aymt_homepage_panel&amp;amp;amp;amp;amp;amp;amp;amp;amp;amp;amp;eid=ARCoxULa66767kIgF_KYav6VdjXTI4yk_LW4yoVO9s6NXpysgb7Cb65vpxcxgqzOAKvIbLQxaAETcqHT\",\"https:\\\/\\\/x.com\\\/congovirtuel\",\"https:\\\/\\\/www.youtube.com\\\/channel\\\/UCkFfprYzGgS3EWNpeMXpToQ?view_as=subscriber\"]},{\"@type\":\"Person\",\"@id\":\"https:\\\/\\\/congovirtuel.com\\\/information\\\/#\\\/schema\\\/person\\\/739a44bf7990966cb53d58d2fdeca0b6\",\"name\":\"infocongovirtuel\",\"image\":{\"@type\":\"ImageObject\",\"inLanguage\":\"fr-FR\",\"@id\":\"https:\\\/\\\/secure.gravatar.com\\\/avatar\\\/4d76991aa72469f0eb22e772586c99113c6997f88da636a9db8f2ce3a2c05e69?s=96&d=mm&r=g\",\"url\":\"https:\\\/\\\/secure.gravatar.com\\\/avatar\\\/4d76991aa72469f0eb22e772586c99113c6997f88da636a9db8f2ce3a2c05e69?s=96&d=mm&r=g\",\"contentUrl\":\"https:\\\/\\\/secure.gravatar.com\\\/avatar\\\/4d76991aa72469f0eb22e772586c99113c6997f88da636a9db8f2ce3a2c05e69?s=96&d=mm&r=g\",\"caption\":\"infocongovirtuel\"},\"url\":\"https:\\\/\\\/congovirtuel.com\\\/information\\\/author\\\/infocongovirtuel\\\/\"}]}<\/script>\n<!-- \/ Yoast SEO plugin. -->","yoast_head_json":{"title":"Le Hamas appelle la RD Congo \u00e0 suspendre sa d\u00e9cision \u00ab regrettable \u00bb de d\u00e9placer son ambassade \u00e0 J\u00e9rusalem \"Al-Qods\" occup\u00e9e - Actualit\u00e9s congolaises et internationales","robots":{"index":"index","follow":"follow","max-snippet":"max-snippet:-1","max-image-preview":"max-image-preview:large","max-video-preview":"max-video-preview:-1"},"canonical":"https:\/\/congovirtuel.com\/information\/le-hamas-appellde-la-rd-congo-a-suspendre-sa-decision-regrettable-de-deplacer-son-ambassade-a-jerusalem-al-qods-occupee\/","og_locale":"fr_FR","og_type":"article","og_title":"Le Hamas appelle la RD Congo \u00e0 suspendre sa d\u00e9cision \u00ab regrettable \u00bb de d\u00e9placer son ambassade \u00e0 J\u00e9rusalem \"Al-Qods\" occup\u00e9e - Actualit\u00e9s congolaises et internationales","og_description":"Le mouvement de r\u00e9sistance Hamas bas\u00e9 \u00e0 Gaza a fermement rejet\u00e9 la d\u00e9cision de la R\u00e9publique d\u00e9mocratique du Congo de d\u00e9placer son ambassade de Tel Aviv dans les territoires occup\u00e9s par Isra\u00ebl depuis 1948 \u00e0 Al-Quds , qualifiant cette d\u00e9cision de violation flagrante du droit international. \u00ab\u00a0Le Hamas consid\u00e8re une telle d\u00e9cision comme une violation flagrante du droit international et une atteinte au droit de la nation palestinienne \u00e0 sa capitale historique et \u00e0 son attachement religieux et politique \u00e0 la ville sainte\u00a0\u00bb, a d\u00e9clar\u00e9 le mouvement dans un communiqu\u00e9.&hellip;","og_url":"https:\/\/congovirtuel.com\/information\/le-hamas-appellde-la-rd-congo-a-suspendre-sa-decision-regrettable-de-deplacer-son-ambassade-a-jerusalem-al-qods-occupee\/","og_site_name":"Actualit\u00e9s congolaises et internationales","article_publisher":"https:\/\/web.facebook.com\/Congovirtuel-763617960319601\/?ref=aymt_homepage_panel&amp%3bamp%3bamp%3bamp%3bamp%3bamp%3bamp%3bamp%3bamp%3bamp%3bamp%3beid=ARCoxULa66767kIgF_KYav6VdjXTI4yk_LW4yoVO9s6NXpysgb7Cb65vpxcxgqzOAKvIbLQxaAETcqHT","article_published_time":"2023-09-24T19:02:58+00:00","article_modified_time":"2023-09-24T19:25:11+00:00","og_image":[{"width":1371,"height":1028,"url":"https:\/\/congovirtuel.com\/information\/wp-content\/uploads\/2023\/09\/V6OCUJ2PK5CXBMUEB6BLYNKCQM.jpeg","type":"image\/jpeg"}],"author":"infocongovirtuel","twitter_card":"summary_large_image","twitter_creator":"@congovirtuel","twitter_site":"@congovirtuel","twitter_misc":{"\u00c9crit par":"infocongovirtuel","Dur\u00e9e de lecture estim\u00e9e":"2 minutes"},"schema":{"@context":"https:\/\/schema.org","@graph":[{"@type":"Article","@id":"https:\/\/congovirtuel.com\/information\/le-hamas-appellde-la-rd-congo-a-suspendre-sa-decision-regrettable-de-deplacer-son-ambassade-a-jerusalem-al-qods-occupee\/#article","isPartOf":{"@id":"https:\/\/congovirtuel.com\/information\/le-hamas-appellde-la-rd-congo-a-suspendre-sa-decision-regrettable-de-deplacer-son-ambassade-a-jerusalem-al-qods-occupee\/"},"author":{"name":"infocongovirtuel","@id":"https:\/\/congovirtuel.com\/information\/#\/schema\/person\/739a44bf7990966cb53d58d2fdeca0b6"},"headline":"Le Hamas appelle la RD Congo \u00e0 suspendre sa d\u00e9cision \u00ab regrettable \u00bb de d\u00e9placer son ambassade \u00e0 J\u00e9rusalem \u00ab\u00a0Al-Qods\u00a0\u00bb occup\u00e9e","datePublished":"2023-09-24T19:02:58+00:00","dateModified":"2023-09-24T19:25:11+00:00","mainEntityOfPage":{"@id":"https:\/\/congovirtuel.com\/information\/le-hamas-appellde-la-rd-congo-a-suspendre-sa-decision-regrettable-de-deplacer-son-ambassade-a-jerusalem-al-qods-occupee\/"},"wordCount":328,"commentCount":0,"publisher":{"@id":"https:\/\/congovirtuel.com\/information\/#organization"},"image":{"@id":"https:\/\/congovirtuel.com\/information\/le-hamas-appellde-la-rd-congo-a-suspendre-sa-decision-regrettable-de-deplacer-son-ambassade-a-jerusalem-al-qods-occupee\/#primaryimage"},"thumbnailUrl":"https:\/\/congovirtuel.com\/information\/wp-content\/uploads\/2023\/09\/V6OCUJ2PK5CXBMUEB6BLYNKCQM.jpeg","keywords":["J\u00e9rusalem capitale","Le Hamas menace la RDC"],"articleSection":["RDC-ISRAEL"],"inLanguage":"fr-FR","potentialAction":[{"@type":"CommentAction","name":"Comment","target":["https:\/\/congovirtuel.com\/information\/le-hamas-appellde-la-rd-congo-a-suspendre-sa-decision-regrettable-de-deplacer-son-ambassade-a-jerusalem-al-qods-occupee\/#respond"]}]},{"@type":"WebPage","@id":"https:\/\/congovirtuel.com\/information\/le-hamas-appellde-la-rd-congo-a-suspendre-sa-decision-regrettable-de-deplacer-son-ambassade-a-jerusalem-al-qods-occupee\/","url":"https:\/\/congovirtuel.com\/information\/le-hamas-appellde-la-rd-congo-a-suspendre-sa-decision-regrettable-de-deplacer-son-ambassade-a-jerusalem-al-qods-occupee\/","name":"Le Hamas appelle la RD Congo \u00e0 suspendre sa d\u00e9cision \u00ab regrettable \u00bb de d\u00e9placer son ambassade \u00e0 J\u00e9rusalem \"Al-Qods\" occup\u00e9e - Actualit\u00e9s congolaises et internationales","isPartOf":{"@id":"https:\/\/congovirtuel.com\/information\/#website"},"primaryImageOfPage":{"@id":"https:\/\/congovirtuel.com\/information\/le-hamas-appellde-la-rd-congo-a-suspendre-sa-decision-regrettable-de-deplacer-son-ambassade-a-jerusalem-al-qods-occupee\/#primaryimage"},"image":{"@id":"https:\/\/congovirtuel.com\/information\/le-hamas-appellde-la-rd-congo-a-suspendre-sa-decision-regrettable-de-deplacer-son-ambassade-a-jerusalem-al-qods-occupee\/#primaryimage"},"thumbnailUrl":"https:\/\/congovirtuel.com\/information\/wp-content\/uploads\/2023\/09\/V6OCUJ2PK5CXBMUEB6BLYNKCQM.jpeg","datePublished":"2023-09-24T19:02:58+00:00","dateModified":"2023-09-24T19:25:11+00:00","breadcrumb":{"@id":"https:\/\/congovirtuel.com\/information\/le-hamas-appellde-la-rd-congo-a-suspendre-sa-decision-regrettable-de-deplacer-son-ambassade-a-jerusalem-al-qods-occupee\/#breadcrumb"},"inLanguage":"fr-FR","potentialAction":[{"@type":"ReadAction","target":["https:\/\/congovirtuel.com\/information\/le-hamas-appellde-la-rd-congo-a-suspendre-sa-decision-regrettable-de-deplacer-son-ambassade-a-jerusalem-al-qods-occupee\/"]}]},{"@type":"ImageObject","inLanguage":"fr-FR","@id":"https:\/\/congovirtuel.com\/information\/le-hamas-appellde-la-rd-congo-a-suspendre-sa-decision-regrettable-de-deplacer-son-ambassade-a-jerusalem-al-qods-occupee\/#primaryimage","url":"https:\/\/congovirtuel.com\/information\/wp-content\/uploads\/2023\/09\/V6OCUJ2PK5CXBMUEB6BLYNKCQM.jpeg","contentUrl":"https:\/\/congovirtuel.com\/information\/wp-content\/uploads\/2023\/09\/V6OCUJ2PK5CXBMUEB6BLYNKCQM.jpeg","width":1371,"height":1028},{"@type":"BreadcrumbList","@id":"https:\/\/congovirtuel.com\/information\/le-hamas-appellde-la-rd-congo-a-suspendre-sa-decision-regrettable-de-deplacer-son-ambassade-a-jerusalem-al-qods-occupee\/#breadcrumb","itemListElement":[{"@type":"ListItem","position":1,"name":"Accueil","item":"https:\/\/congovirtuel.com\/information\/"},{"@type":"ListItem","position":2,"name":"Le Hamas appelle la RD Congo \u00e0 suspendre sa d\u00e9cision \u00ab regrettable \u00bb de d\u00e9placer son ambassade \u00e0 J\u00e9rusalem \u00ab\u00a0Al-Qods\u00a0\u00bb occup\u00e9e"}]},{"@type":"WebSite","@id":"https:\/\/congovirtuel.com\/information\/#website","url":"https:\/\/congovirtuel.com\/information\/","name":"Actualit\u00e9s congolaises et internationales","description":"site d&#039;analyse et de traitement d&#039;information","publisher":{"@id":"https:\/\/congovirtuel.com\/information\/#organization"},"potentialAction":[{"@type":"SearchAction","target":{"@type":"EntryPoint","urlTemplate":"https:\/\/congovirtuel.com\/information\/?s={search_term_string}"},"query-input":{"@type":"PropertyValueSpecification","valueRequired":true,"valueName":"search_term_string"}}],"inLanguage":"fr-FR"},{"@type":"Organization","@id":"https:\/\/congovirtuel.com\/information\/#organization","name":"Biblioth\u00e8que Virtuelle de la RDC","url":"https:\/\/congovirtuel.com\/information\/","logo":{"@type":"ImageObject","inLanguage":"fr-FR","@id":"https:\/\/congovirtuel.com\/information\/#\/schema\/logo\/image\/","url":"https:\/\/congovirtuel.com\/information\/wp-content\/uploads\/2018\/10\/header-info-congovirtuel-vraie.jpg","contentUrl":"https:\/\/congovirtuel.com\/information\/wp-content\/uploads\/2018\/10\/header-info-congovirtuel-vraie.jpg","width":728,"height":90,"caption":"Biblioth\u00e8que Virtuelle de la RDC"},"image":{"@id":"https:\/\/congovirtuel.com\/information\/#\/schema\/logo\/image\/"},"sameAs":["https:\/\/web.facebook.com\/Congovirtuel-763617960319601\/?ref=aymt_homepage_panel&amp;amp;amp;amp;amp;amp;amp;amp;amp;amp;amp;eid=ARCoxULa66767kIgF_KYav6VdjXTI4yk_LW4yoVO9s6NXpysgb7Cb65vpxcxgqzOAKvIbLQxaAETcqHT","https:\/\/x.com\/congovirtuel","https:\/\/www.youtube.com\/channel\/UCkFfprYzGgS3EWNpeMXpToQ?view_as=subscriber"]},{"@type":"Person","@id":"https:\/\/congovirtuel.com\/information\/#\/schema\/person\/739a44bf7990966cb53d58d2fdeca0b6","name":"infocongovirtuel","image":{"@type":"ImageObject","inLanguage":"fr-FR","@id":"https:\/\/secure.gravatar.com\/avatar\/4d76991aa72469f0eb22e772586c99113c6997f88da636a9db8f2ce3a2c05e69?s=96&d=mm&r=g","url":"https:\/\/secure.gravatar.com\/avatar\/4d76991aa72469f0eb22e772586c99113c6997f88da636a9db8f2ce3a2c05e69?s=96&d=mm&r=g","contentUrl":"https:\/\/secure.gravatar.com\/avatar\/4d76991aa72469f0eb22e772586c99113c6997f88da636a9db8f2ce3a2c05e69?s=96&d=mm&r=g","caption":"infocongovirtuel"},"url":"https:\/\/congovirtuel.com\/information\/author\/infocongovirtuel\/"}]}},"gt_translate_keys":[{"key":"link","format":"url"}],"_links":{"self":[{"href":"https:\/\/congovirtuel.com\/information\/wp-json\/wp\/v2\/posts\/23550","targetHints":{"allow":["GET"]}}],"collection":[{"href":"https:\/\/congovirtuel.com\/information\/wp-json\/wp\/v2\/posts"}],"about":[{"href":"https:\/\/congovirtuel.com\/information\/wp-json\/wp\/v2\/types\/post"}],"author":[{"embeddable":true,"href":"https:\/\/congovirtuel.com\/information\/wp-json\/wp\/v2\/users\/1"}],"replies":[{"embeddable":true,"href":"https:\/\/congovirtuel.com\/information\/wp-json\/wp\/v2\/comments?post=23550"}],"version-history":[{"count":1,"href":"https:\/\/congovirtuel.com\/information\/wp-json\/wp\/v2\/posts\/23550\/revisions"}],"predecessor-version":[{"id":23551,"href":"https:\/\/congovirtuel.com\/information\/wp-json\/wp\/v2\/posts\/23550\/revisions\/23551"}],"wp:featuredmedia":[{"embeddable":true,"href":"https:\/\/congovirtuel.com\/information\/wp-json\/wp\/v2\/media\/23549"}],"wp:attachment":[{"href":"https:\/\/congovirtuel.com\/information\/wp-json\/wp\/v2\/media?parent=23550"}],"wp:term":[{"taxonomy":"category","embeddable":true,"href":"https:\/\/congovirtuel.com\/information\/wp-json\/wp\/v2\/categories?post=23550"},{"taxonomy":"post_tag","embeddable":true,"href":"https:\/\/congovirtuel.com\/information\/wp-json\/wp\/v2\/tags?post=23550"}],"curies":[{"name":"wp","href":"https:\/\/api.w.org\/{rel}","templated":true}]}}