{"id":23671,"date":"2023-10-20T15:56:49","date_gmt":"2023-10-20T14:56:49","guid":{"rendered":"https:\/\/congovirtuel.com\/information\/?p=23671"},"modified":"2023-10-20T16:20:31","modified_gmt":"2023-10-20T15:20:31","slug":"visit-rwanda-le-tp-mazembe-couvert-par-un-reglement-de-la-caf-pays-en-guerre-matches-affectes-par-des-situations-internes-et-le-cas-mbappe","status":"publish","type":"post","link":"https:\/\/congovirtuel.com\/information\/visit-rwanda-le-tp-mazembe-couvert-par-un-reglement-de-la-caf-pays-en-guerre-matches-affectes-par-des-situations-internes-et-le-cas-mbappe\/","title":{"rendered":"Visit Rwanda : le TP Mazembe couvert par un r\u00e8glement de la CAF, pays en guerre \/ matches affect\u00e9s par des situations internes et le cas Mbapp\u00e9","gt_translate_keys":[{"key":"rendered","format":"text"}]},"content":{"rendered":"<p>Le club congolais de Tout Puissant Mazembe s&rsquo;oppose fermement \u00e0 ce que ses joueurs portent le logo du minist\u00e8re rwandais du Tourisme, qui est le sponsor de la Ligue africaine de football.<\/p>\n<p>Le TP Mazembe, club congolais, est en conflit avec la Conf\u00e9d\u00e9ration africaine de football (CAF) car il refuse que ses joueurs portent le logo \u00ab Visit Rwanda \u00bb lors de leur match contre l&rsquo;Esp\u00e9rance Tunis le 22 octobre \u00e0 Dar es-Salaam, dans le cadre de la Ligue africaine de football (AFL). Cette d\u00e9cision est motiv\u00e9e par la crise entre le Rwanda et la RDC, o\u00f9 les deux pays sont pratiquement en guerre via des milices M23 ou Wazalendo.<\/p>\n<p>L&rsquo;\u00e9quipe dirig\u00e9e par Mo\u00efse Katumbi, candidat \u00e0 la pr\u00e9sidence de la R\u00e9publique en RDC en D\u00e9cembre 2023, a exprim\u00e9 son m\u00e9contentement de mani\u00e8re ferme. Le 12 octobre, Fr\u00e9d\u00e9ric Kitengie, secr\u00e9taire g\u00e9n\u00e9ral de l&rsquo;\u00e9quipe, a discut\u00e9 de ce probl\u00e8me avec Sylvia-Line Lamaro, directrice de la strat\u00e9gie de la Ligue africaine de football.<\/p>\n<p>En effet, il parait en \u00e9vidence que les deux pays, \u00e0 savoir, la R\u00e9publique d\u00e9mocratique du Congo et le Rwanda sont en guerre. Plusieurs rapports des Nations &#8211; Unies et experts internationaux ont confirm\u00e9 la pr\u00e9sence des militaires et mat\u00e9riels de guerre rwandais parmi les rebelles du M23. Situation qui s&rsquo;est accentu\u00e9e ce dernier mois avec les affrontements dans la province du Nord &#8211; Kivu entre des milices locaux congolais soutenus par l&rsquo;arm\u00e9e congolaise et le M23 soutenu par le Rwanda. Nous avons donc une guerre par procuration.<\/p>\n<p>Ainsi, face \u00e0 cette situation, le r\u00e8glement int\u00e9rieur de la CAF est clair:\u00a0 d&rsquo;un pays en guerre ou matches affect\u00e9s par des situations internes.<\/p>\n<blockquote><p>\u00ab\u00a0En cas de troubles, de guerres, de force majeure ou de situation interne dans un pays<br \/>\nsusceptibles d\u2019affecter les conditions de s\u00e9curit\u00e9 dans le d\u00e9roulement d\u2019une rencontre, la Commission d\u2019Organisation peut prendre plusieurs mesures dont: la d\u00e9localisation pour un terrain neutre&#8230;\u00a0\u00bb<\/p><\/blockquote>\n<p>Il apparait donc \u00e9vident que le deux pays \u00e9tant en guerre, la CAF ne peut pas obliger au Tout puissant Mazembe de porter un logo invitant \u00e0 visiter un pays agresseur.<\/p>\n<p>En outre, dans l&rsquo;histoire contemporaine du football, il y a des cas des joueurs qui ont eu \u00e0 boycotter la marque d&rsquo;une maison quelconque pour des convenances personnelles.<\/p>\n<p>Convi\u00e9 comme tous les Bleus \u00e0 participer \u00e0 une matin\u00e9e avec les sponsors de l\u2019\u00e9quipe de France, mardi 22 mars 2022, <a class=\"ftvi-click--binded\" href=\"https:\/\/www.francetvinfo.fr\/sports\/foot\/equipe-de-france\/equipe-de-france-ce-que-l-on-sait-sur-le-boycott-des-sponsors-decide-par-kylian-mbappe_5040121.html\" data-click-value=\"content::link-in-content::article::\/sports\/foot\/equipe-de-france\/equipe-de-france-ce-que-l-on-sait-sur-le-boycott-des-sponsors-decide-par-kylian-mbappe_5040121.html\">Kylian Mbapp\u00e9\u00a0a\u00a0esquiv\u00e9 la s\u00e9ance<\/a>\u00a0en faveur de Volkswagen, Orange,\u00a0Coca-Cola,\u00a0Konami, Uber Eats et Xbox. Une d\u00e9cision in\u00e9dite \u00e0 Clairefontaine, mais pas dans le monde du football. Avant lui, en juillet dernier, Cristiano Ronaldo avait fait sensation \u00e0 l&rsquo;Euro 2021 en provoquant la chute de l\u2019action Coca-Cola en bourse. Comment ?\u00a0<a class=\"ftvi-click--binded\" href=\"https:\/\/www.francetvinfo.fr\/euro\/euro-2021-ronaldo-et-coca-pogba-et-heineken-on-vous-explique-la-polemique-des-boissons-qui-a-mis-de-l-eau-dans-le-gaz_4668671.html\" target=\"_blank\" rel=\"noopener\" data-click-value=\"content::link-in-content::article::\/euro\/euro-2021-ronaldo-et-coca-pogba-et-heineken-on-vous-explique-la-polemique-des-boissons-qui-a-mis-de-l-eau-dans-le-gaz_4668671.html\">En \u00e9cartant\u00a0le fameux soda plac\u00e9 devant lui en conf\u00e9rence de presse<\/a>. Quelques jours plus tard, Paul Pogba l\u2019imitait, cette fois avec une bouteille d\u2019Heineken.<\/p>\n<p>Avant Mbapp\u00e9, Ronaldo ou Pogba,\u00a0d&rsquo;autres grands noms du ballon rond avaient d\u00e9j\u00e0 contest\u00e9\u00a0les obligations li\u00e9es aux sponsors. On pourrait ainsi citer l\u2019exemple c\u00e9l\u00e8bre de Johan Cruyff, \u00e9g\u00e9rie Puma dans les ann\u00e9es 1970, qui avait fait retirer une des trois bandes Adidas du maillot des Pays-Bas.<\/p>\n<p>Toutefois, si Tout Puissant Mazembe pourra participer \u00e0 la comp\u00e9tition, elle risque cependant de perdre la totalit\u00e9 de l&rsquo;enveloppe mise en jeu dans la comp\u00e9tition.<\/p>\n<p>RGL<\/p>\n<p>&nbsp;<\/p>\n<p>&nbsp;<\/p>\n","protected":false,"gt_translate_keys":[{"key":"rendered","format":"html"}]},"excerpt":{"rendered":"<p>Le club congolais de Tout Puissant Mazembe s&rsquo;oppose fermement \u00e0 ce que ses joueurs portent le logo du minist\u00e8re rwandais du Tourisme, qui est le sponsor de la Ligue africaine de football. Le TP Mazembe, club congolais, est en conflit avec la Conf\u00e9d\u00e9ration africaine de football (CAF) car il refuse que ses joueurs portent le logo \u00ab Visit Rwanda \u00bb lors de leur match contre l&rsquo;Esp\u00e9rance Tunis le 22 octobre \u00e0 Dar es-Salaam, dans le cadre de la Ligue africaine de football (AFL). Cette d\u00e9cision est motiv\u00e9e par la crise&hellip;<\/p>\n","protected":false,"gt_translate_keys":[{"key":"rendered","format":"html"}]},"author":1,"featured_media":23670,"comment_status":"open","ping_status":"open","sticky":false,"template":"","format":"standard","meta":{"_crdt_document":"","footnotes":""},"categories":[8],"tags":[],"class_list":["post-23671","post","type-post","status-publish","format-standard","has-post-thumbnail","hentry","category-football"],"gutentor_comment":0,"yoast_head":"<!-- This site is optimized with the Yoast SEO plugin v27.5 - https:\/\/yoast.com\/product\/yoast-seo-wordpress\/ -->\n<title>Visit Rwanda : le TP Mazembe couvert par un r\u00e8glement de la CAF, pays en guerre \/ matches affect\u00e9s par des situations internes et le cas Mbapp\u00e9 - Actualit\u00e9s congolaises et internationales<\/title>\n<meta name=\"robots\" content=\"index, follow, max-snippet:-1, max-image-preview:large, max-video-preview:-1\" \/>\n<link rel=\"canonical\" href=\"https:\/\/congovirtuel.com\/information\/visit-rwanda-le-tp-mazembe-couvert-par-un-reglement-de-la-caf-pays-en-guerre-matches-affectes-par-des-situations-internes-et-le-cas-mbappe\/\" \/>\n<meta property=\"og:locale\" content=\"fr_FR\" \/>\n<meta property=\"og:type\" content=\"article\" \/>\n<meta property=\"og:title\" content=\"Visit Rwanda : le TP Mazembe couvert par un r\u00e8glement de la CAF, pays en guerre \/ matches affect\u00e9s par des situations internes et le cas Mbapp\u00e9 - Actualit\u00e9s congolaises et internationales\" \/>\n<meta property=\"og:description\" content=\"Le club congolais de Tout Puissant Mazembe s&rsquo;oppose fermement \u00e0 ce que ses joueurs portent le logo du minist\u00e8re rwandais du Tourisme, qui est le sponsor de la Ligue africaine de football. Le TP Mazembe, club congolais, est en conflit avec la Conf\u00e9d\u00e9ration africaine de football (CAF) car il refuse que ses joueurs portent le logo \u00ab Visit Rwanda \u00bb lors de leur match contre l&rsquo;Esp\u00e9rance Tunis le 22 octobre \u00e0 Dar es-Salaam, dans le cadre de la Ligue africaine de football (AFL). Cette d\u00e9cision est motiv\u00e9e par la crise&hellip;\" \/>\n<meta property=\"og:url\" content=\"https:\/\/congovirtuel.com\/information\/visit-rwanda-le-tp-mazembe-couvert-par-un-reglement-de-la-caf-pays-en-guerre-matches-affectes-par-des-situations-internes-et-le-cas-mbappe\/\" \/>\n<meta property=\"og:site_name\" content=\"Actualit\u00e9s congolaises et internationales\" \/>\n<meta property=\"article:publisher\" content=\"https:\/\/web.facebook.com\/Congovirtuel-763617960319601\/?ref=aymt_homepage_panel&amp;amp%3bamp%3bamp%3bamp%3bamp%3bamp%3bamp%3bamp%3bamp%3bamp%3bamp%3beid=ARCoxULa66767kIgF_KYav6VdjXTI4yk_LW4yoVO9s6NXpysgb7Cb65vpxcxgqzOAKvIbLQxaAETcqHT\" \/>\n<meta property=\"article:published_time\" content=\"2023-10-20T14:56:49+00:00\" \/>\n<meta property=\"article:modified_time\" content=\"2023-10-20T15:20:31+00:00\" \/>\n<meta property=\"og:image\" content=\"https:\/\/congovirtuel.com\/information\/wp-content\/uploads\/2023\/10\/Mazembe-600-x-400.jpg\" \/>\n\t<meta property=\"og:image:width\" content=\"600\" \/>\n\t<meta property=\"og:image:height\" content=\"400\" \/>\n\t<meta property=\"og:image:type\" content=\"image\/jpeg\" \/>\n<meta name=\"author\" content=\"infocongovirtuel\" \/>\n<meta name=\"twitter:card\" content=\"summary_large_image\" \/>\n<meta name=\"twitter:creator\" content=\"@congovirtuel\" \/>\n<meta name=\"twitter:site\" content=\"@congovirtuel\" \/>\n<meta name=\"twitter:label1\" content=\"\u00c9crit par\" \/>\n\t<meta name=\"twitter:data1\" content=\"infocongovirtuel\" \/>\n\t<meta name=\"twitter:label2\" content=\"Dur\u00e9e de lecture estim\u00e9e\" \/>\n\t<meta name=\"twitter:data2\" content=\"3 minutes\" \/>\n<script type=\"application\/ld+json\" class=\"yoast-schema-graph\">{\"@context\":\"https:\\\/\\\/schema.org\",\"@graph\":[{\"@type\":\"Article\",\"@id\":\"https:\\\/\\\/congovirtuel.com\\\/information\\\/visit-rwanda-le-tp-mazembe-couvert-par-un-reglement-de-la-caf-pays-en-guerre-matches-affectes-par-des-situations-internes-et-le-cas-mbappe\\\/#article\",\"isPartOf\":{\"@id\":\"https:\\\/\\\/congovirtuel.com\\\/information\\\/visit-rwanda-le-tp-mazembe-couvert-par-un-reglement-de-la-caf-pays-en-guerre-matches-affectes-par-des-situations-internes-et-le-cas-mbappe\\\/\"},\"author\":{\"name\":\"infocongovirtuel\",\"@id\":\"https:\\\/\\\/congovirtuel.com\\\/information\\\/#\\\/schema\\\/person\\\/739a44bf7990966cb53d58d2fdeca0b6\"},\"headline\":\"Visit Rwanda : le TP Mazembe couvert par un r\u00e8glement de la CAF, pays en guerre \\\/ matches affect\u00e9s par des situations internes et le cas Mbapp\u00e9\",\"datePublished\":\"2023-10-20T14:56:49+00:00\",\"dateModified\":\"2023-10-20T15:20:31+00:00\",\"mainEntityOfPage\":{\"@id\":\"https:\\\/\\\/congovirtuel.com\\\/information\\\/visit-rwanda-le-tp-mazembe-couvert-par-un-reglement-de-la-caf-pays-en-guerre-matches-affectes-par-des-situations-internes-et-le-cas-mbappe\\\/\"},\"wordCount\":617,\"commentCount\":0,\"publisher\":{\"@id\":\"https:\\\/\\\/congovirtuel.com\\\/information\\\/#organization\"},\"image\":{\"@id\":\"https:\\\/\\\/congovirtuel.com\\\/information\\\/visit-rwanda-le-tp-mazembe-couvert-par-un-reglement-de-la-caf-pays-en-guerre-matches-affectes-par-des-situations-internes-et-le-cas-mbappe\\\/#primaryimage\"},\"thumbnailUrl\":\"https:\\\/\\\/congovirtuel.com\\\/information\\\/wp-content\\\/uploads\\\/2023\\\/10\\\/Mazembe-600-x-400.jpg\",\"articleSection\":[\"Football\"],\"inLanguage\":\"fr-FR\",\"potentialAction\":[{\"@type\":\"CommentAction\",\"name\":\"Comment\",\"target\":[\"https:\\\/\\\/congovirtuel.com\\\/information\\\/visit-rwanda-le-tp-mazembe-couvert-par-un-reglement-de-la-caf-pays-en-guerre-matches-affectes-par-des-situations-internes-et-le-cas-mbappe\\\/#respond\"]}]},{\"@type\":\"WebPage\",\"@id\":\"https:\\\/\\\/congovirtuel.com\\\/information\\\/visit-rwanda-le-tp-mazembe-couvert-par-un-reglement-de-la-caf-pays-en-guerre-matches-affectes-par-des-situations-internes-et-le-cas-mbappe\\\/\",\"url\":\"https:\\\/\\\/congovirtuel.com\\\/information\\\/visit-rwanda-le-tp-mazembe-couvert-par-un-reglement-de-la-caf-pays-en-guerre-matches-affectes-par-des-situations-internes-et-le-cas-mbappe\\\/\",\"name\":\"Visit Rwanda : le TP Mazembe couvert par un r\u00e8glement de la CAF, pays en guerre \\\/ matches affect\u00e9s par des situations internes et le cas Mbapp\u00e9 - Actualit\u00e9s congolaises et internationales\",\"isPartOf\":{\"@id\":\"https:\\\/\\\/congovirtuel.com\\\/information\\\/#website\"},\"primaryImageOfPage\":{\"@id\":\"https:\\\/\\\/congovirtuel.com\\\/information\\\/visit-rwanda-le-tp-mazembe-couvert-par-un-reglement-de-la-caf-pays-en-guerre-matches-affectes-par-des-situations-internes-et-le-cas-mbappe\\\/#primaryimage\"},\"image\":{\"@id\":\"https:\\\/\\\/congovirtuel.com\\\/information\\\/visit-rwanda-le-tp-mazembe-couvert-par-un-reglement-de-la-caf-pays-en-guerre-matches-affectes-par-des-situations-internes-et-le-cas-mbappe\\\/#primaryimage\"},\"thumbnailUrl\":\"https:\\\/\\\/congovirtuel.com\\\/information\\\/wp-content\\\/uploads\\\/2023\\\/10\\\/Mazembe-600-x-400.jpg\",\"datePublished\":\"2023-10-20T14:56:49+00:00\",\"dateModified\":\"2023-10-20T15:20:31+00:00\",\"breadcrumb\":{\"@id\":\"https:\\\/\\\/congovirtuel.com\\\/information\\\/visit-rwanda-le-tp-mazembe-couvert-par-un-reglement-de-la-caf-pays-en-guerre-matches-affectes-par-des-situations-internes-et-le-cas-mbappe\\\/#breadcrumb\"},\"inLanguage\":\"fr-FR\",\"potentialAction\":[{\"@type\":\"ReadAction\",\"target\":[\"https:\\\/\\\/congovirtuel.com\\\/information\\\/visit-rwanda-le-tp-mazembe-couvert-par-un-reglement-de-la-caf-pays-en-guerre-matches-affectes-par-des-situations-internes-et-le-cas-mbappe\\\/\"]}]},{\"@type\":\"ImageObject\",\"inLanguage\":\"fr-FR\",\"@id\":\"https:\\\/\\\/congovirtuel.com\\\/information\\\/visit-rwanda-le-tp-mazembe-couvert-par-un-reglement-de-la-caf-pays-en-guerre-matches-affectes-par-des-situations-internes-et-le-cas-mbappe\\\/#primaryimage\",\"url\":\"https:\\\/\\\/congovirtuel.com\\\/information\\\/wp-content\\\/uploads\\\/2023\\\/10\\\/Mazembe-600-x-400.jpg\",\"contentUrl\":\"https:\\\/\\\/congovirtuel.com\\\/information\\\/wp-content\\\/uploads\\\/2023\\\/10\\\/Mazembe-600-x-400.jpg\",\"width\":600,\"height\":400},{\"@type\":\"BreadcrumbList\",\"@id\":\"https:\\\/\\\/congovirtuel.com\\\/information\\\/visit-rwanda-le-tp-mazembe-couvert-par-un-reglement-de-la-caf-pays-en-guerre-matches-affectes-par-des-situations-internes-et-le-cas-mbappe\\\/#breadcrumb\",\"itemListElement\":[{\"@type\":\"ListItem\",\"position\":1,\"name\":\"Accueil\",\"item\":\"https:\\\/\\\/congovirtuel.com\\\/information\\\/\"},{\"@type\":\"ListItem\",\"position\":2,\"name\":\"Visit Rwanda : le TP Mazembe couvert par un r\u00e8glement de la CAF, pays en guerre \\\/ matches affect\u00e9s par des situations internes et le cas Mbapp\u00e9\"}]},{\"@type\":\"WebSite\",\"@id\":\"https:\\\/\\\/congovirtuel.com\\\/information\\\/#website\",\"url\":\"https:\\\/\\\/congovirtuel.com\\\/information\\\/\",\"name\":\"Actualit\u00e9s congolaises et internationales\",\"description\":\"site d&#039;analyse et de traitement d&#039;information\",\"publisher\":{\"@id\":\"https:\\\/\\\/congovirtuel.com\\\/information\\\/#organization\"},\"potentialAction\":[{\"@type\":\"SearchAction\",\"target\":{\"@type\":\"EntryPoint\",\"urlTemplate\":\"https:\\\/\\\/congovirtuel.com\\\/information\\\/?s={search_term_string}\"},\"query-input\":{\"@type\":\"PropertyValueSpecification\",\"valueRequired\":true,\"valueName\":\"search_term_string\"}}],\"inLanguage\":\"fr-FR\"},{\"@type\":\"Organization\",\"@id\":\"https:\\\/\\\/congovirtuel.com\\\/information\\\/#organization\",\"name\":\"Biblioth\u00e8que Virtuelle de la RDC\",\"url\":\"https:\\\/\\\/congovirtuel.com\\\/information\\\/\",\"logo\":{\"@type\":\"ImageObject\",\"inLanguage\":\"fr-FR\",\"@id\":\"https:\\\/\\\/congovirtuel.com\\\/information\\\/#\\\/schema\\\/logo\\\/image\\\/\",\"url\":\"https:\\\/\\\/congovirtuel.com\\\/information\\\/wp-content\\\/uploads\\\/2018\\\/10\\\/header-info-congovirtuel-vraie.jpg\",\"contentUrl\":\"https:\\\/\\\/congovirtuel.com\\\/information\\\/wp-content\\\/uploads\\\/2018\\\/10\\\/header-info-congovirtuel-vraie.jpg\",\"width\":728,\"height\":90,\"caption\":\"Biblioth\u00e8que Virtuelle de la RDC\"},\"image\":{\"@id\":\"https:\\\/\\\/congovirtuel.com\\\/information\\\/#\\\/schema\\\/logo\\\/image\\\/\"},\"sameAs\":[\"https:\\\/\\\/web.facebook.com\\\/Congovirtuel-763617960319601\\\/?ref=aymt_homepage_panel&amp;amp;amp;amp;amp;amp;amp;amp;amp;amp;amp;eid=ARCoxULa66767kIgF_KYav6VdjXTI4yk_LW4yoVO9s6NXpysgb7Cb65vpxcxgqzOAKvIbLQxaAETcqHT\",\"https:\\\/\\\/x.com\\\/congovirtuel\",\"https:\\\/\\\/www.youtube.com\\\/channel\\\/UCkFfprYzGgS3EWNpeMXpToQ?view_as=subscriber\"]},{\"@type\":\"Person\",\"@id\":\"https:\\\/\\\/congovirtuel.com\\\/information\\\/#\\\/schema\\\/person\\\/739a44bf7990966cb53d58d2fdeca0b6\",\"name\":\"infocongovirtuel\",\"image\":{\"@type\":\"ImageObject\",\"inLanguage\":\"fr-FR\",\"@id\":\"https:\\\/\\\/secure.gravatar.com\\\/avatar\\\/4d76991aa72469f0eb22e772586c99113c6997f88da636a9db8f2ce3a2c05e69?s=96&d=mm&r=g\",\"url\":\"https:\\\/\\\/secure.gravatar.com\\\/avatar\\\/4d76991aa72469f0eb22e772586c99113c6997f88da636a9db8f2ce3a2c05e69?s=96&d=mm&r=g\",\"contentUrl\":\"https:\\\/\\\/secure.gravatar.com\\\/avatar\\\/4d76991aa72469f0eb22e772586c99113c6997f88da636a9db8f2ce3a2c05e69?s=96&d=mm&r=g\",\"caption\":\"infocongovirtuel\"},\"url\":\"https:\\\/\\\/congovirtuel.com\\\/information\\\/author\\\/infocongovirtuel\\\/\"}]}<\/script>\n<!-- \/ Yoast SEO plugin. -->","yoast_head_json":{"title":"Visit Rwanda : le TP Mazembe couvert par un r\u00e8glement de la CAF, pays en guerre \/ matches affect\u00e9s par des situations internes et le cas Mbapp\u00e9 - Actualit\u00e9s congolaises et internationales","robots":{"index":"index","follow":"follow","max-snippet":"max-snippet:-1","max-image-preview":"max-image-preview:large","max-video-preview":"max-video-preview:-1"},"canonical":"https:\/\/congovirtuel.com\/information\/visit-rwanda-le-tp-mazembe-couvert-par-un-reglement-de-la-caf-pays-en-guerre-matches-affectes-par-des-situations-internes-et-le-cas-mbappe\/","og_locale":"fr_FR","og_type":"article","og_title":"Visit Rwanda : le TP Mazembe couvert par un r\u00e8glement de la CAF, pays en guerre \/ matches affect\u00e9s par des situations internes et le cas Mbapp\u00e9 - Actualit\u00e9s congolaises et internationales","og_description":"Le club congolais de Tout Puissant Mazembe s&rsquo;oppose fermement \u00e0 ce que ses joueurs portent le logo du minist\u00e8re rwandais du Tourisme, qui est le sponsor de la Ligue africaine de football. Le TP Mazembe, club congolais, est en conflit avec la Conf\u00e9d\u00e9ration africaine de football (CAF) car il refuse que ses joueurs portent le logo \u00ab Visit Rwanda \u00bb lors de leur match contre l&rsquo;Esp\u00e9rance Tunis le 22 octobre \u00e0 Dar es-Salaam, dans le cadre de la Ligue africaine de football (AFL). Cette d\u00e9cision est motiv\u00e9e par la crise&hellip;","og_url":"https:\/\/congovirtuel.com\/information\/visit-rwanda-le-tp-mazembe-couvert-par-un-reglement-de-la-caf-pays-en-guerre-matches-affectes-par-des-situations-internes-et-le-cas-mbappe\/","og_site_name":"Actualit\u00e9s congolaises et internationales","article_publisher":"https:\/\/web.facebook.com\/Congovirtuel-763617960319601\/?ref=aymt_homepage_panel&amp%3bamp%3bamp%3bamp%3bamp%3bamp%3bamp%3bamp%3bamp%3bamp%3bamp%3beid=ARCoxULa66767kIgF_KYav6VdjXTI4yk_LW4yoVO9s6NXpysgb7Cb65vpxcxgqzOAKvIbLQxaAETcqHT","article_published_time":"2023-10-20T14:56:49+00:00","article_modified_time":"2023-10-20T15:20:31+00:00","og_image":[{"width":600,"height":400,"url":"https:\/\/congovirtuel.com\/information\/wp-content\/uploads\/2023\/10\/Mazembe-600-x-400.jpg","type":"image\/jpeg"}],"author":"infocongovirtuel","twitter_card":"summary_large_image","twitter_creator":"@congovirtuel","twitter_site":"@congovirtuel","twitter_misc":{"\u00c9crit par":"infocongovirtuel","Dur\u00e9e de lecture estim\u00e9e":"3 minutes"},"schema":{"@context":"https:\/\/schema.org","@graph":[{"@type":"Article","@id":"https:\/\/congovirtuel.com\/information\/visit-rwanda-le-tp-mazembe-couvert-par-un-reglement-de-la-caf-pays-en-guerre-matches-affectes-par-des-situations-internes-et-le-cas-mbappe\/#article","isPartOf":{"@id":"https:\/\/congovirtuel.com\/information\/visit-rwanda-le-tp-mazembe-couvert-par-un-reglement-de-la-caf-pays-en-guerre-matches-affectes-par-des-situations-internes-et-le-cas-mbappe\/"},"author":{"name":"infocongovirtuel","@id":"https:\/\/congovirtuel.com\/information\/#\/schema\/person\/739a44bf7990966cb53d58d2fdeca0b6"},"headline":"Visit Rwanda : le TP Mazembe couvert par un r\u00e8glement de la CAF, pays en guerre \/ matches affect\u00e9s par des situations internes et le cas Mbapp\u00e9","datePublished":"2023-10-20T14:56:49+00:00","dateModified":"2023-10-20T15:20:31+00:00","mainEntityOfPage":{"@id":"https:\/\/congovirtuel.com\/information\/visit-rwanda-le-tp-mazembe-couvert-par-un-reglement-de-la-caf-pays-en-guerre-matches-affectes-par-des-situations-internes-et-le-cas-mbappe\/"},"wordCount":617,"commentCount":0,"publisher":{"@id":"https:\/\/congovirtuel.com\/information\/#organization"},"image":{"@id":"https:\/\/congovirtuel.com\/information\/visit-rwanda-le-tp-mazembe-couvert-par-un-reglement-de-la-caf-pays-en-guerre-matches-affectes-par-des-situations-internes-et-le-cas-mbappe\/#primaryimage"},"thumbnailUrl":"https:\/\/congovirtuel.com\/information\/wp-content\/uploads\/2023\/10\/Mazembe-600-x-400.jpg","articleSection":["Football"],"inLanguage":"fr-FR","potentialAction":[{"@type":"CommentAction","name":"Comment","target":["https:\/\/congovirtuel.com\/information\/visit-rwanda-le-tp-mazembe-couvert-par-un-reglement-de-la-caf-pays-en-guerre-matches-affectes-par-des-situations-internes-et-le-cas-mbappe\/#respond"]}]},{"@type":"WebPage","@id":"https:\/\/congovirtuel.com\/information\/visit-rwanda-le-tp-mazembe-couvert-par-un-reglement-de-la-caf-pays-en-guerre-matches-affectes-par-des-situations-internes-et-le-cas-mbappe\/","url":"https:\/\/congovirtuel.com\/information\/visit-rwanda-le-tp-mazembe-couvert-par-un-reglement-de-la-caf-pays-en-guerre-matches-affectes-par-des-situations-internes-et-le-cas-mbappe\/","name":"Visit Rwanda : le TP Mazembe couvert par un r\u00e8glement de la CAF, pays en guerre \/ matches affect\u00e9s par des situations internes et le cas Mbapp\u00e9 - Actualit\u00e9s congolaises et internationales","isPartOf":{"@id":"https:\/\/congovirtuel.com\/information\/#website"},"primaryImageOfPage":{"@id":"https:\/\/congovirtuel.com\/information\/visit-rwanda-le-tp-mazembe-couvert-par-un-reglement-de-la-caf-pays-en-guerre-matches-affectes-par-des-situations-internes-et-le-cas-mbappe\/#primaryimage"},"image":{"@id":"https:\/\/congovirtuel.com\/information\/visit-rwanda-le-tp-mazembe-couvert-par-un-reglement-de-la-caf-pays-en-guerre-matches-affectes-par-des-situations-internes-et-le-cas-mbappe\/#primaryimage"},"thumbnailUrl":"https:\/\/congovirtuel.com\/information\/wp-content\/uploads\/2023\/10\/Mazembe-600-x-400.jpg","datePublished":"2023-10-20T14:56:49+00:00","dateModified":"2023-10-20T15:20:31+00:00","breadcrumb":{"@id":"https:\/\/congovirtuel.com\/information\/visit-rwanda-le-tp-mazembe-couvert-par-un-reglement-de-la-caf-pays-en-guerre-matches-affectes-par-des-situations-internes-et-le-cas-mbappe\/#breadcrumb"},"inLanguage":"fr-FR","potentialAction":[{"@type":"ReadAction","target":["https:\/\/congovirtuel.com\/information\/visit-rwanda-le-tp-mazembe-couvert-par-un-reglement-de-la-caf-pays-en-guerre-matches-affectes-par-des-situations-internes-et-le-cas-mbappe\/"]}]},{"@type":"ImageObject","inLanguage":"fr-FR","@id":"https:\/\/congovirtuel.com\/information\/visit-rwanda-le-tp-mazembe-couvert-par-un-reglement-de-la-caf-pays-en-guerre-matches-affectes-par-des-situations-internes-et-le-cas-mbappe\/#primaryimage","url":"https:\/\/congovirtuel.com\/information\/wp-content\/uploads\/2023\/10\/Mazembe-600-x-400.jpg","contentUrl":"https:\/\/congovirtuel.com\/information\/wp-content\/uploads\/2023\/10\/Mazembe-600-x-400.jpg","width":600,"height":400},{"@type":"BreadcrumbList","@id":"https:\/\/congovirtuel.com\/information\/visit-rwanda-le-tp-mazembe-couvert-par-un-reglement-de-la-caf-pays-en-guerre-matches-affectes-par-des-situations-internes-et-le-cas-mbappe\/#breadcrumb","itemListElement":[{"@type":"ListItem","position":1,"name":"Accueil","item":"https:\/\/congovirtuel.com\/information\/"},{"@type":"ListItem","position":2,"name":"Visit Rwanda : le TP Mazembe couvert par un r\u00e8glement de la CAF, pays en guerre \/ matches affect\u00e9s par des situations internes et le cas Mbapp\u00e9"}]},{"@type":"WebSite","@id":"https:\/\/congovirtuel.com\/information\/#website","url":"https:\/\/congovirtuel.com\/information\/","name":"Actualit\u00e9s congolaises et internationales","description":"site d&#039;analyse et de traitement d&#039;information","publisher":{"@id":"https:\/\/congovirtuel.com\/information\/#organization"},"potentialAction":[{"@type":"SearchAction","target":{"@type":"EntryPoint","urlTemplate":"https:\/\/congovirtuel.com\/information\/?s={search_term_string}"},"query-input":{"@type":"PropertyValueSpecification","valueRequired":true,"valueName":"search_term_string"}}],"inLanguage":"fr-FR"},{"@type":"Organization","@id":"https:\/\/congovirtuel.com\/information\/#organization","name":"Biblioth\u00e8que Virtuelle de la RDC","url":"https:\/\/congovirtuel.com\/information\/","logo":{"@type":"ImageObject","inLanguage":"fr-FR","@id":"https:\/\/congovirtuel.com\/information\/#\/schema\/logo\/image\/","url":"https:\/\/congovirtuel.com\/information\/wp-content\/uploads\/2018\/10\/header-info-congovirtuel-vraie.jpg","contentUrl":"https:\/\/congovirtuel.com\/information\/wp-content\/uploads\/2018\/10\/header-info-congovirtuel-vraie.jpg","width":728,"height":90,"caption":"Biblioth\u00e8que Virtuelle de la RDC"},"image":{"@id":"https:\/\/congovirtuel.com\/information\/#\/schema\/logo\/image\/"},"sameAs":["https:\/\/web.facebook.com\/Congovirtuel-763617960319601\/?ref=aymt_homepage_panel&amp;amp;amp;amp;amp;amp;amp;amp;amp;amp;amp;eid=ARCoxULa66767kIgF_KYav6VdjXTI4yk_LW4yoVO9s6NXpysgb7Cb65vpxcxgqzOAKvIbLQxaAETcqHT","https:\/\/x.com\/congovirtuel","https:\/\/www.youtube.com\/channel\/UCkFfprYzGgS3EWNpeMXpToQ?view_as=subscriber"]},{"@type":"Person","@id":"https:\/\/congovirtuel.com\/information\/#\/schema\/person\/739a44bf7990966cb53d58d2fdeca0b6","name":"infocongovirtuel","image":{"@type":"ImageObject","inLanguage":"fr-FR","@id":"https:\/\/secure.gravatar.com\/avatar\/4d76991aa72469f0eb22e772586c99113c6997f88da636a9db8f2ce3a2c05e69?s=96&d=mm&r=g","url":"https:\/\/secure.gravatar.com\/avatar\/4d76991aa72469f0eb22e772586c99113c6997f88da636a9db8f2ce3a2c05e69?s=96&d=mm&r=g","contentUrl":"https:\/\/secure.gravatar.com\/avatar\/4d76991aa72469f0eb22e772586c99113c6997f88da636a9db8f2ce3a2c05e69?s=96&d=mm&r=g","caption":"infocongovirtuel"},"url":"https:\/\/congovirtuel.com\/information\/author\/infocongovirtuel\/"}]}},"gt_translate_keys":[{"key":"link","format":"url"}],"_links":{"self":[{"href":"https:\/\/congovirtuel.com\/information\/wp-json\/wp\/v2\/posts\/23671","targetHints":{"allow":["GET"]}}],"collection":[{"href":"https:\/\/congovirtuel.com\/information\/wp-json\/wp\/v2\/posts"}],"about":[{"href":"https:\/\/congovirtuel.com\/information\/wp-json\/wp\/v2\/types\/post"}],"author":[{"embeddable":true,"href":"https:\/\/congovirtuel.com\/information\/wp-json\/wp\/v2\/users\/1"}],"replies":[{"embeddable":true,"href":"https:\/\/congovirtuel.com\/information\/wp-json\/wp\/v2\/comments?post=23671"}],"version-history":[{"count":6,"href":"https:\/\/congovirtuel.com\/information\/wp-json\/wp\/v2\/posts\/23671\/revisions"}],"predecessor-version":[{"id":23677,"href":"https:\/\/congovirtuel.com\/information\/wp-json\/wp\/v2\/posts\/23671\/revisions\/23677"}],"wp:featuredmedia":[{"embeddable":true,"href":"https:\/\/congovirtuel.com\/information\/wp-json\/wp\/v2\/media\/23670"}],"wp:attachment":[{"href":"https:\/\/congovirtuel.com\/information\/wp-json\/wp\/v2\/media?parent=23671"}],"wp:term":[{"taxonomy":"category","embeddable":true,"href":"https:\/\/congovirtuel.com\/information\/wp-json\/wp\/v2\/categories?post=23671"},{"taxonomy":"post_tag","embeddable":true,"href":"https:\/\/congovirtuel.com\/information\/wp-json\/wp\/v2\/tags?post=23671"}],"curies":[{"name":"wp","href":"https:\/\/api.w.org\/{rel}","templated":true}]}}