{"id":2378,"date":"2020-07-21T06:59:15","date_gmt":"2020-07-21T05:59:15","guid":{"rendered":"https:\/\/congovirtuel.com\/information\/?p=2378"},"modified":"2020-07-21T06:59:26","modified_gmt":"2020-07-21T05:59:26","slug":"rdc-18-civils-tues-dans-une-attaque-contre-un-village-du-sud-kivu","status":"publish","type":"post","link":"https:\/\/congovirtuel.com\/information\/rdc-18-civils-tues-dans-une-attaque-contre-un-village-du-sud-kivu\/","title":{"rendered":"RDC : 18 civils tu\u00e9s dans une attaque contre un village du Sud-Kivu","gt_translate_keys":[{"key":"rendered","format":"text"}]},"content":{"rendered":"\n<p class=\"wp-block-paragraph\">Le bilan d\u2019une attaque contre un village du Sud-Kivu dans l\u2019Est de la R\u00e9publique d\u00e9mocratique du Congo, a \u00e9t\u00e9 revu lundi \u00e0 la hausse, et a suscit\u00e9 des appels \u00e0 l\u2019aide de d\u00e9put\u00e9s provinciaux au gouvernement central.<\/p>\n\n\n\n<p class=\"wp-block-paragraph\">Le bilan a \u00e9t\u00e9 \u00ab\u00a0<em>r\u00e9\u00e9valu\u00e9 \u00e0 18 civils tu\u00e9s apr\u00e8s la d\u00e9couverte de nouveaux corps<\/em>\u00ab\u00a0, ont indiqu\u00e9 les chercheurs du Barom\u00e8tre s\u00e9curitaire du Kivu (KST), qui s\u2019appuient sur un r\u00e9seau de sources locales. Un premier bilan faisait \u00e9tat samedi de quatre \u00e0 cinq civils tu\u00e9s, ainsi que huit miliciens.<\/p>\n\n\n\n<h2 class=\"wp-block-heading\">Violences dans les&nbsp;hauts plateaux de Fizi<\/h2>\n\n\n\n<p class=\"wp-block-paragraph\">Les violences ont eu lieu jeudi dans une zone recul\u00e9e des hauts plateaux de Fizi qui surplombent le lac Tanganyika, o\u00f9 un conflit a \u00e9clat\u00e9 il y a plus d\u2019un an.&nbsp;Ce conflit oppose des Congolais tutsis rwandophones (les Banyamulenge) \u00e0 d\u2019autres communaut\u00e9s locales (Babembe, Bafuliro et Banyindu).<\/p>\n\n\n\n<p class=\"wp-block-paragraph\">Une coalition de milices banyamulenge \u00ab\u00a0<em>a attaqu\u00e9 jeudi le village de Kipupu<\/em>\u00ab\u00a0, d\u2019apr\u00e8s des sources locales, qui citent notamment la milice Gumino.<\/p>\n\n\n\n<p class=\"wp-block-paragraph\">\u00ab\u00a0<em>Il est \u00e0 ce jour rapport\u00e9 par les sources locales que plus de 220 personnes ont \u00e9t\u00e9 massacr\u00e9es<\/em>\u00ab\u00a0, ont \u00e9crit pour leur part lundi dans une d\u00e9claration des d\u00e9put\u00e9s provinciaux du Sud-Kivu, un tr\u00e8s lourd bilan parfaitement inv\u00e9rifiable.<\/p>\n\n\n\n<p class=\"wp-block-paragraph\">Jointe par l\u2019AFP, la Mission des Nations unies au Congo (Monusco) affirme n\u2019avoir aucun \u00e9l\u00e9ment sur les violences de jeudi dernier.<\/p>\n\n\n\n<p class=\"wp-block-paragraph\">Les d\u00e9put\u00e9s provinciaux d\u00e9noncent \u00e9galement \u00ab\u00a0<em>des femmes viol\u00e9es, plusieurs maisons incendi\u00e9es et du b\u00e9tail emport\u00e9<\/em>\u00ab\u00a0.&nbsp;Ils d\u00e9noncent encore \u00ab\u00a0<em>les incursions des arm\u00e9es \u00e9trang\u00e8res<\/em>\u00a0\u00bb dans ce conflit aux fronti\u00e8res du Burundi et du Rwanda. D\u2019autres sources locales accusent des rebelles burundais pr\u00e9sents dans la zone de soutenir les milices banyamulenge.<\/p>\n\n\n\n<blockquote class=\"wp-block-quote is-layout-flow wp-block-quote-is-layout-flow\"><p>On ne sait pas qui se bat avec qui<\/p><\/blockquote>\n\n\n\n<p class=\"wp-block-paragraph\">\u00ab\u00a0<em>La situation est complexe. On ne sait pas qui se bat avec qui<\/em>\u00ab\u00a0, r\u00e9sume l\u2019\u00e9v\u00eaque de la ville voisine d\u2019Uvira, S\u00e9bastien Muyengo Mulombe, joint lundi par l\u2019AFP.<\/p>\n\n\n\n<p class=\"wp-block-paragraph\">Dans leur d\u00e9claration, les d\u00e9put\u00e9s de l\u2019Assembl\u00e9e provinciale demandent au gouvernement central de mettre \u00ab\u00a0<em>hors d\u2019\u00e9tat de nuire les auteurs de ce carnage<\/em>\u00a0\u00bb et de renforcer les \u00ab\u00a0<em>effectifs militaires<\/em>\u00a0\u00bb dans le Sud-Kivu.<\/p>\n\n\n\n<p class=\"wp-block-paragraph\">Ces violences trouvent leur origine dans des diff\u00e9rends fonciers li\u00e9s \u00e0 la gestion des p\u00e2turages et des champs. Les Banyamulenge sont plut\u00f4t des \u00e9leveurs et les autres communaut\u00e9s, des cultivateurs.<\/p>\n\n\n\n<p class=\"wp-block-paragraph\"><strong>RTBF<\/strong><\/p>\n","protected":false,"gt_translate_keys":[{"key":"rendered","format":"html"}]},"excerpt":{"rendered":"<p>Le bilan d\u2019une attaque contre un village du Sud-Kivu dans l\u2019Est de la R\u00e9publique d\u00e9mocratique du Congo, a \u00e9t\u00e9 revu lundi \u00e0 la hausse, et a suscit\u00e9 des appels \u00e0 l\u2019aide de d\u00e9put\u00e9s provinciaux au gouvernement central. Le bilan a \u00e9t\u00e9 \u00ab\u00a0r\u00e9\u00e9valu\u00e9 \u00e0 18 civils tu\u00e9s apr\u00e8s la d\u00e9couverte de nouveaux corps\u00ab\u00a0, ont indiqu\u00e9 les chercheurs du Barom\u00e8tre s\u00e9curitaire du Kivu (KST), qui s\u2019appuient sur un r\u00e9seau de sources locales. Un premier bilan faisait \u00e9tat samedi de quatre \u00e0 cinq civils tu\u00e9s, ainsi que huit miliciens. Violences dans les&nbsp;hauts plateaux&hellip;<\/p>\n","protected":false,"gt_translate_keys":[{"key":"rendered","format":"html"}]},"author":1,"featured_media":2379,"comment_status":"open","ping_status":"open","sticky":false,"template":"","format":"standard","meta":{"_crdt_document":"","footnotes":""},"categories":[66],"tags":[1654,1653],"class_list":["post-2378","post","type-post","status-publish","format-standard","has-post-thumbnail","hentry","category-rebellions","tag-civil-tue-a-fizi","tag-civils-tues-sud-kivu"],"gutentor_comment":0,"yoast_head":"<!-- This site is optimized with the Yoast SEO plugin v27.5 - https:\/\/yoast.com\/product\/yoast-seo-wordpress\/ -->\n<title>RDC : 18 civils tu\u00e9s dans une attaque contre un village du Sud-Kivu - Actualit\u00e9s congolaises et internationales<\/title>\n<meta name=\"robots\" content=\"index, follow, max-snippet:-1, max-image-preview:large, max-video-preview:-1\" \/>\n<link rel=\"canonical\" href=\"https:\/\/congovirtuel.com\/information\/rdc-18-civils-tues-dans-une-attaque-contre-un-village-du-sud-kivu\/\" \/>\n<meta property=\"og:locale\" content=\"fr_FR\" \/>\n<meta property=\"og:type\" content=\"article\" \/>\n<meta property=\"og:title\" content=\"RDC : 18 civils tu\u00e9s dans une attaque contre un village du Sud-Kivu - Actualit\u00e9s congolaises et internationales\" \/>\n<meta property=\"og:description\" content=\"Le bilan d\u2019une attaque contre un village du Sud-Kivu dans l\u2019Est de la R\u00e9publique d\u00e9mocratique du Congo, a \u00e9t\u00e9 revu lundi \u00e0 la hausse, et a suscit\u00e9 des appels \u00e0 l\u2019aide de d\u00e9put\u00e9s provinciaux au gouvernement central. Le bilan a \u00e9t\u00e9 \u00ab\u00a0r\u00e9\u00e9valu\u00e9 \u00e0 18 civils tu\u00e9s apr\u00e8s la d\u00e9couverte de nouveaux corps\u00ab\u00a0, ont indiqu\u00e9 les chercheurs du Barom\u00e8tre s\u00e9curitaire du Kivu (KST), qui s\u2019appuient sur un r\u00e9seau de sources locales. Un premier bilan faisait \u00e9tat samedi de quatre \u00e0 cinq civils tu\u00e9s, ainsi que huit miliciens. Violences dans les&nbsp;hauts plateaux&hellip;\" \/>\n<meta property=\"og:url\" content=\"https:\/\/congovirtuel.com\/information\/rdc-18-civils-tues-dans-une-attaque-contre-un-village-du-sud-kivu\/\" \/>\n<meta property=\"og:site_name\" content=\"Actualit\u00e9s congolaises et internationales\" \/>\n<meta property=\"article:publisher\" content=\"https:\/\/web.facebook.com\/Congovirtuel-763617960319601\/?ref=aymt_homepage_panel&amp;amp%3bamp%3bamp%3bamp%3bamp%3bamp%3bamp%3bamp%3bamp%3bamp%3bamp%3beid=ARCoxULa66767kIgF_KYav6VdjXTI4yk_LW4yoVO9s6NXpysgb7Cb65vpxcxgqzOAKvIbLQxaAETcqHT\" \/>\n<meta property=\"article:published_time\" content=\"2020-07-21T05:59:15+00:00\" \/>\n<meta property=\"article:modified_time\" content=\"2020-07-21T05:59:26+00:00\" \/>\n<meta property=\"og:image\" content=\"https:\/\/congovirtuel.com\/information\/wp-content\/uploads\/2020\/07\/village.jpg\" \/>\n\t<meta property=\"og:image:width\" content=\"1248\" \/>\n\t<meta property=\"og:image:height\" content=\"701\" \/>\n\t<meta property=\"og:image:type\" content=\"image\/jpeg\" \/>\n<meta name=\"author\" content=\"infocongovirtuel\" \/>\n<meta name=\"twitter:card\" content=\"summary_large_image\" \/>\n<meta name=\"twitter:creator\" content=\"@congovirtuel\" \/>\n<meta name=\"twitter:site\" content=\"@congovirtuel\" \/>\n<meta name=\"twitter:label1\" content=\"\u00c9crit par\" \/>\n\t<meta name=\"twitter:data1\" content=\"infocongovirtuel\" \/>\n\t<meta name=\"twitter:label2\" content=\"Dur\u00e9e de lecture estim\u00e9e\" \/>\n\t<meta name=\"twitter:data2\" content=\"2 minutes\" \/>\n<script type=\"application\/ld+json\" class=\"yoast-schema-graph\">{\"@context\":\"https:\\\/\\\/schema.org\",\"@graph\":[{\"@type\":\"Article\",\"@id\":\"https:\\\/\\\/congovirtuel.com\\\/information\\\/rdc-18-civils-tues-dans-une-attaque-contre-un-village-du-sud-kivu\\\/#article\",\"isPartOf\":{\"@id\":\"https:\\\/\\\/congovirtuel.com\\\/information\\\/rdc-18-civils-tues-dans-une-attaque-contre-un-village-du-sud-kivu\\\/\"},\"author\":{\"name\":\"infocongovirtuel\",\"@id\":\"https:\\\/\\\/congovirtuel.com\\\/information\\\/#\\\/schema\\\/person\\\/739a44bf7990966cb53d58d2fdeca0b6\"},\"headline\":\"RDC : 18 civils tu\u00e9s dans une attaque contre un village du Sud-Kivu\",\"datePublished\":\"2020-07-21T05:59:15+00:00\",\"dateModified\":\"2020-07-21T05:59:26+00:00\",\"mainEntityOfPage\":{\"@id\":\"https:\\\/\\\/congovirtuel.com\\\/information\\\/rdc-18-civils-tues-dans-une-attaque-contre-un-village-du-sud-kivu\\\/\"},\"wordCount\":436,\"commentCount\":0,\"publisher\":{\"@id\":\"https:\\\/\\\/congovirtuel.com\\\/information\\\/#organization\"},\"image\":{\"@id\":\"https:\\\/\\\/congovirtuel.com\\\/information\\\/rdc-18-civils-tues-dans-une-attaque-contre-un-village-du-sud-kivu\\\/#primaryimage\"},\"thumbnailUrl\":\"https:\\\/\\\/congovirtuel.com\\\/information\\\/wp-content\\\/uploads\\\/2020\\\/07\\\/village.jpg\",\"keywords\":[\"civil tu\u00e9 \u00e0 FIZI\",\"civils tu\u00e9s Sud-Kivu\"],\"articleSection\":[\"Rebellions\"],\"inLanguage\":\"fr-FR\",\"potentialAction\":[{\"@type\":\"CommentAction\",\"name\":\"Comment\",\"target\":[\"https:\\\/\\\/congovirtuel.com\\\/information\\\/rdc-18-civils-tues-dans-une-attaque-contre-un-village-du-sud-kivu\\\/#respond\"]}]},{\"@type\":\"WebPage\",\"@id\":\"https:\\\/\\\/congovirtuel.com\\\/information\\\/rdc-18-civils-tues-dans-une-attaque-contre-un-village-du-sud-kivu\\\/\",\"url\":\"https:\\\/\\\/congovirtuel.com\\\/information\\\/rdc-18-civils-tues-dans-une-attaque-contre-un-village-du-sud-kivu\\\/\",\"name\":\"RDC : 18 civils tu\u00e9s dans une attaque contre un village du Sud-Kivu - Actualit\u00e9s congolaises et internationales\",\"isPartOf\":{\"@id\":\"https:\\\/\\\/congovirtuel.com\\\/information\\\/#website\"},\"primaryImageOfPage\":{\"@id\":\"https:\\\/\\\/congovirtuel.com\\\/information\\\/rdc-18-civils-tues-dans-une-attaque-contre-un-village-du-sud-kivu\\\/#primaryimage\"},\"image\":{\"@id\":\"https:\\\/\\\/congovirtuel.com\\\/information\\\/rdc-18-civils-tues-dans-une-attaque-contre-un-village-du-sud-kivu\\\/#primaryimage\"},\"thumbnailUrl\":\"https:\\\/\\\/congovirtuel.com\\\/information\\\/wp-content\\\/uploads\\\/2020\\\/07\\\/village.jpg\",\"datePublished\":\"2020-07-21T05:59:15+00:00\",\"dateModified\":\"2020-07-21T05:59:26+00:00\",\"breadcrumb\":{\"@id\":\"https:\\\/\\\/congovirtuel.com\\\/information\\\/rdc-18-civils-tues-dans-une-attaque-contre-un-village-du-sud-kivu\\\/#breadcrumb\"},\"inLanguage\":\"fr-FR\",\"potentialAction\":[{\"@type\":\"ReadAction\",\"target\":[\"https:\\\/\\\/congovirtuel.com\\\/information\\\/rdc-18-civils-tues-dans-une-attaque-contre-un-village-du-sud-kivu\\\/\"]}]},{\"@type\":\"ImageObject\",\"inLanguage\":\"fr-FR\",\"@id\":\"https:\\\/\\\/congovirtuel.com\\\/information\\\/rdc-18-civils-tues-dans-une-attaque-contre-un-village-du-sud-kivu\\\/#primaryimage\",\"url\":\"https:\\\/\\\/congovirtuel.com\\\/information\\\/wp-content\\\/uploads\\\/2020\\\/07\\\/village.jpg\",\"contentUrl\":\"https:\\\/\\\/congovirtuel.com\\\/information\\\/wp-content\\\/uploads\\\/2020\\\/07\\\/village.jpg\",\"width\":1248,\"height\":701},{\"@type\":\"BreadcrumbList\",\"@id\":\"https:\\\/\\\/congovirtuel.com\\\/information\\\/rdc-18-civils-tues-dans-une-attaque-contre-un-village-du-sud-kivu\\\/#breadcrumb\",\"itemListElement\":[{\"@type\":\"ListItem\",\"position\":1,\"name\":\"Accueil\",\"item\":\"https:\\\/\\\/congovirtuel.com\\\/information\\\/\"},{\"@type\":\"ListItem\",\"position\":2,\"name\":\"RDC : 18 civils tu\u00e9s dans une attaque contre un village du Sud-Kivu\"}]},{\"@type\":\"WebSite\",\"@id\":\"https:\\\/\\\/congovirtuel.com\\\/information\\\/#website\",\"url\":\"https:\\\/\\\/congovirtuel.com\\\/information\\\/\",\"name\":\"Actualit\u00e9s congolaises et internationales\",\"description\":\"site d&#039;analyse et de traitement d&#039;information\",\"publisher\":{\"@id\":\"https:\\\/\\\/congovirtuel.com\\\/information\\\/#organization\"},\"potentialAction\":[{\"@type\":\"SearchAction\",\"target\":{\"@type\":\"EntryPoint\",\"urlTemplate\":\"https:\\\/\\\/congovirtuel.com\\\/information\\\/?s={search_term_string}\"},\"query-input\":{\"@type\":\"PropertyValueSpecification\",\"valueRequired\":true,\"valueName\":\"search_term_string\"}}],\"inLanguage\":\"fr-FR\"},{\"@type\":\"Organization\",\"@id\":\"https:\\\/\\\/congovirtuel.com\\\/information\\\/#organization\",\"name\":\"Biblioth\u00e8que Virtuelle de la RDC\",\"url\":\"https:\\\/\\\/congovirtuel.com\\\/information\\\/\",\"logo\":{\"@type\":\"ImageObject\",\"inLanguage\":\"fr-FR\",\"@id\":\"https:\\\/\\\/congovirtuel.com\\\/information\\\/#\\\/schema\\\/logo\\\/image\\\/\",\"url\":\"https:\\\/\\\/congovirtuel.com\\\/information\\\/wp-content\\\/uploads\\\/2018\\\/10\\\/header-info-congovirtuel-vraie.jpg\",\"contentUrl\":\"https:\\\/\\\/congovirtuel.com\\\/information\\\/wp-content\\\/uploads\\\/2018\\\/10\\\/header-info-congovirtuel-vraie.jpg\",\"width\":728,\"height\":90,\"caption\":\"Biblioth\u00e8que Virtuelle de la RDC\"},\"image\":{\"@id\":\"https:\\\/\\\/congovirtuel.com\\\/information\\\/#\\\/schema\\\/logo\\\/image\\\/\"},\"sameAs\":[\"https:\\\/\\\/web.facebook.com\\\/Congovirtuel-763617960319601\\\/?ref=aymt_homepage_panel&amp;amp;amp;amp;amp;amp;amp;amp;amp;amp;amp;eid=ARCoxULa66767kIgF_KYav6VdjXTI4yk_LW4yoVO9s6NXpysgb7Cb65vpxcxgqzOAKvIbLQxaAETcqHT\",\"https:\\\/\\\/x.com\\\/congovirtuel\",\"https:\\\/\\\/www.youtube.com\\\/channel\\\/UCkFfprYzGgS3EWNpeMXpToQ?view_as=subscriber\"]},{\"@type\":\"Person\",\"@id\":\"https:\\\/\\\/congovirtuel.com\\\/information\\\/#\\\/schema\\\/person\\\/739a44bf7990966cb53d58d2fdeca0b6\",\"name\":\"infocongovirtuel\",\"image\":{\"@type\":\"ImageObject\",\"inLanguage\":\"fr-FR\",\"@id\":\"https:\\\/\\\/secure.gravatar.com\\\/avatar\\\/4d76991aa72469f0eb22e772586c99113c6997f88da636a9db8f2ce3a2c05e69?s=96&d=mm&r=g\",\"url\":\"https:\\\/\\\/secure.gravatar.com\\\/avatar\\\/4d76991aa72469f0eb22e772586c99113c6997f88da636a9db8f2ce3a2c05e69?s=96&d=mm&r=g\",\"contentUrl\":\"https:\\\/\\\/secure.gravatar.com\\\/avatar\\\/4d76991aa72469f0eb22e772586c99113c6997f88da636a9db8f2ce3a2c05e69?s=96&d=mm&r=g\",\"caption\":\"infocongovirtuel\"},\"url\":\"https:\\\/\\\/congovirtuel.com\\\/information\\\/author\\\/infocongovirtuel\\\/\"}]}<\/script>\n<!-- \/ Yoast SEO plugin. -->","yoast_head_json":{"title":"RDC : 18 civils tu\u00e9s dans une attaque contre un village du Sud-Kivu - Actualit\u00e9s congolaises et internationales","robots":{"index":"index","follow":"follow","max-snippet":"max-snippet:-1","max-image-preview":"max-image-preview:large","max-video-preview":"max-video-preview:-1"},"canonical":"https:\/\/congovirtuel.com\/information\/rdc-18-civils-tues-dans-une-attaque-contre-un-village-du-sud-kivu\/","og_locale":"fr_FR","og_type":"article","og_title":"RDC : 18 civils tu\u00e9s dans une attaque contre un village du Sud-Kivu - Actualit\u00e9s congolaises et internationales","og_description":"Le bilan d\u2019une attaque contre un village du Sud-Kivu dans l\u2019Est de la R\u00e9publique d\u00e9mocratique du Congo, a \u00e9t\u00e9 revu lundi \u00e0 la hausse, et a suscit\u00e9 des appels \u00e0 l\u2019aide de d\u00e9put\u00e9s provinciaux au gouvernement central. Le bilan a \u00e9t\u00e9 \u00ab\u00a0r\u00e9\u00e9valu\u00e9 \u00e0 18 civils tu\u00e9s apr\u00e8s la d\u00e9couverte de nouveaux corps\u00ab\u00a0, ont indiqu\u00e9 les chercheurs du Barom\u00e8tre s\u00e9curitaire du Kivu (KST), qui s\u2019appuient sur un r\u00e9seau de sources locales. Un premier bilan faisait \u00e9tat samedi de quatre \u00e0 cinq civils tu\u00e9s, ainsi que huit miliciens. Violences dans les&nbsp;hauts plateaux&hellip;","og_url":"https:\/\/congovirtuel.com\/information\/rdc-18-civils-tues-dans-une-attaque-contre-un-village-du-sud-kivu\/","og_site_name":"Actualit\u00e9s congolaises et internationales","article_publisher":"https:\/\/web.facebook.com\/Congovirtuel-763617960319601\/?ref=aymt_homepage_panel&amp%3bamp%3bamp%3bamp%3bamp%3bamp%3bamp%3bamp%3bamp%3bamp%3bamp%3beid=ARCoxULa66767kIgF_KYav6VdjXTI4yk_LW4yoVO9s6NXpysgb7Cb65vpxcxgqzOAKvIbLQxaAETcqHT","article_published_time":"2020-07-21T05:59:15+00:00","article_modified_time":"2020-07-21T05:59:26+00:00","og_image":[{"width":1248,"height":701,"url":"https:\/\/congovirtuel.com\/information\/wp-content\/uploads\/2020\/07\/village.jpg","type":"image\/jpeg"}],"author":"infocongovirtuel","twitter_card":"summary_large_image","twitter_creator":"@congovirtuel","twitter_site":"@congovirtuel","twitter_misc":{"\u00c9crit par":"infocongovirtuel","Dur\u00e9e de lecture estim\u00e9e":"2 minutes"},"schema":{"@context":"https:\/\/schema.org","@graph":[{"@type":"Article","@id":"https:\/\/congovirtuel.com\/information\/rdc-18-civils-tues-dans-une-attaque-contre-un-village-du-sud-kivu\/#article","isPartOf":{"@id":"https:\/\/congovirtuel.com\/information\/rdc-18-civils-tues-dans-une-attaque-contre-un-village-du-sud-kivu\/"},"author":{"name":"infocongovirtuel","@id":"https:\/\/congovirtuel.com\/information\/#\/schema\/person\/739a44bf7990966cb53d58d2fdeca0b6"},"headline":"RDC : 18 civils tu\u00e9s dans une attaque contre un village du Sud-Kivu","datePublished":"2020-07-21T05:59:15+00:00","dateModified":"2020-07-21T05:59:26+00:00","mainEntityOfPage":{"@id":"https:\/\/congovirtuel.com\/information\/rdc-18-civils-tues-dans-une-attaque-contre-un-village-du-sud-kivu\/"},"wordCount":436,"commentCount":0,"publisher":{"@id":"https:\/\/congovirtuel.com\/information\/#organization"},"image":{"@id":"https:\/\/congovirtuel.com\/information\/rdc-18-civils-tues-dans-une-attaque-contre-un-village-du-sud-kivu\/#primaryimage"},"thumbnailUrl":"https:\/\/congovirtuel.com\/information\/wp-content\/uploads\/2020\/07\/village.jpg","keywords":["civil tu\u00e9 \u00e0 FIZI","civils tu\u00e9s Sud-Kivu"],"articleSection":["Rebellions"],"inLanguage":"fr-FR","potentialAction":[{"@type":"CommentAction","name":"Comment","target":["https:\/\/congovirtuel.com\/information\/rdc-18-civils-tues-dans-une-attaque-contre-un-village-du-sud-kivu\/#respond"]}]},{"@type":"WebPage","@id":"https:\/\/congovirtuel.com\/information\/rdc-18-civils-tues-dans-une-attaque-contre-un-village-du-sud-kivu\/","url":"https:\/\/congovirtuel.com\/information\/rdc-18-civils-tues-dans-une-attaque-contre-un-village-du-sud-kivu\/","name":"RDC : 18 civils tu\u00e9s dans une attaque contre un village du Sud-Kivu - Actualit\u00e9s congolaises et internationales","isPartOf":{"@id":"https:\/\/congovirtuel.com\/information\/#website"},"primaryImageOfPage":{"@id":"https:\/\/congovirtuel.com\/information\/rdc-18-civils-tues-dans-une-attaque-contre-un-village-du-sud-kivu\/#primaryimage"},"image":{"@id":"https:\/\/congovirtuel.com\/information\/rdc-18-civils-tues-dans-une-attaque-contre-un-village-du-sud-kivu\/#primaryimage"},"thumbnailUrl":"https:\/\/congovirtuel.com\/information\/wp-content\/uploads\/2020\/07\/village.jpg","datePublished":"2020-07-21T05:59:15+00:00","dateModified":"2020-07-21T05:59:26+00:00","breadcrumb":{"@id":"https:\/\/congovirtuel.com\/information\/rdc-18-civils-tues-dans-une-attaque-contre-un-village-du-sud-kivu\/#breadcrumb"},"inLanguage":"fr-FR","potentialAction":[{"@type":"ReadAction","target":["https:\/\/congovirtuel.com\/information\/rdc-18-civils-tues-dans-une-attaque-contre-un-village-du-sud-kivu\/"]}]},{"@type":"ImageObject","inLanguage":"fr-FR","@id":"https:\/\/congovirtuel.com\/information\/rdc-18-civils-tues-dans-une-attaque-contre-un-village-du-sud-kivu\/#primaryimage","url":"https:\/\/congovirtuel.com\/information\/wp-content\/uploads\/2020\/07\/village.jpg","contentUrl":"https:\/\/congovirtuel.com\/information\/wp-content\/uploads\/2020\/07\/village.jpg","width":1248,"height":701},{"@type":"BreadcrumbList","@id":"https:\/\/congovirtuel.com\/information\/rdc-18-civils-tues-dans-une-attaque-contre-un-village-du-sud-kivu\/#breadcrumb","itemListElement":[{"@type":"ListItem","position":1,"name":"Accueil","item":"https:\/\/congovirtuel.com\/information\/"},{"@type":"ListItem","position":2,"name":"RDC : 18 civils tu\u00e9s dans une attaque contre un village du Sud-Kivu"}]},{"@type":"WebSite","@id":"https:\/\/congovirtuel.com\/information\/#website","url":"https:\/\/congovirtuel.com\/information\/","name":"Actualit\u00e9s congolaises et internationales","description":"site d&#039;analyse et de traitement d&#039;information","publisher":{"@id":"https:\/\/congovirtuel.com\/information\/#organization"},"potentialAction":[{"@type":"SearchAction","target":{"@type":"EntryPoint","urlTemplate":"https:\/\/congovirtuel.com\/information\/?s={search_term_string}"},"query-input":{"@type":"PropertyValueSpecification","valueRequired":true,"valueName":"search_term_string"}}],"inLanguage":"fr-FR"},{"@type":"Organization","@id":"https:\/\/congovirtuel.com\/information\/#organization","name":"Biblioth\u00e8que Virtuelle de la RDC","url":"https:\/\/congovirtuel.com\/information\/","logo":{"@type":"ImageObject","inLanguage":"fr-FR","@id":"https:\/\/congovirtuel.com\/information\/#\/schema\/logo\/image\/","url":"https:\/\/congovirtuel.com\/information\/wp-content\/uploads\/2018\/10\/header-info-congovirtuel-vraie.jpg","contentUrl":"https:\/\/congovirtuel.com\/information\/wp-content\/uploads\/2018\/10\/header-info-congovirtuel-vraie.jpg","width":728,"height":90,"caption":"Biblioth\u00e8que Virtuelle de la RDC"},"image":{"@id":"https:\/\/congovirtuel.com\/information\/#\/schema\/logo\/image\/"},"sameAs":["https:\/\/web.facebook.com\/Congovirtuel-763617960319601\/?ref=aymt_homepage_panel&amp;amp;amp;amp;amp;amp;amp;amp;amp;amp;amp;eid=ARCoxULa66767kIgF_KYav6VdjXTI4yk_LW4yoVO9s6NXpysgb7Cb65vpxcxgqzOAKvIbLQxaAETcqHT","https:\/\/x.com\/congovirtuel","https:\/\/www.youtube.com\/channel\/UCkFfprYzGgS3EWNpeMXpToQ?view_as=subscriber"]},{"@type":"Person","@id":"https:\/\/congovirtuel.com\/information\/#\/schema\/person\/739a44bf7990966cb53d58d2fdeca0b6","name":"infocongovirtuel","image":{"@type":"ImageObject","inLanguage":"fr-FR","@id":"https:\/\/secure.gravatar.com\/avatar\/4d76991aa72469f0eb22e772586c99113c6997f88da636a9db8f2ce3a2c05e69?s=96&d=mm&r=g","url":"https:\/\/secure.gravatar.com\/avatar\/4d76991aa72469f0eb22e772586c99113c6997f88da636a9db8f2ce3a2c05e69?s=96&d=mm&r=g","contentUrl":"https:\/\/secure.gravatar.com\/avatar\/4d76991aa72469f0eb22e772586c99113c6997f88da636a9db8f2ce3a2c05e69?s=96&d=mm&r=g","caption":"infocongovirtuel"},"url":"https:\/\/congovirtuel.com\/information\/author\/infocongovirtuel\/"}]}},"gt_translate_keys":[{"key":"link","format":"url"}],"_links":{"self":[{"href":"https:\/\/congovirtuel.com\/information\/wp-json\/wp\/v2\/posts\/2378","targetHints":{"allow":["GET"]}}],"collection":[{"href":"https:\/\/congovirtuel.com\/information\/wp-json\/wp\/v2\/posts"}],"about":[{"href":"https:\/\/congovirtuel.com\/information\/wp-json\/wp\/v2\/types\/post"}],"author":[{"embeddable":true,"href":"https:\/\/congovirtuel.com\/information\/wp-json\/wp\/v2\/users\/1"}],"replies":[{"embeddable":true,"href":"https:\/\/congovirtuel.com\/information\/wp-json\/wp\/v2\/comments?post=2378"}],"version-history":[{"count":1,"href":"https:\/\/congovirtuel.com\/information\/wp-json\/wp\/v2\/posts\/2378\/revisions"}],"predecessor-version":[{"id":2380,"href":"https:\/\/congovirtuel.com\/information\/wp-json\/wp\/v2\/posts\/2378\/revisions\/2380"}],"wp:featuredmedia":[{"embeddable":true,"href":"https:\/\/congovirtuel.com\/information\/wp-json\/wp\/v2\/media\/2379"}],"wp:attachment":[{"href":"https:\/\/congovirtuel.com\/information\/wp-json\/wp\/v2\/media?parent=2378"}],"wp:term":[{"taxonomy":"category","embeddable":true,"href":"https:\/\/congovirtuel.com\/information\/wp-json\/wp\/v2\/categories?post=2378"},{"taxonomy":"post_tag","embeddable":true,"href":"https:\/\/congovirtuel.com\/information\/wp-json\/wp\/v2\/tags?post=2378"}],"curies":[{"name":"wp","href":"https:\/\/api.w.org\/{rel}","templated":true}]}}