{"id":2476,"date":"2020-07-26T07:04:26","date_gmt":"2020-07-26T06:04:26","guid":{"rendered":"https:\/\/congovirtuel.com\/information\/?p=2476"},"modified":"2020-07-26T07:08:21","modified_gmt":"2020-07-26T06:08:21","slug":"incendie-cathedrale-de-nantes-suspecter-un-rwandais-aux-arrets","status":"publish","type":"post","link":"https:\/\/congovirtuel.com\/information\/incendie-cathedrale-de-nantes-suspecter-un-rwandais-aux-arrets\/","title":{"rendered":"Incendie cath\u00e9drale de Nantes: le suspect, un rwandais en garde \u00e0 vue!","gt_translate_keys":[{"key":"rendered","format":"text"}]},"content":{"rendered":"\n<p class=\"wp-block-paragraph\">L\u2019homme interpell\u00e9 apr\u00e8s l\u2019incendie dans la cath\u00e9drale de Nantes le 18 juillet a \u00e9t\u00e9 de nouveau plac\u00e9 en garde \u00e0 vue puis pr\u00e9sent\u00e9 samedi au parquet qui a requis son placement en d\u00e9tention et la piste criminelle est d\u00e9sormais privil\u00e9gi\u00e9e, a annonc\u00e9 le procureur de la R\u00e9publique de cette ville de l\u2019ouest de la France Pierre Senn\u00e8s.<\/p>\n\n\n\n<p class=\"wp-block-paragraph\">\u00ab\u00a0Les premiers r\u00e9sultats communiqu\u00e9s par le laboratoire central de la Pr\u00e9fecture de police de Paris am\u00e8nent \u00e0 privil\u00e9gier la piste criminelle\u00a0\u00bb, a pr\u00e9cis\u00e9 le procureur.<\/p>\n\n\n\n<p class=\"wp-block-paragraph\">L\u2019homme \u00e2g\u00e9 de 39 ans, un ressortissant rwandais b\u00e9n\u00e9vole du dioc\u00e8se, avait \u00e9t\u00e9 interpell\u00e9 dans la foul\u00e9e de l\u2019incendie et remis en libert\u00e9 le lendemain sans poursuites, dans le cadre de l\u2019enqu\u00eate ouverte pour \u00ab&nbsp;incendie volontaire&nbsp;\u00bb par le parquet.<\/p>\n\n\n\n<p class=\"wp-block-paragraph\">Le b\u00e9n\u00e9vole, qui intervient pendant les messes en tant que servant d\u2019autel, est \u00ab&nbsp;venu se r\u00e9fugier en France il y a quelques ann\u00e9es&nbsp;\u00bb, avait alors expliqu\u00e9 \u00e0 l\u2019AFP le recteur de la cath\u00e9drale de Nantes, le p\u00e8re Hubert Champenois.<\/p>\n\n\n\n<p class=\"wp-block-paragraph\">L\u2019origine du sinistre reste une \u00e9nigme&nbsp;: aucune trace d\u2019effraction au niveau des acc\u00e8s ext\u00e9rieurs n\u2019a \u00e9t\u00e9 constat\u00e9e et trois points de feu distincts ont \u00e9t\u00e9 rep\u00e9r\u00e9s \u00e0 l\u2019int\u00e9rieur de la cath\u00e9drale.<\/p>\n\n\n\n<p class=\"wp-block-paragraph\">L\u2019incendie, survenu un peu plus d\u2019un an apr\u00e8s le traumatisme de celui \u00e0 Notre-Dame de Paris, a principalement touch\u00e9 le grand orgue de cette cath\u00e9drale gothique, dont l\u2019\u00e9dification s\u2019est \u00e9tendue du XVe au XIXe si\u00e8cles.<\/p>\n\n\n\n<p class=\"wp-block-paragraph\"><strong>Lesoir.be, titrage congovirtuel<\/strong><\/p>\n","protected":false,"gt_translate_keys":[{"key":"rendered","format":"html"}]},"excerpt":{"rendered":"<p>L\u2019homme interpell\u00e9 apr\u00e8s l\u2019incendie dans la cath\u00e9drale de Nantes le 18 juillet a \u00e9t\u00e9 de nouveau plac\u00e9 en garde \u00e0 vue puis pr\u00e9sent\u00e9 samedi au parquet qui a requis son placement en d\u00e9tention et la piste criminelle est d\u00e9sormais privil\u00e9gi\u00e9e, a annonc\u00e9 le procureur de la R\u00e9publique de cette ville de l\u2019ouest de la France Pierre Senn\u00e8s. \u00ab\u00a0Les premiers r\u00e9sultats communiqu\u00e9s par le laboratoire central de la Pr\u00e9fecture de police de Paris am\u00e8nent \u00e0 privil\u00e9gier la piste criminelle\u00a0\u00bb, a pr\u00e9cis\u00e9 le procureur. L\u2019homme \u00e2g\u00e9 de 39 ans, un ressortissant rwandais&hellip;<\/p>\n","protected":false,"gt_translate_keys":[{"key":"rendered","format":"html"}]},"author":1,"featured_media":2477,"comment_status":"open","ping_status":"open","sticky":false,"template":"","format":"standard","meta":{"_crdt_document":"","footnotes":""},"categories":[1762],"tags":[1763,1764],"class_list":["post-2476","post","type-post","status-publish","format-standard","has-post-thumbnail","hentry","category-france","tag-incendie-cathedrale-nantes","tag-servant-rwandais-suspect-incendie-nantes"],"gutentor_comment":0,"yoast_head":"<!-- This site is optimized with the Yoast SEO plugin v27.5 - https:\/\/yoast.com\/product\/yoast-seo-wordpress\/ -->\n<title>Incendie cath\u00e9drale de Nantes: le suspect, un rwandais en garde \u00e0 vue! - Actualit\u00e9s congolaises et internationales<\/title>\n<meta name=\"robots\" content=\"index, follow, max-snippet:-1, max-image-preview:large, max-video-preview:-1\" \/>\n<link rel=\"canonical\" href=\"https:\/\/congovirtuel.com\/information\/incendie-cathedrale-de-nantes-suspecter-un-rwandais-aux-arrets\/\" \/>\n<meta property=\"og:locale\" content=\"fr_FR\" \/>\n<meta property=\"og:type\" content=\"article\" \/>\n<meta property=\"og:title\" content=\"Incendie cath\u00e9drale de Nantes: le suspect, un rwandais en garde \u00e0 vue! - Actualit\u00e9s congolaises et internationales\" \/>\n<meta property=\"og:description\" content=\"L\u2019homme interpell\u00e9 apr\u00e8s l\u2019incendie dans la cath\u00e9drale de Nantes le 18 juillet a \u00e9t\u00e9 de nouveau plac\u00e9 en garde \u00e0 vue puis pr\u00e9sent\u00e9 samedi au parquet qui a requis son placement en d\u00e9tention et la piste criminelle est d\u00e9sormais privil\u00e9gi\u00e9e, a annonc\u00e9 le procureur de la R\u00e9publique de cette ville de l\u2019ouest de la France Pierre Senn\u00e8s. \u00ab\u00a0Les premiers r\u00e9sultats communiqu\u00e9s par le laboratoire central de la Pr\u00e9fecture de police de Paris am\u00e8nent \u00e0 privil\u00e9gier la piste criminelle\u00a0\u00bb, a pr\u00e9cis\u00e9 le procureur. L\u2019homme \u00e2g\u00e9 de 39 ans, un ressortissant rwandais&hellip;\" \/>\n<meta property=\"og:url\" content=\"https:\/\/congovirtuel.com\/information\/incendie-cathedrale-de-nantes-suspecter-un-rwandais-aux-arrets\/\" \/>\n<meta property=\"og:site_name\" content=\"Actualit\u00e9s congolaises et internationales\" \/>\n<meta property=\"article:publisher\" content=\"https:\/\/web.facebook.com\/Congovirtuel-763617960319601\/?ref=aymt_homepage_panel&amp;amp%3bamp%3bamp%3bamp%3bamp%3bamp%3bamp%3bamp%3bamp%3bamp%3bamp%3beid=ARCoxULa66767kIgF_KYav6VdjXTI4yk_LW4yoVO9s6NXpysgb7Cb65vpxcxgqzOAKvIbLQxaAETcqHT\" \/>\n<meta property=\"article:published_time\" content=\"2020-07-26T06:04:26+00:00\" \/>\n<meta property=\"article:modified_time\" content=\"2020-07-26T06:08:21+00:00\" \/>\n<meta property=\"og:image\" content=\"https:\/\/congovirtuel.com\/information\/wp-content\/uploads\/2020\/07\/cathedrale_nante.jpg\" \/>\n\t<meta property=\"og:image:width\" content=\"1194\" \/>\n\t<meta property=\"og:image:height\" content=\"669\" \/>\n\t<meta property=\"og:image:type\" content=\"image\/jpeg\" \/>\n<meta name=\"author\" content=\"infocongovirtuel\" \/>\n<meta name=\"twitter:card\" content=\"summary_large_image\" \/>\n<meta name=\"twitter:creator\" content=\"@congovirtuel\" \/>\n<meta name=\"twitter:site\" content=\"@congovirtuel\" \/>\n<meta name=\"twitter:label1\" content=\"\u00c9crit par\" \/>\n\t<meta name=\"twitter:data1\" content=\"infocongovirtuel\" \/>\n\t<meta name=\"twitter:label2\" content=\"Dur\u00e9e de lecture estim\u00e9e\" \/>\n\t<meta name=\"twitter:data2\" content=\"1 minute\" \/>\n<script type=\"application\/ld+json\" class=\"yoast-schema-graph\">{\"@context\":\"https:\\\/\\\/schema.org\",\"@graph\":[{\"@type\":\"Article\",\"@id\":\"https:\\\/\\\/congovirtuel.com\\\/information\\\/incendie-cathedrale-de-nantes-suspecter-un-rwandais-aux-arrets\\\/#article\",\"isPartOf\":{\"@id\":\"https:\\\/\\\/congovirtuel.com\\\/information\\\/incendie-cathedrale-de-nantes-suspecter-un-rwandais-aux-arrets\\\/\"},\"author\":{\"name\":\"infocongovirtuel\",\"@id\":\"https:\\\/\\\/congovirtuel.com\\\/information\\\/#\\\/schema\\\/person\\\/739a44bf7990966cb53d58d2fdeca0b6\"},\"headline\":\"Incendie cath\u00e9drale de Nantes: le suspect, un rwandais en garde \u00e0 vue!\",\"datePublished\":\"2020-07-26T06:04:26+00:00\",\"dateModified\":\"2020-07-26T06:08:21+00:00\",\"mainEntityOfPage\":{\"@id\":\"https:\\\/\\\/congovirtuel.com\\\/information\\\/incendie-cathedrale-de-nantes-suspecter-un-rwandais-aux-arrets\\\/\"},\"wordCount\":292,\"commentCount\":0,\"publisher\":{\"@id\":\"https:\\\/\\\/congovirtuel.com\\\/information\\\/#organization\"},\"image\":{\"@id\":\"https:\\\/\\\/congovirtuel.com\\\/information\\\/incendie-cathedrale-de-nantes-suspecter-un-rwandais-aux-arrets\\\/#primaryimage\"},\"thumbnailUrl\":\"https:\\\/\\\/congovirtuel.com\\\/information\\\/wp-content\\\/uploads\\\/2020\\\/07\\\/cathedrale_nante.jpg\",\"keywords\":[\"Incendie cath\u00e9drale Nantes\",\"servant rwandais suspect incendie Nantes\"],\"articleSection\":[\"France\"],\"inLanguage\":\"fr-FR\",\"potentialAction\":[{\"@type\":\"CommentAction\",\"name\":\"Comment\",\"target\":[\"https:\\\/\\\/congovirtuel.com\\\/information\\\/incendie-cathedrale-de-nantes-suspecter-un-rwandais-aux-arrets\\\/#respond\"]}]},{\"@type\":\"WebPage\",\"@id\":\"https:\\\/\\\/congovirtuel.com\\\/information\\\/incendie-cathedrale-de-nantes-suspecter-un-rwandais-aux-arrets\\\/\",\"url\":\"https:\\\/\\\/congovirtuel.com\\\/information\\\/incendie-cathedrale-de-nantes-suspecter-un-rwandais-aux-arrets\\\/\",\"name\":\"Incendie cath\u00e9drale de Nantes: le suspect, un rwandais en garde \u00e0 vue! - Actualit\u00e9s congolaises et internationales\",\"isPartOf\":{\"@id\":\"https:\\\/\\\/congovirtuel.com\\\/information\\\/#website\"},\"primaryImageOfPage\":{\"@id\":\"https:\\\/\\\/congovirtuel.com\\\/information\\\/incendie-cathedrale-de-nantes-suspecter-un-rwandais-aux-arrets\\\/#primaryimage\"},\"image\":{\"@id\":\"https:\\\/\\\/congovirtuel.com\\\/information\\\/incendie-cathedrale-de-nantes-suspecter-un-rwandais-aux-arrets\\\/#primaryimage\"},\"thumbnailUrl\":\"https:\\\/\\\/congovirtuel.com\\\/information\\\/wp-content\\\/uploads\\\/2020\\\/07\\\/cathedrale_nante.jpg\",\"datePublished\":\"2020-07-26T06:04:26+00:00\",\"dateModified\":\"2020-07-26T06:08:21+00:00\",\"breadcrumb\":{\"@id\":\"https:\\\/\\\/congovirtuel.com\\\/information\\\/incendie-cathedrale-de-nantes-suspecter-un-rwandais-aux-arrets\\\/#breadcrumb\"},\"inLanguage\":\"fr-FR\",\"potentialAction\":[{\"@type\":\"ReadAction\",\"target\":[\"https:\\\/\\\/congovirtuel.com\\\/information\\\/incendie-cathedrale-de-nantes-suspecter-un-rwandais-aux-arrets\\\/\"]}]},{\"@type\":\"ImageObject\",\"inLanguage\":\"fr-FR\",\"@id\":\"https:\\\/\\\/congovirtuel.com\\\/information\\\/incendie-cathedrale-de-nantes-suspecter-un-rwandais-aux-arrets\\\/#primaryimage\",\"url\":\"https:\\\/\\\/congovirtuel.com\\\/information\\\/wp-content\\\/uploads\\\/2020\\\/07\\\/cathedrale_nante.jpg\",\"contentUrl\":\"https:\\\/\\\/congovirtuel.com\\\/information\\\/wp-content\\\/uploads\\\/2020\\\/07\\\/cathedrale_nante.jpg\",\"width\":1194,\"height\":669,\"caption\":\"cath\u00e9drale de Nantes\"},{\"@type\":\"BreadcrumbList\",\"@id\":\"https:\\\/\\\/congovirtuel.com\\\/information\\\/incendie-cathedrale-de-nantes-suspecter-un-rwandais-aux-arrets\\\/#breadcrumb\",\"itemListElement\":[{\"@type\":\"ListItem\",\"position\":1,\"name\":\"Accueil\",\"item\":\"https:\\\/\\\/congovirtuel.com\\\/information\\\/\"},{\"@type\":\"ListItem\",\"position\":2,\"name\":\"Incendie cath\u00e9drale de Nantes: le suspect, un rwandais en garde \u00e0 vue!\"}]},{\"@type\":\"WebSite\",\"@id\":\"https:\\\/\\\/congovirtuel.com\\\/information\\\/#website\",\"url\":\"https:\\\/\\\/congovirtuel.com\\\/information\\\/\",\"name\":\"Actualit\u00e9s congolaises et internationales\",\"description\":\"site d&#039;analyse et de traitement d&#039;information\",\"publisher\":{\"@id\":\"https:\\\/\\\/congovirtuel.com\\\/information\\\/#organization\"},\"potentialAction\":[{\"@type\":\"SearchAction\",\"target\":{\"@type\":\"EntryPoint\",\"urlTemplate\":\"https:\\\/\\\/congovirtuel.com\\\/information\\\/?s={search_term_string}\"},\"query-input\":{\"@type\":\"PropertyValueSpecification\",\"valueRequired\":true,\"valueName\":\"search_term_string\"}}],\"inLanguage\":\"fr-FR\"},{\"@type\":\"Organization\",\"@id\":\"https:\\\/\\\/congovirtuel.com\\\/information\\\/#organization\",\"name\":\"Biblioth\u00e8que Virtuelle de la RDC\",\"url\":\"https:\\\/\\\/congovirtuel.com\\\/information\\\/\",\"logo\":{\"@type\":\"ImageObject\",\"inLanguage\":\"fr-FR\",\"@id\":\"https:\\\/\\\/congovirtuel.com\\\/information\\\/#\\\/schema\\\/logo\\\/image\\\/\",\"url\":\"https:\\\/\\\/congovirtuel.com\\\/information\\\/wp-content\\\/uploads\\\/2018\\\/10\\\/header-info-congovirtuel-vraie.jpg\",\"contentUrl\":\"https:\\\/\\\/congovirtuel.com\\\/information\\\/wp-content\\\/uploads\\\/2018\\\/10\\\/header-info-congovirtuel-vraie.jpg\",\"width\":728,\"height\":90,\"caption\":\"Biblioth\u00e8que Virtuelle de la RDC\"},\"image\":{\"@id\":\"https:\\\/\\\/congovirtuel.com\\\/information\\\/#\\\/schema\\\/logo\\\/image\\\/\"},\"sameAs\":[\"https:\\\/\\\/web.facebook.com\\\/Congovirtuel-763617960319601\\\/?ref=aymt_homepage_panel&amp;amp;amp;amp;amp;amp;amp;amp;amp;amp;amp;eid=ARCoxULa66767kIgF_KYav6VdjXTI4yk_LW4yoVO9s6NXpysgb7Cb65vpxcxgqzOAKvIbLQxaAETcqHT\",\"https:\\\/\\\/x.com\\\/congovirtuel\",\"https:\\\/\\\/www.youtube.com\\\/channel\\\/UCkFfprYzGgS3EWNpeMXpToQ?view_as=subscriber\"]},{\"@type\":\"Person\",\"@id\":\"https:\\\/\\\/congovirtuel.com\\\/information\\\/#\\\/schema\\\/person\\\/739a44bf7990966cb53d58d2fdeca0b6\",\"name\":\"infocongovirtuel\",\"image\":{\"@type\":\"ImageObject\",\"inLanguage\":\"fr-FR\",\"@id\":\"https:\\\/\\\/secure.gravatar.com\\\/avatar\\\/4d76991aa72469f0eb22e772586c99113c6997f88da636a9db8f2ce3a2c05e69?s=96&d=mm&r=g\",\"url\":\"https:\\\/\\\/secure.gravatar.com\\\/avatar\\\/4d76991aa72469f0eb22e772586c99113c6997f88da636a9db8f2ce3a2c05e69?s=96&d=mm&r=g\",\"contentUrl\":\"https:\\\/\\\/secure.gravatar.com\\\/avatar\\\/4d76991aa72469f0eb22e772586c99113c6997f88da636a9db8f2ce3a2c05e69?s=96&d=mm&r=g\",\"caption\":\"infocongovirtuel\"},\"url\":\"https:\\\/\\\/congovirtuel.com\\\/information\\\/author\\\/infocongovirtuel\\\/\"}]}<\/script>\n<!-- \/ Yoast SEO plugin. -->","yoast_head_json":{"title":"Incendie cath\u00e9drale de Nantes: le suspect, un rwandais en garde \u00e0 vue! - Actualit\u00e9s congolaises et internationales","robots":{"index":"index","follow":"follow","max-snippet":"max-snippet:-1","max-image-preview":"max-image-preview:large","max-video-preview":"max-video-preview:-1"},"canonical":"https:\/\/congovirtuel.com\/information\/incendie-cathedrale-de-nantes-suspecter-un-rwandais-aux-arrets\/","og_locale":"fr_FR","og_type":"article","og_title":"Incendie cath\u00e9drale de Nantes: le suspect, un rwandais en garde \u00e0 vue! - Actualit\u00e9s congolaises et internationales","og_description":"L\u2019homme interpell\u00e9 apr\u00e8s l\u2019incendie dans la cath\u00e9drale de Nantes le 18 juillet a \u00e9t\u00e9 de nouveau plac\u00e9 en garde \u00e0 vue puis pr\u00e9sent\u00e9 samedi au parquet qui a requis son placement en d\u00e9tention et la piste criminelle est d\u00e9sormais privil\u00e9gi\u00e9e, a annonc\u00e9 le procureur de la R\u00e9publique de cette ville de l\u2019ouest de la France Pierre Senn\u00e8s. \u00ab\u00a0Les premiers r\u00e9sultats communiqu\u00e9s par le laboratoire central de la Pr\u00e9fecture de police de Paris am\u00e8nent \u00e0 privil\u00e9gier la piste criminelle\u00a0\u00bb, a pr\u00e9cis\u00e9 le procureur. L\u2019homme \u00e2g\u00e9 de 39 ans, un ressortissant rwandais&hellip;","og_url":"https:\/\/congovirtuel.com\/information\/incendie-cathedrale-de-nantes-suspecter-un-rwandais-aux-arrets\/","og_site_name":"Actualit\u00e9s congolaises et internationales","article_publisher":"https:\/\/web.facebook.com\/Congovirtuel-763617960319601\/?ref=aymt_homepage_panel&amp%3bamp%3bamp%3bamp%3bamp%3bamp%3bamp%3bamp%3bamp%3bamp%3bamp%3beid=ARCoxULa66767kIgF_KYav6VdjXTI4yk_LW4yoVO9s6NXpysgb7Cb65vpxcxgqzOAKvIbLQxaAETcqHT","article_published_time":"2020-07-26T06:04:26+00:00","article_modified_time":"2020-07-26T06:08:21+00:00","og_image":[{"width":1194,"height":669,"url":"https:\/\/congovirtuel.com\/information\/wp-content\/uploads\/2020\/07\/cathedrale_nante.jpg","type":"image\/jpeg"}],"author":"infocongovirtuel","twitter_card":"summary_large_image","twitter_creator":"@congovirtuel","twitter_site":"@congovirtuel","twitter_misc":{"\u00c9crit par":"infocongovirtuel","Dur\u00e9e de lecture estim\u00e9e":"1 minute"},"schema":{"@context":"https:\/\/schema.org","@graph":[{"@type":"Article","@id":"https:\/\/congovirtuel.com\/information\/incendie-cathedrale-de-nantes-suspecter-un-rwandais-aux-arrets\/#article","isPartOf":{"@id":"https:\/\/congovirtuel.com\/information\/incendie-cathedrale-de-nantes-suspecter-un-rwandais-aux-arrets\/"},"author":{"name":"infocongovirtuel","@id":"https:\/\/congovirtuel.com\/information\/#\/schema\/person\/739a44bf7990966cb53d58d2fdeca0b6"},"headline":"Incendie cath\u00e9drale de Nantes: le suspect, un rwandais en garde \u00e0 vue!","datePublished":"2020-07-26T06:04:26+00:00","dateModified":"2020-07-26T06:08:21+00:00","mainEntityOfPage":{"@id":"https:\/\/congovirtuel.com\/information\/incendie-cathedrale-de-nantes-suspecter-un-rwandais-aux-arrets\/"},"wordCount":292,"commentCount":0,"publisher":{"@id":"https:\/\/congovirtuel.com\/information\/#organization"},"image":{"@id":"https:\/\/congovirtuel.com\/information\/incendie-cathedrale-de-nantes-suspecter-un-rwandais-aux-arrets\/#primaryimage"},"thumbnailUrl":"https:\/\/congovirtuel.com\/information\/wp-content\/uploads\/2020\/07\/cathedrale_nante.jpg","keywords":["Incendie cath\u00e9drale Nantes","servant rwandais suspect incendie Nantes"],"articleSection":["France"],"inLanguage":"fr-FR","potentialAction":[{"@type":"CommentAction","name":"Comment","target":["https:\/\/congovirtuel.com\/information\/incendie-cathedrale-de-nantes-suspecter-un-rwandais-aux-arrets\/#respond"]}]},{"@type":"WebPage","@id":"https:\/\/congovirtuel.com\/information\/incendie-cathedrale-de-nantes-suspecter-un-rwandais-aux-arrets\/","url":"https:\/\/congovirtuel.com\/information\/incendie-cathedrale-de-nantes-suspecter-un-rwandais-aux-arrets\/","name":"Incendie cath\u00e9drale de Nantes: le suspect, un rwandais en garde \u00e0 vue! - Actualit\u00e9s congolaises et internationales","isPartOf":{"@id":"https:\/\/congovirtuel.com\/information\/#website"},"primaryImageOfPage":{"@id":"https:\/\/congovirtuel.com\/information\/incendie-cathedrale-de-nantes-suspecter-un-rwandais-aux-arrets\/#primaryimage"},"image":{"@id":"https:\/\/congovirtuel.com\/information\/incendie-cathedrale-de-nantes-suspecter-un-rwandais-aux-arrets\/#primaryimage"},"thumbnailUrl":"https:\/\/congovirtuel.com\/information\/wp-content\/uploads\/2020\/07\/cathedrale_nante.jpg","datePublished":"2020-07-26T06:04:26+00:00","dateModified":"2020-07-26T06:08:21+00:00","breadcrumb":{"@id":"https:\/\/congovirtuel.com\/information\/incendie-cathedrale-de-nantes-suspecter-un-rwandais-aux-arrets\/#breadcrumb"},"inLanguage":"fr-FR","potentialAction":[{"@type":"ReadAction","target":["https:\/\/congovirtuel.com\/information\/incendie-cathedrale-de-nantes-suspecter-un-rwandais-aux-arrets\/"]}]},{"@type":"ImageObject","inLanguage":"fr-FR","@id":"https:\/\/congovirtuel.com\/information\/incendie-cathedrale-de-nantes-suspecter-un-rwandais-aux-arrets\/#primaryimage","url":"https:\/\/congovirtuel.com\/information\/wp-content\/uploads\/2020\/07\/cathedrale_nante.jpg","contentUrl":"https:\/\/congovirtuel.com\/information\/wp-content\/uploads\/2020\/07\/cathedrale_nante.jpg","width":1194,"height":669,"caption":"cath\u00e9drale de Nantes"},{"@type":"BreadcrumbList","@id":"https:\/\/congovirtuel.com\/information\/incendie-cathedrale-de-nantes-suspecter-un-rwandais-aux-arrets\/#breadcrumb","itemListElement":[{"@type":"ListItem","position":1,"name":"Accueil","item":"https:\/\/congovirtuel.com\/information\/"},{"@type":"ListItem","position":2,"name":"Incendie cath\u00e9drale de Nantes: le suspect, un rwandais en garde \u00e0 vue!"}]},{"@type":"WebSite","@id":"https:\/\/congovirtuel.com\/information\/#website","url":"https:\/\/congovirtuel.com\/information\/","name":"Actualit\u00e9s congolaises et internationales","description":"site d&#039;analyse et de traitement d&#039;information","publisher":{"@id":"https:\/\/congovirtuel.com\/information\/#organization"},"potentialAction":[{"@type":"SearchAction","target":{"@type":"EntryPoint","urlTemplate":"https:\/\/congovirtuel.com\/information\/?s={search_term_string}"},"query-input":{"@type":"PropertyValueSpecification","valueRequired":true,"valueName":"search_term_string"}}],"inLanguage":"fr-FR"},{"@type":"Organization","@id":"https:\/\/congovirtuel.com\/information\/#organization","name":"Biblioth\u00e8que Virtuelle de la RDC","url":"https:\/\/congovirtuel.com\/information\/","logo":{"@type":"ImageObject","inLanguage":"fr-FR","@id":"https:\/\/congovirtuel.com\/information\/#\/schema\/logo\/image\/","url":"https:\/\/congovirtuel.com\/information\/wp-content\/uploads\/2018\/10\/header-info-congovirtuel-vraie.jpg","contentUrl":"https:\/\/congovirtuel.com\/information\/wp-content\/uploads\/2018\/10\/header-info-congovirtuel-vraie.jpg","width":728,"height":90,"caption":"Biblioth\u00e8que Virtuelle de la RDC"},"image":{"@id":"https:\/\/congovirtuel.com\/information\/#\/schema\/logo\/image\/"},"sameAs":["https:\/\/web.facebook.com\/Congovirtuel-763617960319601\/?ref=aymt_homepage_panel&amp;amp;amp;amp;amp;amp;amp;amp;amp;amp;amp;eid=ARCoxULa66767kIgF_KYav6VdjXTI4yk_LW4yoVO9s6NXpysgb7Cb65vpxcxgqzOAKvIbLQxaAETcqHT","https:\/\/x.com\/congovirtuel","https:\/\/www.youtube.com\/channel\/UCkFfprYzGgS3EWNpeMXpToQ?view_as=subscriber"]},{"@type":"Person","@id":"https:\/\/congovirtuel.com\/information\/#\/schema\/person\/739a44bf7990966cb53d58d2fdeca0b6","name":"infocongovirtuel","image":{"@type":"ImageObject","inLanguage":"fr-FR","@id":"https:\/\/secure.gravatar.com\/avatar\/4d76991aa72469f0eb22e772586c99113c6997f88da636a9db8f2ce3a2c05e69?s=96&d=mm&r=g","url":"https:\/\/secure.gravatar.com\/avatar\/4d76991aa72469f0eb22e772586c99113c6997f88da636a9db8f2ce3a2c05e69?s=96&d=mm&r=g","contentUrl":"https:\/\/secure.gravatar.com\/avatar\/4d76991aa72469f0eb22e772586c99113c6997f88da636a9db8f2ce3a2c05e69?s=96&d=mm&r=g","caption":"infocongovirtuel"},"url":"https:\/\/congovirtuel.com\/information\/author\/infocongovirtuel\/"}]}},"gt_translate_keys":[{"key":"link","format":"url"}],"_links":{"self":[{"href":"https:\/\/congovirtuel.com\/information\/wp-json\/wp\/v2\/posts\/2476","targetHints":{"allow":["GET"]}}],"collection":[{"href":"https:\/\/congovirtuel.com\/information\/wp-json\/wp\/v2\/posts"}],"about":[{"href":"https:\/\/congovirtuel.com\/information\/wp-json\/wp\/v2\/types\/post"}],"author":[{"embeddable":true,"href":"https:\/\/congovirtuel.com\/information\/wp-json\/wp\/v2\/users\/1"}],"replies":[{"embeddable":true,"href":"https:\/\/congovirtuel.com\/information\/wp-json\/wp\/v2\/comments?post=2476"}],"version-history":[{"count":3,"href":"https:\/\/congovirtuel.com\/information\/wp-json\/wp\/v2\/posts\/2476\/revisions"}],"predecessor-version":[{"id":2481,"href":"https:\/\/congovirtuel.com\/information\/wp-json\/wp\/v2\/posts\/2476\/revisions\/2481"}],"wp:featuredmedia":[{"embeddable":true,"href":"https:\/\/congovirtuel.com\/information\/wp-json\/wp\/v2\/media\/2477"}],"wp:attachment":[{"href":"https:\/\/congovirtuel.com\/information\/wp-json\/wp\/v2\/media?parent=2476"}],"wp:term":[{"taxonomy":"category","embeddable":true,"href":"https:\/\/congovirtuel.com\/information\/wp-json\/wp\/v2\/categories?post=2476"},{"taxonomy":"post_tag","embeddable":true,"href":"https:\/\/congovirtuel.com\/information\/wp-json\/wp\/v2\/tags?post=2476"}],"curies":[{"name":"wp","href":"https:\/\/api.w.org\/{rel}","templated":true}]}}