{"id":252,"date":"2019-10-08T07:23:12","date_gmt":"2019-10-08T06:23:12","guid":{"rendered":"https:\/\/congovirtuel.com\/information\/?p=252"},"modified":"2019-10-08T07:23:14","modified_gmt":"2019-10-08T06:23:14","slug":"f-tshisekedi-pret-a-mourir-pour-la-paix-dans-lest-de-la-rdc","status":"publish","type":"post","link":"https:\/\/congovirtuel.com\/information\/f-tshisekedi-pret-a-mourir-pour-la-paix-dans-lest-de-la-rdc\/","title":{"rendered":"F. Tshisekedi \u00ab\u00a0pr\u00eat \u00e0 mourir\u00a0\u00bb pour la paix dans l&rsquo;est de la RDC","gt_translate_keys":[{"key":"rendered","format":"text"}]},"content":{"rendered":"\n<p class=\"wp-block-paragraph\">Le pr\u00e9sident de la R\u00e9publique d\u00e9mocratique du Congo F\u00e9lix Tshisekedi a d\u00e9clar\u00e9 lundi qu&rsquo;il \u00e9tait \u00ab\u00a0pr\u00eat \u00e0 mourir\u00a0\u00bb pour la paix dans l&rsquo;est de son pays, en proie \u00e0 l&rsquo;ins\u00e9curit\u00e9 des groupes arm\u00e9s depuis 25 ans.<\/p>\n\n\n\n<script async src=\"\/\/pagead2.googlesyndication.com\/pagead\/js\/adsbygoogle.js\"><\/script>\n<!-- code responsive -->\n<ins class=\"adsbygoogle\"\n     style=\"display:block\"\n     data-ad-client=\"ca-pub-2119363214666215\"\n     data-ad-slot=\"1973679082\"\n     data-ad-format=\"auto\"><\/ins>\n<script>\n(adsbygoogle = window.adsbygoogle || []).push({});\n<\/script>   \n          \n\n\n\n<p class=\"wp-block-paragraph\">\u00ab\u00a0Notre combat sera celui de vous apporter la paix, une paix d\u00e9finitive, une paix n\u00e9cessaire pour la stabilit\u00e9 de notre pays\u00a0\u00bb, a d\u00e9clar\u00e9 le chef de l&rsquo;Etat congolais lors d&rsquo;un rassemblement public \u00e0 Bukavu dans le Sud-Kivu<\/p>\n\n\n\n<p class=\"wp-block-paragraph\">\u00ab\u00a0Et cette paix, croyez-moi, je suis pr\u00eat \u00e0 mourir pour qu&rsquo;elle soit une r\u00e9alit\u00e9\u00a0\u00bb, a-t-il ajout\u00e9.<\/p>\n\n\n\n<p class=\"wp-block-paragraph\">De retour d&rsquo;un s\u00e9jour de pr\u00e8s de trois semaines \u00e0 l&rsquo;\u00e9tranger, le chef de l&rsquo;Etat doit inaugurer mardi un laboratoire de transformation des produits agricole pr\u00e8s de Bukavu.<\/p>\n\n\n\n<p class=\"wp-block-paragraph\">Lors de sa campagne il y a un peu moins d&rsquo;un an, il avait promis d&rsquo;installer l&rsquo;\u00e9tat-major de l&rsquo;arm\u00e9e dans l&rsquo;est de la RDC, o\u00f9 des dizaines de groupes arm\u00e9s sont encore actifs.<\/p>\n\n\n\n<p class=\"wp-block-paragraph\">VOA and AFP<\/p>\n","protected":false,"gt_translate_keys":[{"key":"rendered","format":"html"}]},"excerpt":{"rendered":"<p>Le pr\u00e9sident de la R\u00e9publique d\u00e9mocratique du Congo F\u00e9lix Tshisekedi a d\u00e9clar\u00e9 lundi qu&rsquo;il \u00e9tait \u00ab\u00a0pr\u00eat \u00e0 mourir\u00a0\u00bb pour la paix dans l&rsquo;est de son pays, en proie \u00e0 l&rsquo;ins\u00e9curit\u00e9 des groupes arm\u00e9s depuis 25 ans. \u00ab\u00a0Notre combat sera celui de vous apporter la paix, une paix d\u00e9finitive, une paix n\u00e9cessaire pour la stabilit\u00e9 de notre pays\u00a0\u00bb, a d\u00e9clar\u00e9 le chef de l&rsquo;Etat congolais lors d&rsquo;un rassemblement public \u00e0 Bukavu dans le Sud-Kivu \u00ab\u00a0Et cette paix, croyez-moi, je suis pr\u00eat \u00e0 mourir pour qu&rsquo;elle soit une r\u00e9alit\u00e9\u00a0\u00bb, a-t-il ajout\u00e9. De&hellip;<\/p>\n","protected":false,"gt_translate_keys":[{"key":"rendered","format":"html"}]},"author":1,"featured_media":253,"comment_status":"open","ping_status":"open","sticky":false,"template":"","format":"standard","meta":{"_crdt_document":"","footnotes":""},"categories":[7],"tags":[],"class_list":["post-252","post","type-post","status-publish","format-standard","has-post-thumbnail","hentry","category-securite"],"gutentor_comment":0,"yoast_head":"<!-- This site is optimized with the Yoast SEO plugin v27.5 - https:\/\/yoast.com\/product\/yoast-seo-wordpress\/ -->\n<title>F. Tshisekedi &quot;pr\u00eat \u00e0 mourir&quot; pour la paix dans l&#039;est de la RDC - Actualit\u00e9s congolaises et internationales<\/title>\n<meta name=\"robots\" content=\"index, follow, max-snippet:-1, max-image-preview:large, max-video-preview:-1\" \/>\n<link rel=\"canonical\" href=\"https:\/\/congovirtuel.com\/information\/f-tshisekedi-pret-a-mourir-pour-la-paix-dans-lest-de-la-rdc\/\" \/>\n<meta property=\"og:locale\" content=\"fr_FR\" \/>\n<meta property=\"og:type\" content=\"article\" \/>\n<meta property=\"og:title\" content=\"F. Tshisekedi &quot;pr\u00eat \u00e0 mourir&quot; pour la paix dans l&#039;est de la RDC - Actualit\u00e9s congolaises et internationales\" \/>\n<meta property=\"og:description\" content=\"Le pr\u00e9sident de la R\u00e9publique d\u00e9mocratique du Congo F\u00e9lix Tshisekedi a d\u00e9clar\u00e9 lundi qu&rsquo;il \u00e9tait \u00ab\u00a0pr\u00eat \u00e0 mourir\u00a0\u00bb pour la paix dans l&rsquo;est de son pays, en proie \u00e0 l&rsquo;ins\u00e9curit\u00e9 des groupes arm\u00e9s depuis 25 ans. \u00ab\u00a0Notre combat sera celui de vous apporter la paix, une paix d\u00e9finitive, une paix n\u00e9cessaire pour la stabilit\u00e9 de notre pays\u00a0\u00bb, a d\u00e9clar\u00e9 le chef de l&rsquo;Etat congolais lors d&rsquo;un rassemblement public \u00e0 Bukavu dans le Sud-Kivu \u00ab\u00a0Et cette paix, croyez-moi, je suis pr\u00eat \u00e0 mourir pour qu&rsquo;elle soit une r\u00e9alit\u00e9\u00a0\u00bb, a-t-il ajout\u00e9. De&hellip;\" \/>\n<meta property=\"og:url\" content=\"https:\/\/congovirtuel.com\/information\/f-tshisekedi-pret-a-mourir-pour-la-paix-dans-lest-de-la-rdc\/\" \/>\n<meta property=\"og:site_name\" content=\"Actualit\u00e9s congolaises et internationales\" \/>\n<meta property=\"article:publisher\" content=\"https:\/\/web.facebook.com\/Congovirtuel-763617960319601\/?ref=aymt_homepage_panel&amp;amp%3bamp%3bamp%3bamp%3bamp%3bamp%3bamp%3bamp%3bamp%3bamp%3bamp%3beid=ARCoxULa66767kIgF_KYav6VdjXTI4yk_LW4yoVO9s6NXpysgb7Cb65vpxcxgqzOAKvIbLQxaAETcqHT\" \/>\n<meta property=\"article:published_time\" content=\"2019-10-08T06:23:12+00:00\" \/>\n<meta property=\"article:modified_time\" content=\"2019-10-08T06:23:14+00:00\" \/>\n<meta property=\"og:image\" content=\"https:\/\/congovirtuel.com\/information\/wp-content\/uploads\/2019\/10\/felix_tshisekedi_bukavu.jpg\" \/>\n\t<meta property=\"og:image:width\" content=\"960\" \/>\n\t<meta property=\"og:image:height\" content=\"540\" \/>\n\t<meta property=\"og:image:type\" content=\"image\/jpeg\" \/>\n<meta name=\"author\" content=\"infocongovirtuel\" \/>\n<meta name=\"twitter:card\" content=\"summary_large_image\" \/>\n<meta name=\"twitter:creator\" content=\"@congovirtuel\" \/>\n<meta name=\"twitter:site\" content=\"@congovirtuel\" \/>\n<meta name=\"twitter:label1\" content=\"\u00c9crit par\" \/>\n\t<meta name=\"twitter:data1\" content=\"infocongovirtuel\" \/>\n\t<meta name=\"twitter:label2\" content=\"Dur\u00e9e de lecture estim\u00e9e\" \/>\n\t<meta name=\"twitter:data2\" content=\"1 minute\" \/>\n<script type=\"application\/ld+json\" class=\"yoast-schema-graph\">{\"@context\":\"https:\\\/\\\/schema.org\",\"@graph\":[{\"@type\":\"Article\",\"@id\":\"https:\\\/\\\/congovirtuel.com\\\/information\\\/f-tshisekedi-pret-a-mourir-pour-la-paix-dans-lest-de-la-rdc\\\/#article\",\"isPartOf\":{\"@id\":\"https:\\\/\\\/congovirtuel.com\\\/information\\\/f-tshisekedi-pret-a-mourir-pour-la-paix-dans-lest-de-la-rdc\\\/\"},\"author\":{\"name\":\"infocongovirtuel\",\"@id\":\"https:\\\/\\\/congovirtuel.com\\\/information\\\/#\\\/schema\\\/person\\\/739a44bf7990966cb53d58d2fdeca0b6\"},\"headline\":\"F. Tshisekedi \u00ab\u00a0pr\u00eat \u00e0 mourir\u00a0\u00bb pour la paix dans l&rsquo;est de la RDC\",\"datePublished\":\"2019-10-08T06:23:12+00:00\",\"dateModified\":\"2019-10-08T06:23:14+00:00\",\"mainEntityOfPage\":{\"@id\":\"https:\\\/\\\/congovirtuel.com\\\/information\\\/f-tshisekedi-pret-a-mourir-pour-la-paix-dans-lest-de-la-rdc\\\/\"},\"wordCount\":193,\"commentCount\":0,\"publisher\":{\"@id\":\"https:\\\/\\\/congovirtuel.com\\\/information\\\/#organization\"},\"image\":{\"@id\":\"https:\\\/\\\/congovirtuel.com\\\/information\\\/f-tshisekedi-pret-a-mourir-pour-la-paix-dans-lest-de-la-rdc\\\/#primaryimage\"},\"thumbnailUrl\":\"https:\\\/\\\/congovirtuel.com\\\/information\\\/wp-content\\\/uploads\\\/2019\\\/10\\\/felix_tshisekedi_bukavu.jpg\",\"articleSection\":[\"Securit\u00e9\"],\"inLanguage\":\"fr-FR\",\"potentialAction\":[{\"@type\":\"CommentAction\",\"name\":\"Comment\",\"target\":[\"https:\\\/\\\/congovirtuel.com\\\/information\\\/f-tshisekedi-pret-a-mourir-pour-la-paix-dans-lest-de-la-rdc\\\/#respond\"]}]},{\"@type\":\"WebPage\",\"@id\":\"https:\\\/\\\/congovirtuel.com\\\/information\\\/f-tshisekedi-pret-a-mourir-pour-la-paix-dans-lest-de-la-rdc\\\/\",\"url\":\"https:\\\/\\\/congovirtuel.com\\\/information\\\/f-tshisekedi-pret-a-mourir-pour-la-paix-dans-lest-de-la-rdc\\\/\",\"name\":\"F. Tshisekedi \\\"pr\u00eat \u00e0 mourir\\\" pour la paix dans l'est de la RDC - Actualit\u00e9s congolaises et internationales\",\"isPartOf\":{\"@id\":\"https:\\\/\\\/congovirtuel.com\\\/information\\\/#website\"},\"primaryImageOfPage\":{\"@id\":\"https:\\\/\\\/congovirtuel.com\\\/information\\\/f-tshisekedi-pret-a-mourir-pour-la-paix-dans-lest-de-la-rdc\\\/#primaryimage\"},\"image\":{\"@id\":\"https:\\\/\\\/congovirtuel.com\\\/information\\\/f-tshisekedi-pret-a-mourir-pour-la-paix-dans-lest-de-la-rdc\\\/#primaryimage\"},\"thumbnailUrl\":\"https:\\\/\\\/congovirtuel.com\\\/information\\\/wp-content\\\/uploads\\\/2019\\\/10\\\/felix_tshisekedi_bukavu.jpg\",\"datePublished\":\"2019-10-08T06:23:12+00:00\",\"dateModified\":\"2019-10-08T06:23:14+00:00\",\"breadcrumb\":{\"@id\":\"https:\\\/\\\/congovirtuel.com\\\/information\\\/f-tshisekedi-pret-a-mourir-pour-la-paix-dans-lest-de-la-rdc\\\/#breadcrumb\"},\"inLanguage\":\"fr-FR\",\"potentialAction\":[{\"@type\":\"ReadAction\",\"target\":[\"https:\\\/\\\/congovirtuel.com\\\/information\\\/f-tshisekedi-pret-a-mourir-pour-la-paix-dans-lest-de-la-rdc\\\/\"]}]},{\"@type\":\"ImageObject\",\"inLanguage\":\"fr-FR\",\"@id\":\"https:\\\/\\\/congovirtuel.com\\\/information\\\/f-tshisekedi-pret-a-mourir-pour-la-paix-dans-lest-de-la-rdc\\\/#primaryimage\",\"url\":\"https:\\\/\\\/congovirtuel.com\\\/information\\\/wp-content\\\/uploads\\\/2019\\\/10\\\/felix_tshisekedi_bukavu.jpg\",\"contentUrl\":\"https:\\\/\\\/congovirtuel.com\\\/information\\\/wp-content\\\/uploads\\\/2019\\\/10\\\/felix_tshisekedi_bukavu.jpg\",\"width\":960,\"height\":540},{\"@type\":\"BreadcrumbList\",\"@id\":\"https:\\\/\\\/congovirtuel.com\\\/information\\\/f-tshisekedi-pret-a-mourir-pour-la-paix-dans-lest-de-la-rdc\\\/#breadcrumb\",\"itemListElement\":[{\"@type\":\"ListItem\",\"position\":1,\"name\":\"Accueil\",\"item\":\"https:\\\/\\\/congovirtuel.com\\\/information\\\/\"},{\"@type\":\"ListItem\",\"position\":2,\"name\":\"F. Tshisekedi \u00ab\u00a0pr\u00eat \u00e0 mourir\u00a0\u00bb pour la paix dans l&rsquo;est de la RDC\"}]},{\"@type\":\"WebSite\",\"@id\":\"https:\\\/\\\/congovirtuel.com\\\/information\\\/#website\",\"url\":\"https:\\\/\\\/congovirtuel.com\\\/information\\\/\",\"name\":\"Actualit\u00e9s congolaises et internationales\",\"description\":\"site d&#039;analyse et de traitement d&#039;information\",\"publisher\":{\"@id\":\"https:\\\/\\\/congovirtuel.com\\\/information\\\/#organization\"},\"potentialAction\":[{\"@type\":\"SearchAction\",\"target\":{\"@type\":\"EntryPoint\",\"urlTemplate\":\"https:\\\/\\\/congovirtuel.com\\\/information\\\/?s={search_term_string}\"},\"query-input\":{\"@type\":\"PropertyValueSpecification\",\"valueRequired\":true,\"valueName\":\"search_term_string\"}}],\"inLanguage\":\"fr-FR\"},{\"@type\":\"Organization\",\"@id\":\"https:\\\/\\\/congovirtuel.com\\\/information\\\/#organization\",\"name\":\"Biblioth\u00e8que Virtuelle de la RDC\",\"url\":\"https:\\\/\\\/congovirtuel.com\\\/information\\\/\",\"logo\":{\"@type\":\"ImageObject\",\"inLanguage\":\"fr-FR\",\"@id\":\"https:\\\/\\\/congovirtuel.com\\\/information\\\/#\\\/schema\\\/logo\\\/image\\\/\",\"url\":\"https:\\\/\\\/congovirtuel.com\\\/information\\\/wp-content\\\/uploads\\\/2018\\\/10\\\/header-info-congovirtuel-vraie.jpg\",\"contentUrl\":\"https:\\\/\\\/congovirtuel.com\\\/information\\\/wp-content\\\/uploads\\\/2018\\\/10\\\/header-info-congovirtuel-vraie.jpg\",\"width\":728,\"height\":90,\"caption\":\"Biblioth\u00e8que Virtuelle de la RDC\"},\"image\":{\"@id\":\"https:\\\/\\\/congovirtuel.com\\\/information\\\/#\\\/schema\\\/logo\\\/image\\\/\"},\"sameAs\":[\"https:\\\/\\\/web.facebook.com\\\/Congovirtuel-763617960319601\\\/?ref=aymt_homepage_panel&amp;amp;amp;amp;amp;amp;amp;amp;amp;amp;amp;eid=ARCoxULa66767kIgF_KYav6VdjXTI4yk_LW4yoVO9s6NXpysgb7Cb65vpxcxgqzOAKvIbLQxaAETcqHT\",\"https:\\\/\\\/x.com\\\/congovirtuel\",\"https:\\\/\\\/www.youtube.com\\\/channel\\\/UCkFfprYzGgS3EWNpeMXpToQ?view_as=subscriber\"]},{\"@type\":\"Person\",\"@id\":\"https:\\\/\\\/congovirtuel.com\\\/information\\\/#\\\/schema\\\/person\\\/739a44bf7990966cb53d58d2fdeca0b6\",\"name\":\"infocongovirtuel\",\"image\":{\"@type\":\"ImageObject\",\"inLanguage\":\"fr-FR\",\"@id\":\"https:\\\/\\\/secure.gravatar.com\\\/avatar\\\/4d76991aa72469f0eb22e772586c99113c6997f88da636a9db8f2ce3a2c05e69?s=96&d=mm&r=g\",\"url\":\"https:\\\/\\\/secure.gravatar.com\\\/avatar\\\/4d76991aa72469f0eb22e772586c99113c6997f88da636a9db8f2ce3a2c05e69?s=96&d=mm&r=g\",\"contentUrl\":\"https:\\\/\\\/secure.gravatar.com\\\/avatar\\\/4d76991aa72469f0eb22e772586c99113c6997f88da636a9db8f2ce3a2c05e69?s=96&d=mm&r=g\",\"caption\":\"infocongovirtuel\"},\"url\":\"https:\\\/\\\/congovirtuel.com\\\/information\\\/author\\\/infocongovirtuel\\\/\"}]}<\/script>\n<!-- \/ Yoast SEO plugin. -->","yoast_head_json":{"title":"F. Tshisekedi \"pr\u00eat \u00e0 mourir\" pour la paix dans l'est de la RDC - Actualit\u00e9s congolaises et internationales","robots":{"index":"index","follow":"follow","max-snippet":"max-snippet:-1","max-image-preview":"max-image-preview:large","max-video-preview":"max-video-preview:-1"},"canonical":"https:\/\/congovirtuel.com\/information\/f-tshisekedi-pret-a-mourir-pour-la-paix-dans-lest-de-la-rdc\/","og_locale":"fr_FR","og_type":"article","og_title":"F. Tshisekedi \"pr\u00eat \u00e0 mourir\" pour la paix dans l'est de la RDC - Actualit\u00e9s congolaises et internationales","og_description":"Le pr\u00e9sident de la R\u00e9publique d\u00e9mocratique du Congo F\u00e9lix Tshisekedi a d\u00e9clar\u00e9 lundi qu&rsquo;il \u00e9tait \u00ab\u00a0pr\u00eat \u00e0 mourir\u00a0\u00bb pour la paix dans l&rsquo;est de son pays, en proie \u00e0 l&rsquo;ins\u00e9curit\u00e9 des groupes arm\u00e9s depuis 25 ans. \u00ab\u00a0Notre combat sera celui de vous apporter la paix, une paix d\u00e9finitive, une paix n\u00e9cessaire pour la stabilit\u00e9 de notre pays\u00a0\u00bb, a d\u00e9clar\u00e9 le chef de l&rsquo;Etat congolais lors d&rsquo;un rassemblement public \u00e0 Bukavu dans le Sud-Kivu \u00ab\u00a0Et cette paix, croyez-moi, je suis pr\u00eat \u00e0 mourir pour qu&rsquo;elle soit une r\u00e9alit\u00e9\u00a0\u00bb, a-t-il ajout\u00e9. De&hellip;","og_url":"https:\/\/congovirtuel.com\/information\/f-tshisekedi-pret-a-mourir-pour-la-paix-dans-lest-de-la-rdc\/","og_site_name":"Actualit\u00e9s congolaises et internationales","article_publisher":"https:\/\/web.facebook.com\/Congovirtuel-763617960319601\/?ref=aymt_homepage_panel&amp%3bamp%3bamp%3bamp%3bamp%3bamp%3bamp%3bamp%3bamp%3bamp%3bamp%3beid=ARCoxULa66767kIgF_KYav6VdjXTI4yk_LW4yoVO9s6NXpysgb7Cb65vpxcxgqzOAKvIbLQxaAETcqHT","article_published_time":"2019-10-08T06:23:12+00:00","article_modified_time":"2019-10-08T06:23:14+00:00","og_image":[{"width":960,"height":540,"url":"https:\/\/congovirtuel.com\/information\/wp-content\/uploads\/2019\/10\/felix_tshisekedi_bukavu.jpg","type":"image\/jpeg"}],"author":"infocongovirtuel","twitter_card":"summary_large_image","twitter_creator":"@congovirtuel","twitter_site":"@congovirtuel","twitter_misc":{"\u00c9crit par":"infocongovirtuel","Dur\u00e9e de lecture estim\u00e9e":"1 minute"},"schema":{"@context":"https:\/\/schema.org","@graph":[{"@type":"Article","@id":"https:\/\/congovirtuel.com\/information\/f-tshisekedi-pret-a-mourir-pour-la-paix-dans-lest-de-la-rdc\/#article","isPartOf":{"@id":"https:\/\/congovirtuel.com\/information\/f-tshisekedi-pret-a-mourir-pour-la-paix-dans-lest-de-la-rdc\/"},"author":{"name":"infocongovirtuel","@id":"https:\/\/congovirtuel.com\/information\/#\/schema\/person\/739a44bf7990966cb53d58d2fdeca0b6"},"headline":"F. Tshisekedi \u00ab\u00a0pr\u00eat \u00e0 mourir\u00a0\u00bb pour la paix dans l&rsquo;est de la RDC","datePublished":"2019-10-08T06:23:12+00:00","dateModified":"2019-10-08T06:23:14+00:00","mainEntityOfPage":{"@id":"https:\/\/congovirtuel.com\/information\/f-tshisekedi-pret-a-mourir-pour-la-paix-dans-lest-de-la-rdc\/"},"wordCount":193,"commentCount":0,"publisher":{"@id":"https:\/\/congovirtuel.com\/information\/#organization"},"image":{"@id":"https:\/\/congovirtuel.com\/information\/f-tshisekedi-pret-a-mourir-pour-la-paix-dans-lest-de-la-rdc\/#primaryimage"},"thumbnailUrl":"https:\/\/congovirtuel.com\/information\/wp-content\/uploads\/2019\/10\/felix_tshisekedi_bukavu.jpg","articleSection":["Securit\u00e9"],"inLanguage":"fr-FR","potentialAction":[{"@type":"CommentAction","name":"Comment","target":["https:\/\/congovirtuel.com\/information\/f-tshisekedi-pret-a-mourir-pour-la-paix-dans-lest-de-la-rdc\/#respond"]}]},{"@type":"WebPage","@id":"https:\/\/congovirtuel.com\/information\/f-tshisekedi-pret-a-mourir-pour-la-paix-dans-lest-de-la-rdc\/","url":"https:\/\/congovirtuel.com\/information\/f-tshisekedi-pret-a-mourir-pour-la-paix-dans-lest-de-la-rdc\/","name":"F. Tshisekedi \"pr\u00eat \u00e0 mourir\" pour la paix dans l'est de la RDC - Actualit\u00e9s congolaises et internationales","isPartOf":{"@id":"https:\/\/congovirtuel.com\/information\/#website"},"primaryImageOfPage":{"@id":"https:\/\/congovirtuel.com\/information\/f-tshisekedi-pret-a-mourir-pour-la-paix-dans-lest-de-la-rdc\/#primaryimage"},"image":{"@id":"https:\/\/congovirtuel.com\/information\/f-tshisekedi-pret-a-mourir-pour-la-paix-dans-lest-de-la-rdc\/#primaryimage"},"thumbnailUrl":"https:\/\/congovirtuel.com\/information\/wp-content\/uploads\/2019\/10\/felix_tshisekedi_bukavu.jpg","datePublished":"2019-10-08T06:23:12+00:00","dateModified":"2019-10-08T06:23:14+00:00","breadcrumb":{"@id":"https:\/\/congovirtuel.com\/information\/f-tshisekedi-pret-a-mourir-pour-la-paix-dans-lest-de-la-rdc\/#breadcrumb"},"inLanguage":"fr-FR","potentialAction":[{"@type":"ReadAction","target":["https:\/\/congovirtuel.com\/information\/f-tshisekedi-pret-a-mourir-pour-la-paix-dans-lest-de-la-rdc\/"]}]},{"@type":"ImageObject","inLanguage":"fr-FR","@id":"https:\/\/congovirtuel.com\/information\/f-tshisekedi-pret-a-mourir-pour-la-paix-dans-lest-de-la-rdc\/#primaryimage","url":"https:\/\/congovirtuel.com\/information\/wp-content\/uploads\/2019\/10\/felix_tshisekedi_bukavu.jpg","contentUrl":"https:\/\/congovirtuel.com\/information\/wp-content\/uploads\/2019\/10\/felix_tshisekedi_bukavu.jpg","width":960,"height":540},{"@type":"BreadcrumbList","@id":"https:\/\/congovirtuel.com\/information\/f-tshisekedi-pret-a-mourir-pour-la-paix-dans-lest-de-la-rdc\/#breadcrumb","itemListElement":[{"@type":"ListItem","position":1,"name":"Accueil","item":"https:\/\/congovirtuel.com\/information\/"},{"@type":"ListItem","position":2,"name":"F. Tshisekedi \u00ab\u00a0pr\u00eat \u00e0 mourir\u00a0\u00bb pour la paix dans l&rsquo;est de la RDC"}]},{"@type":"WebSite","@id":"https:\/\/congovirtuel.com\/information\/#website","url":"https:\/\/congovirtuel.com\/information\/","name":"Actualit\u00e9s congolaises et internationales","description":"site d&#039;analyse et de traitement d&#039;information","publisher":{"@id":"https:\/\/congovirtuel.com\/information\/#organization"},"potentialAction":[{"@type":"SearchAction","target":{"@type":"EntryPoint","urlTemplate":"https:\/\/congovirtuel.com\/information\/?s={search_term_string}"},"query-input":{"@type":"PropertyValueSpecification","valueRequired":true,"valueName":"search_term_string"}}],"inLanguage":"fr-FR"},{"@type":"Organization","@id":"https:\/\/congovirtuel.com\/information\/#organization","name":"Biblioth\u00e8que Virtuelle de la RDC","url":"https:\/\/congovirtuel.com\/information\/","logo":{"@type":"ImageObject","inLanguage":"fr-FR","@id":"https:\/\/congovirtuel.com\/information\/#\/schema\/logo\/image\/","url":"https:\/\/congovirtuel.com\/information\/wp-content\/uploads\/2018\/10\/header-info-congovirtuel-vraie.jpg","contentUrl":"https:\/\/congovirtuel.com\/information\/wp-content\/uploads\/2018\/10\/header-info-congovirtuel-vraie.jpg","width":728,"height":90,"caption":"Biblioth\u00e8que Virtuelle de la RDC"},"image":{"@id":"https:\/\/congovirtuel.com\/information\/#\/schema\/logo\/image\/"},"sameAs":["https:\/\/web.facebook.com\/Congovirtuel-763617960319601\/?ref=aymt_homepage_panel&amp;amp;amp;amp;amp;amp;amp;amp;amp;amp;amp;eid=ARCoxULa66767kIgF_KYav6VdjXTI4yk_LW4yoVO9s6NXpysgb7Cb65vpxcxgqzOAKvIbLQxaAETcqHT","https:\/\/x.com\/congovirtuel","https:\/\/www.youtube.com\/channel\/UCkFfprYzGgS3EWNpeMXpToQ?view_as=subscriber"]},{"@type":"Person","@id":"https:\/\/congovirtuel.com\/information\/#\/schema\/person\/739a44bf7990966cb53d58d2fdeca0b6","name":"infocongovirtuel","image":{"@type":"ImageObject","inLanguage":"fr-FR","@id":"https:\/\/secure.gravatar.com\/avatar\/4d76991aa72469f0eb22e772586c99113c6997f88da636a9db8f2ce3a2c05e69?s=96&d=mm&r=g","url":"https:\/\/secure.gravatar.com\/avatar\/4d76991aa72469f0eb22e772586c99113c6997f88da636a9db8f2ce3a2c05e69?s=96&d=mm&r=g","contentUrl":"https:\/\/secure.gravatar.com\/avatar\/4d76991aa72469f0eb22e772586c99113c6997f88da636a9db8f2ce3a2c05e69?s=96&d=mm&r=g","caption":"infocongovirtuel"},"url":"https:\/\/congovirtuel.com\/information\/author\/infocongovirtuel\/"}]}},"gt_translate_keys":[{"key":"link","format":"url"}],"_links":{"self":[{"href":"https:\/\/congovirtuel.com\/information\/wp-json\/wp\/v2\/posts\/252","targetHints":{"allow":["GET"]}}],"collection":[{"href":"https:\/\/congovirtuel.com\/information\/wp-json\/wp\/v2\/posts"}],"about":[{"href":"https:\/\/congovirtuel.com\/information\/wp-json\/wp\/v2\/types\/post"}],"author":[{"embeddable":true,"href":"https:\/\/congovirtuel.com\/information\/wp-json\/wp\/v2\/users\/1"}],"replies":[{"embeddable":true,"href":"https:\/\/congovirtuel.com\/information\/wp-json\/wp\/v2\/comments?post=252"}],"version-history":[{"count":1,"href":"https:\/\/congovirtuel.com\/information\/wp-json\/wp\/v2\/posts\/252\/revisions"}],"predecessor-version":[{"id":254,"href":"https:\/\/congovirtuel.com\/information\/wp-json\/wp\/v2\/posts\/252\/revisions\/254"}],"wp:featuredmedia":[{"embeddable":true,"href":"https:\/\/congovirtuel.com\/information\/wp-json\/wp\/v2\/media\/253"}],"wp:attachment":[{"href":"https:\/\/congovirtuel.com\/information\/wp-json\/wp\/v2\/media?parent=252"}],"wp:term":[{"taxonomy":"category","embeddable":true,"href":"https:\/\/congovirtuel.com\/information\/wp-json\/wp\/v2\/categories?post=252"},{"taxonomy":"post_tag","embeddable":true,"href":"https:\/\/congovirtuel.com\/information\/wp-json\/wp\/v2\/tags?post=252"}],"curies":[{"name":"wp","href":"https:\/\/api.w.org\/{rel}","templated":true}]}}